{"id":13521,"date":"2026-09-02T13:49:16","date_gmt":"2026-09-02T11:49:16","guid":{"rendered":"https:\/\/www.pogotowieflagowe.pl\/aktualne\/andrzej-poczobut-spotyka-sie-z-papiezem-leonem-xiv\/"},"modified":"2026-09-02T13:49:18","modified_gmt":"2026-09-02T11:49:18","slug":"andrzej-poczobut-spotyka-sie-z-papiezem-leonem-xiv","status":"publish","type":"post","link":"https:\/\/www.pogotowieflagowe.pl\/aktualne\/andrzej-poczobut-spotyka-sie-z-papiezem-leonem-xiv\/","title":{"rendered":"Andrzej Poczobut spotyka si\u0119 z papie\u017cem Leonem XIV"},"content":{"rendered":"<div>\n<p class=\"wp-block-paragraph\">Andrzej Poczobut, dziennikarz i dzia\u0142acz reprezentuj\u0105cy mniejszo\u015b\u0107 polsk\u0105 na Bia\u0142orusi, spotka\u0142 si\u0119 w \u015brod\u0119 w Watykanie z papie\u017cem Leonem XIV. Spotkanie odby\u0142o si\u0119 po cotygodniowej audiencji generalnej Papie\u017ca na Placu \u015bw. Piotra.<\/p>\n<figure class=\"wp-block-embed is-type-rich is-provider-twitter wp-block-embed-twitter\"\/>\n<p class=\"wp-block-paragraph\">Andrzej Poczobut zwr\u00f3ci\u0142 si\u0119 do Papie\u017ca po cotygodniowej audiencji generalnej, w kt\u00f3rej wzi\u0119\u0142o udzia\u0142 kilka tysi\u0119cy os\u00f3b. Rozmawiali przez kilka minut.<\/p>\n<p class=\"wp-block-paragraph\">W trakcie wizyty dziennikarza i aktywisty w Rzymie zaplanowano tak\u017ce inne spotkania, w tym z abp. Paulem Richardem Gallagherem, sekretarzem Watykanu ds. stosunk\u00f3w z pa\u0144stwami.<\/p>\n<figure class=\"wp-block-embed is-type-rich is-provider-twitter wp-block-embed-twitter\"\/>\n<p class=\"wp-block-paragraph\">Wcze\u015bniej spotka\u0142 si\u0119 w Watykanie z przedstawicielami RP, w tym z Adamem Kwiatkowskim, szefem polskiej misji dyplomatycznej.<\/p>\n<p class=\"wp-block-paragraph\">Pod koniec kwietnia Poczobut po ponad pi\u0119ciu latach sp\u0119dzonych w bia\u0142oruskim wi\u0119zieniu zosta\u0142 zwolniony z bia\u0142oruskiego wi\u0119zienia. Od marca 2021 r. przebywa w wi\u0119zieniu. W lutym 2023 r. zosta\u0142 skazany na osiem lat kolonii karnej o zaostrzonym rygorze pod zarzutem <strong>\u201enawo\u0142ywanie do nienawi\u015bci\u201d<\/strong> I <strong>\u201ewzywaj\u0105c do dzia\u0142a\u0144 przeciwko bezpiecze\u0144stwu pa\u0144stwa\u201d.<\/strong> S\u0105d Najwy\u017cszy Bia\u0142orusi odrzuci\u0142 jego apelacj\u0119 od wyroku. Dziennikarz przebywa\u0142 w kolonii karnej w Nowopo\u0142ocku.<\/p>\n<p class=\"wp-block-paragraph\">Przez wi\u0119kszo\u015b\u0107 czasu sp\u0119dzonego w areszcie i wi\u0119zieniu Poczobut by\u0142 niemal ca\u0142kowicie odci\u0119ty od \u015bwiata zewn\u0119trznego. Poza rzadkimi listami do rodziny, kt\u00f3rych fragmenty upublicznia\u0142a jego \u017cona Oksana Poczobut, do opinii publicznej nie dociera\u0142y praktycznie \u017cadne informacje na jego temat.<\/p>\n<p class=\"wp-block-paragraph\">Organizacje praw cz\u0142owieka uzna\u0142y Poczobuta za wi\u0119\u017ania politycznego. W\u0142adze polskie wezwa\u0142y do \u200b\u200bjego uwolnienia oraz wycofania postawionych mu fa\u0142szywych i motywowanych politycznie zarzut\u00f3w. Podejmowano liczne pr\u00f3by uwolnienia dziennikarza.<\/p>\n<p class=\"wp-block-paragraph\">Poczobut jest laureatem m.in. najwy\u017cszego polskiego odznaczenia pa\u0144stwowego \u2013 Orderu Or\u0142a Bia\u0142ego \u2013 a tak\u017ce Nagrody im. Sacharowa Parlamentu Europejskiego za wolno\u015b\u0107 my\u015bli.<\/p>\n<p class=\"wp-block-paragraph\">W maju br. papie\u017c Leon XIV spotka\u0142 si\u0119 tak\u017ce z Alesiem Bialackim, bia\u0142oruskim dzia\u0142aczem opozycji i laureatem Pokojowej Nagrody Nobla, kt\u00f3ry sp\u0119dzi\u0142 w bia\u0142oruskich wi\u0119zieniach ponad siedem lat.<\/p>\n<\/div>\n","protected":false},"excerpt":{"rendered":"<p>Andrzej Poczobut, dziennikarz i dzia\u0142acz reprezentuj\u0105cy mniejszo\u015b\u0107 polsk\u0105 na Bia\u0142orusi, spotka\u0142 si\u0119 w \u015brod\u0119 w Watykanie z papie\u017cem Leonem XIV.<\/p>\n","protected":false},"author":1,"featured_media":13522,"comment_status":"open","ping_status":"open","sticky":false,"template":"","format":"standard","meta":{"footnotes":""},"categories":[4748],"tags":[342,14359,7193,9347,150,3602,7418],"class_list":["post-13521","post","type-post","status-publish","format-standard","has-post-thumbnail","hentry","category-aktualne","tag-andrzej","tag-leonem","tag-papiezem","tag-poczobut","tag-sie","tag-spotyka","tag-xiv","generate-columns","tablet-grid-50","mobile-grid-100","grid-parent","grid-50","resize-featured-image"],"yoast_head":"<!-- This site is optimized with the Yoast SEO plugin v23.2 - https:\/\/yoast.com\/wordpress\/plugins\/seo\/ -->\n<title>Andrzej Poczobut spotyka si\u0119 z papie\u017cem Leonem XIV - POGOTOWIE FLAGOWE\u00ae<\/title>\n<meta name=\"robots\" content=\"index, follow, max-snippet:-1, max-image-preview:large, max-video-preview:-1\" \/>\n<link rel=\"canonical\" href=\"https:\/\/www.pogotowieflagowe.pl\/aktualne\/andrzej-poczobut-spotyka-sie-z-papiezem-leonem-xiv\/\" \/>\n<meta property=\"og:locale\" content=\"pl_PL\" \/>\n<meta property=\"og:type\" content=\"article\" \/>\n<meta property=\"og:title\" content=\"Andrzej Poczobut spotyka si\u0119 z papie\u017cem Leonem XIV - POGOTOWIE FLAGOWE\u00ae\" \/>\n<meta property=\"og:description\" content=\"Andrzej Poczobut, dziennikarz i dzia\u0142acz reprezentuj\u0105cy mniejszo\u015b\u0107 polsk\u0105 na Bia\u0142orusi, spotka\u0142 si\u0119 w \u015brod\u0119 w Watykanie z papie\u017cem Leonem XIV.\" \/>\n<meta property=\"og:url\" content=\"https:\/\/www.pogotowieflagowe.pl\/aktualne\/andrzej-poczobut-spotyka-sie-z-papiezem-leonem-xiv\/\" \/>\n<meta property=\"og:site_name\" content=\"POGOTOWIE FLAGOWE\u00ae\" \/>\n<meta property=\"article:published_time\" content=\"2026-09-02T11:49:16+00:00\" \/>\n<meta property=\"article:modified_time\" content=\"2026-09-02T11:49:18+00:00\" \/>\n<meta property=\"og:image\" content=\"https:\/\/www.pogotowieflagowe.pl\/aktualne\/wp-content\/uploads\/2026\/09\/Andrzej-Poczobut-spotyka-sie-z-papiezem-Leonem-XIV.webp\" \/>\n\t<meta property=\"og:image:width\" content=\"1280\" \/>\n\t<meta property=\"og:image:height\" content=\"720\" \/>\n\t<meta property=\"og:image:type\" content=\"image\/webp\" \/>\n<meta name=\"author\" content=\"Filip\" \/>\n<meta name=\"twitter:card\" content=\"summary_large_image\" \/>\n<meta name=\"twitter:label1\" content=\"Napisane przez\" \/>\n\t<meta name=\"twitter:data1\" content=\"Filip\" \/>\n\t<meta name=\"twitter:label2\" content=\"Szacowany czas czytania\" \/>\n\t<meta name=\"twitter:data2\" content=\"2 minuty\" \/>\n<script type=\"application\/ld+json\" class=\"yoast-schema-graph\">{\"@context\":\"https:\/\/schema.org\",\"@graph\":[{\"@type\":\"Article\",\"@id\":\"https:\/\/www.pogotowieflagowe.pl\/aktualne\/andrzej-poczobut-spotyka-sie-z-papiezem-leonem-xiv\/#article\",\"isPartOf\":{\"@id\":\"https:\/\/www.pogotowieflagowe.pl\/aktualne\/andrzej-poczobut-spotyka-sie-z-papiezem-leonem-xiv\/\"},\"author\":{\"name\":\"Filip\",\"@id\":\"https:\/\/www.pogotowieflagowe.pl\/aktualne\/#\/schema\/person\/9c2fb7d2362ebf6fa088960d7f0d27b0\"},\"headline\":\"Andrzej Poczobut spotyka si\u0119 z papie\u017cem Leonem XIV\",\"datePublished\":\"2026-09-02T11:49:16+00:00\",\"dateModified\":\"2026-09-02T11:49:18+00:00\",\"mainEntityOfPage\":{\"@id\":\"https:\/\/www.pogotowieflagowe.pl\/aktualne\/andrzej-poczobut-spotyka-sie-z-papiezem-leonem-xiv\/\"},\"wordCount\":347,\"commentCount\":0,\"publisher\":{\"@id\":\"https:\/\/www.pogotowieflagowe.pl\/aktualne\/#organization\"},\"image\":{\"@id\":\"https:\/\/www.pogotowieflagowe.pl\/aktualne\/andrzej-poczobut-spotyka-sie-z-papiezem-leonem-xiv\/#primaryimage\"},\"thumbnailUrl\":\"https:\/\/www.pogotowieflagowe.pl\/aktualne\/wp-content\/uploads\/2026\/09\/Andrzej-Poczobut-spotyka-sie-z-papiezem-Leonem-XIV.webp\",\"keywords\":[\"Andrzej\",\"Leonem\",\"papie\u017cem\",\"Poczobut\",\"si\u0119\",\"spotyka\",\"XIV\"],\"articleSection\":[\"Aktualne\"],\"inLanguage\":\"pl-PL\",\"potentialAction\":[{\"@type\":\"CommentAction\",\"name\":\"Comment\",\"target\":[\"https:\/\/www.pogotowieflagowe.pl\/aktualne\/andrzej-poczobut-spotyka-sie-z-papiezem-leonem-xiv\/#respond\"]}]},{\"@type\":\"WebPage\",\"@id\":\"https:\/\/www.pogotowieflagowe.pl\/aktualne\/andrzej-poczobut-spotyka-sie-z-papiezem-leonem-xiv\/\",\"url\":\"https:\/\/www.pogotowieflagowe.pl\/aktualne\/andrzej-poczobut-spotyka-sie-z-papiezem-leonem-xiv\/\",\"name\":\"Andrzej Poczobut spotyka si\u0119 z papie\u017cem Leonem XIV - POGOTOWIE FLAGOWE\u00ae\",\"isPartOf\":{\"@id\":\"https:\/\/www.pogotowieflagowe.pl\/aktualne\/#website\"},\"primaryImageOfPage\":{\"@id\":\"https:\/\/www.pogotowieflagowe.pl\/aktualne\/andrzej-poczobut-spotyka-sie-z-papiezem-leonem-xiv\/#primaryimage\"},\"image\":{\"@id\":\"https:\/\/www.pogotowieflagowe.pl\/aktualne\/andrzej-poczobut-spotyka-sie-z-papiezem-leonem-xiv\/#primaryimage\"},\"thumbnailUrl\":\"https:\/\/www.pogotowieflagowe.pl\/aktualne\/wp-content\/uploads\/2026\/09\/Andrzej-Poczobut-spotyka-sie-z-papiezem-Leonem-XIV.webp\",\"datePublished\":\"2026-09-02T11:49:16+00:00\",\"dateModified\":\"2026-09-02T11:49:18+00:00\",\"breadcrumb\":{\"@id\":\"https:\/\/www.pogotowieflagowe.pl\/aktualne\/andrzej-poczobut-spotyka-sie-z-papiezem-leonem-xiv\/#breadcrumb\"},\"inLanguage\":\"pl-PL\",\"potentialAction\":[{\"@type\":\"ReadAction\",\"target\":[\"https:\/\/www.pogotowieflagowe.pl\/aktualne\/andrzej-poczobut-spotyka-sie-z-papiezem-leonem-xiv\/\"]}]},{\"@type\":\"ImageObject\",\"inLanguage\":\"pl-PL\",\"@id\":\"https:\/\/www.pogotowieflagowe.pl\/aktualne\/andrzej-poczobut-spotyka-sie-z-papiezem-leonem-xiv\/#primaryimage\",\"url\":\"https:\/\/www.pogotowieflagowe.pl\/aktualne\/wp-content\/uploads\/2026\/09\/Andrzej-Poczobut-spotyka-sie-z-papiezem-Leonem-XIV.webp\",\"contentUrl\":\"https:\/\/www.pogotowieflagowe.pl\/aktualne\/wp-content\/uploads\/2026\/09\/Andrzej-Poczobut-spotyka-sie-z-papiezem-Leonem-XIV.webp\",\"width\":1280,\"height\":720},{\"@type\":\"BreadcrumbList\",\"@id\":\"https:\/\/www.pogotowieflagowe.pl\/aktualne\/andrzej-poczobut-spotyka-sie-z-papiezem-leonem-xiv\/#breadcrumb\",\"itemListElement\":[{\"@type\":\"ListItem\",\"position\":1,\"name\":\"Home\",\"item\":\"https:\/\/www.pogotowieflagowe.pl\/aktualne\/\"},{\"@type\":\"ListItem\",\"position\":2,\"name\":\"Andrzej Poczobut spotyka si\u0119 z papie\u017cem Leonem XIV\"}]},{\"@type\":\"WebSite\",\"@id\":\"https:\/\/www.pogotowieflagowe.pl\/aktualne\/#website\",\"url\":\"https:\/\/www.pogotowieflagowe.pl\/aktualne\/\",\"name\":\"POGOTOWIE FLAGOWE\u00ae\",\"description\":\"\",\"publisher\":{\"@id\":\"https:\/\/www.pogotowieflagowe.pl\/aktualne\/#organization\"},\"potentialAction\":[{\"@type\":\"SearchAction\",\"target\":{\"@type\":\"EntryPoint\",\"urlTemplate\":\"https:\/\/www.pogotowieflagowe.pl\/aktualne\/?s={search_term_string}\"},\"query-input\":\"required name=search_term_string\"}],\"inLanguage\":\"pl-PL\"},{\"@type\":\"Organization\",\"@id\":\"https:\/\/www.pogotowieflagowe.pl\/aktualne\/#organization\",\"name\":\"POGOTOWIE FLAGOWE\u00ae\",\"url\":\"https:\/\/www.pogotowieflagowe.pl\/aktualne\/\",\"logo\":{\"@type\":\"ImageObject\",\"inLanguage\":\"pl-PL\",\"@id\":\"https:\/\/www.pogotowieflagowe.pl\/aktualne\/#\/schema\/logo\/image\/\",\"url\":\"https:\/\/www.pogotowieflagowe.pl\/aktualne\/wp-content\/uploads\/2024\/08\/cropped-pogotowieflagowe_flaga_projekt_sm.jpg\",\"contentUrl\":\"https:\/\/www.pogotowieflagowe.pl\/aktualne\/wp-content\/uploads\/2024\/08\/cropped-pogotowieflagowe_flaga_projekt_sm.jpg\",\"width\":250,\"height\":143,\"caption\":\"POGOTOWIE FLAGOWE\u00ae\"},\"image\":{\"@id\":\"https:\/\/www.pogotowieflagowe.pl\/aktualne\/#\/schema\/logo\/image\/\"}},{\"@type\":\"Person\",\"@id\":\"https:\/\/www.pogotowieflagowe.pl\/aktualne\/#\/schema\/person\/9c2fb7d2362ebf6fa088960d7f0d27b0\",\"name\":\"Filip\",\"image\":{\"@type\":\"ImageObject\",\"inLanguage\":\"pl-PL\",\"@id\":\"https:\/\/www.pogotowieflagowe.pl\/aktualne\/#\/schema\/person\/image\/\",\"url\":\"https:\/\/www.pogotowieflagowe.pl\/aktualne\/wp-content\/uploads\/2024\/08\/pogotowieflagowe.pl_.jpg\",\"contentUrl\":\"https:\/\/www.pogotowieflagowe.pl\/aktualne\/wp-content\/uploads\/2024\/08\/pogotowieflagowe.pl_.jpg\",\"caption\":\"Filip\"},\"description\":\"Jestem Filip, polski dziennikarz z dyplomem nauk politycznych Uniwersytetu Warszawskiego. Rozpoczynaj\u0105c swoj\u0105 karier\u0119 w r\u00f3\u017cnych lokalnych mediach, zdoby\u0142em solidne do\u015bwiadczenie w zakresie \u015bledztwa i redakcji. Obecnie jako redaktor w Pogotowie flagowe, staram si\u0119 dostarcza\u0107 dog\u0142\u0119bne i istotne analizy na temat najwa\u017cniejszych kwestii aktualno\u015bci, \u0142\u0105cz\u0105c rygor z pasj\u0105 dziennikarsk\u0105.\",\"sameAs\":[\"https:\/\/www.pogotowieflagowe.pl\/\"]}]}<\/script>\n<!-- \/ Yoast SEO plugin. -->","yoast_head_json":{"title":"Andrzej Poczobut spotyka si\u0119 z papie\u017cem Leonem XIV - POGOTOWIE FLAGOWE\u00ae","robots":{"index":"index","follow":"follow","max-snippet":"max-snippet:-1","max-image-preview":"max-image-preview:large","max-video-preview":"max-video-preview:-1"},"canonical":"https:\/\/www.pogotowieflagowe.pl\/aktualne\/andrzej-poczobut-spotyka-sie-z-papiezem-leonem-xiv\/","og_locale":"pl_PL","og_type":"article","og_title":"Andrzej Poczobut spotyka si\u0119 z papie\u017cem Leonem XIV - POGOTOWIE FLAGOWE\u00ae","og_description":"Andrzej Poczobut, dziennikarz i dzia\u0142acz reprezentuj\u0105cy mniejszo\u015b\u0107 polsk\u0105 na Bia\u0142orusi, spotka\u0142 si\u0119 w \u015brod\u0119 w Watykanie z papie\u017cem Leonem XIV.","og_url":"https:\/\/www.pogotowieflagowe.pl\/aktualne\/andrzej-poczobut-spotyka-sie-z-papiezem-leonem-xiv\/","og_site_name":"POGOTOWIE FLAGOWE\u00ae","article_published_time":"2026-09-02T11:49:16+00:00","article_modified_time":"2026-09-02T11:49:18+00:00","og_image":[{"width":1280,"height":720,"url":"https:\/\/www.pogotowieflagowe.pl\/aktualne\/wp-content\/uploads\/2026\/09\/Andrzej-Poczobut-spotyka-sie-z-papiezem-Leonem-XIV.webp","type":"image\/webp"}],"author":"Filip","twitter_card":"summary_large_image","twitter_misc":{"Napisane przez":"Filip","Szacowany czas czytania":"2 minuty"},"schema":{"@context":"https:\/\/schema.org","@graph":[{"@type":"Article","@id":"https:\/\/www.pogotowieflagowe.pl\/aktualne\/andrzej-poczobut-spotyka-sie-z-papiezem-leonem-xiv\/#article","isPartOf":{"@id":"https:\/\/www.pogotowieflagowe.pl\/aktualne\/andrzej-poczobut-spotyka-sie-z-papiezem-leonem-xiv\/"},"author":{"name":"Filip","@id":"https:\/\/www.pogotowieflagowe.pl\/aktualne\/#\/schema\/person\/9c2fb7d2362ebf6fa088960d7f0d27b0"},"headline":"Andrzej Poczobut spotyka si\u0119 z papie\u017cem Leonem XIV","datePublished":"2026-09-02T11:49:16+00:00","dateModified":"2026-09-02T11:49:18+00:00","mainEntityOfPage":{"@id":"https:\/\/www.pogotowieflagowe.pl\/aktualne\/andrzej-poczobut-spotyka-sie-z-papiezem-leonem-xiv\/"},"wordCount":347,"commentCount":0,"publisher":{"@id":"https:\/\/www.pogotowieflagowe.pl\/aktualne\/#organization"},"image":{"@id":"https:\/\/www.pogotowieflagowe.pl\/aktualne\/andrzej-poczobut-spotyka-sie-z-papiezem-leonem-xiv\/#primaryimage"},"thumbnailUrl":"https:\/\/www.pogotowieflagowe.pl\/aktualne\/wp-content\/uploads\/2026\/09\/Andrzej-Poczobut-spotyka-sie-z-papiezem-Leonem-XIV.webp","keywords":["Andrzej","Leonem","papie\u017cem","Poczobut","si\u0119","spotyka","XIV"],"articleSection":["Aktualne"],"inLanguage":"pl-PL","potentialAction":[{"@type":"CommentAction","name":"Comment","target":["https:\/\/www.pogotowieflagowe.pl\/aktualne\/andrzej-poczobut-spotyka-sie-z-papiezem-leonem-xiv\/#respond"]}]},{"@type":"WebPage","@id":"https:\/\/www.pogotowieflagowe.pl\/aktualne\/andrzej-poczobut-spotyka-sie-z-papiezem-leonem-xiv\/","url":"https:\/\/www.pogotowieflagowe.pl\/aktualne\/andrzej-poczobut-spotyka-sie-z-papiezem-leonem-xiv\/","name":"Andrzej Poczobut spotyka si\u0119 z papie\u017cem Leonem XIV - POGOTOWIE FLAGOWE\u00ae","isPartOf":{"@id":"https:\/\/www.pogotowieflagowe.pl\/aktualne\/#website"},"primaryImageOfPage":{"@id":"https:\/\/www.pogotowieflagowe.pl\/aktualne\/andrzej-poczobut-spotyka-sie-z-papiezem-leonem-xiv\/#primaryimage"},"image":{"@id":"https:\/\/www.pogotowieflagowe.pl\/aktualne\/andrzej-poczobut-spotyka-sie-z-papiezem-leonem-xiv\/#primaryimage"},"thumbnailUrl":"https:\/\/www.pogotowieflagowe.pl\/aktualne\/wp-content\/uploads\/2026\/09\/Andrzej-Poczobut-spotyka-sie-z-papiezem-Leonem-XIV.webp","datePublished":"2026-09-02T11:49:16+00:00","dateModified":"2026-09-02T11:49:18+00:00","breadcrumb":{"@id":"https:\/\/www.pogotowieflagowe.pl\/aktualne\/andrzej-poczobut-spotyka-sie-z-papiezem-leonem-xiv\/#breadcrumb"},"inLanguage":"pl-PL","potentialAction":[{"@type":"ReadAction","target":["https:\/\/www.pogotowieflagowe.pl\/aktualne\/andrzej-poczobut-spotyka-sie-z-papiezem-leonem-xiv\/"]}]},{"@type":"ImageObject","inLanguage":"pl-PL","@id":"https:\/\/www.pogotowieflagowe.pl\/aktualne\/andrzej-poczobut-spotyka-sie-z-papiezem-leonem-xiv\/#primaryimage","url":"https:\/\/www.pogotowieflagowe.pl\/aktualne\/wp-content\/uploads\/2026\/09\/Andrzej-Poczobut-spotyka-sie-z-papiezem-Leonem-XIV.webp","contentUrl":"https:\/\/www.pogotowieflagowe.pl\/aktualne\/wp-content\/uploads\/2026\/09\/Andrzej-Poczobut-spotyka-sie-z-papiezem-Leonem-XIV.webp","width":1280,"height":720},{"@type":"BreadcrumbList","@id":"https:\/\/www.pogotowieflagowe.pl\/aktualne\/andrzej-poczobut-spotyka-sie-z-papiezem-leonem-xiv\/#breadcrumb","itemListElement":[{"@type":"ListItem","position":1,"name":"Home","item":"https:\/\/www.pogotowieflagowe.pl\/aktualne\/"},{"@type":"ListItem","position":2,"name":"Andrzej Poczobut spotyka si\u0119 z papie\u017cem Leonem XIV"}]},{"@type":"WebSite","@id":"https:\/\/www.pogotowieflagowe.pl\/aktualne\/#website","url":"https:\/\/www.pogotowieflagowe.pl\/aktualne\/","name":"POGOTOWIE FLAGOWE\u00ae","description":"","publisher":{"@id":"https:\/\/www.pogotowieflagowe.pl\/aktualne\/#organization"},"potentialAction":[{"@type":"SearchAction","target":{"@type":"EntryPoint","urlTemplate":"https:\/\/www.pogotowieflagowe.pl\/aktualne\/?s={search_term_string}"},"query-input":"required name=search_term_string"}],"inLanguage":"pl-PL"},{"@type":"Organization","@id":"https:\/\/www.pogotowieflagowe.pl\/aktualne\/#organization","name":"POGOTOWIE FLAGOWE\u00ae","url":"https:\/\/www.pogotowieflagowe.pl\/aktualne\/","logo":{"@type":"ImageObject","inLanguage":"pl-PL","@id":"https:\/\/www.pogotowieflagowe.pl\/aktualne\/#\/schema\/logo\/image\/","url":"https:\/\/www.pogotowieflagowe.pl\/aktualne\/wp-content\/uploads\/2024\/08\/cropped-pogotowieflagowe_flaga_projekt_sm.jpg","contentUrl":"https:\/\/www.pogotowieflagowe.pl\/aktualne\/wp-content\/uploads\/2024\/08\/cropped-pogotowieflagowe_flaga_projekt_sm.jpg","width":250,"height":143,"caption":"POGOTOWIE FLAGOWE\u00ae"},"image":{"@id":"https:\/\/www.pogotowieflagowe.pl\/aktualne\/#\/schema\/logo\/image\/"}},{"@type":"Person","@id":"https:\/\/www.pogotowieflagowe.pl\/aktualne\/#\/schema\/person\/9c2fb7d2362ebf6fa088960d7f0d27b0","name":"Filip","image":{"@type":"ImageObject","inLanguage":"pl-PL","@id":"https:\/\/www.pogotowieflagowe.pl\/aktualne\/#\/schema\/person\/image\/","url":"https:\/\/www.pogotowieflagowe.pl\/aktualne\/wp-content\/uploads\/2024\/08\/pogotowieflagowe.pl_.jpg","contentUrl":"https:\/\/www.pogotowieflagowe.pl\/aktualne\/wp-content\/uploads\/2024\/08\/pogotowieflagowe.pl_.jpg","caption":"Filip"},"description":"Jestem Filip, polski dziennikarz z dyplomem nauk politycznych Uniwersytetu Warszawskiego. Rozpoczynaj\u0105c swoj\u0105 karier\u0119 w r\u00f3\u017cnych lokalnych mediach, zdoby\u0142em solidne do\u015bwiadczenie w zakresie \u015bledztwa i redakcji. Obecnie jako redaktor w Pogotowie flagowe, staram si\u0119 dostarcza\u0107 dog\u0142\u0119bne i istotne analizy na temat najwa\u017cniejszych kwestii aktualno\u015bci, \u0142\u0105cz\u0105c rygor z pasj\u0105 dziennikarsk\u0105.","sameAs":["https:\/\/www.pogotowieflagowe.pl\/"]}]}},"_links":{"self":[{"href":"https:\/\/www.pogotowieflagowe.pl\/aktualne\/wp-json\/wp\/v2\/posts\/13521","targetHints":{"allow":["GET"]}}],"collection":[{"href":"https:\/\/www.pogotowieflagowe.pl\/aktualne\/wp-json\/wp\/v2\/posts"}],"about":[{"href":"https:\/\/www.pogotowieflagowe.pl\/aktualne\/wp-json\/wp\/v2\/types\/post"}],"author":[{"embeddable":true,"href":"https:\/\/www.pogotowieflagowe.pl\/aktualne\/wp-json\/wp\/v2\/users\/1"}],"replies":[{"embeddable":true,"href":"https:\/\/www.pogotowieflagowe.pl\/aktualne\/wp-json\/wp\/v2\/comments?post=13521"}],"version-history":[{"count":1,"href":"https:\/\/www.pogotowieflagowe.pl\/aktualne\/wp-json\/wp\/v2\/posts\/13521\/revisions"}],"predecessor-version":[{"id":13523,"href":"https:\/\/www.pogotowieflagowe.pl\/aktualne\/wp-json\/wp\/v2\/posts\/13521\/revisions\/13523"}],"wp:featuredmedia":[{"embeddable":true,"href":"https:\/\/www.pogotowieflagowe.pl\/aktualne\/wp-json\/wp\/v2\/media\/13522"}],"wp:attachment":[{"href":"https:\/\/www.pogotowieflagowe.pl\/aktualne\/wp-json\/wp\/v2\/media?parent=13521"}],"wp:term":[{"taxonomy":"category","embeddable":true,"href":"https:\/\/www.pogotowieflagowe.pl\/aktualne\/wp-json\/wp\/v2\/categories?post=13521"},{"taxonomy":"post_tag","embeddable":true,"href":"https:\/\/www.pogotowieflagowe.pl\/aktualne\/wp-json\/wp\/v2\/tags?post=13521"}],"curies":[{"name":"wp","href":"https:\/\/api.w.org\/{rel}","templated":true}]}}