{"id":13524,"date":"2026-09-02T21:51:54","date_gmt":"2026-09-02T19:51:54","guid":{"rendered":"https:\/\/www.pogotowieflagowe.pl\/aktualne\/pochowano-polskie-ofiary-wolynia-prezydent-chodzi-o-cos-wiecej-niz-godnosc-narodowa\/"},"modified":"2026-09-02T21:51:55","modified_gmt":"2026-09-02T19:51:55","slug":"pochowano-polskie-ofiary-wolynia-prezydent-chodzi-o-cos-wiecej-niz-godnosc-narodowa","status":"publish","type":"post","link":"https:\/\/www.pogotowieflagowe.pl\/aktualne\/pochowano-polskie-ofiary-wolynia-prezydent-chodzi-o-cos-wiecej-niz-godnosc-narodowa\/","title":{"rendered":"Pochowano polskie ofiary Wo\u0142ynia. Prezydent: \u201eChodzi o co\u015b wi\u0119cej ni\u017c godno\u015b\u0107 narodow\u0105\u201d"},"content":{"rendered":"<div>\n<p class=\"wp-block-paragraph\">\u201ePodstawow\u0105 przyczyn\u0105 rzezi wo\u0142y\u0144skiej by\u0142o to, \u017ce ukrai\u0144scy wychowawcy, nauczyciele, duchowni, dzia\u0142acze kultury i politycy nie dope\u0142nili podstawowego obowi\u0105zku wobec tych, kt\u00f3rzy jej p\u00f3\u017aniej dopuszczali, nie wpoili im podstawowych zasad moralnych i chrze\u015bcija\u0144skich, uniwersalnych warto\u015bci ludzkich, norm wsp\u00f3\u0142czesnego \u017cycia spo\u0142ecznego i obywatelskiego\u201d \u2013 napisa\u0142 prezydent w li\u015bcie do uczestnik\u00f3w uroczysto\u015bci pogrzebowych 55 polskich ofiar rzezi wo\u0142y\u0144skiej z Ostr\u00f3wek i Woli Ostrowieckiej.<\/p>\n<p class=\"wp-block-paragraph\">Podkre\u015bli\u0142, \u017ce nar\u00f3d polski \u201enigdy nie zapomni tych, kt\u00f3rzy zgin\u0119li w agonii tylko dlatego, \u017ce byli Polakami\u201d i przestrzeg\u0142 tych, kt\u00f3rzy pragn\u0105 kontynuowa\u0107 ideologi\u0119 Stepana Bandery. List odczyta\u0142 doradca prezydenta i prezydent Che\u0142ma Jakub Banaszek.<\/p>\n<p class=\"wp-block-paragraph\">Prezydent przypomnia\u0142, \u017ce 30 sierpnia 1943 r. do obu wsi wkroczy\u0142y oddzia\u0142y Ukrai\u0144skiej Powsta\u0144czej Armii (UPA), wspierane przez miejscow\u0105 ukrai\u0144sk\u0105 ludno\u015b\u0107 cywiln\u0105, \u201eudaj\u0105c, \u017ce s\u0105 przyjazne i maj\u0105ce dobre intencje, a gdy napotkaj\u0105 op\u00f3r, uciekaj\u0105 si\u0119 do przemocy\u201d.<\/p>\n<p class=\"wp-block-paragraph\">\u201eSprawcy \u0142apali mieszka\u0144c\u00f3w poza wsiami, a nast\u0119pnie zamykali ich w szkole i ko\u015bciele na Ostr\u00f3wkach, a tak\u017ce w szkole i na rynku w Woli Ostrowieckiej.<\/p>\n<figure class=\"wp-block-pullquote\">\n<blockquote>\n<p>&#8222;Wkr\u00f3tce rozpocz\u0119\u0142a si\u0119 eksterminacja. Pocz\u0105wszy od m\u0119\u017cczyzn, ofiary zabijano stopniowo w ma\u0142ych grupach. Zabijano ich jak zwierz\u0119ta w rze\u017ani, przy u\u017cyciu siekier i t\u0119pych narz\u0119dzi, na kraw\u0119dzi do\u0142\u00f3w, gdzie mia\u0142y by\u0107 ukryte ich cia\u0142a. Cz\u0119\u015b\u0107 zgin\u0119\u0142a od kul i granat\u00f3w, cz\u0119\u015b\u0107 zgin\u0119\u0142a w p\u0142omieniach. Cz\u0119\u015b\u0107 mieszka\u0144c\u00f3w Ostr\u00f3wek, wywiezionych na miejsce zwane obecnie \u201ePolem Zw\u0142ok\u201d, zmuszona by\u0142a ogl\u0105da\u0107 brutalne egzekucje swoich krewnych i s\u0105siad\u00f3w, wiedz\u0105c, \u017ce wkr\u00f3tce nadejdzie ich kolej. Gdy w zabudowaniach obu wsi wreszcie ucich\u0142y odg\u0142osy zab\u00f3jstw, sprawcy krzyczeli po polsku do ukrywaj\u0105cych si\u0119 mieszka\u0144c\u00f3w, zapewniaj\u0105c, \u017ce niebezpiecze\u0144stwo min\u0119\u0142o. Ci, kt\u00f3rzy odpowiedzieli na te wezwania, zgin\u0119li\u201d.<\/p>\n<p><cite>  stwierdzi\u0142.<\/cite><\/p><\/blockquote>\n<\/figure>\n<p class=\"wp-block-paragraph\">Prezydent zauwa\u017cy\u0142, \u017ce wed\u0142ug relacji ocala\u0142ych i ustale\u0144 historyk\u00f3w zgin\u0119\u0142o od 1100 do 1200 Polak\u00f3w, m\u0119\u017cczyzn, kobiet, dzieci i os\u00f3b starszych, a tak\u017ce kilku \u017byd\u00f3w.<\/p>\n<figure class=\"wp-block-pullquote\">\n<blockquote>\n<p>\u201eW wyniku prac ekshumacyjnych prowadzonych tam przez polskich archeolog\u00f3w nie bez przeszk\u00f3d od 1992 roku kolejne ofiary dw\u00f3ch masowych zbrodni pope\u0142nionych 83 lata temu otrzymuj\u0105 godny poch\u00f3wek na dawnym cmentarzu w Ostr\u00f3wkach\u201d \u2013 doda\u0142.<\/p>\n<p><cite>  napisa\u0142.<\/cite><\/p><\/blockquote>\n<\/figure>\n<p class=\"wp-block-paragraph\">Podkre\u015bli\u0142, \u017ce w imieniu narodu polskiego sk\u0142ada najwy\u017cszy ho\u0142d ofiarom niedzielnego poch\u00f3wku.<\/p>\n<p class=\"wp-block-paragraph\">&#8222;Nigdy nie zapomnimy tych, kt\u00f3rzy zgin\u0119li w agonii tylko dlatego, \u017ce byli Polakami. Nie ustaniemy w wysi\u0142kach, aby wszyscy nasi rodacy zamordowani przez cz\u0142onk\u00f3w OUN-UPA zostali nale\u017cycie pochowani i upami\u0119tnieni&#8221; &#8211; podkre\u015bli\u0142.<\/p>\n<p class=\"wp-block-paragraph\">Prezydent wyrazi\u0142 si\u0119 pozytywnie o decyzji w\u0142adz Ukrainy o zezwoleniu na ekshumacje w kolejnych miejscach masowych mord\u00f3w na Wo\u0142yniu.<\/p>\n<p class=\"wp-block-paragraph\">\u201eZa gest dobrej woli uzna\u0142em wydane 18 sierpnia br. zezwolenie na ekshumacj\u0119 szcz\u0105tk\u00f3w oko\u0142o 850 mieszka\u0144c\u00f3w Huty Pieniackiej, z kt\u00f3rych wi\u0119kszo\u015b\u0107 spalono \u017cywcem lub rozstrzelano\u201d \u2013 napisa\u0142.<\/p>\n<figure class=\"wp-block-pullquote\">\n<blockquote>\n<p>\u201eJednak identyfikacja pomordowanych, uroczyste poch\u00f3wki ich i przywr\u00f3cenie wolnej od przeocze\u0144 i manipulacji pami\u0119ci historycznej o Rzeszy Wo\u0142y\u0144skiej, to nie tylko kwestia godno\u015bci narodu polskiego, moralnego obowi\u0105zku wobec zmar\u0142ych czy wsp\u00f3\u0142czucia dla ich rodzin i bliskich, ignorowanych lub zmuszanych do milczenia przez dziesi\u0119ciolecia\u201d \u2013 doda\u0142.<\/p>\n<p><cite>  napisa\u0142.<\/cite><\/p><\/blockquote>\n<\/figure>\n<p class=\"wp-block-paragraph\">Jak stwierdzi\u0142, \u201epodstawow\u0105 przyczyn\u0105 rzezi wo\u0142y\u0144skiej by\u0142o to, \u017ce ukrai\u0144scy wychowawcy, nauczyciele, duchowni, dzia\u0142acze kultury i politycy nie dope\u0142nili podstawowego obowi\u0105zku wobec tych, kt\u00f3rzy p\u00f3\u017aniej jej dopu\u015bcili, nie wpoili im podstawowych zasad moralnych i chrze\u015bcija\u0144skich, uniwersalnych warto\u015bci ludzkich ani norm wsp\u00f3\u0142czesnego \u017cycia spo\u0142ecznego i obywatelskiego\u201d.<\/p>\n<figure class=\"wp-block-pullquote\">\n<blockquote>\n<p>&#8222;To w\u0142a\u015bnie na tej zaniedbanej glebie serc i umys\u0142\u00f3w zasiano ziarno nienawistnej ideologii, skrajnego nacjonalizmu i cynicznej in\u017cynierii spo\u0142ecznej, kt\u00f3re da\u0142o straszliwe \u017cniwo. Dlatego pami\u0119\u0107 o barbarzy\u0144skich zbrodniach pope\u0142nianych na Polakach przez cz\u0142onk\u00f3w OUN-UPA jest i musi pozosta\u0107 cz\u0119\u015bci\u0105 powszechnej edukacji na rzecz pokoju. Musi trwa\u0107 tak\u017ce jako przestroga dla tych, kt\u00f3rzy bezkrytycznie odwo\u0142uj\u0105 si\u0119 do szowinistycznych, a nawet nazistowskich hase\u0142 i metod walki politycznej&#8221;<\/p>\n<p><cite>  powiedzia\u0142.<\/cite><\/p><\/blockquote>\n<\/figure>\n<p class=\"wp-block-paragraph\">&#8222;Przestrzegam tych, kt\u00f3rzy podaj\u0105 si\u0119 za spadkobierc\u00f3w tradycji banderyzmu i haniebnej wsp\u00f3\u0142pracy ukrai\u0144skich nacjonalist\u00f3w z hitlerowsk\u0105 III Rzesz\u0105. Takie deklaracje s\u0105 r\u00f3wnoznaczne z stawianiem si\u0119 poza wsp\u00f3lnot\u0105 obywateli wolnego, cywilizowanego \u015bwiata i s\u0105 wyra\u017anym przejawem wrogo\u015bci wobec Polski i Polak\u00f3w, a tym samym drog\u0105 do ha\u0144by, izolacji i upadku. Ufam, \u017ce wszyscy, kt\u00f3rzy dobrze \u017cycz\u0105 Polsce i Ukrainie, wspieraj\u0105 wsp\u00f3\u0142prac\u0119 mi\u0119dzy nimi i chc\u0105 pokrzy\u017cowa\u0107 plany odwiecznego wroga wolno\u015bci w naszym regionie, b\u0119dzie dzia\u0142a\u0107 na rzecz trwa\u0142ego pojednania polsko-ukrai\u0144skiego, opartego na prawdzie historycznej i wsp\u00f3lnych warto\u015bciach\u201d \u2013 podkre\u015bli\u0142.<\/p>\n<\/div>\n","protected":false},"excerpt":{"rendered":"<p>\u201ePodstawow\u0105 przyczyn\u0105 rzezi wo\u0142y\u0144skiej by\u0142o to, \u017ce ukrai\u0144scy wychowawcy, nauczyciele, duchowni, dzia\u0142acze kultury i politycy nie dope\u0142nili podstawowego obowi\u0105zku wobec<\/p>\n","protected":false},"author":1,"featured_media":13525,"comment_status":"open","ping_status":"open","sticky":false,"template":"","format":"standard","meta":{"footnotes":""},"categories":[4748],"tags":[4715,1074,14361,11514,3830,6932,14360,487,341,4103,628],"class_list":["post-13524","post","type-post","status-publish","format-standard","has-post-thumbnail","hentry","category-aktualne","tag-chodzi","tag-cos","tag-godnosc","tag-narodowa","tag-niz","tag-ofiary","tag-pochowano","tag-polskie","tag-prezydent","tag-wiecej","tag-wolynia","generate-columns","tablet-grid-50","mobile-grid-100","grid-parent","grid-50","resize-featured-image"],"yoast_head":"<!-- This site is optimized with the Yoast SEO plugin v23.2 - https:\/\/yoast.com\/wordpress\/plugins\/seo\/ -->\n<title>Pochowano polskie ofiary Wo\u0142ynia. Prezydent: \u201eChodzi o co\u015b wi\u0119cej ni\u017c godno\u015b\u0107 narodow\u0105\u201d - POGOTOWIE FLAGOWE\u00ae<\/title>\n<meta name=\"robots\" content=\"index, follow, max-snippet:-1, max-image-preview:large, max-video-preview:-1\" \/>\n<link rel=\"canonical\" href=\"https:\/\/www.pogotowieflagowe.pl\/aktualne\/pochowano-polskie-ofiary-wolynia-prezydent-chodzi-o-cos-wiecej-niz-godnosc-narodowa\/\" \/>\n<meta property=\"og:locale\" content=\"pl_PL\" \/>\n<meta property=\"og:type\" content=\"article\" \/>\n<meta property=\"og:title\" content=\"Pochowano polskie ofiary Wo\u0142ynia. Prezydent: \u201eChodzi o co\u015b wi\u0119cej ni\u017c godno\u015b\u0107 narodow\u0105\u201d - POGOTOWIE FLAGOWE\u00ae\" \/>\n<meta property=\"og:description\" content=\"\u201ePodstawow\u0105 przyczyn\u0105 rzezi wo\u0142y\u0144skiej by\u0142o to, \u017ce ukrai\u0144scy wychowawcy, nauczyciele, duchowni, dzia\u0142acze kultury i politycy nie dope\u0142nili podstawowego obowi\u0105zku wobec\" \/>\n<meta property=\"og:url\" content=\"https:\/\/www.pogotowieflagowe.pl\/aktualne\/pochowano-polskie-ofiary-wolynia-prezydent-chodzi-o-cos-wiecej-niz-godnosc-narodowa\/\" \/>\n<meta property=\"og:site_name\" content=\"POGOTOWIE FLAGOWE\u00ae\" \/>\n<meta property=\"article:published_time\" content=\"2026-09-02T19:51:54+00:00\" \/>\n<meta property=\"article:modified_time\" content=\"2026-09-02T19:51:55+00:00\" \/>\n<meta property=\"og:image\" content=\"https:\/\/www.pogotowieflagowe.pl\/aktualne\/wp-content\/uploads\/2026\/09\/Pochowano-polskie-ofiary-Wolynia-Prezydent-\u201eChodzi-o-cos-wiecej-niz.webp\" \/>\n\t<meta property=\"og:image:width\" content=\"1280\" \/>\n\t<meta property=\"og:image:height\" content=\"720\" \/>\n\t<meta property=\"og:image:type\" content=\"image\/webp\" \/>\n<meta name=\"author\" content=\"Filip\" \/>\n<meta name=\"twitter:card\" content=\"summary_large_image\" \/>\n<meta name=\"twitter:label1\" content=\"Napisane przez\" \/>\n\t<meta name=\"twitter:data1\" content=\"Filip\" \/>\n\t<meta name=\"twitter:label2\" content=\"Szacowany czas czytania\" \/>\n\t<meta name=\"twitter:data2\" content=\"4 minuty\" \/>\n<script type=\"application\/ld+json\" class=\"yoast-schema-graph\">{\"@context\":\"https:\/\/schema.org\",\"@graph\":[{\"@type\":\"Article\",\"@id\":\"https:\/\/www.pogotowieflagowe.pl\/aktualne\/pochowano-polskie-ofiary-wolynia-prezydent-chodzi-o-cos-wiecej-niz-godnosc-narodowa\/#article\",\"isPartOf\":{\"@id\":\"https:\/\/www.pogotowieflagowe.pl\/aktualne\/pochowano-polskie-ofiary-wolynia-prezydent-chodzi-o-cos-wiecej-niz-godnosc-narodowa\/\"},\"author\":{\"name\":\"Filip\",\"@id\":\"https:\/\/www.pogotowieflagowe.pl\/aktualne\/#\/schema\/person\/9c2fb7d2362ebf6fa088960d7f0d27b0\"},\"headline\":\"Pochowano polskie ofiary Wo\u0142ynia. Prezydent: \u201eChodzi o co\u015b wi\u0119cej ni\u017c godno\u015b\u0107 narodow\u0105\u201d\",\"datePublished\":\"2026-09-02T19:51:54+00:00\",\"dateModified\":\"2026-09-02T19:51:55+00:00\",\"mainEntityOfPage\":{\"@id\":\"https:\/\/www.pogotowieflagowe.pl\/aktualne\/pochowano-polskie-ofiary-wolynia-prezydent-chodzi-o-cos-wiecej-niz-godnosc-narodowa\/\"},\"wordCount\":834,\"commentCount\":0,\"publisher\":{\"@id\":\"https:\/\/www.pogotowieflagowe.pl\/aktualne\/#organization\"},\"image\":{\"@id\":\"https:\/\/www.pogotowieflagowe.pl\/aktualne\/pochowano-polskie-ofiary-wolynia-prezydent-chodzi-o-cos-wiecej-niz-godnosc-narodowa\/#primaryimage\"},\"thumbnailUrl\":\"https:\/\/www.pogotowieflagowe.pl\/aktualne\/wp-content\/uploads\/2026\/09\/Pochowano-polskie-ofiary-Wolynia-Prezydent-\u201eChodzi-o-cos-wiecej-niz.webp\",\"keywords\":[\"chodzi\",\"co\u015b\",\"godno\u015b\u0107\",\"narodowa\",\"ni\u017c\",\"ofiary\",\"Pochowano\",\"Polskie\",\"Prezydent\",\"wi\u0119cej\",\"Wo\u0142ynia\"],\"articleSection\":[\"Aktualne\"],\"inLanguage\":\"pl-PL\",\"potentialAction\":[{\"@type\":\"CommentAction\",\"name\":\"Comment\",\"target\":[\"https:\/\/www.pogotowieflagowe.pl\/aktualne\/pochowano-polskie-ofiary-wolynia-prezydent-chodzi-o-cos-wiecej-niz-godnosc-narodowa\/#respond\"]}]},{\"@type\":\"WebPage\",\"@id\":\"https:\/\/www.pogotowieflagowe.pl\/aktualne\/pochowano-polskie-ofiary-wolynia-prezydent-chodzi-o-cos-wiecej-niz-godnosc-narodowa\/\",\"url\":\"https:\/\/www.pogotowieflagowe.pl\/aktualne\/pochowano-polskie-ofiary-wolynia-prezydent-chodzi-o-cos-wiecej-niz-godnosc-narodowa\/\",\"name\":\"Pochowano polskie ofiary Wo\u0142ynia. Prezydent: \u201eChodzi o co\u015b wi\u0119cej ni\u017c godno\u015b\u0107 narodow\u0105\u201d - POGOTOWIE FLAGOWE\u00ae\",\"isPartOf\":{\"@id\":\"https:\/\/www.pogotowieflagowe.pl\/aktualne\/#website\"},\"primaryImageOfPage\":{\"@id\":\"https:\/\/www.pogotowieflagowe.pl\/aktualne\/pochowano-polskie-ofiary-wolynia-prezydent-chodzi-o-cos-wiecej-niz-godnosc-narodowa\/#primaryimage\"},\"image\":{\"@id\":\"https:\/\/www.pogotowieflagowe.pl\/aktualne\/pochowano-polskie-ofiary-wolynia-prezydent-chodzi-o-cos-wiecej-niz-godnosc-narodowa\/#primaryimage\"},\"thumbnailUrl\":\"https:\/\/www.pogotowieflagowe.pl\/aktualne\/wp-content\/uploads\/2026\/09\/Pochowano-polskie-ofiary-Wolynia-Prezydent-\u201eChodzi-o-cos-wiecej-niz.webp\",\"datePublished\":\"2026-09-02T19:51:54+00:00\",\"dateModified\":\"2026-09-02T19:51:55+00:00\",\"breadcrumb\":{\"@id\":\"https:\/\/www.pogotowieflagowe.pl\/aktualne\/pochowano-polskie-ofiary-wolynia-prezydent-chodzi-o-cos-wiecej-niz-godnosc-narodowa\/#breadcrumb\"},\"inLanguage\":\"pl-PL\",\"potentialAction\":[{\"@type\":\"ReadAction\",\"target\":[\"https:\/\/www.pogotowieflagowe.pl\/aktualne\/pochowano-polskie-ofiary-wolynia-prezydent-chodzi-o-cos-wiecej-niz-godnosc-narodowa\/\"]}]},{\"@type\":\"ImageObject\",\"inLanguage\":\"pl-PL\",\"@id\":\"https:\/\/www.pogotowieflagowe.pl\/aktualne\/pochowano-polskie-ofiary-wolynia-prezydent-chodzi-o-cos-wiecej-niz-godnosc-narodowa\/#primaryimage\",\"url\":\"https:\/\/www.pogotowieflagowe.pl\/aktualne\/wp-content\/uploads\/2026\/09\/Pochowano-polskie-ofiary-Wolynia-Prezydent-\u201eChodzi-o-cos-wiecej-niz.webp\",\"contentUrl\":\"https:\/\/www.pogotowieflagowe.pl\/aktualne\/wp-content\/uploads\/2026\/09\/Pochowano-polskie-ofiary-Wolynia-Prezydent-\u201eChodzi-o-cos-wiecej-niz.webp\",\"width\":1280,\"height\":720},{\"@type\":\"BreadcrumbList\",\"@id\":\"https:\/\/www.pogotowieflagowe.pl\/aktualne\/pochowano-polskie-ofiary-wolynia-prezydent-chodzi-o-cos-wiecej-niz-godnosc-narodowa\/#breadcrumb\",\"itemListElement\":[{\"@type\":\"ListItem\",\"position\":1,\"name\":\"Home\",\"item\":\"https:\/\/www.pogotowieflagowe.pl\/aktualne\/\"},{\"@type\":\"ListItem\",\"position\":2,\"name\":\"Pochowano polskie ofiary Wo\u0142ynia. Prezydent: \u201eChodzi o co\u015b wi\u0119cej ni\u017c godno\u015b\u0107 narodow\u0105\u201d\"}]},{\"@type\":\"WebSite\",\"@id\":\"https:\/\/www.pogotowieflagowe.pl\/aktualne\/#website\",\"url\":\"https:\/\/www.pogotowieflagowe.pl\/aktualne\/\",\"name\":\"POGOTOWIE FLAGOWE\u00ae\",\"description\":\"\",\"publisher\":{\"@id\":\"https:\/\/www.pogotowieflagowe.pl\/aktualne\/#organization\"},\"potentialAction\":[{\"@type\":\"SearchAction\",\"target\":{\"@type\":\"EntryPoint\",\"urlTemplate\":\"https:\/\/www.pogotowieflagowe.pl\/aktualne\/?s={search_term_string}\"},\"query-input\":\"required name=search_term_string\"}],\"inLanguage\":\"pl-PL\"},{\"@type\":\"Organization\",\"@id\":\"https:\/\/www.pogotowieflagowe.pl\/aktualne\/#organization\",\"name\":\"POGOTOWIE FLAGOWE\u00ae\",\"url\":\"https:\/\/www.pogotowieflagowe.pl\/aktualne\/\",\"logo\":{\"@type\":\"ImageObject\",\"inLanguage\":\"pl-PL\",\"@id\":\"https:\/\/www.pogotowieflagowe.pl\/aktualne\/#\/schema\/logo\/image\/\",\"url\":\"https:\/\/www.pogotowieflagowe.pl\/aktualne\/wp-content\/uploads\/2024\/08\/cropped-pogotowieflagowe_flaga_projekt_sm.jpg\",\"contentUrl\":\"https:\/\/www.pogotowieflagowe.pl\/aktualne\/wp-content\/uploads\/2024\/08\/cropped-pogotowieflagowe_flaga_projekt_sm.jpg\",\"width\":250,\"height\":143,\"caption\":\"POGOTOWIE FLAGOWE\u00ae\"},\"image\":{\"@id\":\"https:\/\/www.pogotowieflagowe.pl\/aktualne\/#\/schema\/logo\/image\/\"}},{\"@type\":\"Person\",\"@id\":\"https:\/\/www.pogotowieflagowe.pl\/aktualne\/#\/schema\/person\/9c2fb7d2362ebf6fa088960d7f0d27b0\",\"name\":\"Filip\",\"image\":{\"@type\":\"ImageObject\",\"inLanguage\":\"pl-PL\",\"@id\":\"https:\/\/www.pogotowieflagowe.pl\/aktualne\/#\/schema\/person\/image\/\",\"url\":\"https:\/\/www.pogotowieflagowe.pl\/aktualne\/wp-content\/uploads\/2024\/08\/pogotowieflagowe.pl_.jpg\",\"contentUrl\":\"https:\/\/www.pogotowieflagowe.pl\/aktualne\/wp-content\/uploads\/2024\/08\/pogotowieflagowe.pl_.jpg\",\"caption\":\"Filip\"},\"description\":\"Jestem Filip, polski dziennikarz z dyplomem nauk politycznych Uniwersytetu Warszawskiego. Rozpoczynaj\u0105c swoj\u0105 karier\u0119 w r\u00f3\u017cnych lokalnych mediach, zdoby\u0142em solidne do\u015bwiadczenie w zakresie \u015bledztwa i redakcji. Obecnie jako redaktor w Pogotowie flagowe, staram si\u0119 dostarcza\u0107 dog\u0142\u0119bne i istotne analizy na temat najwa\u017cniejszych kwestii aktualno\u015bci, \u0142\u0105cz\u0105c rygor z pasj\u0105 dziennikarsk\u0105.\",\"sameAs\":[\"https:\/\/www.pogotowieflagowe.pl\/\"]}]}<\/script>\n<!-- \/ Yoast SEO plugin. -->","yoast_head_json":{"title":"Pochowano polskie ofiary Wo\u0142ynia. Prezydent: \u201eChodzi o co\u015b wi\u0119cej ni\u017c godno\u015b\u0107 narodow\u0105\u201d - POGOTOWIE FLAGOWE\u00ae","robots":{"index":"index","follow":"follow","max-snippet":"max-snippet:-1","max-image-preview":"max-image-preview:large","max-video-preview":"max-video-preview:-1"},"canonical":"https:\/\/www.pogotowieflagowe.pl\/aktualne\/pochowano-polskie-ofiary-wolynia-prezydent-chodzi-o-cos-wiecej-niz-godnosc-narodowa\/","og_locale":"pl_PL","og_type":"article","og_title":"Pochowano polskie ofiary Wo\u0142ynia. Prezydent: \u201eChodzi o co\u015b wi\u0119cej ni\u017c godno\u015b\u0107 narodow\u0105\u201d - POGOTOWIE FLAGOWE\u00ae","og_description":"\u201ePodstawow\u0105 przyczyn\u0105 rzezi wo\u0142y\u0144skiej by\u0142o to, \u017ce ukrai\u0144scy wychowawcy, nauczyciele, duchowni, dzia\u0142acze kultury i politycy nie dope\u0142nili podstawowego obowi\u0105zku wobec","og_url":"https:\/\/www.pogotowieflagowe.pl\/aktualne\/pochowano-polskie-ofiary-wolynia-prezydent-chodzi-o-cos-wiecej-niz-godnosc-narodowa\/","og_site_name":"POGOTOWIE FLAGOWE\u00ae","article_published_time":"2026-09-02T19:51:54+00:00","article_modified_time":"2026-09-02T19:51:55+00:00","og_image":[{"width":1280,"height":720,"url":"https:\/\/www.pogotowieflagowe.pl\/aktualne\/wp-content\/uploads\/2026\/09\/Pochowano-polskie-ofiary-Wolynia-Prezydent-\u201eChodzi-o-cos-wiecej-niz.webp","type":"image\/webp"}],"author":"Filip","twitter_card":"summary_large_image","twitter_misc":{"Napisane przez":"Filip","Szacowany czas czytania":"4 minuty"},"schema":{"@context":"https:\/\/schema.org","@graph":[{"@type":"Article","@id":"https:\/\/www.pogotowieflagowe.pl\/aktualne\/pochowano-polskie-ofiary-wolynia-prezydent-chodzi-o-cos-wiecej-niz-godnosc-narodowa\/#article","isPartOf":{"@id":"https:\/\/www.pogotowieflagowe.pl\/aktualne\/pochowano-polskie-ofiary-wolynia-prezydent-chodzi-o-cos-wiecej-niz-godnosc-narodowa\/"},"author":{"name":"Filip","@id":"https:\/\/www.pogotowieflagowe.pl\/aktualne\/#\/schema\/person\/9c2fb7d2362ebf6fa088960d7f0d27b0"},"headline":"Pochowano polskie ofiary Wo\u0142ynia. Prezydent: \u201eChodzi o co\u015b wi\u0119cej ni\u017c godno\u015b\u0107 narodow\u0105\u201d","datePublished":"2026-09-02T19:51:54+00:00","dateModified":"2026-09-02T19:51:55+00:00","mainEntityOfPage":{"@id":"https:\/\/www.pogotowieflagowe.pl\/aktualne\/pochowano-polskie-ofiary-wolynia-prezydent-chodzi-o-cos-wiecej-niz-godnosc-narodowa\/"},"wordCount":834,"commentCount":0,"publisher":{"@id":"https:\/\/www.pogotowieflagowe.pl\/aktualne\/#organization"},"image":{"@id":"https:\/\/www.pogotowieflagowe.pl\/aktualne\/pochowano-polskie-ofiary-wolynia-prezydent-chodzi-o-cos-wiecej-niz-godnosc-narodowa\/#primaryimage"},"thumbnailUrl":"https:\/\/www.pogotowieflagowe.pl\/aktualne\/wp-content\/uploads\/2026\/09\/Pochowano-polskie-ofiary-Wolynia-Prezydent-\u201eChodzi-o-cos-wiecej-niz.webp","keywords":["chodzi","co\u015b","godno\u015b\u0107","narodowa","ni\u017c","ofiary","Pochowano","Polskie","Prezydent","wi\u0119cej","Wo\u0142ynia"],"articleSection":["Aktualne"],"inLanguage":"pl-PL","potentialAction":[{"@type":"CommentAction","name":"Comment","target":["https:\/\/www.pogotowieflagowe.pl\/aktualne\/pochowano-polskie-ofiary-wolynia-prezydent-chodzi-o-cos-wiecej-niz-godnosc-narodowa\/#respond"]}]},{"@type":"WebPage","@id":"https:\/\/www.pogotowieflagowe.pl\/aktualne\/pochowano-polskie-ofiary-wolynia-prezydent-chodzi-o-cos-wiecej-niz-godnosc-narodowa\/","url":"https:\/\/www.pogotowieflagowe.pl\/aktualne\/pochowano-polskie-ofiary-wolynia-prezydent-chodzi-o-cos-wiecej-niz-godnosc-narodowa\/","name":"Pochowano polskie ofiary Wo\u0142ynia. Prezydent: \u201eChodzi o co\u015b wi\u0119cej ni\u017c godno\u015b\u0107 narodow\u0105\u201d - POGOTOWIE FLAGOWE\u00ae","isPartOf":{"@id":"https:\/\/www.pogotowieflagowe.pl\/aktualne\/#website"},"primaryImageOfPage":{"@id":"https:\/\/www.pogotowieflagowe.pl\/aktualne\/pochowano-polskie-ofiary-wolynia-prezydent-chodzi-o-cos-wiecej-niz-godnosc-narodowa\/#primaryimage"},"image":{"@id":"https:\/\/www.pogotowieflagowe.pl\/aktualne\/pochowano-polskie-ofiary-wolynia-prezydent-chodzi-o-cos-wiecej-niz-godnosc-narodowa\/#primaryimage"},"thumbnailUrl":"https:\/\/www.pogotowieflagowe.pl\/aktualne\/wp-content\/uploads\/2026\/09\/Pochowano-polskie-ofiary-Wolynia-Prezydent-\u201eChodzi-o-cos-wiecej-niz.webp","datePublished":"2026-09-02T19:51:54+00:00","dateModified":"2026-09-02T19:51:55+00:00","breadcrumb":{"@id":"https:\/\/www.pogotowieflagowe.pl\/aktualne\/pochowano-polskie-ofiary-wolynia-prezydent-chodzi-o-cos-wiecej-niz-godnosc-narodowa\/#breadcrumb"},"inLanguage":"pl-PL","potentialAction":[{"@type":"ReadAction","target":["https:\/\/www.pogotowieflagowe.pl\/aktualne\/pochowano-polskie-ofiary-wolynia-prezydent-chodzi-o-cos-wiecej-niz-godnosc-narodowa\/"]}]},{"@type":"ImageObject","inLanguage":"pl-PL","@id":"https:\/\/www.pogotowieflagowe.pl\/aktualne\/pochowano-polskie-ofiary-wolynia-prezydent-chodzi-o-cos-wiecej-niz-godnosc-narodowa\/#primaryimage","url":"https:\/\/www.pogotowieflagowe.pl\/aktualne\/wp-content\/uploads\/2026\/09\/Pochowano-polskie-ofiary-Wolynia-Prezydent-\u201eChodzi-o-cos-wiecej-niz.webp","contentUrl":"https:\/\/www.pogotowieflagowe.pl\/aktualne\/wp-content\/uploads\/2026\/09\/Pochowano-polskie-ofiary-Wolynia-Prezydent-\u201eChodzi-o-cos-wiecej-niz.webp","width":1280,"height":720},{"@type":"BreadcrumbList","@id":"https:\/\/www.pogotowieflagowe.pl\/aktualne\/pochowano-polskie-ofiary-wolynia-prezydent-chodzi-o-cos-wiecej-niz-godnosc-narodowa\/#breadcrumb","itemListElement":[{"@type":"ListItem","position":1,"name":"Home","item":"https:\/\/www.pogotowieflagowe.pl\/aktualne\/"},{"@type":"ListItem","position":2,"name":"Pochowano polskie ofiary Wo\u0142ynia. Prezydent: \u201eChodzi o co\u015b wi\u0119cej ni\u017c godno\u015b\u0107 narodow\u0105\u201d"}]},{"@type":"WebSite","@id":"https:\/\/www.pogotowieflagowe.pl\/aktualne\/#website","url":"https:\/\/www.pogotowieflagowe.pl\/aktualne\/","name":"POGOTOWIE FLAGOWE\u00ae","description":"","publisher":{"@id":"https:\/\/www.pogotowieflagowe.pl\/aktualne\/#organization"},"potentialAction":[{"@type":"SearchAction","target":{"@type":"EntryPoint","urlTemplate":"https:\/\/www.pogotowieflagowe.pl\/aktualne\/?s={search_term_string}"},"query-input":"required name=search_term_string"}],"inLanguage":"pl-PL"},{"@type":"Organization","@id":"https:\/\/www.pogotowieflagowe.pl\/aktualne\/#organization","name":"POGOTOWIE FLAGOWE\u00ae","url":"https:\/\/www.pogotowieflagowe.pl\/aktualne\/","logo":{"@type":"ImageObject","inLanguage":"pl-PL","@id":"https:\/\/www.pogotowieflagowe.pl\/aktualne\/#\/schema\/logo\/image\/","url":"https:\/\/www.pogotowieflagowe.pl\/aktualne\/wp-content\/uploads\/2024\/08\/cropped-pogotowieflagowe_flaga_projekt_sm.jpg","contentUrl":"https:\/\/www.pogotowieflagowe.pl\/aktualne\/wp-content\/uploads\/2024\/08\/cropped-pogotowieflagowe_flaga_projekt_sm.jpg","width":250,"height":143,"caption":"POGOTOWIE FLAGOWE\u00ae"},"image":{"@id":"https:\/\/www.pogotowieflagowe.pl\/aktualne\/#\/schema\/logo\/image\/"}},{"@type":"Person","@id":"https:\/\/www.pogotowieflagowe.pl\/aktualne\/#\/schema\/person\/9c2fb7d2362ebf6fa088960d7f0d27b0","name":"Filip","image":{"@type":"ImageObject","inLanguage":"pl-PL","@id":"https:\/\/www.pogotowieflagowe.pl\/aktualne\/#\/schema\/person\/image\/","url":"https:\/\/www.pogotowieflagowe.pl\/aktualne\/wp-content\/uploads\/2024\/08\/pogotowieflagowe.pl_.jpg","contentUrl":"https:\/\/www.pogotowieflagowe.pl\/aktualne\/wp-content\/uploads\/2024\/08\/pogotowieflagowe.pl_.jpg","caption":"Filip"},"description":"Jestem Filip, polski dziennikarz z dyplomem nauk politycznych Uniwersytetu Warszawskiego. Rozpoczynaj\u0105c swoj\u0105 karier\u0119 w r\u00f3\u017cnych lokalnych mediach, zdoby\u0142em solidne do\u015bwiadczenie w zakresie \u015bledztwa i redakcji. Obecnie jako redaktor w Pogotowie flagowe, staram si\u0119 dostarcza\u0107 dog\u0142\u0119bne i istotne analizy na temat najwa\u017cniejszych kwestii aktualno\u015bci, \u0142\u0105cz\u0105c rygor z pasj\u0105 dziennikarsk\u0105.","sameAs":["https:\/\/www.pogotowieflagowe.pl\/"]}]}},"_links":{"self":[{"href":"https:\/\/www.pogotowieflagowe.pl\/aktualne\/wp-json\/wp\/v2\/posts\/13524","targetHints":{"allow":["GET"]}}],"collection":[{"href":"https:\/\/www.pogotowieflagowe.pl\/aktualne\/wp-json\/wp\/v2\/posts"}],"about":[{"href":"https:\/\/www.pogotowieflagowe.pl\/aktualne\/wp-json\/wp\/v2\/types\/post"}],"author":[{"embeddable":true,"href":"https:\/\/www.pogotowieflagowe.pl\/aktualne\/wp-json\/wp\/v2\/users\/1"}],"replies":[{"embeddable":true,"href":"https:\/\/www.pogotowieflagowe.pl\/aktualne\/wp-json\/wp\/v2\/comments?post=13524"}],"version-history":[{"count":1,"href":"https:\/\/www.pogotowieflagowe.pl\/aktualne\/wp-json\/wp\/v2\/posts\/13524\/revisions"}],"predecessor-version":[{"id":13526,"href":"https:\/\/www.pogotowieflagowe.pl\/aktualne\/wp-json\/wp\/v2\/posts\/13524\/revisions\/13526"}],"wp:featuredmedia":[{"embeddable":true,"href":"https:\/\/www.pogotowieflagowe.pl\/aktualne\/wp-json\/wp\/v2\/media\/13525"}],"wp:attachment":[{"href":"https:\/\/www.pogotowieflagowe.pl\/aktualne\/wp-json\/wp\/v2\/media?parent=13524"}],"wp:term":[{"taxonomy":"category","embeddable":true,"href":"https:\/\/www.pogotowieflagowe.pl\/aktualne\/wp-json\/wp\/v2\/categories?post=13524"},{"taxonomy":"post_tag","embeddable":true,"href":"https:\/\/www.pogotowieflagowe.pl\/aktualne\/wp-json\/wp\/v2\/tags?post=13524"}],"curies":[{"name":"wp","href":"https:\/\/api.w.org\/{rel}","templated":true}]}}