{"id":13527,"date":"2026-09-03T06:49:24","date_gmt":"2026-09-03T04:49:24","guid":{"rendered":"https:\/\/www.pogotowieflagowe.pl\/aktualne\/morawiecki-wzywa-do-przeprowadzenia-dochodzenia-w-sprawie-zondacrypto-w-zwiazku-z-skierowaniem-projektu-uchwaly-do-parlamentu\/"},"modified":"2026-09-03T06:49:29","modified_gmt":"2026-09-03T04:49:29","slug":"morawiecki-wzywa-do-przeprowadzenia-dochodzenia-w-sprawie-zondacrypto-w-zwiazku-z-skierowaniem-projektu-uchwaly-do-parlamentu","status":"publish","type":"post","link":"https:\/\/www.pogotowieflagowe.pl\/aktualne\/morawiecki-wzywa-do-przeprowadzenia-dochodzenia-w-sprawie-zondacrypto-w-zwiazku-z-skierowaniem-projektu-uchwaly-do-parlamentu\/","title":{"rendered":"Morawiecki wzywa do przeprowadzenia dochodzenia w sprawie ZondaCrypto w zwi\u0105zku z skierowaniem projektu uchwa\u0142y do \u200b\u200bparlamentu"},"content":{"rendered":"<div data-td-block-uid=\"tdi_41\">\n<div class=\"tdb-block-inner td-fix-index\">\n<p class=\"wp-block-paragraph\">Mateusz Morawiecki poinformowa\u0142, \u017ce projekt uchwa\u0142y w sprawie wszcz\u0119cia \u015bledztwa parlamentarnego w sprawie ZondaCrypto jest ju\u017c gotowy i jutro zostanie przes\u0142any do wszystkich klub\u00f3w parlamentarnych w Sejmie. By\u0142y premier podkre\u015bli\u0142, \u017ce chce \u201ezobaczy\u0107, kto naprawd\u0119 chce pom\u00f3c poszkodowanym, a kto boi si\u0119 prawdy\u201d.<\/p>\n<p class=\"wp-block-paragraph\">Projekt uchwa\u0142y w sprawie wszcz\u0119cia parlamentarnego \u015bledztwa w sprawie afery ZondaCrypto jest ju\u017c gotowy i w poniedzia\u0142ek zostanie przekazany wszystkim klubom parlamentarnym \u2013 poinformowa\u0142 Mateusz Morawiecki. Lider Rozwoju Plus podkre\u015bli\u0142, \u017ce zadaniem komisji b\u0119dzie poznanie pe\u0142nej prawdy o dzia\u0142alno\u015bci gie\u0142dy kryptowalut, skali strat klient\u00f3w i ewentualnych powi\u0105zaniach politycznych.<\/p>\n<h2 class=\"wp-block-heading\">Czy odb\u0119dzie si\u0119 dochodzenie parlamentarne w sprawie ZondaCrypto?<\/h2>\n<figure class=\"wp-block-pullquote\">\n<blockquote>\n<p>&#8222;Rozw\u00f3j Plus to ich blef. Jutro projekt trafi do wszystkich klub\u00f3w parlamentarnych w Sejmie. Zobaczymy, kto b\u0119dzie chcia\u0142 doj\u015b\u0107 do sedna tej sprawy i pom\u00f3c poszkodowanym, a kto boi si\u0119 prawdy!&#8221;<\/p>\n<p><cite>by\u0142y premier napisa\u0142 na X.<\/cite><\/p><\/blockquote>\n<\/figure>\n<figure class=\"wp-block-embed is-type-rich is-provider-x wp-block-embed-x\">\n<div class=\"wp-block-embed__wrapper\">\n<blockquote class=\"twitter-tweet\" data-width=\"550\" data-dnt=\"true\">\n<p lang=\"pl\" dir=\"ltr\">\u26a0Uchwa\u0142a o powo\u0142aniu organu \u015bledczego w sprawie ZondaCrypto gotowa! @RozwojPlus sprawdza sprawdzam, jutro projekt trafia do wszystkich klub\u00f3w w Sejmie, sprawdzamy, kto sprawdza, czy jest pokrzywdzony, a kto si\u0119 sprawdza prawdy! \u2935\ud83d\udd01 <a rel=\"nofollow\" href=\"https:\/\/t.co\/8yg33fBW7B\">pic.twitter.com\/8yg33fBW7B<\/a><\/p>\n<p>\u2014 Mateusz Morawiecki (@MorawieckiM) 30 sierpnia 2026<\/p><\/blockquote>\n<\/div>\n<\/figure>\n<p class=\"wp-block-paragraph\">Prokuratura Okr\u0119gowa w Katowicach prowadzi \u015bledztwo w sprawie strat klient\u00f3w, w tym kontek\u015bcie zarzut\u00f3w dotycz\u0105cych kwoty 350 mln z\u0142, mo\u017cliwego prania pieni\u0119dzy oraz mi\u0119dzynarodowych aspekt\u00f3w sprawy. \u015aledztwo obejmuje tak\u017ce zagini\u0119cie Sylwestra Suszka, wsp\u00f3\u0142za\u0142o\u017cyciela gie\u0142dy. W ostatnich tygodniach w zwi\u0105zku ze skandalem ZondaCrypto zatrzymano kilka os\u00f3b, w tym Rados\u0142awa P., kt\u00f3remu postawiono zarzuty handlu wp\u0142ywami i dzia\u0142ania na szkod\u0119 wierzycieli.<\/p>\n<p class=\"wp-block-paragraph\">Skandal ma tak\u017ce wymiar polityczny \u2013 pojawiaj\u0105 si\u0119 doniesienia o pr\u00f3bach wp\u0142ywania na proces legislacyjny oraz o finansowaniu wydarze\u0144 i grup politycznych przez osoby powi\u0105zane z gie\u0142d\u0105. Na tym tle Morawiecki wzywa do powo\u0142ania parlamentarnego \u015bledztwa, kt\u00f3re mia\u0142oby ustali\u0107 odpowiedzialno\u015b\u0107 instytucji pa\u0144stwowych, polityk\u00f3w i os\u00f3b zwi\u0105zanych z rynkiem kryptowalut. Morawiecki por\u00f3wna\u0142 tak\u017ce spraw\u0119 ZondaCrypto do skandalu Amber Gold.<\/p>\n<\/div>\n<\/div>\n<p><script async src=\"https:\/\/platform.twitter.com\/widgets.js\" charset=\"utf-8\"><\/script><\/p>\n","protected":false},"excerpt":{"rendered":"<p>Mateusz Morawiecki poinformowa\u0142, \u017ce projekt uchwa\u0142y w sprawie wszcz\u0119cia \u015bledztwa parlamentarnego w sprawie ZondaCrypto jest ju\u017c gotowy i jutro zostanie<\/p>\n","protected":false},"author":1,"featured_media":13528,"comment_status":"open","ping_status":"open","sticky":false,"template":"","format":"standard","meta":{"footnotes":""},"categories":[4748],"tags":[5827,419,2493,2104,14362,14363,35,14364,1331,14315,33],"class_list":["post-13527","post","type-post","status-publish","format-standard","has-post-thumbnail","hentry","category-aktualne","tag-dochodzenia","tag-morawiecki","tag-parlamentu","tag-projektu","tag-przeprowadzenia","tag-skierowaniem","tag-sprawie","tag-uchwaly","tag-wzywa","tag-zondacrypto","tag-zwiazku","generate-columns","tablet-grid-50","mobile-grid-100","grid-parent","grid-50","resize-featured-image"],"yoast_head":"<!-- This site is optimized with the Yoast SEO plugin v23.2 - https:\/\/yoast.com\/wordpress\/plugins\/seo\/ -->\n<title>Morawiecki wzywa do przeprowadzenia dochodzenia w sprawie ZondaCrypto w zwi\u0105zku z skierowaniem projektu uchwa\u0142y do \u200b\u200bparlamentu - POGOTOWIE FLAGOWE\u00ae<\/title>\n<meta name=\"robots\" content=\"index, follow, max-snippet:-1, max-image-preview:large, max-video-preview:-1\" \/>\n<link rel=\"canonical\" href=\"https:\/\/www.pogotowieflagowe.pl\/aktualne\/morawiecki-wzywa-do-przeprowadzenia-dochodzenia-w-sprawie-zondacrypto-w-zwiazku-z-skierowaniem-projektu-uchwaly-do-parlamentu\/\" \/>\n<meta property=\"og:locale\" content=\"pl_PL\" \/>\n<meta property=\"og:type\" content=\"article\" \/>\n<meta property=\"og:title\" content=\"Morawiecki wzywa do przeprowadzenia dochodzenia w sprawie ZondaCrypto w zwi\u0105zku z skierowaniem projektu uchwa\u0142y do \u200b\u200bparlamentu - POGOTOWIE FLAGOWE\u00ae\" \/>\n<meta property=\"og:description\" content=\"Mateusz Morawiecki poinformowa\u0142, \u017ce projekt uchwa\u0142y w sprawie wszcz\u0119cia \u015bledztwa parlamentarnego w sprawie ZondaCrypto jest ju\u017c gotowy i jutro zostanie\" \/>\n<meta property=\"og:url\" content=\"https:\/\/www.pogotowieflagowe.pl\/aktualne\/morawiecki-wzywa-do-przeprowadzenia-dochodzenia-w-sprawie-zondacrypto-w-zwiazku-z-skierowaniem-projektu-uchwaly-do-parlamentu\/\" \/>\n<meta property=\"og:site_name\" content=\"POGOTOWIE FLAGOWE\u00ae\" \/>\n<meta property=\"article:published_time\" content=\"2026-09-03T04:49:24+00:00\" \/>\n<meta property=\"article:modified_time\" content=\"2026-09-03T04:49:29+00:00\" \/>\n<meta property=\"og:image\" content=\"https:\/\/www.pogotowieflagowe.pl\/aktualne\/wp-content\/uploads\/2026\/09\/Morawiecki-wzywa-do-przeprowadzenia-dochodzenia-w-sprawie-ZondaCrypto-w-zwiazku.jpg\" \/>\n\t<meta property=\"og:image:width\" content=\"2400\" \/>\n\t<meta property=\"og:image:height\" content=\"1350\" \/>\n\t<meta property=\"og:image:type\" content=\"image\/jpeg\" \/>\n<meta name=\"author\" content=\"Filip\" \/>\n<meta name=\"twitter:card\" content=\"summary_large_image\" \/>\n<meta name=\"twitter:label1\" content=\"Napisane przez\" \/>\n\t<meta name=\"twitter:data1\" content=\"Filip\" \/>\n\t<meta name=\"twitter:label2\" content=\"Szacowany czas czytania\" \/>\n\t<meta name=\"twitter:data2\" content=\"2 minuty\" \/>\n<script type=\"application\/ld+json\" class=\"yoast-schema-graph\">{\"@context\":\"https:\/\/schema.org\",\"@graph\":[{\"@type\":\"Article\",\"@id\":\"https:\/\/www.pogotowieflagowe.pl\/aktualne\/morawiecki-wzywa-do-przeprowadzenia-dochodzenia-w-sprawie-zondacrypto-w-zwiazku-z-skierowaniem-projektu-uchwaly-do-parlamentu\/#article\",\"isPartOf\":{\"@id\":\"https:\/\/www.pogotowieflagowe.pl\/aktualne\/morawiecki-wzywa-do-przeprowadzenia-dochodzenia-w-sprawie-zondacrypto-w-zwiazku-z-skierowaniem-projektu-uchwaly-do-parlamentu\/\"},\"author\":{\"name\":\"Filip\",\"@id\":\"https:\/\/www.pogotowieflagowe.pl\/aktualne\/#\/schema\/person\/9c2fb7d2362ebf6fa088960d7f0d27b0\"},\"headline\":\"Morawiecki wzywa do przeprowadzenia dochodzenia w sprawie ZondaCrypto w zwi\u0105zku z skierowaniem projektu uchwa\u0142y do \u200b\u200bparlamentu\",\"datePublished\":\"2026-09-03T04:49:24+00:00\",\"dateModified\":\"2026-09-03T04:49:29+00:00\",\"mainEntityOfPage\":{\"@id\":\"https:\/\/www.pogotowieflagowe.pl\/aktualne\/morawiecki-wzywa-do-przeprowadzenia-dochodzenia-w-sprawie-zondacrypto-w-zwiazku-z-skierowaniem-projektu-uchwaly-do-parlamentu\/\"},\"wordCount\":370,\"commentCount\":0,\"publisher\":{\"@id\":\"https:\/\/www.pogotowieflagowe.pl\/aktualne\/#organization\"},\"image\":{\"@id\":\"https:\/\/www.pogotowieflagowe.pl\/aktualne\/morawiecki-wzywa-do-przeprowadzenia-dochodzenia-w-sprawie-zondacrypto-w-zwiazku-z-skierowaniem-projektu-uchwaly-do-parlamentu\/#primaryimage\"},\"thumbnailUrl\":\"https:\/\/www.pogotowieflagowe.pl\/aktualne\/wp-content\/uploads\/2026\/09\/Morawiecki-wzywa-do-przeprowadzenia-dochodzenia-w-sprawie-ZondaCrypto-w-zwiazku.jpg\",\"keywords\":[\"dochodzenia\",\"Morawiecki\",\"Parlamentu\",\"projektu\",\"przeprowadzenia\",\"skierowaniem\",\"sprawie\",\"uchwa\u0142y\",\"wzywa\",\"Zondacrypto\",\"zwi\u0105zku\"],\"articleSection\":[\"Aktualne\"],\"inLanguage\":\"pl-PL\",\"potentialAction\":[{\"@type\":\"CommentAction\",\"name\":\"Comment\",\"target\":[\"https:\/\/www.pogotowieflagowe.pl\/aktualne\/morawiecki-wzywa-do-przeprowadzenia-dochodzenia-w-sprawie-zondacrypto-w-zwiazku-z-skierowaniem-projektu-uchwaly-do-parlamentu\/#respond\"]}]},{\"@type\":\"WebPage\",\"@id\":\"https:\/\/www.pogotowieflagowe.pl\/aktualne\/morawiecki-wzywa-do-przeprowadzenia-dochodzenia-w-sprawie-zondacrypto-w-zwiazku-z-skierowaniem-projektu-uchwaly-do-parlamentu\/\",\"url\":\"https:\/\/www.pogotowieflagowe.pl\/aktualne\/morawiecki-wzywa-do-przeprowadzenia-dochodzenia-w-sprawie-zondacrypto-w-zwiazku-z-skierowaniem-projektu-uchwaly-do-parlamentu\/\",\"name\":\"Morawiecki wzywa do przeprowadzenia dochodzenia w sprawie ZondaCrypto w zwi\u0105zku z skierowaniem projektu uchwa\u0142y do \u200b\u200bparlamentu - POGOTOWIE FLAGOWE\u00ae\",\"isPartOf\":{\"@id\":\"https:\/\/www.pogotowieflagowe.pl\/aktualne\/#website\"},\"primaryImageOfPage\":{\"@id\":\"https:\/\/www.pogotowieflagowe.pl\/aktualne\/morawiecki-wzywa-do-przeprowadzenia-dochodzenia-w-sprawie-zondacrypto-w-zwiazku-z-skierowaniem-projektu-uchwaly-do-parlamentu\/#primaryimage\"},\"image\":{\"@id\":\"https:\/\/www.pogotowieflagowe.pl\/aktualne\/morawiecki-wzywa-do-przeprowadzenia-dochodzenia-w-sprawie-zondacrypto-w-zwiazku-z-skierowaniem-projektu-uchwaly-do-parlamentu\/#primaryimage\"},\"thumbnailUrl\":\"https:\/\/www.pogotowieflagowe.pl\/aktualne\/wp-content\/uploads\/2026\/09\/Morawiecki-wzywa-do-przeprowadzenia-dochodzenia-w-sprawie-ZondaCrypto-w-zwiazku.jpg\",\"datePublished\":\"2026-09-03T04:49:24+00:00\",\"dateModified\":\"2026-09-03T04:49:29+00:00\",\"breadcrumb\":{\"@id\":\"https:\/\/www.pogotowieflagowe.pl\/aktualne\/morawiecki-wzywa-do-przeprowadzenia-dochodzenia-w-sprawie-zondacrypto-w-zwiazku-z-skierowaniem-projektu-uchwaly-do-parlamentu\/#breadcrumb\"},\"inLanguage\":\"pl-PL\",\"potentialAction\":[{\"@type\":\"ReadAction\",\"target\":[\"https:\/\/www.pogotowieflagowe.pl\/aktualne\/morawiecki-wzywa-do-przeprowadzenia-dochodzenia-w-sprawie-zondacrypto-w-zwiazku-z-skierowaniem-projektu-uchwaly-do-parlamentu\/\"]}]},{\"@type\":\"ImageObject\",\"inLanguage\":\"pl-PL\",\"@id\":\"https:\/\/www.pogotowieflagowe.pl\/aktualne\/morawiecki-wzywa-do-przeprowadzenia-dochodzenia-w-sprawie-zondacrypto-w-zwiazku-z-skierowaniem-projektu-uchwaly-do-parlamentu\/#primaryimage\",\"url\":\"https:\/\/www.pogotowieflagowe.pl\/aktualne\/wp-content\/uploads\/2026\/09\/Morawiecki-wzywa-do-przeprowadzenia-dochodzenia-w-sprawie-ZondaCrypto-w-zwiazku.jpg\",\"contentUrl\":\"https:\/\/www.pogotowieflagowe.pl\/aktualne\/wp-content\/uploads\/2026\/09\/Morawiecki-wzywa-do-przeprowadzenia-dochodzenia-w-sprawie-ZondaCrypto-w-zwiazku.jpg\",\"width\":2400,\"height\":1350},{\"@type\":\"BreadcrumbList\",\"@id\":\"https:\/\/www.pogotowieflagowe.pl\/aktualne\/morawiecki-wzywa-do-przeprowadzenia-dochodzenia-w-sprawie-zondacrypto-w-zwiazku-z-skierowaniem-projektu-uchwaly-do-parlamentu\/#breadcrumb\",\"itemListElement\":[{\"@type\":\"ListItem\",\"position\":1,\"name\":\"Home\",\"item\":\"https:\/\/www.pogotowieflagowe.pl\/aktualne\/\"},{\"@type\":\"ListItem\",\"position\":2,\"name\":\"Morawiecki wzywa do przeprowadzenia dochodzenia w sprawie ZondaCrypto w zwi\u0105zku z skierowaniem projektu uchwa\u0142y do \u200b\u200bparlamentu\"}]},{\"@type\":\"WebSite\",\"@id\":\"https:\/\/www.pogotowieflagowe.pl\/aktualne\/#website\",\"url\":\"https:\/\/www.pogotowieflagowe.pl\/aktualne\/\",\"name\":\"POGOTOWIE FLAGOWE\u00ae\",\"description\":\"\",\"publisher\":{\"@id\":\"https:\/\/www.pogotowieflagowe.pl\/aktualne\/#organization\"},\"potentialAction\":[{\"@type\":\"SearchAction\",\"target\":{\"@type\":\"EntryPoint\",\"urlTemplate\":\"https:\/\/www.pogotowieflagowe.pl\/aktualne\/?s={search_term_string}\"},\"query-input\":\"required name=search_term_string\"}],\"inLanguage\":\"pl-PL\"},{\"@type\":\"Organization\",\"@id\":\"https:\/\/www.pogotowieflagowe.pl\/aktualne\/#organization\",\"name\":\"POGOTOWIE FLAGOWE\u00ae\",\"url\":\"https:\/\/www.pogotowieflagowe.pl\/aktualne\/\",\"logo\":{\"@type\":\"ImageObject\",\"inLanguage\":\"pl-PL\",\"@id\":\"https:\/\/www.pogotowieflagowe.pl\/aktualne\/#\/schema\/logo\/image\/\",\"url\":\"https:\/\/www.pogotowieflagowe.pl\/aktualne\/wp-content\/uploads\/2024\/08\/cropped-pogotowieflagowe_flaga_projekt_sm.jpg\",\"contentUrl\":\"https:\/\/www.pogotowieflagowe.pl\/aktualne\/wp-content\/uploads\/2024\/08\/cropped-pogotowieflagowe_flaga_projekt_sm.jpg\",\"width\":250,\"height\":143,\"caption\":\"POGOTOWIE FLAGOWE\u00ae\"},\"image\":{\"@id\":\"https:\/\/www.pogotowieflagowe.pl\/aktualne\/#\/schema\/logo\/image\/\"}},{\"@type\":\"Person\",\"@id\":\"https:\/\/www.pogotowieflagowe.pl\/aktualne\/#\/schema\/person\/9c2fb7d2362ebf6fa088960d7f0d27b0\",\"name\":\"Filip\",\"image\":{\"@type\":\"ImageObject\",\"inLanguage\":\"pl-PL\",\"@id\":\"https:\/\/www.pogotowieflagowe.pl\/aktualne\/#\/schema\/person\/image\/\",\"url\":\"https:\/\/www.pogotowieflagowe.pl\/aktualne\/wp-content\/uploads\/2024\/08\/pogotowieflagowe.pl_.jpg\",\"contentUrl\":\"https:\/\/www.pogotowieflagowe.pl\/aktualne\/wp-content\/uploads\/2024\/08\/pogotowieflagowe.pl_.jpg\",\"caption\":\"Filip\"},\"description\":\"Jestem Filip, polski dziennikarz z dyplomem nauk politycznych Uniwersytetu Warszawskiego. Rozpoczynaj\u0105c swoj\u0105 karier\u0119 w r\u00f3\u017cnych lokalnych mediach, zdoby\u0142em solidne do\u015bwiadczenie w zakresie \u015bledztwa i redakcji. Obecnie jako redaktor w Pogotowie flagowe, staram si\u0119 dostarcza\u0107 dog\u0142\u0119bne i istotne analizy na temat najwa\u017cniejszych kwestii aktualno\u015bci, \u0142\u0105cz\u0105c rygor z pasj\u0105 dziennikarsk\u0105.\",\"sameAs\":[\"https:\/\/www.pogotowieflagowe.pl\/\"]}]}<\/script>\n<!-- \/ Yoast SEO plugin. -->","yoast_head_json":{"title":"Morawiecki wzywa do przeprowadzenia dochodzenia w sprawie ZondaCrypto w zwi\u0105zku z skierowaniem projektu uchwa\u0142y do \u200b\u200bparlamentu - POGOTOWIE FLAGOWE\u00ae","robots":{"index":"index","follow":"follow","max-snippet":"max-snippet:-1","max-image-preview":"max-image-preview:large","max-video-preview":"max-video-preview:-1"},"canonical":"https:\/\/www.pogotowieflagowe.pl\/aktualne\/morawiecki-wzywa-do-przeprowadzenia-dochodzenia-w-sprawie-zondacrypto-w-zwiazku-z-skierowaniem-projektu-uchwaly-do-parlamentu\/","og_locale":"pl_PL","og_type":"article","og_title":"Morawiecki wzywa do przeprowadzenia dochodzenia w sprawie ZondaCrypto w zwi\u0105zku z skierowaniem projektu uchwa\u0142y do \u200b\u200bparlamentu - POGOTOWIE FLAGOWE\u00ae","og_description":"Mateusz Morawiecki poinformowa\u0142, \u017ce projekt uchwa\u0142y w sprawie wszcz\u0119cia \u015bledztwa parlamentarnego w sprawie ZondaCrypto jest ju\u017c gotowy i jutro zostanie","og_url":"https:\/\/www.pogotowieflagowe.pl\/aktualne\/morawiecki-wzywa-do-przeprowadzenia-dochodzenia-w-sprawie-zondacrypto-w-zwiazku-z-skierowaniem-projektu-uchwaly-do-parlamentu\/","og_site_name":"POGOTOWIE FLAGOWE\u00ae","article_published_time":"2026-09-03T04:49:24+00:00","article_modified_time":"2026-09-03T04:49:29+00:00","og_image":[{"width":2400,"height":1350,"url":"https:\/\/www.pogotowieflagowe.pl\/aktualne\/wp-content\/uploads\/2026\/09\/Morawiecki-wzywa-do-przeprowadzenia-dochodzenia-w-sprawie-ZondaCrypto-w-zwiazku.jpg","type":"image\/jpeg"}],"author":"Filip","twitter_card":"summary_large_image","twitter_misc":{"Napisane przez":"Filip","Szacowany czas czytania":"2 minuty"},"schema":{"@context":"https:\/\/schema.org","@graph":[{"@type":"Article","@id":"https:\/\/www.pogotowieflagowe.pl\/aktualne\/morawiecki-wzywa-do-przeprowadzenia-dochodzenia-w-sprawie-zondacrypto-w-zwiazku-z-skierowaniem-projektu-uchwaly-do-parlamentu\/#article","isPartOf":{"@id":"https:\/\/www.pogotowieflagowe.pl\/aktualne\/morawiecki-wzywa-do-przeprowadzenia-dochodzenia-w-sprawie-zondacrypto-w-zwiazku-z-skierowaniem-projektu-uchwaly-do-parlamentu\/"},"author":{"name":"Filip","@id":"https:\/\/www.pogotowieflagowe.pl\/aktualne\/#\/schema\/person\/9c2fb7d2362ebf6fa088960d7f0d27b0"},"headline":"Morawiecki wzywa do przeprowadzenia dochodzenia w sprawie ZondaCrypto w zwi\u0105zku z skierowaniem projektu uchwa\u0142y do \u200b\u200bparlamentu","datePublished":"2026-09-03T04:49:24+00:00","dateModified":"2026-09-03T04:49:29+00:00","mainEntityOfPage":{"@id":"https:\/\/www.pogotowieflagowe.pl\/aktualne\/morawiecki-wzywa-do-przeprowadzenia-dochodzenia-w-sprawie-zondacrypto-w-zwiazku-z-skierowaniem-projektu-uchwaly-do-parlamentu\/"},"wordCount":370,"commentCount":0,"publisher":{"@id":"https:\/\/www.pogotowieflagowe.pl\/aktualne\/#organization"},"image":{"@id":"https:\/\/www.pogotowieflagowe.pl\/aktualne\/morawiecki-wzywa-do-przeprowadzenia-dochodzenia-w-sprawie-zondacrypto-w-zwiazku-z-skierowaniem-projektu-uchwaly-do-parlamentu\/#primaryimage"},"thumbnailUrl":"https:\/\/www.pogotowieflagowe.pl\/aktualne\/wp-content\/uploads\/2026\/09\/Morawiecki-wzywa-do-przeprowadzenia-dochodzenia-w-sprawie-ZondaCrypto-w-zwiazku.jpg","keywords":["dochodzenia","Morawiecki","Parlamentu","projektu","przeprowadzenia","skierowaniem","sprawie","uchwa\u0142y","wzywa","Zondacrypto","zwi\u0105zku"],"articleSection":["Aktualne"],"inLanguage":"pl-PL","potentialAction":[{"@type":"CommentAction","name":"Comment","target":["https:\/\/www.pogotowieflagowe.pl\/aktualne\/morawiecki-wzywa-do-przeprowadzenia-dochodzenia-w-sprawie-zondacrypto-w-zwiazku-z-skierowaniem-projektu-uchwaly-do-parlamentu\/#respond"]}]},{"@type":"WebPage","@id":"https:\/\/www.pogotowieflagowe.pl\/aktualne\/morawiecki-wzywa-do-przeprowadzenia-dochodzenia-w-sprawie-zondacrypto-w-zwiazku-z-skierowaniem-projektu-uchwaly-do-parlamentu\/","url":"https:\/\/www.pogotowieflagowe.pl\/aktualne\/morawiecki-wzywa-do-przeprowadzenia-dochodzenia-w-sprawie-zondacrypto-w-zwiazku-z-skierowaniem-projektu-uchwaly-do-parlamentu\/","name":"Morawiecki wzywa do przeprowadzenia dochodzenia w sprawie ZondaCrypto w zwi\u0105zku z skierowaniem projektu uchwa\u0142y do \u200b\u200bparlamentu - POGOTOWIE FLAGOWE\u00ae","isPartOf":{"@id":"https:\/\/www.pogotowieflagowe.pl\/aktualne\/#website"},"primaryImageOfPage":{"@id":"https:\/\/www.pogotowieflagowe.pl\/aktualne\/morawiecki-wzywa-do-przeprowadzenia-dochodzenia-w-sprawie-zondacrypto-w-zwiazku-z-skierowaniem-projektu-uchwaly-do-parlamentu\/#primaryimage"},"image":{"@id":"https:\/\/www.pogotowieflagowe.pl\/aktualne\/morawiecki-wzywa-do-przeprowadzenia-dochodzenia-w-sprawie-zondacrypto-w-zwiazku-z-skierowaniem-projektu-uchwaly-do-parlamentu\/#primaryimage"},"thumbnailUrl":"https:\/\/www.pogotowieflagowe.pl\/aktualne\/wp-content\/uploads\/2026\/09\/Morawiecki-wzywa-do-przeprowadzenia-dochodzenia-w-sprawie-ZondaCrypto-w-zwiazku.jpg","datePublished":"2026-09-03T04:49:24+00:00","dateModified":"2026-09-03T04:49:29+00:00","breadcrumb":{"@id":"https:\/\/www.pogotowieflagowe.pl\/aktualne\/morawiecki-wzywa-do-przeprowadzenia-dochodzenia-w-sprawie-zondacrypto-w-zwiazku-z-skierowaniem-projektu-uchwaly-do-parlamentu\/#breadcrumb"},"inLanguage":"pl-PL","potentialAction":[{"@type":"ReadAction","target":["https:\/\/www.pogotowieflagowe.pl\/aktualne\/morawiecki-wzywa-do-przeprowadzenia-dochodzenia-w-sprawie-zondacrypto-w-zwiazku-z-skierowaniem-projektu-uchwaly-do-parlamentu\/"]}]},{"@type":"ImageObject","inLanguage":"pl-PL","@id":"https:\/\/www.pogotowieflagowe.pl\/aktualne\/morawiecki-wzywa-do-przeprowadzenia-dochodzenia-w-sprawie-zondacrypto-w-zwiazku-z-skierowaniem-projektu-uchwaly-do-parlamentu\/#primaryimage","url":"https:\/\/www.pogotowieflagowe.pl\/aktualne\/wp-content\/uploads\/2026\/09\/Morawiecki-wzywa-do-przeprowadzenia-dochodzenia-w-sprawie-ZondaCrypto-w-zwiazku.jpg","contentUrl":"https:\/\/www.pogotowieflagowe.pl\/aktualne\/wp-content\/uploads\/2026\/09\/Morawiecki-wzywa-do-przeprowadzenia-dochodzenia-w-sprawie-ZondaCrypto-w-zwiazku.jpg","width":2400,"height":1350},{"@type":"BreadcrumbList","@id":"https:\/\/www.pogotowieflagowe.pl\/aktualne\/morawiecki-wzywa-do-przeprowadzenia-dochodzenia-w-sprawie-zondacrypto-w-zwiazku-z-skierowaniem-projektu-uchwaly-do-parlamentu\/#breadcrumb","itemListElement":[{"@type":"ListItem","position":1,"name":"Home","item":"https:\/\/www.pogotowieflagowe.pl\/aktualne\/"},{"@type":"ListItem","position":2,"name":"Morawiecki wzywa do przeprowadzenia dochodzenia w sprawie ZondaCrypto w zwi\u0105zku z skierowaniem projektu uchwa\u0142y do \u200b\u200bparlamentu"}]},{"@type":"WebSite","@id":"https:\/\/www.pogotowieflagowe.pl\/aktualne\/#website","url":"https:\/\/www.pogotowieflagowe.pl\/aktualne\/","name":"POGOTOWIE FLAGOWE\u00ae","description":"","publisher":{"@id":"https:\/\/www.pogotowieflagowe.pl\/aktualne\/#organization"},"potentialAction":[{"@type":"SearchAction","target":{"@type":"EntryPoint","urlTemplate":"https:\/\/www.pogotowieflagowe.pl\/aktualne\/?s={search_term_string}"},"query-input":"required name=search_term_string"}],"inLanguage":"pl-PL"},{"@type":"Organization","@id":"https:\/\/www.pogotowieflagowe.pl\/aktualne\/#organization","name":"POGOTOWIE FLAGOWE\u00ae","url":"https:\/\/www.pogotowieflagowe.pl\/aktualne\/","logo":{"@type":"ImageObject","inLanguage":"pl-PL","@id":"https:\/\/www.pogotowieflagowe.pl\/aktualne\/#\/schema\/logo\/image\/","url":"https:\/\/www.pogotowieflagowe.pl\/aktualne\/wp-content\/uploads\/2024\/08\/cropped-pogotowieflagowe_flaga_projekt_sm.jpg","contentUrl":"https:\/\/www.pogotowieflagowe.pl\/aktualne\/wp-content\/uploads\/2024\/08\/cropped-pogotowieflagowe_flaga_projekt_sm.jpg","width":250,"height":143,"caption":"POGOTOWIE FLAGOWE\u00ae"},"image":{"@id":"https:\/\/www.pogotowieflagowe.pl\/aktualne\/#\/schema\/logo\/image\/"}},{"@type":"Person","@id":"https:\/\/www.pogotowieflagowe.pl\/aktualne\/#\/schema\/person\/9c2fb7d2362ebf6fa088960d7f0d27b0","name":"Filip","image":{"@type":"ImageObject","inLanguage":"pl-PL","@id":"https:\/\/www.pogotowieflagowe.pl\/aktualne\/#\/schema\/person\/image\/","url":"https:\/\/www.pogotowieflagowe.pl\/aktualne\/wp-content\/uploads\/2024\/08\/pogotowieflagowe.pl_.jpg","contentUrl":"https:\/\/www.pogotowieflagowe.pl\/aktualne\/wp-content\/uploads\/2024\/08\/pogotowieflagowe.pl_.jpg","caption":"Filip"},"description":"Jestem Filip, polski dziennikarz z dyplomem nauk politycznych Uniwersytetu Warszawskiego. Rozpoczynaj\u0105c swoj\u0105 karier\u0119 w r\u00f3\u017cnych lokalnych mediach, zdoby\u0142em solidne do\u015bwiadczenie w zakresie \u015bledztwa i redakcji. Obecnie jako redaktor w Pogotowie flagowe, staram si\u0119 dostarcza\u0107 dog\u0142\u0119bne i istotne analizy na temat najwa\u017cniejszych kwestii aktualno\u015bci, \u0142\u0105cz\u0105c rygor z pasj\u0105 dziennikarsk\u0105.","sameAs":["https:\/\/www.pogotowieflagowe.pl\/"]}]}},"_links":{"self":[{"href":"https:\/\/www.pogotowieflagowe.pl\/aktualne\/wp-json\/wp\/v2\/posts\/13527","targetHints":{"allow":["GET"]}}],"collection":[{"href":"https:\/\/www.pogotowieflagowe.pl\/aktualne\/wp-json\/wp\/v2\/posts"}],"about":[{"href":"https:\/\/www.pogotowieflagowe.pl\/aktualne\/wp-json\/wp\/v2\/types\/post"}],"author":[{"embeddable":true,"href":"https:\/\/www.pogotowieflagowe.pl\/aktualne\/wp-json\/wp\/v2\/users\/1"}],"replies":[{"embeddable":true,"href":"https:\/\/www.pogotowieflagowe.pl\/aktualne\/wp-json\/wp\/v2\/comments?post=13527"}],"version-history":[{"count":1,"href":"https:\/\/www.pogotowieflagowe.pl\/aktualne\/wp-json\/wp\/v2\/posts\/13527\/revisions"}],"predecessor-version":[{"id":13529,"href":"https:\/\/www.pogotowieflagowe.pl\/aktualne\/wp-json\/wp\/v2\/posts\/13527\/revisions\/13529"}],"wp:featuredmedia":[{"embeddable":true,"href":"https:\/\/www.pogotowieflagowe.pl\/aktualne\/wp-json\/wp\/v2\/media\/13528"}],"wp:attachment":[{"href":"https:\/\/www.pogotowieflagowe.pl\/aktualne\/wp-json\/wp\/v2\/media?parent=13527"}],"wp:term":[{"taxonomy":"category","embeddable":true,"href":"https:\/\/www.pogotowieflagowe.pl\/aktualne\/wp-json\/wp\/v2\/categories?post=13527"},{"taxonomy":"post_tag","embeddable":true,"href":"https:\/\/www.pogotowieflagowe.pl\/aktualne\/wp-json\/wp\/v2\/tags?post=13527"}],"curies":[{"name":"wp","href":"https:\/\/api.w.org\/{rel}","templated":true}]}}