{"id":13530,"date":"2026-09-03T15:49:25","date_gmt":"2026-09-03T13:49:25","guid":{"rendered":"https:\/\/www.pogotowieflagowe.pl\/aktualne\/rocznica-porozumien-sierpniowych-trzeba-to-szczerze-przyznac\/"},"modified":"2026-09-03T15:49:27","modified_gmt":"2026-09-03T13:49:27","slug":"rocznica-porozumien-sierpniowych-trzeba-to-szczerze-przyznac","status":"publish","type":"post","link":"https:\/\/www.pogotowieflagowe.pl\/aktualne\/rocznica-porozumien-sierpniowych-trzeba-to-szczerze-przyznac\/","title":{"rendered":"Rocznica Porozumie\u0144 Sierpniowych. \u201eTrzeba to szczerze przyzna\u0107\u2026\u201d"},"content":{"rendered":"<div>\n<p class=\"wp-block-paragraph\">&#8222;Trzeba uczciwie przyzna\u0107, \u017ce wolna Polska nie spe\u0142ni\u0142a wszystkich nadziei, jakie s\u0142usznie pok\u0142adali w niej dzia\u0142acze Solidarno\u015bci. Zbyt d\u0142ugo zbyt wiele os\u00f3b i ca\u0142ych grup spo\u0142ecznych mia\u0142o poczucie, \u017ce transformacja i rozw\u00f3j gospodarczy omija\u0142y ich domy, miasta i spo\u0142eczno\u015bci lokalne&#8221; &#8211; napisa\u0142 dzi\u015b w rocznic\u0119 Porozumie\u0144 Sierpniowych by\u0142y premier Mateusz Morawiecki.<\/p>\n<p class=\"wp-block-paragraph\">30 sierpnia 1980 roku podpisano pierwsze z Porozumie\u0144 Sierpniowych pomi\u0119dzy w\u0142adzami komunistycznymi Polski a przedstawicielami \u201eSolidarno\u015bci\u201d.<\/p>\n<p class=\"wp-block-paragraph\">W Szczecinie Kazimierz Barcikowski i Marian Jurczyk podpisali porozumienie pomi\u0119dzy przedstawicielami w\u0142adz a Mi\u0119dzyzak\u0142adowym Komitetem Strajkowym. V Plenum KC PZPR zatwierdzi\u0142o porozumienie osi\u0105gni\u0119te w Szczecinie i zdecydowa\u0142o, \u017ce porozumienie powinno zosta\u0107 podpisane tak\u017ce w Gda\u0144sku.<\/p>\n<p class=\"wp-block-paragraph\">Porozumienie Szczeci\u0144skie po\u0142o\u017cy\u0142o kres trwaj\u0105cemu blisko dwa tygodnie strajkowi w lokalnych zak\u0142adach pracy. Jednym z najwa\u017cniejszych \u017c\u0105da\u0144 strajkuj\u0105cych by\u0142o utworzenie niezale\u017cnych zwi\u0105zk\u00f3w zawodowych. Wysuwali tak\u017ce \u017c\u0105dania dotycz\u0105ce praw obywatelskich oraz warunk\u00f3w socjalno-bytowych.<\/p>\n<p class=\"wp-block-paragraph\">31 sierpnia 1980 roku w Sali BHP Stoczni Gda\u0144skiej wicepremier Mieczys\u0142aw Jagielski i Lech Wa\u0142\u0119sa podpisali porozumienie pomi\u0119dzy Komisj\u0105 Rz\u0105dow\u0105 a Mi\u0119dzyzak\u0142adowym Komitetem Strajkowym (MKS), kt\u00f3ry reprezentowa\u0142 w\u00f3wczas oko\u0142o 700 zak\u0142ad\u00f3w pracy w ca\u0142ej Polsce.<\/p>\n<p class=\"wp-block-paragraph\">By\u0142y premier i lider Rozwoju Plus Mateusz Morawiecki uczci\u0142 dzi\u015b rocznic\u0119 w mediach spo\u0142eczno\u015bciowych.<\/p>\n<p class=\"wp-block-paragraph\">Zaznaczy\u0142, \u017ce \u201esolidarno\u015b\u0107 to znacznie wi\u0119cej ni\u017c tylko s\u0142owo z historii \u2013 to obowi\u0105zek\u201d.<\/p>\n<p class=\"wp-block-paragraph\">&#8222;Trzeba uczciwie przyzna\u0107, \u017ce wolna Polska nie spe\u0142ni\u0142a wszystkich nadziei, jakie s\u0142usznie pok\u0142adali w niej dzia\u0142acze Solidarno\u015bci. Zbyt d\u0142ugo zbyt wiele os\u00f3b i ca\u0142ych grup spo\u0142ecznych mia\u0142o poczucie, \u017ce transformacja i rozw\u00f3j gospodarczy omija\u0142y ich domy, miasta i spo\u0142eczno\u015bci lokalne&#8221; &#8211; napisa\u0142.<\/p>\n<p class=\"wp-block-paragraph\">Morawiecki przekonywa\u0142, \u017ce \u201epotrzebna jest solidarna korekta: przywr\u00f3cenie przekonania, \u017ce \u200b\u200bpa\u0144stwo powinno s\u0142u\u017cy\u0107 wszystkim obywatelom, a korzy\u015bciami z rozwoju powinna dzieli\u0107 si\u0119 mo\u017cliwie najszersza cz\u0119\u015b\u0107 spo\u0142ecze\u0144stwa\u201d. Doda\u0142, \u017ce zmiany te wprowadzi\u0142y rz\u0105dy Zjednoczonej Prawicy.<\/p>\n<p class=\"wp-block-paragraph\">&#8222;Prawdziwy rozw\u00f3j nie oznacza, \u017ce ma\u0142a grupa szybko posuwa si\u0119 do przodu, a inni zostaj\u0105 w tyle. Silna Polska to taka, w kt\u00f3rej dobrobyt dociera do rodzin, pracownik\u00f3w, przedsi\u0119biorc\u00f3w, senior\u00f3w, mieszka\u0144c\u00f3w du\u017cych i mniejszych miast. To Polska, w kt\u00f3rej sukces jednych nie musi oznacza\u0107 pora\u017cki innych. To w\u0142a\u015bnie jedna z najwa\u017cniejszych lekcji Solidarno\u015bci: nigdy nie wolno nam straci\u0107 przekonania, \u017ce jeste\u015bmy wsp\u00f3lnot\u0105. Solidarno\u015b\u0107 powinna by\u0107 obecna nie tylko w naszych deklaracjach, ale tak\u017ce w naszych codziennych wyborach i w \u017cyciu decyzje podejmowane przez pa\u0144stwo\u201d \u2013 napisa\u0142 Morawiecki.<\/p>\n<p class=\"wp-block-paragraph\">Podkre\u015bli\u0142, \u017ce \u201edzia\u0142aj\u0105c wsp\u00f3lnie, jeste\u015bmy w stanie dokona\u0107 niemo\u017cliwego\u201d i \u017ce \u201esolidarno\u015b\u0107 jest si\u0142\u0105, bez kt\u00f3rej nie mo\u017cemy budowa\u0107 bezpiecznej przysz\u0142o\u015bci dla Polski\u201d.<\/p>\n<\/div>\n","protected":false},"excerpt":{"rendered":"<p>&#8222;Trzeba uczciwie przyzna\u0107, \u017ce wolna Polska nie spe\u0142ni\u0142a wszystkich nadziei, jakie s\u0142usznie pok\u0142adali w niej dzia\u0142acze Solidarno\u015bci. Zbyt d\u0142ugo zbyt<\/p>\n","protected":false},"author":1,"featured_media":13531,"comment_status":"open","ping_status":"open","sticky":false,"template":"","format":"standard","meta":{"footnotes":""},"categories":[4748],"tags":[12557,14365,2426,14353,6415,3868],"class_list":["post-13530","post","type-post","status-publish","format-standard","has-post-thumbnail","hentry","category-aktualne","tag-porozumien","tag-przyznac","tag-rocznica","tag-sierpniowych","tag-szczerze","tag-trzeba","generate-columns","tablet-grid-50","mobile-grid-100","grid-parent","grid-50","resize-featured-image"],"yoast_head":"<!-- This site is optimized with the Yoast SEO plugin v23.2 - https:\/\/yoast.com\/wordpress\/plugins\/seo\/ -->\n<title>Rocznica Porozumie\u0144 Sierpniowych. \u201eTrzeba to szczerze przyzna\u0107\u2026\u201d - POGOTOWIE FLAGOWE\u00ae<\/title>\n<meta name=\"robots\" content=\"index, follow, max-snippet:-1, max-image-preview:large, max-video-preview:-1\" \/>\n<link rel=\"canonical\" href=\"https:\/\/www.pogotowieflagowe.pl\/aktualne\/rocznica-porozumien-sierpniowych-trzeba-to-szczerze-przyznac\/\" \/>\n<meta property=\"og:locale\" content=\"pl_PL\" \/>\n<meta property=\"og:type\" content=\"article\" \/>\n<meta property=\"og:title\" content=\"Rocznica Porozumie\u0144 Sierpniowych. \u201eTrzeba to szczerze przyzna\u0107\u2026\u201d - POGOTOWIE FLAGOWE\u00ae\" \/>\n<meta property=\"og:description\" content=\"&#8222;Trzeba uczciwie przyzna\u0107, \u017ce wolna Polska nie spe\u0142ni\u0142a wszystkich nadziei, jakie s\u0142usznie pok\u0142adali w niej dzia\u0142acze Solidarno\u015bci. Zbyt d\u0142ugo zbyt\" \/>\n<meta property=\"og:url\" content=\"https:\/\/www.pogotowieflagowe.pl\/aktualne\/rocznica-porozumien-sierpniowych-trzeba-to-szczerze-przyznac\/\" \/>\n<meta property=\"og:site_name\" content=\"POGOTOWIE FLAGOWE\u00ae\" \/>\n<meta property=\"article:published_time\" content=\"2026-09-03T13:49:25+00:00\" \/>\n<meta property=\"article:modified_time\" content=\"2026-09-03T13:49:27+00:00\" \/>\n<meta property=\"og:image\" content=\"https:\/\/www.pogotowieflagowe.pl\/aktualne\/wp-content\/uploads\/2026\/09\/Rocznica-Porozumien-Sierpniowych-\u201eTrzeba-to-szczerze-przyznac\u2026.jpg\" \/>\n\t<meta property=\"og:image:width\" content=\"1280\" \/>\n\t<meta property=\"og:image:height\" content=\"842\" \/>\n\t<meta property=\"og:image:type\" content=\"image\/jpeg\" \/>\n<meta name=\"author\" content=\"Filip\" \/>\n<meta name=\"twitter:card\" content=\"summary_large_image\" \/>\n<meta name=\"twitter:label1\" content=\"Napisane przez\" \/>\n\t<meta name=\"twitter:data1\" content=\"Filip\" \/>\n\t<meta name=\"twitter:label2\" content=\"Szacowany czas czytania\" \/>\n\t<meta name=\"twitter:data2\" content=\"2 minuty\" \/>\n<script type=\"application\/ld+json\" class=\"yoast-schema-graph\">{\"@context\":\"https:\/\/schema.org\",\"@graph\":[{\"@type\":\"Article\",\"@id\":\"https:\/\/www.pogotowieflagowe.pl\/aktualne\/rocznica-porozumien-sierpniowych-trzeba-to-szczerze-przyznac\/#article\",\"isPartOf\":{\"@id\":\"https:\/\/www.pogotowieflagowe.pl\/aktualne\/rocznica-porozumien-sierpniowych-trzeba-to-szczerze-przyznac\/\"},\"author\":{\"name\":\"Filip\",\"@id\":\"https:\/\/www.pogotowieflagowe.pl\/aktualne\/#\/schema\/person\/9c2fb7d2362ebf6fa088960d7f0d27b0\"},\"headline\":\"Rocznica Porozumie\u0144 Sierpniowych. \u201eTrzeba to szczerze przyzna\u0107\u2026\u201d\",\"datePublished\":\"2026-09-03T13:49:25+00:00\",\"dateModified\":\"2026-09-03T13:49:27+00:00\",\"mainEntityOfPage\":{\"@id\":\"https:\/\/www.pogotowieflagowe.pl\/aktualne\/rocznica-porozumien-sierpniowych-trzeba-to-szczerze-przyznac\/\"},\"wordCount\":501,\"commentCount\":0,\"publisher\":{\"@id\":\"https:\/\/www.pogotowieflagowe.pl\/aktualne\/#organization\"},\"image\":{\"@id\":\"https:\/\/www.pogotowieflagowe.pl\/aktualne\/rocznica-porozumien-sierpniowych-trzeba-to-szczerze-przyznac\/#primaryimage\"},\"thumbnailUrl\":\"https:\/\/www.pogotowieflagowe.pl\/aktualne\/wp-content\/uploads\/2026\/09\/Rocznica-Porozumien-Sierpniowych-\u201eTrzeba-to-szczerze-przyznac\u2026.jpg\",\"keywords\":[\"porozumie\u0144\",\"przyzna\u0107\",\"rocznica\",\"Sierpniowych\",\"szczerze\",\"trzeba\"],\"articleSection\":[\"Aktualne\"],\"inLanguage\":\"pl-PL\",\"potentialAction\":[{\"@type\":\"CommentAction\",\"name\":\"Comment\",\"target\":[\"https:\/\/www.pogotowieflagowe.pl\/aktualne\/rocznica-porozumien-sierpniowych-trzeba-to-szczerze-przyznac\/#respond\"]}]},{\"@type\":\"WebPage\",\"@id\":\"https:\/\/www.pogotowieflagowe.pl\/aktualne\/rocznica-porozumien-sierpniowych-trzeba-to-szczerze-przyznac\/\",\"url\":\"https:\/\/www.pogotowieflagowe.pl\/aktualne\/rocznica-porozumien-sierpniowych-trzeba-to-szczerze-przyznac\/\",\"name\":\"Rocznica Porozumie\u0144 Sierpniowych. \u201eTrzeba to szczerze przyzna\u0107\u2026\u201d - POGOTOWIE FLAGOWE\u00ae\",\"isPartOf\":{\"@id\":\"https:\/\/www.pogotowieflagowe.pl\/aktualne\/#website\"},\"primaryImageOfPage\":{\"@id\":\"https:\/\/www.pogotowieflagowe.pl\/aktualne\/rocznica-porozumien-sierpniowych-trzeba-to-szczerze-przyznac\/#primaryimage\"},\"image\":{\"@id\":\"https:\/\/www.pogotowieflagowe.pl\/aktualne\/rocznica-porozumien-sierpniowych-trzeba-to-szczerze-przyznac\/#primaryimage\"},\"thumbnailUrl\":\"https:\/\/www.pogotowieflagowe.pl\/aktualne\/wp-content\/uploads\/2026\/09\/Rocznica-Porozumien-Sierpniowych-\u201eTrzeba-to-szczerze-przyznac\u2026.jpg\",\"datePublished\":\"2026-09-03T13:49:25+00:00\",\"dateModified\":\"2026-09-03T13:49:27+00:00\",\"breadcrumb\":{\"@id\":\"https:\/\/www.pogotowieflagowe.pl\/aktualne\/rocznica-porozumien-sierpniowych-trzeba-to-szczerze-przyznac\/#breadcrumb\"},\"inLanguage\":\"pl-PL\",\"potentialAction\":[{\"@type\":\"ReadAction\",\"target\":[\"https:\/\/www.pogotowieflagowe.pl\/aktualne\/rocznica-porozumien-sierpniowych-trzeba-to-szczerze-przyznac\/\"]}]},{\"@type\":\"ImageObject\",\"inLanguage\":\"pl-PL\",\"@id\":\"https:\/\/www.pogotowieflagowe.pl\/aktualne\/rocznica-porozumien-sierpniowych-trzeba-to-szczerze-przyznac\/#primaryimage\",\"url\":\"https:\/\/www.pogotowieflagowe.pl\/aktualne\/wp-content\/uploads\/2026\/09\/Rocznica-Porozumien-Sierpniowych-\u201eTrzeba-to-szczerze-przyznac\u2026.jpg\",\"contentUrl\":\"https:\/\/www.pogotowieflagowe.pl\/aktualne\/wp-content\/uploads\/2026\/09\/Rocznica-Porozumien-Sierpniowych-\u201eTrzeba-to-szczerze-przyznac\u2026.jpg\",\"width\":1280,\"height\":842},{\"@type\":\"BreadcrumbList\",\"@id\":\"https:\/\/www.pogotowieflagowe.pl\/aktualne\/rocznica-porozumien-sierpniowych-trzeba-to-szczerze-przyznac\/#breadcrumb\",\"itemListElement\":[{\"@type\":\"ListItem\",\"position\":1,\"name\":\"Home\",\"item\":\"https:\/\/www.pogotowieflagowe.pl\/aktualne\/\"},{\"@type\":\"ListItem\",\"position\":2,\"name\":\"Rocznica Porozumie\u0144 Sierpniowych. \u201eTrzeba to szczerze przyzna\u0107\u2026\u201d\"}]},{\"@type\":\"WebSite\",\"@id\":\"https:\/\/www.pogotowieflagowe.pl\/aktualne\/#website\",\"url\":\"https:\/\/www.pogotowieflagowe.pl\/aktualne\/\",\"name\":\"POGOTOWIE FLAGOWE\u00ae\",\"description\":\"\",\"publisher\":{\"@id\":\"https:\/\/www.pogotowieflagowe.pl\/aktualne\/#organization\"},\"potentialAction\":[{\"@type\":\"SearchAction\",\"target\":{\"@type\":\"EntryPoint\",\"urlTemplate\":\"https:\/\/www.pogotowieflagowe.pl\/aktualne\/?s={search_term_string}\"},\"query-input\":\"required name=search_term_string\"}],\"inLanguage\":\"pl-PL\"},{\"@type\":\"Organization\",\"@id\":\"https:\/\/www.pogotowieflagowe.pl\/aktualne\/#organization\",\"name\":\"POGOTOWIE FLAGOWE\u00ae\",\"url\":\"https:\/\/www.pogotowieflagowe.pl\/aktualne\/\",\"logo\":{\"@type\":\"ImageObject\",\"inLanguage\":\"pl-PL\",\"@id\":\"https:\/\/www.pogotowieflagowe.pl\/aktualne\/#\/schema\/logo\/image\/\",\"url\":\"https:\/\/www.pogotowieflagowe.pl\/aktualne\/wp-content\/uploads\/2024\/08\/cropped-pogotowieflagowe_flaga_projekt_sm.jpg\",\"contentUrl\":\"https:\/\/www.pogotowieflagowe.pl\/aktualne\/wp-content\/uploads\/2024\/08\/cropped-pogotowieflagowe_flaga_projekt_sm.jpg\",\"width\":250,\"height\":143,\"caption\":\"POGOTOWIE FLAGOWE\u00ae\"},\"image\":{\"@id\":\"https:\/\/www.pogotowieflagowe.pl\/aktualne\/#\/schema\/logo\/image\/\"}},{\"@type\":\"Person\",\"@id\":\"https:\/\/www.pogotowieflagowe.pl\/aktualne\/#\/schema\/person\/9c2fb7d2362ebf6fa088960d7f0d27b0\",\"name\":\"Filip\",\"image\":{\"@type\":\"ImageObject\",\"inLanguage\":\"pl-PL\",\"@id\":\"https:\/\/www.pogotowieflagowe.pl\/aktualne\/#\/schema\/person\/image\/\",\"url\":\"https:\/\/www.pogotowieflagowe.pl\/aktualne\/wp-content\/uploads\/2024\/08\/pogotowieflagowe.pl_.jpg\",\"contentUrl\":\"https:\/\/www.pogotowieflagowe.pl\/aktualne\/wp-content\/uploads\/2024\/08\/pogotowieflagowe.pl_.jpg\",\"caption\":\"Filip\"},\"description\":\"Jestem Filip, polski dziennikarz z dyplomem nauk politycznych Uniwersytetu Warszawskiego. Rozpoczynaj\u0105c swoj\u0105 karier\u0119 w r\u00f3\u017cnych lokalnych mediach, zdoby\u0142em solidne do\u015bwiadczenie w zakresie \u015bledztwa i redakcji. Obecnie jako redaktor w Pogotowie flagowe, staram si\u0119 dostarcza\u0107 dog\u0142\u0119bne i istotne analizy na temat najwa\u017cniejszych kwestii aktualno\u015bci, \u0142\u0105cz\u0105c rygor z pasj\u0105 dziennikarsk\u0105.\",\"sameAs\":[\"https:\/\/www.pogotowieflagowe.pl\/\"]}]}<\/script>\n<!-- \/ Yoast SEO plugin. -->","yoast_head_json":{"title":"Rocznica Porozumie\u0144 Sierpniowych. \u201eTrzeba to szczerze przyzna\u0107\u2026\u201d - POGOTOWIE FLAGOWE\u00ae","robots":{"index":"index","follow":"follow","max-snippet":"max-snippet:-1","max-image-preview":"max-image-preview:large","max-video-preview":"max-video-preview:-1"},"canonical":"https:\/\/www.pogotowieflagowe.pl\/aktualne\/rocznica-porozumien-sierpniowych-trzeba-to-szczerze-przyznac\/","og_locale":"pl_PL","og_type":"article","og_title":"Rocznica Porozumie\u0144 Sierpniowych. \u201eTrzeba to szczerze przyzna\u0107\u2026\u201d - POGOTOWIE FLAGOWE\u00ae","og_description":"&#8222;Trzeba uczciwie przyzna\u0107, \u017ce wolna Polska nie spe\u0142ni\u0142a wszystkich nadziei, jakie s\u0142usznie pok\u0142adali w niej dzia\u0142acze Solidarno\u015bci. Zbyt d\u0142ugo zbyt","og_url":"https:\/\/www.pogotowieflagowe.pl\/aktualne\/rocznica-porozumien-sierpniowych-trzeba-to-szczerze-przyznac\/","og_site_name":"POGOTOWIE FLAGOWE\u00ae","article_published_time":"2026-09-03T13:49:25+00:00","article_modified_time":"2026-09-03T13:49:27+00:00","og_image":[{"width":1280,"height":842,"url":"https:\/\/www.pogotowieflagowe.pl\/aktualne\/wp-content\/uploads\/2026\/09\/Rocznica-Porozumien-Sierpniowych-\u201eTrzeba-to-szczerze-przyznac\u2026.jpg","type":"image\/jpeg"}],"author":"Filip","twitter_card":"summary_large_image","twitter_misc":{"Napisane przez":"Filip","Szacowany czas czytania":"2 minuty"},"schema":{"@context":"https:\/\/schema.org","@graph":[{"@type":"Article","@id":"https:\/\/www.pogotowieflagowe.pl\/aktualne\/rocznica-porozumien-sierpniowych-trzeba-to-szczerze-przyznac\/#article","isPartOf":{"@id":"https:\/\/www.pogotowieflagowe.pl\/aktualne\/rocznica-porozumien-sierpniowych-trzeba-to-szczerze-przyznac\/"},"author":{"name":"Filip","@id":"https:\/\/www.pogotowieflagowe.pl\/aktualne\/#\/schema\/person\/9c2fb7d2362ebf6fa088960d7f0d27b0"},"headline":"Rocznica Porozumie\u0144 Sierpniowych. \u201eTrzeba to szczerze przyzna\u0107\u2026\u201d","datePublished":"2026-09-03T13:49:25+00:00","dateModified":"2026-09-03T13:49:27+00:00","mainEntityOfPage":{"@id":"https:\/\/www.pogotowieflagowe.pl\/aktualne\/rocznica-porozumien-sierpniowych-trzeba-to-szczerze-przyznac\/"},"wordCount":501,"commentCount":0,"publisher":{"@id":"https:\/\/www.pogotowieflagowe.pl\/aktualne\/#organization"},"image":{"@id":"https:\/\/www.pogotowieflagowe.pl\/aktualne\/rocznica-porozumien-sierpniowych-trzeba-to-szczerze-przyznac\/#primaryimage"},"thumbnailUrl":"https:\/\/www.pogotowieflagowe.pl\/aktualne\/wp-content\/uploads\/2026\/09\/Rocznica-Porozumien-Sierpniowych-\u201eTrzeba-to-szczerze-przyznac\u2026.jpg","keywords":["porozumie\u0144","przyzna\u0107","rocznica","Sierpniowych","szczerze","trzeba"],"articleSection":["Aktualne"],"inLanguage":"pl-PL","potentialAction":[{"@type":"CommentAction","name":"Comment","target":["https:\/\/www.pogotowieflagowe.pl\/aktualne\/rocznica-porozumien-sierpniowych-trzeba-to-szczerze-przyznac\/#respond"]}]},{"@type":"WebPage","@id":"https:\/\/www.pogotowieflagowe.pl\/aktualne\/rocznica-porozumien-sierpniowych-trzeba-to-szczerze-przyznac\/","url":"https:\/\/www.pogotowieflagowe.pl\/aktualne\/rocznica-porozumien-sierpniowych-trzeba-to-szczerze-przyznac\/","name":"Rocznica Porozumie\u0144 Sierpniowych. \u201eTrzeba to szczerze przyzna\u0107\u2026\u201d - POGOTOWIE FLAGOWE\u00ae","isPartOf":{"@id":"https:\/\/www.pogotowieflagowe.pl\/aktualne\/#website"},"primaryImageOfPage":{"@id":"https:\/\/www.pogotowieflagowe.pl\/aktualne\/rocznica-porozumien-sierpniowych-trzeba-to-szczerze-przyznac\/#primaryimage"},"image":{"@id":"https:\/\/www.pogotowieflagowe.pl\/aktualne\/rocznica-porozumien-sierpniowych-trzeba-to-szczerze-przyznac\/#primaryimage"},"thumbnailUrl":"https:\/\/www.pogotowieflagowe.pl\/aktualne\/wp-content\/uploads\/2026\/09\/Rocznica-Porozumien-Sierpniowych-\u201eTrzeba-to-szczerze-przyznac\u2026.jpg","datePublished":"2026-09-03T13:49:25+00:00","dateModified":"2026-09-03T13:49:27+00:00","breadcrumb":{"@id":"https:\/\/www.pogotowieflagowe.pl\/aktualne\/rocznica-porozumien-sierpniowych-trzeba-to-szczerze-przyznac\/#breadcrumb"},"inLanguage":"pl-PL","potentialAction":[{"@type":"ReadAction","target":["https:\/\/www.pogotowieflagowe.pl\/aktualne\/rocznica-porozumien-sierpniowych-trzeba-to-szczerze-przyznac\/"]}]},{"@type":"ImageObject","inLanguage":"pl-PL","@id":"https:\/\/www.pogotowieflagowe.pl\/aktualne\/rocznica-porozumien-sierpniowych-trzeba-to-szczerze-przyznac\/#primaryimage","url":"https:\/\/www.pogotowieflagowe.pl\/aktualne\/wp-content\/uploads\/2026\/09\/Rocznica-Porozumien-Sierpniowych-\u201eTrzeba-to-szczerze-przyznac\u2026.jpg","contentUrl":"https:\/\/www.pogotowieflagowe.pl\/aktualne\/wp-content\/uploads\/2026\/09\/Rocznica-Porozumien-Sierpniowych-\u201eTrzeba-to-szczerze-przyznac\u2026.jpg","width":1280,"height":842},{"@type":"BreadcrumbList","@id":"https:\/\/www.pogotowieflagowe.pl\/aktualne\/rocznica-porozumien-sierpniowych-trzeba-to-szczerze-przyznac\/#breadcrumb","itemListElement":[{"@type":"ListItem","position":1,"name":"Home","item":"https:\/\/www.pogotowieflagowe.pl\/aktualne\/"},{"@type":"ListItem","position":2,"name":"Rocznica Porozumie\u0144 Sierpniowych. \u201eTrzeba to szczerze przyzna\u0107\u2026\u201d"}]},{"@type":"WebSite","@id":"https:\/\/www.pogotowieflagowe.pl\/aktualne\/#website","url":"https:\/\/www.pogotowieflagowe.pl\/aktualne\/","name":"POGOTOWIE FLAGOWE\u00ae","description":"","publisher":{"@id":"https:\/\/www.pogotowieflagowe.pl\/aktualne\/#organization"},"potentialAction":[{"@type":"SearchAction","target":{"@type":"EntryPoint","urlTemplate":"https:\/\/www.pogotowieflagowe.pl\/aktualne\/?s={search_term_string}"},"query-input":"required name=search_term_string"}],"inLanguage":"pl-PL"},{"@type":"Organization","@id":"https:\/\/www.pogotowieflagowe.pl\/aktualne\/#organization","name":"POGOTOWIE FLAGOWE\u00ae","url":"https:\/\/www.pogotowieflagowe.pl\/aktualne\/","logo":{"@type":"ImageObject","inLanguage":"pl-PL","@id":"https:\/\/www.pogotowieflagowe.pl\/aktualne\/#\/schema\/logo\/image\/","url":"https:\/\/www.pogotowieflagowe.pl\/aktualne\/wp-content\/uploads\/2024\/08\/cropped-pogotowieflagowe_flaga_projekt_sm.jpg","contentUrl":"https:\/\/www.pogotowieflagowe.pl\/aktualne\/wp-content\/uploads\/2024\/08\/cropped-pogotowieflagowe_flaga_projekt_sm.jpg","width":250,"height":143,"caption":"POGOTOWIE FLAGOWE\u00ae"},"image":{"@id":"https:\/\/www.pogotowieflagowe.pl\/aktualne\/#\/schema\/logo\/image\/"}},{"@type":"Person","@id":"https:\/\/www.pogotowieflagowe.pl\/aktualne\/#\/schema\/person\/9c2fb7d2362ebf6fa088960d7f0d27b0","name":"Filip","image":{"@type":"ImageObject","inLanguage":"pl-PL","@id":"https:\/\/www.pogotowieflagowe.pl\/aktualne\/#\/schema\/person\/image\/","url":"https:\/\/www.pogotowieflagowe.pl\/aktualne\/wp-content\/uploads\/2024\/08\/pogotowieflagowe.pl_.jpg","contentUrl":"https:\/\/www.pogotowieflagowe.pl\/aktualne\/wp-content\/uploads\/2024\/08\/pogotowieflagowe.pl_.jpg","caption":"Filip"},"description":"Jestem Filip, polski dziennikarz z dyplomem nauk politycznych Uniwersytetu Warszawskiego. Rozpoczynaj\u0105c swoj\u0105 karier\u0119 w r\u00f3\u017cnych lokalnych mediach, zdoby\u0142em solidne do\u015bwiadczenie w zakresie \u015bledztwa i redakcji. Obecnie jako redaktor w Pogotowie flagowe, staram si\u0119 dostarcza\u0107 dog\u0142\u0119bne i istotne analizy na temat najwa\u017cniejszych kwestii aktualno\u015bci, \u0142\u0105cz\u0105c rygor z pasj\u0105 dziennikarsk\u0105.","sameAs":["https:\/\/www.pogotowieflagowe.pl\/"]}]}},"_links":{"self":[{"href":"https:\/\/www.pogotowieflagowe.pl\/aktualne\/wp-json\/wp\/v2\/posts\/13530","targetHints":{"allow":["GET"]}}],"collection":[{"href":"https:\/\/www.pogotowieflagowe.pl\/aktualne\/wp-json\/wp\/v2\/posts"}],"about":[{"href":"https:\/\/www.pogotowieflagowe.pl\/aktualne\/wp-json\/wp\/v2\/types\/post"}],"author":[{"embeddable":true,"href":"https:\/\/www.pogotowieflagowe.pl\/aktualne\/wp-json\/wp\/v2\/users\/1"}],"replies":[{"embeddable":true,"href":"https:\/\/www.pogotowieflagowe.pl\/aktualne\/wp-json\/wp\/v2\/comments?post=13530"}],"version-history":[{"count":1,"href":"https:\/\/www.pogotowieflagowe.pl\/aktualne\/wp-json\/wp\/v2\/posts\/13530\/revisions"}],"predecessor-version":[{"id":13532,"href":"https:\/\/www.pogotowieflagowe.pl\/aktualne\/wp-json\/wp\/v2\/posts\/13530\/revisions\/13532"}],"wp:featuredmedia":[{"embeddable":true,"href":"https:\/\/www.pogotowieflagowe.pl\/aktualne\/wp-json\/wp\/v2\/media\/13531"}],"wp:attachment":[{"href":"https:\/\/www.pogotowieflagowe.pl\/aktualne\/wp-json\/wp\/v2\/media?parent=13530"}],"wp:term":[{"taxonomy":"category","embeddable":true,"href":"https:\/\/www.pogotowieflagowe.pl\/aktualne\/wp-json\/wp\/v2\/categories?post=13530"},{"taxonomy":"post_tag","embeddable":true,"href":"https:\/\/www.pogotowieflagowe.pl\/aktualne\/wp-json\/wp\/v2\/tags?post=13530"}],"curies":[{"name":"wp","href":"https:\/\/api.w.org\/{rel}","templated":true}]}}