{"id":13533,"date":"2026-09-03T19:49:01","date_gmt":"2026-09-03T17:49:01","guid":{"rendered":"https:\/\/www.pogotowieflagowe.pl\/aktualne\/urzadzenia-zapalajace-wyrzucone-z-samochodu-w-monachium-w-zwiazku-z-kolejna-podejrzana-proba-sabotazu\/"},"modified":"2026-09-03T19:49:03","modified_gmt":"2026-09-03T17:49:03","slug":"urzadzenia-zapalajace-wyrzucone-z-samochodu-w-monachium-w-zwiazku-z-kolejna-podejrzana-proba-sabotazu","status":"publish","type":"post","link":"https:\/\/www.pogotowieflagowe.pl\/aktualne\/urzadzenia-zapalajace-wyrzucone-z-samochodu-w-monachium-w-zwiazku-z-kolejna-podejrzana-proba-sabotazu\/","title":{"rendered":"Urz\u0105dzenia zapalaj\u0105ce wyrzucone z samochodu w Monachium w zwi\u0105zku z kolejn\u0105 podejrzan\u0105 pr\u00f3b\u0105 sabota\u017cu"},"content":{"rendered":"<div>\n<p class=\"wp-block-paragraph\">Dzie\u0144 po dniu nap\u0142ywaj\u0105 z Niemiec doniesienia o kolejnych dzia\u0142aniach lub pr\u00f3bach akt\u00f3w dywersyjnych. Ostatnio ich celem by\u0142y elektrownie \u2013 w Brandenburgii i niedaleko Kolonii w zachodnich Niemczech. Wcze\u015bniej na pierwszych stronach gazet pojawi\u0142a si\u0119 informacja o aktywno\u015bci rosyjskich dron\u00f3w na lotnisku w Lipsku. Dzi\u015b \u2013 zgodnie z <em>Suddeutsche Zeitung<\/em> \u2013 do pr\u00f3by podpalenia dosz\u0142o w monachijskiej dzielnicy Berg am Laim, gdzie mieszcz\u0105 si\u0119 siedziby dw\u00f3ch firm obronnych.<\/p>\n<p class=\"wp-block-paragraph\">Jak podaje \u201eSZ\u201d, tu\u017c po p\u00f3\u0142nocy ze \u015brody na czwartek przechodnie zaalarmowali policj\u0119, \u017ce z samochodu przy Muehldorfstrasse wyrzucono kilka urz\u0105dze\u0144 zapalaj\u0105cych. Siedziby firm zbrojeniowych Rohde &#038; Schwarz i Helsing mieszcz\u0105 si\u0119 przy ul.<\/p>\n<p class=\"wp-block-paragraph\">Rzecznik bawarskiej policji powiedzia\u0142, \u017ce jedno z urz\u0105dze\u0144 zosta\u0142o rozbrojone przez funkcjonariuszy. Co najmniej jedno inne urz\u0105dzenie, kt\u00f3re nie uleg\u0142o zapaleniu, zosta\u0142o p\u00f3\u017aniej zneutralizowane przez specjalist\u00f3w z Bawarskiego Urz\u0119du Kryminalnego. Nie zg\u0142oszono \u017cadnych powa\u017cnych uszkodze\u0144.<\/p>\n<p class=\"wp-block-paragraph\">Zatrzymano dw\u00f3ch podejrzanych, obywateli Bu\u0142garii \u2013 28-letni\u0105 kobiet\u0119 i 38-letniego m\u0119\u017cczyzn\u0119. Wed\u0142ug agencji informacyjnej dpa zostali zatrzymani na stacji benzynowej.<\/p>\n<p class=\"wp-block-paragraph\">\u015aledztwo przej\u0105\u0142 Urz\u0105d Kryminalny Bawarii, kt\u00f3ry podejrzewa pr\u00f3b\u0119 ataku na firm\u0119 z bran\u017cy obronnej i bada t\u0142o polityczne zdarzenia. Policja nie okre\u015bli\u0142a, kt\u00f3ra firma by\u0142a rzekomo celem ataku.<\/p>\n<p class=\"wp-block-paragraph\">Wed\u0142ug doniesie\u0144 \u201eSZ\u201d urz\u0105dzenia mia\u0142y zosta\u0107 wyrzucone z samochodu przed siedzib\u0105 firmy Rohde &#038; Schwarz. Siedziba Helsinga znajduje si\u0119 po przeciwnej stronie Muehldorfstrasse.<\/p>\n<p class=\"wp-block-paragraph\">Rohde &#038; Schwarz opracowuje i produkuje mi\u0119dzy innymi systemy radiowe i komunikacyjne dla instytucji rz\u0105dowych, s\u0142u\u017cb bezpiecze\u0144stwa i Bundeswehry. Helsing, start-up za\u0142o\u017cony w 2021 roku, zajmuje si\u0119 przede wszystkim produkcj\u0105 dron\u00f3w.<\/p>\n<p class=\"wp-block-paragraph\">Jak donosi \u201eSZ\u201d, pr\u00f3ba ataku na firm\u0119 z bran\u017cy obronnej w Monachium jest cz\u0119\u015bci\u0105 serii oko\u0142o 50 atak\u00f3w na obiekty infrastruktury krytycznej w Monachium i okolicach, kt\u00f3re mia\u0142y miejsce w ostatnich latach.<\/p>\n<p class=\"wp-block-paragraph\">Doniesienia o zdarzeniu nadesz\u0142y po zg\u0142oszonych we wtorek pr\u00f3bach sabota\u017cu w pobli\u017cu elektrowni w\u0119glowej Jaenschwalde we wschodnich Niemczech i podstacji energetycznej w Bergheim ko\u0142o Kolonii.<\/p>\n<p class=\"wp-block-paragraph\">W\u0142adze badaj\u0105 akty sabota\u017cu wymierzone w porz\u0105dek konstytucyjny i zak\u0142\u00f3caj\u0105ce dzia\u0142alno\u015b\u0107 sp\u00f3\u0142ek sektora publicznego. Wst\u0119pne ustalenia wskazuj\u0105 na podobny schemat organizacyjny pomi\u0119dzy sabota\u017cem w Bergheim a atakiem na sie\u0107 energetyczn\u0105 w Brandenburgii.<\/p>\n<h2 class=\"wp-block-heading\">Elektrownia Bergheim<\/h2>\n<p class=\"wp-block-paragraph\">Niemiecki rz\u0105d oskar\u017cy\u0142 Rosj\u0119 o sierpniowy incydent z udzia\u0142em drona przewo\u017c\u0105cego materia\u0142y wybuchowe na lotnisku w Lipsku. Wed\u0142ug \u201eSZ\u201d podejrzanymi o pr\u00f3b\u0119 ataku na ukrai\u0144ski samolot transportowy jest urodzony w Rosji m\u0119\u017cczyzna posiadaj\u0105cy \u0142otewski paszport oraz obywatel rosyjski pochodz\u0105cy z Bia\u0142orusi. Moskwa odrzuci\u0142a te zarzuty.<\/p>\n<p class=\"wp-block-paragraph\">W odpowiedzi na incydent w Lipsku Niemcy zamkn\u0105 Konsulat Generalny Rosji w Bonn i centrum kulturalne Russian House w Berlinie. W odwecie minister spraw zagranicznych Rosji Siergiej \u0141awrow og\u0142osi\u0142 w czwartek zamkni\u0119cie Goethe-Institut w Federacji Rosyjskiej.<\/p>\n<\/div>\n","protected":false},"excerpt":{"rendered":"<p>Dzie\u0144 po dniu nap\u0142ywaj\u0105 z Niemiec doniesienia o kolejnych dzia\u0142aniach lub pr\u00f3bach akt\u00f3w dywersyjnych. Ostatnio ich celem by\u0142y elektrownie \u2013<\/p>\n","protected":false},"author":1,"featured_media":13534,"comment_status":"open","ping_status":"open","sticky":false,"template":"","format":"standard","meta":{"footnotes":""},"categories":[44],"tags":[6051,5464,12802,3668,5957,3841,14366,14368,14367,33],"class_list":["post-13533","post","type-post","status-publish","format-standard","has-post-thumbnail","hentry","category-polityka","tag-kolejna","tag-monachium","tag-podejrzana","tag-proba","tag-sabotazu","tag-samochodu","tag-urzadzenia","tag-wyrzucone","tag-zapalajace","tag-zwiazku","generate-columns","tablet-grid-50","mobile-grid-100","grid-parent","grid-50","resize-featured-image"],"yoast_head":"<!-- This site is optimized with the Yoast SEO plugin v23.2 - https:\/\/yoast.com\/wordpress\/plugins\/seo\/ -->\n<title>Urz\u0105dzenia zapalaj\u0105ce wyrzucone z samochodu w Monachium w zwi\u0105zku z kolejn\u0105 podejrzan\u0105 pr\u00f3b\u0105 sabota\u017cu - POGOTOWIE FLAGOWE\u00ae<\/title>\n<meta name=\"robots\" content=\"index, follow, max-snippet:-1, max-image-preview:large, max-video-preview:-1\" \/>\n<link rel=\"canonical\" href=\"https:\/\/www.pogotowieflagowe.pl\/aktualne\/urzadzenia-zapalajace-wyrzucone-z-samochodu-w-monachium-w-zwiazku-z-kolejna-podejrzana-proba-sabotazu\/\" \/>\n<meta property=\"og:locale\" content=\"pl_PL\" \/>\n<meta property=\"og:type\" content=\"article\" \/>\n<meta property=\"og:title\" content=\"Urz\u0105dzenia zapalaj\u0105ce wyrzucone z samochodu w Monachium w zwi\u0105zku z kolejn\u0105 podejrzan\u0105 pr\u00f3b\u0105 sabota\u017cu - POGOTOWIE FLAGOWE\u00ae\" \/>\n<meta property=\"og:description\" content=\"Dzie\u0144 po dniu nap\u0142ywaj\u0105 z Niemiec doniesienia o kolejnych dzia\u0142aniach lub pr\u00f3bach akt\u00f3w dywersyjnych. Ostatnio ich celem by\u0142y elektrownie \u2013\" \/>\n<meta property=\"og:url\" content=\"https:\/\/www.pogotowieflagowe.pl\/aktualne\/urzadzenia-zapalajace-wyrzucone-z-samochodu-w-monachium-w-zwiazku-z-kolejna-podejrzana-proba-sabotazu\/\" \/>\n<meta property=\"og:site_name\" content=\"POGOTOWIE FLAGOWE\u00ae\" \/>\n<meta property=\"article:published_time\" content=\"2026-09-03T17:49:01+00:00\" \/>\n<meta property=\"article:modified_time\" content=\"2026-09-03T17:49:03+00:00\" \/>\n<meta property=\"og:image\" content=\"https:\/\/www.pogotowieflagowe.pl\/aktualne\/wp-content\/uploads\/2026\/09\/Urzadzenia-zapalajace-wyrzucone-z-samochodu-w-Monachium-w-zwiazku-z.webp\" \/>\n\t<meta property=\"og:image:width\" content=\"1280\" \/>\n\t<meta property=\"og:image:height\" content=\"720\" \/>\n\t<meta property=\"og:image:type\" content=\"image\/webp\" \/>\n<meta name=\"author\" content=\"Filip\" \/>\n<meta name=\"twitter:card\" content=\"summary_large_image\" \/>\n<meta name=\"twitter:label1\" content=\"Napisane przez\" \/>\n\t<meta name=\"twitter:data1\" content=\"Filip\" \/>\n\t<meta name=\"twitter:label2\" content=\"Szacowany czas czytania\" \/>\n\t<meta name=\"twitter:data2\" content=\"2 minuty\" \/>\n<script type=\"application\/ld+json\" class=\"yoast-schema-graph\">{\"@context\":\"https:\/\/schema.org\",\"@graph\":[{\"@type\":\"Article\",\"@id\":\"https:\/\/www.pogotowieflagowe.pl\/aktualne\/urzadzenia-zapalajace-wyrzucone-z-samochodu-w-monachium-w-zwiazku-z-kolejna-podejrzana-proba-sabotazu\/#article\",\"isPartOf\":{\"@id\":\"https:\/\/www.pogotowieflagowe.pl\/aktualne\/urzadzenia-zapalajace-wyrzucone-z-samochodu-w-monachium-w-zwiazku-z-kolejna-podejrzana-proba-sabotazu\/\"},\"author\":{\"name\":\"Filip\",\"@id\":\"https:\/\/www.pogotowieflagowe.pl\/aktualne\/#\/schema\/person\/9c2fb7d2362ebf6fa088960d7f0d27b0\"},\"headline\":\"Urz\u0105dzenia zapalaj\u0105ce wyrzucone z samochodu w Monachium w zwi\u0105zku z kolejn\u0105 podejrzan\u0105 pr\u00f3b\u0105 sabota\u017cu\",\"datePublished\":\"2026-09-03T17:49:01+00:00\",\"dateModified\":\"2026-09-03T17:49:03+00:00\",\"mainEntityOfPage\":{\"@id\":\"https:\/\/www.pogotowieflagowe.pl\/aktualne\/urzadzenia-zapalajace-wyrzucone-z-samochodu-w-monachium-w-zwiazku-z-kolejna-podejrzana-proba-sabotazu\/\"},\"wordCount\":510,\"commentCount\":0,\"publisher\":{\"@id\":\"https:\/\/www.pogotowieflagowe.pl\/aktualne\/#organization\"},\"image\":{\"@id\":\"https:\/\/www.pogotowieflagowe.pl\/aktualne\/urzadzenia-zapalajace-wyrzucone-z-samochodu-w-monachium-w-zwiazku-z-kolejna-podejrzana-proba-sabotazu\/#primaryimage\"},\"thumbnailUrl\":\"https:\/\/www.pogotowieflagowe.pl\/aktualne\/wp-content\/uploads\/2026\/09\/Urzadzenia-zapalajace-wyrzucone-z-samochodu-w-Monachium-w-zwiazku-z.webp\",\"keywords\":[\"Kolejna\",\"Monachium\",\"podejrzan\u0105\",\"pr\u00f3ba\",\"sabota\u017cu\",\"samochodu\",\"Urz\u0105dzenia\",\"wyrzucone\",\"zapalaj\u0105ce\",\"zwi\u0105zku\"],\"articleSection\":[\"Polityka\"],\"inLanguage\":\"pl-PL\",\"potentialAction\":[{\"@type\":\"CommentAction\",\"name\":\"Comment\",\"target\":[\"https:\/\/www.pogotowieflagowe.pl\/aktualne\/urzadzenia-zapalajace-wyrzucone-z-samochodu-w-monachium-w-zwiazku-z-kolejna-podejrzana-proba-sabotazu\/#respond\"]}]},{\"@type\":\"WebPage\",\"@id\":\"https:\/\/www.pogotowieflagowe.pl\/aktualne\/urzadzenia-zapalajace-wyrzucone-z-samochodu-w-monachium-w-zwiazku-z-kolejna-podejrzana-proba-sabotazu\/\",\"url\":\"https:\/\/www.pogotowieflagowe.pl\/aktualne\/urzadzenia-zapalajace-wyrzucone-z-samochodu-w-monachium-w-zwiazku-z-kolejna-podejrzana-proba-sabotazu\/\",\"name\":\"Urz\u0105dzenia zapalaj\u0105ce wyrzucone z samochodu w Monachium w zwi\u0105zku z kolejn\u0105 podejrzan\u0105 pr\u00f3b\u0105 sabota\u017cu - POGOTOWIE FLAGOWE\u00ae\",\"isPartOf\":{\"@id\":\"https:\/\/www.pogotowieflagowe.pl\/aktualne\/#website\"},\"primaryImageOfPage\":{\"@id\":\"https:\/\/www.pogotowieflagowe.pl\/aktualne\/urzadzenia-zapalajace-wyrzucone-z-samochodu-w-monachium-w-zwiazku-z-kolejna-podejrzana-proba-sabotazu\/#primaryimage\"},\"image\":{\"@id\":\"https:\/\/www.pogotowieflagowe.pl\/aktualne\/urzadzenia-zapalajace-wyrzucone-z-samochodu-w-monachium-w-zwiazku-z-kolejna-podejrzana-proba-sabotazu\/#primaryimage\"},\"thumbnailUrl\":\"https:\/\/www.pogotowieflagowe.pl\/aktualne\/wp-content\/uploads\/2026\/09\/Urzadzenia-zapalajace-wyrzucone-z-samochodu-w-Monachium-w-zwiazku-z.webp\",\"datePublished\":\"2026-09-03T17:49:01+00:00\",\"dateModified\":\"2026-09-03T17:49:03+00:00\",\"breadcrumb\":{\"@id\":\"https:\/\/www.pogotowieflagowe.pl\/aktualne\/urzadzenia-zapalajace-wyrzucone-z-samochodu-w-monachium-w-zwiazku-z-kolejna-podejrzana-proba-sabotazu\/#breadcrumb\"},\"inLanguage\":\"pl-PL\",\"potentialAction\":[{\"@type\":\"ReadAction\",\"target\":[\"https:\/\/www.pogotowieflagowe.pl\/aktualne\/urzadzenia-zapalajace-wyrzucone-z-samochodu-w-monachium-w-zwiazku-z-kolejna-podejrzana-proba-sabotazu\/\"]}]},{\"@type\":\"ImageObject\",\"inLanguage\":\"pl-PL\",\"@id\":\"https:\/\/www.pogotowieflagowe.pl\/aktualne\/urzadzenia-zapalajace-wyrzucone-z-samochodu-w-monachium-w-zwiazku-z-kolejna-podejrzana-proba-sabotazu\/#primaryimage\",\"url\":\"https:\/\/www.pogotowieflagowe.pl\/aktualne\/wp-content\/uploads\/2026\/09\/Urzadzenia-zapalajace-wyrzucone-z-samochodu-w-Monachium-w-zwiazku-z.webp\",\"contentUrl\":\"https:\/\/www.pogotowieflagowe.pl\/aktualne\/wp-content\/uploads\/2026\/09\/Urzadzenia-zapalajace-wyrzucone-z-samochodu-w-Monachium-w-zwiazku-z.webp\",\"width\":1280,\"height\":720},{\"@type\":\"BreadcrumbList\",\"@id\":\"https:\/\/www.pogotowieflagowe.pl\/aktualne\/urzadzenia-zapalajace-wyrzucone-z-samochodu-w-monachium-w-zwiazku-z-kolejna-podejrzana-proba-sabotazu\/#breadcrumb\",\"itemListElement\":[{\"@type\":\"ListItem\",\"position\":1,\"name\":\"Home\",\"item\":\"https:\/\/www.pogotowieflagowe.pl\/aktualne\/\"},{\"@type\":\"ListItem\",\"position\":2,\"name\":\"Urz\u0105dzenia zapalaj\u0105ce wyrzucone z samochodu w Monachium w zwi\u0105zku z kolejn\u0105 podejrzan\u0105 pr\u00f3b\u0105 sabota\u017cu\"}]},{\"@type\":\"WebSite\",\"@id\":\"https:\/\/www.pogotowieflagowe.pl\/aktualne\/#website\",\"url\":\"https:\/\/www.pogotowieflagowe.pl\/aktualne\/\",\"name\":\"POGOTOWIE FLAGOWE\u00ae\",\"description\":\"\",\"publisher\":{\"@id\":\"https:\/\/www.pogotowieflagowe.pl\/aktualne\/#organization\"},\"potentialAction\":[{\"@type\":\"SearchAction\",\"target\":{\"@type\":\"EntryPoint\",\"urlTemplate\":\"https:\/\/www.pogotowieflagowe.pl\/aktualne\/?s={search_term_string}\"},\"query-input\":\"required name=search_term_string\"}],\"inLanguage\":\"pl-PL\"},{\"@type\":\"Organization\",\"@id\":\"https:\/\/www.pogotowieflagowe.pl\/aktualne\/#organization\",\"name\":\"POGOTOWIE FLAGOWE\u00ae\",\"url\":\"https:\/\/www.pogotowieflagowe.pl\/aktualne\/\",\"logo\":{\"@type\":\"ImageObject\",\"inLanguage\":\"pl-PL\",\"@id\":\"https:\/\/www.pogotowieflagowe.pl\/aktualne\/#\/schema\/logo\/image\/\",\"url\":\"https:\/\/www.pogotowieflagowe.pl\/aktualne\/wp-content\/uploads\/2024\/08\/cropped-pogotowieflagowe_flaga_projekt_sm.jpg\",\"contentUrl\":\"https:\/\/www.pogotowieflagowe.pl\/aktualne\/wp-content\/uploads\/2024\/08\/cropped-pogotowieflagowe_flaga_projekt_sm.jpg\",\"width\":250,\"height\":143,\"caption\":\"POGOTOWIE FLAGOWE\u00ae\"},\"image\":{\"@id\":\"https:\/\/www.pogotowieflagowe.pl\/aktualne\/#\/schema\/logo\/image\/\"}},{\"@type\":\"Person\",\"@id\":\"https:\/\/www.pogotowieflagowe.pl\/aktualne\/#\/schema\/person\/9c2fb7d2362ebf6fa088960d7f0d27b0\",\"name\":\"Filip\",\"image\":{\"@type\":\"ImageObject\",\"inLanguage\":\"pl-PL\",\"@id\":\"https:\/\/www.pogotowieflagowe.pl\/aktualne\/#\/schema\/person\/image\/\",\"url\":\"https:\/\/www.pogotowieflagowe.pl\/aktualne\/wp-content\/uploads\/2024\/08\/pogotowieflagowe.pl_.jpg\",\"contentUrl\":\"https:\/\/www.pogotowieflagowe.pl\/aktualne\/wp-content\/uploads\/2024\/08\/pogotowieflagowe.pl_.jpg\",\"caption\":\"Filip\"},\"description\":\"Jestem Filip, polski dziennikarz z dyplomem nauk politycznych Uniwersytetu Warszawskiego. Rozpoczynaj\u0105c swoj\u0105 karier\u0119 w r\u00f3\u017cnych lokalnych mediach, zdoby\u0142em solidne do\u015bwiadczenie w zakresie \u015bledztwa i redakcji. Obecnie jako redaktor w Pogotowie flagowe, staram si\u0119 dostarcza\u0107 dog\u0142\u0119bne i istotne analizy na temat najwa\u017cniejszych kwestii aktualno\u015bci, \u0142\u0105cz\u0105c rygor z pasj\u0105 dziennikarsk\u0105.\",\"sameAs\":[\"https:\/\/www.pogotowieflagowe.pl\/\"]}]}<\/script>\n<!-- \/ Yoast SEO plugin. -->","yoast_head_json":{"title":"Urz\u0105dzenia zapalaj\u0105ce wyrzucone z samochodu w Monachium w zwi\u0105zku z kolejn\u0105 podejrzan\u0105 pr\u00f3b\u0105 sabota\u017cu - POGOTOWIE FLAGOWE\u00ae","robots":{"index":"index","follow":"follow","max-snippet":"max-snippet:-1","max-image-preview":"max-image-preview:large","max-video-preview":"max-video-preview:-1"},"canonical":"https:\/\/www.pogotowieflagowe.pl\/aktualne\/urzadzenia-zapalajace-wyrzucone-z-samochodu-w-monachium-w-zwiazku-z-kolejna-podejrzana-proba-sabotazu\/","og_locale":"pl_PL","og_type":"article","og_title":"Urz\u0105dzenia zapalaj\u0105ce wyrzucone z samochodu w Monachium w zwi\u0105zku z kolejn\u0105 podejrzan\u0105 pr\u00f3b\u0105 sabota\u017cu - POGOTOWIE FLAGOWE\u00ae","og_description":"Dzie\u0144 po dniu nap\u0142ywaj\u0105 z Niemiec doniesienia o kolejnych dzia\u0142aniach lub pr\u00f3bach akt\u00f3w dywersyjnych. Ostatnio ich celem by\u0142y elektrownie \u2013","og_url":"https:\/\/www.pogotowieflagowe.pl\/aktualne\/urzadzenia-zapalajace-wyrzucone-z-samochodu-w-monachium-w-zwiazku-z-kolejna-podejrzana-proba-sabotazu\/","og_site_name":"POGOTOWIE FLAGOWE\u00ae","article_published_time":"2026-09-03T17:49:01+00:00","article_modified_time":"2026-09-03T17:49:03+00:00","og_image":[{"width":1280,"height":720,"url":"https:\/\/www.pogotowieflagowe.pl\/aktualne\/wp-content\/uploads\/2026\/09\/Urzadzenia-zapalajace-wyrzucone-z-samochodu-w-Monachium-w-zwiazku-z.webp","type":"image\/webp"}],"author":"Filip","twitter_card":"summary_large_image","twitter_misc":{"Napisane przez":"Filip","Szacowany czas czytania":"2 minuty"},"schema":{"@context":"https:\/\/schema.org","@graph":[{"@type":"Article","@id":"https:\/\/www.pogotowieflagowe.pl\/aktualne\/urzadzenia-zapalajace-wyrzucone-z-samochodu-w-monachium-w-zwiazku-z-kolejna-podejrzana-proba-sabotazu\/#article","isPartOf":{"@id":"https:\/\/www.pogotowieflagowe.pl\/aktualne\/urzadzenia-zapalajace-wyrzucone-z-samochodu-w-monachium-w-zwiazku-z-kolejna-podejrzana-proba-sabotazu\/"},"author":{"name":"Filip","@id":"https:\/\/www.pogotowieflagowe.pl\/aktualne\/#\/schema\/person\/9c2fb7d2362ebf6fa088960d7f0d27b0"},"headline":"Urz\u0105dzenia zapalaj\u0105ce wyrzucone z samochodu w Monachium w zwi\u0105zku z kolejn\u0105 podejrzan\u0105 pr\u00f3b\u0105 sabota\u017cu","datePublished":"2026-09-03T17:49:01+00:00","dateModified":"2026-09-03T17:49:03+00:00","mainEntityOfPage":{"@id":"https:\/\/www.pogotowieflagowe.pl\/aktualne\/urzadzenia-zapalajace-wyrzucone-z-samochodu-w-monachium-w-zwiazku-z-kolejna-podejrzana-proba-sabotazu\/"},"wordCount":510,"commentCount":0,"publisher":{"@id":"https:\/\/www.pogotowieflagowe.pl\/aktualne\/#organization"},"image":{"@id":"https:\/\/www.pogotowieflagowe.pl\/aktualne\/urzadzenia-zapalajace-wyrzucone-z-samochodu-w-monachium-w-zwiazku-z-kolejna-podejrzana-proba-sabotazu\/#primaryimage"},"thumbnailUrl":"https:\/\/www.pogotowieflagowe.pl\/aktualne\/wp-content\/uploads\/2026\/09\/Urzadzenia-zapalajace-wyrzucone-z-samochodu-w-Monachium-w-zwiazku-z.webp","keywords":["Kolejna","Monachium","podejrzan\u0105","pr\u00f3ba","sabota\u017cu","samochodu","Urz\u0105dzenia","wyrzucone","zapalaj\u0105ce","zwi\u0105zku"],"articleSection":["Polityka"],"inLanguage":"pl-PL","potentialAction":[{"@type":"CommentAction","name":"Comment","target":["https:\/\/www.pogotowieflagowe.pl\/aktualne\/urzadzenia-zapalajace-wyrzucone-z-samochodu-w-monachium-w-zwiazku-z-kolejna-podejrzana-proba-sabotazu\/#respond"]}]},{"@type":"WebPage","@id":"https:\/\/www.pogotowieflagowe.pl\/aktualne\/urzadzenia-zapalajace-wyrzucone-z-samochodu-w-monachium-w-zwiazku-z-kolejna-podejrzana-proba-sabotazu\/","url":"https:\/\/www.pogotowieflagowe.pl\/aktualne\/urzadzenia-zapalajace-wyrzucone-z-samochodu-w-monachium-w-zwiazku-z-kolejna-podejrzana-proba-sabotazu\/","name":"Urz\u0105dzenia zapalaj\u0105ce wyrzucone z samochodu w Monachium w zwi\u0105zku z kolejn\u0105 podejrzan\u0105 pr\u00f3b\u0105 sabota\u017cu - POGOTOWIE FLAGOWE\u00ae","isPartOf":{"@id":"https:\/\/www.pogotowieflagowe.pl\/aktualne\/#website"},"primaryImageOfPage":{"@id":"https:\/\/www.pogotowieflagowe.pl\/aktualne\/urzadzenia-zapalajace-wyrzucone-z-samochodu-w-monachium-w-zwiazku-z-kolejna-podejrzana-proba-sabotazu\/#primaryimage"},"image":{"@id":"https:\/\/www.pogotowieflagowe.pl\/aktualne\/urzadzenia-zapalajace-wyrzucone-z-samochodu-w-monachium-w-zwiazku-z-kolejna-podejrzana-proba-sabotazu\/#primaryimage"},"thumbnailUrl":"https:\/\/www.pogotowieflagowe.pl\/aktualne\/wp-content\/uploads\/2026\/09\/Urzadzenia-zapalajace-wyrzucone-z-samochodu-w-Monachium-w-zwiazku-z.webp","datePublished":"2026-09-03T17:49:01+00:00","dateModified":"2026-09-03T17:49:03+00:00","breadcrumb":{"@id":"https:\/\/www.pogotowieflagowe.pl\/aktualne\/urzadzenia-zapalajace-wyrzucone-z-samochodu-w-monachium-w-zwiazku-z-kolejna-podejrzana-proba-sabotazu\/#breadcrumb"},"inLanguage":"pl-PL","potentialAction":[{"@type":"ReadAction","target":["https:\/\/www.pogotowieflagowe.pl\/aktualne\/urzadzenia-zapalajace-wyrzucone-z-samochodu-w-monachium-w-zwiazku-z-kolejna-podejrzana-proba-sabotazu\/"]}]},{"@type":"ImageObject","inLanguage":"pl-PL","@id":"https:\/\/www.pogotowieflagowe.pl\/aktualne\/urzadzenia-zapalajace-wyrzucone-z-samochodu-w-monachium-w-zwiazku-z-kolejna-podejrzana-proba-sabotazu\/#primaryimage","url":"https:\/\/www.pogotowieflagowe.pl\/aktualne\/wp-content\/uploads\/2026\/09\/Urzadzenia-zapalajace-wyrzucone-z-samochodu-w-Monachium-w-zwiazku-z.webp","contentUrl":"https:\/\/www.pogotowieflagowe.pl\/aktualne\/wp-content\/uploads\/2026\/09\/Urzadzenia-zapalajace-wyrzucone-z-samochodu-w-Monachium-w-zwiazku-z.webp","width":1280,"height":720},{"@type":"BreadcrumbList","@id":"https:\/\/www.pogotowieflagowe.pl\/aktualne\/urzadzenia-zapalajace-wyrzucone-z-samochodu-w-monachium-w-zwiazku-z-kolejna-podejrzana-proba-sabotazu\/#breadcrumb","itemListElement":[{"@type":"ListItem","position":1,"name":"Home","item":"https:\/\/www.pogotowieflagowe.pl\/aktualne\/"},{"@type":"ListItem","position":2,"name":"Urz\u0105dzenia zapalaj\u0105ce wyrzucone z samochodu w Monachium w zwi\u0105zku z kolejn\u0105 podejrzan\u0105 pr\u00f3b\u0105 sabota\u017cu"}]},{"@type":"WebSite","@id":"https:\/\/www.pogotowieflagowe.pl\/aktualne\/#website","url":"https:\/\/www.pogotowieflagowe.pl\/aktualne\/","name":"POGOTOWIE FLAGOWE\u00ae","description":"","publisher":{"@id":"https:\/\/www.pogotowieflagowe.pl\/aktualne\/#organization"},"potentialAction":[{"@type":"SearchAction","target":{"@type":"EntryPoint","urlTemplate":"https:\/\/www.pogotowieflagowe.pl\/aktualne\/?s={search_term_string}"},"query-input":"required name=search_term_string"}],"inLanguage":"pl-PL"},{"@type":"Organization","@id":"https:\/\/www.pogotowieflagowe.pl\/aktualne\/#organization","name":"POGOTOWIE FLAGOWE\u00ae","url":"https:\/\/www.pogotowieflagowe.pl\/aktualne\/","logo":{"@type":"ImageObject","inLanguage":"pl-PL","@id":"https:\/\/www.pogotowieflagowe.pl\/aktualne\/#\/schema\/logo\/image\/","url":"https:\/\/www.pogotowieflagowe.pl\/aktualne\/wp-content\/uploads\/2024\/08\/cropped-pogotowieflagowe_flaga_projekt_sm.jpg","contentUrl":"https:\/\/www.pogotowieflagowe.pl\/aktualne\/wp-content\/uploads\/2024\/08\/cropped-pogotowieflagowe_flaga_projekt_sm.jpg","width":250,"height":143,"caption":"POGOTOWIE FLAGOWE\u00ae"},"image":{"@id":"https:\/\/www.pogotowieflagowe.pl\/aktualne\/#\/schema\/logo\/image\/"}},{"@type":"Person","@id":"https:\/\/www.pogotowieflagowe.pl\/aktualne\/#\/schema\/person\/9c2fb7d2362ebf6fa088960d7f0d27b0","name":"Filip","image":{"@type":"ImageObject","inLanguage":"pl-PL","@id":"https:\/\/www.pogotowieflagowe.pl\/aktualne\/#\/schema\/person\/image\/","url":"https:\/\/www.pogotowieflagowe.pl\/aktualne\/wp-content\/uploads\/2024\/08\/pogotowieflagowe.pl_.jpg","contentUrl":"https:\/\/www.pogotowieflagowe.pl\/aktualne\/wp-content\/uploads\/2024\/08\/pogotowieflagowe.pl_.jpg","caption":"Filip"},"description":"Jestem Filip, polski dziennikarz z dyplomem nauk politycznych Uniwersytetu Warszawskiego. Rozpoczynaj\u0105c swoj\u0105 karier\u0119 w r\u00f3\u017cnych lokalnych mediach, zdoby\u0142em solidne do\u015bwiadczenie w zakresie \u015bledztwa i redakcji. Obecnie jako redaktor w Pogotowie flagowe, staram si\u0119 dostarcza\u0107 dog\u0142\u0119bne i istotne analizy na temat najwa\u017cniejszych kwestii aktualno\u015bci, \u0142\u0105cz\u0105c rygor z pasj\u0105 dziennikarsk\u0105.","sameAs":["https:\/\/www.pogotowieflagowe.pl\/"]}]}},"_links":{"self":[{"href":"https:\/\/www.pogotowieflagowe.pl\/aktualne\/wp-json\/wp\/v2\/posts\/13533","targetHints":{"allow":["GET"]}}],"collection":[{"href":"https:\/\/www.pogotowieflagowe.pl\/aktualne\/wp-json\/wp\/v2\/posts"}],"about":[{"href":"https:\/\/www.pogotowieflagowe.pl\/aktualne\/wp-json\/wp\/v2\/types\/post"}],"author":[{"embeddable":true,"href":"https:\/\/www.pogotowieflagowe.pl\/aktualne\/wp-json\/wp\/v2\/users\/1"}],"replies":[{"embeddable":true,"href":"https:\/\/www.pogotowieflagowe.pl\/aktualne\/wp-json\/wp\/v2\/comments?post=13533"}],"version-history":[{"count":1,"href":"https:\/\/www.pogotowieflagowe.pl\/aktualne\/wp-json\/wp\/v2\/posts\/13533\/revisions"}],"predecessor-version":[{"id":13535,"href":"https:\/\/www.pogotowieflagowe.pl\/aktualne\/wp-json\/wp\/v2\/posts\/13533\/revisions\/13535"}],"wp:featuredmedia":[{"embeddable":true,"href":"https:\/\/www.pogotowieflagowe.pl\/aktualne\/wp-json\/wp\/v2\/media\/13534"}],"wp:attachment":[{"href":"https:\/\/www.pogotowieflagowe.pl\/aktualne\/wp-json\/wp\/v2\/media?parent=13533"}],"wp:term":[{"taxonomy":"category","embeddable":true,"href":"https:\/\/www.pogotowieflagowe.pl\/aktualne\/wp-json\/wp\/v2\/categories?post=13533"},{"taxonomy":"post_tag","embeddable":true,"href":"https:\/\/www.pogotowieflagowe.pl\/aktualne\/wp-json\/wp\/v2\/tags?post=13533"}],"curies":[{"name":"wp","href":"https:\/\/api.w.org\/{rel}","templated":true}]}}