{"id":13536,"date":"2026-09-04T00:49:17","date_gmt":"2026-09-03T22:49:17","guid":{"rendered":"https:\/\/www.pogotowieflagowe.pl\/aktualne\/tusk-chcial-zawstydzic-prezydenta-rozkwita-sekcja-komentarzy\/"},"modified":"2026-09-04T00:49:18","modified_gmt":"2026-09-03T22:49:18","slug":"tusk-chcial-zawstydzic-prezydenta-rozkwita-sekcja-komentarzy","status":"publish","type":"post","link":"https:\/\/www.pogotowieflagowe.pl\/aktualne\/tusk-chcial-zawstydzic-prezydenta-rozkwita-sekcja-komentarzy\/","title":{"rendered":"Tusk chcia\u0142 zawstydzi\u0107 prezydenta? Rozkwita sekcja komentarzy"},"content":{"rendered":"<div>\n<p class=\"wp-block-paragraph\">Donald Tusk po raz kolejny podj\u0105\u0142 pr\u00f3b\u0119 obrania za cel prezydenta Karola Nawrockiego, tym razem wykorzystuj\u0105c fotografi\u0119 z Rados\u0142awem Piesiewiczem. Premier opatrzy\u0142 zdj\u0119cie dosadn\u0105 uwag\u0105: <strong>\u201eTo nie jest pow\u00f3d do \u015bmiechu, panowie\u2026\u201d<\/strong> Post szybko przyni\u00f3s\u0142 jednak odwrotny skutek, bo u\u017cytkownicy medi\u00f3w spo\u0142eczno\u015bciowych zareagowali, przypominaj\u0105c Tuskowi jego w\u0142asne zdj\u0119cia z postaciami, z kt\u00f3rymi trudno by\u0142oby mu si\u0119 teraz politycznie uto\u017csami\u0107 \u2013 m.in. Dawida Kacprzyka, g\u0142\u00f3wn\u0105 posta\u0107 skandalu szpitalnego, kt\u00f3ry nie zosta\u0142 jeszcze przes\u0142uchany przez prokuratur\u0119.<\/p>\n<p class=\"wp-block-paragraph\">W ci\u0105gu ostatnich kilku dni sympatyzuj\u0105ce z rz\u0105dem media publikowa\u0142y doniesienia rzekomo \u0142\u0105cz\u0105ce polityk\u00f3w opozycji \u2013 i Telewizji Republika \u2013 z prezesem gie\u0142dy Zondacrypto. We wtorek Roman Giertych oficjalnie potwierdzi\u0142, \u017ce wraz z Jackiem Dubois reprezentuje Przemys\u0142awa Krala w charakterze obro\u0144c\u00f3w. Wed\u0142ug <em>Rzeczpospolita<\/em>oni i prokurator Marek We\u0142na rzekomo wzi\u0119li udzia\u0142 w tajnym spotkaniu z Kralem za granic\u0105. Giertych i Dubois zaprzeczyli tym doniesieniom lub odm\u00f3wili komentarza.<\/p>\n<p class=\"wp-block-paragraph\">Jednocze\u015bnie Prokurator Generalny Waldemar \u017burek og\u0142osi\u0142 \u201eprze\u0142om\u201d w \u015bledztwie, twierdz\u0105c, \u017ce pojawili si\u0119 nowi podejrzani, nowe dowody i osoby ch\u0119tne do wsp\u00f3\u0142pracy. Wczoraj dosz\u0142o tak\u017ce do pierwszego zatrzymania i postawiono zarzuty prezesowi Polskiego Komitetu Olimpijskiego Rados\u0142awowi Piesiewiczowi. Z nieoficjalnych doniesie\u0144 wynika, \u017ce \u200b\u200bostatecznie zatrzymanych mo\u017ce by\u0107 nawet dziesi\u0119\u0107 os\u00f3b.<\/p>\n<h2 class=\"wp-block-heading\">Kolejny atak Onetu: \u201eSakiewicz chcia\u0142 sprzeda\u0107 Republik\u0119 rosyjskiej mafii\u201d<\/h2>\n<p class=\"wp-block-paragraph\">Tymczasem organizacje medialne, kt\u00f3re r\u00f3wnie\u017c publikowa\u0142y reklamy Zondacrypto, nadal publikuj\u0105 artyku\u0142y skierowane zar\u00f3wno do polskiej prawicy, jak i Telewizji Republika. W swoim najnowszym artykule niemiecko-szwajcarski Onet opublikowa\u0142 ranking \u201enajwi\u0119kszych bohater\u00f3w afery Zondacrypto\u201d, oparty na <em>Stana Wyj\u0105tkowego<\/em> podcast. Artyku\u0142 napisali Kamil Dziubka i Dominika D\u0142ugosz.<\/p>\n<p class=\"wp-block-paragraph\">Onet okre\u015bli\u0142 mi\u0119dzy innymi Rados\u0142awa Piesiewicza mianem \u201ezegarmistrza Sasina\u201d. Nast\u0119pnie zwr\u00f3ci\u0142a uwag\u0119 na Tomasza Sakiewicza, prezesa TV Republika, dodaj\u0105c etykiet\u0119: <strong>\u201echcia\u0142 sprzeda\u0107 Republik\u0119 rosyjskiej mafii\u201d.<\/strong><\/p>\n<p class=\"wp-block-paragraph\">Sakiewicz dzi\u0119ki pieni\u0105dzom Zondy uczyni\u0142 TV Republika pot\u0119g\u0105 medialn\u0105. Przed upadkiem rz\u0105du PiS Republika by\u0142a stacj\u0105 ma\u0142\u0105, s\u0142ab\u0105, praktycznie pozbawion\u0105 widowni. Nabra\u0142o rozp\u0119du, gdy do kana\u0142u do\u0142\u0105czy\u0142y usuni\u0119te z TVP gwiazdy propagandy PiS. A gwiazdom trzeba by\u0142o p\u0142aci\u0107. Zonda sta\u0142a si\u0119 g\u0142\u00f3wnym reklamodawc\u0105 Republiki i by\u0142a promowana na wszelkie mo\u017cliwe sposoby, tak\u017ce w wiadomo\u015bciach i programach publicystycznych. Nie ma nic za darmo \u2013 jak w przypadku Sakiewicza, zwanego \u201eSakiew\u0105\u201d \u2013 napisa\u0142 Onet.<\/p>\n<h2 class=\"wp-block-heading\">Tusk opublikowa\u0142 zdj\u0119cie. Chcia\u0142 sensacji, ale dosta\u0142 co\u015b innego<\/h2>\n<p class=\"wp-block-paragraph\">Dzi\u015b rano, tu\u017c po publikacji Onetu, Donald Tusk zamie\u015bci\u0142 na X zdj\u0119cie przedstawiaj\u0105ce Rados\u0142awa Piesiewicza u boku Karola Nawrockiego i Andrzeja Dudy. Towarzyszy\u0142 temu komentarzem: <strong>\u201eTo nie jest pow\u00f3d do \u015bmiechu, panowie\u2026\u201d<\/strong><\/p>\n<p class=\"wp-block-paragraph\">Fotografia nie by\u0142a jednak niczym nowym. Pierwotnie zosta\u0142 opublikowany przez samego Piesiewicza 1 sierpnia 2025 roku, na kilka dni przed inauguracj\u0105 Karola Nawrockiego na Prezydenta RP. Spotkanie nigdy nie by\u0142o tajemnic\u0105.<\/p>\n<p class=\"wp-block-paragraph\">&#8222;Dzi\u0119kuj\u0119 za rozmow\u0119 o polskim sporcie z Prezydentem Andrzejem Dud\u0105 i Prezydentem-elektem Karolem Nawrockim. Chcia\u0142bym jeszcze raz podzi\u0119kowa\u0107 Prezydentowi Dudzie za dotychczasow\u0105 wsp\u00f3\u0142prac\u0119. Jestem przekonany, \u017ce wsp\u00f3\u0142praca z Karolem Nawrockim b\u0119dzie r\u00f3wnie udana i \u017ce Prezydent RP w dalszym ci\u0105gu b\u0119dzie odgrywa\u0142 wa\u017cn\u0105 rol\u0119 w wydarzeniach organizowanych przez Polski Komitet Olimpijski&#8221; &#8211; napisa\u0142 w\u00f3wczas Piesiewicz.<\/p>\n<p class=\"wp-block-paragraph\">Reakcja pod postem Tuska by\u0142a szybka.<\/p>\n<p class=\"wp-block-paragraph\">&#8222;Panie Premierze, prosz\u0119 mi wybaczy\u0107. Pewnie s\u0142yszeli, \u017ce Pan i rosyjska mafia korzystaj\u0105 z tego samego prawnika &#8211; Romka Giertycha. To ten sam Romek, kt\u00f3ry jest wiceprzewodnicz\u0105cym Pa\u0144skiego zespo\u0142u parlamentarnego&#8221; &#8211; napisa\u0142 Janusz Cieszy\u0144ski.<\/p>\n<p class=\"wp-block-paragraph\">Inni u\u017cytkownicy r\u00f3wnie szybko rozpowszechnili zdj\u0119cia samego Tuska i takich osobisto\u015bci, jak W\u0142adimir Putin.<\/p>\n<figure class=\"wp-block-embed is-type-rich is-provider-x wp-block-embed-x\"\/>\n<\/div>\n","protected":false},"excerpt":{"rendered":"<p>Donald Tusk po raz kolejny podj\u0105\u0142 pr\u00f3b\u0119 obrania za cel prezydenta Karola Nawrockiego, tym razem wykorzystuj\u0105c fotografi\u0119 z Rados\u0142awem Piesiewiczem.<\/p>\n","protected":false},"author":1,"featured_media":13537,"comment_status":"open","ping_status":"open","sticky":false,"template":"","format":"standard","meta":{"footnotes":""},"categories":[4748],"tags":[6696,12595,568,14370,12594,221,14369],"class_list":["post-13536","post","type-post","status-publish","format-standard","has-post-thumbnail","hentry","category-aktualne","tag-chcial","tag-komentarzy","tag-prezydenta","tag-rozkwita","tag-sekcja","tag-tusk","tag-zawstydzic","generate-columns","tablet-grid-50","mobile-grid-100","grid-parent","grid-50","resize-featured-image"],"yoast_head":"<!-- This site is optimized with the Yoast SEO plugin v23.2 - https:\/\/yoast.com\/wordpress\/plugins\/seo\/ -->\n<title>Tusk chcia\u0142 zawstydzi\u0107 prezydenta? Rozkwita sekcja komentarzy - POGOTOWIE FLAGOWE\u00ae<\/title>\n<meta name=\"robots\" content=\"index, follow, max-snippet:-1, max-image-preview:large, max-video-preview:-1\" \/>\n<link rel=\"canonical\" href=\"https:\/\/www.pogotowieflagowe.pl\/aktualne\/tusk-chcial-zawstydzic-prezydenta-rozkwita-sekcja-komentarzy\/\" \/>\n<meta property=\"og:locale\" content=\"pl_PL\" \/>\n<meta property=\"og:type\" content=\"article\" \/>\n<meta property=\"og:title\" content=\"Tusk chcia\u0142 zawstydzi\u0107 prezydenta? Rozkwita sekcja komentarzy - POGOTOWIE FLAGOWE\u00ae\" \/>\n<meta property=\"og:description\" content=\"Donald Tusk po raz kolejny podj\u0105\u0142 pr\u00f3b\u0119 obrania za cel prezydenta Karola Nawrockiego, tym razem wykorzystuj\u0105c fotografi\u0119 z Rados\u0142awem Piesiewiczem.\" \/>\n<meta property=\"og:url\" content=\"https:\/\/www.pogotowieflagowe.pl\/aktualne\/tusk-chcial-zawstydzic-prezydenta-rozkwita-sekcja-komentarzy\/\" \/>\n<meta property=\"og:site_name\" content=\"POGOTOWIE FLAGOWE\u00ae\" \/>\n<meta property=\"article:published_time\" content=\"2026-09-03T22:49:17+00:00\" \/>\n<meta property=\"article:modified_time\" content=\"2026-09-03T22:49:18+00:00\" \/>\n<meta property=\"og:image\" content=\"https:\/\/www.pogotowieflagowe.pl\/aktualne\/wp-content\/uploads\/2026\/09\/Tusk-chcial-zawstydzic-prezydenta-Rozkwita-sekcja-komentarzy.webp\" \/>\n\t<meta property=\"og:image:width\" content=\"1280\" \/>\n\t<meta property=\"og:image:height\" content=\"720\" \/>\n\t<meta property=\"og:image:type\" content=\"image\/webp\" \/>\n<meta name=\"author\" content=\"Filip\" \/>\n<meta name=\"twitter:card\" content=\"summary_large_image\" \/>\n<meta name=\"twitter:label1\" content=\"Napisane przez\" \/>\n\t<meta name=\"twitter:data1\" content=\"Filip\" \/>\n\t<meta name=\"twitter:label2\" content=\"Szacowany czas czytania\" \/>\n\t<meta name=\"twitter:data2\" content=\"3 minuty\" \/>\n<script type=\"application\/ld+json\" class=\"yoast-schema-graph\">{\"@context\":\"https:\/\/schema.org\",\"@graph\":[{\"@type\":\"Article\",\"@id\":\"https:\/\/www.pogotowieflagowe.pl\/aktualne\/tusk-chcial-zawstydzic-prezydenta-rozkwita-sekcja-komentarzy\/#article\",\"isPartOf\":{\"@id\":\"https:\/\/www.pogotowieflagowe.pl\/aktualne\/tusk-chcial-zawstydzic-prezydenta-rozkwita-sekcja-komentarzy\/\"},\"author\":{\"name\":\"Filip\",\"@id\":\"https:\/\/www.pogotowieflagowe.pl\/aktualne\/#\/schema\/person\/9c2fb7d2362ebf6fa088960d7f0d27b0\"},\"headline\":\"Tusk chcia\u0142 zawstydzi\u0107 prezydenta? Rozkwita sekcja komentarzy\",\"datePublished\":\"2026-09-03T22:49:17+00:00\",\"dateModified\":\"2026-09-03T22:49:18+00:00\",\"mainEntityOfPage\":{\"@id\":\"https:\/\/www.pogotowieflagowe.pl\/aktualne\/tusk-chcial-zawstydzic-prezydenta-rozkwita-sekcja-komentarzy\/\"},\"wordCount\":632,\"commentCount\":0,\"publisher\":{\"@id\":\"https:\/\/www.pogotowieflagowe.pl\/aktualne\/#organization\"},\"image\":{\"@id\":\"https:\/\/www.pogotowieflagowe.pl\/aktualne\/tusk-chcial-zawstydzic-prezydenta-rozkwita-sekcja-komentarzy\/#primaryimage\"},\"thumbnailUrl\":\"https:\/\/www.pogotowieflagowe.pl\/aktualne\/wp-content\/uploads\/2026\/09\/Tusk-chcial-zawstydzic-prezydenta-Rozkwita-sekcja-komentarzy.webp\",\"keywords\":[\"chcia\u0142\",\"komentarzy\",\"prezydenta\",\"Rozkwita\",\"Sekcja\",\"Tusk\",\"zawstydzi\u0107\"],\"articleSection\":[\"Aktualne\"],\"inLanguage\":\"pl-PL\",\"potentialAction\":[{\"@type\":\"CommentAction\",\"name\":\"Comment\",\"target\":[\"https:\/\/www.pogotowieflagowe.pl\/aktualne\/tusk-chcial-zawstydzic-prezydenta-rozkwita-sekcja-komentarzy\/#respond\"]}]},{\"@type\":\"WebPage\",\"@id\":\"https:\/\/www.pogotowieflagowe.pl\/aktualne\/tusk-chcial-zawstydzic-prezydenta-rozkwita-sekcja-komentarzy\/\",\"url\":\"https:\/\/www.pogotowieflagowe.pl\/aktualne\/tusk-chcial-zawstydzic-prezydenta-rozkwita-sekcja-komentarzy\/\",\"name\":\"Tusk chcia\u0142 zawstydzi\u0107 prezydenta? Rozkwita sekcja komentarzy - POGOTOWIE FLAGOWE\u00ae\",\"isPartOf\":{\"@id\":\"https:\/\/www.pogotowieflagowe.pl\/aktualne\/#website\"},\"primaryImageOfPage\":{\"@id\":\"https:\/\/www.pogotowieflagowe.pl\/aktualne\/tusk-chcial-zawstydzic-prezydenta-rozkwita-sekcja-komentarzy\/#primaryimage\"},\"image\":{\"@id\":\"https:\/\/www.pogotowieflagowe.pl\/aktualne\/tusk-chcial-zawstydzic-prezydenta-rozkwita-sekcja-komentarzy\/#primaryimage\"},\"thumbnailUrl\":\"https:\/\/www.pogotowieflagowe.pl\/aktualne\/wp-content\/uploads\/2026\/09\/Tusk-chcial-zawstydzic-prezydenta-Rozkwita-sekcja-komentarzy.webp\",\"datePublished\":\"2026-09-03T22:49:17+00:00\",\"dateModified\":\"2026-09-03T22:49:18+00:00\",\"breadcrumb\":{\"@id\":\"https:\/\/www.pogotowieflagowe.pl\/aktualne\/tusk-chcial-zawstydzic-prezydenta-rozkwita-sekcja-komentarzy\/#breadcrumb\"},\"inLanguage\":\"pl-PL\",\"potentialAction\":[{\"@type\":\"ReadAction\",\"target\":[\"https:\/\/www.pogotowieflagowe.pl\/aktualne\/tusk-chcial-zawstydzic-prezydenta-rozkwita-sekcja-komentarzy\/\"]}]},{\"@type\":\"ImageObject\",\"inLanguage\":\"pl-PL\",\"@id\":\"https:\/\/www.pogotowieflagowe.pl\/aktualne\/tusk-chcial-zawstydzic-prezydenta-rozkwita-sekcja-komentarzy\/#primaryimage\",\"url\":\"https:\/\/www.pogotowieflagowe.pl\/aktualne\/wp-content\/uploads\/2026\/09\/Tusk-chcial-zawstydzic-prezydenta-Rozkwita-sekcja-komentarzy.webp\",\"contentUrl\":\"https:\/\/www.pogotowieflagowe.pl\/aktualne\/wp-content\/uploads\/2026\/09\/Tusk-chcial-zawstydzic-prezydenta-Rozkwita-sekcja-komentarzy.webp\",\"width\":1280,\"height\":720},{\"@type\":\"BreadcrumbList\",\"@id\":\"https:\/\/www.pogotowieflagowe.pl\/aktualne\/tusk-chcial-zawstydzic-prezydenta-rozkwita-sekcja-komentarzy\/#breadcrumb\",\"itemListElement\":[{\"@type\":\"ListItem\",\"position\":1,\"name\":\"Home\",\"item\":\"https:\/\/www.pogotowieflagowe.pl\/aktualne\/\"},{\"@type\":\"ListItem\",\"position\":2,\"name\":\"Tusk chcia\u0142 zawstydzi\u0107 prezydenta? Rozkwita sekcja komentarzy\"}]},{\"@type\":\"WebSite\",\"@id\":\"https:\/\/www.pogotowieflagowe.pl\/aktualne\/#website\",\"url\":\"https:\/\/www.pogotowieflagowe.pl\/aktualne\/\",\"name\":\"POGOTOWIE FLAGOWE\u00ae\",\"description\":\"\",\"publisher\":{\"@id\":\"https:\/\/www.pogotowieflagowe.pl\/aktualne\/#organization\"},\"potentialAction\":[{\"@type\":\"SearchAction\",\"target\":{\"@type\":\"EntryPoint\",\"urlTemplate\":\"https:\/\/www.pogotowieflagowe.pl\/aktualne\/?s={search_term_string}\"},\"query-input\":\"required name=search_term_string\"}],\"inLanguage\":\"pl-PL\"},{\"@type\":\"Organization\",\"@id\":\"https:\/\/www.pogotowieflagowe.pl\/aktualne\/#organization\",\"name\":\"POGOTOWIE FLAGOWE\u00ae\",\"url\":\"https:\/\/www.pogotowieflagowe.pl\/aktualne\/\",\"logo\":{\"@type\":\"ImageObject\",\"inLanguage\":\"pl-PL\",\"@id\":\"https:\/\/www.pogotowieflagowe.pl\/aktualne\/#\/schema\/logo\/image\/\",\"url\":\"https:\/\/www.pogotowieflagowe.pl\/aktualne\/wp-content\/uploads\/2024\/08\/cropped-pogotowieflagowe_flaga_projekt_sm.jpg\",\"contentUrl\":\"https:\/\/www.pogotowieflagowe.pl\/aktualne\/wp-content\/uploads\/2024\/08\/cropped-pogotowieflagowe_flaga_projekt_sm.jpg\",\"width\":250,\"height\":143,\"caption\":\"POGOTOWIE FLAGOWE\u00ae\"},\"image\":{\"@id\":\"https:\/\/www.pogotowieflagowe.pl\/aktualne\/#\/schema\/logo\/image\/\"}},{\"@type\":\"Person\",\"@id\":\"https:\/\/www.pogotowieflagowe.pl\/aktualne\/#\/schema\/person\/9c2fb7d2362ebf6fa088960d7f0d27b0\",\"name\":\"Filip\",\"image\":{\"@type\":\"ImageObject\",\"inLanguage\":\"pl-PL\",\"@id\":\"https:\/\/www.pogotowieflagowe.pl\/aktualne\/#\/schema\/person\/image\/\",\"url\":\"https:\/\/www.pogotowieflagowe.pl\/aktualne\/wp-content\/uploads\/2024\/08\/pogotowieflagowe.pl_.jpg\",\"contentUrl\":\"https:\/\/www.pogotowieflagowe.pl\/aktualne\/wp-content\/uploads\/2024\/08\/pogotowieflagowe.pl_.jpg\",\"caption\":\"Filip\"},\"description\":\"Jestem Filip, polski dziennikarz z dyplomem nauk politycznych Uniwersytetu Warszawskiego. Rozpoczynaj\u0105c swoj\u0105 karier\u0119 w r\u00f3\u017cnych lokalnych mediach, zdoby\u0142em solidne do\u015bwiadczenie w zakresie \u015bledztwa i redakcji. Obecnie jako redaktor w Pogotowie flagowe, staram si\u0119 dostarcza\u0107 dog\u0142\u0119bne i istotne analizy na temat najwa\u017cniejszych kwestii aktualno\u015bci, \u0142\u0105cz\u0105c rygor z pasj\u0105 dziennikarsk\u0105.\",\"sameAs\":[\"https:\/\/www.pogotowieflagowe.pl\/\"]}]}<\/script>\n<!-- \/ Yoast SEO plugin. -->","yoast_head_json":{"title":"Tusk chcia\u0142 zawstydzi\u0107 prezydenta? Rozkwita sekcja komentarzy - POGOTOWIE FLAGOWE\u00ae","robots":{"index":"index","follow":"follow","max-snippet":"max-snippet:-1","max-image-preview":"max-image-preview:large","max-video-preview":"max-video-preview:-1"},"canonical":"https:\/\/www.pogotowieflagowe.pl\/aktualne\/tusk-chcial-zawstydzic-prezydenta-rozkwita-sekcja-komentarzy\/","og_locale":"pl_PL","og_type":"article","og_title":"Tusk chcia\u0142 zawstydzi\u0107 prezydenta? Rozkwita sekcja komentarzy - POGOTOWIE FLAGOWE\u00ae","og_description":"Donald Tusk po raz kolejny podj\u0105\u0142 pr\u00f3b\u0119 obrania za cel prezydenta Karola Nawrockiego, tym razem wykorzystuj\u0105c fotografi\u0119 z Rados\u0142awem Piesiewiczem.","og_url":"https:\/\/www.pogotowieflagowe.pl\/aktualne\/tusk-chcial-zawstydzic-prezydenta-rozkwita-sekcja-komentarzy\/","og_site_name":"POGOTOWIE FLAGOWE\u00ae","article_published_time":"2026-09-03T22:49:17+00:00","article_modified_time":"2026-09-03T22:49:18+00:00","og_image":[{"width":1280,"height":720,"url":"https:\/\/www.pogotowieflagowe.pl\/aktualne\/wp-content\/uploads\/2026\/09\/Tusk-chcial-zawstydzic-prezydenta-Rozkwita-sekcja-komentarzy.webp","type":"image\/webp"}],"author":"Filip","twitter_card":"summary_large_image","twitter_misc":{"Napisane przez":"Filip","Szacowany czas czytania":"3 minuty"},"schema":{"@context":"https:\/\/schema.org","@graph":[{"@type":"Article","@id":"https:\/\/www.pogotowieflagowe.pl\/aktualne\/tusk-chcial-zawstydzic-prezydenta-rozkwita-sekcja-komentarzy\/#article","isPartOf":{"@id":"https:\/\/www.pogotowieflagowe.pl\/aktualne\/tusk-chcial-zawstydzic-prezydenta-rozkwita-sekcja-komentarzy\/"},"author":{"name":"Filip","@id":"https:\/\/www.pogotowieflagowe.pl\/aktualne\/#\/schema\/person\/9c2fb7d2362ebf6fa088960d7f0d27b0"},"headline":"Tusk chcia\u0142 zawstydzi\u0107 prezydenta? Rozkwita sekcja komentarzy","datePublished":"2026-09-03T22:49:17+00:00","dateModified":"2026-09-03T22:49:18+00:00","mainEntityOfPage":{"@id":"https:\/\/www.pogotowieflagowe.pl\/aktualne\/tusk-chcial-zawstydzic-prezydenta-rozkwita-sekcja-komentarzy\/"},"wordCount":632,"commentCount":0,"publisher":{"@id":"https:\/\/www.pogotowieflagowe.pl\/aktualne\/#organization"},"image":{"@id":"https:\/\/www.pogotowieflagowe.pl\/aktualne\/tusk-chcial-zawstydzic-prezydenta-rozkwita-sekcja-komentarzy\/#primaryimage"},"thumbnailUrl":"https:\/\/www.pogotowieflagowe.pl\/aktualne\/wp-content\/uploads\/2026\/09\/Tusk-chcial-zawstydzic-prezydenta-Rozkwita-sekcja-komentarzy.webp","keywords":["chcia\u0142","komentarzy","prezydenta","Rozkwita","Sekcja","Tusk","zawstydzi\u0107"],"articleSection":["Aktualne"],"inLanguage":"pl-PL","potentialAction":[{"@type":"CommentAction","name":"Comment","target":["https:\/\/www.pogotowieflagowe.pl\/aktualne\/tusk-chcial-zawstydzic-prezydenta-rozkwita-sekcja-komentarzy\/#respond"]}]},{"@type":"WebPage","@id":"https:\/\/www.pogotowieflagowe.pl\/aktualne\/tusk-chcial-zawstydzic-prezydenta-rozkwita-sekcja-komentarzy\/","url":"https:\/\/www.pogotowieflagowe.pl\/aktualne\/tusk-chcial-zawstydzic-prezydenta-rozkwita-sekcja-komentarzy\/","name":"Tusk chcia\u0142 zawstydzi\u0107 prezydenta? Rozkwita sekcja komentarzy - POGOTOWIE FLAGOWE\u00ae","isPartOf":{"@id":"https:\/\/www.pogotowieflagowe.pl\/aktualne\/#website"},"primaryImageOfPage":{"@id":"https:\/\/www.pogotowieflagowe.pl\/aktualne\/tusk-chcial-zawstydzic-prezydenta-rozkwita-sekcja-komentarzy\/#primaryimage"},"image":{"@id":"https:\/\/www.pogotowieflagowe.pl\/aktualne\/tusk-chcial-zawstydzic-prezydenta-rozkwita-sekcja-komentarzy\/#primaryimage"},"thumbnailUrl":"https:\/\/www.pogotowieflagowe.pl\/aktualne\/wp-content\/uploads\/2026\/09\/Tusk-chcial-zawstydzic-prezydenta-Rozkwita-sekcja-komentarzy.webp","datePublished":"2026-09-03T22:49:17+00:00","dateModified":"2026-09-03T22:49:18+00:00","breadcrumb":{"@id":"https:\/\/www.pogotowieflagowe.pl\/aktualne\/tusk-chcial-zawstydzic-prezydenta-rozkwita-sekcja-komentarzy\/#breadcrumb"},"inLanguage":"pl-PL","potentialAction":[{"@type":"ReadAction","target":["https:\/\/www.pogotowieflagowe.pl\/aktualne\/tusk-chcial-zawstydzic-prezydenta-rozkwita-sekcja-komentarzy\/"]}]},{"@type":"ImageObject","inLanguage":"pl-PL","@id":"https:\/\/www.pogotowieflagowe.pl\/aktualne\/tusk-chcial-zawstydzic-prezydenta-rozkwita-sekcja-komentarzy\/#primaryimage","url":"https:\/\/www.pogotowieflagowe.pl\/aktualne\/wp-content\/uploads\/2026\/09\/Tusk-chcial-zawstydzic-prezydenta-Rozkwita-sekcja-komentarzy.webp","contentUrl":"https:\/\/www.pogotowieflagowe.pl\/aktualne\/wp-content\/uploads\/2026\/09\/Tusk-chcial-zawstydzic-prezydenta-Rozkwita-sekcja-komentarzy.webp","width":1280,"height":720},{"@type":"BreadcrumbList","@id":"https:\/\/www.pogotowieflagowe.pl\/aktualne\/tusk-chcial-zawstydzic-prezydenta-rozkwita-sekcja-komentarzy\/#breadcrumb","itemListElement":[{"@type":"ListItem","position":1,"name":"Home","item":"https:\/\/www.pogotowieflagowe.pl\/aktualne\/"},{"@type":"ListItem","position":2,"name":"Tusk chcia\u0142 zawstydzi\u0107 prezydenta? Rozkwita sekcja komentarzy"}]},{"@type":"WebSite","@id":"https:\/\/www.pogotowieflagowe.pl\/aktualne\/#website","url":"https:\/\/www.pogotowieflagowe.pl\/aktualne\/","name":"POGOTOWIE FLAGOWE\u00ae","description":"","publisher":{"@id":"https:\/\/www.pogotowieflagowe.pl\/aktualne\/#organization"},"potentialAction":[{"@type":"SearchAction","target":{"@type":"EntryPoint","urlTemplate":"https:\/\/www.pogotowieflagowe.pl\/aktualne\/?s={search_term_string}"},"query-input":"required name=search_term_string"}],"inLanguage":"pl-PL"},{"@type":"Organization","@id":"https:\/\/www.pogotowieflagowe.pl\/aktualne\/#organization","name":"POGOTOWIE FLAGOWE\u00ae","url":"https:\/\/www.pogotowieflagowe.pl\/aktualne\/","logo":{"@type":"ImageObject","inLanguage":"pl-PL","@id":"https:\/\/www.pogotowieflagowe.pl\/aktualne\/#\/schema\/logo\/image\/","url":"https:\/\/www.pogotowieflagowe.pl\/aktualne\/wp-content\/uploads\/2024\/08\/cropped-pogotowieflagowe_flaga_projekt_sm.jpg","contentUrl":"https:\/\/www.pogotowieflagowe.pl\/aktualne\/wp-content\/uploads\/2024\/08\/cropped-pogotowieflagowe_flaga_projekt_sm.jpg","width":250,"height":143,"caption":"POGOTOWIE FLAGOWE\u00ae"},"image":{"@id":"https:\/\/www.pogotowieflagowe.pl\/aktualne\/#\/schema\/logo\/image\/"}},{"@type":"Person","@id":"https:\/\/www.pogotowieflagowe.pl\/aktualne\/#\/schema\/person\/9c2fb7d2362ebf6fa088960d7f0d27b0","name":"Filip","image":{"@type":"ImageObject","inLanguage":"pl-PL","@id":"https:\/\/www.pogotowieflagowe.pl\/aktualne\/#\/schema\/person\/image\/","url":"https:\/\/www.pogotowieflagowe.pl\/aktualne\/wp-content\/uploads\/2024\/08\/pogotowieflagowe.pl_.jpg","contentUrl":"https:\/\/www.pogotowieflagowe.pl\/aktualne\/wp-content\/uploads\/2024\/08\/pogotowieflagowe.pl_.jpg","caption":"Filip"},"description":"Jestem Filip, polski dziennikarz z dyplomem nauk politycznych Uniwersytetu Warszawskiego. Rozpoczynaj\u0105c swoj\u0105 karier\u0119 w r\u00f3\u017cnych lokalnych mediach, zdoby\u0142em solidne do\u015bwiadczenie w zakresie \u015bledztwa i redakcji. Obecnie jako redaktor w Pogotowie flagowe, staram si\u0119 dostarcza\u0107 dog\u0142\u0119bne i istotne analizy na temat najwa\u017cniejszych kwestii aktualno\u015bci, \u0142\u0105cz\u0105c rygor z pasj\u0105 dziennikarsk\u0105.","sameAs":["https:\/\/www.pogotowieflagowe.pl\/"]}]}},"_links":{"self":[{"href":"https:\/\/www.pogotowieflagowe.pl\/aktualne\/wp-json\/wp\/v2\/posts\/13536","targetHints":{"allow":["GET"]}}],"collection":[{"href":"https:\/\/www.pogotowieflagowe.pl\/aktualne\/wp-json\/wp\/v2\/posts"}],"about":[{"href":"https:\/\/www.pogotowieflagowe.pl\/aktualne\/wp-json\/wp\/v2\/types\/post"}],"author":[{"embeddable":true,"href":"https:\/\/www.pogotowieflagowe.pl\/aktualne\/wp-json\/wp\/v2\/users\/1"}],"replies":[{"embeddable":true,"href":"https:\/\/www.pogotowieflagowe.pl\/aktualne\/wp-json\/wp\/v2\/comments?post=13536"}],"version-history":[{"count":1,"href":"https:\/\/www.pogotowieflagowe.pl\/aktualne\/wp-json\/wp\/v2\/posts\/13536\/revisions"}],"predecessor-version":[{"id":13538,"href":"https:\/\/www.pogotowieflagowe.pl\/aktualne\/wp-json\/wp\/v2\/posts\/13536\/revisions\/13538"}],"wp:featuredmedia":[{"embeddable":true,"href":"https:\/\/www.pogotowieflagowe.pl\/aktualne\/wp-json\/wp\/v2\/media\/13537"}],"wp:attachment":[{"href":"https:\/\/www.pogotowieflagowe.pl\/aktualne\/wp-json\/wp\/v2\/media?parent=13536"}],"wp:term":[{"taxonomy":"category","embeddable":true,"href":"https:\/\/www.pogotowieflagowe.pl\/aktualne\/wp-json\/wp\/v2\/categories?post=13536"},{"taxonomy":"post_tag","embeddable":true,"href":"https:\/\/www.pogotowieflagowe.pl\/aktualne\/wp-json\/wp\/v2\/tags?post=13536"}],"curies":[{"name":"wp","href":"https:\/\/api.w.org\/{rel}","templated":true}]}}