{"id":13539,"date":"2026-09-04T01:48:52","date_gmt":"2026-09-03T23:48:52","guid":{"rendered":"https:\/\/www.pogotowieflagowe.pl\/aktualne\/wojewodztwo-swietokrzyskie-uczci-pamiec-bohaterskiego-zolnierza-usa\/"},"modified":"2026-09-04T01:48:56","modified_gmt":"2026-09-03T23:48:56","slug":"wojewodztwo-swietokrzyskie-uczci-pamiec-bohaterskiego-zolnierza-usa","status":"publish","type":"post","link":"https:\/\/www.pogotowieflagowe.pl\/aktualne\/wojewodztwo-swietokrzyskie-uczci-pamiec-bohaterskiego-zolnierza-usa\/","title":{"rendered":"Wojew\u00f3dztwo \u015awi\u0119tokrzyskie uczci pami\u0119\u0107 Bohaterskiego \u017bo\u0142nierza USA"},"content":{"rendered":"<div>\n<p class=\"wp-block-paragraph\">Oleszno, wie\u015b w gminie Krasocin w wojew\u00f3dztwie \u015bwi\u0119tokrzyskim, uczci w tym miesi\u0105cu pami\u0119\u0107 sier\u017canta sztabowego armii ameryka\u0144skiej Michaela Ollisa, kt\u00f3ry zgin\u0105\u0142 w Afganistanie 28 sierpnia 2013 r., os\u0142aniaj\u0105c w\u0142asnym cia\u0142em oficera Wojska Polskiego, kapitana Karola Cierpic\u0119. 16 wrze\u015bnia Centrum Kultury w Olesznie, rodzinnym mie\u015bcie polskiego oficera uratowanego przez ameryka\u0144skiego \u017co\u0142nierza, otrzyma imi\u0119 \u201eSier\u017canta Sztabu Michaela Ollisa\u201d.<\/p>\n<blockquote class=\"wp-block-quote is-layout-flow wp-block-quote-is-layout-flow\">\n<p class=\"wp-block-paragraph\"><strong>Nigdy wcze\u015bniej Oleszno nie go\u015bci\u0142o tak wielu znamienitych go\u015bci. \u201ePrzedstawiciele dow\u00f3dztw wojskowych Polski i USA stacjonuj\u0105cych zar\u00f3wno w Polsce, jak i w Stanach Zjednoczonych zg\u0142osili sw\u00f3j udzia\u0142 w uroczysto\u015bciach 16 wrze\u015bnia\u201d \u2013 powiedzia\u0142 z dum\u0105 Ireneusz Gli\u015bci\u0144ski, w\u00f3jt gminy Krasocin. Lokalny urz\u0119dnik przypomnia\u0142 tak\u017ce, \u017ce kapitan Karol Cierpica by\u0142 go\u015bciem prezydenta Donalda Trumpa w Bia\u0142ym Domu.<\/strong><\/p>\n<\/blockquote>\n<p class=\"wp-block-paragraph\">Michael Harold Ollis urodzi\u0142 si\u0119 16 wrze\u015bnia 1988 roku w New Dorp na Staten Island. Uko\u0144czy\u0142 Liceum Susan E. Wagner i w wieku 17 lat zaci\u0105gn\u0105\u0142 si\u0119 do wojska. S\u0142u\u017cy\u0142 w 1. Dywizji Pancernej, 101. Dywizji Powietrznodesantowej i 10. Dywizji G\u00f3rskiej. Uko\u0144czy\u0142 szkolenie Ranger\u00f3w oraz szkolenie powietrzno-desantowe. By\u0142 tak\u017ce cz\u0142onkiem presti\u017cowego \u201eAudie Murphy Club\u201d.<\/p>\n<p class=\"wp-block-paragraph\">Sier\u017cant sztabowy Ollis wykona\u0142 jedn\u0105 misj\u0119 w Iraku i dwie w Afganistanie. W styczniu 2013 r. rozpocz\u0105\u0142 trzeci\u0105 misj\u0119 w Afganistanie. 28 sierpnia 2013 r. ci\u0119\u017car\u00f3wka wype\u0142niona materia\u0142ami wybuchowymi wjecha\u0142a w ogrodzenie bazy wojskowej w Ghazni. Przez wy\u0142om przedosta\u0142o si\u0119 dziesi\u0119ciu uzbrojonych powsta\u0144c\u00f3w w kamizelkach z materia\u0142ami wybuchowymi. Dosz\u0142o do zaci\u0119tej strzelaniny, podczas kt\u00f3rej jeden z napastnik\u00f3w rani\u0142 ppor. Karola Cierpic\u0119. Michael H. Ollis zgin\u0105\u0142 na miejscu, zas\u0142aniaj\u0105c swoim cia\u0142em rannego polskiego oficera.<\/p>\n<p class=\"wp-block-paragraph\">Zosta\u0142 pochowany na Cmentarzu Zmartwychwstania w Pleasant Plains na Staten Island. Za uratowanie \u017cycia polskiemu oficerowi zosta\u0142 po\u015bmiertnie odznaczony przez w\u0142adze polskie Gwiazd\u0105 Afga\u0144sk\u0105 i Z\u0142otym Medalem Si\u0142 Zbrojnych RP.<\/p>\n<p class=\"wp-block-paragraph\">W\u0142adze Stan\u00f3w Zjednoczonych przyzna\u0142y mu po\u015bmiertnie Medal Br\u0105zowej Gwiazdy, Purpurowe Serce i Srebrn\u0105 Gwiazd\u0119. \u201eAudie Murphy Club\u201d przyzna\u0142 mu tak\u017ce Medalion Audie Murphy.<\/p>\n<p class=\"wp-block-paragraph\">8 czerwca 2019 r. Michael H. Ollis zosta\u0142 po\u015bmiertnie odznaczony Krzy\u017cem za Wybitn\u0105 S\u0142u\u017cb\u0119, drugim co do wielko\u015bci odznaczeniem wojskowym w armii Stan\u00f3w Zjednoczonych. Na pocz\u0105tku lutego 2026 roku og\u0142oszono, \u017ce sier\u017cant sztabowy Michael Ollis zostanie po\u015bmiertnie odznaczony Medalem Honoru. Ceremonia odby\u0142a si\u0119 2 marca 2026 roku w Bia\u0142ym Domu.<\/p>\n<p class=\"wp-block-paragraph\">2 marca 2026 roku bohaterski \u017co\u0142nierz ameryka\u0144ski zosta\u0142 po\u015bmiertnie odznaczony Krzy\u017cem Wielkim Orderu Zas\u0142ugi Rzeczypospolitej Polskiej.<\/p>\n<\/div>\n","protected":false},"excerpt":{"rendered":"<p>Oleszno, wie\u015b w gminie Krasocin w wojew\u00f3dztwie \u015bwi\u0119tokrzyskim, uczci w tym miesi\u0105cu pami\u0119\u0107 sier\u017canta sztabowego armii ameryka\u0144skiej Michaela Ollisa, kt\u00f3ry<\/p>\n","protected":false},"author":1,"featured_media":13540,"comment_status":"open","ping_status":"open","sticky":false,"template":"","format":"standard","meta":{"footnotes":""},"categories":[4748],"tags":[14374,180,14372,14373,312,14371,6294],"class_list":["post-13539","post","type-post","status-publish","format-standard","has-post-thumbnail","hentry","category-aktualne","tag-bohaterskiego","tag-pamiec","tag-swietokrzyskie","tag-uczci","tag-usa","tag-wojewodztwo","tag-zolnierza","generate-columns","tablet-grid-50","mobile-grid-100","grid-parent","grid-50","resize-featured-image"],"yoast_head":"<!-- This site is optimized with the Yoast SEO plugin v23.2 - https:\/\/yoast.com\/wordpress\/plugins\/seo\/ -->\n<title>Wojew\u00f3dztwo \u015awi\u0119tokrzyskie uczci pami\u0119\u0107 Bohaterskiego \u017bo\u0142nierza USA - POGOTOWIE FLAGOWE\u00ae<\/title>\n<meta name=\"robots\" content=\"index, follow, max-snippet:-1, max-image-preview:large, max-video-preview:-1\" \/>\n<link rel=\"canonical\" href=\"https:\/\/www.pogotowieflagowe.pl\/aktualne\/wojewodztwo-swietokrzyskie-uczci-pamiec-bohaterskiego-zolnierza-usa\/\" \/>\n<meta property=\"og:locale\" content=\"pl_PL\" \/>\n<meta property=\"og:type\" content=\"article\" \/>\n<meta property=\"og:title\" content=\"Wojew\u00f3dztwo \u015awi\u0119tokrzyskie uczci pami\u0119\u0107 Bohaterskiego \u017bo\u0142nierza USA - POGOTOWIE FLAGOWE\u00ae\" \/>\n<meta property=\"og:description\" content=\"Oleszno, wie\u015b w gminie Krasocin w wojew\u00f3dztwie \u015bwi\u0119tokrzyskim, uczci w tym miesi\u0105cu pami\u0119\u0107 sier\u017canta sztabowego armii ameryka\u0144skiej Michaela Ollisa, kt\u00f3ry\" \/>\n<meta property=\"og:url\" content=\"https:\/\/www.pogotowieflagowe.pl\/aktualne\/wojewodztwo-swietokrzyskie-uczci-pamiec-bohaterskiego-zolnierza-usa\/\" \/>\n<meta property=\"og:site_name\" content=\"POGOTOWIE FLAGOWE\u00ae\" \/>\n<meta property=\"article:published_time\" content=\"2026-09-03T23:48:52+00:00\" \/>\n<meta property=\"article:modified_time\" content=\"2026-09-03T23:48:56+00:00\" \/>\n<meta property=\"og:image\" content=\"https:\/\/www.pogotowieflagowe.pl\/aktualne\/wp-content\/uploads\/2026\/09\/Wojewodztwo-Swietokrzyskie-uczci-pamiec-Bohaterskiego-Zolnierza-USA.jpg\" \/>\n\t<meta property=\"og:image:width\" content=\"2400\" \/>\n\t<meta property=\"og:image:height\" content=\"1350\" \/>\n\t<meta property=\"og:image:type\" content=\"image\/jpeg\" \/>\n<meta name=\"author\" content=\"Filip\" \/>\n<meta name=\"twitter:card\" content=\"summary_large_image\" \/>\n<meta name=\"twitter:label1\" content=\"Napisane przez\" \/>\n\t<meta name=\"twitter:data1\" content=\"Filip\" \/>\n\t<meta name=\"twitter:label2\" content=\"Szacowany czas czytania\" \/>\n\t<meta name=\"twitter:data2\" content=\"2 minuty\" \/>\n<script type=\"application\/ld+json\" class=\"yoast-schema-graph\">{\"@context\":\"https:\/\/schema.org\",\"@graph\":[{\"@type\":\"Article\",\"@id\":\"https:\/\/www.pogotowieflagowe.pl\/aktualne\/wojewodztwo-swietokrzyskie-uczci-pamiec-bohaterskiego-zolnierza-usa\/#article\",\"isPartOf\":{\"@id\":\"https:\/\/www.pogotowieflagowe.pl\/aktualne\/wojewodztwo-swietokrzyskie-uczci-pamiec-bohaterskiego-zolnierza-usa\/\"},\"author\":{\"name\":\"Filip\",\"@id\":\"https:\/\/www.pogotowieflagowe.pl\/aktualne\/#\/schema\/person\/9c2fb7d2362ebf6fa088960d7f0d27b0\"},\"headline\":\"Wojew\u00f3dztwo \u015awi\u0119tokrzyskie uczci pami\u0119\u0107 Bohaterskiego \u017bo\u0142nierza USA\",\"datePublished\":\"2026-09-03T23:48:52+00:00\",\"dateModified\":\"2026-09-03T23:48:56+00:00\",\"mainEntityOfPage\":{\"@id\":\"https:\/\/www.pogotowieflagowe.pl\/aktualne\/wojewodztwo-swietokrzyskie-uczci-pamiec-bohaterskiego-zolnierza-usa\/\"},\"wordCount\":437,\"commentCount\":0,\"publisher\":{\"@id\":\"https:\/\/www.pogotowieflagowe.pl\/aktualne\/#organization\"},\"image\":{\"@id\":\"https:\/\/www.pogotowieflagowe.pl\/aktualne\/wojewodztwo-swietokrzyskie-uczci-pamiec-bohaterskiego-zolnierza-usa\/#primaryimage\"},\"thumbnailUrl\":\"https:\/\/www.pogotowieflagowe.pl\/aktualne\/wp-content\/uploads\/2026\/09\/Wojewodztwo-Swietokrzyskie-uczci-pamiec-Bohaterskiego-Zolnierza-USA.jpg\",\"keywords\":[\"Bohaterskiego\",\"pami\u0119\u0107\",\"\u015awi\u0119tokrzyskie\",\"uczci\",\"USA\",\"Wojew\u00f3dztwo\",\"\u017co\u0142nierza\"],\"articleSection\":[\"Aktualne\"],\"inLanguage\":\"pl-PL\",\"potentialAction\":[{\"@type\":\"CommentAction\",\"name\":\"Comment\",\"target\":[\"https:\/\/www.pogotowieflagowe.pl\/aktualne\/wojewodztwo-swietokrzyskie-uczci-pamiec-bohaterskiego-zolnierza-usa\/#respond\"]}]},{\"@type\":\"WebPage\",\"@id\":\"https:\/\/www.pogotowieflagowe.pl\/aktualne\/wojewodztwo-swietokrzyskie-uczci-pamiec-bohaterskiego-zolnierza-usa\/\",\"url\":\"https:\/\/www.pogotowieflagowe.pl\/aktualne\/wojewodztwo-swietokrzyskie-uczci-pamiec-bohaterskiego-zolnierza-usa\/\",\"name\":\"Wojew\u00f3dztwo \u015awi\u0119tokrzyskie uczci pami\u0119\u0107 Bohaterskiego \u017bo\u0142nierza USA - POGOTOWIE FLAGOWE\u00ae\",\"isPartOf\":{\"@id\":\"https:\/\/www.pogotowieflagowe.pl\/aktualne\/#website\"},\"primaryImageOfPage\":{\"@id\":\"https:\/\/www.pogotowieflagowe.pl\/aktualne\/wojewodztwo-swietokrzyskie-uczci-pamiec-bohaterskiego-zolnierza-usa\/#primaryimage\"},\"image\":{\"@id\":\"https:\/\/www.pogotowieflagowe.pl\/aktualne\/wojewodztwo-swietokrzyskie-uczci-pamiec-bohaterskiego-zolnierza-usa\/#primaryimage\"},\"thumbnailUrl\":\"https:\/\/www.pogotowieflagowe.pl\/aktualne\/wp-content\/uploads\/2026\/09\/Wojewodztwo-Swietokrzyskie-uczci-pamiec-Bohaterskiego-Zolnierza-USA.jpg\",\"datePublished\":\"2026-09-03T23:48:52+00:00\",\"dateModified\":\"2026-09-03T23:48:56+00:00\",\"breadcrumb\":{\"@id\":\"https:\/\/www.pogotowieflagowe.pl\/aktualne\/wojewodztwo-swietokrzyskie-uczci-pamiec-bohaterskiego-zolnierza-usa\/#breadcrumb\"},\"inLanguage\":\"pl-PL\",\"potentialAction\":[{\"@type\":\"ReadAction\",\"target\":[\"https:\/\/www.pogotowieflagowe.pl\/aktualne\/wojewodztwo-swietokrzyskie-uczci-pamiec-bohaterskiego-zolnierza-usa\/\"]}]},{\"@type\":\"ImageObject\",\"inLanguage\":\"pl-PL\",\"@id\":\"https:\/\/www.pogotowieflagowe.pl\/aktualne\/wojewodztwo-swietokrzyskie-uczci-pamiec-bohaterskiego-zolnierza-usa\/#primaryimage\",\"url\":\"https:\/\/www.pogotowieflagowe.pl\/aktualne\/wp-content\/uploads\/2026\/09\/Wojewodztwo-Swietokrzyskie-uczci-pamiec-Bohaterskiego-Zolnierza-USA.jpg\",\"contentUrl\":\"https:\/\/www.pogotowieflagowe.pl\/aktualne\/wp-content\/uploads\/2026\/09\/Wojewodztwo-Swietokrzyskie-uczci-pamiec-Bohaterskiego-Zolnierza-USA.jpg\",\"width\":2400,\"height\":1350},{\"@type\":\"BreadcrumbList\",\"@id\":\"https:\/\/www.pogotowieflagowe.pl\/aktualne\/wojewodztwo-swietokrzyskie-uczci-pamiec-bohaterskiego-zolnierza-usa\/#breadcrumb\",\"itemListElement\":[{\"@type\":\"ListItem\",\"position\":1,\"name\":\"Home\",\"item\":\"https:\/\/www.pogotowieflagowe.pl\/aktualne\/\"},{\"@type\":\"ListItem\",\"position\":2,\"name\":\"Wojew\u00f3dztwo \u015awi\u0119tokrzyskie uczci pami\u0119\u0107 Bohaterskiego \u017bo\u0142nierza USA\"}]},{\"@type\":\"WebSite\",\"@id\":\"https:\/\/www.pogotowieflagowe.pl\/aktualne\/#website\",\"url\":\"https:\/\/www.pogotowieflagowe.pl\/aktualne\/\",\"name\":\"POGOTOWIE FLAGOWE\u00ae\",\"description\":\"\",\"publisher\":{\"@id\":\"https:\/\/www.pogotowieflagowe.pl\/aktualne\/#organization\"},\"potentialAction\":[{\"@type\":\"SearchAction\",\"target\":{\"@type\":\"EntryPoint\",\"urlTemplate\":\"https:\/\/www.pogotowieflagowe.pl\/aktualne\/?s={search_term_string}\"},\"query-input\":\"required name=search_term_string\"}],\"inLanguage\":\"pl-PL\"},{\"@type\":\"Organization\",\"@id\":\"https:\/\/www.pogotowieflagowe.pl\/aktualne\/#organization\",\"name\":\"POGOTOWIE FLAGOWE\u00ae\",\"url\":\"https:\/\/www.pogotowieflagowe.pl\/aktualne\/\",\"logo\":{\"@type\":\"ImageObject\",\"inLanguage\":\"pl-PL\",\"@id\":\"https:\/\/www.pogotowieflagowe.pl\/aktualne\/#\/schema\/logo\/image\/\",\"url\":\"https:\/\/www.pogotowieflagowe.pl\/aktualne\/wp-content\/uploads\/2024\/08\/cropped-pogotowieflagowe_flaga_projekt_sm.jpg\",\"contentUrl\":\"https:\/\/www.pogotowieflagowe.pl\/aktualne\/wp-content\/uploads\/2024\/08\/cropped-pogotowieflagowe_flaga_projekt_sm.jpg\",\"width\":250,\"height\":143,\"caption\":\"POGOTOWIE FLAGOWE\u00ae\"},\"image\":{\"@id\":\"https:\/\/www.pogotowieflagowe.pl\/aktualne\/#\/schema\/logo\/image\/\"}},{\"@type\":\"Person\",\"@id\":\"https:\/\/www.pogotowieflagowe.pl\/aktualne\/#\/schema\/person\/9c2fb7d2362ebf6fa088960d7f0d27b0\",\"name\":\"Filip\",\"image\":{\"@type\":\"ImageObject\",\"inLanguage\":\"pl-PL\",\"@id\":\"https:\/\/www.pogotowieflagowe.pl\/aktualne\/#\/schema\/person\/image\/\",\"url\":\"https:\/\/www.pogotowieflagowe.pl\/aktualne\/wp-content\/uploads\/2024\/08\/pogotowieflagowe.pl_.jpg\",\"contentUrl\":\"https:\/\/www.pogotowieflagowe.pl\/aktualne\/wp-content\/uploads\/2024\/08\/pogotowieflagowe.pl_.jpg\",\"caption\":\"Filip\"},\"description\":\"Jestem Filip, polski dziennikarz z dyplomem nauk politycznych Uniwersytetu Warszawskiego. Rozpoczynaj\u0105c swoj\u0105 karier\u0119 w r\u00f3\u017cnych lokalnych mediach, zdoby\u0142em solidne do\u015bwiadczenie w zakresie \u015bledztwa i redakcji. Obecnie jako redaktor w Pogotowie flagowe, staram si\u0119 dostarcza\u0107 dog\u0142\u0119bne i istotne analizy na temat najwa\u017cniejszych kwestii aktualno\u015bci, \u0142\u0105cz\u0105c rygor z pasj\u0105 dziennikarsk\u0105.\",\"sameAs\":[\"https:\/\/www.pogotowieflagowe.pl\/\"]}]}<\/script>\n<!-- \/ Yoast SEO plugin. -->","yoast_head_json":{"title":"Wojew\u00f3dztwo \u015awi\u0119tokrzyskie uczci pami\u0119\u0107 Bohaterskiego \u017bo\u0142nierza USA - POGOTOWIE FLAGOWE\u00ae","robots":{"index":"index","follow":"follow","max-snippet":"max-snippet:-1","max-image-preview":"max-image-preview:large","max-video-preview":"max-video-preview:-1"},"canonical":"https:\/\/www.pogotowieflagowe.pl\/aktualne\/wojewodztwo-swietokrzyskie-uczci-pamiec-bohaterskiego-zolnierza-usa\/","og_locale":"pl_PL","og_type":"article","og_title":"Wojew\u00f3dztwo \u015awi\u0119tokrzyskie uczci pami\u0119\u0107 Bohaterskiego \u017bo\u0142nierza USA - POGOTOWIE FLAGOWE\u00ae","og_description":"Oleszno, wie\u015b w gminie Krasocin w wojew\u00f3dztwie \u015bwi\u0119tokrzyskim, uczci w tym miesi\u0105cu pami\u0119\u0107 sier\u017canta sztabowego armii ameryka\u0144skiej Michaela Ollisa, kt\u00f3ry","og_url":"https:\/\/www.pogotowieflagowe.pl\/aktualne\/wojewodztwo-swietokrzyskie-uczci-pamiec-bohaterskiego-zolnierza-usa\/","og_site_name":"POGOTOWIE FLAGOWE\u00ae","article_published_time":"2026-09-03T23:48:52+00:00","article_modified_time":"2026-09-03T23:48:56+00:00","og_image":[{"width":2400,"height":1350,"url":"https:\/\/www.pogotowieflagowe.pl\/aktualne\/wp-content\/uploads\/2026\/09\/Wojewodztwo-Swietokrzyskie-uczci-pamiec-Bohaterskiego-Zolnierza-USA.jpg","type":"image\/jpeg"}],"author":"Filip","twitter_card":"summary_large_image","twitter_misc":{"Napisane przez":"Filip","Szacowany czas czytania":"2 minuty"},"schema":{"@context":"https:\/\/schema.org","@graph":[{"@type":"Article","@id":"https:\/\/www.pogotowieflagowe.pl\/aktualne\/wojewodztwo-swietokrzyskie-uczci-pamiec-bohaterskiego-zolnierza-usa\/#article","isPartOf":{"@id":"https:\/\/www.pogotowieflagowe.pl\/aktualne\/wojewodztwo-swietokrzyskie-uczci-pamiec-bohaterskiego-zolnierza-usa\/"},"author":{"name":"Filip","@id":"https:\/\/www.pogotowieflagowe.pl\/aktualne\/#\/schema\/person\/9c2fb7d2362ebf6fa088960d7f0d27b0"},"headline":"Wojew\u00f3dztwo \u015awi\u0119tokrzyskie uczci pami\u0119\u0107 Bohaterskiego \u017bo\u0142nierza USA","datePublished":"2026-09-03T23:48:52+00:00","dateModified":"2026-09-03T23:48:56+00:00","mainEntityOfPage":{"@id":"https:\/\/www.pogotowieflagowe.pl\/aktualne\/wojewodztwo-swietokrzyskie-uczci-pamiec-bohaterskiego-zolnierza-usa\/"},"wordCount":437,"commentCount":0,"publisher":{"@id":"https:\/\/www.pogotowieflagowe.pl\/aktualne\/#organization"},"image":{"@id":"https:\/\/www.pogotowieflagowe.pl\/aktualne\/wojewodztwo-swietokrzyskie-uczci-pamiec-bohaterskiego-zolnierza-usa\/#primaryimage"},"thumbnailUrl":"https:\/\/www.pogotowieflagowe.pl\/aktualne\/wp-content\/uploads\/2026\/09\/Wojewodztwo-Swietokrzyskie-uczci-pamiec-Bohaterskiego-Zolnierza-USA.jpg","keywords":["Bohaterskiego","pami\u0119\u0107","\u015awi\u0119tokrzyskie","uczci","USA","Wojew\u00f3dztwo","\u017co\u0142nierza"],"articleSection":["Aktualne"],"inLanguage":"pl-PL","potentialAction":[{"@type":"CommentAction","name":"Comment","target":["https:\/\/www.pogotowieflagowe.pl\/aktualne\/wojewodztwo-swietokrzyskie-uczci-pamiec-bohaterskiego-zolnierza-usa\/#respond"]}]},{"@type":"WebPage","@id":"https:\/\/www.pogotowieflagowe.pl\/aktualne\/wojewodztwo-swietokrzyskie-uczci-pamiec-bohaterskiego-zolnierza-usa\/","url":"https:\/\/www.pogotowieflagowe.pl\/aktualne\/wojewodztwo-swietokrzyskie-uczci-pamiec-bohaterskiego-zolnierza-usa\/","name":"Wojew\u00f3dztwo \u015awi\u0119tokrzyskie uczci pami\u0119\u0107 Bohaterskiego \u017bo\u0142nierza USA - POGOTOWIE FLAGOWE\u00ae","isPartOf":{"@id":"https:\/\/www.pogotowieflagowe.pl\/aktualne\/#website"},"primaryImageOfPage":{"@id":"https:\/\/www.pogotowieflagowe.pl\/aktualne\/wojewodztwo-swietokrzyskie-uczci-pamiec-bohaterskiego-zolnierza-usa\/#primaryimage"},"image":{"@id":"https:\/\/www.pogotowieflagowe.pl\/aktualne\/wojewodztwo-swietokrzyskie-uczci-pamiec-bohaterskiego-zolnierza-usa\/#primaryimage"},"thumbnailUrl":"https:\/\/www.pogotowieflagowe.pl\/aktualne\/wp-content\/uploads\/2026\/09\/Wojewodztwo-Swietokrzyskie-uczci-pamiec-Bohaterskiego-Zolnierza-USA.jpg","datePublished":"2026-09-03T23:48:52+00:00","dateModified":"2026-09-03T23:48:56+00:00","breadcrumb":{"@id":"https:\/\/www.pogotowieflagowe.pl\/aktualne\/wojewodztwo-swietokrzyskie-uczci-pamiec-bohaterskiego-zolnierza-usa\/#breadcrumb"},"inLanguage":"pl-PL","potentialAction":[{"@type":"ReadAction","target":["https:\/\/www.pogotowieflagowe.pl\/aktualne\/wojewodztwo-swietokrzyskie-uczci-pamiec-bohaterskiego-zolnierza-usa\/"]}]},{"@type":"ImageObject","inLanguage":"pl-PL","@id":"https:\/\/www.pogotowieflagowe.pl\/aktualne\/wojewodztwo-swietokrzyskie-uczci-pamiec-bohaterskiego-zolnierza-usa\/#primaryimage","url":"https:\/\/www.pogotowieflagowe.pl\/aktualne\/wp-content\/uploads\/2026\/09\/Wojewodztwo-Swietokrzyskie-uczci-pamiec-Bohaterskiego-Zolnierza-USA.jpg","contentUrl":"https:\/\/www.pogotowieflagowe.pl\/aktualne\/wp-content\/uploads\/2026\/09\/Wojewodztwo-Swietokrzyskie-uczci-pamiec-Bohaterskiego-Zolnierza-USA.jpg","width":2400,"height":1350},{"@type":"BreadcrumbList","@id":"https:\/\/www.pogotowieflagowe.pl\/aktualne\/wojewodztwo-swietokrzyskie-uczci-pamiec-bohaterskiego-zolnierza-usa\/#breadcrumb","itemListElement":[{"@type":"ListItem","position":1,"name":"Home","item":"https:\/\/www.pogotowieflagowe.pl\/aktualne\/"},{"@type":"ListItem","position":2,"name":"Wojew\u00f3dztwo \u015awi\u0119tokrzyskie uczci pami\u0119\u0107 Bohaterskiego \u017bo\u0142nierza USA"}]},{"@type":"WebSite","@id":"https:\/\/www.pogotowieflagowe.pl\/aktualne\/#website","url":"https:\/\/www.pogotowieflagowe.pl\/aktualne\/","name":"POGOTOWIE FLAGOWE\u00ae","description":"","publisher":{"@id":"https:\/\/www.pogotowieflagowe.pl\/aktualne\/#organization"},"potentialAction":[{"@type":"SearchAction","target":{"@type":"EntryPoint","urlTemplate":"https:\/\/www.pogotowieflagowe.pl\/aktualne\/?s={search_term_string}"},"query-input":"required name=search_term_string"}],"inLanguage":"pl-PL"},{"@type":"Organization","@id":"https:\/\/www.pogotowieflagowe.pl\/aktualne\/#organization","name":"POGOTOWIE FLAGOWE\u00ae","url":"https:\/\/www.pogotowieflagowe.pl\/aktualne\/","logo":{"@type":"ImageObject","inLanguage":"pl-PL","@id":"https:\/\/www.pogotowieflagowe.pl\/aktualne\/#\/schema\/logo\/image\/","url":"https:\/\/www.pogotowieflagowe.pl\/aktualne\/wp-content\/uploads\/2024\/08\/cropped-pogotowieflagowe_flaga_projekt_sm.jpg","contentUrl":"https:\/\/www.pogotowieflagowe.pl\/aktualne\/wp-content\/uploads\/2024\/08\/cropped-pogotowieflagowe_flaga_projekt_sm.jpg","width":250,"height":143,"caption":"POGOTOWIE FLAGOWE\u00ae"},"image":{"@id":"https:\/\/www.pogotowieflagowe.pl\/aktualne\/#\/schema\/logo\/image\/"}},{"@type":"Person","@id":"https:\/\/www.pogotowieflagowe.pl\/aktualne\/#\/schema\/person\/9c2fb7d2362ebf6fa088960d7f0d27b0","name":"Filip","image":{"@type":"ImageObject","inLanguage":"pl-PL","@id":"https:\/\/www.pogotowieflagowe.pl\/aktualne\/#\/schema\/person\/image\/","url":"https:\/\/www.pogotowieflagowe.pl\/aktualne\/wp-content\/uploads\/2024\/08\/pogotowieflagowe.pl_.jpg","contentUrl":"https:\/\/www.pogotowieflagowe.pl\/aktualne\/wp-content\/uploads\/2024\/08\/pogotowieflagowe.pl_.jpg","caption":"Filip"},"description":"Jestem Filip, polski dziennikarz z dyplomem nauk politycznych Uniwersytetu Warszawskiego. Rozpoczynaj\u0105c swoj\u0105 karier\u0119 w r\u00f3\u017cnych lokalnych mediach, zdoby\u0142em solidne do\u015bwiadczenie w zakresie \u015bledztwa i redakcji. Obecnie jako redaktor w Pogotowie flagowe, staram si\u0119 dostarcza\u0107 dog\u0142\u0119bne i istotne analizy na temat najwa\u017cniejszych kwestii aktualno\u015bci, \u0142\u0105cz\u0105c rygor z pasj\u0105 dziennikarsk\u0105.","sameAs":["https:\/\/www.pogotowieflagowe.pl\/"]}]}},"_links":{"self":[{"href":"https:\/\/www.pogotowieflagowe.pl\/aktualne\/wp-json\/wp\/v2\/posts\/13539","targetHints":{"allow":["GET"]}}],"collection":[{"href":"https:\/\/www.pogotowieflagowe.pl\/aktualne\/wp-json\/wp\/v2\/posts"}],"about":[{"href":"https:\/\/www.pogotowieflagowe.pl\/aktualne\/wp-json\/wp\/v2\/types\/post"}],"author":[{"embeddable":true,"href":"https:\/\/www.pogotowieflagowe.pl\/aktualne\/wp-json\/wp\/v2\/users\/1"}],"replies":[{"embeddable":true,"href":"https:\/\/www.pogotowieflagowe.pl\/aktualne\/wp-json\/wp\/v2\/comments?post=13539"}],"version-history":[{"count":1,"href":"https:\/\/www.pogotowieflagowe.pl\/aktualne\/wp-json\/wp\/v2\/posts\/13539\/revisions"}],"predecessor-version":[{"id":13541,"href":"https:\/\/www.pogotowieflagowe.pl\/aktualne\/wp-json\/wp\/v2\/posts\/13539\/revisions\/13541"}],"wp:featuredmedia":[{"embeddable":true,"href":"https:\/\/www.pogotowieflagowe.pl\/aktualne\/wp-json\/wp\/v2\/media\/13540"}],"wp:attachment":[{"href":"https:\/\/www.pogotowieflagowe.pl\/aktualne\/wp-json\/wp\/v2\/media?parent=13539"}],"wp:term":[{"taxonomy":"category","embeddable":true,"href":"https:\/\/www.pogotowieflagowe.pl\/aktualne\/wp-json\/wp\/v2\/categories?post=13539"},{"taxonomy":"post_tag","embeddable":true,"href":"https:\/\/www.pogotowieflagowe.pl\/aktualne\/wp-json\/wp\/v2\/tags?post=13539"}],"curies":[{"name":"wp","href":"https:\/\/api.w.org\/{rel}","templated":true}]}}