{"id":1354,"date":"2024-10-18T14:52:40","date_gmt":"2024-10-18T12:52:40","guid":{"rendered":"https:\/\/www.pogotowieflagowe.pl\/aktualne\/wim-fissette-dolacza-do-druzyny-igi-swiatek-przed-finalami-wta-rozpoczyna-sie-nowa-era\/"},"modified":"2024-10-18T14:52:41","modified_gmt":"2024-10-18T12:52:41","slug":"wim-fissette-dolacza-do-druzyny-igi-swiatek-przed-finalami-wta-rozpoczyna-sie-nowa-era","status":"publish","type":"post","link":"https:\/\/www.pogotowieflagowe.pl\/aktualne\/wim-fissette-dolacza-do-druzyny-igi-swiatek-przed-finalami-wta-rozpoczyna-sie-nowa-era\/","title":{"rendered":"Wim Fissette do\u0142\u0105cza do dru\u017cyny Igi \u015awi\u0105tek przed fina\u0142ami WTA: rozpoczyna si\u0119 nowa era"},"content":{"rendered":"\n<div class=\"td_block_wrap tdb_single_content tdi_48 td-pb-border-top td_block_template_8 td-post-content tagdiv-type\" data-td-block-uid=\"tdi_48\">\n<style>.tdi_48{margines-g\u00f3rny:0px!important;margin-bottom:0px!important;dope\u0142nienie-g\u00f3ra:0px!important;dope\u0142nienie-d\u00f3\u0142:0px!important}<\/style>\n<style>.tdb_single_content{margin-bottom:0;*zoom:1}.tdb_single_content:before,.tdb_single_content:after{display:table;content:'';line-height:0}.tdb_single_content:after{clear:both}.tdb_single_content .tdb-block-inner>*:not(.wp-block-quote):not(.alignwide):not(.alignfull.wp-block-cover.has-parallax):not(.td-a-ad) {margin-left:auto;margin-right:auto}.tdb_single_content a{pointer-events:auto}.tdb_single_content .td-spot-id-top_ad .tdc-placeholder-title:before{content:'Najlepsza reklama artyku\u0142u'! wa\u017cne}.tdb_single_content .td-spot-id-inline_ad0 .tdc-placeholder-title:before{content:'Article Inline Ad 1'!important}.tdb_single_content .td-spot-id-inline_ad1 .tdc-placeholder-title:before {content:'Reklama wbudowana w artyku\u0142 2'!important}.tdb_single_content .td-spot-id-inline_ad2 .tdc-placeholder-title:before{content:'Reklama wbudowana w artyku\u0142 3'!important}.tdb_single_content .td-spot-id -bottom_ad .tdc-placeholder-title:before{content:'Article Bottom Ad'!important}.tdb_single_content .id_top_ad,.tdb_single_content .id_bottom_ad{clear:both;margin-bottom:21px;text-align:center}.tdb_single_content . id_top_ad img,.tdb_single_content .id_bottom_ad img{margin-bottom:0}.tdb_single_content .id_top_ad .adsbygoogle,.tdb_single_content .id_bottom_ad .adsbygoogle{position:relative}.tdb_single_content .id_ad_content-horiz- po lewej,.tdb_single_content .id_ad_content-horiz-right ,.tdb_single_content .id_ad_content-horiz-center{margin-bottom:15px}.tdb_single_content .id_ad_content-horiz-left img,.tdb_single_content .id_ad_content-horiz-right img,.tdb_single_content .id_ad_content-horiz -center img{margines-dolny: 0}.tdb_single_content .id_ad_content-horiz-center{text-align:center}.tdb_single_content .id_ad_content-horiz-center img{margin-right:auto;margin-left:auto}.tdb_single_content .id_ad_content-horiz-left{float: lewy;margin-g\u00f3rny:9px;margin-prawy:21px}.tdb_single_content .id_ad_content-horiz-right{float:right;margin-top:6px;margin-left:21px}.tdb_single_content .tdc-a-ad .tdc- placeholder-title{width:300px;height:250px}.tdb_single_content .tdc-a-ad .tdc-placeholder-title:before{position:absolute;top:50%;-webkit-transform:translateY(-50%); transform:translateY(-50%);margines:auto;display:table;width:100%}.tdb_single_content .tdb-block-inner.td-fix-index{word-break:break-word}.tdi_48,.tdi_48 >p,.tdi_48 .tdb-block-inner>p{font-size:16px!important;line-height:1.6!important}.tdi_48 .tdb-block-inner blockquote p{font-style:normal!important}@ media (maks. szeroko\u015b\u0107: 767 pikseli){.tdb_single_content .id_ad_content-horiz-left,.tdb_single_content .id_ad_content-horiz-right,.tdb_single_content .id_ad_content-horiz-center{margin:0 auto 26px auto}}@media (maks. szeroko\u015b\u0107 :767px){.tdb_single_content .id_ad_content-horiz-left{margin-right:0}}@media (max-width:767px){.tdb_single_content .id_ad_content-horiz-right{margin-left:0}}@media (max -width:767px){.tdb_single_content .td-a-ad{float:none;text-align:center}.tdb_single_content .td-a-ad img{margin-right:auto;margin-left:auto}.tdb_single_content . tdc-a-ad{float:none}}<\/style>\n<div class=\"tdb-block-inner td-fix-index\">\n<p>Belgijski trener Wim Fissette po\u0142\u0105czy\u0142 si\u0142y z polsk\u0105 gwiazd\u0105 tenisa Ig\u0105 \u015awi\u0105tek, rozpoczynaj\u0105c nowy, ekscytuj\u0105cy rozdzia\u0142 dla nr 1 na \u015bwiecie. Fissette, kt\u00f3ra \u015bledzi karier\u0119 \u015awi\u0105tka od jej zwyci\u0119stwa w Wimbledonie junior\u00f3w w 2018 r., wyrazi\u0142 sw\u00f3j entuzjazm w zwi\u0105zku z partnerstwem, dzwoni\u0105c do \u015awi\u0105tka \u201ewzorem do na\u015bladowania dla wielu graczy\u201d. <\/p>\n<h2 class=\"wp-block-heading\">Wim Fissette: do\u015bwiadczony trener gotowy poprawi\u0107 gr\u0119 Igi \u015awi\u0105tek<\/h2>\n<p>Fissette wnosi znacz\u0105ce do\u015bwiadczenie, poniewa\u017c trenowa\u0142 elitarne zawodniczki, takie jak Naomi Osaka, Victoria Azarenka i Simona Halep. Po raz pierwszy zetkn\u0105\u0142 si\u0119 ze \u015awi\u0105tkiem, gdy jego \u00f3wczesna zawodniczka Angelique Kerber zdoby\u0142a tytu\u0142 mistrza Wimbledonu senior\u00f3w w tym samym roku, w kt\u00f3rym \u015awi\u0105tek triumfowa\u0142 w juniorkach. Od tego czasu uwa\u017cnie obserwowa\u0142 jej drog\u0119 do s\u0142awy, uczestnicz\u0105c we wsp\u00f3lnych sesjach treningowych i na w\u0142asne oczy b\u0119d\u0105c \u015bwiadkiem jej zaciek\u0142ej rywalizacji.<\/p>\n<figure class=\"wp-block-pullquote\">\n<blockquote>\n<p>\u201eBy\u0142a wzorem do na\u015bladowania dla wielu graczy dzi\u0119ki intensywno\u015bci i skupieniu, jakie wnosi do pracy, wi\u0119c ch\u0119tnie nawi\u0105\u017c\u0119 wsp\u00f3\u0142prac\u0119, gdy oboje b\u0119dziemy nadal budowa\u0107 to, co najlepsze i goni\u0107 za kolejnymi marzeniami. Jazda, Iga!\u201d<\/p>\n<p><cite>  \u2013 powiedzia\u0142a Fisette.<\/cite><\/p><\/blockquote>\n<\/figure>\n<p>Trenerka podkre\u015bli\u0142a cechy, kt\u00f3re wyr\u00f3\u017cniaj\u0105 \u015awi\u0105tek, m.in. konsekwentn\u0105 intensywno\u015b\u0107 i nastawienie na doskonalenie. Wierzy, \u017ce ich wsp\u00f3\u0142praca mo\u017ce nap\u0119dza\u0107 wzajemny rozw\u00f3j i pom\u00f3c im wsp\u00f3lnie osi\u0105gn\u0105\u0107 sportowe ambicje. <\/p>\n<h2 class=\"wp-block-heading\">Iga \u015awi\u0105tek gotowa do obrony tytu\u0142u w fina\u0142ach WTA: test dla nowego trenera Wima Fissette&#8217;a<\/h2>\n<p>Ich partnerstwo zostanie wystawione na pr\u00f3b\u0119 podczas zbli\u017caj\u0105cych si\u0119 Fina\u0142\u00f3w WTA w Riyadzie, gdzie \u015awi\u0105tek b\u0119dzie broni\u0107 tytu\u0142u z zesz\u0142ego roku. Turniej, kt\u00f3ry odb\u0119dzie si\u0119 w dniach 2\u20139 listopada, pozwoli zobaczy\u0107, jak coaching Fissette wp\u0142ywa na wyniki \u015awi\u0105tek, kt\u00f3ra pragnie utrzyma\u0107 swoj\u0105 pozycj\u0119 w czo\u0142\u00f3wce kobiecego tenisa.<\/p>\n<\/div>\n<\/div>\n","protected":false},"excerpt":{"rendered":"<p>Belgijski trener Wim Fissette po\u0142\u0105czy\u0142 si\u0142y z polsk\u0105 gwiazd\u0105 tenisa Ig\u0105 \u015awi\u0105tek, rozpoczynaj\u0105c nowy, ekscytuj\u0105cy rozdzia\u0142 dla nr 1 na<\/p>\n","protected":false},"author":1,"featured_media":1355,"comment_status":"closed","ping_status":"","sticky":false,"template":"","format":"standard","meta":{"footnotes":""},"categories":[118],"tags":[1281,1091,2270,2269,2245,1408,589,643,538,150,144,2244,323],"class_list":["post-1354","post","type-post","status-publish","format-standard","has-post-thumbnail","hentry","category-lekkoatletyka","tag-dolacza","tag-druzyny","tag-era","tag-finalami","tag-fissette","tag-igi","tag-nowa","tag-przed","tag-rozpoczyna","tag-sie","tag-swiatek","tag-wim","tag-wta","generate-columns","tablet-grid-50","mobile-grid-100","grid-parent","grid-50","resize-featured-image"],"yoast_head":"<!-- This site is optimized with the Yoast SEO plugin v23.2 - https:\/\/yoast.com\/wordpress\/plugins\/seo\/ -->\n<title>Wim Fissette do\u0142\u0105cza do dru\u017cyny Igi \u015awi\u0105tek przed fina\u0142ami WTA: rozpoczyna si\u0119 nowa era - POGOTOWIE FLAGOWE\u00ae<\/title>\n<meta name=\"robots\" content=\"index, follow, max-snippet:-1, max-image-preview:large, max-video-preview:-1\" \/>\n<link rel=\"canonical\" href=\"https:\/\/www.pogotowieflagowe.pl\/aktualne\/wim-fissette-dolacza-do-druzyny-igi-swiatek-przed-finalami-wta-rozpoczyna-sie-nowa-era\/\" \/>\n<meta property=\"og:locale\" content=\"pl_PL\" \/>\n<meta property=\"og:type\" content=\"article\" \/>\n<meta property=\"og:title\" content=\"Wim Fissette do\u0142\u0105cza do dru\u017cyny Igi \u015awi\u0105tek przed fina\u0142ami WTA: rozpoczyna si\u0119 nowa era - POGOTOWIE FLAGOWE\u00ae\" \/>\n<meta property=\"og:description\" content=\"Belgijski trener Wim Fissette po\u0142\u0105czy\u0142 si\u0142y z polsk\u0105 gwiazd\u0105 tenisa Ig\u0105 \u015awi\u0105tek, rozpoczynaj\u0105c nowy, ekscytuj\u0105cy rozdzia\u0142 dla nr 1 na\" \/>\n<meta property=\"og:url\" content=\"https:\/\/www.pogotowieflagowe.pl\/aktualne\/wim-fissette-dolacza-do-druzyny-igi-swiatek-przed-finalami-wta-rozpoczyna-sie-nowa-era\/\" \/>\n<meta property=\"og:site_name\" content=\"POGOTOWIE FLAGOWE\u00ae\" \/>\n<meta property=\"article:published_time\" content=\"2024-10-18T12:52:40+00:00\" \/>\n<meta property=\"article:modified_time\" content=\"2024-10-18T12:52:41+00:00\" \/>\n<meta property=\"og:image\" content=\"https:\/\/www.pogotowieflagowe.pl\/aktualne\/wp-content\/uploads\/2024\/10\/Wim-Fissette-dolacza-do-druzyny-Igi-Swiatek-przed-finalami-WTA.jpg\" \/>\n\t<meta property=\"og:image:width\" content=\"1406\" \/>\n\t<meta property=\"og:image:height\" content=\"920\" \/>\n\t<meta property=\"og:image:type\" content=\"image\/jpeg\" \/>\n<meta name=\"author\" content=\"Filip\" \/>\n<meta name=\"twitter:card\" content=\"summary_large_image\" \/>\n<meta name=\"twitter:label1\" content=\"Napisane przez\" \/>\n\t<meta name=\"twitter:data1\" content=\"Filip\" \/>\n\t<meta name=\"twitter:label2\" content=\"Szacowany czas czytania\" \/>\n\t<meta name=\"twitter:data2\" content=\"2 minuty\" \/>\n<script type=\"application\/ld+json\" class=\"yoast-schema-graph\">{\"@context\":\"https:\/\/schema.org\",\"@graph\":[{\"@type\":\"Article\",\"@id\":\"https:\/\/www.pogotowieflagowe.pl\/aktualne\/wim-fissette-dolacza-do-druzyny-igi-swiatek-przed-finalami-wta-rozpoczyna-sie-nowa-era\/#article\",\"isPartOf\":{\"@id\":\"https:\/\/www.pogotowieflagowe.pl\/aktualne\/wim-fissette-dolacza-do-druzyny-igi-swiatek-przed-finalami-wta-rozpoczyna-sie-nowa-era\/\"},\"author\":{\"name\":\"Filip\",\"@id\":\"https:\/\/www.pogotowieflagowe.pl\/aktualne\/#\/schema\/person\/9c2fb7d2362ebf6fa088960d7f0d27b0\"},\"headline\":\"Wim Fissette do\u0142\u0105cza do dru\u017cyny Igi \u015awi\u0105tek przed fina\u0142ami WTA: rozpoczyna si\u0119 nowa era\",\"datePublished\":\"2024-10-18T12:52:40+00:00\",\"dateModified\":\"2024-10-18T12:52:41+00:00\",\"mainEntityOfPage\":{\"@id\":\"https:\/\/www.pogotowieflagowe.pl\/aktualne\/wim-fissette-dolacza-do-druzyny-igi-swiatek-przed-finalami-wta-rozpoczyna-sie-nowa-era\/\"},\"wordCount\":340,\"publisher\":{\"@id\":\"https:\/\/www.pogotowieflagowe.pl\/aktualne\/#organization\"},\"image\":{\"@id\":\"https:\/\/www.pogotowieflagowe.pl\/aktualne\/wim-fissette-dolacza-do-druzyny-igi-swiatek-przed-finalami-wta-rozpoczyna-sie-nowa-era\/#primaryimage\"},\"thumbnailUrl\":\"https:\/\/www.pogotowieflagowe.pl\/aktualne\/wp-content\/uploads\/2024\/10\/Wim-Fissette-dolacza-do-druzyny-Igi-Swiatek-przed-finalami-WTA.jpg\",\"keywords\":[\"do\u0142\u0105cza\",\"dru\u017cyny\",\"era\",\"fina\u0142ami\",\"Fissette\",\"Igi\",\"Nowa\",\"przed\",\"rozpoczyna\",\"si\u0119\",\"\u015awi\u0105tek\",\"Wim\",\"WTA\"],\"articleSection\":[\"Lekkoatletyka\"],\"inLanguage\":\"pl-PL\"},{\"@type\":\"WebPage\",\"@id\":\"https:\/\/www.pogotowieflagowe.pl\/aktualne\/wim-fissette-dolacza-do-druzyny-igi-swiatek-przed-finalami-wta-rozpoczyna-sie-nowa-era\/\",\"url\":\"https:\/\/www.pogotowieflagowe.pl\/aktualne\/wim-fissette-dolacza-do-druzyny-igi-swiatek-przed-finalami-wta-rozpoczyna-sie-nowa-era\/\",\"name\":\"Wim Fissette do\u0142\u0105cza do dru\u017cyny Igi \u015awi\u0105tek przed fina\u0142ami WTA: rozpoczyna si\u0119 nowa era - POGOTOWIE FLAGOWE\u00ae\",\"isPartOf\":{\"@id\":\"https:\/\/www.pogotowieflagowe.pl\/aktualne\/#website\"},\"primaryImageOfPage\":{\"@id\":\"https:\/\/www.pogotowieflagowe.pl\/aktualne\/wim-fissette-dolacza-do-druzyny-igi-swiatek-przed-finalami-wta-rozpoczyna-sie-nowa-era\/#primaryimage\"},\"image\":{\"@id\":\"https:\/\/www.pogotowieflagowe.pl\/aktualne\/wim-fissette-dolacza-do-druzyny-igi-swiatek-przed-finalami-wta-rozpoczyna-sie-nowa-era\/#primaryimage\"},\"thumbnailUrl\":\"https:\/\/www.pogotowieflagowe.pl\/aktualne\/wp-content\/uploads\/2024\/10\/Wim-Fissette-dolacza-do-druzyny-Igi-Swiatek-przed-finalami-WTA.jpg\",\"datePublished\":\"2024-10-18T12:52:40+00:00\",\"dateModified\":\"2024-10-18T12:52:41+00:00\",\"breadcrumb\":{\"@id\":\"https:\/\/www.pogotowieflagowe.pl\/aktualne\/wim-fissette-dolacza-do-druzyny-igi-swiatek-przed-finalami-wta-rozpoczyna-sie-nowa-era\/#breadcrumb\"},\"inLanguage\":\"pl-PL\",\"potentialAction\":[{\"@type\":\"ReadAction\",\"target\":[\"https:\/\/www.pogotowieflagowe.pl\/aktualne\/wim-fissette-dolacza-do-druzyny-igi-swiatek-przed-finalami-wta-rozpoczyna-sie-nowa-era\/\"]}]},{\"@type\":\"ImageObject\",\"inLanguage\":\"pl-PL\",\"@id\":\"https:\/\/www.pogotowieflagowe.pl\/aktualne\/wim-fissette-dolacza-do-druzyny-igi-swiatek-przed-finalami-wta-rozpoczyna-sie-nowa-era\/#primaryimage\",\"url\":\"https:\/\/www.pogotowieflagowe.pl\/aktualne\/wp-content\/uploads\/2024\/10\/Wim-Fissette-dolacza-do-druzyny-Igi-Swiatek-przed-finalami-WTA.jpg\",\"contentUrl\":\"https:\/\/www.pogotowieflagowe.pl\/aktualne\/wp-content\/uploads\/2024\/10\/Wim-Fissette-dolacza-do-druzyny-Igi-Swiatek-przed-finalami-WTA.jpg\",\"width\":1406,\"height\":920,\"caption\":\"Wim Fissette do\u0142\u0105cza do dru\u017cyny Igi \u015awi\u0105tek przed fina\u0142ami WTA: rozpoczyna si\u0119 nowa era\"},{\"@type\":\"BreadcrumbList\",\"@id\":\"https:\/\/www.pogotowieflagowe.pl\/aktualne\/wim-fissette-dolacza-do-druzyny-igi-swiatek-przed-finalami-wta-rozpoczyna-sie-nowa-era\/#breadcrumb\",\"itemListElement\":[{\"@type\":\"ListItem\",\"position\":1,\"name\":\"Home\",\"item\":\"https:\/\/www.pogotowieflagowe.pl\/aktualne\/\"},{\"@type\":\"ListItem\",\"position\":2,\"name\":\"Wim Fissette do\u0142\u0105cza do dru\u017cyny Igi \u015awi\u0105tek przed fina\u0142ami WTA: rozpoczyna si\u0119 nowa era\"}]},{\"@type\":\"WebSite\",\"@id\":\"https:\/\/www.pogotowieflagowe.pl\/aktualne\/#website\",\"url\":\"https:\/\/www.pogotowieflagowe.pl\/aktualne\/\",\"name\":\"POGOTOWIE FLAGOWE\u00ae\",\"description\":\"\",\"publisher\":{\"@id\":\"https:\/\/www.pogotowieflagowe.pl\/aktualne\/#organization\"},\"potentialAction\":[{\"@type\":\"SearchAction\",\"target\":{\"@type\":\"EntryPoint\",\"urlTemplate\":\"https:\/\/www.pogotowieflagowe.pl\/aktualne\/?s={search_term_string}\"},\"query-input\":\"required name=search_term_string\"}],\"inLanguage\":\"pl-PL\"},{\"@type\":\"Organization\",\"@id\":\"https:\/\/www.pogotowieflagowe.pl\/aktualne\/#organization\",\"name\":\"POGOTOWIE FLAGOWE\u00ae\",\"url\":\"https:\/\/www.pogotowieflagowe.pl\/aktualne\/\",\"logo\":{\"@type\":\"ImageObject\",\"inLanguage\":\"pl-PL\",\"@id\":\"https:\/\/www.pogotowieflagowe.pl\/aktualne\/#\/schema\/logo\/image\/\",\"url\":\"https:\/\/www.pogotowieflagowe.pl\/aktualne\/wp-content\/uploads\/2024\/08\/cropped-pogotowieflagowe_flaga_projekt_sm.jpg\",\"contentUrl\":\"https:\/\/www.pogotowieflagowe.pl\/aktualne\/wp-content\/uploads\/2024\/08\/cropped-pogotowieflagowe_flaga_projekt_sm.jpg\",\"width\":250,\"height\":143,\"caption\":\"POGOTOWIE FLAGOWE\u00ae\"},\"image\":{\"@id\":\"https:\/\/www.pogotowieflagowe.pl\/aktualne\/#\/schema\/logo\/image\/\"}},{\"@type\":\"Person\",\"@id\":\"https:\/\/www.pogotowieflagowe.pl\/aktualne\/#\/schema\/person\/9c2fb7d2362ebf6fa088960d7f0d27b0\",\"name\":\"Filip\",\"image\":{\"@type\":\"ImageObject\",\"inLanguage\":\"pl-PL\",\"@id\":\"https:\/\/www.pogotowieflagowe.pl\/aktualne\/#\/schema\/person\/image\/\",\"url\":\"https:\/\/www.pogotowieflagowe.pl\/aktualne\/wp-content\/uploads\/2024\/08\/pogotowieflagowe.pl_.jpg\",\"contentUrl\":\"https:\/\/www.pogotowieflagowe.pl\/aktualne\/wp-content\/uploads\/2024\/08\/pogotowieflagowe.pl_.jpg\",\"caption\":\"Filip\"},\"description\":\"Jestem Filip, polski dziennikarz z dyplomem nauk politycznych Uniwersytetu Warszawskiego. Rozpoczynaj\u0105c swoj\u0105 karier\u0119 w r\u00f3\u017cnych lokalnych mediach, zdoby\u0142em solidne do\u015bwiadczenie w zakresie \u015bledztwa i redakcji. Obecnie jako redaktor w Pogotowie flagowe, staram si\u0119 dostarcza\u0107 dog\u0142\u0119bne i istotne analizy na temat najwa\u017cniejszych kwestii aktualno\u015bci, \u0142\u0105cz\u0105c rygor z pasj\u0105 dziennikarsk\u0105.\",\"sameAs\":[\"https:\/\/www.pogotowieflagowe.pl\/\"]}]}<\/script>\n<!-- \/ Yoast SEO plugin. -->","yoast_head_json":{"title":"Wim Fissette do\u0142\u0105cza do dru\u017cyny Igi \u015awi\u0105tek przed fina\u0142ami WTA: rozpoczyna si\u0119 nowa era - POGOTOWIE FLAGOWE\u00ae","robots":{"index":"index","follow":"follow","max-snippet":"max-snippet:-1","max-image-preview":"max-image-preview:large","max-video-preview":"max-video-preview:-1"},"canonical":"https:\/\/www.pogotowieflagowe.pl\/aktualne\/wim-fissette-dolacza-do-druzyny-igi-swiatek-przed-finalami-wta-rozpoczyna-sie-nowa-era\/","og_locale":"pl_PL","og_type":"article","og_title":"Wim Fissette do\u0142\u0105cza do dru\u017cyny Igi \u015awi\u0105tek przed fina\u0142ami WTA: rozpoczyna si\u0119 nowa era - POGOTOWIE FLAGOWE\u00ae","og_description":"Belgijski trener Wim Fissette po\u0142\u0105czy\u0142 si\u0142y z polsk\u0105 gwiazd\u0105 tenisa Ig\u0105 \u015awi\u0105tek, rozpoczynaj\u0105c nowy, ekscytuj\u0105cy rozdzia\u0142 dla nr 1 na","og_url":"https:\/\/www.pogotowieflagowe.pl\/aktualne\/wim-fissette-dolacza-do-druzyny-igi-swiatek-przed-finalami-wta-rozpoczyna-sie-nowa-era\/","og_site_name":"POGOTOWIE FLAGOWE\u00ae","article_published_time":"2024-10-18T12:52:40+00:00","article_modified_time":"2024-10-18T12:52:41+00:00","og_image":[{"width":1406,"height":920,"url":"https:\/\/www.pogotowieflagowe.pl\/aktualne\/wp-content\/uploads\/2024\/10\/Wim-Fissette-dolacza-do-druzyny-Igi-Swiatek-przed-finalami-WTA.jpg","type":"image\/jpeg"}],"author":"Filip","twitter_card":"summary_large_image","twitter_misc":{"Napisane przez":"Filip","Szacowany czas czytania":"2 minuty"},"schema":{"@context":"https:\/\/schema.org","@graph":[{"@type":"Article","@id":"https:\/\/www.pogotowieflagowe.pl\/aktualne\/wim-fissette-dolacza-do-druzyny-igi-swiatek-przed-finalami-wta-rozpoczyna-sie-nowa-era\/#article","isPartOf":{"@id":"https:\/\/www.pogotowieflagowe.pl\/aktualne\/wim-fissette-dolacza-do-druzyny-igi-swiatek-przed-finalami-wta-rozpoczyna-sie-nowa-era\/"},"author":{"name":"Filip","@id":"https:\/\/www.pogotowieflagowe.pl\/aktualne\/#\/schema\/person\/9c2fb7d2362ebf6fa088960d7f0d27b0"},"headline":"Wim Fissette do\u0142\u0105cza do dru\u017cyny Igi \u015awi\u0105tek przed fina\u0142ami WTA: rozpoczyna si\u0119 nowa era","datePublished":"2024-10-18T12:52:40+00:00","dateModified":"2024-10-18T12:52:41+00:00","mainEntityOfPage":{"@id":"https:\/\/www.pogotowieflagowe.pl\/aktualne\/wim-fissette-dolacza-do-druzyny-igi-swiatek-przed-finalami-wta-rozpoczyna-sie-nowa-era\/"},"wordCount":340,"publisher":{"@id":"https:\/\/www.pogotowieflagowe.pl\/aktualne\/#organization"},"image":{"@id":"https:\/\/www.pogotowieflagowe.pl\/aktualne\/wim-fissette-dolacza-do-druzyny-igi-swiatek-przed-finalami-wta-rozpoczyna-sie-nowa-era\/#primaryimage"},"thumbnailUrl":"https:\/\/www.pogotowieflagowe.pl\/aktualne\/wp-content\/uploads\/2024\/10\/Wim-Fissette-dolacza-do-druzyny-Igi-Swiatek-przed-finalami-WTA.jpg","keywords":["do\u0142\u0105cza","dru\u017cyny","era","fina\u0142ami","Fissette","Igi","Nowa","przed","rozpoczyna","si\u0119","\u015awi\u0105tek","Wim","WTA"],"articleSection":["Lekkoatletyka"],"inLanguage":"pl-PL"},{"@type":"WebPage","@id":"https:\/\/www.pogotowieflagowe.pl\/aktualne\/wim-fissette-dolacza-do-druzyny-igi-swiatek-przed-finalami-wta-rozpoczyna-sie-nowa-era\/","url":"https:\/\/www.pogotowieflagowe.pl\/aktualne\/wim-fissette-dolacza-do-druzyny-igi-swiatek-przed-finalami-wta-rozpoczyna-sie-nowa-era\/","name":"Wim Fissette do\u0142\u0105cza do dru\u017cyny Igi \u015awi\u0105tek przed fina\u0142ami WTA: rozpoczyna si\u0119 nowa era - POGOTOWIE FLAGOWE\u00ae","isPartOf":{"@id":"https:\/\/www.pogotowieflagowe.pl\/aktualne\/#website"},"primaryImageOfPage":{"@id":"https:\/\/www.pogotowieflagowe.pl\/aktualne\/wim-fissette-dolacza-do-druzyny-igi-swiatek-przed-finalami-wta-rozpoczyna-sie-nowa-era\/#primaryimage"},"image":{"@id":"https:\/\/www.pogotowieflagowe.pl\/aktualne\/wim-fissette-dolacza-do-druzyny-igi-swiatek-przed-finalami-wta-rozpoczyna-sie-nowa-era\/#primaryimage"},"thumbnailUrl":"https:\/\/www.pogotowieflagowe.pl\/aktualne\/wp-content\/uploads\/2024\/10\/Wim-Fissette-dolacza-do-druzyny-Igi-Swiatek-przed-finalami-WTA.jpg","datePublished":"2024-10-18T12:52:40+00:00","dateModified":"2024-10-18T12:52:41+00:00","breadcrumb":{"@id":"https:\/\/www.pogotowieflagowe.pl\/aktualne\/wim-fissette-dolacza-do-druzyny-igi-swiatek-przed-finalami-wta-rozpoczyna-sie-nowa-era\/#breadcrumb"},"inLanguage":"pl-PL","potentialAction":[{"@type":"ReadAction","target":["https:\/\/www.pogotowieflagowe.pl\/aktualne\/wim-fissette-dolacza-do-druzyny-igi-swiatek-przed-finalami-wta-rozpoczyna-sie-nowa-era\/"]}]},{"@type":"ImageObject","inLanguage":"pl-PL","@id":"https:\/\/www.pogotowieflagowe.pl\/aktualne\/wim-fissette-dolacza-do-druzyny-igi-swiatek-przed-finalami-wta-rozpoczyna-sie-nowa-era\/#primaryimage","url":"https:\/\/www.pogotowieflagowe.pl\/aktualne\/wp-content\/uploads\/2024\/10\/Wim-Fissette-dolacza-do-druzyny-Igi-Swiatek-przed-finalami-WTA.jpg","contentUrl":"https:\/\/www.pogotowieflagowe.pl\/aktualne\/wp-content\/uploads\/2024\/10\/Wim-Fissette-dolacza-do-druzyny-Igi-Swiatek-przed-finalami-WTA.jpg","width":1406,"height":920,"caption":"Wim Fissette do\u0142\u0105cza do dru\u017cyny Igi \u015awi\u0105tek przed fina\u0142ami WTA: rozpoczyna si\u0119 nowa era"},{"@type":"BreadcrumbList","@id":"https:\/\/www.pogotowieflagowe.pl\/aktualne\/wim-fissette-dolacza-do-druzyny-igi-swiatek-przed-finalami-wta-rozpoczyna-sie-nowa-era\/#breadcrumb","itemListElement":[{"@type":"ListItem","position":1,"name":"Home","item":"https:\/\/www.pogotowieflagowe.pl\/aktualne\/"},{"@type":"ListItem","position":2,"name":"Wim Fissette do\u0142\u0105cza do dru\u017cyny Igi \u015awi\u0105tek przed fina\u0142ami WTA: rozpoczyna si\u0119 nowa era"}]},{"@type":"WebSite","@id":"https:\/\/www.pogotowieflagowe.pl\/aktualne\/#website","url":"https:\/\/www.pogotowieflagowe.pl\/aktualne\/","name":"POGOTOWIE FLAGOWE\u00ae","description":"","publisher":{"@id":"https:\/\/www.pogotowieflagowe.pl\/aktualne\/#organization"},"potentialAction":[{"@type":"SearchAction","target":{"@type":"EntryPoint","urlTemplate":"https:\/\/www.pogotowieflagowe.pl\/aktualne\/?s={search_term_string}"},"query-input":"required name=search_term_string"}],"inLanguage":"pl-PL"},{"@type":"Organization","@id":"https:\/\/www.pogotowieflagowe.pl\/aktualne\/#organization","name":"POGOTOWIE FLAGOWE\u00ae","url":"https:\/\/www.pogotowieflagowe.pl\/aktualne\/","logo":{"@type":"ImageObject","inLanguage":"pl-PL","@id":"https:\/\/www.pogotowieflagowe.pl\/aktualne\/#\/schema\/logo\/image\/","url":"https:\/\/www.pogotowieflagowe.pl\/aktualne\/wp-content\/uploads\/2024\/08\/cropped-pogotowieflagowe_flaga_projekt_sm.jpg","contentUrl":"https:\/\/www.pogotowieflagowe.pl\/aktualne\/wp-content\/uploads\/2024\/08\/cropped-pogotowieflagowe_flaga_projekt_sm.jpg","width":250,"height":143,"caption":"POGOTOWIE FLAGOWE\u00ae"},"image":{"@id":"https:\/\/www.pogotowieflagowe.pl\/aktualne\/#\/schema\/logo\/image\/"}},{"@type":"Person","@id":"https:\/\/www.pogotowieflagowe.pl\/aktualne\/#\/schema\/person\/9c2fb7d2362ebf6fa088960d7f0d27b0","name":"Filip","image":{"@type":"ImageObject","inLanguage":"pl-PL","@id":"https:\/\/www.pogotowieflagowe.pl\/aktualne\/#\/schema\/person\/image\/","url":"https:\/\/www.pogotowieflagowe.pl\/aktualne\/wp-content\/uploads\/2024\/08\/pogotowieflagowe.pl_.jpg","contentUrl":"https:\/\/www.pogotowieflagowe.pl\/aktualne\/wp-content\/uploads\/2024\/08\/pogotowieflagowe.pl_.jpg","caption":"Filip"},"description":"Jestem Filip, polski dziennikarz z dyplomem nauk politycznych Uniwersytetu Warszawskiego. Rozpoczynaj\u0105c swoj\u0105 karier\u0119 w r\u00f3\u017cnych lokalnych mediach, zdoby\u0142em solidne do\u015bwiadczenie w zakresie \u015bledztwa i redakcji. Obecnie jako redaktor w Pogotowie flagowe, staram si\u0119 dostarcza\u0107 dog\u0142\u0119bne i istotne analizy na temat najwa\u017cniejszych kwestii aktualno\u015bci, \u0142\u0105cz\u0105c rygor z pasj\u0105 dziennikarsk\u0105.","sameAs":["https:\/\/www.pogotowieflagowe.pl\/"]}]}},"_links":{"self":[{"href":"https:\/\/www.pogotowieflagowe.pl\/aktualne\/wp-json\/wp\/v2\/posts\/1354","targetHints":{"allow":["GET"]}}],"collection":[{"href":"https:\/\/www.pogotowieflagowe.pl\/aktualne\/wp-json\/wp\/v2\/posts"}],"about":[{"href":"https:\/\/www.pogotowieflagowe.pl\/aktualne\/wp-json\/wp\/v2\/types\/post"}],"author":[{"embeddable":true,"href":"https:\/\/www.pogotowieflagowe.pl\/aktualne\/wp-json\/wp\/v2\/users\/1"}],"replies":[{"embeddable":true,"href":"https:\/\/www.pogotowieflagowe.pl\/aktualne\/wp-json\/wp\/v2\/comments?post=1354"}],"version-history":[{"count":1,"href":"https:\/\/www.pogotowieflagowe.pl\/aktualne\/wp-json\/wp\/v2\/posts\/1354\/revisions"}],"predecessor-version":[{"id":1356,"href":"https:\/\/www.pogotowieflagowe.pl\/aktualne\/wp-json\/wp\/v2\/posts\/1354\/revisions\/1356"}],"wp:featuredmedia":[{"embeddable":true,"href":"https:\/\/www.pogotowieflagowe.pl\/aktualne\/wp-json\/wp\/v2\/media\/1355"}],"wp:attachment":[{"href":"https:\/\/www.pogotowieflagowe.pl\/aktualne\/wp-json\/wp\/v2\/media?parent=1354"}],"wp:term":[{"taxonomy":"category","embeddable":true,"href":"https:\/\/www.pogotowieflagowe.pl\/aktualne\/wp-json\/wp\/v2\/categories?post=1354"},{"taxonomy":"post_tag","embeddable":true,"href":"https:\/\/www.pogotowieflagowe.pl\/aktualne\/wp-json\/wp\/v2\/tags?post=1354"}],"curies":[{"name":"wp","href":"https:\/\/api.w.org\/{rel}","templated":true}]}}