{"id":13542,"date":"2026-09-04T04:49:42","date_gmt":"2026-09-04T02:49:42","guid":{"rendered":"https:\/\/www.pogotowieflagowe.pl\/aktualne\/eskalacja-napiec-i-prowokowanie-krajow-nato-rosja-moze-wykorzystac-bialorus\/"},"modified":"2026-09-04T04:49:43","modified_gmt":"2026-09-04T02:49:43","slug":"eskalacja-napiec-i-prowokowanie-krajow-nato-rosja-moze-wykorzystac-bialorus","status":"publish","type":"post","link":"https:\/\/www.pogotowieflagowe.pl\/aktualne\/eskalacja-napiec-i-prowokowanie-krajow-nato-rosja-moze-wykorzystac-bialorus\/","title":{"rendered":"Eskalacja napi\u0119\u0107 i prowokowanie kraj\u00f3w NATO. Rosja mo\u017ce wykorzysta\u0107 Bia\u0142oru\u015b"},"content":{"rendered":"<div data-td-block-uid=\"tdi_41\">\n<div class=\"tdb-block-inner td-fix-index\">\n<p class=\"wp-block-paragraph\">Swiat\u0142ana Cichanouska ostrzeg\u0142a, \u017ce \u200b\u200bRosja mo\u017ce wykorzysta\u0107 terytorium Bia\u0142orusi do eskalacji napi\u0119\u0107 i prowokowania pa\u0144stw NATO. Lider bia\u0142oruskiej opozycji zwr\u00f3ci\u0142 uwag\u0119 na ostatnie posuni\u0119cia Mi\u0144ska.<\/p>\n<p class=\"wp-block-paragraph\">Cichanouska podkre\u015bli\u0142a, \u017ce \u200b\u200bbia\u0142oruski przyw\u00f3dca Aleksander \u0141ukaszenka jest gotowy udost\u0119pni\u0107 Rosji terytorium i infrastruktur\u0119 kraju w celu ewentualnych operacji ofensywnych lub zastraszania przeciwko NATO.<\/p>\n<p class=\"wp-block-paragraph\">Ona te\u017c to powiedzia\u0142a <strong>otrzyma\u0142a informacj\u0119 o budowie nowej infrastruktury wojskowej na Bia\u0142orusi w pobli\u017cu granicy z Ukrain\u0105 i granic pa\u0144stw cz\u0142onkowskich UE.<\/strong><\/p>\n<p class=\"wp-block-paragraph\"><strong>&#8222;Musimy zachowa\u0107 szczeg\u00f3ln\u0105 czujno\u015b\u0107. Widzimy, \u017ce na Bia\u0142orusi rozmieszczana jest infrastruktura dla rakiet Oresznik. Oni (Rosjanie) gro\u017c\u0105 nam i szanta\u017cuj\u0105 broni\u0105 nuklearn\u0105&#8221;<\/strong> powiedzia\u0142a.<\/p>\n<p class=\"wp-block-paragraph\">Doda\u0142a, \u017ce \u200b\u200bRosja i Bia\u0142oru\u015b ju\u017c przeprowadzaj\u0105 ataki hybrydowe na pa\u0144stwa NATO, zw\u0142aszcza na Litw\u0119, Polsk\u0119 i \u0141otw\u0119.<\/p>\n<p class=\"wp-block-paragraph\">Wcze\u015bniej litewski minister obrony Robertas Kaunas powiedzia\u0142, \u017ce Rosja rozwa\u017ca ataki na infrastruktur\u0119 krytyczn\u0105 w regionie ba\u0142tyckim z wykorzystaniem dron\u00f3w.<\/p>\n<\/div>\n<\/div>\n","protected":false},"excerpt":{"rendered":"<p>Swiat\u0142ana Cichanouska ostrzeg\u0142a, \u017ce \u200b\u200bRosja mo\u017ce wykorzysta\u0107 terytorium Bia\u0142orusi do eskalacji napi\u0119\u0107 i prowokowania pa\u0144stw NATO. Lider bia\u0142oruskiej opozycji zwr\u00f3ci\u0142<\/p>\n","protected":false},"author":1,"featured_media":441,"comment_status":"open","ping_status":"open","sticky":false,"template":"","format":"standard","meta":{"footnotes":""},"categories":[44],"tags":[12815,6307,1828,2219,5006,515,14375,28,12352],"class_list":["post-13542","post","type-post","status-publish","format-standard","has-post-thumbnail","hentry","category-polityka","tag-bialorus","tag-eskalacja","tag-krajow","tag-moze","tag-napiec","tag-nato","tag-prowokowanie","tag-rosja","tag-wykorzystac","generate-columns","tablet-grid-50","mobile-grid-100","grid-parent","grid-50","resize-featured-image"],"yoast_head":"<!-- This site is optimized with the Yoast SEO plugin v23.2 - https:\/\/yoast.com\/wordpress\/plugins\/seo\/ -->\n<title>Eskalacja napi\u0119\u0107 i prowokowanie kraj\u00f3w NATO. Rosja mo\u017ce wykorzysta\u0107 Bia\u0142oru\u015b - POGOTOWIE FLAGOWE\u00ae<\/title>\n<meta name=\"robots\" content=\"index, follow, max-snippet:-1, max-image-preview:large, max-video-preview:-1\" \/>\n<link rel=\"canonical\" href=\"https:\/\/www.pogotowieflagowe.pl\/aktualne\/eskalacja-napiec-i-prowokowanie-krajow-nato-rosja-moze-wykorzystac-bialorus\/\" \/>\n<meta property=\"og:locale\" content=\"pl_PL\" \/>\n<meta property=\"og:type\" content=\"article\" \/>\n<meta property=\"og:title\" content=\"Eskalacja napi\u0119\u0107 i prowokowanie kraj\u00f3w NATO. Rosja mo\u017ce wykorzysta\u0107 Bia\u0142oru\u015b - POGOTOWIE FLAGOWE\u00ae\" \/>\n<meta property=\"og:description\" content=\"Swiat\u0142ana Cichanouska ostrzeg\u0142a, \u017ce \u200b\u200bRosja mo\u017ce wykorzysta\u0107 terytorium Bia\u0142orusi do eskalacji napi\u0119\u0107 i prowokowania pa\u0144stw NATO. Lider bia\u0142oruskiej opozycji zwr\u00f3ci\u0142\" \/>\n<meta property=\"og:url\" content=\"https:\/\/www.pogotowieflagowe.pl\/aktualne\/eskalacja-napiec-i-prowokowanie-krajow-nato-rosja-moze-wykorzystac-bialorus\/\" \/>\n<meta property=\"og:site_name\" content=\"POGOTOWIE FLAGOWE\u00ae\" \/>\n<meta property=\"article:published_time\" content=\"2026-09-04T02:49:42+00:00\" \/>\n<meta property=\"article:modified_time\" content=\"2026-09-04T02:49:43+00:00\" \/>\n<meta property=\"og:image\" content=\"https:\/\/www.pogotowieflagowe.pl\/aktualne\/wp-content\/uploads\/2024\/09\/Polska-liderem-NATO-w-wydatkach-na-obrone-w-stosunku-do.jpg\" \/>\n\t<meta property=\"og:image:width\" content=\"800\" \/>\n\t<meta property=\"og:image:height\" content=\"533\" \/>\n\t<meta property=\"og:image:type\" content=\"image\/jpeg\" \/>\n<meta name=\"author\" content=\"Filip\" \/>\n<meta name=\"twitter:card\" content=\"summary_large_image\" \/>\n<meta name=\"twitter:label1\" content=\"Napisane przez\" \/>\n\t<meta name=\"twitter:data1\" content=\"Filip\" \/>\n\t<meta name=\"twitter:label2\" content=\"Szacowany czas czytania\" \/>\n\t<meta name=\"twitter:data2\" content=\"1 minuta\" \/>\n<script type=\"application\/ld+json\" class=\"yoast-schema-graph\">{\"@context\":\"https:\/\/schema.org\",\"@graph\":[{\"@type\":\"Article\",\"@id\":\"https:\/\/www.pogotowieflagowe.pl\/aktualne\/eskalacja-napiec-i-prowokowanie-krajow-nato-rosja-moze-wykorzystac-bialorus\/#article\",\"isPartOf\":{\"@id\":\"https:\/\/www.pogotowieflagowe.pl\/aktualne\/eskalacja-napiec-i-prowokowanie-krajow-nato-rosja-moze-wykorzystac-bialorus\/\"},\"author\":{\"name\":\"Filip\",\"@id\":\"https:\/\/www.pogotowieflagowe.pl\/aktualne\/#\/schema\/person\/9c2fb7d2362ebf6fa088960d7f0d27b0\"},\"headline\":\"Eskalacja napi\u0119\u0107 i prowokowanie kraj\u00f3w NATO. Rosja mo\u017ce wykorzysta\u0107 Bia\u0142oru\u015b\",\"datePublished\":\"2026-09-04T02:49:42+00:00\",\"dateModified\":\"2026-09-04T02:49:43+00:00\",\"mainEntityOfPage\":{\"@id\":\"https:\/\/www.pogotowieflagowe.pl\/aktualne\/eskalacja-napiec-i-prowokowanie-krajow-nato-rosja-moze-wykorzystac-bialorus\/\"},\"wordCount\":178,\"commentCount\":0,\"publisher\":{\"@id\":\"https:\/\/www.pogotowieflagowe.pl\/aktualne\/#organization\"},\"image\":{\"@id\":\"https:\/\/www.pogotowieflagowe.pl\/aktualne\/eskalacja-napiec-i-prowokowanie-krajow-nato-rosja-moze-wykorzystac-bialorus\/#primaryimage\"},\"thumbnailUrl\":\"https:\/\/www.pogotowieflagowe.pl\/aktualne\/wp-content\/uploads\/2024\/09\/Polska-liderem-NATO-w-wydatkach-na-obrone-w-stosunku-do.jpg\",\"keywords\":[\"Bia\u0142oru\u015b\",\"eskalacja\",\"kraj\u00f3w\",\"mo\u017ce\",\"napi\u0119\u0107\",\"NATO\",\"prowokowanie\",\"Rosja\",\"wykorzysta\u0107\"],\"articleSection\":[\"Polityka\"],\"inLanguage\":\"pl-PL\",\"potentialAction\":[{\"@type\":\"CommentAction\",\"name\":\"Comment\",\"target\":[\"https:\/\/www.pogotowieflagowe.pl\/aktualne\/eskalacja-napiec-i-prowokowanie-krajow-nato-rosja-moze-wykorzystac-bialorus\/#respond\"]}]},{\"@type\":\"WebPage\",\"@id\":\"https:\/\/www.pogotowieflagowe.pl\/aktualne\/eskalacja-napiec-i-prowokowanie-krajow-nato-rosja-moze-wykorzystac-bialorus\/\",\"url\":\"https:\/\/www.pogotowieflagowe.pl\/aktualne\/eskalacja-napiec-i-prowokowanie-krajow-nato-rosja-moze-wykorzystac-bialorus\/\",\"name\":\"Eskalacja napi\u0119\u0107 i prowokowanie kraj\u00f3w NATO. Rosja mo\u017ce wykorzysta\u0107 Bia\u0142oru\u015b - POGOTOWIE FLAGOWE\u00ae\",\"isPartOf\":{\"@id\":\"https:\/\/www.pogotowieflagowe.pl\/aktualne\/#website\"},\"primaryImageOfPage\":{\"@id\":\"https:\/\/www.pogotowieflagowe.pl\/aktualne\/eskalacja-napiec-i-prowokowanie-krajow-nato-rosja-moze-wykorzystac-bialorus\/#primaryimage\"},\"image\":{\"@id\":\"https:\/\/www.pogotowieflagowe.pl\/aktualne\/eskalacja-napiec-i-prowokowanie-krajow-nato-rosja-moze-wykorzystac-bialorus\/#primaryimage\"},\"thumbnailUrl\":\"https:\/\/www.pogotowieflagowe.pl\/aktualne\/wp-content\/uploads\/2024\/09\/Polska-liderem-NATO-w-wydatkach-na-obrone-w-stosunku-do.jpg\",\"datePublished\":\"2026-09-04T02:49:42+00:00\",\"dateModified\":\"2026-09-04T02:49:43+00:00\",\"breadcrumb\":{\"@id\":\"https:\/\/www.pogotowieflagowe.pl\/aktualne\/eskalacja-napiec-i-prowokowanie-krajow-nato-rosja-moze-wykorzystac-bialorus\/#breadcrumb\"},\"inLanguage\":\"pl-PL\",\"potentialAction\":[{\"@type\":\"ReadAction\",\"target\":[\"https:\/\/www.pogotowieflagowe.pl\/aktualne\/eskalacja-napiec-i-prowokowanie-krajow-nato-rosja-moze-wykorzystac-bialorus\/\"]}]},{\"@type\":\"ImageObject\",\"inLanguage\":\"pl-PL\",\"@id\":\"https:\/\/www.pogotowieflagowe.pl\/aktualne\/eskalacja-napiec-i-prowokowanie-krajow-nato-rosja-moze-wykorzystac-bialorus\/#primaryimage\",\"url\":\"https:\/\/www.pogotowieflagowe.pl\/aktualne\/wp-content\/uploads\/2024\/09\/Polska-liderem-NATO-w-wydatkach-na-obrone-w-stosunku-do.jpg\",\"contentUrl\":\"https:\/\/www.pogotowieflagowe.pl\/aktualne\/wp-content\/uploads\/2024\/09\/Polska-liderem-NATO-w-wydatkach-na-obrone-w-stosunku-do.jpg\",\"width\":800,\"height\":533,\"caption\":\"Polska liderem NATO w wydatkach na obron\u0119 w stosunku do PKB\"},{\"@type\":\"BreadcrumbList\",\"@id\":\"https:\/\/www.pogotowieflagowe.pl\/aktualne\/eskalacja-napiec-i-prowokowanie-krajow-nato-rosja-moze-wykorzystac-bialorus\/#breadcrumb\",\"itemListElement\":[{\"@type\":\"ListItem\",\"position\":1,\"name\":\"Home\",\"item\":\"https:\/\/www.pogotowieflagowe.pl\/aktualne\/\"},{\"@type\":\"ListItem\",\"position\":2,\"name\":\"Eskalacja napi\u0119\u0107 i prowokowanie kraj\u00f3w NATO. Rosja mo\u017ce wykorzysta\u0107 Bia\u0142oru\u015b\"}]},{\"@type\":\"WebSite\",\"@id\":\"https:\/\/www.pogotowieflagowe.pl\/aktualne\/#website\",\"url\":\"https:\/\/www.pogotowieflagowe.pl\/aktualne\/\",\"name\":\"POGOTOWIE FLAGOWE\u00ae\",\"description\":\"\",\"publisher\":{\"@id\":\"https:\/\/www.pogotowieflagowe.pl\/aktualne\/#organization\"},\"potentialAction\":[{\"@type\":\"SearchAction\",\"target\":{\"@type\":\"EntryPoint\",\"urlTemplate\":\"https:\/\/www.pogotowieflagowe.pl\/aktualne\/?s={search_term_string}\"},\"query-input\":\"required name=search_term_string\"}],\"inLanguage\":\"pl-PL\"},{\"@type\":\"Organization\",\"@id\":\"https:\/\/www.pogotowieflagowe.pl\/aktualne\/#organization\",\"name\":\"POGOTOWIE FLAGOWE\u00ae\",\"url\":\"https:\/\/www.pogotowieflagowe.pl\/aktualne\/\",\"logo\":{\"@type\":\"ImageObject\",\"inLanguage\":\"pl-PL\",\"@id\":\"https:\/\/www.pogotowieflagowe.pl\/aktualne\/#\/schema\/logo\/image\/\",\"url\":\"https:\/\/www.pogotowieflagowe.pl\/aktualne\/wp-content\/uploads\/2024\/08\/cropped-pogotowieflagowe_flaga_projekt_sm.jpg\",\"contentUrl\":\"https:\/\/www.pogotowieflagowe.pl\/aktualne\/wp-content\/uploads\/2024\/08\/cropped-pogotowieflagowe_flaga_projekt_sm.jpg\",\"width\":250,\"height\":143,\"caption\":\"POGOTOWIE FLAGOWE\u00ae\"},\"image\":{\"@id\":\"https:\/\/www.pogotowieflagowe.pl\/aktualne\/#\/schema\/logo\/image\/\"}},{\"@type\":\"Person\",\"@id\":\"https:\/\/www.pogotowieflagowe.pl\/aktualne\/#\/schema\/person\/9c2fb7d2362ebf6fa088960d7f0d27b0\",\"name\":\"Filip\",\"image\":{\"@type\":\"ImageObject\",\"inLanguage\":\"pl-PL\",\"@id\":\"https:\/\/www.pogotowieflagowe.pl\/aktualne\/#\/schema\/person\/image\/\",\"url\":\"https:\/\/www.pogotowieflagowe.pl\/aktualne\/wp-content\/uploads\/2024\/08\/pogotowieflagowe.pl_.jpg\",\"contentUrl\":\"https:\/\/www.pogotowieflagowe.pl\/aktualne\/wp-content\/uploads\/2024\/08\/pogotowieflagowe.pl_.jpg\",\"caption\":\"Filip\"},\"description\":\"Jestem Filip, polski dziennikarz z dyplomem nauk politycznych Uniwersytetu Warszawskiego. Rozpoczynaj\u0105c swoj\u0105 karier\u0119 w r\u00f3\u017cnych lokalnych mediach, zdoby\u0142em solidne do\u015bwiadczenie w zakresie \u015bledztwa i redakcji. Obecnie jako redaktor w Pogotowie flagowe, staram si\u0119 dostarcza\u0107 dog\u0142\u0119bne i istotne analizy na temat najwa\u017cniejszych kwestii aktualno\u015bci, \u0142\u0105cz\u0105c rygor z pasj\u0105 dziennikarsk\u0105.\",\"sameAs\":[\"https:\/\/www.pogotowieflagowe.pl\/\"]}]}<\/script>\n<!-- \/ Yoast SEO plugin. -->","yoast_head_json":{"title":"Eskalacja napi\u0119\u0107 i prowokowanie kraj\u00f3w NATO. Rosja mo\u017ce wykorzysta\u0107 Bia\u0142oru\u015b - POGOTOWIE FLAGOWE\u00ae","robots":{"index":"index","follow":"follow","max-snippet":"max-snippet:-1","max-image-preview":"max-image-preview:large","max-video-preview":"max-video-preview:-1"},"canonical":"https:\/\/www.pogotowieflagowe.pl\/aktualne\/eskalacja-napiec-i-prowokowanie-krajow-nato-rosja-moze-wykorzystac-bialorus\/","og_locale":"pl_PL","og_type":"article","og_title":"Eskalacja napi\u0119\u0107 i prowokowanie kraj\u00f3w NATO. Rosja mo\u017ce wykorzysta\u0107 Bia\u0142oru\u015b - POGOTOWIE FLAGOWE\u00ae","og_description":"Swiat\u0142ana Cichanouska ostrzeg\u0142a, \u017ce \u200b\u200bRosja mo\u017ce wykorzysta\u0107 terytorium Bia\u0142orusi do eskalacji napi\u0119\u0107 i prowokowania pa\u0144stw NATO. Lider bia\u0142oruskiej opozycji zwr\u00f3ci\u0142","og_url":"https:\/\/www.pogotowieflagowe.pl\/aktualne\/eskalacja-napiec-i-prowokowanie-krajow-nato-rosja-moze-wykorzystac-bialorus\/","og_site_name":"POGOTOWIE FLAGOWE\u00ae","article_published_time":"2026-09-04T02:49:42+00:00","article_modified_time":"2026-09-04T02:49:43+00:00","og_image":[{"width":800,"height":533,"url":"https:\/\/www.pogotowieflagowe.pl\/aktualne\/wp-content\/uploads\/2024\/09\/Polska-liderem-NATO-w-wydatkach-na-obrone-w-stosunku-do.jpg","type":"image\/jpeg"}],"author":"Filip","twitter_card":"summary_large_image","twitter_misc":{"Napisane przez":"Filip","Szacowany czas czytania":"1 minuta"},"schema":{"@context":"https:\/\/schema.org","@graph":[{"@type":"Article","@id":"https:\/\/www.pogotowieflagowe.pl\/aktualne\/eskalacja-napiec-i-prowokowanie-krajow-nato-rosja-moze-wykorzystac-bialorus\/#article","isPartOf":{"@id":"https:\/\/www.pogotowieflagowe.pl\/aktualne\/eskalacja-napiec-i-prowokowanie-krajow-nato-rosja-moze-wykorzystac-bialorus\/"},"author":{"name":"Filip","@id":"https:\/\/www.pogotowieflagowe.pl\/aktualne\/#\/schema\/person\/9c2fb7d2362ebf6fa088960d7f0d27b0"},"headline":"Eskalacja napi\u0119\u0107 i prowokowanie kraj\u00f3w NATO. Rosja mo\u017ce wykorzysta\u0107 Bia\u0142oru\u015b","datePublished":"2026-09-04T02:49:42+00:00","dateModified":"2026-09-04T02:49:43+00:00","mainEntityOfPage":{"@id":"https:\/\/www.pogotowieflagowe.pl\/aktualne\/eskalacja-napiec-i-prowokowanie-krajow-nato-rosja-moze-wykorzystac-bialorus\/"},"wordCount":178,"commentCount":0,"publisher":{"@id":"https:\/\/www.pogotowieflagowe.pl\/aktualne\/#organization"},"image":{"@id":"https:\/\/www.pogotowieflagowe.pl\/aktualne\/eskalacja-napiec-i-prowokowanie-krajow-nato-rosja-moze-wykorzystac-bialorus\/#primaryimage"},"thumbnailUrl":"https:\/\/www.pogotowieflagowe.pl\/aktualne\/wp-content\/uploads\/2024\/09\/Polska-liderem-NATO-w-wydatkach-na-obrone-w-stosunku-do.jpg","keywords":["Bia\u0142oru\u015b","eskalacja","kraj\u00f3w","mo\u017ce","napi\u0119\u0107","NATO","prowokowanie","Rosja","wykorzysta\u0107"],"articleSection":["Polityka"],"inLanguage":"pl-PL","potentialAction":[{"@type":"CommentAction","name":"Comment","target":["https:\/\/www.pogotowieflagowe.pl\/aktualne\/eskalacja-napiec-i-prowokowanie-krajow-nato-rosja-moze-wykorzystac-bialorus\/#respond"]}]},{"@type":"WebPage","@id":"https:\/\/www.pogotowieflagowe.pl\/aktualne\/eskalacja-napiec-i-prowokowanie-krajow-nato-rosja-moze-wykorzystac-bialorus\/","url":"https:\/\/www.pogotowieflagowe.pl\/aktualne\/eskalacja-napiec-i-prowokowanie-krajow-nato-rosja-moze-wykorzystac-bialorus\/","name":"Eskalacja napi\u0119\u0107 i prowokowanie kraj\u00f3w NATO. Rosja mo\u017ce wykorzysta\u0107 Bia\u0142oru\u015b - POGOTOWIE FLAGOWE\u00ae","isPartOf":{"@id":"https:\/\/www.pogotowieflagowe.pl\/aktualne\/#website"},"primaryImageOfPage":{"@id":"https:\/\/www.pogotowieflagowe.pl\/aktualne\/eskalacja-napiec-i-prowokowanie-krajow-nato-rosja-moze-wykorzystac-bialorus\/#primaryimage"},"image":{"@id":"https:\/\/www.pogotowieflagowe.pl\/aktualne\/eskalacja-napiec-i-prowokowanie-krajow-nato-rosja-moze-wykorzystac-bialorus\/#primaryimage"},"thumbnailUrl":"https:\/\/www.pogotowieflagowe.pl\/aktualne\/wp-content\/uploads\/2024\/09\/Polska-liderem-NATO-w-wydatkach-na-obrone-w-stosunku-do.jpg","datePublished":"2026-09-04T02:49:42+00:00","dateModified":"2026-09-04T02:49:43+00:00","breadcrumb":{"@id":"https:\/\/www.pogotowieflagowe.pl\/aktualne\/eskalacja-napiec-i-prowokowanie-krajow-nato-rosja-moze-wykorzystac-bialorus\/#breadcrumb"},"inLanguage":"pl-PL","potentialAction":[{"@type":"ReadAction","target":["https:\/\/www.pogotowieflagowe.pl\/aktualne\/eskalacja-napiec-i-prowokowanie-krajow-nato-rosja-moze-wykorzystac-bialorus\/"]}]},{"@type":"ImageObject","inLanguage":"pl-PL","@id":"https:\/\/www.pogotowieflagowe.pl\/aktualne\/eskalacja-napiec-i-prowokowanie-krajow-nato-rosja-moze-wykorzystac-bialorus\/#primaryimage","url":"https:\/\/www.pogotowieflagowe.pl\/aktualne\/wp-content\/uploads\/2024\/09\/Polska-liderem-NATO-w-wydatkach-na-obrone-w-stosunku-do.jpg","contentUrl":"https:\/\/www.pogotowieflagowe.pl\/aktualne\/wp-content\/uploads\/2024\/09\/Polska-liderem-NATO-w-wydatkach-na-obrone-w-stosunku-do.jpg","width":800,"height":533,"caption":"Polska liderem NATO w wydatkach na obron\u0119 w stosunku do PKB"},{"@type":"BreadcrumbList","@id":"https:\/\/www.pogotowieflagowe.pl\/aktualne\/eskalacja-napiec-i-prowokowanie-krajow-nato-rosja-moze-wykorzystac-bialorus\/#breadcrumb","itemListElement":[{"@type":"ListItem","position":1,"name":"Home","item":"https:\/\/www.pogotowieflagowe.pl\/aktualne\/"},{"@type":"ListItem","position":2,"name":"Eskalacja napi\u0119\u0107 i prowokowanie kraj\u00f3w NATO. Rosja mo\u017ce wykorzysta\u0107 Bia\u0142oru\u015b"}]},{"@type":"WebSite","@id":"https:\/\/www.pogotowieflagowe.pl\/aktualne\/#website","url":"https:\/\/www.pogotowieflagowe.pl\/aktualne\/","name":"POGOTOWIE FLAGOWE\u00ae","description":"","publisher":{"@id":"https:\/\/www.pogotowieflagowe.pl\/aktualne\/#organization"},"potentialAction":[{"@type":"SearchAction","target":{"@type":"EntryPoint","urlTemplate":"https:\/\/www.pogotowieflagowe.pl\/aktualne\/?s={search_term_string}"},"query-input":"required name=search_term_string"}],"inLanguage":"pl-PL"},{"@type":"Organization","@id":"https:\/\/www.pogotowieflagowe.pl\/aktualne\/#organization","name":"POGOTOWIE FLAGOWE\u00ae","url":"https:\/\/www.pogotowieflagowe.pl\/aktualne\/","logo":{"@type":"ImageObject","inLanguage":"pl-PL","@id":"https:\/\/www.pogotowieflagowe.pl\/aktualne\/#\/schema\/logo\/image\/","url":"https:\/\/www.pogotowieflagowe.pl\/aktualne\/wp-content\/uploads\/2024\/08\/cropped-pogotowieflagowe_flaga_projekt_sm.jpg","contentUrl":"https:\/\/www.pogotowieflagowe.pl\/aktualne\/wp-content\/uploads\/2024\/08\/cropped-pogotowieflagowe_flaga_projekt_sm.jpg","width":250,"height":143,"caption":"POGOTOWIE FLAGOWE\u00ae"},"image":{"@id":"https:\/\/www.pogotowieflagowe.pl\/aktualne\/#\/schema\/logo\/image\/"}},{"@type":"Person","@id":"https:\/\/www.pogotowieflagowe.pl\/aktualne\/#\/schema\/person\/9c2fb7d2362ebf6fa088960d7f0d27b0","name":"Filip","image":{"@type":"ImageObject","inLanguage":"pl-PL","@id":"https:\/\/www.pogotowieflagowe.pl\/aktualne\/#\/schema\/person\/image\/","url":"https:\/\/www.pogotowieflagowe.pl\/aktualne\/wp-content\/uploads\/2024\/08\/pogotowieflagowe.pl_.jpg","contentUrl":"https:\/\/www.pogotowieflagowe.pl\/aktualne\/wp-content\/uploads\/2024\/08\/pogotowieflagowe.pl_.jpg","caption":"Filip"},"description":"Jestem Filip, polski dziennikarz z dyplomem nauk politycznych Uniwersytetu Warszawskiego. Rozpoczynaj\u0105c swoj\u0105 karier\u0119 w r\u00f3\u017cnych lokalnych mediach, zdoby\u0142em solidne do\u015bwiadczenie w zakresie \u015bledztwa i redakcji. Obecnie jako redaktor w Pogotowie flagowe, staram si\u0119 dostarcza\u0107 dog\u0142\u0119bne i istotne analizy na temat najwa\u017cniejszych kwestii aktualno\u015bci, \u0142\u0105cz\u0105c rygor z pasj\u0105 dziennikarsk\u0105.","sameAs":["https:\/\/www.pogotowieflagowe.pl\/"]}]}},"_links":{"self":[{"href":"https:\/\/www.pogotowieflagowe.pl\/aktualne\/wp-json\/wp\/v2\/posts\/13542","targetHints":{"allow":["GET"]}}],"collection":[{"href":"https:\/\/www.pogotowieflagowe.pl\/aktualne\/wp-json\/wp\/v2\/posts"}],"about":[{"href":"https:\/\/www.pogotowieflagowe.pl\/aktualne\/wp-json\/wp\/v2\/types\/post"}],"author":[{"embeddable":true,"href":"https:\/\/www.pogotowieflagowe.pl\/aktualne\/wp-json\/wp\/v2\/users\/1"}],"replies":[{"embeddable":true,"href":"https:\/\/www.pogotowieflagowe.pl\/aktualne\/wp-json\/wp\/v2\/comments?post=13542"}],"version-history":[{"count":1,"href":"https:\/\/www.pogotowieflagowe.pl\/aktualne\/wp-json\/wp\/v2\/posts\/13542\/revisions"}],"predecessor-version":[{"id":13543,"href":"https:\/\/www.pogotowieflagowe.pl\/aktualne\/wp-json\/wp\/v2\/posts\/13542\/revisions\/13543"}],"wp:featuredmedia":[{"embeddable":true,"href":"https:\/\/www.pogotowieflagowe.pl\/aktualne\/wp-json\/wp\/v2\/media\/441"}],"wp:attachment":[{"href":"https:\/\/www.pogotowieflagowe.pl\/aktualne\/wp-json\/wp\/v2\/media?parent=13542"}],"wp:term":[{"taxonomy":"category","embeddable":true,"href":"https:\/\/www.pogotowieflagowe.pl\/aktualne\/wp-json\/wp\/v2\/categories?post=13542"},{"taxonomy":"post_tag","embeddable":true,"href":"https:\/\/www.pogotowieflagowe.pl\/aktualne\/wp-json\/wp\/v2\/tags?post=13542"}],"curies":[{"name":"wp","href":"https:\/\/api.w.org\/{rel}","templated":true}]}}