{"id":13544,"date":"2026-09-04T09:52:46","date_gmt":"2026-09-04T07:52:46","guid":{"rendered":"https:\/\/www.pogotowieflagowe.pl\/aktualne\/tusk-walczy-o-zondabreather-prokuratorzy-mowia-dokladnie-to-samo-co-giertych-i-dubois\/"},"modified":"2026-09-04T09:52:48","modified_gmt":"2026-09-04T07:52:48","slug":"tusk-walczy-o-zondabreather-prokuratorzy-mowia-dokladnie-to-samo-co-giertych-i-dubois","status":"publish","type":"post","link":"https:\/\/www.pogotowieflagowe.pl\/aktualne\/tusk-walczy-o-zondabreather-prokuratorzy-mowia-dokladnie-to-samo-co-giertych-i-dubois\/","title":{"rendered":"Tusk walczy o Zondabreather. \u201eProkuratorzy m\u00f3wi\u0105 dok\u0142adnie to samo, co Giertych i Dubois\u201d"},"content":{"rendered":"<div>\n<p class=\"wp-block-paragraph\">Narastaj\u0105ca panika w obozie rz\u0105dz\u0105cym, skandal za skandalem, ich skala i cz\u0119stotliwo\u015b\u0107 \u2013 to wszystko przyt\u0142acza Donalda Tuska i pozbawia go politycznego tlenu. W obliczu K\u0142odzka, Szpitala Po\u0142udniowego, kradzie\u017cy pieni\u0119dzy przeznaczonych dla powodzian, astronomicznych zarobk\u00f3w pozbawionych skrupu\u0142\u00f3w lekarzy i wreszcie wstydu wok\u00f3\u0142 drogiej pustej skorupy, jak\u0105 jest Mr\u00f3z-Gorgo\u0144, premier potrzebowa\u0142 czego\u015b na kszta\u0142t kontrskandalu, kt\u00f3ry pozwoli\u0142by mu z\u0142apa\u0107 oddech i odwr\u00f3ci\u0107 uwag\u0119 od chyl\u0105cego si\u0119 ku upadkowi \u015brodowiska politycznego. Wybra\u0142 afer\u0119 Zondacrypto, kt\u00f3r\u0105 chce przypi\u0105\u0107 prawicy i Telewizji Republika. Ale to st\u0119ch\u0142e powietrze mo\u017ce si\u0119 zad\u0142awi\u0107.<\/p>\n<p class=\"wp-block-paragraph\">Zondacrypto by\u0142a firm\u0105 dzia\u0142aj\u0105c\u0105 legalnie w wielu krajach i wydaj\u0105c\u0105 pieni\u0105dze na reklam\u0119 w mediach oraz sponsoring czo\u0142owych klub\u00f3w sportowych, nie tylko w Polsce. W Polsce sponsorowa\u0142 m.in. ukochan\u0105 przez Donalda Tuska Lechi\u0119 Gda\u0144sk \u2013 premier otrzyma\u0142 nawet koszulk\u0119 z logo Zondacrypto, co przyj\u0105\u0142 z u\u015bmiechem \u2013 a tak\u017ce Rak\u00f3w Cz\u0119stochowa i Pogo\u0144 Gda\u0144sk. W innych cz\u0119\u015bciach Europy jego logo pojawi\u0142o si\u0119 na koszulkach takich klub\u00f3w jak Juventus, AS Monaco i Atalanta. Zondacrypto zakupi\u0142a reklamy w TVP i TVN, a jej reklamy emitowane by\u0142y tak\u017ce w Polsacie i Republice. Wyda\u0142a tak\u017ce pieni\u0105dze na reklam\u0119 w niemiecko-szwajcarskim Onecie z siedzib\u0105 w Polsce, a tak\u017ce na polskoj\u0119zyczn\u0105 edycj\u0119 \u201eDziennika\u201d <em>Newsweek<\/em>nale\u017c\u0105ca do tej samej niemiecko-szwajcarskiej grupy medialnej, <em>Dziennik Gazeta Prawna<\/em>, <em>Rzeczpospolita<\/em> i wiele innych plac\u00f3wek. Firma przekaza\u0142a nawet pieni\u0105dze Wielkiej Orkiestrze \u015awi\u0105tecznej Pomocy Jerzego Owsiaka. Wszystkie te reklamy by\u0142y poparte umowami, fakturami i nale\u017cycie zap\u0142aconymi podatkami.<\/p>\n<h2 class=\"wp-block-heading\">Celem jest wybranie Republiki<\/h2>\n<p class=\"wp-block-paragraph\">Zondacrypto sta\u0142a si\u0119 sol\u0105 w oku rz\u0105dz\u0105cych, cz\u0119\u015bciowo z powodu reklam, kt\u00f3re wy\u015bwietla\u0142a w Republice. Donald Tusk oskar\u017cy\u0142 sp\u00f3\u0142k\u0119 o kontakty finansowe z rosyjsk\u0105 mafi\u0105, co powtarza\u0142o wielu polityk\u00f3w Koalicji Obywatelskiej, w tym Romana Giertycha. By\u0107 mo\u017ce jest to prawd\u0105, lecz jak dot\u0105d nie przedstawiono ani cienia dowodu na jej poparcie. W o\u015bwiadczeniach Prokuratury Krajowej nie mo\u017cna te\u017c znale\u017a\u0107 dowod\u00f3w potwierdzaj\u0105cych twierdzenia premiera o rosyjskich wywiadach, kt\u00f3rymi grzmia\u0142 z m\u00f3wnicy parlamentarnej.<\/p>\n<p class=\"wp-block-paragraph\">Po upadku przedsi\u0119biorstwa, kt\u00f3re sta\u0142o si\u0119 niewyp\u0142acalne, rozwa\u017cano dwa scenariusze. Po pierwsze, sam szef Zondacrypto Przemys\u0142aw Kral zasugerowa\u0142, \u017ce pad\u0142 ofiar\u0105 czarnej kampanii PR, kt\u00f3ra doprowadzi\u0142a do masowego i nag\u0142ego wycofania \u015brodk\u00f3w z gie\u0142dy, co nieuchronnie doprowadzi\u0142o do bankructwa. W tym scenariuszu Przemys\u0142aw Kral by\u0142 niewinnym cz\u0142owiekiem, zdolnym udowodni\u0107 swoj\u0105 niewinno\u015b\u0107 i wydawa\u0142o si\u0119, \u017ce jego strategia obrony b\u0119dzie si\u0119 w\u0142a\u015bnie na tym koncentrowa\u0107.<\/p>\n<p class=\"wp-block-paragraph\">Jest te\u017c drugi scenariusz: \u017ce Zondacrypto by\u0142o, lub w pewnym momencie sta\u0142o si\u0119, rodzajem piramidy Ponziego, kt\u00f3rego menad\u017cerowie w okre\u015blonym momencie wyp\u0142acali kilkaset milion\u00f3w z\u0142otych \u2013 i tyle. Okaza\u0142o si\u0119, \u017ce Przemys\u0142aw Kral uzyska\u0142 izraelski paszport i je\u015bli rzeczywi\u015bcie by\u0142 zamo\u017cnym oszustem, m\u00f3g\u0142 by\u0107 pewien, \u017ce Izrael nie wyda go ani Polsce, ani \u017cadnemu innemu krajowi, bior\u0105c pod uwag\u0119 polityk\u0119 Tel Awiwu. W takim scenariuszu Przemys\u0142aw Kral m\u00f3g\u0142by \u017cy\u0107 wygodnie w oczekiwaniu na przedawnienie, cho\u0107 faktycznie zamkni\u0119ty w z\u0142oconej izraelskiej klatce.<\/p>\n<h2 class=\"wp-block-heading\">Prawnicy Krala to nie przypadek<\/h2>\n<p class=\"wp-block-paragraph\">Dlaczego te dwa wzajemnie si\u0119 wykluczaj\u0105ce \u2013 i pozornie jedyne mo\u017cliwe \u2013 scenariusze s\u0105 tak wa\u017cne? Bo w \u017cadnym z nich Przemys\u0142aw Kral nie chcia\u0142by zosta\u0107 wsp\u00f3\u0142pracuj\u0105cym podejrzanym, przyzna\u0107 si\u0119 do oszustwa i liczy\u0107 na ni\u017cszy wyrok. W pierwszym scenariuszu utrzymuje on, \u017ce jest niewinny. W drugim przypadku jest winny, ale \u017cyje znakomicie i cieszy si\u0119 znacznym bogactwem.<\/p>\n<p class=\"wp-block-paragraph\">O co wi\u0119c tak naprawd\u0119 chodzi w tej sprawie? To w\u0142a\u015bnie jest najciekawsze: nie do ko\u0144ca wiemy, bo w zasadzie wiemy tylko to, co nierzetelny Roman Giertych chce powiedzie\u0107 w mediach. Od maja obro\u0144c\u0105 Krala jest pose\u0142 i wiceprzewodnicz\u0105cy klubu parlamentarnego Koalicji Obywatelskiej, obok Jacka Dubois, drugiego obro\u0144cy podejrzanego, tylko nieco mniej uwik\u0142anego politycznie. To oni kroplowo zasilaj\u0105 narracj\u0119 i puszczaj\u0105 jedynie informacje, kt\u00f3re przesz\u0142y przez filtr ukszta\u0142towany nie tyle przez interesy klienta, co potencjalne korzy\u015bci polityczne dla obozu politycznego Donalda Tuska.<\/p>\n<p class=\"wp-block-paragraph\">Mamy te\u017c wspomniane o\u015bwiadczenie prokuratury, kt\u00f3re brzmi tak, jakby napisa\u0142 je sam Roman Giertych: niczego nie wyja\u015bnia, a sugeruje wiele.<\/p>\n<p class=\"wp-block-paragraph\">Rozpoczyna si\u0119 s\u0142owami: &#8222;Prokurator Generalny informuje, \u017ce w ostatnich miesi\u0105cach nast\u0105pi\u0142 istotny prze\u0142om w \u015bledztwie dotycz\u0105cym gie\u0142dy kryptowalut Zondacrypto. \u015aledztwo Zondacrypto ma charakter dynamiczny &#8211; pozyskiwane s\u0105 nowe dowody, podejmowane s\u0105 dalsze czynno\u015bci procesowe, w wyniku czego dochodz\u0105 do nowych ustale\u0144, kt\u00f3re s\u0105 istotne dla pe\u0142nego wyja\u015bnienia okoliczno\u015bci sprawy.&#8221;<\/p>\n<p class=\"wp-block-paragraph\">Co nam to w\u0142a\u015bciwie m\u00f3wi? Absolutnie nic. Na czym dok\u0142adnie polega ten rzekomy prze\u0142om? Czy Przemys\u0142aw Kral by\u0142 przes\u0142uchiwany? Je\u015bli tak, to gdzie i jaki jest jego status procesowy? Nic. Nie ma odpowiedzi. Zamiast tego dowiadujemy si\u0119: \u201eZe wzgl\u0119du na interes tocz\u0105cego si\u0119 post\u0119powania oraz poufno\u015b\u0107 \u015bledztwa, na obecnym etapie nie jest mo\u017cliwe ujawnienie wszystkich informacji dotycz\u0105cych charakteru podejmowanych czynno\u015bci procesowych, kt\u00f3re wzbudzi\u0142y zainteresowanie spo\u0142eczne, a w szczeg\u00f3lno\u015bci ich tre\u015bci\u201d.<\/p>\n<p class=\"wp-block-paragraph\">Kr\u00f3tko m\u00f3wi\u0105c, prokuratorzy m\u00f3wi\u0105 dok\u0142adnie to samo, co Giertych i Dubois: nic Wam nie powiemy, ale wkr\u00f3tce w mediach pojawi\u0105 si\u0119 korzystne dla nas informacje.<\/p>\n<p class=\"wp-block-paragraph\">Niemniej jednak o\u015bwiadczenie ujawnia co\u015b wa\u017cnego: kto jest przedmiotem kontroli. Z listy przekazanej przez prokurator\u00f3w jasno wynika, \u017ce \u200b\u200bjest to sprawa \u015bci\u015ble polityczna, gdy\u017c prokuratura bada informacje dotycz\u0105ce nast\u0119puj\u0105cych podmiot\u00f3w i os\u00f3b, kt\u00f3re mog\u0142y dopu\u015bci\u0107 si\u0119 przest\u0119pstw:<\/p>\n<p class=\"wp-block-paragraph\">\u201e(\u2026) fundacja zwi\u0105zana z by\u0142ym Ministrem Sprawiedliwo\u015bci i Prokuratorem Generalnym Zbigniewem Ziobr\u0105; fundacja zwi\u0105zana z Przemys\u0142awem Wiplerem i innymi osobami z nim wsp\u00f3\u0142pracuj\u0105cymi w zwi\u0105zku z procesem legislacyjnym dotycz\u0105cym rynku kryptowalut; Telewizja Republika i jej prezes Tomasz Sakiewicz; konferencja ugrupowa\u0144 konserwatywnych CPAC; potencjalna korzy\u015b\u0107 finansowa dla Rados\u0142awa Piesiewicza, prezesa Polskiego Komitetu Olimpijskiego; oraz dzia\u0142ania podejmowane przez osoby pomagaj\u0105ce zbieg\u0142emu by\u0142emu wiceministrowi sprawiedliwo\u015bci Marcinowi Romanowskiego.\u201d<\/p>\n<h2 class=\"wp-block-heading\">Dziennikarze karmieni przez s\u0142u\u017cby bezpiecze\u0144stwa<\/h2>\n<p class=\"wp-block-paragraph\">Tymczasem prorz\u0105dowym dziennikarzom s\u0142u\u017cby bezpiecze\u0144stwa przekazuj\u0105 materia\u0142y operacyjne, kt\u00f3re maj\u0105 dyskredytowa\u0107 TV Republika poprzez ujawnienie informacji o negocjacjach, w trakcie kt\u00f3rych Kral zabiega\u0142 o zakup udzia\u0142\u00f3w w Republice.<\/p>\n<p class=\"wp-block-paragraph\">Skandal? Zupe\u0142nie nie. Negocjacje dotyczy\u0142y pakietu akcji, kt\u00f3ry nie da\u0142by mu wp\u0142ywu na sp\u00f3\u0142k\u0119, a Tomasz Sakiewicz przerwa\u0142 rozmowy, gdy zidentyfikowa\u0142 potencjalny i niemo\u017cliwy do pogodzenia konflikt interes\u00f3w. \u015awiadczy o tym zachowany SMS o nast\u0119puj\u0105cej tre\u015bci:<\/p>\n<p class=\"wp-block-paragraph\">&#8222;Witam, z debaty sejmowej dowiedzia\u0142em si\u0119 o Waszych problemach z UOKiK i prokuratur\u0105 oraz o tym, \u017ce przygotowujecie Pa\u0144stwo legislacj\u0119. Dlaczego mi o tym nie powiedzia\u0142e\u015b? Stawia to rzetelno\u015b\u0107 naszych program\u00f3w, a w og\u00f3le nasz\u0105 wsp\u00f3\u0142prac\u0119 reklamow\u0105 w bardzo trudnej sytuacji. Oczekuj\u0119 natychmiastowych wyja\u015bnie\u0144.&#8221;<\/p>\n<p class=\"wp-block-paragraph\">W nast\u0119pstwie tej wymiany zda\u0144 wszystkie negocjacje zosta\u0142y zako\u0144czone.<\/p>\n<p class=\"wp-block-paragraph\">I wreszcie problem, przed kt\u00f3rym stoi Tusk, Giertych i ca\u0142y ob\u00f3z rz\u0105dz\u0105cy. Je\u017celi, jak twierdzi Tusk, Kral dzia\u0142a\u0142 dla rosyjskiej mafii, jak wyt\u0142umaczy\u0107 fakt, \u017ce Giertych \u2013 wiceprzewodnicz\u0105cy klubu parlamentarnego partii rz\u0105dz\u0105cej Polsk\u0105 \u2013 zosta\u0142 obro\u0144c\u0105 kogo\u015b rzekomo pracuj\u0105cego dla rosyjskiej mafii?<\/p>\n<p class=\"wp-block-paragraph\">Powietrze Zondy mo\u017ce si\u0119 zad\u0142awi\u0107.<\/p>\n<\/div>\n","protected":false},"excerpt":{"rendered":"<p>Narastaj\u0105ca panika w obozie rz\u0105dz\u0105cym, skandal za skandalem, ich skala i cz\u0119stotliwo\u015b\u0107 \u2013 to wszystko przyt\u0142acza Donalda Tuska i pozbawia<\/p>\n","protected":false},"author":1,"featured_media":13545,"comment_status":"open","ping_status":"open","sticky":false,"template":"","format":"standard","meta":{"footnotes":""},"categories":[4748],"tags":[12485,14377,6011,6462,6122,7066,221,5828,14376],"class_list":["post-13544","post","type-post","status-publish","format-standard","has-post-thumbnail","hentry","category-aktualne","tag-dokladnie","tag-dubois","tag-giertych","tag-mowia","tag-prokuratorzy","tag-samo","tag-tusk","tag-walczy","tag-zondabreather","generate-columns","tablet-grid-50","mobile-grid-100","grid-parent","grid-50","resize-featured-image"],"yoast_head":"<!-- This site is optimized with the Yoast SEO plugin v23.2 - https:\/\/yoast.com\/wordpress\/plugins\/seo\/ -->\n<title>Tusk walczy o Zondabreather. \u201eProkuratorzy m\u00f3wi\u0105 dok\u0142adnie to samo, co Giertych i Dubois\u201d - POGOTOWIE FLAGOWE\u00ae<\/title>\n<meta name=\"robots\" content=\"index, follow, max-snippet:-1, max-image-preview:large, max-video-preview:-1\" \/>\n<link rel=\"canonical\" href=\"https:\/\/www.pogotowieflagowe.pl\/aktualne\/tusk-walczy-o-zondabreather-prokuratorzy-mowia-dokladnie-to-samo-co-giertych-i-dubois\/\" \/>\n<meta property=\"og:locale\" content=\"pl_PL\" \/>\n<meta property=\"og:type\" content=\"article\" \/>\n<meta property=\"og:title\" content=\"Tusk walczy o Zondabreather. \u201eProkuratorzy m\u00f3wi\u0105 dok\u0142adnie to samo, co Giertych i Dubois\u201d - POGOTOWIE FLAGOWE\u00ae\" \/>\n<meta property=\"og:description\" content=\"Narastaj\u0105ca panika w obozie rz\u0105dz\u0105cym, skandal za skandalem, ich skala i cz\u0119stotliwo\u015b\u0107 \u2013 to wszystko przyt\u0142acza Donalda Tuska i pozbawia\" \/>\n<meta property=\"og:url\" content=\"https:\/\/www.pogotowieflagowe.pl\/aktualne\/tusk-walczy-o-zondabreather-prokuratorzy-mowia-dokladnie-to-samo-co-giertych-i-dubois\/\" \/>\n<meta property=\"og:site_name\" content=\"POGOTOWIE FLAGOWE\u00ae\" \/>\n<meta property=\"article:published_time\" content=\"2026-09-04T07:52:46+00:00\" \/>\n<meta property=\"article:modified_time\" content=\"2026-09-04T07:52:48+00:00\" \/>\n<meta property=\"og:image\" content=\"https:\/\/www.pogotowieflagowe.pl\/aktualne\/wp-content\/uploads\/2026\/09\/Tusk-walczy-o-Zondabreather-\u201eProkuratorzy-mowia-dokladnie-to-samo-co.webp\" \/>\n\t<meta property=\"og:image:width\" content=\"1280\" \/>\n\t<meta property=\"og:image:height\" content=\"720\" \/>\n\t<meta property=\"og:image:type\" content=\"image\/webp\" \/>\n<meta name=\"author\" content=\"Filip\" \/>\n<meta name=\"twitter:card\" content=\"summary_large_image\" \/>\n<meta name=\"twitter:label1\" content=\"Napisane przez\" \/>\n\t<meta name=\"twitter:data1\" content=\"Filip\" \/>\n\t<meta name=\"twitter:label2\" content=\"Szacowany czas czytania\" \/>\n\t<meta name=\"twitter:data2\" content=\"6 minut\" \/>\n<script type=\"application\/ld+json\" class=\"yoast-schema-graph\">{\"@context\":\"https:\/\/schema.org\",\"@graph\":[{\"@type\":\"Article\",\"@id\":\"https:\/\/www.pogotowieflagowe.pl\/aktualne\/tusk-walczy-o-zondabreather-prokuratorzy-mowia-dokladnie-to-samo-co-giertych-i-dubois\/#article\",\"isPartOf\":{\"@id\":\"https:\/\/www.pogotowieflagowe.pl\/aktualne\/tusk-walczy-o-zondabreather-prokuratorzy-mowia-dokladnie-to-samo-co-giertych-i-dubois\/\"},\"author\":{\"name\":\"Filip\",\"@id\":\"https:\/\/www.pogotowieflagowe.pl\/aktualne\/#\/schema\/person\/9c2fb7d2362ebf6fa088960d7f0d27b0\"},\"headline\":\"Tusk walczy o Zondabreather. \u201eProkuratorzy m\u00f3wi\u0105 dok\u0142adnie to samo, co Giertych i Dubois\u201d\",\"datePublished\":\"2026-09-04T07:52:46+00:00\",\"dateModified\":\"2026-09-04T07:52:48+00:00\",\"mainEntityOfPage\":{\"@id\":\"https:\/\/www.pogotowieflagowe.pl\/aktualne\/tusk-walczy-o-zondabreather-prokuratorzy-mowia-dokladnie-to-samo-co-giertych-i-dubois\/\"},\"wordCount\":1282,\"commentCount\":0,\"publisher\":{\"@id\":\"https:\/\/www.pogotowieflagowe.pl\/aktualne\/#organization\"},\"image\":{\"@id\":\"https:\/\/www.pogotowieflagowe.pl\/aktualne\/tusk-walczy-o-zondabreather-prokuratorzy-mowia-dokladnie-to-samo-co-giertych-i-dubois\/#primaryimage\"},\"thumbnailUrl\":\"https:\/\/www.pogotowieflagowe.pl\/aktualne\/wp-content\/uploads\/2026\/09\/Tusk-walczy-o-Zondabreather-\u201eProkuratorzy-mowia-dokladnie-to-samo-co.webp\",\"keywords\":[\"dok\u0142adnie\",\"Dubois\",\"Giertych\",\"m\u00f3wi\u0105\",\"Prokuratorzy\",\"samo\",\"Tusk\",\"walczy\",\"Zondabreather\"],\"articleSection\":[\"Aktualne\"],\"inLanguage\":\"pl-PL\",\"potentialAction\":[{\"@type\":\"CommentAction\",\"name\":\"Comment\",\"target\":[\"https:\/\/www.pogotowieflagowe.pl\/aktualne\/tusk-walczy-o-zondabreather-prokuratorzy-mowia-dokladnie-to-samo-co-giertych-i-dubois\/#respond\"]}]},{\"@type\":\"WebPage\",\"@id\":\"https:\/\/www.pogotowieflagowe.pl\/aktualne\/tusk-walczy-o-zondabreather-prokuratorzy-mowia-dokladnie-to-samo-co-giertych-i-dubois\/\",\"url\":\"https:\/\/www.pogotowieflagowe.pl\/aktualne\/tusk-walczy-o-zondabreather-prokuratorzy-mowia-dokladnie-to-samo-co-giertych-i-dubois\/\",\"name\":\"Tusk walczy o Zondabreather. \u201eProkuratorzy m\u00f3wi\u0105 dok\u0142adnie to samo, co Giertych i Dubois\u201d - POGOTOWIE FLAGOWE\u00ae\",\"isPartOf\":{\"@id\":\"https:\/\/www.pogotowieflagowe.pl\/aktualne\/#website\"},\"primaryImageOfPage\":{\"@id\":\"https:\/\/www.pogotowieflagowe.pl\/aktualne\/tusk-walczy-o-zondabreather-prokuratorzy-mowia-dokladnie-to-samo-co-giertych-i-dubois\/#primaryimage\"},\"image\":{\"@id\":\"https:\/\/www.pogotowieflagowe.pl\/aktualne\/tusk-walczy-o-zondabreather-prokuratorzy-mowia-dokladnie-to-samo-co-giertych-i-dubois\/#primaryimage\"},\"thumbnailUrl\":\"https:\/\/www.pogotowieflagowe.pl\/aktualne\/wp-content\/uploads\/2026\/09\/Tusk-walczy-o-Zondabreather-\u201eProkuratorzy-mowia-dokladnie-to-samo-co.webp\",\"datePublished\":\"2026-09-04T07:52:46+00:00\",\"dateModified\":\"2026-09-04T07:52:48+00:00\",\"breadcrumb\":{\"@id\":\"https:\/\/www.pogotowieflagowe.pl\/aktualne\/tusk-walczy-o-zondabreather-prokuratorzy-mowia-dokladnie-to-samo-co-giertych-i-dubois\/#breadcrumb\"},\"inLanguage\":\"pl-PL\",\"potentialAction\":[{\"@type\":\"ReadAction\",\"target\":[\"https:\/\/www.pogotowieflagowe.pl\/aktualne\/tusk-walczy-o-zondabreather-prokuratorzy-mowia-dokladnie-to-samo-co-giertych-i-dubois\/\"]}]},{\"@type\":\"ImageObject\",\"inLanguage\":\"pl-PL\",\"@id\":\"https:\/\/www.pogotowieflagowe.pl\/aktualne\/tusk-walczy-o-zondabreather-prokuratorzy-mowia-dokladnie-to-samo-co-giertych-i-dubois\/#primaryimage\",\"url\":\"https:\/\/www.pogotowieflagowe.pl\/aktualne\/wp-content\/uploads\/2026\/09\/Tusk-walczy-o-Zondabreather-\u201eProkuratorzy-mowia-dokladnie-to-samo-co.webp\",\"contentUrl\":\"https:\/\/www.pogotowieflagowe.pl\/aktualne\/wp-content\/uploads\/2026\/09\/Tusk-walczy-o-Zondabreather-\u201eProkuratorzy-mowia-dokladnie-to-samo-co.webp\",\"width\":1280,\"height\":720},{\"@type\":\"BreadcrumbList\",\"@id\":\"https:\/\/www.pogotowieflagowe.pl\/aktualne\/tusk-walczy-o-zondabreather-prokuratorzy-mowia-dokladnie-to-samo-co-giertych-i-dubois\/#breadcrumb\",\"itemListElement\":[{\"@type\":\"ListItem\",\"position\":1,\"name\":\"Home\",\"item\":\"https:\/\/www.pogotowieflagowe.pl\/aktualne\/\"},{\"@type\":\"ListItem\",\"position\":2,\"name\":\"Tusk walczy o Zondabreather. \u201eProkuratorzy m\u00f3wi\u0105 dok\u0142adnie to samo, co Giertych i Dubois\u201d\"}]},{\"@type\":\"WebSite\",\"@id\":\"https:\/\/www.pogotowieflagowe.pl\/aktualne\/#website\",\"url\":\"https:\/\/www.pogotowieflagowe.pl\/aktualne\/\",\"name\":\"POGOTOWIE FLAGOWE\u00ae\",\"description\":\"\",\"publisher\":{\"@id\":\"https:\/\/www.pogotowieflagowe.pl\/aktualne\/#organization\"},\"potentialAction\":[{\"@type\":\"SearchAction\",\"target\":{\"@type\":\"EntryPoint\",\"urlTemplate\":\"https:\/\/www.pogotowieflagowe.pl\/aktualne\/?s={search_term_string}\"},\"query-input\":\"required name=search_term_string\"}],\"inLanguage\":\"pl-PL\"},{\"@type\":\"Organization\",\"@id\":\"https:\/\/www.pogotowieflagowe.pl\/aktualne\/#organization\",\"name\":\"POGOTOWIE FLAGOWE\u00ae\",\"url\":\"https:\/\/www.pogotowieflagowe.pl\/aktualne\/\",\"logo\":{\"@type\":\"ImageObject\",\"inLanguage\":\"pl-PL\",\"@id\":\"https:\/\/www.pogotowieflagowe.pl\/aktualne\/#\/schema\/logo\/image\/\",\"url\":\"https:\/\/www.pogotowieflagowe.pl\/aktualne\/wp-content\/uploads\/2024\/08\/cropped-pogotowieflagowe_flaga_projekt_sm.jpg\",\"contentUrl\":\"https:\/\/www.pogotowieflagowe.pl\/aktualne\/wp-content\/uploads\/2024\/08\/cropped-pogotowieflagowe_flaga_projekt_sm.jpg\",\"width\":250,\"height\":143,\"caption\":\"POGOTOWIE FLAGOWE\u00ae\"},\"image\":{\"@id\":\"https:\/\/www.pogotowieflagowe.pl\/aktualne\/#\/schema\/logo\/image\/\"}},{\"@type\":\"Person\",\"@id\":\"https:\/\/www.pogotowieflagowe.pl\/aktualne\/#\/schema\/person\/9c2fb7d2362ebf6fa088960d7f0d27b0\",\"name\":\"Filip\",\"image\":{\"@type\":\"ImageObject\",\"inLanguage\":\"pl-PL\",\"@id\":\"https:\/\/www.pogotowieflagowe.pl\/aktualne\/#\/schema\/person\/image\/\",\"url\":\"https:\/\/www.pogotowieflagowe.pl\/aktualne\/wp-content\/uploads\/2024\/08\/pogotowieflagowe.pl_.jpg\",\"contentUrl\":\"https:\/\/www.pogotowieflagowe.pl\/aktualne\/wp-content\/uploads\/2024\/08\/pogotowieflagowe.pl_.jpg\",\"caption\":\"Filip\"},\"description\":\"Jestem Filip, polski dziennikarz z dyplomem nauk politycznych Uniwersytetu Warszawskiego. Rozpoczynaj\u0105c swoj\u0105 karier\u0119 w r\u00f3\u017cnych lokalnych mediach, zdoby\u0142em solidne do\u015bwiadczenie w zakresie \u015bledztwa i redakcji. Obecnie jako redaktor w Pogotowie flagowe, staram si\u0119 dostarcza\u0107 dog\u0142\u0119bne i istotne analizy na temat najwa\u017cniejszych kwestii aktualno\u015bci, \u0142\u0105cz\u0105c rygor z pasj\u0105 dziennikarsk\u0105.\",\"sameAs\":[\"https:\/\/www.pogotowieflagowe.pl\/\"]}]}<\/script>\n<!-- \/ Yoast SEO plugin. -->","yoast_head_json":{"title":"Tusk walczy o Zondabreather. \u201eProkuratorzy m\u00f3wi\u0105 dok\u0142adnie to samo, co Giertych i Dubois\u201d - POGOTOWIE FLAGOWE\u00ae","robots":{"index":"index","follow":"follow","max-snippet":"max-snippet:-1","max-image-preview":"max-image-preview:large","max-video-preview":"max-video-preview:-1"},"canonical":"https:\/\/www.pogotowieflagowe.pl\/aktualne\/tusk-walczy-o-zondabreather-prokuratorzy-mowia-dokladnie-to-samo-co-giertych-i-dubois\/","og_locale":"pl_PL","og_type":"article","og_title":"Tusk walczy o Zondabreather. \u201eProkuratorzy m\u00f3wi\u0105 dok\u0142adnie to samo, co Giertych i Dubois\u201d - POGOTOWIE FLAGOWE\u00ae","og_description":"Narastaj\u0105ca panika w obozie rz\u0105dz\u0105cym, skandal za skandalem, ich skala i cz\u0119stotliwo\u015b\u0107 \u2013 to wszystko przyt\u0142acza Donalda Tuska i pozbawia","og_url":"https:\/\/www.pogotowieflagowe.pl\/aktualne\/tusk-walczy-o-zondabreather-prokuratorzy-mowia-dokladnie-to-samo-co-giertych-i-dubois\/","og_site_name":"POGOTOWIE FLAGOWE\u00ae","article_published_time":"2026-09-04T07:52:46+00:00","article_modified_time":"2026-09-04T07:52:48+00:00","og_image":[{"width":1280,"height":720,"url":"https:\/\/www.pogotowieflagowe.pl\/aktualne\/wp-content\/uploads\/2026\/09\/Tusk-walczy-o-Zondabreather-\u201eProkuratorzy-mowia-dokladnie-to-samo-co.webp","type":"image\/webp"}],"author":"Filip","twitter_card":"summary_large_image","twitter_misc":{"Napisane przez":"Filip","Szacowany czas czytania":"6 minut"},"schema":{"@context":"https:\/\/schema.org","@graph":[{"@type":"Article","@id":"https:\/\/www.pogotowieflagowe.pl\/aktualne\/tusk-walczy-o-zondabreather-prokuratorzy-mowia-dokladnie-to-samo-co-giertych-i-dubois\/#article","isPartOf":{"@id":"https:\/\/www.pogotowieflagowe.pl\/aktualne\/tusk-walczy-o-zondabreather-prokuratorzy-mowia-dokladnie-to-samo-co-giertych-i-dubois\/"},"author":{"name":"Filip","@id":"https:\/\/www.pogotowieflagowe.pl\/aktualne\/#\/schema\/person\/9c2fb7d2362ebf6fa088960d7f0d27b0"},"headline":"Tusk walczy o Zondabreather. \u201eProkuratorzy m\u00f3wi\u0105 dok\u0142adnie to samo, co Giertych i Dubois\u201d","datePublished":"2026-09-04T07:52:46+00:00","dateModified":"2026-09-04T07:52:48+00:00","mainEntityOfPage":{"@id":"https:\/\/www.pogotowieflagowe.pl\/aktualne\/tusk-walczy-o-zondabreather-prokuratorzy-mowia-dokladnie-to-samo-co-giertych-i-dubois\/"},"wordCount":1282,"commentCount":0,"publisher":{"@id":"https:\/\/www.pogotowieflagowe.pl\/aktualne\/#organization"},"image":{"@id":"https:\/\/www.pogotowieflagowe.pl\/aktualne\/tusk-walczy-o-zondabreather-prokuratorzy-mowia-dokladnie-to-samo-co-giertych-i-dubois\/#primaryimage"},"thumbnailUrl":"https:\/\/www.pogotowieflagowe.pl\/aktualne\/wp-content\/uploads\/2026\/09\/Tusk-walczy-o-Zondabreather-\u201eProkuratorzy-mowia-dokladnie-to-samo-co.webp","keywords":["dok\u0142adnie","Dubois","Giertych","m\u00f3wi\u0105","Prokuratorzy","samo","Tusk","walczy","Zondabreather"],"articleSection":["Aktualne"],"inLanguage":"pl-PL","potentialAction":[{"@type":"CommentAction","name":"Comment","target":["https:\/\/www.pogotowieflagowe.pl\/aktualne\/tusk-walczy-o-zondabreather-prokuratorzy-mowia-dokladnie-to-samo-co-giertych-i-dubois\/#respond"]}]},{"@type":"WebPage","@id":"https:\/\/www.pogotowieflagowe.pl\/aktualne\/tusk-walczy-o-zondabreather-prokuratorzy-mowia-dokladnie-to-samo-co-giertych-i-dubois\/","url":"https:\/\/www.pogotowieflagowe.pl\/aktualne\/tusk-walczy-o-zondabreather-prokuratorzy-mowia-dokladnie-to-samo-co-giertych-i-dubois\/","name":"Tusk walczy o Zondabreather. \u201eProkuratorzy m\u00f3wi\u0105 dok\u0142adnie to samo, co Giertych i Dubois\u201d - POGOTOWIE FLAGOWE\u00ae","isPartOf":{"@id":"https:\/\/www.pogotowieflagowe.pl\/aktualne\/#website"},"primaryImageOfPage":{"@id":"https:\/\/www.pogotowieflagowe.pl\/aktualne\/tusk-walczy-o-zondabreather-prokuratorzy-mowia-dokladnie-to-samo-co-giertych-i-dubois\/#primaryimage"},"image":{"@id":"https:\/\/www.pogotowieflagowe.pl\/aktualne\/tusk-walczy-o-zondabreather-prokuratorzy-mowia-dokladnie-to-samo-co-giertych-i-dubois\/#primaryimage"},"thumbnailUrl":"https:\/\/www.pogotowieflagowe.pl\/aktualne\/wp-content\/uploads\/2026\/09\/Tusk-walczy-o-Zondabreather-\u201eProkuratorzy-mowia-dokladnie-to-samo-co.webp","datePublished":"2026-09-04T07:52:46+00:00","dateModified":"2026-09-04T07:52:48+00:00","breadcrumb":{"@id":"https:\/\/www.pogotowieflagowe.pl\/aktualne\/tusk-walczy-o-zondabreather-prokuratorzy-mowia-dokladnie-to-samo-co-giertych-i-dubois\/#breadcrumb"},"inLanguage":"pl-PL","potentialAction":[{"@type":"ReadAction","target":["https:\/\/www.pogotowieflagowe.pl\/aktualne\/tusk-walczy-o-zondabreather-prokuratorzy-mowia-dokladnie-to-samo-co-giertych-i-dubois\/"]}]},{"@type":"ImageObject","inLanguage":"pl-PL","@id":"https:\/\/www.pogotowieflagowe.pl\/aktualne\/tusk-walczy-o-zondabreather-prokuratorzy-mowia-dokladnie-to-samo-co-giertych-i-dubois\/#primaryimage","url":"https:\/\/www.pogotowieflagowe.pl\/aktualne\/wp-content\/uploads\/2026\/09\/Tusk-walczy-o-Zondabreather-\u201eProkuratorzy-mowia-dokladnie-to-samo-co.webp","contentUrl":"https:\/\/www.pogotowieflagowe.pl\/aktualne\/wp-content\/uploads\/2026\/09\/Tusk-walczy-o-Zondabreather-\u201eProkuratorzy-mowia-dokladnie-to-samo-co.webp","width":1280,"height":720},{"@type":"BreadcrumbList","@id":"https:\/\/www.pogotowieflagowe.pl\/aktualne\/tusk-walczy-o-zondabreather-prokuratorzy-mowia-dokladnie-to-samo-co-giertych-i-dubois\/#breadcrumb","itemListElement":[{"@type":"ListItem","position":1,"name":"Home","item":"https:\/\/www.pogotowieflagowe.pl\/aktualne\/"},{"@type":"ListItem","position":2,"name":"Tusk walczy o Zondabreather. \u201eProkuratorzy m\u00f3wi\u0105 dok\u0142adnie to samo, co Giertych i Dubois\u201d"}]},{"@type":"WebSite","@id":"https:\/\/www.pogotowieflagowe.pl\/aktualne\/#website","url":"https:\/\/www.pogotowieflagowe.pl\/aktualne\/","name":"POGOTOWIE FLAGOWE\u00ae","description":"","publisher":{"@id":"https:\/\/www.pogotowieflagowe.pl\/aktualne\/#organization"},"potentialAction":[{"@type":"SearchAction","target":{"@type":"EntryPoint","urlTemplate":"https:\/\/www.pogotowieflagowe.pl\/aktualne\/?s={search_term_string}"},"query-input":"required name=search_term_string"}],"inLanguage":"pl-PL"},{"@type":"Organization","@id":"https:\/\/www.pogotowieflagowe.pl\/aktualne\/#organization","name":"POGOTOWIE FLAGOWE\u00ae","url":"https:\/\/www.pogotowieflagowe.pl\/aktualne\/","logo":{"@type":"ImageObject","inLanguage":"pl-PL","@id":"https:\/\/www.pogotowieflagowe.pl\/aktualne\/#\/schema\/logo\/image\/","url":"https:\/\/www.pogotowieflagowe.pl\/aktualne\/wp-content\/uploads\/2024\/08\/cropped-pogotowieflagowe_flaga_projekt_sm.jpg","contentUrl":"https:\/\/www.pogotowieflagowe.pl\/aktualne\/wp-content\/uploads\/2024\/08\/cropped-pogotowieflagowe_flaga_projekt_sm.jpg","width":250,"height":143,"caption":"POGOTOWIE FLAGOWE\u00ae"},"image":{"@id":"https:\/\/www.pogotowieflagowe.pl\/aktualne\/#\/schema\/logo\/image\/"}},{"@type":"Person","@id":"https:\/\/www.pogotowieflagowe.pl\/aktualne\/#\/schema\/person\/9c2fb7d2362ebf6fa088960d7f0d27b0","name":"Filip","image":{"@type":"ImageObject","inLanguage":"pl-PL","@id":"https:\/\/www.pogotowieflagowe.pl\/aktualne\/#\/schema\/person\/image\/","url":"https:\/\/www.pogotowieflagowe.pl\/aktualne\/wp-content\/uploads\/2024\/08\/pogotowieflagowe.pl_.jpg","contentUrl":"https:\/\/www.pogotowieflagowe.pl\/aktualne\/wp-content\/uploads\/2024\/08\/pogotowieflagowe.pl_.jpg","caption":"Filip"},"description":"Jestem Filip, polski dziennikarz z dyplomem nauk politycznych Uniwersytetu Warszawskiego. Rozpoczynaj\u0105c swoj\u0105 karier\u0119 w r\u00f3\u017cnych lokalnych mediach, zdoby\u0142em solidne do\u015bwiadczenie w zakresie \u015bledztwa i redakcji. Obecnie jako redaktor w Pogotowie flagowe, staram si\u0119 dostarcza\u0107 dog\u0142\u0119bne i istotne analizy na temat najwa\u017cniejszych kwestii aktualno\u015bci, \u0142\u0105cz\u0105c rygor z pasj\u0105 dziennikarsk\u0105.","sameAs":["https:\/\/www.pogotowieflagowe.pl\/"]}]}},"_links":{"self":[{"href":"https:\/\/www.pogotowieflagowe.pl\/aktualne\/wp-json\/wp\/v2\/posts\/13544","targetHints":{"allow":["GET"]}}],"collection":[{"href":"https:\/\/www.pogotowieflagowe.pl\/aktualne\/wp-json\/wp\/v2\/posts"}],"about":[{"href":"https:\/\/www.pogotowieflagowe.pl\/aktualne\/wp-json\/wp\/v2\/types\/post"}],"author":[{"embeddable":true,"href":"https:\/\/www.pogotowieflagowe.pl\/aktualne\/wp-json\/wp\/v2\/users\/1"}],"replies":[{"embeddable":true,"href":"https:\/\/www.pogotowieflagowe.pl\/aktualne\/wp-json\/wp\/v2\/comments?post=13544"}],"version-history":[{"count":1,"href":"https:\/\/www.pogotowieflagowe.pl\/aktualne\/wp-json\/wp\/v2\/posts\/13544\/revisions"}],"predecessor-version":[{"id":13546,"href":"https:\/\/www.pogotowieflagowe.pl\/aktualne\/wp-json\/wp\/v2\/posts\/13544\/revisions\/13546"}],"wp:featuredmedia":[{"embeddable":true,"href":"https:\/\/www.pogotowieflagowe.pl\/aktualne\/wp-json\/wp\/v2\/media\/13545"}],"wp:attachment":[{"href":"https:\/\/www.pogotowieflagowe.pl\/aktualne\/wp-json\/wp\/v2\/media?parent=13544"}],"wp:term":[{"taxonomy":"category","embeddable":true,"href":"https:\/\/www.pogotowieflagowe.pl\/aktualne\/wp-json\/wp\/v2\/categories?post=13544"},{"taxonomy":"post_tag","embeddable":true,"href":"https:\/\/www.pogotowieflagowe.pl\/aktualne\/wp-json\/wp\/v2\/tags?post=13544"}],"curies":[{"name":"wp","href":"https:\/\/api.w.org\/{rel}","templated":true}]}}