{"id":13547,"date":"2026-09-04T18:51:27","date_gmt":"2026-09-04T16:51:27","guid":{"rendered":"https:\/\/www.pogotowieflagowe.pl\/aktualne\/im-szybciej-tym-lepiej-kaczynski-mowi-ze-tusk-powinien-ustapic\/"},"modified":"2026-09-04T18:51:29","modified_gmt":"2026-09-04T16:51:29","slug":"im-szybciej-tym-lepiej-kaczynski-mowi-ze-tusk-powinien-ustapic","status":"publish","type":"post","link":"https:\/\/www.pogotowieflagowe.pl\/aktualne\/im-szybciej-tym-lepiej-kaczynski-mowi-ze-tusk-powinien-ustapic\/","title":{"rendered":"\u201eIm szybciej, tym lepiej\u201d: Kaczy\u0144ski m\u00f3wi, \u017ce Tusk powinien ust\u0105pi\u0107"},"content":{"rendered":"<div>\n<p class=\"wp-block-paragraph\">Jaros\u0142aw Kaczy\u0144ski zosta\u0142 zapytany w TV Republika o polityczn\u0105 przysz\u0142o\u015b\u0107 Donalda Tuska po jego wyst\u0105pieniu w Campus Polska. The <em>Prawo i Sprawiedliwo\u015b\u0107<\/em> Lider PiS przyzna\u0142, \u017ce udzielenie odpowiedzi na to pytanie wymaga\u0142o od niego uwzgl\u0119dnienia \u201ereali\u00f3w walki politycznej\u201d i \u201elojalizacji pokoleniowej\u201d. Ostatecznie jednak stwierdzi\u0142, \u017ce na pierwszym miejscu postawi to, co okre\u015bli\u0142 jako \u201einteres Polski\u201d. <strong>\u201eIm szybciej odejdzie, tym lepiej\u201d <\/strong>\u2013 powiedzia\u0142 Kaczy\u0144ski w programie \u201eGo\u015b\u0107 Dzisiaj\u201d Danuty Holeckiej.<\/p>\n<p class=\"wp-block-paragraph\"><em>Prawo i Sprawiedliwo\u015b\u0107<\/em> Lider PiS Jaros\u0142aw Kaczy\u0144ski by\u0142 go\u015bciem programu Danuty Holeckiej \u201eGo\u015b\u0107 Dzisiaj\u201d w TV Republika. Tematem rozmowy by\u0142 Donald Tusk i jego przysz\u0142o\u015b\u0107 polityczna.<\/p>\n<p class=\"wp-block-paragraph\">Odpowiadaj\u0105c na pytanie gospodarza, Kaczy\u0144ski odni\u00f3s\u0142 si\u0119 najpierw do r\u00f3\u017cnicy wieku mi\u0119dzy nim a obecnym premierem.<\/p>\n<p class=\"wp-block-paragraph\"><strong>\u201eMog\u0119 powiedzie\u0107, Pani Redaktor, \u017ce musz\u0119 si\u0119 chwil\u0119 zastanowi\u0107, czy kierowa\u0107 si\u0119 realiami walki politycznej, czy te\u017c lojalno\u015bci\u0105 pokoleniow\u0105\u201d<\/strong> powiedzia\u0142.<\/p>\n<p class=\"wp-block-paragraph\"><strong>&#8222;Bo cho\u0107 jestem o osiem lat starszy od Tuska, w szerszym tego s\u0142owa znaczeniu, nale\u017cymy do tego samego pokolenia. B\u0119d\u0119 si\u0119 jednak kierowa\u0107 zasadami walki politycznej, ale przede wszystkim interesem Polski. Naprawd\u0119 powinien odej\u015b\u0107 \u2013 im szybciej, tym lepiej&#8221;<\/strong> \u2013 doda\u0142 lider PiS.<\/p>\n<h2 class=\"wp-block-heading\">Tusk pytany o ust\u0105pienie<\/h2>\n<p class=\"wp-block-paragraph\">Temat przysz\u0142o\u015bci politycznej premiera pojawi\u0142 si\u0119 ju\u017c wcze\u015bniej podczas Campus Polska. Jeden z m\u0142odych uczestnik\u00f3w spotkania z Donaldem Tuskiem nawi\u0105za\u0142 do jego wska\u017anik\u00f3w aprobaty i por\u00f3wna\u0142 je z wska\u017anikami Mateusza Morawieckiego.<\/p>\n<p class=\"wp-block-paragraph\"><strong>&#8222;Negatywna ocena premiera wynosi obecnie oko\u0142o 60 proc. Negatywna ocena premiera Mateusza Morawieckiego zbli\u017cy\u0142a si\u0119 do takiego poziomu dopiero po siedmiu latach <em>Prawo i Sprawiedliwo\u015b\u0107<\/em> (PiS) rz\u0105dzi\u201d<\/strong> \u2013 powiedzia\u0142 uczestnik.<\/p>\n<p class=\"wp-block-paragraph\">Nast\u0119pnie zwr\u00f3ci\u0142 si\u0119 bezpo\u015brednio do Tuska: <strong>\u201eCzy nie s\u0105dzisz, \u017ce twoje ego, kt\u00f3re wynios\u0142o ci\u0119 do w\u0142adzy, mo\u017ce by\u0107 r\u00f3wnie\u017c przyczyn\u0105 twojego upadku?\u201d<\/strong> zapyta\u0142.<\/p>\n<p class=\"wp-block-paragraph\">Uczestnik Campus Polska nawi\u0105za\u0142 tak\u017ce do dzia\u0142a\u0144 Kaczy\u0144skiego podczas <em>Prawo i Sprawiedliwo\u015b\u0107<\/em> (PiS), wskazuj\u0105c na jego decyzj\u0119 o powo\u0142aniu najpierw Beaty Szyd\u0142o na stanowisko premiera, a p\u00f3\u017aniej Mateusza Morawieckiego.<\/p>\n<p class=\"wp-block-paragraph\">Na tym tle zapyta\u0142 Tuska, czy rozwa\u017ca podobne rozwi\u0105zanie.<\/p>\n<p class=\"wp-block-paragraph\"><strong>\u201eNie s\u0105dzisz, \u017ce by\u0142by to dobry pomys\u0142 tak\u017ce dla Ciebie, aby\u015b m\u00f3g\u0142, \u017ce tak powiem, w tym sensie znikn\u0105\u0107 z polskiej polityki?\u201d<\/strong> powiedzia\u0142.<\/p>\n<p class=\"wp-block-paragraph\">Premier ustosunkowa\u0142 si\u0119 do sugestii przekazania przyw\u00f3dztwa innemu politykowi ze swojego obozu politycznego.<\/p>\n<p class=\"wp-block-paragraph\"><strong>&#8222;Pytacie mnie, czy przed wyborami odda\u0142bym teraz w\u0142adz\u0119 komu\u015b lepszemu ode mnie z mojego obozu politycznego. Ale zrozumcie mnie dobrze. Gdyby by\u0142 kto\u015b lepszy, to by t\u0119 w\u0142adz\u0119 przej\u0105\u0142&#8221;<\/strong> Tusk odpowiedzia\u0142.<\/p>\n<\/div>\n","protected":false},"excerpt":{"rendered":"<p>Jaros\u0142aw Kaczy\u0144ski zosta\u0142 zapytany w TV Republika o polityczn\u0105 przysz\u0142o\u015b\u0107 Donalda Tuska po jego wyst\u0105pieniu w Campus Polska. The Prawo<\/p>\n","protected":false},"author":1,"featured_media":13548,"comment_status":"open","ping_status":"open","sticky":false,"template":"","format":"standard","meta":{"footnotes":""},"categories":[4748],"tags":[2766,5710,1498,6720,14378,221,1829,14379,453],"class_list":["post-13547","post","type-post","status-publish","format-standard","has-post-thumbnail","hentry","category-aktualne","tag-kaczynski","tag-lepiej","tag-mowi","tag-powinien","tag-szybciej","tag-tusk","tag-tym","tag-ustapic","tag-ze","generate-columns","tablet-grid-50","mobile-grid-100","grid-parent","grid-50","resize-featured-image"],"yoast_head":"<!-- This site is optimized with the Yoast SEO plugin v23.2 - https:\/\/yoast.com\/wordpress\/plugins\/seo\/ -->\n<title>\u201eIm szybciej, tym lepiej\u201d: Kaczy\u0144ski m\u00f3wi, \u017ce Tusk powinien ust\u0105pi\u0107 - POGOTOWIE FLAGOWE\u00ae<\/title>\n<meta name=\"robots\" content=\"index, follow, max-snippet:-1, max-image-preview:large, max-video-preview:-1\" \/>\n<link rel=\"canonical\" href=\"https:\/\/www.pogotowieflagowe.pl\/aktualne\/im-szybciej-tym-lepiej-kaczynski-mowi-ze-tusk-powinien-ustapic\/\" \/>\n<meta property=\"og:locale\" content=\"pl_PL\" \/>\n<meta property=\"og:type\" content=\"article\" \/>\n<meta property=\"og:title\" content=\"\u201eIm szybciej, tym lepiej\u201d: Kaczy\u0144ski m\u00f3wi, \u017ce Tusk powinien ust\u0105pi\u0107 - POGOTOWIE FLAGOWE\u00ae\" \/>\n<meta property=\"og:description\" content=\"Jaros\u0142aw Kaczy\u0144ski zosta\u0142 zapytany w TV Republika o polityczn\u0105 przysz\u0142o\u015b\u0107 Donalda Tuska po jego wyst\u0105pieniu w Campus Polska. The Prawo\" \/>\n<meta property=\"og:url\" content=\"https:\/\/www.pogotowieflagowe.pl\/aktualne\/im-szybciej-tym-lepiej-kaczynski-mowi-ze-tusk-powinien-ustapic\/\" \/>\n<meta property=\"og:site_name\" content=\"POGOTOWIE FLAGOWE\u00ae\" \/>\n<meta property=\"article:published_time\" content=\"2026-09-04T16:51:27+00:00\" \/>\n<meta property=\"article:modified_time\" content=\"2026-09-04T16:51:29+00:00\" \/>\n<meta property=\"og:image\" content=\"https:\/\/www.pogotowieflagowe.pl\/aktualne\/wp-content\/uploads\/2026\/09\/\u201eIm-szybciej-tym-lepiej-Kaczynski-mowi-ze-Tusk-powinien-ustapic.webp\" \/>\n\t<meta property=\"og:image:width\" content=\"1280\" \/>\n\t<meta property=\"og:image:height\" content=\"720\" \/>\n\t<meta property=\"og:image:type\" content=\"image\/webp\" \/>\n<meta name=\"author\" content=\"Filip\" \/>\n<meta name=\"twitter:card\" content=\"summary_large_image\" \/>\n<meta name=\"twitter:label1\" content=\"Napisane przez\" \/>\n\t<meta name=\"twitter:data1\" content=\"Filip\" \/>\n\t<meta name=\"twitter:label2\" content=\"Szacowany czas czytania\" \/>\n\t<meta name=\"twitter:data2\" content=\"2 minuty\" \/>\n<script type=\"application\/ld+json\" class=\"yoast-schema-graph\">{\"@context\":\"https:\/\/schema.org\",\"@graph\":[{\"@type\":\"Article\",\"@id\":\"https:\/\/www.pogotowieflagowe.pl\/aktualne\/im-szybciej-tym-lepiej-kaczynski-mowi-ze-tusk-powinien-ustapic\/#article\",\"isPartOf\":{\"@id\":\"https:\/\/www.pogotowieflagowe.pl\/aktualne\/im-szybciej-tym-lepiej-kaczynski-mowi-ze-tusk-powinien-ustapic\/\"},\"author\":{\"name\":\"Filip\",\"@id\":\"https:\/\/www.pogotowieflagowe.pl\/aktualne\/#\/schema\/person\/9c2fb7d2362ebf6fa088960d7f0d27b0\"},\"headline\":\"\u201eIm szybciej, tym lepiej\u201d: Kaczy\u0144ski m\u00f3wi, \u017ce Tusk powinien ust\u0105pi\u0107\",\"datePublished\":\"2026-09-04T16:51:27+00:00\",\"dateModified\":\"2026-09-04T16:51:29+00:00\",\"mainEntityOfPage\":{\"@id\":\"https:\/\/www.pogotowieflagowe.pl\/aktualne\/im-szybciej-tym-lepiej-kaczynski-mowi-ze-tusk-powinien-ustapic\/\"},\"wordCount\":440,\"commentCount\":0,\"publisher\":{\"@id\":\"https:\/\/www.pogotowieflagowe.pl\/aktualne\/#organization\"},\"image\":{\"@id\":\"https:\/\/www.pogotowieflagowe.pl\/aktualne\/im-szybciej-tym-lepiej-kaczynski-mowi-ze-tusk-powinien-ustapic\/#primaryimage\"},\"thumbnailUrl\":\"https:\/\/www.pogotowieflagowe.pl\/aktualne\/wp-content\/uploads\/2026\/09\/\u201eIm-szybciej-tym-lepiej-Kaczynski-mowi-ze-Tusk-powinien-ustapic.webp\",\"keywords\":[\"Kaczy\u0144ski\",\"lepiej\",\"m\u00f3wi\",\"powinien\",\"szybciej\",\"Tusk\",\"tym\",\"ust\u0105pi\u0107\",\"\u017ce\"],\"articleSection\":[\"Aktualne\"],\"inLanguage\":\"pl-PL\",\"potentialAction\":[{\"@type\":\"CommentAction\",\"name\":\"Comment\",\"target\":[\"https:\/\/www.pogotowieflagowe.pl\/aktualne\/im-szybciej-tym-lepiej-kaczynski-mowi-ze-tusk-powinien-ustapic\/#respond\"]}]},{\"@type\":\"WebPage\",\"@id\":\"https:\/\/www.pogotowieflagowe.pl\/aktualne\/im-szybciej-tym-lepiej-kaczynski-mowi-ze-tusk-powinien-ustapic\/\",\"url\":\"https:\/\/www.pogotowieflagowe.pl\/aktualne\/im-szybciej-tym-lepiej-kaczynski-mowi-ze-tusk-powinien-ustapic\/\",\"name\":\"\u201eIm szybciej, tym lepiej\u201d: Kaczy\u0144ski m\u00f3wi, \u017ce Tusk powinien ust\u0105pi\u0107 - POGOTOWIE FLAGOWE\u00ae\",\"isPartOf\":{\"@id\":\"https:\/\/www.pogotowieflagowe.pl\/aktualne\/#website\"},\"primaryImageOfPage\":{\"@id\":\"https:\/\/www.pogotowieflagowe.pl\/aktualne\/im-szybciej-tym-lepiej-kaczynski-mowi-ze-tusk-powinien-ustapic\/#primaryimage\"},\"image\":{\"@id\":\"https:\/\/www.pogotowieflagowe.pl\/aktualne\/im-szybciej-tym-lepiej-kaczynski-mowi-ze-tusk-powinien-ustapic\/#primaryimage\"},\"thumbnailUrl\":\"https:\/\/www.pogotowieflagowe.pl\/aktualne\/wp-content\/uploads\/2026\/09\/\u201eIm-szybciej-tym-lepiej-Kaczynski-mowi-ze-Tusk-powinien-ustapic.webp\",\"datePublished\":\"2026-09-04T16:51:27+00:00\",\"dateModified\":\"2026-09-04T16:51:29+00:00\",\"breadcrumb\":{\"@id\":\"https:\/\/www.pogotowieflagowe.pl\/aktualne\/im-szybciej-tym-lepiej-kaczynski-mowi-ze-tusk-powinien-ustapic\/#breadcrumb\"},\"inLanguage\":\"pl-PL\",\"potentialAction\":[{\"@type\":\"ReadAction\",\"target\":[\"https:\/\/www.pogotowieflagowe.pl\/aktualne\/im-szybciej-tym-lepiej-kaczynski-mowi-ze-tusk-powinien-ustapic\/\"]}]},{\"@type\":\"ImageObject\",\"inLanguage\":\"pl-PL\",\"@id\":\"https:\/\/www.pogotowieflagowe.pl\/aktualne\/im-szybciej-tym-lepiej-kaczynski-mowi-ze-tusk-powinien-ustapic\/#primaryimage\",\"url\":\"https:\/\/www.pogotowieflagowe.pl\/aktualne\/wp-content\/uploads\/2026\/09\/\u201eIm-szybciej-tym-lepiej-Kaczynski-mowi-ze-Tusk-powinien-ustapic.webp\",\"contentUrl\":\"https:\/\/www.pogotowieflagowe.pl\/aktualne\/wp-content\/uploads\/2026\/09\/\u201eIm-szybciej-tym-lepiej-Kaczynski-mowi-ze-Tusk-powinien-ustapic.webp\",\"width\":1280,\"height\":720},{\"@type\":\"BreadcrumbList\",\"@id\":\"https:\/\/www.pogotowieflagowe.pl\/aktualne\/im-szybciej-tym-lepiej-kaczynski-mowi-ze-tusk-powinien-ustapic\/#breadcrumb\",\"itemListElement\":[{\"@type\":\"ListItem\",\"position\":1,\"name\":\"Home\",\"item\":\"https:\/\/www.pogotowieflagowe.pl\/aktualne\/\"},{\"@type\":\"ListItem\",\"position\":2,\"name\":\"\u201eIm szybciej, tym lepiej\u201d: Kaczy\u0144ski m\u00f3wi, \u017ce Tusk powinien ust\u0105pi\u0107\"}]},{\"@type\":\"WebSite\",\"@id\":\"https:\/\/www.pogotowieflagowe.pl\/aktualne\/#website\",\"url\":\"https:\/\/www.pogotowieflagowe.pl\/aktualne\/\",\"name\":\"POGOTOWIE FLAGOWE\u00ae\",\"description\":\"\",\"publisher\":{\"@id\":\"https:\/\/www.pogotowieflagowe.pl\/aktualne\/#organization\"},\"potentialAction\":[{\"@type\":\"SearchAction\",\"target\":{\"@type\":\"EntryPoint\",\"urlTemplate\":\"https:\/\/www.pogotowieflagowe.pl\/aktualne\/?s={search_term_string}\"},\"query-input\":\"required name=search_term_string\"}],\"inLanguage\":\"pl-PL\"},{\"@type\":\"Organization\",\"@id\":\"https:\/\/www.pogotowieflagowe.pl\/aktualne\/#organization\",\"name\":\"POGOTOWIE FLAGOWE\u00ae\",\"url\":\"https:\/\/www.pogotowieflagowe.pl\/aktualne\/\",\"logo\":{\"@type\":\"ImageObject\",\"inLanguage\":\"pl-PL\",\"@id\":\"https:\/\/www.pogotowieflagowe.pl\/aktualne\/#\/schema\/logo\/image\/\",\"url\":\"https:\/\/www.pogotowieflagowe.pl\/aktualne\/wp-content\/uploads\/2024\/08\/cropped-pogotowieflagowe_flaga_projekt_sm.jpg\",\"contentUrl\":\"https:\/\/www.pogotowieflagowe.pl\/aktualne\/wp-content\/uploads\/2024\/08\/cropped-pogotowieflagowe_flaga_projekt_sm.jpg\",\"width\":250,\"height\":143,\"caption\":\"POGOTOWIE FLAGOWE\u00ae\"},\"image\":{\"@id\":\"https:\/\/www.pogotowieflagowe.pl\/aktualne\/#\/schema\/logo\/image\/\"}},{\"@type\":\"Person\",\"@id\":\"https:\/\/www.pogotowieflagowe.pl\/aktualne\/#\/schema\/person\/9c2fb7d2362ebf6fa088960d7f0d27b0\",\"name\":\"Filip\",\"image\":{\"@type\":\"ImageObject\",\"inLanguage\":\"pl-PL\",\"@id\":\"https:\/\/www.pogotowieflagowe.pl\/aktualne\/#\/schema\/person\/image\/\",\"url\":\"https:\/\/www.pogotowieflagowe.pl\/aktualne\/wp-content\/uploads\/2024\/08\/pogotowieflagowe.pl_.jpg\",\"contentUrl\":\"https:\/\/www.pogotowieflagowe.pl\/aktualne\/wp-content\/uploads\/2024\/08\/pogotowieflagowe.pl_.jpg\",\"caption\":\"Filip\"},\"description\":\"Jestem Filip, polski dziennikarz z dyplomem nauk politycznych Uniwersytetu Warszawskiego. Rozpoczynaj\u0105c swoj\u0105 karier\u0119 w r\u00f3\u017cnych lokalnych mediach, zdoby\u0142em solidne do\u015bwiadczenie w zakresie \u015bledztwa i redakcji. Obecnie jako redaktor w Pogotowie flagowe, staram si\u0119 dostarcza\u0107 dog\u0142\u0119bne i istotne analizy na temat najwa\u017cniejszych kwestii aktualno\u015bci, \u0142\u0105cz\u0105c rygor z pasj\u0105 dziennikarsk\u0105.\",\"sameAs\":[\"https:\/\/www.pogotowieflagowe.pl\/\"]}]}<\/script>\n<!-- \/ Yoast SEO plugin. -->","yoast_head_json":{"title":"\u201eIm szybciej, tym lepiej\u201d: Kaczy\u0144ski m\u00f3wi, \u017ce Tusk powinien ust\u0105pi\u0107 - POGOTOWIE FLAGOWE\u00ae","robots":{"index":"index","follow":"follow","max-snippet":"max-snippet:-1","max-image-preview":"max-image-preview:large","max-video-preview":"max-video-preview:-1"},"canonical":"https:\/\/www.pogotowieflagowe.pl\/aktualne\/im-szybciej-tym-lepiej-kaczynski-mowi-ze-tusk-powinien-ustapic\/","og_locale":"pl_PL","og_type":"article","og_title":"\u201eIm szybciej, tym lepiej\u201d: Kaczy\u0144ski m\u00f3wi, \u017ce Tusk powinien ust\u0105pi\u0107 - POGOTOWIE FLAGOWE\u00ae","og_description":"Jaros\u0142aw Kaczy\u0144ski zosta\u0142 zapytany w TV Republika o polityczn\u0105 przysz\u0142o\u015b\u0107 Donalda Tuska po jego wyst\u0105pieniu w Campus Polska. The Prawo","og_url":"https:\/\/www.pogotowieflagowe.pl\/aktualne\/im-szybciej-tym-lepiej-kaczynski-mowi-ze-tusk-powinien-ustapic\/","og_site_name":"POGOTOWIE FLAGOWE\u00ae","article_published_time":"2026-09-04T16:51:27+00:00","article_modified_time":"2026-09-04T16:51:29+00:00","og_image":[{"width":1280,"height":720,"url":"https:\/\/www.pogotowieflagowe.pl\/aktualne\/wp-content\/uploads\/2026\/09\/\u201eIm-szybciej-tym-lepiej-Kaczynski-mowi-ze-Tusk-powinien-ustapic.webp","type":"image\/webp"}],"author":"Filip","twitter_card":"summary_large_image","twitter_misc":{"Napisane przez":"Filip","Szacowany czas czytania":"2 minuty"},"schema":{"@context":"https:\/\/schema.org","@graph":[{"@type":"Article","@id":"https:\/\/www.pogotowieflagowe.pl\/aktualne\/im-szybciej-tym-lepiej-kaczynski-mowi-ze-tusk-powinien-ustapic\/#article","isPartOf":{"@id":"https:\/\/www.pogotowieflagowe.pl\/aktualne\/im-szybciej-tym-lepiej-kaczynski-mowi-ze-tusk-powinien-ustapic\/"},"author":{"name":"Filip","@id":"https:\/\/www.pogotowieflagowe.pl\/aktualne\/#\/schema\/person\/9c2fb7d2362ebf6fa088960d7f0d27b0"},"headline":"\u201eIm szybciej, tym lepiej\u201d: Kaczy\u0144ski m\u00f3wi, \u017ce Tusk powinien ust\u0105pi\u0107","datePublished":"2026-09-04T16:51:27+00:00","dateModified":"2026-09-04T16:51:29+00:00","mainEntityOfPage":{"@id":"https:\/\/www.pogotowieflagowe.pl\/aktualne\/im-szybciej-tym-lepiej-kaczynski-mowi-ze-tusk-powinien-ustapic\/"},"wordCount":440,"commentCount":0,"publisher":{"@id":"https:\/\/www.pogotowieflagowe.pl\/aktualne\/#organization"},"image":{"@id":"https:\/\/www.pogotowieflagowe.pl\/aktualne\/im-szybciej-tym-lepiej-kaczynski-mowi-ze-tusk-powinien-ustapic\/#primaryimage"},"thumbnailUrl":"https:\/\/www.pogotowieflagowe.pl\/aktualne\/wp-content\/uploads\/2026\/09\/\u201eIm-szybciej-tym-lepiej-Kaczynski-mowi-ze-Tusk-powinien-ustapic.webp","keywords":["Kaczy\u0144ski","lepiej","m\u00f3wi","powinien","szybciej","Tusk","tym","ust\u0105pi\u0107","\u017ce"],"articleSection":["Aktualne"],"inLanguage":"pl-PL","potentialAction":[{"@type":"CommentAction","name":"Comment","target":["https:\/\/www.pogotowieflagowe.pl\/aktualne\/im-szybciej-tym-lepiej-kaczynski-mowi-ze-tusk-powinien-ustapic\/#respond"]}]},{"@type":"WebPage","@id":"https:\/\/www.pogotowieflagowe.pl\/aktualne\/im-szybciej-tym-lepiej-kaczynski-mowi-ze-tusk-powinien-ustapic\/","url":"https:\/\/www.pogotowieflagowe.pl\/aktualne\/im-szybciej-tym-lepiej-kaczynski-mowi-ze-tusk-powinien-ustapic\/","name":"\u201eIm szybciej, tym lepiej\u201d: Kaczy\u0144ski m\u00f3wi, \u017ce Tusk powinien ust\u0105pi\u0107 - POGOTOWIE FLAGOWE\u00ae","isPartOf":{"@id":"https:\/\/www.pogotowieflagowe.pl\/aktualne\/#website"},"primaryImageOfPage":{"@id":"https:\/\/www.pogotowieflagowe.pl\/aktualne\/im-szybciej-tym-lepiej-kaczynski-mowi-ze-tusk-powinien-ustapic\/#primaryimage"},"image":{"@id":"https:\/\/www.pogotowieflagowe.pl\/aktualne\/im-szybciej-tym-lepiej-kaczynski-mowi-ze-tusk-powinien-ustapic\/#primaryimage"},"thumbnailUrl":"https:\/\/www.pogotowieflagowe.pl\/aktualne\/wp-content\/uploads\/2026\/09\/\u201eIm-szybciej-tym-lepiej-Kaczynski-mowi-ze-Tusk-powinien-ustapic.webp","datePublished":"2026-09-04T16:51:27+00:00","dateModified":"2026-09-04T16:51:29+00:00","breadcrumb":{"@id":"https:\/\/www.pogotowieflagowe.pl\/aktualne\/im-szybciej-tym-lepiej-kaczynski-mowi-ze-tusk-powinien-ustapic\/#breadcrumb"},"inLanguage":"pl-PL","potentialAction":[{"@type":"ReadAction","target":["https:\/\/www.pogotowieflagowe.pl\/aktualne\/im-szybciej-tym-lepiej-kaczynski-mowi-ze-tusk-powinien-ustapic\/"]}]},{"@type":"ImageObject","inLanguage":"pl-PL","@id":"https:\/\/www.pogotowieflagowe.pl\/aktualne\/im-szybciej-tym-lepiej-kaczynski-mowi-ze-tusk-powinien-ustapic\/#primaryimage","url":"https:\/\/www.pogotowieflagowe.pl\/aktualne\/wp-content\/uploads\/2026\/09\/\u201eIm-szybciej-tym-lepiej-Kaczynski-mowi-ze-Tusk-powinien-ustapic.webp","contentUrl":"https:\/\/www.pogotowieflagowe.pl\/aktualne\/wp-content\/uploads\/2026\/09\/\u201eIm-szybciej-tym-lepiej-Kaczynski-mowi-ze-Tusk-powinien-ustapic.webp","width":1280,"height":720},{"@type":"BreadcrumbList","@id":"https:\/\/www.pogotowieflagowe.pl\/aktualne\/im-szybciej-tym-lepiej-kaczynski-mowi-ze-tusk-powinien-ustapic\/#breadcrumb","itemListElement":[{"@type":"ListItem","position":1,"name":"Home","item":"https:\/\/www.pogotowieflagowe.pl\/aktualne\/"},{"@type":"ListItem","position":2,"name":"\u201eIm szybciej, tym lepiej\u201d: Kaczy\u0144ski m\u00f3wi, \u017ce Tusk powinien ust\u0105pi\u0107"}]},{"@type":"WebSite","@id":"https:\/\/www.pogotowieflagowe.pl\/aktualne\/#website","url":"https:\/\/www.pogotowieflagowe.pl\/aktualne\/","name":"POGOTOWIE FLAGOWE\u00ae","description":"","publisher":{"@id":"https:\/\/www.pogotowieflagowe.pl\/aktualne\/#organization"},"potentialAction":[{"@type":"SearchAction","target":{"@type":"EntryPoint","urlTemplate":"https:\/\/www.pogotowieflagowe.pl\/aktualne\/?s={search_term_string}"},"query-input":"required name=search_term_string"}],"inLanguage":"pl-PL"},{"@type":"Organization","@id":"https:\/\/www.pogotowieflagowe.pl\/aktualne\/#organization","name":"POGOTOWIE FLAGOWE\u00ae","url":"https:\/\/www.pogotowieflagowe.pl\/aktualne\/","logo":{"@type":"ImageObject","inLanguage":"pl-PL","@id":"https:\/\/www.pogotowieflagowe.pl\/aktualne\/#\/schema\/logo\/image\/","url":"https:\/\/www.pogotowieflagowe.pl\/aktualne\/wp-content\/uploads\/2024\/08\/cropped-pogotowieflagowe_flaga_projekt_sm.jpg","contentUrl":"https:\/\/www.pogotowieflagowe.pl\/aktualne\/wp-content\/uploads\/2024\/08\/cropped-pogotowieflagowe_flaga_projekt_sm.jpg","width":250,"height":143,"caption":"POGOTOWIE FLAGOWE\u00ae"},"image":{"@id":"https:\/\/www.pogotowieflagowe.pl\/aktualne\/#\/schema\/logo\/image\/"}},{"@type":"Person","@id":"https:\/\/www.pogotowieflagowe.pl\/aktualne\/#\/schema\/person\/9c2fb7d2362ebf6fa088960d7f0d27b0","name":"Filip","image":{"@type":"ImageObject","inLanguage":"pl-PL","@id":"https:\/\/www.pogotowieflagowe.pl\/aktualne\/#\/schema\/person\/image\/","url":"https:\/\/www.pogotowieflagowe.pl\/aktualne\/wp-content\/uploads\/2024\/08\/pogotowieflagowe.pl_.jpg","contentUrl":"https:\/\/www.pogotowieflagowe.pl\/aktualne\/wp-content\/uploads\/2024\/08\/pogotowieflagowe.pl_.jpg","caption":"Filip"},"description":"Jestem Filip, polski dziennikarz z dyplomem nauk politycznych Uniwersytetu Warszawskiego. Rozpoczynaj\u0105c swoj\u0105 karier\u0119 w r\u00f3\u017cnych lokalnych mediach, zdoby\u0142em solidne do\u015bwiadczenie w zakresie \u015bledztwa i redakcji. Obecnie jako redaktor w Pogotowie flagowe, staram si\u0119 dostarcza\u0107 dog\u0142\u0119bne i istotne analizy na temat najwa\u017cniejszych kwestii aktualno\u015bci, \u0142\u0105cz\u0105c rygor z pasj\u0105 dziennikarsk\u0105.","sameAs":["https:\/\/www.pogotowieflagowe.pl\/"]}]}},"_links":{"self":[{"href":"https:\/\/www.pogotowieflagowe.pl\/aktualne\/wp-json\/wp\/v2\/posts\/13547","targetHints":{"allow":["GET"]}}],"collection":[{"href":"https:\/\/www.pogotowieflagowe.pl\/aktualne\/wp-json\/wp\/v2\/posts"}],"about":[{"href":"https:\/\/www.pogotowieflagowe.pl\/aktualne\/wp-json\/wp\/v2\/types\/post"}],"author":[{"embeddable":true,"href":"https:\/\/www.pogotowieflagowe.pl\/aktualne\/wp-json\/wp\/v2\/users\/1"}],"replies":[{"embeddable":true,"href":"https:\/\/www.pogotowieflagowe.pl\/aktualne\/wp-json\/wp\/v2\/comments?post=13547"}],"version-history":[{"count":1,"href":"https:\/\/www.pogotowieflagowe.pl\/aktualne\/wp-json\/wp\/v2\/posts\/13547\/revisions"}],"predecessor-version":[{"id":13549,"href":"https:\/\/www.pogotowieflagowe.pl\/aktualne\/wp-json\/wp\/v2\/posts\/13547\/revisions\/13549"}],"wp:featuredmedia":[{"embeddable":true,"href":"https:\/\/www.pogotowieflagowe.pl\/aktualne\/wp-json\/wp\/v2\/media\/13548"}],"wp:attachment":[{"href":"https:\/\/www.pogotowieflagowe.pl\/aktualne\/wp-json\/wp\/v2\/media?parent=13547"}],"wp:term":[{"taxonomy":"category","embeddable":true,"href":"https:\/\/www.pogotowieflagowe.pl\/aktualne\/wp-json\/wp\/v2\/categories?post=13547"},{"taxonomy":"post_tag","embeddable":true,"href":"https:\/\/www.pogotowieflagowe.pl\/aktualne\/wp-json\/wp\/v2\/tags?post=13547"}],"curies":[{"name":"wp","href":"https:\/\/api.w.org\/{rel}","templated":true}]}}