{"id":13550,"date":"2026-09-04T22:49:13","date_gmt":"2026-09-04T20:49:13","guid":{"rendered":"https:\/\/www.pogotowieflagowe.pl\/aktualne\/meloni-przechodzi-do-historii-gdy-nawrocki-wysyla-wazna-wiadomosc-do-premiera-wloch\/"},"modified":"2026-09-04T22:49:14","modified_gmt":"2026-09-04T20:49:14","slug":"meloni-przechodzi-do-historii-gdy-nawrocki-wysyla-wazna-wiadomosc-do-premiera-wloch","status":"publish","type":"post","link":"https:\/\/www.pogotowieflagowe.pl\/aktualne\/meloni-przechodzi-do-historii-gdy-nawrocki-wysyla-wazna-wiadomosc-do-premiera-wloch\/","title":{"rendered":"Meloni przechodzi do historii, gdy Nawrocki wysy\u0142a wa\u017cn\u0105 wiadomo\u015b\u0107 do premiera W\u0142och"},"content":{"rendered":"<div>\n<p class=\"wp-block-paragraph\">Giorgia Meloni przesz\u0142a do historii w\u0142oskiej polityki. Jej rz\u0105d sta\u0142 si\u0119 obecnie najd\u0142u\u017cej nieprzerwanie sprawuj\u0105cym urz\u0105d gabinetem w historii Republiki W\u0142oskiej, pobijaj\u0105c rekord ustanowiony wcze\u015bniej przez drugi rz\u0105d Silvio Berlusconiego. Aby uczci\u0107 to historyczne osi\u0105gni\u0119cie, Prezydent Polski Karol Nawrocki pogratulowa\u0142 premierowi W\u0142och, podkre\u015blaj\u0105c, \u017ce sukces Meloni jest dowodem nie tylko jej przyw\u00f3dztwa, ale przede wszystkim <strong>\u201etrwa\u0142ym zaufaniem, jakim cieszy si\u0119 w\u015br\u00f3d W\u0142och\u00f3w\u201d.<\/strong><\/p>\n<figure class=\"wp-block-embed is-type-rich is-provider-x wp-block-embed-x\">\n<div class=\"wp-block-embed__wrapper\">\n<blockquote class=\"twitter-tweet\" data-width=\"550\" data-dnt=\"true\">\n<p lang=\"en\" dir=\"ltr\">Serdecznie gratulujemy premierowi @GiorgiaMeloni tego niezwyk\u0142ego kamienia milowego \u2013 obj\u0119cia przewodnictwa najd\u0142u\u017cej urz\u0119duj\u0105cym rz\u0105dem w historii Republiki W\u0142oskiej.<\/p>\n<p>To osi\u0105gni\u0119cie \u015bwiadczy nie tylko o jej zaanga\u017cowaniu i przyw\u00f3dztwie, ale przede wszystkim o trwa\u0142ym zaufaniu\u2026<\/p>\n<p>\u2014 Karol Nawrocki (@NawrockiKn) 4 wrze\u015bnia 2026<\/p><\/blockquote>\n<\/div>\n<\/figure>\n<p class=\"wp-block-paragraph\">Od pi\u0105tku rz\u0105d Giorgii Meloni jest najd\u0142u\u017cej nieprzerwanym gabinetem w historii Republiki W\u0142oskiej. Sprawuje sw\u00f3j urz\u0105d od 1413 dni \u2013 o jeden dzie\u0144 d\u0142u\u017cej ni\u017c drugi rz\u0105d Silvio Berlusconiego, kt\u00f3ry rz\u0105dzi\u0142 w latach 2001\u20132005.<\/p>\n<p class=\"wp-block-paragraph\">W ten spos\u00f3b Meloni zapisa\u0142a si\u0119 w historii politycznej W\u0142och nie tylko jako pierwsza kobieta premier w kraju, ale tak\u017ce jako nieprzerwana szefowa rz\u0105du najd\u0142u\u017cej sprawuj\u0105cego ten urz\u0105d. Jej gabinet zosta\u0142 zaprzysi\u0119\u017cony 22 pa\u017adziernika 2022 roku, po zwyci\u0119stwie centroprawicowej koalicji w wyborach parlamentarnych.<\/p>\n<p class=\"wp-block-paragraph\">Obecny rz\u0105d W\u0142och sk\u0142ada si\u0119 z <em>Bracia W\u0142och<\/em> (FdI), na kt\u00f3rego czele stoi Meloni; <em>Forza W\u0142ochy<\/em> (FI), na kt\u00f3rego czele stoi wicepremier i minister spraw zagranicznych Antonio Tajani; i Matteo Salviniego <em>Liga<\/em> (Lega).<\/p>\n<h2 class=\"wp-block-heading\"><strong>Rz\u0105d Meloniego bije rekord<\/strong><\/h2>\n<p class=\"wp-block-paragraph\">W\u0142oskie media zwracaj\u0105 uwag\u0119, \u017ce w ci\u0105gu ponad trzech lat urz\u0119dowania koalicja musia\u0142a mierzy\u0107 si\u0119 zar\u00f3wno z napi\u0119ciami i sporami pomi\u0119dzy partiami tworz\u0105cymi rz\u0105d, jak i kolejnymi kryzysami mi\u0119dzynarodowymi i ich konsekwencjami gospodarczymi. Pomimo tych wyzwa\u0144 gabinet utrzyma\u0142 si\u0119 u w\u0142adzy i pobi\u0142 rekord najd\u0142u\u017cszego okresu nieprzerwanego sprawowania rz\u0105d\u00f3w.<\/p>\n<p class=\"wp-block-paragraph\">Po wyborach w 2022 r., kt\u00f3re wygra\u0142 centroprawicowy blok Meloni, jej zwyci\u0119stwo wywo\u0142a\u0142o szerokie komentarze tak\u017ce poza W\u0142ochami. Prasa europejska podkre\u015bla\u0142a polityczne korzenie <em>Bracia W\u0142och<\/em> (FdI), partii powo\u0142anej cz\u0119\u015bciowo przez polityk\u00f3w zwi\u0105zanych wcze\u015bniej z tzw <em>Sojusz Narodowy<\/em> (JAKI\u015a).<\/p>\n<p class=\"wp-block-paragraph\">Pojawi\u0142y si\u0119 w\u00f3wczas pytania o trwa\u0142o\u015b\u0107 nowej koalicji. <strong>Sama Meloni w swoim przem\u00f3wieniu inauguracyjnym nawi\u0105za\u0142a do faktu, \u017ce przez lata reprezentowa\u0142a \u015brodowisko polityczne pozostaj\u0105ce poza w\u0142oskim g\u0142\u00f3wnym nurtem.<\/strong><\/p>\n<p class=\"wp-block-paragraph\"><strong>\u201eReprezentuj\u0119 to, co Anglicy nazywaj\u0105 s\u0142abszym\u201d<\/strong> \u2013 powiedzia\u0142a w\u00f3wczas.<\/p>\n<p class=\"wp-block-paragraph\">Rekordowy rz\u0105d Giorgii Meloni b\u0119dzie \u015bwi\u0119towa\u0142 to osi\u0105gni\u0119cie w Bari, w regionie Apulia na po\u0142udniu W\u0142och.<\/p>\n<h2 class=\"wp-block-heading\"><strong>Prezydent Nawrocki: Jako Polska cenimy nasz\u0105 blisk\u0105 przyja\u017a\u0144 z W\u0142ochami<\/strong><\/h2>\n<p class=\"wp-block-paragraph\">Z tej okazji Prezydent RP Karol Nawrocki opublikowa\u0142 post na platformie X. W pierwszym roku sprawowania urz\u0119du kilkakrotnie rozmawia\u0142 z premierem W\u0142och.<\/p>\n<p class=\"wp-block-paragraph\"><strong>&#8222;Najgor\u0119tsze gratulacje dla premier Giorgii Meloni z okazji tego niezwyk\u0142ego osi\u0105gni\u0119cia &#8211; przewodzenia najd\u0142u\u017cej sprawuj\u0105cemu rz\u0105dowi rz\u0105dowi w historii Republiki W\u0142oskiej. Ten sukces jest dowodem nie tylko jej zaanga\u017cowania i przyw\u00f3dztwa, ale przede wszystkim trwa\u0142ego zaufania, jakim cieszy si\u0119 w\u015br\u00f3d narodu w\u0142oskiego.&#8221;<\/strong><\/p>\n<p class=\"wp-block-paragraph\">Szef polskiego pa\u0144stwa doda\u0142:<\/p>\n<p class=\"wp-block-paragraph\"><strong>&#8222;Polska i ja osobi\u015bcie bardzo cenimy nasz\u0105 blisk\u0105 przyja\u017a\u0144 z W\u0142ochami. Nie mog\u0119 si\u0119 doczeka\u0107 dalszego rozwoju naszej silnej wsp\u00f3\u0142pracy, opartej na wsp\u00f3lnych warto\u015bciach i wsp\u00f3lnej wizji bezpiecznej i dostatniej Europy.&#8221;<\/strong><\/p>\n<\/div>\n","protected":false},"excerpt":{"rendered":"<p>Giorgia Meloni przesz\u0142a do historii w\u0142oskiej polityki. Jej rz\u0105d sta\u0142 si\u0119 obecnie najd\u0142u\u017cej nieprzerwanie sprawuj\u0105cym urz\u0105d gabinetem w historii Republiki<\/p>\n","protected":false},"author":1,"featured_media":13551,"comment_status":"open","ping_status":"open","sticky":false,"template":"","format":"standard","meta":{"footnotes":""},"categories":[44],"tags":[2503,1735,6099,2727,1380,14204,6040,6383,1343,5826],"class_list":["post-13550","post","type-post","status-publish","format-standard","has-post-thumbnail","hentry","category-polityka","tag-gdy","tag-historii","tag-meloni","tag-nawrocki","tag-premiera","tag-przechodzi","tag-wazna","tag-wiadomosc","tag-wloch","tag-wysyla","generate-columns","tablet-grid-50","mobile-grid-100","grid-parent","grid-50","resize-featured-image"],"yoast_head":"<!-- This site is optimized with the Yoast SEO plugin v23.2 - https:\/\/yoast.com\/wordpress\/plugins\/seo\/ -->\n<title>Meloni przechodzi do historii, gdy Nawrocki wysy\u0142a wa\u017cn\u0105 wiadomo\u015b\u0107 do premiera W\u0142och - POGOTOWIE FLAGOWE\u00ae<\/title>\n<meta name=\"robots\" content=\"index, follow, max-snippet:-1, max-image-preview:large, max-video-preview:-1\" \/>\n<link rel=\"canonical\" href=\"https:\/\/www.pogotowieflagowe.pl\/aktualne\/meloni-przechodzi-do-historii-gdy-nawrocki-wysyla-wazna-wiadomosc-do-premiera-wloch\/\" \/>\n<meta property=\"og:locale\" content=\"pl_PL\" \/>\n<meta property=\"og:type\" content=\"article\" \/>\n<meta property=\"og:title\" content=\"Meloni przechodzi do historii, gdy Nawrocki wysy\u0142a wa\u017cn\u0105 wiadomo\u015b\u0107 do premiera W\u0142och - POGOTOWIE FLAGOWE\u00ae\" \/>\n<meta property=\"og:description\" content=\"Giorgia Meloni przesz\u0142a do historii w\u0142oskiej polityki. Jej rz\u0105d sta\u0142 si\u0119 obecnie najd\u0142u\u017cej nieprzerwanie sprawuj\u0105cym urz\u0105d gabinetem w historii Republiki\" \/>\n<meta property=\"og:url\" content=\"https:\/\/www.pogotowieflagowe.pl\/aktualne\/meloni-przechodzi-do-historii-gdy-nawrocki-wysyla-wazna-wiadomosc-do-premiera-wloch\/\" \/>\n<meta property=\"og:site_name\" content=\"POGOTOWIE FLAGOWE\u00ae\" \/>\n<meta property=\"article:published_time\" content=\"2026-09-04T20:49:13+00:00\" \/>\n<meta property=\"article:modified_time\" content=\"2026-09-04T20:49:14+00:00\" \/>\n<meta property=\"og:image\" content=\"https:\/\/www.pogotowieflagowe.pl\/aktualne\/wp-content\/uploads\/2026\/09\/Meloni-przechodzi-do-historii-gdy-Nawrocki-wysyla-wazna-wiadomosc-do.webp\" \/>\n\t<meta property=\"og:image:width\" content=\"1280\" \/>\n\t<meta property=\"og:image:height\" content=\"720\" \/>\n\t<meta property=\"og:image:type\" content=\"image\/webp\" \/>\n<meta name=\"author\" content=\"Filip\" \/>\n<meta name=\"twitter:card\" content=\"summary_large_image\" \/>\n<meta name=\"twitter:label1\" content=\"Napisane przez\" \/>\n\t<meta name=\"twitter:data1\" content=\"Filip\" \/>\n\t<meta name=\"twitter:label2\" content=\"Szacowany czas czytania\" \/>\n\t<meta name=\"twitter:data2\" content=\"3 minuty\" \/>\n<script type=\"application\/ld+json\" class=\"yoast-schema-graph\">{\"@context\":\"https:\/\/schema.org\",\"@graph\":[{\"@type\":\"Article\",\"@id\":\"https:\/\/www.pogotowieflagowe.pl\/aktualne\/meloni-przechodzi-do-historii-gdy-nawrocki-wysyla-wazna-wiadomosc-do-premiera-wloch\/#article\",\"isPartOf\":{\"@id\":\"https:\/\/www.pogotowieflagowe.pl\/aktualne\/meloni-przechodzi-do-historii-gdy-nawrocki-wysyla-wazna-wiadomosc-do-premiera-wloch\/\"},\"author\":{\"name\":\"Filip\",\"@id\":\"https:\/\/www.pogotowieflagowe.pl\/aktualne\/#\/schema\/person\/9c2fb7d2362ebf6fa088960d7f0d27b0\"},\"headline\":\"Meloni przechodzi do historii, gdy Nawrocki wysy\u0142a wa\u017cn\u0105 wiadomo\u015b\u0107 do premiera W\u0142och\",\"datePublished\":\"2026-09-04T20:49:13+00:00\",\"dateModified\":\"2026-09-04T20:49:14+00:00\",\"mainEntityOfPage\":{\"@id\":\"https:\/\/www.pogotowieflagowe.pl\/aktualne\/meloni-przechodzi-do-historii-gdy-nawrocki-wysyla-wazna-wiadomosc-do-premiera-wloch\/\"},\"wordCount\":613,\"commentCount\":0,\"publisher\":{\"@id\":\"https:\/\/www.pogotowieflagowe.pl\/aktualne\/#organization\"},\"image\":{\"@id\":\"https:\/\/www.pogotowieflagowe.pl\/aktualne\/meloni-przechodzi-do-historii-gdy-nawrocki-wysyla-wazna-wiadomosc-do-premiera-wloch\/#primaryimage\"},\"thumbnailUrl\":\"https:\/\/www.pogotowieflagowe.pl\/aktualne\/wp-content\/uploads\/2026\/09\/Meloni-przechodzi-do-historii-gdy-Nawrocki-wysyla-wazna-wiadomosc-do.webp\",\"keywords\":[\"gdy\",\"historii\",\"Meloni\",\"Nawrocki\",\"premiera\",\"przechodzi\",\"Wa\u017cna\",\"Wiadomo\u015b\u0107\",\"W\u0142och\",\"wysy\u0142a\"],\"articleSection\":[\"Polityka\"],\"inLanguage\":\"pl-PL\",\"potentialAction\":[{\"@type\":\"CommentAction\",\"name\":\"Comment\",\"target\":[\"https:\/\/www.pogotowieflagowe.pl\/aktualne\/meloni-przechodzi-do-historii-gdy-nawrocki-wysyla-wazna-wiadomosc-do-premiera-wloch\/#respond\"]}]},{\"@type\":\"WebPage\",\"@id\":\"https:\/\/www.pogotowieflagowe.pl\/aktualne\/meloni-przechodzi-do-historii-gdy-nawrocki-wysyla-wazna-wiadomosc-do-premiera-wloch\/\",\"url\":\"https:\/\/www.pogotowieflagowe.pl\/aktualne\/meloni-przechodzi-do-historii-gdy-nawrocki-wysyla-wazna-wiadomosc-do-premiera-wloch\/\",\"name\":\"Meloni przechodzi do historii, gdy Nawrocki wysy\u0142a wa\u017cn\u0105 wiadomo\u015b\u0107 do premiera W\u0142och - POGOTOWIE FLAGOWE\u00ae\",\"isPartOf\":{\"@id\":\"https:\/\/www.pogotowieflagowe.pl\/aktualne\/#website\"},\"primaryImageOfPage\":{\"@id\":\"https:\/\/www.pogotowieflagowe.pl\/aktualne\/meloni-przechodzi-do-historii-gdy-nawrocki-wysyla-wazna-wiadomosc-do-premiera-wloch\/#primaryimage\"},\"image\":{\"@id\":\"https:\/\/www.pogotowieflagowe.pl\/aktualne\/meloni-przechodzi-do-historii-gdy-nawrocki-wysyla-wazna-wiadomosc-do-premiera-wloch\/#primaryimage\"},\"thumbnailUrl\":\"https:\/\/www.pogotowieflagowe.pl\/aktualne\/wp-content\/uploads\/2026\/09\/Meloni-przechodzi-do-historii-gdy-Nawrocki-wysyla-wazna-wiadomosc-do.webp\",\"datePublished\":\"2026-09-04T20:49:13+00:00\",\"dateModified\":\"2026-09-04T20:49:14+00:00\",\"breadcrumb\":{\"@id\":\"https:\/\/www.pogotowieflagowe.pl\/aktualne\/meloni-przechodzi-do-historii-gdy-nawrocki-wysyla-wazna-wiadomosc-do-premiera-wloch\/#breadcrumb\"},\"inLanguage\":\"pl-PL\",\"potentialAction\":[{\"@type\":\"ReadAction\",\"target\":[\"https:\/\/www.pogotowieflagowe.pl\/aktualne\/meloni-przechodzi-do-historii-gdy-nawrocki-wysyla-wazna-wiadomosc-do-premiera-wloch\/\"]}]},{\"@type\":\"ImageObject\",\"inLanguage\":\"pl-PL\",\"@id\":\"https:\/\/www.pogotowieflagowe.pl\/aktualne\/meloni-przechodzi-do-historii-gdy-nawrocki-wysyla-wazna-wiadomosc-do-premiera-wloch\/#primaryimage\",\"url\":\"https:\/\/www.pogotowieflagowe.pl\/aktualne\/wp-content\/uploads\/2026\/09\/Meloni-przechodzi-do-historii-gdy-Nawrocki-wysyla-wazna-wiadomosc-do.webp\",\"contentUrl\":\"https:\/\/www.pogotowieflagowe.pl\/aktualne\/wp-content\/uploads\/2026\/09\/Meloni-przechodzi-do-historii-gdy-Nawrocki-wysyla-wazna-wiadomosc-do.webp\",\"width\":1280,\"height\":720},{\"@type\":\"BreadcrumbList\",\"@id\":\"https:\/\/www.pogotowieflagowe.pl\/aktualne\/meloni-przechodzi-do-historii-gdy-nawrocki-wysyla-wazna-wiadomosc-do-premiera-wloch\/#breadcrumb\",\"itemListElement\":[{\"@type\":\"ListItem\",\"position\":1,\"name\":\"Home\",\"item\":\"https:\/\/www.pogotowieflagowe.pl\/aktualne\/\"},{\"@type\":\"ListItem\",\"position\":2,\"name\":\"Meloni przechodzi do historii, gdy Nawrocki wysy\u0142a wa\u017cn\u0105 wiadomo\u015b\u0107 do premiera W\u0142och\"}]},{\"@type\":\"WebSite\",\"@id\":\"https:\/\/www.pogotowieflagowe.pl\/aktualne\/#website\",\"url\":\"https:\/\/www.pogotowieflagowe.pl\/aktualne\/\",\"name\":\"POGOTOWIE FLAGOWE\u00ae\",\"description\":\"\",\"publisher\":{\"@id\":\"https:\/\/www.pogotowieflagowe.pl\/aktualne\/#organization\"},\"potentialAction\":[{\"@type\":\"SearchAction\",\"target\":{\"@type\":\"EntryPoint\",\"urlTemplate\":\"https:\/\/www.pogotowieflagowe.pl\/aktualne\/?s={search_term_string}\"},\"query-input\":\"required name=search_term_string\"}],\"inLanguage\":\"pl-PL\"},{\"@type\":\"Organization\",\"@id\":\"https:\/\/www.pogotowieflagowe.pl\/aktualne\/#organization\",\"name\":\"POGOTOWIE FLAGOWE\u00ae\",\"url\":\"https:\/\/www.pogotowieflagowe.pl\/aktualne\/\",\"logo\":{\"@type\":\"ImageObject\",\"inLanguage\":\"pl-PL\",\"@id\":\"https:\/\/www.pogotowieflagowe.pl\/aktualne\/#\/schema\/logo\/image\/\",\"url\":\"https:\/\/www.pogotowieflagowe.pl\/aktualne\/wp-content\/uploads\/2024\/08\/cropped-pogotowieflagowe_flaga_projekt_sm.jpg\",\"contentUrl\":\"https:\/\/www.pogotowieflagowe.pl\/aktualne\/wp-content\/uploads\/2024\/08\/cropped-pogotowieflagowe_flaga_projekt_sm.jpg\",\"width\":250,\"height\":143,\"caption\":\"POGOTOWIE FLAGOWE\u00ae\"},\"image\":{\"@id\":\"https:\/\/www.pogotowieflagowe.pl\/aktualne\/#\/schema\/logo\/image\/\"}},{\"@type\":\"Person\",\"@id\":\"https:\/\/www.pogotowieflagowe.pl\/aktualne\/#\/schema\/person\/9c2fb7d2362ebf6fa088960d7f0d27b0\",\"name\":\"Filip\",\"image\":{\"@type\":\"ImageObject\",\"inLanguage\":\"pl-PL\",\"@id\":\"https:\/\/www.pogotowieflagowe.pl\/aktualne\/#\/schema\/person\/image\/\",\"url\":\"https:\/\/www.pogotowieflagowe.pl\/aktualne\/wp-content\/uploads\/2024\/08\/pogotowieflagowe.pl_.jpg\",\"contentUrl\":\"https:\/\/www.pogotowieflagowe.pl\/aktualne\/wp-content\/uploads\/2024\/08\/pogotowieflagowe.pl_.jpg\",\"caption\":\"Filip\"},\"description\":\"Jestem Filip, polski dziennikarz z dyplomem nauk politycznych Uniwersytetu Warszawskiego. Rozpoczynaj\u0105c swoj\u0105 karier\u0119 w r\u00f3\u017cnych lokalnych mediach, zdoby\u0142em solidne do\u015bwiadczenie w zakresie \u015bledztwa i redakcji. Obecnie jako redaktor w Pogotowie flagowe, staram si\u0119 dostarcza\u0107 dog\u0142\u0119bne i istotne analizy na temat najwa\u017cniejszych kwestii aktualno\u015bci, \u0142\u0105cz\u0105c rygor z pasj\u0105 dziennikarsk\u0105.\",\"sameAs\":[\"https:\/\/www.pogotowieflagowe.pl\/\"]}]}<\/script>\n<!-- \/ Yoast SEO plugin. -->","yoast_head_json":{"title":"Meloni przechodzi do historii, gdy Nawrocki wysy\u0142a wa\u017cn\u0105 wiadomo\u015b\u0107 do premiera W\u0142och - POGOTOWIE FLAGOWE\u00ae","robots":{"index":"index","follow":"follow","max-snippet":"max-snippet:-1","max-image-preview":"max-image-preview:large","max-video-preview":"max-video-preview:-1"},"canonical":"https:\/\/www.pogotowieflagowe.pl\/aktualne\/meloni-przechodzi-do-historii-gdy-nawrocki-wysyla-wazna-wiadomosc-do-premiera-wloch\/","og_locale":"pl_PL","og_type":"article","og_title":"Meloni przechodzi do historii, gdy Nawrocki wysy\u0142a wa\u017cn\u0105 wiadomo\u015b\u0107 do premiera W\u0142och - POGOTOWIE FLAGOWE\u00ae","og_description":"Giorgia Meloni przesz\u0142a do historii w\u0142oskiej polityki. Jej rz\u0105d sta\u0142 si\u0119 obecnie najd\u0142u\u017cej nieprzerwanie sprawuj\u0105cym urz\u0105d gabinetem w historii Republiki","og_url":"https:\/\/www.pogotowieflagowe.pl\/aktualne\/meloni-przechodzi-do-historii-gdy-nawrocki-wysyla-wazna-wiadomosc-do-premiera-wloch\/","og_site_name":"POGOTOWIE FLAGOWE\u00ae","article_published_time":"2026-09-04T20:49:13+00:00","article_modified_time":"2026-09-04T20:49:14+00:00","og_image":[{"width":1280,"height":720,"url":"https:\/\/www.pogotowieflagowe.pl\/aktualne\/wp-content\/uploads\/2026\/09\/Meloni-przechodzi-do-historii-gdy-Nawrocki-wysyla-wazna-wiadomosc-do.webp","type":"image\/webp"}],"author":"Filip","twitter_card":"summary_large_image","twitter_misc":{"Napisane przez":"Filip","Szacowany czas czytania":"3 minuty"},"schema":{"@context":"https:\/\/schema.org","@graph":[{"@type":"Article","@id":"https:\/\/www.pogotowieflagowe.pl\/aktualne\/meloni-przechodzi-do-historii-gdy-nawrocki-wysyla-wazna-wiadomosc-do-premiera-wloch\/#article","isPartOf":{"@id":"https:\/\/www.pogotowieflagowe.pl\/aktualne\/meloni-przechodzi-do-historii-gdy-nawrocki-wysyla-wazna-wiadomosc-do-premiera-wloch\/"},"author":{"name":"Filip","@id":"https:\/\/www.pogotowieflagowe.pl\/aktualne\/#\/schema\/person\/9c2fb7d2362ebf6fa088960d7f0d27b0"},"headline":"Meloni przechodzi do historii, gdy Nawrocki wysy\u0142a wa\u017cn\u0105 wiadomo\u015b\u0107 do premiera W\u0142och","datePublished":"2026-09-04T20:49:13+00:00","dateModified":"2026-09-04T20:49:14+00:00","mainEntityOfPage":{"@id":"https:\/\/www.pogotowieflagowe.pl\/aktualne\/meloni-przechodzi-do-historii-gdy-nawrocki-wysyla-wazna-wiadomosc-do-premiera-wloch\/"},"wordCount":613,"commentCount":0,"publisher":{"@id":"https:\/\/www.pogotowieflagowe.pl\/aktualne\/#organization"},"image":{"@id":"https:\/\/www.pogotowieflagowe.pl\/aktualne\/meloni-przechodzi-do-historii-gdy-nawrocki-wysyla-wazna-wiadomosc-do-premiera-wloch\/#primaryimage"},"thumbnailUrl":"https:\/\/www.pogotowieflagowe.pl\/aktualne\/wp-content\/uploads\/2026\/09\/Meloni-przechodzi-do-historii-gdy-Nawrocki-wysyla-wazna-wiadomosc-do.webp","keywords":["gdy","historii","Meloni","Nawrocki","premiera","przechodzi","Wa\u017cna","Wiadomo\u015b\u0107","W\u0142och","wysy\u0142a"],"articleSection":["Polityka"],"inLanguage":"pl-PL","potentialAction":[{"@type":"CommentAction","name":"Comment","target":["https:\/\/www.pogotowieflagowe.pl\/aktualne\/meloni-przechodzi-do-historii-gdy-nawrocki-wysyla-wazna-wiadomosc-do-premiera-wloch\/#respond"]}]},{"@type":"WebPage","@id":"https:\/\/www.pogotowieflagowe.pl\/aktualne\/meloni-przechodzi-do-historii-gdy-nawrocki-wysyla-wazna-wiadomosc-do-premiera-wloch\/","url":"https:\/\/www.pogotowieflagowe.pl\/aktualne\/meloni-przechodzi-do-historii-gdy-nawrocki-wysyla-wazna-wiadomosc-do-premiera-wloch\/","name":"Meloni przechodzi do historii, gdy Nawrocki wysy\u0142a wa\u017cn\u0105 wiadomo\u015b\u0107 do premiera W\u0142och - POGOTOWIE FLAGOWE\u00ae","isPartOf":{"@id":"https:\/\/www.pogotowieflagowe.pl\/aktualne\/#website"},"primaryImageOfPage":{"@id":"https:\/\/www.pogotowieflagowe.pl\/aktualne\/meloni-przechodzi-do-historii-gdy-nawrocki-wysyla-wazna-wiadomosc-do-premiera-wloch\/#primaryimage"},"image":{"@id":"https:\/\/www.pogotowieflagowe.pl\/aktualne\/meloni-przechodzi-do-historii-gdy-nawrocki-wysyla-wazna-wiadomosc-do-premiera-wloch\/#primaryimage"},"thumbnailUrl":"https:\/\/www.pogotowieflagowe.pl\/aktualne\/wp-content\/uploads\/2026\/09\/Meloni-przechodzi-do-historii-gdy-Nawrocki-wysyla-wazna-wiadomosc-do.webp","datePublished":"2026-09-04T20:49:13+00:00","dateModified":"2026-09-04T20:49:14+00:00","breadcrumb":{"@id":"https:\/\/www.pogotowieflagowe.pl\/aktualne\/meloni-przechodzi-do-historii-gdy-nawrocki-wysyla-wazna-wiadomosc-do-premiera-wloch\/#breadcrumb"},"inLanguage":"pl-PL","potentialAction":[{"@type":"ReadAction","target":["https:\/\/www.pogotowieflagowe.pl\/aktualne\/meloni-przechodzi-do-historii-gdy-nawrocki-wysyla-wazna-wiadomosc-do-premiera-wloch\/"]}]},{"@type":"ImageObject","inLanguage":"pl-PL","@id":"https:\/\/www.pogotowieflagowe.pl\/aktualne\/meloni-przechodzi-do-historii-gdy-nawrocki-wysyla-wazna-wiadomosc-do-premiera-wloch\/#primaryimage","url":"https:\/\/www.pogotowieflagowe.pl\/aktualne\/wp-content\/uploads\/2026\/09\/Meloni-przechodzi-do-historii-gdy-Nawrocki-wysyla-wazna-wiadomosc-do.webp","contentUrl":"https:\/\/www.pogotowieflagowe.pl\/aktualne\/wp-content\/uploads\/2026\/09\/Meloni-przechodzi-do-historii-gdy-Nawrocki-wysyla-wazna-wiadomosc-do.webp","width":1280,"height":720},{"@type":"BreadcrumbList","@id":"https:\/\/www.pogotowieflagowe.pl\/aktualne\/meloni-przechodzi-do-historii-gdy-nawrocki-wysyla-wazna-wiadomosc-do-premiera-wloch\/#breadcrumb","itemListElement":[{"@type":"ListItem","position":1,"name":"Home","item":"https:\/\/www.pogotowieflagowe.pl\/aktualne\/"},{"@type":"ListItem","position":2,"name":"Meloni przechodzi do historii, gdy Nawrocki wysy\u0142a wa\u017cn\u0105 wiadomo\u015b\u0107 do premiera W\u0142och"}]},{"@type":"WebSite","@id":"https:\/\/www.pogotowieflagowe.pl\/aktualne\/#website","url":"https:\/\/www.pogotowieflagowe.pl\/aktualne\/","name":"POGOTOWIE FLAGOWE\u00ae","description":"","publisher":{"@id":"https:\/\/www.pogotowieflagowe.pl\/aktualne\/#organization"},"potentialAction":[{"@type":"SearchAction","target":{"@type":"EntryPoint","urlTemplate":"https:\/\/www.pogotowieflagowe.pl\/aktualne\/?s={search_term_string}"},"query-input":"required name=search_term_string"}],"inLanguage":"pl-PL"},{"@type":"Organization","@id":"https:\/\/www.pogotowieflagowe.pl\/aktualne\/#organization","name":"POGOTOWIE FLAGOWE\u00ae","url":"https:\/\/www.pogotowieflagowe.pl\/aktualne\/","logo":{"@type":"ImageObject","inLanguage":"pl-PL","@id":"https:\/\/www.pogotowieflagowe.pl\/aktualne\/#\/schema\/logo\/image\/","url":"https:\/\/www.pogotowieflagowe.pl\/aktualne\/wp-content\/uploads\/2024\/08\/cropped-pogotowieflagowe_flaga_projekt_sm.jpg","contentUrl":"https:\/\/www.pogotowieflagowe.pl\/aktualne\/wp-content\/uploads\/2024\/08\/cropped-pogotowieflagowe_flaga_projekt_sm.jpg","width":250,"height":143,"caption":"POGOTOWIE FLAGOWE\u00ae"},"image":{"@id":"https:\/\/www.pogotowieflagowe.pl\/aktualne\/#\/schema\/logo\/image\/"}},{"@type":"Person","@id":"https:\/\/www.pogotowieflagowe.pl\/aktualne\/#\/schema\/person\/9c2fb7d2362ebf6fa088960d7f0d27b0","name":"Filip","image":{"@type":"ImageObject","inLanguage":"pl-PL","@id":"https:\/\/www.pogotowieflagowe.pl\/aktualne\/#\/schema\/person\/image\/","url":"https:\/\/www.pogotowieflagowe.pl\/aktualne\/wp-content\/uploads\/2024\/08\/pogotowieflagowe.pl_.jpg","contentUrl":"https:\/\/www.pogotowieflagowe.pl\/aktualne\/wp-content\/uploads\/2024\/08\/pogotowieflagowe.pl_.jpg","caption":"Filip"},"description":"Jestem Filip, polski dziennikarz z dyplomem nauk politycznych Uniwersytetu Warszawskiego. Rozpoczynaj\u0105c swoj\u0105 karier\u0119 w r\u00f3\u017cnych lokalnych mediach, zdoby\u0142em solidne do\u015bwiadczenie w zakresie \u015bledztwa i redakcji. Obecnie jako redaktor w Pogotowie flagowe, staram si\u0119 dostarcza\u0107 dog\u0142\u0119bne i istotne analizy na temat najwa\u017cniejszych kwestii aktualno\u015bci, \u0142\u0105cz\u0105c rygor z pasj\u0105 dziennikarsk\u0105.","sameAs":["https:\/\/www.pogotowieflagowe.pl\/"]}]}},"_links":{"self":[{"href":"https:\/\/www.pogotowieflagowe.pl\/aktualne\/wp-json\/wp\/v2\/posts\/13550","targetHints":{"allow":["GET"]}}],"collection":[{"href":"https:\/\/www.pogotowieflagowe.pl\/aktualne\/wp-json\/wp\/v2\/posts"}],"about":[{"href":"https:\/\/www.pogotowieflagowe.pl\/aktualne\/wp-json\/wp\/v2\/types\/post"}],"author":[{"embeddable":true,"href":"https:\/\/www.pogotowieflagowe.pl\/aktualne\/wp-json\/wp\/v2\/users\/1"}],"replies":[{"embeddable":true,"href":"https:\/\/www.pogotowieflagowe.pl\/aktualne\/wp-json\/wp\/v2\/comments?post=13550"}],"version-history":[{"count":1,"href":"https:\/\/www.pogotowieflagowe.pl\/aktualne\/wp-json\/wp\/v2\/posts\/13550\/revisions"}],"predecessor-version":[{"id":13552,"href":"https:\/\/www.pogotowieflagowe.pl\/aktualne\/wp-json\/wp\/v2\/posts\/13550\/revisions\/13552"}],"wp:featuredmedia":[{"embeddable":true,"href":"https:\/\/www.pogotowieflagowe.pl\/aktualne\/wp-json\/wp\/v2\/media\/13551"}],"wp:attachment":[{"href":"https:\/\/www.pogotowieflagowe.pl\/aktualne\/wp-json\/wp\/v2\/media?parent=13550"}],"wp:term":[{"taxonomy":"category","embeddable":true,"href":"https:\/\/www.pogotowieflagowe.pl\/aktualne\/wp-json\/wp\/v2\/categories?post=13550"},{"taxonomy":"post_tag","embeddable":true,"href":"https:\/\/www.pogotowieflagowe.pl\/aktualne\/wp-json\/wp\/v2\/tags?post=13550"}],"curies":[{"name":"wp","href":"https:\/\/api.w.org\/{rel}","templated":true}]}}