{"id":13553,"date":"2026-09-05T03:51:25","date_gmt":"2026-09-05T01:51:25","guid":{"rendered":"https:\/\/www.pogotowieflagowe.pl\/aktualne\/czy-spotkanie-juraty-to-dopiero-poczatek-prezydent-mamy-praktycznie-wszystko-co-potrzebne-do-zbudowania-wspolnoty-narodowej\/"},"modified":"2026-09-05T03:51:26","modified_gmt":"2026-09-05T01:51:26","slug":"czy-spotkanie-juraty-to-dopiero-poczatek-prezydent-mamy-praktycznie-wszystko-co-potrzebne-do-zbudowania-wspolnoty-narodowej","status":"publish","type":"post","link":"https:\/\/www.pogotowieflagowe.pl\/aktualne\/czy-spotkanie-juraty-to-dopiero-poczatek-prezydent-mamy-praktycznie-wszystko-co-potrzebne-do-zbudowania-wspolnoty-narodowej\/","title":{"rendered":"Czy spotkanie Juraty to dopiero pocz\u0105tek? Prezydent: \u201eMamy praktycznie wszystko, co potrzebne do zbudowania wsp\u00f3lnoty narodowej\u201d"},"content":{"rendered":"<div>\n<p class=\"wp-block-paragraph\"><strong>W rezydencji prezydenckiej w Juracie rozpocz\u0119\u0142o si\u0119 dwudniowe wydarzenie \u201eFuture.pl\u201d. Prezydent Karol Nawrocki wraz z \u017con\u0105 Mart\u0105 Nawrock\u0105 powitali ponad 800 os\u00f3b w wieku 18-26 lat. W swoim przem\u00f3wieniu prezydent m\u00f3wi\u0142 m.in. o konieczno\u015bci budowania wsp\u00f3lnoty narodowej i podkre\u015bla\u0142, \u017ce w dzisiejszym \u015bwiecie spo\u0142ecze\u0144stwo dysponuje praktycznie wszystkimi narz\u0119dziami niezb\u0119dnymi do osi\u0105gni\u0119cia tego celu.<\/strong><\/p>\n<p class=\"wp-block-paragraph\">Prezydent Karol Nawrocki podkre\u015bli\u0142, \u017ce g\u0142os m\u0142odych ludzi jest dla niego wa\u017cny. M\u00f3wi\u0142, \u017ce b\u0119d\u0105c dyrektorem Muzeum II Wojny \u015awiatowej, powo\u0142a\u0142 Rad\u0119 M\u0142odzie\u017cy, aby pozna\u0107 zdanie m\u0142odych ludzi. Po obj\u0119ciu funkcji prezesa IPN by\u0142 inicjatorem Kongres\u00f3w Pami\u0119ci Narodowej.<\/p>\n<p class=\"wp-block-paragraph\"><strong>&#8222;Nie mo\u017cecie sobie wyobrazi\u0107, ile by\u0142o w\u00f3wczas krytyki i oburzenia. M\u00f3wiono, \u017ce historii Polski XX wieku nie da si\u0119 opowiedzie\u0107 za pomoc\u0105 nowych technologii i \u017ce nie nale\u017cy zmienia\u0107 j\u0119zyka, jakim m\u00f3wimy o naszej przesz\u0142o\u015bci i tera\u017aniejszo\u015bci. Uda\u0142o nam si\u0119 dokona\u0107 prze\u0142omowych rzeczy&#8221;<\/strong> powiedzia\u0142.<\/p>\n<p class=\"wp-block-paragraph\">Podkre\u015bli\u0142, \u017ce dzisiaj wszelka dyskusja o przysz\u0142o\u015bci Polski wyklucza m\u0142odych ludzi <strong>\u201ez pewno\u015bci\u0105 nie jest kompletny.\u201d<\/strong> Doda\u0142, \u017ce w przeciwie\u0144stwie do wielu innych polityk\u00f3w nie mia\u0142 <strong>\u201eluksus (\u2026) mo\u017cliwo\u015bci ok\u0142amywania Ci\u0119 bez ogr\u00f3dek i dzielenia si\u0119 k\u0142amstwami na temat tego, jak b\u0119dzie wygl\u0105da\u0107 przysz\u0142o\u015b\u0107\u201d.<\/strong> Zdaniem Nawrockiego w polityce zdarza si\u0119 to zdecydowanie zbyt cz\u0119sto.<\/p>\n<p class=\"wp-block-paragraph\"><strong>&#8222;Jestem przekonany &#8211; a nawet wiem &#8211; \u017ce nie mog\u0119 Wam powiedzie\u0107, \u017ce najwa\u017cniejszym g\u0142osem b\u0119d\u0105 zawsze i wy\u0142\u0105cznie m\u0142odzi ludzie. Ale zadanie, do kt\u00f3rego Was zapraszam, jest takie, w kt\u00f3rym stawiamy sobie jasny cel. Jako przedstawiciel \u015bredniego pokolenia odpowiadam za budowanie przysz\u0142o\u015bci Polski mocnym i wyra\u017anie s\u0142yszalnym g\u0142osem m\u0142odych ludzi, szanuj\u0105c jednocze\u015bnie tych, od kt\u00f3rych mo\u017cemy si\u0119 uczy\u0107, bo s\u0105 bardziej do\u015bwiadczeni i starsi od nas. Tylko jednoczenie pokole\u0144 daje nam si\u0142\u0119, rozw\u00f3j i \u015bwiadomo\u015b\u0107, \u017ce idziemy w przysz\u0142o\u015b\u0107.&#8221;<\/strong> powiedzia\u0142.<\/p>\n<p class=\"wp-block-paragraph\"><strong>\u201eDlatego tak d\u0142ugo, jak b\u0119d\u0119 prezydentem, b\u0119d\u0119 przy podejmowaniu decyzji s\u0142ucha\u0107 m\u0142odych ludzi i gwarantuj\u0119 to Pa\u0144stwu\u201d<\/strong> o\u015bwiadczy\u0142.<\/p>\n<h2 class=\"wp-block-heading\">Wzmocnienie pozycji m\u0142odzie\u017cy<\/h2>\n<p class=\"wp-block-paragraph\">Jak zauwa\u017cy\u0142, jednym z problem\u00f3w stoj\u0105cych przed m\u0142odymi lud\u017ami jest brak poczucia sprawstwa.<\/p>\n<p class=\"wp-block-paragraph\"><strong>&#8222;M\u0142odzi ludzie nie czuj\u0105, \u017ce maj\u0105 wp\u0142yw na to, jak Polska b\u0119dzie wygl\u0105da\u0107 dzisiaj i jak b\u0119dzie wygl\u0105da\u0107 za dziesi\u0119\u0107 lat. Ja te\u017c zosta\u0142em prezydentem, \u017ceby to zmieni\u0107 &#8211; \u017ceby m\u0142odzi ludzie mogli zyska\u0107 poczucie w\u0142asnej warto\u015bci. Je\u015bli chodzi o ustawodawstwo analizowane dla mnie przez Rad\u0119 M\u0142odzie\u017cy, jak i inicjatywy legislacyjne, musimy si\u0119 wzajemnie s\u0142ysze\u0107 i rozumie\u0107. A jako prezydent Polski musz\u0119 Ci\u0119 s\u0142ucha\u0107. Dlatego zaprosi\u0142em Ci\u0119 do Juraty.&#8221;<\/strong> powiedzia\u0142.<\/p>\n<h2 class=\"wp-block-heading\">Budowanie wsp\u00f3lnoty narodowej<\/h2>\n<p class=\"wp-block-paragraph\">Prezydent powiedzia\u0142, \u017ce w XXI w. <strong>\u201eTracimy z oczu to, co pi\u0119kne \u2013 co doprowadzi\u0142o nas do zwyci\u0119stwa, wolno\u015bci, demokracji i wolno\u015bci s\u0142owa\u201d.<\/strong><\/p>\n<p class=\"wp-block-paragraph\"><strong>&#8222;W sierpniu trzeba to powiedzie\u0107. Gdzie\u015b po drodze gubimy idea\u0142y wielkiej \u201eSolidarno\u015bci&#8221; z sierpnia 1980 r. Ma to swoje odzwierciedlenie tak\u017ce w ocenach sytuacji m\u0142odych ludzi. To nie tylko utrata \u201eSolidarno\u015bci&#8221; z sierpnia 1980 r., ale tak\u017ce fakt, \u017ce dzi\u015b zar\u00f3wno m\u0142odzi, jak i starsi ludzie maj\u0105 problem z budowaniem mniejszych i wi\u0119kszych wsp\u00f3lnot&#8221;<\/strong> powiedzia\u0142.<\/p>\n<figure class=\"wp-block-embed is-type-rich is-provider-x wp-block-embed-x\"\/>\n<p class=\"wp-block-paragraph\">Nawrocki podkre\u015bli\u0142, \u017ce Polacy pokazali ju\u017c, \u017ce potrafi\u0105 zbudowa\u0107 siln\u0105 wsp\u00f3lnot\u0119 narodow\u0105 nawet bez dost\u0119pnych dzi\u015b nowoczesnych narz\u0119dzi komunikacji.<\/p>\n<p class=\"wp-block-paragraph\"><strong>&#8222;Zastanawiam si\u0119, bo jako nar\u00f3d jeste\u015bmy w stanie to zrobi\u0107. Wyobra\u017acie sobie, \u017ce w 1980 roku nie by\u0142o komunikator\u00f3w, WhatsApp, SMS-\u00f3w i telefon\u00f3w kom\u00f3rkowych, a mimo to uda\u0142o nam si\u0119 zbudowa\u0107 wielk\u0105 \u201eSolidarno\u015b\u0107&#8221;, kt\u00f3ra doprowadzi\u0142a nas do wolno\u015bci. Dzi\u015b mamy w zasadzie wszystko, czego potrzebujemy, aby w ci\u0105gu kilku sekund lub minut komunikowa\u0107 si\u0119 za po\u015brednictwem film\u00f3w, medi\u00f3w spo\u0142eczno\u015bciowych i innych platform komunikacyjnych. Chcia\u0142bym, aby to spotkanie by\u0142o tak\u017ce nasz\u0105 drog\u0105 do budowania wsp\u00f3lnoty narodowej mi\u0119dzy pokoleniami \u2013 m\u0142odszego pokolenia, kt\u00f3re reprezentujecie, \u015bredniego szczebla pokolenie, kt\u00f3re reprezentuj\u0119, i pokolenie starsze ode mnie, ale chcia\u0142bym te\u017c, aby to spotkanie i spotkania, kt\u00f3re po nim nast\u0105pi\u0105, da\u0142y nam szans\u0119 na zbudowanie silnej Rzeczypospolitej, \u015bwiadomej swoich cel\u00f3w i swoich zobowi\u0105za\u0144.<\/strong> powiedzia\u0142.<\/p>\n<figure class=\"wp-block-embed is-type-rich is-provider-x wp-block-embed-x\"\/>\n<\/div>\n","protected":false},"excerpt":{"rendered":"<p>W rezydencji prezydenckiej w Juracie rozpocz\u0119\u0142o si\u0119 dwudniowe wydarzenie \u201eFuture.pl\u201d. Prezydent Karol Nawrocki wraz z \u017con\u0105 Mart\u0105 Nawrock\u0105 powitali ponad<\/p>\n","protected":false},"author":1,"featured_media":13554,"comment_status":"open","ping_status":"open","sticky":false,"template":"","format":"standard","meta":{"footnotes":""},"categories":[4748],"tags":[501,7195,14380,3461,3667,7290,2953,12763,341,1700,13138,4769,14381],"class_list":["post-13553","post","type-post","status-publish","format-standard","has-post-thumbnail","hentry","category-aktualne","tag-czy","tag-dopiero","tag-juraty","tag-mamy","tag-narodowej","tag-poczatek","tag-potrzebne","tag-praktycznie","tag-prezydent","tag-spotkanie","tag-wspolnoty","tag-wszystko","tag-zbudowania","generate-columns","tablet-grid-50","mobile-grid-100","grid-parent","grid-50","resize-featured-image"],"yoast_head":"<!-- This site is optimized with the Yoast SEO plugin v23.2 - https:\/\/yoast.com\/wordpress\/plugins\/seo\/ -->\n<title>Czy spotkanie Juraty to dopiero pocz\u0105tek? Prezydent: \u201eMamy praktycznie wszystko, co potrzebne do zbudowania wsp\u00f3lnoty narodowej\u201d - POGOTOWIE FLAGOWE\u00ae<\/title>\n<meta name=\"robots\" content=\"index, follow, max-snippet:-1, max-image-preview:large, max-video-preview:-1\" \/>\n<link rel=\"canonical\" href=\"https:\/\/www.pogotowieflagowe.pl\/aktualne\/czy-spotkanie-juraty-to-dopiero-poczatek-prezydent-mamy-praktycznie-wszystko-co-potrzebne-do-zbudowania-wspolnoty-narodowej\/\" \/>\n<meta property=\"og:locale\" content=\"pl_PL\" \/>\n<meta property=\"og:type\" content=\"article\" \/>\n<meta property=\"og:title\" content=\"Czy spotkanie Juraty to dopiero pocz\u0105tek? Prezydent: \u201eMamy praktycznie wszystko, co potrzebne do zbudowania wsp\u00f3lnoty narodowej\u201d - POGOTOWIE FLAGOWE\u00ae\" \/>\n<meta property=\"og:description\" content=\"W rezydencji prezydenckiej w Juracie rozpocz\u0119\u0142o si\u0119 dwudniowe wydarzenie \u201eFuture.pl\u201d. Prezydent Karol Nawrocki wraz z \u017con\u0105 Mart\u0105 Nawrock\u0105 powitali ponad\" \/>\n<meta property=\"og:url\" content=\"https:\/\/www.pogotowieflagowe.pl\/aktualne\/czy-spotkanie-juraty-to-dopiero-poczatek-prezydent-mamy-praktycznie-wszystko-co-potrzebne-do-zbudowania-wspolnoty-narodowej\/\" \/>\n<meta property=\"og:site_name\" content=\"POGOTOWIE FLAGOWE\u00ae\" \/>\n<meta property=\"article:published_time\" content=\"2026-09-05T01:51:25+00:00\" \/>\n<meta property=\"article:modified_time\" content=\"2026-09-05T01:51:26+00:00\" \/>\n<meta property=\"og:image\" content=\"https:\/\/www.pogotowieflagowe.pl\/aktualne\/wp-content\/uploads\/2026\/09\/Czy-spotkanie-Juraty-to-dopiero-poczatek-Prezydent-\u201eMamy-praktycznie-wszystko.webp\" \/>\n\t<meta property=\"og:image:width\" content=\"1280\" \/>\n\t<meta property=\"og:image:height\" content=\"719\" \/>\n\t<meta property=\"og:image:type\" content=\"image\/webp\" \/>\n<meta name=\"author\" content=\"Filip\" \/>\n<meta name=\"twitter:card\" content=\"summary_large_image\" \/>\n<meta name=\"twitter:label1\" content=\"Napisane przez\" \/>\n\t<meta name=\"twitter:data1\" content=\"Filip\" \/>\n\t<meta name=\"twitter:label2\" content=\"Szacowany czas czytania\" \/>\n\t<meta name=\"twitter:data2\" content=\"4 minuty\" \/>\n<script type=\"application\/ld+json\" class=\"yoast-schema-graph\">{\"@context\":\"https:\/\/schema.org\",\"@graph\":[{\"@type\":\"Article\",\"@id\":\"https:\/\/www.pogotowieflagowe.pl\/aktualne\/czy-spotkanie-juraty-to-dopiero-poczatek-prezydent-mamy-praktycznie-wszystko-co-potrzebne-do-zbudowania-wspolnoty-narodowej\/#article\",\"isPartOf\":{\"@id\":\"https:\/\/www.pogotowieflagowe.pl\/aktualne\/czy-spotkanie-juraty-to-dopiero-poczatek-prezydent-mamy-praktycznie-wszystko-co-potrzebne-do-zbudowania-wspolnoty-narodowej\/\"},\"author\":{\"name\":\"Filip\",\"@id\":\"https:\/\/www.pogotowieflagowe.pl\/aktualne\/#\/schema\/person\/9c2fb7d2362ebf6fa088960d7f0d27b0\"},\"headline\":\"Czy spotkanie Juraty to dopiero pocz\u0105tek? Prezydent: \u201eMamy praktycznie wszystko, co potrzebne do zbudowania wsp\u00f3lnoty narodowej\u201d\",\"datePublished\":\"2026-09-05T01:51:25+00:00\",\"dateModified\":\"2026-09-05T01:51:26+00:00\",\"mainEntityOfPage\":{\"@id\":\"https:\/\/www.pogotowieflagowe.pl\/aktualne\/czy-spotkanie-juraty-to-dopiero-poczatek-prezydent-mamy-praktycznie-wszystko-co-potrzebne-do-zbudowania-wspolnoty-narodowej\/\"},\"wordCount\":764,\"commentCount\":0,\"publisher\":{\"@id\":\"https:\/\/www.pogotowieflagowe.pl\/aktualne\/#organization\"},\"image\":{\"@id\":\"https:\/\/www.pogotowieflagowe.pl\/aktualne\/czy-spotkanie-juraty-to-dopiero-poczatek-prezydent-mamy-praktycznie-wszystko-co-potrzebne-do-zbudowania-wspolnoty-narodowej\/#primaryimage\"},\"thumbnailUrl\":\"https:\/\/www.pogotowieflagowe.pl\/aktualne\/wp-content\/uploads\/2026\/09\/Czy-spotkanie-Juraty-to-dopiero-poczatek-Prezydent-\u201eMamy-praktycznie-wszystko.webp\",\"keywords\":[\"Czy\",\"dopiero\",\"Juraty\",\"Mamy\",\"narodowej\",\"pocz\u0105tek\",\"potrzebne\",\"praktycznie\",\"Prezydent\",\"Spotkanie\",\"wsp\u00f3lnoty\",\"wszystko\",\"zbudowania\"],\"articleSection\":[\"Aktualne\"],\"inLanguage\":\"pl-PL\",\"potentialAction\":[{\"@type\":\"CommentAction\",\"name\":\"Comment\",\"target\":[\"https:\/\/www.pogotowieflagowe.pl\/aktualne\/czy-spotkanie-juraty-to-dopiero-poczatek-prezydent-mamy-praktycznie-wszystko-co-potrzebne-do-zbudowania-wspolnoty-narodowej\/#respond\"]}]},{\"@type\":\"WebPage\",\"@id\":\"https:\/\/www.pogotowieflagowe.pl\/aktualne\/czy-spotkanie-juraty-to-dopiero-poczatek-prezydent-mamy-praktycznie-wszystko-co-potrzebne-do-zbudowania-wspolnoty-narodowej\/\",\"url\":\"https:\/\/www.pogotowieflagowe.pl\/aktualne\/czy-spotkanie-juraty-to-dopiero-poczatek-prezydent-mamy-praktycznie-wszystko-co-potrzebne-do-zbudowania-wspolnoty-narodowej\/\",\"name\":\"Czy spotkanie Juraty to dopiero pocz\u0105tek? Prezydent: \u201eMamy praktycznie wszystko, co potrzebne do zbudowania wsp\u00f3lnoty narodowej\u201d - POGOTOWIE FLAGOWE\u00ae\",\"isPartOf\":{\"@id\":\"https:\/\/www.pogotowieflagowe.pl\/aktualne\/#website\"},\"primaryImageOfPage\":{\"@id\":\"https:\/\/www.pogotowieflagowe.pl\/aktualne\/czy-spotkanie-juraty-to-dopiero-poczatek-prezydent-mamy-praktycznie-wszystko-co-potrzebne-do-zbudowania-wspolnoty-narodowej\/#primaryimage\"},\"image\":{\"@id\":\"https:\/\/www.pogotowieflagowe.pl\/aktualne\/czy-spotkanie-juraty-to-dopiero-poczatek-prezydent-mamy-praktycznie-wszystko-co-potrzebne-do-zbudowania-wspolnoty-narodowej\/#primaryimage\"},\"thumbnailUrl\":\"https:\/\/www.pogotowieflagowe.pl\/aktualne\/wp-content\/uploads\/2026\/09\/Czy-spotkanie-Juraty-to-dopiero-poczatek-Prezydent-\u201eMamy-praktycznie-wszystko.webp\",\"datePublished\":\"2026-09-05T01:51:25+00:00\",\"dateModified\":\"2026-09-05T01:51:26+00:00\",\"breadcrumb\":{\"@id\":\"https:\/\/www.pogotowieflagowe.pl\/aktualne\/czy-spotkanie-juraty-to-dopiero-poczatek-prezydent-mamy-praktycznie-wszystko-co-potrzebne-do-zbudowania-wspolnoty-narodowej\/#breadcrumb\"},\"inLanguage\":\"pl-PL\",\"potentialAction\":[{\"@type\":\"ReadAction\",\"target\":[\"https:\/\/www.pogotowieflagowe.pl\/aktualne\/czy-spotkanie-juraty-to-dopiero-poczatek-prezydent-mamy-praktycznie-wszystko-co-potrzebne-do-zbudowania-wspolnoty-narodowej\/\"]}]},{\"@type\":\"ImageObject\",\"inLanguage\":\"pl-PL\",\"@id\":\"https:\/\/www.pogotowieflagowe.pl\/aktualne\/czy-spotkanie-juraty-to-dopiero-poczatek-prezydent-mamy-praktycznie-wszystko-co-potrzebne-do-zbudowania-wspolnoty-narodowej\/#primaryimage\",\"url\":\"https:\/\/www.pogotowieflagowe.pl\/aktualne\/wp-content\/uploads\/2026\/09\/Czy-spotkanie-Juraty-to-dopiero-poczatek-Prezydent-\u201eMamy-praktycznie-wszystko.webp\",\"contentUrl\":\"https:\/\/www.pogotowieflagowe.pl\/aktualne\/wp-content\/uploads\/2026\/09\/Czy-spotkanie-Juraty-to-dopiero-poczatek-Prezydent-\u201eMamy-praktycznie-wszystko.webp\",\"width\":1280,\"height\":719},{\"@type\":\"BreadcrumbList\",\"@id\":\"https:\/\/www.pogotowieflagowe.pl\/aktualne\/czy-spotkanie-juraty-to-dopiero-poczatek-prezydent-mamy-praktycznie-wszystko-co-potrzebne-do-zbudowania-wspolnoty-narodowej\/#breadcrumb\",\"itemListElement\":[{\"@type\":\"ListItem\",\"position\":1,\"name\":\"Home\",\"item\":\"https:\/\/www.pogotowieflagowe.pl\/aktualne\/\"},{\"@type\":\"ListItem\",\"position\":2,\"name\":\"Czy spotkanie Juraty to dopiero pocz\u0105tek? Prezydent: \u201eMamy praktycznie wszystko, co potrzebne do zbudowania wsp\u00f3lnoty narodowej\u201d\"}]},{\"@type\":\"WebSite\",\"@id\":\"https:\/\/www.pogotowieflagowe.pl\/aktualne\/#website\",\"url\":\"https:\/\/www.pogotowieflagowe.pl\/aktualne\/\",\"name\":\"POGOTOWIE FLAGOWE\u00ae\",\"description\":\"\",\"publisher\":{\"@id\":\"https:\/\/www.pogotowieflagowe.pl\/aktualne\/#organization\"},\"potentialAction\":[{\"@type\":\"SearchAction\",\"target\":{\"@type\":\"EntryPoint\",\"urlTemplate\":\"https:\/\/www.pogotowieflagowe.pl\/aktualne\/?s={search_term_string}\"},\"query-input\":\"required name=search_term_string\"}],\"inLanguage\":\"pl-PL\"},{\"@type\":\"Organization\",\"@id\":\"https:\/\/www.pogotowieflagowe.pl\/aktualne\/#organization\",\"name\":\"POGOTOWIE FLAGOWE\u00ae\",\"url\":\"https:\/\/www.pogotowieflagowe.pl\/aktualne\/\",\"logo\":{\"@type\":\"ImageObject\",\"inLanguage\":\"pl-PL\",\"@id\":\"https:\/\/www.pogotowieflagowe.pl\/aktualne\/#\/schema\/logo\/image\/\",\"url\":\"https:\/\/www.pogotowieflagowe.pl\/aktualne\/wp-content\/uploads\/2024\/08\/cropped-pogotowieflagowe_flaga_projekt_sm.jpg\",\"contentUrl\":\"https:\/\/www.pogotowieflagowe.pl\/aktualne\/wp-content\/uploads\/2024\/08\/cropped-pogotowieflagowe_flaga_projekt_sm.jpg\",\"width\":250,\"height\":143,\"caption\":\"POGOTOWIE FLAGOWE\u00ae\"},\"image\":{\"@id\":\"https:\/\/www.pogotowieflagowe.pl\/aktualne\/#\/schema\/logo\/image\/\"}},{\"@type\":\"Person\",\"@id\":\"https:\/\/www.pogotowieflagowe.pl\/aktualne\/#\/schema\/person\/9c2fb7d2362ebf6fa088960d7f0d27b0\",\"name\":\"Filip\",\"image\":{\"@type\":\"ImageObject\",\"inLanguage\":\"pl-PL\",\"@id\":\"https:\/\/www.pogotowieflagowe.pl\/aktualne\/#\/schema\/person\/image\/\",\"url\":\"https:\/\/www.pogotowieflagowe.pl\/aktualne\/wp-content\/uploads\/2024\/08\/pogotowieflagowe.pl_.jpg\",\"contentUrl\":\"https:\/\/www.pogotowieflagowe.pl\/aktualne\/wp-content\/uploads\/2024\/08\/pogotowieflagowe.pl_.jpg\",\"caption\":\"Filip\"},\"description\":\"Jestem Filip, polski dziennikarz z dyplomem nauk politycznych Uniwersytetu Warszawskiego. Rozpoczynaj\u0105c swoj\u0105 karier\u0119 w r\u00f3\u017cnych lokalnych mediach, zdoby\u0142em solidne do\u015bwiadczenie w zakresie \u015bledztwa i redakcji. Obecnie jako redaktor w Pogotowie flagowe, staram si\u0119 dostarcza\u0107 dog\u0142\u0119bne i istotne analizy na temat najwa\u017cniejszych kwestii aktualno\u015bci, \u0142\u0105cz\u0105c rygor z pasj\u0105 dziennikarsk\u0105.\",\"sameAs\":[\"https:\/\/www.pogotowieflagowe.pl\/\"]}]}<\/script>\n<!-- \/ Yoast SEO plugin. -->","yoast_head_json":{"title":"Czy spotkanie Juraty to dopiero pocz\u0105tek? Prezydent: \u201eMamy praktycznie wszystko, co potrzebne do zbudowania wsp\u00f3lnoty narodowej\u201d - POGOTOWIE FLAGOWE\u00ae","robots":{"index":"index","follow":"follow","max-snippet":"max-snippet:-1","max-image-preview":"max-image-preview:large","max-video-preview":"max-video-preview:-1"},"canonical":"https:\/\/www.pogotowieflagowe.pl\/aktualne\/czy-spotkanie-juraty-to-dopiero-poczatek-prezydent-mamy-praktycznie-wszystko-co-potrzebne-do-zbudowania-wspolnoty-narodowej\/","og_locale":"pl_PL","og_type":"article","og_title":"Czy spotkanie Juraty to dopiero pocz\u0105tek? Prezydent: \u201eMamy praktycznie wszystko, co potrzebne do zbudowania wsp\u00f3lnoty narodowej\u201d - POGOTOWIE FLAGOWE\u00ae","og_description":"W rezydencji prezydenckiej w Juracie rozpocz\u0119\u0142o si\u0119 dwudniowe wydarzenie \u201eFuture.pl\u201d. Prezydent Karol Nawrocki wraz z \u017con\u0105 Mart\u0105 Nawrock\u0105 powitali ponad","og_url":"https:\/\/www.pogotowieflagowe.pl\/aktualne\/czy-spotkanie-juraty-to-dopiero-poczatek-prezydent-mamy-praktycznie-wszystko-co-potrzebne-do-zbudowania-wspolnoty-narodowej\/","og_site_name":"POGOTOWIE FLAGOWE\u00ae","article_published_time":"2026-09-05T01:51:25+00:00","article_modified_time":"2026-09-05T01:51:26+00:00","og_image":[{"width":1280,"height":719,"url":"https:\/\/www.pogotowieflagowe.pl\/aktualne\/wp-content\/uploads\/2026\/09\/Czy-spotkanie-Juraty-to-dopiero-poczatek-Prezydent-\u201eMamy-praktycznie-wszystko.webp","type":"image\/webp"}],"author":"Filip","twitter_card":"summary_large_image","twitter_misc":{"Napisane przez":"Filip","Szacowany czas czytania":"4 minuty"},"schema":{"@context":"https:\/\/schema.org","@graph":[{"@type":"Article","@id":"https:\/\/www.pogotowieflagowe.pl\/aktualne\/czy-spotkanie-juraty-to-dopiero-poczatek-prezydent-mamy-praktycznie-wszystko-co-potrzebne-do-zbudowania-wspolnoty-narodowej\/#article","isPartOf":{"@id":"https:\/\/www.pogotowieflagowe.pl\/aktualne\/czy-spotkanie-juraty-to-dopiero-poczatek-prezydent-mamy-praktycznie-wszystko-co-potrzebne-do-zbudowania-wspolnoty-narodowej\/"},"author":{"name":"Filip","@id":"https:\/\/www.pogotowieflagowe.pl\/aktualne\/#\/schema\/person\/9c2fb7d2362ebf6fa088960d7f0d27b0"},"headline":"Czy spotkanie Juraty to dopiero pocz\u0105tek? Prezydent: \u201eMamy praktycznie wszystko, co potrzebne do zbudowania wsp\u00f3lnoty narodowej\u201d","datePublished":"2026-09-05T01:51:25+00:00","dateModified":"2026-09-05T01:51:26+00:00","mainEntityOfPage":{"@id":"https:\/\/www.pogotowieflagowe.pl\/aktualne\/czy-spotkanie-juraty-to-dopiero-poczatek-prezydent-mamy-praktycznie-wszystko-co-potrzebne-do-zbudowania-wspolnoty-narodowej\/"},"wordCount":764,"commentCount":0,"publisher":{"@id":"https:\/\/www.pogotowieflagowe.pl\/aktualne\/#organization"},"image":{"@id":"https:\/\/www.pogotowieflagowe.pl\/aktualne\/czy-spotkanie-juraty-to-dopiero-poczatek-prezydent-mamy-praktycznie-wszystko-co-potrzebne-do-zbudowania-wspolnoty-narodowej\/#primaryimage"},"thumbnailUrl":"https:\/\/www.pogotowieflagowe.pl\/aktualne\/wp-content\/uploads\/2026\/09\/Czy-spotkanie-Juraty-to-dopiero-poczatek-Prezydent-\u201eMamy-praktycznie-wszystko.webp","keywords":["Czy","dopiero","Juraty","Mamy","narodowej","pocz\u0105tek","potrzebne","praktycznie","Prezydent","Spotkanie","wsp\u00f3lnoty","wszystko","zbudowania"],"articleSection":["Aktualne"],"inLanguage":"pl-PL","potentialAction":[{"@type":"CommentAction","name":"Comment","target":["https:\/\/www.pogotowieflagowe.pl\/aktualne\/czy-spotkanie-juraty-to-dopiero-poczatek-prezydent-mamy-praktycznie-wszystko-co-potrzebne-do-zbudowania-wspolnoty-narodowej\/#respond"]}]},{"@type":"WebPage","@id":"https:\/\/www.pogotowieflagowe.pl\/aktualne\/czy-spotkanie-juraty-to-dopiero-poczatek-prezydent-mamy-praktycznie-wszystko-co-potrzebne-do-zbudowania-wspolnoty-narodowej\/","url":"https:\/\/www.pogotowieflagowe.pl\/aktualne\/czy-spotkanie-juraty-to-dopiero-poczatek-prezydent-mamy-praktycznie-wszystko-co-potrzebne-do-zbudowania-wspolnoty-narodowej\/","name":"Czy spotkanie Juraty to dopiero pocz\u0105tek? Prezydent: \u201eMamy praktycznie wszystko, co potrzebne do zbudowania wsp\u00f3lnoty narodowej\u201d - POGOTOWIE FLAGOWE\u00ae","isPartOf":{"@id":"https:\/\/www.pogotowieflagowe.pl\/aktualne\/#website"},"primaryImageOfPage":{"@id":"https:\/\/www.pogotowieflagowe.pl\/aktualne\/czy-spotkanie-juraty-to-dopiero-poczatek-prezydent-mamy-praktycznie-wszystko-co-potrzebne-do-zbudowania-wspolnoty-narodowej\/#primaryimage"},"image":{"@id":"https:\/\/www.pogotowieflagowe.pl\/aktualne\/czy-spotkanie-juraty-to-dopiero-poczatek-prezydent-mamy-praktycznie-wszystko-co-potrzebne-do-zbudowania-wspolnoty-narodowej\/#primaryimage"},"thumbnailUrl":"https:\/\/www.pogotowieflagowe.pl\/aktualne\/wp-content\/uploads\/2026\/09\/Czy-spotkanie-Juraty-to-dopiero-poczatek-Prezydent-\u201eMamy-praktycznie-wszystko.webp","datePublished":"2026-09-05T01:51:25+00:00","dateModified":"2026-09-05T01:51:26+00:00","breadcrumb":{"@id":"https:\/\/www.pogotowieflagowe.pl\/aktualne\/czy-spotkanie-juraty-to-dopiero-poczatek-prezydent-mamy-praktycznie-wszystko-co-potrzebne-do-zbudowania-wspolnoty-narodowej\/#breadcrumb"},"inLanguage":"pl-PL","potentialAction":[{"@type":"ReadAction","target":["https:\/\/www.pogotowieflagowe.pl\/aktualne\/czy-spotkanie-juraty-to-dopiero-poczatek-prezydent-mamy-praktycznie-wszystko-co-potrzebne-do-zbudowania-wspolnoty-narodowej\/"]}]},{"@type":"ImageObject","inLanguage":"pl-PL","@id":"https:\/\/www.pogotowieflagowe.pl\/aktualne\/czy-spotkanie-juraty-to-dopiero-poczatek-prezydent-mamy-praktycznie-wszystko-co-potrzebne-do-zbudowania-wspolnoty-narodowej\/#primaryimage","url":"https:\/\/www.pogotowieflagowe.pl\/aktualne\/wp-content\/uploads\/2026\/09\/Czy-spotkanie-Juraty-to-dopiero-poczatek-Prezydent-\u201eMamy-praktycznie-wszystko.webp","contentUrl":"https:\/\/www.pogotowieflagowe.pl\/aktualne\/wp-content\/uploads\/2026\/09\/Czy-spotkanie-Juraty-to-dopiero-poczatek-Prezydent-\u201eMamy-praktycznie-wszystko.webp","width":1280,"height":719},{"@type":"BreadcrumbList","@id":"https:\/\/www.pogotowieflagowe.pl\/aktualne\/czy-spotkanie-juraty-to-dopiero-poczatek-prezydent-mamy-praktycznie-wszystko-co-potrzebne-do-zbudowania-wspolnoty-narodowej\/#breadcrumb","itemListElement":[{"@type":"ListItem","position":1,"name":"Home","item":"https:\/\/www.pogotowieflagowe.pl\/aktualne\/"},{"@type":"ListItem","position":2,"name":"Czy spotkanie Juraty to dopiero pocz\u0105tek? Prezydent: \u201eMamy praktycznie wszystko, co potrzebne do zbudowania wsp\u00f3lnoty narodowej\u201d"}]},{"@type":"WebSite","@id":"https:\/\/www.pogotowieflagowe.pl\/aktualne\/#website","url":"https:\/\/www.pogotowieflagowe.pl\/aktualne\/","name":"POGOTOWIE FLAGOWE\u00ae","description":"","publisher":{"@id":"https:\/\/www.pogotowieflagowe.pl\/aktualne\/#organization"},"potentialAction":[{"@type":"SearchAction","target":{"@type":"EntryPoint","urlTemplate":"https:\/\/www.pogotowieflagowe.pl\/aktualne\/?s={search_term_string}"},"query-input":"required name=search_term_string"}],"inLanguage":"pl-PL"},{"@type":"Organization","@id":"https:\/\/www.pogotowieflagowe.pl\/aktualne\/#organization","name":"POGOTOWIE FLAGOWE\u00ae","url":"https:\/\/www.pogotowieflagowe.pl\/aktualne\/","logo":{"@type":"ImageObject","inLanguage":"pl-PL","@id":"https:\/\/www.pogotowieflagowe.pl\/aktualne\/#\/schema\/logo\/image\/","url":"https:\/\/www.pogotowieflagowe.pl\/aktualne\/wp-content\/uploads\/2024\/08\/cropped-pogotowieflagowe_flaga_projekt_sm.jpg","contentUrl":"https:\/\/www.pogotowieflagowe.pl\/aktualne\/wp-content\/uploads\/2024\/08\/cropped-pogotowieflagowe_flaga_projekt_sm.jpg","width":250,"height":143,"caption":"POGOTOWIE FLAGOWE\u00ae"},"image":{"@id":"https:\/\/www.pogotowieflagowe.pl\/aktualne\/#\/schema\/logo\/image\/"}},{"@type":"Person","@id":"https:\/\/www.pogotowieflagowe.pl\/aktualne\/#\/schema\/person\/9c2fb7d2362ebf6fa088960d7f0d27b0","name":"Filip","image":{"@type":"ImageObject","inLanguage":"pl-PL","@id":"https:\/\/www.pogotowieflagowe.pl\/aktualne\/#\/schema\/person\/image\/","url":"https:\/\/www.pogotowieflagowe.pl\/aktualne\/wp-content\/uploads\/2024\/08\/pogotowieflagowe.pl_.jpg","contentUrl":"https:\/\/www.pogotowieflagowe.pl\/aktualne\/wp-content\/uploads\/2024\/08\/pogotowieflagowe.pl_.jpg","caption":"Filip"},"description":"Jestem Filip, polski dziennikarz z dyplomem nauk politycznych Uniwersytetu Warszawskiego. Rozpoczynaj\u0105c swoj\u0105 karier\u0119 w r\u00f3\u017cnych lokalnych mediach, zdoby\u0142em solidne do\u015bwiadczenie w zakresie \u015bledztwa i redakcji. Obecnie jako redaktor w Pogotowie flagowe, staram si\u0119 dostarcza\u0107 dog\u0142\u0119bne i istotne analizy na temat najwa\u017cniejszych kwestii aktualno\u015bci, \u0142\u0105cz\u0105c rygor z pasj\u0105 dziennikarsk\u0105.","sameAs":["https:\/\/www.pogotowieflagowe.pl\/"]}]}},"_links":{"self":[{"href":"https:\/\/www.pogotowieflagowe.pl\/aktualne\/wp-json\/wp\/v2\/posts\/13553","targetHints":{"allow":["GET"]}}],"collection":[{"href":"https:\/\/www.pogotowieflagowe.pl\/aktualne\/wp-json\/wp\/v2\/posts"}],"about":[{"href":"https:\/\/www.pogotowieflagowe.pl\/aktualne\/wp-json\/wp\/v2\/types\/post"}],"author":[{"embeddable":true,"href":"https:\/\/www.pogotowieflagowe.pl\/aktualne\/wp-json\/wp\/v2\/users\/1"}],"replies":[{"embeddable":true,"href":"https:\/\/www.pogotowieflagowe.pl\/aktualne\/wp-json\/wp\/v2\/comments?post=13553"}],"version-history":[{"count":1,"href":"https:\/\/www.pogotowieflagowe.pl\/aktualne\/wp-json\/wp\/v2\/posts\/13553\/revisions"}],"predecessor-version":[{"id":13555,"href":"https:\/\/www.pogotowieflagowe.pl\/aktualne\/wp-json\/wp\/v2\/posts\/13553\/revisions\/13555"}],"wp:featuredmedia":[{"embeddable":true,"href":"https:\/\/www.pogotowieflagowe.pl\/aktualne\/wp-json\/wp\/v2\/media\/13554"}],"wp:attachment":[{"href":"https:\/\/www.pogotowieflagowe.pl\/aktualne\/wp-json\/wp\/v2\/media?parent=13553"}],"wp:term":[{"taxonomy":"category","embeddable":true,"href":"https:\/\/www.pogotowieflagowe.pl\/aktualne\/wp-json\/wp\/v2\/categories?post=13553"},{"taxonomy":"post_tag","embeddable":true,"href":"https:\/\/www.pogotowieflagowe.pl\/aktualne\/wp-json\/wp\/v2\/tags?post=13553"}],"curies":[{"name":"wp","href":"https:\/\/api.w.org\/{rel}","templated":true}]}}