{"id":13556,"date":"2026-09-05T07:49:57","date_gmt":"2026-09-05T05:49:57","guid":{"rendered":"https:\/\/www.pogotowieflagowe.pl\/aktualne\/prezydent-nawrocki-potwierdza-spotkanie-z-trumpem-ogloszono-wstepna-date\/"},"modified":"2026-09-05T07:49:58","modified_gmt":"2026-09-05T05:49:58","slug":"prezydent-nawrocki-potwierdza-spotkanie-z-trumpem-ogloszono-wstepna-date","status":"publish","type":"post","link":"https:\/\/www.pogotowieflagowe.pl\/aktualne\/prezydent-nawrocki-potwierdza-spotkanie-z-trumpem-ogloszono-wstepna-date\/","title":{"rendered":"Prezydent Nawrocki potwierdza spotkanie z Trumpem. Og\u0142oszono wst\u0119pn\u0105 dat\u0119"},"content":{"rendered":"<div>\n<p class=\"wp-block-paragraph\">Prezydent Karol Nawrocki zapowiedzia\u0142, \u017ce spotka si\u0119 z prezydentem USA Donaldem Trumpem podczas grudniowego szczytu G20 na Florydzie. \u201eNa pewno spotkamy si\u0119 w grudniu\u201d \u2013 powiedzia\u0142 podczas odprawy w Warszawie. Podkre\u015bli\u0142, \u017ce wsp\u00f3\u0142praca Polski ze Stanami Zjednoczonymi przebiega \u201ebardzo regularnie\u201d, a jego relacje z ameryka\u0144skim prezydentem przynios\u0142y dotychczas \u201ewiele rezultat\u00f3w\u201d.<\/p>\n<p class=\"wp-block-paragraph\">Podczas konferencji prasowej w Warszawie zapytano prezydenta, czy planowana na grudzie\u0144 wizyta w Stanach Zjednoczonych na szczycie G20 mo\u017ce przynie\u015b\u0107 konkretne rezultaty.<\/p>\n<p class=\"wp-block-paragraph\">Nawrocki odpowiedzia\u0142, \u017ce jego \u201ebie\u017c\u0105ce relacje z prezydentem Donaldem Trumpem\u201d, kt\u00f3re, jak zaznaczy\u0142, przynios\u0142y ju\u017c wiele rezultat\u00f3w, \u201ezostan\u0105 po prostu odnowione w grudniu\u201d. Podkre\u015bli\u0142 tak\u017ce, \u017ce wsp\u00f3\u0142praca Polski ze Stanami Zjednoczonymi \u201ejest bardzo regularna\u201d.<\/p>\n<p class=\"wp-block-paragraph\">Zapytany, czy mia\u0142by okazj\u0119 spotka\u0107 si\u0119 z Trumpem podczas jego wrze\u015bniowej wizyty w Stanach Zjednoczonych, kiedy ma on wzi\u0105\u0107 udzia\u0142 w Debacie Generalnej 81. sesji Zgromadzenia Og\u00f3lnego ONZ w Nowym Jorku, Nawrocki odpowiedzia\u0142:<\/p>\n<p class=\"wp-block-paragraph\">&#8222;Nie wiem. Na dzie\u0144 dzisiejszy nie ma takich plan\u00f3w (&#8230;), wi\u0119c by\u0107 mo\u017ce spotkamy si\u0119 spontanicznie, ale na pewno spotkamy si\u0119 w grudniu.&#8221;<\/p>\n<p class=\"wp-block-paragraph\">\u201eJe\u015bli zmierzamy w kierunku sta\u0142ych baz ameryka\u0144skich i je\u015bli dzi\u0119ki zaproszeniu prezydenta Trumpa we\u017amiemy udzia\u0142 w szczycie G20, to uwa\u017cam, \u017ce wszystko jest pod kontrol\u0105\u201d \u2013 powiedzia\u0142.<\/p>\n<p class=\"wp-block-paragraph\">Stany Zjednoczone sprawuj\u0105 w tym roku przewodnictwo w G20, grupie zrzeszaj\u0105cej najwi\u0119ksze gospodarki \u015bwiata. Polska tak\u017ce uczestniczy w spotkaniach odbywaj\u0105cych si\u0119 w tym formacie. Tegoroczny szczyt G20 odb\u0119dzie si\u0119 w dniach 14\u201315 grudnia w Trump National Doral Miami na Florydzie, a gospodarzem b\u0119dzie prezydent USA.<\/p>\n<p class=\"wp-block-paragraph\">Obejmuj\u0105c tegoroczne przewodnictwo w G20, sekretarz stanu USA Marco Rubio og\u0142osi\u0142, \u017ce \u201ePolska, nar\u00f3d niegdy\u015b uwi\u0119ziony za \u017celazn\u0105 kurtyn\u0105, a obecnie jedna z 20 najwi\u0119kszych gospodarek \u015bwiata, do\u0142\u0105czy do nas, aby zaj\u0105\u0107 nale\u017cne mu miejsce w G20\u201d.<\/p>\n<\/div>\n","protected":false},"excerpt":{"rendered":"<p>Prezydent Karol Nawrocki zapowiedzia\u0142, \u017ce spotka si\u0119 z prezydentem USA Donaldem Trumpem podczas grudniowego szczytu G20 na Florydzie. \u201eNa pewno<\/p>\n","protected":false},"author":1,"featured_media":12253,"comment_status":"open","ping_status":"open","sticky":false,"template":"","format":"standard","meta":{"footnotes":""},"categories":[44],"tags":[7154,2727,363,4223,341,1700,1974,7134],"class_list":["post-13556","post","type-post","status-publish","format-standard","has-post-thumbnail","hentry","category-polityka","tag-date","tag-nawrocki","tag-ogloszono","tag-potwierdza","tag-prezydent","tag-spotkanie","tag-trumpem","tag-wstepna","generate-columns","tablet-grid-50","mobile-grid-100","grid-parent","grid-50","resize-featured-image"],"yoast_head":"<!-- This site is optimized with the Yoast SEO plugin v23.2 - https:\/\/yoast.com\/wordpress\/plugins\/seo\/ -->\n<title>Prezydent Nawrocki potwierdza spotkanie z Trumpem. Og\u0142oszono wst\u0119pn\u0105 dat\u0119 - POGOTOWIE FLAGOWE\u00ae<\/title>\n<meta name=\"robots\" content=\"index, follow, max-snippet:-1, max-image-preview:large, max-video-preview:-1\" \/>\n<link rel=\"canonical\" href=\"https:\/\/www.pogotowieflagowe.pl\/aktualne\/prezydent-nawrocki-potwierdza-spotkanie-z-trumpem-ogloszono-wstepna-date\/\" \/>\n<meta property=\"og:locale\" content=\"pl_PL\" \/>\n<meta property=\"og:type\" content=\"article\" \/>\n<meta property=\"og:title\" content=\"Prezydent Nawrocki potwierdza spotkanie z Trumpem. Og\u0142oszono wst\u0119pn\u0105 dat\u0119 - POGOTOWIE FLAGOWE\u00ae\" \/>\n<meta property=\"og:description\" content=\"Prezydent Karol Nawrocki zapowiedzia\u0142, \u017ce spotka si\u0119 z prezydentem USA Donaldem Trumpem podczas grudniowego szczytu G20 na Florydzie. \u201eNa pewno\" \/>\n<meta property=\"og:url\" content=\"https:\/\/www.pogotowieflagowe.pl\/aktualne\/prezydent-nawrocki-potwierdza-spotkanie-z-trumpem-ogloszono-wstepna-date\/\" \/>\n<meta property=\"og:site_name\" content=\"POGOTOWIE FLAGOWE\u00ae\" \/>\n<meta property=\"article:published_time\" content=\"2026-09-05T05:49:57+00:00\" \/>\n<meta property=\"article:modified_time\" content=\"2026-09-05T05:49:58+00:00\" \/>\n<meta property=\"og:image\" content=\"https:\/\/www.pogotowieflagowe.pl\/aktualne\/wp-content\/uploads\/2026\/01\/Rozmowy-Trumpa\u2013Nawrockiego-w-Davos-\u201eDziekujemy-za-udane-spotkanie.webp.webp\" \/>\n\t<meta property=\"og:image:width\" content=\"1280\" \/>\n\t<meta property=\"og:image:height\" content=\"720\" \/>\n\t<meta property=\"og:image:type\" content=\"image\/webp\" \/>\n<meta name=\"author\" content=\"Filip\" \/>\n<meta name=\"twitter:card\" content=\"summary_large_image\" \/>\n<meta name=\"twitter:label1\" content=\"Napisane przez\" \/>\n\t<meta name=\"twitter:data1\" content=\"Filip\" \/>\n\t<meta name=\"twitter:label2\" content=\"Szacowany czas czytania\" \/>\n\t<meta name=\"twitter:data2\" content=\"2 minuty\" \/>\n<script type=\"application\/ld+json\" class=\"yoast-schema-graph\">{\"@context\":\"https:\/\/schema.org\",\"@graph\":[{\"@type\":\"Article\",\"@id\":\"https:\/\/www.pogotowieflagowe.pl\/aktualne\/prezydent-nawrocki-potwierdza-spotkanie-z-trumpem-ogloszono-wstepna-date\/#article\",\"isPartOf\":{\"@id\":\"https:\/\/www.pogotowieflagowe.pl\/aktualne\/prezydent-nawrocki-potwierdza-spotkanie-z-trumpem-ogloszono-wstepna-date\/\"},\"author\":{\"name\":\"Filip\",\"@id\":\"https:\/\/www.pogotowieflagowe.pl\/aktualne\/#\/schema\/person\/9c2fb7d2362ebf6fa088960d7f0d27b0\"},\"headline\":\"Prezydent Nawrocki potwierdza spotkanie z Trumpem. Og\u0142oszono wst\u0119pn\u0105 dat\u0119\",\"datePublished\":\"2026-09-05T05:49:57+00:00\",\"dateModified\":\"2026-09-05T05:49:58+00:00\",\"mainEntityOfPage\":{\"@id\":\"https:\/\/www.pogotowieflagowe.pl\/aktualne\/prezydent-nawrocki-potwierdza-spotkanie-z-trumpem-ogloszono-wstepna-date\/\"},\"wordCount\":315,\"commentCount\":0,\"publisher\":{\"@id\":\"https:\/\/www.pogotowieflagowe.pl\/aktualne\/#organization\"},\"image\":{\"@id\":\"https:\/\/www.pogotowieflagowe.pl\/aktualne\/prezydent-nawrocki-potwierdza-spotkanie-z-trumpem-ogloszono-wstepna-date\/#primaryimage\"},\"thumbnailUrl\":\"https:\/\/www.pogotowieflagowe.pl\/aktualne\/wp-content\/uploads\/2026\/01\/Rozmowy-Trumpa\u2013Nawrockiego-w-Davos-\u201eDziekujemy-za-udane-spotkanie.webp.webp\",\"keywords\":[\"dat\u0119\",\"Nawrocki\",\"Og\u0142oszono\",\"potwierdza\",\"Prezydent\",\"Spotkanie\",\"Trumpem\",\"wst\u0119pna\"],\"articleSection\":[\"Polityka\"],\"inLanguage\":\"pl-PL\",\"potentialAction\":[{\"@type\":\"CommentAction\",\"name\":\"Comment\",\"target\":[\"https:\/\/www.pogotowieflagowe.pl\/aktualne\/prezydent-nawrocki-potwierdza-spotkanie-z-trumpem-ogloszono-wstepna-date\/#respond\"]}]},{\"@type\":\"WebPage\",\"@id\":\"https:\/\/www.pogotowieflagowe.pl\/aktualne\/prezydent-nawrocki-potwierdza-spotkanie-z-trumpem-ogloszono-wstepna-date\/\",\"url\":\"https:\/\/www.pogotowieflagowe.pl\/aktualne\/prezydent-nawrocki-potwierdza-spotkanie-z-trumpem-ogloszono-wstepna-date\/\",\"name\":\"Prezydent Nawrocki potwierdza spotkanie z Trumpem. Og\u0142oszono wst\u0119pn\u0105 dat\u0119 - POGOTOWIE FLAGOWE\u00ae\",\"isPartOf\":{\"@id\":\"https:\/\/www.pogotowieflagowe.pl\/aktualne\/#website\"},\"primaryImageOfPage\":{\"@id\":\"https:\/\/www.pogotowieflagowe.pl\/aktualne\/prezydent-nawrocki-potwierdza-spotkanie-z-trumpem-ogloszono-wstepna-date\/#primaryimage\"},\"image\":{\"@id\":\"https:\/\/www.pogotowieflagowe.pl\/aktualne\/prezydent-nawrocki-potwierdza-spotkanie-z-trumpem-ogloszono-wstepna-date\/#primaryimage\"},\"thumbnailUrl\":\"https:\/\/www.pogotowieflagowe.pl\/aktualne\/wp-content\/uploads\/2026\/01\/Rozmowy-Trumpa\u2013Nawrockiego-w-Davos-\u201eDziekujemy-za-udane-spotkanie.webp.webp\",\"datePublished\":\"2026-09-05T05:49:57+00:00\",\"dateModified\":\"2026-09-05T05:49:58+00:00\",\"breadcrumb\":{\"@id\":\"https:\/\/www.pogotowieflagowe.pl\/aktualne\/prezydent-nawrocki-potwierdza-spotkanie-z-trumpem-ogloszono-wstepna-date\/#breadcrumb\"},\"inLanguage\":\"pl-PL\",\"potentialAction\":[{\"@type\":\"ReadAction\",\"target\":[\"https:\/\/www.pogotowieflagowe.pl\/aktualne\/prezydent-nawrocki-potwierdza-spotkanie-z-trumpem-ogloszono-wstepna-date\/\"]}]},{\"@type\":\"ImageObject\",\"inLanguage\":\"pl-PL\",\"@id\":\"https:\/\/www.pogotowieflagowe.pl\/aktualne\/prezydent-nawrocki-potwierdza-spotkanie-z-trumpem-ogloszono-wstepna-date\/#primaryimage\",\"url\":\"https:\/\/www.pogotowieflagowe.pl\/aktualne\/wp-content\/uploads\/2026\/01\/Rozmowy-Trumpa\u2013Nawrockiego-w-Davos-\u201eDziekujemy-za-udane-spotkanie.webp.webp\",\"contentUrl\":\"https:\/\/www.pogotowieflagowe.pl\/aktualne\/wp-content\/uploads\/2026\/01\/Rozmowy-Trumpa\u2013Nawrockiego-w-Davos-\u201eDziekujemy-za-udane-spotkanie.webp.webp\",\"width\":1280,\"height\":720,\"caption\":\"Rozmowy Trumpa\u2013Nawrockiego w Davos. \u201eDzi\u0119kujemy za udane spotkanie!\u201d\"},{\"@type\":\"BreadcrumbList\",\"@id\":\"https:\/\/www.pogotowieflagowe.pl\/aktualne\/prezydent-nawrocki-potwierdza-spotkanie-z-trumpem-ogloszono-wstepna-date\/#breadcrumb\",\"itemListElement\":[{\"@type\":\"ListItem\",\"position\":1,\"name\":\"Home\",\"item\":\"https:\/\/www.pogotowieflagowe.pl\/aktualne\/\"},{\"@type\":\"ListItem\",\"position\":2,\"name\":\"Prezydent Nawrocki potwierdza spotkanie z Trumpem. Og\u0142oszono wst\u0119pn\u0105 dat\u0119\"}]},{\"@type\":\"WebSite\",\"@id\":\"https:\/\/www.pogotowieflagowe.pl\/aktualne\/#website\",\"url\":\"https:\/\/www.pogotowieflagowe.pl\/aktualne\/\",\"name\":\"POGOTOWIE FLAGOWE\u00ae\",\"description\":\"\",\"publisher\":{\"@id\":\"https:\/\/www.pogotowieflagowe.pl\/aktualne\/#organization\"},\"potentialAction\":[{\"@type\":\"SearchAction\",\"target\":{\"@type\":\"EntryPoint\",\"urlTemplate\":\"https:\/\/www.pogotowieflagowe.pl\/aktualne\/?s={search_term_string}\"},\"query-input\":\"required name=search_term_string\"}],\"inLanguage\":\"pl-PL\"},{\"@type\":\"Organization\",\"@id\":\"https:\/\/www.pogotowieflagowe.pl\/aktualne\/#organization\",\"name\":\"POGOTOWIE FLAGOWE\u00ae\",\"url\":\"https:\/\/www.pogotowieflagowe.pl\/aktualne\/\",\"logo\":{\"@type\":\"ImageObject\",\"inLanguage\":\"pl-PL\",\"@id\":\"https:\/\/www.pogotowieflagowe.pl\/aktualne\/#\/schema\/logo\/image\/\",\"url\":\"https:\/\/www.pogotowieflagowe.pl\/aktualne\/wp-content\/uploads\/2024\/08\/cropped-pogotowieflagowe_flaga_projekt_sm.jpg\",\"contentUrl\":\"https:\/\/www.pogotowieflagowe.pl\/aktualne\/wp-content\/uploads\/2024\/08\/cropped-pogotowieflagowe_flaga_projekt_sm.jpg\",\"width\":250,\"height\":143,\"caption\":\"POGOTOWIE FLAGOWE\u00ae\"},\"image\":{\"@id\":\"https:\/\/www.pogotowieflagowe.pl\/aktualne\/#\/schema\/logo\/image\/\"}},{\"@type\":\"Person\",\"@id\":\"https:\/\/www.pogotowieflagowe.pl\/aktualne\/#\/schema\/person\/9c2fb7d2362ebf6fa088960d7f0d27b0\",\"name\":\"Filip\",\"image\":{\"@type\":\"ImageObject\",\"inLanguage\":\"pl-PL\",\"@id\":\"https:\/\/www.pogotowieflagowe.pl\/aktualne\/#\/schema\/person\/image\/\",\"url\":\"https:\/\/www.pogotowieflagowe.pl\/aktualne\/wp-content\/uploads\/2024\/08\/pogotowieflagowe.pl_.jpg\",\"contentUrl\":\"https:\/\/www.pogotowieflagowe.pl\/aktualne\/wp-content\/uploads\/2024\/08\/pogotowieflagowe.pl_.jpg\",\"caption\":\"Filip\"},\"description\":\"Jestem Filip, polski dziennikarz z dyplomem nauk politycznych Uniwersytetu Warszawskiego. Rozpoczynaj\u0105c swoj\u0105 karier\u0119 w r\u00f3\u017cnych lokalnych mediach, zdoby\u0142em solidne do\u015bwiadczenie w zakresie \u015bledztwa i redakcji. Obecnie jako redaktor w Pogotowie flagowe, staram si\u0119 dostarcza\u0107 dog\u0142\u0119bne i istotne analizy na temat najwa\u017cniejszych kwestii aktualno\u015bci, \u0142\u0105cz\u0105c rygor z pasj\u0105 dziennikarsk\u0105.\",\"sameAs\":[\"https:\/\/www.pogotowieflagowe.pl\/\"]}]}<\/script>\n<!-- \/ Yoast SEO plugin. -->","yoast_head_json":{"title":"Prezydent Nawrocki potwierdza spotkanie z Trumpem. Og\u0142oszono wst\u0119pn\u0105 dat\u0119 - POGOTOWIE FLAGOWE\u00ae","robots":{"index":"index","follow":"follow","max-snippet":"max-snippet:-1","max-image-preview":"max-image-preview:large","max-video-preview":"max-video-preview:-1"},"canonical":"https:\/\/www.pogotowieflagowe.pl\/aktualne\/prezydent-nawrocki-potwierdza-spotkanie-z-trumpem-ogloszono-wstepna-date\/","og_locale":"pl_PL","og_type":"article","og_title":"Prezydent Nawrocki potwierdza spotkanie z Trumpem. Og\u0142oszono wst\u0119pn\u0105 dat\u0119 - POGOTOWIE FLAGOWE\u00ae","og_description":"Prezydent Karol Nawrocki zapowiedzia\u0142, \u017ce spotka si\u0119 z prezydentem USA Donaldem Trumpem podczas grudniowego szczytu G20 na Florydzie. \u201eNa pewno","og_url":"https:\/\/www.pogotowieflagowe.pl\/aktualne\/prezydent-nawrocki-potwierdza-spotkanie-z-trumpem-ogloszono-wstepna-date\/","og_site_name":"POGOTOWIE FLAGOWE\u00ae","article_published_time":"2026-09-05T05:49:57+00:00","article_modified_time":"2026-09-05T05:49:58+00:00","og_image":[{"width":1280,"height":720,"url":"https:\/\/www.pogotowieflagowe.pl\/aktualne\/wp-content\/uploads\/2026\/01\/Rozmowy-Trumpa\u2013Nawrockiego-w-Davos-\u201eDziekujemy-za-udane-spotkanie.webp.webp","type":"image\/webp"}],"author":"Filip","twitter_card":"summary_large_image","twitter_misc":{"Napisane przez":"Filip","Szacowany czas czytania":"2 minuty"},"schema":{"@context":"https:\/\/schema.org","@graph":[{"@type":"Article","@id":"https:\/\/www.pogotowieflagowe.pl\/aktualne\/prezydent-nawrocki-potwierdza-spotkanie-z-trumpem-ogloszono-wstepna-date\/#article","isPartOf":{"@id":"https:\/\/www.pogotowieflagowe.pl\/aktualne\/prezydent-nawrocki-potwierdza-spotkanie-z-trumpem-ogloszono-wstepna-date\/"},"author":{"name":"Filip","@id":"https:\/\/www.pogotowieflagowe.pl\/aktualne\/#\/schema\/person\/9c2fb7d2362ebf6fa088960d7f0d27b0"},"headline":"Prezydent Nawrocki potwierdza spotkanie z Trumpem. Og\u0142oszono wst\u0119pn\u0105 dat\u0119","datePublished":"2026-09-05T05:49:57+00:00","dateModified":"2026-09-05T05:49:58+00:00","mainEntityOfPage":{"@id":"https:\/\/www.pogotowieflagowe.pl\/aktualne\/prezydent-nawrocki-potwierdza-spotkanie-z-trumpem-ogloszono-wstepna-date\/"},"wordCount":315,"commentCount":0,"publisher":{"@id":"https:\/\/www.pogotowieflagowe.pl\/aktualne\/#organization"},"image":{"@id":"https:\/\/www.pogotowieflagowe.pl\/aktualne\/prezydent-nawrocki-potwierdza-spotkanie-z-trumpem-ogloszono-wstepna-date\/#primaryimage"},"thumbnailUrl":"https:\/\/www.pogotowieflagowe.pl\/aktualne\/wp-content\/uploads\/2026\/01\/Rozmowy-Trumpa\u2013Nawrockiego-w-Davos-\u201eDziekujemy-za-udane-spotkanie.webp.webp","keywords":["dat\u0119","Nawrocki","Og\u0142oszono","potwierdza","Prezydent","Spotkanie","Trumpem","wst\u0119pna"],"articleSection":["Polityka"],"inLanguage":"pl-PL","potentialAction":[{"@type":"CommentAction","name":"Comment","target":["https:\/\/www.pogotowieflagowe.pl\/aktualne\/prezydent-nawrocki-potwierdza-spotkanie-z-trumpem-ogloszono-wstepna-date\/#respond"]}]},{"@type":"WebPage","@id":"https:\/\/www.pogotowieflagowe.pl\/aktualne\/prezydent-nawrocki-potwierdza-spotkanie-z-trumpem-ogloszono-wstepna-date\/","url":"https:\/\/www.pogotowieflagowe.pl\/aktualne\/prezydent-nawrocki-potwierdza-spotkanie-z-trumpem-ogloszono-wstepna-date\/","name":"Prezydent Nawrocki potwierdza spotkanie z Trumpem. Og\u0142oszono wst\u0119pn\u0105 dat\u0119 - POGOTOWIE FLAGOWE\u00ae","isPartOf":{"@id":"https:\/\/www.pogotowieflagowe.pl\/aktualne\/#website"},"primaryImageOfPage":{"@id":"https:\/\/www.pogotowieflagowe.pl\/aktualne\/prezydent-nawrocki-potwierdza-spotkanie-z-trumpem-ogloszono-wstepna-date\/#primaryimage"},"image":{"@id":"https:\/\/www.pogotowieflagowe.pl\/aktualne\/prezydent-nawrocki-potwierdza-spotkanie-z-trumpem-ogloszono-wstepna-date\/#primaryimage"},"thumbnailUrl":"https:\/\/www.pogotowieflagowe.pl\/aktualne\/wp-content\/uploads\/2026\/01\/Rozmowy-Trumpa\u2013Nawrockiego-w-Davos-\u201eDziekujemy-za-udane-spotkanie.webp.webp","datePublished":"2026-09-05T05:49:57+00:00","dateModified":"2026-09-05T05:49:58+00:00","breadcrumb":{"@id":"https:\/\/www.pogotowieflagowe.pl\/aktualne\/prezydent-nawrocki-potwierdza-spotkanie-z-trumpem-ogloszono-wstepna-date\/#breadcrumb"},"inLanguage":"pl-PL","potentialAction":[{"@type":"ReadAction","target":["https:\/\/www.pogotowieflagowe.pl\/aktualne\/prezydent-nawrocki-potwierdza-spotkanie-z-trumpem-ogloszono-wstepna-date\/"]}]},{"@type":"ImageObject","inLanguage":"pl-PL","@id":"https:\/\/www.pogotowieflagowe.pl\/aktualne\/prezydent-nawrocki-potwierdza-spotkanie-z-trumpem-ogloszono-wstepna-date\/#primaryimage","url":"https:\/\/www.pogotowieflagowe.pl\/aktualne\/wp-content\/uploads\/2026\/01\/Rozmowy-Trumpa\u2013Nawrockiego-w-Davos-\u201eDziekujemy-za-udane-spotkanie.webp.webp","contentUrl":"https:\/\/www.pogotowieflagowe.pl\/aktualne\/wp-content\/uploads\/2026\/01\/Rozmowy-Trumpa\u2013Nawrockiego-w-Davos-\u201eDziekujemy-za-udane-spotkanie.webp.webp","width":1280,"height":720,"caption":"Rozmowy Trumpa\u2013Nawrockiego w Davos. \u201eDzi\u0119kujemy za udane spotkanie!\u201d"},{"@type":"BreadcrumbList","@id":"https:\/\/www.pogotowieflagowe.pl\/aktualne\/prezydent-nawrocki-potwierdza-spotkanie-z-trumpem-ogloszono-wstepna-date\/#breadcrumb","itemListElement":[{"@type":"ListItem","position":1,"name":"Home","item":"https:\/\/www.pogotowieflagowe.pl\/aktualne\/"},{"@type":"ListItem","position":2,"name":"Prezydent Nawrocki potwierdza spotkanie z Trumpem. Og\u0142oszono wst\u0119pn\u0105 dat\u0119"}]},{"@type":"WebSite","@id":"https:\/\/www.pogotowieflagowe.pl\/aktualne\/#website","url":"https:\/\/www.pogotowieflagowe.pl\/aktualne\/","name":"POGOTOWIE FLAGOWE\u00ae","description":"","publisher":{"@id":"https:\/\/www.pogotowieflagowe.pl\/aktualne\/#organization"},"potentialAction":[{"@type":"SearchAction","target":{"@type":"EntryPoint","urlTemplate":"https:\/\/www.pogotowieflagowe.pl\/aktualne\/?s={search_term_string}"},"query-input":"required name=search_term_string"}],"inLanguage":"pl-PL"},{"@type":"Organization","@id":"https:\/\/www.pogotowieflagowe.pl\/aktualne\/#organization","name":"POGOTOWIE FLAGOWE\u00ae","url":"https:\/\/www.pogotowieflagowe.pl\/aktualne\/","logo":{"@type":"ImageObject","inLanguage":"pl-PL","@id":"https:\/\/www.pogotowieflagowe.pl\/aktualne\/#\/schema\/logo\/image\/","url":"https:\/\/www.pogotowieflagowe.pl\/aktualne\/wp-content\/uploads\/2024\/08\/cropped-pogotowieflagowe_flaga_projekt_sm.jpg","contentUrl":"https:\/\/www.pogotowieflagowe.pl\/aktualne\/wp-content\/uploads\/2024\/08\/cropped-pogotowieflagowe_flaga_projekt_sm.jpg","width":250,"height":143,"caption":"POGOTOWIE FLAGOWE\u00ae"},"image":{"@id":"https:\/\/www.pogotowieflagowe.pl\/aktualne\/#\/schema\/logo\/image\/"}},{"@type":"Person","@id":"https:\/\/www.pogotowieflagowe.pl\/aktualne\/#\/schema\/person\/9c2fb7d2362ebf6fa088960d7f0d27b0","name":"Filip","image":{"@type":"ImageObject","inLanguage":"pl-PL","@id":"https:\/\/www.pogotowieflagowe.pl\/aktualne\/#\/schema\/person\/image\/","url":"https:\/\/www.pogotowieflagowe.pl\/aktualne\/wp-content\/uploads\/2024\/08\/pogotowieflagowe.pl_.jpg","contentUrl":"https:\/\/www.pogotowieflagowe.pl\/aktualne\/wp-content\/uploads\/2024\/08\/pogotowieflagowe.pl_.jpg","caption":"Filip"},"description":"Jestem Filip, polski dziennikarz z dyplomem nauk politycznych Uniwersytetu Warszawskiego. Rozpoczynaj\u0105c swoj\u0105 karier\u0119 w r\u00f3\u017cnych lokalnych mediach, zdoby\u0142em solidne do\u015bwiadczenie w zakresie \u015bledztwa i redakcji. Obecnie jako redaktor w Pogotowie flagowe, staram si\u0119 dostarcza\u0107 dog\u0142\u0119bne i istotne analizy na temat najwa\u017cniejszych kwestii aktualno\u015bci, \u0142\u0105cz\u0105c rygor z pasj\u0105 dziennikarsk\u0105.","sameAs":["https:\/\/www.pogotowieflagowe.pl\/"]}]}},"_links":{"self":[{"href":"https:\/\/www.pogotowieflagowe.pl\/aktualne\/wp-json\/wp\/v2\/posts\/13556","targetHints":{"allow":["GET"]}}],"collection":[{"href":"https:\/\/www.pogotowieflagowe.pl\/aktualne\/wp-json\/wp\/v2\/posts"}],"about":[{"href":"https:\/\/www.pogotowieflagowe.pl\/aktualne\/wp-json\/wp\/v2\/types\/post"}],"author":[{"embeddable":true,"href":"https:\/\/www.pogotowieflagowe.pl\/aktualne\/wp-json\/wp\/v2\/users\/1"}],"replies":[{"embeddable":true,"href":"https:\/\/www.pogotowieflagowe.pl\/aktualne\/wp-json\/wp\/v2\/comments?post=13556"}],"version-history":[{"count":1,"href":"https:\/\/www.pogotowieflagowe.pl\/aktualne\/wp-json\/wp\/v2\/posts\/13556\/revisions"}],"predecessor-version":[{"id":13557,"href":"https:\/\/www.pogotowieflagowe.pl\/aktualne\/wp-json\/wp\/v2\/posts\/13556\/revisions\/13557"}],"wp:featuredmedia":[{"embeddable":true,"href":"https:\/\/www.pogotowieflagowe.pl\/aktualne\/wp-json\/wp\/v2\/media\/12253"}],"wp:attachment":[{"href":"https:\/\/www.pogotowieflagowe.pl\/aktualne\/wp-json\/wp\/v2\/media?parent=13556"}],"wp:term":[{"taxonomy":"category","embeddable":true,"href":"https:\/\/www.pogotowieflagowe.pl\/aktualne\/wp-json\/wp\/v2\/categories?post=13556"},{"taxonomy":"post_tag","embeddable":true,"href":"https:\/\/www.pogotowieflagowe.pl\/aktualne\/wp-json\/wp\/v2\/tags?post=13556"}],"curies":[{"name":"wp","href":"https:\/\/api.w.org\/{rel}","templated":true}]}}