{"id":13558,"date":"2026-09-05T12:49:33","date_gmt":"2026-09-05T10:49:33","guid":{"rendered":"https:\/\/www.pogotowieflagowe.pl\/aktualne\/jaroslaw-kaczynski-to-rzad-ktory-demonstruje-swoja-zaleznosc-od-niemiec-do-tego-stopnia-ze-jest-to-po-prostu-niesmaczne\/"},"modified":"2026-09-05T12:49:34","modified_gmt":"2026-09-05T10:49:34","slug":"jaroslaw-kaczynski-to-rzad-ktory-demonstruje-swoja-zaleznosc-od-niemiec-do-tego-stopnia-ze-jest-to-po-prostu-niesmaczne","status":"publish","type":"post","link":"https:\/\/www.pogotowieflagowe.pl\/aktualne\/jaroslaw-kaczynski-to-rzad-ktory-demonstruje-swoja-zaleznosc-od-niemiec-do-tego-stopnia-ze-jest-to-po-prostu-niesmaczne\/","title":{"rendered":"Jaros\u0142aw Kaczy\u0144ski: \u201eTo rz\u0105d, kt\u00f3ry demonstruje swoj\u0105 zale\u017cno\u015b\u0107 od Niemiec do tego stopnia, \u017ce \u200b\u200bjest to po prostu niesmaczne\u201d"},"content":{"rendered":"<div data-td-block-uid=\"tdi_41\">\n<div class=\"tdb-block-inner td-fix-index\">\n<p class=\"wp-block-paragraph\"><strong>\u201eTo rz\u0105d, kt\u00f3ry ju\u017c demonstruje swoj\u0105 zale\u017cno\u015b\u0107 od Niemiec do tego stopnia, \u017ce \u200b\u200bjest to po prostu niesmaczne\u201d \u2013 doda\u0142.<\/strong> <em>Prawo i Sprawiedliwo\u015b\u0107<\/em> \u2013 powiedzia\u0142 lider PiS Jaros\u0142aw Kaczy\u0144ski podczas XII Nadzwyczajnego Zjazdu Klub\u00f3w Gazety Polskiej w Sulejowie. Nawi\u0105za\u0142 do ostatnich wypowiedzi rz\u0105du w sprawie udzia\u0142u Polski w programie dotycz\u0105cym sojuszniczej broni nuklearnej.<\/p>\n<p class=\"wp-block-paragraph\">W czwartek wiceminister obrony narodowej Pawe\u0142 Zalewski powiedzia\u0142 dziennikarzom w Kwaterze G\u0142\u00f3wnej NATO w Brukseli, \u017ce Polska nie chce, aby na jej terytorium stacjonowa\u0142y g\u0142owice nuklearne. Jednocze\u015bnie Zalewski podkre\u015bli\u0142, \u017ce Polska chce by\u0107 cz\u0119\u015bci\u0105 natowskiego odstraszania nuklearnego, ale nie oznacza to stacjonowania na polskiej ziemi g\u0142owic nuklearnych. O jego wypowiedzi poinformowa\u0142y najwi\u0119ksze europejskie media. Nied\u0142ugo potem Minister Obrony Narodowej W\u0142adys\u0142aw Kosiniak-Kamysz zaprzeczy\u0142 wypowiedziom Zalewskiego.<\/p>\n<p class=\"wp-block-paragraph\">Problemem zaj\u0105\u0142 si\u0119 <em>Prawo i Sprawiedliwo\u015b\u0107<\/em> Lider PiS Jaros\u0142aw Kaczy\u0144ski podczas Nadzwyczajnego Zjazdu Klub\u00f3w Gazety Polskiej w Sulejowie. Powiedzia\u0142, \u017ce w rz\u0105dzie panuje podzia\u0142 w sprawie programu wsp\u00f3\u0142dzielenia energii j\u0105drowej. <strong>Stwierdzi\u0142 jednak, \u017ce \u201ewa\u017cniejsi\u201d cz\u0142onkowie rz\u0105du \u2013 <em>Koalicja Obywatelska<\/em> (KO) \u2013 kwestionuj\u0105 potrzeb\u0119 udzia\u0142u Polski w programie.<\/strong><\/p>\n<p class=\"wp-block-paragraph\">Podkre\u015bli\u0142 tak\u017ce, \u017ce Zalewski b\u0142\u0119dnie scharakteryzowa\u0142 t\u0119 inicjatyw\u0119.<\/p>\n<p class=\"wp-block-paragraph\"><strong>&#8222;Nie chodzi o to, aby g\u0142owice czy bomby znajdowa\u0142y si\u0119 na terytorium kraju. Chodzi o to, aby te g\u0142owice czy bomby by\u0142y dost\u0119pne dla tego kraju w przypadku podj\u0119cia dzia\u0142a\u0144 zbrojnych. Jest oczywi\u015bcie pewne ograniczenie &#8211; Amerykanie musz\u0105 wyrazi\u0107 zgod\u0119 na ich u\u017cycie. Ale kiedy Amerykanie je udost\u0119pniaj\u0105, robi\u0105 to w\u0142a\u015bnie po to, aby w razie potrzeby mo\u017cna by\u0142o ich u\u017cy\u0107&#8221;<\/strong> powiedzia\u0142.<\/p>\n<p class=\"wp-block-paragraph\">Doda\u0142 to <strong>w czasach PRL-u na terytorium Polski stacjonowa\u0142o 140 g\u0142owic bojowych i kilkadziesi\u0105t rosyjskich bomb.<\/strong><\/p>\n<p class=\"wp-block-paragraph\"><strong>&#8222;Kr\u00f3tko m\u00f3wi\u0105c, ju\u017c wtedy co\u015b takiego by\u0142o, a teraz jest jasne, \u017ce tego nie chc\u0105. Ale trzeba zapyta\u0107, kto tego nie chce. (&#8230;) Oczywi\u015bcie Niemcy. To jest rz\u0105d, kt\u00f3ry ju\u017c demonstruje swoj\u0105 zale\u017cno\u015b\u0107 od Niemiec do tego stopnia, \u017ce \u200b\u200bjest to po prostu niesmaczne. Dziwi\u0119 si\u0119, \u017ce du\u017ca cz\u0119\u015b\u0107 polskiego spo\u0142ecze\u0144stwa tego nie zauwa\u017ca, ale niestety trzeba pami\u0119ta\u0107, \u017ce syndrom sztokholmski jest powszechny&#8221;<\/strong> powiedzia\u0142.<\/p>\n<\/div>\n<\/div>\n","protected":false},"excerpt":{"rendered":"<p>\u201eTo rz\u0105d, kt\u00f3ry ju\u017c demonstruje swoj\u0105 zale\u017cno\u015b\u0107 od Niemiec do tego stopnia, \u017ce \u200b\u200bjest to po prostu niesmaczne\u201d \u2013 doda\u0142.<\/p>\n","protected":false},"author":1,"featured_media":13559,"comment_status":"open","ping_status":"open","sticky":false,"template":"","format":"standard","meta":{"footnotes":""},"categories":[4748],"tags":[14382,3158,111,2766,1010,753,14385,96,1554,14384,3334,4768,14383,453],"class_list":["post-13558","post","type-post","status-publish","format-standard","has-post-thumbnail","hentry","category-aktualne","tag-demonstruje","tag-jaroslaw","tag-jest","tag-kaczynski","tag-ktory","tag-niemiec","tag-niesmaczne","tag-prostu","tag-rzad","tag-stopnia","tag-swoja","tag-tego","tag-zaleznosc","tag-ze","generate-columns","tablet-grid-50","mobile-grid-100","grid-parent","grid-50","resize-featured-image"],"yoast_head":"<!-- This site is optimized with the Yoast SEO plugin v23.2 - https:\/\/yoast.com\/wordpress\/plugins\/seo\/ -->\n<title>Jaros\u0142aw Kaczy\u0144ski: \u201eTo rz\u0105d, kt\u00f3ry demonstruje swoj\u0105 zale\u017cno\u015b\u0107 od Niemiec do tego stopnia, \u017ce \u200b\u200bjest to po prostu niesmaczne\u201d - POGOTOWIE FLAGOWE\u00ae<\/title>\n<meta name=\"robots\" content=\"index, follow, max-snippet:-1, max-image-preview:large, max-video-preview:-1\" \/>\n<link rel=\"canonical\" href=\"https:\/\/www.pogotowieflagowe.pl\/aktualne\/jaroslaw-kaczynski-to-rzad-ktory-demonstruje-swoja-zaleznosc-od-niemiec-do-tego-stopnia-ze-jest-to-po-prostu-niesmaczne\/\" \/>\n<meta property=\"og:locale\" content=\"pl_PL\" \/>\n<meta property=\"og:type\" content=\"article\" \/>\n<meta property=\"og:title\" content=\"Jaros\u0142aw Kaczy\u0144ski: \u201eTo rz\u0105d, kt\u00f3ry demonstruje swoj\u0105 zale\u017cno\u015b\u0107 od Niemiec do tego stopnia, \u017ce \u200b\u200bjest to po prostu niesmaczne\u201d - POGOTOWIE FLAGOWE\u00ae\" \/>\n<meta property=\"og:description\" content=\"\u201eTo rz\u0105d, kt\u00f3ry ju\u017c demonstruje swoj\u0105 zale\u017cno\u015b\u0107 od Niemiec do tego stopnia, \u017ce \u200b\u200bjest to po prostu niesmaczne\u201d \u2013 doda\u0142.\" \/>\n<meta property=\"og:url\" content=\"https:\/\/www.pogotowieflagowe.pl\/aktualne\/jaroslaw-kaczynski-to-rzad-ktory-demonstruje-swoja-zaleznosc-od-niemiec-do-tego-stopnia-ze-jest-to-po-prostu-niesmaczne\/\" \/>\n<meta property=\"og:site_name\" content=\"POGOTOWIE FLAGOWE\u00ae\" \/>\n<meta property=\"article:published_time\" content=\"2026-09-05T10:49:33+00:00\" \/>\n<meta property=\"article:modified_time\" content=\"2026-09-05T10:49:34+00:00\" \/>\n<meta property=\"og:image\" content=\"https:\/\/www.pogotowieflagowe.pl\/aktualne\/wp-content\/uploads\/2026\/09\/Jaroslaw-Kaczynski-\u201eTo-rzad-ktory-demonstruje-swoja-zaleznosc-od-Niemiec.webp\" \/>\n\t<meta property=\"og:image:width\" content=\"1280\" \/>\n\t<meta property=\"og:image:height\" content=\"720\" \/>\n\t<meta property=\"og:image:type\" content=\"image\/webp\" \/>\n<meta name=\"author\" content=\"Filip\" \/>\n<meta name=\"twitter:card\" content=\"summary_large_image\" \/>\n<meta name=\"twitter:label1\" content=\"Napisane przez\" \/>\n\t<meta name=\"twitter:data1\" content=\"Filip\" \/>\n\t<meta name=\"twitter:label2\" content=\"Szacowany czas czytania\" \/>\n\t<meta name=\"twitter:data2\" content=\"2 minuty\" \/>\n<script type=\"application\/ld+json\" class=\"yoast-schema-graph\">{\"@context\":\"https:\/\/schema.org\",\"@graph\":[{\"@type\":\"Article\",\"@id\":\"https:\/\/www.pogotowieflagowe.pl\/aktualne\/jaroslaw-kaczynski-to-rzad-ktory-demonstruje-swoja-zaleznosc-od-niemiec-do-tego-stopnia-ze-jest-to-po-prostu-niesmaczne\/#article\",\"isPartOf\":{\"@id\":\"https:\/\/www.pogotowieflagowe.pl\/aktualne\/jaroslaw-kaczynski-to-rzad-ktory-demonstruje-swoja-zaleznosc-od-niemiec-do-tego-stopnia-ze-jest-to-po-prostu-niesmaczne\/\"},\"author\":{\"name\":\"Filip\",\"@id\":\"https:\/\/www.pogotowieflagowe.pl\/aktualne\/#\/schema\/person\/9c2fb7d2362ebf6fa088960d7f0d27b0\"},\"headline\":\"Jaros\u0142aw Kaczy\u0144ski: \u201eTo rz\u0105d, kt\u00f3ry demonstruje swoj\u0105 zale\u017cno\u015b\u0107 od Niemiec do tego stopnia, \u017ce \u200b\u200bjest to po prostu niesmaczne\u201d\",\"datePublished\":\"2026-09-05T10:49:33+00:00\",\"dateModified\":\"2026-09-05T10:49:34+00:00\",\"mainEntityOfPage\":{\"@id\":\"https:\/\/www.pogotowieflagowe.pl\/aktualne\/jaroslaw-kaczynski-to-rzad-ktory-demonstruje-swoja-zaleznosc-od-niemiec-do-tego-stopnia-ze-jest-to-po-prostu-niesmaczne\/\"},\"wordCount\":398,\"commentCount\":0,\"publisher\":{\"@id\":\"https:\/\/www.pogotowieflagowe.pl\/aktualne\/#organization\"},\"image\":{\"@id\":\"https:\/\/www.pogotowieflagowe.pl\/aktualne\/jaroslaw-kaczynski-to-rzad-ktory-demonstruje-swoja-zaleznosc-od-niemiec-do-tego-stopnia-ze-jest-to-po-prostu-niesmaczne\/#primaryimage\"},\"thumbnailUrl\":\"https:\/\/www.pogotowieflagowe.pl\/aktualne\/wp-content\/uploads\/2026\/09\/Jaroslaw-Kaczynski-\u201eTo-rzad-ktory-demonstruje-swoja-zaleznosc-od-Niemiec.webp\",\"keywords\":[\"demonstruje\",\"Jaros\u0142aw\",\"jest\",\"Kaczy\u0144ski\",\"kt\u00f3ry\",\"Niemiec\",\"niesmaczne\",\"prostu\",\"Rz\u0105d\",\"stopnia\",\"swoj\u0105\",\"tego\",\"zale\u017cno\u015b\u0107\",\"\u017ce\"],\"articleSection\":[\"Aktualne\"],\"inLanguage\":\"pl-PL\",\"potentialAction\":[{\"@type\":\"CommentAction\",\"name\":\"Comment\",\"target\":[\"https:\/\/www.pogotowieflagowe.pl\/aktualne\/jaroslaw-kaczynski-to-rzad-ktory-demonstruje-swoja-zaleznosc-od-niemiec-do-tego-stopnia-ze-jest-to-po-prostu-niesmaczne\/#respond\"]}]},{\"@type\":\"WebPage\",\"@id\":\"https:\/\/www.pogotowieflagowe.pl\/aktualne\/jaroslaw-kaczynski-to-rzad-ktory-demonstruje-swoja-zaleznosc-od-niemiec-do-tego-stopnia-ze-jest-to-po-prostu-niesmaczne\/\",\"url\":\"https:\/\/www.pogotowieflagowe.pl\/aktualne\/jaroslaw-kaczynski-to-rzad-ktory-demonstruje-swoja-zaleznosc-od-niemiec-do-tego-stopnia-ze-jest-to-po-prostu-niesmaczne\/\",\"name\":\"Jaros\u0142aw Kaczy\u0144ski: \u201eTo rz\u0105d, kt\u00f3ry demonstruje swoj\u0105 zale\u017cno\u015b\u0107 od Niemiec do tego stopnia, \u017ce \u200b\u200bjest to po prostu niesmaczne\u201d - POGOTOWIE FLAGOWE\u00ae\",\"isPartOf\":{\"@id\":\"https:\/\/www.pogotowieflagowe.pl\/aktualne\/#website\"},\"primaryImageOfPage\":{\"@id\":\"https:\/\/www.pogotowieflagowe.pl\/aktualne\/jaroslaw-kaczynski-to-rzad-ktory-demonstruje-swoja-zaleznosc-od-niemiec-do-tego-stopnia-ze-jest-to-po-prostu-niesmaczne\/#primaryimage\"},\"image\":{\"@id\":\"https:\/\/www.pogotowieflagowe.pl\/aktualne\/jaroslaw-kaczynski-to-rzad-ktory-demonstruje-swoja-zaleznosc-od-niemiec-do-tego-stopnia-ze-jest-to-po-prostu-niesmaczne\/#primaryimage\"},\"thumbnailUrl\":\"https:\/\/www.pogotowieflagowe.pl\/aktualne\/wp-content\/uploads\/2026\/09\/Jaroslaw-Kaczynski-\u201eTo-rzad-ktory-demonstruje-swoja-zaleznosc-od-Niemiec.webp\",\"datePublished\":\"2026-09-05T10:49:33+00:00\",\"dateModified\":\"2026-09-05T10:49:34+00:00\",\"breadcrumb\":{\"@id\":\"https:\/\/www.pogotowieflagowe.pl\/aktualne\/jaroslaw-kaczynski-to-rzad-ktory-demonstruje-swoja-zaleznosc-od-niemiec-do-tego-stopnia-ze-jest-to-po-prostu-niesmaczne\/#breadcrumb\"},\"inLanguage\":\"pl-PL\",\"potentialAction\":[{\"@type\":\"ReadAction\",\"target\":[\"https:\/\/www.pogotowieflagowe.pl\/aktualne\/jaroslaw-kaczynski-to-rzad-ktory-demonstruje-swoja-zaleznosc-od-niemiec-do-tego-stopnia-ze-jest-to-po-prostu-niesmaczne\/\"]}]},{\"@type\":\"ImageObject\",\"inLanguage\":\"pl-PL\",\"@id\":\"https:\/\/www.pogotowieflagowe.pl\/aktualne\/jaroslaw-kaczynski-to-rzad-ktory-demonstruje-swoja-zaleznosc-od-niemiec-do-tego-stopnia-ze-jest-to-po-prostu-niesmaczne\/#primaryimage\",\"url\":\"https:\/\/www.pogotowieflagowe.pl\/aktualne\/wp-content\/uploads\/2026\/09\/Jaroslaw-Kaczynski-\u201eTo-rzad-ktory-demonstruje-swoja-zaleznosc-od-Niemiec.webp\",\"contentUrl\":\"https:\/\/www.pogotowieflagowe.pl\/aktualne\/wp-content\/uploads\/2026\/09\/Jaroslaw-Kaczynski-\u201eTo-rzad-ktory-demonstruje-swoja-zaleznosc-od-Niemiec.webp\",\"width\":1280,\"height\":720},{\"@type\":\"BreadcrumbList\",\"@id\":\"https:\/\/www.pogotowieflagowe.pl\/aktualne\/jaroslaw-kaczynski-to-rzad-ktory-demonstruje-swoja-zaleznosc-od-niemiec-do-tego-stopnia-ze-jest-to-po-prostu-niesmaczne\/#breadcrumb\",\"itemListElement\":[{\"@type\":\"ListItem\",\"position\":1,\"name\":\"Home\",\"item\":\"https:\/\/www.pogotowieflagowe.pl\/aktualne\/\"},{\"@type\":\"ListItem\",\"position\":2,\"name\":\"Jaros\u0142aw Kaczy\u0144ski: \u201eTo rz\u0105d, kt\u00f3ry demonstruje swoj\u0105 zale\u017cno\u015b\u0107 od Niemiec do tego stopnia, \u017ce \u200b\u200bjest to po prostu niesmaczne\u201d\"}]},{\"@type\":\"WebSite\",\"@id\":\"https:\/\/www.pogotowieflagowe.pl\/aktualne\/#website\",\"url\":\"https:\/\/www.pogotowieflagowe.pl\/aktualne\/\",\"name\":\"POGOTOWIE FLAGOWE\u00ae\",\"description\":\"\",\"publisher\":{\"@id\":\"https:\/\/www.pogotowieflagowe.pl\/aktualne\/#organization\"},\"potentialAction\":[{\"@type\":\"SearchAction\",\"target\":{\"@type\":\"EntryPoint\",\"urlTemplate\":\"https:\/\/www.pogotowieflagowe.pl\/aktualne\/?s={search_term_string}\"},\"query-input\":\"required name=search_term_string\"}],\"inLanguage\":\"pl-PL\"},{\"@type\":\"Organization\",\"@id\":\"https:\/\/www.pogotowieflagowe.pl\/aktualne\/#organization\",\"name\":\"POGOTOWIE FLAGOWE\u00ae\",\"url\":\"https:\/\/www.pogotowieflagowe.pl\/aktualne\/\",\"logo\":{\"@type\":\"ImageObject\",\"inLanguage\":\"pl-PL\",\"@id\":\"https:\/\/www.pogotowieflagowe.pl\/aktualne\/#\/schema\/logo\/image\/\",\"url\":\"https:\/\/www.pogotowieflagowe.pl\/aktualne\/wp-content\/uploads\/2024\/08\/cropped-pogotowieflagowe_flaga_projekt_sm.jpg\",\"contentUrl\":\"https:\/\/www.pogotowieflagowe.pl\/aktualne\/wp-content\/uploads\/2024\/08\/cropped-pogotowieflagowe_flaga_projekt_sm.jpg\",\"width\":250,\"height\":143,\"caption\":\"POGOTOWIE FLAGOWE\u00ae\"},\"image\":{\"@id\":\"https:\/\/www.pogotowieflagowe.pl\/aktualne\/#\/schema\/logo\/image\/\"}},{\"@type\":\"Person\",\"@id\":\"https:\/\/www.pogotowieflagowe.pl\/aktualne\/#\/schema\/person\/9c2fb7d2362ebf6fa088960d7f0d27b0\",\"name\":\"Filip\",\"image\":{\"@type\":\"ImageObject\",\"inLanguage\":\"pl-PL\",\"@id\":\"https:\/\/www.pogotowieflagowe.pl\/aktualne\/#\/schema\/person\/image\/\",\"url\":\"https:\/\/www.pogotowieflagowe.pl\/aktualne\/wp-content\/uploads\/2024\/08\/pogotowieflagowe.pl_.jpg\",\"contentUrl\":\"https:\/\/www.pogotowieflagowe.pl\/aktualne\/wp-content\/uploads\/2024\/08\/pogotowieflagowe.pl_.jpg\",\"caption\":\"Filip\"},\"description\":\"Jestem Filip, polski dziennikarz z dyplomem nauk politycznych Uniwersytetu Warszawskiego. Rozpoczynaj\u0105c swoj\u0105 karier\u0119 w r\u00f3\u017cnych lokalnych mediach, zdoby\u0142em solidne do\u015bwiadczenie w zakresie \u015bledztwa i redakcji. Obecnie jako redaktor w Pogotowie flagowe, staram si\u0119 dostarcza\u0107 dog\u0142\u0119bne i istotne analizy na temat najwa\u017cniejszych kwestii aktualno\u015bci, \u0142\u0105cz\u0105c rygor z pasj\u0105 dziennikarsk\u0105.\",\"sameAs\":[\"https:\/\/www.pogotowieflagowe.pl\/\"]}]}<\/script>\n<!-- \/ Yoast SEO plugin. -->","yoast_head_json":{"title":"Jaros\u0142aw Kaczy\u0144ski: \u201eTo rz\u0105d, kt\u00f3ry demonstruje swoj\u0105 zale\u017cno\u015b\u0107 od Niemiec do tego stopnia, \u017ce \u200b\u200bjest to po prostu niesmaczne\u201d - POGOTOWIE FLAGOWE\u00ae","robots":{"index":"index","follow":"follow","max-snippet":"max-snippet:-1","max-image-preview":"max-image-preview:large","max-video-preview":"max-video-preview:-1"},"canonical":"https:\/\/www.pogotowieflagowe.pl\/aktualne\/jaroslaw-kaczynski-to-rzad-ktory-demonstruje-swoja-zaleznosc-od-niemiec-do-tego-stopnia-ze-jest-to-po-prostu-niesmaczne\/","og_locale":"pl_PL","og_type":"article","og_title":"Jaros\u0142aw Kaczy\u0144ski: \u201eTo rz\u0105d, kt\u00f3ry demonstruje swoj\u0105 zale\u017cno\u015b\u0107 od Niemiec do tego stopnia, \u017ce \u200b\u200bjest to po prostu niesmaczne\u201d - POGOTOWIE FLAGOWE\u00ae","og_description":"\u201eTo rz\u0105d, kt\u00f3ry ju\u017c demonstruje swoj\u0105 zale\u017cno\u015b\u0107 od Niemiec do tego stopnia, \u017ce \u200b\u200bjest to po prostu niesmaczne\u201d \u2013 doda\u0142.","og_url":"https:\/\/www.pogotowieflagowe.pl\/aktualne\/jaroslaw-kaczynski-to-rzad-ktory-demonstruje-swoja-zaleznosc-od-niemiec-do-tego-stopnia-ze-jest-to-po-prostu-niesmaczne\/","og_site_name":"POGOTOWIE FLAGOWE\u00ae","article_published_time":"2026-09-05T10:49:33+00:00","article_modified_time":"2026-09-05T10:49:34+00:00","og_image":[{"width":1280,"height":720,"url":"https:\/\/www.pogotowieflagowe.pl\/aktualne\/wp-content\/uploads\/2026\/09\/Jaroslaw-Kaczynski-\u201eTo-rzad-ktory-demonstruje-swoja-zaleznosc-od-Niemiec.webp","type":"image\/webp"}],"author":"Filip","twitter_card":"summary_large_image","twitter_misc":{"Napisane przez":"Filip","Szacowany czas czytania":"2 minuty"},"schema":{"@context":"https:\/\/schema.org","@graph":[{"@type":"Article","@id":"https:\/\/www.pogotowieflagowe.pl\/aktualne\/jaroslaw-kaczynski-to-rzad-ktory-demonstruje-swoja-zaleznosc-od-niemiec-do-tego-stopnia-ze-jest-to-po-prostu-niesmaczne\/#article","isPartOf":{"@id":"https:\/\/www.pogotowieflagowe.pl\/aktualne\/jaroslaw-kaczynski-to-rzad-ktory-demonstruje-swoja-zaleznosc-od-niemiec-do-tego-stopnia-ze-jest-to-po-prostu-niesmaczne\/"},"author":{"name":"Filip","@id":"https:\/\/www.pogotowieflagowe.pl\/aktualne\/#\/schema\/person\/9c2fb7d2362ebf6fa088960d7f0d27b0"},"headline":"Jaros\u0142aw Kaczy\u0144ski: \u201eTo rz\u0105d, kt\u00f3ry demonstruje swoj\u0105 zale\u017cno\u015b\u0107 od Niemiec do tego stopnia, \u017ce \u200b\u200bjest to po prostu niesmaczne\u201d","datePublished":"2026-09-05T10:49:33+00:00","dateModified":"2026-09-05T10:49:34+00:00","mainEntityOfPage":{"@id":"https:\/\/www.pogotowieflagowe.pl\/aktualne\/jaroslaw-kaczynski-to-rzad-ktory-demonstruje-swoja-zaleznosc-od-niemiec-do-tego-stopnia-ze-jest-to-po-prostu-niesmaczne\/"},"wordCount":398,"commentCount":0,"publisher":{"@id":"https:\/\/www.pogotowieflagowe.pl\/aktualne\/#organization"},"image":{"@id":"https:\/\/www.pogotowieflagowe.pl\/aktualne\/jaroslaw-kaczynski-to-rzad-ktory-demonstruje-swoja-zaleznosc-od-niemiec-do-tego-stopnia-ze-jest-to-po-prostu-niesmaczne\/#primaryimage"},"thumbnailUrl":"https:\/\/www.pogotowieflagowe.pl\/aktualne\/wp-content\/uploads\/2026\/09\/Jaroslaw-Kaczynski-\u201eTo-rzad-ktory-demonstruje-swoja-zaleznosc-od-Niemiec.webp","keywords":["demonstruje","Jaros\u0142aw","jest","Kaczy\u0144ski","kt\u00f3ry","Niemiec","niesmaczne","prostu","Rz\u0105d","stopnia","swoj\u0105","tego","zale\u017cno\u015b\u0107","\u017ce"],"articleSection":["Aktualne"],"inLanguage":"pl-PL","potentialAction":[{"@type":"CommentAction","name":"Comment","target":["https:\/\/www.pogotowieflagowe.pl\/aktualne\/jaroslaw-kaczynski-to-rzad-ktory-demonstruje-swoja-zaleznosc-od-niemiec-do-tego-stopnia-ze-jest-to-po-prostu-niesmaczne\/#respond"]}]},{"@type":"WebPage","@id":"https:\/\/www.pogotowieflagowe.pl\/aktualne\/jaroslaw-kaczynski-to-rzad-ktory-demonstruje-swoja-zaleznosc-od-niemiec-do-tego-stopnia-ze-jest-to-po-prostu-niesmaczne\/","url":"https:\/\/www.pogotowieflagowe.pl\/aktualne\/jaroslaw-kaczynski-to-rzad-ktory-demonstruje-swoja-zaleznosc-od-niemiec-do-tego-stopnia-ze-jest-to-po-prostu-niesmaczne\/","name":"Jaros\u0142aw Kaczy\u0144ski: \u201eTo rz\u0105d, kt\u00f3ry demonstruje swoj\u0105 zale\u017cno\u015b\u0107 od Niemiec do tego stopnia, \u017ce \u200b\u200bjest to po prostu niesmaczne\u201d - POGOTOWIE FLAGOWE\u00ae","isPartOf":{"@id":"https:\/\/www.pogotowieflagowe.pl\/aktualne\/#website"},"primaryImageOfPage":{"@id":"https:\/\/www.pogotowieflagowe.pl\/aktualne\/jaroslaw-kaczynski-to-rzad-ktory-demonstruje-swoja-zaleznosc-od-niemiec-do-tego-stopnia-ze-jest-to-po-prostu-niesmaczne\/#primaryimage"},"image":{"@id":"https:\/\/www.pogotowieflagowe.pl\/aktualne\/jaroslaw-kaczynski-to-rzad-ktory-demonstruje-swoja-zaleznosc-od-niemiec-do-tego-stopnia-ze-jest-to-po-prostu-niesmaczne\/#primaryimage"},"thumbnailUrl":"https:\/\/www.pogotowieflagowe.pl\/aktualne\/wp-content\/uploads\/2026\/09\/Jaroslaw-Kaczynski-\u201eTo-rzad-ktory-demonstruje-swoja-zaleznosc-od-Niemiec.webp","datePublished":"2026-09-05T10:49:33+00:00","dateModified":"2026-09-05T10:49:34+00:00","breadcrumb":{"@id":"https:\/\/www.pogotowieflagowe.pl\/aktualne\/jaroslaw-kaczynski-to-rzad-ktory-demonstruje-swoja-zaleznosc-od-niemiec-do-tego-stopnia-ze-jest-to-po-prostu-niesmaczne\/#breadcrumb"},"inLanguage":"pl-PL","potentialAction":[{"@type":"ReadAction","target":["https:\/\/www.pogotowieflagowe.pl\/aktualne\/jaroslaw-kaczynski-to-rzad-ktory-demonstruje-swoja-zaleznosc-od-niemiec-do-tego-stopnia-ze-jest-to-po-prostu-niesmaczne\/"]}]},{"@type":"ImageObject","inLanguage":"pl-PL","@id":"https:\/\/www.pogotowieflagowe.pl\/aktualne\/jaroslaw-kaczynski-to-rzad-ktory-demonstruje-swoja-zaleznosc-od-niemiec-do-tego-stopnia-ze-jest-to-po-prostu-niesmaczne\/#primaryimage","url":"https:\/\/www.pogotowieflagowe.pl\/aktualne\/wp-content\/uploads\/2026\/09\/Jaroslaw-Kaczynski-\u201eTo-rzad-ktory-demonstruje-swoja-zaleznosc-od-Niemiec.webp","contentUrl":"https:\/\/www.pogotowieflagowe.pl\/aktualne\/wp-content\/uploads\/2026\/09\/Jaroslaw-Kaczynski-\u201eTo-rzad-ktory-demonstruje-swoja-zaleznosc-od-Niemiec.webp","width":1280,"height":720},{"@type":"BreadcrumbList","@id":"https:\/\/www.pogotowieflagowe.pl\/aktualne\/jaroslaw-kaczynski-to-rzad-ktory-demonstruje-swoja-zaleznosc-od-niemiec-do-tego-stopnia-ze-jest-to-po-prostu-niesmaczne\/#breadcrumb","itemListElement":[{"@type":"ListItem","position":1,"name":"Home","item":"https:\/\/www.pogotowieflagowe.pl\/aktualne\/"},{"@type":"ListItem","position":2,"name":"Jaros\u0142aw Kaczy\u0144ski: \u201eTo rz\u0105d, kt\u00f3ry demonstruje swoj\u0105 zale\u017cno\u015b\u0107 od Niemiec do tego stopnia, \u017ce \u200b\u200bjest to po prostu niesmaczne\u201d"}]},{"@type":"WebSite","@id":"https:\/\/www.pogotowieflagowe.pl\/aktualne\/#website","url":"https:\/\/www.pogotowieflagowe.pl\/aktualne\/","name":"POGOTOWIE FLAGOWE\u00ae","description":"","publisher":{"@id":"https:\/\/www.pogotowieflagowe.pl\/aktualne\/#organization"},"potentialAction":[{"@type":"SearchAction","target":{"@type":"EntryPoint","urlTemplate":"https:\/\/www.pogotowieflagowe.pl\/aktualne\/?s={search_term_string}"},"query-input":"required name=search_term_string"}],"inLanguage":"pl-PL"},{"@type":"Organization","@id":"https:\/\/www.pogotowieflagowe.pl\/aktualne\/#organization","name":"POGOTOWIE FLAGOWE\u00ae","url":"https:\/\/www.pogotowieflagowe.pl\/aktualne\/","logo":{"@type":"ImageObject","inLanguage":"pl-PL","@id":"https:\/\/www.pogotowieflagowe.pl\/aktualne\/#\/schema\/logo\/image\/","url":"https:\/\/www.pogotowieflagowe.pl\/aktualne\/wp-content\/uploads\/2024\/08\/cropped-pogotowieflagowe_flaga_projekt_sm.jpg","contentUrl":"https:\/\/www.pogotowieflagowe.pl\/aktualne\/wp-content\/uploads\/2024\/08\/cropped-pogotowieflagowe_flaga_projekt_sm.jpg","width":250,"height":143,"caption":"POGOTOWIE FLAGOWE\u00ae"},"image":{"@id":"https:\/\/www.pogotowieflagowe.pl\/aktualne\/#\/schema\/logo\/image\/"}},{"@type":"Person","@id":"https:\/\/www.pogotowieflagowe.pl\/aktualne\/#\/schema\/person\/9c2fb7d2362ebf6fa088960d7f0d27b0","name":"Filip","image":{"@type":"ImageObject","inLanguage":"pl-PL","@id":"https:\/\/www.pogotowieflagowe.pl\/aktualne\/#\/schema\/person\/image\/","url":"https:\/\/www.pogotowieflagowe.pl\/aktualne\/wp-content\/uploads\/2024\/08\/pogotowieflagowe.pl_.jpg","contentUrl":"https:\/\/www.pogotowieflagowe.pl\/aktualne\/wp-content\/uploads\/2024\/08\/pogotowieflagowe.pl_.jpg","caption":"Filip"},"description":"Jestem Filip, polski dziennikarz z dyplomem nauk politycznych Uniwersytetu Warszawskiego. Rozpoczynaj\u0105c swoj\u0105 karier\u0119 w r\u00f3\u017cnych lokalnych mediach, zdoby\u0142em solidne do\u015bwiadczenie w zakresie \u015bledztwa i redakcji. Obecnie jako redaktor w Pogotowie flagowe, staram si\u0119 dostarcza\u0107 dog\u0142\u0119bne i istotne analizy na temat najwa\u017cniejszych kwestii aktualno\u015bci, \u0142\u0105cz\u0105c rygor z pasj\u0105 dziennikarsk\u0105.","sameAs":["https:\/\/www.pogotowieflagowe.pl\/"]}]}},"_links":{"self":[{"href":"https:\/\/www.pogotowieflagowe.pl\/aktualne\/wp-json\/wp\/v2\/posts\/13558","targetHints":{"allow":["GET"]}}],"collection":[{"href":"https:\/\/www.pogotowieflagowe.pl\/aktualne\/wp-json\/wp\/v2\/posts"}],"about":[{"href":"https:\/\/www.pogotowieflagowe.pl\/aktualne\/wp-json\/wp\/v2\/types\/post"}],"author":[{"embeddable":true,"href":"https:\/\/www.pogotowieflagowe.pl\/aktualne\/wp-json\/wp\/v2\/users\/1"}],"replies":[{"embeddable":true,"href":"https:\/\/www.pogotowieflagowe.pl\/aktualne\/wp-json\/wp\/v2\/comments?post=13558"}],"version-history":[{"count":1,"href":"https:\/\/www.pogotowieflagowe.pl\/aktualne\/wp-json\/wp\/v2\/posts\/13558\/revisions"}],"predecessor-version":[{"id":13560,"href":"https:\/\/www.pogotowieflagowe.pl\/aktualne\/wp-json\/wp\/v2\/posts\/13558\/revisions\/13560"}],"wp:featuredmedia":[{"embeddable":true,"href":"https:\/\/www.pogotowieflagowe.pl\/aktualne\/wp-json\/wp\/v2\/media\/13559"}],"wp:attachment":[{"href":"https:\/\/www.pogotowieflagowe.pl\/aktualne\/wp-json\/wp\/v2\/media?parent=13558"}],"wp:term":[{"taxonomy":"category","embeddable":true,"href":"https:\/\/www.pogotowieflagowe.pl\/aktualne\/wp-json\/wp\/v2\/categories?post=13558"},{"taxonomy":"post_tag","embeddable":true,"href":"https:\/\/www.pogotowieflagowe.pl\/aktualne\/wp-json\/wp\/v2\/tags?post=13558"}],"curies":[{"name":"wp","href":"https:\/\/api.w.org\/{rel}","templated":true}]}}