{"id":13561,"date":"2026-09-05T21:50:23","date_gmt":"2026-09-05T19:50:23","guid":{"rendered":"https:\/\/www.pogotowieflagowe.pl\/aktualne\/bodnar-pisze-przedmowe-do-ksiazki-wnuka-przywodcy-hitlerjugend-gazeta-polska-manifest-dla-niemieckiej-ue\/"},"modified":"2026-09-05T21:50:24","modified_gmt":"2026-09-05T19:50:24","slug":"bodnar-pisze-przedmowe-do-ksiazki-wnuka-przywodcy-hitlerjugend-gazeta-polska-manifest-dla-niemieckiej-ue","status":"publish","type":"post","link":"https:\/\/www.pogotowieflagowe.pl\/aktualne\/bodnar-pisze-przedmowe-do-ksiazki-wnuka-przywodcy-hitlerjugend-gazeta-polska-manifest-dla-niemieckiej-ue\/","title":{"rendered":"Bodnar pisze przedmow\u0119 do ksi\u0105\u017cki wnuka przyw\u00f3dcy Hitlerjugend. \u201eGazeta Polska\u201d: Manifest dla niemieckiej UE"},"content":{"rendered":"<div data-td-block-uid=\"tdi_41\">\n<div class=\"tdb-block-inner td-fix-index\">\n<p class=\"wp-block-paragraph\"><strong>Adam Bodnar napisa\u0142 przedmow\u0119 do ksi\u0105\u017cki Ferdynanda von Schiracha, wnuka zbrodniarza wojennego i przyw\u00f3dcy Hitlerjugend. W swoim manife\u015bcie niemiecki pisarz wzywa do g\u0142\u0119bokiej integracji z UE i narzucenia pa\u0144stwom cz\u0142onkowskim nowej konstytucji europejskiej. Co kryje si\u0119 za specjalnym traktowaniem przez Berlin polskiego ministra sprawiedliwo\u015bci i do czego doprowadzi\u0142aby realizacja tych utopijnych wizji? Odkrywczy artyku\u0142 Piotra Lisiewicza mo\u017cna przeczyta\u0107 w najnowszym numerze tygodnika \u201eGazeta Polska\u201d.<\/strong><\/p>\n<p class=\"wp-block-paragraph\">W maju 2026 r. Niemcy uhonorowa\u0142y Adama Bodnara Nagrod\u0105 Wolno\u015bci Hambach. W swojej laudacji Prezydent Frank-Walter Steinmeier okre\u015bli\u0142 go jako: <strong>\u201ezapalonym bojownikiem o demokracj\u0119 i praworz\u0105dno\u015b\u0107\u201d.<\/strong> W swoim artykule Piotr Lisiewicz zestawia te wyr\u00f3\u017cnienia z szokuj\u0105cym faktem \u2013 <strong>Polski polityk napisa\u0142 przedmow\u0119 do polskiego wydania manifestu Ferdynanda von Schiracha \u201eKa\u017cdy cz\u0142owiek\u201d.<\/strong> Jest znanym prawnikiem i wnukiem Baldura von Schiracha, gauleitera Wiednia i przyw\u00f3dcy Hitlerjugend. <strong>Dziadek autora by\u0142 odpowiedzialny za deportacj\u0119 185 000 \u017byd\u00f3w, kt\u00f3r\u0105 cynicznie okre\u015bli\u0142 jako \u201ewk\u0142ad w kultur\u0119 europejsk\u0105\u201d.<\/strong> Chocia\u017c Ferdynand dystansuje si\u0119 od zbrodni swoich przodk\u00f3w, argumentuj\u0105c to <strong>\u201eWina mojego dziadka jest win\u0105 mojego dziadka\u201d,<\/strong> jego w\u0142asne wizje polityczne budz\u0105 g\u0142\u0119bokie zaniepokojenie.<\/p>\n<p class=\"wp-block-paragraph\">Ksi\u0105\u017cka Von Schiracha jest w istocie wezwaniem do zmiany Karty praw podstawowych Unii Europejskiej. <strong>Autor proponuje wprowadzenie takich poj\u0119\u0107, jak \u201eprawo do czystego \u015brodowiska\u201d i \u201eprawo do prawdy\u201d.<\/strong> Adam Bodnar potwierdza te idee w swojej przedmowie. Jak podkre\u015bla autor artyku\u0142u w \u201eGazecie Polskiej\u201d, <strong>w praktyce oznacza to \u201eekoekstremizm, politycznie poprawn\u0105 cenzur\u0119 i naruszanie suwerenno\u015bci narodowej poprzez orzeczenia wydawane przez upolityczniony TSUE\u201d.<\/strong><\/p>\n<p class=\"wp-block-paragraph\">Niemiecki autor otwarcie przyznaje, \u017ce takich spraw nie mo\u017cna powierza\u0107 parlamentom narodowym. Domaga si\u0119 bezwarunkowego podporz\u0105dkowania pa\u0144stw s\u0105dom unijnym, argumentuj\u0105c: <strong>\u201eNie wsz\u0119dzie zaufanie pok\u0142adane w s\u0105dach krajowych i ich ch\u0119\u0107 wsp\u00f3\u0142pracy z ETS jest uzasadnione\u201d.<\/strong><\/p>\n<p class=\"wp-block-paragraph\">Lisiewicz przypomina te\u017c, \u017ce nie jest to jedyny dow\u00f3d szczeg\u00f3lnych zwi\u0105zk\u00f3w obecnego ministra sprawiedliwo\u015bci z Niemcami. Przytacza wsp\u00f3lny artyku\u0142 Bodnara i niemieckiego komentatora politycznego Klausa Bachmanna z 2014 r. Doradzali w\u00f3wczas, jak Unia Europejska powinna post\u0119powa\u0107 z rz\u0105dem na W\u0119grzech: <strong>&#8222;Ci\u0105gle go go\u0144 i wyniszczaj w ten spos\u00f3b. W ko\u0144cu kr\u00f3lik w\u0119gierski mo\u017ce doj\u015b\u0107 do wniosku, \u017ce zwierzyna nie jest warta \u015bwieczki i wr\u00f3ci\u0107 do stada.&#8221;<\/strong> Komentator stawia mocn\u0105 tez\u0119, \u017ce Bodnar stosuje obecnie w\u0142a\u015bnie te metody pa\u0144stwa policyjnego w Polsce, do kt\u00f3rych nawo\u0142ywa\u0142 Bachmann.<\/p>\n<h3 class=\"wp-block-heading\">Jakie jeszcze niebezpiecze\u0144stwa kryj\u0105 si\u0119 za wizj\u0105 europejskiej konstytucji i dlaczego elity Berlina tak ch\u0119tnie nagradzaj\u0105 polskiego ministra? Pe\u0142n\u0105 analiz\u0119 mo\u017cna znale\u017a\u0107 w najnowszym numerze \u201eGazety Polskiej\u201d!<\/h3>\n<figure class=\"wp-block-embed is-type-rich is-provider-x wp-block-embed-x\"\/>\n<\/div>\n<\/div>\n","protected":false},"excerpt":{"rendered":"<p>Adam Bodnar napisa\u0142 przedmow\u0119 do ksi\u0105\u017cki Ferdynanda von Schiracha, wnuka zbrodniarza wojennego i przyw\u00f3dcy Hitlerjugend. W swoim manife\u015bcie niemiecki pisarz<\/p>\n","protected":false},"author":1,"featured_media":13562,"comment_status":"open","ping_status":"open","sticky":false,"template":"","format":"standard","meta":{"footnotes":""},"categories":[4748],"tags":[4099,131,5501,14389,14387,14390,1066,6006,4,14386,2829,14388],"class_list":["post-13561","post","type-post","status-publish","format-standard","has-post-thumbnail","hentry","category-aktualne","tag-bodnar","tag-dla","tag-gazeta","tag-hitlerjugend","tag-ksiazki","tag-manifest","tag-niemieckiej","tag-pisze","tag-polska","tag-przedmowe","tag-przywodcy","tag-wnuka","generate-columns","tablet-grid-50","mobile-grid-100","grid-parent","grid-50","resize-featured-image"],"yoast_head":"<!-- This site is optimized with the Yoast SEO plugin v23.2 - https:\/\/yoast.com\/wordpress\/plugins\/seo\/ -->\n<title>Bodnar pisze przedmow\u0119 do ksi\u0105\u017cki wnuka przyw\u00f3dcy Hitlerjugend. \u201eGazeta Polska\u201d: Manifest dla niemieckiej UE - POGOTOWIE FLAGOWE\u00ae<\/title>\n<meta name=\"robots\" content=\"index, follow, max-snippet:-1, max-image-preview:large, max-video-preview:-1\" \/>\n<link rel=\"canonical\" href=\"https:\/\/www.pogotowieflagowe.pl\/aktualne\/bodnar-pisze-przedmowe-do-ksiazki-wnuka-przywodcy-hitlerjugend-gazeta-polska-manifest-dla-niemieckiej-ue\/\" \/>\n<meta property=\"og:locale\" content=\"pl_PL\" \/>\n<meta property=\"og:type\" content=\"article\" \/>\n<meta property=\"og:title\" content=\"Bodnar pisze przedmow\u0119 do ksi\u0105\u017cki wnuka przyw\u00f3dcy Hitlerjugend. \u201eGazeta Polska\u201d: Manifest dla niemieckiej UE - POGOTOWIE FLAGOWE\u00ae\" \/>\n<meta property=\"og:description\" content=\"Adam Bodnar napisa\u0142 przedmow\u0119 do ksi\u0105\u017cki Ferdynanda von Schiracha, wnuka zbrodniarza wojennego i przyw\u00f3dcy Hitlerjugend. W swoim manife\u015bcie niemiecki pisarz\" \/>\n<meta property=\"og:url\" content=\"https:\/\/www.pogotowieflagowe.pl\/aktualne\/bodnar-pisze-przedmowe-do-ksiazki-wnuka-przywodcy-hitlerjugend-gazeta-polska-manifest-dla-niemieckiej-ue\/\" \/>\n<meta property=\"og:site_name\" content=\"POGOTOWIE FLAGOWE\u00ae\" \/>\n<meta property=\"article:published_time\" content=\"2026-09-05T19:50:23+00:00\" \/>\n<meta property=\"article:modified_time\" content=\"2026-09-05T19:50:24+00:00\" \/>\n<meta property=\"og:image\" content=\"https:\/\/www.pogotowieflagowe.pl\/aktualne\/wp-content\/uploads\/2026\/09\/Bodnar-pisze-przedmowe-do-ksiazki-wnuka-przywodcy-Hitlerjugend-\u201eGazeta-Polska.webp\" \/>\n\t<meta property=\"og:image:width\" content=\"1280\" \/>\n\t<meta property=\"og:image:height\" content=\"719\" \/>\n\t<meta property=\"og:image:type\" content=\"image\/webp\" \/>\n<meta name=\"author\" content=\"Filip\" \/>\n<meta name=\"twitter:card\" content=\"summary_large_image\" \/>\n<meta name=\"twitter:label1\" content=\"Napisane przez\" \/>\n\t<meta name=\"twitter:data1\" content=\"Filip\" \/>\n\t<meta name=\"twitter:label2\" content=\"Szacowany czas czytania\" \/>\n\t<meta name=\"twitter:data2\" content=\"2 minuty\" \/>\n<script type=\"application\/ld+json\" class=\"yoast-schema-graph\">{\"@context\":\"https:\/\/schema.org\",\"@graph\":[{\"@type\":\"Article\",\"@id\":\"https:\/\/www.pogotowieflagowe.pl\/aktualne\/bodnar-pisze-przedmowe-do-ksiazki-wnuka-przywodcy-hitlerjugend-gazeta-polska-manifest-dla-niemieckiej-ue\/#article\",\"isPartOf\":{\"@id\":\"https:\/\/www.pogotowieflagowe.pl\/aktualne\/bodnar-pisze-przedmowe-do-ksiazki-wnuka-przywodcy-hitlerjugend-gazeta-polska-manifest-dla-niemieckiej-ue\/\"},\"author\":{\"name\":\"Filip\",\"@id\":\"https:\/\/www.pogotowieflagowe.pl\/aktualne\/#\/schema\/person\/9c2fb7d2362ebf6fa088960d7f0d27b0\"},\"headline\":\"Bodnar pisze przedmow\u0119 do ksi\u0105\u017cki wnuka przyw\u00f3dcy Hitlerjugend. \u201eGazeta Polska\u201d: Manifest dla niemieckiej UE\",\"datePublished\":\"2026-09-05T19:50:23+00:00\",\"dateModified\":\"2026-09-05T19:50:24+00:00\",\"mainEntityOfPage\":{\"@id\":\"https:\/\/www.pogotowieflagowe.pl\/aktualne\/bodnar-pisze-przedmowe-do-ksiazki-wnuka-przywodcy-hitlerjugend-gazeta-polska-manifest-dla-niemieckiej-ue\/\"},\"wordCount\":453,\"commentCount\":0,\"publisher\":{\"@id\":\"https:\/\/www.pogotowieflagowe.pl\/aktualne\/#organization\"},\"image\":{\"@id\":\"https:\/\/www.pogotowieflagowe.pl\/aktualne\/bodnar-pisze-przedmowe-do-ksiazki-wnuka-przywodcy-hitlerjugend-gazeta-polska-manifest-dla-niemieckiej-ue\/#primaryimage\"},\"thumbnailUrl\":\"https:\/\/www.pogotowieflagowe.pl\/aktualne\/wp-content\/uploads\/2026\/09\/Bodnar-pisze-przedmowe-do-ksiazki-wnuka-przywodcy-Hitlerjugend-\u201eGazeta-Polska.webp\",\"keywords\":[\"Bodnar\",\"dla\",\"Gazeta\",\"Hitlerjugend\",\"ksi\u0105\u017cki\",\"Manifest\",\"niemieckiej\",\"pisze\",\"polska\",\"przedmow\u0119\",\"przyw\u00f3dcy\",\"wnuka\"],\"articleSection\":[\"Aktualne\"],\"inLanguage\":\"pl-PL\",\"potentialAction\":[{\"@type\":\"CommentAction\",\"name\":\"Comment\",\"target\":[\"https:\/\/www.pogotowieflagowe.pl\/aktualne\/bodnar-pisze-przedmowe-do-ksiazki-wnuka-przywodcy-hitlerjugend-gazeta-polska-manifest-dla-niemieckiej-ue\/#respond\"]}]},{\"@type\":\"WebPage\",\"@id\":\"https:\/\/www.pogotowieflagowe.pl\/aktualne\/bodnar-pisze-przedmowe-do-ksiazki-wnuka-przywodcy-hitlerjugend-gazeta-polska-manifest-dla-niemieckiej-ue\/\",\"url\":\"https:\/\/www.pogotowieflagowe.pl\/aktualne\/bodnar-pisze-przedmowe-do-ksiazki-wnuka-przywodcy-hitlerjugend-gazeta-polska-manifest-dla-niemieckiej-ue\/\",\"name\":\"Bodnar pisze przedmow\u0119 do ksi\u0105\u017cki wnuka przyw\u00f3dcy Hitlerjugend. \u201eGazeta Polska\u201d: Manifest dla niemieckiej UE - POGOTOWIE FLAGOWE\u00ae\",\"isPartOf\":{\"@id\":\"https:\/\/www.pogotowieflagowe.pl\/aktualne\/#website\"},\"primaryImageOfPage\":{\"@id\":\"https:\/\/www.pogotowieflagowe.pl\/aktualne\/bodnar-pisze-przedmowe-do-ksiazki-wnuka-przywodcy-hitlerjugend-gazeta-polska-manifest-dla-niemieckiej-ue\/#primaryimage\"},\"image\":{\"@id\":\"https:\/\/www.pogotowieflagowe.pl\/aktualne\/bodnar-pisze-przedmowe-do-ksiazki-wnuka-przywodcy-hitlerjugend-gazeta-polska-manifest-dla-niemieckiej-ue\/#primaryimage\"},\"thumbnailUrl\":\"https:\/\/www.pogotowieflagowe.pl\/aktualne\/wp-content\/uploads\/2026\/09\/Bodnar-pisze-przedmowe-do-ksiazki-wnuka-przywodcy-Hitlerjugend-\u201eGazeta-Polska.webp\",\"datePublished\":\"2026-09-05T19:50:23+00:00\",\"dateModified\":\"2026-09-05T19:50:24+00:00\",\"breadcrumb\":{\"@id\":\"https:\/\/www.pogotowieflagowe.pl\/aktualne\/bodnar-pisze-przedmowe-do-ksiazki-wnuka-przywodcy-hitlerjugend-gazeta-polska-manifest-dla-niemieckiej-ue\/#breadcrumb\"},\"inLanguage\":\"pl-PL\",\"potentialAction\":[{\"@type\":\"ReadAction\",\"target\":[\"https:\/\/www.pogotowieflagowe.pl\/aktualne\/bodnar-pisze-przedmowe-do-ksiazki-wnuka-przywodcy-hitlerjugend-gazeta-polska-manifest-dla-niemieckiej-ue\/\"]}]},{\"@type\":\"ImageObject\",\"inLanguage\":\"pl-PL\",\"@id\":\"https:\/\/www.pogotowieflagowe.pl\/aktualne\/bodnar-pisze-przedmowe-do-ksiazki-wnuka-przywodcy-hitlerjugend-gazeta-polska-manifest-dla-niemieckiej-ue\/#primaryimage\",\"url\":\"https:\/\/www.pogotowieflagowe.pl\/aktualne\/wp-content\/uploads\/2026\/09\/Bodnar-pisze-przedmowe-do-ksiazki-wnuka-przywodcy-Hitlerjugend-\u201eGazeta-Polska.webp\",\"contentUrl\":\"https:\/\/www.pogotowieflagowe.pl\/aktualne\/wp-content\/uploads\/2026\/09\/Bodnar-pisze-przedmowe-do-ksiazki-wnuka-przywodcy-Hitlerjugend-\u201eGazeta-Polska.webp\",\"width\":1280,\"height\":719},{\"@type\":\"BreadcrumbList\",\"@id\":\"https:\/\/www.pogotowieflagowe.pl\/aktualne\/bodnar-pisze-przedmowe-do-ksiazki-wnuka-przywodcy-hitlerjugend-gazeta-polska-manifest-dla-niemieckiej-ue\/#breadcrumb\",\"itemListElement\":[{\"@type\":\"ListItem\",\"position\":1,\"name\":\"Home\",\"item\":\"https:\/\/www.pogotowieflagowe.pl\/aktualne\/\"},{\"@type\":\"ListItem\",\"position\":2,\"name\":\"Bodnar pisze przedmow\u0119 do ksi\u0105\u017cki wnuka przyw\u00f3dcy Hitlerjugend. \u201eGazeta Polska\u201d: Manifest dla niemieckiej UE\"}]},{\"@type\":\"WebSite\",\"@id\":\"https:\/\/www.pogotowieflagowe.pl\/aktualne\/#website\",\"url\":\"https:\/\/www.pogotowieflagowe.pl\/aktualne\/\",\"name\":\"POGOTOWIE FLAGOWE\u00ae\",\"description\":\"\",\"publisher\":{\"@id\":\"https:\/\/www.pogotowieflagowe.pl\/aktualne\/#organization\"},\"potentialAction\":[{\"@type\":\"SearchAction\",\"target\":{\"@type\":\"EntryPoint\",\"urlTemplate\":\"https:\/\/www.pogotowieflagowe.pl\/aktualne\/?s={search_term_string}\"},\"query-input\":\"required name=search_term_string\"}],\"inLanguage\":\"pl-PL\"},{\"@type\":\"Organization\",\"@id\":\"https:\/\/www.pogotowieflagowe.pl\/aktualne\/#organization\",\"name\":\"POGOTOWIE FLAGOWE\u00ae\",\"url\":\"https:\/\/www.pogotowieflagowe.pl\/aktualne\/\",\"logo\":{\"@type\":\"ImageObject\",\"inLanguage\":\"pl-PL\",\"@id\":\"https:\/\/www.pogotowieflagowe.pl\/aktualne\/#\/schema\/logo\/image\/\",\"url\":\"https:\/\/www.pogotowieflagowe.pl\/aktualne\/wp-content\/uploads\/2024\/08\/cropped-pogotowieflagowe_flaga_projekt_sm.jpg\",\"contentUrl\":\"https:\/\/www.pogotowieflagowe.pl\/aktualne\/wp-content\/uploads\/2024\/08\/cropped-pogotowieflagowe_flaga_projekt_sm.jpg\",\"width\":250,\"height\":143,\"caption\":\"POGOTOWIE FLAGOWE\u00ae\"},\"image\":{\"@id\":\"https:\/\/www.pogotowieflagowe.pl\/aktualne\/#\/schema\/logo\/image\/\"}},{\"@type\":\"Person\",\"@id\":\"https:\/\/www.pogotowieflagowe.pl\/aktualne\/#\/schema\/person\/9c2fb7d2362ebf6fa088960d7f0d27b0\",\"name\":\"Filip\",\"image\":{\"@type\":\"ImageObject\",\"inLanguage\":\"pl-PL\",\"@id\":\"https:\/\/www.pogotowieflagowe.pl\/aktualne\/#\/schema\/person\/image\/\",\"url\":\"https:\/\/www.pogotowieflagowe.pl\/aktualne\/wp-content\/uploads\/2024\/08\/pogotowieflagowe.pl_.jpg\",\"contentUrl\":\"https:\/\/www.pogotowieflagowe.pl\/aktualne\/wp-content\/uploads\/2024\/08\/pogotowieflagowe.pl_.jpg\",\"caption\":\"Filip\"},\"description\":\"Jestem Filip, polski dziennikarz z dyplomem nauk politycznych Uniwersytetu Warszawskiego. Rozpoczynaj\u0105c swoj\u0105 karier\u0119 w r\u00f3\u017cnych lokalnych mediach, zdoby\u0142em solidne do\u015bwiadczenie w zakresie \u015bledztwa i redakcji. Obecnie jako redaktor w Pogotowie flagowe, staram si\u0119 dostarcza\u0107 dog\u0142\u0119bne i istotne analizy na temat najwa\u017cniejszych kwestii aktualno\u015bci, \u0142\u0105cz\u0105c rygor z pasj\u0105 dziennikarsk\u0105.\",\"sameAs\":[\"https:\/\/www.pogotowieflagowe.pl\/\"]}]}<\/script>\n<!-- \/ Yoast SEO plugin. -->","yoast_head_json":{"title":"Bodnar pisze przedmow\u0119 do ksi\u0105\u017cki wnuka przyw\u00f3dcy Hitlerjugend. \u201eGazeta Polska\u201d: Manifest dla niemieckiej UE - POGOTOWIE FLAGOWE\u00ae","robots":{"index":"index","follow":"follow","max-snippet":"max-snippet:-1","max-image-preview":"max-image-preview:large","max-video-preview":"max-video-preview:-1"},"canonical":"https:\/\/www.pogotowieflagowe.pl\/aktualne\/bodnar-pisze-przedmowe-do-ksiazki-wnuka-przywodcy-hitlerjugend-gazeta-polska-manifest-dla-niemieckiej-ue\/","og_locale":"pl_PL","og_type":"article","og_title":"Bodnar pisze przedmow\u0119 do ksi\u0105\u017cki wnuka przyw\u00f3dcy Hitlerjugend. \u201eGazeta Polska\u201d: Manifest dla niemieckiej UE - POGOTOWIE FLAGOWE\u00ae","og_description":"Adam Bodnar napisa\u0142 przedmow\u0119 do ksi\u0105\u017cki Ferdynanda von Schiracha, wnuka zbrodniarza wojennego i przyw\u00f3dcy Hitlerjugend. W swoim manife\u015bcie niemiecki pisarz","og_url":"https:\/\/www.pogotowieflagowe.pl\/aktualne\/bodnar-pisze-przedmowe-do-ksiazki-wnuka-przywodcy-hitlerjugend-gazeta-polska-manifest-dla-niemieckiej-ue\/","og_site_name":"POGOTOWIE FLAGOWE\u00ae","article_published_time":"2026-09-05T19:50:23+00:00","article_modified_time":"2026-09-05T19:50:24+00:00","og_image":[{"width":1280,"height":719,"url":"https:\/\/www.pogotowieflagowe.pl\/aktualne\/wp-content\/uploads\/2026\/09\/Bodnar-pisze-przedmowe-do-ksiazki-wnuka-przywodcy-Hitlerjugend-\u201eGazeta-Polska.webp","type":"image\/webp"}],"author":"Filip","twitter_card":"summary_large_image","twitter_misc":{"Napisane przez":"Filip","Szacowany czas czytania":"2 minuty"},"schema":{"@context":"https:\/\/schema.org","@graph":[{"@type":"Article","@id":"https:\/\/www.pogotowieflagowe.pl\/aktualne\/bodnar-pisze-przedmowe-do-ksiazki-wnuka-przywodcy-hitlerjugend-gazeta-polska-manifest-dla-niemieckiej-ue\/#article","isPartOf":{"@id":"https:\/\/www.pogotowieflagowe.pl\/aktualne\/bodnar-pisze-przedmowe-do-ksiazki-wnuka-przywodcy-hitlerjugend-gazeta-polska-manifest-dla-niemieckiej-ue\/"},"author":{"name":"Filip","@id":"https:\/\/www.pogotowieflagowe.pl\/aktualne\/#\/schema\/person\/9c2fb7d2362ebf6fa088960d7f0d27b0"},"headline":"Bodnar pisze przedmow\u0119 do ksi\u0105\u017cki wnuka przyw\u00f3dcy Hitlerjugend. \u201eGazeta Polska\u201d: Manifest dla niemieckiej UE","datePublished":"2026-09-05T19:50:23+00:00","dateModified":"2026-09-05T19:50:24+00:00","mainEntityOfPage":{"@id":"https:\/\/www.pogotowieflagowe.pl\/aktualne\/bodnar-pisze-przedmowe-do-ksiazki-wnuka-przywodcy-hitlerjugend-gazeta-polska-manifest-dla-niemieckiej-ue\/"},"wordCount":453,"commentCount":0,"publisher":{"@id":"https:\/\/www.pogotowieflagowe.pl\/aktualne\/#organization"},"image":{"@id":"https:\/\/www.pogotowieflagowe.pl\/aktualne\/bodnar-pisze-przedmowe-do-ksiazki-wnuka-przywodcy-hitlerjugend-gazeta-polska-manifest-dla-niemieckiej-ue\/#primaryimage"},"thumbnailUrl":"https:\/\/www.pogotowieflagowe.pl\/aktualne\/wp-content\/uploads\/2026\/09\/Bodnar-pisze-przedmowe-do-ksiazki-wnuka-przywodcy-Hitlerjugend-\u201eGazeta-Polska.webp","keywords":["Bodnar","dla","Gazeta","Hitlerjugend","ksi\u0105\u017cki","Manifest","niemieckiej","pisze","polska","przedmow\u0119","przyw\u00f3dcy","wnuka"],"articleSection":["Aktualne"],"inLanguage":"pl-PL","potentialAction":[{"@type":"CommentAction","name":"Comment","target":["https:\/\/www.pogotowieflagowe.pl\/aktualne\/bodnar-pisze-przedmowe-do-ksiazki-wnuka-przywodcy-hitlerjugend-gazeta-polska-manifest-dla-niemieckiej-ue\/#respond"]}]},{"@type":"WebPage","@id":"https:\/\/www.pogotowieflagowe.pl\/aktualne\/bodnar-pisze-przedmowe-do-ksiazki-wnuka-przywodcy-hitlerjugend-gazeta-polska-manifest-dla-niemieckiej-ue\/","url":"https:\/\/www.pogotowieflagowe.pl\/aktualne\/bodnar-pisze-przedmowe-do-ksiazki-wnuka-przywodcy-hitlerjugend-gazeta-polska-manifest-dla-niemieckiej-ue\/","name":"Bodnar pisze przedmow\u0119 do ksi\u0105\u017cki wnuka przyw\u00f3dcy Hitlerjugend. \u201eGazeta Polska\u201d: Manifest dla niemieckiej UE - POGOTOWIE FLAGOWE\u00ae","isPartOf":{"@id":"https:\/\/www.pogotowieflagowe.pl\/aktualne\/#website"},"primaryImageOfPage":{"@id":"https:\/\/www.pogotowieflagowe.pl\/aktualne\/bodnar-pisze-przedmowe-do-ksiazki-wnuka-przywodcy-hitlerjugend-gazeta-polska-manifest-dla-niemieckiej-ue\/#primaryimage"},"image":{"@id":"https:\/\/www.pogotowieflagowe.pl\/aktualne\/bodnar-pisze-przedmowe-do-ksiazki-wnuka-przywodcy-hitlerjugend-gazeta-polska-manifest-dla-niemieckiej-ue\/#primaryimage"},"thumbnailUrl":"https:\/\/www.pogotowieflagowe.pl\/aktualne\/wp-content\/uploads\/2026\/09\/Bodnar-pisze-przedmowe-do-ksiazki-wnuka-przywodcy-Hitlerjugend-\u201eGazeta-Polska.webp","datePublished":"2026-09-05T19:50:23+00:00","dateModified":"2026-09-05T19:50:24+00:00","breadcrumb":{"@id":"https:\/\/www.pogotowieflagowe.pl\/aktualne\/bodnar-pisze-przedmowe-do-ksiazki-wnuka-przywodcy-hitlerjugend-gazeta-polska-manifest-dla-niemieckiej-ue\/#breadcrumb"},"inLanguage":"pl-PL","potentialAction":[{"@type":"ReadAction","target":["https:\/\/www.pogotowieflagowe.pl\/aktualne\/bodnar-pisze-przedmowe-do-ksiazki-wnuka-przywodcy-hitlerjugend-gazeta-polska-manifest-dla-niemieckiej-ue\/"]}]},{"@type":"ImageObject","inLanguage":"pl-PL","@id":"https:\/\/www.pogotowieflagowe.pl\/aktualne\/bodnar-pisze-przedmowe-do-ksiazki-wnuka-przywodcy-hitlerjugend-gazeta-polska-manifest-dla-niemieckiej-ue\/#primaryimage","url":"https:\/\/www.pogotowieflagowe.pl\/aktualne\/wp-content\/uploads\/2026\/09\/Bodnar-pisze-przedmowe-do-ksiazki-wnuka-przywodcy-Hitlerjugend-\u201eGazeta-Polska.webp","contentUrl":"https:\/\/www.pogotowieflagowe.pl\/aktualne\/wp-content\/uploads\/2026\/09\/Bodnar-pisze-przedmowe-do-ksiazki-wnuka-przywodcy-Hitlerjugend-\u201eGazeta-Polska.webp","width":1280,"height":719},{"@type":"BreadcrumbList","@id":"https:\/\/www.pogotowieflagowe.pl\/aktualne\/bodnar-pisze-przedmowe-do-ksiazki-wnuka-przywodcy-hitlerjugend-gazeta-polska-manifest-dla-niemieckiej-ue\/#breadcrumb","itemListElement":[{"@type":"ListItem","position":1,"name":"Home","item":"https:\/\/www.pogotowieflagowe.pl\/aktualne\/"},{"@type":"ListItem","position":2,"name":"Bodnar pisze przedmow\u0119 do ksi\u0105\u017cki wnuka przyw\u00f3dcy Hitlerjugend. \u201eGazeta Polska\u201d: Manifest dla niemieckiej UE"}]},{"@type":"WebSite","@id":"https:\/\/www.pogotowieflagowe.pl\/aktualne\/#website","url":"https:\/\/www.pogotowieflagowe.pl\/aktualne\/","name":"POGOTOWIE FLAGOWE\u00ae","description":"","publisher":{"@id":"https:\/\/www.pogotowieflagowe.pl\/aktualne\/#organization"},"potentialAction":[{"@type":"SearchAction","target":{"@type":"EntryPoint","urlTemplate":"https:\/\/www.pogotowieflagowe.pl\/aktualne\/?s={search_term_string}"},"query-input":"required name=search_term_string"}],"inLanguage":"pl-PL"},{"@type":"Organization","@id":"https:\/\/www.pogotowieflagowe.pl\/aktualne\/#organization","name":"POGOTOWIE FLAGOWE\u00ae","url":"https:\/\/www.pogotowieflagowe.pl\/aktualne\/","logo":{"@type":"ImageObject","inLanguage":"pl-PL","@id":"https:\/\/www.pogotowieflagowe.pl\/aktualne\/#\/schema\/logo\/image\/","url":"https:\/\/www.pogotowieflagowe.pl\/aktualne\/wp-content\/uploads\/2024\/08\/cropped-pogotowieflagowe_flaga_projekt_sm.jpg","contentUrl":"https:\/\/www.pogotowieflagowe.pl\/aktualne\/wp-content\/uploads\/2024\/08\/cropped-pogotowieflagowe_flaga_projekt_sm.jpg","width":250,"height":143,"caption":"POGOTOWIE FLAGOWE\u00ae"},"image":{"@id":"https:\/\/www.pogotowieflagowe.pl\/aktualne\/#\/schema\/logo\/image\/"}},{"@type":"Person","@id":"https:\/\/www.pogotowieflagowe.pl\/aktualne\/#\/schema\/person\/9c2fb7d2362ebf6fa088960d7f0d27b0","name":"Filip","image":{"@type":"ImageObject","inLanguage":"pl-PL","@id":"https:\/\/www.pogotowieflagowe.pl\/aktualne\/#\/schema\/person\/image\/","url":"https:\/\/www.pogotowieflagowe.pl\/aktualne\/wp-content\/uploads\/2024\/08\/pogotowieflagowe.pl_.jpg","contentUrl":"https:\/\/www.pogotowieflagowe.pl\/aktualne\/wp-content\/uploads\/2024\/08\/pogotowieflagowe.pl_.jpg","caption":"Filip"},"description":"Jestem Filip, polski dziennikarz z dyplomem nauk politycznych Uniwersytetu Warszawskiego. Rozpoczynaj\u0105c swoj\u0105 karier\u0119 w r\u00f3\u017cnych lokalnych mediach, zdoby\u0142em solidne do\u015bwiadczenie w zakresie \u015bledztwa i redakcji. Obecnie jako redaktor w Pogotowie flagowe, staram si\u0119 dostarcza\u0107 dog\u0142\u0119bne i istotne analizy na temat najwa\u017cniejszych kwestii aktualno\u015bci, \u0142\u0105cz\u0105c rygor z pasj\u0105 dziennikarsk\u0105.","sameAs":["https:\/\/www.pogotowieflagowe.pl\/"]}]}},"_links":{"self":[{"href":"https:\/\/www.pogotowieflagowe.pl\/aktualne\/wp-json\/wp\/v2\/posts\/13561","targetHints":{"allow":["GET"]}}],"collection":[{"href":"https:\/\/www.pogotowieflagowe.pl\/aktualne\/wp-json\/wp\/v2\/posts"}],"about":[{"href":"https:\/\/www.pogotowieflagowe.pl\/aktualne\/wp-json\/wp\/v2\/types\/post"}],"author":[{"embeddable":true,"href":"https:\/\/www.pogotowieflagowe.pl\/aktualne\/wp-json\/wp\/v2\/users\/1"}],"replies":[{"embeddable":true,"href":"https:\/\/www.pogotowieflagowe.pl\/aktualne\/wp-json\/wp\/v2\/comments?post=13561"}],"version-history":[{"count":1,"href":"https:\/\/www.pogotowieflagowe.pl\/aktualne\/wp-json\/wp\/v2\/posts\/13561\/revisions"}],"predecessor-version":[{"id":13563,"href":"https:\/\/www.pogotowieflagowe.pl\/aktualne\/wp-json\/wp\/v2\/posts\/13561\/revisions\/13563"}],"wp:featuredmedia":[{"embeddable":true,"href":"https:\/\/www.pogotowieflagowe.pl\/aktualne\/wp-json\/wp\/v2\/media\/13562"}],"wp:attachment":[{"href":"https:\/\/www.pogotowieflagowe.pl\/aktualne\/wp-json\/wp\/v2\/media?parent=13561"}],"wp:term":[{"taxonomy":"category","embeddable":true,"href":"https:\/\/www.pogotowieflagowe.pl\/aktualne\/wp-json\/wp\/v2\/categories?post=13561"},{"taxonomy":"post_tag","embeddable":true,"href":"https:\/\/www.pogotowieflagowe.pl\/aktualne\/wp-json\/wp\/v2\/tags?post=13561"}],"curies":[{"name":"wp","href":"https:\/\/api.w.org\/{rel}","templated":true}]}}