{"id":13564,"date":"2026-09-06T01:49:18","date_gmt":"2026-09-05T23:49:18","guid":{"rendered":"https:\/\/www.pogotowieflagowe.pl\/aktualne\/wierzymy-w-znaczenie-bezpieczenstwa-naszych-obywateli-meloni-odpowiada-nawrockiemu\/"},"modified":"2026-09-06T01:49:19","modified_gmt":"2026-09-05T23:49:19","slug":"wierzymy-w-znaczenie-bezpieczenstwa-naszych-obywateli-meloni-odpowiada-nawrockiemu","status":"publish","type":"post","link":"https:\/\/www.pogotowieflagowe.pl\/aktualne\/wierzymy-w-znaczenie-bezpieczenstwa-naszych-obywateli-meloni-odpowiada-nawrockiemu\/","title":{"rendered":"\u201eWierzymy w znaczenie bezpiecze\u0144stwa naszych obywateli\u201d. Meloni odpowiada Nawrockiemu"},"content":{"rendered":"<div data-td-block-uid=\"tdi_41\">\n<div class=\"tdb-block-inner td-fix-index\">\n<p class=\"wp-block-paragraph\"><strong>\u201eJestem przekonany, \u017ce W\u0142ochy i Polska b\u0119d\u0105 w dalszym ci\u0105gu wzmacnia\u0107 swoje wi\u0119zi i wsp\u00f3\u0142pracowa\u0107 w Europie oraz na g\u0142\u00f3wnej mi\u0119dzynarodowej scenie politycznej\u201d \u2013 doda\u0142.<\/strong> Premier W\u0142och Giorgia Meloni napisa\u0142a w sobot\u0119 w X. Odpowiada\u0142a na gratulacje z\u0142o\u017cone jej poprzedniego dnia przez Prezydenta RP Karola Nawrockiego.<\/p>\n<p class=\"wp-block-paragraph\">W pi\u0105tek rz\u0105d Giorgii Meloni sta\u0142 si\u0119 najd\u0142u\u017cej nieprzerwanym gabinetem w historii Republiki W\u0142oskiej, pobijaj\u0105c rekord ustanowiony wcze\u015bniej przez drugi rz\u0105d Silvio Berlusconiego. W ci\u0105gu ponad trzech lat swojej kadencji koalicja musia\u0142a mierzy\u0107 si\u0119 z napi\u0119ciami i sporami pomi\u0119dzy partiami tworz\u0105cymi rz\u0105d, a tak\u017ce kolejnymi kryzysami mi\u0119dzynarodowymi i ich konsekwencjami dla gospodarki. Pomimo tych wyzwa\u0144 rz\u0105d utrzyma\u0142 si\u0119 u w\u0142adzy i pobi\u0142 rekord najd\u0142u\u017cszej nieprzerwanej kadencji.<\/p>\n<p class=\"wp-block-paragraph\">Aby uczci\u0107 to historyczne osi\u0105gni\u0119cie, Prezydent Polski Karol Nawrocki pogratulowa\u0142 premierowi W\u0142och, podkre\u015blaj\u0105c, \u017ce sukces Meloni jest dowodem nie tylko jej przyw\u00f3dztwa, ale przede wszystkim <strong>\u201etrwa\u0142e zaufanie, jakim darz\u0105 j\u0105 W\u0142osi\u201d.<\/strong> <strong>&#8222;Polska i ja osobi\u015bcie bardzo cenimy nasz\u0105 blisk\u0105 przyja\u017a\u0144 z W\u0142ochami. Nie mog\u0119 si\u0119 doczeka\u0107 dalszego rozwoju naszej silnej wsp\u00f3\u0142pracy, opartej na wsp\u00f3lnych warto\u015bciach i wsp\u00f3lnej wizji bezpiecznej i dostatniej Europy&#8221;<\/strong> napisa\u0142 na X.<\/p>\n<h2 class=\"wp-block-heading\">Wsp\u00f3\u0142praca na scenie mi\u0119dzynarodowej<\/h2>\n<p class=\"wp-block-paragraph\">W sobot\u0119 premier W\u0142och odpowiedzia\u0142 na post polskiego prezydenta. \u2013 (\u2026) bardzo dzi\u0119kujemy za gratulacje i za przyja\u017a\u0144, kt\u00f3ra nas \u0142\u0105czy. <strong>\u201eOboje wierzymy w znaczenie bezpiecze\u0144stwa naszych obywateli i w siln\u0105 Europ\u0119 opart\u0105 na jej warto\u015bciach\u201d \u2013 doda\u0142.<\/strong> \u2013 napisa\u0142a w mediach spo\u0142eczno\u015bciowych.<\/p>\n<blockquote class=\"wp-block-quote is-layout-flow wp-block-quote-is-layout-flow\">\n<p class=\"wp-block-paragraph\"><strong>\u201eJestem przekonany, \u017ce W\u0142ochy i Polska b\u0119d\u0105 w dalszym ci\u0105gu wzmacnia\u0107 swoje wi\u0119zi i wsp\u00f3\u0142pracowa\u0107 w Europie oraz na g\u0142\u00f3wnej mi\u0119dzynarodowej scenie politycznej\u201d \u2013 doda\u0142.<\/strong> \u2013 podkre\u015bli\u0142 Meloni.<\/p>\n<\/blockquote>\n<p class=\"wp-block-paragraph\">Rz\u0105d Giorgii Meloni zosta\u0142 zaprzysi\u0119\u017cony 22 pa\u017adziernika 2022 roku, po zwyci\u0119stwie centroprawicowej koalicji w wyborach parlamentarnych.<\/p>\n<figure class=\"wp-block-embed is-type-rich is-provider-x wp-block-embed-x\">\n<div class=\"wp-block-embed__wrapper\">\n<blockquote class=\"twitter-tweet\" data-width=\"550\" data-dnt=\"true\">\n<p lang=\"it\" dir=\"ltr\">Caro @NawrockiKn, podzi\u0119kuj davvero za gratulacje i mi\u0142e s\u0142owa. Entrambi crediamo nell&#8217;importanza della sicurezza dei nostri cittadini e in un&#8217;Europa forte e fondata sui suoi valori.<br \/>Sono certa che Italia e Polonia kontynuujranno a rafforzare i propri legami ea\u2026 https:\/\/t.co\/Ixh4SFfoTO<\/p>\n<p>\u2014 Giorgia Meloni (@GiorgiaMeloni) 5 wrze\u015bnia 2026 r<\/p><\/blockquote>\n<\/div>\n<\/figure>\n<\/div>\n<\/div>\n","protected":false},"excerpt":{"rendered":"<p>\u201eJestem przekonany, \u017ce W\u0142ochy i Polska b\u0119d\u0105 w dalszym ci\u0105gu wzmacnia\u0107 swoje wi\u0119zi i wsp\u00f3\u0142pracowa\u0107 w Europie oraz na g\u0142\u00f3wnej<\/p>\n","protected":false},"author":1,"featured_media":13565,"comment_status":"open","ping_status":"open","sticky":false,"template":"","format":"standard","meta":{"footnotes":""},"categories":[44],"tags":[2852,6099,1076,11652,2041,3105,14391,779],"class_list":["post-13564","post","type-post","status-publish","format-standard","has-post-thumbnail","hentry","category-polityka","tag-bezpieczenstwa","tag-meloni","tag-naszych","tag-nawrockiemu","tag-obywateli","tag-odpowiada","tag-wierzymy","tag-znaczenie","generate-columns","tablet-grid-50","mobile-grid-100","grid-parent","grid-50","resize-featured-image"],"yoast_head":"<!-- This site is optimized with the Yoast SEO plugin v23.2 - https:\/\/yoast.com\/wordpress\/plugins\/seo\/ -->\n<title>\u201eWierzymy w znaczenie bezpiecze\u0144stwa naszych obywateli\u201d. Meloni odpowiada Nawrockiemu - POGOTOWIE FLAGOWE\u00ae<\/title>\n<meta name=\"robots\" content=\"index, follow, max-snippet:-1, max-image-preview:large, max-video-preview:-1\" \/>\n<link rel=\"canonical\" href=\"https:\/\/www.pogotowieflagowe.pl\/aktualne\/wierzymy-w-znaczenie-bezpieczenstwa-naszych-obywateli-meloni-odpowiada-nawrockiemu\/\" \/>\n<meta property=\"og:locale\" content=\"pl_PL\" \/>\n<meta property=\"og:type\" content=\"article\" \/>\n<meta property=\"og:title\" content=\"\u201eWierzymy w znaczenie bezpiecze\u0144stwa naszych obywateli\u201d. Meloni odpowiada Nawrockiemu - POGOTOWIE FLAGOWE\u00ae\" \/>\n<meta property=\"og:description\" content=\"\u201eJestem przekonany, \u017ce W\u0142ochy i Polska b\u0119d\u0105 w dalszym ci\u0105gu wzmacnia\u0107 swoje wi\u0119zi i wsp\u00f3\u0142pracowa\u0107 w Europie oraz na g\u0142\u00f3wnej\" \/>\n<meta property=\"og:url\" content=\"https:\/\/www.pogotowieflagowe.pl\/aktualne\/wierzymy-w-znaczenie-bezpieczenstwa-naszych-obywateli-meloni-odpowiada-nawrockiemu\/\" \/>\n<meta property=\"og:site_name\" content=\"POGOTOWIE FLAGOWE\u00ae\" \/>\n<meta property=\"article:published_time\" content=\"2026-09-05T23:49:18+00:00\" \/>\n<meta property=\"article:modified_time\" content=\"2026-09-05T23:49:19+00:00\" \/>\n<meta property=\"og:image\" content=\"https:\/\/www.pogotowieflagowe.pl\/aktualne\/wp-content\/uploads\/2026\/09\/\u201eWierzymy-w-znaczenie-bezpieczenstwa-naszych-obywateli-Meloni-odpowiada-Nawrockiemu.webp\" \/>\n\t<meta property=\"og:image:width\" content=\"1280\" \/>\n\t<meta property=\"og:image:height\" content=\"720\" \/>\n\t<meta property=\"og:image:type\" content=\"image\/webp\" \/>\n<meta name=\"author\" content=\"Filip\" \/>\n<meta name=\"twitter:card\" content=\"summary_large_image\" \/>\n<meta name=\"twitter:label1\" content=\"Napisane przez\" \/>\n\t<meta name=\"twitter:data1\" content=\"Filip\" \/>\n\t<meta name=\"twitter:label2\" content=\"Szacowany czas czytania\" \/>\n\t<meta name=\"twitter:data2\" content=\"2 minuty\" \/>\n<script type=\"application\/ld+json\" class=\"yoast-schema-graph\">{\"@context\":\"https:\/\/schema.org\",\"@graph\":[{\"@type\":\"Article\",\"@id\":\"https:\/\/www.pogotowieflagowe.pl\/aktualne\/wierzymy-w-znaczenie-bezpieczenstwa-naszych-obywateli-meloni-odpowiada-nawrockiemu\/#article\",\"isPartOf\":{\"@id\":\"https:\/\/www.pogotowieflagowe.pl\/aktualne\/wierzymy-w-znaczenie-bezpieczenstwa-naszych-obywateli-meloni-odpowiada-nawrockiemu\/\"},\"author\":{\"name\":\"Filip\",\"@id\":\"https:\/\/www.pogotowieflagowe.pl\/aktualne\/#\/schema\/person\/9c2fb7d2362ebf6fa088960d7f0d27b0\"},\"headline\":\"\u201eWierzymy w znaczenie bezpiecze\u0144stwa naszych obywateli\u201d. Meloni odpowiada Nawrockiemu\",\"datePublished\":\"2026-09-05T23:49:18+00:00\",\"dateModified\":\"2026-09-05T23:49:19+00:00\",\"mainEntityOfPage\":{\"@id\":\"https:\/\/www.pogotowieflagowe.pl\/aktualne\/wierzymy-w-znaczenie-bezpieczenstwa-naszych-obywateli-meloni-odpowiada-nawrockiemu\/\"},\"wordCount\":392,\"commentCount\":0,\"publisher\":{\"@id\":\"https:\/\/www.pogotowieflagowe.pl\/aktualne\/#organization\"},\"image\":{\"@id\":\"https:\/\/www.pogotowieflagowe.pl\/aktualne\/wierzymy-w-znaczenie-bezpieczenstwa-naszych-obywateli-meloni-odpowiada-nawrockiemu\/#primaryimage\"},\"thumbnailUrl\":\"https:\/\/www.pogotowieflagowe.pl\/aktualne\/wp-content\/uploads\/2026\/09\/\u201eWierzymy-w-znaczenie-bezpieczenstwa-naszych-obywateli-Meloni-odpowiada-Nawrockiemu.webp\",\"keywords\":[\"bezpiecze\u0144stwa\",\"Meloni\",\"naszych\",\"Nawrockiemu\",\"obywateli\",\"odpowiada\",\"Wierzymy\",\"znaczenie\"],\"articleSection\":[\"Polityka\"],\"inLanguage\":\"pl-PL\",\"potentialAction\":[{\"@type\":\"CommentAction\",\"name\":\"Comment\",\"target\":[\"https:\/\/www.pogotowieflagowe.pl\/aktualne\/wierzymy-w-znaczenie-bezpieczenstwa-naszych-obywateli-meloni-odpowiada-nawrockiemu\/#respond\"]}]},{\"@type\":\"WebPage\",\"@id\":\"https:\/\/www.pogotowieflagowe.pl\/aktualne\/wierzymy-w-znaczenie-bezpieczenstwa-naszych-obywateli-meloni-odpowiada-nawrockiemu\/\",\"url\":\"https:\/\/www.pogotowieflagowe.pl\/aktualne\/wierzymy-w-znaczenie-bezpieczenstwa-naszych-obywateli-meloni-odpowiada-nawrockiemu\/\",\"name\":\"\u201eWierzymy w znaczenie bezpiecze\u0144stwa naszych obywateli\u201d. Meloni odpowiada Nawrockiemu - POGOTOWIE FLAGOWE\u00ae\",\"isPartOf\":{\"@id\":\"https:\/\/www.pogotowieflagowe.pl\/aktualne\/#website\"},\"primaryImageOfPage\":{\"@id\":\"https:\/\/www.pogotowieflagowe.pl\/aktualne\/wierzymy-w-znaczenie-bezpieczenstwa-naszych-obywateli-meloni-odpowiada-nawrockiemu\/#primaryimage\"},\"image\":{\"@id\":\"https:\/\/www.pogotowieflagowe.pl\/aktualne\/wierzymy-w-znaczenie-bezpieczenstwa-naszych-obywateli-meloni-odpowiada-nawrockiemu\/#primaryimage\"},\"thumbnailUrl\":\"https:\/\/www.pogotowieflagowe.pl\/aktualne\/wp-content\/uploads\/2026\/09\/\u201eWierzymy-w-znaczenie-bezpieczenstwa-naszych-obywateli-Meloni-odpowiada-Nawrockiemu.webp\",\"datePublished\":\"2026-09-05T23:49:18+00:00\",\"dateModified\":\"2026-09-05T23:49:19+00:00\",\"breadcrumb\":{\"@id\":\"https:\/\/www.pogotowieflagowe.pl\/aktualne\/wierzymy-w-znaczenie-bezpieczenstwa-naszych-obywateli-meloni-odpowiada-nawrockiemu\/#breadcrumb\"},\"inLanguage\":\"pl-PL\",\"potentialAction\":[{\"@type\":\"ReadAction\",\"target\":[\"https:\/\/www.pogotowieflagowe.pl\/aktualne\/wierzymy-w-znaczenie-bezpieczenstwa-naszych-obywateli-meloni-odpowiada-nawrockiemu\/\"]}]},{\"@type\":\"ImageObject\",\"inLanguage\":\"pl-PL\",\"@id\":\"https:\/\/www.pogotowieflagowe.pl\/aktualne\/wierzymy-w-znaczenie-bezpieczenstwa-naszych-obywateli-meloni-odpowiada-nawrockiemu\/#primaryimage\",\"url\":\"https:\/\/www.pogotowieflagowe.pl\/aktualne\/wp-content\/uploads\/2026\/09\/\u201eWierzymy-w-znaczenie-bezpieczenstwa-naszych-obywateli-Meloni-odpowiada-Nawrockiemu.webp\",\"contentUrl\":\"https:\/\/www.pogotowieflagowe.pl\/aktualne\/wp-content\/uploads\/2026\/09\/\u201eWierzymy-w-znaczenie-bezpieczenstwa-naszych-obywateli-Meloni-odpowiada-Nawrockiemu.webp\",\"width\":1280,\"height\":720},{\"@type\":\"BreadcrumbList\",\"@id\":\"https:\/\/www.pogotowieflagowe.pl\/aktualne\/wierzymy-w-znaczenie-bezpieczenstwa-naszych-obywateli-meloni-odpowiada-nawrockiemu\/#breadcrumb\",\"itemListElement\":[{\"@type\":\"ListItem\",\"position\":1,\"name\":\"Home\",\"item\":\"https:\/\/www.pogotowieflagowe.pl\/aktualne\/\"},{\"@type\":\"ListItem\",\"position\":2,\"name\":\"\u201eWierzymy w znaczenie bezpiecze\u0144stwa naszych obywateli\u201d. Meloni odpowiada Nawrockiemu\"}]},{\"@type\":\"WebSite\",\"@id\":\"https:\/\/www.pogotowieflagowe.pl\/aktualne\/#website\",\"url\":\"https:\/\/www.pogotowieflagowe.pl\/aktualne\/\",\"name\":\"POGOTOWIE FLAGOWE\u00ae\",\"description\":\"\",\"publisher\":{\"@id\":\"https:\/\/www.pogotowieflagowe.pl\/aktualne\/#organization\"},\"potentialAction\":[{\"@type\":\"SearchAction\",\"target\":{\"@type\":\"EntryPoint\",\"urlTemplate\":\"https:\/\/www.pogotowieflagowe.pl\/aktualne\/?s={search_term_string}\"},\"query-input\":\"required name=search_term_string\"}],\"inLanguage\":\"pl-PL\"},{\"@type\":\"Organization\",\"@id\":\"https:\/\/www.pogotowieflagowe.pl\/aktualne\/#organization\",\"name\":\"POGOTOWIE FLAGOWE\u00ae\",\"url\":\"https:\/\/www.pogotowieflagowe.pl\/aktualne\/\",\"logo\":{\"@type\":\"ImageObject\",\"inLanguage\":\"pl-PL\",\"@id\":\"https:\/\/www.pogotowieflagowe.pl\/aktualne\/#\/schema\/logo\/image\/\",\"url\":\"https:\/\/www.pogotowieflagowe.pl\/aktualne\/wp-content\/uploads\/2024\/08\/cropped-pogotowieflagowe_flaga_projekt_sm.jpg\",\"contentUrl\":\"https:\/\/www.pogotowieflagowe.pl\/aktualne\/wp-content\/uploads\/2024\/08\/cropped-pogotowieflagowe_flaga_projekt_sm.jpg\",\"width\":250,\"height\":143,\"caption\":\"POGOTOWIE FLAGOWE\u00ae\"},\"image\":{\"@id\":\"https:\/\/www.pogotowieflagowe.pl\/aktualne\/#\/schema\/logo\/image\/\"}},{\"@type\":\"Person\",\"@id\":\"https:\/\/www.pogotowieflagowe.pl\/aktualne\/#\/schema\/person\/9c2fb7d2362ebf6fa088960d7f0d27b0\",\"name\":\"Filip\",\"image\":{\"@type\":\"ImageObject\",\"inLanguage\":\"pl-PL\",\"@id\":\"https:\/\/www.pogotowieflagowe.pl\/aktualne\/#\/schema\/person\/image\/\",\"url\":\"https:\/\/www.pogotowieflagowe.pl\/aktualne\/wp-content\/uploads\/2024\/08\/pogotowieflagowe.pl_.jpg\",\"contentUrl\":\"https:\/\/www.pogotowieflagowe.pl\/aktualne\/wp-content\/uploads\/2024\/08\/pogotowieflagowe.pl_.jpg\",\"caption\":\"Filip\"},\"description\":\"Jestem Filip, polski dziennikarz z dyplomem nauk politycznych Uniwersytetu Warszawskiego. Rozpoczynaj\u0105c swoj\u0105 karier\u0119 w r\u00f3\u017cnych lokalnych mediach, zdoby\u0142em solidne do\u015bwiadczenie w zakresie \u015bledztwa i redakcji. Obecnie jako redaktor w Pogotowie flagowe, staram si\u0119 dostarcza\u0107 dog\u0142\u0119bne i istotne analizy na temat najwa\u017cniejszych kwestii aktualno\u015bci, \u0142\u0105cz\u0105c rygor z pasj\u0105 dziennikarsk\u0105.\",\"sameAs\":[\"https:\/\/www.pogotowieflagowe.pl\/\"]}]}<\/script>\n<!-- \/ Yoast SEO plugin. -->","yoast_head_json":{"title":"\u201eWierzymy w znaczenie bezpiecze\u0144stwa naszych obywateli\u201d. Meloni odpowiada Nawrockiemu - POGOTOWIE FLAGOWE\u00ae","robots":{"index":"index","follow":"follow","max-snippet":"max-snippet:-1","max-image-preview":"max-image-preview:large","max-video-preview":"max-video-preview:-1"},"canonical":"https:\/\/www.pogotowieflagowe.pl\/aktualne\/wierzymy-w-znaczenie-bezpieczenstwa-naszych-obywateli-meloni-odpowiada-nawrockiemu\/","og_locale":"pl_PL","og_type":"article","og_title":"\u201eWierzymy w znaczenie bezpiecze\u0144stwa naszych obywateli\u201d. Meloni odpowiada Nawrockiemu - POGOTOWIE FLAGOWE\u00ae","og_description":"\u201eJestem przekonany, \u017ce W\u0142ochy i Polska b\u0119d\u0105 w dalszym ci\u0105gu wzmacnia\u0107 swoje wi\u0119zi i wsp\u00f3\u0142pracowa\u0107 w Europie oraz na g\u0142\u00f3wnej","og_url":"https:\/\/www.pogotowieflagowe.pl\/aktualne\/wierzymy-w-znaczenie-bezpieczenstwa-naszych-obywateli-meloni-odpowiada-nawrockiemu\/","og_site_name":"POGOTOWIE FLAGOWE\u00ae","article_published_time":"2026-09-05T23:49:18+00:00","article_modified_time":"2026-09-05T23:49:19+00:00","og_image":[{"width":1280,"height":720,"url":"https:\/\/www.pogotowieflagowe.pl\/aktualne\/wp-content\/uploads\/2026\/09\/\u201eWierzymy-w-znaczenie-bezpieczenstwa-naszych-obywateli-Meloni-odpowiada-Nawrockiemu.webp","type":"image\/webp"}],"author":"Filip","twitter_card":"summary_large_image","twitter_misc":{"Napisane przez":"Filip","Szacowany czas czytania":"2 minuty"},"schema":{"@context":"https:\/\/schema.org","@graph":[{"@type":"Article","@id":"https:\/\/www.pogotowieflagowe.pl\/aktualne\/wierzymy-w-znaczenie-bezpieczenstwa-naszych-obywateli-meloni-odpowiada-nawrockiemu\/#article","isPartOf":{"@id":"https:\/\/www.pogotowieflagowe.pl\/aktualne\/wierzymy-w-znaczenie-bezpieczenstwa-naszych-obywateli-meloni-odpowiada-nawrockiemu\/"},"author":{"name":"Filip","@id":"https:\/\/www.pogotowieflagowe.pl\/aktualne\/#\/schema\/person\/9c2fb7d2362ebf6fa088960d7f0d27b0"},"headline":"\u201eWierzymy w znaczenie bezpiecze\u0144stwa naszych obywateli\u201d. Meloni odpowiada Nawrockiemu","datePublished":"2026-09-05T23:49:18+00:00","dateModified":"2026-09-05T23:49:19+00:00","mainEntityOfPage":{"@id":"https:\/\/www.pogotowieflagowe.pl\/aktualne\/wierzymy-w-znaczenie-bezpieczenstwa-naszych-obywateli-meloni-odpowiada-nawrockiemu\/"},"wordCount":392,"commentCount":0,"publisher":{"@id":"https:\/\/www.pogotowieflagowe.pl\/aktualne\/#organization"},"image":{"@id":"https:\/\/www.pogotowieflagowe.pl\/aktualne\/wierzymy-w-znaczenie-bezpieczenstwa-naszych-obywateli-meloni-odpowiada-nawrockiemu\/#primaryimage"},"thumbnailUrl":"https:\/\/www.pogotowieflagowe.pl\/aktualne\/wp-content\/uploads\/2026\/09\/\u201eWierzymy-w-znaczenie-bezpieczenstwa-naszych-obywateli-Meloni-odpowiada-Nawrockiemu.webp","keywords":["bezpiecze\u0144stwa","Meloni","naszych","Nawrockiemu","obywateli","odpowiada","Wierzymy","znaczenie"],"articleSection":["Polityka"],"inLanguage":"pl-PL","potentialAction":[{"@type":"CommentAction","name":"Comment","target":["https:\/\/www.pogotowieflagowe.pl\/aktualne\/wierzymy-w-znaczenie-bezpieczenstwa-naszych-obywateli-meloni-odpowiada-nawrockiemu\/#respond"]}]},{"@type":"WebPage","@id":"https:\/\/www.pogotowieflagowe.pl\/aktualne\/wierzymy-w-znaczenie-bezpieczenstwa-naszych-obywateli-meloni-odpowiada-nawrockiemu\/","url":"https:\/\/www.pogotowieflagowe.pl\/aktualne\/wierzymy-w-znaczenie-bezpieczenstwa-naszych-obywateli-meloni-odpowiada-nawrockiemu\/","name":"\u201eWierzymy w znaczenie bezpiecze\u0144stwa naszych obywateli\u201d. Meloni odpowiada Nawrockiemu - POGOTOWIE FLAGOWE\u00ae","isPartOf":{"@id":"https:\/\/www.pogotowieflagowe.pl\/aktualne\/#website"},"primaryImageOfPage":{"@id":"https:\/\/www.pogotowieflagowe.pl\/aktualne\/wierzymy-w-znaczenie-bezpieczenstwa-naszych-obywateli-meloni-odpowiada-nawrockiemu\/#primaryimage"},"image":{"@id":"https:\/\/www.pogotowieflagowe.pl\/aktualne\/wierzymy-w-znaczenie-bezpieczenstwa-naszych-obywateli-meloni-odpowiada-nawrockiemu\/#primaryimage"},"thumbnailUrl":"https:\/\/www.pogotowieflagowe.pl\/aktualne\/wp-content\/uploads\/2026\/09\/\u201eWierzymy-w-znaczenie-bezpieczenstwa-naszych-obywateli-Meloni-odpowiada-Nawrockiemu.webp","datePublished":"2026-09-05T23:49:18+00:00","dateModified":"2026-09-05T23:49:19+00:00","breadcrumb":{"@id":"https:\/\/www.pogotowieflagowe.pl\/aktualne\/wierzymy-w-znaczenie-bezpieczenstwa-naszych-obywateli-meloni-odpowiada-nawrockiemu\/#breadcrumb"},"inLanguage":"pl-PL","potentialAction":[{"@type":"ReadAction","target":["https:\/\/www.pogotowieflagowe.pl\/aktualne\/wierzymy-w-znaczenie-bezpieczenstwa-naszych-obywateli-meloni-odpowiada-nawrockiemu\/"]}]},{"@type":"ImageObject","inLanguage":"pl-PL","@id":"https:\/\/www.pogotowieflagowe.pl\/aktualne\/wierzymy-w-znaczenie-bezpieczenstwa-naszych-obywateli-meloni-odpowiada-nawrockiemu\/#primaryimage","url":"https:\/\/www.pogotowieflagowe.pl\/aktualne\/wp-content\/uploads\/2026\/09\/\u201eWierzymy-w-znaczenie-bezpieczenstwa-naszych-obywateli-Meloni-odpowiada-Nawrockiemu.webp","contentUrl":"https:\/\/www.pogotowieflagowe.pl\/aktualne\/wp-content\/uploads\/2026\/09\/\u201eWierzymy-w-znaczenie-bezpieczenstwa-naszych-obywateli-Meloni-odpowiada-Nawrockiemu.webp","width":1280,"height":720},{"@type":"BreadcrumbList","@id":"https:\/\/www.pogotowieflagowe.pl\/aktualne\/wierzymy-w-znaczenie-bezpieczenstwa-naszych-obywateli-meloni-odpowiada-nawrockiemu\/#breadcrumb","itemListElement":[{"@type":"ListItem","position":1,"name":"Home","item":"https:\/\/www.pogotowieflagowe.pl\/aktualne\/"},{"@type":"ListItem","position":2,"name":"\u201eWierzymy w znaczenie bezpiecze\u0144stwa naszych obywateli\u201d. Meloni odpowiada Nawrockiemu"}]},{"@type":"WebSite","@id":"https:\/\/www.pogotowieflagowe.pl\/aktualne\/#website","url":"https:\/\/www.pogotowieflagowe.pl\/aktualne\/","name":"POGOTOWIE FLAGOWE\u00ae","description":"","publisher":{"@id":"https:\/\/www.pogotowieflagowe.pl\/aktualne\/#organization"},"potentialAction":[{"@type":"SearchAction","target":{"@type":"EntryPoint","urlTemplate":"https:\/\/www.pogotowieflagowe.pl\/aktualne\/?s={search_term_string}"},"query-input":"required name=search_term_string"}],"inLanguage":"pl-PL"},{"@type":"Organization","@id":"https:\/\/www.pogotowieflagowe.pl\/aktualne\/#organization","name":"POGOTOWIE FLAGOWE\u00ae","url":"https:\/\/www.pogotowieflagowe.pl\/aktualne\/","logo":{"@type":"ImageObject","inLanguage":"pl-PL","@id":"https:\/\/www.pogotowieflagowe.pl\/aktualne\/#\/schema\/logo\/image\/","url":"https:\/\/www.pogotowieflagowe.pl\/aktualne\/wp-content\/uploads\/2024\/08\/cropped-pogotowieflagowe_flaga_projekt_sm.jpg","contentUrl":"https:\/\/www.pogotowieflagowe.pl\/aktualne\/wp-content\/uploads\/2024\/08\/cropped-pogotowieflagowe_flaga_projekt_sm.jpg","width":250,"height":143,"caption":"POGOTOWIE FLAGOWE\u00ae"},"image":{"@id":"https:\/\/www.pogotowieflagowe.pl\/aktualne\/#\/schema\/logo\/image\/"}},{"@type":"Person","@id":"https:\/\/www.pogotowieflagowe.pl\/aktualne\/#\/schema\/person\/9c2fb7d2362ebf6fa088960d7f0d27b0","name":"Filip","image":{"@type":"ImageObject","inLanguage":"pl-PL","@id":"https:\/\/www.pogotowieflagowe.pl\/aktualne\/#\/schema\/person\/image\/","url":"https:\/\/www.pogotowieflagowe.pl\/aktualne\/wp-content\/uploads\/2024\/08\/pogotowieflagowe.pl_.jpg","contentUrl":"https:\/\/www.pogotowieflagowe.pl\/aktualne\/wp-content\/uploads\/2024\/08\/pogotowieflagowe.pl_.jpg","caption":"Filip"},"description":"Jestem Filip, polski dziennikarz z dyplomem nauk politycznych Uniwersytetu Warszawskiego. Rozpoczynaj\u0105c swoj\u0105 karier\u0119 w r\u00f3\u017cnych lokalnych mediach, zdoby\u0142em solidne do\u015bwiadczenie w zakresie \u015bledztwa i redakcji. Obecnie jako redaktor w Pogotowie flagowe, staram si\u0119 dostarcza\u0107 dog\u0142\u0119bne i istotne analizy na temat najwa\u017cniejszych kwestii aktualno\u015bci, \u0142\u0105cz\u0105c rygor z pasj\u0105 dziennikarsk\u0105.","sameAs":["https:\/\/www.pogotowieflagowe.pl\/"]}]}},"_links":{"self":[{"href":"https:\/\/www.pogotowieflagowe.pl\/aktualne\/wp-json\/wp\/v2\/posts\/13564","targetHints":{"allow":["GET"]}}],"collection":[{"href":"https:\/\/www.pogotowieflagowe.pl\/aktualne\/wp-json\/wp\/v2\/posts"}],"about":[{"href":"https:\/\/www.pogotowieflagowe.pl\/aktualne\/wp-json\/wp\/v2\/types\/post"}],"author":[{"embeddable":true,"href":"https:\/\/www.pogotowieflagowe.pl\/aktualne\/wp-json\/wp\/v2\/users\/1"}],"replies":[{"embeddable":true,"href":"https:\/\/www.pogotowieflagowe.pl\/aktualne\/wp-json\/wp\/v2\/comments?post=13564"}],"version-history":[{"count":1,"href":"https:\/\/www.pogotowieflagowe.pl\/aktualne\/wp-json\/wp\/v2\/posts\/13564\/revisions"}],"predecessor-version":[{"id":13566,"href":"https:\/\/www.pogotowieflagowe.pl\/aktualne\/wp-json\/wp\/v2\/posts\/13564\/revisions\/13566"}],"wp:featuredmedia":[{"embeddable":true,"href":"https:\/\/www.pogotowieflagowe.pl\/aktualne\/wp-json\/wp\/v2\/media\/13565"}],"wp:attachment":[{"href":"https:\/\/www.pogotowieflagowe.pl\/aktualne\/wp-json\/wp\/v2\/media?parent=13564"}],"wp:term":[{"taxonomy":"category","embeddable":true,"href":"https:\/\/www.pogotowieflagowe.pl\/aktualne\/wp-json\/wp\/v2\/categories?post=13564"},{"taxonomy":"post_tag","embeddable":true,"href":"https:\/\/www.pogotowieflagowe.pl\/aktualne\/wp-json\/wp\/v2\/tags?post=13564"}],"curies":[{"name":"wp","href":"https:\/\/api.w.org\/{rel}","templated":true}]}}