{"id":1357,"date":"2024-10-18T22:48:13","date_gmt":"2024-10-18T20:48:13","guid":{"rendered":"https:\/\/www.pogotowieflagowe.pl\/aktualne\/polska-prezydencja-w-ue-i-bezpieczenstwo-gospodarcze-wsrod-kluczowych-tematow-efni-2024\/"},"modified":"2024-10-18T22:48:14","modified_gmt":"2024-10-18T20:48:14","slug":"polska-prezydencja-w-ue-i-bezpieczenstwo-gospodarcze-wsrod-kluczowych-tematow-efni-2024","status":"publish","type":"post","link":"https:\/\/www.pogotowieflagowe.pl\/aktualne\/polska-prezydencja-w-ue-i-bezpieczenstwo-gospodarcze-wsrod-kluczowych-tematow-efni-2024\/","title":{"rendered":"Polska prezydencja w UE i bezpiecze\u0144stwo gospodarcze w\u015br\u00f3d kluczowych temat\u00f3w EFNI 2024"},"content":{"rendered":"\n<div class=\"td_block_wrap tdb_single_content tdi_48 td-pb-border-top td_block_template_8 td-post-content tagdiv-type\" data-td-block-uid=\"tdi_48\">\n<style>.tdi_48{margines-g\u00f3rny:0px!important;margin-bottom:0px!important;dope\u0142nienie-g\u00f3ra:0px!important;dope\u0142nienie-d\u00f3\u0142:0px!important}<\/style>\n<style>.tdb_single_content{margin-bottom:0;*zoom:1}.tdb_single_content:before,.tdb_single_content:after{display:table;content:'';line-height:0}.tdb_single_content:after{clear:both}.tdb_single_content .tdb-block-inner>*:not(.wp-block-quote):not(.alignwide):not(.alignfull.wp-block-cover.has-parallax):not(.td-a-ad) {margin-left:auto;margin-right:auto}.tdb_single_content a{pointer-events:auto}.tdb_single_content .td-spot-id-top_ad .tdc-placeholder-title:before{content:'Najlepsza reklama artyku\u0142u'! wa\u017cne}.tdb_single_content .td-spot-id-inline_ad0 .tdc-placeholder-title:before{content:'Article Inline Ad 1'!important}.tdb_single_content .td-spot-id-inline_ad1 .tdc-placeholder-title:before {content:'Reklama wbudowana w artyku\u0142 2'!important}.tdb_single_content .td-spot-id-inline_ad2 .tdc-placeholder-title:before{content:'Reklama wbudowana w artyku\u0142 3'!important}.tdb_single_content .td-spot-id -bottom_ad .tdc-placeholder-title:before{content:'Article Bottom Ad'!important}.tdb_single_content .id_top_ad,.tdb_single_content .id_bottom_ad{clear:both;margin-bottom:21px;text-align:center}.tdb_single_content . id_top_ad img,.tdb_single_content .id_bottom_ad img{margin-bottom:0}.tdb_single_content .id_top_ad .adsbygoogle,.tdb_single_content .id_bottom_ad .adsbygoogle{position:relative}.tdb_single_content .id_ad_content-horiz- po lewej,.tdb_single_content .id_ad_content-horiz-right ,.tdb_single_content .id_ad_content-horiz-center{margin-bottom:15px}.tdb_single_content .id_ad_content-horiz-left img,.tdb_single_content .id_ad_content-horiz-right img,.tdb_single_content .id_ad_content-horiz -center img{margines-dolny: 0}.tdb_single_content .id_ad_content-horiz-center{text-align:center}.tdb_single_content .id_ad_content-horiz-center img{margin-right:auto;margin-left:auto}.tdb_single_content .id_ad_content-horiz-left{float: lewy;margin-g\u00f3rny:9px;margin-prawy:21px}.tdb_single_content .id_ad_content-horiz-right{float:right;margin-top:6px;margin-left:21px}.tdb_single_content .tdc-a-ad .tdc- placeholder-title{width:300px;height:250px}.tdb_single_content .tdc-a-ad .tdc-placeholder-title:before{position:absolute;top:50%;-webkit-transform:translateY(-50%); transform:translateY(-50%);margines:auto;display:table;width:100%}.tdb_single_content .tdb-block-inner.td-fix-index{word-break:break-word}.tdi_48,.tdi_48 >p,.tdi_48 .tdb-block-inner>p{font-size:16px!important;line-height:1.6!important}.tdi_48 .tdb-block-inner blockquote p{font-style:normal!important}@ media (maks. szeroko\u015b\u0107: 767 pikseli){.tdb_single_content .id_ad_content-horiz-left,.tdb_single_content .id_ad_content-horiz-right,.tdb_single_content .id_ad_content-horiz-center{margin:0 auto 26px auto}}@media (maks. szeroko\u015b\u0107 :767px){.tdb_single_content .id_ad_content-horiz-left{margin-right:0}}@media (max-width:767px){.tdb_single_content .id_ad_content-horiz-right{margin-left:0}}@media (max -width:767px){.tdb_single_content .td-a-ad{float:none;text-align:center}.tdb_single_content .td-a-ad img{margin-right:auto;margin-left:auto}.tdb_single_content . tdc-a-ad{float:none}}<\/style>\n<div class=\"tdb-block-inner td-fix-index\">\n<h2 class=\"wp-block-heading\">EFNI 2024 porusza kwesti\u0119 bezpiecze\u0144stwa gospodarczego, zdrowotnego i technologicznego, ze szczeg\u00f3lnym uwzgl\u0119dnieniem stosunk\u00f3w transatlantyckich i przysz\u0142o\u015bci Europy.<\/h2>\n<p>Drugi dzie\u0144 Europejskiego Forum Nowych Idei (EFNI) 2024 skupia\u0142 si\u0119 na kluczowych wyzwaniach stoj\u0105cych przed biznesem i spo\u0142ecze\u0144stwem.<\/p>\n<p>Podczas panelu po\u015bwi\u0119conego stosunkom transatlantyckim Marta Po\u015blad z Google podkre\u015bli\u0142a transformacyjny wp\u0142yw sztucznej inteligencji. Podkre\u015bli\u0142a znaczenie ochrony technologii przed niew\u0142a\u015bciwym wykorzystaniem.<\/p>\n<p>Minister finans\u00f3w Andrzej Doma\u0144ski jako g\u0142\u00f3wne wyzwanie wskaza\u0142 stagnacj\u0119 gospodarcz\u0105. Podkre\u015bli\u0142 potrzeb\u0119 o\u017cywienia inwestycji na rzecz zr\u00f3wnowa\u017conego wzrostu, natomiast eksperci ds. energetyki wezwali do inwestycji w energi\u0119 wiatrow\u0105 i j\u0105drow\u0105.<\/p>\n<p>Monique Clua Braun z Novartis Polska podkre\u015bli\u0142a znaczenie bezpiecze\u0144stwa zdrowotnego w przysz\u0142o\u015bci Europy. Podkre\u015bli\u0142a potrzeb\u0119 silnego prawodawstwa wspieraj\u0105cego badania kliniczne i innowacje.<\/p>\n<p>Jakub Olek z TikTok om\u00f3wi\u0142 rol\u0119 medi\u00f3w spo\u0142eczno\u015bciowych w walce z dezinformacj\u0105. Zauwa\u017cy\u0142, \u017ce m\u0142odzi u\u017cytkownicy szukaj\u0105 dok\u0142adnych informacji, ale bez siania strachu.<\/p>\n<p>EFNI 2024 trwa do 18 pa\u017adziernika, a gospodarzem jest Konfederacja Lewiatan w Sopocie.<\/p>\n<\/div>\n<\/div>\n","protected":false},"excerpt":{"rendered":"<p>EFNI 2024 porusza kwesti\u0119 bezpiecze\u0144stwa gospodarczego, zdrowotnego i technologicznego, ze szczeg\u00f3lnym uwzgl\u0119dnieniem stosunk\u00f3w transatlantyckich i przysz\u0142o\u015bci Europy. Drugi dzie\u0144 Europejskiego<\/p>\n","protected":false},"author":1,"featured_media":1358,"comment_status":"closed","ping_status":"","sticky":false,"template":"","format":"standard","meta":{"footnotes":""},"categories":[45],"tags":[2272,2274,1428,2096,4,2271,2273,241],"class_list":["post-1357","post","type-post","status-publish","format-standard","has-post-thumbnail","hentry","category-biznes","tag-bezpieczenstwo","tag-efni","tag-gospodarcze","tag-kluczowych","tag-polska","tag-prezydencja","tag-tematow","tag-wsrod","generate-columns","tablet-grid-50","mobile-grid-100","grid-parent","grid-50","resize-featured-image"],"yoast_head":"<!-- This site is optimized with the Yoast SEO plugin v23.2 - https:\/\/yoast.com\/wordpress\/plugins\/seo\/ -->\n<title>Polska prezydencja w UE i bezpiecze\u0144stwo gospodarcze w\u015br\u00f3d kluczowych temat\u00f3w EFNI 2024 - POGOTOWIE FLAGOWE\u00ae<\/title>\n<meta name=\"robots\" content=\"index, follow, max-snippet:-1, max-image-preview:large, max-video-preview:-1\" \/>\n<link rel=\"canonical\" href=\"https:\/\/www.pogotowieflagowe.pl\/aktualne\/polska-prezydencja-w-ue-i-bezpieczenstwo-gospodarcze-wsrod-kluczowych-tematow-efni-2024\/\" \/>\n<meta property=\"og:locale\" content=\"pl_PL\" \/>\n<meta property=\"og:type\" content=\"article\" \/>\n<meta property=\"og:title\" content=\"Polska prezydencja w UE i bezpiecze\u0144stwo gospodarcze w\u015br\u00f3d kluczowych temat\u00f3w EFNI 2024 - POGOTOWIE FLAGOWE\u00ae\" \/>\n<meta property=\"og:description\" content=\"EFNI 2024 porusza kwesti\u0119 bezpiecze\u0144stwa gospodarczego, zdrowotnego i technologicznego, ze szczeg\u00f3lnym uwzgl\u0119dnieniem stosunk\u00f3w transatlantyckich i przysz\u0142o\u015bci Europy. Drugi dzie\u0144 Europejskiego\" \/>\n<meta property=\"og:url\" content=\"https:\/\/www.pogotowieflagowe.pl\/aktualne\/polska-prezydencja-w-ue-i-bezpieczenstwo-gospodarcze-wsrod-kluczowych-tematow-efni-2024\/\" \/>\n<meta property=\"og:site_name\" content=\"POGOTOWIE FLAGOWE\u00ae\" \/>\n<meta property=\"article:published_time\" content=\"2024-10-18T20:48:13+00:00\" \/>\n<meta property=\"article:modified_time\" content=\"2024-10-18T20:48:14+00:00\" \/>\n<meta property=\"og:image\" content=\"https:\/\/www.pogotowieflagowe.pl\/aktualne\/wp-content\/uploads\/2024\/10\/Polska-prezydencja-w-UE-i-bezpieczenstwo-gospodarcze-wsrod-kluczowych-tematow.jpg\" \/>\n\t<meta property=\"og:image:width\" content=\"737\" \/>\n\t<meta property=\"og:image:height\" content=\"491\" \/>\n\t<meta property=\"og:image:type\" content=\"image\/jpeg\" \/>\n<meta name=\"author\" content=\"Filip\" \/>\n<meta name=\"twitter:card\" content=\"summary_large_image\" \/>\n<meta name=\"twitter:label1\" content=\"Napisane przez\" \/>\n\t<meta name=\"twitter:data1\" content=\"Filip\" \/>\n\t<meta name=\"twitter:label2\" content=\"Szacowany czas czytania\" \/>\n\t<meta name=\"twitter:data2\" content=\"1 minuta\" \/>\n<script type=\"application\/ld+json\" class=\"yoast-schema-graph\">{\"@context\":\"https:\/\/schema.org\",\"@graph\":[{\"@type\":\"Article\",\"@id\":\"https:\/\/www.pogotowieflagowe.pl\/aktualne\/polska-prezydencja-w-ue-i-bezpieczenstwo-gospodarcze-wsrod-kluczowych-tematow-efni-2024\/#article\",\"isPartOf\":{\"@id\":\"https:\/\/www.pogotowieflagowe.pl\/aktualne\/polska-prezydencja-w-ue-i-bezpieczenstwo-gospodarcze-wsrod-kluczowych-tematow-efni-2024\/\"},\"author\":{\"name\":\"Filip\",\"@id\":\"https:\/\/www.pogotowieflagowe.pl\/aktualne\/#\/schema\/person\/9c2fb7d2362ebf6fa088960d7f0d27b0\"},\"headline\":\"Polska prezydencja w UE i bezpiecze\u0144stwo gospodarcze w\u015br\u00f3d kluczowych temat\u00f3w EFNI 2024\",\"datePublished\":\"2024-10-18T20:48:13+00:00\",\"dateModified\":\"2024-10-18T20:48:14+00:00\",\"mainEntityOfPage\":{\"@id\":\"https:\/\/www.pogotowieflagowe.pl\/aktualne\/polska-prezydencja-w-ue-i-bezpieczenstwo-gospodarcze-wsrod-kluczowych-tematow-efni-2024\/\"},\"wordCount\":199,\"publisher\":{\"@id\":\"https:\/\/www.pogotowieflagowe.pl\/aktualne\/#organization\"},\"image\":{\"@id\":\"https:\/\/www.pogotowieflagowe.pl\/aktualne\/polska-prezydencja-w-ue-i-bezpieczenstwo-gospodarcze-wsrod-kluczowych-tematow-efni-2024\/#primaryimage\"},\"thumbnailUrl\":\"https:\/\/www.pogotowieflagowe.pl\/aktualne\/wp-content\/uploads\/2024\/10\/Polska-prezydencja-w-UE-i-bezpieczenstwo-gospodarcze-wsrod-kluczowych-tematow.jpg\",\"keywords\":[\"bezpiecze\u0144stwo\",\"EFNI\",\"gospodarcze\",\"kluczowych\",\"polska\",\"prezydencja\",\"temat\u00f3w\",\"w\u015br\u00f3d\"],\"articleSection\":[\"Biznes\"],\"inLanguage\":\"pl-PL\"},{\"@type\":\"WebPage\",\"@id\":\"https:\/\/www.pogotowieflagowe.pl\/aktualne\/polska-prezydencja-w-ue-i-bezpieczenstwo-gospodarcze-wsrod-kluczowych-tematow-efni-2024\/\",\"url\":\"https:\/\/www.pogotowieflagowe.pl\/aktualne\/polska-prezydencja-w-ue-i-bezpieczenstwo-gospodarcze-wsrod-kluczowych-tematow-efni-2024\/\",\"name\":\"Polska prezydencja w UE i bezpiecze\u0144stwo gospodarcze w\u015br\u00f3d kluczowych temat\u00f3w EFNI 2024 - POGOTOWIE FLAGOWE\u00ae\",\"isPartOf\":{\"@id\":\"https:\/\/www.pogotowieflagowe.pl\/aktualne\/#website\"},\"primaryImageOfPage\":{\"@id\":\"https:\/\/www.pogotowieflagowe.pl\/aktualne\/polska-prezydencja-w-ue-i-bezpieczenstwo-gospodarcze-wsrod-kluczowych-tematow-efni-2024\/#primaryimage\"},\"image\":{\"@id\":\"https:\/\/www.pogotowieflagowe.pl\/aktualne\/polska-prezydencja-w-ue-i-bezpieczenstwo-gospodarcze-wsrod-kluczowych-tematow-efni-2024\/#primaryimage\"},\"thumbnailUrl\":\"https:\/\/www.pogotowieflagowe.pl\/aktualne\/wp-content\/uploads\/2024\/10\/Polska-prezydencja-w-UE-i-bezpieczenstwo-gospodarcze-wsrod-kluczowych-tematow.jpg\",\"datePublished\":\"2024-10-18T20:48:13+00:00\",\"dateModified\":\"2024-10-18T20:48:14+00:00\",\"breadcrumb\":{\"@id\":\"https:\/\/www.pogotowieflagowe.pl\/aktualne\/polska-prezydencja-w-ue-i-bezpieczenstwo-gospodarcze-wsrod-kluczowych-tematow-efni-2024\/#breadcrumb\"},\"inLanguage\":\"pl-PL\",\"potentialAction\":[{\"@type\":\"ReadAction\",\"target\":[\"https:\/\/www.pogotowieflagowe.pl\/aktualne\/polska-prezydencja-w-ue-i-bezpieczenstwo-gospodarcze-wsrod-kluczowych-tematow-efni-2024\/\"]}]},{\"@type\":\"ImageObject\",\"inLanguage\":\"pl-PL\",\"@id\":\"https:\/\/www.pogotowieflagowe.pl\/aktualne\/polska-prezydencja-w-ue-i-bezpieczenstwo-gospodarcze-wsrod-kluczowych-tematow-efni-2024\/#primaryimage\",\"url\":\"https:\/\/www.pogotowieflagowe.pl\/aktualne\/wp-content\/uploads\/2024\/10\/Polska-prezydencja-w-UE-i-bezpieczenstwo-gospodarcze-wsrod-kluczowych-tematow.jpg\",\"contentUrl\":\"https:\/\/www.pogotowieflagowe.pl\/aktualne\/wp-content\/uploads\/2024\/10\/Polska-prezydencja-w-UE-i-bezpieczenstwo-gospodarcze-wsrod-kluczowych-tematow.jpg\",\"width\":737,\"height\":491,\"caption\":\"Polska prezydencja w UE i bezpiecze\u0144stwo gospodarcze w\u015br\u00f3d kluczowych temat\u00f3w EFNI 2024\"},{\"@type\":\"BreadcrumbList\",\"@id\":\"https:\/\/www.pogotowieflagowe.pl\/aktualne\/polska-prezydencja-w-ue-i-bezpieczenstwo-gospodarcze-wsrod-kluczowych-tematow-efni-2024\/#breadcrumb\",\"itemListElement\":[{\"@type\":\"ListItem\",\"position\":1,\"name\":\"Home\",\"item\":\"https:\/\/www.pogotowieflagowe.pl\/aktualne\/\"},{\"@type\":\"ListItem\",\"position\":2,\"name\":\"Polska prezydencja w UE i bezpiecze\u0144stwo gospodarcze w\u015br\u00f3d kluczowych temat\u00f3w EFNI 2024\"}]},{\"@type\":\"WebSite\",\"@id\":\"https:\/\/www.pogotowieflagowe.pl\/aktualne\/#website\",\"url\":\"https:\/\/www.pogotowieflagowe.pl\/aktualne\/\",\"name\":\"POGOTOWIE FLAGOWE\u00ae\",\"description\":\"\",\"publisher\":{\"@id\":\"https:\/\/www.pogotowieflagowe.pl\/aktualne\/#organization\"},\"potentialAction\":[{\"@type\":\"SearchAction\",\"target\":{\"@type\":\"EntryPoint\",\"urlTemplate\":\"https:\/\/www.pogotowieflagowe.pl\/aktualne\/?s={search_term_string}\"},\"query-input\":\"required name=search_term_string\"}],\"inLanguage\":\"pl-PL\"},{\"@type\":\"Organization\",\"@id\":\"https:\/\/www.pogotowieflagowe.pl\/aktualne\/#organization\",\"name\":\"POGOTOWIE FLAGOWE\u00ae\",\"url\":\"https:\/\/www.pogotowieflagowe.pl\/aktualne\/\",\"logo\":{\"@type\":\"ImageObject\",\"inLanguage\":\"pl-PL\",\"@id\":\"https:\/\/www.pogotowieflagowe.pl\/aktualne\/#\/schema\/logo\/image\/\",\"url\":\"https:\/\/www.pogotowieflagowe.pl\/aktualne\/wp-content\/uploads\/2024\/08\/cropped-pogotowieflagowe_flaga_projekt_sm.jpg\",\"contentUrl\":\"https:\/\/www.pogotowieflagowe.pl\/aktualne\/wp-content\/uploads\/2024\/08\/cropped-pogotowieflagowe_flaga_projekt_sm.jpg\",\"width\":250,\"height\":143,\"caption\":\"POGOTOWIE FLAGOWE\u00ae\"},\"image\":{\"@id\":\"https:\/\/www.pogotowieflagowe.pl\/aktualne\/#\/schema\/logo\/image\/\"}},{\"@type\":\"Person\",\"@id\":\"https:\/\/www.pogotowieflagowe.pl\/aktualne\/#\/schema\/person\/9c2fb7d2362ebf6fa088960d7f0d27b0\",\"name\":\"Filip\",\"image\":{\"@type\":\"ImageObject\",\"inLanguage\":\"pl-PL\",\"@id\":\"https:\/\/www.pogotowieflagowe.pl\/aktualne\/#\/schema\/person\/image\/\",\"url\":\"https:\/\/www.pogotowieflagowe.pl\/aktualne\/wp-content\/uploads\/2024\/08\/pogotowieflagowe.pl_.jpg\",\"contentUrl\":\"https:\/\/www.pogotowieflagowe.pl\/aktualne\/wp-content\/uploads\/2024\/08\/pogotowieflagowe.pl_.jpg\",\"caption\":\"Filip\"},\"description\":\"Jestem Filip, polski dziennikarz z dyplomem nauk politycznych Uniwersytetu Warszawskiego. Rozpoczynaj\u0105c swoj\u0105 karier\u0119 w r\u00f3\u017cnych lokalnych mediach, zdoby\u0142em solidne do\u015bwiadczenie w zakresie \u015bledztwa i redakcji. Obecnie jako redaktor w Pogotowie flagowe, staram si\u0119 dostarcza\u0107 dog\u0142\u0119bne i istotne analizy na temat najwa\u017cniejszych kwestii aktualno\u015bci, \u0142\u0105cz\u0105c rygor z pasj\u0105 dziennikarsk\u0105.\",\"sameAs\":[\"https:\/\/www.pogotowieflagowe.pl\/\"]}]}<\/script>\n<!-- \/ Yoast SEO plugin. -->","yoast_head_json":{"title":"Polska prezydencja w UE i bezpiecze\u0144stwo gospodarcze w\u015br\u00f3d kluczowych temat\u00f3w EFNI 2024 - POGOTOWIE FLAGOWE\u00ae","robots":{"index":"index","follow":"follow","max-snippet":"max-snippet:-1","max-image-preview":"max-image-preview:large","max-video-preview":"max-video-preview:-1"},"canonical":"https:\/\/www.pogotowieflagowe.pl\/aktualne\/polska-prezydencja-w-ue-i-bezpieczenstwo-gospodarcze-wsrod-kluczowych-tematow-efni-2024\/","og_locale":"pl_PL","og_type":"article","og_title":"Polska prezydencja w UE i bezpiecze\u0144stwo gospodarcze w\u015br\u00f3d kluczowych temat\u00f3w EFNI 2024 - POGOTOWIE FLAGOWE\u00ae","og_description":"EFNI 2024 porusza kwesti\u0119 bezpiecze\u0144stwa gospodarczego, zdrowotnego i technologicznego, ze szczeg\u00f3lnym uwzgl\u0119dnieniem stosunk\u00f3w transatlantyckich i przysz\u0142o\u015bci Europy. Drugi dzie\u0144 Europejskiego","og_url":"https:\/\/www.pogotowieflagowe.pl\/aktualne\/polska-prezydencja-w-ue-i-bezpieczenstwo-gospodarcze-wsrod-kluczowych-tematow-efni-2024\/","og_site_name":"POGOTOWIE FLAGOWE\u00ae","article_published_time":"2024-10-18T20:48:13+00:00","article_modified_time":"2024-10-18T20:48:14+00:00","og_image":[{"width":737,"height":491,"url":"https:\/\/www.pogotowieflagowe.pl\/aktualne\/wp-content\/uploads\/2024\/10\/Polska-prezydencja-w-UE-i-bezpieczenstwo-gospodarcze-wsrod-kluczowych-tematow.jpg","type":"image\/jpeg"}],"author":"Filip","twitter_card":"summary_large_image","twitter_misc":{"Napisane przez":"Filip","Szacowany czas czytania":"1 minuta"},"schema":{"@context":"https:\/\/schema.org","@graph":[{"@type":"Article","@id":"https:\/\/www.pogotowieflagowe.pl\/aktualne\/polska-prezydencja-w-ue-i-bezpieczenstwo-gospodarcze-wsrod-kluczowych-tematow-efni-2024\/#article","isPartOf":{"@id":"https:\/\/www.pogotowieflagowe.pl\/aktualne\/polska-prezydencja-w-ue-i-bezpieczenstwo-gospodarcze-wsrod-kluczowych-tematow-efni-2024\/"},"author":{"name":"Filip","@id":"https:\/\/www.pogotowieflagowe.pl\/aktualne\/#\/schema\/person\/9c2fb7d2362ebf6fa088960d7f0d27b0"},"headline":"Polska prezydencja w UE i bezpiecze\u0144stwo gospodarcze w\u015br\u00f3d kluczowych temat\u00f3w EFNI 2024","datePublished":"2024-10-18T20:48:13+00:00","dateModified":"2024-10-18T20:48:14+00:00","mainEntityOfPage":{"@id":"https:\/\/www.pogotowieflagowe.pl\/aktualne\/polska-prezydencja-w-ue-i-bezpieczenstwo-gospodarcze-wsrod-kluczowych-tematow-efni-2024\/"},"wordCount":199,"publisher":{"@id":"https:\/\/www.pogotowieflagowe.pl\/aktualne\/#organization"},"image":{"@id":"https:\/\/www.pogotowieflagowe.pl\/aktualne\/polska-prezydencja-w-ue-i-bezpieczenstwo-gospodarcze-wsrod-kluczowych-tematow-efni-2024\/#primaryimage"},"thumbnailUrl":"https:\/\/www.pogotowieflagowe.pl\/aktualne\/wp-content\/uploads\/2024\/10\/Polska-prezydencja-w-UE-i-bezpieczenstwo-gospodarcze-wsrod-kluczowych-tematow.jpg","keywords":["bezpiecze\u0144stwo","EFNI","gospodarcze","kluczowych","polska","prezydencja","temat\u00f3w","w\u015br\u00f3d"],"articleSection":["Biznes"],"inLanguage":"pl-PL"},{"@type":"WebPage","@id":"https:\/\/www.pogotowieflagowe.pl\/aktualne\/polska-prezydencja-w-ue-i-bezpieczenstwo-gospodarcze-wsrod-kluczowych-tematow-efni-2024\/","url":"https:\/\/www.pogotowieflagowe.pl\/aktualne\/polska-prezydencja-w-ue-i-bezpieczenstwo-gospodarcze-wsrod-kluczowych-tematow-efni-2024\/","name":"Polska prezydencja w UE i bezpiecze\u0144stwo gospodarcze w\u015br\u00f3d kluczowych temat\u00f3w EFNI 2024 - POGOTOWIE FLAGOWE\u00ae","isPartOf":{"@id":"https:\/\/www.pogotowieflagowe.pl\/aktualne\/#website"},"primaryImageOfPage":{"@id":"https:\/\/www.pogotowieflagowe.pl\/aktualne\/polska-prezydencja-w-ue-i-bezpieczenstwo-gospodarcze-wsrod-kluczowych-tematow-efni-2024\/#primaryimage"},"image":{"@id":"https:\/\/www.pogotowieflagowe.pl\/aktualne\/polska-prezydencja-w-ue-i-bezpieczenstwo-gospodarcze-wsrod-kluczowych-tematow-efni-2024\/#primaryimage"},"thumbnailUrl":"https:\/\/www.pogotowieflagowe.pl\/aktualne\/wp-content\/uploads\/2024\/10\/Polska-prezydencja-w-UE-i-bezpieczenstwo-gospodarcze-wsrod-kluczowych-tematow.jpg","datePublished":"2024-10-18T20:48:13+00:00","dateModified":"2024-10-18T20:48:14+00:00","breadcrumb":{"@id":"https:\/\/www.pogotowieflagowe.pl\/aktualne\/polska-prezydencja-w-ue-i-bezpieczenstwo-gospodarcze-wsrod-kluczowych-tematow-efni-2024\/#breadcrumb"},"inLanguage":"pl-PL","potentialAction":[{"@type":"ReadAction","target":["https:\/\/www.pogotowieflagowe.pl\/aktualne\/polska-prezydencja-w-ue-i-bezpieczenstwo-gospodarcze-wsrod-kluczowych-tematow-efni-2024\/"]}]},{"@type":"ImageObject","inLanguage":"pl-PL","@id":"https:\/\/www.pogotowieflagowe.pl\/aktualne\/polska-prezydencja-w-ue-i-bezpieczenstwo-gospodarcze-wsrod-kluczowych-tematow-efni-2024\/#primaryimage","url":"https:\/\/www.pogotowieflagowe.pl\/aktualne\/wp-content\/uploads\/2024\/10\/Polska-prezydencja-w-UE-i-bezpieczenstwo-gospodarcze-wsrod-kluczowych-tematow.jpg","contentUrl":"https:\/\/www.pogotowieflagowe.pl\/aktualne\/wp-content\/uploads\/2024\/10\/Polska-prezydencja-w-UE-i-bezpieczenstwo-gospodarcze-wsrod-kluczowych-tematow.jpg","width":737,"height":491,"caption":"Polska prezydencja w UE i bezpiecze\u0144stwo gospodarcze w\u015br\u00f3d kluczowych temat\u00f3w EFNI 2024"},{"@type":"BreadcrumbList","@id":"https:\/\/www.pogotowieflagowe.pl\/aktualne\/polska-prezydencja-w-ue-i-bezpieczenstwo-gospodarcze-wsrod-kluczowych-tematow-efni-2024\/#breadcrumb","itemListElement":[{"@type":"ListItem","position":1,"name":"Home","item":"https:\/\/www.pogotowieflagowe.pl\/aktualne\/"},{"@type":"ListItem","position":2,"name":"Polska prezydencja w UE i bezpiecze\u0144stwo gospodarcze w\u015br\u00f3d kluczowych temat\u00f3w EFNI 2024"}]},{"@type":"WebSite","@id":"https:\/\/www.pogotowieflagowe.pl\/aktualne\/#website","url":"https:\/\/www.pogotowieflagowe.pl\/aktualne\/","name":"POGOTOWIE FLAGOWE\u00ae","description":"","publisher":{"@id":"https:\/\/www.pogotowieflagowe.pl\/aktualne\/#organization"},"potentialAction":[{"@type":"SearchAction","target":{"@type":"EntryPoint","urlTemplate":"https:\/\/www.pogotowieflagowe.pl\/aktualne\/?s={search_term_string}"},"query-input":"required name=search_term_string"}],"inLanguage":"pl-PL"},{"@type":"Organization","@id":"https:\/\/www.pogotowieflagowe.pl\/aktualne\/#organization","name":"POGOTOWIE FLAGOWE\u00ae","url":"https:\/\/www.pogotowieflagowe.pl\/aktualne\/","logo":{"@type":"ImageObject","inLanguage":"pl-PL","@id":"https:\/\/www.pogotowieflagowe.pl\/aktualne\/#\/schema\/logo\/image\/","url":"https:\/\/www.pogotowieflagowe.pl\/aktualne\/wp-content\/uploads\/2024\/08\/cropped-pogotowieflagowe_flaga_projekt_sm.jpg","contentUrl":"https:\/\/www.pogotowieflagowe.pl\/aktualne\/wp-content\/uploads\/2024\/08\/cropped-pogotowieflagowe_flaga_projekt_sm.jpg","width":250,"height":143,"caption":"POGOTOWIE FLAGOWE\u00ae"},"image":{"@id":"https:\/\/www.pogotowieflagowe.pl\/aktualne\/#\/schema\/logo\/image\/"}},{"@type":"Person","@id":"https:\/\/www.pogotowieflagowe.pl\/aktualne\/#\/schema\/person\/9c2fb7d2362ebf6fa088960d7f0d27b0","name":"Filip","image":{"@type":"ImageObject","inLanguage":"pl-PL","@id":"https:\/\/www.pogotowieflagowe.pl\/aktualne\/#\/schema\/person\/image\/","url":"https:\/\/www.pogotowieflagowe.pl\/aktualne\/wp-content\/uploads\/2024\/08\/pogotowieflagowe.pl_.jpg","contentUrl":"https:\/\/www.pogotowieflagowe.pl\/aktualne\/wp-content\/uploads\/2024\/08\/pogotowieflagowe.pl_.jpg","caption":"Filip"},"description":"Jestem Filip, polski dziennikarz z dyplomem nauk politycznych Uniwersytetu Warszawskiego. Rozpoczynaj\u0105c swoj\u0105 karier\u0119 w r\u00f3\u017cnych lokalnych mediach, zdoby\u0142em solidne do\u015bwiadczenie w zakresie \u015bledztwa i redakcji. Obecnie jako redaktor w Pogotowie flagowe, staram si\u0119 dostarcza\u0107 dog\u0142\u0119bne i istotne analizy na temat najwa\u017cniejszych kwestii aktualno\u015bci, \u0142\u0105cz\u0105c rygor z pasj\u0105 dziennikarsk\u0105.","sameAs":["https:\/\/www.pogotowieflagowe.pl\/"]}]}},"_links":{"self":[{"href":"https:\/\/www.pogotowieflagowe.pl\/aktualne\/wp-json\/wp\/v2\/posts\/1357","targetHints":{"allow":["GET"]}}],"collection":[{"href":"https:\/\/www.pogotowieflagowe.pl\/aktualne\/wp-json\/wp\/v2\/posts"}],"about":[{"href":"https:\/\/www.pogotowieflagowe.pl\/aktualne\/wp-json\/wp\/v2\/types\/post"}],"author":[{"embeddable":true,"href":"https:\/\/www.pogotowieflagowe.pl\/aktualne\/wp-json\/wp\/v2\/users\/1"}],"replies":[{"embeddable":true,"href":"https:\/\/www.pogotowieflagowe.pl\/aktualne\/wp-json\/wp\/v2\/comments?post=1357"}],"version-history":[{"count":1,"href":"https:\/\/www.pogotowieflagowe.pl\/aktualne\/wp-json\/wp\/v2\/posts\/1357\/revisions"}],"predecessor-version":[{"id":1359,"href":"https:\/\/www.pogotowieflagowe.pl\/aktualne\/wp-json\/wp\/v2\/posts\/1357\/revisions\/1359"}],"wp:featuredmedia":[{"embeddable":true,"href":"https:\/\/www.pogotowieflagowe.pl\/aktualne\/wp-json\/wp\/v2\/media\/1358"}],"wp:attachment":[{"href":"https:\/\/www.pogotowieflagowe.pl\/aktualne\/wp-json\/wp\/v2\/media?parent=1357"}],"wp:term":[{"taxonomy":"category","embeddable":true,"href":"https:\/\/www.pogotowieflagowe.pl\/aktualne\/wp-json\/wp\/v2\/categories?post=1357"},{"taxonomy":"post_tag","embeddable":true,"href":"https:\/\/www.pogotowieflagowe.pl\/aktualne\/wp-json\/wp\/v2\/tags?post=1357"}],"curies":[{"name":"wp","href":"https:\/\/api.w.org\/{rel}","templated":true}]}}