{"id":13573,"date":"2026-09-06T15:49:11","date_gmt":"2026-09-06T13:49:11","guid":{"rendered":"https:\/\/www.pogotowieflagowe.pl\/aktualne\/piesiewicz-zatrzymany-na-trzy-miesiace-wielogodzinne-rozprawy-sadowe-i-strajkujace-milczenie\/"},"modified":"2026-09-06T15:49:13","modified_gmt":"2026-09-06T13:49:13","slug":"piesiewicz-zatrzymany-na-trzy-miesiace-wielogodzinne-rozprawy-sadowe-i-strajkujace-milczenie","status":"publish","type":"post","link":"https:\/\/www.pogotowieflagowe.pl\/aktualne\/piesiewicz-zatrzymany-na-trzy-miesiace-wielogodzinne-rozprawy-sadowe-i-strajkujace-milczenie\/","title":{"rendered":"Piesiewicz zatrzymany na trzy miesi\u0105ce. Wielogodzinne rozprawy s\u0105dowe i strajkuj\u0105ce milczenie"},"content":{"rendered":"<div data-td-block-uid=\"tdi_41\">\n<div class=\"tdb-block-inner td-fix-index\">\n<p class=\"wp-block-paragraph\"><strong>\u201eS\u0105d zarz\u0105dzi\u0142 tymczasowe aresztowanie Rados\u0142awa P. na okres trzech miesi\u0119cy\u201d \u2013 Anna Adamiak, rzeczniczka Prokuratora Generalnego \u2013 doda\u0142a. <\/strong>powiedzia\u0142 kr\u00f3tko przed godzin\u0105 7 rano w sobot\u0119. Posiedzenie s\u0105du w sprawie tymczasowego aresztowania zako\u0144czy\u0142o si\u0119 oko\u0142o godziny 6 rano, a osoby bior\u0105ce w nim udzia\u0142 odm\u00f3wi\u0142y udzielenia mediom natychmiastowej informacji o jego wyniku.<\/p>\n<p class=\"wp-block-paragraph\">W pi\u0105tkowe popo\u0142udnie prezes PKOl Rados\u0142aw Piesiewicz zosta\u0142 zabrany z prokuratury w Katowicach, gdzie by\u0142 przes\u0142uchiwany drugi dzie\u0144 z rz\u0119du.<\/p>\n<p class=\"wp-block-paragraph\">Poinformowa\u0142 o tym podczas konferencji prasowej prokurator Adamiak <strong>&#8222;Rados\u0142aw P. by\u0142 przes\u0142uchiwany w charakterze podejrzanego. Nie przyzna\u0142 si\u0119 do zarzucanych mu czyn\u00f3w, ale udzieli\u0142 obszernych wyja\u015bnie\u0144.&#8221;<\/strong><\/p>\n<p class=\"wp-block-paragraph\">\u015al\u0105ski oddzia\u0142 Prokuratury Krajowej postawi\u0142 Piesiewiczowi zarzuty handlu wp\u0142ywami i zaspokojenia grupy wierzycieli Zondacrypto na szkod\u0119 innych w zwi\u0105zku z zagro\u017ceniem niewyp\u0142acalno\u015bci\u0105.<\/p>\n<p class=\"wp-block-paragraph\">Prokuratura z\u0142o\u017cy\u0142a wniosek o umieszczenie Piesiewicza, szefa PKOl, w tymczasowym areszcie na trzy miesi\u0105ce, powo\u0142uj\u0105c si\u0119 na obaw\u0119, \u017ce mo\u017ce on ingerowa\u0107 w \u015bledztwo i perspektyw\u0119 surowej kary wi\u0119zienia.<\/p>\n<p class=\"wp-block-paragraph\">Jak podaje Polska Agencja Prasowa (PAP), <strong>Piesiewicz stan\u0105\u0142 przed s\u0105dem w pi\u0105tek wieczorem. Przes\u0142uchanie w sprawie aresztu rozpocz\u0119\u0142o si\u0119 oko\u0142o p\u00f3\u0142nocy i trwa\u0142o do godziny 5 rano<\/strong><\/p>\n<p class=\"wp-block-paragraph\"><strong>Decyzja s\u0105du nie zosta\u0142a przekazana mediom \u2013 PAP poda\u0142a, \u017ce \u200b\u200buczestnicy opuszczaj\u0105cy budynek odm\u00f3wili udzielenia dziennikarzom jakichkolwiek informacji.<\/strong><\/p>\n<p class=\"wp-block-paragraph\">Jak wynika z relacji z\u0142o\u017conej po rozprawie przez jednego z pracownik\u00f3w s\u0105du <strong>Rados\u0142aw Piesiewicz zosta\u0142 wyprowadzony przez policj\u0119 tylnym wyj\u015bciem i odwieziony samochodem.<\/strong><\/p>\n<\/div>\n<\/div>\n","protected":false},"excerpt":{"rendered":"<p>\u201eS\u0105d zarz\u0105dzi\u0142 tymczasowe aresztowanie Rados\u0142awa P. na okres trzech miesi\u0119cy\u201d \u2013 Anna Adamiak, rzeczniczka Prokuratora Generalnego \u2013 doda\u0142a. powiedzia\u0142 kr\u00f3tko<\/p>\n","protected":false},"author":1,"featured_media":13574,"comment_status":"open","ping_status":"open","sticky":false,"template":"","format":"standard","meta":{"footnotes":""},"categories":[4748],"tags":[12772,14406,14403,10599,9000,14405,6272,14404,1110],"class_list":["post-13573","post","type-post","status-publish","format-standard","has-post-thumbnail","hentry","category-aktualne","tag-miesiace","tag-milczenie","tag-piesiewicz","tag-rozprawy","tag-sadowe","tag-strajkujace","tag-trzy","tag-wielogodzinne","tag-zatrzymany","generate-columns","tablet-grid-50","mobile-grid-100","grid-parent","grid-50","resize-featured-image"],"yoast_head":"<!-- This site is optimized with the Yoast SEO plugin v23.2 - https:\/\/yoast.com\/wordpress\/plugins\/seo\/ -->\n<title>Piesiewicz zatrzymany na trzy miesi\u0105ce. Wielogodzinne rozprawy s\u0105dowe i strajkuj\u0105ce milczenie - POGOTOWIE FLAGOWE\u00ae<\/title>\n<meta name=\"robots\" content=\"index, follow, max-snippet:-1, max-image-preview:large, max-video-preview:-1\" \/>\n<link rel=\"canonical\" href=\"https:\/\/www.pogotowieflagowe.pl\/aktualne\/piesiewicz-zatrzymany-na-trzy-miesiace-wielogodzinne-rozprawy-sadowe-i-strajkujace-milczenie\/\" \/>\n<meta property=\"og:locale\" content=\"pl_PL\" \/>\n<meta property=\"og:type\" content=\"article\" \/>\n<meta property=\"og:title\" content=\"Piesiewicz zatrzymany na trzy miesi\u0105ce. Wielogodzinne rozprawy s\u0105dowe i strajkuj\u0105ce milczenie - POGOTOWIE FLAGOWE\u00ae\" \/>\n<meta property=\"og:description\" content=\"\u201eS\u0105d zarz\u0105dzi\u0142 tymczasowe aresztowanie Rados\u0142awa P. na okres trzech miesi\u0119cy\u201d \u2013 Anna Adamiak, rzeczniczka Prokuratora Generalnego \u2013 doda\u0142a. powiedzia\u0142 kr\u00f3tko\" \/>\n<meta property=\"og:url\" content=\"https:\/\/www.pogotowieflagowe.pl\/aktualne\/piesiewicz-zatrzymany-na-trzy-miesiace-wielogodzinne-rozprawy-sadowe-i-strajkujace-milczenie\/\" \/>\n<meta property=\"og:site_name\" content=\"POGOTOWIE FLAGOWE\u00ae\" \/>\n<meta property=\"article:published_time\" content=\"2026-09-06T13:49:11+00:00\" \/>\n<meta property=\"article:modified_time\" content=\"2026-09-06T13:49:13+00:00\" \/>\n<meta property=\"og:image\" content=\"https:\/\/www.pogotowieflagowe.pl\/aktualne\/wp-content\/uploads\/2026\/09\/Piesiewicz-zatrzymany-na-trzy-miesiace-Wielogodzinne-rozprawy-sadowe-i-strajkujace.webp\" \/>\n\t<meta property=\"og:image:width\" content=\"1280\" \/>\n\t<meta property=\"og:image:height\" content=\"720\" \/>\n\t<meta property=\"og:image:type\" content=\"image\/webp\" \/>\n<meta name=\"author\" content=\"Filip\" \/>\n<meta name=\"twitter:card\" content=\"summary_large_image\" \/>\n<meta name=\"twitter:label1\" content=\"Napisane przez\" \/>\n\t<meta name=\"twitter:data1\" content=\"Filip\" \/>\n\t<meta name=\"twitter:label2\" content=\"Szacowany czas czytania\" \/>\n\t<meta name=\"twitter:data2\" content=\"1 minuta\" \/>\n<script type=\"application\/ld+json\" class=\"yoast-schema-graph\">{\"@context\":\"https:\/\/schema.org\",\"@graph\":[{\"@type\":\"Article\",\"@id\":\"https:\/\/www.pogotowieflagowe.pl\/aktualne\/piesiewicz-zatrzymany-na-trzy-miesiace-wielogodzinne-rozprawy-sadowe-i-strajkujace-milczenie\/#article\",\"isPartOf\":{\"@id\":\"https:\/\/www.pogotowieflagowe.pl\/aktualne\/piesiewicz-zatrzymany-na-trzy-miesiace-wielogodzinne-rozprawy-sadowe-i-strajkujace-milczenie\/\"},\"author\":{\"name\":\"Filip\",\"@id\":\"https:\/\/www.pogotowieflagowe.pl\/aktualne\/#\/schema\/person\/9c2fb7d2362ebf6fa088960d7f0d27b0\"},\"headline\":\"Piesiewicz zatrzymany na trzy miesi\u0105ce. Wielogodzinne rozprawy s\u0105dowe i strajkuj\u0105ce milczenie\",\"datePublished\":\"2026-09-06T13:49:11+00:00\",\"dateModified\":\"2026-09-06T13:49:13+00:00\",\"mainEntityOfPage\":{\"@id\":\"https:\/\/www.pogotowieflagowe.pl\/aktualne\/piesiewicz-zatrzymany-na-trzy-miesiace-wielogodzinne-rozprawy-sadowe-i-strajkujace-milczenie\/\"},\"wordCount\":279,\"commentCount\":0,\"publisher\":{\"@id\":\"https:\/\/www.pogotowieflagowe.pl\/aktualne\/#organization\"},\"image\":{\"@id\":\"https:\/\/www.pogotowieflagowe.pl\/aktualne\/piesiewicz-zatrzymany-na-trzy-miesiace-wielogodzinne-rozprawy-sadowe-i-strajkujace-milczenie\/#primaryimage\"},\"thumbnailUrl\":\"https:\/\/www.pogotowieflagowe.pl\/aktualne\/wp-content\/uploads\/2026\/09\/Piesiewicz-zatrzymany-na-trzy-miesiace-Wielogodzinne-rozprawy-sadowe-i-strajkujace.webp\",\"keywords\":[\"miesi\u0105ce\",\"milczenie\",\"Piesiewicz\",\"rozprawy\",\"s\u0105dowe\",\"strajkuj\u0105ce\",\"Trzy\",\"Wielogodzinne\",\"zatrzymany\"],\"articleSection\":[\"Aktualne\"],\"inLanguage\":\"pl-PL\",\"potentialAction\":[{\"@type\":\"CommentAction\",\"name\":\"Comment\",\"target\":[\"https:\/\/www.pogotowieflagowe.pl\/aktualne\/piesiewicz-zatrzymany-na-trzy-miesiace-wielogodzinne-rozprawy-sadowe-i-strajkujace-milczenie\/#respond\"]}]},{\"@type\":\"WebPage\",\"@id\":\"https:\/\/www.pogotowieflagowe.pl\/aktualne\/piesiewicz-zatrzymany-na-trzy-miesiace-wielogodzinne-rozprawy-sadowe-i-strajkujace-milczenie\/\",\"url\":\"https:\/\/www.pogotowieflagowe.pl\/aktualne\/piesiewicz-zatrzymany-na-trzy-miesiace-wielogodzinne-rozprawy-sadowe-i-strajkujace-milczenie\/\",\"name\":\"Piesiewicz zatrzymany na trzy miesi\u0105ce. Wielogodzinne rozprawy s\u0105dowe i strajkuj\u0105ce milczenie - POGOTOWIE FLAGOWE\u00ae\",\"isPartOf\":{\"@id\":\"https:\/\/www.pogotowieflagowe.pl\/aktualne\/#website\"},\"primaryImageOfPage\":{\"@id\":\"https:\/\/www.pogotowieflagowe.pl\/aktualne\/piesiewicz-zatrzymany-na-trzy-miesiace-wielogodzinne-rozprawy-sadowe-i-strajkujace-milczenie\/#primaryimage\"},\"image\":{\"@id\":\"https:\/\/www.pogotowieflagowe.pl\/aktualne\/piesiewicz-zatrzymany-na-trzy-miesiace-wielogodzinne-rozprawy-sadowe-i-strajkujace-milczenie\/#primaryimage\"},\"thumbnailUrl\":\"https:\/\/www.pogotowieflagowe.pl\/aktualne\/wp-content\/uploads\/2026\/09\/Piesiewicz-zatrzymany-na-trzy-miesiace-Wielogodzinne-rozprawy-sadowe-i-strajkujace.webp\",\"datePublished\":\"2026-09-06T13:49:11+00:00\",\"dateModified\":\"2026-09-06T13:49:13+00:00\",\"breadcrumb\":{\"@id\":\"https:\/\/www.pogotowieflagowe.pl\/aktualne\/piesiewicz-zatrzymany-na-trzy-miesiace-wielogodzinne-rozprawy-sadowe-i-strajkujace-milczenie\/#breadcrumb\"},\"inLanguage\":\"pl-PL\",\"potentialAction\":[{\"@type\":\"ReadAction\",\"target\":[\"https:\/\/www.pogotowieflagowe.pl\/aktualne\/piesiewicz-zatrzymany-na-trzy-miesiace-wielogodzinne-rozprawy-sadowe-i-strajkujace-milczenie\/\"]}]},{\"@type\":\"ImageObject\",\"inLanguage\":\"pl-PL\",\"@id\":\"https:\/\/www.pogotowieflagowe.pl\/aktualne\/piesiewicz-zatrzymany-na-trzy-miesiace-wielogodzinne-rozprawy-sadowe-i-strajkujace-milczenie\/#primaryimage\",\"url\":\"https:\/\/www.pogotowieflagowe.pl\/aktualne\/wp-content\/uploads\/2026\/09\/Piesiewicz-zatrzymany-na-trzy-miesiace-Wielogodzinne-rozprawy-sadowe-i-strajkujace.webp\",\"contentUrl\":\"https:\/\/www.pogotowieflagowe.pl\/aktualne\/wp-content\/uploads\/2026\/09\/Piesiewicz-zatrzymany-na-trzy-miesiace-Wielogodzinne-rozprawy-sadowe-i-strajkujace.webp\",\"width\":1280,\"height\":720},{\"@type\":\"BreadcrumbList\",\"@id\":\"https:\/\/www.pogotowieflagowe.pl\/aktualne\/piesiewicz-zatrzymany-na-trzy-miesiace-wielogodzinne-rozprawy-sadowe-i-strajkujace-milczenie\/#breadcrumb\",\"itemListElement\":[{\"@type\":\"ListItem\",\"position\":1,\"name\":\"Home\",\"item\":\"https:\/\/www.pogotowieflagowe.pl\/aktualne\/\"},{\"@type\":\"ListItem\",\"position\":2,\"name\":\"Piesiewicz zatrzymany na trzy miesi\u0105ce. Wielogodzinne rozprawy s\u0105dowe i strajkuj\u0105ce milczenie\"}]},{\"@type\":\"WebSite\",\"@id\":\"https:\/\/www.pogotowieflagowe.pl\/aktualne\/#website\",\"url\":\"https:\/\/www.pogotowieflagowe.pl\/aktualne\/\",\"name\":\"POGOTOWIE FLAGOWE\u00ae\",\"description\":\"\",\"publisher\":{\"@id\":\"https:\/\/www.pogotowieflagowe.pl\/aktualne\/#organization\"},\"potentialAction\":[{\"@type\":\"SearchAction\",\"target\":{\"@type\":\"EntryPoint\",\"urlTemplate\":\"https:\/\/www.pogotowieflagowe.pl\/aktualne\/?s={search_term_string}\"},\"query-input\":\"required name=search_term_string\"}],\"inLanguage\":\"pl-PL\"},{\"@type\":\"Organization\",\"@id\":\"https:\/\/www.pogotowieflagowe.pl\/aktualne\/#organization\",\"name\":\"POGOTOWIE FLAGOWE\u00ae\",\"url\":\"https:\/\/www.pogotowieflagowe.pl\/aktualne\/\",\"logo\":{\"@type\":\"ImageObject\",\"inLanguage\":\"pl-PL\",\"@id\":\"https:\/\/www.pogotowieflagowe.pl\/aktualne\/#\/schema\/logo\/image\/\",\"url\":\"https:\/\/www.pogotowieflagowe.pl\/aktualne\/wp-content\/uploads\/2024\/08\/cropped-pogotowieflagowe_flaga_projekt_sm.jpg\",\"contentUrl\":\"https:\/\/www.pogotowieflagowe.pl\/aktualne\/wp-content\/uploads\/2024\/08\/cropped-pogotowieflagowe_flaga_projekt_sm.jpg\",\"width\":250,\"height\":143,\"caption\":\"POGOTOWIE FLAGOWE\u00ae\"},\"image\":{\"@id\":\"https:\/\/www.pogotowieflagowe.pl\/aktualne\/#\/schema\/logo\/image\/\"}},{\"@type\":\"Person\",\"@id\":\"https:\/\/www.pogotowieflagowe.pl\/aktualne\/#\/schema\/person\/9c2fb7d2362ebf6fa088960d7f0d27b0\",\"name\":\"Filip\",\"image\":{\"@type\":\"ImageObject\",\"inLanguage\":\"pl-PL\",\"@id\":\"https:\/\/www.pogotowieflagowe.pl\/aktualne\/#\/schema\/person\/image\/\",\"url\":\"https:\/\/www.pogotowieflagowe.pl\/aktualne\/wp-content\/uploads\/2024\/08\/pogotowieflagowe.pl_.jpg\",\"contentUrl\":\"https:\/\/www.pogotowieflagowe.pl\/aktualne\/wp-content\/uploads\/2024\/08\/pogotowieflagowe.pl_.jpg\",\"caption\":\"Filip\"},\"description\":\"Jestem Filip, polski dziennikarz z dyplomem nauk politycznych Uniwersytetu Warszawskiego. Rozpoczynaj\u0105c swoj\u0105 karier\u0119 w r\u00f3\u017cnych lokalnych mediach, zdoby\u0142em solidne do\u015bwiadczenie w zakresie \u015bledztwa i redakcji. Obecnie jako redaktor w Pogotowie flagowe, staram si\u0119 dostarcza\u0107 dog\u0142\u0119bne i istotne analizy na temat najwa\u017cniejszych kwestii aktualno\u015bci, \u0142\u0105cz\u0105c rygor z pasj\u0105 dziennikarsk\u0105.\",\"sameAs\":[\"https:\/\/www.pogotowieflagowe.pl\/\"]}]}<\/script>\n<!-- \/ Yoast SEO plugin. -->","yoast_head_json":{"title":"Piesiewicz zatrzymany na trzy miesi\u0105ce. Wielogodzinne rozprawy s\u0105dowe i strajkuj\u0105ce milczenie - POGOTOWIE FLAGOWE\u00ae","robots":{"index":"index","follow":"follow","max-snippet":"max-snippet:-1","max-image-preview":"max-image-preview:large","max-video-preview":"max-video-preview:-1"},"canonical":"https:\/\/www.pogotowieflagowe.pl\/aktualne\/piesiewicz-zatrzymany-na-trzy-miesiace-wielogodzinne-rozprawy-sadowe-i-strajkujace-milczenie\/","og_locale":"pl_PL","og_type":"article","og_title":"Piesiewicz zatrzymany na trzy miesi\u0105ce. Wielogodzinne rozprawy s\u0105dowe i strajkuj\u0105ce milczenie - POGOTOWIE FLAGOWE\u00ae","og_description":"\u201eS\u0105d zarz\u0105dzi\u0142 tymczasowe aresztowanie Rados\u0142awa P. na okres trzech miesi\u0119cy\u201d \u2013 Anna Adamiak, rzeczniczka Prokuratora Generalnego \u2013 doda\u0142a. powiedzia\u0142 kr\u00f3tko","og_url":"https:\/\/www.pogotowieflagowe.pl\/aktualne\/piesiewicz-zatrzymany-na-trzy-miesiace-wielogodzinne-rozprawy-sadowe-i-strajkujace-milczenie\/","og_site_name":"POGOTOWIE FLAGOWE\u00ae","article_published_time":"2026-09-06T13:49:11+00:00","article_modified_time":"2026-09-06T13:49:13+00:00","og_image":[{"width":1280,"height":720,"url":"https:\/\/www.pogotowieflagowe.pl\/aktualne\/wp-content\/uploads\/2026\/09\/Piesiewicz-zatrzymany-na-trzy-miesiace-Wielogodzinne-rozprawy-sadowe-i-strajkujace.webp","type":"image\/webp"}],"author":"Filip","twitter_card":"summary_large_image","twitter_misc":{"Napisane przez":"Filip","Szacowany czas czytania":"1 minuta"},"schema":{"@context":"https:\/\/schema.org","@graph":[{"@type":"Article","@id":"https:\/\/www.pogotowieflagowe.pl\/aktualne\/piesiewicz-zatrzymany-na-trzy-miesiace-wielogodzinne-rozprawy-sadowe-i-strajkujace-milczenie\/#article","isPartOf":{"@id":"https:\/\/www.pogotowieflagowe.pl\/aktualne\/piesiewicz-zatrzymany-na-trzy-miesiace-wielogodzinne-rozprawy-sadowe-i-strajkujace-milczenie\/"},"author":{"name":"Filip","@id":"https:\/\/www.pogotowieflagowe.pl\/aktualne\/#\/schema\/person\/9c2fb7d2362ebf6fa088960d7f0d27b0"},"headline":"Piesiewicz zatrzymany na trzy miesi\u0105ce. Wielogodzinne rozprawy s\u0105dowe i strajkuj\u0105ce milczenie","datePublished":"2026-09-06T13:49:11+00:00","dateModified":"2026-09-06T13:49:13+00:00","mainEntityOfPage":{"@id":"https:\/\/www.pogotowieflagowe.pl\/aktualne\/piesiewicz-zatrzymany-na-trzy-miesiace-wielogodzinne-rozprawy-sadowe-i-strajkujace-milczenie\/"},"wordCount":279,"commentCount":0,"publisher":{"@id":"https:\/\/www.pogotowieflagowe.pl\/aktualne\/#organization"},"image":{"@id":"https:\/\/www.pogotowieflagowe.pl\/aktualne\/piesiewicz-zatrzymany-na-trzy-miesiace-wielogodzinne-rozprawy-sadowe-i-strajkujace-milczenie\/#primaryimage"},"thumbnailUrl":"https:\/\/www.pogotowieflagowe.pl\/aktualne\/wp-content\/uploads\/2026\/09\/Piesiewicz-zatrzymany-na-trzy-miesiace-Wielogodzinne-rozprawy-sadowe-i-strajkujace.webp","keywords":["miesi\u0105ce","milczenie","Piesiewicz","rozprawy","s\u0105dowe","strajkuj\u0105ce","Trzy","Wielogodzinne","zatrzymany"],"articleSection":["Aktualne"],"inLanguage":"pl-PL","potentialAction":[{"@type":"CommentAction","name":"Comment","target":["https:\/\/www.pogotowieflagowe.pl\/aktualne\/piesiewicz-zatrzymany-na-trzy-miesiace-wielogodzinne-rozprawy-sadowe-i-strajkujace-milczenie\/#respond"]}]},{"@type":"WebPage","@id":"https:\/\/www.pogotowieflagowe.pl\/aktualne\/piesiewicz-zatrzymany-na-trzy-miesiace-wielogodzinne-rozprawy-sadowe-i-strajkujace-milczenie\/","url":"https:\/\/www.pogotowieflagowe.pl\/aktualne\/piesiewicz-zatrzymany-na-trzy-miesiace-wielogodzinne-rozprawy-sadowe-i-strajkujace-milczenie\/","name":"Piesiewicz zatrzymany na trzy miesi\u0105ce. Wielogodzinne rozprawy s\u0105dowe i strajkuj\u0105ce milczenie - POGOTOWIE FLAGOWE\u00ae","isPartOf":{"@id":"https:\/\/www.pogotowieflagowe.pl\/aktualne\/#website"},"primaryImageOfPage":{"@id":"https:\/\/www.pogotowieflagowe.pl\/aktualne\/piesiewicz-zatrzymany-na-trzy-miesiace-wielogodzinne-rozprawy-sadowe-i-strajkujace-milczenie\/#primaryimage"},"image":{"@id":"https:\/\/www.pogotowieflagowe.pl\/aktualne\/piesiewicz-zatrzymany-na-trzy-miesiace-wielogodzinne-rozprawy-sadowe-i-strajkujace-milczenie\/#primaryimage"},"thumbnailUrl":"https:\/\/www.pogotowieflagowe.pl\/aktualne\/wp-content\/uploads\/2026\/09\/Piesiewicz-zatrzymany-na-trzy-miesiace-Wielogodzinne-rozprawy-sadowe-i-strajkujace.webp","datePublished":"2026-09-06T13:49:11+00:00","dateModified":"2026-09-06T13:49:13+00:00","breadcrumb":{"@id":"https:\/\/www.pogotowieflagowe.pl\/aktualne\/piesiewicz-zatrzymany-na-trzy-miesiace-wielogodzinne-rozprawy-sadowe-i-strajkujace-milczenie\/#breadcrumb"},"inLanguage":"pl-PL","potentialAction":[{"@type":"ReadAction","target":["https:\/\/www.pogotowieflagowe.pl\/aktualne\/piesiewicz-zatrzymany-na-trzy-miesiace-wielogodzinne-rozprawy-sadowe-i-strajkujace-milczenie\/"]}]},{"@type":"ImageObject","inLanguage":"pl-PL","@id":"https:\/\/www.pogotowieflagowe.pl\/aktualne\/piesiewicz-zatrzymany-na-trzy-miesiace-wielogodzinne-rozprawy-sadowe-i-strajkujace-milczenie\/#primaryimage","url":"https:\/\/www.pogotowieflagowe.pl\/aktualne\/wp-content\/uploads\/2026\/09\/Piesiewicz-zatrzymany-na-trzy-miesiace-Wielogodzinne-rozprawy-sadowe-i-strajkujace.webp","contentUrl":"https:\/\/www.pogotowieflagowe.pl\/aktualne\/wp-content\/uploads\/2026\/09\/Piesiewicz-zatrzymany-na-trzy-miesiace-Wielogodzinne-rozprawy-sadowe-i-strajkujace.webp","width":1280,"height":720},{"@type":"BreadcrumbList","@id":"https:\/\/www.pogotowieflagowe.pl\/aktualne\/piesiewicz-zatrzymany-na-trzy-miesiace-wielogodzinne-rozprawy-sadowe-i-strajkujace-milczenie\/#breadcrumb","itemListElement":[{"@type":"ListItem","position":1,"name":"Home","item":"https:\/\/www.pogotowieflagowe.pl\/aktualne\/"},{"@type":"ListItem","position":2,"name":"Piesiewicz zatrzymany na trzy miesi\u0105ce. Wielogodzinne rozprawy s\u0105dowe i strajkuj\u0105ce milczenie"}]},{"@type":"WebSite","@id":"https:\/\/www.pogotowieflagowe.pl\/aktualne\/#website","url":"https:\/\/www.pogotowieflagowe.pl\/aktualne\/","name":"POGOTOWIE FLAGOWE\u00ae","description":"","publisher":{"@id":"https:\/\/www.pogotowieflagowe.pl\/aktualne\/#organization"},"potentialAction":[{"@type":"SearchAction","target":{"@type":"EntryPoint","urlTemplate":"https:\/\/www.pogotowieflagowe.pl\/aktualne\/?s={search_term_string}"},"query-input":"required name=search_term_string"}],"inLanguage":"pl-PL"},{"@type":"Organization","@id":"https:\/\/www.pogotowieflagowe.pl\/aktualne\/#organization","name":"POGOTOWIE FLAGOWE\u00ae","url":"https:\/\/www.pogotowieflagowe.pl\/aktualne\/","logo":{"@type":"ImageObject","inLanguage":"pl-PL","@id":"https:\/\/www.pogotowieflagowe.pl\/aktualne\/#\/schema\/logo\/image\/","url":"https:\/\/www.pogotowieflagowe.pl\/aktualne\/wp-content\/uploads\/2024\/08\/cropped-pogotowieflagowe_flaga_projekt_sm.jpg","contentUrl":"https:\/\/www.pogotowieflagowe.pl\/aktualne\/wp-content\/uploads\/2024\/08\/cropped-pogotowieflagowe_flaga_projekt_sm.jpg","width":250,"height":143,"caption":"POGOTOWIE FLAGOWE\u00ae"},"image":{"@id":"https:\/\/www.pogotowieflagowe.pl\/aktualne\/#\/schema\/logo\/image\/"}},{"@type":"Person","@id":"https:\/\/www.pogotowieflagowe.pl\/aktualne\/#\/schema\/person\/9c2fb7d2362ebf6fa088960d7f0d27b0","name":"Filip","image":{"@type":"ImageObject","inLanguage":"pl-PL","@id":"https:\/\/www.pogotowieflagowe.pl\/aktualne\/#\/schema\/person\/image\/","url":"https:\/\/www.pogotowieflagowe.pl\/aktualne\/wp-content\/uploads\/2024\/08\/pogotowieflagowe.pl_.jpg","contentUrl":"https:\/\/www.pogotowieflagowe.pl\/aktualne\/wp-content\/uploads\/2024\/08\/pogotowieflagowe.pl_.jpg","caption":"Filip"},"description":"Jestem Filip, polski dziennikarz z dyplomem nauk politycznych Uniwersytetu Warszawskiego. Rozpoczynaj\u0105c swoj\u0105 karier\u0119 w r\u00f3\u017cnych lokalnych mediach, zdoby\u0142em solidne do\u015bwiadczenie w zakresie \u015bledztwa i redakcji. Obecnie jako redaktor w Pogotowie flagowe, staram si\u0119 dostarcza\u0107 dog\u0142\u0119bne i istotne analizy na temat najwa\u017cniejszych kwestii aktualno\u015bci, \u0142\u0105cz\u0105c rygor z pasj\u0105 dziennikarsk\u0105.","sameAs":["https:\/\/www.pogotowieflagowe.pl\/"]}]}},"_links":{"self":[{"href":"https:\/\/www.pogotowieflagowe.pl\/aktualne\/wp-json\/wp\/v2\/posts\/13573","targetHints":{"allow":["GET"]}}],"collection":[{"href":"https:\/\/www.pogotowieflagowe.pl\/aktualne\/wp-json\/wp\/v2\/posts"}],"about":[{"href":"https:\/\/www.pogotowieflagowe.pl\/aktualne\/wp-json\/wp\/v2\/types\/post"}],"author":[{"embeddable":true,"href":"https:\/\/www.pogotowieflagowe.pl\/aktualne\/wp-json\/wp\/v2\/users\/1"}],"replies":[{"embeddable":true,"href":"https:\/\/www.pogotowieflagowe.pl\/aktualne\/wp-json\/wp\/v2\/comments?post=13573"}],"version-history":[{"count":1,"href":"https:\/\/www.pogotowieflagowe.pl\/aktualne\/wp-json\/wp\/v2\/posts\/13573\/revisions"}],"predecessor-version":[{"id":13575,"href":"https:\/\/www.pogotowieflagowe.pl\/aktualne\/wp-json\/wp\/v2\/posts\/13573\/revisions\/13575"}],"wp:featuredmedia":[{"embeddable":true,"href":"https:\/\/www.pogotowieflagowe.pl\/aktualne\/wp-json\/wp\/v2\/media\/13574"}],"wp:attachment":[{"href":"https:\/\/www.pogotowieflagowe.pl\/aktualne\/wp-json\/wp\/v2\/media?parent=13573"}],"wp:term":[{"taxonomy":"category","embeddable":true,"href":"https:\/\/www.pogotowieflagowe.pl\/aktualne\/wp-json\/wp\/v2\/categories?post=13573"},{"taxonomy":"post_tag","embeddable":true,"href":"https:\/\/www.pogotowieflagowe.pl\/aktualne\/wp-json\/wp\/v2\/tags?post=13573"}],"curies":[{"name":"wp","href":"https:\/\/api.w.org\/{rel}","templated":true}]}}