{"id":1444,"date":"2024-10-24T20:51:27","date_gmt":"2024-10-24T18:51:27","guid":{"rendered":"https:\/\/www.pogotowieflagowe.pl\/aktualne\/adam-malysz-przetestuje-mobilna-skocznie-narciarska-w-ramach-akademii-pilotow\/"},"modified":"2024-10-24T20:51:30","modified_gmt":"2024-10-24T18:51:30","slug":"adam-malysz-przetestuje-mobilna-skocznie-narciarska-w-ramach-akademii-pilotow","status":"publish","type":"post","link":"https:\/\/www.pogotowieflagowe.pl\/aktualne\/adam-malysz-przetestuje-mobilna-skocznie-narciarska-w-ramach-akademii-pilotow\/","title":{"rendered":"Adam Ma\u0142ysz przetestuje mobiln\u0105 skoczni\u0119 narciarsk\u0105 w ramach Akademii Pilot\u00f3w"},"content":{"rendered":"\n<div class=\"td_block_wrap tdb_single_content tdi_48 td-pb-border-top td_block_template_8 td-post-content tagdiv-type\" data-td-block-uid=\"tdi_48\">\n<style>.tdi_48{margines-g\u00f3rny:0px!important;margin-bottom:0px!important;dope\u0142nienie-g\u00f3ra:0px!important;dope\u0142nienie-d\u00f3\u0142:0px!important}<\/style>\n<style>.tdb_single_content{margin-bottom:0;*zoom:1}.tdb_single_content:before,.tdb_single_content:after{display:table;content:'';line-height:0}.tdb_single_content:after{clear:both}.tdb_single_content .tdb-block-inner>*:not(.wp-block-quote):not(.alignwide):not(.alignfull.wp-block-cover.has-parallax):not(.td-a-ad) {margin-left:auto;margin-right:auto}.tdb_single_content a{pointer-events:auto}.tdb_single_content .td-spot-id-top_ad .tdc-placeholder-title:before{content:'Najlepsza reklama artyku\u0142u'! wa\u017cne}.tdb_single_content .td-spot-id-inline_ad0 .tdc-placeholder-title:before{content:'Article Inline Ad 1'!important}.tdb_single_content .td-spot-id-inline_ad1 .tdc-placeholder-title:before {content:'Reklama wbudowana w artyku\u0142 2'!important}.tdb_single_content .td-spot-id-inline_ad2 .tdc-placeholder-title:before{content:'Reklama wbudowana w artyku\u0142 3'!important}.tdb_single_content .td-spot-id -bottom_ad .tdc-placeholder-title:before{content:'Article Bottom Ad'!important}.tdb_single_content .id_top_ad,.tdb_single_content .id_bottom_ad{clear:both;margin-bottom:21px;text-align:center}.tdb_single_content . id_top_ad img,.tdb_single_content .id_bottom_ad img{margin-bottom:0}.tdb_single_content .id_top_ad .adsbygoogle,.tdb_single_content .id_bottom_ad .adsbygoogle{position:relative}.tdb_single_content .id_ad_content-horiz- po lewej,.tdb_single_content .id_ad_content-horiz-right ,.tdb_single_content .id_ad_content-horiz-center{margin-bottom:15px}.tdb_single_content .id_ad_content-horiz-left img,.tdb_single_content .id_ad_content-horiz-right img,.tdb_single_content .id_ad_content-horiz -center img{margines-dolny: 0}.tdb_single_content .id_ad_content-horiz-center{text-align:center}.tdb_single_content .id_ad_content-horiz-center img{margin-right:auto;margin-left:auto}.tdb_single_content .id_ad_content-horiz-left{float: lewy;margin-g\u00f3rny:9px;margin-prawy:21px}.tdb_single_content .id_ad_content-horiz-right{float:right;margin-top:6px;margin-left:21px}.tdb_single_content .tdc-a-ad .tdc- placeholder-title{width:300px;height:250px}.tdb_single_content .tdc-a-ad .tdc-placeholder-title:before{position:absolute;top:50%;-webkit-transform:translateY(-50%); transform:translateY(-50%);margines:auto;display:table;width:100%}.tdb_single_content .tdb-block-inner.td-fix-index{word-break:break-word}.tdi_48,.tdi_48 >p,.tdi_48 .tdb-block-inner>p{font-size:16px!important;line-height:1.6!important}.tdi_48 .tdb-block-inner blockquote p{font-style:normal!important}@ media (maks. szeroko\u015b\u0107: 767 pikseli){.tdb_single_content .id_ad_content-horiz-left,.tdb_single_content .id_ad_content-horiz-right,.tdb_single_content .id_ad_content-horiz-center{margin:0 auto 26px auto}}@media (maks. szeroko\u015b\u0107 :767px){.tdb_single_content .id_ad_content-horiz-left{margin-right:0}}@media (max-width:767px){.tdb_single_content .id_ad_content-horiz-right{margin-left:0}}@media (max -width:767px){.tdb_single_content .td-a-ad{float:none;text-align:center}.tdb_single_content .td-a-ad img{margin-right:auto;margin-left:auto}.tdb_single_content . tdc-a-ad{float:none}}<\/style>\n<div class=\"tdb-block-inner td-fix-index\">\n<h2 class=\"wp-block-heading\">Adam Ma\u0142ysz przetestuje mobiln\u0105 skoczni\u0119 narciarsk\u0105, promuj\u0105c skoki narciarskie w ca\u0142ej Polsce w ramach programu Akademia Pilot\u00f3w.<\/h2>\n<p><iframe width=\"500\" height=\"250\" style=\"border:none;overflow:hidden\" scrolling=\"no\" frameborder=\"0\" allowfullscreen=\"true\" allow=\"autoplay; clipboard-write; encrypted-media; picture-in-picture; web-share\" data-src=\"https:\/\/www.facebook.com\/plugins\/post.php?href=https%3A%2F%2Fwww.facebook.com%2FAdamMalysz%2Fposts%2Fpfbid02pnerkRKJdRTiwChCdsZER7ytK7EVYtYvpm9ScqBwqsno1gM9Zo4jxL4h8nurRju1l&amp;show_text=false&amp;width=500\" class=\"lazyload\"><\/iframe><\/p>\n<p><strong>Legendarny skoczek narciarski wraca na skoczni\u0119<\/strong><\/p>\n<p>Adam Ma\u0142ysz, kultowy polski skoczek narciarski, przygotowuje si\u0119 do wyj\u0105tkowego powrotu na skoczni\u0119 narciarsk\u0105 po 13 latach. W wieku 46 lat by\u0142y mistrz planuje przetestowa\u0107 wyj\u0105tkow\u0105 mobiln\u0105 skoczni\u0119 narciarsk\u0105 w ramach programu \u201eAkademia Pilota\u201d. Skocznia ta, stworzona przez Polski Zwi\u0105zek Narciarski (PZN) oraz Ministerstwo Sportu i Turystyki, ma na celu promocj\u0119 skok\u00f3w narciarskich w ca\u0142ym kraju.<\/p>\n<p><strong>Mobilna Skocznia Narciarska promuje sport w ca\u0142ej Polsce<\/strong><\/p>\n<figure class=\"wp-block-embed is-type-rich is-provider-twitter wp-block-embed-twitter\">\n<div class=\"wp-block-embed__wrapper\">\n<blockquote class=\"twitter-tweet\" data-width=\"550\" data-dnt=\"true\">\n<p lang=\"pl\" dir=\"ltr\">Startuje \u201eAkademia Lotnika\u201d nowy projekt PZN i <a rel=\"nofollow\" href=\"https:\/\/twitter.com\/SPORT_GOV_PL?ref_src=twsrc%5Etfw\">@SPORT_GOV_PL<\/a> <\/p>\n<p>Zapraszamy na wydarzenia na mobilnej skoczni, kt\u00f3ra wkr\u00f3tce wyjedzie w tras\u0119. Organizujemy te\u017c skokowe lekcje WF-u, szkolenia dla nauczycieli i wiele wi\u0119cej!<\/p>\n<p>Chcesz si\u0119 zg\u0142osi\u0107? Napisz na akademia.lotnika@pzn.pl<\/p>\n<p>\ud83d\udcccGdzie\u2026 <a rel=\"nofollow\" href=\"https:\/\/t.co\/0AOOcpfpHw\">pic.twitter.com\/0AOOcpfpHw<\/a><\/p>\n<p>\u2014 Polski Zwi\u0105zek Narciarski (@pzn_pl) <a rel=\"nofollow\" href=\"https:\/\/twitter.com\/pzn_pl\/status\/1846114938344915226?ref_src=twsrc%5Etfw\">15 pa\u017adziernika 2024 r<\/a><\/p><\/blockquote>\n<\/div>\n<\/figure>\n<p>Mobilna skocznia narciarska b\u0119dzie podr\u00f3\u017cowa\u0107 po Polsce, daj\u0105c kibicom szans\u0119 poznania skok\u00f3w narciarskich na w\u0142asnej sk\u00f3rze. Dodatkowo uczestnicy mog\u0105 wzi\u0105\u0107 udzia\u0142 w lekcjach wychowania fizycznego prowadzonych przez by\u0142ych skoczk\u00f3w Jakuba Kota i Wiktora P\u0119kal\u0119. Pierwsza impreza odb\u0119dzie si\u0119 30 pa\u017adziernika w Bielsku-Bia\u0142ej, nast\u0119pnie przystanki we Wroc\u0142awiu, Szczecinie, Warszawie, Wi\u015ble i Krakowie.<\/p>\n<p>Ta inicjatywa otwiera nowy rozdzia\u0142 w bogatej karierze Ma\u0142ysza, \u0142\u0105cz\u0105c jego pasj\u0119 do sportu z wysi\u0142kami maj\u0105cymi na celu inspirowanie przysz\u0142ych pokole\u0144.<\/p>\n<\/div>\n<\/div>\n<p><script async src=\"https:\/\/platform.twitter.com\/widgets.js\" charset=\"utf-8\"><\/script><\/p>\n","protected":false},"excerpt":{"rendered":"<p>Adam Ma\u0142ysz przetestuje mobiln\u0105 skoczni\u0119 narciarsk\u0105, promuj\u0105c skoki narciarskie w ca\u0142ej Polsce w ramach programu Akademia Pilot\u00f3w. Legendarny skoczek narciarski<\/p>\n","protected":false},"author":1,"featured_media":1445,"comment_status":"closed","ping_status":"","sticky":false,"template":"","format":"standard","meta":{"footnotes":""},"categories":[118],"tags":[2411,2417,2412,2414,2416,2418,2413,248,2415],"class_list":["post-1444","post","type-post","status-publish","format-standard","has-post-thumbnail","hentry","category-lekkoatletyka","tag-adam","tag-akademii","tag-malysz","tag-mobilna","tag-narciarska","tag-pilotow","tag-przetestuje","tag-ramach","tag-skocznie","generate-columns","tablet-grid-50","mobile-grid-100","grid-parent","grid-50","resize-featured-image"],"yoast_head":"<!-- This site is optimized with the Yoast SEO plugin v23.2 - https:\/\/yoast.com\/wordpress\/plugins\/seo\/ -->\n<title>Adam Ma\u0142ysz przetestuje mobiln\u0105 skoczni\u0119 narciarsk\u0105 w ramach Akademii Pilot\u00f3w - POGOTOWIE FLAGOWE\u00ae<\/title>\n<meta name=\"robots\" content=\"index, follow, max-snippet:-1, max-image-preview:large, max-video-preview:-1\" \/>\n<link rel=\"canonical\" href=\"https:\/\/www.pogotowieflagowe.pl\/aktualne\/adam-malysz-przetestuje-mobilna-skocznie-narciarska-w-ramach-akademii-pilotow\/\" \/>\n<meta property=\"og:locale\" content=\"pl_PL\" \/>\n<meta property=\"og:type\" content=\"article\" \/>\n<meta property=\"og:title\" content=\"Adam Ma\u0142ysz przetestuje mobiln\u0105 skoczni\u0119 narciarsk\u0105 w ramach Akademii Pilot\u00f3w - POGOTOWIE FLAGOWE\u00ae\" \/>\n<meta property=\"og:description\" content=\"Adam Ma\u0142ysz przetestuje mobiln\u0105 skoczni\u0119 narciarsk\u0105, promuj\u0105c skoki narciarskie w ca\u0142ej Polsce w ramach programu Akademia Pilot\u00f3w. Legendarny skoczek narciarski\" \/>\n<meta property=\"og:url\" content=\"https:\/\/www.pogotowieflagowe.pl\/aktualne\/adam-malysz-przetestuje-mobilna-skocznie-narciarska-w-ramach-akademii-pilotow\/\" \/>\n<meta property=\"og:site_name\" content=\"POGOTOWIE FLAGOWE\u00ae\" \/>\n<meta property=\"article:published_time\" content=\"2024-10-24T18:51:27+00:00\" \/>\n<meta property=\"article:modified_time\" content=\"2024-10-24T18:51:30+00:00\" \/>\n<meta property=\"og:image\" content=\"https:\/\/www.pogotowieflagowe.pl\/aktualne\/wp-content\/uploads\/2024\/10\/Adam-Malysz-przetestuje-mobilna-skocznie-narciarska-w-ramach-Akademii-Pilotow.jpg\" \/>\n\t<meta property=\"og:image:width\" content=\"2048\" \/>\n\t<meta property=\"og:image:height\" content=\"1165\" \/>\n\t<meta property=\"og:image:type\" content=\"image\/jpeg\" \/>\n<meta name=\"author\" content=\"Filip\" \/>\n<meta name=\"twitter:card\" content=\"summary_large_image\" \/>\n<meta name=\"twitter:label1\" content=\"Napisane przez\" \/>\n\t<meta name=\"twitter:data1\" content=\"Filip\" \/>\n\t<meta name=\"twitter:label2\" content=\"Szacowany czas czytania\" \/>\n\t<meta name=\"twitter:data2\" content=\"1 minuta\" \/>\n<script type=\"application\/ld+json\" class=\"yoast-schema-graph\">{\"@context\":\"https:\/\/schema.org\",\"@graph\":[{\"@type\":\"Article\",\"@id\":\"https:\/\/www.pogotowieflagowe.pl\/aktualne\/adam-malysz-przetestuje-mobilna-skocznie-narciarska-w-ramach-akademii-pilotow\/#article\",\"isPartOf\":{\"@id\":\"https:\/\/www.pogotowieflagowe.pl\/aktualne\/adam-malysz-przetestuje-mobilna-skocznie-narciarska-w-ramach-akademii-pilotow\/\"},\"author\":{\"name\":\"Filip\",\"@id\":\"https:\/\/www.pogotowieflagowe.pl\/aktualne\/#\/schema\/person\/9c2fb7d2362ebf6fa088960d7f0d27b0\"},\"headline\":\"Adam Ma\u0142ysz przetestuje mobiln\u0105 skoczni\u0119 narciarsk\u0105 w ramach Akademii Pilot\u00f3w\",\"datePublished\":\"2024-10-24T18:51:27+00:00\",\"dateModified\":\"2024-10-24T18:51:30+00:00\",\"mainEntityOfPage\":{\"@id\":\"https:\/\/www.pogotowieflagowe.pl\/aktualne\/adam-malysz-przetestuje-mobilna-skocznie-narciarska-w-ramach-akademii-pilotow\/\"},\"wordCount\":260,\"publisher\":{\"@id\":\"https:\/\/www.pogotowieflagowe.pl\/aktualne\/#organization\"},\"image\":{\"@id\":\"https:\/\/www.pogotowieflagowe.pl\/aktualne\/adam-malysz-przetestuje-mobilna-skocznie-narciarska-w-ramach-akademii-pilotow\/#primaryimage\"},\"thumbnailUrl\":\"https:\/\/www.pogotowieflagowe.pl\/aktualne\/wp-content\/uploads\/2024\/10\/Adam-Malysz-przetestuje-mobilna-skocznie-narciarska-w-ramach-Akademii-Pilotow.jpg\",\"keywords\":[\"Adam\",\"Akademii\",\"Ma\u0142ysz\",\"mobiln\u0105\",\"narciarsk\u0105\",\"Pilot\u00f3w\",\"przetestuje\",\"ramach\",\"skoczni\u0119\"],\"articleSection\":[\"Lekkoatletyka\"],\"inLanguage\":\"pl-PL\"},{\"@type\":\"WebPage\",\"@id\":\"https:\/\/www.pogotowieflagowe.pl\/aktualne\/adam-malysz-przetestuje-mobilna-skocznie-narciarska-w-ramach-akademii-pilotow\/\",\"url\":\"https:\/\/www.pogotowieflagowe.pl\/aktualne\/adam-malysz-przetestuje-mobilna-skocznie-narciarska-w-ramach-akademii-pilotow\/\",\"name\":\"Adam Ma\u0142ysz przetestuje mobiln\u0105 skoczni\u0119 narciarsk\u0105 w ramach Akademii Pilot\u00f3w - POGOTOWIE FLAGOWE\u00ae\",\"isPartOf\":{\"@id\":\"https:\/\/www.pogotowieflagowe.pl\/aktualne\/#website\"},\"primaryImageOfPage\":{\"@id\":\"https:\/\/www.pogotowieflagowe.pl\/aktualne\/adam-malysz-przetestuje-mobilna-skocznie-narciarska-w-ramach-akademii-pilotow\/#primaryimage\"},\"image\":{\"@id\":\"https:\/\/www.pogotowieflagowe.pl\/aktualne\/adam-malysz-przetestuje-mobilna-skocznie-narciarska-w-ramach-akademii-pilotow\/#primaryimage\"},\"thumbnailUrl\":\"https:\/\/www.pogotowieflagowe.pl\/aktualne\/wp-content\/uploads\/2024\/10\/Adam-Malysz-przetestuje-mobilna-skocznie-narciarska-w-ramach-Akademii-Pilotow.jpg\",\"datePublished\":\"2024-10-24T18:51:27+00:00\",\"dateModified\":\"2024-10-24T18:51:30+00:00\",\"breadcrumb\":{\"@id\":\"https:\/\/www.pogotowieflagowe.pl\/aktualne\/adam-malysz-przetestuje-mobilna-skocznie-narciarska-w-ramach-akademii-pilotow\/#breadcrumb\"},\"inLanguage\":\"pl-PL\",\"potentialAction\":[{\"@type\":\"ReadAction\",\"target\":[\"https:\/\/www.pogotowieflagowe.pl\/aktualne\/adam-malysz-przetestuje-mobilna-skocznie-narciarska-w-ramach-akademii-pilotow\/\"]}]},{\"@type\":\"ImageObject\",\"inLanguage\":\"pl-PL\",\"@id\":\"https:\/\/www.pogotowieflagowe.pl\/aktualne\/adam-malysz-przetestuje-mobilna-skocznie-narciarska-w-ramach-akademii-pilotow\/#primaryimage\",\"url\":\"https:\/\/www.pogotowieflagowe.pl\/aktualne\/wp-content\/uploads\/2024\/10\/Adam-Malysz-przetestuje-mobilna-skocznie-narciarska-w-ramach-Akademii-Pilotow.jpg\",\"contentUrl\":\"https:\/\/www.pogotowieflagowe.pl\/aktualne\/wp-content\/uploads\/2024\/10\/Adam-Malysz-przetestuje-mobilna-skocznie-narciarska-w-ramach-Akademii-Pilotow.jpg\",\"width\":2048,\"height\":1165,\"caption\":\"Adam Ma\u0142ysz przetestuje mobiln\u0105 skoczni\u0119 narciarsk\u0105 w ramach Akademii Pilot\u00f3w\"},{\"@type\":\"BreadcrumbList\",\"@id\":\"https:\/\/www.pogotowieflagowe.pl\/aktualne\/adam-malysz-przetestuje-mobilna-skocznie-narciarska-w-ramach-akademii-pilotow\/#breadcrumb\",\"itemListElement\":[{\"@type\":\"ListItem\",\"position\":1,\"name\":\"Home\",\"item\":\"https:\/\/www.pogotowieflagowe.pl\/aktualne\/\"},{\"@type\":\"ListItem\",\"position\":2,\"name\":\"Adam Ma\u0142ysz przetestuje mobiln\u0105 skoczni\u0119 narciarsk\u0105 w ramach Akademii Pilot\u00f3w\"}]},{\"@type\":\"WebSite\",\"@id\":\"https:\/\/www.pogotowieflagowe.pl\/aktualne\/#website\",\"url\":\"https:\/\/www.pogotowieflagowe.pl\/aktualne\/\",\"name\":\"POGOTOWIE FLAGOWE\u00ae\",\"description\":\"\",\"publisher\":{\"@id\":\"https:\/\/www.pogotowieflagowe.pl\/aktualne\/#organization\"},\"potentialAction\":[{\"@type\":\"SearchAction\",\"target\":{\"@type\":\"EntryPoint\",\"urlTemplate\":\"https:\/\/www.pogotowieflagowe.pl\/aktualne\/?s={search_term_string}\"},\"query-input\":\"required name=search_term_string\"}],\"inLanguage\":\"pl-PL\"},{\"@type\":\"Organization\",\"@id\":\"https:\/\/www.pogotowieflagowe.pl\/aktualne\/#organization\",\"name\":\"POGOTOWIE FLAGOWE\u00ae\",\"url\":\"https:\/\/www.pogotowieflagowe.pl\/aktualne\/\",\"logo\":{\"@type\":\"ImageObject\",\"inLanguage\":\"pl-PL\",\"@id\":\"https:\/\/www.pogotowieflagowe.pl\/aktualne\/#\/schema\/logo\/image\/\",\"url\":\"https:\/\/www.pogotowieflagowe.pl\/aktualne\/wp-content\/uploads\/2024\/08\/cropped-pogotowieflagowe_flaga_projekt_sm.jpg\",\"contentUrl\":\"https:\/\/www.pogotowieflagowe.pl\/aktualne\/wp-content\/uploads\/2024\/08\/cropped-pogotowieflagowe_flaga_projekt_sm.jpg\",\"width\":250,\"height\":143,\"caption\":\"POGOTOWIE FLAGOWE\u00ae\"},\"image\":{\"@id\":\"https:\/\/www.pogotowieflagowe.pl\/aktualne\/#\/schema\/logo\/image\/\"}},{\"@type\":\"Person\",\"@id\":\"https:\/\/www.pogotowieflagowe.pl\/aktualne\/#\/schema\/person\/9c2fb7d2362ebf6fa088960d7f0d27b0\",\"name\":\"Filip\",\"image\":{\"@type\":\"ImageObject\",\"inLanguage\":\"pl-PL\",\"@id\":\"https:\/\/www.pogotowieflagowe.pl\/aktualne\/#\/schema\/person\/image\/\",\"url\":\"https:\/\/www.pogotowieflagowe.pl\/aktualne\/wp-content\/uploads\/2024\/08\/pogotowieflagowe.pl_.jpg\",\"contentUrl\":\"https:\/\/www.pogotowieflagowe.pl\/aktualne\/wp-content\/uploads\/2024\/08\/pogotowieflagowe.pl_.jpg\",\"caption\":\"Filip\"},\"description\":\"Jestem Filip, polski dziennikarz z dyplomem nauk politycznych Uniwersytetu Warszawskiego. Rozpoczynaj\u0105c swoj\u0105 karier\u0119 w r\u00f3\u017cnych lokalnych mediach, zdoby\u0142em solidne do\u015bwiadczenie w zakresie \u015bledztwa i redakcji. Obecnie jako redaktor w Pogotowie flagowe, staram si\u0119 dostarcza\u0107 dog\u0142\u0119bne i istotne analizy na temat najwa\u017cniejszych kwestii aktualno\u015bci, \u0142\u0105cz\u0105c rygor z pasj\u0105 dziennikarsk\u0105.\",\"sameAs\":[\"https:\/\/www.pogotowieflagowe.pl\/\"]}]}<\/script>\n<!-- \/ Yoast SEO plugin. -->","yoast_head_json":{"title":"Adam Ma\u0142ysz przetestuje mobiln\u0105 skoczni\u0119 narciarsk\u0105 w ramach Akademii Pilot\u00f3w - POGOTOWIE FLAGOWE\u00ae","robots":{"index":"index","follow":"follow","max-snippet":"max-snippet:-1","max-image-preview":"max-image-preview:large","max-video-preview":"max-video-preview:-1"},"canonical":"https:\/\/www.pogotowieflagowe.pl\/aktualne\/adam-malysz-przetestuje-mobilna-skocznie-narciarska-w-ramach-akademii-pilotow\/","og_locale":"pl_PL","og_type":"article","og_title":"Adam Ma\u0142ysz przetestuje mobiln\u0105 skoczni\u0119 narciarsk\u0105 w ramach Akademii Pilot\u00f3w - POGOTOWIE FLAGOWE\u00ae","og_description":"Adam Ma\u0142ysz przetestuje mobiln\u0105 skoczni\u0119 narciarsk\u0105, promuj\u0105c skoki narciarskie w ca\u0142ej Polsce w ramach programu Akademia Pilot\u00f3w. Legendarny skoczek narciarski","og_url":"https:\/\/www.pogotowieflagowe.pl\/aktualne\/adam-malysz-przetestuje-mobilna-skocznie-narciarska-w-ramach-akademii-pilotow\/","og_site_name":"POGOTOWIE FLAGOWE\u00ae","article_published_time":"2024-10-24T18:51:27+00:00","article_modified_time":"2024-10-24T18:51:30+00:00","og_image":[{"width":2048,"height":1165,"url":"https:\/\/www.pogotowieflagowe.pl\/aktualne\/wp-content\/uploads\/2024\/10\/Adam-Malysz-przetestuje-mobilna-skocznie-narciarska-w-ramach-Akademii-Pilotow.jpg","type":"image\/jpeg"}],"author":"Filip","twitter_card":"summary_large_image","twitter_misc":{"Napisane przez":"Filip","Szacowany czas czytania":"1 minuta"},"schema":{"@context":"https:\/\/schema.org","@graph":[{"@type":"Article","@id":"https:\/\/www.pogotowieflagowe.pl\/aktualne\/adam-malysz-przetestuje-mobilna-skocznie-narciarska-w-ramach-akademii-pilotow\/#article","isPartOf":{"@id":"https:\/\/www.pogotowieflagowe.pl\/aktualne\/adam-malysz-przetestuje-mobilna-skocznie-narciarska-w-ramach-akademii-pilotow\/"},"author":{"name":"Filip","@id":"https:\/\/www.pogotowieflagowe.pl\/aktualne\/#\/schema\/person\/9c2fb7d2362ebf6fa088960d7f0d27b0"},"headline":"Adam Ma\u0142ysz przetestuje mobiln\u0105 skoczni\u0119 narciarsk\u0105 w ramach Akademii Pilot\u00f3w","datePublished":"2024-10-24T18:51:27+00:00","dateModified":"2024-10-24T18:51:30+00:00","mainEntityOfPage":{"@id":"https:\/\/www.pogotowieflagowe.pl\/aktualne\/adam-malysz-przetestuje-mobilna-skocznie-narciarska-w-ramach-akademii-pilotow\/"},"wordCount":260,"publisher":{"@id":"https:\/\/www.pogotowieflagowe.pl\/aktualne\/#organization"},"image":{"@id":"https:\/\/www.pogotowieflagowe.pl\/aktualne\/adam-malysz-przetestuje-mobilna-skocznie-narciarska-w-ramach-akademii-pilotow\/#primaryimage"},"thumbnailUrl":"https:\/\/www.pogotowieflagowe.pl\/aktualne\/wp-content\/uploads\/2024\/10\/Adam-Malysz-przetestuje-mobilna-skocznie-narciarska-w-ramach-Akademii-Pilotow.jpg","keywords":["Adam","Akademii","Ma\u0142ysz","mobiln\u0105","narciarsk\u0105","Pilot\u00f3w","przetestuje","ramach","skoczni\u0119"],"articleSection":["Lekkoatletyka"],"inLanguage":"pl-PL"},{"@type":"WebPage","@id":"https:\/\/www.pogotowieflagowe.pl\/aktualne\/adam-malysz-przetestuje-mobilna-skocznie-narciarska-w-ramach-akademii-pilotow\/","url":"https:\/\/www.pogotowieflagowe.pl\/aktualne\/adam-malysz-przetestuje-mobilna-skocznie-narciarska-w-ramach-akademii-pilotow\/","name":"Adam Ma\u0142ysz przetestuje mobiln\u0105 skoczni\u0119 narciarsk\u0105 w ramach Akademii Pilot\u00f3w - POGOTOWIE FLAGOWE\u00ae","isPartOf":{"@id":"https:\/\/www.pogotowieflagowe.pl\/aktualne\/#website"},"primaryImageOfPage":{"@id":"https:\/\/www.pogotowieflagowe.pl\/aktualne\/adam-malysz-przetestuje-mobilna-skocznie-narciarska-w-ramach-akademii-pilotow\/#primaryimage"},"image":{"@id":"https:\/\/www.pogotowieflagowe.pl\/aktualne\/adam-malysz-przetestuje-mobilna-skocznie-narciarska-w-ramach-akademii-pilotow\/#primaryimage"},"thumbnailUrl":"https:\/\/www.pogotowieflagowe.pl\/aktualne\/wp-content\/uploads\/2024\/10\/Adam-Malysz-przetestuje-mobilna-skocznie-narciarska-w-ramach-Akademii-Pilotow.jpg","datePublished":"2024-10-24T18:51:27+00:00","dateModified":"2024-10-24T18:51:30+00:00","breadcrumb":{"@id":"https:\/\/www.pogotowieflagowe.pl\/aktualne\/adam-malysz-przetestuje-mobilna-skocznie-narciarska-w-ramach-akademii-pilotow\/#breadcrumb"},"inLanguage":"pl-PL","potentialAction":[{"@type":"ReadAction","target":["https:\/\/www.pogotowieflagowe.pl\/aktualne\/adam-malysz-przetestuje-mobilna-skocznie-narciarska-w-ramach-akademii-pilotow\/"]}]},{"@type":"ImageObject","inLanguage":"pl-PL","@id":"https:\/\/www.pogotowieflagowe.pl\/aktualne\/adam-malysz-przetestuje-mobilna-skocznie-narciarska-w-ramach-akademii-pilotow\/#primaryimage","url":"https:\/\/www.pogotowieflagowe.pl\/aktualne\/wp-content\/uploads\/2024\/10\/Adam-Malysz-przetestuje-mobilna-skocznie-narciarska-w-ramach-Akademii-Pilotow.jpg","contentUrl":"https:\/\/www.pogotowieflagowe.pl\/aktualne\/wp-content\/uploads\/2024\/10\/Adam-Malysz-przetestuje-mobilna-skocznie-narciarska-w-ramach-Akademii-Pilotow.jpg","width":2048,"height":1165,"caption":"Adam Ma\u0142ysz przetestuje mobiln\u0105 skoczni\u0119 narciarsk\u0105 w ramach Akademii Pilot\u00f3w"},{"@type":"BreadcrumbList","@id":"https:\/\/www.pogotowieflagowe.pl\/aktualne\/adam-malysz-przetestuje-mobilna-skocznie-narciarska-w-ramach-akademii-pilotow\/#breadcrumb","itemListElement":[{"@type":"ListItem","position":1,"name":"Home","item":"https:\/\/www.pogotowieflagowe.pl\/aktualne\/"},{"@type":"ListItem","position":2,"name":"Adam Ma\u0142ysz przetestuje mobiln\u0105 skoczni\u0119 narciarsk\u0105 w ramach Akademii Pilot\u00f3w"}]},{"@type":"WebSite","@id":"https:\/\/www.pogotowieflagowe.pl\/aktualne\/#website","url":"https:\/\/www.pogotowieflagowe.pl\/aktualne\/","name":"POGOTOWIE FLAGOWE\u00ae","description":"","publisher":{"@id":"https:\/\/www.pogotowieflagowe.pl\/aktualne\/#organization"},"potentialAction":[{"@type":"SearchAction","target":{"@type":"EntryPoint","urlTemplate":"https:\/\/www.pogotowieflagowe.pl\/aktualne\/?s={search_term_string}"},"query-input":"required name=search_term_string"}],"inLanguage":"pl-PL"},{"@type":"Organization","@id":"https:\/\/www.pogotowieflagowe.pl\/aktualne\/#organization","name":"POGOTOWIE FLAGOWE\u00ae","url":"https:\/\/www.pogotowieflagowe.pl\/aktualne\/","logo":{"@type":"ImageObject","inLanguage":"pl-PL","@id":"https:\/\/www.pogotowieflagowe.pl\/aktualne\/#\/schema\/logo\/image\/","url":"https:\/\/www.pogotowieflagowe.pl\/aktualne\/wp-content\/uploads\/2024\/08\/cropped-pogotowieflagowe_flaga_projekt_sm.jpg","contentUrl":"https:\/\/www.pogotowieflagowe.pl\/aktualne\/wp-content\/uploads\/2024\/08\/cropped-pogotowieflagowe_flaga_projekt_sm.jpg","width":250,"height":143,"caption":"POGOTOWIE FLAGOWE\u00ae"},"image":{"@id":"https:\/\/www.pogotowieflagowe.pl\/aktualne\/#\/schema\/logo\/image\/"}},{"@type":"Person","@id":"https:\/\/www.pogotowieflagowe.pl\/aktualne\/#\/schema\/person\/9c2fb7d2362ebf6fa088960d7f0d27b0","name":"Filip","image":{"@type":"ImageObject","inLanguage":"pl-PL","@id":"https:\/\/www.pogotowieflagowe.pl\/aktualne\/#\/schema\/person\/image\/","url":"https:\/\/www.pogotowieflagowe.pl\/aktualne\/wp-content\/uploads\/2024\/08\/pogotowieflagowe.pl_.jpg","contentUrl":"https:\/\/www.pogotowieflagowe.pl\/aktualne\/wp-content\/uploads\/2024\/08\/pogotowieflagowe.pl_.jpg","caption":"Filip"},"description":"Jestem Filip, polski dziennikarz z dyplomem nauk politycznych Uniwersytetu Warszawskiego. Rozpoczynaj\u0105c swoj\u0105 karier\u0119 w r\u00f3\u017cnych lokalnych mediach, zdoby\u0142em solidne do\u015bwiadczenie w zakresie \u015bledztwa i redakcji. Obecnie jako redaktor w Pogotowie flagowe, staram si\u0119 dostarcza\u0107 dog\u0142\u0119bne i istotne analizy na temat najwa\u017cniejszych kwestii aktualno\u015bci, \u0142\u0105cz\u0105c rygor z pasj\u0105 dziennikarsk\u0105.","sameAs":["https:\/\/www.pogotowieflagowe.pl\/"]}]}},"_links":{"self":[{"href":"https:\/\/www.pogotowieflagowe.pl\/aktualne\/wp-json\/wp\/v2\/posts\/1444","targetHints":{"allow":["GET"]}}],"collection":[{"href":"https:\/\/www.pogotowieflagowe.pl\/aktualne\/wp-json\/wp\/v2\/posts"}],"about":[{"href":"https:\/\/www.pogotowieflagowe.pl\/aktualne\/wp-json\/wp\/v2\/types\/post"}],"author":[{"embeddable":true,"href":"https:\/\/www.pogotowieflagowe.pl\/aktualne\/wp-json\/wp\/v2\/users\/1"}],"replies":[{"embeddable":true,"href":"https:\/\/www.pogotowieflagowe.pl\/aktualne\/wp-json\/wp\/v2\/comments?post=1444"}],"version-history":[{"count":1,"href":"https:\/\/www.pogotowieflagowe.pl\/aktualne\/wp-json\/wp\/v2\/posts\/1444\/revisions"}],"predecessor-version":[{"id":1446,"href":"https:\/\/www.pogotowieflagowe.pl\/aktualne\/wp-json\/wp\/v2\/posts\/1444\/revisions\/1446"}],"wp:featuredmedia":[{"embeddable":true,"href":"https:\/\/www.pogotowieflagowe.pl\/aktualne\/wp-json\/wp\/v2\/media\/1445"}],"wp:attachment":[{"href":"https:\/\/www.pogotowieflagowe.pl\/aktualne\/wp-json\/wp\/v2\/media?parent=1444"}],"wp:term":[{"taxonomy":"category","embeddable":true,"href":"https:\/\/www.pogotowieflagowe.pl\/aktualne\/wp-json\/wp\/v2\/categories?post=1444"},{"taxonomy":"post_tag","embeddable":true,"href":"https:\/\/www.pogotowieflagowe.pl\/aktualne\/wp-json\/wp\/v2\/tags?post=1444"}],"curies":[{"name":"wp","href":"https:\/\/api.w.org\/{rel}","templated":true}]}}