{"id":1468,"date":"2024-10-26T01:49:24","date_gmt":"2024-10-25T23:49:24","guid":{"rendered":"https:\/\/www.pogotowieflagowe.pl\/aktualne\/pierwsze-damy-polski-i-korei-poludniowej-spotykaja-sie-w-palacu-gyeongbok\/"},"modified":"2024-10-26T01:49:27","modified_gmt":"2024-10-25T23:49:27","slug":"pierwsze-damy-polski-i-korei-poludniowej-spotykaja-sie-w-palacu-gyeongbok","status":"publish","type":"post","link":"https:\/\/www.pogotowieflagowe.pl\/aktualne\/pierwsze-damy-polski-i-korei-poludniowej-spotykaja-sie-w-palacu-gyeongbok\/","title":{"rendered":"Pierwsze Damy Polski i Korei Po\u0142udniowej spotykaj\u0105 si\u0119 w Pa\u0142acu Gyeongbok"},"content":{"rendered":"\n<div class=\"td_block_wrap tdb_single_content tdi_48 td-pb-border-top td_block_template_8 td-post-content tagdiv-type\" data-td-block-uid=\"tdi_48\">\n<style>.tdi_48{margines-top:0px!important;margin-bottom:0px!important;dope\u0142nienie-g\u00f3ra:0px!important;dope\u0142nienie-d\u00f3\u0142:0px!important}<\/style>\n<style>.tdb_single_content{margin-bottom:0;*zoom:1}.tdb_single_content:before,.tdb_single_content:after{display:table;content:'';line-height:0}.tdb_single_content:after{clear:both}.tdb_single_content .tdb-block-inner>*:not(.wp-block-quote):not(.alignwide):not(.alignfull.wp-block-cover.has-parallax):not(.td-a-ad) {margin-left:auto;margin-right:auto}.tdb_single_content a{pointer-events:auto}.tdb_single_content .td-spot-id-top_ad .tdc-placeholder-title:before{content:'Najlepsza reklama artyku\u0142u'! wa\u017cne}.tdb_single_content .td-spot-id-inline_ad0 .tdc-placeholder-title:before{content:'Article Inline Ad 1'!important}.tdb_single_content .td-spot-id-inline_ad1 .tdc-placeholder-title:before {content:'Reklama wbudowana w artyku\u0142 2'!important}.tdb_single_content .td-spot-id-inline_ad2 .tdc-placeholder-title:before{content:'Reklama wbudowana w artyku\u0142 3'!important}.tdb_single_content .td-spot-id -bottom_ad .tdc-placeholder-title:before{content:'Article Bottom Ad'!important}.tdb_single_content .id_top_ad,.tdb_single_content .id_bottom_ad{clear:both;margin-bottom:21px;text-align:center}.tdb_single_content . id_top_ad img,.tdb_single_content .id_bottom_ad img{margin-bottom:0}.tdb_single_content .id_top_ad .adsbygoogle,.tdb_single_content .id_bottom_ad .adsbygoogle{position:relative}.tdb_single_content .id_ad_content-horiz- po lewej,.tdb_single_content .id_ad_content-horiz-right ,.tdb_single_content .id_ad_content-horiz-center{margin-bottom:15px}.tdb_single_content .id_ad_content-horiz-left img,.tdb_single_content .id_ad_content-horiz-right img,.tdb_single_content .id_ad_content-horiz -center img{margines-dolny: 0}.tdb_single_content .id_ad_content-horiz-center{text-align:center}.tdb_single_content .id_ad_content-horiz-center img{margin-right:auto;margin-left:auto}.tdb_single_content .id_ad_content-horiz-left{float: lewy;margin-g\u00f3rny:9px;margin-prawy:21px}.tdb_single_content .id_ad_content-horiz-right{float:right;margin-top:6px;margin-left:21px}.tdb_single_content .tdc-a-ad .tdc- placeholder-title{width:300px;height:250px}.tdb_single_content .tdc-a-ad .tdc-placeholder-title:before{position:absolute;top:50%;-webkit-transform:translateY(-50%); transform:translateY(-50%);margines:auto;display:table;width:100%}.tdb_single_content .tdb-block-inner.td-fix-index{word-break:break-word}.tdi_48,.tdi_48 >p,.tdi_48 .tdb-block-inner>p{font-size:16px!important;line-height:1.6!important}.tdi_48 .tdb-block-inner blockquote p{font-style:normal!important}@ media (maks. szeroko\u015b\u0107: 767 pikseli){.tdb_single_content .id_ad_content-horiz-left,.tdb_single_content .id_ad_content-horiz-right,.tdb_single_content .id_ad_content-horiz-center{margin:0 auto 26px auto}}@media (maks. szeroko\u015b\u0107 :767px){.tdb_single_content .id_ad_content-horiz-left{margin-right:0}}@media (max-width:767px){.tdb_single_content .id_ad_content-horiz-right{margin-left:0}}@media (max -width:767px){.tdb_single_content .td-a-ad{float:none;text-align:center}.tdb_single_content .td-a-ad img{margin-right:auto;margin-left:auto}.tdb_single_content . tdc-a-ad{float:none}}<\/style>\n<div class=\"tdb-block-inner td-fix-index\">\n<h2 class=\"wp-block-heading\">Pierwsze Damy Polski i Korei Po\u0142udniowej spotykaj\u0105 si\u0119 w Pa\u0142acu Gyeongbok, aby rozmawia\u0107 o kulturze, muzyce i wsp\u00f3lnych inicjatywach.<\/h2>\n<p>Pierwsza Dama Polski Agata Kornhauser-Duda spotka\u0142a si\u0119 z Pierwsz\u0105 Dam\u0105 Korei Po\u0142udniowej Kim Keon-hee podczas oficjalnej wizyty w Seulu. Spotkanie odby\u0142o si\u0119 w historycznym Pa\u0142acu Gyeongbok, gdzie panie przywita\u0142 dyrektor pa\u0142acu, Kyu Hyeong Cho. Pa\u0142ac, wybudowany w 1395 roku za panowania dynastii Joseon, jest jednym z najwa\u017cniejszych zabytk\u00f3w kultury Korei Po\u0142udniowej, symbolizuj\u0105cym dziedzictwo narodu.<\/p>\n<p>Spotkaniu towarzyszy\u0142 koncert tradycyjnej muzyki korea\u0144skiej, po kt\u00f3rym odby\u0142a si\u0119 rozmowa Pierwszych Dam. Om\u00f3wili swoje dzia\u0142ania i inicjatywy, wymieniaj\u0105c si\u0119 pomys\u0142ami i do\u015bwiadczeniami. Kim Keon-hee podzieli\u0142a si\u0119 spostrze\u017ceniami na temat korea\u0144skiej kultury, tradycji i \u015bwi\u0105t, \u0142\u0105cz\u0105c dyskusj\u0119 z codziennym wyst\u0119pem muzycznym.<\/p>\n<p>Wymiana zda\u0144 pomi\u0119dzy obiema Pierwszymi Damami podkre\u015bli\u0142a znaczenie dyplomacji kulturalnej i przyczyni\u0142a si\u0119 do g\u0142\u0119bszego zrozumienia mi\u0119dzy Polsk\u0105 a Kore\u0105 Po\u0142udniow\u0105, promuj\u0105c jednocze\u015bnie wzajemny szacunek i wsp\u00f3\u0142prac\u0119.<\/p>\n<\/p>\n<\/div>\n<\/div>\n","protected":false},"excerpt":{"rendered":"<p>Pierwsze Damy Polski i Korei Po\u0142udniowej spotykaj\u0105 si\u0119 w Pa\u0142acu Gyeongbok, aby rozmawia\u0107 o kulturze, muzyce i wsp\u00f3lnych inicjatywach. Pierwsza<\/p>\n","protected":false},"author":1,"featured_media":1469,"comment_status":"closed","ping_status":"","sticky":false,"template":"","format":"standard","meta":{"footnotes":""},"categories":[44],"tags":[2452,2454,2453,1862,602,72,1589,150,2055],"class_list":["post-1468","post","type-post","status-publish","format-standard","has-post-thumbnail","hentry","category-polityka","tag-damy","tag-gyeongbok","tag-korei","tag-palacu","tag-pierwsze","tag-polski","tag-poludniowej","tag-sie","tag-spotykaja","generate-columns","tablet-grid-50","mobile-grid-100","grid-parent","grid-50","resize-featured-image"],"yoast_head":"<!-- This site is optimized with the Yoast SEO plugin v23.2 - https:\/\/yoast.com\/wordpress\/plugins\/seo\/ -->\n<title>Pierwsze Damy Polski i Korei Po\u0142udniowej spotykaj\u0105 si\u0119 w Pa\u0142acu Gyeongbok - POGOTOWIE FLAGOWE\u00ae<\/title>\n<meta name=\"robots\" content=\"index, follow, max-snippet:-1, max-image-preview:large, max-video-preview:-1\" \/>\n<link rel=\"canonical\" href=\"https:\/\/www.pogotowieflagowe.pl\/aktualne\/pierwsze-damy-polski-i-korei-poludniowej-spotykaja-sie-w-palacu-gyeongbok\/\" \/>\n<meta property=\"og:locale\" content=\"pl_PL\" \/>\n<meta property=\"og:type\" content=\"article\" \/>\n<meta property=\"og:title\" content=\"Pierwsze Damy Polski i Korei Po\u0142udniowej spotykaj\u0105 si\u0119 w Pa\u0142acu Gyeongbok - POGOTOWIE FLAGOWE\u00ae\" \/>\n<meta property=\"og:description\" content=\"Pierwsze Damy Polski i Korei Po\u0142udniowej spotykaj\u0105 si\u0119 w Pa\u0142acu Gyeongbok, aby rozmawia\u0107 o kulturze, muzyce i wsp\u00f3lnych inicjatywach. Pierwsza\" \/>\n<meta property=\"og:url\" content=\"https:\/\/www.pogotowieflagowe.pl\/aktualne\/pierwsze-damy-polski-i-korei-poludniowej-spotykaja-sie-w-palacu-gyeongbok\/\" \/>\n<meta property=\"og:site_name\" content=\"POGOTOWIE FLAGOWE\u00ae\" \/>\n<meta property=\"article:published_time\" content=\"2024-10-25T23:49:24+00:00\" \/>\n<meta property=\"article:modified_time\" content=\"2024-10-25T23:49:27+00:00\" \/>\n<meta property=\"og:image\" content=\"https:\/\/www.pogotowieflagowe.pl\/aktualne\/wp-content\/uploads\/2024\/10\/Pierwsze-Damy-Polski-i-Korei-Poludniowej-spotykaja-sie-w-Palacu.jpg\" \/>\n\t<meta property=\"og:image:width\" content=\"1920\" \/>\n\t<meta property=\"og:image:height\" content=\"1281\" \/>\n\t<meta property=\"og:image:type\" content=\"image\/jpeg\" \/>\n<meta name=\"author\" content=\"Filip\" \/>\n<meta name=\"twitter:card\" content=\"summary_large_image\" \/>\n<meta name=\"twitter:label1\" content=\"Napisane przez\" \/>\n\t<meta name=\"twitter:data1\" content=\"Filip\" \/>\n\t<meta name=\"twitter:label2\" content=\"Szacowany czas czytania\" \/>\n\t<meta name=\"twitter:data2\" content=\"1 minuta\" \/>\n<script type=\"application\/ld+json\" class=\"yoast-schema-graph\">{\"@context\":\"https:\/\/schema.org\",\"@graph\":[{\"@type\":\"Article\",\"@id\":\"https:\/\/www.pogotowieflagowe.pl\/aktualne\/pierwsze-damy-polski-i-korei-poludniowej-spotykaja-sie-w-palacu-gyeongbok\/#article\",\"isPartOf\":{\"@id\":\"https:\/\/www.pogotowieflagowe.pl\/aktualne\/pierwsze-damy-polski-i-korei-poludniowej-spotykaja-sie-w-palacu-gyeongbok\/\"},\"author\":{\"name\":\"Filip\",\"@id\":\"https:\/\/www.pogotowieflagowe.pl\/aktualne\/#\/schema\/person\/9c2fb7d2362ebf6fa088960d7f0d27b0\"},\"headline\":\"Pierwsze Damy Polski i Korei Po\u0142udniowej spotykaj\u0105 si\u0119 w Pa\u0142acu Gyeongbok\",\"datePublished\":\"2024-10-25T23:49:24+00:00\",\"dateModified\":\"2024-10-25T23:49:27+00:00\",\"mainEntityOfPage\":{\"@id\":\"https:\/\/www.pogotowieflagowe.pl\/aktualne\/pierwsze-damy-polski-i-korei-poludniowej-spotykaja-sie-w-palacu-gyeongbok\/\"},\"wordCount\":190,\"publisher\":{\"@id\":\"https:\/\/www.pogotowieflagowe.pl\/aktualne\/#organization\"},\"image\":{\"@id\":\"https:\/\/www.pogotowieflagowe.pl\/aktualne\/pierwsze-damy-polski-i-korei-poludniowej-spotykaja-sie-w-palacu-gyeongbok\/#primaryimage\"},\"thumbnailUrl\":\"https:\/\/www.pogotowieflagowe.pl\/aktualne\/wp-content\/uploads\/2024\/10\/Pierwsze-Damy-Polski-i-Korei-Poludniowej-spotykaja-sie-w-Palacu.jpg\",\"keywords\":[\"Damy\",\"Gyeongbok\",\"Korei\",\"Pa\u0142acu\",\"pierwsze\",\"polski\",\"po\u0142udniowej\",\"si\u0119\",\"spotykaj\u0105\"],\"articleSection\":[\"Polityka\"],\"inLanguage\":\"pl-PL\"},{\"@type\":\"WebPage\",\"@id\":\"https:\/\/www.pogotowieflagowe.pl\/aktualne\/pierwsze-damy-polski-i-korei-poludniowej-spotykaja-sie-w-palacu-gyeongbok\/\",\"url\":\"https:\/\/www.pogotowieflagowe.pl\/aktualne\/pierwsze-damy-polski-i-korei-poludniowej-spotykaja-sie-w-palacu-gyeongbok\/\",\"name\":\"Pierwsze Damy Polski i Korei Po\u0142udniowej spotykaj\u0105 si\u0119 w Pa\u0142acu Gyeongbok - POGOTOWIE FLAGOWE\u00ae\",\"isPartOf\":{\"@id\":\"https:\/\/www.pogotowieflagowe.pl\/aktualne\/#website\"},\"primaryImageOfPage\":{\"@id\":\"https:\/\/www.pogotowieflagowe.pl\/aktualne\/pierwsze-damy-polski-i-korei-poludniowej-spotykaja-sie-w-palacu-gyeongbok\/#primaryimage\"},\"image\":{\"@id\":\"https:\/\/www.pogotowieflagowe.pl\/aktualne\/pierwsze-damy-polski-i-korei-poludniowej-spotykaja-sie-w-palacu-gyeongbok\/#primaryimage\"},\"thumbnailUrl\":\"https:\/\/www.pogotowieflagowe.pl\/aktualne\/wp-content\/uploads\/2024\/10\/Pierwsze-Damy-Polski-i-Korei-Poludniowej-spotykaja-sie-w-Palacu.jpg\",\"datePublished\":\"2024-10-25T23:49:24+00:00\",\"dateModified\":\"2024-10-25T23:49:27+00:00\",\"breadcrumb\":{\"@id\":\"https:\/\/www.pogotowieflagowe.pl\/aktualne\/pierwsze-damy-polski-i-korei-poludniowej-spotykaja-sie-w-palacu-gyeongbok\/#breadcrumb\"},\"inLanguage\":\"pl-PL\",\"potentialAction\":[{\"@type\":\"ReadAction\",\"target\":[\"https:\/\/www.pogotowieflagowe.pl\/aktualne\/pierwsze-damy-polski-i-korei-poludniowej-spotykaja-sie-w-palacu-gyeongbok\/\"]}]},{\"@type\":\"ImageObject\",\"inLanguage\":\"pl-PL\",\"@id\":\"https:\/\/www.pogotowieflagowe.pl\/aktualne\/pierwsze-damy-polski-i-korei-poludniowej-spotykaja-sie-w-palacu-gyeongbok\/#primaryimage\",\"url\":\"https:\/\/www.pogotowieflagowe.pl\/aktualne\/wp-content\/uploads\/2024\/10\/Pierwsze-Damy-Polski-i-Korei-Poludniowej-spotykaja-sie-w-Palacu.jpg\",\"contentUrl\":\"https:\/\/www.pogotowieflagowe.pl\/aktualne\/wp-content\/uploads\/2024\/10\/Pierwsze-Damy-Polski-i-Korei-Poludniowej-spotykaja-sie-w-Palacu.jpg\",\"width\":1920,\"height\":1281,\"caption\":\"Pierwsze Damy Polski i Korei Po\u0142udniowej spotykaj\u0105 si\u0119 w Pa\u0142acu Gyeongbok\"},{\"@type\":\"BreadcrumbList\",\"@id\":\"https:\/\/www.pogotowieflagowe.pl\/aktualne\/pierwsze-damy-polski-i-korei-poludniowej-spotykaja-sie-w-palacu-gyeongbok\/#breadcrumb\",\"itemListElement\":[{\"@type\":\"ListItem\",\"position\":1,\"name\":\"Home\",\"item\":\"https:\/\/www.pogotowieflagowe.pl\/aktualne\/\"},{\"@type\":\"ListItem\",\"position\":2,\"name\":\"Pierwsze Damy Polski i Korei Po\u0142udniowej spotykaj\u0105 si\u0119 w Pa\u0142acu Gyeongbok\"}]},{\"@type\":\"WebSite\",\"@id\":\"https:\/\/www.pogotowieflagowe.pl\/aktualne\/#website\",\"url\":\"https:\/\/www.pogotowieflagowe.pl\/aktualne\/\",\"name\":\"POGOTOWIE FLAGOWE\u00ae\",\"description\":\"\",\"publisher\":{\"@id\":\"https:\/\/www.pogotowieflagowe.pl\/aktualne\/#organization\"},\"potentialAction\":[{\"@type\":\"SearchAction\",\"target\":{\"@type\":\"EntryPoint\",\"urlTemplate\":\"https:\/\/www.pogotowieflagowe.pl\/aktualne\/?s={search_term_string}\"},\"query-input\":\"required name=search_term_string\"}],\"inLanguage\":\"pl-PL\"},{\"@type\":\"Organization\",\"@id\":\"https:\/\/www.pogotowieflagowe.pl\/aktualne\/#organization\",\"name\":\"POGOTOWIE FLAGOWE\u00ae\",\"url\":\"https:\/\/www.pogotowieflagowe.pl\/aktualne\/\",\"logo\":{\"@type\":\"ImageObject\",\"inLanguage\":\"pl-PL\",\"@id\":\"https:\/\/www.pogotowieflagowe.pl\/aktualne\/#\/schema\/logo\/image\/\",\"url\":\"https:\/\/www.pogotowieflagowe.pl\/aktualne\/wp-content\/uploads\/2024\/08\/cropped-pogotowieflagowe_flaga_projekt_sm.jpg\",\"contentUrl\":\"https:\/\/www.pogotowieflagowe.pl\/aktualne\/wp-content\/uploads\/2024\/08\/cropped-pogotowieflagowe_flaga_projekt_sm.jpg\",\"width\":250,\"height\":143,\"caption\":\"POGOTOWIE FLAGOWE\u00ae\"},\"image\":{\"@id\":\"https:\/\/www.pogotowieflagowe.pl\/aktualne\/#\/schema\/logo\/image\/\"}},{\"@type\":\"Person\",\"@id\":\"https:\/\/www.pogotowieflagowe.pl\/aktualne\/#\/schema\/person\/9c2fb7d2362ebf6fa088960d7f0d27b0\",\"name\":\"Filip\",\"image\":{\"@type\":\"ImageObject\",\"inLanguage\":\"pl-PL\",\"@id\":\"https:\/\/www.pogotowieflagowe.pl\/aktualne\/#\/schema\/person\/image\/\",\"url\":\"https:\/\/www.pogotowieflagowe.pl\/aktualne\/wp-content\/uploads\/2024\/08\/pogotowieflagowe.pl_.jpg\",\"contentUrl\":\"https:\/\/www.pogotowieflagowe.pl\/aktualne\/wp-content\/uploads\/2024\/08\/pogotowieflagowe.pl_.jpg\",\"caption\":\"Filip\"},\"description\":\"Jestem Filip, polski dziennikarz z dyplomem nauk politycznych Uniwersytetu Warszawskiego. Rozpoczynaj\u0105c swoj\u0105 karier\u0119 w r\u00f3\u017cnych lokalnych mediach, zdoby\u0142em solidne do\u015bwiadczenie w zakresie \u015bledztwa i redakcji. Obecnie jako redaktor w Pogotowie flagowe, staram si\u0119 dostarcza\u0107 dog\u0142\u0119bne i istotne analizy na temat najwa\u017cniejszych kwestii aktualno\u015bci, \u0142\u0105cz\u0105c rygor z pasj\u0105 dziennikarsk\u0105.\",\"sameAs\":[\"https:\/\/www.pogotowieflagowe.pl\/\"]}]}<\/script>\n<!-- \/ Yoast SEO plugin. -->","yoast_head_json":{"title":"Pierwsze Damy Polski i Korei Po\u0142udniowej spotykaj\u0105 si\u0119 w Pa\u0142acu Gyeongbok - POGOTOWIE FLAGOWE\u00ae","robots":{"index":"index","follow":"follow","max-snippet":"max-snippet:-1","max-image-preview":"max-image-preview:large","max-video-preview":"max-video-preview:-1"},"canonical":"https:\/\/www.pogotowieflagowe.pl\/aktualne\/pierwsze-damy-polski-i-korei-poludniowej-spotykaja-sie-w-palacu-gyeongbok\/","og_locale":"pl_PL","og_type":"article","og_title":"Pierwsze Damy Polski i Korei Po\u0142udniowej spotykaj\u0105 si\u0119 w Pa\u0142acu Gyeongbok - POGOTOWIE FLAGOWE\u00ae","og_description":"Pierwsze Damy Polski i Korei Po\u0142udniowej spotykaj\u0105 si\u0119 w Pa\u0142acu Gyeongbok, aby rozmawia\u0107 o kulturze, muzyce i wsp\u00f3lnych inicjatywach. Pierwsza","og_url":"https:\/\/www.pogotowieflagowe.pl\/aktualne\/pierwsze-damy-polski-i-korei-poludniowej-spotykaja-sie-w-palacu-gyeongbok\/","og_site_name":"POGOTOWIE FLAGOWE\u00ae","article_published_time":"2024-10-25T23:49:24+00:00","article_modified_time":"2024-10-25T23:49:27+00:00","og_image":[{"width":1920,"height":1281,"url":"https:\/\/www.pogotowieflagowe.pl\/aktualne\/wp-content\/uploads\/2024\/10\/Pierwsze-Damy-Polski-i-Korei-Poludniowej-spotykaja-sie-w-Palacu.jpg","type":"image\/jpeg"}],"author":"Filip","twitter_card":"summary_large_image","twitter_misc":{"Napisane przez":"Filip","Szacowany czas czytania":"1 minuta"},"schema":{"@context":"https:\/\/schema.org","@graph":[{"@type":"Article","@id":"https:\/\/www.pogotowieflagowe.pl\/aktualne\/pierwsze-damy-polski-i-korei-poludniowej-spotykaja-sie-w-palacu-gyeongbok\/#article","isPartOf":{"@id":"https:\/\/www.pogotowieflagowe.pl\/aktualne\/pierwsze-damy-polski-i-korei-poludniowej-spotykaja-sie-w-palacu-gyeongbok\/"},"author":{"name":"Filip","@id":"https:\/\/www.pogotowieflagowe.pl\/aktualne\/#\/schema\/person\/9c2fb7d2362ebf6fa088960d7f0d27b0"},"headline":"Pierwsze Damy Polski i Korei Po\u0142udniowej spotykaj\u0105 si\u0119 w Pa\u0142acu Gyeongbok","datePublished":"2024-10-25T23:49:24+00:00","dateModified":"2024-10-25T23:49:27+00:00","mainEntityOfPage":{"@id":"https:\/\/www.pogotowieflagowe.pl\/aktualne\/pierwsze-damy-polski-i-korei-poludniowej-spotykaja-sie-w-palacu-gyeongbok\/"},"wordCount":190,"publisher":{"@id":"https:\/\/www.pogotowieflagowe.pl\/aktualne\/#organization"},"image":{"@id":"https:\/\/www.pogotowieflagowe.pl\/aktualne\/pierwsze-damy-polski-i-korei-poludniowej-spotykaja-sie-w-palacu-gyeongbok\/#primaryimage"},"thumbnailUrl":"https:\/\/www.pogotowieflagowe.pl\/aktualne\/wp-content\/uploads\/2024\/10\/Pierwsze-Damy-Polski-i-Korei-Poludniowej-spotykaja-sie-w-Palacu.jpg","keywords":["Damy","Gyeongbok","Korei","Pa\u0142acu","pierwsze","polski","po\u0142udniowej","si\u0119","spotykaj\u0105"],"articleSection":["Polityka"],"inLanguage":"pl-PL"},{"@type":"WebPage","@id":"https:\/\/www.pogotowieflagowe.pl\/aktualne\/pierwsze-damy-polski-i-korei-poludniowej-spotykaja-sie-w-palacu-gyeongbok\/","url":"https:\/\/www.pogotowieflagowe.pl\/aktualne\/pierwsze-damy-polski-i-korei-poludniowej-spotykaja-sie-w-palacu-gyeongbok\/","name":"Pierwsze Damy Polski i Korei Po\u0142udniowej spotykaj\u0105 si\u0119 w Pa\u0142acu Gyeongbok - POGOTOWIE FLAGOWE\u00ae","isPartOf":{"@id":"https:\/\/www.pogotowieflagowe.pl\/aktualne\/#website"},"primaryImageOfPage":{"@id":"https:\/\/www.pogotowieflagowe.pl\/aktualne\/pierwsze-damy-polski-i-korei-poludniowej-spotykaja-sie-w-palacu-gyeongbok\/#primaryimage"},"image":{"@id":"https:\/\/www.pogotowieflagowe.pl\/aktualne\/pierwsze-damy-polski-i-korei-poludniowej-spotykaja-sie-w-palacu-gyeongbok\/#primaryimage"},"thumbnailUrl":"https:\/\/www.pogotowieflagowe.pl\/aktualne\/wp-content\/uploads\/2024\/10\/Pierwsze-Damy-Polski-i-Korei-Poludniowej-spotykaja-sie-w-Palacu.jpg","datePublished":"2024-10-25T23:49:24+00:00","dateModified":"2024-10-25T23:49:27+00:00","breadcrumb":{"@id":"https:\/\/www.pogotowieflagowe.pl\/aktualne\/pierwsze-damy-polski-i-korei-poludniowej-spotykaja-sie-w-palacu-gyeongbok\/#breadcrumb"},"inLanguage":"pl-PL","potentialAction":[{"@type":"ReadAction","target":["https:\/\/www.pogotowieflagowe.pl\/aktualne\/pierwsze-damy-polski-i-korei-poludniowej-spotykaja-sie-w-palacu-gyeongbok\/"]}]},{"@type":"ImageObject","inLanguage":"pl-PL","@id":"https:\/\/www.pogotowieflagowe.pl\/aktualne\/pierwsze-damy-polski-i-korei-poludniowej-spotykaja-sie-w-palacu-gyeongbok\/#primaryimage","url":"https:\/\/www.pogotowieflagowe.pl\/aktualne\/wp-content\/uploads\/2024\/10\/Pierwsze-Damy-Polski-i-Korei-Poludniowej-spotykaja-sie-w-Palacu.jpg","contentUrl":"https:\/\/www.pogotowieflagowe.pl\/aktualne\/wp-content\/uploads\/2024\/10\/Pierwsze-Damy-Polski-i-Korei-Poludniowej-spotykaja-sie-w-Palacu.jpg","width":1920,"height":1281,"caption":"Pierwsze Damy Polski i Korei Po\u0142udniowej spotykaj\u0105 si\u0119 w Pa\u0142acu Gyeongbok"},{"@type":"BreadcrumbList","@id":"https:\/\/www.pogotowieflagowe.pl\/aktualne\/pierwsze-damy-polski-i-korei-poludniowej-spotykaja-sie-w-palacu-gyeongbok\/#breadcrumb","itemListElement":[{"@type":"ListItem","position":1,"name":"Home","item":"https:\/\/www.pogotowieflagowe.pl\/aktualne\/"},{"@type":"ListItem","position":2,"name":"Pierwsze Damy Polski i Korei Po\u0142udniowej spotykaj\u0105 si\u0119 w Pa\u0142acu Gyeongbok"}]},{"@type":"WebSite","@id":"https:\/\/www.pogotowieflagowe.pl\/aktualne\/#website","url":"https:\/\/www.pogotowieflagowe.pl\/aktualne\/","name":"POGOTOWIE FLAGOWE\u00ae","description":"","publisher":{"@id":"https:\/\/www.pogotowieflagowe.pl\/aktualne\/#organization"},"potentialAction":[{"@type":"SearchAction","target":{"@type":"EntryPoint","urlTemplate":"https:\/\/www.pogotowieflagowe.pl\/aktualne\/?s={search_term_string}"},"query-input":"required name=search_term_string"}],"inLanguage":"pl-PL"},{"@type":"Organization","@id":"https:\/\/www.pogotowieflagowe.pl\/aktualne\/#organization","name":"POGOTOWIE FLAGOWE\u00ae","url":"https:\/\/www.pogotowieflagowe.pl\/aktualne\/","logo":{"@type":"ImageObject","inLanguage":"pl-PL","@id":"https:\/\/www.pogotowieflagowe.pl\/aktualne\/#\/schema\/logo\/image\/","url":"https:\/\/www.pogotowieflagowe.pl\/aktualne\/wp-content\/uploads\/2024\/08\/cropped-pogotowieflagowe_flaga_projekt_sm.jpg","contentUrl":"https:\/\/www.pogotowieflagowe.pl\/aktualne\/wp-content\/uploads\/2024\/08\/cropped-pogotowieflagowe_flaga_projekt_sm.jpg","width":250,"height":143,"caption":"POGOTOWIE FLAGOWE\u00ae"},"image":{"@id":"https:\/\/www.pogotowieflagowe.pl\/aktualne\/#\/schema\/logo\/image\/"}},{"@type":"Person","@id":"https:\/\/www.pogotowieflagowe.pl\/aktualne\/#\/schema\/person\/9c2fb7d2362ebf6fa088960d7f0d27b0","name":"Filip","image":{"@type":"ImageObject","inLanguage":"pl-PL","@id":"https:\/\/www.pogotowieflagowe.pl\/aktualne\/#\/schema\/person\/image\/","url":"https:\/\/www.pogotowieflagowe.pl\/aktualne\/wp-content\/uploads\/2024\/08\/pogotowieflagowe.pl_.jpg","contentUrl":"https:\/\/www.pogotowieflagowe.pl\/aktualne\/wp-content\/uploads\/2024\/08\/pogotowieflagowe.pl_.jpg","caption":"Filip"},"description":"Jestem Filip, polski dziennikarz z dyplomem nauk politycznych Uniwersytetu Warszawskiego. Rozpoczynaj\u0105c swoj\u0105 karier\u0119 w r\u00f3\u017cnych lokalnych mediach, zdoby\u0142em solidne do\u015bwiadczenie w zakresie \u015bledztwa i redakcji. Obecnie jako redaktor w Pogotowie flagowe, staram si\u0119 dostarcza\u0107 dog\u0142\u0119bne i istotne analizy na temat najwa\u017cniejszych kwestii aktualno\u015bci, \u0142\u0105cz\u0105c rygor z pasj\u0105 dziennikarsk\u0105.","sameAs":["https:\/\/www.pogotowieflagowe.pl\/"]}]}},"_links":{"self":[{"href":"https:\/\/www.pogotowieflagowe.pl\/aktualne\/wp-json\/wp\/v2\/posts\/1468","targetHints":{"allow":["GET"]}}],"collection":[{"href":"https:\/\/www.pogotowieflagowe.pl\/aktualne\/wp-json\/wp\/v2\/posts"}],"about":[{"href":"https:\/\/www.pogotowieflagowe.pl\/aktualne\/wp-json\/wp\/v2\/types\/post"}],"author":[{"embeddable":true,"href":"https:\/\/www.pogotowieflagowe.pl\/aktualne\/wp-json\/wp\/v2\/users\/1"}],"replies":[{"embeddable":true,"href":"https:\/\/www.pogotowieflagowe.pl\/aktualne\/wp-json\/wp\/v2\/comments?post=1468"}],"version-history":[{"count":1,"href":"https:\/\/www.pogotowieflagowe.pl\/aktualne\/wp-json\/wp\/v2\/posts\/1468\/revisions"}],"predecessor-version":[{"id":1470,"href":"https:\/\/www.pogotowieflagowe.pl\/aktualne\/wp-json\/wp\/v2\/posts\/1468\/revisions\/1470"}],"wp:featuredmedia":[{"embeddable":true,"href":"https:\/\/www.pogotowieflagowe.pl\/aktualne\/wp-json\/wp\/v2\/media\/1469"}],"wp:attachment":[{"href":"https:\/\/www.pogotowieflagowe.pl\/aktualne\/wp-json\/wp\/v2\/media?parent=1468"}],"wp:term":[{"taxonomy":"category","embeddable":true,"href":"https:\/\/www.pogotowieflagowe.pl\/aktualne\/wp-json\/wp\/v2\/categories?post=1468"},{"taxonomy":"post_tag","embeddable":true,"href":"https:\/\/www.pogotowieflagowe.pl\/aktualne\/wp-json\/wp\/v2\/tags?post=1468"}],"curies":[{"name":"wp","href":"https:\/\/api.w.org\/{rel}","templated":true}]}}