{"id":1498,"date":"2024-10-27T18:48:34","date_gmt":"2024-10-27T17:48:34","guid":{"rendered":"https:\/\/www.pogotowieflagowe.pl\/aktualne\/czeka-dluzsza-noc-gdy-europa-cofa-wskazowki-zegara\/"},"modified":"2024-10-27T18:48:35","modified_gmt":"2024-10-27T17:48:35","slug":"czeka-dluzsza-noc-gdy-europa-cofa-wskazowki-zegara","status":"publish","type":"post","link":"https:\/\/www.pogotowieflagowe.pl\/aktualne\/czeka-dluzsza-noc-gdy-europa-cofa-wskazowki-zegara\/","title":{"rendered":"Czeka d\u0142u\u017csza noc, gdy Europa cofa wskaz\u00f3wki zegara"},"content":{"rendered":"\n<div class=\"td_block_wrap tdb_single_content tdi_48 td-pb-border-top td_block_template_8 td-post-content tagdiv-type\" data-td-block-uid=\"tdi_48\">\n<style>.tdi_48{margines-g\u00f3rny:0px!important;margin-bottom:0px!important;dope\u0142nienie-g\u00f3ra:0px!important;dope\u0142nienie-d\u00f3\u0142:0px!important}<\/style>\n<style>.tdb_single_content{margin-bottom:0;*zoom:1}.tdb_single_content:before,.tdb_single_content:after{display:table;content:'';line-height:0}.tdb_single_content:after{clear:both}.tdb_single_content .tdb-block-inner>*:not(.wp-block-quote):not(.alignwide):not(.alignfull.wp-block-cover.has-parallax):not(.td-a-ad) {margin-left:auto;margin-right:auto}.tdb_single_content a{pointer-events:auto}.tdb_single_content .td-spot-id-top_ad .tdc-placeholder-title:before{content:'Najlepsza reklama artyku\u0142u'! wa\u017cne}.tdb_single_content .td-spot-id-inline_ad0 .tdc-placeholder-title:before{content:'Article Inline Ad 1'!important}.tdb_single_content .td-spot-id-inline_ad1 .tdc-placeholder-title:before {content:'Reklama wbudowana w artyku\u0142 2'!important}.tdb_single_content .td-spot-id-inline_ad2 .tdc-placeholder-title:before{content:'Reklama wbudowana w artyku\u0142 3'!important}.tdb_single_content .td-spot-id -bottom_ad .tdc-placeholder-title:before{content:'Article Bottom Ad'!important}.tdb_single_content .id_top_ad,.tdb_single_content .id_bottom_ad{clear:both;margin-bottom:21px;text-align:center}.tdb_single_content . id_top_ad img,.tdb_single_content .id_bottom_ad img{margin-bottom:0}.tdb_single_content .id_top_ad .adsbygoogle,.tdb_single_content .id_bottom_ad .adsbygoogle{position:relative}.tdb_single_content .id_ad_content-horiz- po lewej,.tdb_single_content .id_ad_content-horiz-right ,.tdb_single_content .id_ad_content-horiz-center{margin-bottom:15px}.tdb_single_content .id_ad_content-horiz-left img,.tdb_single_content .id_ad_content-horiz-right img,.tdb_single_content .id_ad_content-horiz -center img{margines-dolny: 0}.tdb_single_content .id_ad_content-horiz-center{text-align:center}.tdb_single_content .id_ad_content-horiz-center img{margin-right:auto;margin-left:auto}.tdb_single_content .id_ad_content-horiz-left{float: lewy;margin-g\u00f3rny:9px;margin-prawy:21px}.tdb_single_content .id_ad_content-horiz-right{float:right;margin-top:6px;margin-left:21px}.tdb_single_content .tdc-a-ad .tdc- placeholder-title{width:300px;height:250px}.tdb_single_content .tdc-a-ad .tdc-placeholder-title:before{position:absolute;top:50%;-webkit-transform:translateY(-50%); transform:translateY(-50%);margines:auto;display:table;width:100%}.tdb_single_content .tdb-block-inner.td-fix-index{word-break:break-word}.tdi_48,.tdi_48 >p,.tdi_48 .tdb-block-inner>p{font-size:16px!important;line-height:1.6!important}.tdi_48 .tdb-block-inner blockquote p{font-style:normal!important}@ media (maks. szeroko\u015b\u0107: 767 pikseli){.tdb_single_content .id_ad_content-horiz-left,.tdb_single_content .id_ad_content-horiz-right,.tdb_single_content .id_ad_content-horiz-center{margin:0 auto 26px auto}}@media (maks. szeroko\u015b\u0107 :767px){.tdb_single_content .id_ad_content-horiz-left{margin-right:0}}@media (max-width:767px){.tdb_single_content .id_ad_content-horiz-right{margin-left:0}}@media (max -width:767px){.tdb_single_content .td-a-ad{float:none;text-align:center}.tdb_single_content .td-a-ad img{margin-right:auto;margin-left:auto}.tdb_single_content . tdc-a-ad{float:none}}<\/style>\n<div class=\"tdb-block-inner td-fix-index\">\n<p>W ten weekend zar\u00f3wno nocne marki, jak i ranne ptaszki b\u0119d\u0105 mog\u0142y cieszy\u0107 si\u0119 dodatkow\u0105 godzin\u0105 odpoczynku, gdy zegary si\u0119 cofn\u0105. W nocy z 26 na 27 pa\u017adziernika nast\u0105pi oficjalna zmiana czasu z czasu letniego (DST) na czas standardowy, powszechnie nazywany czasem zimowym. W niedziel\u0119 o 3:00 rano zegary zostan\u0105 cofni\u0119te o jedn\u0105 godzin\u0119 na 2:00, co zapewni dodatkow\u0105 godzin\u0119 snu lub wypoczynku.<\/p>\n<h2 class=\"wp-block-heading\">Tradycja kontynentalna<\/h2>\n<p>Powr\u00f3t na czas zimowy obchodzony jest w ca\u0142ej Unii Europejskiej (UE) w ostatni\u0105 niedziel\u0119 pa\u017adziernika, natomiast przej\u015bcie na czas letni nast\u0119puje w ostatni\u0105 niedziel\u0119 marca. System ten obowi\u0105zuje od kilkudziesi\u0119ciu lat i jest skodyfikowany na mocy dyrektywy UE wydanej w styczniu 2001 r., kt\u00f3ra stanowi: \u201ePocz\u0105wszy od 2002 r. okres zmiany czasu na letni ko\u0144czy si\u0119 w ka\u017cdym pa\u0144stwie cz\u0142onkowskim o godzinie 1:00 czasu GMT w ostatni\u0105 niedziel\u0119 w pa\u017adzierniku.\u201d Praktyka ta ma na celu maksymalizacj\u0119 wykorzystania \u015bwiat\u0142a dziennego i oszcz\u0119dno\u015bci energii w miesi\u0105cach letnich.<\/p>\n<h2 class=\"wp-block-heading\">Dlaczego przestawiamy zegarki?<\/h2>\n<p>Czas letni zosta\u0142 pocz\u0105tkowo wprowadzony w celu zmniejszenia zu\u017cycia energii i lepszego wykorzystania \u015bwiat\u0142a dziennego. Wyd\u0142u\u017caj\u0105c wieczorne \u015bwiat\u0142o dzienne w miesi\u0105cach letnich, potrzebne by\u0142o mniej sztucznego o\u015bwietlenia, co teoretycznie zmniejszy\u0142o zu\u017cycie energii elektrycznej. Chocia\u017c pierwotne cele skupia\u0142y si\u0119 na oszcz\u0119dno\u015bci energii, wsp\u00f3\u0142czesne badania pokazuj\u0105 mieszane wyniki dotycz\u0105ce rzeczywistych korzy\u015bci. Niekt\u00f3re raporty sugeruj\u0105 jedynie niewielk\u0105 redukcj\u0119 energii, podczas gdy inne podkre\u015blaj\u0105 potencjalne wady, takie jak zak\u0142\u00f3cony rytm snu i wp\u0142yw na zdrowie.<\/p>\n<h2 class=\"wp-block-heading\">Dodatkowa godzina przyjemno\u015bci<\/h2>\n<p>Powr\u00f3t do czasu zimowego w najbli\u017cszy weekend oznacza d\u0142u\u017csz\u0105 noc dla wszystkich. Niezale\u017cnie od tego, czy ludzie wykorzystuj\u0105 t\u0119 dodatkow\u0105 godzin\u0119, aby nadrobi\u0107 zaleg\u0142o\u015bci w spaniu, sp\u0119dzi\u0107 czas z bliskimi, czy te\u017c zaj\u0105\u0107 si\u0119 rekreacyjnymi zaj\u0119ciami, zmiana czasu zapewnia niewielk\u0105 chwil\u0119 wytchnienia przed nastaniem ciemniejszych dni zimy. W miar\u0119 jak Europejczycy cofaj\u0105 zegary, debata na temat przysz\u0142o\u015b\u0107 tej wieloletniej tradycji trwa nadal. Na razie jednak zima powr\u00f3ci w niedziel\u0119 rano, zapewniaj\u0105c milionom na ca\u0142ym kontynencie dodatkowy odpoczynek. <\/p>\n<\/div>\n<\/div>\n","protected":false},"excerpt":{"rendered":"<p>W ten weekend zar\u00f3wno nocne marki, jak i ranne ptaszki b\u0119d\u0105 mog\u0142y cieszy\u0107 si\u0119 dodatkow\u0105 godzin\u0105 odpoczynku, gdy zegary si\u0119<\/p>\n","protected":false},"author":1,"featured_media":1031,"comment_status":"closed","ping_status":"","sticky":false,"template":"","format":"standard","meta":{"footnotes":""},"categories":[47],"tags":[2505,2501,2502,2504,2503,350,2506,1727],"class_list":["post-1498","post","type-post","status-publish","format-standard","has-post-thumbnail","hentry","category-styl-zycia","tag-cofa","tag-czeka","tag-dluzsza","tag-europa","tag-gdy","tag-noc","tag-wskazowki","tag-zegara","generate-columns","tablet-grid-50","mobile-grid-100","grid-parent","grid-50","resize-featured-image"],"yoast_head":"<!-- This site is optimized with the Yoast SEO plugin v23.2 - https:\/\/yoast.com\/wordpress\/plugins\/seo\/ -->\n<title>Czeka d\u0142u\u017csza noc, gdy Europa cofa wskaz\u00f3wki zegara - POGOTOWIE FLAGOWE\u00ae<\/title>\n<meta name=\"robots\" content=\"index, follow, max-snippet:-1, max-image-preview:large, max-video-preview:-1\" \/>\n<link rel=\"canonical\" href=\"https:\/\/www.pogotowieflagowe.pl\/aktualne\/czeka-dluzsza-noc-gdy-europa-cofa-wskazowki-zegara\/\" \/>\n<meta property=\"og:locale\" content=\"pl_PL\" \/>\n<meta property=\"og:type\" content=\"article\" \/>\n<meta property=\"og:title\" content=\"Czeka d\u0142u\u017csza noc, gdy Europa cofa wskaz\u00f3wki zegara - POGOTOWIE FLAGOWE\u00ae\" \/>\n<meta property=\"og:description\" content=\"W ten weekend zar\u00f3wno nocne marki, jak i ranne ptaszki b\u0119d\u0105 mog\u0142y cieszy\u0107 si\u0119 dodatkow\u0105 godzin\u0105 odpoczynku, gdy zegary si\u0119\" \/>\n<meta property=\"og:url\" content=\"https:\/\/www.pogotowieflagowe.pl\/aktualne\/czeka-dluzsza-noc-gdy-europa-cofa-wskazowki-zegara\/\" \/>\n<meta property=\"og:site_name\" content=\"POGOTOWIE FLAGOWE\u00ae\" \/>\n<meta property=\"article:published_time\" content=\"2024-10-27T17:48:34+00:00\" \/>\n<meta property=\"article:modified_time\" content=\"2024-10-27T17:48:35+00:00\" \/>\n<meta property=\"og:image\" content=\"https:\/\/www.pogotowieflagowe.pl\/aktualne\/wp-content\/uploads\/2024\/10\/Czy-widac-koniec-czasu-letniego-Wplyw-zmiany-zegara.jpeg\" \/>\n\t<meta property=\"og:image:width\" content=\"1920\" \/>\n\t<meta property=\"og:image:height\" content=\"2557\" \/>\n\t<meta property=\"og:image:type\" content=\"image\/jpeg\" \/>\n<meta name=\"author\" content=\"Filip\" \/>\n<meta name=\"twitter:card\" content=\"summary_large_image\" \/>\n<meta name=\"twitter:label1\" content=\"Napisane przez\" \/>\n\t<meta name=\"twitter:data1\" content=\"Filip\" \/>\n\t<meta name=\"twitter:label2\" content=\"Szacowany czas czytania\" \/>\n\t<meta name=\"twitter:data2\" content=\"2 minuty\" \/>\n<script type=\"application\/ld+json\" class=\"yoast-schema-graph\">{\"@context\":\"https:\/\/schema.org\",\"@graph\":[{\"@type\":\"Article\",\"@id\":\"https:\/\/www.pogotowieflagowe.pl\/aktualne\/czeka-dluzsza-noc-gdy-europa-cofa-wskazowki-zegara\/#article\",\"isPartOf\":{\"@id\":\"https:\/\/www.pogotowieflagowe.pl\/aktualne\/czeka-dluzsza-noc-gdy-europa-cofa-wskazowki-zegara\/\"},\"author\":{\"name\":\"Filip\",\"@id\":\"https:\/\/www.pogotowieflagowe.pl\/aktualne\/#\/schema\/person\/9c2fb7d2362ebf6fa088960d7f0d27b0\"},\"headline\":\"Czeka d\u0142u\u017csza noc, gdy Europa cofa wskaz\u00f3wki zegara\",\"datePublished\":\"2024-10-27T17:48:34+00:00\",\"dateModified\":\"2024-10-27T17:48:35+00:00\",\"mainEntityOfPage\":{\"@id\":\"https:\/\/www.pogotowieflagowe.pl\/aktualne\/czeka-dluzsza-noc-gdy-europa-cofa-wskazowki-zegara\/\"},\"wordCount\":368,\"publisher\":{\"@id\":\"https:\/\/www.pogotowieflagowe.pl\/aktualne\/#organization\"},\"image\":{\"@id\":\"https:\/\/www.pogotowieflagowe.pl\/aktualne\/czeka-dluzsza-noc-gdy-europa-cofa-wskazowki-zegara\/#primaryimage\"},\"thumbnailUrl\":\"https:\/\/www.pogotowieflagowe.pl\/aktualne\/wp-content\/uploads\/2024\/10\/Czy-widac-koniec-czasu-letniego-Wplyw-zmiany-zegara.jpeg\",\"keywords\":[\"cofa\",\"Czeka\",\"d\u0142u\u017csza\",\"Europa\",\"gdy\",\"Noc\",\"wskaz\u00f3wki\",\"zegara\"],\"articleSection\":[\"Styl \u017cycia\"],\"inLanguage\":\"pl-PL\"},{\"@type\":\"WebPage\",\"@id\":\"https:\/\/www.pogotowieflagowe.pl\/aktualne\/czeka-dluzsza-noc-gdy-europa-cofa-wskazowki-zegara\/\",\"url\":\"https:\/\/www.pogotowieflagowe.pl\/aktualne\/czeka-dluzsza-noc-gdy-europa-cofa-wskazowki-zegara\/\",\"name\":\"Czeka d\u0142u\u017csza noc, gdy Europa cofa wskaz\u00f3wki zegara - POGOTOWIE FLAGOWE\u00ae\",\"isPartOf\":{\"@id\":\"https:\/\/www.pogotowieflagowe.pl\/aktualne\/#website\"},\"primaryImageOfPage\":{\"@id\":\"https:\/\/www.pogotowieflagowe.pl\/aktualne\/czeka-dluzsza-noc-gdy-europa-cofa-wskazowki-zegara\/#primaryimage\"},\"image\":{\"@id\":\"https:\/\/www.pogotowieflagowe.pl\/aktualne\/czeka-dluzsza-noc-gdy-europa-cofa-wskazowki-zegara\/#primaryimage\"},\"thumbnailUrl\":\"https:\/\/www.pogotowieflagowe.pl\/aktualne\/wp-content\/uploads\/2024\/10\/Czy-widac-koniec-czasu-letniego-Wplyw-zmiany-zegara.jpeg\",\"datePublished\":\"2024-10-27T17:48:34+00:00\",\"dateModified\":\"2024-10-27T17:48:35+00:00\",\"breadcrumb\":{\"@id\":\"https:\/\/www.pogotowieflagowe.pl\/aktualne\/czeka-dluzsza-noc-gdy-europa-cofa-wskazowki-zegara\/#breadcrumb\"},\"inLanguage\":\"pl-PL\",\"potentialAction\":[{\"@type\":\"ReadAction\",\"target\":[\"https:\/\/www.pogotowieflagowe.pl\/aktualne\/czeka-dluzsza-noc-gdy-europa-cofa-wskazowki-zegara\/\"]}]},{\"@type\":\"ImageObject\",\"inLanguage\":\"pl-PL\",\"@id\":\"https:\/\/www.pogotowieflagowe.pl\/aktualne\/czeka-dluzsza-noc-gdy-europa-cofa-wskazowki-zegara\/#primaryimage\",\"url\":\"https:\/\/www.pogotowieflagowe.pl\/aktualne\/wp-content\/uploads\/2024\/10\/Czy-widac-koniec-czasu-letniego-Wplyw-zmiany-zegara.jpeg\",\"contentUrl\":\"https:\/\/www.pogotowieflagowe.pl\/aktualne\/wp-content\/uploads\/2024\/10\/Czy-widac-koniec-czasu-letniego-Wplyw-zmiany-zegara.jpeg\",\"width\":1920,\"height\":2557,\"caption\":\"Czy wida\u0107 koniec czasu letniego? Wp\u0142yw zmiany zegara\"},{\"@type\":\"BreadcrumbList\",\"@id\":\"https:\/\/www.pogotowieflagowe.pl\/aktualne\/czeka-dluzsza-noc-gdy-europa-cofa-wskazowki-zegara\/#breadcrumb\",\"itemListElement\":[{\"@type\":\"ListItem\",\"position\":1,\"name\":\"Home\",\"item\":\"https:\/\/www.pogotowieflagowe.pl\/aktualne\/\"},{\"@type\":\"ListItem\",\"position\":2,\"name\":\"Czeka d\u0142u\u017csza noc, gdy Europa cofa wskaz\u00f3wki zegara\"}]},{\"@type\":\"WebSite\",\"@id\":\"https:\/\/www.pogotowieflagowe.pl\/aktualne\/#website\",\"url\":\"https:\/\/www.pogotowieflagowe.pl\/aktualne\/\",\"name\":\"POGOTOWIE FLAGOWE\u00ae\",\"description\":\"\",\"publisher\":{\"@id\":\"https:\/\/www.pogotowieflagowe.pl\/aktualne\/#organization\"},\"potentialAction\":[{\"@type\":\"SearchAction\",\"target\":{\"@type\":\"EntryPoint\",\"urlTemplate\":\"https:\/\/www.pogotowieflagowe.pl\/aktualne\/?s={search_term_string}\"},\"query-input\":\"required name=search_term_string\"}],\"inLanguage\":\"pl-PL\"},{\"@type\":\"Organization\",\"@id\":\"https:\/\/www.pogotowieflagowe.pl\/aktualne\/#organization\",\"name\":\"POGOTOWIE FLAGOWE\u00ae\",\"url\":\"https:\/\/www.pogotowieflagowe.pl\/aktualne\/\",\"logo\":{\"@type\":\"ImageObject\",\"inLanguage\":\"pl-PL\",\"@id\":\"https:\/\/www.pogotowieflagowe.pl\/aktualne\/#\/schema\/logo\/image\/\",\"url\":\"https:\/\/www.pogotowieflagowe.pl\/aktualne\/wp-content\/uploads\/2024\/08\/cropped-pogotowieflagowe_flaga_projekt_sm.jpg\",\"contentUrl\":\"https:\/\/www.pogotowieflagowe.pl\/aktualne\/wp-content\/uploads\/2024\/08\/cropped-pogotowieflagowe_flaga_projekt_sm.jpg\",\"width\":250,\"height\":143,\"caption\":\"POGOTOWIE FLAGOWE\u00ae\"},\"image\":{\"@id\":\"https:\/\/www.pogotowieflagowe.pl\/aktualne\/#\/schema\/logo\/image\/\"}},{\"@type\":\"Person\",\"@id\":\"https:\/\/www.pogotowieflagowe.pl\/aktualne\/#\/schema\/person\/9c2fb7d2362ebf6fa088960d7f0d27b0\",\"name\":\"Filip\",\"image\":{\"@type\":\"ImageObject\",\"inLanguage\":\"pl-PL\",\"@id\":\"https:\/\/www.pogotowieflagowe.pl\/aktualne\/#\/schema\/person\/image\/\",\"url\":\"https:\/\/www.pogotowieflagowe.pl\/aktualne\/wp-content\/uploads\/2024\/08\/pogotowieflagowe.pl_.jpg\",\"contentUrl\":\"https:\/\/www.pogotowieflagowe.pl\/aktualne\/wp-content\/uploads\/2024\/08\/pogotowieflagowe.pl_.jpg\",\"caption\":\"Filip\"},\"description\":\"Jestem Filip, polski dziennikarz z dyplomem nauk politycznych Uniwersytetu Warszawskiego. Rozpoczynaj\u0105c swoj\u0105 karier\u0119 w r\u00f3\u017cnych lokalnych mediach, zdoby\u0142em solidne do\u015bwiadczenie w zakresie \u015bledztwa i redakcji. Obecnie jako redaktor w Pogotowie flagowe, staram si\u0119 dostarcza\u0107 dog\u0142\u0119bne i istotne analizy na temat najwa\u017cniejszych kwestii aktualno\u015bci, \u0142\u0105cz\u0105c rygor z pasj\u0105 dziennikarsk\u0105.\",\"sameAs\":[\"https:\/\/www.pogotowieflagowe.pl\/\"]}]}<\/script>\n<!-- \/ Yoast SEO plugin. -->","yoast_head_json":{"title":"Czeka d\u0142u\u017csza noc, gdy Europa cofa wskaz\u00f3wki zegara - POGOTOWIE FLAGOWE\u00ae","robots":{"index":"index","follow":"follow","max-snippet":"max-snippet:-1","max-image-preview":"max-image-preview:large","max-video-preview":"max-video-preview:-1"},"canonical":"https:\/\/www.pogotowieflagowe.pl\/aktualne\/czeka-dluzsza-noc-gdy-europa-cofa-wskazowki-zegara\/","og_locale":"pl_PL","og_type":"article","og_title":"Czeka d\u0142u\u017csza noc, gdy Europa cofa wskaz\u00f3wki zegara - POGOTOWIE FLAGOWE\u00ae","og_description":"W ten weekend zar\u00f3wno nocne marki, jak i ranne ptaszki b\u0119d\u0105 mog\u0142y cieszy\u0107 si\u0119 dodatkow\u0105 godzin\u0105 odpoczynku, gdy zegary si\u0119","og_url":"https:\/\/www.pogotowieflagowe.pl\/aktualne\/czeka-dluzsza-noc-gdy-europa-cofa-wskazowki-zegara\/","og_site_name":"POGOTOWIE FLAGOWE\u00ae","article_published_time":"2024-10-27T17:48:34+00:00","article_modified_time":"2024-10-27T17:48:35+00:00","og_image":[{"width":1920,"height":2557,"url":"https:\/\/www.pogotowieflagowe.pl\/aktualne\/wp-content\/uploads\/2024\/10\/Czy-widac-koniec-czasu-letniego-Wplyw-zmiany-zegara.jpeg","type":"image\/jpeg"}],"author":"Filip","twitter_card":"summary_large_image","twitter_misc":{"Napisane przez":"Filip","Szacowany czas czytania":"2 minuty"},"schema":{"@context":"https:\/\/schema.org","@graph":[{"@type":"Article","@id":"https:\/\/www.pogotowieflagowe.pl\/aktualne\/czeka-dluzsza-noc-gdy-europa-cofa-wskazowki-zegara\/#article","isPartOf":{"@id":"https:\/\/www.pogotowieflagowe.pl\/aktualne\/czeka-dluzsza-noc-gdy-europa-cofa-wskazowki-zegara\/"},"author":{"name":"Filip","@id":"https:\/\/www.pogotowieflagowe.pl\/aktualne\/#\/schema\/person\/9c2fb7d2362ebf6fa088960d7f0d27b0"},"headline":"Czeka d\u0142u\u017csza noc, gdy Europa cofa wskaz\u00f3wki zegara","datePublished":"2024-10-27T17:48:34+00:00","dateModified":"2024-10-27T17:48:35+00:00","mainEntityOfPage":{"@id":"https:\/\/www.pogotowieflagowe.pl\/aktualne\/czeka-dluzsza-noc-gdy-europa-cofa-wskazowki-zegara\/"},"wordCount":368,"publisher":{"@id":"https:\/\/www.pogotowieflagowe.pl\/aktualne\/#organization"},"image":{"@id":"https:\/\/www.pogotowieflagowe.pl\/aktualne\/czeka-dluzsza-noc-gdy-europa-cofa-wskazowki-zegara\/#primaryimage"},"thumbnailUrl":"https:\/\/www.pogotowieflagowe.pl\/aktualne\/wp-content\/uploads\/2024\/10\/Czy-widac-koniec-czasu-letniego-Wplyw-zmiany-zegara.jpeg","keywords":["cofa","Czeka","d\u0142u\u017csza","Europa","gdy","Noc","wskaz\u00f3wki","zegara"],"articleSection":["Styl \u017cycia"],"inLanguage":"pl-PL"},{"@type":"WebPage","@id":"https:\/\/www.pogotowieflagowe.pl\/aktualne\/czeka-dluzsza-noc-gdy-europa-cofa-wskazowki-zegara\/","url":"https:\/\/www.pogotowieflagowe.pl\/aktualne\/czeka-dluzsza-noc-gdy-europa-cofa-wskazowki-zegara\/","name":"Czeka d\u0142u\u017csza noc, gdy Europa cofa wskaz\u00f3wki zegara - POGOTOWIE FLAGOWE\u00ae","isPartOf":{"@id":"https:\/\/www.pogotowieflagowe.pl\/aktualne\/#website"},"primaryImageOfPage":{"@id":"https:\/\/www.pogotowieflagowe.pl\/aktualne\/czeka-dluzsza-noc-gdy-europa-cofa-wskazowki-zegara\/#primaryimage"},"image":{"@id":"https:\/\/www.pogotowieflagowe.pl\/aktualne\/czeka-dluzsza-noc-gdy-europa-cofa-wskazowki-zegara\/#primaryimage"},"thumbnailUrl":"https:\/\/www.pogotowieflagowe.pl\/aktualne\/wp-content\/uploads\/2024\/10\/Czy-widac-koniec-czasu-letniego-Wplyw-zmiany-zegara.jpeg","datePublished":"2024-10-27T17:48:34+00:00","dateModified":"2024-10-27T17:48:35+00:00","breadcrumb":{"@id":"https:\/\/www.pogotowieflagowe.pl\/aktualne\/czeka-dluzsza-noc-gdy-europa-cofa-wskazowki-zegara\/#breadcrumb"},"inLanguage":"pl-PL","potentialAction":[{"@type":"ReadAction","target":["https:\/\/www.pogotowieflagowe.pl\/aktualne\/czeka-dluzsza-noc-gdy-europa-cofa-wskazowki-zegara\/"]}]},{"@type":"ImageObject","inLanguage":"pl-PL","@id":"https:\/\/www.pogotowieflagowe.pl\/aktualne\/czeka-dluzsza-noc-gdy-europa-cofa-wskazowki-zegara\/#primaryimage","url":"https:\/\/www.pogotowieflagowe.pl\/aktualne\/wp-content\/uploads\/2024\/10\/Czy-widac-koniec-czasu-letniego-Wplyw-zmiany-zegara.jpeg","contentUrl":"https:\/\/www.pogotowieflagowe.pl\/aktualne\/wp-content\/uploads\/2024\/10\/Czy-widac-koniec-czasu-letniego-Wplyw-zmiany-zegara.jpeg","width":1920,"height":2557,"caption":"Czy wida\u0107 koniec czasu letniego? Wp\u0142yw zmiany zegara"},{"@type":"BreadcrumbList","@id":"https:\/\/www.pogotowieflagowe.pl\/aktualne\/czeka-dluzsza-noc-gdy-europa-cofa-wskazowki-zegara\/#breadcrumb","itemListElement":[{"@type":"ListItem","position":1,"name":"Home","item":"https:\/\/www.pogotowieflagowe.pl\/aktualne\/"},{"@type":"ListItem","position":2,"name":"Czeka d\u0142u\u017csza noc, gdy Europa cofa wskaz\u00f3wki zegara"}]},{"@type":"WebSite","@id":"https:\/\/www.pogotowieflagowe.pl\/aktualne\/#website","url":"https:\/\/www.pogotowieflagowe.pl\/aktualne\/","name":"POGOTOWIE FLAGOWE\u00ae","description":"","publisher":{"@id":"https:\/\/www.pogotowieflagowe.pl\/aktualne\/#organization"},"potentialAction":[{"@type":"SearchAction","target":{"@type":"EntryPoint","urlTemplate":"https:\/\/www.pogotowieflagowe.pl\/aktualne\/?s={search_term_string}"},"query-input":"required name=search_term_string"}],"inLanguage":"pl-PL"},{"@type":"Organization","@id":"https:\/\/www.pogotowieflagowe.pl\/aktualne\/#organization","name":"POGOTOWIE FLAGOWE\u00ae","url":"https:\/\/www.pogotowieflagowe.pl\/aktualne\/","logo":{"@type":"ImageObject","inLanguage":"pl-PL","@id":"https:\/\/www.pogotowieflagowe.pl\/aktualne\/#\/schema\/logo\/image\/","url":"https:\/\/www.pogotowieflagowe.pl\/aktualne\/wp-content\/uploads\/2024\/08\/cropped-pogotowieflagowe_flaga_projekt_sm.jpg","contentUrl":"https:\/\/www.pogotowieflagowe.pl\/aktualne\/wp-content\/uploads\/2024\/08\/cropped-pogotowieflagowe_flaga_projekt_sm.jpg","width":250,"height":143,"caption":"POGOTOWIE FLAGOWE\u00ae"},"image":{"@id":"https:\/\/www.pogotowieflagowe.pl\/aktualne\/#\/schema\/logo\/image\/"}},{"@type":"Person","@id":"https:\/\/www.pogotowieflagowe.pl\/aktualne\/#\/schema\/person\/9c2fb7d2362ebf6fa088960d7f0d27b0","name":"Filip","image":{"@type":"ImageObject","inLanguage":"pl-PL","@id":"https:\/\/www.pogotowieflagowe.pl\/aktualne\/#\/schema\/person\/image\/","url":"https:\/\/www.pogotowieflagowe.pl\/aktualne\/wp-content\/uploads\/2024\/08\/pogotowieflagowe.pl_.jpg","contentUrl":"https:\/\/www.pogotowieflagowe.pl\/aktualne\/wp-content\/uploads\/2024\/08\/pogotowieflagowe.pl_.jpg","caption":"Filip"},"description":"Jestem Filip, polski dziennikarz z dyplomem nauk politycznych Uniwersytetu Warszawskiego. Rozpoczynaj\u0105c swoj\u0105 karier\u0119 w r\u00f3\u017cnych lokalnych mediach, zdoby\u0142em solidne do\u015bwiadczenie w zakresie \u015bledztwa i redakcji. Obecnie jako redaktor w Pogotowie flagowe, staram si\u0119 dostarcza\u0107 dog\u0142\u0119bne i istotne analizy na temat najwa\u017cniejszych kwestii aktualno\u015bci, \u0142\u0105cz\u0105c rygor z pasj\u0105 dziennikarsk\u0105.","sameAs":["https:\/\/www.pogotowieflagowe.pl\/"]}]}},"_links":{"self":[{"href":"https:\/\/www.pogotowieflagowe.pl\/aktualne\/wp-json\/wp\/v2\/posts\/1498","targetHints":{"allow":["GET"]}}],"collection":[{"href":"https:\/\/www.pogotowieflagowe.pl\/aktualne\/wp-json\/wp\/v2\/posts"}],"about":[{"href":"https:\/\/www.pogotowieflagowe.pl\/aktualne\/wp-json\/wp\/v2\/types\/post"}],"author":[{"embeddable":true,"href":"https:\/\/www.pogotowieflagowe.pl\/aktualne\/wp-json\/wp\/v2\/users\/1"}],"replies":[{"embeddable":true,"href":"https:\/\/www.pogotowieflagowe.pl\/aktualne\/wp-json\/wp\/v2\/comments?post=1498"}],"version-history":[{"count":1,"href":"https:\/\/www.pogotowieflagowe.pl\/aktualne\/wp-json\/wp\/v2\/posts\/1498\/revisions"}],"predecessor-version":[{"id":1499,"href":"https:\/\/www.pogotowieflagowe.pl\/aktualne\/wp-json\/wp\/v2\/posts\/1498\/revisions\/1499"}],"wp:featuredmedia":[{"embeddable":true,"href":"https:\/\/www.pogotowieflagowe.pl\/aktualne\/wp-json\/wp\/v2\/media\/1031"}],"wp:attachment":[{"href":"https:\/\/www.pogotowieflagowe.pl\/aktualne\/wp-json\/wp\/v2\/media?parent=1498"}],"wp:term":[{"taxonomy":"category","embeddable":true,"href":"https:\/\/www.pogotowieflagowe.pl\/aktualne\/wp-json\/wp\/v2\/categories?post=1498"},{"taxonomy":"post_tag","embeddable":true,"href":"https:\/\/www.pogotowieflagowe.pl\/aktualne\/wp-json\/wp\/v2\/tags?post=1498"}],"curies":[{"name":"wp","href":"https:\/\/api.w.org\/{rel}","templated":true}]}}