{"id":1509,"date":"2024-10-28T12:47:24","date_gmt":"2024-10-28T11:47:24","guid":{"rendered":"https:\/\/www.pogotowieflagowe.pl\/aktualne\/wspominajac-gabriela-narutowicza-zaginiony-pomnik-w-bielsku\/"},"modified":"2024-10-28T12:47:24","modified_gmt":"2024-10-28T11:47:24","slug":"wspominajac-gabriela-narutowicza-zaginiony-pomnik-w-bielsku","status":"publish","type":"post","link":"https:\/\/www.pogotowieflagowe.pl\/aktualne\/wspominajac-gabriela-narutowicza-zaginiony-pomnik-w-bielsku\/","title":{"rendered":"Wspominaj\u0105c Gabriela Narutowicza: Zaginiony pomnik w Bielsku"},"content":{"rendered":"\n<div class=\"td_block_wrap tdb_single_content tdi_48 td-pb-border-top td_block_template_8 td-post-content tagdiv-type\" data-td-block-uid=\"tdi_48\">\n<style>.tdi_48{margines-g\u00f3rny:0px!important;margin-bottom:0px!important;dope\u0142nienie-g\u00f3ra:0px!important;dope\u0142nienie-d\u00f3\u0142:0px!important}<\/style>\n<style>.tdb_single_content{margin-bottom:0;*zoom:1}.tdb_single_content:before,.tdb_single_content:after{display:table;content:'';line-height:0}.tdb_single_content:after{clear:both}.tdb_single_content .tdb-block-inner>*:not(.wp-block-quote):not(.alignwide):not(.alignfull.wp-block-cover.has-parallax):not(.td-a-ad) {margin-left:auto;margin-right:auto}.tdb_single_content a{pointer-events:auto}.tdb_single_content .td-spot-id-top_ad .tdc-placeholder-title:before{content:'Najlepsza reklama artyku\u0142u'! wa\u017cne}.tdb_single_content .td-spot-id-inline_ad0 .tdc-placeholder-title:before{content:'Article Inline Ad 1'!important}.tdb_single_content .td-spot-id-inline_ad1 .tdc-placeholder-title:before {content:'Reklama wbudowana w artyku\u0142 2'!important}.tdb_single_content .td-spot-id-inline_ad2 .tdc-placeholder-title:before{content:'Reklama wbudowana w artyku\u0142 3'!important}.tdb_single_content .td-spot-id -bottom_ad .tdc-placeholder-title:before{content:'Article Bottom Ad'!important}.tdb_single_content .id_top_ad,.tdb_single_content .id_bottom_ad{clear:both;margin-bottom:21px;text-align:center}.tdb_single_content . id_top_ad img,.tdb_single_content .id_bottom_ad img{margin-bottom:0}.tdb_single_content .id_top_ad .adsbygoogle,.tdb_single_content .id_bottom_ad .adsbygoogle{position:relative}.tdb_single_content .id_ad_content-horiz- po lewej,.tdb_single_content .id_ad_content-horiz-right ,.tdb_single_content .id_ad_content-horiz-center{margin-bottom:15px}.tdb_single_content .id_ad_content-horiz-left img,.tdb_single_content .id_ad_content-horiz-right img,.tdb_single_content .id_ad_content-horiz -center img{margines-dolny: 0}.tdb_single_content .id_ad_content-horiz-center{text-align:center}.tdb_single_content .id_ad_content-horiz-center img{margin-right:auto;margin-left:auto}.tdb_single_content .id_ad_content-horiz-left{float: lewy;margin-g\u00f3rny:9px;margin-prawy:21px}.tdb_single_content .id_ad_content-horiz-right{float:right;margin-top:6px;margin-left:21px}.tdb_single_content .tdc-a-ad .tdc- placeholder-title{width:300px;height:250px}.tdb_single_content .tdc-a-ad .tdc-placeholder-title:before{position:absolute;top:50%;-webkit-transform:translateY(-50%); transform:translateY(-50%);margines:auto;display:table;width:100%}.tdb_single_content .tdb-block-inner.td-fix-index{word-break:break-word}.tdi_48,.tdi_48 >p,.tdi_48 .tdb-block-inner>p{font-size:16px!important;line-height:1.6!important}.tdi_48 .tdb-block-inner blockquote p{font-style:normal!important}@ media (maks. szeroko\u015b\u0107: 767 pikseli){.tdb_single_content .id_ad_content-horiz-left,.tdb_single_content .id_ad_content-horiz-right,.tdb_single_content .id_ad_content-horiz-center{margin:0 auto 26px auto}}@media (maks. szeroko\u015b\u0107 :767px){.tdb_single_content .id_ad_content-horiz-left{margin-right:0}}@media (max-width:767px){.tdb_single_content .id_ad_content-horiz-right{margin-left:0}}@media (max -width:767px){.tdb_single_content .td-a-ad{float:none;text-align:center}.tdb_single_content .td-a-ad img{margin-right:auto;margin-left:auto}.tdb_single_content . tdc-a-ad{float:none}}<\/style>\n<div class=\"tdb-block-inner td-fix-index\">\n<p>W latach mi\u0119dzywojennych miasto Bielsko postawi\u0142o pomnik ku czci Gabriela Narutowicza, pierwszego prezydenta Polski, zamordowanego zaledwie kilka dni po obj\u0119ciu urz\u0119du w 1922 r. Pomnik, ustawiony na placu Blichowym (p\u00f3\u017aniej Mickiewicza), sta\u0142 w ho\u0142dzie przyw\u00f3dca, kt\u00f3rego tragiczna \u015bmier\u0107 symbolizowa\u0142a burzliw\u0105 drog\u0119 m\u0142odego narodu do demokracji. Pomnik nie mia\u0142 jednak wy\u0142\u0105cznie na celu uczczenia Narutowicza; odzwierciedla\u0142o tak\u017ce napi\u0119cia kulturowe i polityczne w mie\u015bcie, w kt\u00f3rym polska to\u017csamo\u015b\u0107 musia\u0142a si\u0119 utwierdzi\u0107 w\u015br\u00f3d znacznej populacji niemieckoj\u0119zycznej.<\/p>\n<h2 class=\"wp-block-heading\">Budowa pomnika w\u015br\u00f3d ruchu oporu: Ku czci Narutowicza w Bielsku<\/h2>\n<p>Starania o budow\u0119 pomnika rozpocz\u0119\u0142y si\u0119 w 1923 r., a na ich czele stan\u0105\u0142 komitet narodowy staraj\u0105cy si\u0119 o upami\u0119tnienie pami\u0119ci Narutowicza. Pomimo pocz\u0105tkowego oporu ze strony zdominowanej przez Niemc\u00f3w rady miasta, dynamika nabra\u0142a tempa po zamachu stanu dokonanym przez J\u00f3zefa Pi\u0142sudskiego w 1926 r., przy wsparciu wysokich urz\u0119dnik\u00f3w. Wybrana lokalizacja \u2013 Plac Blichowy \u2013 sta\u0142a si\u0119 \u015bwiadom\u0105 deklaracj\u0105 polskiej obecno\u015bci w wielokulturowym obszarze. Projekt, kt\u00f3rym kierowa\u0142 rze\u017abiarz Jan Raszka, napotka\u0142 op\u00f3\u017anienia i cho\u0107 oficjalne ods\u0142oni\u0119cie pomnika odby\u0142o si\u0119 28 pa\u017adziernika<sup>t<\/sup>1928 r., popiersie z br\u0105zu zainstalowano dopiero w 1930 r.<\/p>\n<h2 class=\"wp-block-heading\">Zaginione dziedzictwo: zniszczenie i przekszta\u0142cenie pomnika Narutowicza<\/h2>\n<p>Istnienie pomnika by\u0142o kr\u00f3tkotrwa\u0142e. W 1939 roku, po okupacji Bielska przez hitlerowc\u00f3w, pomnik zosta\u0142 zniszczony, pozostawiaj\u0105c jedynie cok\u00f3\u0142 jako nieme przypomnienie utraconej historii miasta. Przez ponad dwie dekady miejsce to pozostawa\u0142o puste, a\u017c w 1961 roku postawiono nowy pomnik, tym razem po\u015bwi\u0119cony poecie Adamowi Mickiewiczowi.<\/p>\n<p>Chocia\u017c pomnik Narutowicza ju\u017c nie istnieje, jego historia pozostaje przejmuj\u0105cym odzwierciedleniem walki Polski o zachowanie swojej to\u017csamo\u015bci w\u015br\u00f3d wyzwa\u0144 zewn\u0119trznych i wewn\u0119trznych. Tworzenie, niszczenie i wymiana pomnika ilustruj\u0105 zmieniaj\u0105ce si\u0119 narracje miasta i narodu zmagaj\u0105cego si\u0119 ze swoj\u0105 przesz\u0142o\u015bci\u0105.<\/p>\n<\/div>\n<\/div>\n","protected":false},"excerpt":{"rendered":"<p>W latach mi\u0119dzywojennych miasto Bielsko postawi\u0142o pomnik ku czci Gabriela Narutowicza, pierwszego prezydenta Polski, zamordowanego zaledwie kilka dni po obj\u0119ciu<\/p>\n","protected":false},"author":1,"featured_media":1510,"comment_status":"closed","ping_status":"","sticky":false,"template":"","format":"standard","meta":{"footnotes":""},"categories":[44],"tags":[2526,2523,2524,469,2522,2525],"class_list":["post-1509","post","type-post","status-publish","format-standard","has-post-thumbnail","hentry","category-polityka","tag-bielsku","tag-gabriela","tag-narutowicza","tag-pomnik","tag-wspominajac","tag-zaginiony","generate-columns","tablet-grid-50","mobile-grid-100","grid-parent","grid-50","resize-featured-image"],"yoast_head":"<!-- This site is optimized with the Yoast SEO plugin v23.2 - https:\/\/yoast.com\/wordpress\/plugins\/seo\/ -->\n<title>Wspominaj\u0105c Gabriela Narutowicza: Zaginiony pomnik w Bielsku - POGOTOWIE FLAGOWE\u00ae<\/title>\n<meta name=\"robots\" content=\"index, follow, max-snippet:-1, max-image-preview:large, max-video-preview:-1\" \/>\n<link rel=\"canonical\" href=\"https:\/\/www.pogotowieflagowe.pl\/aktualne\/wspominajac-gabriela-narutowicza-zaginiony-pomnik-w-bielsku\/\" \/>\n<meta property=\"og:locale\" content=\"pl_PL\" \/>\n<meta property=\"og:type\" content=\"article\" \/>\n<meta property=\"og:title\" content=\"Wspominaj\u0105c Gabriela Narutowicza: Zaginiony pomnik w Bielsku - POGOTOWIE FLAGOWE\u00ae\" \/>\n<meta property=\"og:description\" content=\"W latach mi\u0119dzywojennych miasto Bielsko postawi\u0142o pomnik ku czci Gabriela Narutowicza, pierwszego prezydenta Polski, zamordowanego zaledwie kilka dni po obj\u0119ciu\" \/>\n<meta property=\"og:url\" content=\"https:\/\/www.pogotowieflagowe.pl\/aktualne\/wspominajac-gabriela-narutowicza-zaginiony-pomnik-w-bielsku\/\" \/>\n<meta property=\"og:site_name\" content=\"POGOTOWIE FLAGOWE\u00ae\" \/>\n<meta property=\"article:published_time\" content=\"2024-10-28T11:47:24+00:00\" \/>\n<meta property=\"og:image\" content=\"https:\/\/www.pogotowieflagowe.pl\/aktualne\/wp-content\/uploads\/2024\/10\/Wspominajac-Gabriela-Narutowicza-Zaginiony-pomnik-w-Bielsku.jpg\" \/>\n\t<meta property=\"og:image:width\" content=\"489\" \/>\n\t<meta property=\"og:image:height\" content=\"409\" \/>\n\t<meta property=\"og:image:type\" content=\"image\/jpeg\" \/>\n<meta name=\"author\" content=\"Filip\" \/>\n<meta name=\"twitter:card\" content=\"summary_large_image\" \/>\n<meta name=\"twitter:label1\" content=\"Napisane przez\" \/>\n\t<meta name=\"twitter:data1\" content=\"Filip\" \/>\n\t<meta name=\"twitter:label2\" content=\"Szacowany czas czytania\" \/>\n\t<meta name=\"twitter:data2\" content=\"2 minuty\" \/>\n<script type=\"application\/ld+json\" class=\"yoast-schema-graph\">{\"@context\":\"https:\/\/schema.org\",\"@graph\":[{\"@type\":\"Article\",\"@id\":\"https:\/\/www.pogotowieflagowe.pl\/aktualne\/wspominajac-gabriela-narutowicza-zaginiony-pomnik-w-bielsku\/#article\",\"isPartOf\":{\"@id\":\"https:\/\/www.pogotowieflagowe.pl\/aktualne\/wspominajac-gabriela-narutowicza-zaginiony-pomnik-w-bielsku\/\"},\"author\":{\"name\":\"Filip\",\"@id\":\"https:\/\/www.pogotowieflagowe.pl\/aktualne\/#\/schema\/person\/9c2fb7d2362ebf6fa088960d7f0d27b0\"},\"headline\":\"Wspominaj\u0105c Gabriela Narutowicza: Zaginiony pomnik w Bielsku\",\"datePublished\":\"2024-10-28T11:47:24+00:00\",\"dateModified\":\"2024-10-28T11:47:24+00:00\",\"mainEntityOfPage\":{\"@id\":\"https:\/\/www.pogotowieflagowe.pl\/aktualne\/wspominajac-gabriela-narutowicza-zaginiony-pomnik-w-bielsku\/\"},\"wordCount\":327,\"publisher\":{\"@id\":\"https:\/\/www.pogotowieflagowe.pl\/aktualne\/#organization\"},\"image\":{\"@id\":\"https:\/\/www.pogotowieflagowe.pl\/aktualne\/wspominajac-gabriela-narutowicza-zaginiony-pomnik-w-bielsku\/#primaryimage\"},\"thumbnailUrl\":\"https:\/\/www.pogotowieflagowe.pl\/aktualne\/wp-content\/uploads\/2024\/10\/Wspominajac-Gabriela-Narutowicza-Zaginiony-pomnik-w-Bielsku.jpg\",\"keywords\":[\"Bielsku\",\"Gabriela\",\"Narutowicza\",\"Pomnik\",\"Wspominaj\u0105c\",\"Zaginiony\"],\"articleSection\":[\"Polityka\"],\"inLanguage\":\"pl-PL\"},{\"@type\":\"WebPage\",\"@id\":\"https:\/\/www.pogotowieflagowe.pl\/aktualne\/wspominajac-gabriela-narutowicza-zaginiony-pomnik-w-bielsku\/\",\"url\":\"https:\/\/www.pogotowieflagowe.pl\/aktualne\/wspominajac-gabriela-narutowicza-zaginiony-pomnik-w-bielsku\/\",\"name\":\"Wspominaj\u0105c Gabriela Narutowicza: Zaginiony pomnik w Bielsku - POGOTOWIE FLAGOWE\u00ae\",\"isPartOf\":{\"@id\":\"https:\/\/www.pogotowieflagowe.pl\/aktualne\/#website\"},\"primaryImageOfPage\":{\"@id\":\"https:\/\/www.pogotowieflagowe.pl\/aktualne\/wspominajac-gabriela-narutowicza-zaginiony-pomnik-w-bielsku\/#primaryimage\"},\"image\":{\"@id\":\"https:\/\/www.pogotowieflagowe.pl\/aktualne\/wspominajac-gabriela-narutowicza-zaginiony-pomnik-w-bielsku\/#primaryimage\"},\"thumbnailUrl\":\"https:\/\/www.pogotowieflagowe.pl\/aktualne\/wp-content\/uploads\/2024\/10\/Wspominajac-Gabriela-Narutowicza-Zaginiony-pomnik-w-Bielsku.jpg\",\"datePublished\":\"2024-10-28T11:47:24+00:00\",\"dateModified\":\"2024-10-28T11:47:24+00:00\",\"breadcrumb\":{\"@id\":\"https:\/\/www.pogotowieflagowe.pl\/aktualne\/wspominajac-gabriela-narutowicza-zaginiony-pomnik-w-bielsku\/#breadcrumb\"},\"inLanguage\":\"pl-PL\",\"potentialAction\":[{\"@type\":\"ReadAction\",\"target\":[\"https:\/\/www.pogotowieflagowe.pl\/aktualne\/wspominajac-gabriela-narutowicza-zaginiony-pomnik-w-bielsku\/\"]}]},{\"@type\":\"ImageObject\",\"inLanguage\":\"pl-PL\",\"@id\":\"https:\/\/www.pogotowieflagowe.pl\/aktualne\/wspominajac-gabriela-narutowicza-zaginiony-pomnik-w-bielsku\/#primaryimage\",\"url\":\"https:\/\/www.pogotowieflagowe.pl\/aktualne\/wp-content\/uploads\/2024\/10\/Wspominajac-Gabriela-Narutowicza-Zaginiony-pomnik-w-Bielsku.jpg\",\"contentUrl\":\"https:\/\/www.pogotowieflagowe.pl\/aktualne\/wp-content\/uploads\/2024\/10\/Wspominajac-Gabriela-Narutowicza-Zaginiony-pomnik-w-Bielsku.jpg\",\"width\":489,\"height\":409,\"caption\":\"Wspominaj\u0105c Gabriela Narutowicza: Zaginiony pomnik w Bielsku\"},{\"@type\":\"BreadcrumbList\",\"@id\":\"https:\/\/www.pogotowieflagowe.pl\/aktualne\/wspominajac-gabriela-narutowicza-zaginiony-pomnik-w-bielsku\/#breadcrumb\",\"itemListElement\":[{\"@type\":\"ListItem\",\"position\":1,\"name\":\"Home\",\"item\":\"https:\/\/www.pogotowieflagowe.pl\/aktualne\/\"},{\"@type\":\"ListItem\",\"position\":2,\"name\":\"Wspominaj\u0105c Gabriela Narutowicza: Zaginiony pomnik w Bielsku\"}]},{\"@type\":\"WebSite\",\"@id\":\"https:\/\/www.pogotowieflagowe.pl\/aktualne\/#website\",\"url\":\"https:\/\/www.pogotowieflagowe.pl\/aktualne\/\",\"name\":\"POGOTOWIE FLAGOWE\u00ae\",\"description\":\"\",\"publisher\":{\"@id\":\"https:\/\/www.pogotowieflagowe.pl\/aktualne\/#organization\"},\"potentialAction\":[{\"@type\":\"SearchAction\",\"target\":{\"@type\":\"EntryPoint\",\"urlTemplate\":\"https:\/\/www.pogotowieflagowe.pl\/aktualne\/?s={search_term_string}\"},\"query-input\":\"required name=search_term_string\"}],\"inLanguage\":\"pl-PL\"},{\"@type\":\"Organization\",\"@id\":\"https:\/\/www.pogotowieflagowe.pl\/aktualne\/#organization\",\"name\":\"POGOTOWIE FLAGOWE\u00ae\",\"url\":\"https:\/\/www.pogotowieflagowe.pl\/aktualne\/\",\"logo\":{\"@type\":\"ImageObject\",\"inLanguage\":\"pl-PL\",\"@id\":\"https:\/\/www.pogotowieflagowe.pl\/aktualne\/#\/schema\/logo\/image\/\",\"url\":\"https:\/\/www.pogotowieflagowe.pl\/aktualne\/wp-content\/uploads\/2024\/08\/cropped-pogotowieflagowe_flaga_projekt_sm.jpg\",\"contentUrl\":\"https:\/\/www.pogotowieflagowe.pl\/aktualne\/wp-content\/uploads\/2024\/08\/cropped-pogotowieflagowe_flaga_projekt_sm.jpg\",\"width\":250,\"height\":143,\"caption\":\"POGOTOWIE FLAGOWE\u00ae\"},\"image\":{\"@id\":\"https:\/\/www.pogotowieflagowe.pl\/aktualne\/#\/schema\/logo\/image\/\"}},{\"@type\":\"Person\",\"@id\":\"https:\/\/www.pogotowieflagowe.pl\/aktualne\/#\/schema\/person\/9c2fb7d2362ebf6fa088960d7f0d27b0\",\"name\":\"Filip\",\"image\":{\"@type\":\"ImageObject\",\"inLanguage\":\"pl-PL\",\"@id\":\"https:\/\/www.pogotowieflagowe.pl\/aktualne\/#\/schema\/person\/image\/\",\"url\":\"https:\/\/www.pogotowieflagowe.pl\/aktualne\/wp-content\/uploads\/2024\/08\/pogotowieflagowe.pl_.jpg\",\"contentUrl\":\"https:\/\/www.pogotowieflagowe.pl\/aktualne\/wp-content\/uploads\/2024\/08\/pogotowieflagowe.pl_.jpg\",\"caption\":\"Filip\"},\"description\":\"Jestem Filip, polski dziennikarz z dyplomem nauk politycznych Uniwersytetu Warszawskiego. Rozpoczynaj\u0105c swoj\u0105 karier\u0119 w r\u00f3\u017cnych lokalnych mediach, zdoby\u0142em solidne do\u015bwiadczenie w zakresie \u015bledztwa i redakcji. Obecnie jako redaktor w Pogotowie flagowe, staram si\u0119 dostarcza\u0107 dog\u0142\u0119bne i istotne analizy na temat najwa\u017cniejszych kwestii aktualno\u015bci, \u0142\u0105cz\u0105c rygor z pasj\u0105 dziennikarsk\u0105.\",\"sameAs\":[\"https:\/\/www.pogotowieflagowe.pl\/\"]}]}<\/script>\n<!-- \/ Yoast SEO plugin. -->","yoast_head_json":{"title":"Wspominaj\u0105c Gabriela Narutowicza: Zaginiony pomnik w Bielsku - POGOTOWIE FLAGOWE\u00ae","robots":{"index":"index","follow":"follow","max-snippet":"max-snippet:-1","max-image-preview":"max-image-preview:large","max-video-preview":"max-video-preview:-1"},"canonical":"https:\/\/www.pogotowieflagowe.pl\/aktualne\/wspominajac-gabriela-narutowicza-zaginiony-pomnik-w-bielsku\/","og_locale":"pl_PL","og_type":"article","og_title":"Wspominaj\u0105c Gabriela Narutowicza: Zaginiony pomnik w Bielsku - POGOTOWIE FLAGOWE\u00ae","og_description":"W latach mi\u0119dzywojennych miasto Bielsko postawi\u0142o pomnik ku czci Gabriela Narutowicza, pierwszego prezydenta Polski, zamordowanego zaledwie kilka dni po obj\u0119ciu","og_url":"https:\/\/www.pogotowieflagowe.pl\/aktualne\/wspominajac-gabriela-narutowicza-zaginiony-pomnik-w-bielsku\/","og_site_name":"POGOTOWIE FLAGOWE\u00ae","article_published_time":"2024-10-28T11:47:24+00:00","og_image":[{"width":489,"height":409,"url":"https:\/\/www.pogotowieflagowe.pl\/aktualne\/wp-content\/uploads\/2024\/10\/Wspominajac-Gabriela-Narutowicza-Zaginiony-pomnik-w-Bielsku.jpg","type":"image\/jpeg"}],"author":"Filip","twitter_card":"summary_large_image","twitter_misc":{"Napisane przez":"Filip","Szacowany czas czytania":"2 minuty"},"schema":{"@context":"https:\/\/schema.org","@graph":[{"@type":"Article","@id":"https:\/\/www.pogotowieflagowe.pl\/aktualne\/wspominajac-gabriela-narutowicza-zaginiony-pomnik-w-bielsku\/#article","isPartOf":{"@id":"https:\/\/www.pogotowieflagowe.pl\/aktualne\/wspominajac-gabriela-narutowicza-zaginiony-pomnik-w-bielsku\/"},"author":{"name":"Filip","@id":"https:\/\/www.pogotowieflagowe.pl\/aktualne\/#\/schema\/person\/9c2fb7d2362ebf6fa088960d7f0d27b0"},"headline":"Wspominaj\u0105c Gabriela Narutowicza: Zaginiony pomnik w Bielsku","datePublished":"2024-10-28T11:47:24+00:00","dateModified":"2024-10-28T11:47:24+00:00","mainEntityOfPage":{"@id":"https:\/\/www.pogotowieflagowe.pl\/aktualne\/wspominajac-gabriela-narutowicza-zaginiony-pomnik-w-bielsku\/"},"wordCount":327,"publisher":{"@id":"https:\/\/www.pogotowieflagowe.pl\/aktualne\/#organization"},"image":{"@id":"https:\/\/www.pogotowieflagowe.pl\/aktualne\/wspominajac-gabriela-narutowicza-zaginiony-pomnik-w-bielsku\/#primaryimage"},"thumbnailUrl":"https:\/\/www.pogotowieflagowe.pl\/aktualne\/wp-content\/uploads\/2024\/10\/Wspominajac-Gabriela-Narutowicza-Zaginiony-pomnik-w-Bielsku.jpg","keywords":["Bielsku","Gabriela","Narutowicza","Pomnik","Wspominaj\u0105c","Zaginiony"],"articleSection":["Polityka"],"inLanguage":"pl-PL"},{"@type":"WebPage","@id":"https:\/\/www.pogotowieflagowe.pl\/aktualne\/wspominajac-gabriela-narutowicza-zaginiony-pomnik-w-bielsku\/","url":"https:\/\/www.pogotowieflagowe.pl\/aktualne\/wspominajac-gabriela-narutowicza-zaginiony-pomnik-w-bielsku\/","name":"Wspominaj\u0105c Gabriela Narutowicza: Zaginiony pomnik w Bielsku - POGOTOWIE FLAGOWE\u00ae","isPartOf":{"@id":"https:\/\/www.pogotowieflagowe.pl\/aktualne\/#website"},"primaryImageOfPage":{"@id":"https:\/\/www.pogotowieflagowe.pl\/aktualne\/wspominajac-gabriela-narutowicza-zaginiony-pomnik-w-bielsku\/#primaryimage"},"image":{"@id":"https:\/\/www.pogotowieflagowe.pl\/aktualne\/wspominajac-gabriela-narutowicza-zaginiony-pomnik-w-bielsku\/#primaryimage"},"thumbnailUrl":"https:\/\/www.pogotowieflagowe.pl\/aktualne\/wp-content\/uploads\/2024\/10\/Wspominajac-Gabriela-Narutowicza-Zaginiony-pomnik-w-Bielsku.jpg","datePublished":"2024-10-28T11:47:24+00:00","dateModified":"2024-10-28T11:47:24+00:00","breadcrumb":{"@id":"https:\/\/www.pogotowieflagowe.pl\/aktualne\/wspominajac-gabriela-narutowicza-zaginiony-pomnik-w-bielsku\/#breadcrumb"},"inLanguage":"pl-PL","potentialAction":[{"@type":"ReadAction","target":["https:\/\/www.pogotowieflagowe.pl\/aktualne\/wspominajac-gabriela-narutowicza-zaginiony-pomnik-w-bielsku\/"]}]},{"@type":"ImageObject","inLanguage":"pl-PL","@id":"https:\/\/www.pogotowieflagowe.pl\/aktualne\/wspominajac-gabriela-narutowicza-zaginiony-pomnik-w-bielsku\/#primaryimage","url":"https:\/\/www.pogotowieflagowe.pl\/aktualne\/wp-content\/uploads\/2024\/10\/Wspominajac-Gabriela-Narutowicza-Zaginiony-pomnik-w-Bielsku.jpg","contentUrl":"https:\/\/www.pogotowieflagowe.pl\/aktualne\/wp-content\/uploads\/2024\/10\/Wspominajac-Gabriela-Narutowicza-Zaginiony-pomnik-w-Bielsku.jpg","width":489,"height":409,"caption":"Wspominaj\u0105c Gabriela Narutowicza: Zaginiony pomnik w Bielsku"},{"@type":"BreadcrumbList","@id":"https:\/\/www.pogotowieflagowe.pl\/aktualne\/wspominajac-gabriela-narutowicza-zaginiony-pomnik-w-bielsku\/#breadcrumb","itemListElement":[{"@type":"ListItem","position":1,"name":"Home","item":"https:\/\/www.pogotowieflagowe.pl\/aktualne\/"},{"@type":"ListItem","position":2,"name":"Wspominaj\u0105c Gabriela Narutowicza: Zaginiony pomnik w Bielsku"}]},{"@type":"WebSite","@id":"https:\/\/www.pogotowieflagowe.pl\/aktualne\/#website","url":"https:\/\/www.pogotowieflagowe.pl\/aktualne\/","name":"POGOTOWIE FLAGOWE\u00ae","description":"","publisher":{"@id":"https:\/\/www.pogotowieflagowe.pl\/aktualne\/#organization"},"potentialAction":[{"@type":"SearchAction","target":{"@type":"EntryPoint","urlTemplate":"https:\/\/www.pogotowieflagowe.pl\/aktualne\/?s={search_term_string}"},"query-input":"required name=search_term_string"}],"inLanguage":"pl-PL"},{"@type":"Organization","@id":"https:\/\/www.pogotowieflagowe.pl\/aktualne\/#organization","name":"POGOTOWIE FLAGOWE\u00ae","url":"https:\/\/www.pogotowieflagowe.pl\/aktualne\/","logo":{"@type":"ImageObject","inLanguage":"pl-PL","@id":"https:\/\/www.pogotowieflagowe.pl\/aktualne\/#\/schema\/logo\/image\/","url":"https:\/\/www.pogotowieflagowe.pl\/aktualne\/wp-content\/uploads\/2024\/08\/cropped-pogotowieflagowe_flaga_projekt_sm.jpg","contentUrl":"https:\/\/www.pogotowieflagowe.pl\/aktualne\/wp-content\/uploads\/2024\/08\/cropped-pogotowieflagowe_flaga_projekt_sm.jpg","width":250,"height":143,"caption":"POGOTOWIE FLAGOWE\u00ae"},"image":{"@id":"https:\/\/www.pogotowieflagowe.pl\/aktualne\/#\/schema\/logo\/image\/"}},{"@type":"Person","@id":"https:\/\/www.pogotowieflagowe.pl\/aktualne\/#\/schema\/person\/9c2fb7d2362ebf6fa088960d7f0d27b0","name":"Filip","image":{"@type":"ImageObject","inLanguage":"pl-PL","@id":"https:\/\/www.pogotowieflagowe.pl\/aktualne\/#\/schema\/person\/image\/","url":"https:\/\/www.pogotowieflagowe.pl\/aktualne\/wp-content\/uploads\/2024\/08\/pogotowieflagowe.pl_.jpg","contentUrl":"https:\/\/www.pogotowieflagowe.pl\/aktualne\/wp-content\/uploads\/2024\/08\/pogotowieflagowe.pl_.jpg","caption":"Filip"},"description":"Jestem Filip, polski dziennikarz z dyplomem nauk politycznych Uniwersytetu Warszawskiego. Rozpoczynaj\u0105c swoj\u0105 karier\u0119 w r\u00f3\u017cnych lokalnych mediach, zdoby\u0142em solidne do\u015bwiadczenie w zakresie \u015bledztwa i redakcji. Obecnie jako redaktor w Pogotowie flagowe, staram si\u0119 dostarcza\u0107 dog\u0142\u0119bne i istotne analizy na temat najwa\u017cniejszych kwestii aktualno\u015bci, \u0142\u0105cz\u0105c rygor z pasj\u0105 dziennikarsk\u0105.","sameAs":["https:\/\/www.pogotowieflagowe.pl\/"]}]}},"_links":{"self":[{"href":"https:\/\/www.pogotowieflagowe.pl\/aktualne\/wp-json\/wp\/v2\/posts\/1509","targetHints":{"allow":["GET"]}}],"collection":[{"href":"https:\/\/www.pogotowieflagowe.pl\/aktualne\/wp-json\/wp\/v2\/posts"}],"about":[{"href":"https:\/\/www.pogotowieflagowe.pl\/aktualne\/wp-json\/wp\/v2\/types\/post"}],"author":[{"embeddable":true,"href":"https:\/\/www.pogotowieflagowe.pl\/aktualne\/wp-json\/wp\/v2\/users\/1"}],"replies":[{"embeddable":true,"href":"https:\/\/www.pogotowieflagowe.pl\/aktualne\/wp-json\/wp\/v2\/comments?post=1509"}],"version-history":[{"count":1,"href":"https:\/\/www.pogotowieflagowe.pl\/aktualne\/wp-json\/wp\/v2\/posts\/1509\/revisions"}],"predecessor-version":[{"id":1511,"href":"https:\/\/www.pogotowieflagowe.pl\/aktualne\/wp-json\/wp\/v2\/posts\/1509\/revisions\/1511"}],"wp:featuredmedia":[{"embeddable":true,"href":"https:\/\/www.pogotowieflagowe.pl\/aktualne\/wp-json\/wp\/v2\/media\/1510"}],"wp:attachment":[{"href":"https:\/\/www.pogotowieflagowe.pl\/aktualne\/wp-json\/wp\/v2\/media?parent=1509"}],"wp:term":[{"taxonomy":"category","embeddable":true,"href":"https:\/\/www.pogotowieflagowe.pl\/aktualne\/wp-json\/wp\/v2\/categories?post=1509"},{"taxonomy":"post_tag","embeddable":true,"href":"https:\/\/www.pogotowieflagowe.pl\/aktualne\/wp-json\/wp\/v2\/tags?post=1509"}],"curies":[{"name":"wp","href":"https:\/\/api.w.org\/{rel}","templated":true}]}}