{"id":1540,"date":"2024-10-29T15:50:52","date_gmt":"2024-10-29T14:50:52","guid":{"rendered":"https:\/\/www.pogotowieflagowe.pl\/aktualne\/obchodzimy-dzien-internetu-54-lata-globalnej-lacznosci\/"},"modified":"2024-10-29T15:50:53","modified_gmt":"2024-10-29T14:50:53","slug":"obchodzimy-dzien-internetu-54-lata-globalnej-lacznosci","status":"publish","type":"post","link":"https:\/\/www.pogotowieflagowe.pl\/aktualne\/obchodzimy-dzien-internetu-54-lata-globalnej-lacznosci\/","title":{"rendered":"Obchodzimy Dzie\u0144 Internetu \u2013 54 lata globalnej \u0142\u0105czno\u015bci"},"content":{"rendered":"\n<div class=\"td_block_wrap tdb_single_content tdi_48 td-pb-border-top td_block_template_8 td-post-content tagdiv-type\" data-td-block-uid=\"tdi_48\">\n<style>.tdi_48{margines-g\u00f3rny:0px!important;margin-bottom:0px!important;dope\u0142nienie-g\u00f3ra:0px!important;dope\u0142nienie-d\u00f3\u0142:0px!important}<\/style>\n<style>.tdb_single_content{margin-bottom:0;*zoom:1}.tdb_single_content:before,.tdb_single_content:after{display:table;content:'';line-height:0}.tdb_single_content:after{clear:both}.tdb_single_content .tdb-block-inner>*:not(.wp-block-quote):not(.alignwide):not(.alignfull.wp-block-cover.has-parallax):not(.td-a-ad) {margin-left:auto;margin-right:auto}.tdb_single_content a{pointer-events:auto}.tdb_single_content .td-spot-id-top_ad .tdc-placeholder-title:before{content:'Najlepsza reklama artyku\u0142u'! wa\u017cne}.tdb_single_content .td-spot-id-inline_ad0 .tdc-placeholder-title:before{content:'Article Inline Ad 1'!important}.tdb_single_content .td-spot-id-inline_ad1 .tdc-placeholder-title:before {content:'Reklama wbudowana w artyku\u0142 2'!important}.tdb_single_content .td-spot-id-inline_ad2 .tdc-placeholder-title:before{content:'Reklama wbudowana w artyku\u0142 3'!important}.tdb_single_content .td-spot-id -bottom_ad .tdc-placeholder-title:before{content:'Article Bottom Ad'!important}.tdb_single_content .id_top_ad,.tdb_single_content .id_bottom_ad{clear:both;margin-bottom:21px;text-align:center}.tdb_single_content . id_top_ad img,.tdb_single_content .id_bottom_ad img{margin-bottom:0}.tdb_single_content .id_top_ad .adsbygoogle,.tdb_single_content .id_bottom_ad .adsbygoogle{position:relative}.tdb_single_content .id_ad_content-horiz- po lewej,.tdb_single_content .id_ad_content-horiz-right ,.tdb_single_content .id_ad_content-horiz-center{margin-bottom:15px}.tdb_single_content .id_ad_content-horiz-left img,.tdb_single_content .id_ad_content-horiz-right img,.tdb_single_content .id_ad_content-horiz -center img{margines-dolny: 0}.tdb_single_content .id_ad_content-horiz-center{text-align:center}.tdb_single_content .id_ad_content-horiz-center img{margin-right:auto;margin-left:auto}.tdb_single_content .id_ad_content-horiz-left{float: lewy;margin-g\u00f3rny:9px;margin-prawy:21px}.tdb_single_content .id_ad_content-horiz-right{float:right;margin-top:6px;margin-left:21px}.tdb_single_content .tdc-a-ad .tdc- placeholder-title{width:300px;height:250px}.tdb_single_content .tdc-a-ad .tdc-placeholder-title:before{position:absolute;top:50%;-webkit-transform:translateY(-50%); transform:translateY(-50%);margines:auto;display:table;width:100%}.tdb_single_content .tdb-block-inner.td-fix-index{word-break:break-word}.tdi_48,.tdi_48 >p,.tdi_48 .tdb-block-inner>p{font-size:16px!important;line-height:1.6!important}.tdi_48 .tdb-block-inner blockquote p{font-style:normal!important}@ media (maks. szeroko\u015b\u0107: 767 pikseli){.tdb_single_content .id_ad_content-horiz-left,.tdb_single_content .id_ad_content-horiz-right,.tdb_single_content .id_ad_content-horiz-center{margin:0 auto 26px auto}}@media (maks. szeroko\u015b\u0107 :767px){.tdb_single_content .id_ad_content-horiz-left{margin-right:0}}@media (max-width:767px){.tdb_single_content .id_ad_content-horiz-right{margin-left:0}}@media (max -width:767px){.tdb_single_content .td-a-ad{float:none;text-align:center}.tdb_single_content .td-a-ad img{margin-right:auto;margin-left:auto}.tdb_single_content . tdc-a-ad{float:none}}<\/style>\n<div class=\"tdb-block-inner td-fix-index\">\n<h2 class=\"wp-block-heading\">Obchody 54. rocznicy Dnia Internetu \u2013 jak powsta\u0142 Internet, zmieni\u0142 \u015bwiat i bezpieczne praktyki dla u\u017cytkownik\u00f3w.<\/h2>\n<p>29 pa\u017adziernika 1969 roku mia\u0142o miejsce monumentalne wydarzenie, kt\u00f3re zapocz\u0105tkowa\u0142o powstanie Internetu. Na UCLA, korzystaj\u0105c z sieci ARPANET, badacze nawi\u0105zali pierwsze po\u0142\u0105czenie internetowe z Uniwersytetem Stanforda. Ten kamie\u0144 milowy umo\u017cliwi\u0142 transmisj\u0119 pierwszej w historii wiadomo\u015bci mi\u0119dzy dwoma komputerami, k\u0142ad\u0105c podwaliny pod \u015bwiat po\u0142\u0105czony w sie\u0107.<\/p>\n<p><strong>\u015awiat mo\u017cliwo\u015bci<\/strong><\/p>\n<p>W ci\u0105gu ostatnich 54 lat Internet sta\u0142 si\u0119 podstawow\u0105 cz\u0119\u015bci\u0105 codziennego \u017cycia. \u0141\u0105czy ludzi na ca\u0142ym \u015bwiecie, umo\u017cliwiaj\u0105c udost\u0119pnianie informacji, zdj\u0119\u0107 i film\u00f3w, a jednocze\u015bnie usprawniaj\u0105c dost\u0119p do us\u0142ug w r\u00f3\u017cnych bran\u017cach.<\/p>\n<p><strong>\u0106wiczenie bezpiecze\u0144stwa cybernetycznego<\/strong><\/p>\n<p>Obchodz\u0105c Dzie\u0144 Internetu, nale\u017cy pami\u0119ta\u0107 o higienie cybernetycznej. U\u017cywaj silnych, unikalnych hase\u0142 do ka\u017cdego konta, w\u0142\u0105czaj uwierzytelnianie dwusk\u0142adnikowe i regularnie aktualizuj swoje urz\u0105dzenia. Unikaj podejrzanych link\u00f3w, korzystaj wy\u0142\u0105cznie z legalnego oprogramowania i tw\u00f3rz kopie zapasowe swoich danych, aby chroni\u0107 swoj\u0105 obecno\u015b\u0107 cyfrow\u0105.<\/p>\n<p>Internet zrewolucjonizowa\u0142 wsp\u00f3\u0142czesne \u017cycie, oferuj\u0105c niesamowite mo\u017cliwo\u015bci. Korzystajmy z niego odpowiedzialnie i b\u0105d\u017amy bezpieczni.<\/p>\n<\/div>\n<\/div>\n","protected":false},"excerpt":{"rendered":"<p>Obchody 54. rocznicy Dnia Internetu \u2013 jak powsta\u0142 Internet, zmieni\u0142 \u015bwiat i bezpieczne praktyki dla u\u017cytkownik\u00f3w. 29 pa\u017adziernika 1969 roku<\/p>\n","protected":false},"author":1,"featured_media":1541,"comment_status":"closed","ping_status":"","sticky":false,"template":"","format":"standard","meta":{"footnotes":""},"categories":[47],"tags":[1078,377,2555,2559,224,2558],"class_list":["post-1540","post","type-post","status-publish","format-standard","has-post-thumbnail","hentry","category-styl-zycia","tag-dzien","tag-globalnej","tag-internetu","tag-lacznosci","tag-lata","tag-obchodzimy","generate-columns","tablet-grid-50","mobile-grid-100","grid-parent","grid-50","resize-featured-image"],"yoast_head":"<!-- This site is optimized with the Yoast SEO plugin v23.2 - https:\/\/yoast.com\/wordpress\/plugins\/seo\/ -->\n<title>Obchodzimy Dzie\u0144 Internetu \u2013 54 lata globalnej \u0142\u0105czno\u015bci - POGOTOWIE FLAGOWE\u00ae<\/title>\n<meta name=\"robots\" content=\"index, follow, max-snippet:-1, max-image-preview:large, max-video-preview:-1\" \/>\n<link rel=\"canonical\" href=\"https:\/\/www.pogotowieflagowe.pl\/aktualne\/obchodzimy-dzien-internetu-54-lata-globalnej-lacznosci\/\" \/>\n<meta property=\"og:locale\" content=\"pl_PL\" \/>\n<meta property=\"og:type\" content=\"article\" \/>\n<meta property=\"og:title\" content=\"Obchodzimy Dzie\u0144 Internetu \u2013 54 lata globalnej \u0142\u0105czno\u015bci - POGOTOWIE FLAGOWE\u00ae\" \/>\n<meta property=\"og:description\" content=\"Obchody 54. rocznicy Dnia Internetu \u2013 jak powsta\u0142 Internet, zmieni\u0142 \u015bwiat i bezpieczne praktyki dla u\u017cytkownik\u00f3w. 29 pa\u017adziernika 1969 roku\" \/>\n<meta property=\"og:url\" content=\"https:\/\/www.pogotowieflagowe.pl\/aktualne\/obchodzimy-dzien-internetu-54-lata-globalnej-lacznosci\/\" \/>\n<meta property=\"og:site_name\" content=\"POGOTOWIE FLAGOWE\u00ae\" \/>\n<meta property=\"article:published_time\" content=\"2024-10-29T14:50:52+00:00\" \/>\n<meta property=\"article:modified_time\" content=\"2024-10-29T14:50:53+00:00\" \/>\n<meta property=\"og:image\" content=\"https:\/\/www.pogotowieflagowe.pl\/aktualne\/wp-content\/uploads\/2024\/10\/Obchodzimy-Dzien-Internetu-\u2013-54-lata-globalnej-lacznosci.jpg\" \/>\n\t<meta property=\"og:image:width\" content=\"1280\" \/>\n\t<meta property=\"og:image:height\" content=\"726\" \/>\n\t<meta property=\"og:image:type\" content=\"image\/jpeg\" \/>\n<meta name=\"author\" content=\"Filip\" \/>\n<meta name=\"twitter:card\" content=\"summary_large_image\" \/>\n<meta name=\"twitter:label1\" content=\"Napisane przez\" \/>\n\t<meta name=\"twitter:data1\" content=\"Filip\" \/>\n\t<meta name=\"twitter:label2\" content=\"Szacowany czas czytania\" \/>\n\t<meta name=\"twitter:data2\" content=\"1 minuta\" \/>\n<script type=\"application\/ld+json\" class=\"yoast-schema-graph\">{\"@context\":\"https:\/\/schema.org\",\"@graph\":[{\"@type\":\"Article\",\"@id\":\"https:\/\/www.pogotowieflagowe.pl\/aktualne\/obchodzimy-dzien-internetu-54-lata-globalnej-lacznosci\/#article\",\"isPartOf\":{\"@id\":\"https:\/\/www.pogotowieflagowe.pl\/aktualne\/obchodzimy-dzien-internetu-54-lata-globalnej-lacznosci\/\"},\"author\":{\"name\":\"Filip\",\"@id\":\"https:\/\/www.pogotowieflagowe.pl\/aktualne\/#\/schema\/person\/9c2fb7d2362ebf6fa088960d7f0d27b0\"},\"headline\":\"Obchodzimy Dzie\u0144 Internetu \u2013 54 lata globalnej \u0142\u0105czno\u015bci\",\"datePublished\":\"2024-10-29T14:50:52+00:00\",\"dateModified\":\"2024-10-29T14:50:53+00:00\",\"mainEntityOfPage\":{\"@id\":\"https:\/\/www.pogotowieflagowe.pl\/aktualne\/obchodzimy-dzien-internetu-54-lata-globalnej-lacznosci\/\"},\"wordCount\":205,\"publisher\":{\"@id\":\"https:\/\/www.pogotowieflagowe.pl\/aktualne\/#organization\"},\"image\":{\"@id\":\"https:\/\/www.pogotowieflagowe.pl\/aktualne\/obchodzimy-dzien-internetu-54-lata-globalnej-lacznosci\/#primaryimage\"},\"thumbnailUrl\":\"https:\/\/www.pogotowieflagowe.pl\/aktualne\/wp-content\/uploads\/2024\/10\/Obchodzimy-Dzien-Internetu-\u2013-54-lata-globalnej-lacznosci.jpg\",\"keywords\":[\"Dzie\u0144\",\"globalnej\",\"Internetu\",\"\u0142\u0105czno\u015bci\",\"lata\",\"Obchodzimy\"],\"articleSection\":[\"Styl \u017cycia\"],\"inLanguage\":\"pl-PL\"},{\"@type\":\"WebPage\",\"@id\":\"https:\/\/www.pogotowieflagowe.pl\/aktualne\/obchodzimy-dzien-internetu-54-lata-globalnej-lacznosci\/\",\"url\":\"https:\/\/www.pogotowieflagowe.pl\/aktualne\/obchodzimy-dzien-internetu-54-lata-globalnej-lacznosci\/\",\"name\":\"Obchodzimy Dzie\u0144 Internetu \u2013 54 lata globalnej \u0142\u0105czno\u015bci - POGOTOWIE FLAGOWE\u00ae\",\"isPartOf\":{\"@id\":\"https:\/\/www.pogotowieflagowe.pl\/aktualne\/#website\"},\"primaryImageOfPage\":{\"@id\":\"https:\/\/www.pogotowieflagowe.pl\/aktualne\/obchodzimy-dzien-internetu-54-lata-globalnej-lacznosci\/#primaryimage\"},\"image\":{\"@id\":\"https:\/\/www.pogotowieflagowe.pl\/aktualne\/obchodzimy-dzien-internetu-54-lata-globalnej-lacznosci\/#primaryimage\"},\"thumbnailUrl\":\"https:\/\/www.pogotowieflagowe.pl\/aktualne\/wp-content\/uploads\/2024\/10\/Obchodzimy-Dzien-Internetu-\u2013-54-lata-globalnej-lacznosci.jpg\",\"datePublished\":\"2024-10-29T14:50:52+00:00\",\"dateModified\":\"2024-10-29T14:50:53+00:00\",\"breadcrumb\":{\"@id\":\"https:\/\/www.pogotowieflagowe.pl\/aktualne\/obchodzimy-dzien-internetu-54-lata-globalnej-lacznosci\/#breadcrumb\"},\"inLanguage\":\"pl-PL\",\"potentialAction\":[{\"@type\":\"ReadAction\",\"target\":[\"https:\/\/www.pogotowieflagowe.pl\/aktualne\/obchodzimy-dzien-internetu-54-lata-globalnej-lacznosci\/\"]}]},{\"@type\":\"ImageObject\",\"inLanguage\":\"pl-PL\",\"@id\":\"https:\/\/www.pogotowieflagowe.pl\/aktualne\/obchodzimy-dzien-internetu-54-lata-globalnej-lacznosci\/#primaryimage\",\"url\":\"https:\/\/www.pogotowieflagowe.pl\/aktualne\/wp-content\/uploads\/2024\/10\/Obchodzimy-Dzien-Internetu-\u2013-54-lata-globalnej-lacznosci.jpg\",\"contentUrl\":\"https:\/\/www.pogotowieflagowe.pl\/aktualne\/wp-content\/uploads\/2024\/10\/Obchodzimy-Dzien-Internetu-\u2013-54-lata-globalnej-lacznosci.jpg\",\"width\":1280,\"height\":726,\"caption\":\"Obchodzimy Dzie\u0144 Internetu \u2013 54 lata globalnej \u0142\u0105czno\u015bci\"},{\"@type\":\"BreadcrumbList\",\"@id\":\"https:\/\/www.pogotowieflagowe.pl\/aktualne\/obchodzimy-dzien-internetu-54-lata-globalnej-lacznosci\/#breadcrumb\",\"itemListElement\":[{\"@type\":\"ListItem\",\"position\":1,\"name\":\"Home\",\"item\":\"https:\/\/www.pogotowieflagowe.pl\/aktualne\/\"},{\"@type\":\"ListItem\",\"position\":2,\"name\":\"Obchodzimy Dzie\u0144 Internetu \u2013 54 lata globalnej \u0142\u0105czno\u015bci\"}]},{\"@type\":\"WebSite\",\"@id\":\"https:\/\/www.pogotowieflagowe.pl\/aktualne\/#website\",\"url\":\"https:\/\/www.pogotowieflagowe.pl\/aktualne\/\",\"name\":\"POGOTOWIE FLAGOWE\u00ae\",\"description\":\"\",\"publisher\":{\"@id\":\"https:\/\/www.pogotowieflagowe.pl\/aktualne\/#organization\"},\"potentialAction\":[{\"@type\":\"SearchAction\",\"target\":{\"@type\":\"EntryPoint\",\"urlTemplate\":\"https:\/\/www.pogotowieflagowe.pl\/aktualne\/?s={search_term_string}\"},\"query-input\":\"required name=search_term_string\"}],\"inLanguage\":\"pl-PL\"},{\"@type\":\"Organization\",\"@id\":\"https:\/\/www.pogotowieflagowe.pl\/aktualne\/#organization\",\"name\":\"POGOTOWIE FLAGOWE\u00ae\",\"url\":\"https:\/\/www.pogotowieflagowe.pl\/aktualne\/\",\"logo\":{\"@type\":\"ImageObject\",\"inLanguage\":\"pl-PL\",\"@id\":\"https:\/\/www.pogotowieflagowe.pl\/aktualne\/#\/schema\/logo\/image\/\",\"url\":\"https:\/\/www.pogotowieflagowe.pl\/aktualne\/wp-content\/uploads\/2024\/08\/cropped-pogotowieflagowe_flaga_projekt_sm.jpg\",\"contentUrl\":\"https:\/\/www.pogotowieflagowe.pl\/aktualne\/wp-content\/uploads\/2024\/08\/cropped-pogotowieflagowe_flaga_projekt_sm.jpg\",\"width\":250,\"height\":143,\"caption\":\"POGOTOWIE FLAGOWE\u00ae\"},\"image\":{\"@id\":\"https:\/\/www.pogotowieflagowe.pl\/aktualne\/#\/schema\/logo\/image\/\"}},{\"@type\":\"Person\",\"@id\":\"https:\/\/www.pogotowieflagowe.pl\/aktualne\/#\/schema\/person\/9c2fb7d2362ebf6fa088960d7f0d27b0\",\"name\":\"Filip\",\"image\":{\"@type\":\"ImageObject\",\"inLanguage\":\"pl-PL\",\"@id\":\"https:\/\/www.pogotowieflagowe.pl\/aktualne\/#\/schema\/person\/image\/\",\"url\":\"https:\/\/www.pogotowieflagowe.pl\/aktualne\/wp-content\/uploads\/2024\/08\/pogotowieflagowe.pl_.jpg\",\"contentUrl\":\"https:\/\/www.pogotowieflagowe.pl\/aktualne\/wp-content\/uploads\/2024\/08\/pogotowieflagowe.pl_.jpg\",\"caption\":\"Filip\"},\"description\":\"Jestem Filip, polski dziennikarz z dyplomem nauk politycznych Uniwersytetu Warszawskiego. Rozpoczynaj\u0105c swoj\u0105 karier\u0119 w r\u00f3\u017cnych lokalnych mediach, zdoby\u0142em solidne do\u015bwiadczenie w zakresie \u015bledztwa i redakcji. Obecnie jako redaktor w Pogotowie flagowe, staram si\u0119 dostarcza\u0107 dog\u0142\u0119bne i istotne analizy na temat najwa\u017cniejszych kwestii aktualno\u015bci, \u0142\u0105cz\u0105c rygor z pasj\u0105 dziennikarsk\u0105.\",\"sameAs\":[\"https:\/\/www.pogotowieflagowe.pl\/\"]}]}<\/script>\n<!-- \/ Yoast SEO plugin. -->","yoast_head_json":{"title":"Obchodzimy Dzie\u0144 Internetu \u2013 54 lata globalnej \u0142\u0105czno\u015bci - POGOTOWIE FLAGOWE\u00ae","robots":{"index":"index","follow":"follow","max-snippet":"max-snippet:-1","max-image-preview":"max-image-preview:large","max-video-preview":"max-video-preview:-1"},"canonical":"https:\/\/www.pogotowieflagowe.pl\/aktualne\/obchodzimy-dzien-internetu-54-lata-globalnej-lacznosci\/","og_locale":"pl_PL","og_type":"article","og_title":"Obchodzimy Dzie\u0144 Internetu \u2013 54 lata globalnej \u0142\u0105czno\u015bci - POGOTOWIE FLAGOWE\u00ae","og_description":"Obchody 54. rocznicy Dnia Internetu \u2013 jak powsta\u0142 Internet, zmieni\u0142 \u015bwiat i bezpieczne praktyki dla u\u017cytkownik\u00f3w. 29 pa\u017adziernika 1969 roku","og_url":"https:\/\/www.pogotowieflagowe.pl\/aktualne\/obchodzimy-dzien-internetu-54-lata-globalnej-lacznosci\/","og_site_name":"POGOTOWIE FLAGOWE\u00ae","article_published_time":"2024-10-29T14:50:52+00:00","article_modified_time":"2024-10-29T14:50:53+00:00","og_image":[{"width":1280,"height":726,"url":"https:\/\/www.pogotowieflagowe.pl\/aktualne\/wp-content\/uploads\/2024\/10\/Obchodzimy-Dzien-Internetu-\u2013-54-lata-globalnej-lacznosci.jpg","type":"image\/jpeg"}],"author":"Filip","twitter_card":"summary_large_image","twitter_misc":{"Napisane przez":"Filip","Szacowany czas czytania":"1 minuta"},"schema":{"@context":"https:\/\/schema.org","@graph":[{"@type":"Article","@id":"https:\/\/www.pogotowieflagowe.pl\/aktualne\/obchodzimy-dzien-internetu-54-lata-globalnej-lacznosci\/#article","isPartOf":{"@id":"https:\/\/www.pogotowieflagowe.pl\/aktualne\/obchodzimy-dzien-internetu-54-lata-globalnej-lacznosci\/"},"author":{"name":"Filip","@id":"https:\/\/www.pogotowieflagowe.pl\/aktualne\/#\/schema\/person\/9c2fb7d2362ebf6fa088960d7f0d27b0"},"headline":"Obchodzimy Dzie\u0144 Internetu \u2013 54 lata globalnej \u0142\u0105czno\u015bci","datePublished":"2024-10-29T14:50:52+00:00","dateModified":"2024-10-29T14:50:53+00:00","mainEntityOfPage":{"@id":"https:\/\/www.pogotowieflagowe.pl\/aktualne\/obchodzimy-dzien-internetu-54-lata-globalnej-lacznosci\/"},"wordCount":205,"publisher":{"@id":"https:\/\/www.pogotowieflagowe.pl\/aktualne\/#organization"},"image":{"@id":"https:\/\/www.pogotowieflagowe.pl\/aktualne\/obchodzimy-dzien-internetu-54-lata-globalnej-lacznosci\/#primaryimage"},"thumbnailUrl":"https:\/\/www.pogotowieflagowe.pl\/aktualne\/wp-content\/uploads\/2024\/10\/Obchodzimy-Dzien-Internetu-\u2013-54-lata-globalnej-lacznosci.jpg","keywords":["Dzie\u0144","globalnej","Internetu","\u0142\u0105czno\u015bci","lata","Obchodzimy"],"articleSection":["Styl \u017cycia"],"inLanguage":"pl-PL"},{"@type":"WebPage","@id":"https:\/\/www.pogotowieflagowe.pl\/aktualne\/obchodzimy-dzien-internetu-54-lata-globalnej-lacznosci\/","url":"https:\/\/www.pogotowieflagowe.pl\/aktualne\/obchodzimy-dzien-internetu-54-lata-globalnej-lacznosci\/","name":"Obchodzimy Dzie\u0144 Internetu \u2013 54 lata globalnej \u0142\u0105czno\u015bci - POGOTOWIE FLAGOWE\u00ae","isPartOf":{"@id":"https:\/\/www.pogotowieflagowe.pl\/aktualne\/#website"},"primaryImageOfPage":{"@id":"https:\/\/www.pogotowieflagowe.pl\/aktualne\/obchodzimy-dzien-internetu-54-lata-globalnej-lacznosci\/#primaryimage"},"image":{"@id":"https:\/\/www.pogotowieflagowe.pl\/aktualne\/obchodzimy-dzien-internetu-54-lata-globalnej-lacznosci\/#primaryimage"},"thumbnailUrl":"https:\/\/www.pogotowieflagowe.pl\/aktualne\/wp-content\/uploads\/2024\/10\/Obchodzimy-Dzien-Internetu-\u2013-54-lata-globalnej-lacznosci.jpg","datePublished":"2024-10-29T14:50:52+00:00","dateModified":"2024-10-29T14:50:53+00:00","breadcrumb":{"@id":"https:\/\/www.pogotowieflagowe.pl\/aktualne\/obchodzimy-dzien-internetu-54-lata-globalnej-lacznosci\/#breadcrumb"},"inLanguage":"pl-PL","potentialAction":[{"@type":"ReadAction","target":["https:\/\/www.pogotowieflagowe.pl\/aktualne\/obchodzimy-dzien-internetu-54-lata-globalnej-lacznosci\/"]}]},{"@type":"ImageObject","inLanguage":"pl-PL","@id":"https:\/\/www.pogotowieflagowe.pl\/aktualne\/obchodzimy-dzien-internetu-54-lata-globalnej-lacznosci\/#primaryimage","url":"https:\/\/www.pogotowieflagowe.pl\/aktualne\/wp-content\/uploads\/2024\/10\/Obchodzimy-Dzien-Internetu-\u2013-54-lata-globalnej-lacznosci.jpg","contentUrl":"https:\/\/www.pogotowieflagowe.pl\/aktualne\/wp-content\/uploads\/2024\/10\/Obchodzimy-Dzien-Internetu-\u2013-54-lata-globalnej-lacznosci.jpg","width":1280,"height":726,"caption":"Obchodzimy Dzie\u0144 Internetu \u2013 54 lata globalnej \u0142\u0105czno\u015bci"},{"@type":"BreadcrumbList","@id":"https:\/\/www.pogotowieflagowe.pl\/aktualne\/obchodzimy-dzien-internetu-54-lata-globalnej-lacznosci\/#breadcrumb","itemListElement":[{"@type":"ListItem","position":1,"name":"Home","item":"https:\/\/www.pogotowieflagowe.pl\/aktualne\/"},{"@type":"ListItem","position":2,"name":"Obchodzimy Dzie\u0144 Internetu \u2013 54 lata globalnej \u0142\u0105czno\u015bci"}]},{"@type":"WebSite","@id":"https:\/\/www.pogotowieflagowe.pl\/aktualne\/#website","url":"https:\/\/www.pogotowieflagowe.pl\/aktualne\/","name":"POGOTOWIE FLAGOWE\u00ae","description":"","publisher":{"@id":"https:\/\/www.pogotowieflagowe.pl\/aktualne\/#organization"},"potentialAction":[{"@type":"SearchAction","target":{"@type":"EntryPoint","urlTemplate":"https:\/\/www.pogotowieflagowe.pl\/aktualne\/?s={search_term_string}"},"query-input":"required name=search_term_string"}],"inLanguage":"pl-PL"},{"@type":"Organization","@id":"https:\/\/www.pogotowieflagowe.pl\/aktualne\/#organization","name":"POGOTOWIE FLAGOWE\u00ae","url":"https:\/\/www.pogotowieflagowe.pl\/aktualne\/","logo":{"@type":"ImageObject","inLanguage":"pl-PL","@id":"https:\/\/www.pogotowieflagowe.pl\/aktualne\/#\/schema\/logo\/image\/","url":"https:\/\/www.pogotowieflagowe.pl\/aktualne\/wp-content\/uploads\/2024\/08\/cropped-pogotowieflagowe_flaga_projekt_sm.jpg","contentUrl":"https:\/\/www.pogotowieflagowe.pl\/aktualne\/wp-content\/uploads\/2024\/08\/cropped-pogotowieflagowe_flaga_projekt_sm.jpg","width":250,"height":143,"caption":"POGOTOWIE FLAGOWE\u00ae"},"image":{"@id":"https:\/\/www.pogotowieflagowe.pl\/aktualne\/#\/schema\/logo\/image\/"}},{"@type":"Person","@id":"https:\/\/www.pogotowieflagowe.pl\/aktualne\/#\/schema\/person\/9c2fb7d2362ebf6fa088960d7f0d27b0","name":"Filip","image":{"@type":"ImageObject","inLanguage":"pl-PL","@id":"https:\/\/www.pogotowieflagowe.pl\/aktualne\/#\/schema\/person\/image\/","url":"https:\/\/www.pogotowieflagowe.pl\/aktualne\/wp-content\/uploads\/2024\/08\/pogotowieflagowe.pl_.jpg","contentUrl":"https:\/\/www.pogotowieflagowe.pl\/aktualne\/wp-content\/uploads\/2024\/08\/pogotowieflagowe.pl_.jpg","caption":"Filip"},"description":"Jestem Filip, polski dziennikarz z dyplomem nauk politycznych Uniwersytetu Warszawskiego. Rozpoczynaj\u0105c swoj\u0105 karier\u0119 w r\u00f3\u017cnych lokalnych mediach, zdoby\u0142em solidne do\u015bwiadczenie w zakresie \u015bledztwa i redakcji. Obecnie jako redaktor w Pogotowie flagowe, staram si\u0119 dostarcza\u0107 dog\u0142\u0119bne i istotne analizy na temat najwa\u017cniejszych kwestii aktualno\u015bci, \u0142\u0105cz\u0105c rygor z pasj\u0105 dziennikarsk\u0105.","sameAs":["https:\/\/www.pogotowieflagowe.pl\/"]}]}},"_links":{"self":[{"href":"https:\/\/www.pogotowieflagowe.pl\/aktualne\/wp-json\/wp\/v2\/posts\/1540","targetHints":{"allow":["GET"]}}],"collection":[{"href":"https:\/\/www.pogotowieflagowe.pl\/aktualne\/wp-json\/wp\/v2\/posts"}],"about":[{"href":"https:\/\/www.pogotowieflagowe.pl\/aktualne\/wp-json\/wp\/v2\/types\/post"}],"author":[{"embeddable":true,"href":"https:\/\/www.pogotowieflagowe.pl\/aktualne\/wp-json\/wp\/v2\/users\/1"}],"replies":[{"embeddable":true,"href":"https:\/\/www.pogotowieflagowe.pl\/aktualne\/wp-json\/wp\/v2\/comments?post=1540"}],"version-history":[{"count":1,"href":"https:\/\/www.pogotowieflagowe.pl\/aktualne\/wp-json\/wp\/v2\/posts\/1540\/revisions"}],"predecessor-version":[{"id":1542,"href":"https:\/\/www.pogotowieflagowe.pl\/aktualne\/wp-json\/wp\/v2\/posts\/1540\/revisions\/1542"}],"wp:featuredmedia":[{"embeddable":true,"href":"https:\/\/www.pogotowieflagowe.pl\/aktualne\/wp-json\/wp\/v2\/media\/1541"}],"wp:attachment":[{"href":"https:\/\/www.pogotowieflagowe.pl\/aktualne\/wp-json\/wp\/v2\/media?parent=1540"}],"wp:term":[{"taxonomy":"category","embeddable":true,"href":"https:\/\/www.pogotowieflagowe.pl\/aktualne\/wp-json\/wp\/v2\/categories?post=1540"},{"taxonomy":"post_tag","embeddable":true,"href":"https:\/\/www.pogotowieflagowe.pl\/aktualne\/wp-json\/wp\/v2\/tags?post=1540"}],"curies":[{"name":"wp","href":"https:\/\/api.w.org\/{rel}","templated":true}]}}