{"id":1553,"date":"2024-10-30T23:47:55","date_gmt":"2024-10-30T22:47:55","guid":{"rendered":"https:\/\/www.pogotowieflagowe.pl\/aktualne\/niedzielne-zakupy-bitwa-na-polityke-biznes-i-zamieszanie-konsumenckie\/"},"modified":"2024-10-30T23:47:58","modified_gmt":"2024-10-30T22:47:58","slug":"niedzielne-zakupy-bitwa-na-polityke-biznes-i-zamieszanie-konsumenckie","status":"publish","type":"post","link":"https:\/\/www.pogotowieflagowe.pl\/aktualne\/niedzielne-zakupy-bitwa-na-polityke-biznes-i-zamieszanie-konsumenckie\/","title":{"rendered":"Niedzielne zakupy: bitwa na polityk\u0119, biznes i zamieszanie konsumenckie"},"content":{"rendered":"\n<div class=\"td_block_wrap tdb_single_content tdi_48 td-pb-border-top td_block_template_8 td-post-content tagdiv-type\" data-td-block-uid=\"tdi_48\">\n<style>.tdi_48{margines-g\u00f3rny:0px!important;margin-bottom:0px!important;dope\u0142nienie-g\u00f3ra:0px!important;dope\u0142nienie-d\u00f3\u0142:0px!important}<\/style>\n<style>.tdb_single_content{margin-bottom:0;*zoom:1}.tdb_single_content:before,.tdb_single_content:after{display:table;content:'';line-height:0}.tdb_single_content:after{clear:both}.tdb_single_content .tdb-block-inner>*:not(.wp-block-quote):not(.alignwide):not(.alignfull.wp-block-cover.has-parallax):not(.td-a-ad) {margin-left:auto;margin-right:auto}.tdb_single_content a{pointer-events:auto}.tdb_single_content .td-spot-id-top_ad .tdc-placeholder-title:before{content:'Najlepsza reklama artyku\u0142u'! wa\u017cne}.tdb_single_content .td-spot-id-inline_ad0 .tdc-placeholder-title:before{content:'Article Inline Ad 1'!important}.tdb_single_content .td-spot-id-inline_ad1 .tdc-placeholder-title:before {content:'Reklama wbudowana w artyku\u0142 2'!important}.tdb_single_content .td-spot-id-inline_ad2 .tdc-placeholder-title:before{content:'Reklama wbudowana w artyku\u0142 3'!important}.tdb_single_content .td-spot-id -bottom_ad .tdc-placeholder-title:before{content:'Article Bottom Ad'!important}.tdb_single_content .id_top_ad,.tdb_single_content .id_bottom_ad{clear:both;margin-bottom:21px;text-align:center}.tdb_single_content . id_top_ad img,.tdb_single_content .id_bottom_ad img{margin-bottom:0}.tdb_single_content .id_top_ad .adsbygoogle,.tdb_single_content .id_bottom_ad .adsbygoogle{position:relative}.tdb_single_content .id_ad_content-horiz- po lewej,.tdb_single_content .id_ad_content-horiz-right ,.tdb_single_content .id_ad_content-horiz-center{margin-bottom:15px}.tdb_single_content .id_ad_content-horiz-left img,.tdb_single_content .id_ad_content-horiz-right img,.tdb_single_content .id_ad_content-horiz -center img{margines-dolny: 0}.tdb_single_content .id_ad_content-horiz-center{text-align:center}.tdb_single_content .id_ad_content-horiz-center img{margin-right:auto;margin-left:auto}.tdb_single_content .id_ad_content-horiz-left{float: lewy;margin-g\u00f3rny:9px;margin-prawy:21px}.tdb_single_content .id_ad_content-horiz-right{float:right;margin-top:6px;margin-left:21px}.tdb_single_content .tdc-a-ad .tdc- placeholder-title{width:300px;height:250px}.tdb_single_content .tdc-a-ad .tdc-placeholder-title:before{position:absolute;top:50%;-webkit-transform:translateY(-50%); transform:translateY(-50%);margines:auto;display:table;width:100%}.tdb_single_content .tdb-block-inner.td-fix-index{word-break:break-word}.tdi_48,.tdi_48 >p,.tdi_48 .tdb-block-inner>p{font-size:16px!important;line-height:1.6!important}.tdi_48 .tdb-block-inner blockquote p{font-style:normal!important}@ media (maks. szeroko\u015b\u0107: 767 pikseli){.tdb_single_content .id_ad_content-horiz-left,.tdb_single_content .id_ad_content-horiz-right,.tdb_single_content .id_ad_content-horiz-center{margin:0 auto 26px auto}}@media (maks. szeroko\u015b\u0107 :767px){.tdb_single_content .id_ad_content-horiz-left{margin-right:0}}@media (max-width:767px){.tdb_single_content .id_ad_content-horiz-right{margin-left:0}}@media (max -width:767px){.tdb_single_content .td-a-ad{float:none;text-align:center}.tdb_single_content .td-a-ad img{margin-right:auto;margin-left:auto}.tdb_single_content . tdc-a-ad{float:none}}<\/style>\n<div class=\"tdb-block-inner td-fix-index\">\n<p>Podczas gdy Polska zmaga si\u0119 z przepisami dotycz\u0105cymi zakup\u00f3w w niedziele, w salach Sejmu toczy si\u0119 nowa debata. Pomimo niech\u0119ci przedsi\u0119biorc\u00f3w i ograniczonego popytu spo\u0142ecznego niewielka frakcja polityk\u00f3w i g\u0142\u00f3wnych w\u0142a\u015bcicieli centr\u00f3w handlowych w dalszym ci\u0105gu naciska na liberalizacj\u0119 ogranicze\u0144 handlu w niedziele. \u201ePuls Biznesu\u201d relacjonowa\u0142 t\u0119 kontrowersyjn\u0105 kwesti\u0119, podkre\u015blaj\u0105c, \u017ce propozycja legislacyjna zezwalaj\u0105ca na dwie niedziele handlowe w miesi\u0105cu pozostaje zamro\u017cona w parlamentarnym zawieszeniu, utkn\u0119\u0142a w martwym punkcie z powodu przeszk\u00f3d proceduralnych i s\u0142abego wsparcia politycznego.<\/p>\n<p>Propozycja, kt\u00f3rej zwolennikiem jest Ryszard Petru i jego partia Polska 2050, by\u0142a kluczow\u0105 obietnic\u0105 wyborcz\u0105. Jednak od czasu jego wprowadzenia w marcu pozostaje on bez formalnych dyskusji w niezb\u0119dnych komisjach. Pr\u00f3by Petru poruszenia tej kwestii we wtorek spotka\u0142y si\u0119 z biurokratycznym oporem, poniewa\u017c przewodnicz\u0105ca Komisji Polityki Spo\u0142ecznej Katarzyna Ueberhan z Lewicy nie wyznaczy\u0142a jeszcze tematu debaty. \u201eMam nadziej\u0119 przekona\u0107 Komisj\u0119 Polityki Spo\u0142ecznej do pracy nad t\u0105 ustaw\u0105, a je\u015bli to si\u0119 nie powiedzie, b\u0119d\u0119 szuka\u0107 innego rozwi\u0105zania\u201d \u2013 powiedzia\u0142 Petru \u201ePB\u201d.<\/p>\n<p>Ale pomys\u0142 ten jest daleki od powszechnego przyj\u0119cia. Zdecydowanie sprzeciwiaj\u0105 si\u0119 tej inicjatywie Lewica i Razem, natomiast Koalicja Obywatelska wykazuje jedynie cz\u0119\u015bciowe poparcie. Interesy biznesowe r\u00f3wnie\u017c s\u0105 podzielone. Za propozycj\u0105 opowiada si\u0119 Zwi\u0105zek Przedsi\u0119biorc\u00f3w i Pracodawc\u00f3w RP, jednak\u017ce Polska Organizacja Handlu i Dystrybucji, reprezentuj\u0105ca du\u017cych mi\u0119dzynarodowych detalist\u00f3w, pozostaje ostro\u017cna.<\/p>\n<p>Najsilniejszy sprzeciw wyrazi\u0142 W\u0142odzimierz Wla\u017alak, szef polskiej sieci Lidl, kt\u00f3ry przestrzeg\u0142, \u017ce dwie otwarte niedziele w miesi\u0105cu stworz\u0105 logistyczny koszmar. \u201eKonsumenci ca\u0142kowicie nie b\u0119d\u0105 wiedzie\u0107, kiedy sklepy s\u0105 otwarte, a kiedy nie\u201d \u2013 argumentowa\u0142, dodaj\u0105c, \u017ce to zamieszanie mo\u017ce prowadzi\u0107 do znacznych marnotrawstw, szczeg\u00f3lnie w przypadku towar\u00f3w \u015bwie\u017cych. \u201eBiznes nie potrzebuje p\u00f3\u0142\u015brodk\u00f3w, ale stabilno\u015bci i przewidywalno\u015bci prawa\u201d \u2013 stwierdzi\u0142.<\/p>\n<p>Jednak w mrocznym \u015bwiecie zaplecza legislacyjnego najwi\u0119kszy entuzjazm dla zniesienia zakazu wyra\u017caj\u0105 w\u0142a\u015bciciele centr\u00f3w handlowych, kt\u00f3rzy chc\u0105 otworzy\u0107 swoje drzwi i wykorzysta\u0107 niedzielny ruch pieszy. Jednak gdy oni i garstka prawodawc\u00f3w nalegaj\u0105 na zmiany, wi\u0119kszo\u015b\u0107 polityk\u00f3w i lider\u00f3w biznesu waha si\u0119, obawiaj\u0105c si\u0119 wywo\u0142ania nowej fali nieprzewidywalno\u015bci zar\u00f3wno w\u015br\u00f3d konsument\u00f3w, jak i sprzedawc\u00f3w detalicznych.<\/p>\n<\/div>\n<\/div>\n","protected":false},"excerpt":{"rendered":"<p>Podczas gdy Polska zmaga si\u0119 z przepisami dotycz\u0105cymi zakup\u00f3w w niedziele, w salach Sejmu toczy si\u0119 nowa debata. Pomimo niech\u0119ci<\/p>\n","protected":false},"author":1,"featured_media":1554,"comment_status":"closed","ping_status":"","sticky":false,"template":"","format":"standard","meta":{"footnotes":""},"categories":[45],"tags":[2575,1856,2577,2573,610,2574,2576],"class_list":["post-1553","post","type-post","status-publish","format-standard","has-post-thumbnail","hentry","category-biznes","tag-bitwa","tag-biznes","tag-konsumenckie","tag-niedzielne","tag-polityke","tag-zakupy","tag-zamieszanie","generate-columns","tablet-grid-50","mobile-grid-100","grid-parent","grid-50","resize-featured-image"],"yoast_head":"<!-- This site is optimized with the Yoast SEO plugin v23.2 - https:\/\/yoast.com\/wordpress\/plugins\/seo\/ -->\n<title>Niedzielne zakupy: bitwa na polityk\u0119, biznes i zamieszanie konsumenckie - POGOTOWIE FLAGOWE\u00ae<\/title>\n<meta name=\"robots\" content=\"index, follow, max-snippet:-1, max-image-preview:large, max-video-preview:-1\" \/>\n<link rel=\"canonical\" href=\"https:\/\/www.pogotowieflagowe.pl\/aktualne\/niedzielne-zakupy-bitwa-na-polityke-biznes-i-zamieszanie-konsumenckie\/\" \/>\n<meta property=\"og:locale\" content=\"pl_PL\" \/>\n<meta property=\"og:type\" content=\"article\" \/>\n<meta property=\"og:title\" content=\"Niedzielne zakupy: bitwa na polityk\u0119, biznes i zamieszanie konsumenckie - POGOTOWIE FLAGOWE\u00ae\" \/>\n<meta property=\"og:description\" content=\"Podczas gdy Polska zmaga si\u0119 z przepisami dotycz\u0105cymi zakup\u00f3w w niedziele, w salach Sejmu toczy si\u0119 nowa debata. Pomimo niech\u0119ci\" \/>\n<meta property=\"og:url\" content=\"https:\/\/www.pogotowieflagowe.pl\/aktualne\/niedzielne-zakupy-bitwa-na-polityke-biznes-i-zamieszanie-konsumenckie\/\" \/>\n<meta property=\"og:site_name\" content=\"POGOTOWIE FLAGOWE\u00ae\" \/>\n<meta property=\"article:published_time\" content=\"2024-10-30T22:47:55+00:00\" \/>\n<meta property=\"article:modified_time\" content=\"2024-10-30T22:47:58+00:00\" \/>\n<meta property=\"og:image\" content=\"https:\/\/www.pogotowieflagowe.pl\/aktualne\/wp-content\/uploads\/2024\/10\/Niedzielne-zakupy-bitwa-na-polityke-biznes-i-zamieszanie-konsumenckie.jpg\" \/>\n\t<meta property=\"og:image:width\" content=\"1920\" \/>\n\t<meta property=\"og:image:height\" content=\"1440\" \/>\n\t<meta property=\"og:image:type\" content=\"image\/jpeg\" \/>\n<meta name=\"author\" content=\"Filip\" \/>\n<meta name=\"twitter:card\" content=\"summary_large_image\" \/>\n<meta name=\"twitter:label1\" content=\"Napisane przez\" \/>\n\t<meta name=\"twitter:data1\" content=\"Filip\" \/>\n\t<meta name=\"twitter:label2\" content=\"Szacowany czas czytania\" \/>\n\t<meta name=\"twitter:data2\" content=\"2 minuty\" \/>\n<script type=\"application\/ld+json\" class=\"yoast-schema-graph\">{\"@context\":\"https:\/\/schema.org\",\"@graph\":[{\"@type\":\"Article\",\"@id\":\"https:\/\/www.pogotowieflagowe.pl\/aktualne\/niedzielne-zakupy-bitwa-na-polityke-biznes-i-zamieszanie-konsumenckie\/#article\",\"isPartOf\":{\"@id\":\"https:\/\/www.pogotowieflagowe.pl\/aktualne\/niedzielne-zakupy-bitwa-na-polityke-biznes-i-zamieszanie-konsumenckie\/\"},\"author\":{\"name\":\"Filip\",\"@id\":\"https:\/\/www.pogotowieflagowe.pl\/aktualne\/#\/schema\/person\/9c2fb7d2362ebf6fa088960d7f0d27b0\"},\"headline\":\"Niedzielne zakupy: bitwa na polityk\u0119, biznes i zamieszanie konsumenckie\",\"datePublished\":\"2024-10-30T22:47:55+00:00\",\"dateModified\":\"2024-10-30T22:47:58+00:00\",\"mainEntityOfPage\":{\"@id\":\"https:\/\/www.pogotowieflagowe.pl\/aktualne\/niedzielne-zakupy-bitwa-na-polityke-biznes-i-zamieszanie-konsumenckie\/\"},\"wordCount\":403,\"publisher\":{\"@id\":\"https:\/\/www.pogotowieflagowe.pl\/aktualne\/#organization\"},\"image\":{\"@id\":\"https:\/\/www.pogotowieflagowe.pl\/aktualne\/niedzielne-zakupy-bitwa-na-polityke-biznes-i-zamieszanie-konsumenckie\/#primaryimage\"},\"thumbnailUrl\":\"https:\/\/www.pogotowieflagowe.pl\/aktualne\/wp-content\/uploads\/2024\/10\/Niedzielne-zakupy-bitwa-na-polityke-biznes-i-zamieszanie-konsumenckie.jpg\",\"keywords\":[\"bitwa\",\"Biznes\",\"konsumenckie\",\"Niedzielne\",\"polityk\u0119\",\"zakupy\",\"zamieszanie\"],\"articleSection\":[\"Biznes\"],\"inLanguage\":\"pl-PL\"},{\"@type\":\"WebPage\",\"@id\":\"https:\/\/www.pogotowieflagowe.pl\/aktualne\/niedzielne-zakupy-bitwa-na-polityke-biznes-i-zamieszanie-konsumenckie\/\",\"url\":\"https:\/\/www.pogotowieflagowe.pl\/aktualne\/niedzielne-zakupy-bitwa-na-polityke-biznes-i-zamieszanie-konsumenckie\/\",\"name\":\"Niedzielne zakupy: bitwa na polityk\u0119, biznes i zamieszanie konsumenckie - POGOTOWIE FLAGOWE\u00ae\",\"isPartOf\":{\"@id\":\"https:\/\/www.pogotowieflagowe.pl\/aktualne\/#website\"},\"primaryImageOfPage\":{\"@id\":\"https:\/\/www.pogotowieflagowe.pl\/aktualne\/niedzielne-zakupy-bitwa-na-polityke-biznes-i-zamieszanie-konsumenckie\/#primaryimage\"},\"image\":{\"@id\":\"https:\/\/www.pogotowieflagowe.pl\/aktualne\/niedzielne-zakupy-bitwa-na-polityke-biznes-i-zamieszanie-konsumenckie\/#primaryimage\"},\"thumbnailUrl\":\"https:\/\/www.pogotowieflagowe.pl\/aktualne\/wp-content\/uploads\/2024\/10\/Niedzielne-zakupy-bitwa-na-polityke-biznes-i-zamieszanie-konsumenckie.jpg\",\"datePublished\":\"2024-10-30T22:47:55+00:00\",\"dateModified\":\"2024-10-30T22:47:58+00:00\",\"breadcrumb\":{\"@id\":\"https:\/\/www.pogotowieflagowe.pl\/aktualne\/niedzielne-zakupy-bitwa-na-polityke-biznes-i-zamieszanie-konsumenckie\/#breadcrumb\"},\"inLanguage\":\"pl-PL\",\"potentialAction\":[{\"@type\":\"ReadAction\",\"target\":[\"https:\/\/www.pogotowieflagowe.pl\/aktualne\/niedzielne-zakupy-bitwa-na-polityke-biznes-i-zamieszanie-konsumenckie\/\"]}]},{\"@type\":\"ImageObject\",\"inLanguage\":\"pl-PL\",\"@id\":\"https:\/\/www.pogotowieflagowe.pl\/aktualne\/niedzielne-zakupy-bitwa-na-polityke-biznes-i-zamieszanie-konsumenckie\/#primaryimage\",\"url\":\"https:\/\/www.pogotowieflagowe.pl\/aktualne\/wp-content\/uploads\/2024\/10\/Niedzielne-zakupy-bitwa-na-polityke-biznes-i-zamieszanie-konsumenckie.jpg\",\"contentUrl\":\"https:\/\/www.pogotowieflagowe.pl\/aktualne\/wp-content\/uploads\/2024\/10\/Niedzielne-zakupy-bitwa-na-polityke-biznes-i-zamieszanie-konsumenckie.jpg\",\"width\":1920,\"height\":1440,\"caption\":\"Niedzielne zakupy: bitwa na polityk\u0119, biznes i zamieszanie konsumenckie\"},{\"@type\":\"BreadcrumbList\",\"@id\":\"https:\/\/www.pogotowieflagowe.pl\/aktualne\/niedzielne-zakupy-bitwa-na-polityke-biznes-i-zamieszanie-konsumenckie\/#breadcrumb\",\"itemListElement\":[{\"@type\":\"ListItem\",\"position\":1,\"name\":\"Home\",\"item\":\"https:\/\/www.pogotowieflagowe.pl\/aktualne\/\"},{\"@type\":\"ListItem\",\"position\":2,\"name\":\"Niedzielne zakupy: bitwa na polityk\u0119, biznes i zamieszanie konsumenckie\"}]},{\"@type\":\"WebSite\",\"@id\":\"https:\/\/www.pogotowieflagowe.pl\/aktualne\/#website\",\"url\":\"https:\/\/www.pogotowieflagowe.pl\/aktualne\/\",\"name\":\"POGOTOWIE FLAGOWE\u00ae\",\"description\":\"\",\"publisher\":{\"@id\":\"https:\/\/www.pogotowieflagowe.pl\/aktualne\/#organization\"},\"potentialAction\":[{\"@type\":\"SearchAction\",\"target\":{\"@type\":\"EntryPoint\",\"urlTemplate\":\"https:\/\/www.pogotowieflagowe.pl\/aktualne\/?s={search_term_string}\"},\"query-input\":\"required name=search_term_string\"}],\"inLanguage\":\"pl-PL\"},{\"@type\":\"Organization\",\"@id\":\"https:\/\/www.pogotowieflagowe.pl\/aktualne\/#organization\",\"name\":\"POGOTOWIE FLAGOWE\u00ae\",\"url\":\"https:\/\/www.pogotowieflagowe.pl\/aktualne\/\",\"logo\":{\"@type\":\"ImageObject\",\"inLanguage\":\"pl-PL\",\"@id\":\"https:\/\/www.pogotowieflagowe.pl\/aktualne\/#\/schema\/logo\/image\/\",\"url\":\"https:\/\/www.pogotowieflagowe.pl\/aktualne\/wp-content\/uploads\/2024\/08\/cropped-pogotowieflagowe_flaga_projekt_sm.jpg\",\"contentUrl\":\"https:\/\/www.pogotowieflagowe.pl\/aktualne\/wp-content\/uploads\/2024\/08\/cropped-pogotowieflagowe_flaga_projekt_sm.jpg\",\"width\":250,\"height\":143,\"caption\":\"POGOTOWIE FLAGOWE\u00ae\"},\"image\":{\"@id\":\"https:\/\/www.pogotowieflagowe.pl\/aktualne\/#\/schema\/logo\/image\/\"}},{\"@type\":\"Person\",\"@id\":\"https:\/\/www.pogotowieflagowe.pl\/aktualne\/#\/schema\/person\/9c2fb7d2362ebf6fa088960d7f0d27b0\",\"name\":\"Filip\",\"image\":{\"@type\":\"ImageObject\",\"inLanguage\":\"pl-PL\",\"@id\":\"https:\/\/www.pogotowieflagowe.pl\/aktualne\/#\/schema\/person\/image\/\",\"url\":\"https:\/\/www.pogotowieflagowe.pl\/aktualne\/wp-content\/uploads\/2024\/08\/pogotowieflagowe.pl_.jpg\",\"contentUrl\":\"https:\/\/www.pogotowieflagowe.pl\/aktualne\/wp-content\/uploads\/2024\/08\/pogotowieflagowe.pl_.jpg\",\"caption\":\"Filip\"},\"description\":\"Jestem Filip, polski dziennikarz z dyplomem nauk politycznych Uniwersytetu Warszawskiego. Rozpoczynaj\u0105c swoj\u0105 karier\u0119 w r\u00f3\u017cnych lokalnych mediach, zdoby\u0142em solidne do\u015bwiadczenie w zakresie \u015bledztwa i redakcji. Obecnie jako redaktor w Pogotowie flagowe, staram si\u0119 dostarcza\u0107 dog\u0142\u0119bne i istotne analizy na temat najwa\u017cniejszych kwestii aktualno\u015bci, \u0142\u0105cz\u0105c rygor z pasj\u0105 dziennikarsk\u0105.\",\"sameAs\":[\"https:\/\/www.pogotowieflagowe.pl\/\"]}]}<\/script>\n<!-- \/ Yoast SEO plugin. -->","yoast_head_json":{"title":"Niedzielne zakupy: bitwa na polityk\u0119, biznes i zamieszanie konsumenckie - POGOTOWIE FLAGOWE\u00ae","robots":{"index":"index","follow":"follow","max-snippet":"max-snippet:-1","max-image-preview":"max-image-preview:large","max-video-preview":"max-video-preview:-1"},"canonical":"https:\/\/www.pogotowieflagowe.pl\/aktualne\/niedzielne-zakupy-bitwa-na-polityke-biznes-i-zamieszanie-konsumenckie\/","og_locale":"pl_PL","og_type":"article","og_title":"Niedzielne zakupy: bitwa na polityk\u0119, biznes i zamieszanie konsumenckie - POGOTOWIE FLAGOWE\u00ae","og_description":"Podczas gdy Polska zmaga si\u0119 z przepisami dotycz\u0105cymi zakup\u00f3w w niedziele, w salach Sejmu toczy si\u0119 nowa debata. Pomimo niech\u0119ci","og_url":"https:\/\/www.pogotowieflagowe.pl\/aktualne\/niedzielne-zakupy-bitwa-na-polityke-biznes-i-zamieszanie-konsumenckie\/","og_site_name":"POGOTOWIE FLAGOWE\u00ae","article_published_time":"2024-10-30T22:47:55+00:00","article_modified_time":"2024-10-30T22:47:58+00:00","og_image":[{"width":1920,"height":1440,"url":"https:\/\/www.pogotowieflagowe.pl\/aktualne\/wp-content\/uploads\/2024\/10\/Niedzielne-zakupy-bitwa-na-polityke-biznes-i-zamieszanie-konsumenckie.jpg","type":"image\/jpeg"}],"author":"Filip","twitter_card":"summary_large_image","twitter_misc":{"Napisane przez":"Filip","Szacowany czas czytania":"2 minuty"},"schema":{"@context":"https:\/\/schema.org","@graph":[{"@type":"Article","@id":"https:\/\/www.pogotowieflagowe.pl\/aktualne\/niedzielne-zakupy-bitwa-na-polityke-biznes-i-zamieszanie-konsumenckie\/#article","isPartOf":{"@id":"https:\/\/www.pogotowieflagowe.pl\/aktualne\/niedzielne-zakupy-bitwa-na-polityke-biznes-i-zamieszanie-konsumenckie\/"},"author":{"name":"Filip","@id":"https:\/\/www.pogotowieflagowe.pl\/aktualne\/#\/schema\/person\/9c2fb7d2362ebf6fa088960d7f0d27b0"},"headline":"Niedzielne zakupy: bitwa na polityk\u0119, biznes i zamieszanie konsumenckie","datePublished":"2024-10-30T22:47:55+00:00","dateModified":"2024-10-30T22:47:58+00:00","mainEntityOfPage":{"@id":"https:\/\/www.pogotowieflagowe.pl\/aktualne\/niedzielne-zakupy-bitwa-na-polityke-biznes-i-zamieszanie-konsumenckie\/"},"wordCount":403,"publisher":{"@id":"https:\/\/www.pogotowieflagowe.pl\/aktualne\/#organization"},"image":{"@id":"https:\/\/www.pogotowieflagowe.pl\/aktualne\/niedzielne-zakupy-bitwa-na-polityke-biznes-i-zamieszanie-konsumenckie\/#primaryimage"},"thumbnailUrl":"https:\/\/www.pogotowieflagowe.pl\/aktualne\/wp-content\/uploads\/2024\/10\/Niedzielne-zakupy-bitwa-na-polityke-biznes-i-zamieszanie-konsumenckie.jpg","keywords":["bitwa","Biznes","konsumenckie","Niedzielne","polityk\u0119","zakupy","zamieszanie"],"articleSection":["Biznes"],"inLanguage":"pl-PL"},{"@type":"WebPage","@id":"https:\/\/www.pogotowieflagowe.pl\/aktualne\/niedzielne-zakupy-bitwa-na-polityke-biznes-i-zamieszanie-konsumenckie\/","url":"https:\/\/www.pogotowieflagowe.pl\/aktualne\/niedzielne-zakupy-bitwa-na-polityke-biznes-i-zamieszanie-konsumenckie\/","name":"Niedzielne zakupy: bitwa na polityk\u0119, biznes i zamieszanie konsumenckie - POGOTOWIE FLAGOWE\u00ae","isPartOf":{"@id":"https:\/\/www.pogotowieflagowe.pl\/aktualne\/#website"},"primaryImageOfPage":{"@id":"https:\/\/www.pogotowieflagowe.pl\/aktualne\/niedzielne-zakupy-bitwa-na-polityke-biznes-i-zamieszanie-konsumenckie\/#primaryimage"},"image":{"@id":"https:\/\/www.pogotowieflagowe.pl\/aktualne\/niedzielne-zakupy-bitwa-na-polityke-biznes-i-zamieszanie-konsumenckie\/#primaryimage"},"thumbnailUrl":"https:\/\/www.pogotowieflagowe.pl\/aktualne\/wp-content\/uploads\/2024\/10\/Niedzielne-zakupy-bitwa-na-polityke-biznes-i-zamieszanie-konsumenckie.jpg","datePublished":"2024-10-30T22:47:55+00:00","dateModified":"2024-10-30T22:47:58+00:00","breadcrumb":{"@id":"https:\/\/www.pogotowieflagowe.pl\/aktualne\/niedzielne-zakupy-bitwa-na-polityke-biznes-i-zamieszanie-konsumenckie\/#breadcrumb"},"inLanguage":"pl-PL","potentialAction":[{"@type":"ReadAction","target":["https:\/\/www.pogotowieflagowe.pl\/aktualne\/niedzielne-zakupy-bitwa-na-polityke-biznes-i-zamieszanie-konsumenckie\/"]}]},{"@type":"ImageObject","inLanguage":"pl-PL","@id":"https:\/\/www.pogotowieflagowe.pl\/aktualne\/niedzielne-zakupy-bitwa-na-polityke-biznes-i-zamieszanie-konsumenckie\/#primaryimage","url":"https:\/\/www.pogotowieflagowe.pl\/aktualne\/wp-content\/uploads\/2024\/10\/Niedzielne-zakupy-bitwa-na-polityke-biznes-i-zamieszanie-konsumenckie.jpg","contentUrl":"https:\/\/www.pogotowieflagowe.pl\/aktualne\/wp-content\/uploads\/2024\/10\/Niedzielne-zakupy-bitwa-na-polityke-biznes-i-zamieszanie-konsumenckie.jpg","width":1920,"height":1440,"caption":"Niedzielne zakupy: bitwa na polityk\u0119, biznes i zamieszanie konsumenckie"},{"@type":"BreadcrumbList","@id":"https:\/\/www.pogotowieflagowe.pl\/aktualne\/niedzielne-zakupy-bitwa-na-polityke-biznes-i-zamieszanie-konsumenckie\/#breadcrumb","itemListElement":[{"@type":"ListItem","position":1,"name":"Home","item":"https:\/\/www.pogotowieflagowe.pl\/aktualne\/"},{"@type":"ListItem","position":2,"name":"Niedzielne zakupy: bitwa na polityk\u0119, biznes i zamieszanie konsumenckie"}]},{"@type":"WebSite","@id":"https:\/\/www.pogotowieflagowe.pl\/aktualne\/#website","url":"https:\/\/www.pogotowieflagowe.pl\/aktualne\/","name":"POGOTOWIE FLAGOWE\u00ae","description":"","publisher":{"@id":"https:\/\/www.pogotowieflagowe.pl\/aktualne\/#organization"},"potentialAction":[{"@type":"SearchAction","target":{"@type":"EntryPoint","urlTemplate":"https:\/\/www.pogotowieflagowe.pl\/aktualne\/?s={search_term_string}"},"query-input":"required name=search_term_string"}],"inLanguage":"pl-PL"},{"@type":"Organization","@id":"https:\/\/www.pogotowieflagowe.pl\/aktualne\/#organization","name":"POGOTOWIE FLAGOWE\u00ae","url":"https:\/\/www.pogotowieflagowe.pl\/aktualne\/","logo":{"@type":"ImageObject","inLanguage":"pl-PL","@id":"https:\/\/www.pogotowieflagowe.pl\/aktualne\/#\/schema\/logo\/image\/","url":"https:\/\/www.pogotowieflagowe.pl\/aktualne\/wp-content\/uploads\/2024\/08\/cropped-pogotowieflagowe_flaga_projekt_sm.jpg","contentUrl":"https:\/\/www.pogotowieflagowe.pl\/aktualne\/wp-content\/uploads\/2024\/08\/cropped-pogotowieflagowe_flaga_projekt_sm.jpg","width":250,"height":143,"caption":"POGOTOWIE FLAGOWE\u00ae"},"image":{"@id":"https:\/\/www.pogotowieflagowe.pl\/aktualne\/#\/schema\/logo\/image\/"}},{"@type":"Person","@id":"https:\/\/www.pogotowieflagowe.pl\/aktualne\/#\/schema\/person\/9c2fb7d2362ebf6fa088960d7f0d27b0","name":"Filip","image":{"@type":"ImageObject","inLanguage":"pl-PL","@id":"https:\/\/www.pogotowieflagowe.pl\/aktualne\/#\/schema\/person\/image\/","url":"https:\/\/www.pogotowieflagowe.pl\/aktualne\/wp-content\/uploads\/2024\/08\/pogotowieflagowe.pl_.jpg","contentUrl":"https:\/\/www.pogotowieflagowe.pl\/aktualne\/wp-content\/uploads\/2024\/08\/pogotowieflagowe.pl_.jpg","caption":"Filip"},"description":"Jestem Filip, polski dziennikarz z dyplomem nauk politycznych Uniwersytetu Warszawskiego. Rozpoczynaj\u0105c swoj\u0105 karier\u0119 w r\u00f3\u017cnych lokalnych mediach, zdoby\u0142em solidne do\u015bwiadczenie w zakresie \u015bledztwa i redakcji. Obecnie jako redaktor w Pogotowie flagowe, staram si\u0119 dostarcza\u0107 dog\u0142\u0119bne i istotne analizy na temat najwa\u017cniejszych kwestii aktualno\u015bci, \u0142\u0105cz\u0105c rygor z pasj\u0105 dziennikarsk\u0105.","sameAs":["https:\/\/www.pogotowieflagowe.pl\/"]}]}},"_links":{"self":[{"href":"https:\/\/www.pogotowieflagowe.pl\/aktualne\/wp-json\/wp\/v2\/posts\/1553","targetHints":{"allow":["GET"]}}],"collection":[{"href":"https:\/\/www.pogotowieflagowe.pl\/aktualne\/wp-json\/wp\/v2\/posts"}],"about":[{"href":"https:\/\/www.pogotowieflagowe.pl\/aktualne\/wp-json\/wp\/v2\/types\/post"}],"author":[{"embeddable":true,"href":"https:\/\/www.pogotowieflagowe.pl\/aktualne\/wp-json\/wp\/v2\/users\/1"}],"replies":[{"embeddable":true,"href":"https:\/\/www.pogotowieflagowe.pl\/aktualne\/wp-json\/wp\/v2\/comments?post=1553"}],"version-history":[{"count":1,"href":"https:\/\/www.pogotowieflagowe.pl\/aktualne\/wp-json\/wp\/v2\/posts\/1553\/revisions"}],"predecessor-version":[{"id":1555,"href":"https:\/\/www.pogotowieflagowe.pl\/aktualne\/wp-json\/wp\/v2\/posts\/1553\/revisions\/1555"}],"wp:featuredmedia":[{"embeddable":true,"href":"https:\/\/www.pogotowieflagowe.pl\/aktualne\/wp-json\/wp\/v2\/media\/1554"}],"wp:attachment":[{"href":"https:\/\/www.pogotowieflagowe.pl\/aktualne\/wp-json\/wp\/v2\/media?parent=1553"}],"wp:term":[{"taxonomy":"category","embeddable":true,"href":"https:\/\/www.pogotowieflagowe.pl\/aktualne\/wp-json\/wp\/v2\/categories?post=1553"},{"taxonomy":"post_tag","embeddable":true,"href":"https:\/\/www.pogotowieflagowe.pl\/aktualne\/wp-json\/wp\/v2\/tags?post=1553"}],"curies":[{"name":"wp","href":"https:\/\/api.w.org\/{rel}","templated":true}]}}