{"id":1564,"date":"2024-11-01T01:53:30","date_gmt":"2024-11-01T00:53:30","guid":{"rendered":"https:\/\/www.pogotowieflagowe.pl\/aktualne\/wspominamy-ignacego-daszynskiego-polskiego-oredownika-sprawiedliwosci-spolecznej-i-niepodleglosci\/"},"modified":"2024-11-01T01:53:30","modified_gmt":"2024-11-01T00:53:30","slug":"wspominamy-ignacego-daszynskiego-polskiego-oredownika-sprawiedliwosci-spolecznej-i-niepodleglosci","status":"publish","type":"post","link":"https:\/\/www.pogotowieflagowe.pl\/aktualne\/wspominamy-ignacego-daszynskiego-polskiego-oredownika-sprawiedliwosci-spolecznej-i-niepodleglosci\/","title":{"rendered":"Wspominamy Ignacego Daszy\u0144skiego: polskiego or\u0119downika sprawiedliwo\u015bci spo\u0142ecznej i niepodleg\u0142o\u015bci"},"content":{"rendered":"\n<div class=\"td_block_wrap tdb_single_content tdi_48 td-pb-border-top td_block_template_8 td-post-content tagdiv-type\" data-td-block-uid=\"tdi_48\">\n<style>.tdi_48{margines-g\u00f3rny:0px!important;margin-bottom:0px!important;dope\u0142nienie-g\u00f3ra:0px!important;dope\u0142nienie-d\u00f3\u0142:0px!important}<\/style>\n<style>.tdb_single_content{margin-bottom:0;*zoom:1}.tdb_single_content:before,.tdb_single_content:after{display:table;content:'';line-height:0}.tdb_single_content:after{clear:both}.tdb_single_content .tdb-block-inner>*:not(.wp-block-quote):not(.alignwide):not(.alignfull.wp-block-cover.has-parallax):not(.td-a-ad) {margin-left:auto;margin-right:auto}.tdb_single_content a{pointer-events:auto}.tdb_single_content .td-spot-id-top_ad .tdc-placeholder-title:before{content:'Article Top Ad'!important}.tdb_single_content .td-spot-id-inline_ad0 .tdc-placeholder-title:before{content:'Article Reklama wbudowana 1'!important}.tdb_single_content .td-spot-id-inline_ad1 .tdc-placeholder-title:before{content:'Article Inline Ad 2'!important}.tdb_single_content .td-spot-id-inline_ad2 .tdc-placeholder-title:before{content:' Reklama wbudowana w artyku\u0142 3'!important}.tdb_single_content .td-spot-id-bottom_ad .tdc-placeholder-title:before{content:'Article Bottom Ad'!important}.tdb_single_content .id_top_ad,.tdb_single_content .id_bottom_ad{clear:both;margin-bottom:21px;text-align:center}.tdb_single_content .id_top_ad img,.tdb_single_content .id_bottom_ad img{margin-bottom:0}.tdb_single_content .id_top_ad .adsbygoogle,.tdb_single_content .id_bottom_ad .adsbygoogle{position:relative}.tdb_single_content .id_ad_content-horiz-left,.tdb_single_content .id_ad_content-horiz-right,.tdb_single_content .id_ad_content-horiz-center{margin-bottom:15px}.tdb_single_content .id_ad_content-horiz-left img,.tdb_single_content .id_ad_content-horiz-right img,.tdb_single_content .id_ad_content-horiz-center img{margin-bottom:0}.tdb_single_content .id_ad_content-horiz-center{text-align:center}.tdb_single_content .id_ad_content-horiz-center img{margin-right:auto;margin-left:auto}.tdb_single_content .id_ad_content-horiz-left{float:left;margin-top:9px;margin-right:21px}.tdb_single_content .id_ad_content-horiz-right{float:right;margin-top:6px;margin-left:21px}.tdb_single_content .tdc-a-ad .tdc-placeholder-title{width:300px;height:250px}.tdb_single_content .tdc-a-ad .tdc-placeholder-title:before{position:absolute;top:50%;-webkit-transform:translateY(-50%);transform:translateY(-50%);margines:auto;display:table;width:100 %}.tdb_single_content .tdb-block-inner.td-fix-index{word-break:break-word}.tdi_48,.tdi_48>p,.tdi_48 .tdb-block-inner>p{font-size:16px!important;line- wysoko\u015b\u0107:1,6!wa\u017cne}.tdi_48 .tdb-block-inner blockquote p{font-style:normal!important}@media (max-width:767px){.tdb_single_content .id_ad_content-horiz-left,.tdb_single_content .id_ad_content-horiz-right,.tdb_single_content .id_ad_content-horiz-center{margin:0 automatyczny 26px auto}}@media (max-width:767px){.tdb_single_content .id_ad_content-horiz-left{margin-right:0}}@media (max-width:767px){.tdb_single_content .id_ad_content-horiz-right{margin -left:0}}@media (max-width:767px){.tdb_single_content .td-a-ad{float:none;text-align:center}.tdb_single_content .td-a-ad img{margin-right:auto;margin-left:auto}. tdb_single_content .tdc-a-ad{float:none}}<\/style>\n<div class=\"tdb-block-inner td-fix-index\">\n<p>W tym dniu Polska wspomina Ignacego Daszy\u0144skiego, istotn\u0105 posta\u0107 w swojej historii, kt\u00f3rej zaanga\u017cowanie na rzecz sprawiedliwo\u015bci spo\u0142ecznej, praw pracowniczych i niepodleg\u0142o\u015bci narodowej do dzi\u015b kszta\u0142tuje charakter narodu. Socjalista i patriota Daszy\u0144ski odegra\u0142 kluczow\u0105 rol\u0119 w walce Polski o niepodleg\u0142o\u015b\u0107 i niestrudzenie pracowa\u0142 na rzecz promowania praw pracowniczych, r\u00f3wno\u015bci i warto\u015bci demokratycznych. Jego dziedzictwo, g\u0142\u0119boko zakorzenione w polskim spo\u0142ecze\u0144stwie, jest honorowane corocznie 31 pa\u017adziernika.<\/p>\n<h2 class=\"wp-block-heading\">Od wczesnego aktywizmu do przyw\u00f3dcy sprawiedliwo\u015bci spo\u0142ecznej: wzrost Daszy\u0144skiego w polskim ruchu socjalistycznym<\/h2>\n<p>Daszy\u0144ski urodzi\u0142 si\u0119 w 1866 roku w Zbara\u017cu (w\u00f3wczas cz\u0119\u015bci Cesarstwa Austriackiego) i ju\u017c w m\u0142odym wieku zaanga\u017cowa\u0142 si\u0119 politycznie pod wp\u0142ywem otaczaj\u0105cych go nier\u00f3wno\u015bci. Jego zaanga\u017cowanie w reformy spo\u0142eczne doprowadzi\u0142o go do Polskiej Partii Socjalistycznej (PPS), gdzie opowiada\u0142 si\u0119 za prawami pracowniczymi, powszechnymi wyborami i wolno\u015bciami demokratycznymi. W jego przem\u00f3wieniach i pismach wzywa\u0142 klasy ni\u017csze w Polsce do zjednoczenia si\u0119 przeciwko uciskowi, umacniaj\u0105c jego rol\u0119 jako or\u0119downika sprawiedliwo\u015bci spo\u0142ecznej.<\/p>\n<h2 class=\"wp-block-heading\">Wizja Daszy\u0144skiego dla wolnej i sprawiedliwej Polski: pionierskie reformy i tworzenie podstaw demokracji<\/h2>\n<p>Podczas I wojny \u015bwiatowej wp\u0142yw Daszy\u0144skiego wzr\u00f3s\u0142, gdy dostrzeg\u0142 szans\u0119 na woln\u0105 Polsk\u0119 w zmieniaj\u0105cym si\u0119 krajobrazie Europy. W 1918 roku zosta\u0142 mianowany premierem Tymczasowego Rz\u0105du Ludowego w Lublinie, co by\u0142o historycznym momentem dla Polski, kt\u00f3ry po\u0142o\u017cy\u0142 podwaliny pod niepodleg\u0142\u0105 republik\u0119. Pod jego przyw\u00f3dztwem rz\u0105d tymczasowy obieca\u0142 reformy rolne i prawa pracownicze, czyli idee, kt\u00f3re pomog\u0142yby zdefiniowa\u0107 demokratyczn\u0105 przysz\u0142o\u015b\u0107 Polski.<\/p>\n<p>Wp\u0142ywy Daszy\u0144skiego si\u0119ga\u0142y daleko poza okres jego pe\u0142nienia funkcji premiera. Jako pose\u0142 i wicemarsza\u0142ek Sejmu opowiada\u0142 si\u0119 za polityk\u0105 wspieraj\u0105c\u0105 sprawiedliwe prawo pracy, p\u0142ac\u0119 minimaln\u0105 i edukacj\u0119 publiczn\u0105. Pomimo oporu pozosta\u0142 wierny sprawiedliwo\u015bci spo\u0142ecznej i demokracji, pozostawiaj\u0105c po sobie dziedzictwo polityk, kt\u00f3re wci\u0105\u017c odbijaj\u0105 si\u0119 echem w ramach politycznych Polski.<\/p>\n<\/p>\n<\/div>\n<\/div>\n","protected":false},"excerpt":{"rendered":"<p>W tym dniu Polska wspomina Ignacego Daszy\u0144skiego, istotn\u0105 posta\u0107 w swojej historii, kt\u00f3rej zaanga\u017cowanie na rzecz sprawiedliwo\u015bci spo\u0142ecznej, praw pracowniczych<\/p>\n","protected":false},"author":1,"featured_media":1565,"comment_status":"closed","ping_status":"","sticky":false,"template":"","format":"standard","meta":{"footnotes":""},"categories":[44],"tags":[2595,2594,2180,2596,129,2597,757,2593],"class_list":["post-1564","post","type-post","status-publish","format-standard","has-post-thumbnail","hentry","category-polityka","tag-daszynskiego","tag-ignacego","tag-niepodleglosci","tag-oredownika","tag-polskiego","tag-spolecznej","tag-sprawiedliwosci","tag-wspominamy","generate-columns","tablet-grid-50","mobile-grid-100","grid-parent","grid-50","resize-featured-image"],"yoast_head":"<!-- This site is optimized with the Yoast SEO plugin v23.2 - https:\/\/yoast.com\/wordpress\/plugins\/seo\/ -->\n<title>Wspominamy Ignacego Daszy\u0144skiego: polskiego or\u0119downika sprawiedliwo\u015bci spo\u0142ecznej i niepodleg\u0142o\u015bci - POGOTOWIE FLAGOWE\u00ae<\/title>\n<meta name=\"robots\" content=\"index, follow, max-snippet:-1, max-image-preview:large, max-video-preview:-1\" \/>\n<link rel=\"canonical\" href=\"https:\/\/www.pogotowieflagowe.pl\/aktualne\/wspominamy-ignacego-daszynskiego-polskiego-oredownika-sprawiedliwosci-spolecznej-i-niepodleglosci\/\" \/>\n<meta property=\"og:locale\" content=\"pl_PL\" \/>\n<meta property=\"og:type\" content=\"article\" \/>\n<meta property=\"og:title\" content=\"Wspominamy Ignacego Daszy\u0144skiego: polskiego or\u0119downika sprawiedliwo\u015bci spo\u0142ecznej i niepodleg\u0142o\u015bci - POGOTOWIE FLAGOWE\u00ae\" \/>\n<meta property=\"og:description\" content=\"W tym dniu Polska wspomina Ignacego Daszy\u0144skiego, istotn\u0105 posta\u0107 w swojej historii, kt\u00f3rej zaanga\u017cowanie na rzecz sprawiedliwo\u015bci spo\u0142ecznej, praw pracowniczych\" \/>\n<meta property=\"og:url\" content=\"https:\/\/www.pogotowieflagowe.pl\/aktualne\/wspominamy-ignacego-daszynskiego-polskiego-oredownika-sprawiedliwosci-spolecznej-i-niepodleglosci\/\" \/>\n<meta property=\"og:site_name\" content=\"POGOTOWIE FLAGOWE\u00ae\" \/>\n<meta property=\"article:published_time\" content=\"2024-11-01T00:53:30+00:00\" \/>\n<meta property=\"og:image\" content=\"https:\/\/www.pogotowieflagowe.pl\/aktualne\/wp-content\/uploads\/2024\/11\/Wspominamy-Ignacego-Daszynskiego-polskiego-oredownika-sprawiedliwosci-spolecznej-i-niepodleglosci.jpg\" \/>\n\t<meta property=\"og:image:width\" content=\"697\" \/>\n\t<meta property=\"og:image:height\" content=\"567\" \/>\n\t<meta property=\"og:image:type\" content=\"image\/jpeg\" \/>\n<meta name=\"author\" content=\"Filip\" \/>\n<meta name=\"twitter:card\" content=\"summary_large_image\" \/>\n<meta name=\"twitter:label1\" content=\"Napisane przez\" \/>\n\t<meta name=\"twitter:data1\" content=\"Filip\" \/>\n\t<meta name=\"twitter:label2\" content=\"Szacowany czas czytania\" \/>\n\t<meta name=\"twitter:data2\" content=\"2 minuty\" \/>\n<script type=\"application\/ld+json\" class=\"yoast-schema-graph\">{\"@context\":\"https:\/\/schema.org\",\"@graph\":[{\"@type\":\"Article\",\"@id\":\"https:\/\/www.pogotowieflagowe.pl\/aktualne\/wspominamy-ignacego-daszynskiego-polskiego-oredownika-sprawiedliwosci-spolecznej-i-niepodleglosci\/#article\",\"isPartOf\":{\"@id\":\"https:\/\/www.pogotowieflagowe.pl\/aktualne\/wspominamy-ignacego-daszynskiego-polskiego-oredownika-sprawiedliwosci-spolecznej-i-niepodleglosci\/\"},\"author\":{\"name\":\"Filip\",\"@id\":\"https:\/\/www.pogotowieflagowe.pl\/aktualne\/#\/schema\/person\/9c2fb7d2362ebf6fa088960d7f0d27b0\"},\"headline\":\"Wspominamy Ignacego Daszy\u0144skiego: polskiego or\u0119downika sprawiedliwo\u015bci spo\u0142ecznej i niepodleg\u0142o\u015bci\",\"datePublished\":\"2024-11-01T00:53:30+00:00\",\"dateModified\":\"2024-11-01T00:53:30+00:00\",\"mainEntityOfPage\":{\"@id\":\"https:\/\/www.pogotowieflagowe.pl\/aktualne\/wspominamy-ignacego-daszynskiego-polskiego-oredownika-sprawiedliwosci-spolecznej-i-niepodleglosci\/\"},\"wordCount\":350,\"publisher\":{\"@id\":\"https:\/\/www.pogotowieflagowe.pl\/aktualne\/#organization\"},\"image\":{\"@id\":\"https:\/\/www.pogotowieflagowe.pl\/aktualne\/wspominamy-ignacego-daszynskiego-polskiego-oredownika-sprawiedliwosci-spolecznej-i-niepodleglosci\/#primaryimage\"},\"thumbnailUrl\":\"https:\/\/www.pogotowieflagowe.pl\/aktualne\/wp-content\/uploads\/2024\/11\/Wspominamy-Ignacego-Daszynskiego-polskiego-oredownika-sprawiedliwosci-spolecznej-i-niepodleglosci.jpg\",\"keywords\":[\"Daszy\u0144skiego\",\"Ignacego\",\"Niepodleg\u0142o\u015bci\",\"or\u0119downika\",\"Polskiego\",\"spo\u0142ecznej\",\"sprawiedliwo\u015bci\",\"Wspominamy\"],\"articleSection\":[\"Polityka\"],\"inLanguage\":\"pl-PL\"},{\"@type\":\"WebPage\",\"@id\":\"https:\/\/www.pogotowieflagowe.pl\/aktualne\/wspominamy-ignacego-daszynskiego-polskiego-oredownika-sprawiedliwosci-spolecznej-i-niepodleglosci\/\",\"url\":\"https:\/\/www.pogotowieflagowe.pl\/aktualne\/wspominamy-ignacego-daszynskiego-polskiego-oredownika-sprawiedliwosci-spolecznej-i-niepodleglosci\/\",\"name\":\"Wspominamy Ignacego Daszy\u0144skiego: polskiego or\u0119downika sprawiedliwo\u015bci spo\u0142ecznej i niepodleg\u0142o\u015bci - POGOTOWIE FLAGOWE\u00ae\",\"isPartOf\":{\"@id\":\"https:\/\/www.pogotowieflagowe.pl\/aktualne\/#website\"},\"primaryImageOfPage\":{\"@id\":\"https:\/\/www.pogotowieflagowe.pl\/aktualne\/wspominamy-ignacego-daszynskiego-polskiego-oredownika-sprawiedliwosci-spolecznej-i-niepodleglosci\/#primaryimage\"},\"image\":{\"@id\":\"https:\/\/www.pogotowieflagowe.pl\/aktualne\/wspominamy-ignacego-daszynskiego-polskiego-oredownika-sprawiedliwosci-spolecznej-i-niepodleglosci\/#primaryimage\"},\"thumbnailUrl\":\"https:\/\/www.pogotowieflagowe.pl\/aktualne\/wp-content\/uploads\/2024\/11\/Wspominamy-Ignacego-Daszynskiego-polskiego-oredownika-sprawiedliwosci-spolecznej-i-niepodleglosci.jpg\",\"datePublished\":\"2024-11-01T00:53:30+00:00\",\"dateModified\":\"2024-11-01T00:53:30+00:00\",\"breadcrumb\":{\"@id\":\"https:\/\/www.pogotowieflagowe.pl\/aktualne\/wspominamy-ignacego-daszynskiego-polskiego-oredownika-sprawiedliwosci-spolecznej-i-niepodleglosci\/#breadcrumb\"},\"inLanguage\":\"pl-PL\",\"potentialAction\":[{\"@type\":\"ReadAction\",\"target\":[\"https:\/\/www.pogotowieflagowe.pl\/aktualne\/wspominamy-ignacego-daszynskiego-polskiego-oredownika-sprawiedliwosci-spolecznej-i-niepodleglosci\/\"]}]},{\"@type\":\"ImageObject\",\"inLanguage\":\"pl-PL\",\"@id\":\"https:\/\/www.pogotowieflagowe.pl\/aktualne\/wspominamy-ignacego-daszynskiego-polskiego-oredownika-sprawiedliwosci-spolecznej-i-niepodleglosci\/#primaryimage\",\"url\":\"https:\/\/www.pogotowieflagowe.pl\/aktualne\/wp-content\/uploads\/2024\/11\/Wspominamy-Ignacego-Daszynskiego-polskiego-oredownika-sprawiedliwosci-spolecznej-i-niepodleglosci.jpg\",\"contentUrl\":\"https:\/\/www.pogotowieflagowe.pl\/aktualne\/wp-content\/uploads\/2024\/11\/Wspominamy-Ignacego-Daszynskiego-polskiego-oredownika-sprawiedliwosci-spolecznej-i-niepodleglosci.jpg\",\"width\":697,\"height\":567,\"caption\":\"Wspominamy Ignacego Daszy\u0144skiego: polskiego or\u0119downika sprawiedliwo\u015bci spo\u0142ecznej i niepodleg\u0142o\u015bci\"},{\"@type\":\"BreadcrumbList\",\"@id\":\"https:\/\/www.pogotowieflagowe.pl\/aktualne\/wspominamy-ignacego-daszynskiego-polskiego-oredownika-sprawiedliwosci-spolecznej-i-niepodleglosci\/#breadcrumb\",\"itemListElement\":[{\"@type\":\"ListItem\",\"position\":1,\"name\":\"Home\",\"item\":\"https:\/\/www.pogotowieflagowe.pl\/aktualne\/\"},{\"@type\":\"ListItem\",\"position\":2,\"name\":\"Wspominamy Ignacego Daszy\u0144skiego: polskiego or\u0119downika sprawiedliwo\u015bci spo\u0142ecznej i niepodleg\u0142o\u015bci\"}]},{\"@type\":\"WebSite\",\"@id\":\"https:\/\/www.pogotowieflagowe.pl\/aktualne\/#website\",\"url\":\"https:\/\/www.pogotowieflagowe.pl\/aktualne\/\",\"name\":\"POGOTOWIE FLAGOWE\u00ae\",\"description\":\"\",\"publisher\":{\"@id\":\"https:\/\/www.pogotowieflagowe.pl\/aktualne\/#organization\"},\"potentialAction\":[{\"@type\":\"SearchAction\",\"target\":{\"@type\":\"EntryPoint\",\"urlTemplate\":\"https:\/\/www.pogotowieflagowe.pl\/aktualne\/?s={search_term_string}\"},\"query-input\":\"required name=search_term_string\"}],\"inLanguage\":\"pl-PL\"},{\"@type\":\"Organization\",\"@id\":\"https:\/\/www.pogotowieflagowe.pl\/aktualne\/#organization\",\"name\":\"POGOTOWIE FLAGOWE\u00ae\",\"url\":\"https:\/\/www.pogotowieflagowe.pl\/aktualne\/\",\"logo\":{\"@type\":\"ImageObject\",\"inLanguage\":\"pl-PL\",\"@id\":\"https:\/\/www.pogotowieflagowe.pl\/aktualne\/#\/schema\/logo\/image\/\",\"url\":\"https:\/\/www.pogotowieflagowe.pl\/aktualne\/wp-content\/uploads\/2024\/08\/cropped-pogotowieflagowe_flaga_projekt_sm.jpg\",\"contentUrl\":\"https:\/\/www.pogotowieflagowe.pl\/aktualne\/wp-content\/uploads\/2024\/08\/cropped-pogotowieflagowe_flaga_projekt_sm.jpg\",\"width\":250,\"height\":143,\"caption\":\"POGOTOWIE FLAGOWE\u00ae\"},\"image\":{\"@id\":\"https:\/\/www.pogotowieflagowe.pl\/aktualne\/#\/schema\/logo\/image\/\"}},{\"@type\":\"Person\",\"@id\":\"https:\/\/www.pogotowieflagowe.pl\/aktualne\/#\/schema\/person\/9c2fb7d2362ebf6fa088960d7f0d27b0\",\"name\":\"Filip\",\"image\":{\"@type\":\"ImageObject\",\"inLanguage\":\"pl-PL\",\"@id\":\"https:\/\/www.pogotowieflagowe.pl\/aktualne\/#\/schema\/person\/image\/\",\"url\":\"https:\/\/www.pogotowieflagowe.pl\/aktualne\/wp-content\/uploads\/2024\/08\/pogotowieflagowe.pl_.jpg\",\"contentUrl\":\"https:\/\/www.pogotowieflagowe.pl\/aktualne\/wp-content\/uploads\/2024\/08\/pogotowieflagowe.pl_.jpg\",\"caption\":\"Filip\"},\"description\":\"Jestem Filip, polski dziennikarz z dyplomem nauk politycznych Uniwersytetu Warszawskiego. Rozpoczynaj\u0105c swoj\u0105 karier\u0119 w r\u00f3\u017cnych lokalnych mediach, zdoby\u0142em solidne do\u015bwiadczenie w zakresie \u015bledztwa i redakcji. Obecnie jako redaktor w Pogotowie flagowe, staram si\u0119 dostarcza\u0107 dog\u0142\u0119bne i istotne analizy na temat najwa\u017cniejszych kwestii aktualno\u015bci, \u0142\u0105cz\u0105c rygor z pasj\u0105 dziennikarsk\u0105.\",\"sameAs\":[\"https:\/\/www.pogotowieflagowe.pl\/\"]}]}<\/script>\n<!-- \/ Yoast SEO plugin. -->","yoast_head_json":{"title":"Wspominamy Ignacego Daszy\u0144skiego: polskiego or\u0119downika sprawiedliwo\u015bci spo\u0142ecznej i niepodleg\u0142o\u015bci - POGOTOWIE FLAGOWE\u00ae","robots":{"index":"index","follow":"follow","max-snippet":"max-snippet:-1","max-image-preview":"max-image-preview:large","max-video-preview":"max-video-preview:-1"},"canonical":"https:\/\/www.pogotowieflagowe.pl\/aktualne\/wspominamy-ignacego-daszynskiego-polskiego-oredownika-sprawiedliwosci-spolecznej-i-niepodleglosci\/","og_locale":"pl_PL","og_type":"article","og_title":"Wspominamy Ignacego Daszy\u0144skiego: polskiego or\u0119downika sprawiedliwo\u015bci spo\u0142ecznej i niepodleg\u0142o\u015bci - POGOTOWIE FLAGOWE\u00ae","og_description":"W tym dniu Polska wspomina Ignacego Daszy\u0144skiego, istotn\u0105 posta\u0107 w swojej historii, kt\u00f3rej zaanga\u017cowanie na rzecz sprawiedliwo\u015bci spo\u0142ecznej, praw pracowniczych","og_url":"https:\/\/www.pogotowieflagowe.pl\/aktualne\/wspominamy-ignacego-daszynskiego-polskiego-oredownika-sprawiedliwosci-spolecznej-i-niepodleglosci\/","og_site_name":"POGOTOWIE FLAGOWE\u00ae","article_published_time":"2024-11-01T00:53:30+00:00","og_image":[{"width":697,"height":567,"url":"https:\/\/www.pogotowieflagowe.pl\/aktualne\/wp-content\/uploads\/2024\/11\/Wspominamy-Ignacego-Daszynskiego-polskiego-oredownika-sprawiedliwosci-spolecznej-i-niepodleglosci.jpg","type":"image\/jpeg"}],"author":"Filip","twitter_card":"summary_large_image","twitter_misc":{"Napisane przez":"Filip","Szacowany czas czytania":"2 minuty"},"schema":{"@context":"https:\/\/schema.org","@graph":[{"@type":"Article","@id":"https:\/\/www.pogotowieflagowe.pl\/aktualne\/wspominamy-ignacego-daszynskiego-polskiego-oredownika-sprawiedliwosci-spolecznej-i-niepodleglosci\/#article","isPartOf":{"@id":"https:\/\/www.pogotowieflagowe.pl\/aktualne\/wspominamy-ignacego-daszynskiego-polskiego-oredownika-sprawiedliwosci-spolecznej-i-niepodleglosci\/"},"author":{"name":"Filip","@id":"https:\/\/www.pogotowieflagowe.pl\/aktualne\/#\/schema\/person\/9c2fb7d2362ebf6fa088960d7f0d27b0"},"headline":"Wspominamy Ignacego Daszy\u0144skiego: polskiego or\u0119downika sprawiedliwo\u015bci spo\u0142ecznej i niepodleg\u0142o\u015bci","datePublished":"2024-11-01T00:53:30+00:00","dateModified":"2024-11-01T00:53:30+00:00","mainEntityOfPage":{"@id":"https:\/\/www.pogotowieflagowe.pl\/aktualne\/wspominamy-ignacego-daszynskiego-polskiego-oredownika-sprawiedliwosci-spolecznej-i-niepodleglosci\/"},"wordCount":350,"publisher":{"@id":"https:\/\/www.pogotowieflagowe.pl\/aktualne\/#organization"},"image":{"@id":"https:\/\/www.pogotowieflagowe.pl\/aktualne\/wspominamy-ignacego-daszynskiego-polskiego-oredownika-sprawiedliwosci-spolecznej-i-niepodleglosci\/#primaryimage"},"thumbnailUrl":"https:\/\/www.pogotowieflagowe.pl\/aktualne\/wp-content\/uploads\/2024\/11\/Wspominamy-Ignacego-Daszynskiego-polskiego-oredownika-sprawiedliwosci-spolecznej-i-niepodleglosci.jpg","keywords":["Daszy\u0144skiego","Ignacego","Niepodleg\u0142o\u015bci","or\u0119downika","Polskiego","spo\u0142ecznej","sprawiedliwo\u015bci","Wspominamy"],"articleSection":["Polityka"],"inLanguage":"pl-PL"},{"@type":"WebPage","@id":"https:\/\/www.pogotowieflagowe.pl\/aktualne\/wspominamy-ignacego-daszynskiego-polskiego-oredownika-sprawiedliwosci-spolecznej-i-niepodleglosci\/","url":"https:\/\/www.pogotowieflagowe.pl\/aktualne\/wspominamy-ignacego-daszynskiego-polskiego-oredownika-sprawiedliwosci-spolecznej-i-niepodleglosci\/","name":"Wspominamy Ignacego Daszy\u0144skiego: polskiego or\u0119downika sprawiedliwo\u015bci spo\u0142ecznej i niepodleg\u0142o\u015bci - POGOTOWIE FLAGOWE\u00ae","isPartOf":{"@id":"https:\/\/www.pogotowieflagowe.pl\/aktualne\/#website"},"primaryImageOfPage":{"@id":"https:\/\/www.pogotowieflagowe.pl\/aktualne\/wspominamy-ignacego-daszynskiego-polskiego-oredownika-sprawiedliwosci-spolecznej-i-niepodleglosci\/#primaryimage"},"image":{"@id":"https:\/\/www.pogotowieflagowe.pl\/aktualne\/wspominamy-ignacego-daszynskiego-polskiego-oredownika-sprawiedliwosci-spolecznej-i-niepodleglosci\/#primaryimage"},"thumbnailUrl":"https:\/\/www.pogotowieflagowe.pl\/aktualne\/wp-content\/uploads\/2024\/11\/Wspominamy-Ignacego-Daszynskiego-polskiego-oredownika-sprawiedliwosci-spolecznej-i-niepodleglosci.jpg","datePublished":"2024-11-01T00:53:30+00:00","dateModified":"2024-11-01T00:53:30+00:00","breadcrumb":{"@id":"https:\/\/www.pogotowieflagowe.pl\/aktualne\/wspominamy-ignacego-daszynskiego-polskiego-oredownika-sprawiedliwosci-spolecznej-i-niepodleglosci\/#breadcrumb"},"inLanguage":"pl-PL","potentialAction":[{"@type":"ReadAction","target":["https:\/\/www.pogotowieflagowe.pl\/aktualne\/wspominamy-ignacego-daszynskiego-polskiego-oredownika-sprawiedliwosci-spolecznej-i-niepodleglosci\/"]}]},{"@type":"ImageObject","inLanguage":"pl-PL","@id":"https:\/\/www.pogotowieflagowe.pl\/aktualne\/wspominamy-ignacego-daszynskiego-polskiego-oredownika-sprawiedliwosci-spolecznej-i-niepodleglosci\/#primaryimage","url":"https:\/\/www.pogotowieflagowe.pl\/aktualne\/wp-content\/uploads\/2024\/11\/Wspominamy-Ignacego-Daszynskiego-polskiego-oredownika-sprawiedliwosci-spolecznej-i-niepodleglosci.jpg","contentUrl":"https:\/\/www.pogotowieflagowe.pl\/aktualne\/wp-content\/uploads\/2024\/11\/Wspominamy-Ignacego-Daszynskiego-polskiego-oredownika-sprawiedliwosci-spolecznej-i-niepodleglosci.jpg","width":697,"height":567,"caption":"Wspominamy Ignacego Daszy\u0144skiego: polskiego or\u0119downika sprawiedliwo\u015bci spo\u0142ecznej i niepodleg\u0142o\u015bci"},{"@type":"BreadcrumbList","@id":"https:\/\/www.pogotowieflagowe.pl\/aktualne\/wspominamy-ignacego-daszynskiego-polskiego-oredownika-sprawiedliwosci-spolecznej-i-niepodleglosci\/#breadcrumb","itemListElement":[{"@type":"ListItem","position":1,"name":"Home","item":"https:\/\/www.pogotowieflagowe.pl\/aktualne\/"},{"@type":"ListItem","position":2,"name":"Wspominamy Ignacego Daszy\u0144skiego: polskiego or\u0119downika sprawiedliwo\u015bci spo\u0142ecznej i niepodleg\u0142o\u015bci"}]},{"@type":"WebSite","@id":"https:\/\/www.pogotowieflagowe.pl\/aktualne\/#website","url":"https:\/\/www.pogotowieflagowe.pl\/aktualne\/","name":"POGOTOWIE FLAGOWE\u00ae","description":"","publisher":{"@id":"https:\/\/www.pogotowieflagowe.pl\/aktualne\/#organization"},"potentialAction":[{"@type":"SearchAction","target":{"@type":"EntryPoint","urlTemplate":"https:\/\/www.pogotowieflagowe.pl\/aktualne\/?s={search_term_string}"},"query-input":"required name=search_term_string"}],"inLanguage":"pl-PL"},{"@type":"Organization","@id":"https:\/\/www.pogotowieflagowe.pl\/aktualne\/#organization","name":"POGOTOWIE FLAGOWE\u00ae","url":"https:\/\/www.pogotowieflagowe.pl\/aktualne\/","logo":{"@type":"ImageObject","inLanguage":"pl-PL","@id":"https:\/\/www.pogotowieflagowe.pl\/aktualne\/#\/schema\/logo\/image\/","url":"https:\/\/www.pogotowieflagowe.pl\/aktualne\/wp-content\/uploads\/2024\/08\/cropped-pogotowieflagowe_flaga_projekt_sm.jpg","contentUrl":"https:\/\/www.pogotowieflagowe.pl\/aktualne\/wp-content\/uploads\/2024\/08\/cropped-pogotowieflagowe_flaga_projekt_sm.jpg","width":250,"height":143,"caption":"POGOTOWIE FLAGOWE\u00ae"},"image":{"@id":"https:\/\/www.pogotowieflagowe.pl\/aktualne\/#\/schema\/logo\/image\/"}},{"@type":"Person","@id":"https:\/\/www.pogotowieflagowe.pl\/aktualne\/#\/schema\/person\/9c2fb7d2362ebf6fa088960d7f0d27b0","name":"Filip","image":{"@type":"ImageObject","inLanguage":"pl-PL","@id":"https:\/\/www.pogotowieflagowe.pl\/aktualne\/#\/schema\/person\/image\/","url":"https:\/\/www.pogotowieflagowe.pl\/aktualne\/wp-content\/uploads\/2024\/08\/pogotowieflagowe.pl_.jpg","contentUrl":"https:\/\/www.pogotowieflagowe.pl\/aktualne\/wp-content\/uploads\/2024\/08\/pogotowieflagowe.pl_.jpg","caption":"Filip"},"description":"Jestem Filip, polski dziennikarz z dyplomem nauk politycznych Uniwersytetu Warszawskiego. Rozpoczynaj\u0105c swoj\u0105 karier\u0119 w r\u00f3\u017cnych lokalnych mediach, zdoby\u0142em solidne do\u015bwiadczenie w zakresie \u015bledztwa i redakcji. Obecnie jako redaktor w Pogotowie flagowe, staram si\u0119 dostarcza\u0107 dog\u0142\u0119bne i istotne analizy na temat najwa\u017cniejszych kwestii aktualno\u015bci, \u0142\u0105cz\u0105c rygor z pasj\u0105 dziennikarsk\u0105.","sameAs":["https:\/\/www.pogotowieflagowe.pl\/"]}]}},"_links":{"self":[{"href":"https:\/\/www.pogotowieflagowe.pl\/aktualne\/wp-json\/wp\/v2\/posts\/1564","targetHints":{"allow":["GET"]}}],"collection":[{"href":"https:\/\/www.pogotowieflagowe.pl\/aktualne\/wp-json\/wp\/v2\/posts"}],"about":[{"href":"https:\/\/www.pogotowieflagowe.pl\/aktualne\/wp-json\/wp\/v2\/types\/post"}],"author":[{"embeddable":true,"href":"https:\/\/www.pogotowieflagowe.pl\/aktualne\/wp-json\/wp\/v2\/users\/1"}],"replies":[{"embeddable":true,"href":"https:\/\/www.pogotowieflagowe.pl\/aktualne\/wp-json\/wp\/v2\/comments?post=1564"}],"version-history":[{"count":1,"href":"https:\/\/www.pogotowieflagowe.pl\/aktualne\/wp-json\/wp\/v2\/posts\/1564\/revisions"}],"predecessor-version":[{"id":1566,"href":"https:\/\/www.pogotowieflagowe.pl\/aktualne\/wp-json\/wp\/v2\/posts\/1564\/revisions\/1566"}],"wp:featuredmedia":[{"embeddable":true,"href":"https:\/\/www.pogotowieflagowe.pl\/aktualne\/wp-json\/wp\/v2\/media\/1565"}],"wp:attachment":[{"href":"https:\/\/www.pogotowieflagowe.pl\/aktualne\/wp-json\/wp\/v2\/media?parent=1564"}],"wp:term":[{"taxonomy":"category","embeddable":true,"href":"https:\/\/www.pogotowieflagowe.pl\/aktualne\/wp-json\/wp\/v2\/categories?post=1564"},{"taxonomy":"post_tag","embeddable":true,"href":"https:\/\/www.pogotowieflagowe.pl\/aktualne\/wp-json\/wp\/v2\/tags?post=1564"}],"curies":[{"name":"wp","href":"https:\/\/api.w.org\/{rel}","templated":true}]}}