{"id":1639,"date":"2024-11-05T12:47:29","date_gmt":"2024-11-05T11:47:29","guid":{"rendered":"https:\/\/www.pogotowieflagowe.pl\/aktualne\/wygnanie-chopina-wspomnienie-muzycznej-legendy-w-rocznice-jego-wyjazdu-z-polski\/"},"modified":"2024-11-05T12:47:31","modified_gmt":"2024-11-05T11:47:31","slug":"wygnanie-chopina-wspomnienie-muzycznej-legendy-w-rocznice-jego-wyjazdu-z-polski","status":"publish","type":"post","link":"https:\/\/www.pogotowieflagowe.pl\/aktualne\/wygnanie-chopina-wspomnienie-muzycznej-legendy-w-rocznice-jego-wyjazdu-z-polski\/","title":{"rendered":"Wygnanie Chopina. Wspomnienie muzycznej legendy w rocznic\u0119 jego wyjazdu z Polski"},"content":{"rendered":"\n<div class=\"td_block_wrap tdb_single_content tdi_48 td-pb-border-top td_block_template_8 td-post-content tagdiv-type\" data-td-block-uid=\"tdi_48\">\n<style>.tdi_48{margines-g\u00f3rny:0px!important;margin-bottom:0px!important;dope\u0142nienie-g\u00f3ra:0px!important;dope\u0142nienie-d\u00f3\u0142:0px!important}<\/style>\n<style>.tdb_single_content{margin-bottom:0;*zoom:1}.tdb_single_content:before,.tdb_single_content:after{display:table;content:'';line-height:0}.tdb_single_content:after{clear:both}.tdb_single_content .tdb-block-inner>*:not(.wp-block-quote):not(.alignwide):not(.alignfull.wp-block-cover.has-parallax):not(.td-a-ad) {margin-left:auto;margin-right:auto}.tdb_single_content a{pointer-events:auto}.tdb_single_content .td-spot-id-top_ad .tdc-placeholder-title:before{content:'Najlepsza reklama artyku\u0142u'! wa\u017cne}.tdb_single_content .td-spot-id-inline_ad0 .tdc-placeholder-title:before{content:'Article Inline Ad 1'!important}.tdb_single_content .td-spot-id-inline_ad1 .tdc-placeholder-title:before {content:'Reklama wbudowana w artyku\u0142 2'!important}.tdb_single_content .td-spot-id-inline_ad2 .tdc-placeholder-title:before{content:'Reklama wbudowana w artyku\u0142 3'!important}.tdb_single_content .td-spot-id -bottom_ad .tdc-placeholder-title:before{content:'Article Bottom Ad'!important}.tdb_single_content .id_top_ad,.tdb_single_content .id_bottom_ad{clear:both;margin-bottom:21px;text-align:center}.tdb_single_content . id_top_ad img,.tdb_single_content .id_bottom_ad img{margin-bottom:0}.tdb_single_content .id_top_ad .adsbygoogle,.tdb_single_content .id_bottom_ad .adsbygoogle{position:relative}.tdb_single_content .id_ad_content-horiz- po lewej,.tdb_single_content .id_ad_content-horiz-right ,.tdb_single_content .id_ad_content-horiz-center{margin-bottom:15px}.tdb_single_content .id_ad_content-horiz-left img,.tdb_single_content .id_ad_content-horiz-right img,.tdb_single_content .id_ad_content-horiz -center img{margines-dolny: 0}.tdb_single_content .id_ad_content-horiz-center{text-align:center}.tdb_single_content .id_ad_content-horiz-center img{margin-right:auto;margin-left:auto}.tdb_single_content .id_ad_content-horiz-left{float: lewy;margin-g\u00f3rny:9px;margin-prawy:21px}.tdb_single_content .id_ad_content-horiz-right{float:right;margin-top:6px;margin-left:21px}.tdb_single_content .tdc-a-ad .tdc- placeholder-title{width:300px;height:250px}.tdb_single_content .tdc-a-ad .tdc-placeholder-title:before{position:absolute;top:50%;-webkit-transform:translateY(-50%); transform:translateY(-50%);margines:auto;display:table;width:100%}.tdb_single_content .tdb-block-inner.td-fix-index{word-break:break-word}.tdi_48,.tdi_48 >p,.tdi_48 .tdb-block-inner>p{font-size:16px!important;line-height:1.6!important}.tdi_48 .tdb-block-inner blockquote p{font-style:normal!important}@ media (maks. szeroko\u015b\u0107: 767 pikseli){.tdb_single_content .id_ad_content-horiz-left,.tdb_single_content .id_ad_content-horiz-right,.tdb_single_content .id_ad_content-horiz-center{margin:0 auto 26px auto}}@media (maks. szeroko\u015b\u0107 :767px){.tdb_single_content .id_ad_content-horiz-left{margin-right:0}}@media (max-width:767px){.tdb_single_content .id_ad_content-horiz-right{margin-left:0}}@media (max -width:767px){.tdb_single_content .td-a-ad{float:none;text-align:center}.tdb_single_content .td-a-ad img{margin-right:auto;margin-left:auto}.tdb_single_content . tdc-a-ad{float:none}}<\/style>\n<div class=\"tdb-block-inner td-fix-index\">\n<p>5 listopada przypada wzruszaj\u0105ca rocznica w \u017cyciu jednego z najwybitniejszych polskich kompozytor\u00f3w, Fryderyka Chopina. Tego dnia 1830 roku Chopin opu\u015bci\u0142 na zawsze ojczyzn\u0119, wyruszaj\u0105c w podr\u00f3\u017c, kt\u00f3ra prowadzi\u0142a go z Kalisza do Wroc\u0142awia, przez Drezno i \u200b\u200bMonachium, a ostatecznie do Pary\u017ca. Wyjazd ten oznacza\u0142 nie tylko fizyczne wygnanie, ale tak\u017ce stanowi\u0142 g\u0142\u0119boki punkt zwrotny w rozwoju artystycznym Chopina, na kt\u00f3ry g\u0142\u0119boki wp\u0142yw mia\u0142y zawirowania polityczne i osobiste cierpienia, jakich do\u015bwiadcza\u0142 w tym burzliwym okresie.<\/p>\n<h2 class=\"wp-block-heading\">Duch rewolucyjny Chopina: wp\u0142yw powstania listopadowego na jego muzyk\u0119 i to\u017csamo\u015b\u0107<\/h2>\n<p>Podr\u00f3\u017c Chopina rozpocz\u0119\u0142a si\u0119 na tle powstania listopadowego, powstania narodowego, kt\u00f3rego celem by\u0142o wyzwolenie Polski spod panowania rosyjskiego. W czasie podr\u00f3\u017cy ci\u0119\u017car tej historycznej chwili mocno ci\u0105\u017cy\u0142 na jego duchu. W Stuttgarcie napisa\u0142 dziennik, kt\u00f3ry p\u00f3\u017aniej zosta\u0142 nazwany \u201eDziennikiem Stuttgarckim\u201d, ukazuj\u0105c g\u0142\u0119bi\u0119 jego rozpaczy, gdy zmaga\u0142 si\u0119 z upadkiem powstania i utrat\u0105 ojczyzny. Dziennik ten jest nie tylko \u015bwiadectwem jego stanu emocjonalnego, ale tak\u017ce odzwierciedleniem intensywnej wi\u0119zi, jak\u0105 czu\u0142 z Polsk\u0105, nawet na odleg\u0142o\u015b\u0107.<\/p>\n<p>W tym czasie Chopin zacz\u0105\u0142 szkicowa\u0107 pomys\u0142y na s\u0142ynn\u0105 \u201eEtiud\u0119 rewolucyjn\u0105\u201d (Etiuda op. 10 nr 12), utw\u00f3r odzwierciedlaj\u0105cy pasj\u0119 i zamieszanie jego prze\u017cy\u0107. Etiuda charakteryzuje si\u0119 polotem dramatycznym i trudno\u015bci\u0105 techniczn\u0105, symbolizuj\u0105c\u0105 walk\u0119 i nadziej\u0119, jak\u0105 Chopin \u017cywi\u0142 dla swojej ojczyzny. M\u00f3wi si\u0119, \u017ce utw\u00f3r zosta\u0142 zainspirowany pilno\u015bci\u0105 powstania, a jego porywaj\u0105ce melodie i ogniste rytmy s\u0142u\u017cy\u0142y zar\u00f3wno jako elegia za utracon\u0105 ojczyzn\u0119, jak i wo\u0142anie o wolno\u015b\u0107.<\/p>\n<h2 class=\"wp-block-heading\">Dramatyczne dziedzictwo Chopina: wygnanie, to\u017csamo\u015b\u0107 i nacjonalizm w jego muzyce<\/h2>\n<p>Dzie\u0142a Chopina z tego okresu przepojone s\u0105 poczuciem dramatyzmu, kt\u00f3ry zdefiniowa\u0142 wiele jego p\u00f3\u017aniejszych kompozycji. Emocjonalna intensywno\u015b\u0107 i t\u0119sknota za ojczyzn\u0105 odbijaj\u0105 si\u0119 echem w takich utworach jak Ballady i Nokturny, w kt\u00f3rych cz\u0119sto pojawiaj\u0105 si\u0119 motywy nostalgii i t\u0119sknoty. Wygnanie nie tylko ukszta\u0142towa\u0142o jego muzyk\u0119, ale tak\u017ce ugruntowa\u0142o jego status symbolu polskiego nacjonalizmu i to\u017csamo\u015bci kulturowej.<\/p>\n<p>Osiedlaj\u0105c si\u0119 w Pary\u017cu, Chopin znalaz\u0142 pr\u0119\u017cne \u015brodowisko artystyczne i sta\u0142 si\u0119 integraln\u0105 cz\u0119\u015bci\u0105 muzycznego \u017cycia miasta. Jednak cie\u0144 jego wygnania pozosta\u0142. Zwi\u0105zek z Polsk\u0105 pozosta\u0142 centralnym elementem jego to\u017csamo\u015bci, wp\u0142ywaj\u0105c zar\u00f3wno na jego kompozycje, jak i na jego wizerunek publiczny. Muzyka Chopina sta\u0142a si\u0119 narz\u0119dziem wyra\u017cania t\u0119sknoty i mi\u0142o\u015bci do ojczyzny, zasypuj\u0105c przepa\u015b\u0107 pomi\u0119dzy jego przesz\u0142o\u015bci\u0105 a tera\u017aniejszo\u015bci\u0105.<\/p>\n<\/div>\n<\/div>\n","protected":false},"excerpt":{"rendered":"<p>5 listopada przypada wzruszaj\u0105ca rocznica w \u017cyciu jednego z najwybitniejszych polskich kompozytor\u00f3w, Fryderyka Chopina. Tego dnia 1830 roku Chopin opu\u015bci\u0142<\/p>\n","protected":false},"author":1,"featured_media":1640,"comment_status":"closed","ping_status":"","sticky":false,"template":"","format":"standard","meta":{"footnotes":""},"categories":[47],"tags":[2713,257,1462,2714,72,2299,1039,2712,2715],"class_list":["post-1639","post","type-post","status-publish","format-standard","has-post-thumbnail","hentry","category-styl-zycia","tag-chopina","tag-jego","tag-legendy","tag-muzycznej","tag-polski","tag-rocznice","tag-wspomnienie","tag-wygnanie","tag-wyjazdu","generate-columns","tablet-grid-50","mobile-grid-100","grid-parent","grid-50","resize-featured-image"],"yoast_head":"<!-- This site is optimized with the Yoast SEO plugin v23.2 - https:\/\/yoast.com\/wordpress\/plugins\/seo\/ -->\n<title>Wygnanie Chopina. Wspomnienie muzycznej legendy w rocznic\u0119 jego wyjazdu z Polski - POGOTOWIE FLAGOWE\u00ae<\/title>\n<meta name=\"robots\" content=\"index, follow, max-snippet:-1, max-image-preview:large, max-video-preview:-1\" \/>\n<link rel=\"canonical\" href=\"https:\/\/www.pogotowieflagowe.pl\/aktualne\/wygnanie-chopina-wspomnienie-muzycznej-legendy-w-rocznice-jego-wyjazdu-z-polski\/\" \/>\n<meta property=\"og:locale\" content=\"pl_PL\" \/>\n<meta property=\"og:type\" content=\"article\" \/>\n<meta property=\"og:title\" content=\"Wygnanie Chopina. Wspomnienie muzycznej legendy w rocznic\u0119 jego wyjazdu z Polski - POGOTOWIE FLAGOWE\u00ae\" \/>\n<meta property=\"og:description\" content=\"5 listopada przypada wzruszaj\u0105ca rocznica w \u017cyciu jednego z najwybitniejszych polskich kompozytor\u00f3w, Fryderyka Chopina. Tego dnia 1830 roku Chopin opu\u015bci\u0142\" \/>\n<meta property=\"og:url\" content=\"https:\/\/www.pogotowieflagowe.pl\/aktualne\/wygnanie-chopina-wspomnienie-muzycznej-legendy-w-rocznice-jego-wyjazdu-z-polski\/\" \/>\n<meta property=\"og:site_name\" content=\"POGOTOWIE FLAGOWE\u00ae\" \/>\n<meta property=\"article:published_time\" content=\"2024-11-05T11:47:29+00:00\" \/>\n<meta property=\"article:modified_time\" content=\"2024-11-05T11:47:31+00:00\" \/>\n<meta property=\"og:image\" content=\"https:\/\/www.pogotowieflagowe.pl\/aktualne\/wp-content\/uploads\/2024\/11\/Wygnanie-Chopina-Wspomnienie-muzycznej-legendy-w-rocznice-jego-wyjazdu-z.jpg\" \/>\n\t<meta property=\"og:image:width\" content=\"1057\" \/>\n\t<meta property=\"og:image:height\" content=\"600\" \/>\n\t<meta property=\"og:image:type\" content=\"image\/jpeg\" \/>\n<meta name=\"author\" content=\"Filip\" \/>\n<meta name=\"twitter:card\" content=\"summary_large_image\" \/>\n<meta name=\"twitter:label1\" content=\"Napisane przez\" \/>\n\t<meta name=\"twitter:data1\" content=\"Filip\" \/>\n\t<meta name=\"twitter:label2\" content=\"Szacowany czas czytania\" \/>\n\t<meta name=\"twitter:data2\" content=\"2 minuty\" \/>\n<script type=\"application\/ld+json\" class=\"yoast-schema-graph\">{\"@context\":\"https:\/\/schema.org\",\"@graph\":[{\"@type\":\"Article\",\"@id\":\"https:\/\/www.pogotowieflagowe.pl\/aktualne\/wygnanie-chopina-wspomnienie-muzycznej-legendy-w-rocznice-jego-wyjazdu-z-polski\/#article\",\"isPartOf\":{\"@id\":\"https:\/\/www.pogotowieflagowe.pl\/aktualne\/wygnanie-chopina-wspomnienie-muzycznej-legendy-w-rocznice-jego-wyjazdu-z-polski\/\"},\"author\":{\"name\":\"Filip\",\"@id\":\"https:\/\/www.pogotowieflagowe.pl\/aktualne\/#\/schema\/person\/9c2fb7d2362ebf6fa088960d7f0d27b0\"},\"headline\":\"Wygnanie Chopina. Wspomnienie muzycznej legendy w rocznic\u0119 jego wyjazdu z Polski\",\"datePublished\":\"2024-11-05T11:47:29+00:00\",\"dateModified\":\"2024-11-05T11:47:31+00:00\",\"mainEntityOfPage\":{\"@id\":\"https:\/\/www.pogotowieflagowe.pl\/aktualne\/wygnanie-chopina-wspomnienie-muzycznej-legendy-w-rocznice-jego-wyjazdu-z-polski\/\"},\"wordCount\":442,\"publisher\":{\"@id\":\"https:\/\/www.pogotowieflagowe.pl\/aktualne\/#organization\"},\"image\":{\"@id\":\"https:\/\/www.pogotowieflagowe.pl\/aktualne\/wygnanie-chopina-wspomnienie-muzycznej-legendy-w-rocznice-jego-wyjazdu-z-polski\/#primaryimage\"},\"thumbnailUrl\":\"https:\/\/www.pogotowieflagowe.pl\/aktualne\/wp-content\/uploads\/2024\/11\/Wygnanie-Chopina-Wspomnienie-muzycznej-legendy-w-rocznice-jego-wyjazdu-z.jpg\",\"keywords\":[\"Chopina\",\"jego\",\"legendy\",\"muzycznej\",\"polski\",\"rocznic\u0119\",\"Wspomnienie\",\"Wygnanie\",\"wyjazdu\"],\"articleSection\":[\"Styl \u017cycia\"],\"inLanguage\":\"pl-PL\"},{\"@type\":\"WebPage\",\"@id\":\"https:\/\/www.pogotowieflagowe.pl\/aktualne\/wygnanie-chopina-wspomnienie-muzycznej-legendy-w-rocznice-jego-wyjazdu-z-polski\/\",\"url\":\"https:\/\/www.pogotowieflagowe.pl\/aktualne\/wygnanie-chopina-wspomnienie-muzycznej-legendy-w-rocznice-jego-wyjazdu-z-polski\/\",\"name\":\"Wygnanie Chopina. Wspomnienie muzycznej legendy w rocznic\u0119 jego wyjazdu z Polski - POGOTOWIE FLAGOWE\u00ae\",\"isPartOf\":{\"@id\":\"https:\/\/www.pogotowieflagowe.pl\/aktualne\/#website\"},\"primaryImageOfPage\":{\"@id\":\"https:\/\/www.pogotowieflagowe.pl\/aktualne\/wygnanie-chopina-wspomnienie-muzycznej-legendy-w-rocznice-jego-wyjazdu-z-polski\/#primaryimage\"},\"image\":{\"@id\":\"https:\/\/www.pogotowieflagowe.pl\/aktualne\/wygnanie-chopina-wspomnienie-muzycznej-legendy-w-rocznice-jego-wyjazdu-z-polski\/#primaryimage\"},\"thumbnailUrl\":\"https:\/\/www.pogotowieflagowe.pl\/aktualne\/wp-content\/uploads\/2024\/11\/Wygnanie-Chopina-Wspomnienie-muzycznej-legendy-w-rocznice-jego-wyjazdu-z.jpg\",\"datePublished\":\"2024-11-05T11:47:29+00:00\",\"dateModified\":\"2024-11-05T11:47:31+00:00\",\"breadcrumb\":{\"@id\":\"https:\/\/www.pogotowieflagowe.pl\/aktualne\/wygnanie-chopina-wspomnienie-muzycznej-legendy-w-rocznice-jego-wyjazdu-z-polski\/#breadcrumb\"},\"inLanguage\":\"pl-PL\",\"potentialAction\":[{\"@type\":\"ReadAction\",\"target\":[\"https:\/\/www.pogotowieflagowe.pl\/aktualne\/wygnanie-chopina-wspomnienie-muzycznej-legendy-w-rocznice-jego-wyjazdu-z-polski\/\"]}]},{\"@type\":\"ImageObject\",\"inLanguage\":\"pl-PL\",\"@id\":\"https:\/\/www.pogotowieflagowe.pl\/aktualne\/wygnanie-chopina-wspomnienie-muzycznej-legendy-w-rocznice-jego-wyjazdu-z-polski\/#primaryimage\",\"url\":\"https:\/\/www.pogotowieflagowe.pl\/aktualne\/wp-content\/uploads\/2024\/11\/Wygnanie-Chopina-Wspomnienie-muzycznej-legendy-w-rocznice-jego-wyjazdu-z.jpg\",\"contentUrl\":\"https:\/\/www.pogotowieflagowe.pl\/aktualne\/wp-content\/uploads\/2024\/11\/Wygnanie-Chopina-Wspomnienie-muzycznej-legendy-w-rocznice-jego-wyjazdu-z.jpg\",\"width\":1057,\"height\":600,\"caption\":\"Wygnanie Chopina. Wspomnienie muzycznej legendy w rocznic\u0119 jego wyjazdu z Polski\"},{\"@type\":\"BreadcrumbList\",\"@id\":\"https:\/\/www.pogotowieflagowe.pl\/aktualne\/wygnanie-chopina-wspomnienie-muzycznej-legendy-w-rocznice-jego-wyjazdu-z-polski\/#breadcrumb\",\"itemListElement\":[{\"@type\":\"ListItem\",\"position\":1,\"name\":\"Home\",\"item\":\"https:\/\/www.pogotowieflagowe.pl\/aktualne\/\"},{\"@type\":\"ListItem\",\"position\":2,\"name\":\"Wygnanie Chopina. Wspomnienie muzycznej legendy w rocznic\u0119 jego wyjazdu z Polski\"}]},{\"@type\":\"WebSite\",\"@id\":\"https:\/\/www.pogotowieflagowe.pl\/aktualne\/#website\",\"url\":\"https:\/\/www.pogotowieflagowe.pl\/aktualne\/\",\"name\":\"POGOTOWIE FLAGOWE\u00ae\",\"description\":\"\",\"publisher\":{\"@id\":\"https:\/\/www.pogotowieflagowe.pl\/aktualne\/#organization\"},\"potentialAction\":[{\"@type\":\"SearchAction\",\"target\":{\"@type\":\"EntryPoint\",\"urlTemplate\":\"https:\/\/www.pogotowieflagowe.pl\/aktualne\/?s={search_term_string}\"},\"query-input\":\"required name=search_term_string\"}],\"inLanguage\":\"pl-PL\"},{\"@type\":\"Organization\",\"@id\":\"https:\/\/www.pogotowieflagowe.pl\/aktualne\/#organization\",\"name\":\"POGOTOWIE FLAGOWE\u00ae\",\"url\":\"https:\/\/www.pogotowieflagowe.pl\/aktualne\/\",\"logo\":{\"@type\":\"ImageObject\",\"inLanguage\":\"pl-PL\",\"@id\":\"https:\/\/www.pogotowieflagowe.pl\/aktualne\/#\/schema\/logo\/image\/\",\"url\":\"https:\/\/www.pogotowieflagowe.pl\/aktualne\/wp-content\/uploads\/2024\/08\/cropped-pogotowieflagowe_flaga_projekt_sm.jpg\",\"contentUrl\":\"https:\/\/www.pogotowieflagowe.pl\/aktualne\/wp-content\/uploads\/2024\/08\/cropped-pogotowieflagowe_flaga_projekt_sm.jpg\",\"width\":250,\"height\":143,\"caption\":\"POGOTOWIE FLAGOWE\u00ae\"},\"image\":{\"@id\":\"https:\/\/www.pogotowieflagowe.pl\/aktualne\/#\/schema\/logo\/image\/\"}},{\"@type\":\"Person\",\"@id\":\"https:\/\/www.pogotowieflagowe.pl\/aktualne\/#\/schema\/person\/9c2fb7d2362ebf6fa088960d7f0d27b0\",\"name\":\"Filip\",\"image\":{\"@type\":\"ImageObject\",\"inLanguage\":\"pl-PL\",\"@id\":\"https:\/\/www.pogotowieflagowe.pl\/aktualne\/#\/schema\/person\/image\/\",\"url\":\"https:\/\/www.pogotowieflagowe.pl\/aktualne\/wp-content\/uploads\/2024\/08\/pogotowieflagowe.pl_.jpg\",\"contentUrl\":\"https:\/\/www.pogotowieflagowe.pl\/aktualne\/wp-content\/uploads\/2024\/08\/pogotowieflagowe.pl_.jpg\",\"caption\":\"Filip\"},\"description\":\"Jestem Filip, polski dziennikarz z dyplomem nauk politycznych Uniwersytetu Warszawskiego. Rozpoczynaj\u0105c swoj\u0105 karier\u0119 w r\u00f3\u017cnych lokalnych mediach, zdoby\u0142em solidne do\u015bwiadczenie w zakresie \u015bledztwa i redakcji. Obecnie jako redaktor w Pogotowie flagowe, staram si\u0119 dostarcza\u0107 dog\u0142\u0119bne i istotne analizy na temat najwa\u017cniejszych kwestii aktualno\u015bci, \u0142\u0105cz\u0105c rygor z pasj\u0105 dziennikarsk\u0105.\",\"sameAs\":[\"https:\/\/www.pogotowieflagowe.pl\/\"]}]}<\/script>\n<!-- \/ Yoast SEO plugin. -->","yoast_head_json":{"title":"Wygnanie Chopina. Wspomnienie muzycznej legendy w rocznic\u0119 jego wyjazdu z Polski - POGOTOWIE FLAGOWE\u00ae","robots":{"index":"index","follow":"follow","max-snippet":"max-snippet:-1","max-image-preview":"max-image-preview:large","max-video-preview":"max-video-preview:-1"},"canonical":"https:\/\/www.pogotowieflagowe.pl\/aktualne\/wygnanie-chopina-wspomnienie-muzycznej-legendy-w-rocznice-jego-wyjazdu-z-polski\/","og_locale":"pl_PL","og_type":"article","og_title":"Wygnanie Chopina. Wspomnienie muzycznej legendy w rocznic\u0119 jego wyjazdu z Polski - POGOTOWIE FLAGOWE\u00ae","og_description":"5 listopada przypada wzruszaj\u0105ca rocznica w \u017cyciu jednego z najwybitniejszych polskich kompozytor\u00f3w, Fryderyka Chopina. Tego dnia 1830 roku Chopin opu\u015bci\u0142","og_url":"https:\/\/www.pogotowieflagowe.pl\/aktualne\/wygnanie-chopina-wspomnienie-muzycznej-legendy-w-rocznice-jego-wyjazdu-z-polski\/","og_site_name":"POGOTOWIE FLAGOWE\u00ae","article_published_time":"2024-11-05T11:47:29+00:00","article_modified_time":"2024-11-05T11:47:31+00:00","og_image":[{"width":1057,"height":600,"url":"https:\/\/www.pogotowieflagowe.pl\/aktualne\/wp-content\/uploads\/2024\/11\/Wygnanie-Chopina-Wspomnienie-muzycznej-legendy-w-rocznice-jego-wyjazdu-z.jpg","type":"image\/jpeg"}],"author":"Filip","twitter_card":"summary_large_image","twitter_misc":{"Napisane przez":"Filip","Szacowany czas czytania":"2 minuty"},"schema":{"@context":"https:\/\/schema.org","@graph":[{"@type":"Article","@id":"https:\/\/www.pogotowieflagowe.pl\/aktualne\/wygnanie-chopina-wspomnienie-muzycznej-legendy-w-rocznice-jego-wyjazdu-z-polski\/#article","isPartOf":{"@id":"https:\/\/www.pogotowieflagowe.pl\/aktualne\/wygnanie-chopina-wspomnienie-muzycznej-legendy-w-rocznice-jego-wyjazdu-z-polski\/"},"author":{"name":"Filip","@id":"https:\/\/www.pogotowieflagowe.pl\/aktualne\/#\/schema\/person\/9c2fb7d2362ebf6fa088960d7f0d27b0"},"headline":"Wygnanie Chopina. Wspomnienie muzycznej legendy w rocznic\u0119 jego wyjazdu z Polski","datePublished":"2024-11-05T11:47:29+00:00","dateModified":"2024-11-05T11:47:31+00:00","mainEntityOfPage":{"@id":"https:\/\/www.pogotowieflagowe.pl\/aktualne\/wygnanie-chopina-wspomnienie-muzycznej-legendy-w-rocznice-jego-wyjazdu-z-polski\/"},"wordCount":442,"publisher":{"@id":"https:\/\/www.pogotowieflagowe.pl\/aktualne\/#organization"},"image":{"@id":"https:\/\/www.pogotowieflagowe.pl\/aktualne\/wygnanie-chopina-wspomnienie-muzycznej-legendy-w-rocznice-jego-wyjazdu-z-polski\/#primaryimage"},"thumbnailUrl":"https:\/\/www.pogotowieflagowe.pl\/aktualne\/wp-content\/uploads\/2024\/11\/Wygnanie-Chopina-Wspomnienie-muzycznej-legendy-w-rocznice-jego-wyjazdu-z.jpg","keywords":["Chopina","jego","legendy","muzycznej","polski","rocznic\u0119","Wspomnienie","Wygnanie","wyjazdu"],"articleSection":["Styl \u017cycia"],"inLanguage":"pl-PL"},{"@type":"WebPage","@id":"https:\/\/www.pogotowieflagowe.pl\/aktualne\/wygnanie-chopina-wspomnienie-muzycznej-legendy-w-rocznice-jego-wyjazdu-z-polski\/","url":"https:\/\/www.pogotowieflagowe.pl\/aktualne\/wygnanie-chopina-wspomnienie-muzycznej-legendy-w-rocznice-jego-wyjazdu-z-polski\/","name":"Wygnanie Chopina. Wspomnienie muzycznej legendy w rocznic\u0119 jego wyjazdu z Polski - POGOTOWIE FLAGOWE\u00ae","isPartOf":{"@id":"https:\/\/www.pogotowieflagowe.pl\/aktualne\/#website"},"primaryImageOfPage":{"@id":"https:\/\/www.pogotowieflagowe.pl\/aktualne\/wygnanie-chopina-wspomnienie-muzycznej-legendy-w-rocznice-jego-wyjazdu-z-polski\/#primaryimage"},"image":{"@id":"https:\/\/www.pogotowieflagowe.pl\/aktualne\/wygnanie-chopina-wspomnienie-muzycznej-legendy-w-rocznice-jego-wyjazdu-z-polski\/#primaryimage"},"thumbnailUrl":"https:\/\/www.pogotowieflagowe.pl\/aktualne\/wp-content\/uploads\/2024\/11\/Wygnanie-Chopina-Wspomnienie-muzycznej-legendy-w-rocznice-jego-wyjazdu-z.jpg","datePublished":"2024-11-05T11:47:29+00:00","dateModified":"2024-11-05T11:47:31+00:00","breadcrumb":{"@id":"https:\/\/www.pogotowieflagowe.pl\/aktualne\/wygnanie-chopina-wspomnienie-muzycznej-legendy-w-rocznice-jego-wyjazdu-z-polski\/#breadcrumb"},"inLanguage":"pl-PL","potentialAction":[{"@type":"ReadAction","target":["https:\/\/www.pogotowieflagowe.pl\/aktualne\/wygnanie-chopina-wspomnienie-muzycznej-legendy-w-rocznice-jego-wyjazdu-z-polski\/"]}]},{"@type":"ImageObject","inLanguage":"pl-PL","@id":"https:\/\/www.pogotowieflagowe.pl\/aktualne\/wygnanie-chopina-wspomnienie-muzycznej-legendy-w-rocznice-jego-wyjazdu-z-polski\/#primaryimage","url":"https:\/\/www.pogotowieflagowe.pl\/aktualne\/wp-content\/uploads\/2024\/11\/Wygnanie-Chopina-Wspomnienie-muzycznej-legendy-w-rocznice-jego-wyjazdu-z.jpg","contentUrl":"https:\/\/www.pogotowieflagowe.pl\/aktualne\/wp-content\/uploads\/2024\/11\/Wygnanie-Chopina-Wspomnienie-muzycznej-legendy-w-rocznice-jego-wyjazdu-z.jpg","width":1057,"height":600,"caption":"Wygnanie Chopina. Wspomnienie muzycznej legendy w rocznic\u0119 jego wyjazdu z Polski"},{"@type":"BreadcrumbList","@id":"https:\/\/www.pogotowieflagowe.pl\/aktualne\/wygnanie-chopina-wspomnienie-muzycznej-legendy-w-rocznice-jego-wyjazdu-z-polski\/#breadcrumb","itemListElement":[{"@type":"ListItem","position":1,"name":"Home","item":"https:\/\/www.pogotowieflagowe.pl\/aktualne\/"},{"@type":"ListItem","position":2,"name":"Wygnanie Chopina. Wspomnienie muzycznej legendy w rocznic\u0119 jego wyjazdu z Polski"}]},{"@type":"WebSite","@id":"https:\/\/www.pogotowieflagowe.pl\/aktualne\/#website","url":"https:\/\/www.pogotowieflagowe.pl\/aktualne\/","name":"POGOTOWIE FLAGOWE\u00ae","description":"","publisher":{"@id":"https:\/\/www.pogotowieflagowe.pl\/aktualne\/#organization"},"potentialAction":[{"@type":"SearchAction","target":{"@type":"EntryPoint","urlTemplate":"https:\/\/www.pogotowieflagowe.pl\/aktualne\/?s={search_term_string}"},"query-input":"required name=search_term_string"}],"inLanguage":"pl-PL"},{"@type":"Organization","@id":"https:\/\/www.pogotowieflagowe.pl\/aktualne\/#organization","name":"POGOTOWIE FLAGOWE\u00ae","url":"https:\/\/www.pogotowieflagowe.pl\/aktualne\/","logo":{"@type":"ImageObject","inLanguage":"pl-PL","@id":"https:\/\/www.pogotowieflagowe.pl\/aktualne\/#\/schema\/logo\/image\/","url":"https:\/\/www.pogotowieflagowe.pl\/aktualne\/wp-content\/uploads\/2024\/08\/cropped-pogotowieflagowe_flaga_projekt_sm.jpg","contentUrl":"https:\/\/www.pogotowieflagowe.pl\/aktualne\/wp-content\/uploads\/2024\/08\/cropped-pogotowieflagowe_flaga_projekt_sm.jpg","width":250,"height":143,"caption":"POGOTOWIE FLAGOWE\u00ae"},"image":{"@id":"https:\/\/www.pogotowieflagowe.pl\/aktualne\/#\/schema\/logo\/image\/"}},{"@type":"Person","@id":"https:\/\/www.pogotowieflagowe.pl\/aktualne\/#\/schema\/person\/9c2fb7d2362ebf6fa088960d7f0d27b0","name":"Filip","image":{"@type":"ImageObject","inLanguage":"pl-PL","@id":"https:\/\/www.pogotowieflagowe.pl\/aktualne\/#\/schema\/person\/image\/","url":"https:\/\/www.pogotowieflagowe.pl\/aktualne\/wp-content\/uploads\/2024\/08\/pogotowieflagowe.pl_.jpg","contentUrl":"https:\/\/www.pogotowieflagowe.pl\/aktualne\/wp-content\/uploads\/2024\/08\/pogotowieflagowe.pl_.jpg","caption":"Filip"},"description":"Jestem Filip, polski dziennikarz z dyplomem nauk politycznych Uniwersytetu Warszawskiego. Rozpoczynaj\u0105c swoj\u0105 karier\u0119 w r\u00f3\u017cnych lokalnych mediach, zdoby\u0142em solidne do\u015bwiadczenie w zakresie \u015bledztwa i redakcji. Obecnie jako redaktor w Pogotowie flagowe, staram si\u0119 dostarcza\u0107 dog\u0142\u0119bne i istotne analizy na temat najwa\u017cniejszych kwestii aktualno\u015bci, \u0142\u0105cz\u0105c rygor z pasj\u0105 dziennikarsk\u0105.","sameAs":["https:\/\/www.pogotowieflagowe.pl\/"]}]}},"_links":{"self":[{"href":"https:\/\/www.pogotowieflagowe.pl\/aktualne\/wp-json\/wp\/v2\/posts\/1639","targetHints":{"allow":["GET"]}}],"collection":[{"href":"https:\/\/www.pogotowieflagowe.pl\/aktualne\/wp-json\/wp\/v2\/posts"}],"about":[{"href":"https:\/\/www.pogotowieflagowe.pl\/aktualne\/wp-json\/wp\/v2\/types\/post"}],"author":[{"embeddable":true,"href":"https:\/\/www.pogotowieflagowe.pl\/aktualne\/wp-json\/wp\/v2\/users\/1"}],"replies":[{"embeddable":true,"href":"https:\/\/www.pogotowieflagowe.pl\/aktualne\/wp-json\/wp\/v2\/comments?post=1639"}],"version-history":[{"count":1,"href":"https:\/\/www.pogotowieflagowe.pl\/aktualne\/wp-json\/wp\/v2\/posts\/1639\/revisions"}],"predecessor-version":[{"id":1641,"href":"https:\/\/www.pogotowieflagowe.pl\/aktualne\/wp-json\/wp\/v2\/posts\/1639\/revisions\/1641"}],"wp:featuredmedia":[{"embeddable":true,"href":"https:\/\/www.pogotowieflagowe.pl\/aktualne\/wp-json\/wp\/v2\/media\/1640"}],"wp:attachment":[{"href":"https:\/\/www.pogotowieflagowe.pl\/aktualne\/wp-json\/wp\/v2\/media?parent=1639"}],"wp:term":[{"taxonomy":"category","embeddable":true,"href":"https:\/\/www.pogotowieflagowe.pl\/aktualne\/wp-json\/wp\/v2\/categories?post=1639"},{"taxonomy":"post_tag","embeddable":true,"href":"https:\/\/www.pogotowieflagowe.pl\/aktualne\/wp-json\/wp\/v2\/tags?post=1639"}],"curies":[{"name":"wp","href":"https:\/\/api.w.org\/{rel}","templated":true}]}}