{"id":1648,"date":"2024-11-05T15:48:04","date_gmt":"2024-11-05T14:48:04","guid":{"rendered":"https:\/\/www.pogotowieflagowe.pl\/aktualne\/doktor-karol-nawrocki-sygnalizuje-gotowosc-do-kandydowania-na-prezydenta\/"},"modified":"2024-11-05T15:48:07","modified_gmt":"2024-11-05T14:48:07","slug":"doktor-karol-nawrocki-sygnalizuje-gotowosc-do-kandydowania-na-prezydenta","status":"publish","type":"post","link":"https:\/\/www.pogotowieflagowe.pl\/aktualne\/doktor-karol-nawrocki-sygnalizuje-gotowosc-do-kandydowania-na-prezydenta\/","title":{"rendered":"Doktor Karol Nawrocki sygnalizuje gotowo\u015b\u0107 do kandydowania na prezydenta"},"content":{"rendered":"\n<div class=\"td_block_wrap tdb_single_content tdi_48 td-pb-border-top td_block_template_8 td-post-content tagdiv-type\" data-td-block-uid=\"tdi_48\">\n<style>.tdi_48{margines-g\u00f3rny:0px!important;margin-bottom:0px!important;dope\u0142nienie-g\u00f3ra:0px!important;dope\u0142nienie-d\u00f3\u0142:0px!important}<\/style>\n<style>.tdb_single_content{margin-bottom:0;*zoom:1}.tdb_single_content:before,.tdb_single_content:after{display:table;content:'';line-height:0}.tdb_single_content:after{clear:both}.tdb_single_content .tdb-block-inner>*:not(.wp-block-quote):not(.alignwide):not(.alignfull.wp-block-cover.has-parallax):not(.td-a-ad) {margin-left:auto;margin-right:auto}.tdb_single_content a{pointer-events:auto}.tdb_single_content .td-spot-id-top_ad .tdc-placeholder-title:before{content:'Najlepsza reklama artyku\u0142u'! wa\u017cne}.tdb_single_content .td-spot-id-inline_ad0 .tdc-placeholder-title:before{content:'Article Inline Ad 1'!important}.tdb_single_content .td-spot-id-inline_ad1 .tdc-placeholder-title:before {content:'Reklama wbudowana w artyku\u0142 2'!important}.tdb_single_content .td-spot-id-inline_ad2 .tdc-placeholder-title:before{content:'Reklama wbudowana w artyku\u0142 3'!important}.tdb_single_content .td-spot-id -bottom_ad .tdc-placeholder-title:before{content:'Article Bottom Ad'!important}.tdb_single_content .id_top_ad,.tdb_single_content .id_bottom_ad{clear:both;margin-bottom:21px;text-align:center}.tdb_single_content . id_top_ad img,.tdb_single_content .id_bottom_ad img{margin-bottom:0}.tdb_single_content .id_top_ad .adsbygoogle,.tdb_single_content .id_bottom_ad .adsbygoogle{position:relative}.tdb_single_content .id_ad_content-horiz- po lewej,.tdb_single_content .id_ad_content-horiz-right ,.tdb_single_content .id_ad_content-horiz-center{margin-bottom:15px}.tdb_single_content .id_ad_content-horiz-left img,.tdb_single_content .id_ad_content-horiz-right img,.tdb_single_content .id_ad_content-horiz -center img{margines-dolny: 0}.tdb_single_content .id_ad_content-horiz-center{text-align:center}.tdb_single_content .id_ad_content-horiz-center img{margin-right:auto;margin-left:auto}.tdb_single_content .id_ad_content-horiz-left{float: lewy;margin-g\u00f3rny:9px;margin-prawy:21px}.tdb_single_content .id_ad_content-horiz-right{float:right;margin-top:6px;margin-left:21px}.tdb_single_content .tdc-a-ad .tdc- placeholder-title{width:300px;height:250px}.tdb_single_content .tdc-a-ad .tdc-placeholder-title:before{position:absolute;top:50%;-webkit-transform:translateY(-50%); transform:translateY(-50%);margines:auto;display:table;width:100%}.tdb_single_content .tdb-block-inner.td-fix-index{word-break:break-word}.tdi_48,.tdi_48 >p,.tdi_48 .tdb-block-inner>p{font-size:16px!important;line-height:1.6!important}.tdi_48 .tdb-block-inner blockquote p{font-style:normal!important}@ media (maks. szeroko\u015b\u0107: 767 pikseli){.tdb_single_content .id_ad_content-horiz-left,.tdb_single_content .id_ad_content-horiz-right,.tdb_single_content .id_ad_content-horiz-center{margin:0 auto 26px auto}}@media (maks. szeroko\u015b\u0107 :767px){.tdb_single_content .id_ad_content-horiz-left{margin-right:0}}@media (max-width:767px){.tdb_single_content .id_ad_content-horiz-right{margin-left:0}}@media (max -width:767px){.tdb_single_content .td-a-ad{float:none;text-align:center}.tdb_single_content .td-a-ad img{margin-right:auto;margin-left:auto}.tdb_single_content . tdc-a-ad{float:none}}<\/style>\n<div class=\"tdb-block-inner td-fix-index\">\n<p>Doktor Karol Nawrocki, szef IPN, wyrazi\u0142 swoje poczucie obowi\u0105zku wobec kraju i zasugerowa\u0142 mo\u017cliwo\u015b\u0107 kandydowania na prezydenta. W niedawnej rozmowie z Katarzyn\u0105 G\u00f3jsk\u0105 Nawrocki om\u00f3wi\u0142 swoje zaanga\u017cowanie w Polsce, podkre\u015blaj\u0105c, \u017ce jest gotowy wzi\u0105\u0107 na siebie wi\u0119ksz\u0105 odpowiedzialno\u015b\u0107, je\u015bli nadarzy si\u0119 okazja. \u201eCzuj\u0119 si\u0119 odpowiedzialny za Polsk\u0119\u201d \u2013 powiedzia\u0142 Nawrocki, oddalaj\u0105c pogl\u0105d, \u017ce jego zainteresowanie przyw\u00f3dztwem wynika z osobistych ambicji. Zamiast tego podkre\u015bli\u0142 swoje g\u0142\u0119boko zakorzenione poczucie obowi\u0105zku wobec narodu.<\/p>\n<p>Obecnie okre\u015blany jako \u201ekandydat na kandydata\u201d rz\u0105dz\u0105cej partii Prawo i Sprawiedliwo\u015b\u0107 (PiS) Nawrocki przyzna\u0142, \u017ce zastanawia\u0142 si\u0119 nad tym od kilku miesi\u0119cy. Wyrazi\u0142 gotowo\u015b\u0107 s\u0142u\u017cenia, je\u015bli zostanie wezwany, stwierdzaj\u0105c, \u017ce Polacy zas\u0142uguj\u0105 na przyw\u00f3dc\u00f3w, kt\u00f3rzy, gdy tylko nadarzy si\u0119 okazja, nie wahaj\u0105 si\u0119 wyst\u0105pi\u0107.<\/p>\n<p>Zapytany, czy m\u00f3g\u0142by zapewni\u0107 sobie poparcie poza PiS, Nawrocki zauwa\u017cy\u0142, \u017ce jego pierwsza nominacja na prezesa IPN spotka\u0142a si\u0119 z poparciem r\u00f3\u017cnych grup, w tym PSL i Konfederacji, co uwa\u017ca\u0142 w\u00f3wczas za ma\u0142o prawdopodobne. Wspominaj\u0105c swoj\u0105 prac\u0119 w IPN, uwa\u017ca, \u017ce \u200b\u200bjego praca zbudowa\u0142a zaufanie mi\u0119dzy tymi grupami politycznymi, co sugeruje, \u017ce m\u00f3g\u0142by w przysz\u0142o\u015bci zjednoczy\u0107 r\u00f3\u017cne frakcje.<\/p>\n<\/div>\n<\/div>\n","protected":false},"excerpt":{"rendered":"<p>Doktor Karol Nawrocki, szef IPN, wyrazi\u0142 swoje poczucie obowi\u0105zku wobec kraju i zasugerowa\u0142 mo\u017cliwo\u015b\u0107 kandydowania na prezydenta. W niedawnej rozmowie<\/p>\n","protected":false},"author":1,"featured_media":1649,"comment_status":"closed","ping_status":"","sticky":false,"template":"","format":"standard","meta":{"footnotes":""},"categories":[44],"tags":[2725,1167,2728,2726,2727,568,1166],"class_list":["post-1648","post","type-post","status-publish","format-standard","has-post-thumbnail","hentry","category-polityka","tag-doktor","tag-gotowosc","tag-kandydowania","tag-karol","tag-nawrocki","tag-prezydenta","tag-sygnalizuje","generate-columns","tablet-grid-50","mobile-grid-100","grid-parent","grid-50","resize-featured-image"],"yoast_head":"<!-- This site is optimized with the Yoast SEO plugin v23.2 - https:\/\/yoast.com\/wordpress\/plugins\/seo\/ -->\n<title>Doktor Karol Nawrocki sygnalizuje gotowo\u015b\u0107 do kandydowania na prezydenta - POGOTOWIE FLAGOWE\u00ae<\/title>\n<meta name=\"robots\" content=\"index, follow, max-snippet:-1, max-image-preview:large, max-video-preview:-1\" \/>\n<link rel=\"canonical\" href=\"https:\/\/www.pogotowieflagowe.pl\/aktualne\/doktor-karol-nawrocki-sygnalizuje-gotowosc-do-kandydowania-na-prezydenta\/\" \/>\n<meta property=\"og:locale\" content=\"pl_PL\" \/>\n<meta property=\"og:type\" content=\"article\" \/>\n<meta property=\"og:title\" content=\"Doktor Karol Nawrocki sygnalizuje gotowo\u015b\u0107 do kandydowania na prezydenta - POGOTOWIE FLAGOWE\u00ae\" \/>\n<meta property=\"og:description\" content=\"Doktor Karol Nawrocki, szef IPN, wyrazi\u0142 swoje poczucie obowi\u0105zku wobec kraju i zasugerowa\u0142 mo\u017cliwo\u015b\u0107 kandydowania na prezydenta. W niedawnej rozmowie\" \/>\n<meta property=\"og:url\" content=\"https:\/\/www.pogotowieflagowe.pl\/aktualne\/doktor-karol-nawrocki-sygnalizuje-gotowosc-do-kandydowania-na-prezydenta\/\" \/>\n<meta property=\"og:site_name\" content=\"POGOTOWIE FLAGOWE\u00ae\" \/>\n<meta property=\"article:published_time\" content=\"2024-11-05T14:48:04+00:00\" \/>\n<meta property=\"article:modified_time\" content=\"2024-11-05T14:48:07+00:00\" \/>\n<meta property=\"og:image\" content=\"https:\/\/www.pogotowieflagowe.pl\/aktualne\/wp-content\/uploads\/2024\/11\/Doktor-Karol-Nawrocki-sygnalizuje-gotowosc-do-kandydowania-na-prezydenta.jpg\" \/>\n\t<meta property=\"og:image:width\" content=\"2048\" \/>\n\t<meta property=\"og:image:height\" content=\"1162\" \/>\n\t<meta property=\"og:image:type\" content=\"image\/jpeg\" \/>\n<meta name=\"author\" content=\"Filip\" \/>\n<meta name=\"twitter:card\" content=\"summary_large_image\" \/>\n<meta name=\"twitter:label1\" content=\"Napisane przez\" \/>\n\t<meta name=\"twitter:data1\" content=\"Filip\" \/>\n\t<meta name=\"twitter:label2\" content=\"Szacowany czas czytania\" \/>\n\t<meta name=\"twitter:data2\" content=\"1 minuta\" \/>\n<script type=\"application\/ld+json\" class=\"yoast-schema-graph\">{\"@context\":\"https:\/\/schema.org\",\"@graph\":[{\"@type\":\"Article\",\"@id\":\"https:\/\/www.pogotowieflagowe.pl\/aktualne\/doktor-karol-nawrocki-sygnalizuje-gotowosc-do-kandydowania-na-prezydenta\/#article\",\"isPartOf\":{\"@id\":\"https:\/\/www.pogotowieflagowe.pl\/aktualne\/doktor-karol-nawrocki-sygnalizuje-gotowosc-do-kandydowania-na-prezydenta\/\"},\"author\":{\"name\":\"Filip\",\"@id\":\"https:\/\/www.pogotowieflagowe.pl\/aktualne\/#\/schema\/person\/9c2fb7d2362ebf6fa088960d7f0d27b0\"},\"headline\":\"Doktor Karol Nawrocki sygnalizuje gotowo\u015b\u0107 do kandydowania na prezydenta\",\"datePublished\":\"2024-11-05T14:48:04+00:00\",\"dateModified\":\"2024-11-05T14:48:07+00:00\",\"mainEntityOfPage\":{\"@id\":\"https:\/\/www.pogotowieflagowe.pl\/aktualne\/doktor-karol-nawrocki-sygnalizuje-gotowosc-do-kandydowania-na-prezydenta\/\"},\"wordCount\":225,\"publisher\":{\"@id\":\"https:\/\/www.pogotowieflagowe.pl\/aktualne\/#organization\"},\"image\":{\"@id\":\"https:\/\/www.pogotowieflagowe.pl\/aktualne\/doktor-karol-nawrocki-sygnalizuje-gotowosc-do-kandydowania-na-prezydenta\/#primaryimage\"},\"thumbnailUrl\":\"https:\/\/www.pogotowieflagowe.pl\/aktualne\/wp-content\/uploads\/2024\/11\/Doktor-Karol-Nawrocki-sygnalizuje-gotowosc-do-kandydowania-na-prezydenta.jpg\",\"keywords\":[\"Doktor\",\"gotowo\u015b\u0107\",\"kandydowania\",\"Karol\",\"Nawrocki\",\"prezydenta\",\"sygnalizuje\"],\"articleSection\":[\"Polityka\"],\"inLanguage\":\"pl-PL\"},{\"@type\":\"WebPage\",\"@id\":\"https:\/\/www.pogotowieflagowe.pl\/aktualne\/doktor-karol-nawrocki-sygnalizuje-gotowosc-do-kandydowania-na-prezydenta\/\",\"url\":\"https:\/\/www.pogotowieflagowe.pl\/aktualne\/doktor-karol-nawrocki-sygnalizuje-gotowosc-do-kandydowania-na-prezydenta\/\",\"name\":\"Doktor Karol Nawrocki sygnalizuje gotowo\u015b\u0107 do kandydowania na prezydenta - POGOTOWIE FLAGOWE\u00ae\",\"isPartOf\":{\"@id\":\"https:\/\/www.pogotowieflagowe.pl\/aktualne\/#website\"},\"primaryImageOfPage\":{\"@id\":\"https:\/\/www.pogotowieflagowe.pl\/aktualne\/doktor-karol-nawrocki-sygnalizuje-gotowosc-do-kandydowania-na-prezydenta\/#primaryimage\"},\"image\":{\"@id\":\"https:\/\/www.pogotowieflagowe.pl\/aktualne\/doktor-karol-nawrocki-sygnalizuje-gotowosc-do-kandydowania-na-prezydenta\/#primaryimage\"},\"thumbnailUrl\":\"https:\/\/www.pogotowieflagowe.pl\/aktualne\/wp-content\/uploads\/2024\/11\/Doktor-Karol-Nawrocki-sygnalizuje-gotowosc-do-kandydowania-na-prezydenta.jpg\",\"datePublished\":\"2024-11-05T14:48:04+00:00\",\"dateModified\":\"2024-11-05T14:48:07+00:00\",\"breadcrumb\":{\"@id\":\"https:\/\/www.pogotowieflagowe.pl\/aktualne\/doktor-karol-nawrocki-sygnalizuje-gotowosc-do-kandydowania-na-prezydenta\/#breadcrumb\"},\"inLanguage\":\"pl-PL\",\"potentialAction\":[{\"@type\":\"ReadAction\",\"target\":[\"https:\/\/www.pogotowieflagowe.pl\/aktualne\/doktor-karol-nawrocki-sygnalizuje-gotowosc-do-kandydowania-na-prezydenta\/\"]}]},{\"@type\":\"ImageObject\",\"inLanguage\":\"pl-PL\",\"@id\":\"https:\/\/www.pogotowieflagowe.pl\/aktualne\/doktor-karol-nawrocki-sygnalizuje-gotowosc-do-kandydowania-na-prezydenta\/#primaryimage\",\"url\":\"https:\/\/www.pogotowieflagowe.pl\/aktualne\/wp-content\/uploads\/2024\/11\/Doktor-Karol-Nawrocki-sygnalizuje-gotowosc-do-kandydowania-na-prezydenta.jpg\",\"contentUrl\":\"https:\/\/www.pogotowieflagowe.pl\/aktualne\/wp-content\/uploads\/2024\/11\/Doktor-Karol-Nawrocki-sygnalizuje-gotowosc-do-kandydowania-na-prezydenta.jpg\",\"width\":2048,\"height\":1162,\"caption\":\"Doktor Karol Nawrocki sygnalizuje gotowo\u015b\u0107 do kandydowania na prezydenta\"},{\"@type\":\"BreadcrumbList\",\"@id\":\"https:\/\/www.pogotowieflagowe.pl\/aktualne\/doktor-karol-nawrocki-sygnalizuje-gotowosc-do-kandydowania-na-prezydenta\/#breadcrumb\",\"itemListElement\":[{\"@type\":\"ListItem\",\"position\":1,\"name\":\"Home\",\"item\":\"https:\/\/www.pogotowieflagowe.pl\/aktualne\/\"},{\"@type\":\"ListItem\",\"position\":2,\"name\":\"Doktor Karol Nawrocki sygnalizuje gotowo\u015b\u0107 do kandydowania na prezydenta\"}]},{\"@type\":\"WebSite\",\"@id\":\"https:\/\/www.pogotowieflagowe.pl\/aktualne\/#website\",\"url\":\"https:\/\/www.pogotowieflagowe.pl\/aktualne\/\",\"name\":\"POGOTOWIE FLAGOWE\u00ae\",\"description\":\"\",\"publisher\":{\"@id\":\"https:\/\/www.pogotowieflagowe.pl\/aktualne\/#organization\"},\"potentialAction\":[{\"@type\":\"SearchAction\",\"target\":{\"@type\":\"EntryPoint\",\"urlTemplate\":\"https:\/\/www.pogotowieflagowe.pl\/aktualne\/?s={search_term_string}\"},\"query-input\":\"required name=search_term_string\"}],\"inLanguage\":\"pl-PL\"},{\"@type\":\"Organization\",\"@id\":\"https:\/\/www.pogotowieflagowe.pl\/aktualne\/#organization\",\"name\":\"POGOTOWIE FLAGOWE\u00ae\",\"url\":\"https:\/\/www.pogotowieflagowe.pl\/aktualne\/\",\"logo\":{\"@type\":\"ImageObject\",\"inLanguage\":\"pl-PL\",\"@id\":\"https:\/\/www.pogotowieflagowe.pl\/aktualne\/#\/schema\/logo\/image\/\",\"url\":\"https:\/\/www.pogotowieflagowe.pl\/aktualne\/wp-content\/uploads\/2024\/08\/cropped-pogotowieflagowe_flaga_projekt_sm.jpg\",\"contentUrl\":\"https:\/\/www.pogotowieflagowe.pl\/aktualne\/wp-content\/uploads\/2024\/08\/cropped-pogotowieflagowe_flaga_projekt_sm.jpg\",\"width\":250,\"height\":143,\"caption\":\"POGOTOWIE FLAGOWE\u00ae\"},\"image\":{\"@id\":\"https:\/\/www.pogotowieflagowe.pl\/aktualne\/#\/schema\/logo\/image\/\"}},{\"@type\":\"Person\",\"@id\":\"https:\/\/www.pogotowieflagowe.pl\/aktualne\/#\/schema\/person\/9c2fb7d2362ebf6fa088960d7f0d27b0\",\"name\":\"Filip\",\"image\":{\"@type\":\"ImageObject\",\"inLanguage\":\"pl-PL\",\"@id\":\"https:\/\/www.pogotowieflagowe.pl\/aktualne\/#\/schema\/person\/image\/\",\"url\":\"https:\/\/www.pogotowieflagowe.pl\/aktualne\/wp-content\/uploads\/2024\/08\/pogotowieflagowe.pl_.jpg\",\"contentUrl\":\"https:\/\/www.pogotowieflagowe.pl\/aktualne\/wp-content\/uploads\/2024\/08\/pogotowieflagowe.pl_.jpg\",\"caption\":\"Filip\"},\"description\":\"Jestem Filip, polski dziennikarz z dyplomem nauk politycznych Uniwersytetu Warszawskiego. Rozpoczynaj\u0105c swoj\u0105 karier\u0119 w r\u00f3\u017cnych lokalnych mediach, zdoby\u0142em solidne do\u015bwiadczenie w zakresie \u015bledztwa i redakcji. Obecnie jako redaktor w Pogotowie flagowe, staram si\u0119 dostarcza\u0107 dog\u0142\u0119bne i istotne analizy na temat najwa\u017cniejszych kwestii aktualno\u015bci, \u0142\u0105cz\u0105c rygor z pasj\u0105 dziennikarsk\u0105.\",\"sameAs\":[\"https:\/\/www.pogotowieflagowe.pl\/\"]}]}<\/script>\n<!-- \/ Yoast SEO plugin. -->","yoast_head_json":{"title":"Doktor Karol Nawrocki sygnalizuje gotowo\u015b\u0107 do kandydowania na prezydenta - POGOTOWIE FLAGOWE\u00ae","robots":{"index":"index","follow":"follow","max-snippet":"max-snippet:-1","max-image-preview":"max-image-preview:large","max-video-preview":"max-video-preview:-1"},"canonical":"https:\/\/www.pogotowieflagowe.pl\/aktualne\/doktor-karol-nawrocki-sygnalizuje-gotowosc-do-kandydowania-na-prezydenta\/","og_locale":"pl_PL","og_type":"article","og_title":"Doktor Karol Nawrocki sygnalizuje gotowo\u015b\u0107 do kandydowania na prezydenta - POGOTOWIE FLAGOWE\u00ae","og_description":"Doktor Karol Nawrocki, szef IPN, wyrazi\u0142 swoje poczucie obowi\u0105zku wobec kraju i zasugerowa\u0142 mo\u017cliwo\u015b\u0107 kandydowania na prezydenta. W niedawnej rozmowie","og_url":"https:\/\/www.pogotowieflagowe.pl\/aktualne\/doktor-karol-nawrocki-sygnalizuje-gotowosc-do-kandydowania-na-prezydenta\/","og_site_name":"POGOTOWIE FLAGOWE\u00ae","article_published_time":"2024-11-05T14:48:04+00:00","article_modified_time":"2024-11-05T14:48:07+00:00","og_image":[{"width":2048,"height":1162,"url":"https:\/\/www.pogotowieflagowe.pl\/aktualne\/wp-content\/uploads\/2024\/11\/Doktor-Karol-Nawrocki-sygnalizuje-gotowosc-do-kandydowania-na-prezydenta.jpg","type":"image\/jpeg"}],"author":"Filip","twitter_card":"summary_large_image","twitter_misc":{"Napisane przez":"Filip","Szacowany czas czytania":"1 minuta"},"schema":{"@context":"https:\/\/schema.org","@graph":[{"@type":"Article","@id":"https:\/\/www.pogotowieflagowe.pl\/aktualne\/doktor-karol-nawrocki-sygnalizuje-gotowosc-do-kandydowania-na-prezydenta\/#article","isPartOf":{"@id":"https:\/\/www.pogotowieflagowe.pl\/aktualne\/doktor-karol-nawrocki-sygnalizuje-gotowosc-do-kandydowania-na-prezydenta\/"},"author":{"name":"Filip","@id":"https:\/\/www.pogotowieflagowe.pl\/aktualne\/#\/schema\/person\/9c2fb7d2362ebf6fa088960d7f0d27b0"},"headline":"Doktor Karol Nawrocki sygnalizuje gotowo\u015b\u0107 do kandydowania na prezydenta","datePublished":"2024-11-05T14:48:04+00:00","dateModified":"2024-11-05T14:48:07+00:00","mainEntityOfPage":{"@id":"https:\/\/www.pogotowieflagowe.pl\/aktualne\/doktor-karol-nawrocki-sygnalizuje-gotowosc-do-kandydowania-na-prezydenta\/"},"wordCount":225,"publisher":{"@id":"https:\/\/www.pogotowieflagowe.pl\/aktualne\/#organization"},"image":{"@id":"https:\/\/www.pogotowieflagowe.pl\/aktualne\/doktor-karol-nawrocki-sygnalizuje-gotowosc-do-kandydowania-na-prezydenta\/#primaryimage"},"thumbnailUrl":"https:\/\/www.pogotowieflagowe.pl\/aktualne\/wp-content\/uploads\/2024\/11\/Doktor-Karol-Nawrocki-sygnalizuje-gotowosc-do-kandydowania-na-prezydenta.jpg","keywords":["Doktor","gotowo\u015b\u0107","kandydowania","Karol","Nawrocki","prezydenta","sygnalizuje"],"articleSection":["Polityka"],"inLanguage":"pl-PL"},{"@type":"WebPage","@id":"https:\/\/www.pogotowieflagowe.pl\/aktualne\/doktor-karol-nawrocki-sygnalizuje-gotowosc-do-kandydowania-na-prezydenta\/","url":"https:\/\/www.pogotowieflagowe.pl\/aktualne\/doktor-karol-nawrocki-sygnalizuje-gotowosc-do-kandydowania-na-prezydenta\/","name":"Doktor Karol Nawrocki sygnalizuje gotowo\u015b\u0107 do kandydowania na prezydenta - POGOTOWIE FLAGOWE\u00ae","isPartOf":{"@id":"https:\/\/www.pogotowieflagowe.pl\/aktualne\/#website"},"primaryImageOfPage":{"@id":"https:\/\/www.pogotowieflagowe.pl\/aktualne\/doktor-karol-nawrocki-sygnalizuje-gotowosc-do-kandydowania-na-prezydenta\/#primaryimage"},"image":{"@id":"https:\/\/www.pogotowieflagowe.pl\/aktualne\/doktor-karol-nawrocki-sygnalizuje-gotowosc-do-kandydowania-na-prezydenta\/#primaryimage"},"thumbnailUrl":"https:\/\/www.pogotowieflagowe.pl\/aktualne\/wp-content\/uploads\/2024\/11\/Doktor-Karol-Nawrocki-sygnalizuje-gotowosc-do-kandydowania-na-prezydenta.jpg","datePublished":"2024-11-05T14:48:04+00:00","dateModified":"2024-11-05T14:48:07+00:00","breadcrumb":{"@id":"https:\/\/www.pogotowieflagowe.pl\/aktualne\/doktor-karol-nawrocki-sygnalizuje-gotowosc-do-kandydowania-na-prezydenta\/#breadcrumb"},"inLanguage":"pl-PL","potentialAction":[{"@type":"ReadAction","target":["https:\/\/www.pogotowieflagowe.pl\/aktualne\/doktor-karol-nawrocki-sygnalizuje-gotowosc-do-kandydowania-na-prezydenta\/"]}]},{"@type":"ImageObject","inLanguage":"pl-PL","@id":"https:\/\/www.pogotowieflagowe.pl\/aktualne\/doktor-karol-nawrocki-sygnalizuje-gotowosc-do-kandydowania-na-prezydenta\/#primaryimage","url":"https:\/\/www.pogotowieflagowe.pl\/aktualne\/wp-content\/uploads\/2024\/11\/Doktor-Karol-Nawrocki-sygnalizuje-gotowosc-do-kandydowania-na-prezydenta.jpg","contentUrl":"https:\/\/www.pogotowieflagowe.pl\/aktualne\/wp-content\/uploads\/2024\/11\/Doktor-Karol-Nawrocki-sygnalizuje-gotowosc-do-kandydowania-na-prezydenta.jpg","width":2048,"height":1162,"caption":"Doktor Karol Nawrocki sygnalizuje gotowo\u015b\u0107 do kandydowania na prezydenta"},{"@type":"BreadcrumbList","@id":"https:\/\/www.pogotowieflagowe.pl\/aktualne\/doktor-karol-nawrocki-sygnalizuje-gotowosc-do-kandydowania-na-prezydenta\/#breadcrumb","itemListElement":[{"@type":"ListItem","position":1,"name":"Home","item":"https:\/\/www.pogotowieflagowe.pl\/aktualne\/"},{"@type":"ListItem","position":2,"name":"Doktor Karol Nawrocki sygnalizuje gotowo\u015b\u0107 do kandydowania na prezydenta"}]},{"@type":"WebSite","@id":"https:\/\/www.pogotowieflagowe.pl\/aktualne\/#website","url":"https:\/\/www.pogotowieflagowe.pl\/aktualne\/","name":"POGOTOWIE FLAGOWE\u00ae","description":"","publisher":{"@id":"https:\/\/www.pogotowieflagowe.pl\/aktualne\/#organization"},"potentialAction":[{"@type":"SearchAction","target":{"@type":"EntryPoint","urlTemplate":"https:\/\/www.pogotowieflagowe.pl\/aktualne\/?s={search_term_string}"},"query-input":"required name=search_term_string"}],"inLanguage":"pl-PL"},{"@type":"Organization","@id":"https:\/\/www.pogotowieflagowe.pl\/aktualne\/#organization","name":"POGOTOWIE FLAGOWE\u00ae","url":"https:\/\/www.pogotowieflagowe.pl\/aktualne\/","logo":{"@type":"ImageObject","inLanguage":"pl-PL","@id":"https:\/\/www.pogotowieflagowe.pl\/aktualne\/#\/schema\/logo\/image\/","url":"https:\/\/www.pogotowieflagowe.pl\/aktualne\/wp-content\/uploads\/2024\/08\/cropped-pogotowieflagowe_flaga_projekt_sm.jpg","contentUrl":"https:\/\/www.pogotowieflagowe.pl\/aktualne\/wp-content\/uploads\/2024\/08\/cropped-pogotowieflagowe_flaga_projekt_sm.jpg","width":250,"height":143,"caption":"POGOTOWIE FLAGOWE\u00ae"},"image":{"@id":"https:\/\/www.pogotowieflagowe.pl\/aktualne\/#\/schema\/logo\/image\/"}},{"@type":"Person","@id":"https:\/\/www.pogotowieflagowe.pl\/aktualne\/#\/schema\/person\/9c2fb7d2362ebf6fa088960d7f0d27b0","name":"Filip","image":{"@type":"ImageObject","inLanguage":"pl-PL","@id":"https:\/\/www.pogotowieflagowe.pl\/aktualne\/#\/schema\/person\/image\/","url":"https:\/\/www.pogotowieflagowe.pl\/aktualne\/wp-content\/uploads\/2024\/08\/pogotowieflagowe.pl_.jpg","contentUrl":"https:\/\/www.pogotowieflagowe.pl\/aktualne\/wp-content\/uploads\/2024\/08\/pogotowieflagowe.pl_.jpg","caption":"Filip"},"description":"Jestem Filip, polski dziennikarz z dyplomem nauk politycznych Uniwersytetu Warszawskiego. Rozpoczynaj\u0105c swoj\u0105 karier\u0119 w r\u00f3\u017cnych lokalnych mediach, zdoby\u0142em solidne do\u015bwiadczenie w zakresie \u015bledztwa i redakcji. Obecnie jako redaktor w Pogotowie flagowe, staram si\u0119 dostarcza\u0107 dog\u0142\u0119bne i istotne analizy na temat najwa\u017cniejszych kwestii aktualno\u015bci, \u0142\u0105cz\u0105c rygor z pasj\u0105 dziennikarsk\u0105.","sameAs":["https:\/\/www.pogotowieflagowe.pl\/"]}]}},"_links":{"self":[{"href":"https:\/\/www.pogotowieflagowe.pl\/aktualne\/wp-json\/wp\/v2\/posts\/1648","targetHints":{"allow":["GET"]}}],"collection":[{"href":"https:\/\/www.pogotowieflagowe.pl\/aktualne\/wp-json\/wp\/v2\/posts"}],"about":[{"href":"https:\/\/www.pogotowieflagowe.pl\/aktualne\/wp-json\/wp\/v2\/types\/post"}],"author":[{"embeddable":true,"href":"https:\/\/www.pogotowieflagowe.pl\/aktualne\/wp-json\/wp\/v2\/users\/1"}],"replies":[{"embeddable":true,"href":"https:\/\/www.pogotowieflagowe.pl\/aktualne\/wp-json\/wp\/v2\/comments?post=1648"}],"version-history":[{"count":1,"href":"https:\/\/www.pogotowieflagowe.pl\/aktualne\/wp-json\/wp\/v2\/posts\/1648\/revisions"}],"predecessor-version":[{"id":1650,"href":"https:\/\/www.pogotowieflagowe.pl\/aktualne\/wp-json\/wp\/v2\/posts\/1648\/revisions\/1650"}],"wp:featuredmedia":[{"embeddable":true,"href":"https:\/\/www.pogotowieflagowe.pl\/aktualne\/wp-json\/wp\/v2\/media\/1649"}],"wp:attachment":[{"href":"https:\/\/www.pogotowieflagowe.pl\/aktualne\/wp-json\/wp\/v2\/media?parent=1648"}],"wp:term":[{"taxonomy":"category","embeddable":true,"href":"https:\/\/www.pogotowieflagowe.pl\/aktualne\/wp-json\/wp\/v2\/categories?post=1648"},{"taxonomy":"post_tag","embeddable":true,"href":"https:\/\/www.pogotowieflagowe.pl\/aktualne\/wp-json\/wp\/v2\/tags?post=1648"}],"curies":[{"name":"wp","href":"https:\/\/api.w.org\/{rel}","templated":true}]}}