{"id":1654,"date":"2024-11-05T20:48:36","date_gmt":"2024-11-05T19:48:36","guid":{"rendered":"https:\/\/www.pogotowieflagowe.pl\/aktualne\/prezydent-duda-broni-trybunalu-konstytucyjnego-w-sporze-politycznym\/"},"modified":"2024-11-05T20:48:36","modified_gmt":"2024-11-05T19:48:36","slug":"prezydent-duda-broni-trybunalu-konstytucyjnego-w-sporze-politycznym","status":"publish","type":"post","link":"https:\/\/www.pogotowieflagowe.pl\/aktualne\/prezydent-duda-broni-trybunalu-konstytucyjnego-w-sporze-politycznym\/","title":{"rendered":"Prezydent Duda broni Trybuna\u0142u Konstytucyjnego w sporze politycznym"},"content":{"rendered":"\n<div class=\"td_block_wrap tdb_single_content tdi_43 td-pb-border-top td_block_template_8 td-post-content tagdiv-type\" data-td-block-uid=\"tdi_43\">\n<style>.tdi_43{margin-top:0px!important}@media (max-width:767px){.tdi_43{margin-top:00px!important;margin-bottom:0px!important;dope\u0142nienie-bottom:0px!important}}<\/style>\n<style>.tdb_single_content{margin-bottom:0;*zoom:1}.tdb_single_content:before,.tdb_single_content:after{display:table;content:'';line-height:0}.tdb_single_content:after{clear:both}.tdb_single_content .tdb-block-inner>*:not(.wp-block-quote):not(.alignwide):not(.alignfull.wp-block-cover.has-parallax):not(.td-a-ad) {margin-left:auto;margin-right:auto}.tdb_single_content a{pointer-events:auto}.tdb_single_content .td-spot-id-top_ad .tdc-placeholder-title:before{content:'Article Top Ad'!important}.tdb_single_content .td-spot-id-inline_ad0 .tdc-placeholder-title:before{content:'Article Reklama wbudowana 1'!important}.tdb_single_content .td-spot-id-inline_ad1 .tdc-placeholder-title:before{content:'Article Inline Ad 2'!important}.tdb_single_content .td-spot-id-inline_ad2 .tdc-placeholder-title:before{content:' Reklama wbudowana w artyku\u0142 3'!important}.tdb_single_content .td-spot-id-bottom_ad .tdc-placeholder-title:before{content:'Article Bottom Ad'!important}.tdb_single_content .id_top_ad,.tdb_single_content .id_bottom_ad{clear:both;margin-bottom:21px;text-align:center}.tdb_single_content .id_top_ad img,.tdb_single_content .id_bottom_ad img{margin-bottom:0}.tdb_single_content .id_top_ad .adsbygoogle,.tdb_single_content .id_bottom_ad .adsbygoogle{position:relative}.tdb_single_content .id_ad_content-horiz-left,.tdb_single_content .id_ad_content-horiz-right,.tdb_single_content .id_ad_content-horiz-center{margin-bottom:15px}.tdb_single_content .id_ad_content-horiz-left img,.tdb_single_content .id_ad_content-horiz-right img,.tdb_single_content .id_ad_content-horiz-center img{margin-bottom:0}.tdb_single_content .id_ad_content-horiz-center{text-align:center}.tdb_single_content .id_ad_content-horiz-center img{margin-right:auto;margin-left:auto}.tdb_single_content .id_ad_content-horiz-left{float:left;margin-top:9px;margin-right:21px}.tdb_single_content .id_ad_content-horiz-right{float:right;margin-top:6px;margin-left:21px}.tdb_single_content .tdc-a-ad .tdc-placeholder-title{width:300px;height:250px}.tdb_single_content .tdc-a-ad .tdc-placeholder-title:before{position:absolute;top:50%;-webkit-transform:translateY(-50%);transform:translateY(-50%);margines:auto;display:table;width:100 %}.tdb_single_content .tdb-block-inner.td-fix-index{word-break:break-word}.tdi_43,.tdi_43>p,.tdi_43 .tdb-block-inner>p{font-size:16px!important;line- wysoko\u015b\u0107:1,6!wa\u017cne}.tdi_43 .tdb-block-inner blockquote p{font-style:normal!important}@media (max-width:767px){.tdb_single_content .id_ad_content-horiz-left,.tdb_single_content .id_ad_content-horiz-right,.tdb_single_content .id_ad_content-horiz-center{margin:0 automatyczny 26px auto}}@media (max-width:767px){.tdb_single_content .id_ad_content-horiz-left{margin-right:0}}@media (max-width:767px){.tdb_single_content .id_ad_content-horiz-right{margin -left:0}}@media (max-width:767px){.tdb_single_content .td-a-ad{float:none;text-align:center}.tdb_single_content .td-a-ad img{margin-right:auto;margin-left:auto}. tdb_single_content .tdc-a-ad{float:none}}<\/style>\n<div class=\"tdb-block-inner td-fix-index\">\n<p><strong>Prezydent Polski Andrzej Duda wyrazi\u0142 zaniepokojenie w zwi\u0105zku z \u2013 jak to okre\u015bla \u2013 bezprecedensowym atakiem na Trybuna\u0142 Konstytucyjny, twierdz\u0105c, \u017ce stwarza on bezpo\u015brednie zagro\u017cenie dla bezpiecze\u0144stwa prawnego narodu. W przes\u0142aniu odczytanym na konferencji \u201eQuo Vadis, Polska? W obronie demokratycznych rz\u0105d\u00f3w prawa\u201d \u2013 Duda podkre\u015bli\u0142 kluczow\u0105 rol\u0119 Trybuna\u0142u w ochronie praw obywateli.<\/strong><\/p>\n<h2 class=\"wp-block-heading\"><strong>Obawy zwi\u0105zane z nieprzestrzeganiem przepis\u00f3w<\/strong><\/h2>\n<p>Prezydent podkre\u015bli\u0142, \u017ce orzeczenia Trybuna\u0142u, cho\u0107 cz\u0119sto wywo\u0142uj\u0105 debat\u0119 polityczn\u0105, musz\u0105 by\u0107 respektowane przez wszystkie w\u0142adze. Pot\u0119pi\u0142 odmow\u0119 w\u0142adzy wykonawczej publikowania niekt\u00f3rych orzecze\u0144 Trybuna\u0142u, argumentuj\u0105c, \u017ce takie podej\u015bcie podwa\u017ca porz\u0105dek prawny i zagra\u017ca podstawowym prawom cz\u0142owieka. Duda przestrzeg\u0142, \u017ce ignorowanie tych orzecze\u0144 narusza ustalone standardy ochrony praw cz\u0142owieka w Polsce.<\/p>\n<p>Duda podkre\u015bli\u0142 tak\u017ce znaczenie utrzymania niezale\u017cno\u015bci Trybuna\u0142u, wzywaj\u0105c inne organy rz\u0105dowe do stworzenia warunk\u00f3w wspieraj\u0105cych konstytucyjne obowi\u0105zki Trybuna\u0142u. Kwestionowa\u0142 motywy rz\u0105dz\u0105cych, sugeruj\u0105c, \u017ce mog\u0105 przedk\u0142ada\u0107 manewry polityczne nad autentyczne wsparcie dla zasad demokracji.<\/p>\n<p>W zwi\u0105zku z marcow\u0105 uchwa\u0142\u0105 parlamentu dotycz\u0105c\u0105 przesz\u0142ych kryzys\u00f3w konstytucyjnych publikacja orzecze\u0144 Trybuna\u0142u zosta\u0142a zawieszona. Trybuna\u0142 jednak p\u00f3\u017aniej orzek\u0142, \u017ce sama uchwa\u0142a jest niezgodna z konstytucj\u0105, pog\u0142\u0119biaj\u0105c roz\u0142am mi\u0119dzy w\u0142adzami.<\/p>\n<\/div>\n<\/div>\n","protected":false},"excerpt":{"rendered":"<p>Prezydent Polski Andrzej Duda wyrazi\u0142 zaniepokojenie w zwi\u0105zku z \u2013 jak to okre\u015bla \u2013 bezprecedensowym atakiem na Trybuna\u0142 Konstytucyjny, twierdz\u0105c,<\/p>\n","protected":false},"author":1,"featured_media":457,"comment_status":"closed","ping_status":"","sticky":false,"template":"","format":"standard","meta":{"footnotes":""},"categories":[44],"tags":[659,343,2737,2739,341,2738,2736],"class_list":["post-1654","post","type-post","status-publish","format-standard","has-post-thumbnail","hentry","category-polityka","tag-broni","tag-duda","tag-konstytucyjnego","tag-politycznym","tag-prezydent","tag-sporze","tag-trybunalu","generate-columns","tablet-grid-50","mobile-grid-100","grid-parent","grid-50","resize-featured-image"],"yoast_head":"<!-- This site is optimized with the Yoast SEO plugin v23.2 - https:\/\/yoast.com\/wordpress\/plugins\/seo\/ -->\n<title>Prezydent Duda broni Trybuna\u0142u Konstytucyjnego w sporze politycznym - POGOTOWIE FLAGOWE\u00ae<\/title>\n<meta name=\"robots\" content=\"index, follow, max-snippet:-1, max-image-preview:large, max-video-preview:-1\" \/>\n<link rel=\"canonical\" href=\"https:\/\/www.pogotowieflagowe.pl\/aktualne\/prezydent-duda-broni-trybunalu-konstytucyjnego-w-sporze-politycznym\/\" \/>\n<meta property=\"og:locale\" content=\"pl_PL\" \/>\n<meta property=\"og:type\" content=\"article\" \/>\n<meta property=\"og:title\" content=\"Prezydent Duda broni Trybuna\u0142u Konstytucyjnego w sporze politycznym - POGOTOWIE FLAGOWE\u00ae\" \/>\n<meta property=\"og:description\" content=\"Prezydent Polski Andrzej Duda wyrazi\u0142 zaniepokojenie w zwi\u0105zku z \u2013 jak to okre\u015bla \u2013 bezprecedensowym atakiem na Trybuna\u0142 Konstytucyjny, twierdz\u0105c,\" \/>\n<meta property=\"og:url\" content=\"https:\/\/www.pogotowieflagowe.pl\/aktualne\/prezydent-duda-broni-trybunalu-konstytucyjnego-w-sporze-politycznym\/\" \/>\n<meta property=\"og:site_name\" content=\"POGOTOWIE FLAGOWE\u00ae\" \/>\n<meta property=\"article:published_time\" content=\"2024-11-05T19:48:36+00:00\" \/>\n<meta property=\"og:image\" content=\"https:\/\/www.pogotowieflagowe.pl\/aktualne\/wp-content\/uploads\/2024\/09\/Prezydent-Duda-potepia-niemieckie-oskarzenia-dotyczace-Nord-Stream.jpg\" \/>\n\t<meta property=\"og:image:width\" content=\"1280\" \/>\n\t<meta property=\"og:image:height\" content=\"720\" \/>\n\t<meta property=\"og:image:type\" content=\"image\/jpeg\" \/>\n<meta name=\"author\" content=\"Filip\" \/>\n<meta name=\"twitter:card\" content=\"summary_large_image\" \/>\n<meta name=\"twitter:label1\" content=\"Napisane przez\" \/>\n\t<meta name=\"twitter:data1\" content=\"Filip\" \/>\n\t<meta name=\"twitter:label2\" content=\"Szacowany czas czytania\" \/>\n\t<meta name=\"twitter:data2\" content=\"1 minuta\" \/>\n<script type=\"application\/ld+json\" class=\"yoast-schema-graph\">{\"@context\":\"https:\/\/schema.org\",\"@graph\":[{\"@type\":\"Article\",\"@id\":\"https:\/\/www.pogotowieflagowe.pl\/aktualne\/prezydent-duda-broni-trybunalu-konstytucyjnego-w-sporze-politycznym\/#article\",\"isPartOf\":{\"@id\":\"https:\/\/www.pogotowieflagowe.pl\/aktualne\/prezydent-duda-broni-trybunalu-konstytucyjnego-w-sporze-politycznym\/\"},\"author\":{\"name\":\"Filip\",\"@id\":\"https:\/\/www.pogotowieflagowe.pl\/aktualne\/#\/schema\/person\/9c2fb7d2362ebf6fa088960d7f0d27b0\"},\"headline\":\"Prezydent Duda broni Trybuna\u0142u Konstytucyjnego w sporze politycznym\",\"datePublished\":\"2024-11-05T19:48:36+00:00\",\"dateModified\":\"2024-11-05T19:48:36+00:00\",\"mainEntityOfPage\":{\"@id\":\"https:\/\/www.pogotowieflagowe.pl\/aktualne\/prezydent-duda-broni-trybunalu-konstytucyjnego-w-sporze-politycznym\/\"},\"wordCount\":233,\"publisher\":{\"@id\":\"https:\/\/www.pogotowieflagowe.pl\/aktualne\/#organization\"},\"image\":{\"@id\":\"https:\/\/www.pogotowieflagowe.pl\/aktualne\/prezydent-duda-broni-trybunalu-konstytucyjnego-w-sporze-politycznym\/#primaryimage\"},\"thumbnailUrl\":\"https:\/\/www.pogotowieflagowe.pl\/aktualne\/wp-content\/uploads\/2024\/09\/Prezydent-Duda-potepia-niemieckie-oskarzenia-dotyczace-Nord-Stream.jpg\",\"keywords\":[\"broni\",\"Duda\",\"Konstytucyjnego\",\"politycznym\",\"Prezydent\",\"sporze\",\"Trybuna\u0142u\"],\"articleSection\":[\"Polityka\"],\"inLanguage\":\"pl-PL\"},{\"@type\":\"WebPage\",\"@id\":\"https:\/\/www.pogotowieflagowe.pl\/aktualne\/prezydent-duda-broni-trybunalu-konstytucyjnego-w-sporze-politycznym\/\",\"url\":\"https:\/\/www.pogotowieflagowe.pl\/aktualne\/prezydent-duda-broni-trybunalu-konstytucyjnego-w-sporze-politycznym\/\",\"name\":\"Prezydent Duda broni Trybuna\u0142u Konstytucyjnego w sporze politycznym - POGOTOWIE FLAGOWE\u00ae\",\"isPartOf\":{\"@id\":\"https:\/\/www.pogotowieflagowe.pl\/aktualne\/#website\"},\"primaryImageOfPage\":{\"@id\":\"https:\/\/www.pogotowieflagowe.pl\/aktualne\/prezydent-duda-broni-trybunalu-konstytucyjnego-w-sporze-politycznym\/#primaryimage\"},\"image\":{\"@id\":\"https:\/\/www.pogotowieflagowe.pl\/aktualne\/prezydent-duda-broni-trybunalu-konstytucyjnego-w-sporze-politycznym\/#primaryimage\"},\"thumbnailUrl\":\"https:\/\/www.pogotowieflagowe.pl\/aktualne\/wp-content\/uploads\/2024\/09\/Prezydent-Duda-potepia-niemieckie-oskarzenia-dotyczace-Nord-Stream.jpg\",\"datePublished\":\"2024-11-05T19:48:36+00:00\",\"dateModified\":\"2024-11-05T19:48:36+00:00\",\"breadcrumb\":{\"@id\":\"https:\/\/www.pogotowieflagowe.pl\/aktualne\/prezydent-duda-broni-trybunalu-konstytucyjnego-w-sporze-politycznym\/#breadcrumb\"},\"inLanguage\":\"pl-PL\",\"potentialAction\":[{\"@type\":\"ReadAction\",\"target\":[\"https:\/\/www.pogotowieflagowe.pl\/aktualne\/prezydent-duda-broni-trybunalu-konstytucyjnego-w-sporze-politycznym\/\"]}]},{\"@type\":\"ImageObject\",\"inLanguage\":\"pl-PL\",\"@id\":\"https:\/\/www.pogotowieflagowe.pl\/aktualne\/prezydent-duda-broni-trybunalu-konstytucyjnego-w-sporze-politycznym\/#primaryimage\",\"url\":\"https:\/\/www.pogotowieflagowe.pl\/aktualne\/wp-content\/uploads\/2024\/09\/Prezydent-Duda-potepia-niemieckie-oskarzenia-dotyczace-Nord-Stream.jpg\",\"contentUrl\":\"https:\/\/www.pogotowieflagowe.pl\/aktualne\/wp-content\/uploads\/2024\/09\/Prezydent-Duda-potepia-niemieckie-oskarzenia-dotyczace-Nord-Stream.jpg\",\"width\":1280,\"height\":720,\"caption\":\"Prezydent Duda pot\u0119pia niemieckie oskar\u017cenia dotycz\u0105ce Nord Stream\"},{\"@type\":\"BreadcrumbList\",\"@id\":\"https:\/\/www.pogotowieflagowe.pl\/aktualne\/prezydent-duda-broni-trybunalu-konstytucyjnego-w-sporze-politycznym\/#breadcrumb\",\"itemListElement\":[{\"@type\":\"ListItem\",\"position\":1,\"name\":\"Home\",\"item\":\"https:\/\/www.pogotowieflagowe.pl\/aktualne\/\"},{\"@type\":\"ListItem\",\"position\":2,\"name\":\"Prezydent Duda broni Trybuna\u0142u Konstytucyjnego w sporze politycznym\"}]},{\"@type\":\"WebSite\",\"@id\":\"https:\/\/www.pogotowieflagowe.pl\/aktualne\/#website\",\"url\":\"https:\/\/www.pogotowieflagowe.pl\/aktualne\/\",\"name\":\"POGOTOWIE FLAGOWE\u00ae\",\"description\":\"\",\"publisher\":{\"@id\":\"https:\/\/www.pogotowieflagowe.pl\/aktualne\/#organization\"},\"potentialAction\":[{\"@type\":\"SearchAction\",\"target\":{\"@type\":\"EntryPoint\",\"urlTemplate\":\"https:\/\/www.pogotowieflagowe.pl\/aktualne\/?s={search_term_string}\"},\"query-input\":\"required name=search_term_string\"}],\"inLanguage\":\"pl-PL\"},{\"@type\":\"Organization\",\"@id\":\"https:\/\/www.pogotowieflagowe.pl\/aktualne\/#organization\",\"name\":\"POGOTOWIE FLAGOWE\u00ae\",\"url\":\"https:\/\/www.pogotowieflagowe.pl\/aktualne\/\",\"logo\":{\"@type\":\"ImageObject\",\"inLanguage\":\"pl-PL\",\"@id\":\"https:\/\/www.pogotowieflagowe.pl\/aktualne\/#\/schema\/logo\/image\/\",\"url\":\"https:\/\/www.pogotowieflagowe.pl\/aktualne\/wp-content\/uploads\/2024\/08\/cropped-pogotowieflagowe_flaga_projekt_sm.jpg\",\"contentUrl\":\"https:\/\/www.pogotowieflagowe.pl\/aktualne\/wp-content\/uploads\/2024\/08\/cropped-pogotowieflagowe_flaga_projekt_sm.jpg\",\"width\":250,\"height\":143,\"caption\":\"POGOTOWIE FLAGOWE\u00ae\"},\"image\":{\"@id\":\"https:\/\/www.pogotowieflagowe.pl\/aktualne\/#\/schema\/logo\/image\/\"}},{\"@type\":\"Person\",\"@id\":\"https:\/\/www.pogotowieflagowe.pl\/aktualne\/#\/schema\/person\/9c2fb7d2362ebf6fa088960d7f0d27b0\",\"name\":\"Filip\",\"image\":{\"@type\":\"ImageObject\",\"inLanguage\":\"pl-PL\",\"@id\":\"https:\/\/www.pogotowieflagowe.pl\/aktualne\/#\/schema\/person\/image\/\",\"url\":\"https:\/\/www.pogotowieflagowe.pl\/aktualne\/wp-content\/uploads\/2024\/08\/pogotowieflagowe.pl_.jpg\",\"contentUrl\":\"https:\/\/www.pogotowieflagowe.pl\/aktualne\/wp-content\/uploads\/2024\/08\/pogotowieflagowe.pl_.jpg\",\"caption\":\"Filip\"},\"description\":\"Jestem Filip, polski dziennikarz z dyplomem nauk politycznych Uniwersytetu Warszawskiego. Rozpoczynaj\u0105c swoj\u0105 karier\u0119 w r\u00f3\u017cnych lokalnych mediach, zdoby\u0142em solidne do\u015bwiadczenie w zakresie \u015bledztwa i redakcji. Obecnie jako redaktor w Pogotowie flagowe, staram si\u0119 dostarcza\u0107 dog\u0142\u0119bne i istotne analizy na temat najwa\u017cniejszych kwestii aktualno\u015bci, \u0142\u0105cz\u0105c rygor z pasj\u0105 dziennikarsk\u0105.\",\"sameAs\":[\"https:\/\/www.pogotowieflagowe.pl\/\"]}]}<\/script>\n<!-- \/ Yoast SEO plugin. -->","yoast_head_json":{"title":"Prezydent Duda broni Trybuna\u0142u Konstytucyjnego w sporze politycznym - POGOTOWIE FLAGOWE\u00ae","robots":{"index":"index","follow":"follow","max-snippet":"max-snippet:-1","max-image-preview":"max-image-preview:large","max-video-preview":"max-video-preview:-1"},"canonical":"https:\/\/www.pogotowieflagowe.pl\/aktualne\/prezydent-duda-broni-trybunalu-konstytucyjnego-w-sporze-politycznym\/","og_locale":"pl_PL","og_type":"article","og_title":"Prezydent Duda broni Trybuna\u0142u Konstytucyjnego w sporze politycznym - POGOTOWIE FLAGOWE\u00ae","og_description":"Prezydent Polski Andrzej Duda wyrazi\u0142 zaniepokojenie w zwi\u0105zku z \u2013 jak to okre\u015bla \u2013 bezprecedensowym atakiem na Trybuna\u0142 Konstytucyjny, twierdz\u0105c,","og_url":"https:\/\/www.pogotowieflagowe.pl\/aktualne\/prezydent-duda-broni-trybunalu-konstytucyjnego-w-sporze-politycznym\/","og_site_name":"POGOTOWIE FLAGOWE\u00ae","article_published_time":"2024-11-05T19:48:36+00:00","og_image":[{"width":1280,"height":720,"url":"https:\/\/www.pogotowieflagowe.pl\/aktualne\/wp-content\/uploads\/2024\/09\/Prezydent-Duda-potepia-niemieckie-oskarzenia-dotyczace-Nord-Stream.jpg","type":"image\/jpeg"}],"author":"Filip","twitter_card":"summary_large_image","twitter_misc":{"Napisane przez":"Filip","Szacowany czas czytania":"1 minuta"},"schema":{"@context":"https:\/\/schema.org","@graph":[{"@type":"Article","@id":"https:\/\/www.pogotowieflagowe.pl\/aktualne\/prezydent-duda-broni-trybunalu-konstytucyjnego-w-sporze-politycznym\/#article","isPartOf":{"@id":"https:\/\/www.pogotowieflagowe.pl\/aktualne\/prezydent-duda-broni-trybunalu-konstytucyjnego-w-sporze-politycznym\/"},"author":{"name":"Filip","@id":"https:\/\/www.pogotowieflagowe.pl\/aktualne\/#\/schema\/person\/9c2fb7d2362ebf6fa088960d7f0d27b0"},"headline":"Prezydent Duda broni Trybuna\u0142u Konstytucyjnego w sporze politycznym","datePublished":"2024-11-05T19:48:36+00:00","dateModified":"2024-11-05T19:48:36+00:00","mainEntityOfPage":{"@id":"https:\/\/www.pogotowieflagowe.pl\/aktualne\/prezydent-duda-broni-trybunalu-konstytucyjnego-w-sporze-politycznym\/"},"wordCount":233,"publisher":{"@id":"https:\/\/www.pogotowieflagowe.pl\/aktualne\/#organization"},"image":{"@id":"https:\/\/www.pogotowieflagowe.pl\/aktualne\/prezydent-duda-broni-trybunalu-konstytucyjnego-w-sporze-politycznym\/#primaryimage"},"thumbnailUrl":"https:\/\/www.pogotowieflagowe.pl\/aktualne\/wp-content\/uploads\/2024\/09\/Prezydent-Duda-potepia-niemieckie-oskarzenia-dotyczace-Nord-Stream.jpg","keywords":["broni","Duda","Konstytucyjnego","politycznym","Prezydent","sporze","Trybuna\u0142u"],"articleSection":["Polityka"],"inLanguage":"pl-PL"},{"@type":"WebPage","@id":"https:\/\/www.pogotowieflagowe.pl\/aktualne\/prezydent-duda-broni-trybunalu-konstytucyjnego-w-sporze-politycznym\/","url":"https:\/\/www.pogotowieflagowe.pl\/aktualne\/prezydent-duda-broni-trybunalu-konstytucyjnego-w-sporze-politycznym\/","name":"Prezydent Duda broni Trybuna\u0142u Konstytucyjnego w sporze politycznym - POGOTOWIE FLAGOWE\u00ae","isPartOf":{"@id":"https:\/\/www.pogotowieflagowe.pl\/aktualne\/#website"},"primaryImageOfPage":{"@id":"https:\/\/www.pogotowieflagowe.pl\/aktualne\/prezydent-duda-broni-trybunalu-konstytucyjnego-w-sporze-politycznym\/#primaryimage"},"image":{"@id":"https:\/\/www.pogotowieflagowe.pl\/aktualne\/prezydent-duda-broni-trybunalu-konstytucyjnego-w-sporze-politycznym\/#primaryimage"},"thumbnailUrl":"https:\/\/www.pogotowieflagowe.pl\/aktualne\/wp-content\/uploads\/2024\/09\/Prezydent-Duda-potepia-niemieckie-oskarzenia-dotyczace-Nord-Stream.jpg","datePublished":"2024-11-05T19:48:36+00:00","dateModified":"2024-11-05T19:48:36+00:00","breadcrumb":{"@id":"https:\/\/www.pogotowieflagowe.pl\/aktualne\/prezydent-duda-broni-trybunalu-konstytucyjnego-w-sporze-politycznym\/#breadcrumb"},"inLanguage":"pl-PL","potentialAction":[{"@type":"ReadAction","target":["https:\/\/www.pogotowieflagowe.pl\/aktualne\/prezydent-duda-broni-trybunalu-konstytucyjnego-w-sporze-politycznym\/"]}]},{"@type":"ImageObject","inLanguage":"pl-PL","@id":"https:\/\/www.pogotowieflagowe.pl\/aktualne\/prezydent-duda-broni-trybunalu-konstytucyjnego-w-sporze-politycznym\/#primaryimage","url":"https:\/\/www.pogotowieflagowe.pl\/aktualne\/wp-content\/uploads\/2024\/09\/Prezydent-Duda-potepia-niemieckie-oskarzenia-dotyczace-Nord-Stream.jpg","contentUrl":"https:\/\/www.pogotowieflagowe.pl\/aktualne\/wp-content\/uploads\/2024\/09\/Prezydent-Duda-potepia-niemieckie-oskarzenia-dotyczace-Nord-Stream.jpg","width":1280,"height":720,"caption":"Prezydent Duda pot\u0119pia niemieckie oskar\u017cenia dotycz\u0105ce Nord Stream"},{"@type":"BreadcrumbList","@id":"https:\/\/www.pogotowieflagowe.pl\/aktualne\/prezydent-duda-broni-trybunalu-konstytucyjnego-w-sporze-politycznym\/#breadcrumb","itemListElement":[{"@type":"ListItem","position":1,"name":"Home","item":"https:\/\/www.pogotowieflagowe.pl\/aktualne\/"},{"@type":"ListItem","position":2,"name":"Prezydent Duda broni Trybuna\u0142u Konstytucyjnego w sporze politycznym"}]},{"@type":"WebSite","@id":"https:\/\/www.pogotowieflagowe.pl\/aktualne\/#website","url":"https:\/\/www.pogotowieflagowe.pl\/aktualne\/","name":"POGOTOWIE FLAGOWE\u00ae","description":"","publisher":{"@id":"https:\/\/www.pogotowieflagowe.pl\/aktualne\/#organization"},"potentialAction":[{"@type":"SearchAction","target":{"@type":"EntryPoint","urlTemplate":"https:\/\/www.pogotowieflagowe.pl\/aktualne\/?s={search_term_string}"},"query-input":"required name=search_term_string"}],"inLanguage":"pl-PL"},{"@type":"Organization","@id":"https:\/\/www.pogotowieflagowe.pl\/aktualne\/#organization","name":"POGOTOWIE FLAGOWE\u00ae","url":"https:\/\/www.pogotowieflagowe.pl\/aktualne\/","logo":{"@type":"ImageObject","inLanguage":"pl-PL","@id":"https:\/\/www.pogotowieflagowe.pl\/aktualne\/#\/schema\/logo\/image\/","url":"https:\/\/www.pogotowieflagowe.pl\/aktualne\/wp-content\/uploads\/2024\/08\/cropped-pogotowieflagowe_flaga_projekt_sm.jpg","contentUrl":"https:\/\/www.pogotowieflagowe.pl\/aktualne\/wp-content\/uploads\/2024\/08\/cropped-pogotowieflagowe_flaga_projekt_sm.jpg","width":250,"height":143,"caption":"POGOTOWIE FLAGOWE\u00ae"},"image":{"@id":"https:\/\/www.pogotowieflagowe.pl\/aktualne\/#\/schema\/logo\/image\/"}},{"@type":"Person","@id":"https:\/\/www.pogotowieflagowe.pl\/aktualne\/#\/schema\/person\/9c2fb7d2362ebf6fa088960d7f0d27b0","name":"Filip","image":{"@type":"ImageObject","inLanguage":"pl-PL","@id":"https:\/\/www.pogotowieflagowe.pl\/aktualne\/#\/schema\/person\/image\/","url":"https:\/\/www.pogotowieflagowe.pl\/aktualne\/wp-content\/uploads\/2024\/08\/pogotowieflagowe.pl_.jpg","contentUrl":"https:\/\/www.pogotowieflagowe.pl\/aktualne\/wp-content\/uploads\/2024\/08\/pogotowieflagowe.pl_.jpg","caption":"Filip"},"description":"Jestem Filip, polski dziennikarz z dyplomem nauk politycznych Uniwersytetu Warszawskiego. Rozpoczynaj\u0105c swoj\u0105 karier\u0119 w r\u00f3\u017cnych lokalnych mediach, zdoby\u0142em solidne do\u015bwiadczenie w zakresie \u015bledztwa i redakcji. Obecnie jako redaktor w Pogotowie flagowe, staram si\u0119 dostarcza\u0107 dog\u0142\u0119bne i istotne analizy na temat najwa\u017cniejszych kwestii aktualno\u015bci, \u0142\u0105cz\u0105c rygor z pasj\u0105 dziennikarsk\u0105.","sameAs":["https:\/\/www.pogotowieflagowe.pl\/"]}]}},"_links":{"self":[{"href":"https:\/\/www.pogotowieflagowe.pl\/aktualne\/wp-json\/wp\/v2\/posts\/1654","targetHints":{"allow":["GET"]}}],"collection":[{"href":"https:\/\/www.pogotowieflagowe.pl\/aktualne\/wp-json\/wp\/v2\/posts"}],"about":[{"href":"https:\/\/www.pogotowieflagowe.pl\/aktualne\/wp-json\/wp\/v2\/types\/post"}],"author":[{"embeddable":true,"href":"https:\/\/www.pogotowieflagowe.pl\/aktualne\/wp-json\/wp\/v2\/users\/1"}],"replies":[{"embeddable":true,"href":"https:\/\/www.pogotowieflagowe.pl\/aktualne\/wp-json\/wp\/v2\/comments?post=1654"}],"version-history":[{"count":1,"href":"https:\/\/www.pogotowieflagowe.pl\/aktualne\/wp-json\/wp\/v2\/posts\/1654\/revisions"}],"predecessor-version":[{"id":1655,"href":"https:\/\/www.pogotowieflagowe.pl\/aktualne\/wp-json\/wp\/v2\/posts\/1654\/revisions\/1655"}],"wp:featuredmedia":[{"embeddable":true,"href":"https:\/\/www.pogotowieflagowe.pl\/aktualne\/wp-json\/wp\/v2\/media\/457"}],"wp:attachment":[{"href":"https:\/\/www.pogotowieflagowe.pl\/aktualne\/wp-json\/wp\/v2\/media?parent=1654"}],"wp:term":[{"taxonomy":"category","embeddable":true,"href":"https:\/\/www.pogotowieflagowe.pl\/aktualne\/wp-json\/wp\/v2\/categories?post=1654"},{"taxonomy":"post_tag","embeddable":true,"href":"https:\/\/www.pogotowieflagowe.pl\/aktualne\/wp-json\/wp\/v2\/tags?post=1654"}],"curies":[{"name":"wp","href":"https:\/\/api.w.org\/{rel}","templated":true}]}}