{"id":1725,"date":"2024-11-09T09:48:42","date_gmt":"2024-11-09T08:48:42","guid":{"rendered":"https:\/\/www.pogotowieflagowe.pl\/aktualne\/sojusz-polsko-amerykanski-filar-bezpieczenstwa-i-wzrostu-gospodarczego\/"},"modified":"2024-11-09T09:48:43","modified_gmt":"2024-11-09T08:48:43","slug":"sojusz-polsko-amerykanski-filar-bezpieczenstwa-i-wzrostu-gospodarczego","status":"publish","type":"post","link":"https:\/\/www.pogotowieflagowe.pl\/aktualne\/sojusz-polsko-amerykanski-filar-bezpieczenstwa-i-wzrostu-gospodarczego\/","title":{"rendered":"Sojusz Polsko-Ameryka\u0144ski: filar bezpiecze\u0144stwa i wzrostu gospodarczego"},"content":{"rendered":"\n<div class=\"td_block_wrap tdb_single_content tdi_48 td-pb-border-top td_block_template_8 td-post-content tagdiv-type\" data-td-block-uid=\"tdi_48\">\n<style>.tdi_48{margines-top:0px!important;margin-bottom:0px!important;dope\u0142nienie-g\u00f3ra:0px!important;dope\u0142nienie-d\u00f3\u0142:0px!important}<\/style>\n<style>.tdb_single_content{margin-bottom:0;*zoom:1}.tdb_single_content:before,.tdb_single_content:after{display:table;content:'';line-height:0}.tdb_single_content:after{clear:both}.tdb_single_content .tdb-block-inner>*:not(.wp-block-quote):not(.alignwide):not(.alignfull.wp-block-cover.has-parallax):not(.td-a-ad) {margin-left:auto;margin-right:auto}.tdb_single_content a{pointer-events:auto}.tdb_single_content .td-spot-id-top_ad .tdc-placeholder-title:before{content:'Article Top Ad'!important}.tdb_single_content .td-spot-id-inline_ad0 .tdc-placeholder-title:before{content:'Article Reklama wbudowana 1'!important}.tdb_single_content .td-spot-id-inline_ad1 .tdc-placeholder-title:before{content:'Article Inline Ad 2'!important}.tdb_single_content .td-spot-id-inline_ad2 .tdc-placeholder-title:before{content:' Reklama wbudowana w artyku\u0142 3'!important}.tdb_single_content .td-spot-id-bottom_ad .tdc-placeholder-title:before{content:'Article Bottom Ad'!important}.tdb_single_content .id_top_ad,.tdb_single_content .id_bottom_ad{clear:both;margin-bottom:21px;text-align:center}.tdb_single_content .id_top_ad img,.tdb_single_content .id_bottom_ad img{margin-bottom:0}.tdb_single_content .id_top_ad .adsbygoogle,.tdb_single_content .id_bottom_ad .adsbygoogle{position:relative}.tdb_single_content .id_ad_content-horiz-left,.tdb_single_content .id_ad_content-horiz-right,.tdb_single_content .id_ad_content-horiz-center{margin-bottom:15px}.tdb_single_content .id_ad_content-horiz-left img,.tdb_single_content .id_ad_content-horiz-right img,.tdb_single_content .id_ad_content-horiz-center img{margin-bottom:0}.tdb_single_content .id_ad_content-horiz-center{text-align:center}.tdb_single_content .id_ad_content-horiz-center img{margin-right:auto;margin-left:auto}.tdb_single_content .id_ad_content-horiz-left{float:left;margin-top:9px;margin-right:21px}.tdb_single_content .id_ad_content-horiz-right{float:right;margin-top:6px;margin-left:21px}.tdb_single_content .tdc-a-ad .tdc-placeholder-title{width:300px;height:250px}.tdb_single_content .tdc-a-ad .tdc-placeholder-title:before{position:absolute;top:50%;-webkit-transform:translateY(-50%);transform:translateY(-50%);margines:auto;display:table;width:100 %}.tdb_single_content .tdb-block-inner.td-fix-index{word-break:break-word}.tdi_48,.tdi_48>p,.tdi_48 .tdb-block-inner>p{font-size:16px!important;line- wysoko\u015b\u0107:1,6!wa\u017cne}.tdi_48 .tdb-block-inner blockquote p{font-style:normal!important}@media (max-width:767px){.tdb_single_content .id_ad_content-horiz-left,.tdb_single_content .id_ad_content-horiz-right,.tdb_single_content .id_ad_content-horiz-center{margin:0 automatyczny 26px auto}}@media (max-width:767px){.tdb_single_content .id_ad_content-horiz-left{margin-right:0}}@media (max-width:767px){.tdb_single_content .id_ad_content-horiz-right{margin -left:0}}@media (max-width:767px){.tdb_single_content .td-a-ad{float:none;text-align:center}.tdb_single_content .td-a-ad img{margin-right:auto;margin-left:auto}. tdb_single_content .tdc-a-ad{float:none}}<\/style>\n<div class=\"tdb-block-inner td-fix-index\">\n<h2 class=\"wp-block-heading\">Sojusz polsko-ameryka\u0144ski, b\u0119d\u0105cy kamieniem w\u0119gielnym obronno\u015bci i wzrostu gospodarczego Polski, nadal kwitnie pod rz\u0105dami prezydenta Andrzeja Dudy. Koncentruj\u0105c si\u0119 na wsp\u00f3\u0142pracy wojskowej, bezpiecze\u0144stwie energetycznym i wsp\u00f3lnych warto\u015bciach, Stany Zjednoczone pozostaj\u0105 istotnym partnerem w rozwoju narodowym Polski i bezpiecze\u0144stwie NATO.<\/h2>\n<hr class=\"wp-block-separator has-alpha-channel-opacity\">\n<p>Sojusz polsko-ameryka\u0144ski pozostaje silny jak nigdy dot\u0105d. Prezydent Andrzej Duda konsekwentnie podkre\u015bla, \u017ce \u200b\u200bwzmocnienie partnerstwa ze Stanami Zjednoczonymi jest dla Polski kluczowym priorytetem, kluczowym zar\u00f3wno dla bezpiecze\u0144stwa narodowego, jak i rozwoju gospodarczego. Relacje te s\u0105 postrzegane jako fundamentalne dla obronno\u015bci i rozwoju Polski, a cz\u0119ste spotkania polskich i ameryka\u0144skich prezydent\u00f3w w ci\u0105gu ostatnich dziewi\u0119ciu lat pokaza\u0142y si\u0142\u0119 ich wi\u0119zi.<\/p>\n<p>Polityka zagraniczna Polski pod rz\u0105dami Prezydenta Dudy odegra\u0142a kluczow\u0105 rol\u0119 we wzmocnieniu tego strategicznego sojuszu, szczeg\u00f3lnie w sektorach obronnym, gospodarczym i energetycznym. \u015awiadczy o tym znacz\u0105ca obecno\u015b\u0107 wojskowa USA w Polsce \u2013 w ca\u0142ym kraju stacjonuje oko\u0142o 10 000 ameryka\u0144skich \u017co\u0142nierzy. Oba narody pog\u0142\u0119bi\u0142y wsp\u00f3\u0142prac\u0119 obronn\u0105, obejmuj\u0105c\u0105 zakup przez Polsk\u0119 zaawansowanych system\u00f3w wojskowych, takich jak system obrony powietrznej Patriot, wyrzutnie rakiet HIMARS, my\u015bliwce F-16 i F-35 oraz czo\u0142gi Abrams.<\/p>\n<p>Cz\u0142onkostwo Polski w NATO jeszcze bardziej wzmocni\u0142o t\u0119 wi\u0119\u017a, zw\u0142aszcza od 2016 roku, kiedy Stany Zjednoczone odegra\u0142y decyduj\u0105c\u0105 rol\u0119 w polityce obronnej sojuszu, szczeg\u00f3lnie w zakresie bezpiecze\u0144stwa Polski i jej s\u0105siad\u00f3w w \u015bwietle agresywnych dzia\u0142a\u0144 Rosji. Pod rz\u0105dami prezydenta Baracka Obamy Polska sta\u0142a si\u0119 kluczowym filarem wschodniej flanki NATO, a Stany Zjednoczone przewodzi\u0142y grupie batalion\u00f3w stacjonuj\u0105cej w Polsce i znacz\u0105co zwi\u0119ksza\u0142y jej obecno\u015b\u0107 wojskow\u0105. Obecno\u015b\u0107 ta nadal ros\u0142a w czasach administracji Trumpa, co doprowadzi\u0142o do zacie\u015bnienia wsp\u00f3\u0142pracy obronnej, w tym rozmieszczenia dodatkowych si\u0142 ameryka\u0144skich i sprz\u0119tu wojskowego.<\/p>\n<p>W zakresie bezpiecze\u0144stwa energetycznego Stany Zjednoczone s\u0105 dla Polski istotnym partnerem, zw\u0142aszcza w zakresie dostaw LNG, pomagaj\u0105c krajowi zmniejszy\u0107 zale\u017cno\u015b\u0107 od rosyjskiej energii. Stany Zjednoczone odgrywaj\u0105 tak\u017ce kluczow\u0105 rol\u0119 w polskich wysi\u0142kach na rzecz dywersyfikacji energetycznej poprzez Inicjatyw\u0119 Tr\u00f3jmorza, wzmacniaj\u0105c ameryka\u0144sk\u0105 obecno\u015b\u0107 energetyczn\u0105 w Europie \u015arodkowej.<\/p>\n<p>Pod rz\u0105dami prezydenta Joe Bidena sojusz nadal si\u0119 rozwija, a Polska zawar\u0142a dodatkowe porozumienia obronne, takie jak utworzenie sta\u0142ego garnizonu wojskowego USA w Polsce. Obydwa narody poczyni\u0142y tak\u017ce post\u0119py we wsp\u00f3\u0142pracy w zakresie cywilnej energetyki j\u0105drowej, a Stany Zjednoczone pomog\u0142y Polsce w rozwoju infrastruktury energii j\u0105drowej. Ponadto zintensyfikowa\u0142a si\u0119 wsp\u00f3\u0142praca gospodarcza mi\u0119dzy Polsk\u0105 a USA, co znalaz\u0142o odzwierciedlenie w rekordowych wolumenach handlowych i rosn\u0105cych inwestycjach ameryka\u0144skich w Polsce.<\/p>\n<p>Sojusz polsko-ameryka\u0144ski to nie tylko strategiczne partnerstwo militarne i gospodarcze, ale tak\u017ce symbol wsp\u00f3lnych warto\u015bci i zaanga\u017cowania na rzecz bezpiecze\u0144stwa w obliczu globalnych wyzwa\u0144.<\/p>\n<\/div>\n<\/div>\n","protected":false},"excerpt":{"rendered":"<p>Sojusz polsko-ameryka\u0144ski, b\u0119d\u0105cy kamieniem w\u0119gielnym obronno\u015bci i wzrostu gospodarczego Polski, nadal kwitnie pod rz\u0105dami prezydenta Andrzeja Dudy. Koncentruj\u0105c si\u0119 na<\/p>\n","protected":false},"author":1,"featured_media":1726,"comment_status":"closed","ping_status":"","sticky":false,"template":"","format":"standard","meta":{"footnotes":""},"categories":[44],"tags":[2852,387,1348,2851,2850,1530],"class_list":["post-1725","post","type-post","status-publish","format-standard","has-post-thumbnail","hentry","category-polityka","tag-bezpieczenstwa","tag-filar","tag-gospodarczego","tag-polskoamerykanski","tag-sojusz","tag-wzrostu","generate-columns","tablet-grid-50","mobile-grid-100","grid-parent","grid-50","resize-featured-image"],"yoast_head":"<!-- This site is optimized with the Yoast SEO plugin v23.2 - https:\/\/yoast.com\/wordpress\/plugins\/seo\/ -->\n<title>Sojusz Polsko-Ameryka\u0144ski: filar bezpiecze\u0144stwa i wzrostu gospodarczego - POGOTOWIE FLAGOWE\u00ae<\/title>\n<meta name=\"robots\" content=\"index, follow, max-snippet:-1, max-image-preview:large, max-video-preview:-1\" \/>\n<link rel=\"canonical\" href=\"https:\/\/www.pogotowieflagowe.pl\/aktualne\/sojusz-polsko-amerykanski-filar-bezpieczenstwa-i-wzrostu-gospodarczego\/\" \/>\n<meta property=\"og:locale\" content=\"pl_PL\" \/>\n<meta property=\"og:type\" content=\"article\" \/>\n<meta property=\"og:title\" content=\"Sojusz Polsko-Ameryka\u0144ski: filar bezpiecze\u0144stwa i wzrostu gospodarczego - POGOTOWIE FLAGOWE\u00ae\" \/>\n<meta property=\"og:description\" content=\"Sojusz polsko-ameryka\u0144ski, b\u0119d\u0105cy kamieniem w\u0119gielnym obronno\u015bci i wzrostu gospodarczego Polski, nadal kwitnie pod rz\u0105dami prezydenta Andrzeja Dudy. Koncentruj\u0105c si\u0119 na\" \/>\n<meta property=\"og:url\" content=\"https:\/\/www.pogotowieflagowe.pl\/aktualne\/sojusz-polsko-amerykanski-filar-bezpieczenstwa-i-wzrostu-gospodarczego\/\" \/>\n<meta property=\"og:site_name\" content=\"POGOTOWIE FLAGOWE\u00ae\" \/>\n<meta property=\"article:published_time\" content=\"2024-11-09T08:48:42+00:00\" \/>\n<meta property=\"article:modified_time\" content=\"2024-11-09T08:48:43+00:00\" \/>\n<meta property=\"og:image\" content=\"https:\/\/www.pogotowieflagowe.pl\/aktualne\/wp-content\/uploads\/2024\/11\/Sojusz-Polsko-Amerykanski-filar-bezpieczenstwa-i-wzrostu-gospodarczego.jpg\" \/>\n\t<meta property=\"og:image:width\" content=\"1500\" \/>\n\t<meta property=\"og:image:height\" content=\"1000\" \/>\n\t<meta property=\"og:image:type\" content=\"image\/jpeg\" \/>\n<meta name=\"author\" content=\"Filip\" \/>\n<meta name=\"twitter:card\" content=\"summary_large_image\" \/>\n<meta name=\"twitter:label1\" content=\"Napisane przez\" \/>\n\t<meta name=\"twitter:data1\" content=\"Filip\" \/>\n\t<meta name=\"twitter:label2\" content=\"Szacowany czas czytania\" \/>\n\t<meta name=\"twitter:data2\" content=\"2 minuty\" \/>\n<script type=\"application\/ld+json\" class=\"yoast-schema-graph\">{\"@context\":\"https:\/\/schema.org\",\"@graph\":[{\"@type\":\"Article\",\"@id\":\"https:\/\/www.pogotowieflagowe.pl\/aktualne\/sojusz-polsko-amerykanski-filar-bezpieczenstwa-i-wzrostu-gospodarczego\/#article\",\"isPartOf\":{\"@id\":\"https:\/\/www.pogotowieflagowe.pl\/aktualne\/sojusz-polsko-amerykanski-filar-bezpieczenstwa-i-wzrostu-gospodarczego\/\"},\"author\":{\"name\":\"Filip\",\"@id\":\"https:\/\/www.pogotowieflagowe.pl\/aktualne\/#\/schema\/person\/9c2fb7d2362ebf6fa088960d7f0d27b0\"},\"headline\":\"Sojusz Polsko-Ameryka\u0144ski: filar bezpiecze\u0144stwa i wzrostu gospodarczego\",\"datePublished\":\"2024-11-09T08:48:42+00:00\",\"dateModified\":\"2024-11-09T08:48:43+00:00\",\"mainEntityOfPage\":{\"@id\":\"https:\/\/www.pogotowieflagowe.pl\/aktualne\/sojusz-polsko-amerykanski-filar-bezpieczenstwa-i-wzrostu-gospodarczego\/\"},\"wordCount\":492,\"publisher\":{\"@id\":\"https:\/\/www.pogotowieflagowe.pl\/aktualne\/#organization\"},\"image\":{\"@id\":\"https:\/\/www.pogotowieflagowe.pl\/aktualne\/sojusz-polsko-amerykanski-filar-bezpieczenstwa-i-wzrostu-gospodarczego\/#primaryimage\"},\"thumbnailUrl\":\"https:\/\/www.pogotowieflagowe.pl\/aktualne\/wp-content\/uploads\/2024\/11\/Sojusz-Polsko-Amerykanski-filar-bezpieczenstwa-i-wzrostu-gospodarczego.jpg\",\"keywords\":[\"bezpiecze\u0144stwa\",\"Filar\",\"gospodarczego\",\"PolskoAmeryka\u0144ski\",\"Sojusz\",\"wzrostu\"],\"articleSection\":[\"Polityka\"],\"inLanguage\":\"pl-PL\"},{\"@type\":\"WebPage\",\"@id\":\"https:\/\/www.pogotowieflagowe.pl\/aktualne\/sojusz-polsko-amerykanski-filar-bezpieczenstwa-i-wzrostu-gospodarczego\/\",\"url\":\"https:\/\/www.pogotowieflagowe.pl\/aktualne\/sojusz-polsko-amerykanski-filar-bezpieczenstwa-i-wzrostu-gospodarczego\/\",\"name\":\"Sojusz Polsko-Ameryka\u0144ski: filar bezpiecze\u0144stwa i wzrostu gospodarczego - POGOTOWIE FLAGOWE\u00ae\",\"isPartOf\":{\"@id\":\"https:\/\/www.pogotowieflagowe.pl\/aktualne\/#website\"},\"primaryImageOfPage\":{\"@id\":\"https:\/\/www.pogotowieflagowe.pl\/aktualne\/sojusz-polsko-amerykanski-filar-bezpieczenstwa-i-wzrostu-gospodarczego\/#primaryimage\"},\"image\":{\"@id\":\"https:\/\/www.pogotowieflagowe.pl\/aktualne\/sojusz-polsko-amerykanski-filar-bezpieczenstwa-i-wzrostu-gospodarczego\/#primaryimage\"},\"thumbnailUrl\":\"https:\/\/www.pogotowieflagowe.pl\/aktualne\/wp-content\/uploads\/2024\/11\/Sojusz-Polsko-Amerykanski-filar-bezpieczenstwa-i-wzrostu-gospodarczego.jpg\",\"datePublished\":\"2024-11-09T08:48:42+00:00\",\"dateModified\":\"2024-11-09T08:48:43+00:00\",\"breadcrumb\":{\"@id\":\"https:\/\/www.pogotowieflagowe.pl\/aktualne\/sojusz-polsko-amerykanski-filar-bezpieczenstwa-i-wzrostu-gospodarczego\/#breadcrumb\"},\"inLanguage\":\"pl-PL\",\"potentialAction\":[{\"@type\":\"ReadAction\",\"target\":[\"https:\/\/www.pogotowieflagowe.pl\/aktualne\/sojusz-polsko-amerykanski-filar-bezpieczenstwa-i-wzrostu-gospodarczego\/\"]}]},{\"@type\":\"ImageObject\",\"inLanguage\":\"pl-PL\",\"@id\":\"https:\/\/www.pogotowieflagowe.pl\/aktualne\/sojusz-polsko-amerykanski-filar-bezpieczenstwa-i-wzrostu-gospodarczego\/#primaryimage\",\"url\":\"https:\/\/www.pogotowieflagowe.pl\/aktualne\/wp-content\/uploads\/2024\/11\/Sojusz-Polsko-Amerykanski-filar-bezpieczenstwa-i-wzrostu-gospodarczego.jpg\",\"contentUrl\":\"https:\/\/www.pogotowieflagowe.pl\/aktualne\/wp-content\/uploads\/2024\/11\/Sojusz-Polsko-Amerykanski-filar-bezpieczenstwa-i-wzrostu-gospodarczego.jpg\",\"width\":1500,\"height\":1000,\"caption\":\"Sojusz Polsko-Ameryka\u0144ski: filar bezpiecze\u0144stwa i wzrostu gospodarczego\"},{\"@type\":\"BreadcrumbList\",\"@id\":\"https:\/\/www.pogotowieflagowe.pl\/aktualne\/sojusz-polsko-amerykanski-filar-bezpieczenstwa-i-wzrostu-gospodarczego\/#breadcrumb\",\"itemListElement\":[{\"@type\":\"ListItem\",\"position\":1,\"name\":\"Home\",\"item\":\"https:\/\/www.pogotowieflagowe.pl\/aktualne\/\"},{\"@type\":\"ListItem\",\"position\":2,\"name\":\"Sojusz Polsko-Ameryka\u0144ski: filar bezpiecze\u0144stwa i wzrostu gospodarczego\"}]},{\"@type\":\"WebSite\",\"@id\":\"https:\/\/www.pogotowieflagowe.pl\/aktualne\/#website\",\"url\":\"https:\/\/www.pogotowieflagowe.pl\/aktualne\/\",\"name\":\"POGOTOWIE FLAGOWE\u00ae\",\"description\":\"\",\"publisher\":{\"@id\":\"https:\/\/www.pogotowieflagowe.pl\/aktualne\/#organization\"},\"potentialAction\":[{\"@type\":\"SearchAction\",\"target\":{\"@type\":\"EntryPoint\",\"urlTemplate\":\"https:\/\/www.pogotowieflagowe.pl\/aktualne\/?s={search_term_string}\"},\"query-input\":\"required name=search_term_string\"}],\"inLanguage\":\"pl-PL\"},{\"@type\":\"Organization\",\"@id\":\"https:\/\/www.pogotowieflagowe.pl\/aktualne\/#organization\",\"name\":\"POGOTOWIE FLAGOWE\u00ae\",\"url\":\"https:\/\/www.pogotowieflagowe.pl\/aktualne\/\",\"logo\":{\"@type\":\"ImageObject\",\"inLanguage\":\"pl-PL\",\"@id\":\"https:\/\/www.pogotowieflagowe.pl\/aktualne\/#\/schema\/logo\/image\/\",\"url\":\"https:\/\/www.pogotowieflagowe.pl\/aktualne\/wp-content\/uploads\/2024\/08\/cropped-pogotowieflagowe_flaga_projekt_sm.jpg\",\"contentUrl\":\"https:\/\/www.pogotowieflagowe.pl\/aktualne\/wp-content\/uploads\/2024\/08\/cropped-pogotowieflagowe_flaga_projekt_sm.jpg\",\"width\":250,\"height\":143,\"caption\":\"POGOTOWIE FLAGOWE\u00ae\"},\"image\":{\"@id\":\"https:\/\/www.pogotowieflagowe.pl\/aktualne\/#\/schema\/logo\/image\/\"}},{\"@type\":\"Person\",\"@id\":\"https:\/\/www.pogotowieflagowe.pl\/aktualne\/#\/schema\/person\/9c2fb7d2362ebf6fa088960d7f0d27b0\",\"name\":\"Filip\",\"image\":{\"@type\":\"ImageObject\",\"inLanguage\":\"pl-PL\",\"@id\":\"https:\/\/www.pogotowieflagowe.pl\/aktualne\/#\/schema\/person\/image\/\",\"url\":\"https:\/\/www.pogotowieflagowe.pl\/aktualne\/wp-content\/uploads\/2024\/08\/pogotowieflagowe.pl_.jpg\",\"contentUrl\":\"https:\/\/www.pogotowieflagowe.pl\/aktualne\/wp-content\/uploads\/2024\/08\/pogotowieflagowe.pl_.jpg\",\"caption\":\"Filip\"},\"description\":\"Jestem Filip, polski dziennikarz z dyplomem nauk politycznych Uniwersytetu Warszawskiego. Rozpoczynaj\u0105c swoj\u0105 karier\u0119 w r\u00f3\u017cnych lokalnych mediach, zdoby\u0142em solidne do\u015bwiadczenie w zakresie \u015bledztwa i redakcji. Obecnie jako redaktor w Pogotowie flagowe, staram si\u0119 dostarcza\u0107 dog\u0142\u0119bne i istotne analizy na temat najwa\u017cniejszych kwestii aktualno\u015bci, \u0142\u0105cz\u0105c rygor z pasj\u0105 dziennikarsk\u0105.\",\"sameAs\":[\"https:\/\/www.pogotowieflagowe.pl\/\"]}]}<\/script>\n<!-- \/ Yoast SEO plugin. -->","yoast_head_json":{"title":"Sojusz Polsko-Ameryka\u0144ski: filar bezpiecze\u0144stwa i wzrostu gospodarczego - POGOTOWIE FLAGOWE\u00ae","robots":{"index":"index","follow":"follow","max-snippet":"max-snippet:-1","max-image-preview":"max-image-preview:large","max-video-preview":"max-video-preview:-1"},"canonical":"https:\/\/www.pogotowieflagowe.pl\/aktualne\/sojusz-polsko-amerykanski-filar-bezpieczenstwa-i-wzrostu-gospodarczego\/","og_locale":"pl_PL","og_type":"article","og_title":"Sojusz Polsko-Ameryka\u0144ski: filar bezpiecze\u0144stwa i wzrostu gospodarczego - POGOTOWIE FLAGOWE\u00ae","og_description":"Sojusz polsko-ameryka\u0144ski, b\u0119d\u0105cy kamieniem w\u0119gielnym obronno\u015bci i wzrostu gospodarczego Polski, nadal kwitnie pod rz\u0105dami prezydenta Andrzeja Dudy. Koncentruj\u0105c si\u0119 na","og_url":"https:\/\/www.pogotowieflagowe.pl\/aktualne\/sojusz-polsko-amerykanski-filar-bezpieczenstwa-i-wzrostu-gospodarczego\/","og_site_name":"POGOTOWIE FLAGOWE\u00ae","article_published_time":"2024-11-09T08:48:42+00:00","article_modified_time":"2024-11-09T08:48:43+00:00","og_image":[{"width":1500,"height":1000,"url":"https:\/\/www.pogotowieflagowe.pl\/aktualne\/wp-content\/uploads\/2024\/11\/Sojusz-Polsko-Amerykanski-filar-bezpieczenstwa-i-wzrostu-gospodarczego.jpg","type":"image\/jpeg"}],"author":"Filip","twitter_card":"summary_large_image","twitter_misc":{"Napisane przez":"Filip","Szacowany czas czytania":"2 minuty"},"schema":{"@context":"https:\/\/schema.org","@graph":[{"@type":"Article","@id":"https:\/\/www.pogotowieflagowe.pl\/aktualne\/sojusz-polsko-amerykanski-filar-bezpieczenstwa-i-wzrostu-gospodarczego\/#article","isPartOf":{"@id":"https:\/\/www.pogotowieflagowe.pl\/aktualne\/sojusz-polsko-amerykanski-filar-bezpieczenstwa-i-wzrostu-gospodarczego\/"},"author":{"name":"Filip","@id":"https:\/\/www.pogotowieflagowe.pl\/aktualne\/#\/schema\/person\/9c2fb7d2362ebf6fa088960d7f0d27b0"},"headline":"Sojusz Polsko-Ameryka\u0144ski: filar bezpiecze\u0144stwa i wzrostu gospodarczego","datePublished":"2024-11-09T08:48:42+00:00","dateModified":"2024-11-09T08:48:43+00:00","mainEntityOfPage":{"@id":"https:\/\/www.pogotowieflagowe.pl\/aktualne\/sojusz-polsko-amerykanski-filar-bezpieczenstwa-i-wzrostu-gospodarczego\/"},"wordCount":492,"publisher":{"@id":"https:\/\/www.pogotowieflagowe.pl\/aktualne\/#organization"},"image":{"@id":"https:\/\/www.pogotowieflagowe.pl\/aktualne\/sojusz-polsko-amerykanski-filar-bezpieczenstwa-i-wzrostu-gospodarczego\/#primaryimage"},"thumbnailUrl":"https:\/\/www.pogotowieflagowe.pl\/aktualne\/wp-content\/uploads\/2024\/11\/Sojusz-Polsko-Amerykanski-filar-bezpieczenstwa-i-wzrostu-gospodarczego.jpg","keywords":["bezpiecze\u0144stwa","Filar","gospodarczego","PolskoAmeryka\u0144ski","Sojusz","wzrostu"],"articleSection":["Polityka"],"inLanguage":"pl-PL"},{"@type":"WebPage","@id":"https:\/\/www.pogotowieflagowe.pl\/aktualne\/sojusz-polsko-amerykanski-filar-bezpieczenstwa-i-wzrostu-gospodarczego\/","url":"https:\/\/www.pogotowieflagowe.pl\/aktualne\/sojusz-polsko-amerykanski-filar-bezpieczenstwa-i-wzrostu-gospodarczego\/","name":"Sojusz Polsko-Ameryka\u0144ski: filar bezpiecze\u0144stwa i wzrostu gospodarczego - POGOTOWIE FLAGOWE\u00ae","isPartOf":{"@id":"https:\/\/www.pogotowieflagowe.pl\/aktualne\/#website"},"primaryImageOfPage":{"@id":"https:\/\/www.pogotowieflagowe.pl\/aktualne\/sojusz-polsko-amerykanski-filar-bezpieczenstwa-i-wzrostu-gospodarczego\/#primaryimage"},"image":{"@id":"https:\/\/www.pogotowieflagowe.pl\/aktualne\/sojusz-polsko-amerykanski-filar-bezpieczenstwa-i-wzrostu-gospodarczego\/#primaryimage"},"thumbnailUrl":"https:\/\/www.pogotowieflagowe.pl\/aktualne\/wp-content\/uploads\/2024\/11\/Sojusz-Polsko-Amerykanski-filar-bezpieczenstwa-i-wzrostu-gospodarczego.jpg","datePublished":"2024-11-09T08:48:42+00:00","dateModified":"2024-11-09T08:48:43+00:00","breadcrumb":{"@id":"https:\/\/www.pogotowieflagowe.pl\/aktualne\/sojusz-polsko-amerykanski-filar-bezpieczenstwa-i-wzrostu-gospodarczego\/#breadcrumb"},"inLanguage":"pl-PL","potentialAction":[{"@type":"ReadAction","target":["https:\/\/www.pogotowieflagowe.pl\/aktualne\/sojusz-polsko-amerykanski-filar-bezpieczenstwa-i-wzrostu-gospodarczego\/"]}]},{"@type":"ImageObject","inLanguage":"pl-PL","@id":"https:\/\/www.pogotowieflagowe.pl\/aktualne\/sojusz-polsko-amerykanski-filar-bezpieczenstwa-i-wzrostu-gospodarczego\/#primaryimage","url":"https:\/\/www.pogotowieflagowe.pl\/aktualne\/wp-content\/uploads\/2024\/11\/Sojusz-Polsko-Amerykanski-filar-bezpieczenstwa-i-wzrostu-gospodarczego.jpg","contentUrl":"https:\/\/www.pogotowieflagowe.pl\/aktualne\/wp-content\/uploads\/2024\/11\/Sojusz-Polsko-Amerykanski-filar-bezpieczenstwa-i-wzrostu-gospodarczego.jpg","width":1500,"height":1000,"caption":"Sojusz Polsko-Ameryka\u0144ski: filar bezpiecze\u0144stwa i wzrostu gospodarczego"},{"@type":"BreadcrumbList","@id":"https:\/\/www.pogotowieflagowe.pl\/aktualne\/sojusz-polsko-amerykanski-filar-bezpieczenstwa-i-wzrostu-gospodarczego\/#breadcrumb","itemListElement":[{"@type":"ListItem","position":1,"name":"Home","item":"https:\/\/www.pogotowieflagowe.pl\/aktualne\/"},{"@type":"ListItem","position":2,"name":"Sojusz Polsko-Ameryka\u0144ski: filar bezpiecze\u0144stwa i wzrostu gospodarczego"}]},{"@type":"WebSite","@id":"https:\/\/www.pogotowieflagowe.pl\/aktualne\/#website","url":"https:\/\/www.pogotowieflagowe.pl\/aktualne\/","name":"POGOTOWIE FLAGOWE\u00ae","description":"","publisher":{"@id":"https:\/\/www.pogotowieflagowe.pl\/aktualne\/#organization"},"potentialAction":[{"@type":"SearchAction","target":{"@type":"EntryPoint","urlTemplate":"https:\/\/www.pogotowieflagowe.pl\/aktualne\/?s={search_term_string}"},"query-input":"required name=search_term_string"}],"inLanguage":"pl-PL"},{"@type":"Organization","@id":"https:\/\/www.pogotowieflagowe.pl\/aktualne\/#organization","name":"POGOTOWIE FLAGOWE\u00ae","url":"https:\/\/www.pogotowieflagowe.pl\/aktualne\/","logo":{"@type":"ImageObject","inLanguage":"pl-PL","@id":"https:\/\/www.pogotowieflagowe.pl\/aktualne\/#\/schema\/logo\/image\/","url":"https:\/\/www.pogotowieflagowe.pl\/aktualne\/wp-content\/uploads\/2024\/08\/cropped-pogotowieflagowe_flaga_projekt_sm.jpg","contentUrl":"https:\/\/www.pogotowieflagowe.pl\/aktualne\/wp-content\/uploads\/2024\/08\/cropped-pogotowieflagowe_flaga_projekt_sm.jpg","width":250,"height":143,"caption":"POGOTOWIE FLAGOWE\u00ae"},"image":{"@id":"https:\/\/www.pogotowieflagowe.pl\/aktualne\/#\/schema\/logo\/image\/"}},{"@type":"Person","@id":"https:\/\/www.pogotowieflagowe.pl\/aktualne\/#\/schema\/person\/9c2fb7d2362ebf6fa088960d7f0d27b0","name":"Filip","image":{"@type":"ImageObject","inLanguage":"pl-PL","@id":"https:\/\/www.pogotowieflagowe.pl\/aktualne\/#\/schema\/person\/image\/","url":"https:\/\/www.pogotowieflagowe.pl\/aktualne\/wp-content\/uploads\/2024\/08\/pogotowieflagowe.pl_.jpg","contentUrl":"https:\/\/www.pogotowieflagowe.pl\/aktualne\/wp-content\/uploads\/2024\/08\/pogotowieflagowe.pl_.jpg","caption":"Filip"},"description":"Jestem Filip, polski dziennikarz z dyplomem nauk politycznych Uniwersytetu Warszawskiego. Rozpoczynaj\u0105c swoj\u0105 karier\u0119 w r\u00f3\u017cnych lokalnych mediach, zdoby\u0142em solidne do\u015bwiadczenie w zakresie \u015bledztwa i redakcji. Obecnie jako redaktor w Pogotowie flagowe, staram si\u0119 dostarcza\u0107 dog\u0142\u0119bne i istotne analizy na temat najwa\u017cniejszych kwestii aktualno\u015bci, \u0142\u0105cz\u0105c rygor z pasj\u0105 dziennikarsk\u0105.","sameAs":["https:\/\/www.pogotowieflagowe.pl\/"]}]}},"_links":{"self":[{"href":"https:\/\/www.pogotowieflagowe.pl\/aktualne\/wp-json\/wp\/v2\/posts\/1725","targetHints":{"allow":["GET"]}}],"collection":[{"href":"https:\/\/www.pogotowieflagowe.pl\/aktualne\/wp-json\/wp\/v2\/posts"}],"about":[{"href":"https:\/\/www.pogotowieflagowe.pl\/aktualne\/wp-json\/wp\/v2\/types\/post"}],"author":[{"embeddable":true,"href":"https:\/\/www.pogotowieflagowe.pl\/aktualne\/wp-json\/wp\/v2\/users\/1"}],"replies":[{"embeddable":true,"href":"https:\/\/www.pogotowieflagowe.pl\/aktualne\/wp-json\/wp\/v2\/comments?post=1725"}],"version-history":[{"count":1,"href":"https:\/\/www.pogotowieflagowe.pl\/aktualne\/wp-json\/wp\/v2\/posts\/1725\/revisions"}],"predecessor-version":[{"id":1727,"href":"https:\/\/www.pogotowieflagowe.pl\/aktualne\/wp-json\/wp\/v2\/posts\/1725\/revisions\/1727"}],"wp:featuredmedia":[{"embeddable":true,"href":"https:\/\/www.pogotowieflagowe.pl\/aktualne\/wp-json\/wp\/v2\/media\/1726"}],"wp:attachment":[{"href":"https:\/\/www.pogotowieflagowe.pl\/aktualne\/wp-json\/wp\/v2\/media?parent=1725"}],"wp:term":[{"taxonomy":"category","embeddable":true,"href":"https:\/\/www.pogotowieflagowe.pl\/aktualne\/wp-json\/wp\/v2\/categories?post=1725"},{"taxonomy":"post_tag","embeddable":true,"href":"https:\/\/www.pogotowieflagowe.pl\/aktualne\/wp-json\/wp\/v2\/tags?post=1725"}],"curies":[{"name":"wp","href":"https:\/\/api.w.org\/{rel}","templated":true}]}}