{"id":1748,"date":"2024-11-10T04:48:38","date_gmt":"2024-11-10T03:48:38","guid":{"rendered":"https:\/\/www.pogotowieflagowe.pl\/aktualne\/obchody-europejskiego-dnia-wynalazcy-uhonorowanie-pionierow-innowacji\/"},"modified":"2024-11-10T04:48:41","modified_gmt":"2024-11-10T03:48:41","slug":"obchody-europejskiego-dnia-wynalazcy-uhonorowanie-pionierow-innowacji","status":"publish","type":"post","link":"https:\/\/www.pogotowieflagowe.pl\/aktualne\/obchody-europejskiego-dnia-wynalazcy-uhonorowanie-pionierow-innowacji\/","title":{"rendered":"Obchody Europejskiego Dnia Wynalazcy: uhonorowanie pionier\u00f3w innowacji"},"content":{"rendered":"\n<div class=\"td_block_wrap tdb_single_content tdi_48 td-pb-border-top td_block_template_8 td-post-content tagdiv-type\" data-td-block-uid=\"tdi_48\">\n<style>.tdi_48{margines-g\u00f3rny:0px!important;margin-bottom:0px!important;dope\u0142nienie-g\u00f3ra:0px!important;dope\u0142nienie-d\u00f3\u0142:0px!important}<\/style>\n<style>.tdb_single_content{margin-bottom:0;*zoom:1}.tdb_single_content:before,.tdb_single_content:after{display:table;content:'';line-height:0}.tdb_single_content:after{clear:both}.tdb_single_content .tdb-block-inner>*:not(.wp-block-quote):not(.alignwide):not(.alignfull.wp-block-cover.has-parallax):not(.td-a-ad) {margin-left:auto;margin-right:auto}.tdb_single_content a{pointer-events:auto}.tdb_single_content .td-spot-id-top_ad .tdc-placeholder-title:before{content:'Article Top Ad'!important}.tdb_single_content .td-spot-id-inline_ad0 .tdc-placeholder-title:before{content:'Article Reklama wbudowana 1'!important}.tdb_single_content .td-spot-id-inline_ad1 .tdc-placeholder-title:before{content:'Article Inline Ad 2'!important}.tdb_single_content .td-spot-id-inline_ad2 .tdc-placeholder-title:before{content:' Reklama wbudowana w artyku\u0142 3'!important}.tdb_single_content .td-spot-id-bottom_ad .tdc-placeholder-title:before{content:'Article Bottom Ad'!important}.tdb_single_content .id_top_ad,.tdb_single_content .id_bottom_ad{clear:both;margin-bottom:21px;text-align:center}.tdb_single_content .id_top_ad img,.tdb_single_content .id_bottom_ad img{margin-bottom:0}.tdb_single_content .id_top_ad .adsbygoogle,.tdb_single_content .id_bottom_ad .adsbygoogle{position:relative}.tdb_single_content .id_ad_content-horiz-left,.tdb_single_content .id_ad_content-horiz-right,.tdb_single_content .id_ad_content-horiz-center{margin-bottom:15px}.tdb_single_content .id_ad_content-horiz-left img,.tdb_single_content .id_ad_content-horiz-right img,.tdb_single_content .id_ad_content-horiz-center img{margin-bottom:0}.tdb_single_content .id_ad_content-horiz-center{text-align:center}.tdb_single_content .id_ad_content-horiz-center img{margin-right:auto;margin-left:auto}.tdb_single_content .id_ad_content-horiz-left{float:left;margin-top:9px;margin-right:21px}.tdb_single_content .id_ad_content-horiz-right{float:right;margin-top:6px;margin-left:21px}.tdb_single_content .tdc-a-ad .tdc-placeholder-title{width:300px;height:250px}.tdb_single_content .tdc-a-ad .tdc-placeholder-title:before{position:absolute;top:50%;-webkit-transform:translateY(-50%);transform:translateY(-50%);margines:auto;display:table;width:100 %}.tdb_single_content .tdb-block-inner.td-fix-index{word-break:break-word}.tdi_48,.tdi_48>p,.tdi_48 .tdb-block-inner>p{font-size:16px!important;line- wysoko\u015b\u0107:1,6!wa\u017cne}.tdi_48 .tdb-block-inner blockquote p{font-style:normal!important}@media (max-width:767px){.tdb_single_content .id_ad_content-horiz-left,.tdb_single_content .id_ad_content-horiz-right,.tdb_single_content .id_ad_content-horiz-center{margin:0 automatyczny 26px auto}}@media (max-width:767px){.tdb_single_content .id_ad_content-horiz-left{margin-right:0}}@media (max-width:767px){.tdb_single_content .id_ad_content-horiz-right{margin -left:0}}@media (max-width:767px){.tdb_single_content .td-a-ad{float:none;text-align:center}.tdb_single_content .td-a-ad img{margin-right:auto;margin-left:auto}. tdb_single_content .tdc-a-ad{float:none}}<\/style>\n<div class=\"tdb-block-inner td-fix-index\">\n<p>Ka\u017cdego 9 listopada Europa \u015bwi\u0119tuje niezwyk\u0142e umys\u0142y, kt\u00f3re nap\u0119dzaj\u0105 post\u0119p i zmiany, organizuj\u0105c Europejski Dzie\u0144 Wynalazcy. Te coroczne obchody s\u0105 ho\u0142dem dla wynalazc\u00f3w, kt\u00f3rzy nieustannie rzucaj\u0105 wyzwanie normom, dostrzegaj\u0105c mo\u017cliwo\u015bci tam, gdzie inni widz\u0105 jedynie przeszkody. Dla wynalazc\u00f3w podr\u00f3\u017c jest wyj\u0105tkowa, naznaczona odporno\u015bci\u0105, pasj\u0105 i niez\u0142omnym po\u015bwi\u0119ceniem rozwi\u0105zywaniu problem\u00f3w w spos\u00f3b, kt\u00f3ry czyni \u017cycie lepszym dla wszystkich.<\/p>\n<p>Wynalazcy s\u0105 pionierami post\u0119pu, cz\u0119sto wkraczaj\u0105c na nieznane terytoria z determinacj\u0105 ulepszenia otaczaj\u0105cego ich \u015bwiata. Od prze\u0142omowych osi\u0105gni\u0119\u0107 w medycynie po rozwi\u0105zania w zakresie zr\u00f3wnowa\u017conej energii i innowacje cyfrowe \u2013 europejscy wynalazcy g\u0142\u0119boko ukszta\u0142towali spos\u00f3b, w jaki \u017cyjemy, pracujemy i komunikujemy si\u0119. Obchody Europejskiego Dnia Wynalazcy rzucaj\u0105 \u015bwiat\u0142o na ich wk\u0142ad i podkre\u015blaj\u0105 znaczenie tw\u00f3rczego rozwi\u0105zywania problem\u00f3w, umiej\u0119tno\u015bci, kt\u00f3ra sta\u0142a si\u0119 niezb\u0119dna w dzisiejszym szybko zmieniaj\u0105cym si\u0119 krajobrazie.<\/p>\n<p>Wynalazcy cz\u0119sto napotykaj\u0105 niezliczone wyzwania, od niepowodze\u0144 technicznych po zabezpieczenie zasob\u00f3w i wsparcia. Jednak to w\u0142a\u015bnie ta podr\u00f3\u017c \u2013 pe\u0142na pr\u00f3b, b\u0142\u0119d\u00f3w i odkry\u0107 \u2013 umo\u017cliwia im wprowadzanie prawdziwych zmian. Europejski Dzie\u0144 Wynalazcy jest wyrazem uznania dla wk\u0142adu tych wizjoner\u00f3w, kt\u00f3rzy poprzez swoje wynalazki stawiaj\u0105 czo\u0142a niekt\u00f3rym z najpilniejszych wyzwa\u0144 stoj\u0105cych przed spo\u0142ecze\u0144stwem i inspiruj\u0105 kolejne pokolenia do odwa\u017cnego i innowacyjnego my\u015blenia.<\/p>\n<\/div>\n<\/div>\n","protected":false},"excerpt":{"rendered":"<p>Ka\u017cdego 9 listopada Europa \u015bwi\u0119tuje niezwyk\u0142e umys\u0142y, kt\u00f3re nap\u0119dzaj\u0105 post\u0119p i zmiany, organizuj\u0105c Europejski Dzie\u0144 Wynalazcy. Te coroczne obchody s\u0105<\/p>\n","protected":false},"author":1,"featured_media":1749,"comment_status":"closed","ping_status":"","sticky":false,"template":"","format":"standard","meta":{"footnotes":""},"categories":[45],"tags":[1467,2494,2884,2881,2883,2643,2882],"class_list":["post-1748","post","type-post","status-publish","format-standard","has-post-thumbnail","hentry","category-biznes","tag-dnia","tag-europejskiego","tag-innowacji","tag-obchody","tag-pionierow","tag-uhonorowanie","tag-wynalazcy","generate-columns","tablet-grid-50","mobile-grid-100","grid-parent","grid-50","resize-featured-image"],"yoast_head":"<!-- This site is optimized with the Yoast SEO plugin v23.2 - https:\/\/yoast.com\/wordpress\/plugins\/seo\/ -->\n<title>Obchody Europejskiego Dnia Wynalazcy: uhonorowanie pionier\u00f3w innowacji - POGOTOWIE FLAGOWE\u00ae<\/title>\n<meta name=\"robots\" content=\"index, follow, max-snippet:-1, max-image-preview:large, max-video-preview:-1\" \/>\n<link rel=\"canonical\" href=\"https:\/\/www.pogotowieflagowe.pl\/aktualne\/obchody-europejskiego-dnia-wynalazcy-uhonorowanie-pionierow-innowacji\/\" \/>\n<meta property=\"og:locale\" content=\"pl_PL\" \/>\n<meta property=\"og:type\" content=\"article\" \/>\n<meta property=\"og:title\" content=\"Obchody Europejskiego Dnia Wynalazcy: uhonorowanie pionier\u00f3w innowacji - POGOTOWIE FLAGOWE\u00ae\" \/>\n<meta property=\"og:description\" content=\"Ka\u017cdego 9 listopada Europa \u015bwi\u0119tuje niezwyk\u0142e umys\u0142y, kt\u00f3re nap\u0119dzaj\u0105 post\u0119p i zmiany, organizuj\u0105c Europejski Dzie\u0144 Wynalazcy. Te coroczne obchody s\u0105\" \/>\n<meta property=\"og:url\" content=\"https:\/\/www.pogotowieflagowe.pl\/aktualne\/obchody-europejskiego-dnia-wynalazcy-uhonorowanie-pionierow-innowacji\/\" \/>\n<meta property=\"og:site_name\" content=\"POGOTOWIE FLAGOWE\u00ae\" \/>\n<meta property=\"article:published_time\" content=\"2024-11-10T03:48:38+00:00\" \/>\n<meta property=\"article:modified_time\" content=\"2024-11-10T03:48:41+00:00\" \/>\n<meta property=\"og:image\" content=\"https:\/\/www.pogotowieflagowe.pl\/aktualne\/wp-content\/uploads\/2024\/11\/Obchody-Europejskiego-Dnia-Wynalazcy-uhonorowanie-pionierow-innowacji.jpg\" \/>\n\t<meta property=\"og:image:width\" content=\"1920\" \/>\n\t<meta property=\"og:image:height\" content=\"1280\" \/>\n\t<meta property=\"og:image:type\" content=\"image\/jpeg\" \/>\n<meta name=\"author\" content=\"Filip\" \/>\n<meta name=\"twitter:card\" content=\"summary_large_image\" \/>\n<meta name=\"twitter:label1\" content=\"Napisane przez\" \/>\n\t<meta name=\"twitter:data1\" content=\"Filip\" \/>\n\t<meta name=\"twitter:label2\" content=\"Szacowany czas czytania\" \/>\n\t<meta name=\"twitter:data2\" content=\"1 minuta\" \/>\n<script type=\"application\/ld+json\" class=\"yoast-schema-graph\">{\"@context\":\"https:\/\/schema.org\",\"@graph\":[{\"@type\":\"Article\",\"@id\":\"https:\/\/www.pogotowieflagowe.pl\/aktualne\/obchody-europejskiego-dnia-wynalazcy-uhonorowanie-pionierow-innowacji\/#article\",\"isPartOf\":{\"@id\":\"https:\/\/www.pogotowieflagowe.pl\/aktualne\/obchody-europejskiego-dnia-wynalazcy-uhonorowanie-pionierow-innowacji\/\"},\"author\":{\"name\":\"Filip\",\"@id\":\"https:\/\/www.pogotowieflagowe.pl\/aktualne\/#\/schema\/person\/9c2fb7d2362ebf6fa088960d7f0d27b0\"},\"headline\":\"Obchody Europejskiego Dnia Wynalazcy: uhonorowanie pionier\u00f3w innowacji\",\"datePublished\":\"2024-11-10T03:48:38+00:00\",\"dateModified\":\"2024-11-10T03:48:41+00:00\",\"mainEntityOfPage\":{\"@id\":\"https:\/\/www.pogotowieflagowe.pl\/aktualne\/obchody-europejskiego-dnia-wynalazcy-uhonorowanie-pionierow-innowacji\/\"},\"wordCount\":258,\"publisher\":{\"@id\":\"https:\/\/www.pogotowieflagowe.pl\/aktualne\/#organization\"},\"image\":{\"@id\":\"https:\/\/www.pogotowieflagowe.pl\/aktualne\/obchody-europejskiego-dnia-wynalazcy-uhonorowanie-pionierow-innowacji\/#primaryimage\"},\"thumbnailUrl\":\"https:\/\/www.pogotowieflagowe.pl\/aktualne\/wp-content\/uploads\/2024\/11\/Obchody-Europejskiego-Dnia-Wynalazcy-uhonorowanie-pionierow-innowacji.jpg\",\"keywords\":[\"Dnia\",\"Europejskiego\",\"innowacji\",\"Obchody\",\"pionier\u00f3w\",\"Uhonorowanie\",\"Wynalazcy\"],\"articleSection\":[\"Biznes\"],\"inLanguage\":\"pl-PL\"},{\"@type\":\"WebPage\",\"@id\":\"https:\/\/www.pogotowieflagowe.pl\/aktualne\/obchody-europejskiego-dnia-wynalazcy-uhonorowanie-pionierow-innowacji\/\",\"url\":\"https:\/\/www.pogotowieflagowe.pl\/aktualne\/obchody-europejskiego-dnia-wynalazcy-uhonorowanie-pionierow-innowacji\/\",\"name\":\"Obchody Europejskiego Dnia Wynalazcy: uhonorowanie pionier\u00f3w innowacji - POGOTOWIE FLAGOWE\u00ae\",\"isPartOf\":{\"@id\":\"https:\/\/www.pogotowieflagowe.pl\/aktualne\/#website\"},\"primaryImageOfPage\":{\"@id\":\"https:\/\/www.pogotowieflagowe.pl\/aktualne\/obchody-europejskiego-dnia-wynalazcy-uhonorowanie-pionierow-innowacji\/#primaryimage\"},\"image\":{\"@id\":\"https:\/\/www.pogotowieflagowe.pl\/aktualne\/obchody-europejskiego-dnia-wynalazcy-uhonorowanie-pionierow-innowacji\/#primaryimage\"},\"thumbnailUrl\":\"https:\/\/www.pogotowieflagowe.pl\/aktualne\/wp-content\/uploads\/2024\/11\/Obchody-Europejskiego-Dnia-Wynalazcy-uhonorowanie-pionierow-innowacji.jpg\",\"datePublished\":\"2024-11-10T03:48:38+00:00\",\"dateModified\":\"2024-11-10T03:48:41+00:00\",\"breadcrumb\":{\"@id\":\"https:\/\/www.pogotowieflagowe.pl\/aktualne\/obchody-europejskiego-dnia-wynalazcy-uhonorowanie-pionierow-innowacji\/#breadcrumb\"},\"inLanguage\":\"pl-PL\",\"potentialAction\":[{\"@type\":\"ReadAction\",\"target\":[\"https:\/\/www.pogotowieflagowe.pl\/aktualne\/obchody-europejskiego-dnia-wynalazcy-uhonorowanie-pionierow-innowacji\/\"]}]},{\"@type\":\"ImageObject\",\"inLanguage\":\"pl-PL\",\"@id\":\"https:\/\/www.pogotowieflagowe.pl\/aktualne\/obchody-europejskiego-dnia-wynalazcy-uhonorowanie-pionierow-innowacji\/#primaryimage\",\"url\":\"https:\/\/www.pogotowieflagowe.pl\/aktualne\/wp-content\/uploads\/2024\/11\/Obchody-Europejskiego-Dnia-Wynalazcy-uhonorowanie-pionierow-innowacji.jpg\",\"contentUrl\":\"https:\/\/www.pogotowieflagowe.pl\/aktualne\/wp-content\/uploads\/2024\/11\/Obchody-Europejskiego-Dnia-Wynalazcy-uhonorowanie-pionierow-innowacji.jpg\",\"width\":1920,\"height\":1280,\"caption\":\"Obchody Europejskiego Dnia Wynalazcy: uhonorowanie pionier\u00f3w innowacji\"},{\"@type\":\"BreadcrumbList\",\"@id\":\"https:\/\/www.pogotowieflagowe.pl\/aktualne\/obchody-europejskiego-dnia-wynalazcy-uhonorowanie-pionierow-innowacji\/#breadcrumb\",\"itemListElement\":[{\"@type\":\"ListItem\",\"position\":1,\"name\":\"Home\",\"item\":\"https:\/\/www.pogotowieflagowe.pl\/aktualne\/\"},{\"@type\":\"ListItem\",\"position\":2,\"name\":\"Obchody Europejskiego Dnia Wynalazcy: uhonorowanie pionier\u00f3w innowacji\"}]},{\"@type\":\"WebSite\",\"@id\":\"https:\/\/www.pogotowieflagowe.pl\/aktualne\/#website\",\"url\":\"https:\/\/www.pogotowieflagowe.pl\/aktualne\/\",\"name\":\"POGOTOWIE FLAGOWE\u00ae\",\"description\":\"\",\"publisher\":{\"@id\":\"https:\/\/www.pogotowieflagowe.pl\/aktualne\/#organization\"},\"potentialAction\":[{\"@type\":\"SearchAction\",\"target\":{\"@type\":\"EntryPoint\",\"urlTemplate\":\"https:\/\/www.pogotowieflagowe.pl\/aktualne\/?s={search_term_string}\"},\"query-input\":\"required name=search_term_string\"}],\"inLanguage\":\"pl-PL\"},{\"@type\":\"Organization\",\"@id\":\"https:\/\/www.pogotowieflagowe.pl\/aktualne\/#organization\",\"name\":\"POGOTOWIE FLAGOWE\u00ae\",\"url\":\"https:\/\/www.pogotowieflagowe.pl\/aktualne\/\",\"logo\":{\"@type\":\"ImageObject\",\"inLanguage\":\"pl-PL\",\"@id\":\"https:\/\/www.pogotowieflagowe.pl\/aktualne\/#\/schema\/logo\/image\/\",\"url\":\"https:\/\/www.pogotowieflagowe.pl\/aktualne\/wp-content\/uploads\/2024\/08\/cropped-pogotowieflagowe_flaga_projekt_sm.jpg\",\"contentUrl\":\"https:\/\/www.pogotowieflagowe.pl\/aktualne\/wp-content\/uploads\/2024\/08\/cropped-pogotowieflagowe_flaga_projekt_sm.jpg\",\"width\":250,\"height\":143,\"caption\":\"POGOTOWIE FLAGOWE\u00ae\"},\"image\":{\"@id\":\"https:\/\/www.pogotowieflagowe.pl\/aktualne\/#\/schema\/logo\/image\/\"}},{\"@type\":\"Person\",\"@id\":\"https:\/\/www.pogotowieflagowe.pl\/aktualne\/#\/schema\/person\/9c2fb7d2362ebf6fa088960d7f0d27b0\",\"name\":\"Filip\",\"image\":{\"@type\":\"ImageObject\",\"inLanguage\":\"pl-PL\",\"@id\":\"https:\/\/www.pogotowieflagowe.pl\/aktualne\/#\/schema\/person\/image\/\",\"url\":\"https:\/\/www.pogotowieflagowe.pl\/aktualne\/wp-content\/uploads\/2024\/08\/pogotowieflagowe.pl_.jpg\",\"contentUrl\":\"https:\/\/www.pogotowieflagowe.pl\/aktualne\/wp-content\/uploads\/2024\/08\/pogotowieflagowe.pl_.jpg\",\"caption\":\"Filip\"},\"description\":\"Jestem Filip, polski dziennikarz z dyplomem nauk politycznych Uniwersytetu Warszawskiego. Rozpoczynaj\u0105c swoj\u0105 karier\u0119 w r\u00f3\u017cnych lokalnych mediach, zdoby\u0142em solidne do\u015bwiadczenie w zakresie \u015bledztwa i redakcji. Obecnie jako redaktor w Pogotowie flagowe, staram si\u0119 dostarcza\u0107 dog\u0142\u0119bne i istotne analizy na temat najwa\u017cniejszych kwestii aktualno\u015bci, \u0142\u0105cz\u0105c rygor z pasj\u0105 dziennikarsk\u0105.\",\"sameAs\":[\"https:\/\/www.pogotowieflagowe.pl\/\"]}]}<\/script>\n<!-- \/ Yoast SEO plugin. -->","yoast_head_json":{"title":"Obchody Europejskiego Dnia Wynalazcy: uhonorowanie pionier\u00f3w innowacji - POGOTOWIE FLAGOWE\u00ae","robots":{"index":"index","follow":"follow","max-snippet":"max-snippet:-1","max-image-preview":"max-image-preview:large","max-video-preview":"max-video-preview:-1"},"canonical":"https:\/\/www.pogotowieflagowe.pl\/aktualne\/obchody-europejskiego-dnia-wynalazcy-uhonorowanie-pionierow-innowacji\/","og_locale":"pl_PL","og_type":"article","og_title":"Obchody Europejskiego Dnia Wynalazcy: uhonorowanie pionier\u00f3w innowacji - POGOTOWIE FLAGOWE\u00ae","og_description":"Ka\u017cdego 9 listopada Europa \u015bwi\u0119tuje niezwyk\u0142e umys\u0142y, kt\u00f3re nap\u0119dzaj\u0105 post\u0119p i zmiany, organizuj\u0105c Europejski Dzie\u0144 Wynalazcy. Te coroczne obchody s\u0105","og_url":"https:\/\/www.pogotowieflagowe.pl\/aktualne\/obchody-europejskiego-dnia-wynalazcy-uhonorowanie-pionierow-innowacji\/","og_site_name":"POGOTOWIE FLAGOWE\u00ae","article_published_time":"2024-11-10T03:48:38+00:00","article_modified_time":"2024-11-10T03:48:41+00:00","og_image":[{"width":1920,"height":1280,"url":"https:\/\/www.pogotowieflagowe.pl\/aktualne\/wp-content\/uploads\/2024\/11\/Obchody-Europejskiego-Dnia-Wynalazcy-uhonorowanie-pionierow-innowacji.jpg","type":"image\/jpeg"}],"author":"Filip","twitter_card":"summary_large_image","twitter_misc":{"Napisane przez":"Filip","Szacowany czas czytania":"1 minuta"},"schema":{"@context":"https:\/\/schema.org","@graph":[{"@type":"Article","@id":"https:\/\/www.pogotowieflagowe.pl\/aktualne\/obchody-europejskiego-dnia-wynalazcy-uhonorowanie-pionierow-innowacji\/#article","isPartOf":{"@id":"https:\/\/www.pogotowieflagowe.pl\/aktualne\/obchody-europejskiego-dnia-wynalazcy-uhonorowanie-pionierow-innowacji\/"},"author":{"name":"Filip","@id":"https:\/\/www.pogotowieflagowe.pl\/aktualne\/#\/schema\/person\/9c2fb7d2362ebf6fa088960d7f0d27b0"},"headline":"Obchody Europejskiego Dnia Wynalazcy: uhonorowanie pionier\u00f3w innowacji","datePublished":"2024-11-10T03:48:38+00:00","dateModified":"2024-11-10T03:48:41+00:00","mainEntityOfPage":{"@id":"https:\/\/www.pogotowieflagowe.pl\/aktualne\/obchody-europejskiego-dnia-wynalazcy-uhonorowanie-pionierow-innowacji\/"},"wordCount":258,"publisher":{"@id":"https:\/\/www.pogotowieflagowe.pl\/aktualne\/#organization"},"image":{"@id":"https:\/\/www.pogotowieflagowe.pl\/aktualne\/obchody-europejskiego-dnia-wynalazcy-uhonorowanie-pionierow-innowacji\/#primaryimage"},"thumbnailUrl":"https:\/\/www.pogotowieflagowe.pl\/aktualne\/wp-content\/uploads\/2024\/11\/Obchody-Europejskiego-Dnia-Wynalazcy-uhonorowanie-pionierow-innowacji.jpg","keywords":["Dnia","Europejskiego","innowacji","Obchody","pionier\u00f3w","Uhonorowanie","Wynalazcy"],"articleSection":["Biznes"],"inLanguage":"pl-PL"},{"@type":"WebPage","@id":"https:\/\/www.pogotowieflagowe.pl\/aktualne\/obchody-europejskiego-dnia-wynalazcy-uhonorowanie-pionierow-innowacji\/","url":"https:\/\/www.pogotowieflagowe.pl\/aktualne\/obchody-europejskiego-dnia-wynalazcy-uhonorowanie-pionierow-innowacji\/","name":"Obchody Europejskiego Dnia Wynalazcy: uhonorowanie pionier\u00f3w innowacji - POGOTOWIE FLAGOWE\u00ae","isPartOf":{"@id":"https:\/\/www.pogotowieflagowe.pl\/aktualne\/#website"},"primaryImageOfPage":{"@id":"https:\/\/www.pogotowieflagowe.pl\/aktualne\/obchody-europejskiego-dnia-wynalazcy-uhonorowanie-pionierow-innowacji\/#primaryimage"},"image":{"@id":"https:\/\/www.pogotowieflagowe.pl\/aktualne\/obchody-europejskiego-dnia-wynalazcy-uhonorowanie-pionierow-innowacji\/#primaryimage"},"thumbnailUrl":"https:\/\/www.pogotowieflagowe.pl\/aktualne\/wp-content\/uploads\/2024\/11\/Obchody-Europejskiego-Dnia-Wynalazcy-uhonorowanie-pionierow-innowacji.jpg","datePublished":"2024-11-10T03:48:38+00:00","dateModified":"2024-11-10T03:48:41+00:00","breadcrumb":{"@id":"https:\/\/www.pogotowieflagowe.pl\/aktualne\/obchody-europejskiego-dnia-wynalazcy-uhonorowanie-pionierow-innowacji\/#breadcrumb"},"inLanguage":"pl-PL","potentialAction":[{"@type":"ReadAction","target":["https:\/\/www.pogotowieflagowe.pl\/aktualne\/obchody-europejskiego-dnia-wynalazcy-uhonorowanie-pionierow-innowacji\/"]}]},{"@type":"ImageObject","inLanguage":"pl-PL","@id":"https:\/\/www.pogotowieflagowe.pl\/aktualne\/obchody-europejskiego-dnia-wynalazcy-uhonorowanie-pionierow-innowacji\/#primaryimage","url":"https:\/\/www.pogotowieflagowe.pl\/aktualne\/wp-content\/uploads\/2024\/11\/Obchody-Europejskiego-Dnia-Wynalazcy-uhonorowanie-pionierow-innowacji.jpg","contentUrl":"https:\/\/www.pogotowieflagowe.pl\/aktualne\/wp-content\/uploads\/2024\/11\/Obchody-Europejskiego-Dnia-Wynalazcy-uhonorowanie-pionierow-innowacji.jpg","width":1920,"height":1280,"caption":"Obchody Europejskiego Dnia Wynalazcy: uhonorowanie pionier\u00f3w innowacji"},{"@type":"BreadcrumbList","@id":"https:\/\/www.pogotowieflagowe.pl\/aktualne\/obchody-europejskiego-dnia-wynalazcy-uhonorowanie-pionierow-innowacji\/#breadcrumb","itemListElement":[{"@type":"ListItem","position":1,"name":"Home","item":"https:\/\/www.pogotowieflagowe.pl\/aktualne\/"},{"@type":"ListItem","position":2,"name":"Obchody Europejskiego Dnia Wynalazcy: uhonorowanie pionier\u00f3w innowacji"}]},{"@type":"WebSite","@id":"https:\/\/www.pogotowieflagowe.pl\/aktualne\/#website","url":"https:\/\/www.pogotowieflagowe.pl\/aktualne\/","name":"POGOTOWIE FLAGOWE\u00ae","description":"","publisher":{"@id":"https:\/\/www.pogotowieflagowe.pl\/aktualne\/#organization"},"potentialAction":[{"@type":"SearchAction","target":{"@type":"EntryPoint","urlTemplate":"https:\/\/www.pogotowieflagowe.pl\/aktualne\/?s={search_term_string}"},"query-input":"required name=search_term_string"}],"inLanguage":"pl-PL"},{"@type":"Organization","@id":"https:\/\/www.pogotowieflagowe.pl\/aktualne\/#organization","name":"POGOTOWIE FLAGOWE\u00ae","url":"https:\/\/www.pogotowieflagowe.pl\/aktualne\/","logo":{"@type":"ImageObject","inLanguage":"pl-PL","@id":"https:\/\/www.pogotowieflagowe.pl\/aktualne\/#\/schema\/logo\/image\/","url":"https:\/\/www.pogotowieflagowe.pl\/aktualne\/wp-content\/uploads\/2024\/08\/cropped-pogotowieflagowe_flaga_projekt_sm.jpg","contentUrl":"https:\/\/www.pogotowieflagowe.pl\/aktualne\/wp-content\/uploads\/2024\/08\/cropped-pogotowieflagowe_flaga_projekt_sm.jpg","width":250,"height":143,"caption":"POGOTOWIE FLAGOWE\u00ae"},"image":{"@id":"https:\/\/www.pogotowieflagowe.pl\/aktualne\/#\/schema\/logo\/image\/"}},{"@type":"Person","@id":"https:\/\/www.pogotowieflagowe.pl\/aktualne\/#\/schema\/person\/9c2fb7d2362ebf6fa088960d7f0d27b0","name":"Filip","image":{"@type":"ImageObject","inLanguage":"pl-PL","@id":"https:\/\/www.pogotowieflagowe.pl\/aktualne\/#\/schema\/person\/image\/","url":"https:\/\/www.pogotowieflagowe.pl\/aktualne\/wp-content\/uploads\/2024\/08\/pogotowieflagowe.pl_.jpg","contentUrl":"https:\/\/www.pogotowieflagowe.pl\/aktualne\/wp-content\/uploads\/2024\/08\/pogotowieflagowe.pl_.jpg","caption":"Filip"},"description":"Jestem Filip, polski dziennikarz z dyplomem nauk politycznych Uniwersytetu Warszawskiego. Rozpoczynaj\u0105c swoj\u0105 karier\u0119 w r\u00f3\u017cnych lokalnych mediach, zdoby\u0142em solidne do\u015bwiadczenie w zakresie \u015bledztwa i redakcji. Obecnie jako redaktor w Pogotowie flagowe, staram si\u0119 dostarcza\u0107 dog\u0142\u0119bne i istotne analizy na temat najwa\u017cniejszych kwestii aktualno\u015bci, \u0142\u0105cz\u0105c rygor z pasj\u0105 dziennikarsk\u0105.","sameAs":["https:\/\/www.pogotowieflagowe.pl\/"]}]}},"_links":{"self":[{"href":"https:\/\/www.pogotowieflagowe.pl\/aktualne\/wp-json\/wp\/v2\/posts\/1748","targetHints":{"allow":["GET"]}}],"collection":[{"href":"https:\/\/www.pogotowieflagowe.pl\/aktualne\/wp-json\/wp\/v2\/posts"}],"about":[{"href":"https:\/\/www.pogotowieflagowe.pl\/aktualne\/wp-json\/wp\/v2\/types\/post"}],"author":[{"embeddable":true,"href":"https:\/\/www.pogotowieflagowe.pl\/aktualne\/wp-json\/wp\/v2\/users\/1"}],"replies":[{"embeddable":true,"href":"https:\/\/www.pogotowieflagowe.pl\/aktualne\/wp-json\/wp\/v2\/comments?post=1748"}],"version-history":[{"count":1,"href":"https:\/\/www.pogotowieflagowe.pl\/aktualne\/wp-json\/wp\/v2\/posts\/1748\/revisions"}],"predecessor-version":[{"id":1750,"href":"https:\/\/www.pogotowieflagowe.pl\/aktualne\/wp-json\/wp\/v2\/posts\/1748\/revisions\/1750"}],"wp:featuredmedia":[{"embeddable":true,"href":"https:\/\/www.pogotowieflagowe.pl\/aktualne\/wp-json\/wp\/v2\/media\/1749"}],"wp:attachment":[{"href":"https:\/\/www.pogotowieflagowe.pl\/aktualne\/wp-json\/wp\/v2\/media?parent=1748"}],"wp:term":[{"taxonomy":"category","embeddable":true,"href":"https:\/\/www.pogotowieflagowe.pl\/aktualne\/wp-json\/wp\/v2\/categories?post=1748"},{"taxonomy":"post_tag","embeddable":true,"href":"https:\/\/www.pogotowieflagowe.pl\/aktualne\/wp-json\/wp\/v2\/tags?post=1748"}],"curies":[{"name":"wp","href":"https:\/\/api.w.org\/{rel}","templated":true}]}}