{"id":1754,"date":"2024-11-10T15:50:40","date_gmt":"2024-11-10T14:50:40","guid":{"rendered":"https:\/\/www.pogotowieflagowe.pl\/aktualne\/polskie-wladze-zaostrzaja-nadzor-przed-marszem-niepodleglosci-11-listopada\/"},"modified":"2024-11-10T15:50:40","modified_gmt":"2024-11-10T14:50:40","slug":"polskie-wladze-zaostrzaja-nadzor-przed-marszem-niepodleglosci-11-listopada","status":"publish","type":"post","link":"https:\/\/www.pogotowieflagowe.pl\/aktualne\/polskie-wladze-zaostrzaja-nadzor-przed-marszem-niepodleglosci-11-listopada\/","title":{"rendered":"Polskie w\u0142adze zaostrzaj\u0105 nadz\u00f3r przed Marszem Niepodleg\u0142o\u015bci 11 listopada"},"content":{"rendered":"\n<div class=\"td_block_wrap tdb_single_content tdi_48 td-pb-border-top td_block_template_8 td-post-content tagdiv-type\" data-td-block-uid=\"tdi_48\">\n<style>.tdi_48{margines-g\u00f3rny:0px!important;margin-bottom:0px!important;dope\u0142nienie-g\u00f3ra:0px!important;dope\u0142nienie-d\u00f3\u0142:0px!important}<\/style>\n<style>.tdb_single_content{margin-bottom:0;*zoom:1}.tdb_single_content:before,.tdb_single_content:after{display:table;content:'';line-height:0}.tdb_single_content:after{clear:both}.tdb_single_content .tdb-block-inner>*:not(.wp-block-quote):not(.alignwide):not(.alignfull.wp-block-cover.has-parallax):not(.td-a-ad) {margin-left:auto;margin-right:auto}.tdb_single_content a{pointer-events:auto}.tdb_single_content .td-spot-id-top_ad .tdc-placeholder-title:before{content:'Article Top Ad'!important}.tdb_single_content .td-spot-id-inline_ad0 .tdc-placeholder-title:before{content:'Article Reklama wbudowana 1'!important}.tdb_single_content .td-spot-id-inline_ad1 .tdc-placeholder-title:before{content:'Article Inline Ad 2'!important}.tdb_single_content .td-spot-id-inline_ad2 .tdc-placeholder-title:before{content:' Reklama wbudowana w artyku\u0142 3'!important}.tdb_single_content .td-spot-id-bottom_ad .tdc-placeholder-title:before{content:'Article Bottom Ad'!important}.tdb_single_content .id_top_ad,.tdb_single_content .id_bottom_ad{clear:both;margin-bottom:21px;text-align:center}.tdb_single_content .id_top_ad img,.tdb_single_content .id_bottom_ad img{margin-bottom:0}.tdb_single_content .id_top_ad .adsbygoogle,.tdb_single_content .id_bottom_ad .adsbygoogle{position:relative}.tdb_single_content .id_ad_content-horiz-left,.tdb_single_content .id_ad_content-horiz-right,.tdb_single_content .id_ad_content-horiz-center{margin-bottom:15px}.tdb_single_content .id_ad_content-horiz-left img,.tdb_single_content .id_ad_content-horiz-right img,.tdb_single_content .id_ad_content-horiz-center img{margin-bottom:0}.tdb_single_content .id_ad_content-horiz-center{text-align:center}.tdb_single_content .id_ad_content-horiz-center img{margin-right:auto;margin-left:auto}.tdb_single_content .id_ad_content-horiz-left{float:left;margin-top:9px;margin-right:21px}.tdb_single_content .id_ad_content-horiz-right{float:right;margin-top:6px;margin-left:21px}.tdb_single_content .tdc-a-ad .tdc-placeholder-title{width:300px;height:250px}.tdb_single_content .tdc-a-ad .tdc-placeholder-title:before{position:absolute;top:50%;-webkit-transform:translateY(-50%);transform:translateY(-50%);margines:auto;display:table;width:100 %}.tdb_single_content .tdb-block-inner.td-fix-index{word-break:break-word}.tdi_48,.tdi_48>p,.tdi_48 .tdb-block-inner>p{font-size:16px!important;line- wysoko\u015b\u0107:1,6!wa\u017cne}.tdi_48 .tdb-block-inner blockquote p{font-style:normal!important}@media (max-width:767px){.tdb_single_content .id_ad_content-horiz-left,.tdb_single_content .id_ad_content-horiz-right,.tdb_single_content .id_ad_content-horiz-center{margin:0 automatyczny 26px auto}}@media (max-width:767px){.tdb_single_content .id_ad_content-horiz-left{margin-right:0}}@media (max-width:767px){.tdb_single_content .id_ad_content-horiz-right{margin -left:0}}@media (max-width:767px){.tdb_single_content .td-a-ad{float:none;text-align:center}.tdb_single_content .td-a-ad img{margin-right:auto;margin-left:auto}. tdb_single_content .tdc-a-ad{float:none}}<\/style>\n<div class=\"tdb-block-inner td-fix-index\">\n<p>W miar\u0119 zbli\u017cania si\u0119 corocznego Marszu Niepodleg\u0142o\u015bci Polski, kt\u00f3ry odb\u0119dzie si\u0119 11 listopada, ro\u015bnie napi\u0119cie mi\u0119dzy organizatorami a polskimi w\u0142adzami. Organizatorzy zg\u0142aszaj\u0105 wzrost liczby wizyt policji, a w\u015br\u00f3d funkcjonariuszy policji zaobserwowano dodatkowe szkolenia w zakresie kontroli zamieszek. Pismo do w\u0142adz Warszawy skierowa\u0142a tak\u017ce Prokuratura Okr\u0119gowa Warszawa-Praga, w kt\u00f3rej przestrzega przed potencjalnymi zagro\u017ceniami zwi\u0105zanymi ze zdarzeniem.<\/p>\n<p>W tym roku przygotowania do marszu przyj\u0119\u0142y nietypowy obr\u00f3t. Cho\u0107 rozmowy z policj\u0105 na temat bezpiecze\u0144stwa s\u0105 rutynowe, organizatorzy odnotowuj\u0105 seri\u0119 wizyt policji u os\u00f3b planuj\u0105cych transport na wydarzenie. Wizyty te podobno obejmuj\u0105 pytania o liczb\u0119 uczestnik\u00f3w udaj\u0105cych si\u0119 do Warszawy, co jest praktyk\u0105 niespotykan\u0105 w ostatnich latach, ale przypominaj\u0105c\u0105 metody stosowane przez poprzednie administracje \u2013 powiedzia\u0142 rzecznik marca Aleksander Kowali\u0144ski.<\/p>\n<p>Do tych obaw dochodzi w pi\u015bmie prokuratora, kt\u00f3ry okre\u015bla wydarzenie jako \u201ewysokiego ryzyka\u201d i wzywa prezydenta Warszawy Rafa\u0142a Trzaskowskiego do rozwa\u017cenia potencjalnej potrzeby interwencji, w tym ewentualnego zawieszenia marszu. W pi\u015bmie nawi\u0105zuje si\u0119 r\u00f3wnie\u017c do incydent\u00f3w z przesz\u0142o\u015bci i przypomina w\u0142adzom o ich obowi\u0105zkach nadzorczych, odnosz\u0105c si\u0119 do \u015bledztwa przeprowadzonego w 2018 r. w sprawie domniemanych narusze\u0144 podczas Marszu Niepodleg\u0142o\u015bci.<\/p>\n<p>Ponadto 11 listopada wejd\u0105 w \u017cycie nowe przepisy zakazuj\u0105ce u\u017cywania sztucznych ogni i innych materia\u0142\u00f3w pirotechnicznych na terenie Warszawy, co zwi\u0119kszy prawdopodobie\u0144stwo interwencji policji podczas wydarzenia.<\/p>\n<\/div>\n<\/div>\n","protected":false},"excerpt":{"rendered":"<p>W miar\u0119 zbli\u017cania si\u0119 corocznego Marszu Niepodleg\u0142o\u015bci Polski, kt\u00f3ry odb\u0119dzie si\u0119 11 listopada, ro\u015bnie napi\u0119cie mi\u0119dzy organizatorami a polskimi w\u0142adzami.<\/p>\n","protected":false},"author":1,"featured_media":1755,"comment_status":"closed","ping_status":"","sticky":false,"template":"","format":"standard","meta":{"footnotes":""},"categories":[44],"tags":[2808,2890,2889,2180,487,643,1003,2888],"class_list":["post-1754","post","type-post","status-publish","format-standard","has-post-thumbnail","hentry","category-polityka","tag-listopada","tag-marszem","tag-nadzor","tag-niepodleglosci","tag-polskie","tag-przed","tag-wladze","tag-zaostrzaja","generate-columns","tablet-grid-50","mobile-grid-100","grid-parent","grid-50","resize-featured-image"],"yoast_head":"<!-- This site is optimized with the Yoast SEO plugin v23.2 - https:\/\/yoast.com\/wordpress\/plugins\/seo\/ -->\n<title>Polskie w\u0142adze zaostrzaj\u0105 nadz\u00f3r przed Marszem Niepodleg\u0142o\u015bci 11 listopada - POGOTOWIE FLAGOWE\u00ae<\/title>\n<meta name=\"robots\" content=\"index, follow, max-snippet:-1, max-image-preview:large, max-video-preview:-1\" \/>\n<link rel=\"canonical\" href=\"https:\/\/www.pogotowieflagowe.pl\/aktualne\/polskie-wladze-zaostrzaja-nadzor-przed-marszem-niepodleglosci-11-listopada\/\" \/>\n<meta property=\"og:locale\" content=\"pl_PL\" \/>\n<meta property=\"og:type\" content=\"article\" \/>\n<meta property=\"og:title\" content=\"Polskie w\u0142adze zaostrzaj\u0105 nadz\u00f3r przed Marszem Niepodleg\u0142o\u015bci 11 listopada - POGOTOWIE FLAGOWE\u00ae\" \/>\n<meta property=\"og:description\" content=\"W miar\u0119 zbli\u017cania si\u0119 corocznego Marszu Niepodleg\u0142o\u015bci Polski, kt\u00f3ry odb\u0119dzie si\u0119 11 listopada, ro\u015bnie napi\u0119cie mi\u0119dzy organizatorami a polskimi w\u0142adzami.\" \/>\n<meta property=\"og:url\" content=\"https:\/\/www.pogotowieflagowe.pl\/aktualne\/polskie-wladze-zaostrzaja-nadzor-przed-marszem-niepodleglosci-11-listopada\/\" \/>\n<meta property=\"og:site_name\" content=\"POGOTOWIE FLAGOWE\u00ae\" \/>\n<meta property=\"article:published_time\" content=\"2024-11-10T14:50:40+00:00\" \/>\n<meta property=\"og:image\" content=\"https:\/\/www.pogotowieflagowe.pl\/aktualne\/wp-content\/uploads\/2024\/11\/Polskie-wladze-zaostrzaja-nadzor-przed-Marszem-Niepodleglosci-11-listopada.jpg\" \/>\n\t<meta property=\"og:image:width\" content=\"750\" \/>\n\t<meta property=\"og:image:height\" content=\"425\" \/>\n\t<meta property=\"og:image:type\" content=\"image\/jpeg\" \/>\n<meta name=\"author\" content=\"Filip\" \/>\n<meta name=\"twitter:card\" content=\"summary_large_image\" \/>\n<meta name=\"twitter:label1\" content=\"Napisane przez\" \/>\n\t<meta name=\"twitter:data1\" content=\"Filip\" \/>\n\t<meta name=\"twitter:label2\" content=\"Szacowany czas czytania\" \/>\n\t<meta name=\"twitter:data2\" content=\"1 minuta\" \/>\n<script type=\"application\/ld+json\" class=\"yoast-schema-graph\">{\"@context\":\"https:\/\/schema.org\",\"@graph\":[{\"@type\":\"Article\",\"@id\":\"https:\/\/www.pogotowieflagowe.pl\/aktualne\/polskie-wladze-zaostrzaja-nadzor-przed-marszem-niepodleglosci-11-listopada\/#article\",\"isPartOf\":{\"@id\":\"https:\/\/www.pogotowieflagowe.pl\/aktualne\/polskie-wladze-zaostrzaja-nadzor-przed-marszem-niepodleglosci-11-listopada\/\"},\"author\":{\"name\":\"Filip\",\"@id\":\"https:\/\/www.pogotowieflagowe.pl\/aktualne\/#\/schema\/person\/9c2fb7d2362ebf6fa088960d7f0d27b0\"},\"headline\":\"Polskie w\u0142adze zaostrzaj\u0105 nadz\u00f3r przed Marszem Niepodleg\u0142o\u015bci 11 listopada\",\"datePublished\":\"2024-11-10T14:50:40+00:00\",\"dateModified\":\"2024-11-10T14:50:40+00:00\",\"mainEntityOfPage\":{\"@id\":\"https:\/\/www.pogotowieflagowe.pl\/aktualne\/polskie-wladze-zaostrzaja-nadzor-przed-marszem-niepodleglosci-11-listopada\/\"},\"wordCount\":259,\"publisher\":{\"@id\":\"https:\/\/www.pogotowieflagowe.pl\/aktualne\/#organization\"},\"image\":{\"@id\":\"https:\/\/www.pogotowieflagowe.pl\/aktualne\/polskie-wladze-zaostrzaja-nadzor-przed-marszem-niepodleglosci-11-listopada\/#primaryimage\"},\"thumbnailUrl\":\"https:\/\/www.pogotowieflagowe.pl\/aktualne\/wp-content\/uploads\/2024\/11\/Polskie-wladze-zaostrzaja-nadzor-przed-Marszem-Niepodleglosci-11-listopada.jpg\",\"keywords\":[\"listopada\",\"Marszem\",\"nadz\u00f3r\",\"Niepodleg\u0142o\u015bci\",\"Polskie\",\"przed\",\"w\u0142adze\",\"zaostrzaj\u0105\"],\"articleSection\":[\"Polityka\"],\"inLanguage\":\"pl-PL\"},{\"@type\":\"WebPage\",\"@id\":\"https:\/\/www.pogotowieflagowe.pl\/aktualne\/polskie-wladze-zaostrzaja-nadzor-przed-marszem-niepodleglosci-11-listopada\/\",\"url\":\"https:\/\/www.pogotowieflagowe.pl\/aktualne\/polskie-wladze-zaostrzaja-nadzor-przed-marszem-niepodleglosci-11-listopada\/\",\"name\":\"Polskie w\u0142adze zaostrzaj\u0105 nadz\u00f3r przed Marszem Niepodleg\u0142o\u015bci 11 listopada - POGOTOWIE FLAGOWE\u00ae\",\"isPartOf\":{\"@id\":\"https:\/\/www.pogotowieflagowe.pl\/aktualne\/#website\"},\"primaryImageOfPage\":{\"@id\":\"https:\/\/www.pogotowieflagowe.pl\/aktualne\/polskie-wladze-zaostrzaja-nadzor-przed-marszem-niepodleglosci-11-listopada\/#primaryimage\"},\"image\":{\"@id\":\"https:\/\/www.pogotowieflagowe.pl\/aktualne\/polskie-wladze-zaostrzaja-nadzor-przed-marszem-niepodleglosci-11-listopada\/#primaryimage\"},\"thumbnailUrl\":\"https:\/\/www.pogotowieflagowe.pl\/aktualne\/wp-content\/uploads\/2024\/11\/Polskie-wladze-zaostrzaja-nadzor-przed-Marszem-Niepodleglosci-11-listopada.jpg\",\"datePublished\":\"2024-11-10T14:50:40+00:00\",\"dateModified\":\"2024-11-10T14:50:40+00:00\",\"breadcrumb\":{\"@id\":\"https:\/\/www.pogotowieflagowe.pl\/aktualne\/polskie-wladze-zaostrzaja-nadzor-przed-marszem-niepodleglosci-11-listopada\/#breadcrumb\"},\"inLanguage\":\"pl-PL\",\"potentialAction\":[{\"@type\":\"ReadAction\",\"target\":[\"https:\/\/www.pogotowieflagowe.pl\/aktualne\/polskie-wladze-zaostrzaja-nadzor-przed-marszem-niepodleglosci-11-listopada\/\"]}]},{\"@type\":\"ImageObject\",\"inLanguage\":\"pl-PL\",\"@id\":\"https:\/\/www.pogotowieflagowe.pl\/aktualne\/polskie-wladze-zaostrzaja-nadzor-przed-marszem-niepodleglosci-11-listopada\/#primaryimage\",\"url\":\"https:\/\/www.pogotowieflagowe.pl\/aktualne\/wp-content\/uploads\/2024\/11\/Polskie-wladze-zaostrzaja-nadzor-przed-Marszem-Niepodleglosci-11-listopada.jpg\",\"contentUrl\":\"https:\/\/www.pogotowieflagowe.pl\/aktualne\/wp-content\/uploads\/2024\/11\/Polskie-wladze-zaostrzaja-nadzor-przed-Marszem-Niepodleglosci-11-listopada.jpg\",\"width\":750,\"height\":425,\"caption\":\"Polskie w\u0142adze zaostrzaj\u0105 nadz\u00f3r przed Marszem Niepodleg\u0142o\u015bci 11 listopada\"},{\"@type\":\"BreadcrumbList\",\"@id\":\"https:\/\/www.pogotowieflagowe.pl\/aktualne\/polskie-wladze-zaostrzaja-nadzor-przed-marszem-niepodleglosci-11-listopada\/#breadcrumb\",\"itemListElement\":[{\"@type\":\"ListItem\",\"position\":1,\"name\":\"Home\",\"item\":\"https:\/\/www.pogotowieflagowe.pl\/aktualne\/\"},{\"@type\":\"ListItem\",\"position\":2,\"name\":\"Polskie w\u0142adze zaostrzaj\u0105 nadz\u00f3r przed Marszem Niepodleg\u0142o\u015bci 11 listopada\"}]},{\"@type\":\"WebSite\",\"@id\":\"https:\/\/www.pogotowieflagowe.pl\/aktualne\/#website\",\"url\":\"https:\/\/www.pogotowieflagowe.pl\/aktualne\/\",\"name\":\"POGOTOWIE FLAGOWE\u00ae\",\"description\":\"\",\"publisher\":{\"@id\":\"https:\/\/www.pogotowieflagowe.pl\/aktualne\/#organization\"},\"potentialAction\":[{\"@type\":\"SearchAction\",\"target\":{\"@type\":\"EntryPoint\",\"urlTemplate\":\"https:\/\/www.pogotowieflagowe.pl\/aktualne\/?s={search_term_string}\"},\"query-input\":\"required name=search_term_string\"}],\"inLanguage\":\"pl-PL\"},{\"@type\":\"Organization\",\"@id\":\"https:\/\/www.pogotowieflagowe.pl\/aktualne\/#organization\",\"name\":\"POGOTOWIE FLAGOWE\u00ae\",\"url\":\"https:\/\/www.pogotowieflagowe.pl\/aktualne\/\",\"logo\":{\"@type\":\"ImageObject\",\"inLanguage\":\"pl-PL\",\"@id\":\"https:\/\/www.pogotowieflagowe.pl\/aktualne\/#\/schema\/logo\/image\/\",\"url\":\"https:\/\/www.pogotowieflagowe.pl\/aktualne\/wp-content\/uploads\/2024\/08\/cropped-pogotowieflagowe_flaga_projekt_sm.jpg\",\"contentUrl\":\"https:\/\/www.pogotowieflagowe.pl\/aktualne\/wp-content\/uploads\/2024\/08\/cropped-pogotowieflagowe_flaga_projekt_sm.jpg\",\"width\":250,\"height\":143,\"caption\":\"POGOTOWIE FLAGOWE\u00ae\"},\"image\":{\"@id\":\"https:\/\/www.pogotowieflagowe.pl\/aktualne\/#\/schema\/logo\/image\/\"}},{\"@type\":\"Person\",\"@id\":\"https:\/\/www.pogotowieflagowe.pl\/aktualne\/#\/schema\/person\/9c2fb7d2362ebf6fa088960d7f0d27b0\",\"name\":\"Filip\",\"image\":{\"@type\":\"ImageObject\",\"inLanguage\":\"pl-PL\",\"@id\":\"https:\/\/www.pogotowieflagowe.pl\/aktualne\/#\/schema\/person\/image\/\",\"url\":\"https:\/\/www.pogotowieflagowe.pl\/aktualne\/wp-content\/uploads\/2024\/08\/pogotowieflagowe.pl_.jpg\",\"contentUrl\":\"https:\/\/www.pogotowieflagowe.pl\/aktualne\/wp-content\/uploads\/2024\/08\/pogotowieflagowe.pl_.jpg\",\"caption\":\"Filip\"},\"description\":\"Jestem Filip, polski dziennikarz z dyplomem nauk politycznych Uniwersytetu Warszawskiego. Rozpoczynaj\u0105c swoj\u0105 karier\u0119 w r\u00f3\u017cnych lokalnych mediach, zdoby\u0142em solidne do\u015bwiadczenie w zakresie \u015bledztwa i redakcji. Obecnie jako redaktor w Pogotowie flagowe, staram si\u0119 dostarcza\u0107 dog\u0142\u0119bne i istotne analizy na temat najwa\u017cniejszych kwestii aktualno\u015bci, \u0142\u0105cz\u0105c rygor z pasj\u0105 dziennikarsk\u0105.\",\"sameAs\":[\"https:\/\/www.pogotowieflagowe.pl\/\"]}]}<\/script>\n<!-- \/ Yoast SEO plugin. -->","yoast_head_json":{"title":"Polskie w\u0142adze zaostrzaj\u0105 nadz\u00f3r przed Marszem Niepodleg\u0142o\u015bci 11 listopada - POGOTOWIE FLAGOWE\u00ae","robots":{"index":"index","follow":"follow","max-snippet":"max-snippet:-1","max-image-preview":"max-image-preview:large","max-video-preview":"max-video-preview:-1"},"canonical":"https:\/\/www.pogotowieflagowe.pl\/aktualne\/polskie-wladze-zaostrzaja-nadzor-przed-marszem-niepodleglosci-11-listopada\/","og_locale":"pl_PL","og_type":"article","og_title":"Polskie w\u0142adze zaostrzaj\u0105 nadz\u00f3r przed Marszem Niepodleg\u0142o\u015bci 11 listopada - POGOTOWIE FLAGOWE\u00ae","og_description":"W miar\u0119 zbli\u017cania si\u0119 corocznego Marszu Niepodleg\u0142o\u015bci Polski, kt\u00f3ry odb\u0119dzie si\u0119 11 listopada, ro\u015bnie napi\u0119cie mi\u0119dzy organizatorami a polskimi w\u0142adzami.","og_url":"https:\/\/www.pogotowieflagowe.pl\/aktualne\/polskie-wladze-zaostrzaja-nadzor-przed-marszem-niepodleglosci-11-listopada\/","og_site_name":"POGOTOWIE FLAGOWE\u00ae","article_published_time":"2024-11-10T14:50:40+00:00","og_image":[{"width":750,"height":425,"url":"https:\/\/www.pogotowieflagowe.pl\/aktualne\/wp-content\/uploads\/2024\/11\/Polskie-wladze-zaostrzaja-nadzor-przed-Marszem-Niepodleglosci-11-listopada.jpg","type":"image\/jpeg"}],"author":"Filip","twitter_card":"summary_large_image","twitter_misc":{"Napisane przez":"Filip","Szacowany czas czytania":"1 minuta"},"schema":{"@context":"https:\/\/schema.org","@graph":[{"@type":"Article","@id":"https:\/\/www.pogotowieflagowe.pl\/aktualne\/polskie-wladze-zaostrzaja-nadzor-przed-marszem-niepodleglosci-11-listopada\/#article","isPartOf":{"@id":"https:\/\/www.pogotowieflagowe.pl\/aktualne\/polskie-wladze-zaostrzaja-nadzor-przed-marszem-niepodleglosci-11-listopada\/"},"author":{"name":"Filip","@id":"https:\/\/www.pogotowieflagowe.pl\/aktualne\/#\/schema\/person\/9c2fb7d2362ebf6fa088960d7f0d27b0"},"headline":"Polskie w\u0142adze zaostrzaj\u0105 nadz\u00f3r przed Marszem Niepodleg\u0142o\u015bci 11 listopada","datePublished":"2024-11-10T14:50:40+00:00","dateModified":"2024-11-10T14:50:40+00:00","mainEntityOfPage":{"@id":"https:\/\/www.pogotowieflagowe.pl\/aktualne\/polskie-wladze-zaostrzaja-nadzor-przed-marszem-niepodleglosci-11-listopada\/"},"wordCount":259,"publisher":{"@id":"https:\/\/www.pogotowieflagowe.pl\/aktualne\/#organization"},"image":{"@id":"https:\/\/www.pogotowieflagowe.pl\/aktualne\/polskie-wladze-zaostrzaja-nadzor-przed-marszem-niepodleglosci-11-listopada\/#primaryimage"},"thumbnailUrl":"https:\/\/www.pogotowieflagowe.pl\/aktualne\/wp-content\/uploads\/2024\/11\/Polskie-wladze-zaostrzaja-nadzor-przed-Marszem-Niepodleglosci-11-listopada.jpg","keywords":["listopada","Marszem","nadz\u00f3r","Niepodleg\u0142o\u015bci","Polskie","przed","w\u0142adze","zaostrzaj\u0105"],"articleSection":["Polityka"],"inLanguage":"pl-PL"},{"@type":"WebPage","@id":"https:\/\/www.pogotowieflagowe.pl\/aktualne\/polskie-wladze-zaostrzaja-nadzor-przed-marszem-niepodleglosci-11-listopada\/","url":"https:\/\/www.pogotowieflagowe.pl\/aktualne\/polskie-wladze-zaostrzaja-nadzor-przed-marszem-niepodleglosci-11-listopada\/","name":"Polskie w\u0142adze zaostrzaj\u0105 nadz\u00f3r przed Marszem Niepodleg\u0142o\u015bci 11 listopada - POGOTOWIE FLAGOWE\u00ae","isPartOf":{"@id":"https:\/\/www.pogotowieflagowe.pl\/aktualne\/#website"},"primaryImageOfPage":{"@id":"https:\/\/www.pogotowieflagowe.pl\/aktualne\/polskie-wladze-zaostrzaja-nadzor-przed-marszem-niepodleglosci-11-listopada\/#primaryimage"},"image":{"@id":"https:\/\/www.pogotowieflagowe.pl\/aktualne\/polskie-wladze-zaostrzaja-nadzor-przed-marszem-niepodleglosci-11-listopada\/#primaryimage"},"thumbnailUrl":"https:\/\/www.pogotowieflagowe.pl\/aktualne\/wp-content\/uploads\/2024\/11\/Polskie-wladze-zaostrzaja-nadzor-przed-Marszem-Niepodleglosci-11-listopada.jpg","datePublished":"2024-11-10T14:50:40+00:00","dateModified":"2024-11-10T14:50:40+00:00","breadcrumb":{"@id":"https:\/\/www.pogotowieflagowe.pl\/aktualne\/polskie-wladze-zaostrzaja-nadzor-przed-marszem-niepodleglosci-11-listopada\/#breadcrumb"},"inLanguage":"pl-PL","potentialAction":[{"@type":"ReadAction","target":["https:\/\/www.pogotowieflagowe.pl\/aktualne\/polskie-wladze-zaostrzaja-nadzor-przed-marszem-niepodleglosci-11-listopada\/"]}]},{"@type":"ImageObject","inLanguage":"pl-PL","@id":"https:\/\/www.pogotowieflagowe.pl\/aktualne\/polskie-wladze-zaostrzaja-nadzor-przed-marszem-niepodleglosci-11-listopada\/#primaryimage","url":"https:\/\/www.pogotowieflagowe.pl\/aktualne\/wp-content\/uploads\/2024\/11\/Polskie-wladze-zaostrzaja-nadzor-przed-Marszem-Niepodleglosci-11-listopada.jpg","contentUrl":"https:\/\/www.pogotowieflagowe.pl\/aktualne\/wp-content\/uploads\/2024\/11\/Polskie-wladze-zaostrzaja-nadzor-przed-Marszem-Niepodleglosci-11-listopada.jpg","width":750,"height":425,"caption":"Polskie w\u0142adze zaostrzaj\u0105 nadz\u00f3r przed Marszem Niepodleg\u0142o\u015bci 11 listopada"},{"@type":"BreadcrumbList","@id":"https:\/\/www.pogotowieflagowe.pl\/aktualne\/polskie-wladze-zaostrzaja-nadzor-przed-marszem-niepodleglosci-11-listopada\/#breadcrumb","itemListElement":[{"@type":"ListItem","position":1,"name":"Home","item":"https:\/\/www.pogotowieflagowe.pl\/aktualne\/"},{"@type":"ListItem","position":2,"name":"Polskie w\u0142adze zaostrzaj\u0105 nadz\u00f3r przed Marszem Niepodleg\u0142o\u015bci 11 listopada"}]},{"@type":"WebSite","@id":"https:\/\/www.pogotowieflagowe.pl\/aktualne\/#website","url":"https:\/\/www.pogotowieflagowe.pl\/aktualne\/","name":"POGOTOWIE FLAGOWE\u00ae","description":"","publisher":{"@id":"https:\/\/www.pogotowieflagowe.pl\/aktualne\/#organization"},"potentialAction":[{"@type":"SearchAction","target":{"@type":"EntryPoint","urlTemplate":"https:\/\/www.pogotowieflagowe.pl\/aktualne\/?s={search_term_string}"},"query-input":"required name=search_term_string"}],"inLanguage":"pl-PL"},{"@type":"Organization","@id":"https:\/\/www.pogotowieflagowe.pl\/aktualne\/#organization","name":"POGOTOWIE FLAGOWE\u00ae","url":"https:\/\/www.pogotowieflagowe.pl\/aktualne\/","logo":{"@type":"ImageObject","inLanguage":"pl-PL","@id":"https:\/\/www.pogotowieflagowe.pl\/aktualne\/#\/schema\/logo\/image\/","url":"https:\/\/www.pogotowieflagowe.pl\/aktualne\/wp-content\/uploads\/2024\/08\/cropped-pogotowieflagowe_flaga_projekt_sm.jpg","contentUrl":"https:\/\/www.pogotowieflagowe.pl\/aktualne\/wp-content\/uploads\/2024\/08\/cropped-pogotowieflagowe_flaga_projekt_sm.jpg","width":250,"height":143,"caption":"POGOTOWIE FLAGOWE\u00ae"},"image":{"@id":"https:\/\/www.pogotowieflagowe.pl\/aktualne\/#\/schema\/logo\/image\/"}},{"@type":"Person","@id":"https:\/\/www.pogotowieflagowe.pl\/aktualne\/#\/schema\/person\/9c2fb7d2362ebf6fa088960d7f0d27b0","name":"Filip","image":{"@type":"ImageObject","inLanguage":"pl-PL","@id":"https:\/\/www.pogotowieflagowe.pl\/aktualne\/#\/schema\/person\/image\/","url":"https:\/\/www.pogotowieflagowe.pl\/aktualne\/wp-content\/uploads\/2024\/08\/pogotowieflagowe.pl_.jpg","contentUrl":"https:\/\/www.pogotowieflagowe.pl\/aktualne\/wp-content\/uploads\/2024\/08\/pogotowieflagowe.pl_.jpg","caption":"Filip"},"description":"Jestem Filip, polski dziennikarz z dyplomem nauk politycznych Uniwersytetu Warszawskiego. Rozpoczynaj\u0105c swoj\u0105 karier\u0119 w r\u00f3\u017cnych lokalnych mediach, zdoby\u0142em solidne do\u015bwiadczenie w zakresie \u015bledztwa i redakcji. Obecnie jako redaktor w Pogotowie flagowe, staram si\u0119 dostarcza\u0107 dog\u0142\u0119bne i istotne analizy na temat najwa\u017cniejszych kwestii aktualno\u015bci, \u0142\u0105cz\u0105c rygor z pasj\u0105 dziennikarsk\u0105.","sameAs":["https:\/\/www.pogotowieflagowe.pl\/"]}]}},"_links":{"self":[{"href":"https:\/\/www.pogotowieflagowe.pl\/aktualne\/wp-json\/wp\/v2\/posts\/1754","targetHints":{"allow":["GET"]}}],"collection":[{"href":"https:\/\/www.pogotowieflagowe.pl\/aktualne\/wp-json\/wp\/v2\/posts"}],"about":[{"href":"https:\/\/www.pogotowieflagowe.pl\/aktualne\/wp-json\/wp\/v2\/types\/post"}],"author":[{"embeddable":true,"href":"https:\/\/www.pogotowieflagowe.pl\/aktualne\/wp-json\/wp\/v2\/users\/1"}],"replies":[{"embeddable":true,"href":"https:\/\/www.pogotowieflagowe.pl\/aktualne\/wp-json\/wp\/v2\/comments?post=1754"}],"version-history":[{"count":1,"href":"https:\/\/www.pogotowieflagowe.pl\/aktualne\/wp-json\/wp\/v2\/posts\/1754\/revisions"}],"predecessor-version":[{"id":1756,"href":"https:\/\/www.pogotowieflagowe.pl\/aktualne\/wp-json\/wp\/v2\/posts\/1754\/revisions\/1756"}],"wp:featuredmedia":[{"embeddable":true,"href":"https:\/\/www.pogotowieflagowe.pl\/aktualne\/wp-json\/wp\/v2\/media\/1755"}],"wp:attachment":[{"href":"https:\/\/www.pogotowieflagowe.pl\/aktualne\/wp-json\/wp\/v2\/media?parent=1754"}],"wp:term":[{"taxonomy":"category","embeddable":true,"href":"https:\/\/www.pogotowieflagowe.pl\/aktualne\/wp-json\/wp\/v2\/categories?post=1754"},{"taxonomy":"post_tag","embeddable":true,"href":"https:\/\/www.pogotowieflagowe.pl\/aktualne\/wp-json\/wp\/v2\/tags?post=1754"}],"curies":[{"name":"wp","href":"https:\/\/api.w.org\/{rel}","templated":true}]}}