{"id":1777,"date":"2024-11-12T04:49:12","date_gmt":"2024-11-12T03:49:12","guid":{"rendered":"https:\/\/www.pogotowieflagowe.pl\/aktualne\/droga-polski-do-niepodleglosci-w-1918-roku-rola-przywodcow-politycznych-i-wojskowych\/"},"modified":"2024-11-12T04:49:15","modified_gmt":"2024-11-12T03:49:15","slug":"droga-polski-do-niepodleglosci-w-1918-roku-rola-przywodcow-politycznych-i-wojskowych","status":"publish","type":"post","link":"https:\/\/www.pogotowieflagowe.pl\/aktualne\/droga-polski-do-niepodleglosci-w-1918-roku-rola-przywodcow-politycznych-i-wojskowych\/","title":{"rendered":"Droga Polski do niepodleg\u0142o\u015bci w 1918 roku: rola przyw\u00f3dc\u00f3w politycznych i wojskowych"},"content":{"rendered":"\n<div class=\"td_block_wrap tdb_single_content tdi_48 td-pb-border-top td_block_template_8 td-post-content tagdiv-type\" data-td-block-uid=\"tdi_48\">\n<style>.tdi_48{margines-g\u00f3rny:0px!important;margin-bottom:0px!important;dope\u0142nienie-g\u00f3ra:0px!important;dope\u0142nienie-d\u00f3\u0142:0px!important}<\/style>\n<style>.tdb_single_content{margin-bottom:0;*zoom:1}.tdb_single_content:before,.tdb_single_content:after{display:table;content:'';line-height:0}.tdb_single_content:after{clear:both}.tdb_single_content .tdb-block-inner>*:not(.wp-block-quote):not(.alignwide):not(.alignfull.wp-block-cover.has-parallax):not(.td-a-ad) {margin-left:auto;margin-right:auto}.tdb_single_content a{pointer-events:auto}.tdb_single_content .td-spot-id-top_ad .tdc-placeholder-title:before{content:'Article Top Ad'!important}.tdb_single_content .td-spot-id-inline_ad0 .tdc-placeholder-title:before{content:'Article Reklama wbudowana 1'!important}.tdb_single_content .td-spot-id-inline_ad1 .tdc-placeholder-title:before{content:'Article Inline Ad 2'!important}.tdb_single_content .td-spot-id-inline_ad2 .tdc-placeholder-title:before{content:' Reklama wbudowana w artyku\u0142 3'!important}.tdb_single_content .td-spot-id-bottom_ad .tdc-placeholder-title:before{content:'Article Bottom Ad'!important}.tdb_single_content .id_top_ad,.tdb_single_content .id_bottom_ad{clear:both;margin-bottom:21px;text-align:center}.tdb_single_content .id_top_ad img,.tdb_single_content .id_bottom_ad img{margin-bottom:0}.tdb_single_content .id_top_ad .adsbygoogle,.tdb_single_content .id_bottom_ad .adsbygoogle{position:relative}.tdb_single_content .id_ad_content-horiz-left,.tdb_single_content .id_ad_content-horiz-right,.tdb_single_content .id_ad_content-horiz-center{margin-bottom:15px}.tdb_single_content .id_ad_content-horiz-left img,.tdb_single_content .id_ad_content-horiz-right img,.tdb_single_content .id_ad_content-horiz-center img{margin-bottom:0}.tdb_single_content .id_ad_content-horiz-center{text-align:center}.tdb_single_content .id_ad_content-horiz-center img{margin-right:auto;margin-left:auto}.tdb_single_content .id_ad_content-horiz-left{float:left;margin-top:9px;margin-right:21px}.tdb_single_content .id_ad_content-horiz-right{float:right;margin-top:6px;margin-left:21px}.tdb_single_content .tdc-a-ad .tdc-placeholder-title{width:300px;height:250px}.tdb_single_content .tdc-a-ad .tdc-placeholder-title:before{position:absolute;top:50%;-webkit-transform:translateY(-50%);transform:translateY(-50%);margines:auto;display:table;width:100 %}.tdb_single_content .tdb-block-inner.td-fix-index{word-break:break-word}.tdi_48,.tdi_48>p,.tdi_48 .tdb-block-inner>p{font-size:16px!important;line- wysoko\u015b\u0107:1,6!wa\u017cne}.tdi_48 .tdb-block-inner blockquote p{font-style:normal!important}@media (max-width:767px){.tdb_single_content .id_ad_content-horiz-left,.tdb_single_content .id_ad_content-horiz-right,.tdb_single_content .id_ad_content-horiz-center{margin:0 automatyczny 26px auto}}@media (max-width:767px){.tdb_single_content .id_ad_content-horiz-left{margin-right:0}}@media (max-width:767px){.tdb_single_content .id_ad_content-horiz-right{margin -left:0}}@media (max-width:767px){.tdb_single_content .td-a-ad{float:none;text-align:center}.tdb_single_content .td-a-ad img{margin-right:auto;margin-left:auto}. tdb_single_content .tdc-a-ad{float:none}}<\/style>\n<div class=\"tdb-block-inner td-fix-index\">\n<h2 class=\"wp-block-heading\">Odkryj, jak wizjonerscy przyw\u00f3dcy, tacy jak J\u00f3zef Pi\u0142sudski, Roman Dmowski i Ignacy Paderewski, dzi\u0119ki odwadze i strategii pomogli Polsce odzyska\u0107 niepodleg\u0142o\u015b\u0107 w 1918 roku. Dowiedz si\u0119 o ich dzia\u0142aniach i kluczowych decyzjach, kt\u00f3re przywr\u00f3ci\u0142y Polsk\u0119 na map\u0119 Europy.<\/h2>\n<hr class=\"wp-block-separator has-alpha-channel-opacity\">\n<p>Odzyskanie przez Polsk\u0119 niepodleg\u0142o\u015bci w 1918 r. by\u0142o efektem wysi\u0142k\u00f3w wybitnych polityk\u00f3w i przyw\u00f3dc\u00f3w, kt\u00f3rzy nie tylko zabiegali o wolno\u015b\u0107 narodow\u0105, ale tak\u017ce podejmowali trudne decyzje w kluczowych momentach. Na czele tego ruchu sta\u0142 J\u00f3zef Pi\u0142sudski, kt\u00f3rego wizja i odwaga doprowadzi\u0142y do \u200b\u200b\u200b\u200bpowstania polskich si\u0142 zbrojnych i nieustannego d\u0105\u017cenia do niepodleg\u0142o\u015bci, nawet w obliczu pocz\u0105tkowej oboj\u0119tno\u015bci spo\u0142ecznej.<\/p>\n<figure class=\"wp-block-embed is-type-video is-provider-youtube wp-block-embed-youtube wp-embed-aspect-16-9 wp-has-aspect-ratio\">\n<div class=\"wp-block-embed__wrapper\">\n<div class=\"youtube-embed\" data-video_id=\"13Nn_2sAnR4\"><iframe title=\"IPNtv: Niezwyci\u0119\u017ceni. Czas pr\u00f3by.\" width=\"1200\" height=\"675\" src=\"https:\/\/www.youtube.com\/embed\/13Nn_2sAnR4?feature=oembed\" frameborder=\"0\" allow=\"accelerometer; autoplay; clipboard-write; encrypted-media; gyroscope; picture-in-picture; web-share\" referrerpolicy=\"strict-origin-when-cross-origin\" allowfullscreen><\/iframe><\/div>\n<\/div>\n<\/figure>\n<h3 class=\"wp-block-heading\">J\u00f3zef Pi\u0142sudski \u2013 przyw\u00f3dca Ruchu Niepodleg\u0142o\u015bciowego<\/h3>\n<p>Pi\u0142sudski, urodzony na Wile\u0144szczy\u017anie, wcze\u015bnie da\u0142 si\u0119 pozna\u0107 jako patriota i przyw\u00f3dca. Po zes\u0142aniu na Syberi\u0119 wst\u0105pi\u0142 do Polskiej Partii Socjalistycznej (PPS), szybko awansuj\u0105c na kierownictwo, a w 1905 roku zorganizowa\u0142 Organizacj\u0119 Bojow\u0105 PPS. Postrzegaj\u0105c Rosj\u0119 jako g\u0142\u00f3wnego wroga niepodleg\u0142o\u015bci Polski, przeni\u00f3s\u0142 swoje dzia\u0142ania do Galicji, gdzie austriacka autonomia pozwoli\u0142a mu na rozw\u00f3j tajnych struktur wojskowych. Tak narodzi\u0142 si\u0119 Zwi\u0105zek Walki Czynnej, organizacja paramilitarna za\u0142o\u017cona przez Kazimierza Sosnkowskiego z inspiracji Pi\u0142sudskiego, kt\u00f3ra p\u00f3\u017aniej sta\u0142a si\u0119 rdzeniem przysz\u0142ych Legion\u00f3w Polskich.<\/p>\n<p>Kiedy w 1914 r. wybuch\u0142a I wojna \u015bwiatowa, Pi\u0142sudski przewidywa\u0142, \u017ce zwyci\u0119stwo nad Rosj\u0105 b\u0119dzie pierwszym krokiem do niepodleg\u0142o\u015bci. Pomimo pocz\u0105tkowego sceptycyzmu spo\u0142ecznego Legiony Polskie pod wodz\u0105 Pi\u0142sudskiego walczy\u0142y u boku pa\u0144stw centralnych przeciwko Rosji, d\u0105\u017c\u0105c do wzmocnienia pozycji Polski w przysz\u0142ych negocjacjach.<\/p>\n<h3 class=\"wp-block-heading\">Ignacy Daszy\u0144ski i Wincenty Witos \u2013 Liderzy Spo\u0142ecze\u0144stwa<\/h3>\n<p>Poparcie dla niepodleg\u0142o\u015bci pochodzi\u0142y tak\u017ce od os\u00f3b zwi\u0105zanych z ruchami socjalistycznymi i ch\u0142opskimi, m.in. Ignacego Daszy\u0144skiego i Wincentego Witosa. Daszy\u0144ski, socjalista, sta\u0142 na czele Tymczasowego Rz\u0105du Ludowego Rzeczypospolitej Polskiej w Lublinie. By\u0142 zwolennikiem reform demokratycznych i wsp\u00f3\u0142pracowa\u0142 z Pi\u0142sudskim, wspieraj\u0105c powstawanie Legion\u00f3w Polskich.<\/p>\n<p>Znacz\u0105c\u0105 rol\u0119 w budowaniu \u015bwiadomo\u015bci narodowej ludno\u015bci wiejskiej odegra\u0142 Wincenty Witos, przedstawiciel ruchu ch\u0142opskiego. Anga\u017cowa\u0142 si\u0119 w dzia\u0142ania niepodleg\u0142o\u015bciowe i zach\u0119ca\u0142 do wsp\u00f3\u0142pracy mi\u0119dzy r\u00f3\u017cnymi ugrupowaniami politycznymi. W czasie wojny Witos wyra\u017ca\u0142 nadziej\u0119 na suwerenno\u015b\u0107 Polski, jednocz\u0105c ch\u0142op\u00f3w dla sprawy narodowej.<\/p>\n<h3 class=\"wp-block-heading\">Roman Dmowski i Ignacy Jan Paderewski \u2013 Dyplomacja na Zachodzie<\/h3>\n<p>Odmiennie do sprawy polskiej podszed\u0142 ruch Narodowo-Demokratyczny, na kt\u00f3rego czele sta\u0142 Roman Dmowski. W przeciwie\u0144stwie do Pi\u0142sudskiego, kt\u00f3ry walczy\u0142 z Rosj\u0105, Dmowski postrzega\u0142 Niemcy jako g\u0142\u00f3wnego wroga i szuka\u0142 wsparcia u Ententy. Prowadzi\u0142 intensywn\u0105 dzia\u0142alno\u015b\u0107 dyplomatyczn\u0105 we Francji i Wielkiej Brytanii, skupiaj\u0105c si\u0119 na lobbowaniu na rzecz niepodleg\u0142o\u015bci Polski po rozpocz\u0119ciu wojny. Jego wysi\u0142ki doprowadzi\u0142y do \u200b\u200bpowstania we Francji Armii Polskiej, zwanej B\u0142\u0119kitn\u0105 Armi\u0105, dowodzonej przez genera\u0142a J\u00f3zefa Hallera.<\/p>\n<p>Ignacy Jan Paderewski, \u015bwiatowej s\u0142awy pianista i patriota, odegra\u0142 kluczow\u0105 rol\u0119 w zdobyciu poparcia USA dla sprawy polskiej. Dzi\u0119ki swoim powi\u0105zaniom z prezydentem Thomasem Woodrowem Wilsonem wp\u0142yn\u0105\u0142 na umieszczenie w deklaracji Wilsona z 1918 r. stwierdzenia o niepodleg\u0142ej Polsce z dost\u0119pem do morza.<\/p>\n<h3 class=\"wp-block-heading\">Wyniki wsp\u00f3lnych wysi\u0142k\u00f3w<\/h3>\n<p>Dzi\u0119ki staraniom Pi\u0142sudskiego, Dmowskiego, Paderewskiego, Daszy\u0144skiego, Witosa i wielu innych dzia\u0142aczy Polska odzyska\u0142a niepodleg\u0142o\u015b\u0107 w listopadzie 1918 roku. Pi\u0142sudski jako Naczelnik Pa\u0144stwa odegra\u0142 kluczow\u0105 rol\u0119 w odbudowie wojska i organizacji w\u0142adzy w odrodzonej Polsce terytoria. Traktat wersalski z 1919 r., w kt\u00f3rym Polsk\u0119 reprezentowali Dmowski i Paderewski, potwierdzi\u0142 powr\u00f3t niepodleg\u0142ej Polski na map\u0119 Europy.<\/p>\n<p>Dzi\u0119ki determinacji, odwadze oraz umiej\u0119tnej dyplomacji i strategii wojskowej przyw\u00f3dc\u00f3w niepodleg\u0142o\u015bciowych Polska przetrwa\u0142a trudne czasy i odrodzi\u0142a si\u0119 jako suwerenne pa\u0144stwo.<\/p>\n<\/div>\n<\/div>\n","protected":false},"excerpt":{"rendered":"<p>Odkryj, jak wizjonerscy przyw\u00f3dcy, tacy jak J\u00f3zef Pi\u0142sudski, Roman Dmowski i Ignacy Paderewski, dzi\u0119ki odwadze i strategii pomogli Polsce odzyska\u0107<\/p>\n","protected":false},"author":1,"featured_media":1778,"comment_status":"closed","ping_status":"","sticky":false,"template":"","format":"standard","meta":{"footnotes":""},"categories":[47],"tags":[2925,2180,411,72,2926,1599,139,822],"class_list":["post-1777","post","type-post","status-publish","format-standard","has-post-thumbnail","hentry","category-styl-zycia","tag-droga","tag-niepodleglosci","tag-politycznych","tag-polski","tag-przywodcow","tag-roku","tag-rola","tag-wojskowych","generate-columns","tablet-grid-50","mobile-grid-100","grid-parent","grid-50","resize-featured-image"],"yoast_head":"<!-- This site is optimized with the Yoast SEO plugin v23.2 - https:\/\/yoast.com\/wordpress\/plugins\/seo\/ -->\n<title>Droga Polski do niepodleg\u0142o\u015bci w 1918 roku: rola przyw\u00f3dc\u00f3w politycznych i wojskowych - POGOTOWIE FLAGOWE\u00ae<\/title>\n<meta name=\"robots\" content=\"index, follow, max-snippet:-1, max-image-preview:large, max-video-preview:-1\" \/>\n<link rel=\"canonical\" href=\"https:\/\/www.pogotowieflagowe.pl\/aktualne\/droga-polski-do-niepodleglosci-w-1918-roku-rola-przywodcow-politycznych-i-wojskowych\/\" \/>\n<meta property=\"og:locale\" content=\"pl_PL\" \/>\n<meta property=\"og:type\" content=\"article\" \/>\n<meta property=\"og:title\" content=\"Droga Polski do niepodleg\u0142o\u015bci w 1918 roku: rola przyw\u00f3dc\u00f3w politycznych i wojskowych - POGOTOWIE FLAGOWE\u00ae\" \/>\n<meta property=\"og:description\" content=\"Odkryj, jak wizjonerscy przyw\u00f3dcy, tacy jak J\u00f3zef Pi\u0142sudski, Roman Dmowski i Ignacy Paderewski, dzi\u0119ki odwadze i strategii pomogli Polsce odzyska\u0107\" \/>\n<meta property=\"og:url\" content=\"https:\/\/www.pogotowieflagowe.pl\/aktualne\/droga-polski-do-niepodleglosci-w-1918-roku-rola-przywodcow-politycznych-i-wojskowych\/\" \/>\n<meta property=\"og:site_name\" content=\"POGOTOWIE FLAGOWE\u00ae\" \/>\n<meta property=\"article:published_time\" content=\"2024-11-12T03:49:12+00:00\" \/>\n<meta property=\"article:modified_time\" content=\"2024-11-12T03:49:15+00:00\" \/>\n<meta property=\"og:image\" content=\"https:\/\/www.pogotowieflagowe.pl\/aktualne\/wp-content\/uploads\/2024\/11\/Droga-Polski-do-niepodleglosci-w-1918-roku-rola-przywodcow-politycznych.jpg\" \/>\n\t<meta property=\"og:image:width\" content=\"1920\" \/>\n\t<meta property=\"og:image:height\" content=\"1482\" \/>\n\t<meta property=\"og:image:type\" content=\"image\/jpeg\" \/>\n<meta name=\"author\" content=\"Filip\" \/>\n<meta name=\"twitter:card\" content=\"summary_large_image\" \/>\n<meta name=\"twitter:label1\" content=\"Napisane przez\" \/>\n\t<meta name=\"twitter:data1\" content=\"Filip\" \/>\n\t<meta name=\"twitter:label2\" content=\"Szacowany czas czytania\" \/>\n\t<meta name=\"twitter:data2\" content=\"3 minuty\" \/>\n<script type=\"application\/ld+json\" class=\"yoast-schema-graph\">{\"@context\":\"https:\/\/schema.org\",\"@graph\":[{\"@type\":\"Article\",\"@id\":\"https:\/\/www.pogotowieflagowe.pl\/aktualne\/droga-polski-do-niepodleglosci-w-1918-roku-rola-przywodcow-politycznych-i-wojskowych\/#article\",\"isPartOf\":{\"@id\":\"https:\/\/www.pogotowieflagowe.pl\/aktualne\/droga-polski-do-niepodleglosci-w-1918-roku-rola-przywodcow-politycznych-i-wojskowych\/\"},\"author\":{\"name\":\"Filip\",\"@id\":\"https:\/\/www.pogotowieflagowe.pl\/aktualne\/#\/schema\/person\/9c2fb7d2362ebf6fa088960d7f0d27b0\"},\"headline\":\"Droga Polski do niepodleg\u0142o\u015bci w 1918 roku: rola przyw\u00f3dc\u00f3w politycznych i wojskowych\",\"datePublished\":\"2024-11-12T03:49:12+00:00\",\"dateModified\":\"2024-11-12T03:49:15+00:00\",\"mainEntityOfPage\":{\"@id\":\"https:\/\/www.pogotowieflagowe.pl\/aktualne\/droga-polski-do-niepodleglosci-w-1918-roku-rola-przywodcow-politycznych-i-wojskowych\/\"},\"wordCount\":682,\"publisher\":{\"@id\":\"https:\/\/www.pogotowieflagowe.pl\/aktualne\/#organization\"},\"image\":{\"@id\":\"https:\/\/www.pogotowieflagowe.pl\/aktualne\/droga-polski-do-niepodleglosci-w-1918-roku-rola-przywodcow-politycznych-i-wojskowych\/#primaryimage\"},\"thumbnailUrl\":\"https:\/\/www.pogotowieflagowe.pl\/aktualne\/wp-content\/uploads\/2024\/11\/Droga-Polski-do-niepodleglosci-w-1918-roku-rola-przywodcow-politycznych.jpg\",\"keywords\":[\"Droga\",\"Niepodleg\u0142o\u015bci\",\"politycznych\",\"polski\",\"przyw\u00f3dc\u00f3w\",\"roku\",\"rola\",\"wojskowych\"],\"articleSection\":[\"Styl \u017cycia\"],\"inLanguage\":\"pl-PL\"},{\"@type\":\"WebPage\",\"@id\":\"https:\/\/www.pogotowieflagowe.pl\/aktualne\/droga-polski-do-niepodleglosci-w-1918-roku-rola-przywodcow-politycznych-i-wojskowych\/\",\"url\":\"https:\/\/www.pogotowieflagowe.pl\/aktualne\/droga-polski-do-niepodleglosci-w-1918-roku-rola-przywodcow-politycznych-i-wojskowych\/\",\"name\":\"Droga Polski do niepodleg\u0142o\u015bci w 1918 roku: rola przyw\u00f3dc\u00f3w politycznych i wojskowych - POGOTOWIE FLAGOWE\u00ae\",\"isPartOf\":{\"@id\":\"https:\/\/www.pogotowieflagowe.pl\/aktualne\/#website\"},\"primaryImageOfPage\":{\"@id\":\"https:\/\/www.pogotowieflagowe.pl\/aktualne\/droga-polski-do-niepodleglosci-w-1918-roku-rola-przywodcow-politycznych-i-wojskowych\/#primaryimage\"},\"image\":{\"@id\":\"https:\/\/www.pogotowieflagowe.pl\/aktualne\/droga-polski-do-niepodleglosci-w-1918-roku-rola-przywodcow-politycznych-i-wojskowych\/#primaryimage\"},\"thumbnailUrl\":\"https:\/\/www.pogotowieflagowe.pl\/aktualne\/wp-content\/uploads\/2024\/11\/Droga-Polski-do-niepodleglosci-w-1918-roku-rola-przywodcow-politycznych.jpg\",\"datePublished\":\"2024-11-12T03:49:12+00:00\",\"dateModified\":\"2024-11-12T03:49:15+00:00\",\"breadcrumb\":{\"@id\":\"https:\/\/www.pogotowieflagowe.pl\/aktualne\/droga-polski-do-niepodleglosci-w-1918-roku-rola-przywodcow-politycznych-i-wojskowych\/#breadcrumb\"},\"inLanguage\":\"pl-PL\",\"potentialAction\":[{\"@type\":\"ReadAction\",\"target\":[\"https:\/\/www.pogotowieflagowe.pl\/aktualne\/droga-polski-do-niepodleglosci-w-1918-roku-rola-przywodcow-politycznych-i-wojskowych\/\"]}]},{\"@type\":\"ImageObject\",\"inLanguage\":\"pl-PL\",\"@id\":\"https:\/\/www.pogotowieflagowe.pl\/aktualne\/droga-polski-do-niepodleglosci-w-1918-roku-rola-przywodcow-politycznych-i-wojskowych\/#primaryimage\",\"url\":\"https:\/\/www.pogotowieflagowe.pl\/aktualne\/wp-content\/uploads\/2024\/11\/Droga-Polski-do-niepodleglosci-w-1918-roku-rola-przywodcow-politycznych.jpg\",\"contentUrl\":\"https:\/\/www.pogotowieflagowe.pl\/aktualne\/wp-content\/uploads\/2024\/11\/Droga-Polski-do-niepodleglosci-w-1918-roku-rola-przywodcow-politycznych.jpg\",\"width\":1920,\"height\":1482,\"caption\":\"Droga Polski do niepodleg\u0142o\u015bci w 1918 roku: rola przyw\u00f3dc\u00f3w politycznych i wojskowych\"},{\"@type\":\"BreadcrumbList\",\"@id\":\"https:\/\/www.pogotowieflagowe.pl\/aktualne\/droga-polski-do-niepodleglosci-w-1918-roku-rola-przywodcow-politycznych-i-wojskowych\/#breadcrumb\",\"itemListElement\":[{\"@type\":\"ListItem\",\"position\":1,\"name\":\"Home\",\"item\":\"https:\/\/www.pogotowieflagowe.pl\/aktualne\/\"},{\"@type\":\"ListItem\",\"position\":2,\"name\":\"Droga Polski do niepodleg\u0142o\u015bci w 1918 roku: rola przyw\u00f3dc\u00f3w politycznych i wojskowych\"}]},{\"@type\":\"WebSite\",\"@id\":\"https:\/\/www.pogotowieflagowe.pl\/aktualne\/#website\",\"url\":\"https:\/\/www.pogotowieflagowe.pl\/aktualne\/\",\"name\":\"POGOTOWIE FLAGOWE\u00ae\",\"description\":\"\",\"publisher\":{\"@id\":\"https:\/\/www.pogotowieflagowe.pl\/aktualne\/#organization\"},\"potentialAction\":[{\"@type\":\"SearchAction\",\"target\":{\"@type\":\"EntryPoint\",\"urlTemplate\":\"https:\/\/www.pogotowieflagowe.pl\/aktualne\/?s={search_term_string}\"},\"query-input\":\"required name=search_term_string\"}],\"inLanguage\":\"pl-PL\"},{\"@type\":\"Organization\",\"@id\":\"https:\/\/www.pogotowieflagowe.pl\/aktualne\/#organization\",\"name\":\"POGOTOWIE FLAGOWE\u00ae\",\"url\":\"https:\/\/www.pogotowieflagowe.pl\/aktualne\/\",\"logo\":{\"@type\":\"ImageObject\",\"inLanguage\":\"pl-PL\",\"@id\":\"https:\/\/www.pogotowieflagowe.pl\/aktualne\/#\/schema\/logo\/image\/\",\"url\":\"https:\/\/www.pogotowieflagowe.pl\/aktualne\/wp-content\/uploads\/2024\/08\/cropped-pogotowieflagowe_flaga_projekt_sm.jpg\",\"contentUrl\":\"https:\/\/www.pogotowieflagowe.pl\/aktualne\/wp-content\/uploads\/2024\/08\/cropped-pogotowieflagowe_flaga_projekt_sm.jpg\",\"width\":250,\"height\":143,\"caption\":\"POGOTOWIE FLAGOWE\u00ae\"},\"image\":{\"@id\":\"https:\/\/www.pogotowieflagowe.pl\/aktualne\/#\/schema\/logo\/image\/\"}},{\"@type\":\"Person\",\"@id\":\"https:\/\/www.pogotowieflagowe.pl\/aktualne\/#\/schema\/person\/9c2fb7d2362ebf6fa088960d7f0d27b0\",\"name\":\"Filip\",\"image\":{\"@type\":\"ImageObject\",\"inLanguage\":\"pl-PL\",\"@id\":\"https:\/\/www.pogotowieflagowe.pl\/aktualne\/#\/schema\/person\/image\/\",\"url\":\"https:\/\/www.pogotowieflagowe.pl\/aktualne\/wp-content\/uploads\/2024\/08\/pogotowieflagowe.pl_.jpg\",\"contentUrl\":\"https:\/\/www.pogotowieflagowe.pl\/aktualne\/wp-content\/uploads\/2024\/08\/pogotowieflagowe.pl_.jpg\",\"caption\":\"Filip\"},\"description\":\"Jestem Filip, polski dziennikarz z dyplomem nauk politycznych Uniwersytetu Warszawskiego. Rozpoczynaj\u0105c swoj\u0105 karier\u0119 w r\u00f3\u017cnych lokalnych mediach, zdoby\u0142em solidne do\u015bwiadczenie w zakresie \u015bledztwa i redakcji. Obecnie jako redaktor w Pogotowie flagowe, staram si\u0119 dostarcza\u0107 dog\u0142\u0119bne i istotne analizy na temat najwa\u017cniejszych kwestii aktualno\u015bci, \u0142\u0105cz\u0105c rygor z pasj\u0105 dziennikarsk\u0105.\",\"sameAs\":[\"https:\/\/www.pogotowieflagowe.pl\/\"]}]}<\/script>\n<!-- \/ Yoast SEO plugin. -->","yoast_head_json":{"title":"Droga Polski do niepodleg\u0142o\u015bci w 1918 roku: rola przyw\u00f3dc\u00f3w politycznych i wojskowych - POGOTOWIE FLAGOWE\u00ae","robots":{"index":"index","follow":"follow","max-snippet":"max-snippet:-1","max-image-preview":"max-image-preview:large","max-video-preview":"max-video-preview:-1"},"canonical":"https:\/\/www.pogotowieflagowe.pl\/aktualne\/droga-polski-do-niepodleglosci-w-1918-roku-rola-przywodcow-politycznych-i-wojskowych\/","og_locale":"pl_PL","og_type":"article","og_title":"Droga Polski do niepodleg\u0142o\u015bci w 1918 roku: rola przyw\u00f3dc\u00f3w politycznych i wojskowych - POGOTOWIE FLAGOWE\u00ae","og_description":"Odkryj, jak wizjonerscy przyw\u00f3dcy, tacy jak J\u00f3zef Pi\u0142sudski, Roman Dmowski i Ignacy Paderewski, dzi\u0119ki odwadze i strategii pomogli Polsce odzyska\u0107","og_url":"https:\/\/www.pogotowieflagowe.pl\/aktualne\/droga-polski-do-niepodleglosci-w-1918-roku-rola-przywodcow-politycznych-i-wojskowych\/","og_site_name":"POGOTOWIE FLAGOWE\u00ae","article_published_time":"2024-11-12T03:49:12+00:00","article_modified_time":"2024-11-12T03:49:15+00:00","og_image":[{"width":1920,"height":1482,"url":"https:\/\/www.pogotowieflagowe.pl\/aktualne\/wp-content\/uploads\/2024\/11\/Droga-Polski-do-niepodleglosci-w-1918-roku-rola-przywodcow-politycznych.jpg","type":"image\/jpeg"}],"author":"Filip","twitter_card":"summary_large_image","twitter_misc":{"Napisane przez":"Filip","Szacowany czas czytania":"3 minuty"},"schema":{"@context":"https:\/\/schema.org","@graph":[{"@type":"Article","@id":"https:\/\/www.pogotowieflagowe.pl\/aktualne\/droga-polski-do-niepodleglosci-w-1918-roku-rola-przywodcow-politycznych-i-wojskowych\/#article","isPartOf":{"@id":"https:\/\/www.pogotowieflagowe.pl\/aktualne\/droga-polski-do-niepodleglosci-w-1918-roku-rola-przywodcow-politycznych-i-wojskowych\/"},"author":{"name":"Filip","@id":"https:\/\/www.pogotowieflagowe.pl\/aktualne\/#\/schema\/person\/9c2fb7d2362ebf6fa088960d7f0d27b0"},"headline":"Droga Polski do niepodleg\u0142o\u015bci w 1918 roku: rola przyw\u00f3dc\u00f3w politycznych i wojskowych","datePublished":"2024-11-12T03:49:12+00:00","dateModified":"2024-11-12T03:49:15+00:00","mainEntityOfPage":{"@id":"https:\/\/www.pogotowieflagowe.pl\/aktualne\/droga-polski-do-niepodleglosci-w-1918-roku-rola-przywodcow-politycznych-i-wojskowych\/"},"wordCount":682,"publisher":{"@id":"https:\/\/www.pogotowieflagowe.pl\/aktualne\/#organization"},"image":{"@id":"https:\/\/www.pogotowieflagowe.pl\/aktualne\/droga-polski-do-niepodleglosci-w-1918-roku-rola-przywodcow-politycznych-i-wojskowych\/#primaryimage"},"thumbnailUrl":"https:\/\/www.pogotowieflagowe.pl\/aktualne\/wp-content\/uploads\/2024\/11\/Droga-Polski-do-niepodleglosci-w-1918-roku-rola-przywodcow-politycznych.jpg","keywords":["Droga","Niepodleg\u0142o\u015bci","politycznych","polski","przyw\u00f3dc\u00f3w","roku","rola","wojskowych"],"articleSection":["Styl \u017cycia"],"inLanguage":"pl-PL"},{"@type":"WebPage","@id":"https:\/\/www.pogotowieflagowe.pl\/aktualne\/droga-polski-do-niepodleglosci-w-1918-roku-rola-przywodcow-politycznych-i-wojskowych\/","url":"https:\/\/www.pogotowieflagowe.pl\/aktualne\/droga-polski-do-niepodleglosci-w-1918-roku-rola-przywodcow-politycznych-i-wojskowych\/","name":"Droga Polski do niepodleg\u0142o\u015bci w 1918 roku: rola przyw\u00f3dc\u00f3w politycznych i wojskowych - POGOTOWIE FLAGOWE\u00ae","isPartOf":{"@id":"https:\/\/www.pogotowieflagowe.pl\/aktualne\/#website"},"primaryImageOfPage":{"@id":"https:\/\/www.pogotowieflagowe.pl\/aktualne\/droga-polski-do-niepodleglosci-w-1918-roku-rola-przywodcow-politycznych-i-wojskowych\/#primaryimage"},"image":{"@id":"https:\/\/www.pogotowieflagowe.pl\/aktualne\/droga-polski-do-niepodleglosci-w-1918-roku-rola-przywodcow-politycznych-i-wojskowych\/#primaryimage"},"thumbnailUrl":"https:\/\/www.pogotowieflagowe.pl\/aktualne\/wp-content\/uploads\/2024\/11\/Droga-Polski-do-niepodleglosci-w-1918-roku-rola-przywodcow-politycznych.jpg","datePublished":"2024-11-12T03:49:12+00:00","dateModified":"2024-11-12T03:49:15+00:00","breadcrumb":{"@id":"https:\/\/www.pogotowieflagowe.pl\/aktualne\/droga-polski-do-niepodleglosci-w-1918-roku-rola-przywodcow-politycznych-i-wojskowych\/#breadcrumb"},"inLanguage":"pl-PL","potentialAction":[{"@type":"ReadAction","target":["https:\/\/www.pogotowieflagowe.pl\/aktualne\/droga-polski-do-niepodleglosci-w-1918-roku-rola-przywodcow-politycznych-i-wojskowych\/"]}]},{"@type":"ImageObject","inLanguage":"pl-PL","@id":"https:\/\/www.pogotowieflagowe.pl\/aktualne\/droga-polski-do-niepodleglosci-w-1918-roku-rola-przywodcow-politycznych-i-wojskowych\/#primaryimage","url":"https:\/\/www.pogotowieflagowe.pl\/aktualne\/wp-content\/uploads\/2024\/11\/Droga-Polski-do-niepodleglosci-w-1918-roku-rola-przywodcow-politycznych.jpg","contentUrl":"https:\/\/www.pogotowieflagowe.pl\/aktualne\/wp-content\/uploads\/2024\/11\/Droga-Polski-do-niepodleglosci-w-1918-roku-rola-przywodcow-politycznych.jpg","width":1920,"height":1482,"caption":"Droga Polski do niepodleg\u0142o\u015bci w 1918 roku: rola przyw\u00f3dc\u00f3w politycznych i wojskowych"},{"@type":"BreadcrumbList","@id":"https:\/\/www.pogotowieflagowe.pl\/aktualne\/droga-polski-do-niepodleglosci-w-1918-roku-rola-przywodcow-politycznych-i-wojskowych\/#breadcrumb","itemListElement":[{"@type":"ListItem","position":1,"name":"Home","item":"https:\/\/www.pogotowieflagowe.pl\/aktualne\/"},{"@type":"ListItem","position":2,"name":"Droga Polski do niepodleg\u0142o\u015bci w 1918 roku: rola przyw\u00f3dc\u00f3w politycznych i wojskowych"}]},{"@type":"WebSite","@id":"https:\/\/www.pogotowieflagowe.pl\/aktualne\/#website","url":"https:\/\/www.pogotowieflagowe.pl\/aktualne\/","name":"POGOTOWIE FLAGOWE\u00ae","description":"","publisher":{"@id":"https:\/\/www.pogotowieflagowe.pl\/aktualne\/#organization"},"potentialAction":[{"@type":"SearchAction","target":{"@type":"EntryPoint","urlTemplate":"https:\/\/www.pogotowieflagowe.pl\/aktualne\/?s={search_term_string}"},"query-input":"required name=search_term_string"}],"inLanguage":"pl-PL"},{"@type":"Organization","@id":"https:\/\/www.pogotowieflagowe.pl\/aktualne\/#organization","name":"POGOTOWIE FLAGOWE\u00ae","url":"https:\/\/www.pogotowieflagowe.pl\/aktualne\/","logo":{"@type":"ImageObject","inLanguage":"pl-PL","@id":"https:\/\/www.pogotowieflagowe.pl\/aktualne\/#\/schema\/logo\/image\/","url":"https:\/\/www.pogotowieflagowe.pl\/aktualne\/wp-content\/uploads\/2024\/08\/cropped-pogotowieflagowe_flaga_projekt_sm.jpg","contentUrl":"https:\/\/www.pogotowieflagowe.pl\/aktualne\/wp-content\/uploads\/2024\/08\/cropped-pogotowieflagowe_flaga_projekt_sm.jpg","width":250,"height":143,"caption":"POGOTOWIE FLAGOWE\u00ae"},"image":{"@id":"https:\/\/www.pogotowieflagowe.pl\/aktualne\/#\/schema\/logo\/image\/"}},{"@type":"Person","@id":"https:\/\/www.pogotowieflagowe.pl\/aktualne\/#\/schema\/person\/9c2fb7d2362ebf6fa088960d7f0d27b0","name":"Filip","image":{"@type":"ImageObject","inLanguage":"pl-PL","@id":"https:\/\/www.pogotowieflagowe.pl\/aktualne\/#\/schema\/person\/image\/","url":"https:\/\/www.pogotowieflagowe.pl\/aktualne\/wp-content\/uploads\/2024\/08\/pogotowieflagowe.pl_.jpg","contentUrl":"https:\/\/www.pogotowieflagowe.pl\/aktualne\/wp-content\/uploads\/2024\/08\/pogotowieflagowe.pl_.jpg","caption":"Filip"},"description":"Jestem Filip, polski dziennikarz z dyplomem nauk politycznych Uniwersytetu Warszawskiego. Rozpoczynaj\u0105c swoj\u0105 karier\u0119 w r\u00f3\u017cnych lokalnych mediach, zdoby\u0142em solidne do\u015bwiadczenie w zakresie \u015bledztwa i redakcji. Obecnie jako redaktor w Pogotowie flagowe, staram si\u0119 dostarcza\u0107 dog\u0142\u0119bne i istotne analizy na temat najwa\u017cniejszych kwestii aktualno\u015bci, \u0142\u0105cz\u0105c rygor z pasj\u0105 dziennikarsk\u0105.","sameAs":["https:\/\/www.pogotowieflagowe.pl\/"]}]}},"_links":{"self":[{"href":"https:\/\/www.pogotowieflagowe.pl\/aktualne\/wp-json\/wp\/v2\/posts\/1777","targetHints":{"allow":["GET"]}}],"collection":[{"href":"https:\/\/www.pogotowieflagowe.pl\/aktualne\/wp-json\/wp\/v2\/posts"}],"about":[{"href":"https:\/\/www.pogotowieflagowe.pl\/aktualne\/wp-json\/wp\/v2\/types\/post"}],"author":[{"embeddable":true,"href":"https:\/\/www.pogotowieflagowe.pl\/aktualne\/wp-json\/wp\/v2\/users\/1"}],"replies":[{"embeddable":true,"href":"https:\/\/www.pogotowieflagowe.pl\/aktualne\/wp-json\/wp\/v2\/comments?post=1777"}],"version-history":[{"count":1,"href":"https:\/\/www.pogotowieflagowe.pl\/aktualne\/wp-json\/wp\/v2\/posts\/1777\/revisions"}],"predecessor-version":[{"id":1779,"href":"https:\/\/www.pogotowieflagowe.pl\/aktualne\/wp-json\/wp\/v2\/posts\/1777\/revisions\/1779"}],"wp:featuredmedia":[{"embeddable":true,"href":"https:\/\/www.pogotowieflagowe.pl\/aktualne\/wp-json\/wp\/v2\/media\/1778"}],"wp:attachment":[{"href":"https:\/\/www.pogotowieflagowe.pl\/aktualne\/wp-json\/wp\/v2\/media?parent=1777"}],"wp:term":[{"taxonomy":"category","embeddable":true,"href":"https:\/\/www.pogotowieflagowe.pl\/aktualne\/wp-json\/wp\/v2\/categories?post=1777"},{"taxonomy":"post_tag","embeddable":true,"href":"https:\/\/www.pogotowieflagowe.pl\/aktualne\/wp-json\/wp\/v2\/tags?post=1777"}],"curies":[{"name":"wp","href":"https:\/\/api.w.org\/{rel}","templated":true}]}}