{"id":1812,"date":"2024-11-13T18:54:30","date_gmt":"2024-11-13T17:54:30","guid":{"rendered":"https:\/\/www.pogotowieflagowe.pl\/aktualne\/szef-nato-mark-rutte-sklada-wizyte-w-polsce-aby-wzmocnic-wsparcie-obronne-i-sojusznicze\/"},"modified":"2024-11-13T18:54:30","modified_gmt":"2024-11-13T17:54:30","slug":"szef-nato-mark-rutte-sklada-wizyte-w-polsce-aby-wzmocnic-wsparcie-obronne-i-sojusznicze","status":"publish","type":"post","link":"https:\/\/www.pogotowieflagowe.pl\/aktualne\/szef-nato-mark-rutte-sklada-wizyte-w-polsce-aby-wzmocnic-wsparcie-obronne-i-sojusznicze\/","title":{"rendered":"Szef NATO Mark Rutte sk\u0142ada wizyt\u0119 w Polsce, aby wzmocni\u0107 wsparcie obronne i sojusznicze"},"content":{"rendered":"\n<div class=\"td_block_wrap tdb_single_content tdi_48 td-pb-border-top td_block_template_8 td-post-content tagdiv-type\" data-td-block-uid=\"tdi_48\">\n<style>.tdi_48{margines-g\u00f3rny:0px!important;margin-bottom:0px!important;dope\u0142nienie-g\u00f3ra:0px!important;dope\u0142nienie-d\u00f3\u0142:0px!important}<\/style>\n<style>.tdb_single_content{margin-bottom:0;*zoom:1}.tdb_single_content:before,.tdb_single_content:after{display:table;content:'';line-height:0}.tdb_single_content:after{clear:both}.tdb_single_content .tdb-block-inner>*:not(.wp-block-quote):not(.alignwide):not(.alignfull.wp-block-cover.has-parallax):not(.td-a-ad) {margin-left:auto;margin-right:auto}.tdb_single_content a{pointer-events:auto}.tdb_single_content .td-spot-id-top_ad .tdc-placeholder-title:before{content:'Article Top Ad'!important}.tdb_single_content .td-spot-id-inline_ad0 .tdc-placeholder-title:before{content:'Article Reklama wbudowana 1'!important}.tdb_single_content .td-spot-id-inline_ad1 .tdc-placeholder-title:before{content:'Article Inline Ad 2'!important}.tdb_single_content .td-spot-id-inline_ad2 .tdc-placeholder-title:before{content:' Reklama wbudowana w artyku\u0142 3'!important}.tdb_single_content .td-spot-id-bottom_ad .tdc-placeholder-title:before{content:'Article Bottom Ad'!important}.tdb_single_content .id_top_ad,.tdb_single_content .id_bottom_ad{clear:both;margin-bottom:21px;text-align:center}.tdb_single_content .id_top_ad img,.tdb_single_content .id_bottom_ad img{margin-bottom:0}.tdb_single_content .id_top_ad .adsbygoogle,.tdb_single_content .id_bottom_ad .adsbygoogle{position:relative}.tdb_single_content .id_ad_content-horiz-left,.tdb_single_content .id_ad_content-horiz-right,.tdb_single_content .id_ad_content-horiz-center{margin-bottom:15px}.tdb_single_content .id_ad_content-horiz-left img,.tdb_single_content .id_ad_content-horiz-right img,.tdb_single_content .id_ad_content-horiz-center img{margin-bottom:0}.tdb_single_content .id_ad_content-horiz-center{text-align:center}.tdb_single_content .id_ad_content-horiz-center img{margin-right:auto;margin-left:auto}.tdb_single_content .id_ad_content-horiz-left{float:left;margin-top:9px;margin-right:21px}.tdb_single_content .id_ad_content-horiz-right{float:right;margin-top:6px;margin-left:21px}.tdb_single_content .tdc-a-ad .tdc-placeholder-title{width:300px;height:250px}.tdb_single_content .tdc-a-ad .tdc-placeholder-title:before{position:absolute;top:50%;-webkit-transform:translateY(-50%);transform:translateY(-50%);margines:auto;display:table;width:100 %}.tdb_single_content .tdb-block-inner.td-fix-index{word-break:break-word}.tdi_48,.tdi_48>p,.tdi_48 .tdb-block-inner>p{font-size:16px!important;line- wysoko\u015b\u0107:1,6!wa\u017cne}.tdi_48 .tdb-block-inner blockquote p{font-style:normal!important}@media (max-width:767px){.tdb_single_content .id_ad_content-horiz-left,.tdb_single_content .id_ad_content-horiz-right,.tdb_single_content .id_ad_content-horiz-center{margin:0 automatyczny 26px auto}}@media (max-width:767px){.tdb_single_content .id_ad_content-horiz-left{margin-right:0}}@media (max-width:767px){.tdb_single_content .id_ad_content-horiz-right{margin -left:0}}@media (max-width:767px){.tdb_single_content .td-a-ad{float:none;text-align:center}.tdb_single_content .td-a-ad img{margin-right:auto;margin-left:auto}. tdb_single_content .tdc-a-ad{float:none}}<\/style>\n<div class=\"tdb-block-inner td-fix-index\">\n<p><strong>Nowy Sekretarz Generalny NATO Mark Rutte z\u0142o\u017cy w \u015brod\u0119 swoj\u0105 pierwsz\u0105 oficjaln\u0105 wizyt\u0119 w Polsce. Od obj\u0119cia urz\u0119du w pa\u017adzierniku Rutte odwiedzi\u0142 kilka pa\u0144stw cz\u0142onkowskich NATO, zar\u00f3wno du\u017cych, jak i ma\u0142ych, w tym \u0141otw\u0119, W\u0142ochy i Chorwacj\u0119. Jego wizyta podkre\u015bla zaanga\u017cowanie NATO we wzmacnianie obronno\u015bci w ca\u0142ej Europie w obliczu zwi\u0119kszonych obaw dotycz\u0105cych bezpiecze\u0144stwa.<\/strong><\/p>\n<h2 class=\"wp-block-heading\">Skoncentruj si\u0119 na wzmocnieniu zobowi\u0105za\u0144 w zakresie obronno\u015bci<\/h2>\n<p>Podczas swojej podr\u00f3\u017cy Rutte spotka si\u0119 z polskimi przyw\u00f3dcami, w tym z premierem Donaldem Tuskiem i prezydentem Andrzejem Dud\u0105, aby om\u00f3wi\u0107 kluczowe kwestie. Oczekuje si\u0119, \u017ce rozmowy skupi\u0105 si\u0119 na wzmocnieniu obronno\u015bci i odstraszania NATO, przeciwdzia\u0142aniu rosyjskiej agresji i wspieraniu bezpiecze\u0144stwa Ukrainy w obliczu trwaj\u0105cego konfliktu. Szybkie dotarcie Rutte do kraj\u00f3w cz\u0142onkowskich sygnalizuje jego proaktywne podej\u015bcie do wzmacniania jedno\u015bci NATO.<\/p>\n<figure class=\"wp-block-embed is-type-rich is-provider-twitter wp-block-embed-twitter\">\n<div class=\"wp-block-embed__wrapper\">\n<blockquote class=\"twitter-tweet\" data-width=\"550\" data-dnt=\"true\">\n<p lang=\"pl\" dir=\"ltr\">Jutro przylatuje do Polski sekretarz generalny NATO, Mark Rutte. W prawie p\u00f3\u0142tora miesi\u0105ca od uruchomienia, gdy pojawi si\u0119 ju\u017c nie tylko g\u0142\u00f3wne wyniki, ale i znalezione typu \u0141otwa.<\/p>\n<p>\u2014 Dominika Cosic (@dominikacosic) <a rel=\"nofollow\" href=\"https:\/\/twitter.com\/dominikacosic\/status\/1856368891468890138?ref_src=twsrc%5Etfw\">12 listopada 2024 r<\/a><\/p><\/blockquote>\n<\/div>\n<\/figure>\n<p>Jako zagorza\u0142y zwolennik Ukrainy Rutte podkre\u015bli\u0142 sta\u0142e zaanga\u017cowanie NATO we wsparcie finansowe i wojskowe dla tego kraju. Opowiada si\u0119 za zwi\u0119kszeniem bud\u017cet\u00f3w obronnych w\u015br\u00f3d kraj\u00f3w sojuszniczych, uznaj\u0105c potrzeb\u0119 poszerzania zasob\u00f3w NATO, aby sprosta\u0107 zmieniaj\u0105cym si\u0119 wymaganiom w zakresie bezpiecze\u0144stwa. Rutte wierzy, \u017ce jedno\u015b\u0107 Zachodu ma kluczowe znaczenie dla utrzymania przewagi strategicznej.<\/p>\n<h2 class=\"wp-block-heading\">Zdecydowany or\u0119downik jedno\u015bci NATO<\/h2>\n<p>Kadencja Rutte&#8217;a na stanowisku Sekretarza Generalnego NATO naznaczona by\u0142a jego wezwaniem do jedno\u015bci sojuszniczej, szczeg\u00f3lnie w zakresie wydatk\u00f3w na obron\u0119. Postrzega wsp\u00f3\u0142prac\u0119 transatlantyck\u0105 jako niezb\u0119dn\u0105, k\u0142ad\u0105c nacisk na dwupartyjne wsparcie dla Ukrainy w USA. Jego styl przyw\u00f3dztwa odzwierciedla koncentracj\u0119 na pog\u0142\u0119bianiu sojuszy i przygotowaniu NATO na przysz\u0142e wyzwania w zakresie bezpiecze\u0144stwa.<\/p>\n<\/div>\n<\/div>\n<p><script async src=\"https:\/\/platform.twitter.com\/widgets.js\" charset=\"utf-8\"><\/script><\/p>\n","protected":false},"excerpt":{"rendered":"<p>Nowy Sekretarz Generalny NATO Mark Rutte z\u0142o\u017cy w \u015brod\u0119 swoj\u0105 pierwsz\u0105 oficjaln\u0105 wizyt\u0119 w Polsce. Od obj\u0119cia urz\u0119du w pa\u017adzierniku<\/p>\n","protected":false},"author":1,"featured_media":1813,"comment_status":"closed","ping_status":"","sticky":false,"template":"","format":"standard","meta":{"footnotes":""},"categories":[44],"tags":[2143,2973,515,818,60,2974,2912,2976,2972,1088,613,2975],"class_list":["post-1812","post","type-post","status-publish","format-standard","has-post-thumbnail","hentry","category-polityka","tag-aby","tag-mark","tag-nato","tag-obronne","tag-polsce","tag-rutte","tag-sklada","tag-sojusznicze","tag-szef","tag-wizyte","tag-wsparcie","tag-wzmocnic","generate-columns","tablet-grid-50","mobile-grid-100","grid-parent","grid-50","resize-featured-image"],"yoast_head":"<!-- This site is optimized with the Yoast SEO plugin v23.2 - https:\/\/yoast.com\/wordpress\/plugins\/seo\/ -->\n<title>Szef NATO Mark Rutte sk\u0142ada wizyt\u0119 w Polsce, aby wzmocni\u0107 wsparcie obronne i sojusznicze - POGOTOWIE FLAGOWE\u00ae<\/title>\n<meta name=\"robots\" content=\"index, follow, max-snippet:-1, max-image-preview:large, max-video-preview:-1\" \/>\n<link rel=\"canonical\" href=\"https:\/\/www.pogotowieflagowe.pl\/aktualne\/szef-nato-mark-rutte-sklada-wizyte-w-polsce-aby-wzmocnic-wsparcie-obronne-i-sojusznicze\/\" \/>\n<meta property=\"og:locale\" content=\"pl_PL\" \/>\n<meta property=\"og:type\" content=\"article\" \/>\n<meta property=\"og:title\" content=\"Szef NATO Mark Rutte sk\u0142ada wizyt\u0119 w Polsce, aby wzmocni\u0107 wsparcie obronne i sojusznicze - POGOTOWIE FLAGOWE\u00ae\" \/>\n<meta property=\"og:description\" content=\"Nowy Sekretarz Generalny NATO Mark Rutte z\u0142o\u017cy w \u015brod\u0119 swoj\u0105 pierwsz\u0105 oficjaln\u0105 wizyt\u0119 w Polsce. Od obj\u0119cia urz\u0119du w pa\u017adzierniku\" \/>\n<meta property=\"og:url\" content=\"https:\/\/www.pogotowieflagowe.pl\/aktualne\/szef-nato-mark-rutte-sklada-wizyte-w-polsce-aby-wzmocnic-wsparcie-obronne-i-sojusznicze\/\" \/>\n<meta property=\"og:site_name\" content=\"POGOTOWIE FLAGOWE\u00ae\" \/>\n<meta property=\"article:published_time\" content=\"2024-11-13T17:54:30+00:00\" \/>\n<meta property=\"og:image\" content=\"https:\/\/www.pogotowieflagowe.pl\/aktualne\/wp-content\/uploads\/2024\/11\/Szef-NATO-Mark-Rutte-sklada-wizyte-w-Polsce-aby-wzmocnic.jpg\" \/>\n\t<meta property=\"og:image:width\" content=\"330\" \/>\n\t<meta property=\"og:image:height\" content=\"469\" \/>\n\t<meta property=\"og:image:type\" content=\"image\/jpeg\" \/>\n<meta name=\"author\" content=\"Filip\" \/>\n<meta name=\"twitter:card\" content=\"summary_large_image\" \/>\n<meta name=\"twitter:label1\" content=\"Napisane przez\" \/>\n\t<meta name=\"twitter:data1\" content=\"Filip\" \/>\n\t<meta name=\"twitter:label2\" content=\"Szacowany czas czytania\" \/>\n\t<meta name=\"twitter:data2\" content=\"2 minuty\" \/>\n<script type=\"application\/ld+json\" class=\"yoast-schema-graph\">{\"@context\":\"https:\/\/schema.org\",\"@graph\":[{\"@type\":\"Article\",\"@id\":\"https:\/\/www.pogotowieflagowe.pl\/aktualne\/szef-nato-mark-rutte-sklada-wizyte-w-polsce-aby-wzmocnic-wsparcie-obronne-i-sojusznicze\/#article\",\"isPartOf\":{\"@id\":\"https:\/\/www.pogotowieflagowe.pl\/aktualne\/szef-nato-mark-rutte-sklada-wizyte-w-polsce-aby-wzmocnic-wsparcie-obronne-i-sojusznicze\/\"},\"author\":{\"name\":\"Filip\",\"@id\":\"https:\/\/www.pogotowieflagowe.pl\/aktualne\/#\/schema\/person\/9c2fb7d2362ebf6fa088960d7f0d27b0\"},\"headline\":\"Szef NATO Mark Rutte sk\u0142ada wizyt\u0119 w Polsce, aby wzmocni\u0107 wsparcie obronne i sojusznicze\",\"datePublished\":\"2024-11-13T17:54:30+00:00\",\"dateModified\":\"2024-11-13T17:54:30+00:00\",\"mainEntityOfPage\":{\"@id\":\"https:\/\/www.pogotowieflagowe.pl\/aktualne\/szef-nato-mark-rutte-sklada-wizyte-w-polsce-aby-wzmocnic-wsparcie-obronne-i-sojusznicze\/\"},\"wordCount\":339,\"publisher\":{\"@id\":\"https:\/\/www.pogotowieflagowe.pl\/aktualne\/#organization\"},\"image\":{\"@id\":\"https:\/\/www.pogotowieflagowe.pl\/aktualne\/szef-nato-mark-rutte-sklada-wizyte-w-polsce-aby-wzmocnic-wsparcie-obronne-i-sojusznicze\/#primaryimage\"},\"thumbnailUrl\":\"https:\/\/www.pogotowieflagowe.pl\/aktualne\/wp-content\/uploads\/2024\/11\/Szef-NATO-Mark-Rutte-sklada-wizyte-w-Polsce-aby-wzmocnic.jpg\",\"keywords\":[\"aby\",\"Mark\",\"NATO\",\"obronne\",\"Polsce\",\"Rutte\",\"sk\u0142ada\",\"sojusznicze\",\"Szef\",\"wizyt\u0119\",\"wsparcie\",\"wzmocni\u0107\"],\"articleSection\":[\"Polityka\"],\"inLanguage\":\"pl-PL\"},{\"@type\":\"WebPage\",\"@id\":\"https:\/\/www.pogotowieflagowe.pl\/aktualne\/szef-nato-mark-rutte-sklada-wizyte-w-polsce-aby-wzmocnic-wsparcie-obronne-i-sojusznicze\/\",\"url\":\"https:\/\/www.pogotowieflagowe.pl\/aktualne\/szef-nato-mark-rutte-sklada-wizyte-w-polsce-aby-wzmocnic-wsparcie-obronne-i-sojusznicze\/\",\"name\":\"Szef NATO Mark Rutte sk\u0142ada wizyt\u0119 w Polsce, aby wzmocni\u0107 wsparcie obronne i sojusznicze - POGOTOWIE FLAGOWE\u00ae\",\"isPartOf\":{\"@id\":\"https:\/\/www.pogotowieflagowe.pl\/aktualne\/#website\"},\"primaryImageOfPage\":{\"@id\":\"https:\/\/www.pogotowieflagowe.pl\/aktualne\/szef-nato-mark-rutte-sklada-wizyte-w-polsce-aby-wzmocnic-wsparcie-obronne-i-sojusznicze\/#primaryimage\"},\"image\":{\"@id\":\"https:\/\/www.pogotowieflagowe.pl\/aktualne\/szef-nato-mark-rutte-sklada-wizyte-w-polsce-aby-wzmocnic-wsparcie-obronne-i-sojusznicze\/#primaryimage\"},\"thumbnailUrl\":\"https:\/\/www.pogotowieflagowe.pl\/aktualne\/wp-content\/uploads\/2024\/11\/Szef-NATO-Mark-Rutte-sklada-wizyte-w-Polsce-aby-wzmocnic.jpg\",\"datePublished\":\"2024-11-13T17:54:30+00:00\",\"dateModified\":\"2024-11-13T17:54:30+00:00\",\"breadcrumb\":{\"@id\":\"https:\/\/www.pogotowieflagowe.pl\/aktualne\/szef-nato-mark-rutte-sklada-wizyte-w-polsce-aby-wzmocnic-wsparcie-obronne-i-sojusznicze\/#breadcrumb\"},\"inLanguage\":\"pl-PL\",\"potentialAction\":[{\"@type\":\"ReadAction\",\"target\":[\"https:\/\/www.pogotowieflagowe.pl\/aktualne\/szef-nato-mark-rutte-sklada-wizyte-w-polsce-aby-wzmocnic-wsparcie-obronne-i-sojusznicze\/\"]}]},{\"@type\":\"ImageObject\",\"inLanguage\":\"pl-PL\",\"@id\":\"https:\/\/www.pogotowieflagowe.pl\/aktualne\/szef-nato-mark-rutte-sklada-wizyte-w-polsce-aby-wzmocnic-wsparcie-obronne-i-sojusznicze\/#primaryimage\",\"url\":\"https:\/\/www.pogotowieflagowe.pl\/aktualne\/wp-content\/uploads\/2024\/11\/Szef-NATO-Mark-Rutte-sklada-wizyte-w-Polsce-aby-wzmocnic.jpg\",\"contentUrl\":\"https:\/\/www.pogotowieflagowe.pl\/aktualne\/wp-content\/uploads\/2024\/11\/Szef-NATO-Mark-Rutte-sklada-wizyte-w-Polsce-aby-wzmocnic.jpg\",\"width\":330,\"height\":469,\"caption\":\"Szef NATO Mark Rutte sk\u0142ada wizyt\u0119 w Polsce, aby wzmocni\u0107 wsparcie obronne i sojusznicze\"},{\"@type\":\"BreadcrumbList\",\"@id\":\"https:\/\/www.pogotowieflagowe.pl\/aktualne\/szef-nato-mark-rutte-sklada-wizyte-w-polsce-aby-wzmocnic-wsparcie-obronne-i-sojusznicze\/#breadcrumb\",\"itemListElement\":[{\"@type\":\"ListItem\",\"position\":1,\"name\":\"Home\",\"item\":\"https:\/\/www.pogotowieflagowe.pl\/aktualne\/\"},{\"@type\":\"ListItem\",\"position\":2,\"name\":\"Szef NATO Mark Rutte sk\u0142ada wizyt\u0119 w Polsce, aby wzmocni\u0107 wsparcie obronne i sojusznicze\"}]},{\"@type\":\"WebSite\",\"@id\":\"https:\/\/www.pogotowieflagowe.pl\/aktualne\/#website\",\"url\":\"https:\/\/www.pogotowieflagowe.pl\/aktualne\/\",\"name\":\"POGOTOWIE FLAGOWE\u00ae\",\"description\":\"\",\"publisher\":{\"@id\":\"https:\/\/www.pogotowieflagowe.pl\/aktualne\/#organization\"},\"potentialAction\":[{\"@type\":\"SearchAction\",\"target\":{\"@type\":\"EntryPoint\",\"urlTemplate\":\"https:\/\/www.pogotowieflagowe.pl\/aktualne\/?s={search_term_string}\"},\"query-input\":\"required name=search_term_string\"}],\"inLanguage\":\"pl-PL\"},{\"@type\":\"Organization\",\"@id\":\"https:\/\/www.pogotowieflagowe.pl\/aktualne\/#organization\",\"name\":\"POGOTOWIE FLAGOWE\u00ae\",\"url\":\"https:\/\/www.pogotowieflagowe.pl\/aktualne\/\",\"logo\":{\"@type\":\"ImageObject\",\"inLanguage\":\"pl-PL\",\"@id\":\"https:\/\/www.pogotowieflagowe.pl\/aktualne\/#\/schema\/logo\/image\/\",\"url\":\"https:\/\/www.pogotowieflagowe.pl\/aktualne\/wp-content\/uploads\/2024\/08\/cropped-pogotowieflagowe_flaga_projekt_sm.jpg\",\"contentUrl\":\"https:\/\/www.pogotowieflagowe.pl\/aktualne\/wp-content\/uploads\/2024\/08\/cropped-pogotowieflagowe_flaga_projekt_sm.jpg\",\"width\":250,\"height\":143,\"caption\":\"POGOTOWIE FLAGOWE\u00ae\"},\"image\":{\"@id\":\"https:\/\/www.pogotowieflagowe.pl\/aktualne\/#\/schema\/logo\/image\/\"}},{\"@type\":\"Person\",\"@id\":\"https:\/\/www.pogotowieflagowe.pl\/aktualne\/#\/schema\/person\/9c2fb7d2362ebf6fa088960d7f0d27b0\",\"name\":\"Filip\",\"image\":{\"@type\":\"ImageObject\",\"inLanguage\":\"pl-PL\",\"@id\":\"https:\/\/www.pogotowieflagowe.pl\/aktualne\/#\/schema\/person\/image\/\",\"url\":\"https:\/\/www.pogotowieflagowe.pl\/aktualne\/wp-content\/uploads\/2024\/08\/pogotowieflagowe.pl_.jpg\",\"contentUrl\":\"https:\/\/www.pogotowieflagowe.pl\/aktualne\/wp-content\/uploads\/2024\/08\/pogotowieflagowe.pl_.jpg\",\"caption\":\"Filip\"},\"description\":\"Jestem Filip, polski dziennikarz z dyplomem nauk politycznych Uniwersytetu Warszawskiego. Rozpoczynaj\u0105c swoj\u0105 karier\u0119 w r\u00f3\u017cnych lokalnych mediach, zdoby\u0142em solidne do\u015bwiadczenie w zakresie \u015bledztwa i redakcji. Obecnie jako redaktor w Pogotowie flagowe, staram si\u0119 dostarcza\u0107 dog\u0142\u0119bne i istotne analizy na temat najwa\u017cniejszych kwestii aktualno\u015bci, \u0142\u0105cz\u0105c rygor z pasj\u0105 dziennikarsk\u0105.\",\"sameAs\":[\"https:\/\/www.pogotowieflagowe.pl\/\"]}]}<\/script>\n<!-- \/ Yoast SEO plugin. -->","yoast_head_json":{"title":"Szef NATO Mark Rutte sk\u0142ada wizyt\u0119 w Polsce, aby wzmocni\u0107 wsparcie obronne i sojusznicze - POGOTOWIE FLAGOWE\u00ae","robots":{"index":"index","follow":"follow","max-snippet":"max-snippet:-1","max-image-preview":"max-image-preview:large","max-video-preview":"max-video-preview:-1"},"canonical":"https:\/\/www.pogotowieflagowe.pl\/aktualne\/szef-nato-mark-rutte-sklada-wizyte-w-polsce-aby-wzmocnic-wsparcie-obronne-i-sojusznicze\/","og_locale":"pl_PL","og_type":"article","og_title":"Szef NATO Mark Rutte sk\u0142ada wizyt\u0119 w Polsce, aby wzmocni\u0107 wsparcie obronne i sojusznicze - POGOTOWIE FLAGOWE\u00ae","og_description":"Nowy Sekretarz Generalny NATO Mark Rutte z\u0142o\u017cy w \u015brod\u0119 swoj\u0105 pierwsz\u0105 oficjaln\u0105 wizyt\u0119 w Polsce. Od obj\u0119cia urz\u0119du w pa\u017adzierniku","og_url":"https:\/\/www.pogotowieflagowe.pl\/aktualne\/szef-nato-mark-rutte-sklada-wizyte-w-polsce-aby-wzmocnic-wsparcie-obronne-i-sojusznicze\/","og_site_name":"POGOTOWIE FLAGOWE\u00ae","article_published_time":"2024-11-13T17:54:30+00:00","og_image":[{"width":330,"height":469,"url":"https:\/\/www.pogotowieflagowe.pl\/aktualne\/wp-content\/uploads\/2024\/11\/Szef-NATO-Mark-Rutte-sklada-wizyte-w-Polsce-aby-wzmocnic.jpg","type":"image\/jpeg"}],"author":"Filip","twitter_card":"summary_large_image","twitter_misc":{"Napisane przez":"Filip","Szacowany czas czytania":"2 minuty"},"schema":{"@context":"https:\/\/schema.org","@graph":[{"@type":"Article","@id":"https:\/\/www.pogotowieflagowe.pl\/aktualne\/szef-nato-mark-rutte-sklada-wizyte-w-polsce-aby-wzmocnic-wsparcie-obronne-i-sojusznicze\/#article","isPartOf":{"@id":"https:\/\/www.pogotowieflagowe.pl\/aktualne\/szef-nato-mark-rutte-sklada-wizyte-w-polsce-aby-wzmocnic-wsparcie-obronne-i-sojusznicze\/"},"author":{"name":"Filip","@id":"https:\/\/www.pogotowieflagowe.pl\/aktualne\/#\/schema\/person\/9c2fb7d2362ebf6fa088960d7f0d27b0"},"headline":"Szef NATO Mark Rutte sk\u0142ada wizyt\u0119 w Polsce, aby wzmocni\u0107 wsparcie obronne i sojusznicze","datePublished":"2024-11-13T17:54:30+00:00","dateModified":"2024-11-13T17:54:30+00:00","mainEntityOfPage":{"@id":"https:\/\/www.pogotowieflagowe.pl\/aktualne\/szef-nato-mark-rutte-sklada-wizyte-w-polsce-aby-wzmocnic-wsparcie-obronne-i-sojusznicze\/"},"wordCount":339,"publisher":{"@id":"https:\/\/www.pogotowieflagowe.pl\/aktualne\/#organization"},"image":{"@id":"https:\/\/www.pogotowieflagowe.pl\/aktualne\/szef-nato-mark-rutte-sklada-wizyte-w-polsce-aby-wzmocnic-wsparcie-obronne-i-sojusznicze\/#primaryimage"},"thumbnailUrl":"https:\/\/www.pogotowieflagowe.pl\/aktualne\/wp-content\/uploads\/2024\/11\/Szef-NATO-Mark-Rutte-sklada-wizyte-w-Polsce-aby-wzmocnic.jpg","keywords":["aby","Mark","NATO","obronne","Polsce","Rutte","sk\u0142ada","sojusznicze","Szef","wizyt\u0119","wsparcie","wzmocni\u0107"],"articleSection":["Polityka"],"inLanguage":"pl-PL"},{"@type":"WebPage","@id":"https:\/\/www.pogotowieflagowe.pl\/aktualne\/szef-nato-mark-rutte-sklada-wizyte-w-polsce-aby-wzmocnic-wsparcie-obronne-i-sojusznicze\/","url":"https:\/\/www.pogotowieflagowe.pl\/aktualne\/szef-nato-mark-rutte-sklada-wizyte-w-polsce-aby-wzmocnic-wsparcie-obronne-i-sojusznicze\/","name":"Szef NATO Mark Rutte sk\u0142ada wizyt\u0119 w Polsce, aby wzmocni\u0107 wsparcie obronne i sojusznicze - POGOTOWIE FLAGOWE\u00ae","isPartOf":{"@id":"https:\/\/www.pogotowieflagowe.pl\/aktualne\/#website"},"primaryImageOfPage":{"@id":"https:\/\/www.pogotowieflagowe.pl\/aktualne\/szef-nato-mark-rutte-sklada-wizyte-w-polsce-aby-wzmocnic-wsparcie-obronne-i-sojusznicze\/#primaryimage"},"image":{"@id":"https:\/\/www.pogotowieflagowe.pl\/aktualne\/szef-nato-mark-rutte-sklada-wizyte-w-polsce-aby-wzmocnic-wsparcie-obronne-i-sojusznicze\/#primaryimage"},"thumbnailUrl":"https:\/\/www.pogotowieflagowe.pl\/aktualne\/wp-content\/uploads\/2024\/11\/Szef-NATO-Mark-Rutte-sklada-wizyte-w-Polsce-aby-wzmocnic.jpg","datePublished":"2024-11-13T17:54:30+00:00","dateModified":"2024-11-13T17:54:30+00:00","breadcrumb":{"@id":"https:\/\/www.pogotowieflagowe.pl\/aktualne\/szef-nato-mark-rutte-sklada-wizyte-w-polsce-aby-wzmocnic-wsparcie-obronne-i-sojusznicze\/#breadcrumb"},"inLanguage":"pl-PL","potentialAction":[{"@type":"ReadAction","target":["https:\/\/www.pogotowieflagowe.pl\/aktualne\/szef-nato-mark-rutte-sklada-wizyte-w-polsce-aby-wzmocnic-wsparcie-obronne-i-sojusznicze\/"]}]},{"@type":"ImageObject","inLanguage":"pl-PL","@id":"https:\/\/www.pogotowieflagowe.pl\/aktualne\/szef-nato-mark-rutte-sklada-wizyte-w-polsce-aby-wzmocnic-wsparcie-obronne-i-sojusznicze\/#primaryimage","url":"https:\/\/www.pogotowieflagowe.pl\/aktualne\/wp-content\/uploads\/2024\/11\/Szef-NATO-Mark-Rutte-sklada-wizyte-w-Polsce-aby-wzmocnic.jpg","contentUrl":"https:\/\/www.pogotowieflagowe.pl\/aktualne\/wp-content\/uploads\/2024\/11\/Szef-NATO-Mark-Rutte-sklada-wizyte-w-Polsce-aby-wzmocnic.jpg","width":330,"height":469,"caption":"Szef NATO Mark Rutte sk\u0142ada wizyt\u0119 w Polsce, aby wzmocni\u0107 wsparcie obronne i sojusznicze"},{"@type":"BreadcrumbList","@id":"https:\/\/www.pogotowieflagowe.pl\/aktualne\/szef-nato-mark-rutte-sklada-wizyte-w-polsce-aby-wzmocnic-wsparcie-obronne-i-sojusznicze\/#breadcrumb","itemListElement":[{"@type":"ListItem","position":1,"name":"Home","item":"https:\/\/www.pogotowieflagowe.pl\/aktualne\/"},{"@type":"ListItem","position":2,"name":"Szef NATO Mark Rutte sk\u0142ada wizyt\u0119 w Polsce, aby wzmocni\u0107 wsparcie obronne i sojusznicze"}]},{"@type":"WebSite","@id":"https:\/\/www.pogotowieflagowe.pl\/aktualne\/#website","url":"https:\/\/www.pogotowieflagowe.pl\/aktualne\/","name":"POGOTOWIE FLAGOWE\u00ae","description":"","publisher":{"@id":"https:\/\/www.pogotowieflagowe.pl\/aktualne\/#organization"},"potentialAction":[{"@type":"SearchAction","target":{"@type":"EntryPoint","urlTemplate":"https:\/\/www.pogotowieflagowe.pl\/aktualne\/?s={search_term_string}"},"query-input":"required name=search_term_string"}],"inLanguage":"pl-PL"},{"@type":"Organization","@id":"https:\/\/www.pogotowieflagowe.pl\/aktualne\/#organization","name":"POGOTOWIE FLAGOWE\u00ae","url":"https:\/\/www.pogotowieflagowe.pl\/aktualne\/","logo":{"@type":"ImageObject","inLanguage":"pl-PL","@id":"https:\/\/www.pogotowieflagowe.pl\/aktualne\/#\/schema\/logo\/image\/","url":"https:\/\/www.pogotowieflagowe.pl\/aktualne\/wp-content\/uploads\/2024\/08\/cropped-pogotowieflagowe_flaga_projekt_sm.jpg","contentUrl":"https:\/\/www.pogotowieflagowe.pl\/aktualne\/wp-content\/uploads\/2024\/08\/cropped-pogotowieflagowe_flaga_projekt_sm.jpg","width":250,"height":143,"caption":"POGOTOWIE FLAGOWE\u00ae"},"image":{"@id":"https:\/\/www.pogotowieflagowe.pl\/aktualne\/#\/schema\/logo\/image\/"}},{"@type":"Person","@id":"https:\/\/www.pogotowieflagowe.pl\/aktualne\/#\/schema\/person\/9c2fb7d2362ebf6fa088960d7f0d27b0","name":"Filip","image":{"@type":"ImageObject","inLanguage":"pl-PL","@id":"https:\/\/www.pogotowieflagowe.pl\/aktualne\/#\/schema\/person\/image\/","url":"https:\/\/www.pogotowieflagowe.pl\/aktualne\/wp-content\/uploads\/2024\/08\/pogotowieflagowe.pl_.jpg","contentUrl":"https:\/\/www.pogotowieflagowe.pl\/aktualne\/wp-content\/uploads\/2024\/08\/pogotowieflagowe.pl_.jpg","caption":"Filip"},"description":"Jestem Filip, polski dziennikarz z dyplomem nauk politycznych Uniwersytetu Warszawskiego. Rozpoczynaj\u0105c swoj\u0105 karier\u0119 w r\u00f3\u017cnych lokalnych mediach, zdoby\u0142em solidne do\u015bwiadczenie w zakresie \u015bledztwa i redakcji. Obecnie jako redaktor w Pogotowie flagowe, staram si\u0119 dostarcza\u0107 dog\u0142\u0119bne i istotne analizy na temat najwa\u017cniejszych kwestii aktualno\u015bci, \u0142\u0105cz\u0105c rygor z pasj\u0105 dziennikarsk\u0105.","sameAs":["https:\/\/www.pogotowieflagowe.pl\/"]}]}},"_links":{"self":[{"href":"https:\/\/www.pogotowieflagowe.pl\/aktualne\/wp-json\/wp\/v2\/posts\/1812","targetHints":{"allow":["GET"]}}],"collection":[{"href":"https:\/\/www.pogotowieflagowe.pl\/aktualne\/wp-json\/wp\/v2\/posts"}],"about":[{"href":"https:\/\/www.pogotowieflagowe.pl\/aktualne\/wp-json\/wp\/v2\/types\/post"}],"author":[{"embeddable":true,"href":"https:\/\/www.pogotowieflagowe.pl\/aktualne\/wp-json\/wp\/v2\/users\/1"}],"replies":[{"embeddable":true,"href":"https:\/\/www.pogotowieflagowe.pl\/aktualne\/wp-json\/wp\/v2\/comments?post=1812"}],"version-history":[{"count":1,"href":"https:\/\/www.pogotowieflagowe.pl\/aktualne\/wp-json\/wp\/v2\/posts\/1812\/revisions"}],"predecessor-version":[{"id":1814,"href":"https:\/\/www.pogotowieflagowe.pl\/aktualne\/wp-json\/wp\/v2\/posts\/1812\/revisions\/1814"}],"wp:featuredmedia":[{"embeddable":true,"href":"https:\/\/www.pogotowieflagowe.pl\/aktualne\/wp-json\/wp\/v2\/media\/1813"}],"wp:attachment":[{"href":"https:\/\/www.pogotowieflagowe.pl\/aktualne\/wp-json\/wp\/v2\/media?parent=1812"}],"wp:term":[{"taxonomy":"category","embeddable":true,"href":"https:\/\/www.pogotowieflagowe.pl\/aktualne\/wp-json\/wp\/v2\/categories?post=1812"},{"taxonomy":"post_tag","embeddable":true,"href":"https:\/\/www.pogotowieflagowe.pl\/aktualne\/wp-json\/wp\/v2\/tags?post=1812"}],"curies":[{"name":"wp","href":"https:\/\/api.w.org\/{rel}","templated":true}]}}