{"id":1815,"date":"2024-11-13T22:47:10","date_gmt":"2024-11-13T21:47:10","guid":{"rendered":"https:\/\/www.pogotowieflagowe.pl\/aktualne\/transformacja-energetyczna-polski-podkreslona-podczas-cop29\/"},"modified":"2024-11-13T22:47:13","modified_gmt":"2024-11-13T21:47:13","slug":"transformacja-energetyczna-polski-podkreslona-podczas-cop29","status":"publish","type":"post","link":"https:\/\/www.pogotowieflagowe.pl\/aktualne\/transformacja-energetyczna-polski-podkreslona-podczas-cop29\/","title":{"rendered":"Transformacja energetyczna Polski podkre\u015blona podczas COP29"},"content":{"rendered":"\n<div class=\"td_block_wrap tdb_single_content tdi_48 td-pb-border-top td_block_template_8 td-post-content tagdiv-type\" data-td-block-uid=\"tdi_48\">\n<style>.tdi_48{margines-g\u00f3rny:0px!important;margin-bottom:0px!important;dope\u0142nienie-g\u00f3ra:0px!important;dope\u0142nienie-d\u00f3\u0142:0px!important}<\/style>\n<style>.tdb_single_content{margin-bottom:0;*zoom:1}.tdb_single_content:before,.tdb_single_content:after{display:table;content:'';line-height:0}.tdb_single_content:after{clear:both}.tdb_single_content .tdb-block-inner>*:not(.wp-block-quote):not(.alignwide):not(.alignfull.wp-block-cover.has-parallax):not(.td-a-ad) {margin-left:auto;margin-right:auto}.tdb_single_content a{pointer-events:auto}.tdb_single_content .td-spot-id-top_ad .tdc-placeholder-title:before{content:'Najlepsza reklama artyku\u0142u'! wa\u017cne}.tdb_single_content .td-spot-id-inline_ad0 .tdc-placeholder-title:before{content:'Article Inline Ad 1'!important}.tdb_single_content .td-spot-id-inline_ad1 .tdc-placeholder-title:before {content:'Reklama wbudowana w artyku\u0142 2'!important}.tdb_single_content .td-spot-id-inline_ad2 .tdc-placeholder-title:before{content:'Reklama wbudowana w artyku\u0142 3'!important}.tdb_single_content .td-spot-id -bottom_ad .tdc-placeholder-title:before{content:'Article Bottom Ad'!important}.tdb_single_content .id_top_ad,.tdb_single_content .id_bottom_ad{clear:both;margin-bottom:21px;text-align:center}.tdb_single_content . id_top_ad img,.tdb_single_content .id_bottom_ad img{margin-bottom:0}.tdb_single_content .id_top_ad .adsbygoogle,.tdb_single_content .id_bottom_ad .adsbygoogle{position:relative}.tdb_single_content .id_ad_content-horiz- po lewej,.tdb_single_content .id_ad_content-horiz-right ,.tdb_single_content .id_ad_content-horiz-center{margin-bottom:15px}.tdb_single_content .id_ad_content-horiz-left img,.tdb_single_content .id_ad_content-horiz-right img,.tdb_single_content .id_ad_content-horiz -center img{margines-dolny: 0}.tdb_single_content .id_ad_content-horiz-center{text-align:center}.tdb_single_content .id_ad_content-horiz-center img{margin-right:auto;margin-left:auto}.tdb_single_content .id_ad_content-horiz-left{float: lewy;margin-g\u00f3rny:9px;margin-prawy:21px}.tdb_single_content .id_ad_content-horiz-right{float:right;margin-top:6px;margin-left:21px}.tdb_single_content .tdc-a-ad .tdc- placeholder-title{width:300px;height:250px}.tdb_single_content .tdc-a-ad .tdc-placeholder-title:before{position:absolute;top:50%;-webkit-transform:translateY(-50%); transform:translateY(-50%);margines:auto;display:table;width:100%}.tdb_single_content .tdb-block-inner.td-fix-index{word-break:break-word}.tdi_48,.tdi_48 >p,.tdi_48 .tdb-block-inner>p{font-size:16px!important;line-height:1.6!important}.tdi_48 .tdb-block-inner blockquote p{font-style:normal!important}@ media (maks. szeroko\u015b\u0107: 767 pikseli){.tdb_single_content .id_ad_content-horiz-left,.tdb_single_content .id_ad_content-horiz-right,.tdb_single_content .id_ad_content-horiz-center{margin:0 auto 26px auto}}@media (maks. szeroko\u015b\u0107 :767px){.tdb_single_content .id_ad_content-horiz-left{margin-right:0}}@media (max-width:767px){.tdb_single_content .id_ad_content-horiz-right{margin-left:0}}@media (max -width:767px){.tdb_single_content .td-a-ad{float:none;text-align:center}.tdb_single_content .td-a-ad img{margin-right:auto;margin-left:auto}.tdb_single_content . tdc-a-ad{float:none}}<\/style>\n<div class=\"tdb-block-inner td-fix-index\">\n<p><strong>Prezydent Polski Andrzej Duda podczas konferencji klimatycznej COP29 w Baku w Azerbejd\u017canie podkre\u015bli\u0142 zaanga\u017cowanie swojego kraju na rzecz sprawiedliwej transformacji energetycznej przy wsparciu nuklearnym. Podkre\u015bli\u0142, \u017ce podej\u015bcie Polski integruje zar\u00f3wno cele w zakresie wzrostu gospodarczego, jak i cele klimatyczne, wyznaczaj\u0105c drog\u0119, kt\u00f3r\u0105 rozpocz\u0105\u0142 ratyfikacj\u0105 Porozumienia paryskiego w 2016 r. i skupieniem si\u0119 na zr\u00f3wnowa\u017conym rozwoju spo\u0142ecznym w sektorze energetycznym.<\/strong><\/p>\n<h2 class=\"wp-block-heading\">Zaanga\u017cowanie w sprawiedliw\u0105 transformacj\u0119<\/h2>\n<p>Na konferencji COP24 w Katowicach Polska zainicjowa\u0142a koncepcj\u0119 \u201esprawiedliwej transformacji\u201d, aby polityka klimatyczna wspiera\u0142a bie\u017c\u0105ce potrzeby spo\u0142eczne. Prezydent Duda powt\u00f3rzy\u0142, \u017ce zmiana energetyczna Polski nie odb\u0119dzie si\u0119 kosztem dobra obywateli. Przyj\u0119to tak\u017ce deklaracj\u0119 ministerialn\u0105 \u201eLasy dla klimatu\u201d, maj\u0105c\u0105 na celu ochron\u0119 r\u00f3\u017cnorodno\u015bci biologicznej, kluczowego elementu strategii ekologicznej Polski.<\/p>\n<p>Prezydent Duda podkre\u015bli\u0142 ambicje Polski dotycz\u0105ce rozwoju stabilnego sektora energetyki j\u0105drowej, nawi\u0105zuj\u0105c do podpisanego w zesz\u0142ym roku w Dubaju zobowi\u0105zania dotycz\u0105cego potrojenia \u015bwiatowych mocy j\u0105drowych. Wyrazi\u0142 pewno\u015b\u0107, \u017ce energia j\u0105drowa jest niezb\u0119dna do dostarczania czystej, stabilnej energii i osi\u0105gni\u0119cia globalnych cel\u00f3w klimatycznych.<\/p>\n<p>COP29 zgromadzi\u0142a przyw\u00f3dc\u00f3w z ca\u0142ego \u015bwiata pod has\u0142em \u201eSolidarno\u015b\u0107 na rzecz zielonego \u015bwiata\u201d. Podczas szczytu Prezydent Duda przeprowadzi\u0142 dwustronne rozmowy z kluczowymi osobisto\u015bciami, w tym z Prezydentem Azerbejd\u017canu, omawiaj\u0105c przysz\u0142\u0105 wsp\u00f3\u0142prac\u0119 gospodarcz\u0105 i energetyczn\u0105.<\/p>\n<\/div>\n<\/div>\n","protected":false},"excerpt":{"rendered":"<p>Prezydent Polski Andrzej Duda podczas konferencji klimatycznej COP29 w Baku w Azerbejd\u017canie podkre\u015bli\u0142 zaanga\u017cowanie swojego kraju na rzecz sprawiedliwej transformacji<\/p>\n","protected":false},"author":1,"featured_media":1816,"comment_status":"closed","ping_status":"","sticky":false,"template":"","format":"standard","meta":{"footnotes":""},"categories":[45],"tags":[2980,2978,105,2979,72,2977],"class_list":["post-1815","post","type-post","status-publish","format-standard","has-post-thumbnail","hentry","category-biznes","tag-cop29","tag-energetyczna","tag-podczas","tag-podkreslona","tag-polski","tag-transformacja","generate-columns","tablet-grid-50","mobile-grid-100","grid-parent","grid-50","resize-featured-image"],"yoast_head":"<!-- This site is optimized with the Yoast SEO plugin v23.2 - https:\/\/yoast.com\/wordpress\/plugins\/seo\/ -->\n<title>Transformacja energetyczna Polski podkre\u015blona podczas COP29 - POGOTOWIE FLAGOWE\u00ae<\/title>\n<meta name=\"robots\" content=\"index, follow, max-snippet:-1, max-image-preview:large, max-video-preview:-1\" \/>\n<link rel=\"canonical\" href=\"https:\/\/www.pogotowieflagowe.pl\/aktualne\/transformacja-energetyczna-polski-podkreslona-podczas-cop29\/\" \/>\n<meta property=\"og:locale\" content=\"pl_PL\" \/>\n<meta property=\"og:type\" content=\"article\" \/>\n<meta property=\"og:title\" content=\"Transformacja energetyczna Polski podkre\u015blona podczas COP29 - POGOTOWIE FLAGOWE\u00ae\" \/>\n<meta property=\"og:description\" content=\"Prezydent Polski Andrzej Duda podczas konferencji klimatycznej COP29 w Baku w Azerbejd\u017canie podkre\u015bli\u0142 zaanga\u017cowanie swojego kraju na rzecz sprawiedliwej transformacji\" \/>\n<meta property=\"og:url\" content=\"https:\/\/www.pogotowieflagowe.pl\/aktualne\/transformacja-energetyczna-polski-podkreslona-podczas-cop29\/\" \/>\n<meta property=\"og:site_name\" content=\"POGOTOWIE FLAGOWE\u00ae\" \/>\n<meta property=\"article:published_time\" content=\"2024-11-13T21:47:10+00:00\" \/>\n<meta property=\"article:modified_time\" content=\"2024-11-13T21:47:13+00:00\" \/>\n<meta property=\"og:image\" content=\"https:\/\/www.pogotowieflagowe.pl\/aktualne\/wp-content\/uploads\/2024\/11\/Transformacja-energetyczna-Polski-podkreslona-podczas-COP29.jpg\" \/>\n\t<meta property=\"og:image:width\" content=\"1600\" \/>\n\t<meta property=\"og:image:height\" content=\"1066\" \/>\n\t<meta property=\"og:image:type\" content=\"image\/jpeg\" \/>\n<meta name=\"author\" content=\"Filip\" \/>\n<meta name=\"twitter:card\" content=\"summary_large_image\" \/>\n<meta name=\"twitter:label1\" content=\"Napisane przez\" \/>\n\t<meta name=\"twitter:data1\" content=\"Filip\" \/>\n\t<meta name=\"twitter:label2\" content=\"Szacowany czas czytania\" \/>\n\t<meta name=\"twitter:data2\" content=\"1 minuta\" \/>\n<script type=\"application\/ld+json\" class=\"yoast-schema-graph\">{\"@context\":\"https:\/\/schema.org\",\"@graph\":[{\"@type\":\"Article\",\"@id\":\"https:\/\/www.pogotowieflagowe.pl\/aktualne\/transformacja-energetyczna-polski-podkreslona-podczas-cop29\/#article\",\"isPartOf\":{\"@id\":\"https:\/\/www.pogotowieflagowe.pl\/aktualne\/transformacja-energetyczna-polski-podkreslona-podczas-cop29\/\"},\"author\":{\"name\":\"Filip\",\"@id\":\"https:\/\/www.pogotowieflagowe.pl\/aktualne\/#\/schema\/person\/9c2fb7d2362ebf6fa088960d7f0d27b0\"},\"headline\":\"Transformacja energetyczna Polski podkre\u015blona podczas COP29\",\"datePublished\":\"2024-11-13T21:47:10+00:00\",\"dateModified\":\"2024-11-13T21:47:13+00:00\",\"mainEntityOfPage\":{\"@id\":\"https:\/\/www.pogotowieflagowe.pl\/aktualne\/transformacja-energetyczna-polski-podkreslona-podczas-cop29\/\"},\"wordCount\":239,\"publisher\":{\"@id\":\"https:\/\/www.pogotowieflagowe.pl\/aktualne\/#organization\"},\"image\":{\"@id\":\"https:\/\/www.pogotowieflagowe.pl\/aktualne\/transformacja-energetyczna-polski-podkreslona-podczas-cop29\/#primaryimage\"},\"thumbnailUrl\":\"https:\/\/www.pogotowieflagowe.pl\/aktualne\/wp-content\/uploads\/2024\/11\/Transformacja-energetyczna-Polski-podkreslona-podczas-COP29.jpg\",\"keywords\":[\"COP29\",\"energetyczna\",\"podczas\",\"podkre\u015blona\",\"polski\",\"Transformacja\"],\"articleSection\":[\"Biznes\"],\"inLanguage\":\"pl-PL\"},{\"@type\":\"WebPage\",\"@id\":\"https:\/\/www.pogotowieflagowe.pl\/aktualne\/transformacja-energetyczna-polski-podkreslona-podczas-cop29\/\",\"url\":\"https:\/\/www.pogotowieflagowe.pl\/aktualne\/transformacja-energetyczna-polski-podkreslona-podczas-cop29\/\",\"name\":\"Transformacja energetyczna Polski podkre\u015blona podczas COP29 - POGOTOWIE FLAGOWE\u00ae\",\"isPartOf\":{\"@id\":\"https:\/\/www.pogotowieflagowe.pl\/aktualne\/#website\"},\"primaryImageOfPage\":{\"@id\":\"https:\/\/www.pogotowieflagowe.pl\/aktualne\/transformacja-energetyczna-polski-podkreslona-podczas-cop29\/#primaryimage\"},\"image\":{\"@id\":\"https:\/\/www.pogotowieflagowe.pl\/aktualne\/transformacja-energetyczna-polski-podkreslona-podczas-cop29\/#primaryimage\"},\"thumbnailUrl\":\"https:\/\/www.pogotowieflagowe.pl\/aktualne\/wp-content\/uploads\/2024\/11\/Transformacja-energetyczna-Polski-podkreslona-podczas-COP29.jpg\",\"datePublished\":\"2024-11-13T21:47:10+00:00\",\"dateModified\":\"2024-11-13T21:47:13+00:00\",\"breadcrumb\":{\"@id\":\"https:\/\/www.pogotowieflagowe.pl\/aktualne\/transformacja-energetyczna-polski-podkreslona-podczas-cop29\/#breadcrumb\"},\"inLanguage\":\"pl-PL\",\"potentialAction\":[{\"@type\":\"ReadAction\",\"target\":[\"https:\/\/www.pogotowieflagowe.pl\/aktualne\/transformacja-energetyczna-polski-podkreslona-podczas-cop29\/\"]}]},{\"@type\":\"ImageObject\",\"inLanguage\":\"pl-PL\",\"@id\":\"https:\/\/www.pogotowieflagowe.pl\/aktualne\/transformacja-energetyczna-polski-podkreslona-podczas-cop29\/#primaryimage\",\"url\":\"https:\/\/www.pogotowieflagowe.pl\/aktualne\/wp-content\/uploads\/2024\/11\/Transformacja-energetyczna-Polski-podkreslona-podczas-COP29.jpg\",\"contentUrl\":\"https:\/\/www.pogotowieflagowe.pl\/aktualne\/wp-content\/uploads\/2024\/11\/Transformacja-energetyczna-Polski-podkreslona-podczas-COP29.jpg\",\"width\":1600,\"height\":1066,\"caption\":\"Transformacja energetyczna Polski podkre\u015blona podczas COP29\"},{\"@type\":\"BreadcrumbList\",\"@id\":\"https:\/\/www.pogotowieflagowe.pl\/aktualne\/transformacja-energetyczna-polski-podkreslona-podczas-cop29\/#breadcrumb\",\"itemListElement\":[{\"@type\":\"ListItem\",\"position\":1,\"name\":\"Home\",\"item\":\"https:\/\/www.pogotowieflagowe.pl\/aktualne\/\"},{\"@type\":\"ListItem\",\"position\":2,\"name\":\"Transformacja energetyczna Polski podkre\u015blona podczas COP29\"}]},{\"@type\":\"WebSite\",\"@id\":\"https:\/\/www.pogotowieflagowe.pl\/aktualne\/#website\",\"url\":\"https:\/\/www.pogotowieflagowe.pl\/aktualne\/\",\"name\":\"POGOTOWIE FLAGOWE\u00ae\",\"description\":\"\",\"publisher\":{\"@id\":\"https:\/\/www.pogotowieflagowe.pl\/aktualne\/#organization\"},\"potentialAction\":[{\"@type\":\"SearchAction\",\"target\":{\"@type\":\"EntryPoint\",\"urlTemplate\":\"https:\/\/www.pogotowieflagowe.pl\/aktualne\/?s={search_term_string}\"},\"query-input\":\"required name=search_term_string\"}],\"inLanguage\":\"pl-PL\"},{\"@type\":\"Organization\",\"@id\":\"https:\/\/www.pogotowieflagowe.pl\/aktualne\/#organization\",\"name\":\"POGOTOWIE FLAGOWE\u00ae\",\"url\":\"https:\/\/www.pogotowieflagowe.pl\/aktualne\/\",\"logo\":{\"@type\":\"ImageObject\",\"inLanguage\":\"pl-PL\",\"@id\":\"https:\/\/www.pogotowieflagowe.pl\/aktualne\/#\/schema\/logo\/image\/\",\"url\":\"https:\/\/www.pogotowieflagowe.pl\/aktualne\/wp-content\/uploads\/2024\/08\/cropped-pogotowieflagowe_flaga_projekt_sm.jpg\",\"contentUrl\":\"https:\/\/www.pogotowieflagowe.pl\/aktualne\/wp-content\/uploads\/2024\/08\/cropped-pogotowieflagowe_flaga_projekt_sm.jpg\",\"width\":250,\"height\":143,\"caption\":\"POGOTOWIE FLAGOWE\u00ae\"},\"image\":{\"@id\":\"https:\/\/www.pogotowieflagowe.pl\/aktualne\/#\/schema\/logo\/image\/\"}},{\"@type\":\"Person\",\"@id\":\"https:\/\/www.pogotowieflagowe.pl\/aktualne\/#\/schema\/person\/9c2fb7d2362ebf6fa088960d7f0d27b0\",\"name\":\"Filip\",\"image\":{\"@type\":\"ImageObject\",\"inLanguage\":\"pl-PL\",\"@id\":\"https:\/\/www.pogotowieflagowe.pl\/aktualne\/#\/schema\/person\/image\/\",\"url\":\"https:\/\/www.pogotowieflagowe.pl\/aktualne\/wp-content\/uploads\/2024\/08\/pogotowieflagowe.pl_.jpg\",\"contentUrl\":\"https:\/\/www.pogotowieflagowe.pl\/aktualne\/wp-content\/uploads\/2024\/08\/pogotowieflagowe.pl_.jpg\",\"caption\":\"Filip\"},\"description\":\"Jestem Filip, polski dziennikarz z dyplomem nauk politycznych Uniwersytetu Warszawskiego. Rozpoczynaj\u0105c swoj\u0105 karier\u0119 w r\u00f3\u017cnych lokalnych mediach, zdoby\u0142em solidne do\u015bwiadczenie w zakresie \u015bledztwa i redakcji. Obecnie jako redaktor w Pogotowie flagowe, staram si\u0119 dostarcza\u0107 dog\u0142\u0119bne i istotne analizy na temat najwa\u017cniejszych kwestii aktualno\u015bci, \u0142\u0105cz\u0105c rygor z pasj\u0105 dziennikarsk\u0105.\",\"sameAs\":[\"https:\/\/www.pogotowieflagowe.pl\/\"]}]}<\/script>\n<!-- \/ Yoast SEO plugin. -->","yoast_head_json":{"title":"Transformacja energetyczna Polski podkre\u015blona podczas COP29 - POGOTOWIE FLAGOWE\u00ae","robots":{"index":"index","follow":"follow","max-snippet":"max-snippet:-1","max-image-preview":"max-image-preview:large","max-video-preview":"max-video-preview:-1"},"canonical":"https:\/\/www.pogotowieflagowe.pl\/aktualne\/transformacja-energetyczna-polski-podkreslona-podczas-cop29\/","og_locale":"pl_PL","og_type":"article","og_title":"Transformacja energetyczna Polski podkre\u015blona podczas COP29 - POGOTOWIE FLAGOWE\u00ae","og_description":"Prezydent Polski Andrzej Duda podczas konferencji klimatycznej COP29 w Baku w Azerbejd\u017canie podkre\u015bli\u0142 zaanga\u017cowanie swojego kraju na rzecz sprawiedliwej transformacji","og_url":"https:\/\/www.pogotowieflagowe.pl\/aktualne\/transformacja-energetyczna-polski-podkreslona-podczas-cop29\/","og_site_name":"POGOTOWIE FLAGOWE\u00ae","article_published_time":"2024-11-13T21:47:10+00:00","article_modified_time":"2024-11-13T21:47:13+00:00","og_image":[{"width":1600,"height":1066,"url":"https:\/\/www.pogotowieflagowe.pl\/aktualne\/wp-content\/uploads\/2024\/11\/Transformacja-energetyczna-Polski-podkreslona-podczas-COP29.jpg","type":"image\/jpeg"}],"author":"Filip","twitter_card":"summary_large_image","twitter_misc":{"Napisane przez":"Filip","Szacowany czas czytania":"1 minuta"},"schema":{"@context":"https:\/\/schema.org","@graph":[{"@type":"Article","@id":"https:\/\/www.pogotowieflagowe.pl\/aktualne\/transformacja-energetyczna-polski-podkreslona-podczas-cop29\/#article","isPartOf":{"@id":"https:\/\/www.pogotowieflagowe.pl\/aktualne\/transformacja-energetyczna-polski-podkreslona-podczas-cop29\/"},"author":{"name":"Filip","@id":"https:\/\/www.pogotowieflagowe.pl\/aktualne\/#\/schema\/person\/9c2fb7d2362ebf6fa088960d7f0d27b0"},"headline":"Transformacja energetyczna Polski podkre\u015blona podczas COP29","datePublished":"2024-11-13T21:47:10+00:00","dateModified":"2024-11-13T21:47:13+00:00","mainEntityOfPage":{"@id":"https:\/\/www.pogotowieflagowe.pl\/aktualne\/transformacja-energetyczna-polski-podkreslona-podczas-cop29\/"},"wordCount":239,"publisher":{"@id":"https:\/\/www.pogotowieflagowe.pl\/aktualne\/#organization"},"image":{"@id":"https:\/\/www.pogotowieflagowe.pl\/aktualne\/transformacja-energetyczna-polski-podkreslona-podczas-cop29\/#primaryimage"},"thumbnailUrl":"https:\/\/www.pogotowieflagowe.pl\/aktualne\/wp-content\/uploads\/2024\/11\/Transformacja-energetyczna-Polski-podkreslona-podczas-COP29.jpg","keywords":["COP29","energetyczna","podczas","podkre\u015blona","polski","Transformacja"],"articleSection":["Biznes"],"inLanguage":"pl-PL"},{"@type":"WebPage","@id":"https:\/\/www.pogotowieflagowe.pl\/aktualne\/transformacja-energetyczna-polski-podkreslona-podczas-cop29\/","url":"https:\/\/www.pogotowieflagowe.pl\/aktualne\/transformacja-energetyczna-polski-podkreslona-podczas-cop29\/","name":"Transformacja energetyczna Polski podkre\u015blona podczas COP29 - POGOTOWIE FLAGOWE\u00ae","isPartOf":{"@id":"https:\/\/www.pogotowieflagowe.pl\/aktualne\/#website"},"primaryImageOfPage":{"@id":"https:\/\/www.pogotowieflagowe.pl\/aktualne\/transformacja-energetyczna-polski-podkreslona-podczas-cop29\/#primaryimage"},"image":{"@id":"https:\/\/www.pogotowieflagowe.pl\/aktualne\/transformacja-energetyczna-polski-podkreslona-podczas-cop29\/#primaryimage"},"thumbnailUrl":"https:\/\/www.pogotowieflagowe.pl\/aktualne\/wp-content\/uploads\/2024\/11\/Transformacja-energetyczna-Polski-podkreslona-podczas-COP29.jpg","datePublished":"2024-11-13T21:47:10+00:00","dateModified":"2024-11-13T21:47:13+00:00","breadcrumb":{"@id":"https:\/\/www.pogotowieflagowe.pl\/aktualne\/transformacja-energetyczna-polski-podkreslona-podczas-cop29\/#breadcrumb"},"inLanguage":"pl-PL","potentialAction":[{"@type":"ReadAction","target":["https:\/\/www.pogotowieflagowe.pl\/aktualne\/transformacja-energetyczna-polski-podkreslona-podczas-cop29\/"]}]},{"@type":"ImageObject","inLanguage":"pl-PL","@id":"https:\/\/www.pogotowieflagowe.pl\/aktualne\/transformacja-energetyczna-polski-podkreslona-podczas-cop29\/#primaryimage","url":"https:\/\/www.pogotowieflagowe.pl\/aktualne\/wp-content\/uploads\/2024\/11\/Transformacja-energetyczna-Polski-podkreslona-podczas-COP29.jpg","contentUrl":"https:\/\/www.pogotowieflagowe.pl\/aktualne\/wp-content\/uploads\/2024\/11\/Transformacja-energetyczna-Polski-podkreslona-podczas-COP29.jpg","width":1600,"height":1066,"caption":"Transformacja energetyczna Polski podkre\u015blona podczas COP29"},{"@type":"BreadcrumbList","@id":"https:\/\/www.pogotowieflagowe.pl\/aktualne\/transformacja-energetyczna-polski-podkreslona-podczas-cop29\/#breadcrumb","itemListElement":[{"@type":"ListItem","position":1,"name":"Home","item":"https:\/\/www.pogotowieflagowe.pl\/aktualne\/"},{"@type":"ListItem","position":2,"name":"Transformacja energetyczna Polski podkre\u015blona podczas COP29"}]},{"@type":"WebSite","@id":"https:\/\/www.pogotowieflagowe.pl\/aktualne\/#website","url":"https:\/\/www.pogotowieflagowe.pl\/aktualne\/","name":"POGOTOWIE FLAGOWE\u00ae","description":"","publisher":{"@id":"https:\/\/www.pogotowieflagowe.pl\/aktualne\/#organization"},"potentialAction":[{"@type":"SearchAction","target":{"@type":"EntryPoint","urlTemplate":"https:\/\/www.pogotowieflagowe.pl\/aktualne\/?s={search_term_string}"},"query-input":"required name=search_term_string"}],"inLanguage":"pl-PL"},{"@type":"Organization","@id":"https:\/\/www.pogotowieflagowe.pl\/aktualne\/#organization","name":"POGOTOWIE FLAGOWE\u00ae","url":"https:\/\/www.pogotowieflagowe.pl\/aktualne\/","logo":{"@type":"ImageObject","inLanguage":"pl-PL","@id":"https:\/\/www.pogotowieflagowe.pl\/aktualne\/#\/schema\/logo\/image\/","url":"https:\/\/www.pogotowieflagowe.pl\/aktualne\/wp-content\/uploads\/2024\/08\/cropped-pogotowieflagowe_flaga_projekt_sm.jpg","contentUrl":"https:\/\/www.pogotowieflagowe.pl\/aktualne\/wp-content\/uploads\/2024\/08\/cropped-pogotowieflagowe_flaga_projekt_sm.jpg","width":250,"height":143,"caption":"POGOTOWIE FLAGOWE\u00ae"},"image":{"@id":"https:\/\/www.pogotowieflagowe.pl\/aktualne\/#\/schema\/logo\/image\/"}},{"@type":"Person","@id":"https:\/\/www.pogotowieflagowe.pl\/aktualne\/#\/schema\/person\/9c2fb7d2362ebf6fa088960d7f0d27b0","name":"Filip","image":{"@type":"ImageObject","inLanguage":"pl-PL","@id":"https:\/\/www.pogotowieflagowe.pl\/aktualne\/#\/schema\/person\/image\/","url":"https:\/\/www.pogotowieflagowe.pl\/aktualne\/wp-content\/uploads\/2024\/08\/pogotowieflagowe.pl_.jpg","contentUrl":"https:\/\/www.pogotowieflagowe.pl\/aktualne\/wp-content\/uploads\/2024\/08\/pogotowieflagowe.pl_.jpg","caption":"Filip"},"description":"Jestem Filip, polski dziennikarz z dyplomem nauk politycznych Uniwersytetu Warszawskiego. Rozpoczynaj\u0105c swoj\u0105 karier\u0119 w r\u00f3\u017cnych lokalnych mediach, zdoby\u0142em solidne do\u015bwiadczenie w zakresie \u015bledztwa i redakcji. Obecnie jako redaktor w Pogotowie flagowe, staram si\u0119 dostarcza\u0107 dog\u0142\u0119bne i istotne analizy na temat najwa\u017cniejszych kwestii aktualno\u015bci, \u0142\u0105cz\u0105c rygor z pasj\u0105 dziennikarsk\u0105.","sameAs":["https:\/\/www.pogotowieflagowe.pl\/"]}]}},"_links":{"self":[{"href":"https:\/\/www.pogotowieflagowe.pl\/aktualne\/wp-json\/wp\/v2\/posts\/1815","targetHints":{"allow":["GET"]}}],"collection":[{"href":"https:\/\/www.pogotowieflagowe.pl\/aktualne\/wp-json\/wp\/v2\/posts"}],"about":[{"href":"https:\/\/www.pogotowieflagowe.pl\/aktualne\/wp-json\/wp\/v2\/types\/post"}],"author":[{"embeddable":true,"href":"https:\/\/www.pogotowieflagowe.pl\/aktualne\/wp-json\/wp\/v2\/users\/1"}],"replies":[{"embeddable":true,"href":"https:\/\/www.pogotowieflagowe.pl\/aktualne\/wp-json\/wp\/v2\/comments?post=1815"}],"version-history":[{"count":1,"href":"https:\/\/www.pogotowieflagowe.pl\/aktualne\/wp-json\/wp\/v2\/posts\/1815\/revisions"}],"predecessor-version":[{"id":1817,"href":"https:\/\/www.pogotowieflagowe.pl\/aktualne\/wp-json\/wp\/v2\/posts\/1815\/revisions\/1817"}],"wp:featuredmedia":[{"embeddable":true,"href":"https:\/\/www.pogotowieflagowe.pl\/aktualne\/wp-json\/wp\/v2\/media\/1816"}],"wp:attachment":[{"href":"https:\/\/www.pogotowieflagowe.pl\/aktualne\/wp-json\/wp\/v2\/media?parent=1815"}],"wp:term":[{"taxonomy":"category","embeddable":true,"href":"https:\/\/www.pogotowieflagowe.pl\/aktualne\/wp-json\/wp\/v2\/categories?post=1815"},{"taxonomy":"post_tag","embeddable":true,"href":"https:\/\/www.pogotowieflagowe.pl\/aktualne\/wp-json\/wp\/v2\/tags?post=1815"}],"curies":[{"name":"wp","href":"https:\/\/api.w.org\/{rel}","templated":true}]}}