{"id":1837,"date":"2024-11-16T02:50:28","date_gmt":"2024-11-16T01:50:28","guid":{"rendered":"https:\/\/www.pogotowieflagowe.pl\/aktualne\/polscy-szachisci-gumularz-i-malek-blisko-czolowej-grupy-mistrzostw-europy\/"},"modified":"2024-11-16T02:50:29","modified_gmt":"2024-11-16T01:50:29","slug":"polscy-szachisci-gumularz-i-malek-blisko-czolowej-grupy-mistrzostw-europy","status":"publish","type":"post","link":"https:\/\/www.pogotowieflagowe.pl\/aktualne\/polscy-szachisci-gumularz-i-malek-blisko-czolowej-grupy-mistrzostw-europy\/","title":{"rendered":"Polscy szachi\u015bci Gumularz i Malek blisko czo\u0142owej grupy mistrzostw Europy"},"content":{"rendered":"\n<div class=\"td_block_wrap tdb_single_content tdi_48 td-pb-border-top td_block_template_8 td-post-content tagdiv-type\" data-td-block-uid=\"tdi_48\">\n<style>.tdi_48{margines-g\u00f3rny:0px!important;margin-bottom:0px!important;dope\u0142nienie-g\u00f3ra:0px!important;dope\u0142nienie-d\u00f3\u0142:0px!important}<\/style>\n<style>.tdb_single_content{margin-bottom:0;*zoom:1}.tdb_single_content:before,.tdb_single_content:after{display:table;content:'';line-height:0}.tdb_single_content:after{clear:both}.tdb_single_content .tdb-block-inner>*:not(.wp-block-quote):not(.alignwide):not(.alignfull.wp-block-cover.has-parallax):not(.td-a-ad) {margin-left:auto;margin-right:auto}.tdb_single_content a{pointer-events:auto}.tdb_single_content .td-spot-id-top_ad .tdc-placeholder-title:before{content:'Najlepsza reklama artyku\u0142u'! wa\u017cne}.tdb_single_content .td-spot-id-inline_ad0 .tdc-placeholder-title:before{content:'Article Inline Ad 1'!important}.tdb_single_content .td-spot-id-inline_ad1 .tdc-placeholder-title:before {content:'Reklama wbudowana w artyku\u0142 2'!important}.tdb_single_content .td-spot-id-inline_ad2 .tdc-placeholder-title:before{content:'Reklama wbudowana w artyku\u0142 3'!important}.tdb_single_content .td-spot-id -bottom_ad .tdc-placeholder-title:before{content:'Article Bottom Ad'!important}.tdb_single_content .id_top_ad,.tdb_single_content .id_bottom_ad{clear:both;margin-bottom:21px;text-align:center}.tdb_single_content . id_top_ad img,.tdb_single_content .id_bottom_ad img{margin-bottom:0}.tdb_single_content .id_top_ad .adsbygoogle,.tdb_single_content .id_bottom_ad .adsbygoogle{position:relative}.tdb_single_content .id_ad_content-horiz- po lewej,.tdb_single_content .id_ad_content-horiz-right ,.tdb_single_content .id_ad_content-horiz-center{margin-bottom:15px}.tdb_single_content .id_ad_content-horiz-left img,.tdb_single_content .id_ad_content-horiz-right img,.tdb_single_content .id_ad_content-horiz -center img{margines-dolny: 0}.tdb_single_content .id_ad_content-horiz-center{text-align:center}.tdb_single_content .id_ad_content-horiz-center img{margin-right:auto;margin-left:auto}.tdb_single_content .id_ad_content-horiz-left{float: lewy;margin-g\u00f3rny:9px;margin-prawy:21px}.tdb_single_content .id_ad_content-horiz-right{float:right;margin-top:6px;margin-left:21px}.tdb_single_content .tdc-a-ad .tdc- placeholder-title{width:300px;height:250px}.tdb_single_content .tdc-a-ad .tdc-placeholder-title:before{position:absolute;top:50%;-webkit-transform:translateY(-50%); transform:translateY(-50%);margines:auto;display:table;width:100%}.tdb_single_content .tdb-block-inner.td-fix-index{word-break:break-word}.tdi_48,.tdi_48 >p,.tdi_48 .tdb-block-inner>p{font-size:16px!important;line-height:1.6!important}.tdi_48 .tdb-block-inner blockquote p{font-style:normal!important}@ media (maks. szeroko\u015b\u0107: 767 pikseli){.tdb_single_content .id_ad_content-horiz-left,.tdb_single_content .id_ad_content-horiz-right,.tdb_single_content .id_ad_content-horiz-center{margin:0 auto 26px auto}}@media (maks. szeroko\u015b\u0107 :767px){.tdb_single_content .id_ad_content-horiz-left{margin-right:0}}@media (max-width:767px){.tdb_single_content .id_ad_content-horiz-right{margin-left:0}}@media (max -width:767px){.tdb_single_content .td-a-ad{float:none;text-align:center}.tdb_single_content .td-a-ad img{margin-right:auto;margin-left:auto}.tdb_single_content . tdc-a-ad{float:none}}<\/style>\n<div class=\"tdb-block-inner td-fix-index\">\n<h2 class=\"wp-block-heading\">  Polscy szachi\u015bci Gumularz i Malek blisko prowadzenia po sze\u015bciu rundach Mistrzostw Europy w Petrovacu w Czarnog\u00f3rze.<\/h2>\n<p>Po sze\u015bciu rundach Mistrzostw Europy w Szachach w Petrovacu w Czarnog\u00f3rze tu\u017c za liderami plasuj\u0105 si\u0119 Szymon Gumularz i Jan Malek z dorobkiem po 4,5 punktu, zajmuj\u0105cymi odpowiednio 17. i 36. miejsce. Gumularz, 22-latek zajmuj\u0105cy sz\u00f3ste miejsce w Polsce, szybko zremisowa\u0142 z Raufem Mamedovem, trzecim najlepszym zawodnikiem Azerbejd\u017canu, a obiecuj\u0105cy 16-latek Malek odni\u00f3s\u0142 zaskakuj\u0105ce zwyci\u0119stwo nad Francuzem Laurentem Fressinetem.<\/p>\n<p>W turnieju odbywaj\u0105cym si\u0119 w Hotelu Palas bierze udzia\u0142 388 zawodnik\u00f3w z 42 kraj\u00f3w, w tym 24 z Polski. Zawodnicy walcz\u0105 zar\u00f3wno o medale, jak i miejsca w Pucharze \u015awiata, przyznawane 20 najlepszym. Pula nagr\u00f3d wynosi 100 000 euro, a stawka jest wysoka, poniewa\u017c uczestnicy zbli\u017caj\u0105 si\u0119 do zako\u0144czenia turnieju w przysz\u0142y wtorek.<\/p>\n<p>Polscy gracze mog\u0105 pochwali\u0107 si\u0119 mocnymi wynikami w tych zawodach, a Bart\u0142omiej Macieja, Rados\u0142aw Wojtaszek i inni ju\u017c wcze\u015bniej stawali na podium. Zar\u00f3wno Gumularz, jak i Malek zamierzaj\u0105 p\u00f3j\u015b\u0107 w te \u015blady w Petrovacu.<\/p>\n<\/div>\n<\/div>\n","protected":false},"excerpt":{"rendered":"<p>Polscy szachi\u015bci Gumularz i Malek blisko prowadzenia po sze\u015bciu rundach Mistrzostw Europy w Petrovacu w Czarnog\u00f3rze. Po sze\u015bciu rundach Mistrzostw<\/p>\n","protected":false},"author":1,"featured_media":1838,"comment_status":"closed","ping_status":"","sticky":false,"template":"","format":"standard","meta":{"footnotes":""},"categories":[118],"tags":[399,3007,625,3008,3005,3006,443,177,3004],"class_list":["post-1837","post","type-post","status-publish","format-standard","has-post-thumbnail","hentry","category-lekkoatletyka","tag-blisko","tag-czolowej","tag-europy","tag-grupy","tag-gumularz","tag-malek","tag-mistrzostw","tag-polscy","tag-szachisci","generate-columns","tablet-grid-50","mobile-grid-100","grid-parent","grid-50","resize-featured-image"],"yoast_head":"<!-- This site is optimized with the Yoast SEO plugin v23.2 - https:\/\/yoast.com\/wordpress\/plugins\/seo\/ -->\n<title>Polscy szachi\u015bci Gumularz i Malek blisko czo\u0142owej grupy mistrzostw Europy - POGOTOWIE FLAGOWE\u00ae<\/title>\n<meta name=\"robots\" content=\"index, follow, max-snippet:-1, max-image-preview:large, max-video-preview:-1\" \/>\n<link rel=\"canonical\" href=\"https:\/\/www.pogotowieflagowe.pl\/aktualne\/polscy-szachisci-gumularz-i-malek-blisko-czolowej-grupy-mistrzostw-europy\/\" \/>\n<meta property=\"og:locale\" content=\"pl_PL\" \/>\n<meta property=\"og:type\" content=\"article\" \/>\n<meta property=\"og:title\" content=\"Polscy szachi\u015bci Gumularz i Malek blisko czo\u0142owej grupy mistrzostw Europy - POGOTOWIE FLAGOWE\u00ae\" \/>\n<meta property=\"og:description\" content=\"Polscy szachi\u015bci Gumularz i Malek blisko prowadzenia po sze\u015bciu rundach Mistrzostw Europy w Petrovacu w Czarnog\u00f3rze. Po sze\u015bciu rundach Mistrzostw\" \/>\n<meta property=\"og:url\" content=\"https:\/\/www.pogotowieflagowe.pl\/aktualne\/polscy-szachisci-gumularz-i-malek-blisko-czolowej-grupy-mistrzostw-europy\/\" \/>\n<meta property=\"og:site_name\" content=\"POGOTOWIE FLAGOWE\u00ae\" \/>\n<meta property=\"article:published_time\" content=\"2024-11-16T01:50:28+00:00\" \/>\n<meta property=\"article:modified_time\" content=\"2024-11-16T01:50:29+00:00\" \/>\n<meta property=\"og:image\" content=\"https:\/\/www.pogotowieflagowe.pl\/aktualne\/wp-content\/uploads\/2024\/11\/Polscy-szachisci-Gumularz-i-Malek-blisko-czolowej-grupy-mistrzostw-Europy.jpg\" \/>\n\t<meta property=\"og:image:width\" content=\"1200\" \/>\n\t<meta property=\"og:image:height\" content=\"675\" \/>\n\t<meta property=\"og:image:type\" content=\"image\/jpeg\" \/>\n<meta name=\"author\" content=\"Filip\" \/>\n<meta name=\"twitter:card\" content=\"summary_large_image\" \/>\n<meta name=\"twitter:label1\" content=\"Napisane przez\" \/>\n\t<meta name=\"twitter:data1\" content=\"Filip\" \/>\n\t<meta name=\"twitter:label2\" content=\"Szacowany czas czytania\" \/>\n\t<meta name=\"twitter:data2\" content=\"1 minuta\" \/>\n<script type=\"application\/ld+json\" class=\"yoast-schema-graph\">{\"@context\":\"https:\/\/schema.org\",\"@graph\":[{\"@type\":\"Article\",\"@id\":\"https:\/\/www.pogotowieflagowe.pl\/aktualne\/polscy-szachisci-gumularz-i-malek-blisko-czolowej-grupy-mistrzostw-europy\/#article\",\"isPartOf\":{\"@id\":\"https:\/\/www.pogotowieflagowe.pl\/aktualne\/polscy-szachisci-gumularz-i-malek-blisko-czolowej-grupy-mistrzostw-europy\/\"},\"author\":{\"name\":\"Filip\",\"@id\":\"https:\/\/www.pogotowieflagowe.pl\/aktualne\/#\/schema\/person\/9c2fb7d2362ebf6fa088960d7f0d27b0\"},\"headline\":\"Polscy szachi\u015bci Gumularz i Malek blisko czo\u0142owej grupy mistrzostw Europy\",\"datePublished\":\"2024-11-16T01:50:28+00:00\",\"dateModified\":\"2024-11-16T01:50:29+00:00\",\"mainEntityOfPage\":{\"@id\":\"https:\/\/www.pogotowieflagowe.pl\/aktualne\/polscy-szachisci-gumularz-i-malek-blisko-czolowej-grupy-mistrzostw-europy\/\"},\"wordCount\":191,\"publisher\":{\"@id\":\"https:\/\/www.pogotowieflagowe.pl\/aktualne\/#organization\"},\"image\":{\"@id\":\"https:\/\/www.pogotowieflagowe.pl\/aktualne\/polscy-szachisci-gumularz-i-malek-blisko-czolowej-grupy-mistrzostw-europy\/#primaryimage\"},\"thumbnailUrl\":\"https:\/\/www.pogotowieflagowe.pl\/aktualne\/wp-content\/uploads\/2024\/11\/Polscy-szachisci-Gumularz-i-Malek-blisko-czolowej-grupy-mistrzostw-Europy.jpg\",\"keywords\":[\"blisko\",\"czo\u0142owej\",\"Europy\",\"grupy\",\"Gumularz\",\"Malek\",\"Mistrzostw\",\"Polscy\",\"szachi\u015bci\"],\"articleSection\":[\"Lekkoatletyka\"],\"inLanguage\":\"pl-PL\"},{\"@type\":\"WebPage\",\"@id\":\"https:\/\/www.pogotowieflagowe.pl\/aktualne\/polscy-szachisci-gumularz-i-malek-blisko-czolowej-grupy-mistrzostw-europy\/\",\"url\":\"https:\/\/www.pogotowieflagowe.pl\/aktualne\/polscy-szachisci-gumularz-i-malek-blisko-czolowej-grupy-mistrzostw-europy\/\",\"name\":\"Polscy szachi\u015bci Gumularz i Malek blisko czo\u0142owej grupy mistrzostw Europy - POGOTOWIE FLAGOWE\u00ae\",\"isPartOf\":{\"@id\":\"https:\/\/www.pogotowieflagowe.pl\/aktualne\/#website\"},\"primaryImageOfPage\":{\"@id\":\"https:\/\/www.pogotowieflagowe.pl\/aktualne\/polscy-szachisci-gumularz-i-malek-blisko-czolowej-grupy-mistrzostw-europy\/#primaryimage\"},\"image\":{\"@id\":\"https:\/\/www.pogotowieflagowe.pl\/aktualne\/polscy-szachisci-gumularz-i-malek-blisko-czolowej-grupy-mistrzostw-europy\/#primaryimage\"},\"thumbnailUrl\":\"https:\/\/www.pogotowieflagowe.pl\/aktualne\/wp-content\/uploads\/2024\/11\/Polscy-szachisci-Gumularz-i-Malek-blisko-czolowej-grupy-mistrzostw-Europy.jpg\",\"datePublished\":\"2024-11-16T01:50:28+00:00\",\"dateModified\":\"2024-11-16T01:50:29+00:00\",\"breadcrumb\":{\"@id\":\"https:\/\/www.pogotowieflagowe.pl\/aktualne\/polscy-szachisci-gumularz-i-malek-blisko-czolowej-grupy-mistrzostw-europy\/#breadcrumb\"},\"inLanguage\":\"pl-PL\",\"potentialAction\":[{\"@type\":\"ReadAction\",\"target\":[\"https:\/\/www.pogotowieflagowe.pl\/aktualne\/polscy-szachisci-gumularz-i-malek-blisko-czolowej-grupy-mistrzostw-europy\/\"]}]},{\"@type\":\"ImageObject\",\"inLanguage\":\"pl-PL\",\"@id\":\"https:\/\/www.pogotowieflagowe.pl\/aktualne\/polscy-szachisci-gumularz-i-malek-blisko-czolowej-grupy-mistrzostw-europy\/#primaryimage\",\"url\":\"https:\/\/www.pogotowieflagowe.pl\/aktualne\/wp-content\/uploads\/2024\/11\/Polscy-szachisci-Gumularz-i-Malek-blisko-czolowej-grupy-mistrzostw-Europy.jpg\",\"contentUrl\":\"https:\/\/www.pogotowieflagowe.pl\/aktualne\/wp-content\/uploads\/2024\/11\/Polscy-szachisci-Gumularz-i-Malek-blisko-czolowej-grupy-mistrzostw-Europy.jpg\",\"width\":1200,\"height\":675,\"caption\":\"Polscy szachi\u015bci Gumularz i Malek blisko czo\u0142owej grupy mistrzostw Europy\"},{\"@type\":\"BreadcrumbList\",\"@id\":\"https:\/\/www.pogotowieflagowe.pl\/aktualne\/polscy-szachisci-gumularz-i-malek-blisko-czolowej-grupy-mistrzostw-europy\/#breadcrumb\",\"itemListElement\":[{\"@type\":\"ListItem\",\"position\":1,\"name\":\"Home\",\"item\":\"https:\/\/www.pogotowieflagowe.pl\/aktualne\/\"},{\"@type\":\"ListItem\",\"position\":2,\"name\":\"Polscy szachi\u015bci Gumularz i Malek blisko czo\u0142owej grupy mistrzostw Europy\"}]},{\"@type\":\"WebSite\",\"@id\":\"https:\/\/www.pogotowieflagowe.pl\/aktualne\/#website\",\"url\":\"https:\/\/www.pogotowieflagowe.pl\/aktualne\/\",\"name\":\"POGOTOWIE FLAGOWE\u00ae\",\"description\":\"\",\"publisher\":{\"@id\":\"https:\/\/www.pogotowieflagowe.pl\/aktualne\/#organization\"},\"potentialAction\":[{\"@type\":\"SearchAction\",\"target\":{\"@type\":\"EntryPoint\",\"urlTemplate\":\"https:\/\/www.pogotowieflagowe.pl\/aktualne\/?s={search_term_string}\"},\"query-input\":\"required name=search_term_string\"}],\"inLanguage\":\"pl-PL\"},{\"@type\":\"Organization\",\"@id\":\"https:\/\/www.pogotowieflagowe.pl\/aktualne\/#organization\",\"name\":\"POGOTOWIE FLAGOWE\u00ae\",\"url\":\"https:\/\/www.pogotowieflagowe.pl\/aktualne\/\",\"logo\":{\"@type\":\"ImageObject\",\"inLanguage\":\"pl-PL\",\"@id\":\"https:\/\/www.pogotowieflagowe.pl\/aktualne\/#\/schema\/logo\/image\/\",\"url\":\"https:\/\/www.pogotowieflagowe.pl\/aktualne\/wp-content\/uploads\/2024\/08\/cropped-pogotowieflagowe_flaga_projekt_sm.jpg\",\"contentUrl\":\"https:\/\/www.pogotowieflagowe.pl\/aktualne\/wp-content\/uploads\/2024\/08\/cropped-pogotowieflagowe_flaga_projekt_sm.jpg\",\"width\":250,\"height\":143,\"caption\":\"POGOTOWIE FLAGOWE\u00ae\"},\"image\":{\"@id\":\"https:\/\/www.pogotowieflagowe.pl\/aktualne\/#\/schema\/logo\/image\/\"}},{\"@type\":\"Person\",\"@id\":\"https:\/\/www.pogotowieflagowe.pl\/aktualne\/#\/schema\/person\/9c2fb7d2362ebf6fa088960d7f0d27b0\",\"name\":\"Filip\",\"image\":{\"@type\":\"ImageObject\",\"inLanguage\":\"pl-PL\",\"@id\":\"https:\/\/www.pogotowieflagowe.pl\/aktualne\/#\/schema\/person\/image\/\",\"url\":\"https:\/\/www.pogotowieflagowe.pl\/aktualne\/wp-content\/uploads\/2024\/08\/pogotowieflagowe.pl_.jpg\",\"contentUrl\":\"https:\/\/www.pogotowieflagowe.pl\/aktualne\/wp-content\/uploads\/2024\/08\/pogotowieflagowe.pl_.jpg\",\"caption\":\"Filip\"},\"description\":\"Jestem Filip, polski dziennikarz z dyplomem nauk politycznych Uniwersytetu Warszawskiego. Rozpoczynaj\u0105c swoj\u0105 karier\u0119 w r\u00f3\u017cnych lokalnych mediach, zdoby\u0142em solidne do\u015bwiadczenie w zakresie \u015bledztwa i redakcji. Obecnie jako redaktor w Pogotowie flagowe, staram si\u0119 dostarcza\u0107 dog\u0142\u0119bne i istotne analizy na temat najwa\u017cniejszych kwestii aktualno\u015bci, \u0142\u0105cz\u0105c rygor z pasj\u0105 dziennikarsk\u0105.\",\"sameAs\":[\"https:\/\/www.pogotowieflagowe.pl\/\"]}]}<\/script>\n<!-- \/ Yoast SEO plugin. -->","yoast_head_json":{"title":"Polscy szachi\u015bci Gumularz i Malek blisko czo\u0142owej grupy mistrzostw Europy - POGOTOWIE FLAGOWE\u00ae","robots":{"index":"index","follow":"follow","max-snippet":"max-snippet:-1","max-image-preview":"max-image-preview:large","max-video-preview":"max-video-preview:-1"},"canonical":"https:\/\/www.pogotowieflagowe.pl\/aktualne\/polscy-szachisci-gumularz-i-malek-blisko-czolowej-grupy-mistrzostw-europy\/","og_locale":"pl_PL","og_type":"article","og_title":"Polscy szachi\u015bci Gumularz i Malek blisko czo\u0142owej grupy mistrzostw Europy - POGOTOWIE FLAGOWE\u00ae","og_description":"Polscy szachi\u015bci Gumularz i Malek blisko prowadzenia po sze\u015bciu rundach Mistrzostw Europy w Petrovacu w Czarnog\u00f3rze. Po sze\u015bciu rundach Mistrzostw","og_url":"https:\/\/www.pogotowieflagowe.pl\/aktualne\/polscy-szachisci-gumularz-i-malek-blisko-czolowej-grupy-mistrzostw-europy\/","og_site_name":"POGOTOWIE FLAGOWE\u00ae","article_published_time":"2024-11-16T01:50:28+00:00","article_modified_time":"2024-11-16T01:50:29+00:00","og_image":[{"width":1200,"height":675,"url":"https:\/\/www.pogotowieflagowe.pl\/aktualne\/wp-content\/uploads\/2024\/11\/Polscy-szachisci-Gumularz-i-Malek-blisko-czolowej-grupy-mistrzostw-Europy.jpg","type":"image\/jpeg"}],"author":"Filip","twitter_card":"summary_large_image","twitter_misc":{"Napisane przez":"Filip","Szacowany czas czytania":"1 minuta"},"schema":{"@context":"https:\/\/schema.org","@graph":[{"@type":"Article","@id":"https:\/\/www.pogotowieflagowe.pl\/aktualne\/polscy-szachisci-gumularz-i-malek-blisko-czolowej-grupy-mistrzostw-europy\/#article","isPartOf":{"@id":"https:\/\/www.pogotowieflagowe.pl\/aktualne\/polscy-szachisci-gumularz-i-malek-blisko-czolowej-grupy-mistrzostw-europy\/"},"author":{"name":"Filip","@id":"https:\/\/www.pogotowieflagowe.pl\/aktualne\/#\/schema\/person\/9c2fb7d2362ebf6fa088960d7f0d27b0"},"headline":"Polscy szachi\u015bci Gumularz i Malek blisko czo\u0142owej grupy mistrzostw Europy","datePublished":"2024-11-16T01:50:28+00:00","dateModified":"2024-11-16T01:50:29+00:00","mainEntityOfPage":{"@id":"https:\/\/www.pogotowieflagowe.pl\/aktualne\/polscy-szachisci-gumularz-i-malek-blisko-czolowej-grupy-mistrzostw-europy\/"},"wordCount":191,"publisher":{"@id":"https:\/\/www.pogotowieflagowe.pl\/aktualne\/#organization"},"image":{"@id":"https:\/\/www.pogotowieflagowe.pl\/aktualne\/polscy-szachisci-gumularz-i-malek-blisko-czolowej-grupy-mistrzostw-europy\/#primaryimage"},"thumbnailUrl":"https:\/\/www.pogotowieflagowe.pl\/aktualne\/wp-content\/uploads\/2024\/11\/Polscy-szachisci-Gumularz-i-Malek-blisko-czolowej-grupy-mistrzostw-Europy.jpg","keywords":["blisko","czo\u0142owej","Europy","grupy","Gumularz","Malek","Mistrzostw","Polscy","szachi\u015bci"],"articleSection":["Lekkoatletyka"],"inLanguage":"pl-PL"},{"@type":"WebPage","@id":"https:\/\/www.pogotowieflagowe.pl\/aktualne\/polscy-szachisci-gumularz-i-malek-blisko-czolowej-grupy-mistrzostw-europy\/","url":"https:\/\/www.pogotowieflagowe.pl\/aktualne\/polscy-szachisci-gumularz-i-malek-blisko-czolowej-grupy-mistrzostw-europy\/","name":"Polscy szachi\u015bci Gumularz i Malek blisko czo\u0142owej grupy mistrzostw Europy - POGOTOWIE FLAGOWE\u00ae","isPartOf":{"@id":"https:\/\/www.pogotowieflagowe.pl\/aktualne\/#website"},"primaryImageOfPage":{"@id":"https:\/\/www.pogotowieflagowe.pl\/aktualne\/polscy-szachisci-gumularz-i-malek-blisko-czolowej-grupy-mistrzostw-europy\/#primaryimage"},"image":{"@id":"https:\/\/www.pogotowieflagowe.pl\/aktualne\/polscy-szachisci-gumularz-i-malek-blisko-czolowej-grupy-mistrzostw-europy\/#primaryimage"},"thumbnailUrl":"https:\/\/www.pogotowieflagowe.pl\/aktualne\/wp-content\/uploads\/2024\/11\/Polscy-szachisci-Gumularz-i-Malek-blisko-czolowej-grupy-mistrzostw-Europy.jpg","datePublished":"2024-11-16T01:50:28+00:00","dateModified":"2024-11-16T01:50:29+00:00","breadcrumb":{"@id":"https:\/\/www.pogotowieflagowe.pl\/aktualne\/polscy-szachisci-gumularz-i-malek-blisko-czolowej-grupy-mistrzostw-europy\/#breadcrumb"},"inLanguage":"pl-PL","potentialAction":[{"@type":"ReadAction","target":["https:\/\/www.pogotowieflagowe.pl\/aktualne\/polscy-szachisci-gumularz-i-malek-blisko-czolowej-grupy-mistrzostw-europy\/"]}]},{"@type":"ImageObject","inLanguage":"pl-PL","@id":"https:\/\/www.pogotowieflagowe.pl\/aktualne\/polscy-szachisci-gumularz-i-malek-blisko-czolowej-grupy-mistrzostw-europy\/#primaryimage","url":"https:\/\/www.pogotowieflagowe.pl\/aktualne\/wp-content\/uploads\/2024\/11\/Polscy-szachisci-Gumularz-i-Malek-blisko-czolowej-grupy-mistrzostw-Europy.jpg","contentUrl":"https:\/\/www.pogotowieflagowe.pl\/aktualne\/wp-content\/uploads\/2024\/11\/Polscy-szachisci-Gumularz-i-Malek-blisko-czolowej-grupy-mistrzostw-Europy.jpg","width":1200,"height":675,"caption":"Polscy szachi\u015bci Gumularz i Malek blisko czo\u0142owej grupy mistrzostw Europy"},{"@type":"BreadcrumbList","@id":"https:\/\/www.pogotowieflagowe.pl\/aktualne\/polscy-szachisci-gumularz-i-malek-blisko-czolowej-grupy-mistrzostw-europy\/#breadcrumb","itemListElement":[{"@type":"ListItem","position":1,"name":"Home","item":"https:\/\/www.pogotowieflagowe.pl\/aktualne\/"},{"@type":"ListItem","position":2,"name":"Polscy szachi\u015bci Gumularz i Malek blisko czo\u0142owej grupy mistrzostw Europy"}]},{"@type":"WebSite","@id":"https:\/\/www.pogotowieflagowe.pl\/aktualne\/#website","url":"https:\/\/www.pogotowieflagowe.pl\/aktualne\/","name":"POGOTOWIE FLAGOWE\u00ae","description":"","publisher":{"@id":"https:\/\/www.pogotowieflagowe.pl\/aktualne\/#organization"},"potentialAction":[{"@type":"SearchAction","target":{"@type":"EntryPoint","urlTemplate":"https:\/\/www.pogotowieflagowe.pl\/aktualne\/?s={search_term_string}"},"query-input":"required name=search_term_string"}],"inLanguage":"pl-PL"},{"@type":"Organization","@id":"https:\/\/www.pogotowieflagowe.pl\/aktualne\/#organization","name":"POGOTOWIE FLAGOWE\u00ae","url":"https:\/\/www.pogotowieflagowe.pl\/aktualne\/","logo":{"@type":"ImageObject","inLanguage":"pl-PL","@id":"https:\/\/www.pogotowieflagowe.pl\/aktualne\/#\/schema\/logo\/image\/","url":"https:\/\/www.pogotowieflagowe.pl\/aktualne\/wp-content\/uploads\/2024\/08\/cropped-pogotowieflagowe_flaga_projekt_sm.jpg","contentUrl":"https:\/\/www.pogotowieflagowe.pl\/aktualne\/wp-content\/uploads\/2024\/08\/cropped-pogotowieflagowe_flaga_projekt_sm.jpg","width":250,"height":143,"caption":"POGOTOWIE FLAGOWE\u00ae"},"image":{"@id":"https:\/\/www.pogotowieflagowe.pl\/aktualne\/#\/schema\/logo\/image\/"}},{"@type":"Person","@id":"https:\/\/www.pogotowieflagowe.pl\/aktualne\/#\/schema\/person\/9c2fb7d2362ebf6fa088960d7f0d27b0","name":"Filip","image":{"@type":"ImageObject","inLanguage":"pl-PL","@id":"https:\/\/www.pogotowieflagowe.pl\/aktualne\/#\/schema\/person\/image\/","url":"https:\/\/www.pogotowieflagowe.pl\/aktualne\/wp-content\/uploads\/2024\/08\/pogotowieflagowe.pl_.jpg","contentUrl":"https:\/\/www.pogotowieflagowe.pl\/aktualne\/wp-content\/uploads\/2024\/08\/pogotowieflagowe.pl_.jpg","caption":"Filip"},"description":"Jestem Filip, polski dziennikarz z dyplomem nauk politycznych Uniwersytetu Warszawskiego. Rozpoczynaj\u0105c swoj\u0105 karier\u0119 w r\u00f3\u017cnych lokalnych mediach, zdoby\u0142em solidne do\u015bwiadczenie w zakresie \u015bledztwa i redakcji. Obecnie jako redaktor w Pogotowie flagowe, staram si\u0119 dostarcza\u0107 dog\u0142\u0119bne i istotne analizy na temat najwa\u017cniejszych kwestii aktualno\u015bci, \u0142\u0105cz\u0105c rygor z pasj\u0105 dziennikarsk\u0105.","sameAs":["https:\/\/www.pogotowieflagowe.pl\/"]}]}},"_links":{"self":[{"href":"https:\/\/www.pogotowieflagowe.pl\/aktualne\/wp-json\/wp\/v2\/posts\/1837","targetHints":{"allow":["GET"]}}],"collection":[{"href":"https:\/\/www.pogotowieflagowe.pl\/aktualne\/wp-json\/wp\/v2\/posts"}],"about":[{"href":"https:\/\/www.pogotowieflagowe.pl\/aktualne\/wp-json\/wp\/v2\/types\/post"}],"author":[{"embeddable":true,"href":"https:\/\/www.pogotowieflagowe.pl\/aktualne\/wp-json\/wp\/v2\/users\/1"}],"replies":[{"embeddable":true,"href":"https:\/\/www.pogotowieflagowe.pl\/aktualne\/wp-json\/wp\/v2\/comments?post=1837"}],"version-history":[{"count":1,"href":"https:\/\/www.pogotowieflagowe.pl\/aktualne\/wp-json\/wp\/v2\/posts\/1837\/revisions"}],"predecessor-version":[{"id":1839,"href":"https:\/\/www.pogotowieflagowe.pl\/aktualne\/wp-json\/wp\/v2\/posts\/1837\/revisions\/1839"}],"wp:featuredmedia":[{"embeddable":true,"href":"https:\/\/www.pogotowieflagowe.pl\/aktualne\/wp-json\/wp\/v2\/media\/1838"}],"wp:attachment":[{"href":"https:\/\/www.pogotowieflagowe.pl\/aktualne\/wp-json\/wp\/v2\/media?parent=1837"}],"wp:term":[{"taxonomy":"category","embeddable":true,"href":"https:\/\/www.pogotowieflagowe.pl\/aktualne\/wp-json\/wp\/v2\/categories?post=1837"},{"taxonomy":"post_tag","embeddable":true,"href":"https:\/\/www.pogotowieflagowe.pl\/aktualne\/wp-json\/wp\/v2\/tags?post=1837"}],"curies":[{"name":"wp","href":"https:\/\/api.w.org\/{rel}","templated":true}]}}