{"id":1843,"date":"2024-11-16T06:48:07","date_gmt":"2024-11-16T05:48:07","guid":{"rendered":"https:\/\/www.pogotowieflagowe.pl\/aktualne\/raport-o-wynikach-orlenu-obajtek-krytykuje-ciagle-buldozerowanie\/"},"modified":"2024-11-16T06:48:09","modified_gmt":"2024-11-16T05:48:09","slug":"raport-o-wynikach-orlenu-obajtek-krytykuje-ciagle-buldozerowanie","status":"publish","type":"post","link":"https:\/\/www.pogotowieflagowe.pl\/aktualne\/raport-o-wynikach-orlenu-obajtek-krytykuje-ciagle-buldozerowanie\/","title":{"rendered":"Raport o wynikach Orlenu: Obajtek krytykuje \u201eci\u0105g\u0142e buldo\u017cerowanie\u201d"},"content":{"rendered":"\n<div class=\"td_block_wrap tdb_single_content tdi_48 td-pb-border-top td_block_template_8 td-post-content tagdiv-type\" data-td-block-uid=\"tdi_48\">\n<style>.tdi_48{margines-g\u00f3rny:0px!important;margin-bottom:0px!important;dope\u0142nienie-g\u00f3ra:0px!important;dope\u0142nienie-d\u00f3\u0142:0px!important}<\/style>\n<style>.tdb_single_content{margin-bottom:0;*zoom:1}.tdb_single_content:before,.tdb_single_content:after{display:table;content:'';line-height:0}.tdb_single_content:after{clear:both}.tdb_single_content .tdb-block-inner>*:not(.wp-block-quote):not(.alignwide):not(.alignfull.wp-block-cover.has-parallax):not(.td-a-ad) {margin-left:auto;margin-right:auto}.tdb_single_content a{pointer-events:auto}.tdb_single_content .td-spot-id-top_ad .tdc-placeholder-title:before{content:'Najlepsza reklama artyku\u0142u'! wa\u017cne}.tdb_single_content .td-spot-id-inline_ad0 .tdc-placeholder-title:before{content:'Article Inline Ad 1'!important}.tdb_single_content .td-spot-id-inline_ad1 .tdc-placeholder-title:before {content:'Reklama wbudowana w artyku\u0142 2'!important}.tdb_single_content .td-spot-id-inline_ad2 .tdc-placeholder-title:before{content:'Reklama wbudowana w artyku\u0142 3'!important}.tdb_single_content .td-spot-id -bottom_ad .tdc-placeholder-title:before{content:'Article Bottom Ad'!important}.tdb_single_content .id_top_ad,.tdb_single_content .id_bottom_ad{clear:both;margin-bottom:21px;text-align:center}.tdb_single_content . id_top_ad img,.tdb_single_content .id_bottom_ad img{margin-bottom:0}.tdb_single_content .id_top_ad .adsbygoogle,.tdb_single_content .id_bottom_ad .adsbygoogle{position:relative}.tdb_single_content .id_ad_content-horiz- po lewej,.tdb_single_content .id_ad_content-horiz-right ,.tdb_single_content .id_ad_content-horiz-center{margin-bottom:15px}.tdb_single_content .id_ad_content-horiz-left img,.tdb_single_content .id_ad_content-horiz-right img,.tdb_single_content .id_ad_content-horiz -center img{margines-dolny: 0}.tdb_single_content .id_ad_content-horiz-center{text-align:center}.tdb_single_content .id_ad_content-horiz-center img{margin-right:auto;margin-left:auto}.tdb_single_content .id_ad_content-horiz-left{float: lewy;margin-g\u00f3rny:9px;margin-prawy:21px}.tdb_single_content .id_ad_content-horiz-right{float:right;margin-top:6px;margin-left:21px}.tdb_single_content .tdc-a-ad .tdc- placeholder-title{width:300px;height:250px}.tdb_single_content .tdc-a-ad .tdc-placeholder-title:before{position:absolute;top:50%;-webkit-transform:translateY(-50%); transform:translateY(-50%);margines:auto;display:table;width:100%}.tdb_single_content .tdb-block-inner.td-fix-index{word-break:break-word}.tdi_48,.tdi_48 >p,.tdi_48 .tdb-block-inner>p{font-size:16px!important;line-height:1.6!important}.tdi_48 .tdb-block-inner blockquote p{font-style:normal!important}@ media (maks. szeroko\u015b\u0107: 767 pikseli){.tdb_single_content .id_ad_content-horiz-left,.tdb_single_content .id_ad_content-horiz-right,.tdb_single_content .id_ad_content-horiz-center{margin:0 auto 26px auto}}@media (maks. szeroko\u015b\u0107 :767px){.tdb_single_content .id_ad_content-horiz-left{margin-right:0}}@media (max-width:767px){.tdb_single_content .id_ad_content-horiz-right{margin-left:0}}@media (max -width:767px){.tdb_single_content .td-a-ad{float:none;text-align:center}.tdb_single_content .td-a-ad img{margin-right:auto;margin-left:auto}.tdb_single_content . tdc-a-ad{float:none}}<\/style>\n<div class=\"tdb-block-inner td-fix-index\">\n<p>Zysk netto Grupy Orlen za pierwsze trzy kwarta\u0142y tego roku wyni\u00f3s\u0142 ponad 3,01 mld z\u0142, co oznacza spadek o ponad 17,03 mld z\u0142 w por\u00f3wnaniu do analogicznego okresu roku ubieg\u0142ego \u2013 wynika z komunikatu gie\u0142dowego sp\u00f3\u0142ki. By\u0142y dyrektor generalny Daniel Obajtek skomentowa\u0142: \u201eBuldo\u017cer Orlenu trwa z pe\u0142n\u0105 moc\u0105\u201d.<\/p>\n<p>W swoim skonsolidowanym raporcie Orlen poda\u0142: \u201ePo uwzgl\u0119dnieniu podatku dochodowego w wysoko\u015bci 4,561 mld z\u0142 zysk netto Grupy Orlen za dziewi\u0119\u0107 miesi\u0119cy 2024 roku wyni\u00f3s\u0142 3,012 mld z\u0142, co oznacza spadek o 17,034 mld z\u0142 rok do roku\u201d.<\/p>\n<p>Przychody ze sprzeda\u017cy Orlenu za trzeci kwarta\u0142 wynios\u0142y 67,936 mld z\u0142, co oznacza spadek o 11,521 mld z\u0142 rok do roku. Sp\u00f3\u0142ka zauwa\u017cy\u0142a, \u017ce \u200b\u200bni\u017csze przychody ze sprzeda\u017cy dotkn\u0119\u0142y segmenty rafineryjny, energetyczny i gazowy, ale zosta\u0142y \u201ecz\u0119\u015bciowo skompensowane\u201d wzrostem przychod\u00f3w w petrochemii, handlu detalicznym i wydobyciu.<\/p>\n<p>Odnosz\u0105c si\u0119 do rachunku zysk\u00f3w i strat za trzeci kwarta\u0142, Orlen wyliczy\u0142, \u017ce \u201epo uwzgl\u0119dnieniu obci\u0105\u017ce\u0144 podatkowych w wysoko\u015bci 1,787 mld z\u0142 wynik netto Grupy wyni\u00f3s\u0142 188 mln z\u0142, co oznacza spadek rok do roku o 4,368 mld z\u0142\u201d.<\/p>\n<p>W komunikacie prasowym sp\u00f3\u0142ki wskazano tak\u017ce, \u017ce Orlen zamkn\u0105\u0142 trzeci kwarta\u0142 \u201ebardzo dobrym zyskiem operacyjnym EBITDA LIFO\u201d pomimo trudnego otoczenia makroekonomicznego, w tym spadku mar\u017c rafineryjnych o 65% rok do roku.<\/p>\n<p>\u201eW ubieg\u0142ych latach nadzwyczajne zyski by\u0142y cz\u0119\u015bciowo spowodowane wojn\u0105. To ju\u017c min\u0119\u0142o i wracamy do normalno\u015bci, do czas\u00f3w przedwojennych\u201d \u2013 powiedzia\u0142 podczas konferencji prasowej prezes Orlenu Ireneusz F\u0105fara.<\/p>\n<h2 class=\"wp-block-heading\">Krytyka Obajtka: \u201eKolejna nocna konferencja prasowa?\u201d<\/h2>\n<p>By\u0142y prezes Orlenu Daniel Obajtek zauwa\u017cy\u0142 w mediach spo\u0142eczno\u015bciowych, \u017ce przychody, zyski i inwestycje w III kwartale spad\u0142y w por\u00f3wnaniu z ubieg\u0142ym rokiem, przy ni\u017cszym zysku netto za pierwsze dziewi\u0119\u0107 miesi\u0119cy tego roku.<\/p>\n<p>\u201eJedynym obszarem, w kt\u00f3rym wyniki uleg\u0142y podwojeniu, jest handel detaliczny, co pokazuje ci\u0105g\u0142\u0105 eksploatacj\u0119 polskich konsument\u00f3w! Nic dziwnego, \u017ce wieczorem organizuj\u0105 konferencj\u0119 dotycz\u0105c\u0105 zysk\u00f3w, maj\u0105c nadziej\u0119, \u017ce temat szybko ucichnie. Ju\u017c nied\u0142ugo, przy tak fatalnych skutkach, pewnie ze wstydu j\u0105 przetrzymaj\u0105 o 23:00\u2026\u201d Obajtek napisa\u0142 w mediach spo\u0142eczno\u015bciowych.<\/p>\n<p>Doda\u0142, \u017ce jedynym osi\u0105gni\u0119ciem obecnego kierownictwa Orlenu, jakim mog\u0105 si\u0119 \u201epochwali\u0107\u201d, s\u0105 inwestycje w projekty takie jak Baltic Power. Decyzja, kt\u00f3r\u0105 jego zdaniem zainicjowano, sfinansowano i zaplanowano podczas jego kadencji.<\/p>\n<h2 class=\"wp-block-heading\">Zysk z odmro\u017cenia cen?<\/h2>\n<p>Na platformie X Orlen pr\u00f3bowa\u0142 \u201eobali\u0107 mity na temat zysku netto\u201d, argumentuj\u0105c symulacj\u0105, \u017ce zysk w 2024 r. by\u0142by wy\u017cszy ni\u017c zysk w 2023 r., gdyby \u201enie liczy\u0142y si\u0119 efekty ksi\u0119gowe, dotacje rz\u0105dowe i straty wynikaj\u0105ce z b\u0142\u0119d\u00f3w w zarz\u0105dzaniu w przesz\u0142o\u015bci\u201d. Grafika sugerowa\u0142a, \u017ce \u200b\u200bg\u0142\u00f3wnym czynnikiem wp\u0142ywaj\u0105cym na zysk Orlenu w 2024 roku b\u0119dzie 10 miliardowy zysk z odmro\u017cenia cen energii.<\/p>\n<\/div>\n<\/div>\n","protected":false},"excerpt":{"rendered":"<p>Zysk netto Grupy Orlen za pierwsze trzy kwarta\u0142y tego roku wyni\u00f3s\u0142 ponad 3,01 mld z\u0142, co oznacza spadek o ponad<\/p>\n","protected":false},"author":1,"featured_media":1844,"comment_status":"closed","ping_status":"","sticky":false,"template":"","format":"standard","meta":{"footnotes":""},"categories":[44],"tags":[3016,3015,596,1174,332,1812,3014],"class_list":["post-1843","post","type-post","status-publish","format-standard","has-post-thumbnail","hentry","category-polityka","tag-buldozerowanie","tag-ciagle","tag-krytykuje","tag-obajtek","tag-orlenu","tag-raport","tag-wynikach","generate-columns","tablet-grid-50","mobile-grid-100","grid-parent","grid-50","resize-featured-image"],"yoast_head":"<!-- This site is optimized with the Yoast SEO plugin v23.2 - https:\/\/yoast.com\/wordpress\/plugins\/seo\/ -->\n<title>Raport o wynikach Orlenu: Obajtek krytykuje \u201eci\u0105g\u0142e buldo\u017cerowanie\u201d - POGOTOWIE FLAGOWE\u00ae<\/title>\n<meta name=\"robots\" content=\"index, follow, max-snippet:-1, max-image-preview:large, max-video-preview:-1\" \/>\n<link rel=\"canonical\" href=\"https:\/\/www.pogotowieflagowe.pl\/aktualne\/raport-o-wynikach-orlenu-obajtek-krytykuje-ciagle-buldozerowanie\/\" \/>\n<meta property=\"og:locale\" content=\"pl_PL\" \/>\n<meta property=\"og:type\" content=\"article\" \/>\n<meta property=\"og:title\" content=\"Raport o wynikach Orlenu: Obajtek krytykuje \u201eci\u0105g\u0142e buldo\u017cerowanie\u201d - POGOTOWIE FLAGOWE\u00ae\" \/>\n<meta property=\"og:description\" content=\"Zysk netto Grupy Orlen za pierwsze trzy kwarta\u0142y tego roku wyni\u00f3s\u0142 ponad 3,01 mld z\u0142, co oznacza spadek o ponad\" \/>\n<meta property=\"og:url\" content=\"https:\/\/www.pogotowieflagowe.pl\/aktualne\/raport-o-wynikach-orlenu-obajtek-krytykuje-ciagle-buldozerowanie\/\" \/>\n<meta property=\"og:site_name\" content=\"POGOTOWIE FLAGOWE\u00ae\" \/>\n<meta property=\"article:published_time\" content=\"2024-11-16T05:48:07+00:00\" \/>\n<meta property=\"article:modified_time\" content=\"2024-11-16T05:48:09+00:00\" \/>\n<meta property=\"og:image\" content=\"https:\/\/www.pogotowieflagowe.pl\/aktualne\/wp-content\/uploads\/2024\/11\/Raport-o-wynikach-Orlenu-Obajtek-krytykuje-\u201eciagle-buldozerowanie.jpg\" \/>\n\t<meta property=\"og:image:width\" content=\"1328\" \/>\n\t<meta property=\"og:image:height\" content=\"753\" \/>\n\t<meta property=\"og:image:type\" content=\"image\/jpeg\" \/>\n<meta name=\"author\" content=\"Filip\" \/>\n<meta name=\"twitter:card\" content=\"summary_large_image\" \/>\n<meta name=\"twitter:label1\" content=\"Napisane przez\" \/>\n\t<meta name=\"twitter:data1\" content=\"Filip\" \/>\n\t<meta name=\"twitter:label2\" content=\"Szacowany czas czytania\" \/>\n\t<meta name=\"twitter:data2\" content=\"2 minuty\" \/>\n<script type=\"application\/ld+json\" class=\"yoast-schema-graph\">{\"@context\":\"https:\/\/schema.org\",\"@graph\":[{\"@type\":\"Article\",\"@id\":\"https:\/\/www.pogotowieflagowe.pl\/aktualne\/raport-o-wynikach-orlenu-obajtek-krytykuje-ciagle-buldozerowanie\/#article\",\"isPartOf\":{\"@id\":\"https:\/\/www.pogotowieflagowe.pl\/aktualne\/raport-o-wynikach-orlenu-obajtek-krytykuje-ciagle-buldozerowanie\/\"},\"author\":{\"name\":\"Filip\",\"@id\":\"https:\/\/www.pogotowieflagowe.pl\/aktualne\/#\/schema\/person\/9c2fb7d2362ebf6fa088960d7f0d27b0\"},\"headline\":\"Raport o wynikach Orlenu: Obajtek krytykuje \u201eci\u0105g\u0142e buldo\u017cerowanie\u201d\",\"datePublished\":\"2024-11-16T05:48:07+00:00\",\"dateModified\":\"2024-11-16T05:48:09+00:00\",\"mainEntityOfPage\":{\"@id\":\"https:\/\/www.pogotowieflagowe.pl\/aktualne\/raport-o-wynikach-orlenu-obajtek-krytykuje-ciagle-buldozerowanie\/\"},\"wordCount\":486,\"publisher\":{\"@id\":\"https:\/\/www.pogotowieflagowe.pl\/aktualne\/#organization\"},\"image\":{\"@id\":\"https:\/\/www.pogotowieflagowe.pl\/aktualne\/raport-o-wynikach-orlenu-obajtek-krytykuje-ciagle-buldozerowanie\/#primaryimage\"},\"thumbnailUrl\":\"https:\/\/www.pogotowieflagowe.pl\/aktualne\/wp-content\/uploads\/2024\/11\/Raport-o-wynikach-Orlenu-Obajtek-krytykuje-\u201eciagle-buldozerowanie.jpg\",\"keywords\":[\"buldo\u017cerowanie\",\"ci\u0105g\u0142e\",\"krytykuje\",\"Obajtek\",\"Orlenu\",\"raport\",\"wynikach\"],\"articleSection\":[\"Polityka\"],\"inLanguage\":\"pl-PL\"},{\"@type\":\"WebPage\",\"@id\":\"https:\/\/www.pogotowieflagowe.pl\/aktualne\/raport-o-wynikach-orlenu-obajtek-krytykuje-ciagle-buldozerowanie\/\",\"url\":\"https:\/\/www.pogotowieflagowe.pl\/aktualne\/raport-o-wynikach-orlenu-obajtek-krytykuje-ciagle-buldozerowanie\/\",\"name\":\"Raport o wynikach Orlenu: Obajtek krytykuje \u201eci\u0105g\u0142e buldo\u017cerowanie\u201d - POGOTOWIE FLAGOWE\u00ae\",\"isPartOf\":{\"@id\":\"https:\/\/www.pogotowieflagowe.pl\/aktualne\/#website\"},\"primaryImageOfPage\":{\"@id\":\"https:\/\/www.pogotowieflagowe.pl\/aktualne\/raport-o-wynikach-orlenu-obajtek-krytykuje-ciagle-buldozerowanie\/#primaryimage\"},\"image\":{\"@id\":\"https:\/\/www.pogotowieflagowe.pl\/aktualne\/raport-o-wynikach-orlenu-obajtek-krytykuje-ciagle-buldozerowanie\/#primaryimage\"},\"thumbnailUrl\":\"https:\/\/www.pogotowieflagowe.pl\/aktualne\/wp-content\/uploads\/2024\/11\/Raport-o-wynikach-Orlenu-Obajtek-krytykuje-\u201eciagle-buldozerowanie.jpg\",\"datePublished\":\"2024-11-16T05:48:07+00:00\",\"dateModified\":\"2024-11-16T05:48:09+00:00\",\"breadcrumb\":{\"@id\":\"https:\/\/www.pogotowieflagowe.pl\/aktualne\/raport-o-wynikach-orlenu-obajtek-krytykuje-ciagle-buldozerowanie\/#breadcrumb\"},\"inLanguage\":\"pl-PL\",\"potentialAction\":[{\"@type\":\"ReadAction\",\"target\":[\"https:\/\/www.pogotowieflagowe.pl\/aktualne\/raport-o-wynikach-orlenu-obajtek-krytykuje-ciagle-buldozerowanie\/\"]}]},{\"@type\":\"ImageObject\",\"inLanguage\":\"pl-PL\",\"@id\":\"https:\/\/www.pogotowieflagowe.pl\/aktualne\/raport-o-wynikach-orlenu-obajtek-krytykuje-ciagle-buldozerowanie\/#primaryimage\",\"url\":\"https:\/\/www.pogotowieflagowe.pl\/aktualne\/wp-content\/uploads\/2024\/11\/Raport-o-wynikach-Orlenu-Obajtek-krytykuje-\u201eciagle-buldozerowanie.jpg\",\"contentUrl\":\"https:\/\/www.pogotowieflagowe.pl\/aktualne\/wp-content\/uploads\/2024\/11\/Raport-o-wynikach-Orlenu-Obajtek-krytykuje-\u201eciagle-buldozerowanie.jpg\",\"width\":1328,\"height\":753,\"caption\":\"Raport o wynikach Orlenu: Obajtek krytykuje \u201eci\u0105g\u0142e buldo\u017cerowanie\u201d\"},{\"@type\":\"BreadcrumbList\",\"@id\":\"https:\/\/www.pogotowieflagowe.pl\/aktualne\/raport-o-wynikach-orlenu-obajtek-krytykuje-ciagle-buldozerowanie\/#breadcrumb\",\"itemListElement\":[{\"@type\":\"ListItem\",\"position\":1,\"name\":\"Home\",\"item\":\"https:\/\/www.pogotowieflagowe.pl\/aktualne\/\"},{\"@type\":\"ListItem\",\"position\":2,\"name\":\"Raport o wynikach Orlenu: Obajtek krytykuje \u201eci\u0105g\u0142e buldo\u017cerowanie\u201d\"}]},{\"@type\":\"WebSite\",\"@id\":\"https:\/\/www.pogotowieflagowe.pl\/aktualne\/#website\",\"url\":\"https:\/\/www.pogotowieflagowe.pl\/aktualne\/\",\"name\":\"POGOTOWIE FLAGOWE\u00ae\",\"description\":\"\",\"publisher\":{\"@id\":\"https:\/\/www.pogotowieflagowe.pl\/aktualne\/#organization\"},\"potentialAction\":[{\"@type\":\"SearchAction\",\"target\":{\"@type\":\"EntryPoint\",\"urlTemplate\":\"https:\/\/www.pogotowieflagowe.pl\/aktualne\/?s={search_term_string}\"},\"query-input\":\"required name=search_term_string\"}],\"inLanguage\":\"pl-PL\"},{\"@type\":\"Organization\",\"@id\":\"https:\/\/www.pogotowieflagowe.pl\/aktualne\/#organization\",\"name\":\"POGOTOWIE FLAGOWE\u00ae\",\"url\":\"https:\/\/www.pogotowieflagowe.pl\/aktualne\/\",\"logo\":{\"@type\":\"ImageObject\",\"inLanguage\":\"pl-PL\",\"@id\":\"https:\/\/www.pogotowieflagowe.pl\/aktualne\/#\/schema\/logo\/image\/\",\"url\":\"https:\/\/www.pogotowieflagowe.pl\/aktualne\/wp-content\/uploads\/2024\/08\/cropped-pogotowieflagowe_flaga_projekt_sm.jpg\",\"contentUrl\":\"https:\/\/www.pogotowieflagowe.pl\/aktualne\/wp-content\/uploads\/2024\/08\/cropped-pogotowieflagowe_flaga_projekt_sm.jpg\",\"width\":250,\"height\":143,\"caption\":\"POGOTOWIE FLAGOWE\u00ae\"},\"image\":{\"@id\":\"https:\/\/www.pogotowieflagowe.pl\/aktualne\/#\/schema\/logo\/image\/\"}},{\"@type\":\"Person\",\"@id\":\"https:\/\/www.pogotowieflagowe.pl\/aktualne\/#\/schema\/person\/9c2fb7d2362ebf6fa088960d7f0d27b0\",\"name\":\"Filip\",\"image\":{\"@type\":\"ImageObject\",\"inLanguage\":\"pl-PL\",\"@id\":\"https:\/\/www.pogotowieflagowe.pl\/aktualne\/#\/schema\/person\/image\/\",\"url\":\"https:\/\/www.pogotowieflagowe.pl\/aktualne\/wp-content\/uploads\/2024\/08\/pogotowieflagowe.pl_.jpg\",\"contentUrl\":\"https:\/\/www.pogotowieflagowe.pl\/aktualne\/wp-content\/uploads\/2024\/08\/pogotowieflagowe.pl_.jpg\",\"caption\":\"Filip\"},\"description\":\"Jestem Filip, polski dziennikarz z dyplomem nauk politycznych Uniwersytetu Warszawskiego. Rozpoczynaj\u0105c swoj\u0105 karier\u0119 w r\u00f3\u017cnych lokalnych mediach, zdoby\u0142em solidne do\u015bwiadczenie w zakresie \u015bledztwa i redakcji. Obecnie jako redaktor w Pogotowie flagowe, staram si\u0119 dostarcza\u0107 dog\u0142\u0119bne i istotne analizy na temat najwa\u017cniejszych kwestii aktualno\u015bci, \u0142\u0105cz\u0105c rygor z pasj\u0105 dziennikarsk\u0105.\",\"sameAs\":[\"https:\/\/www.pogotowieflagowe.pl\/\"]}]}<\/script>\n<!-- \/ Yoast SEO plugin. -->","yoast_head_json":{"title":"Raport o wynikach Orlenu: Obajtek krytykuje \u201eci\u0105g\u0142e buldo\u017cerowanie\u201d - POGOTOWIE FLAGOWE\u00ae","robots":{"index":"index","follow":"follow","max-snippet":"max-snippet:-1","max-image-preview":"max-image-preview:large","max-video-preview":"max-video-preview:-1"},"canonical":"https:\/\/www.pogotowieflagowe.pl\/aktualne\/raport-o-wynikach-orlenu-obajtek-krytykuje-ciagle-buldozerowanie\/","og_locale":"pl_PL","og_type":"article","og_title":"Raport o wynikach Orlenu: Obajtek krytykuje \u201eci\u0105g\u0142e buldo\u017cerowanie\u201d - POGOTOWIE FLAGOWE\u00ae","og_description":"Zysk netto Grupy Orlen za pierwsze trzy kwarta\u0142y tego roku wyni\u00f3s\u0142 ponad 3,01 mld z\u0142, co oznacza spadek o ponad","og_url":"https:\/\/www.pogotowieflagowe.pl\/aktualne\/raport-o-wynikach-orlenu-obajtek-krytykuje-ciagle-buldozerowanie\/","og_site_name":"POGOTOWIE FLAGOWE\u00ae","article_published_time":"2024-11-16T05:48:07+00:00","article_modified_time":"2024-11-16T05:48:09+00:00","og_image":[{"width":1328,"height":753,"url":"https:\/\/www.pogotowieflagowe.pl\/aktualne\/wp-content\/uploads\/2024\/11\/Raport-o-wynikach-Orlenu-Obajtek-krytykuje-\u201eciagle-buldozerowanie.jpg","type":"image\/jpeg"}],"author":"Filip","twitter_card":"summary_large_image","twitter_misc":{"Napisane przez":"Filip","Szacowany czas czytania":"2 minuty"},"schema":{"@context":"https:\/\/schema.org","@graph":[{"@type":"Article","@id":"https:\/\/www.pogotowieflagowe.pl\/aktualne\/raport-o-wynikach-orlenu-obajtek-krytykuje-ciagle-buldozerowanie\/#article","isPartOf":{"@id":"https:\/\/www.pogotowieflagowe.pl\/aktualne\/raport-o-wynikach-orlenu-obajtek-krytykuje-ciagle-buldozerowanie\/"},"author":{"name":"Filip","@id":"https:\/\/www.pogotowieflagowe.pl\/aktualne\/#\/schema\/person\/9c2fb7d2362ebf6fa088960d7f0d27b0"},"headline":"Raport o wynikach Orlenu: Obajtek krytykuje \u201eci\u0105g\u0142e buldo\u017cerowanie\u201d","datePublished":"2024-11-16T05:48:07+00:00","dateModified":"2024-11-16T05:48:09+00:00","mainEntityOfPage":{"@id":"https:\/\/www.pogotowieflagowe.pl\/aktualne\/raport-o-wynikach-orlenu-obajtek-krytykuje-ciagle-buldozerowanie\/"},"wordCount":486,"publisher":{"@id":"https:\/\/www.pogotowieflagowe.pl\/aktualne\/#organization"},"image":{"@id":"https:\/\/www.pogotowieflagowe.pl\/aktualne\/raport-o-wynikach-orlenu-obajtek-krytykuje-ciagle-buldozerowanie\/#primaryimage"},"thumbnailUrl":"https:\/\/www.pogotowieflagowe.pl\/aktualne\/wp-content\/uploads\/2024\/11\/Raport-o-wynikach-Orlenu-Obajtek-krytykuje-\u201eciagle-buldozerowanie.jpg","keywords":["buldo\u017cerowanie","ci\u0105g\u0142e","krytykuje","Obajtek","Orlenu","raport","wynikach"],"articleSection":["Polityka"],"inLanguage":"pl-PL"},{"@type":"WebPage","@id":"https:\/\/www.pogotowieflagowe.pl\/aktualne\/raport-o-wynikach-orlenu-obajtek-krytykuje-ciagle-buldozerowanie\/","url":"https:\/\/www.pogotowieflagowe.pl\/aktualne\/raport-o-wynikach-orlenu-obajtek-krytykuje-ciagle-buldozerowanie\/","name":"Raport o wynikach Orlenu: Obajtek krytykuje \u201eci\u0105g\u0142e buldo\u017cerowanie\u201d - POGOTOWIE FLAGOWE\u00ae","isPartOf":{"@id":"https:\/\/www.pogotowieflagowe.pl\/aktualne\/#website"},"primaryImageOfPage":{"@id":"https:\/\/www.pogotowieflagowe.pl\/aktualne\/raport-o-wynikach-orlenu-obajtek-krytykuje-ciagle-buldozerowanie\/#primaryimage"},"image":{"@id":"https:\/\/www.pogotowieflagowe.pl\/aktualne\/raport-o-wynikach-orlenu-obajtek-krytykuje-ciagle-buldozerowanie\/#primaryimage"},"thumbnailUrl":"https:\/\/www.pogotowieflagowe.pl\/aktualne\/wp-content\/uploads\/2024\/11\/Raport-o-wynikach-Orlenu-Obajtek-krytykuje-\u201eciagle-buldozerowanie.jpg","datePublished":"2024-11-16T05:48:07+00:00","dateModified":"2024-11-16T05:48:09+00:00","breadcrumb":{"@id":"https:\/\/www.pogotowieflagowe.pl\/aktualne\/raport-o-wynikach-orlenu-obajtek-krytykuje-ciagle-buldozerowanie\/#breadcrumb"},"inLanguage":"pl-PL","potentialAction":[{"@type":"ReadAction","target":["https:\/\/www.pogotowieflagowe.pl\/aktualne\/raport-o-wynikach-orlenu-obajtek-krytykuje-ciagle-buldozerowanie\/"]}]},{"@type":"ImageObject","inLanguage":"pl-PL","@id":"https:\/\/www.pogotowieflagowe.pl\/aktualne\/raport-o-wynikach-orlenu-obajtek-krytykuje-ciagle-buldozerowanie\/#primaryimage","url":"https:\/\/www.pogotowieflagowe.pl\/aktualne\/wp-content\/uploads\/2024\/11\/Raport-o-wynikach-Orlenu-Obajtek-krytykuje-\u201eciagle-buldozerowanie.jpg","contentUrl":"https:\/\/www.pogotowieflagowe.pl\/aktualne\/wp-content\/uploads\/2024\/11\/Raport-o-wynikach-Orlenu-Obajtek-krytykuje-\u201eciagle-buldozerowanie.jpg","width":1328,"height":753,"caption":"Raport o wynikach Orlenu: Obajtek krytykuje \u201eci\u0105g\u0142e buldo\u017cerowanie\u201d"},{"@type":"BreadcrumbList","@id":"https:\/\/www.pogotowieflagowe.pl\/aktualne\/raport-o-wynikach-orlenu-obajtek-krytykuje-ciagle-buldozerowanie\/#breadcrumb","itemListElement":[{"@type":"ListItem","position":1,"name":"Home","item":"https:\/\/www.pogotowieflagowe.pl\/aktualne\/"},{"@type":"ListItem","position":2,"name":"Raport o wynikach Orlenu: Obajtek krytykuje \u201eci\u0105g\u0142e buldo\u017cerowanie\u201d"}]},{"@type":"WebSite","@id":"https:\/\/www.pogotowieflagowe.pl\/aktualne\/#website","url":"https:\/\/www.pogotowieflagowe.pl\/aktualne\/","name":"POGOTOWIE FLAGOWE\u00ae","description":"","publisher":{"@id":"https:\/\/www.pogotowieflagowe.pl\/aktualne\/#organization"},"potentialAction":[{"@type":"SearchAction","target":{"@type":"EntryPoint","urlTemplate":"https:\/\/www.pogotowieflagowe.pl\/aktualne\/?s={search_term_string}"},"query-input":"required name=search_term_string"}],"inLanguage":"pl-PL"},{"@type":"Organization","@id":"https:\/\/www.pogotowieflagowe.pl\/aktualne\/#organization","name":"POGOTOWIE FLAGOWE\u00ae","url":"https:\/\/www.pogotowieflagowe.pl\/aktualne\/","logo":{"@type":"ImageObject","inLanguage":"pl-PL","@id":"https:\/\/www.pogotowieflagowe.pl\/aktualne\/#\/schema\/logo\/image\/","url":"https:\/\/www.pogotowieflagowe.pl\/aktualne\/wp-content\/uploads\/2024\/08\/cropped-pogotowieflagowe_flaga_projekt_sm.jpg","contentUrl":"https:\/\/www.pogotowieflagowe.pl\/aktualne\/wp-content\/uploads\/2024\/08\/cropped-pogotowieflagowe_flaga_projekt_sm.jpg","width":250,"height":143,"caption":"POGOTOWIE FLAGOWE\u00ae"},"image":{"@id":"https:\/\/www.pogotowieflagowe.pl\/aktualne\/#\/schema\/logo\/image\/"}},{"@type":"Person","@id":"https:\/\/www.pogotowieflagowe.pl\/aktualne\/#\/schema\/person\/9c2fb7d2362ebf6fa088960d7f0d27b0","name":"Filip","image":{"@type":"ImageObject","inLanguage":"pl-PL","@id":"https:\/\/www.pogotowieflagowe.pl\/aktualne\/#\/schema\/person\/image\/","url":"https:\/\/www.pogotowieflagowe.pl\/aktualne\/wp-content\/uploads\/2024\/08\/pogotowieflagowe.pl_.jpg","contentUrl":"https:\/\/www.pogotowieflagowe.pl\/aktualne\/wp-content\/uploads\/2024\/08\/pogotowieflagowe.pl_.jpg","caption":"Filip"},"description":"Jestem Filip, polski dziennikarz z dyplomem nauk politycznych Uniwersytetu Warszawskiego. Rozpoczynaj\u0105c swoj\u0105 karier\u0119 w r\u00f3\u017cnych lokalnych mediach, zdoby\u0142em solidne do\u015bwiadczenie w zakresie \u015bledztwa i redakcji. Obecnie jako redaktor w Pogotowie flagowe, staram si\u0119 dostarcza\u0107 dog\u0142\u0119bne i istotne analizy na temat najwa\u017cniejszych kwestii aktualno\u015bci, \u0142\u0105cz\u0105c rygor z pasj\u0105 dziennikarsk\u0105.","sameAs":["https:\/\/www.pogotowieflagowe.pl\/"]}]}},"_links":{"self":[{"href":"https:\/\/www.pogotowieflagowe.pl\/aktualne\/wp-json\/wp\/v2\/posts\/1843","targetHints":{"allow":["GET"]}}],"collection":[{"href":"https:\/\/www.pogotowieflagowe.pl\/aktualne\/wp-json\/wp\/v2\/posts"}],"about":[{"href":"https:\/\/www.pogotowieflagowe.pl\/aktualne\/wp-json\/wp\/v2\/types\/post"}],"author":[{"embeddable":true,"href":"https:\/\/www.pogotowieflagowe.pl\/aktualne\/wp-json\/wp\/v2\/users\/1"}],"replies":[{"embeddable":true,"href":"https:\/\/www.pogotowieflagowe.pl\/aktualne\/wp-json\/wp\/v2\/comments?post=1843"}],"version-history":[{"count":1,"href":"https:\/\/www.pogotowieflagowe.pl\/aktualne\/wp-json\/wp\/v2\/posts\/1843\/revisions"}],"predecessor-version":[{"id":1845,"href":"https:\/\/www.pogotowieflagowe.pl\/aktualne\/wp-json\/wp\/v2\/posts\/1843\/revisions\/1845"}],"wp:featuredmedia":[{"embeddable":true,"href":"https:\/\/www.pogotowieflagowe.pl\/aktualne\/wp-json\/wp\/v2\/media\/1844"}],"wp:attachment":[{"href":"https:\/\/www.pogotowieflagowe.pl\/aktualne\/wp-json\/wp\/v2\/media?parent=1843"}],"wp:term":[{"taxonomy":"category","embeddable":true,"href":"https:\/\/www.pogotowieflagowe.pl\/aktualne\/wp-json\/wp\/v2\/categories?post=1843"},{"taxonomy":"post_tag","embeddable":true,"href":"https:\/\/www.pogotowieflagowe.pl\/aktualne\/wp-json\/wp\/v2\/tags?post=1843"}],"curies":[{"name":"wp","href":"https:\/\/api.w.org\/{rel}","templated":true}]}}