{"id":1860,"date":"2024-11-16T21:55:37","date_gmt":"2024-11-16T20:55:37","guid":{"rendered":"https:\/\/www.pogotowieflagowe.pl\/aktualne\/miasto-nowy-jork-uhonorowalo-dzien-niepodleglosci-polski-kultowym-pokazem-swietlnym\/"},"modified":"2024-11-16T21:55:39","modified_gmt":"2024-11-16T20:55:39","slug":"miasto-nowy-jork-uhonorowalo-dzien-niepodleglosci-polski-kultowym-pokazem-swietlnym","status":"publish","type":"post","link":"https:\/\/www.pogotowieflagowe.pl\/aktualne\/miasto-nowy-jork-uhonorowalo-dzien-niepodleglosci-polski-kultowym-pokazem-swietlnym\/","title":{"rendered":"Miasto Nowy Jork uhonorowa\u0142o Dzie\u0144 Niepodleg\u0142o\u015bci Polski kultowym pokazem \u015bwietlnym"},"content":{"rendered":"\n<div class=\"td_block_wrap tdb_single_content tdi_48 td-pb-border-top td_block_template_8 td-post-content tagdiv-type\" data-td-block-uid=\"tdi_48\">\n<style>.tdi_48{margines-g\u00f3rny:0px!important;margin-bottom:0px!important;dope\u0142nienie-g\u00f3ra:0px!important;dope\u0142nienie-d\u00f3\u0142:0px!important}<\/style>\n<style>.tdb_single_content{margin-bottom:0;*zoom:1}.tdb_single_content:before,.tdb_single_content:after{display:table;content:'';line-height:0}.tdb_single_content:after{clear:both}.tdb_single_content .tdb-block-inner>*:not(.wp-block-quote):not(.alignwide):not(.alignfull.wp-block-cover.has-parallax):not(.td-a-ad) {margin-left:auto;margin-right:auto}.tdb_single_content a{pointer-events:auto}.tdb_single_content .td-spot-id-top_ad .tdc-placeholder-title:before{content:'Article Top Ad'!important}.tdb_single_content .td-spot-id-inline_ad0 .tdc-placeholder-title:before{content:'Article Reklama wbudowana 1'!important}.tdb_single_content .td-spot-id-inline_ad1 .tdc-placeholder-title:before{content:'Article Inline Ad 2'!important}.tdb_single_content .td-spot-id-inline_ad2 .tdc-placeholder-title:before{content:' Reklama wbudowana w artyku\u0142 3'!important}.tdb_single_content .td-spot-id-bottom_ad .tdc-placeholder-title:before{content:'Article Bottom Ad'!important}.tdb_single_content .id_top_ad,.tdb_single_content .id_bottom_ad{clear:both;margin-bottom:21px;text-align:center}.tdb_single_content .id_top_ad img,.tdb_single_content .id_bottom_ad img{margin-bottom:0}.tdb_single_content .id_top_ad .adsbygoogle,.tdb_single_content .id_bottom_ad .adsbygoogle{position:relative}.tdb_single_content .id_ad_content-horiz-left,.tdb_single_content .id_ad_content-horiz-right,.tdb_single_content .id_ad_content-horiz-center{margin-bottom:15px}.tdb_single_content .id_ad_content-horiz-left img,.tdb_single_content .id_ad_content-horiz-right img,.tdb_single_content .id_ad_content-horiz-center img{margin-bottom:0}.tdb_single_content .id_ad_content-horiz-center{text-align:center}.tdb_single_content .id_ad_content-horiz-center img{margin-right:auto;margin-left:auto}.tdb_single_content .id_ad_content-horiz-left{float:left;margin-top:9px;margin-right:21px}.tdb_single_content .id_ad_content-horiz-right{float:right;margin-top:6px;margin-left:21px}.tdb_single_content .tdc-a-ad .tdc-placeholder-title{width:300px;height:250px}.tdb_single_content .tdc-a-ad .tdc-placeholder-title:before{position:absolute;top:50%;-webkit-transform:translateY(-50%);transform:translateY(-50%);margines:auto;display:table;width:100 %}.tdb_single_content .tdb-block-inner.td-fix-index{word-break:break-word}.tdi_48,.tdi_48>p,.tdi_48 .tdb-block-inner>p{font-size:16px!important;line- wysoko\u015b\u0107:1,6!wa\u017cne}.tdi_48 .tdb-block-inner blockquote p{font-style:normal!important}@media (max-width:767px){.tdb_single_content .id_ad_content-horiz-left,.tdb_single_content .id_ad_content-horiz-right,.tdb_single_content .id_ad_content-horiz-center{margin:0 automatyczny 26px auto}}@media (max-width:767px){.tdb_single_content .id_ad_content-horiz-left{margin-right:0}}@media (max-width:767px){.tdb_single_content .id_ad_content-horiz-right{margin -left:0}}@media (max-width:767px){.tdb_single_content .td-a-ad{float:none;text-align:center}.tdb_single_content .td-a-ad img{margin-right:auto;margin-left:auto}. tdb_single_content .tdc-a-ad{float:none}}<\/style>\n<div class=\"tdb-block-inner td-fix-index\">\n<h2 class=\"wp-block-heading\">Nowy Jork \u015bwi\u0119towa\u0142 Dzie\u0144 Niepodleg\u0142o\u015bci Polski kultowymi czerwono-bia\u0142ymi \u015bwiat\u0142ami na cze\u015b\u0107 polsko-ameryka\u0144skiego dziedzictwa.<\/h2>\n<blockquote class=\"twitter-tweet\">\n<p lang=\"en\" dir=\"ltr\">Zabytki Nowego Jorku <a rel=\"nofollow\" href=\"https:\/\/twitter.com\/OneWTC?ref_src=twsrc%5Etfw\">@OneWTC<\/a>, <a rel=\"nofollow\" href=\"https:\/\/twitter.com\/MoynihanTrains?ref_src=twsrc%5Etfw\">@MoynihanTrains<\/a> i Most Ko\u015bciuszki b\u0142yszcza\u0142y w tym tygodniu bia\u0142o-czerwono, aby uczci\u0107 106. rocznic\u0119 odzyskania przez Polsk\u0119 \ud83c\uddf5\ud83c\uddf1 Niepodleg\u0142o\u015bci!<br \/>Jeste\u015bmy wdzi\u0119czni za pomoc <a rel=\"nofollow\" href=\"https:\/\/twitter.com\/GovKathyHochul?ref_src=twsrc%5Etfw\">@GovKathyHochul<\/a> <a rel=\"nofollow\" href=\"https:\/\/twitter.com\/BobHoldenNYC?ref_src=twsrc%5Etfw\">@BobHoldenNYC<\/a> &#038; <a rel=\"nofollow\" href=\"https:\/\/twitter.com\/RagaForQueens?ref_src=twsrc%5Etfw\">@RagaForQueens<\/a> biura z t\u0105 inicjatyw\u0105\ud83e\udd1d <a rel=\"nofollow\" href=\"https:\/\/t.co\/vFbHVrqLF3\">pic.twitter.com\/vFbHVrqLF3<\/a><\/p>\n<p>\u2014 Konsulat Polski w Nowym Jorku \ud83c\uddf5\ud83c\uddf1 (@PLinNewYork) <a rel=\"nofollow\" href=\"https:\/\/twitter.com\/PLinNewYork\/status\/1856750659590078622?ref_src=twsrc%5Etfw\">13 listopada 2024 r<\/a><\/p><\/blockquote>\n<p>Rada Miasta Nowego Jorku uroczy\u015bcie uczci\u0142a Dzie\u0144 Niepodleg\u0142o\u015bci Polski w ratuszu. Aby uczci\u0107 t\u0119 okazj\u0119, kultowe miejsca, takie jak One World Trade Center i Most Ko\u015bciuszki, pod\u015bwietlono na czerwono i bia\u0142o, symbolizuj\u0105c solidarno\u015b\u0107 i szacunek dla polskiej spo\u0142eczno\u015bci.<\/p>\n<h2 class=\"wp-block-heading\"><strong>W\u0142adze miasta z\u0142o\u017cy\u0142y ho\u0142d<\/strong><\/h2>\n<p>Podczas corocznej imprezy cz\u0142onkowie rady, tacy jak Robert Holden, reprezentuj\u0105cy dzielnic\u0119 o silnej obecno\u015bci polsko-ameryka\u0144skiej, podkre\u015blali swoj\u0105 dum\u0119 z wp\u0142ywu spo\u0142eczno\u015bci. Joann Ariola doceni\u0142a wk\u0142ad Polonii ameryka\u0144skiej zar\u00f3wno w miasto, jak i w kraj, podczas gdy Lincoln Restler nazwa\u0142 Greenpoint pokoleniowym centrum polskiej kultury.<\/p>\n<p>Polski Konsul Generalny Mateusz Sakowicz podkre\u015bli\u0142, \u017ce czerwono-bia\u0142e iluminacje upami\u0119tniaj\u0105 dziedzictwo Polski i wk\u0142ad Polak\u00f3w polskiego pochodzenia w dobrobyt Nowego Jorku. W tym roku Rada Miejska wyda\u0142a odezwy honorowe wybitnym osobisto\u015bciom z Polski, m.in. Konradowi Fijo\u0142kowi oraz organizacjom imienia Genera\u0142a Pu\u0142askiego.<\/p>\n<\/div>\n<\/div>\n<p><script async src=\"https:\/\/platform.twitter.com\/widgets.js\" charset=\"utf-8\"><\/script><\/p>\n","protected":false},"excerpt":{"rendered":"<p>Nowy Jork \u015bwi\u0119towa\u0142 Dzie\u0144 Niepodleg\u0142o\u015bci Polski kultowymi czerwono-bia\u0142ymi \u015bwiat\u0142ami na cze\u015b\u0107 polsko-ameryka\u0144skiego dziedzictwa. Zabytki Nowego Jorku @OneWTC, @MoynihanTrains i Most<\/p>\n","protected":false},"author":1,"featured_media":1861,"comment_status":"closed","ping_status":"","sticky":false,"template":"","format":"standard","meta":{"footnotes":""},"categories":[44],"tags":[1078,1317,3049,3047,2180,581,3050,72,3051,3048],"class_list":["post-1860","post","type-post","status-publish","format-standard","has-post-thumbnail","hentry","category-polityka","tag-dzien","tag-jork","tag-kultowym","tag-miasto","tag-niepodleglosci","tag-nowy","tag-pokazem","tag-polski","tag-swietlnym","tag-uhonorowalo","generate-columns","tablet-grid-50","mobile-grid-100","grid-parent","grid-50","resize-featured-image"],"yoast_head":"<!-- This site is optimized with the Yoast SEO plugin v23.2 - https:\/\/yoast.com\/wordpress\/plugins\/seo\/ -->\n<title>Miasto Nowy Jork uhonorowa\u0142o Dzie\u0144 Niepodleg\u0142o\u015bci Polski kultowym pokazem \u015bwietlnym - POGOTOWIE FLAGOWE\u00ae<\/title>\n<meta name=\"robots\" content=\"index, follow, max-snippet:-1, max-image-preview:large, max-video-preview:-1\" \/>\n<link rel=\"canonical\" href=\"https:\/\/www.pogotowieflagowe.pl\/aktualne\/miasto-nowy-jork-uhonorowalo-dzien-niepodleglosci-polski-kultowym-pokazem-swietlnym\/\" \/>\n<meta property=\"og:locale\" content=\"pl_PL\" \/>\n<meta property=\"og:type\" content=\"article\" \/>\n<meta property=\"og:title\" content=\"Miasto Nowy Jork uhonorowa\u0142o Dzie\u0144 Niepodleg\u0142o\u015bci Polski kultowym pokazem \u015bwietlnym - POGOTOWIE FLAGOWE\u00ae\" \/>\n<meta property=\"og:description\" content=\"Nowy Jork \u015bwi\u0119towa\u0142 Dzie\u0144 Niepodleg\u0142o\u015bci Polski kultowymi czerwono-bia\u0142ymi \u015bwiat\u0142ami na cze\u015b\u0107 polsko-ameryka\u0144skiego dziedzictwa. Zabytki Nowego Jorku @OneWTC, @MoynihanTrains i Most\" \/>\n<meta property=\"og:url\" content=\"https:\/\/www.pogotowieflagowe.pl\/aktualne\/miasto-nowy-jork-uhonorowalo-dzien-niepodleglosci-polski-kultowym-pokazem-swietlnym\/\" \/>\n<meta property=\"og:site_name\" content=\"POGOTOWIE FLAGOWE\u00ae\" \/>\n<meta property=\"article:published_time\" content=\"2024-11-16T20:55:37+00:00\" \/>\n<meta property=\"article:modified_time\" content=\"2024-11-16T20:55:39+00:00\" \/>\n<meta property=\"og:image\" content=\"https:\/\/www.pogotowieflagowe.pl\/aktualne\/wp-content\/uploads\/2024\/11\/Miasto-Nowy-Jork-uhonorowalo-Dzien-Niepodleglosci-Polski-kultowym-pokazem-swietlnym.jpg\" \/>\n\t<meta property=\"og:image:width\" content=\"1200\" \/>\n\t<meta property=\"og:image:height\" content=\"675\" \/>\n\t<meta property=\"og:image:type\" content=\"image\/jpeg\" \/>\n<meta name=\"author\" content=\"Filip\" \/>\n<meta name=\"twitter:card\" content=\"summary_large_image\" \/>\n<meta name=\"twitter:label1\" content=\"Napisane przez\" \/>\n\t<meta name=\"twitter:data1\" content=\"Filip\" \/>\n\t<meta name=\"twitter:label2\" content=\"Szacowany czas czytania\" \/>\n\t<meta name=\"twitter:data2\" content=\"1 minuta\" \/>\n<script type=\"application\/ld+json\" class=\"yoast-schema-graph\">{\"@context\":\"https:\/\/schema.org\",\"@graph\":[{\"@type\":\"Article\",\"@id\":\"https:\/\/www.pogotowieflagowe.pl\/aktualne\/miasto-nowy-jork-uhonorowalo-dzien-niepodleglosci-polski-kultowym-pokazem-swietlnym\/#article\",\"isPartOf\":{\"@id\":\"https:\/\/www.pogotowieflagowe.pl\/aktualne\/miasto-nowy-jork-uhonorowalo-dzien-niepodleglosci-polski-kultowym-pokazem-swietlnym\/\"},\"author\":{\"name\":\"Filip\",\"@id\":\"https:\/\/www.pogotowieflagowe.pl\/aktualne\/#\/schema\/person\/9c2fb7d2362ebf6fa088960d7f0d27b0\"},\"headline\":\"Miasto Nowy Jork uhonorowa\u0142o Dzie\u0144 Niepodleg\u0142o\u015bci Polski kultowym pokazem \u015bwietlnym\",\"datePublished\":\"2024-11-16T20:55:37+00:00\",\"dateModified\":\"2024-11-16T20:55:39+00:00\",\"mainEntityOfPage\":{\"@id\":\"https:\/\/www.pogotowieflagowe.pl\/aktualne\/miasto-nowy-jork-uhonorowalo-dzien-niepodleglosci-polski-kultowym-pokazem-swietlnym\/\"},\"wordCount\":248,\"publisher\":{\"@id\":\"https:\/\/www.pogotowieflagowe.pl\/aktualne\/#organization\"},\"image\":{\"@id\":\"https:\/\/www.pogotowieflagowe.pl\/aktualne\/miasto-nowy-jork-uhonorowalo-dzien-niepodleglosci-polski-kultowym-pokazem-swietlnym\/#primaryimage\"},\"thumbnailUrl\":\"https:\/\/www.pogotowieflagowe.pl\/aktualne\/wp-content\/uploads\/2024\/11\/Miasto-Nowy-Jork-uhonorowalo-Dzien-Niepodleglosci-Polski-kultowym-pokazem-swietlnym.jpg\",\"keywords\":[\"Dzie\u0144\",\"Jork\",\"kultowym\",\"Miasto\",\"Niepodleg\u0142o\u015bci\",\"Nowy\",\"pokazem\",\"polski\",\"\u015bwietlnym\",\"uhonorowa\u0142o\"],\"articleSection\":[\"Polityka\"],\"inLanguage\":\"pl-PL\"},{\"@type\":\"WebPage\",\"@id\":\"https:\/\/www.pogotowieflagowe.pl\/aktualne\/miasto-nowy-jork-uhonorowalo-dzien-niepodleglosci-polski-kultowym-pokazem-swietlnym\/\",\"url\":\"https:\/\/www.pogotowieflagowe.pl\/aktualne\/miasto-nowy-jork-uhonorowalo-dzien-niepodleglosci-polski-kultowym-pokazem-swietlnym\/\",\"name\":\"Miasto Nowy Jork uhonorowa\u0142o Dzie\u0144 Niepodleg\u0142o\u015bci Polski kultowym pokazem \u015bwietlnym - POGOTOWIE FLAGOWE\u00ae\",\"isPartOf\":{\"@id\":\"https:\/\/www.pogotowieflagowe.pl\/aktualne\/#website\"},\"primaryImageOfPage\":{\"@id\":\"https:\/\/www.pogotowieflagowe.pl\/aktualne\/miasto-nowy-jork-uhonorowalo-dzien-niepodleglosci-polski-kultowym-pokazem-swietlnym\/#primaryimage\"},\"image\":{\"@id\":\"https:\/\/www.pogotowieflagowe.pl\/aktualne\/miasto-nowy-jork-uhonorowalo-dzien-niepodleglosci-polski-kultowym-pokazem-swietlnym\/#primaryimage\"},\"thumbnailUrl\":\"https:\/\/www.pogotowieflagowe.pl\/aktualne\/wp-content\/uploads\/2024\/11\/Miasto-Nowy-Jork-uhonorowalo-Dzien-Niepodleglosci-Polski-kultowym-pokazem-swietlnym.jpg\",\"datePublished\":\"2024-11-16T20:55:37+00:00\",\"dateModified\":\"2024-11-16T20:55:39+00:00\",\"breadcrumb\":{\"@id\":\"https:\/\/www.pogotowieflagowe.pl\/aktualne\/miasto-nowy-jork-uhonorowalo-dzien-niepodleglosci-polski-kultowym-pokazem-swietlnym\/#breadcrumb\"},\"inLanguage\":\"pl-PL\",\"potentialAction\":[{\"@type\":\"ReadAction\",\"target\":[\"https:\/\/www.pogotowieflagowe.pl\/aktualne\/miasto-nowy-jork-uhonorowalo-dzien-niepodleglosci-polski-kultowym-pokazem-swietlnym\/\"]}]},{\"@type\":\"ImageObject\",\"inLanguage\":\"pl-PL\",\"@id\":\"https:\/\/www.pogotowieflagowe.pl\/aktualne\/miasto-nowy-jork-uhonorowalo-dzien-niepodleglosci-polski-kultowym-pokazem-swietlnym\/#primaryimage\",\"url\":\"https:\/\/www.pogotowieflagowe.pl\/aktualne\/wp-content\/uploads\/2024\/11\/Miasto-Nowy-Jork-uhonorowalo-Dzien-Niepodleglosci-Polski-kultowym-pokazem-swietlnym.jpg\",\"contentUrl\":\"https:\/\/www.pogotowieflagowe.pl\/aktualne\/wp-content\/uploads\/2024\/11\/Miasto-Nowy-Jork-uhonorowalo-Dzien-Niepodleglosci-Polski-kultowym-pokazem-swietlnym.jpg\",\"width\":1200,\"height\":675,\"caption\":\"Miasto Nowy Jork uhonorowa\u0142o Dzie\u0144 Niepodleg\u0142o\u015bci Polski kultowym pokazem \u015bwietlnym\"},{\"@type\":\"BreadcrumbList\",\"@id\":\"https:\/\/www.pogotowieflagowe.pl\/aktualne\/miasto-nowy-jork-uhonorowalo-dzien-niepodleglosci-polski-kultowym-pokazem-swietlnym\/#breadcrumb\",\"itemListElement\":[{\"@type\":\"ListItem\",\"position\":1,\"name\":\"Home\",\"item\":\"https:\/\/www.pogotowieflagowe.pl\/aktualne\/\"},{\"@type\":\"ListItem\",\"position\":2,\"name\":\"Miasto Nowy Jork uhonorowa\u0142o Dzie\u0144 Niepodleg\u0142o\u015bci Polski kultowym pokazem \u015bwietlnym\"}]},{\"@type\":\"WebSite\",\"@id\":\"https:\/\/www.pogotowieflagowe.pl\/aktualne\/#website\",\"url\":\"https:\/\/www.pogotowieflagowe.pl\/aktualne\/\",\"name\":\"POGOTOWIE FLAGOWE\u00ae\",\"description\":\"\",\"publisher\":{\"@id\":\"https:\/\/www.pogotowieflagowe.pl\/aktualne\/#organization\"},\"potentialAction\":[{\"@type\":\"SearchAction\",\"target\":{\"@type\":\"EntryPoint\",\"urlTemplate\":\"https:\/\/www.pogotowieflagowe.pl\/aktualne\/?s={search_term_string}\"},\"query-input\":\"required name=search_term_string\"}],\"inLanguage\":\"pl-PL\"},{\"@type\":\"Organization\",\"@id\":\"https:\/\/www.pogotowieflagowe.pl\/aktualne\/#organization\",\"name\":\"POGOTOWIE FLAGOWE\u00ae\",\"url\":\"https:\/\/www.pogotowieflagowe.pl\/aktualne\/\",\"logo\":{\"@type\":\"ImageObject\",\"inLanguage\":\"pl-PL\",\"@id\":\"https:\/\/www.pogotowieflagowe.pl\/aktualne\/#\/schema\/logo\/image\/\",\"url\":\"https:\/\/www.pogotowieflagowe.pl\/aktualne\/wp-content\/uploads\/2024\/08\/cropped-pogotowieflagowe_flaga_projekt_sm.jpg\",\"contentUrl\":\"https:\/\/www.pogotowieflagowe.pl\/aktualne\/wp-content\/uploads\/2024\/08\/cropped-pogotowieflagowe_flaga_projekt_sm.jpg\",\"width\":250,\"height\":143,\"caption\":\"POGOTOWIE FLAGOWE\u00ae\"},\"image\":{\"@id\":\"https:\/\/www.pogotowieflagowe.pl\/aktualne\/#\/schema\/logo\/image\/\"}},{\"@type\":\"Person\",\"@id\":\"https:\/\/www.pogotowieflagowe.pl\/aktualne\/#\/schema\/person\/9c2fb7d2362ebf6fa088960d7f0d27b0\",\"name\":\"Filip\",\"image\":{\"@type\":\"ImageObject\",\"inLanguage\":\"pl-PL\",\"@id\":\"https:\/\/www.pogotowieflagowe.pl\/aktualne\/#\/schema\/person\/image\/\",\"url\":\"https:\/\/www.pogotowieflagowe.pl\/aktualne\/wp-content\/uploads\/2024\/08\/pogotowieflagowe.pl_.jpg\",\"contentUrl\":\"https:\/\/www.pogotowieflagowe.pl\/aktualne\/wp-content\/uploads\/2024\/08\/pogotowieflagowe.pl_.jpg\",\"caption\":\"Filip\"},\"description\":\"Jestem Filip, polski dziennikarz z dyplomem nauk politycznych Uniwersytetu Warszawskiego. Rozpoczynaj\u0105c swoj\u0105 karier\u0119 w r\u00f3\u017cnych lokalnych mediach, zdoby\u0142em solidne do\u015bwiadczenie w zakresie \u015bledztwa i redakcji. Obecnie jako redaktor w Pogotowie flagowe, staram si\u0119 dostarcza\u0107 dog\u0142\u0119bne i istotne analizy na temat najwa\u017cniejszych kwestii aktualno\u015bci, \u0142\u0105cz\u0105c rygor z pasj\u0105 dziennikarsk\u0105.\",\"sameAs\":[\"https:\/\/www.pogotowieflagowe.pl\/\"]}]}<\/script>\n<!-- \/ Yoast SEO plugin. -->","yoast_head_json":{"title":"Miasto Nowy Jork uhonorowa\u0142o Dzie\u0144 Niepodleg\u0142o\u015bci Polski kultowym pokazem \u015bwietlnym - POGOTOWIE FLAGOWE\u00ae","robots":{"index":"index","follow":"follow","max-snippet":"max-snippet:-1","max-image-preview":"max-image-preview:large","max-video-preview":"max-video-preview:-1"},"canonical":"https:\/\/www.pogotowieflagowe.pl\/aktualne\/miasto-nowy-jork-uhonorowalo-dzien-niepodleglosci-polski-kultowym-pokazem-swietlnym\/","og_locale":"pl_PL","og_type":"article","og_title":"Miasto Nowy Jork uhonorowa\u0142o Dzie\u0144 Niepodleg\u0142o\u015bci Polski kultowym pokazem \u015bwietlnym - POGOTOWIE FLAGOWE\u00ae","og_description":"Nowy Jork \u015bwi\u0119towa\u0142 Dzie\u0144 Niepodleg\u0142o\u015bci Polski kultowymi czerwono-bia\u0142ymi \u015bwiat\u0142ami na cze\u015b\u0107 polsko-ameryka\u0144skiego dziedzictwa. Zabytki Nowego Jorku @OneWTC, @MoynihanTrains i Most","og_url":"https:\/\/www.pogotowieflagowe.pl\/aktualne\/miasto-nowy-jork-uhonorowalo-dzien-niepodleglosci-polski-kultowym-pokazem-swietlnym\/","og_site_name":"POGOTOWIE FLAGOWE\u00ae","article_published_time":"2024-11-16T20:55:37+00:00","article_modified_time":"2024-11-16T20:55:39+00:00","og_image":[{"width":1200,"height":675,"url":"https:\/\/www.pogotowieflagowe.pl\/aktualne\/wp-content\/uploads\/2024\/11\/Miasto-Nowy-Jork-uhonorowalo-Dzien-Niepodleglosci-Polski-kultowym-pokazem-swietlnym.jpg","type":"image\/jpeg"}],"author":"Filip","twitter_card":"summary_large_image","twitter_misc":{"Napisane przez":"Filip","Szacowany czas czytania":"1 minuta"},"schema":{"@context":"https:\/\/schema.org","@graph":[{"@type":"Article","@id":"https:\/\/www.pogotowieflagowe.pl\/aktualne\/miasto-nowy-jork-uhonorowalo-dzien-niepodleglosci-polski-kultowym-pokazem-swietlnym\/#article","isPartOf":{"@id":"https:\/\/www.pogotowieflagowe.pl\/aktualne\/miasto-nowy-jork-uhonorowalo-dzien-niepodleglosci-polski-kultowym-pokazem-swietlnym\/"},"author":{"name":"Filip","@id":"https:\/\/www.pogotowieflagowe.pl\/aktualne\/#\/schema\/person\/9c2fb7d2362ebf6fa088960d7f0d27b0"},"headline":"Miasto Nowy Jork uhonorowa\u0142o Dzie\u0144 Niepodleg\u0142o\u015bci Polski kultowym pokazem \u015bwietlnym","datePublished":"2024-11-16T20:55:37+00:00","dateModified":"2024-11-16T20:55:39+00:00","mainEntityOfPage":{"@id":"https:\/\/www.pogotowieflagowe.pl\/aktualne\/miasto-nowy-jork-uhonorowalo-dzien-niepodleglosci-polski-kultowym-pokazem-swietlnym\/"},"wordCount":248,"publisher":{"@id":"https:\/\/www.pogotowieflagowe.pl\/aktualne\/#organization"},"image":{"@id":"https:\/\/www.pogotowieflagowe.pl\/aktualne\/miasto-nowy-jork-uhonorowalo-dzien-niepodleglosci-polski-kultowym-pokazem-swietlnym\/#primaryimage"},"thumbnailUrl":"https:\/\/www.pogotowieflagowe.pl\/aktualne\/wp-content\/uploads\/2024\/11\/Miasto-Nowy-Jork-uhonorowalo-Dzien-Niepodleglosci-Polski-kultowym-pokazem-swietlnym.jpg","keywords":["Dzie\u0144","Jork","kultowym","Miasto","Niepodleg\u0142o\u015bci","Nowy","pokazem","polski","\u015bwietlnym","uhonorowa\u0142o"],"articleSection":["Polityka"],"inLanguage":"pl-PL"},{"@type":"WebPage","@id":"https:\/\/www.pogotowieflagowe.pl\/aktualne\/miasto-nowy-jork-uhonorowalo-dzien-niepodleglosci-polski-kultowym-pokazem-swietlnym\/","url":"https:\/\/www.pogotowieflagowe.pl\/aktualne\/miasto-nowy-jork-uhonorowalo-dzien-niepodleglosci-polski-kultowym-pokazem-swietlnym\/","name":"Miasto Nowy Jork uhonorowa\u0142o Dzie\u0144 Niepodleg\u0142o\u015bci Polski kultowym pokazem \u015bwietlnym - POGOTOWIE FLAGOWE\u00ae","isPartOf":{"@id":"https:\/\/www.pogotowieflagowe.pl\/aktualne\/#website"},"primaryImageOfPage":{"@id":"https:\/\/www.pogotowieflagowe.pl\/aktualne\/miasto-nowy-jork-uhonorowalo-dzien-niepodleglosci-polski-kultowym-pokazem-swietlnym\/#primaryimage"},"image":{"@id":"https:\/\/www.pogotowieflagowe.pl\/aktualne\/miasto-nowy-jork-uhonorowalo-dzien-niepodleglosci-polski-kultowym-pokazem-swietlnym\/#primaryimage"},"thumbnailUrl":"https:\/\/www.pogotowieflagowe.pl\/aktualne\/wp-content\/uploads\/2024\/11\/Miasto-Nowy-Jork-uhonorowalo-Dzien-Niepodleglosci-Polski-kultowym-pokazem-swietlnym.jpg","datePublished":"2024-11-16T20:55:37+00:00","dateModified":"2024-11-16T20:55:39+00:00","breadcrumb":{"@id":"https:\/\/www.pogotowieflagowe.pl\/aktualne\/miasto-nowy-jork-uhonorowalo-dzien-niepodleglosci-polski-kultowym-pokazem-swietlnym\/#breadcrumb"},"inLanguage":"pl-PL","potentialAction":[{"@type":"ReadAction","target":["https:\/\/www.pogotowieflagowe.pl\/aktualne\/miasto-nowy-jork-uhonorowalo-dzien-niepodleglosci-polski-kultowym-pokazem-swietlnym\/"]}]},{"@type":"ImageObject","inLanguage":"pl-PL","@id":"https:\/\/www.pogotowieflagowe.pl\/aktualne\/miasto-nowy-jork-uhonorowalo-dzien-niepodleglosci-polski-kultowym-pokazem-swietlnym\/#primaryimage","url":"https:\/\/www.pogotowieflagowe.pl\/aktualne\/wp-content\/uploads\/2024\/11\/Miasto-Nowy-Jork-uhonorowalo-Dzien-Niepodleglosci-Polski-kultowym-pokazem-swietlnym.jpg","contentUrl":"https:\/\/www.pogotowieflagowe.pl\/aktualne\/wp-content\/uploads\/2024\/11\/Miasto-Nowy-Jork-uhonorowalo-Dzien-Niepodleglosci-Polski-kultowym-pokazem-swietlnym.jpg","width":1200,"height":675,"caption":"Miasto Nowy Jork uhonorowa\u0142o Dzie\u0144 Niepodleg\u0142o\u015bci Polski kultowym pokazem \u015bwietlnym"},{"@type":"BreadcrumbList","@id":"https:\/\/www.pogotowieflagowe.pl\/aktualne\/miasto-nowy-jork-uhonorowalo-dzien-niepodleglosci-polski-kultowym-pokazem-swietlnym\/#breadcrumb","itemListElement":[{"@type":"ListItem","position":1,"name":"Home","item":"https:\/\/www.pogotowieflagowe.pl\/aktualne\/"},{"@type":"ListItem","position":2,"name":"Miasto Nowy Jork uhonorowa\u0142o Dzie\u0144 Niepodleg\u0142o\u015bci Polski kultowym pokazem \u015bwietlnym"}]},{"@type":"WebSite","@id":"https:\/\/www.pogotowieflagowe.pl\/aktualne\/#website","url":"https:\/\/www.pogotowieflagowe.pl\/aktualne\/","name":"POGOTOWIE FLAGOWE\u00ae","description":"","publisher":{"@id":"https:\/\/www.pogotowieflagowe.pl\/aktualne\/#organization"},"potentialAction":[{"@type":"SearchAction","target":{"@type":"EntryPoint","urlTemplate":"https:\/\/www.pogotowieflagowe.pl\/aktualne\/?s={search_term_string}"},"query-input":"required name=search_term_string"}],"inLanguage":"pl-PL"},{"@type":"Organization","@id":"https:\/\/www.pogotowieflagowe.pl\/aktualne\/#organization","name":"POGOTOWIE FLAGOWE\u00ae","url":"https:\/\/www.pogotowieflagowe.pl\/aktualne\/","logo":{"@type":"ImageObject","inLanguage":"pl-PL","@id":"https:\/\/www.pogotowieflagowe.pl\/aktualne\/#\/schema\/logo\/image\/","url":"https:\/\/www.pogotowieflagowe.pl\/aktualne\/wp-content\/uploads\/2024\/08\/cropped-pogotowieflagowe_flaga_projekt_sm.jpg","contentUrl":"https:\/\/www.pogotowieflagowe.pl\/aktualne\/wp-content\/uploads\/2024\/08\/cropped-pogotowieflagowe_flaga_projekt_sm.jpg","width":250,"height":143,"caption":"POGOTOWIE FLAGOWE\u00ae"},"image":{"@id":"https:\/\/www.pogotowieflagowe.pl\/aktualne\/#\/schema\/logo\/image\/"}},{"@type":"Person","@id":"https:\/\/www.pogotowieflagowe.pl\/aktualne\/#\/schema\/person\/9c2fb7d2362ebf6fa088960d7f0d27b0","name":"Filip","image":{"@type":"ImageObject","inLanguage":"pl-PL","@id":"https:\/\/www.pogotowieflagowe.pl\/aktualne\/#\/schema\/person\/image\/","url":"https:\/\/www.pogotowieflagowe.pl\/aktualne\/wp-content\/uploads\/2024\/08\/pogotowieflagowe.pl_.jpg","contentUrl":"https:\/\/www.pogotowieflagowe.pl\/aktualne\/wp-content\/uploads\/2024\/08\/pogotowieflagowe.pl_.jpg","caption":"Filip"},"description":"Jestem Filip, polski dziennikarz z dyplomem nauk politycznych Uniwersytetu Warszawskiego. Rozpoczynaj\u0105c swoj\u0105 karier\u0119 w r\u00f3\u017cnych lokalnych mediach, zdoby\u0142em solidne do\u015bwiadczenie w zakresie \u015bledztwa i redakcji. Obecnie jako redaktor w Pogotowie flagowe, staram si\u0119 dostarcza\u0107 dog\u0142\u0119bne i istotne analizy na temat najwa\u017cniejszych kwestii aktualno\u015bci, \u0142\u0105cz\u0105c rygor z pasj\u0105 dziennikarsk\u0105.","sameAs":["https:\/\/www.pogotowieflagowe.pl\/"]}]}},"_links":{"self":[{"href":"https:\/\/www.pogotowieflagowe.pl\/aktualne\/wp-json\/wp\/v2\/posts\/1860","targetHints":{"allow":["GET"]}}],"collection":[{"href":"https:\/\/www.pogotowieflagowe.pl\/aktualne\/wp-json\/wp\/v2\/posts"}],"about":[{"href":"https:\/\/www.pogotowieflagowe.pl\/aktualne\/wp-json\/wp\/v2\/types\/post"}],"author":[{"embeddable":true,"href":"https:\/\/www.pogotowieflagowe.pl\/aktualne\/wp-json\/wp\/v2\/users\/1"}],"replies":[{"embeddable":true,"href":"https:\/\/www.pogotowieflagowe.pl\/aktualne\/wp-json\/wp\/v2\/comments?post=1860"}],"version-history":[{"count":1,"href":"https:\/\/www.pogotowieflagowe.pl\/aktualne\/wp-json\/wp\/v2\/posts\/1860\/revisions"}],"predecessor-version":[{"id":1862,"href":"https:\/\/www.pogotowieflagowe.pl\/aktualne\/wp-json\/wp\/v2\/posts\/1860\/revisions\/1862"}],"wp:featuredmedia":[{"embeddable":true,"href":"https:\/\/www.pogotowieflagowe.pl\/aktualne\/wp-json\/wp\/v2\/media\/1861"}],"wp:attachment":[{"href":"https:\/\/www.pogotowieflagowe.pl\/aktualne\/wp-json\/wp\/v2\/media?parent=1860"}],"wp:term":[{"taxonomy":"category","embeddable":true,"href":"https:\/\/www.pogotowieflagowe.pl\/aktualne\/wp-json\/wp\/v2\/categories?post=1860"},{"taxonomy":"post_tag","embeddable":true,"href":"https:\/\/www.pogotowieflagowe.pl\/aktualne\/wp-json\/wp\/v2\/tags?post=1860"}],"curies":[{"name":"wp","href":"https:\/\/api.w.org\/{rel}","templated":true}]}}