{"id":1880,"date":"2024-11-17T18:47:11","date_gmt":"2024-11-17T17:47:11","guid":{"rendered":"https:\/\/www.pogotowieflagowe.pl\/aktualne\/polska-awansowala-do-polfinalu-pucharu-billie-jean-king-ze-swiatkiem-na-czele\/"},"modified":"2024-11-17T18:47:13","modified_gmt":"2024-11-17T17:47:13","slug":"polska-awansowala-do-polfinalu-pucharu-billie-jean-king-ze-swiatkiem-na-czele","status":"publish","type":"post","link":"https:\/\/www.pogotowieflagowe.pl\/aktualne\/polska-awansowala-do-polfinalu-pucharu-billie-jean-king-ze-swiatkiem-na-czele\/","title":{"rendered":"Polska awansowa\u0142a do p\u00f3\u0142fina\u0142u Pucharu Billie Jean King ze \u015awi\u0105tkiem na czele"},"content":{"rendered":"\n<div class=\"td_block_wrap tdb_single_content tdi_48 td-pb-border-top td_block_template_8 td-post-content tagdiv-type\" data-td-block-uid=\"tdi_48\">\n<style>.tdi_48{margines-g\u00f3rny:0px!important;margin-bottom:0px!important;dope\u0142nienie-g\u00f3ra:0px!important;dope\u0142nienie-d\u00f3\u0142:0px!important}<\/style>\n<style>.tdb_single_content{margin-bottom:0;*zoom:1}.tdb_single_content:before,.tdb_single_content:after{display:table;content:'';line-height:0}.tdb_single_content:after{clear:both}.tdb_single_content .tdb-block-inner>*:not(.wp-block-quote):not(.alignwide):not(.alignfull.wp-block-cover.has-parallax):not(.td-a-ad) {margin-left:auto;margin-right:auto}.tdb_single_content a{pointer-events:auto}.tdb_single_content .td-spot-id-top_ad .tdc-placeholder-title:before{content:'Article Top Ad'!important}.tdb_single_content .td-spot-id-inline_ad0 .tdc-placeholder-title:before{content:'Article Reklama wbudowana 1'!important}.tdb_single_content .td-spot-id-inline_ad1 .tdc-placeholder-title:before{content:'Article Inline Ad 2'!important}.tdb_single_content .td-spot-id-inline_ad2 .tdc-placeholder-title:before{content:' Reklama wbudowana w artyku\u0142 3'!important}.tdb_single_content .td-spot-id-bottom_ad .tdc-placeholder-title:before{content:'Article Bottom Ad'!important}.tdb_single_content .id_top_ad,.tdb_single_content .id_bottom_ad{clear:both;margin-bottom:21px;text-align:center}.tdb_single_content .id_top_ad img,.tdb_single_content .id_bottom_ad img{margin-bottom:0}.tdb_single_content .id_top_ad .adsbygoogle,.tdb_single_content .id_bottom_ad .adsbygoogle{position:relative}.tdb_single_content .id_ad_content-horiz-left,.tdb_single_content .id_ad_content-horiz-right,.tdb_single_content .id_ad_content-horiz-center{margin-bottom:15px}.tdb_single_content .id_ad_content-horiz-left img,.tdb_single_content .id_ad_content-horiz-right img,.tdb_single_content .id_ad_content-horiz-center img{margin-bottom:0}.tdb_single_content .id_ad_content-horiz-center{text-align:center}.tdb_single_content .id_ad_content-horiz-center img{margin-right:auto;margin-left:auto}.tdb_single_content .id_ad_content-horiz-left{float:left;margin-top:9px;margin-right:21px}.tdb_single_content .id_ad_content-horiz-right{float:right;margin-top:6px;margin-left:21px}.tdb_single_content .tdc-a-ad .tdc-placeholder-title{width:300px;height:250px}.tdb_single_content .tdc-a-ad .tdc-placeholder-title:before{position:absolute;top:50%;-webkit-transform:translateY(-50%);transform:translateY(-50%);margines:auto;display:table;width:100 %}.tdb_single_content .tdb-block-inner.td-fix-index{word-break:break-word}.tdi_48,.tdi_48>p,.tdi_48 .tdb-block-inner>p{font-size:16px!important;line- wysoko\u015b\u0107:1,6!wa\u017cne}.tdi_48 .tdb-block-inner blockquote p{font-style:normal!important}@media (max-width:767px){.tdb_single_content .id_ad_content-horiz-left,.tdb_single_content .id_ad_content-horiz-right,.tdb_single_content .id_ad_content-horiz-center{margin:0 automatyczny 26px auto}}@media (max-width:767px){.tdb_single_content .id_ad_content-horiz-left{margin-right:0}}@media (max-width:767px){.tdb_single_content .id_ad_content-horiz-right{margin -left:0}}@media (max-width:767px){.tdb_single_content .td-a-ad{float:none;text-align:center}.tdb_single_content .td-a-ad img{margin-right:auto;margin-left:auto}. tdb_single_content .tdc-a-ad{float:none}}<\/style>\n<div class=\"tdb-block-inner td-fix-index\">\n<p>Dzi\u0119ki Pucharowi Billie Jean King 2024 polska reprezentacja tenisowa kobiet, na czele kt\u00f3rej stoi numer dwa na \u015bwiecie, Iga \u015awi\u0105tek, wznios\u0142a si\u0119 na nowy poziom. Rywalizuj\u0105c w zaktualizowanym formacie turnieju, Polska zapewni\u0142a sobie zaci\u0119te zwyci\u0119stwo z Czechami i awansowa\u0142a do p\u00f3\u0142fina\u0142u, gdzie zmierzy si\u0119 z W\u0142ochami.<\/p>\n<p>Oznacza to znacz\u0105c\u0105 zmian\u0119 w losach polskiej dru\u017cyny, kt\u00f3ra w listopadzie 2023 roku po wej\u015bciu z dzik\u0105 kart\u0105 przegra\u0142a w Sewilli z Kanad\u0105 i Hiszpani\u0105. Jednak w kwietniu zesp\u00f3\u0142 odzyska\u0142 impet, mia\u017cd\u017c\u0105c Szwajcari\u0119 4:0 w Biel podczas kwalifikacji. Ten triumf zapewni\u0142 Polsce awans z 17. na 9. miejsce w rankingach dru\u017cyn tenisowych kobiet, co stanowi najwi\u0119kszy skok w\u015br\u00f3d czo\u0142owych dru\u017cyn w tym sezonie.<\/p>\n<p>Polska kadra w sk\u0142adzie \u015awi\u0105tek, Magda Linette, Magdalena Fr\u0119ch, Maja Chwali\u0144ska i Katarzyna Kawa rozpocz\u0119\u0142a swoj\u0105 fina\u0142ow\u0105 kampani\u0119 turniejow\u0105 w trudnych warunkach. Ulewne deszcze w Maladze op\u00f3\u017ani\u0142y mecz otwarcia z Hiszpani\u0105 na 15 listopada, ale Polacy wyszli zwyci\u0119sko, wygrywaj\u0105c 2:0. Wyczerpuj\u0105cy czterogodzinny mecz Linette z Sar\u0105 Sorribes Tormo zako\u0144czy\u0142 si\u0119 zwyci\u0119stwem 7:6, 2:6, 6:4, a \u015awi\u0105tek pokona\u0142a Paul\u0119 Bados\u0119 w emocjonuj\u0105cym trzysetowym meczu 6:3, 6:7, 6:1 .<\/p>\n<p>Bohaterska \u015awi\u0105tek by\u0142a kontynuowana w \u0107wier\u0107finale przeciwko Czechom. O w\u0142os pokona\u0142a Katerin\u0119 Siniakov\u0105 w grze pojedynczej, a p\u00f3\u017aniej po\u0142\u0105czy\u0142a si\u0142y z Kawa w deblu, aby zapewni\u0107 sobie decyduj\u0105cy punkt, pokonuj\u0105c Siniakov\u0105 i Marie Bouzkov\u0105. Mimo wcze\u015bniejszej pora\u017cki Fr\u0119cha z Bouzkov\u0105, Polska awansowa\u0142a do p\u00f3\u0142fina\u0142u.<\/p>\n<p>Polska dru\u017cyna, prowadzona przez Dawida Celta, ma teraz na celu znalezienie si\u0119 w finale, przygotowuj\u0105c si\u0119 do meczu z W\u0142ochami. \u015awi\u0105tek jest w doskona\u0142ej formie, a bia\u0142o-czerwoni maj\u0105 szans\u0119 na dalsze sukcesy w tych presti\u017cowych rozgrywkach.<\/p>\n<\/div>\n<\/div>\n","protected":false},"excerpt":{"rendered":"<p>Dzi\u0119ki Pucharowi Billie Jean King 2024 polska reprezentacja tenisowa kobiet, na czele kt\u00f3rej stoi numer dwa na \u015bwiecie, Iga \u015awi\u0105tek,<\/p>\n","protected":false},"author":1,"featured_media":1881,"comment_status":"closed","ping_status":"","sticky":false,"template":"","format":"standard","meta":{"footnotes":""},"categories":[118],"tags":[904,3035,3079,3036,3037,426,4,2282,3078],"class_list":["post-1880","post","type-post","status-publish","format-standard","has-post-thumbnail","hentry","category-lekkoatletyka","tag-awansowala","tag-billie","tag-czele","tag-jean","tag-king","tag-polfinalu","tag-polska","tag-pucharu","tag-swiatkiem","generate-columns","tablet-grid-50","mobile-grid-100","grid-parent","grid-50","resize-featured-image"],"yoast_head":"<!-- This site is optimized with the Yoast SEO plugin v23.2 - https:\/\/yoast.com\/wordpress\/plugins\/seo\/ -->\n<title>Polska awansowa\u0142a do p\u00f3\u0142fina\u0142u Pucharu Billie Jean King ze \u015awi\u0105tkiem na czele - POGOTOWIE FLAGOWE\u00ae<\/title>\n<meta name=\"robots\" content=\"index, follow, max-snippet:-1, max-image-preview:large, max-video-preview:-1\" \/>\n<link rel=\"canonical\" href=\"https:\/\/www.pogotowieflagowe.pl\/aktualne\/polska-awansowala-do-polfinalu-pucharu-billie-jean-king-ze-swiatkiem-na-czele\/\" \/>\n<meta property=\"og:locale\" content=\"pl_PL\" \/>\n<meta property=\"og:type\" content=\"article\" \/>\n<meta property=\"og:title\" content=\"Polska awansowa\u0142a do p\u00f3\u0142fina\u0142u Pucharu Billie Jean King ze \u015awi\u0105tkiem na czele - POGOTOWIE FLAGOWE\u00ae\" \/>\n<meta property=\"og:description\" content=\"Dzi\u0119ki Pucharowi Billie Jean King 2024 polska reprezentacja tenisowa kobiet, na czele kt\u00f3rej stoi numer dwa na \u015bwiecie, Iga \u015awi\u0105tek,\" \/>\n<meta property=\"og:url\" content=\"https:\/\/www.pogotowieflagowe.pl\/aktualne\/polska-awansowala-do-polfinalu-pucharu-billie-jean-king-ze-swiatkiem-na-czele\/\" \/>\n<meta property=\"og:site_name\" content=\"POGOTOWIE FLAGOWE\u00ae\" \/>\n<meta property=\"article:published_time\" content=\"2024-11-17T17:47:11+00:00\" \/>\n<meta property=\"article:modified_time\" content=\"2024-11-17T17:47:13+00:00\" \/>\n<meta property=\"og:image\" content=\"https:\/\/www.pogotowieflagowe.pl\/aktualne\/wp-content\/uploads\/2024\/11\/Polska-awansowala-do-polfinalu-Pucharu-Billie-Jean-King-ze-Swiatkiem.jpg\" \/>\n\t<meta property=\"og:image:width\" content=\"1072\" \/>\n\t<meta property=\"og:image:height\" content=\"608\" \/>\n\t<meta property=\"og:image:type\" content=\"image\/jpeg\" \/>\n<meta name=\"author\" content=\"Filip\" \/>\n<meta name=\"twitter:card\" content=\"summary_large_image\" \/>\n<meta name=\"twitter:label1\" content=\"Napisane przez\" \/>\n\t<meta name=\"twitter:data1\" content=\"Filip\" \/>\n\t<meta name=\"twitter:label2\" content=\"Szacowany czas czytania\" \/>\n\t<meta name=\"twitter:data2\" content=\"2 minuty\" \/>\n<script type=\"application\/ld+json\" class=\"yoast-schema-graph\">{\"@context\":\"https:\/\/schema.org\",\"@graph\":[{\"@type\":\"Article\",\"@id\":\"https:\/\/www.pogotowieflagowe.pl\/aktualne\/polska-awansowala-do-polfinalu-pucharu-billie-jean-king-ze-swiatkiem-na-czele\/#article\",\"isPartOf\":{\"@id\":\"https:\/\/www.pogotowieflagowe.pl\/aktualne\/polska-awansowala-do-polfinalu-pucharu-billie-jean-king-ze-swiatkiem-na-czele\/\"},\"author\":{\"name\":\"Filip\",\"@id\":\"https:\/\/www.pogotowieflagowe.pl\/aktualne\/#\/schema\/person\/9c2fb7d2362ebf6fa088960d7f0d27b0\"},\"headline\":\"Polska awansowa\u0142a do p\u00f3\u0142fina\u0142u Pucharu Billie Jean King ze \u015awi\u0105tkiem na czele\",\"datePublished\":\"2024-11-17T17:47:11+00:00\",\"dateModified\":\"2024-11-17T17:47:13+00:00\",\"mainEntityOfPage\":{\"@id\":\"https:\/\/www.pogotowieflagowe.pl\/aktualne\/polska-awansowala-do-polfinalu-pucharu-billie-jean-king-ze-swiatkiem-na-czele\/\"},\"wordCount\":323,\"publisher\":{\"@id\":\"https:\/\/www.pogotowieflagowe.pl\/aktualne\/#organization\"},\"image\":{\"@id\":\"https:\/\/www.pogotowieflagowe.pl\/aktualne\/polska-awansowala-do-polfinalu-pucharu-billie-jean-king-ze-swiatkiem-na-czele\/#primaryimage\"},\"thumbnailUrl\":\"https:\/\/www.pogotowieflagowe.pl\/aktualne\/wp-content\/uploads\/2024\/11\/Polska-awansowala-do-polfinalu-Pucharu-Billie-Jean-King-ze-Swiatkiem.jpg\",\"keywords\":[\"awansowa\u0142a\",\"Billie\",\"czele\",\"Jean\",\"King\",\"p\u00f3\u0142fina\u0142u\",\"polska\",\"Pucharu\",\"\u015awi\u0105tkiem\"],\"articleSection\":[\"Lekkoatletyka\"],\"inLanguage\":\"pl-PL\"},{\"@type\":\"WebPage\",\"@id\":\"https:\/\/www.pogotowieflagowe.pl\/aktualne\/polska-awansowala-do-polfinalu-pucharu-billie-jean-king-ze-swiatkiem-na-czele\/\",\"url\":\"https:\/\/www.pogotowieflagowe.pl\/aktualne\/polska-awansowala-do-polfinalu-pucharu-billie-jean-king-ze-swiatkiem-na-czele\/\",\"name\":\"Polska awansowa\u0142a do p\u00f3\u0142fina\u0142u Pucharu Billie Jean King ze \u015awi\u0105tkiem na czele - POGOTOWIE FLAGOWE\u00ae\",\"isPartOf\":{\"@id\":\"https:\/\/www.pogotowieflagowe.pl\/aktualne\/#website\"},\"primaryImageOfPage\":{\"@id\":\"https:\/\/www.pogotowieflagowe.pl\/aktualne\/polska-awansowala-do-polfinalu-pucharu-billie-jean-king-ze-swiatkiem-na-czele\/#primaryimage\"},\"image\":{\"@id\":\"https:\/\/www.pogotowieflagowe.pl\/aktualne\/polska-awansowala-do-polfinalu-pucharu-billie-jean-king-ze-swiatkiem-na-czele\/#primaryimage\"},\"thumbnailUrl\":\"https:\/\/www.pogotowieflagowe.pl\/aktualne\/wp-content\/uploads\/2024\/11\/Polska-awansowala-do-polfinalu-Pucharu-Billie-Jean-King-ze-Swiatkiem.jpg\",\"datePublished\":\"2024-11-17T17:47:11+00:00\",\"dateModified\":\"2024-11-17T17:47:13+00:00\",\"breadcrumb\":{\"@id\":\"https:\/\/www.pogotowieflagowe.pl\/aktualne\/polska-awansowala-do-polfinalu-pucharu-billie-jean-king-ze-swiatkiem-na-czele\/#breadcrumb\"},\"inLanguage\":\"pl-PL\",\"potentialAction\":[{\"@type\":\"ReadAction\",\"target\":[\"https:\/\/www.pogotowieflagowe.pl\/aktualne\/polska-awansowala-do-polfinalu-pucharu-billie-jean-king-ze-swiatkiem-na-czele\/\"]}]},{\"@type\":\"ImageObject\",\"inLanguage\":\"pl-PL\",\"@id\":\"https:\/\/www.pogotowieflagowe.pl\/aktualne\/polska-awansowala-do-polfinalu-pucharu-billie-jean-king-ze-swiatkiem-na-czele\/#primaryimage\",\"url\":\"https:\/\/www.pogotowieflagowe.pl\/aktualne\/wp-content\/uploads\/2024\/11\/Polska-awansowala-do-polfinalu-Pucharu-Billie-Jean-King-ze-Swiatkiem.jpg\",\"contentUrl\":\"https:\/\/www.pogotowieflagowe.pl\/aktualne\/wp-content\/uploads\/2024\/11\/Polska-awansowala-do-polfinalu-Pucharu-Billie-Jean-King-ze-Swiatkiem.jpg\",\"width\":1072,\"height\":608,\"caption\":\"Polska awansowa\u0142a do p\u00f3\u0142fina\u0142u Pucharu Billie Jean King ze \u015awi\u0105tkiem na czele\"},{\"@type\":\"BreadcrumbList\",\"@id\":\"https:\/\/www.pogotowieflagowe.pl\/aktualne\/polska-awansowala-do-polfinalu-pucharu-billie-jean-king-ze-swiatkiem-na-czele\/#breadcrumb\",\"itemListElement\":[{\"@type\":\"ListItem\",\"position\":1,\"name\":\"Home\",\"item\":\"https:\/\/www.pogotowieflagowe.pl\/aktualne\/\"},{\"@type\":\"ListItem\",\"position\":2,\"name\":\"Polska awansowa\u0142a do p\u00f3\u0142fina\u0142u Pucharu Billie Jean King ze \u015awi\u0105tkiem na czele\"}]},{\"@type\":\"WebSite\",\"@id\":\"https:\/\/www.pogotowieflagowe.pl\/aktualne\/#website\",\"url\":\"https:\/\/www.pogotowieflagowe.pl\/aktualne\/\",\"name\":\"POGOTOWIE FLAGOWE\u00ae\",\"description\":\"\",\"publisher\":{\"@id\":\"https:\/\/www.pogotowieflagowe.pl\/aktualne\/#organization\"},\"potentialAction\":[{\"@type\":\"SearchAction\",\"target\":{\"@type\":\"EntryPoint\",\"urlTemplate\":\"https:\/\/www.pogotowieflagowe.pl\/aktualne\/?s={search_term_string}\"},\"query-input\":\"required name=search_term_string\"}],\"inLanguage\":\"pl-PL\"},{\"@type\":\"Organization\",\"@id\":\"https:\/\/www.pogotowieflagowe.pl\/aktualne\/#organization\",\"name\":\"POGOTOWIE FLAGOWE\u00ae\",\"url\":\"https:\/\/www.pogotowieflagowe.pl\/aktualne\/\",\"logo\":{\"@type\":\"ImageObject\",\"inLanguage\":\"pl-PL\",\"@id\":\"https:\/\/www.pogotowieflagowe.pl\/aktualne\/#\/schema\/logo\/image\/\",\"url\":\"https:\/\/www.pogotowieflagowe.pl\/aktualne\/wp-content\/uploads\/2024\/08\/cropped-pogotowieflagowe_flaga_projekt_sm.jpg\",\"contentUrl\":\"https:\/\/www.pogotowieflagowe.pl\/aktualne\/wp-content\/uploads\/2024\/08\/cropped-pogotowieflagowe_flaga_projekt_sm.jpg\",\"width\":250,\"height\":143,\"caption\":\"POGOTOWIE FLAGOWE\u00ae\"},\"image\":{\"@id\":\"https:\/\/www.pogotowieflagowe.pl\/aktualne\/#\/schema\/logo\/image\/\"}},{\"@type\":\"Person\",\"@id\":\"https:\/\/www.pogotowieflagowe.pl\/aktualne\/#\/schema\/person\/9c2fb7d2362ebf6fa088960d7f0d27b0\",\"name\":\"Filip\",\"image\":{\"@type\":\"ImageObject\",\"inLanguage\":\"pl-PL\",\"@id\":\"https:\/\/www.pogotowieflagowe.pl\/aktualne\/#\/schema\/person\/image\/\",\"url\":\"https:\/\/www.pogotowieflagowe.pl\/aktualne\/wp-content\/uploads\/2024\/08\/pogotowieflagowe.pl_.jpg\",\"contentUrl\":\"https:\/\/www.pogotowieflagowe.pl\/aktualne\/wp-content\/uploads\/2024\/08\/pogotowieflagowe.pl_.jpg\",\"caption\":\"Filip\"},\"description\":\"Jestem Filip, polski dziennikarz z dyplomem nauk politycznych Uniwersytetu Warszawskiego. Rozpoczynaj\u0105c swoj\u0105 karier\u0119 w r\u00f3\u017cnych lokalnych mediach, zdoby\u0142em solidne do\u015bwiadczenie w zakresie \u015bledztwa i redakcji. Obecnie jako redaktor w Pogotowie flagowe, staram si\u0119 dostarcza\u0107 dog\u0142\u0119bne i istotne analizy na temat najwa\u017cniejszych kwestii aktualno\u015bci, \u0142\u0105cz\u0105c rygor z pasj\u0105 dziennikarsk\u0105.\",\"sameAs\":[\"https:\/\/www.pogotowieflagowe.pl\/\"]}]}<\/script>\n<!-- \/ Yoast SEO plugin. -->","yoast_head_json":{"title":"Polska awansowa\u0142a do p\u00f3\u0142fina\u0142u Pucharu Billie Jean King ze \u015awi\u0105tkiem na czele - POGOTOWIE FLAGOWE\u00ae","robots":{"index":"index","follow":"follow","max-snippet":"max-snippet:-1","max-image-preview":"max-image-preview:large","max-video-preview":"max-video-preview:-1"},"canonical":"https:\/\/www.pogotowieflagowe.pl\/aktualne\/polska-awansowala-do-polfinalu-pucharu-billie-jean-king-ze-swiatkiem-na-czele\/","og_locale":"pl_PL","og_type":"article","og_title":"Polska awansowa\u0142a do p\u00f3\u0142fina\u0142u Pucharu Billie Jean King ze \u015awi\u0105tkiem na czele - POGOTOWIE FLAGOWE\u00ae","og_description":"Dzi\u0119ki Pucharowi Billie Jean King 2024 polska reprezentacja tenisowa kobiet, na czele kt\u00f3rej stoi numer dwa na \u015bwiecie, Iga \u015awi\u0105tek,","og_url":"https:\/\/www.pogotowieflagowe.pl\/aktualne\/polska-awansowala-do-polfinalu-pucharu-billie-jean-king-ze-swiatkiem-na-czele\/","og_site_name":"POGOTOWIE FLAGOWE\u00ae","article_published_time":"2024-11-17T17:47:11+00:00","article_modified_time":"2024-11-17T17:47:13+00:00","og_image":[{"width":1072,"height":608,"url":"https:\/\/www.pogotowieflagowe.pl\/aktualne\/wp-content\/uploads\/2024\/11\/Polska-awansowala-do-polfinalu-Pucharu-Billie-Jean-King-ze-Swiatkiem.jpg","type":"image\/jpeg"}],"author":"Filip","twitter_card":"summary_large_image","twitter_misc":{"Napisane przez":"Filip","Szacowany czas czytania":"2 minuty"},"schema":{"@context":"https:\/\/schema.org","@graph":[{"@type":"Article","@id":"https:\/\/www.pogotowieflagowe.pl\/aktualne\/polska-awansowala-do-polfinalu-pucharu-billie-jean-king-ze-swiatkiem-na-czele\/#article","isPartOf":{"@id":"https:\/\/www.pogotowieflagowe.pl\/aktualne\/polska-awansowala-do-polfinalu-pucharu-billie-jean-king-ze-swiatkiem-na-czele\/"},"author":{"name":"Filip","@id":"https:\/\/www.pogotowieflagowe.pl\/aktualne\/#\/schema\/person\/9c2fb7d2362ebf6fa088960d7f0d27b0"},"headline":"Polska awansowa\u0142a do p\u00f3\u0142fina\u0142u Pucharu Billie Jean King ze \u015awi\u0105tkiem na czele","datePublished":"2024-11-17T17:47:11+00:00","dateModified":"2024-11-17T17:47:13+00:00","mainEntityOfPage":{"@id":"https:\/\/www.pogotowieflagowe.pl\/aktualne\/polska-awansowala-do-polfinalu-pucharu-billie-jean-king-ze-swiatkiem-na-czele\/"},"wordCount":323,"publisher":{"@id":"https:\/\/www.pogotowieflagowe.pl\/aktualne\/#organization"},"image":{"@id":"https:\/\/www.pogotowieflagowe.pl\/aktualne\/polska-awansowala-do-polfinalu-pucharu-billie-jean-king-ze-swiatkiem-na-czele\/#primaryimage"},"thumbnailUrl":"https:\/\/www.pogotowieflagowe.pl\/aktualne\/wp-content\/uploads\/2024\/11\/Polska-awansowala-do-polfinalu-Pucharu-Billie-Jean-King-ze-Swiatkiem.jpg","keywords":["awansowa\u0142a","Billie","czele","Jean","King","p\u00f3\u0142fina\u0142u","polska","Pucharu","\u015awi\u0105tkiem"],"articleSection":["Lekkoatletyka"],"inLanguage":"pl-PL"},{"@type":"WebPage","@id":"https:\/\/www.pogotowieflagowe.pl\/aktualne\/polska-awansowala-do-polfinalu-pucharu-billie-jean-king-ze-swiatkiem-na-czele\/","url":"https:\/\/www.pogotowieflagowe.pl\/aktualne\/polska-awansowala-do-polfinalu-pucharu-billie-jean-king-ze-swiatkiem-na-czele\/","name":"Polska awansowa\u0142a do p\u00f3\u0142fina\u0142u Pucharu Billie Jean King ze \u015awi\u0105tkiem na czele - POGOTOWIE FLAGOWE\u00ae","isPartOf":{"@id":"https:\/\/www.pogotowieflagowe.pl\/aktualne\/#website"},"primaryImageOfPage":{"@id":"https:\/\/www.pogotowieflagowe.pl\/aktualne\/polska-awansowala-do-polfinalu-pucharu-billie-jean-king-ze-swiatkiem-na-czele\/#primaryimage"},"image":{"@id":"https:\/\/www.pogotowieflagowe.pl\/aktualne\/polska-awansowala-do-polfinalu-pucharu-billie-jean-king-ze-swiatkiem-na-czele\/#primaryimage"},"thumbnailUrl":"https:\/\/www.pogotowieflagowe.pl\/aktualne\/wp-content\/uploads\/2024\/11\/Polska-awansowala-do-polfinalu-Pucharu-Billie-Jean-King-ze-Swiatkiem.jpg","datePublished":"2024-11-17T17:47:11+00:00","dateModified":"2024-11-17T17:47:13+00:00","breadcrumb":{"@id":"https:\/\/www.pogotowieflagowe.pl\/aktualne\/polska-awansowala-do-polfinalu-pucharu-billie-jean-king-ze-swiatkiem-na-czele\/#breadcrumb"},"inLanguage":"pl-PL","potentialAction":[{"@type":"ReadAction","target":["https:\/\/www.pogotowieflagowe.pl\/aktualne\/polska-awansowala-do-polfinalu-pucharu-billie-jean-king-ze-swiatkiem-na-czele\/"]}]},{"@type":"ImageObject","inLanguage":"pl-PL","@id":"https:\/\/www.pogotowieflagowe.pl\/aktualne\/polska-awansowala-do-polfinalu-pucharu-billie-jean-king-ze-swiatkiem-na-czele\/#primaryimage","url":"https:\/\/www.pogotowieflagowe.pl\/aktualne\/wp-content\/uploads\/2024\/11\/Polska-awansowala-do-polfinalu-Pucharu-Billie-Jean-King-ze-Swiatkiem.jpg","contentUrl":"https:\/\/www.pogotowieflagowe.pl\/aktualne\/wp-content\/uploads\/2024\/11\/Polska-awansowala-do-polfinalu-Pucharu-Billie-Jean-King-ze-Swiatkiem.jpg","width":1072,"height":608,"caption":"Polska awansowa\u0142a do p\u00f3\u0142fina\u0142u Pucharu Billie Jean King ze \u015awi\u0105tkiem na czele"},{"@type":"BreadcrumbList","@id":"https:\/\/www.pogotowieflagowe.pl\/aktualne\/polska-awansowala-do-polfinalu-pucharu-billie-jean-king-ze-swiatkiem-na-czele\/#breadcrumb","itemListElement":[{"@type":"ListItem","position":1,"name":"Home","item":"https:\/\/www.pogotowieflagowe.pl\/aktualne\/"},{"@type":"ListItem","position":2,"name":"Polska awansowa\u0142a do p\u00f3\u0142fina\u0142u Pucharu Billie Jean King ze \u015awi\u0105tkiem na czele"}]},{"@type":"WebSite","@id":"https:\/\/www.pogotowieflagowe.pl\/aktualne\/#website","url":"https:\/\/www.pogotowieflagowe.pl\/aktualne\/","name":"POGOTOWIE FLAGOWE\u00ae","description":"","publisher":{"@id":"https:\/\/www.pogotowieflagowe.pl\/aktualne\/#organization"},"potentialAction":[{"@type":"SearchAction","target":{"@type":"EntryPoint","urlTemplate":"https:\/\/www.pogotowieflagowe.pl\/aktualne\/?s={search_term_string}"},"query-input":"required name=search_term_string"}],"inLanguage":"pl-PL"},{"@type":"Organization","@id":"https:\/\/www.pogotowieflagowe.pl\/aktualne\/#organization","name":"POGOTOWIE FLAGOWE\u00ae","url":"https:\/\/www.pogotowieflagowe.pl\/aktualne\/","logo":{"@type":"ImageObject","inLanguage":"pl-PL","@id":"https:\/\/www.pogotowieflagowe.pl\/aktualne\/#\/schema\/logo\/image\/","url":"https:\/\/www.pogotowieflagowe.pl\/aktualne\/wp-content\/uploads\/2024\/08\/cropped-pogotowieflagowe_flaga_projekt_sm.jpg","contentUrl":"https:\/\/www.pogotowieflagowe.pl\/aktualne\/wp-content\/uploads\/2024\/08\/cropped-pogotowieflagowe_flaga_projekt_sm.jpg","width":250,"height":143,"caption":"POGOTOWIE FLAGOWE\u00ae"},"image":{"@id":"https:\/\/www.pogotowieflagowe.pl\/aktualne\/#\/schema\/logo\/image\/"}},{"@type":"Person","@id":"https:\/\/www.pogotowieflagowe.pl\/aktualne\/#\/schema\/person\/9c2fb7d2362ebf6fa088960d7f0d27b0","name":"Filip","image":{"@type":"ImageObject","inLanguage":"pl-PL","@id":"https:\/\/www.pogotowieflagowe.pl\/aktualne\/#\/schema\/person\/image\/","url":"https:\/\/www.pogotowieflagowe.pl\/aktualne\/wp-content\/uploads\/2024\/08\/pogotowieflagowe.pl_.jpg","contentUrl":"https:\/\/www.pogotowieflagowe.pl\/aktualne\/wp-content\/uploads\/2024\/08\/pogotowieflagowe.pl_.jpg","caption":"Filip"},"description":"Jestem Filip, polski dziennikarz z dyplomem nauk politycznych Uniwersytetu Warszawskiego. Rozpoczynaj\u0105c swoj\u0105 karier\u0119 w r\u00f3\u017cnych lokalnych mediach, zdoby\u0142em solidne do\u015bwiadczenie w zakresie \u015bledztwa i redakcji. Obecnie jako redaktor w Pogotowie flagowe, staram si\u0119 dostarcza\u0107 dog\u0142\u0119bne i istotne analizy na temat najwa\u017cniejszych kwestii aktualno\u015bci, \u0142\u0105cz\u0105c rygor z pasj\u0105 dziennikarsk\u0105.","sameAs":["https:\/\/www.pogotowieflagowe.pl\/"]}]}},"_links":{"self":[{"href":"https:\/\/www.pogotowieflagowe.pl\/aktualne\/wp-json\/wp\/v2\/posts\/1880","targetHints":{"allow":["GET"]}}],"collection":[{"href":"https:\/\/www.pogotowieflagowe.pl\/aktualne\/wp-json\/wp\/v2\/posts"}],"about":[{"href":"https:\/\/www.pogotowieflagowe.pl\/aktualne\/wp-json\/wp\/v2\/types\/post"}],"author":[{"embeddable":true,"href":"https:\/\/www.pogotowieflagowe.pl\/aktualne\/wp-json\/wp\/v2\/users\/1"}],"replies":[{"embeddable":true,"href":"https:\/\/www.pogotowieflagowe.pl\/aktualne\/wp-json\/wp\/v2\/comments?post=1880"}],"version-history":[{"count":1,"href":"https:\/\/www.pogotowieflagowe.pl\/aktualne\/wp-json\/wp\/v2\/posts\/1880\/revisions"}],"predecessor-version":[{"id":1882,"href":"https:\/\/www.pogotowieflagowe.pl\/aktualne\/wp-json\/wp\/v2\/posts\/1880\/revisions\/1882"}],"wp:featuredmedia":[{"embeddable":true,"href":"https:\/\/www.pogotowieflagowe.pl\/aktualne\/wp-json\/wp\/v2\/media\/1881"}],"wp:attachment":[{"href":"https:\/\/www.pogotowieflagowe.pl\/aktualne\/wp-json\/wp\/v2\/media?parent=1880"}],"wp:term":[{"taxonomy":"category","embeddable":true,"href":"https:\/\/www.pogotowieflagowe.pl\/aktualne\/wp-json\/wp\/v2\/categories?post=1880"},{"taxonomy":"post_tag","embeddable":true,"href":"https:\/\/www.pogotowieflagowe.pl\/aktualne\/wp-json\/wp\/v2\/tags?post=1880"}],"curies":[{"name":"wp","href":"https:\/\/api.w.org\/{rel}","templated":true}]}}