{"id":190,"date":"2024-08-21T20:40:42","date_gmt":"2024-08-21T18:40:42","guid":{"rendered":"https:\/\/www.pogotowieflagowe.pl\/aktualne\/tysiace-martwych-ryb-problem-narasta-a-tusk-milczy-dwa-lata-temu-sklamal-o-rteci\/"},"modified":"2024-08-21T20:40:44","modified_gmt":"2024-08-21T18:40:44","slug":"tysiace-martwych-ryb-problem-narasta-a-tusk-milczy-dwa-lata-temu-sklamal-o-rteci","status":"publish","type":"post","link":"https:\/\/www.pogotowieflagowe.pl\/aktualne\/tysiace-martwych-ryb-problem-narasta-a-tusk-milczy-dwa-lata-temu-sklamal-o-rteci\/","title":{"rendered":"Tysi\u0105ce martwych ryb, problem narasta, a Tusk milczy. Dwa lata temu sk\u0142ama\u0142 o rt\u0119ci\u2026"},"content":{"rendered":"\n<div class=\"td_block_wrap tdb_single_content tdi_48 td-pb-border-top td_block_template_8 td-post-content tagdiv-type\" data-td-block-uid=\"tdi_48\">\n<style>.tdi_48{margines g\u00f3rny:0px!wa\u017cne;margines dolny:0px!wa\u017cne;wype\u0142nienie g\u00f3rne:0px!wa\u017cne;wype\u0142nienie dolne:0px!wa\u017cne}<\/style>\n<style>.tdb_single_content{margines-dolny:0;*powi\u0119kszenie:1}.tdb_single_content:before,.tdb_single_content:after{wy\u015bwietlanie:tabela;zawarto\u015b\u0107:'';wysoko\u015b\u0107-linii:0}.tdb_single_content:after{wyczy\u015b\u0107:oba}.tdb_single_content .tdb-block-inner>*:not(.wp-block-quote):not(.alignwide):not(.alignfull.wp-block-cover.has-parallax):not(.td-a-ad){margines-lewy:auto;margines-prawy:auto}.tdb_single_content a{zdarzenia-wska\u017anika:auto}.tdb_single_content .td-spot-id-top_ad .tdc-placeholder-title:before{zawarto\u015b\u0107:'Pocz\u0105tek artyku\u0142u Reklama'!important}.tdb_single_content .td-spot-id-inline_ad0 .tdc-placeholder-title:before{content:'Reklama inline artyku\u0142u 1'!important}.tdb_single_content .td-spot-id-inline_ad1 .tdc-placeholder-title:before{content:'Reklama inline artyku\u0142u 2'!important}.tdb_single_content .td-spot-id-inline_ad2 .tdc-placeholder-title:before{content:'Reklama inline artyku\u0142u 3'!important}.tdb_single_content .td-spot-id-bottom_ad .tdc-placeholder-title:before{content:'Reklama dolna artyku\u0142u'!important}.tdb_single_content .id_top_ad,.tdb_single_content .id_bottom_ad{clear:both;margines-dolny:21px;wyr\u00f3wnanie-tekstu:\u015brodek}.tdb_single_content .id_top_ad img,.tdb_single_content .id_bottom_ad img{margines-dolny:0}.tdb_single_content .id_top_ad .adsbygoogle,.tdb_single_content .id_bottom_ad .adsbygoogle{pozycja:wzgl\u0119dna}.tdb_single_content .id_ad_content-poziom-lewy,.tdb_single_content .id_ad_content-poziom-prawy,.tdb_single_content .id_ad_content-horiz-center{margines dolny:15px}.tdb_single_content .id_ad_content-horiz-lewy img,.tdb_single_content .id_ad_content-horiz-prawy img,.tdb_single_content .id_ad_content-horiz-center img{margines dolny:0}.tdb_single_content .id_ad_content-horiz-center{wyr\u00f3wnanie tekstu:\u015brodek}.tdb_single_content .id_ad_content-horiz-center img{margines prawy:auto;margines lewy:auto}.tdb_single_content .id_ad_content-horiz-left{float:lewy;margines g\u00f3rny:9px;margines prawy:21px}.tdb_single_content .id_ad_content-horiz-right{float:right;margines-g\u00f3rny:6px;margines-lewy:21px}.tdb_single_content .tdc-a-ad .tdc-placeholder-title{szeroko\u015b\u0107:300px;wysoko\u015b\u0107:250px}.tdb_single_content .tdc-a-ad .tdc-placeholder-title:before{pozycja:absolutna;g\u00f3ra:50%;-webkit-transform:translateY(-50%);przekszta\u0142cenie:translateY(-50%);margines:auto;wy\u015bwietlanie:tabela;szeroko\u015b\u0107:100%}.tdb_single_content .tdb-block-inner.td-fix-index{word-break:break-word}.tdi_48,.tdi_48>p,.tdi_48 .tdb-block-inner>p{rozmiar-czcionki:16px!wa\u017cne;wysoko\u015b\u0107-linii:1.6!wa\u017cne}.tdi_48 .tdb-block-inner cytat p{styl-czcionki:normalny!wa\u017cne}@media (maks. szeroko\u015b\u0107:767px){.tdb_single_content .id_ad_content-poziom-lewo,.tdb_single_content .id_ad_content-poziom-prawo,.tdb_single_content .id_ad_content-poziom-\u015brodek{margines:0 auto 26px auto}}@media (maks. szeroko\u015b\u0107:767px){.tdb_single_content .id_ad_content-poziom-lewo{margines-prawy:0}}@media (maks. szeroko\u015b\u0107:767px){.tdb_single_content .id_ad_content-horiz-right{margines-lewy:0}}@media (maksymalna szeroko\u015b\u0107:767px){.tdb_single_content .td-a-ad{float:none;wyr\u00f3wnanie tekstu:\u015brodek}.tdb_single_content .td-a-ad img{margines-prawy:auto;margines-lewy:auto}.tdb_single_content .tdc-a-ad{float:none}}<\/style>\n<div class=\"tdb-block-inner td-fix-index\">\n<p>Kwestia martwych ryb wraca do Polski jak pot\u0119\u017cny bumerang. Jak ujawniono w naszym raporcie, nie jest to wynik rt\u0119ci, wbrew temu, co twierdzi\u0142a Koalicja Obywatelska prawie dwa lata temu. Gdzie wi\u0119c jest teraz Donald Tusk, w czasie tej prawdziwej katastrofy ekologicznej? Dobre pytanie\u2026<\/p>\n<p>Wszyscy pami\u0119tamy rok 2022 i wszystko, co wydarzy\u0142o si\u0119 w zwi\u0105zku z masowym wymieraniem ton ryb w Odrze. W tym czasie politycy opozycji, na czele z Donaldem Tuskiem, powt\u00f3rzyli niemieck\u0105 narracj\u0119, \u017ce przyczyn\u0105 masowego wymierania by\u0142a\u2026 rt\u0119\u0107 w rzece.<\/p>\n<p>Przyk\u0142adowo niemiecki portal rbb24 poinformowa\u0142, \u017ce \u201ewed\u0142ug wst\u0119pnych wynik\u00f3w analiz pr\u00f3bek wody pobranych z Odry na granicy polsko-niemieckiej, laboratorium Berlin-Brandenburgia stwierdzi\u0142o w nich wysoki poziom rt\u0119ci\u201d. Jednak zaledwie dzie\u0144 po tym \u201eobjawieniu\u201d ten sam portal, powo\u0142uj\u0105c si\u0119 na ministra \u015brodowiska Brandenburgii Axela Vogla, poinformowa\u0142, \u017ce przyczyn\u0105 masowego wymierania ryb mog\u0105 by\u0107 du\u017ce ilo\u015bci rozpuszczonych soli i niski poziom wody.<\/p>\n<p>\u201eW tej chwili nie mo\u017cemy potwierdzi\u0107, \u017ce przyczyn\u0105 zgon\u00f3w by\u0142a rt\u0119\u0107\u201d \u2013 napisali.<\/p>\n<p>To nie by\u0142a prawda, ale Civic Coalition pozosta\u0142a nieugi\u0119ta. \u015amier\u0107 tysi\u0119cy ryb by\u0142a spowodowana zakwitem glon\u00f3w.<\/p>\n<p>Podobna sytuacja ma obecnie miejsce w Kanale Gliwickim.<\/p>\n<p>Dzisiaj na portalu Niezalezna.pl opublikowali\u015bmy szczeg\u00f3\u0142owy raport ze zdj\u0119ciami i filmami pokazuj\u0105cymi aktualn\u0105 sytuacj\u0119 w tej cz\u0119\u015bci Polski. W ka\u017cdym razie sytuacja jest naprawd\u0119 fatalna.<\/p>\n<p>Tusk milczy, cho\u0107 dwa lata temu grzmia\u0142 o rt\u0119ci<\/p>\n<p>Cho\u0107 rz\u0105dz\u0105ca wi\u0119kszo\u015b\u0107 w 2022 r. dok\u0142ada\u0142a wszelkich stara\u0144, aby szybko zbada\u0107 i zapobiec podobnym sytuacjom w przysz\u0142o\u015bci, spotka\u0142a si\u0119 z lawin\u0105 atak\u00f3w ze strony opozycji.<\/p>\n<p>W tym kontek\u015bcie warto przypomnie\u0107 niemal emblematyczny wpis Donalda Tuska, w kt\u00f3rym por\u00f3wna\u0142 Prawo i Sprawiedliwo\u015b\u0107 do&#8230; rt\u0119ci.<\/p>\n<p>\u201eNie tylko ryby w Odrze s\u0105 martwe, ca\u0142e pa\u0144stwo jest martwe pod rz\u0105dami Kaczy\u0144skiego. PiS jest jak rt\u0119\u0107\u201d \u2013 g\u0142osi\u0142 jego wpis.<\/p>\n<p>Wpis ten spotka\u0142 si\u0119 z wieloma ostrymi komentarzami pod adresem obecnego premiera \u2014 nie tylko ze strony partii rz\u0105dz\u0105cej, ale tak\u017ce ze strony internaut\u00f3w.<\/p>\n<\/div>\n<\/div>\n","protected":false},"excerpt":{"rendered":"<p>Kwestia martwych ryb wraca do Polski jak pot\u0119\u017cny bumerang. Jak ujawniono w naszym raporcie, nie jest to wynik rt\u0119ci, wbrew<\/p>\n","protected":false},"author":1,"featured_media":191,"comment_status":"closed","ping_status":"","sticky":false,"template":"","format":"standard","meta":{"footnotes":""},"categories":[44],"tags":[223,224,217,222,220,219,227,218,226,225,221,216],"class_list":["post-190","post","type-post","status-publish","format-standard","has-post-thumbnail","hentry","category-polityka","tag-dwa","tag-lata","tag-martwych","tag-milczy","tag-narasta","tag-problem","tag-rteci","tag-ryb","tag-sklamal","tag-temu","tag-tusk","tag-tysiace","generate-columns","tablet-grid-50","mobile-grid-100","grid-parent","grid-50","resize-featured-image"],"yoast_head":"<!-- This site is optimized with the Yoast SEO plugin v23.2 - https:\/\/yoast.com\/wordpress\/plugins\/seo\/ -->\n<title>Tysi\u0105ce martwych ryb, problem narasta, a Tusk milczy. Dwa lata temu sk\u0142ama\u0142 o rt\u0119ci\u2026 - POGOTOWIE FLAGOWE\u00ae<\/title>\n<meta name=\"robots\" content=\"index, follow, max-snippet:-1, max-image-preview:large, max-video-preview:-1\" \/>\n<link rel=\"canonical\" href=\"https:\/\/www.pogotowieflagowe.pl\/aktualne\/tysiace-martwych-ryb-problem-narasta-a-tusk-milczy-dwa-lata-temu-sklamal-o-rteci\/\" \/>\n<meta property=\"og:locale\" content=\"pl_PL\" \/>\n<meta property=\"og:type\" content=\"article\" \/>\n<meta property=\"og:title\" content=\"Tysi\u0105ce martwych ryb, problem narasta, a Tusk milczy. Dwa lata temu sk\u0142ama\u0142 o rt\u0119ci\u2026 - POGOTOWIE FLAGOWE\u00ae\" \/>\n<meta property=\"og:description\" content=\"Kwestia martwych ryb wraca do Polski jak pot\u0119\u017cny bumerang. Jak ujawniono w naszym raporcie, nie jest to wynik rt\u0119ci, wbrew\" \/>\n<meta property=\"og:url\" content=\"https:\/\/www.pogotowieflagowe.pl\/aktualne\/tysiace-martwych-ryb-problem-narasta-a-tusk-milczy-dwa-lata-temu-sklamal-o-rteci\/\" \/>\n<meta property=\"og:site_name\" content=\"POGOTOWIE FLAGOWE\u00ae\" \/>\n<meta property=\"article:published_time\" content=\"2024-08-21T18:40:42+00:00\" \/>\n<meta property=\"article:modified_time\" content=\"2024-08-21T18:40:44+00:00\" \/>\n<meta property=\"og:image\" content=\"https:\/\/www.pogotowieflagowe.pl\/aktualne\/wp-content\/uploads\/2024\/08\/Tysiace-martwych-ryb-problem-narasta-a-Tusk-milczy-Dwa-lata.jpg\" \/>\n\t<meta property=\"og:image:width\" content=\"1920\" \/>\n\t<meta property=\"og:image:height\" content=\"1091\" \/>\n\t<meta property=\"og:image:type\" content=\"image\/jpeg\" \/>\n<meta name=\"author\" content=\"Filip\" \/>\n<meta name=\"twitter:card\" content=\"summary_large_image\" \/>\n<meta name=\"twitter:label1\" content=\"Napisane przez\" \/>\n\t<meta name=\"twitter:data1\" content=\"Filip\" \/>\n\t<meta name=\"twitter:label2\" content=\"Szacowany czas czytania\" \/>\n\t<meta name=\"twitter:data2\" content=\"2 minuty\" \/>\n<script type=\"application\/ld+json\" class=\"yoast-schema-graph\">{\"@context\":\"https:\/\/schema.org\",\"@graph\":[{\"@type\":\"Article\",\"@id\":\"https:\/\/www.pogotowieflagowe.pl\/aktualne\/tysiace-martwych-ryb-problem-narasta-a-tusk-milczy-dwa-lata-temu-sklamal-o-rteci\/#article\",\"isPartOf\":{\"@id\":\"https:\/\/www.pogotowieflagowe.pl\/aktualne\/tysiace-martwych-ryb-problem-narasta-a-tusk-milczy-dwa-lata-temu-sklamal-o-rteci\/\"},\"author\":{\"name\":\"Filip\",\"@id\":\"https:\/\/www.pogotowieflagowe.pl\/aktualne\/#\/schema\/person\/9c2fb7d2362ebf6fa088960d7f0d27b0\"},\"headline\":\"Tysi\u0105ce martwych ryb, problem narasta, a Tusk milczy. Dwa lata temu sk\u0142ama\u0142 o rt\u0119ci\u2026\",\"datePublished\":\"2024-08-21T18:40:42+00:00\",\"dateModified\":\"2024-08-21T18:40:44+00:00\",\"mainEntityOfPage\":{\"@id\":\"https:\/\/www.pogotowieflagowe.pl\/aktualne\/tysiace-martwych-ryb-problem-narasta-a-tusk-milczy-dwa-lata-temu-sklamal-o-rteci\/\"},\"wordCount\":373,\"publisher\":{\"@id\":\"https:\/\/www.pogotowieflagowe.pl\/aktualne\/#organization\"},\"image\":{\"@id\":\"https:\/\/www.pogotowieflagowe.pl\/aktualne\/tysiace-martwych-ryb-problem-narasta-a-tusk-milczy-dwa-lata-temu-sklamal-o-rteci\/#primaryimage\"},\"thumbnailUrl\":\"https:\/\/www.pogotowieflagowe.pl\/aktualne\/wp-content\/uploads\/2024\/08\/Tysiace-martwych-ryb-problem-narasta-a-Tusk-milczy-Dwa-lata.jpg\",\"keywords\":[\"Dwa\",\"lata\",\"martwych\",\"milczy\",\"narasta\",\"problem\",\"rt\u0119ci\",\"ryb\",\"sk\u0142ama\u0142\",\"temu\",\"Tusk\",\"Tysi\u0105ce\"],\"articleSection\":[\"Polityka\"],\"inLanguage\":\"pl-PL\"},{\"@type\":\"WebPage\",\"@id\":\"https:\/\/www.pogotowieflagowe.pl\/aktualne\/tysiace-martwych-ryb-problem-narasta-a-tusk-milczy-dwa-lata-temu-sklamal-o-rteci\/\",\"url\":\"https:\/\/www.pogotowieflagowe.pl\/aktualne\/tysiace-martwych-ryb-problem-narasta-a-tusk-milczy-dwa-lata-temu-sklamal-o-rteci\/\",\"name\":\"Tysi\u0105ce martwych ryb, problem narasta, a Tusk milczy. Dwa lata temu sk\u0142ama\u0142 o rt\u0119ci\u2026 - POGOTOWIE FLAGOWE\u00ae\",\"isPartOf\":{\"@id\":\"https:\/\/www.pogotowieflagowe.pl\/aktualne\/#website\"},\"primaryImageOfPage\":{\"@id\":\"https:\/\/www.pogotowieflagowe.pl\/aktualne\/tysiace-martwych-ryb-problem-narasta-a-tusk-milczy-dwa-lata-temu-sklamal-o-rteci\/#primaryimage\"},\"image\":{\"@id\":\"https:\/\/www.pogotowieflagowe.pl\/aktualne\/tysiace-martwych-ryb-problem-narasta-a-tusk-milczy-dwa-lata-temu-sklamal-o-rteci\/#primaryimage\"},\"thumbnailUrl\":\"https:\/\/www.pogotowieflagowe.pl\/aktualne\/wp-content\/uploads\/2024\/08\/Tysiace-martwych-ryb-problem-narasta-a-Tusk-milczy-Dwa-lata.jpg\",\"datePublished\":\"2024-08-21T18:40:42+00:00\",\"dateModified\":\"2024-08-21T18:40:44+00:00\",\"breadcrumb\":{\"@id\":\"https:\/\/www.pogotowieflagowe.pl\/aktualne\/tysiace-martwych-ryb-problem-narasta-a-tusk-milczy-dwa-lata-temu-sklamal-o-rteci\/#breadcrumb\"},\"inLanguage\":\"pl-PL\",\"potentialAction\":[{\"@type\":\"ReadAction\",\"target\":[\"https:\/\/www.pogotowieflagowe.pl\/aktualne\/tysiace-martwych-ryb-problem-narasta-a-tusk-milczy-dwa-lata-temu-sklamal-o-rteci\/\"]}]},{\"@type\":\"ImageObject\",\"inLanguage\":\"pl-PL\",\"@id\":\"https:\/\/www.pogotowieflagowe.pl\/aktualne\/tysiace-martwych-ryb-problem-narasta-a-tusk-milczy-dwa-lata-temu-sklamal-o-rteci\/#primaryimage\",\"url\":\"https:\/\/www.pogotowieflagowe.pl\/aktualne\/wp-content\/uploads\/2024\/08\/Tysiace-martwych-ryb-problem-narasta-a-Tusk-milczy-Dwa-lata.jpg\",\"contentUrl\":\"https:\/\/www.pogotowieflagowe.pl\/aktualne\/wp-content\/uploads\/2024\/08\/Tysiace-martwych-ryb-problem-narasta-a-Tusk-milczy-Dwa-lata.jpg\",\"width\":1920,\"height\":1091,\"caption\":\"Tysi\u0105ce martwych ryb, problem narasta, a Tusk milczy. Dwa lata temu sk\u0142ama\u0142 o rt\u0119ci\u2026\"},{\"@type\":\"BreadcrumbList\",\"@id\":\"https:\/\/www.pogotowieflagowe.pl\/aktualne\/tysiace-martwych-ryb-problem-narasta-a-tusk-milczy-dwa-lata-temu-sklamal-o-rteci\/#breadcrumb\",\"itemListElement\":[{\"@type\":\"ListItem\",\"position\":1,\"name\":\"Home\",\"item\":\"https:\/\/www.pogotowieflagowe.pl\/aktualne\/\"},{\"@type\":\"ListItem\",\"position\":2,\"name\":\"Tysi\u0105ce martwych ryb, problem narasta, a Tusk milczy. Dwa lata temu sk\u0142ama\u0142 o rt\u0119ci\u2026\"}]},{\"@type\":\"WebSite\",\"@id\":\"https:\/\/www.pogotowieflagowe.pl\/aktualne\/#website\",\"url\":\"https:\/\/www.pogotowieflagowe.pl\/aktualne\/\",\"name\":\"POGOTOWIE FLAGOWE\u00ae\",\"description\":\"\",\"publisher\":{\"@id\":\"https:\/\/www.pogotowieflagowe.pl\/aktualne\/#organization\"},\"potentialAction\":[{\"@type\":\"SearchAction\",\"target\":{\"@type\":\"EntryPoint\",\"urlTemplate\":\"https:\/\/www.pogotowieflagowe.pl\/aktualne\/?s={search_term_string}\"},\"query-input\":\"required name=search_term_string\"}],\"inLanguage\":\"pl-PL\"},{\"@type\":\"Organization\",\"@id\":\"https:\/\/www.pogotowieflagowe.pl\/aktualne\/#organization\",\"name\":\"POGOTOWIE FLAGOWE\u00ae\",\"url\":\"https:\/\/www.pogotowieflagowe.pl\/aktualne\/\",\"logo\":{\"@type\":\"ImageObject\",\"inLanguage\":\"pl-PL\",\"@id\":\"https:\/\/www.pogotowieflagowe.pl\/aktualne\/#\/schema\/logo\/image\/\",\"url\":\"https:\/\/www.pogotowieflagowe.pl\/aktualne\/wp-content\/uploads\/2024\/08\/cropped-pogotowieflagowe_flaga_projekt_sm.jpg\",\"contentUrl\":\"https:\/\/www.pogotowieflagowe.pl\/aktualne\/wp-content\/uploads\/2024\/08\/cropped-pogotowieflagowe_flaga_projekt_sm.jpg\",\"width\":250,\"height\":143,\"caption\":\"POGOTOWIE FLAGOWE\u00ae\"},\"image\":{\"@id\":\"https:\/\/www.pogotowieflagowe.pl\/aktualne\/#\/schema\/logo\/image\/\"}},{\"@type\":\"Person\",\"@id\":\"https:\/\/www.pogotowieflagowe.pl\/aktualne\/#\/schema\/person\/9c2fb7d2362ebf6fa088960d7f0d27b0\",\"name\":\"Filip\",\"image\":{\"@type\":\"ImageObject\",\"inLanguage\":\"pl-PL\",\"@id\":\"https:\/\/www.pogotowieflagowe.pl\/aktualne\/#\/schema\/person\/image\/\",\"url\":\"https:\/\/www.pogotowieflagowe.pl\/aktualne\/wp-content\/uploads\/2024\/08\/pogotowieflagowe.pl_.jpg\",\"contentUrl\":\"https:\/\/www.pogotowieflagowe.pl\/aktualne\/wp-content\/uploads\/2024\/08\/pogotowieflagowe.pl_.jpg\",\"caption\":\"Filip\"},\"description\":\"Jestem Filip, polski dziennikarz z dyplomem nauk politycznych Uniwersytetu Warszawskiego. Rozpoczynaj\u0105c swoj\u0105 karier\u0119 w r\u00f3\u017cnych lokalnych mediach, zdoby\u0142em solidne do\u015bwiadczenie w zakresie \u015bledztwa i redakcji. Obecnie jako redaktor w Pogotowie flagowe, staram si\u0119 dostarcza\u0107 dog\u0142\u0119bne i istotne analizy na temat najwa\u017cniejszych kwestii aktualno\u015bci, \u0142\u0105cz\u0105c rygor z pasj\u0105 dziennikarsk\u0105.\",\"sameAs\":[\"https:\/\/www.pogotowieflagowe.pl\/\"]}]}<\/script>\n<!-- \/ Yoast SEO plugin. -->","yoast_head_json":{"title":"Tysi\u0105ce martwych ryb, problem narasta, a Tusk milczy. Dwa lata temu sk\u0142ama\u0142 o rt\u0119ci\u2026 - POGOTOWIE FLAGOWE\u00ae","robots":{"index":"index","follow":"follow","max-snippet":"max-snippet:-1","max-image-preview":"max-image-preview:large","max-video-preview":"max-video-preview:-1"},"canonical":"https:\/\/www.pogotowieflagowe.pl\/aktualne\/tysiace-martwych-ryb-problem-narasta-a-tusk-milczy-dwa-lata-temu-sklamal-o-rteci\/","og_locale":"pl_PL","og_type":"article","og_title":"Tysi\u0105ce martwych ryb, problem narasta, a Tusk milczy. Dwa lata temu sk\u0142ama\u0142 o rt\u0119ci\u2026 - POGOTOWIE FLAGOWE\u00ae","og_description":"Kwestia martwych ryb wraca do Polski jak pot\u0119\u017cny bumerang. Jak ujawniono w naszym raporcie, nie jest to wynik rt\u0119ci, wbrew","og_url":"https:\/\/www.pogotowieflagowe.pl\/aktualne\/tysiace-martwych-ryb-problem-narasta-a-tusk-milczy-dwa-lata-temu-sklamal-o-rteci\/","og_site_name":"POGOTOWIE FLAGOWE\u00ae","article_published_time":"2024-08-21T18:40:42+00:00","article_modified_time":"2024-08-21T18:40:44+00:00","og_image":[{"width":1920,"height":1091,"url":"https:\/\/www.pogotowieflagowe.pl\/aktualne\/wp-content\/uploads\/2024\/08\/Tysiace-martwych-ryb-problem-narasta-a-Tusk-milczy-Dwa-lata.jpg","type":"image\/jpeg"}],"author":"Filip","twitter_card":"summary_large_image","twitter_misc":{"Napisane przez":"Filip","Szacowany czas czytania":"2 minuty"},"schema":{"@context":"https:\/\/schema.org","@graph":[{"@type":"Article","@id":"https:\/\/www.pogotowieflagowe.pl\/aktualne\/tysiace-martwych-ryb-problem-narasta-a-tusk-milczy-dwa-lata-temu-sklamal-o-rteci\/#article","isPartOf":{"@id":"https:\/\/www.pogotowieflagowe.pl\/aktualne\/tysiace-martwych-ryb-problem-narasta-a-tusk-milczy-dwa-lata-temu-sklamal-o-rteci\/"},"author":{"name":"Filip","@id":"https:\/\/www.pogotowieflagowe.pl\/aktualne\/#\/schema\/person\/9c2fb7d2362ebf6fa088960d7f0d27b0"},"headline":"Tysi\u0105ce martwych ryb, problem narasta, a Tusk milczy. Dwa lata temu sk\u0142ama\u0142 o rt\u0119ci\u2026","datePublished":"2024-08-21T18:40:42+00:00","dateModified":"2024-08-21T18:40:44+00:00","mainEntityOfPage":{"@id":"https:\/\/www.pogotowieflagowe.pl\/aktualne\/tysiace-martwych-ryb-problem-narasta-a-tusk-milczy-dwa-lata-temu-sklamal-o-rteci\/"},"wordCount":373,"publisher":{"@id":"https:\/\/www.pogotowieflagowe.pl\/aktualne\/#organization"},"image":{"@id":"https:\/\/www.pogotowieflagowe.pl\/aktualne\/tysiace-martwych-ryb-problem-narasta-a-tusk-milczy-dwa-lata-temu-sklamal-o-rteci\/#primaryimage"},"thumbnailUrl":"https:\/\/www.pogotowieflagowe.pl\/aktualne\/wp-content\/uploads\/2024\/08\/Tysiace-martwych-ryb-problem-narasta-a-Tusk-milczy-Dwa-lata.jpg","keywords":["Dwa","lata","martwych","milczy","narasta","problem","rt\u0119ci","ryb","sk\u0142ama\u0142","temu","Tusk","Tysi\u0105ce"],"articleSection":["Polityka"],"inLanguage":"pl-PL"},{"@type":"WebPage","@id":"https:\/\/www.pogotowieflagowe.pl\/aktualne\/tysiace-martwych-ryb-problem-narasta-a-tusk-milczy-dwa-lata-temu-sklamal-o-rteci\/","url":"https:\/\/www.pogotowieflagowe.pl\/aktualne\/tysiace-martwych-ryb-problem-narasta-a-tusk-milczy-dwa-lata-temu-sklamal-o-rteci\/","name":"Tysi\u0105ce martwych ryb, problem narasta, a Tusk milczy. Dwa lata temu sk\u0142ama\u0142 o rt\u0119ci\u2026 - POGOTOWIE FLAGOWE\u00ae","isPartOf":{"@id":"https:\/\/www.pogotowieflagowe.pl\/aktualne\/#website"},"primaryImageOfPage":{"@id":"https:\/\/www.pogotowieflagowe.pl\/aktualne\/tysiace-martwych-ryb-problem-narasta-a-tusk-milczy-dwa-lata-temu-sklamal-o-rteci\/#primaryimage"},"image":{"@id":"https:\/\/www.pogotowieflagowe.pl\/aktualne\/tysiace-martwych-ryb-problem-narasta-a-tusk-milczy-dwa-lata-temu-sklamal-o-rteci\/#primaryimage"},"thumbnailUrl":"https:\/\/www.pogotowieflagowe.pl\/aktualne\/wp-content\/uploads\/2024\/08\/Tysiace-martwych-ryb-problem-narasta-a-Tusk-milczy-Dwa-lata.jpg","datePublished":"2024-08-21T18:40:42+00:00","dateModified":"2024-08-21T18:40:44+00:00","breadcrumb":{"@id":"https:\/\/www.pogotowieflagowe.pl\/aktualne\/tysiace-martwych-ryb-problem-narasta-a-tusk-milczy-dwa-lata-temu-sklamal-o-rteci\/#breadcrumb"},"inLanguage":"pl-PL","potentialAction":[{"@type":"ReadAction","target":["https:\/\/www.pogotowieflagowe.pl\/aktualne\/tysiace-martwych-ryb-problem-narasta-a-tusk-milczy-dwa-lata-temu-sklamal-o-rteci\/"]}]},{"@type":"ImageObject","inLanguage":"pl-PL","@id":"https:\/\/www.pogotowieflagowe.pl\/aktualne\/tysiace-martwych-ryb-problem-narasta-a-tusk-milczy-dwa-lata-temu-sklamal-o-rteci\/#primaryimage","url":"https:\/\/www.pogotowieflagowe.pl\/aktualne\/wp-content\/uploads\/2024\/08\/Tysiace-martwych-ryb-problem-narasta-a-Tusk-milczy-Dwa-lata.jpg","contentUrl":"https:\/\/www.pogotowieflagowe.pl\/aktualne\/wp-content\/uploads\/2024\/08\/Tysiace-martwych-ryb-problem-narasta-a-Tusk-milczy-Dwa-lata.jpg","width":1920,"height":1091,"caption":"Tysi\u0105ce martwych ryb, problem narasta, a Tusk milczy. Dwa lata temu sk\u0142ama\u0142 o rt\u0119ci\u2026"},{"@type":"BreadcrumbList","@id":"https:\/\/www.pogotowieflagowe.pl\/aktualne\/tysiace-martwych-ryb-problem-narasta-a-tusk-milczy-dwa-lata-temu-sklamal-o-rteci\/#breadcrumb","itemListElement":[{"@type":"ListItem","position":1,"name":"Home","item":"https:\/\/www.pogotowieflagowe.pl\/aktualne\/"},{"@type":"ListItem","position":2,"name":"Tysi\u0105ce martwych ryb, problem narasta, a Tusk milczy. Dwa lata temu sk\u0142ama\u0142 o rt\u0119ci\u2026"}]},{"@type":"WebSite","@id":"https:\/\/www.pogotowieflagowe.pl\/aktualne\/#website","url":"https:\/\/www.pogotowieflagowe.pl\/aktualne\/","name":"POGOTOWIE FLAGOWE\u00ae","description":"","publisher":{"@id":"https:\/\/www.pogotowieflagowe.pl\/aktualne\/#organization"},"potentialAction":[{"@type":"SearchAction","target":{"@type":"EntryPoint","urlTemplate":"https:\/\/www.pogotowieflagowe.pl\/aktualne\/?s={search_term_string}"},"query-input":"required name=search_term_string"}],"inLanguage":"pl-PL"},{"@type":"Organization","@id":"https:\/\/www.pogotowieflagowe.pl\/aktualne\/#organization","name":"POGOTOWIE FLAGOWE\u00ae","url":"https:\/\/www.pogotowieflagowe.pl\/aktualne\/","logo":{"@type":"ImageObject","inLanguage":"pl-PL","@id":"https:\/\/www.pogotowieflagowe.pl\/aktualne\/#\/schema\/logo\/image\/","url":"https:\/\/www.pogotowieflagowe.pl\/aktualne\/wp-content\/uploads\/2024\/08\/cropped-pogotowieflagowe_flaga_projekt_sm.jpg","contentUrl":"https:\/\/www.pogotowieflagowe.pl\/aktualne\/wp-content\/uploads\/2024\/08\/cropped-pogotowieflagowe_flaga_projekt_sm.jpg","width":250,"height":143,"caption":"POGOTOWIE FLAGOWE\u00ae"},"image":{"@id":"https:\/\/www.pogotowieflagowe.pl\/aktualne\/#\/schema\/logo\/image\/"}},{"@type":"Person","@id":"https:\/\/www.pogotowieflagowe.pl\/aktualne\/#\/schema\/person\/9c2fb7d2362ebf6fa088960d7f0d27b0","name":"Filip","image":{"@type":"ImageObject","inLanguage":"pl-PL","@id":"https:\/\/www.pogotowieflagowe.pl\/aktualne\/#\/schema\/person\/image\/","url":"https:\/\/www.pogotowieflagowe.pl\/aktualne\/wp-content\/uploads\/2024\/08\/pogotowieflagowe.pl_.jpg","contentUrl":"https:\/\/www.pogotowieflagowe.pl\/aktualne\/wp-content\/uploads\/2024\/08\/pogotowieflagowe.pl_.jpg","caption":"Filip"},"description":"Jestem Filip, polski dziennikarz z dyplomem nauk politycznych Uniwersytetu Warszawskiego. Rozpoczynaj\u0105c swoj\u0105 karier\u0119 w r\u00f3\u017cnych lokalnych mediach, zdoby\u0142em solidne do\u015bwiadczenie w zakresie \u015bledztwa i redakcji. Obecnie jako redaktor w Pogotowie flagowe, staram si\u0119 dostarcza\u0107 dog\u0142\u0119bne i istotne analizy na temat najwa\u017cniejszych kwestii aktualno\u015bci, \u0142\u0105cz\u0105c rygor z pasj\u0105 dziennikarsk\u0105.","sameAs":["https:\/\/www.pogotowieflagowe.pl\/"]}]}},"_links":{"self":[{"href":"https:\/\/www.pogotowieflagowe.pl\/aktualne\/wp-json\/wp\/v2\/posts\/190","targetHints":{"allow":["GET"]}}],"collection":[{"href":"https:\/\/www.pogotowieflagowe.pl\/aktualne\/wp-json\/wp\/v2\/posts"}],"about":[{"href":"https:\/\/www.pogotowieflagowe.pl\/aktualne\/wp-json\/wp\/v2\/types\/post"}],"author":[{"embeddable":true,"href":"https:\/\/www.pogotowieflagowe.pl\/aktualne\/wp-json\/wp\/v2\/users\/1"}],"replies":[{"embeddable":true,"href":"https:\/\/www.pogotowieflagowe.pl\/aktualne\/wp-json\/wp\/v2\/comments?post=190"}],"version-history":[{"count":1,"href":"https:\/\/www.pogotowieflagowe.pl\/aktualne\/wp-json\/wp\/v2\/posts\/190\/revisions"}],"predecessor-version":[{"id":192,"href":"https:\/\/www.pogotowieflagowe.pl\/aktualne\/wp-json\/wp\/v2\/posts\/190\/revisions\/192"}],"wp:featuredmedia":[{"embeddable":true,"href":"https:\/\/www.pogotowieflagowe.pl\/aktualne\/wp-json\/wp\/v2\/media\/191"}],"wp:attachment":[{"href":"https:\/\/www.pogotowieflagowe.pl\/aktualne\/wp-json\/wp\/v2\/media?parent=190"}],"wp:term":[{"taxonomy":"category","embeddable":true,"href":"https:\/\/www.pogotowieflagowe.pl\/aktualne\/wp-json\/wp\/v2\/categories?post=190"},{"taxonomy":"post_tag","embeddable":true,"href":"https:\/\/www.pogotowieflagowe.pl\/aktualne\/wp-json\/wp\/v2\/tags?post=190"}],"curies":[{"name":"wp","href":"https:\/\/api.w.org\/{rel}","templated":true}]}}