{"id":1964,"date":"2024-11-21T20:46:51","date_gmt":"2024-11-21T19:46:51","guid":{"rendered":"https:\/\/www.pogotowieflagowe.pl\/aktualne\/ai-factory-przeksztalci-krakow-w-europejskiego-lidera-cyfrowego\/"},"modified":"2024-11-21T20:46:52","modified_gmt":"2024-11-21T19:46:52","slug":"ai-factory-przeksztalci-krakow-w-europejskiego-lidera-cyfrowego","status":"publish","type":"post","link":"https:\/\/www.pogotowieflagowe.pl\/aktualne\/ai-factory-przeksztalci-krakow-w-europejskiego-lidera-cyfrowego\/","title":{"rendered":"AI Factory przekszta\u0142ci Krak\u00f3w w europejskiego lidera cyfrowego"},"content":{"rendered":"\n<div class=\"td_block_wrap tdb_single_content tdi_48 td-pb-border-top td_block_template_8 td-post-content tagdiv-type\" data-td-block-uid=\"tdi_48\">\n<style>.tdi_48{margines-g\u00f3rny:0px!important;margin-bottom:0px!important;dope\u0142nienie-g\u00f3ra:0px!important;dope\u0142nienie-d\u00f3\u0142:0px!important}<\/style>\n<style>.tdb_single_content{margin-bottom:0;*zoom:1}.tdb_single_content:before,.tdb_single_content:after{display:table;content:'';line-height:0}.tdb_single_content:after{clear:both}.tdb_single_content .tdb-block-inner>*:not(.wp-block-quote):not(.alignwide):not(.alignfull.wp-block-cover.has-parallax):not(.td-a-ad) {margin-left:auto;margin-right:auto}.tdb_single_content a{pointer-events:auto}.tdb_single_content .td-spot-id-top_ad .tdc-placeholder-title:before{content:'Article Top Ad'!important}.tdb_single_content .td-spot-id-inline_ad0 .tdc-placeholder-title:before{content:'Article Reklama wbudowana 1'!important}.tdb_single_content .td-spot-id-inline_ad1 .tdc-placeholder-title:before{content:'Article Inline Ad 2'!important}.tdb_single_content .td-spot-id-inline_ad2 .tdc-placeholder-title:before{content:' Reklama wbudowana w artyku\u0142 3'!important}.tdb_single_content .td-spot-id-bottom_ad .tdc-placeholder-title:before{content:'Article Bottom Ad'!important}.tdb_single_content .id_top_ad,.tdb_single_content .id_bottom_ad{clear:both;margin-bottom:21px;text-align:center}.tdb_single_content .id_top_ad img,.tdb_single_content .id_bottom_ad img{margin-bottom:0}.tdb_single_content .id_top_ad .adsbygoogle,.tdb_single_content .id_bottom_ad .adsbygoogle{position:relative}.tdb_single_content .id_ad_content-horiz-left,.tdb_single_content .id_ad_content-horiz-right,.tdb_single_content .id_ad_content-horiz-center{margin-bottom:15px}.tdb_single_content .id_ad_content-horiz-left img,.tdb_single_content .id_ad_content-horiz-right img,.tdb_single_content .id_ad_content-horiz-center img{margin-bottom:0}.tdb_single_content .id_ad_content-horiz-center{text-align:center}.tdb_single_content .id_ad_content-horiz-center img{margin-right:auto;margin-left:auto}.tdb_single_content .id_ad_content-horiz-left{float:left;margin-top:9px;margin-right:21px}.tdb_single_content .id_ad_content-horiz-right{float:right;margin-top:6px;margin-left:21px}.tdb_single_content .tdc-a-ad .tdc-placeholder-title{width:300px;height:250px}.tdb_single_content .tdc-a-ad .tdc-placeholder-title:before{position:absolute;top:50%;-webkit-transform:translateY(-50%);transform:translateY(-50%);margines:auto;display:table;width:100 %}.tdb_single_content .tdb-block-inner.td-fix-index{word-break:break-word}.tdi_48,.tdi_48>p,.tdi_48 .tdb-block-inner>p{font-size:16px!important;line- wysoko\u015b\u0107:1,6!wa\u017cne}.tdi_48 .tdb-block-inner blockquote p{font-style:normal!important}@media (max-width:767px){.tdb_single_content .id_ad_content-horiz-left,.tdb_single_content .id_ad_content-horiz-right,.tdb_single_content .id_ad_content-horiz-center{margin:0 automatyczny 26px auto}}@media (max-width:767px){.tdb_single_content .id_ad_content-horiz-left{margin-right:0}}@media (max-width:767px){.tdb_single_content .id_ad_content-horiz-right{margin -left:0}}@media (max-width:767px){.tdb_single_content .td-a-ad{float:none;text-align:center}.tdb_single_content .td-a-ad img{margin-right:auto;margin-left:auto}. tdb_single_content .tdc-a-ad{float:none}}<\/style>\n<div class=\"tdb-block-inner td-fix-index\">\n<h2 class=\"wp-block-heading\">Pierwsza w Polsce Fabryka AI na AGH w Krakowie przyspieszy cyfryzacj\u0119, medycyn\u0119 i ochron\u0119 \u015brodowiska. Zako\u0144czenie zaplanowane na rok 2025.<\/h2>\n<p>Polska zamierza umocni\u0107 swoj\u0105 pozycj\u0119 europejskiego lidera cyfryzacji poprzez utworzenie pierwszej Fabryki Sztucznej Inteligencji na Akademii G\u00f3rniczo-Hutniczej w Krakowie. Zapowiedziana przez wicepremiera i ministra cyfryzacji Krzysztofa Gawkowskiego ta nowatorska inicjatywa ma na celu po\u0142\u0105czenie wsp\u00f3\u0142pracy cz\u0142owieka i maszyny z zastosowaniami w medycynie, ochronie \u015brodowiska i nie tylko.<\/p>\n<p>Fabryka AI, powstaj\u0105ca w ramach Akademickiego Centrum Komputerowego Cyfronet AGH, znacz\u0105co zwi\u0119kszy mo\u017cliwo\u015bci obliczeniowe. Dzi\u0119ki dofinansowaniu rz\u0105dowemu na kwot\u0119 prawie 70 mln z\u0142 i wsparciu Komisji Europejskiej dostosuje zasoby do najwy\u017cszych \u015bwiatowych standard\u00f3w. T\u0119 zmian\u0119 mo\u017cna por\u00f3wna\u0107 do przej\u015bcia od prowadzenia samochodu do latania samolotem, korzystaj\u0105c z mocy obliczeniowej.<\/p>\n<p>Oczekiwane korzy\u015bci obejmuj\u0105 szybsze opracowywanie lek\u00f3w, lepsze reagowanie na katastrofy, wczesne wykrywanie nowotwor\u00f3w i zoptymalizowane zarz\u0105dzanie rolnictwem. Projekt podkre\u015bla d\u0105\u017cenie Polski do suwerenno\u015bci technologicznej i nowoczesnych narz\u0119dzi edukacyjnych, niezb\u0119dnych dla przysz\u0142o\u015bci informatyki. Zako\u0144czenie zaplanowano na 2025 r., co b\u0119dzie stanowi\u0107 powa\u017cny krok w realizacji ambicji Polski w zakresie sztucznej inteligencji.<\/p>\n<\/div>\n<\/div>\n","protected":false},"excerpt":{"rendered":"<p>Pierwsza w Polsce Fabryka AI na AGH w Krakowie przyspieszy cyfryzacj\u0119, medycyn\u0119 i ochron\u0119 \u015brodowiska. Zako\u0144czenie zaplanowane na rok 2025.<\/p>\n","protected":false},"author":1,"featured_media":1965,"comment_status":"closed","ping_status":"","sticky":false,"template":"","format":"standard","meta":{"footnotes":""},"categories":[45],"tags":[3195,2494,3193,1853,2215,3194],"class_list":["post-1964","post","type-post","status-publish","format-standard","has-post-thumbnail","hentry","category-biznes","tag-cyfrowego","tag-europejskiego","tag-factory","tag-krakow","tag-lidera","tag-przeksztalci","generate-columns","tablet-grid-50","mobile-grid-100","grid-parent","grid-50","resize-featured-image"],"yoast_head":"<!-- This site is optimized with the Yoast SEO plugin v23.2 - https:\/\/yoast.com\/wordpress\/plugins\/seo\/ -->\n<title>AI Factory przekszta\u0142ci Krak\u00f3w w europejskiego lidera cyfrowego - POGOTOWIE FLAGOWE\u00ae<\/title>\n<meta name=\"robots\" content=\"index, follow, max-snippet:-1, max-image-preview:large, max-video-preview:-1\" \/>\n<link rel=\"canonical\" href=\"https:\/\/www.pogotowieflagowe.pl\/aktualne\/ai-factory-przeksztalci-krakow-w-europejskiego-lidera-cyfrowego\/\" \/>\n<meta property=\"og:locale\" content=\"pl_PL\" \/>\n<meta property=\"og:type\" content=\"article\" \/>\n<meta property=\"og:title\" content=\"AI Factory przekszta\u0142ci Krak\u00f3w w europejskiego lidera cyfrowego - POGOTOWIE FLAGOWE\u00ae\" \/>\n<meta property=\"og:description\" content=\"Pierwsza w Polsce Fabryka AI na AGH w Krakowie przyspieszy cyfryzacj\u0119, medycyn\u0119 i ochron\u0119 \u015brodowiska. Zako\u0144czenie zaplanowane na rok 2025.\" \/>\n<meta property=\"og:url\" content=\"https:\/\/www.pogotowieflagowe.pl\/aktualne\/ai-factory-przeksztalci-krakow-w-europejskiego-lidera-cyfrowego\/\" \/>\n<meta property=\"og:site_name\" content=\"POGOTOWIE FLAGOWE\u00ae\" \/>\n<meta property=\"article:published_time\" content=\"2024-11-21T19:46:51+00:00\" \/>\n<meta property=\"article:modified_time\" content=\"2024-11-21T19:46:52+00:00\" \/>\n<meta property=\"og:image\" content=\"https:\/\/www.pogotowieflagowe.pl\/aktualne\/wp-content\/uploads\/2024\/11\/AI-Factory-przeksztalci-Krakow-w-europejskiego-lidera-cyfrowego.jpg\" \/>\n\t<meta property=\"og:image:width\" content=\"1460\" \/>\n\t<meta property=\"og:image:height\" content=\"616\" \/>\n\t<meta property=\"og:image:type\" content=\"image\/jpeg\" \/>\n<meta name=\"author\" content=\"Filip\" \/>\n<meta name=\"twitter:card\" content=\"summary_large_image\" \/>\n<meta name=\"twitter:label1\" content=\"Napisane przez\" \/>\n\t<meta name=\"twitter:data1\" content=\"Filip\" \/>\n\t<meta name=\"twitter:label2\" content=\"Szacowany czas czytania\" \/>\n\t<meta name=\"twitter:data2\" content=\"1 minuta\" \/>\n<script type=\"application\/ld+json\" class=\"yoast-schema-graph\">{\"@context\":\"https:\/\/schema.org\",\"@graph\":[{\"@type\":\"Article\",\"@id\":\"https:\/\/www.pogotowieflagowe.pl\/aktualne\/ai-factory-przeksztalci-krakow-w-europejskiego-lidera-cyfrowego\/#article\",\"isPartOf\":{\"@id\":\"https:\/\/www.pogotowieflagowe.pl\/aktualne\/ai-factory-przeksztalci-krakow-w-europejskiego-lidera-cyfrowego\/\"},\"author\":{\"name\":\"Filip\",\"@id\":\"https:\/\/www.pogotowieflagowe.pl\/aktualne\/#\/schema\/person\/9c2fb7d2362ebf6fa088960d7f0d27b0\"},\"headline\":\"AI Factory przekszta\u0142ci Krak\u00f3w w europejskiego lidera cyfrowego\",\"datePublished\":\"2024-11-21T19:46:51+00:00\",\"dateModified\":\"2024-11-21T19:46:52+00:00\",\"mainEntityOfPage\":{\"@id\":\"https:\/\/www.pogotowieflagowe.pl\/aktualne\/ai-factory-przeksztalci-krakow-w-europejskiego-lidera-cyfrowego\/\"},\"wordCount\":205,\"publisher\":{\"@id\":\"https:\/\/www.pogotowieflagowe.pl\/aktualne\/#organization\"},\"image\":{\"@id\":\"https:\/\/www.pogotowieflagowe.pl\/aktualne\/ai-factory-przeksztalci-krakow-w-europejskiego-lidera-cyfrowego\/#primaryimage\"},\"thumbnailUrl\":\"https:\/\/www.pogotowieflagowe.pl\/aktualne\/wp-content\/uploads\/2024\/11\/AI-Factory-przeksztalci-Krakow-w-europejskiego-lidera-cyfrowego.jpg\",\"keywords\":[\"cyfrowego\",\"Europejskiego\",\"Factory\",\"Krak\u00f3w\",\"lidera\",\"przekszta\u0142ci\"],\"articleSection\":[\"Biznes\"],\"inLanguage\":\"pl-PL\"},{\"@type\":\"WebPage\",\"@id\":\"https:\/\/www.pogotowieflagowe.pl\/aktualne\/ai-factory-przeksztalci-krakow-w-europejskiego-lidera-cyfrowego\/\",\"url\":\"https:\/\/www.pogotowieflagowe.pl\/aktualne\/ai-factory-przeksztalci-krakow-w-europejskiego-lidera-cyfrowego\/\",\"name\":\"AI Factory przekszta\u0142ci Krak\u00f3w w europejskiego lidera cyfrowego - POGOTOWIE FLAGOWE\u00ae\",\"isPartOf\":{\"@id\":\"https:\/\/www.pogotowieflagowe.pl\/aktualne\/#website\"},\"primaryImageOfPage\":{\"@id\":\"https:\/\/www.pogotowieflagowe.pl\/aktualne\/ai-factory-przeksztalci-krakow-w-europejskiego-lidera-cyfrowego\/#primaryimage\"},\"image\":{\"@id\":\"https:\/\/www.pogotowieflagowe.pl\/aktualne\/ai-factory-przeksztalci-krakow-w-europejskiego-lidera-cyfrowego\/#primaryimage\"},\"thumbnailUrl\":\"https:\/\/www.pogotowieflagowe.pl\/aktualne\/wp-content\/uploads\/2024\/11\/AI-Factory-przeksztalci-Krakow-w-europejskiego-lidera-cyfrowego.jpg\",\"datePublished\":\"2024-11-21T19:46:51+00:00\",\"dateModified\":\"2024-11-21T19:46:52+00:00\",\"breadcrumb\":{\"@id\":\"https:\/\/www.pogotowieflagowe.pl\/aktualne\/ai-factory-przeksztalci-krakow-w-europejskiego-lidera-cyfrowego\/#breadcrumb\"},\"inLanguage\":\"pl-PL\",\"potentialAction\":[{\"@type\":\"ReadAction\",\"target\":[\"https:\/\/www.pogotowieflagowe.pl\/aktualne\/ai-factory-przeksztalci-krakow-w-europejskiego-lidera-cyfrowego\/\"]}]},{\"@type\":\"ImageObject\",\"inLanguage\":\"pl-PL\",\"@id\":\"https:\/\/www.pogotowieflagowe.pl\/aktualne\/ai-factory-przeksztalci-krakow-w-europejskiego-lidera-cyfrowego\/#primaryimage\",\"url\":\"https:\/\/www.pogotowieflagowe.pl\/aktualne\/wp-content\/uploads\/2024\/11\/AI-Factory-przeksztalci-Krakow-w-europejskiego-lidera-cyfrowego.jpg\",\"contentUrl\":\"https:\/\/www.pogotowieflagowe.pl\/aktualne\/wp-content\/uploads\/2024\/11\/AI-Factory-przeksztalci-Krakow-w-europejskiego-lidera-cyfrowego.jpg\",\"width\":1460,\"height\":616,\"caption\":\"AI Factory przekszta\u0142ci Krak\u00f3w w europejskiego lidera cyfrowego\"},{\"@type\":\"BreadcrumbList\",\"@id\":\"https:\/\/www.pogotowieflagowe.pl\/aktualne\/ai-factory-przeksztalci-krakow-w-europejskiego-lidera-cyfrowego\/#breadcrumb\",\"itemListElement\":[{\"@type\":\"ListItem\",\"position\":1,\"name\":\"Home\",\"item\":\"https:\/\/www.pogotowieflagowe.pl\/aktualne\/\"},{\"@type\":\"ListItem\",\"position\":2,\"name\":\"AI Factory przekszta\u0142ci Krak\u00f3w w europejskiego lidera cyfrowego\"}]},{\"@type\":\"WebSite\",\"@id\":\"https:\/\/www.pogotowieflagowe.pl\/aktualne\/#website\",\"url\":\"https:\/\/www.pogotowieflagowe.pl\/aktualne\/\",\"name\":\"POGOTOWIE FLAGOWE\u00ae\",\"description\":\"\",\"publisher\":{\"@id\":\"https:\/\/www.pogotowieflagowe.pl\/aktualne\/#organization\"},\"potentialAction\":[{\"@type\":\"SearchAction\",\"target\":{\"@type\":\"EntryPoint\",\"urlTemplate\":\"https:\/\/www.pogotowieflagowe.pl\/aktualne\/?s={search_term_string}\"},\"query-input\":\"required name=search_term_string\"}],\"inLanguage\":\"pl-PL\"},{\"@type\":\"Organization\",\"@id\":\"https:\/\/www.pogotowieflagowe.pl\/aktualne\/#organization\",\"name\":\"POGOTOWIE FLAGOWE\u00ae\",\"url\":\"https:\/\/www.pogotowieflagowe.pl\/aktualne\/\",\"logo\":{\"@type\":\"ImageObject\",\"inLanguage\":\"pl-PL\",\"@id\":\"https:\/\/www.pogotowieflagowe.pl\/aktualne\/#\/schema\/logo\/image\/\",\"url\":\"https:\/\/www.pogotowieflagowe.pl\/aktualne\/wp-content\/uploads\/2024\/08\/cropped-pogotowieflagowe_flaga_projekt_sm.jpg\",\"contentUrl\":\"https:\/\/www.pogotowieflagowe.pl\/aktualne\/wp-content\/uploads\/2024\/08\/cropped-pogotowieflagowe_flaga_projekt_sm.jpg\",\"width\":250,\"height\":143,\"caption\":\"POGOTOWIE FLAGOWE\u00ae\"},\"image\":{\"@id\":\"https:\/\/www.pogotowieflagowe.pl\/aktualne\/#\/schema\/logo\/image\/\"}},{\"@type\":\"Person\",\"@id\":\"https:\/\/www.pogotowieflagowe.pl\/aktualne\/#\/schema\/person\/9c2fb7d2362ebf6fa088960d7f0d27b0\",\"name\":\"Filip\",\"image\":{\"@type\":\"ImageObject\",\"inLanguage\":\"pl-PL\",\"@id\":\"https:\/\/www.pogotowieflagowe.pl\/aktualne\/#\/schema\/person\/image\/\",\"url\":\"https:\/\/www.pogotowieflagowe.pl\/aktualne\/wp-content\/uploads\/2024\/08\/pogotowieflagowe.pl_.jpg\",\"contentUrl\":\"https:\/\/www.pogotowieflagowe.pl\/aktualne\/wp-content\/uploads\/2024\/08\/pogotowieflagowe.pl_.jpg\",\"caption\":\"Filip\"},\"description\":\"Jestem Filip, polski dziennikarz z dyplomem nauk politycznych Uniwersytetu Warszawskiego. Rozpoczynaj\u0105c swoj\u0105 karier\u0119 w r\u00f3\u017cnych lokalnych mediach, zdoby\u0142em solidne do\u015bwiadczenie w zakresie \u015bledztwa i redakcji. Obecnie jako redaktor w Pogotowie flagowe, staram si\u0119 dostarcza\u0107 dog\u0142\u0119bne i istotne analizy na temat najwa\u017cniejszych kwestii aktualno\u015bci, \u0142\u0105cz\u0105c rygor z pasj\u0105 dziennikarsk\u0105.\",\"sameAs\":[\"https:\/\/www.pogotowieflagowe.pl\/\"]}]}<\/script>\n<!-- \/ Yoast SEO plugin. -->","yoast_head_json":{"title":"AI Factory przekszta\u0142ci Krak\u00f3w w europejskiego lidera cyfrowego - POGOTOWIE FLAGOWE\u00ae","robots":{"index":"index","follow":"follow","max-snippet":"max-snippet:-1","max-image-preview":"max-image-preview:large","max-video-preview":"max-video-preview:-1"},"canonical":"https:\/\/www.pogotowieflagowe.pl\/aktualne\/ai-factory-przeksztalci-krakow-w-europejskiego-lidera-cyfrowego\/","og_locale":"pl_PL","og_type":"article","og_title":"AI Factory przekszta\u0142ci Krak\u00f3w w europejskiego lidera cyfrowego - POGOTOWIE FLAGOWE\u00ae","og_description":"Pierwsza w Polsce Fabryka AI na AGH w Krakowie przyspieszy cyfryzacj\u0119, medycyn\u0119 i ochron\u0119 \u015brodowiska. Zako\u0144czenie zaplanowane na rok 2025.","og_url":"https:\/\/www.pogotowieflagowe.pl\/aktualne\/ai-factory-przeksztalci-krakow-w-europejskiego-lidera-cyfrowego\/","og_site_name":"POGOTOWIE FLAGOWE\u00ae","article_published_time":"2024-11-21T19:46:51+00:00","article_modified_time":"2024-11-21T19:46:52+00:00","og_image":[{"width":1460,"height":616,"url":"https:\/\/www.pogotowieflagowe.pl\/aktualne\/wp-content\/uploads\/2024\/11\/AI-Factory-przeksztalci-Krakow-w-europejskiego-lidera-cyfrowego.jpg","type":"image\/jpeg"}],"author":"Filip","twitter_card":"summary_large_image","twitter_misc":{"Napisane przez":"Filip","Szacowany czas czytania":"1 minuta"},"schema":{"@context":"https:\/\/schema.org","@graph":[{"@type":"Article","@id":"https:\/\/www.pogotowieflagowe.pl\/aktualne\/ai-factory-przeksztalci-krakow-w-europejskiego-lidera-cyfrowego\/#article","isPartOf":{"@id":"https:\/\/www.pogotowieflagowe.pl\/aktualne\/ai-factory-przeksztalci-krakow-w-europejskiego-lidera-cyfrowego\/"},"author":{"name":"Filip","@id":"https:\/\/www.pogotowieflagowe.pl\/aktualne\/#\/schema\/person\/9c2fb7d2362ebf6fa088960d7f0d27b0"},"headline":"AI Factory przekszta\u0142ci Krak\u00f3w w europejskiego lidera cyfrowego","datePublished":"2024-11-21T19:46:51+00:00","dateModified":"2024-11-21T19:46:52+00:00","mainEntityOfPage":{"@id":"https:\/\/www.pogotowieflagowe.pl\/aktualne\/ai-factory-przeksztalci-krakow-w-europejskiego-lidera-cyfrowego\/"},"wordCount":205,"publisher":{"@id":"https:\/\/www.pogotowieflagowe.pl\/aktualne\/#organization"},"image":{"@id":"https:\/\/www.pogotowieflagowe.pl\/aktualne\/ai-factory-przeksztalci-krakow-w-europejskiego-lidera-cyfrowego\/#primaryimage"},"thumbnailUrl":"https:\/\/www.pogotowieflagowe.pl\/aktualne\/wp-content\/uploads\/2024\/11\/AI-Factory-przeksztalci-Krakow-w-europejskiego-lidera-cyfrowego.jpg","keywords":["cyfrowego","Europejskiego","Factory","Krak\u00f3w","lidera","przekszta\u0142ci"],"articleSection":["Biznes"],"inLanguage":"pl-PL"},{"@type":"WebPage","@id":"https:\/\/www.pogotowieflagowe.pl\/aktualne\/ai-factory-przeksztalci-krakow-w-europejskiego-lidera-cyfrowego\/","url":"https:\/\/www.pogotowieflagowe.pl\/aktualne\/ai-factory-przeksztalci-krakow-w-europejskiego-lidera-cyfrowego\/","name":"AI Factory przekszta\u0142ci Krak\u00f3w w europejskiego lidera cyfrowego - POGOTOWIE FLAGOWE\u00ae","isPartOf":{"@id":"https:\/\/www.pogotowieflagowe.pl\/aktualne\/#website"},"primaryImageOfPage":{"@id":"https:\/\/www.pogotowieflagowe.pl\/aktualne\/ai-factory-przeksztalci-krakow-w-europejskiego-lidera-cyfrowego\/#primaryimage"},"image":{"@id":"https:\/\/www.pogotowieflagowe.pl\/aktualne\/ai-factory-przeksztalci-krakow-w-europejskiego-lidera-cyfrowego\/#primaryimage"},"thumbnailUrl":"https:\/\/www.pogotowieflagowe.pl\/aktualne\/wp-content\/uploads\/2024\/11\/AI-Factory-przeksztalci-Krakow-w-europejskiego-lidera-cyfrowego.jpg","datePublished":"2024-11-21T19:46:51+00:00","dateModified":"2024-11-21T19:46:52+00:00","breadcrumb":{"@id":"https:\/\/www.pogotowieflagowe.pl\/aktualne\/ai-factory-przeksztalci-krakow-w-europejskiego-lidera-cyfrowego\/#breadcrumb"},"inLanguage":"pl-PL","potentialAction":[{"@type":"ReadAction","target":["https:\/\/www.pogotowieflagowe.pl\/aktualne\/ai-factory-przeksztalci-krakow-w-europejskiego-lidera-cyfrowego\/"]}]},{"@type":"ImageObject","inLanguage":"pl-PL","@id":"https:\/\/www.pogotowieflagowe.pl\/aktualne\/ai-factory-przeksztalci-krakow-w-europejskiego-lidera-cyfrowego\/#primaryimage","url":"https:\/\/www.pogotowieflagowe.pl\/aktualne\/wp-content\/uploads\/2024\/11\/AI-Factory-przeksztalci-Krakow-w-europejskiego-lidera-cyfrowego.jpg","contentUrl":"https:\/\/www.pogotowieflagowe.pl\/aktualne\/wp-content\/uploads\/2024\/11\/AI-Factory-przeksztalci-Krakow-w-europejskiego-lidera-cyfrowego.jpg","width":1460,"height":616,"caption":"AI Factory przekszta\u0142ci Krak\u00f3w w europejskiego lidera cyfrowego"},{"@type":"BreadcrumbList","@id":"https:\/\/www.pogotowieflagowe.pl\/aktualne\/ai-factory-przeksztalci-krakow-w-europejskiego-lidera-cyfrowego\/#breadcrumb","itemListElement":[{"@type":"ListItem","position":1,"name":"Home","item":"https:\/\/www.pogotowieflagowe.pl\/aktualne\/"},{"@type":"ListItem","position":2,"name":"AI Factory przekszta\u0142ci Krak\u00f3w w europejskiego lidera cyfrowego"}]},{"@type":"WebSite","@id":"https:\/\/www.pogotowieflagowe.pl\/aktualne\/#website","url":"https:\/\/www.pogotowieflagowe.pl\/aktualne\/","name":"POGOTOWIE FLAGOWE\u00ae","description":"","publisher":{"@id":"https:\/\/www.pogotowieflagowe.pl\/aktualne\/#organization"},"potentialAction":[{"@type":"SearchAction","target":{"@type":"EntryPoint","urlTemplate":"https:\/\/www.pogotowieflagowe.pl\/aktualne\/?s={search_term_string}"},"query-input":"required name=search_term_string"}],"inLanguage":"pl-PL"},{"@type":"Organization","@id":"https:\/\/www.pogotowieflagowe.pl\/aktualne\/#organization","name":"POGOTOWIE FLAGOWE\u00ae","url":"https:\/\/www.pogotowieflagowe.pl\/aktualne\/","logo":{"@type":"ImageObject","inLanguage":"pl-PL","@id":"https:\/\/www.pogotowieflagowe.pl\/aktualne\/#\/schema\/logo\/image\/","url":"https:\/\/www.pogotowieflagowe.pl\/aktualne\/wp-content\/uploads\/2024\/08\/cropped-pogotowieflagowe_flaga_projekt_sm.jpg","contentUrl":"https:\/\/www.pogotowieflagowe.pl\/aktualne\/wp-content\/uploads\/2024\/08\/cropped-pogotowieflagowe_flaga_projekt_sm.jpg","width":250,"height":143,"caption":"POGOTOWIE FLAGOWE\u00ae"},"image":{"@id":"https:\/\/www.pogotowieflagowe.pl\/aktualne\/#\/schema\/logo\/image\/"}},{"@type":"Person","@id":"https:\/\/www.pogotowieflagowe.pl\/aktualne\/#\/schema\/person\/9c2fb7d2362ebf6fa088960d7f0d27b0","name":"Filip","image":{"@type":"ImageObject","inLanguage":"pl-PL","@id":"https:\/\/www.pogotowieflagowe.pl\/aktualne\/#\/schema\/person\/image\/","url":"https:\/\/www.pogotowieflagowe.pl\/aktualne\/wp-content\/uploads\/2024\/08\/pogotowieflagowe.pl_.jpg","contentUrl":"https:\/\/www.pogotowieflagowe.pl\/aktualne\/wp-content\/uploads\/2024\/08\/pogotowieflagowe.pl_.jpg","caption":"Filip"},"description":"Jestem Filip, polski dziennikarz z dyplomem nauk politycznych Uniwersytetu Warszawskiego. Rozpoczynaj\u0105c swoj\u0105 karier\u0119 w r\u00f3\u017cnych lokalnych mediach, zdoby\u0142em solidne do\u015bwiadczenie w zakresie \u015bledztwa i redakcji. Obecnie jako redaktor w Pogotowie flagowe, staram si\u0119 dostarcza\u0107 dog\u0142\u0119bne i istotne analizy na temat najwa\u017cniejszych kwestii aktualno\u015bci, \u0142\u0105cz\u0105c rygor z pasj\u0105 dziennikarsk\u0105.","sameAs":["https:\/\/www.pogotowieflagowe.pl\/"]}]}},"_links":{"self":[{"href":"https:\/\/www.pogotowieflagowe.pl\/aktualne\/wp-json\/wp\/v2\/posts\/1964","targetHints":{"allow":["GET"]}}],"collection":[{"href":"https:\/\/www.pogotowieflagowe.pl\/aktualne\/wp-json\/wp\/v2\/posts"}],"about":[{"href":"https:\/\/www.pogotowieflagowe.pl\/aktualne\/wp-json\/wp\/v2\/types\/post"}],"author":[{"embeddable":true,"href":"https:\/\/www.pogotowieflagowe.pl\/aktualne\/wp-json\/wp\/v2\/users\/1"}],"replies":[{"embeddable":true,"href":"https:\/\/www.pogotowieflagowe.pl\/aktualne\/wp-json\/wp\/v2\/comments?post=1964"}],"version-history":[{"count":1,"href":"https:\/\/www.pogotowieflagowe.pl\/aktualne\/wp-json\/wp\/v2\/posts\/1964\/revisions"}],"predecessor-version":[{"id":1966,"href":"https:\/\/www.pogotowieflagowe.pl\/aktualne\/wp-json\/wp\/v2\/posts\/1964\/revisions\/1966"}],"wp:featuredmedia":[{"embeddable":true,"href":"https:\/\/www.pogotowieflagowe.pl\/aktualne\/wp-json\/wp\/v2\/media\/1965"}],"wp:attachment":[{"href":"https:\/\/www.pogotowieflagowe.pl\/aktualne\/wp-json\/wp\/v2\/media?parent=1964"}],"wp:term":[{"taxonomy":"category","embeddable":true,"href":"https:\/\/www.pogotowieflagowe.pl\/aktualne\/wp-json\/wp\/v2\/categories?post=1964"},{"taxonomy":"post_tag","embeddable":true,"href":"https:\/\/www.pogotowieflagowe.pl\/aktualne\/wp-json\/wp\/v2\/tags?post=1964"}],"curies":[{"name":"wp","href":"https:\/\/api.w.org\/{rel}","templated":true}]}}