{"id":1975,"date":"2024-11-22T16:51:21","date_gmt":"2024-11-22T15:51:21","guid":{"rendered":"https:\/\/www.pogotowieflagowe.pl\/aktualne\/perspektywy-polskiego-rynku-pracy-pogarszaja-sie-w-obliczu-obaw-konsumentow\/"},"modified":"2024-11-22T16:51:21","modified_gmt":"2024-11-22T15:51:21","slug":"perspektywy-polskiego-rynku-pracy-pogarszaja-sie-w-obliczu-obaw-konsumentow","status":"publish","type":"post","link":"https:\/\/www.pogotowieflagowe.pl\/aktualne\/perspektywy-polskiego-rynku-pracy-pogarszaja-sie-w-obliczu-obaw-konsumentow\/","title":{"rendered":"Perspektywy polskiego rynku pracy pogarszaj\u0105 si\u0119 w obliczu obaw konsument\u00f3w"},"content":{"rendered":"\n<div class=\"td_block_wrap tdb_single_content tdi_48 td-pb-border-top td_block_template_8 td-post-content tagdiv-type\" data-td-block-uid=\"tdi_48\">\n<style>.tdi_48{margines-top:0px!important;margin-bottom:0px!important;dope\u0142nienie-g\u00f3ra:0px!important;dope\u0142nienie-d\u00f3\u0142:0px!important}<\/style>\n<style>.tdb_single_content{margin-bottom:0;*zoom:1}.tdb_single_content:before,.tdb_single_content:after{display:table;content:'';line-height:0}.tdb_single_content:after{clear:both}.tdb_single_content .tdb-block-inner>*:not(.wp-block-quote):not(.alignwide):not(.alignfull.wp-block-cover.has-parallax):not(.td-a-ad) {margin-left:auto;margin-right:auto}.tdb_single_content a{pointer-events:auto}.tdb_single_content .td-spot-id-top_ad .tdc-placeholder-title:before{content:'Article Top Ad'!important}.tdb_single_content .td-spot-id-inline_ad0 .tdc-placeholder-title:before{content:'Article Reklama wbudowana 1'!important}.tdb_single_content .td-spot-id-inline_ad1 .tdc-placeholder-title:before{content:'Article Inline Ad 2'!important}.tdb_single_content .td-spot-id-inline_ad2 .tdc-placeholder-title:before{content:' Reklama wbudowana w artyku\u0142 3'!important}.tdb_single_content .td-spot-id-bottom_ad .tdc-placeholder-title:before{content:'Article Bottom Ad'!important}.tdb_single_content .id_top_ad,.tdb_single_content .id_bottom_ad{clear:both;margin-bottom:21px;text-align:center}.tdb_single_content .id_top_ad img,.tdb_single_content .id_bottom_ad img{margin-bottom:0}.tdb_single_content .id_top_ad .adsbygoogle,.tdb_single_content .id_bottom_ad .adsbygoogle{position:relative}.tdb_single_content .id_ad_content-horiz-left,.tdb_single_content .id_ad_content-horiz-right,.tdb_single_content .id_ad_content-horiz-center{margin-bottom:15px}.tdb_single_content .id_ad_content-horiz-left img,.tdb_single_content .id_ad_content-horiz-right img,.tdb_single_content .id_ad_content-horiz-center img{margin-bottom:0}.tdb_single_content .id_ad_content-horiz-center{text-align:center}.tdb_single_content .id_ad_content-horiz-center img{margin-right:auto;margin-left:auto}.tdb_single_content .id_ad_content-horiz-left{float:left;margin-top:9px;margin-right:21px}.tdb_single_content .id_ad_content-horiz-right{float:right;margin-top:6px;margin-left:21px}.tdb_single_content .tdc-a-ad .tdc-placeholder-title{width:300px;height:250px}.tdb_single_content .tdc-a-ad .tdc-placeholder-title:before{position:absolute;top:50%;-webkit-transform:translateY(-50%);transform:translateY(-50%);margines:auto;display:table;width:100 %}.tdb_single_content .tdb-block-inner.td-fix-index{word-break:break-word}.tdi_48,.tdi_48>p,.tdi_48 .tdb-block-inner>p{font-size:16px!important;line- wysoko\u015b\u0107:1,6!wa\u017cne}.tdi_48 .tdb-block-inner blockquote p{font-style:normal!important}@media (max-width:767px){.tdb_single_content .id_ad_content-horiz-left,.tdb_single_content .id_ad_content-horiz-right,.tdb_single_content .id_ad_content-horiz-center{margin:0 automatyczny 26px auto}}@media (max-width:767px){.tdb_single_content .id_ad_content-horiz-left{margin-right:0}}@media (max-width:767px){.tdb_single_content .id_ad_content-horiz-right{margin -left:0}}@media (max-width:767px){.tdb_single_content .td-a-ad{float:none;text-align:center}.tdb_single_content .td-a-ad img{margin-right:auto;margin-left:auto}. tdb_single_content .tdc-a-ad{float:none}}<\/style>\n<div class=\"tdb-block-inner td-fix-index\">\n<p>Zdaniem Mariusza Zielonki, g\u0142\u00f3wnego ekonomisty Konfederacji Lewiatan, polski rynek pracy jest coraz bardziej negatywnie postrzegany przez obywateli, pomimo niskiego poziomu zwolnie\u0144. W komentarzu do najnowszych danych GUS Zielonka podkre\u015bli\u0142a, \u017ce \u200b\u200binformacje o redukcjach zatrudnienia os\u0142abiaj\u0105 odbi\u00f3r spo\u0142eczny. Zauwa\u017cy\u0142 r\u00f3wnie\u017c, \u017ce inflacja i wyzwania bud\u017cetowe w dalszym ci\u0105gu pogarszaj\u0105 zaufanie konsument\u00f3w.<\/p>\n<p>Opublikowane w czwartek dane GUS pokaza\u0142y pogorszenie nastroj\u00f3w konsument\u00f3w w listopadzie w por\u00f3wnaniu do pa\u017adziernika. Bie\u017c\u0105cy wska\u017anik zaufania konsument\u00f3w (BWUK), odzwierciedlaj\u0105cy indywidualne trendy w konsumpcji, spad\u0142 do -17,1, co oznacza spadek o 1,3 punktu procentowego w stosunku do poprzedniego miesi\u0105ca i o 2 punkty mniej ni\u017c w listopadzie 2023 roku.<\/p>\n<p>\u201eMimo niskiego poziomu bezrobocia pogarsza si\u0119 nasza ocena rynku pracy. Doniesienia medialne o zwolnieniach grupowych, cho\u0107 o niewielkiej skali, znacz\u0105co wp\u0142ywaj\u0105 na nastroje spo\u0142eczne\u201d \u2013 stwierdzi\u0142a Zielonka.<\/p>\n<p>Doda\u0142, \u017ce cho\u0107 inflacja i kwestie bud\u017cetowe niepokoj\u0105 Polak\u00f3w, postrzeganie trajektorii gospodarki pozostaje niezmienione od maja 2023 r. Oceny obecnej i przysz\u0142ej sytuacji finansowej gospodarstw domowych r\u00f3wnie\u017c wykaza\u0142y niewielkie r\u00f3\u017cnice w ci\u0105gu ostatnich dziesi\u0119ciu miesi\u0119cy.<\/p>\n<p>Zielonka zaobserwowa\u0142a pozytywne skutki, sugeruj\u0105c, \u017ce oczekiwania na ni\u017csz\u0105 inflacj\u0119 w przysz\u0142ym roku sk\u0142aniaj\u0105 konsument\u00f3w do dokonywania znacz\u0105cych zakup\u00f3w, utrzymuj\u0105c wysoki poziom konsumpcji. \u201eJe\u015bli badania nastroj\u00f3w s\u0105 jak\u0105kolwiek wskaz\u00f3wk\u0105, w przysz\u0142ym roku r\u00f3wnie\u017c b\u0119dziemy \u015bwiadkami silnej aktywno\u015bci konsumenckiej, podobnie jak w tym roku\u201d \u2013 podsumowa\u0142.<\/p>\n<\/div>\n<\/div>\n","protected":false},"excerpt":{"rendered":"<p>Zdaniem Mariusza Zielonki, g\u0142\u00f3wnego ekonomisty Konfederacji Lewiatan, polski rynek pracy jest coraz bardziej negatywnie postrzegany przez obywateli, pomimo niskiego poziomu<\/p>\n","protected":false},"author":1,"featured_media":1131,"comment_status":"closed","ping_status":"","sticky":false,"template":"","format":"standard","meta":{"footnotes":""},"categories":[45],"tags":[1961,2547,185,1476,3203,129,968,1345,150],"class_list":["post-1975","post","type-post","status-publish","format-standard","has-post-thumbnail","hentry","category-biznes","tag-konsumentow","tag-obaw","tag-obliczu","tag-perspektywy","tag-pogarszaja","tag-polskiego","tag-pracy","tag-rynku","tag-sie","generate-columns","tablet-grid-50","mobile-grid-100","grid-parent","grid-50","resize-featured-image"],"yoast_head":"<!-- This site is optimized with the Yoast SEO plugin v23.2 - https:\/\/yoast.com\/wordpress\/plugins\/seo\/ -->\n<title>Perspektywy polskiego rynku pracy pogarszaj\u0105 si\u0119 w obliczu obaw konsument\u00f3w - POGOTOWIE FLAGOWE\u00ae<\/title>\n<meta name=\"robots\" content=\"index, follow, max-snippet:-1, max-image-preview:large, max-video-preview:-1\" \/>\n<link rel=\"canonical\" href=\"https:\/\/www.pogotowieflagowe.pl\/aktualne\/perspektywy-polskiego-rynku-pracy-pogarszaja-sie-w-obliczu-obaw-konsumentow\/\" \/>\n<meta property=\"og:locale\" content=\"pl_PL\" \/>\n<meta property=\"og:type\" content=\"article\" \/>\n<meta property=\"og:title\" content=\"Perspektywy polskiego rynku pracy pogarszaj\u0105 si\u0119 w obliczu obaw konsument\u00f3w - POGOTOWIE FLAGOWE\u00ae\" \/>\n<meta property=\"og:description\" content=\"Zdaniem Mariusza Zielonki, g\u0142\u00f3wnego ekonomisty Konfederacji Lewiatan, polski rynek pracy jest coraz bardziej negatywnie postrzegany przez obywateli, pomimo niskiego poziomu\" \/>\n<meta property=\"og:url\" content=\"https:\/\/www.pogotowieflagowe.pl\/aktualne\/perspektywy-polskiego-rynku-pracy-pogarszaja-sie-w-obliczu-obaw-konsumentow\/\" \/>\n<meta property=\"og:site_name\" content=\"POGOTOWIE FLAGOWE\u00ae\" \/>\n<meta property=\"article:published_time\" content=\"2024-11-22T15:51:21+00:00\" \/>\n<meta property=\"og:image\" content=\"https:\/\/www.pogotowieflagowe.pl\/aktualne\/wp-content\/uploads\/2024\/10\/Wzrost-liczby-pracownikow-zagranicznych-w-Polsce-w-obliczu-ogolnego-spadku.jpg\" \/>\n\t<meta property=\"og:image:width\" content=\"1920\" \/>\n\t<meta property=\"og:image:height\" content=\"1104\" \/>\n\t<meta property=\"og:image:type\" content=\"image\/jpeg\" \/>\n<meta name=\"author\" content=\"Filip\" \/>\n<meta name=\"twitter:card\" content=\"summary_large_image\" \/>\n<meta name=\"twitter:label1\" content=\"Napisane przez\" \/>\n\t<meta name=\"twitter:data1\" content=\"Filip\" \/>\n\t<meta name=\"twitter:label2\" content=\"Szacowany czas czytania\" \/>\n\t<meta name=\"twitter:data2\" content=\"1 minuta\" \/>\n<script type=\"application\/ld+json\" class=\"yoast-schema-graph\">{\"@context\":\"https:\/\/schema.org\",\"@graph\":[{\"@type\":\"Article\",\"@id\":\"https:\/\/www.pogotowieflagowe.pl\/aktualne\/perspektywy-polskiego-rynku-pracy-pogarszaja-sie-w-obliczu-obaw-konsumentow\/#article\",\"isPartOf\":{\"@id\":\"https:\/\/www.pogotowieflagowe.pl\/aktualne\/perspektywy-polskiego-rynku-pracy-pogarszaja-sie-w-obliczu-obaw-konsumentow\/\"},\"author\":{\"name\":\"Filip\",\"@id\":\"https:\/\/www.pogotowieflagowe.pl\/aktualne\/#\/schema\/person\/9c2fb7d2362ebf6fa088960d7f0d27b0\"},\"headline\":\"Perspektywy polskiego rynku pracy pogarszaj\u0105 si\u0119 w obliczu obaw konsument\u00f3w\",\"datePublished\":\"2024-11-22T15:51:21+00:00\",\"dateModified\":\"2024-11-22T15:51:21+00:00\",\"mainEntityOfPage\":{\"@id\":\"https:\/\/www.pogotowieflagowe.pl\/aktualne\/perspektywy-polskiego-rynku-pracy-pogarszaja-sie-w-obliczu-obaw-konsumentow\/\"},\"wordCount\":263,\"publisher\":{\"@id\":\"https:\/\/www.pogotowieflagowe.pl\/aktualne\/#organization\"},\"image\":{\"@id\":\"https:\/\/www.pogotowieflagowe.pl\/aktualne\/perspektywy-polskiego-rynku-pracy-pogarszaja-sie-w-obliczu-obaw-konsumentow\/#primaryimage\"},\"thumbnailUrl\":\"https:\/\/www.pogotowieflagowe.pl\/aktualne\/wp-content\/uploads\/2024\/10\/Wzrost-liczby-pracownikow-zagranicznych-w-Polsce-w-obliczu-ogolnego-spadku.jpg\",\"keywords\":[\"konsument\u00f3w\",\"obaw\",\"obliczu\",\"Perspektywy\",\"pogarszaj\u0105\",\"Polskiego\",\"pracy\",\"rynku\",\"si\u0119\"],\"articleSection\":[\"Biznes\"],\"inLanguage\":\"pl-PL\"},{\"@type\":\"WebPage\",\"@id\":\"https:\/\/www.pogotowieflagowe.pl\/aktualne\/perspektywy-polskiego-rynku-pracy-pogarszaja-sie-w-obliczu-obaw-konsumentow\/\",\"url\":\"https:\/\/www.pogotowieflagowe.pl\/aktualne\/perspektywy-polskiego-rynku-pracy-pogarszaja-sie-w-obliczu-obaw-konsumentow\/\",\"name\":\"Perspektywy polskiego rynku pracy pogarszaj\u0105 si\u0119 w obliczu obaw konsument\u00f3w - POGOTOWIE FLAGOWE\u00ae\",\"isPartOf\":{\"@id\":\"https:\/\/www.pogotowieflagowe.pl\/aktualne\/#website\"},\"primaryImageOfPage\":{\"@id\":\"https:\/\/www.pogotowieflagowe.pl\/aktualne\/perspektywy-polskiego-rynku-pracy-pogarszaja-sie-w-obliczu-obaw-konsumentow\/#primaryimage\"},\"image\":{\"@id\":\"https:\/\/www.pogotowieflagowe.pl\/aktualne\/perspektywy-polskiego-rynku-pracy-pogarszaja-sie-w-obliczu-obaw-konsumentow\/#primaryimage\"},\"thumbnailUrl\":\"https:\/\/www.pogotowieflagowe.pl\/aktualne\/wp-content\/uploads\/2024\/10\/Wzrost-liczby-pracownikow-zagranicznych-w-Polsce-w-obliczu-ogolnego-spadku.jpg\",\"datePublished\":\"2024-11-22T15:51:21+00:00\",\"dateModified\":\"2024-11-22T15:51:21+00:00\",\"breadcrumb\":{\"@id\":\"https:\/\/www.pogotowieflagowe.pl\/aktualne\/perspektywy-polskiego-rynku-pracy-pogarszaja-sie-w-obliczu-obaw-konsumentow\/#breadcrumb\"},\"inLanguage\":\"pl-PL\",\"potentialAction\":[{\"@type\":\"ReadAction\",\"target\":[\"https:\/\/www.pogotowieflagowe.pl\/aktualne\/perspektywy-polskiego-rynku-pracy-pogarszaja-sie-w-obliczu-obaw-konsumentow\/\"]}]},{\"@type\":\"ImageObject\",\"inLanguage\":\"pl-PL\",\"@id\":\"https:\/\/www.pogotowieflagowe.pl\/aktualne\/perspektywy-polskiego-rynku-pracy-pogarszaja-sie-w-obliczu-obaw-konsumentow\/#primaryimage\",\"url\":\"https:\/\/www.pogotowieflagowe.pl\/aktualne\/wp-content\/uploads\/2024\/10\/Wzrost-liczby-pracownikow-zagranicznych-w-Polsce-w-obliczu-ogolnego-spadku.jpg\",\"contentUrl\":\"https:\/\/www.pogotowieflagowe.pl\/aktualne\/wp-content\/uploads\/2024\/10\/Wzrost-liczby-pracownikow-zagranicznych-w-Polsce-w-obliczu-ogolnego-spadku.jpg\",\"width\":1920,\"height\":1104,\"caption\":\"Wzrost liczby pracownik\u00f3w zagranicznych w Polsce w obliczu og\u00f3lnego spadku zatrudnienia\"},{\"@type\":\"BreadcrumbList\",\"@id\":\"https:\/\/www.pogotowieflagowe.pl\/aktualne\/perspektywy-polskiego-rynku-pracy-pogarszaja-sie-w-obliczu-obaw-konsumentow\/#breadcrumb\",\"itemListElement\":[{\"@type\":\"ListItem\",\"position\":1,\"name\":\"Home\",\"item\":\"https:\/\/www.pogotowieflagowe.pl\/aktualne\/\"},{\"@type\":\"ListItem\",\"position\":2,\"name\":\"Perspektywy polskiego rynku pracy pogarszaj\u0105 si\u0119 w obliczu obaw konsument\u00f3w\"}]},{\"@type\":\"WebSite\",\"@id\":\"https:\/\/www.pogotowieflagowe.pl\/aktualne\/#website\",\"url\":\"https:\/\/www.pogotowieflagowe.pl\/aktualne\/\",\"name\":\"POGOTOWIE FLAGOWE\u00ae\",\"description\":\"\",\"publisher\":{\"@id\":\"https:\/\/www.pogotowieflagowe.pl\/aktualne\/#organization\"},\"potentialAction\":[{\"@type\":\"SearchAction\",\"target\":{\"@type\":\"EntryPoint\",\"urlTemplate\":\"https:\/\/www.pogotowieflagowe.pl\/aktualne\/?s={search_term_string}\"},\"query-input\":\"required name=search_term_string\"}],\"inLanguage\":\"pl-PL\"},{\"@type\":\"Organization\",\"@id\":\"https:\/\/www.pogotowieflagowe.pl\/aktualne\/#organization\",\"name\":\"POGOTOWIE FLAGOWE\u00ae\",\"url\":\"https:\/\/www.pogotowieflagowe.pl\/aktualne\/\",\"logo\":{\"@type\":\"ImageObject\",\"inLanguage\":\"pl-PL\",\"@id\":\"https:\/\/www.pogotowieflagowe.pl\/aktualne\/#\/schema\/logo\/image\/\",\"url\":\"https:\/\/www.pogotowieflagowe.pl\/aktualne\/wp-content\/uploads\/2024\/08\/cropped-pogotowieflagowe_flaga_projekt_sm.jpg\",\"contentUrl\":\"https:\/\/www.pogotowieflagowe.pl\/aktualne\/wp-content\/uploads\/2024\/08\/cropped-pogotowieflagowe_flaga_projekt_sm.jpg\",\"width\":250,\"height\":143,\"caption\":\"POGOTOWIE FLAGOWE\u00ae\"},\"image\":{\"@id\":\"https:\/\/www.pogotowieflagowe.pl\/aktualne\/#\/schema\/logo\/image\/\"}},{\"@type\":\"Person\",\"@id\":\"https:\/\/www.pogotowieflagowe.pl\/aktualne\/#\/schema\/person\/9c2fb7d2362ebf6fa088960d7f0d27b0\",\"name\":\"Filip\",\"image\":{\"@type\":\"ImageObject\",\"inLanguage\":\"pl-PL\",\"@id\":\"https:\/\/www.pogotowieflagowe.pl\/aktualne\/#\/schema\/person\/image\/\",\"url\":\"https:\/\/www.pogotowieflagowe.pl\/aktualne\/wp-content\/uploads\/2024\/08\/pogotowieflagowe.pl_.jpg\",\"contentUrl\":\"https:\/\/www.pogotowieflagowe.pl\/aktualne\/wp-content\/uploads\/2024\/08\/pogotowieflagowe.pl_.jpg\",\"caption\":\"Filip\"},\"description\":\"Jestem Filip, polski dziennikarz z dyplomem nauk politycznych Uniwersytetu Warszawskiego. Rozpoczynaj\u0105c swoj\u0105 karier\u0119 w r\u00f3\u017cnych lokalnych mediach, zdoby\u0142em solidne do\u015bwiadczenie w zakresie \u015bledztwa i redakcji. Obecnie jako redaktor w Pogotowie flagowe, staram si\u0119 dostarcza\u0107 dog\u0142\u0119bne i istotne analizy na temat najwa\u017cniejszych kwestii aktualno\u015bci, \u0142\u0105cz\u0105c rygor z pasj\u0105 dziennikarsk\u0105.\",\"sameAs\":[\"https:\/\/www.pogotowieflagowe.pl\/\"]}]}<\/script>\n<!-- \/ Yoast SEO plugin. -->","yoast_head_json":{"title":"Perspektywy polskiego rynku pracy pogarszaj\u0105 si\u0119 w obliczu obaw konsument\u00f3w - POGOTOWIE FLAGOWE\u00ae","robots":{"index":"index","follow":"follow","max-snippet":"max-snippet:-1","max-image-preview":"max-image-preview:large","max-video-preview":"max-video-preview:-1"},"canonical":"https:\/\/www.pogotowieflagowe.pl\/aktualne\/perspektywy-polskiego-rynku-pracy-pogarszaja-sie-w-obliczu-obaw-konsumentow\/","og_locale":"pl_PL","og_type":"article","og_title":"Perspektywy polskiego rynku pracy pogarszaj\u0105 si\u0119 w obliczu obaw konsument\u00f3w - POGOTOWIE FLAGOWE\u00ae","og_description":"Zdaniem Mariusza Zielonki, g\u0142\u00f3wnego ekonomisty Konfederacji Lewiatan, polski rynek pracy jest coraz bardziej negatywnie postrzegany przez obywateli, pomimo niskiego poziomu","og_url":"https:\/\/www.pogotowieflagowe.pl\/aktualne\/perspektywy-polskiego-rynku-pracy-pogarszaja-sie-w-obliczu-obaw-konsumentow\/","og_site_name":"POGOTOWIE FLAGOWE\u00ae","article_published_time":"2024-11-22T15:51:21+00:00","og_image":[{"width":1920,"height":1104,"url":"https:\/\/www.pogotowieflagowe.pl\/aktualne\/wp-content\/uploads\/2024\/10\/Wzrost-liczby-pracownikow-zagranicznych-w-Polsce-w-obliczu-ogolnego-spadku.jpg","type":"image\/jpeg"}],"author":"Filip","twitter_card":"summary_large_image","twitter_misc":{"Napisane przez":"Filip","Szacowany czas czytania":"1 minuta"},"schema":{"@context":"https:\/\/schema.org","@graph":[{"@type":"Article","@id":"https:\/\/www.pogotowieflagowe.pl\/aktualne\/perspektywy-polskiego-rynku-pracy-pogarszaja-sie-w-obliczu-obaw-konsumentow\/#article","isPartOf":{"@id":"https:\/\/www.pogotowieflagowe.pl\/aktualne\/perspektywy-polskiego-rynku-pracy-pogarszaja-sie-w-obliczu-obaw-konsumentow\/"},"author":{"name":"Filip","@id":"https:\/\/www.pogotowieflagowe.pl\/aktualne\/#\/schema\/person\/9c2fb7d2362ebf6fa088960d7f0d27b0"},"headline":"Perspektywy polskiego rynku pracy pogarszaj\u0105 si\u0119 w obliczu obaw konsument\u00f3w","datePublished":"2024-11-22T15:51:21+00:00","dateModified":"2024-11-22T15:51:21+00:00","mainEntityOfPage":{"@id":"https:\/\/www.pogotowieflagowe.pl\/aktualne\/perspektywy-polskiego-rynku-pracy-pogarszaja-sie-w-obliczu-obaw-konsumentow\/"},"wordCount":263,"publisher":{"@id":"https:\/\/www.pogotowieflagowe.pl\/aktualne\/#organization"},"image":{"@id":"https:\/\/www.pogotowieflagowe.pl\/aktualne\/perspektywy-polskiego-rynku-pracy-pogarszaja-sie-w-obliczu-obaw-konsumentow\/#primaryimage"},"thumbnailUrl":"https:\/\/www.pogotowieflagowe.pl\/aktualne\/wp-content\/uploads\/2024\/10\/Wzrost-liczby-pracownikow-zagranicznych-w-Polsce-w-obliczu-ogolnego-spadku.jpg","keywords":["konsument\u00f3w","obaw","obliczu","Perspektywy","pogarszaj\u0105","Polskiego","pracy","rynku","si\u0119"],"articleSection":["Biznes"],"inLanguage":"pl-PL"},{"@type":"WebPage","@id":"https:\/\/www.pogotowieflagowe.pl\/aktualne\/perspektywy-polskiego-rynku-pracy-pogarszaja-sie-w-obliczu-obaw-konsumentow\/","url":"https:\/\/www.pogotowieflagowe.pl\/aktualne\/perspektywy-polskiego-rynku-pracy-pogarszaja-sie-w-obliczu-obaw-konsumentow\/","name":"Perspektywy polskiego rynku pracy pogarszaj\u0105 si\u0119 w obliczu obaw konsument\u00f3w - POGOTOWIE FLAGOWE\u00ae","isPartOf":{"@id":"https:\/\/www.pogotowieflagowe.pl\/aktualne\/#website"},"primaryImageOfPage":{"@id":"https:\/\/www.pogotowieflagowe.pl\/aktualne\/perspektywy-polskiego-rynku-pracy-pogarszaja-sie-w-obliczu-obaw-konsumentow\/#primaryimage"},"image":{"@id":"https:\/\/www.pogotowieflagowe.pl\/aktualne\/perspektywy-polskiego-rynku-pracy-pogarszaja-sie-w-obliczu-obaw-konsumentow\/#primaryimage"},"thumbnailUrl":"https:\/\/www.pogotowieflagowe.pl\/aktualne\/wp-content\/uploads\/2024\/10\/Wzrost-liczby-pracownikow-zagranicznych-w-Polsce-w-obliczu-ogolnego-spadku.jpg","datePublished":"2024-11-22T15:51:21+00:00","dateModified":"2024-11-22T15:51:21+00:00","breadcrumb":{"@id":"https:\/\/www.pogotowieflagowe.pl\/aktualne\/perspektywy-polskiego-rynku-pracy-pogarszaja-sie-w-obliczu-obaw-konsumentow\/#breadcrumb"},"inLanguage":"pl-PL","potentialAction":[{"@type":"ReadAction","target":["https:\/\/www.pogotowieflagowe.pl\/aktualne\/perspektywy-polskiego-rynku-pracy-pogarszaja-sie-w-obliczu-obaw-konsumentow\/"]}]},{"@type":"ImageObject","inLanguage":"pl-PL","@id":"https:\/\/www.pogotowieflagowe.pl\/aktualne\/perspektywy-polskiego-rynku-pracy-pogarszaja-sie-w-obliczu-obaw-konsumentow\/#primaryimage","url":"https:\/\/www.pogotowieflagowe.pl\/aktualne\/wp-content\/uploads\/2024\/10\/Wzrost-liczby-pracownikow-zagranicznych-w-Polsce-w-obliczu-ogolnego-spadku.jpg","contentUrl":"https:\/\/www.pogotowieflagowe.pl\/aktualne\/wp-content\/uploads\/2024\/10\/Wzrost-liczby-pracownikow-zagranicznych-w-Polsce-w-obliczu-ogolnego-spadku.jpg","width":1920,"height":1104,"caption":"Wzrost liczby pracownik\u00f3w zagranicznych w Polsce w obliczu og\u00f3lnego spadku zatrudnienia"},{"@type":"BreadcrumbList","@id":"https:\/\/www.pogotowieflagowe.pl\/aktualne\/perspektywy-polskiego-rynku-pracy-pogarszaja-sie-w-obliczu-obaw-konsumentow\/#breadcrumb","itemListElement":[{"@type":"ListItem","position":1,"name":"Home","item":"https:\/\/www.pogotowieflagowe.pl\/aktualne\/"},{"@type":"ListItem","position":2,"name":"Perspektywy polskiego rynku pracy pogarszaj\u0105 si\u0119 w obliczu obaw konsument\u00f3w"}]},{"@type":"WebSite","@id":"https:\/\/www.pogotowieflagowe.pl\/aktualne\/#website","url":"https:\/\/www.pogotowieflagowe.pl\/aktualne\/","name":"POGOTOWIE FLAGOWE\u00ae","description":"","publisher":{"@id":"https:\/\/www.pogotowieflagowe.pl\/aktualne\/#organization"},"potentialAction":[{"@type":"SearchAction","target":{"@type":"EntryPoint","urlTemplate":"https:\/\/www.pogotowieflagowe.pl\/aktualne\/?s={search_term_string}"},"query-input":"required name=search_term_string"}],"inLanguage":"pl-PL"},{"@type":"Organization","@id":"https:\/\/www.pogotowieflagowe.pl\/aktualne\/#organization","name":"POGOTOWIE FLAGOWE\u00ae","url":"https:\/\/www.pogotowieflagowe.pl\/aktualne\/","logo":{"@type":"ImageObject","inLanguage":"pl-PL","@id":"https:\/\/www.pogotowieflagowe.pl\/aktualne\/#\/schema\/logo\/image\/","url":"https:\/\/www.pogotowieflagowe.pl\/aktualne\/wp-content\/uploads\/2024\/08\/cropped-pogotowieflagowe_flaga_projekt_sm.jpg","contentUrl":"https:\/\/www.pogotowieflagowe.pl\/aktualne\/wp-content\/uploads\/2024\/08\/cropped-pogotowieflagowe_flaga_projekt_sm.jpg","width":250,"height":143,"caption":"POGOTOWIE FLAGOWE\u00ae"},"image":{"@id":"https:\/\/www.pogotowieflagowe.pl\/aktualne\/#\/schema\/logo\/image\/"}},{"@type":"Person","@id":"https:\/\/www.pogotowieflagowe.pl\/aktualne\/#\/schema\/person\/9c2fb7d2362ebf6fa088960d7f0d27b0","name":"Filip","image":{"@type":"ImageObject","inLanguage":"pl-PL","@id":"https:\/\/www.pogotowieflagowe.pl\/aktualne\/#\/schema\/person\/image\/","url":"https:\/\/www.pogotowieflagowe.pl\/aktualne\/wp-content\/uploads\/2024\/08\/pogotowieflagowe.pl_.jpg","contentUrl":"https:\/\/www.pogotowieflagowe.pl\/aktualne\/wp-content\/uploads\/2024\/08\/pogotowieflagowe.pl_.jpg","caption":"Filip"},"description":"Jestem Filip, polski dziennikarz z dyplomem nauk politycznych Uniwersytetu Warszawskiego. Rozpoczynaj\u0105c swoj\u0105 karier\u0119 w r\u00f3\u017cnych lokalnych mediach, zdoby\u0142em solidne do\u015bwiadczenie w zakresie \u015bledztwa i redakcji. Obecnie jako redaktor w Pogotowie flagowe, staram si\u0119 dostarcza\u0107 dog\u0142\u0119bne i istotne analizy na temat najwa\u017cniejszych kwestii aktualno\u015bci, \u0142\u0105cz\u0105c rygor z pasj\u0105 dziennikarsk\u0105.","sameAs":["https:\/\/www.pogotowieflagowe.pl\/"]}]}},"_links":{"self":[{"href":"https:\/\/www.pogotowieflagowe.pl\/aktualne\/wp-json\/wp\/v2\/posts\/1975","targetHints":{"allow":["GET"]}}],"collection":[{"href":"https:\/\/www.pogotowieflagowe.pl\/aktualne\/wp-json\/wp\/v2\/posts"}],"about":[{"href":"https:\/\/www.pogotowieflagowe.pl\/aktualne\/wp-json\/wp\/v2\/types\/post"}],"author":[{"embeddable":true,"href":"https:\/\/www.pogotowieflagowe.pl\/aktualne\/wp-json\/wp\/v2\/users\/1"}],"replies":[{"embeddable":true,"href":"https:\/\/www.pogotowieflagowe.pl\/aktualne\/wp-json\/wp\/v2\/comments?post=1975"}],"version-history":[{"count":1,"href":"https:\/\/www.pogotowieflagowe.pl\/aktualne\/wp-json\/wp\/v2\/posts\/1975\/revisions"}],"predecessor-version":[{"id":1976,"href":"https:\/\/www.pogotowieflagowe.pl\/aktualne\/wp-json\/wp\/v2\/posts\/1975\/revisions\/1976"}],"wp:featuredmedia":[{"embeddable":true,"href":"https:\/\/www.pogotowieflagowe.pl\/aktualne\/wp-json\/wp\/v2\/media\/1131"}],"wp:attachment":[{"href":"https:\/\/www.pogotowieflagowe.pl\/aktualne\/wp-json\/wp\/v2\/media?parent=1975"}],"wp:term":[{"taxonomy":"category","embeddable":true,"href":"https:\/\/www.pogotowieflagowe.pl\/aktualne\/wp-json\/wp\/v2\/categories?post=1975"},{"taxonomy":"post_tag","embeddable":true,"href":"https:\/\/www.pogotowieflagowe.pl\/aktualne\/wp-json\/wp\/v2\/tags?post=1975"}],"curies":[{"name":"wp","href":"https:\/\/api.w.org\/{rel}","templated":true}]}}