{"id":1998,"date":"2024-11-24T00:53:00","date_gmt":"2024-11-23T23:53:00","guid":{"rendered":"https:\/\/www.pogotowieflagowe.pl\/aktualne\/protesty-na-polskim-stadionie-wywolaly-kontrowersje-wokol-tlumienia-bialoruskiej-opozycji\/"},"modified":"2024-11-24T00:53:02","modified_gmt":"2024-11-23T23:53:02","slug":"protesty-na-polskim-stadionie-wywolaly-kontrowersje-wokol-tlumienia-bialoruskiej-opozycji","status":"publish","type":"post","link":"https:\/\/www.pogotowieflagowe.pl\/aktualne\/protesty-na-polskim-stadionie-wywolaly-kontrowersje-wokol-tlumienia-bialoruskiej-opozycji\/","title":{"rendered":"Protesty na polskim stadionie wywo\u0142a\u0142y kontrowersje wok\u00f3\u0142 t\u0142umienia bia\u0142oruskiej opozycji"},"content":{"rendered":"\n<div class=\"td_block_wrap tdb_single_content tdi_48 td-pb-border-top td_block_template_8 td-post-content tagdiv-type\" data-td-block-uid=\"tdi_48\">\n<style>.tdi_48{margines-g\u00f3rny:0px!important;margin-bottom:0px!important;dope\u0142nienie-g\u00f3ra:0px!important;dope\u0142nienie-d\u00f3\u0142:0px!important}<\/style>\n<style>.tdb_single_content{margin-bottom:0;*zoom:1}.tdb_single_content:before,.tdb_single_content:after{display:table;content:'';line-height:0}.tdb_single_content:after{clear:both}.tdb_single_content .tdb-block-inner>*:not(.wp-block-quote):not(.alignwide):not(.alignfull.wp-block-cover.has-parallax):not(.td-a-ad) {margin-left:auto;margin-right:auto}.tdb_single_content a{pointer-events:auto}.tdb_single_content .td-spot-id-top_ad .tdc-placeholder-title:before{content:'Article Top Ad'!important}.tdb_single_content .td-spot-id-inline_ad0 .tdc-placeholder-title:before{content:'Article Reklama wbudowana 1'!important}.tdb_single_content .td-spot-id-inline_ad1 .tdc-placeholder-title:before{content:'Article Inline Ad 2'!important}.tdb_single_content .td-spot-id-inline_ad2 .tdc-placeholder-title:before{content:' Reklama wbudowana w artyku\u0142 3'!important}.tdb_single_content .td-spot-id-bottom_ad .tdc-placeholder-title:before{content:'Article Bottom Ad'!important}.tdb_single_content .id_top_ad,.tdb_single_content .id_bottom_ad{clear:both;margin-bottom:21px;text-align:center}.tdb_single_content .id_top_ad img,.tdb_single_content .id_bottom_ad img{margin-bottom:0}.tdb_single_content .id_top_ad .adsbygoogle,.tdb_single_content .id_bottom_ad .adsbygoogle{position:relative}.tdb_single_content .id_ad_content-horiz-left,.tdb_single_content .id_ad_content-horiz-right,.tdb_single_content .id_ad_content-horiz-center{margin-bottom:15px}.tdb_single_content .id_ad_content-horiz-left img,.tdb_single_content .id_ad_content-horiz-right img,.tdb_single_content .id_ad_content-horiz-center img{margin-bottom:0}.tdb_single_content .id_ad_content-horiz-center{text-align:center}.tdb_single_content .id_ad_content-horiz-center img{margin-right:auto;margin-left:auto}.tdb_single_content .id_ad_content-horiz-left{float:left;margin-top:9px;margin-right:21px}.tdb_single_content .id_ad_content-horiz-right{float:right;margin-top:6px;margin-left:21px}.tdb_single_content .tdc-a-ad .tdc-placeholder-title{width:300px;height:250px}.tdb_single_content .tdc-a-ad .tdc-placeholder-title:before{position:absolute;top:50%;-webkit-transform:translateY(-50%);transform:translateY(-50%);margines:auto;display:table;width:100 %}.tdb_single_content .tdb-block-inner.td-fix-index{word-break:break-word}.tdi_48,.tdi_48>p,.tdi_48 .tdb-block-inner>p{font-size:16px!important;line- wysoko\u015b\u0107:1,6!wa\u017cne}.tdi_48 .tdb-block-inner blockquote p{font-style:normal!important}@media (max-width:767px){.tdb_single_content .id_ad_content-horiz-left,.tdb_single_content .id_ad_content-horiz-right,.tdb_single_content .id_ad_content-horiz-center{margin:0 automatyczny 26px auto}}@media (max-width:767px){.tdb_single_content .id_ad_content-horiz-left{margin-right:0}}@media (max-width:767px){.tdb_single_content .id_ad_content-horiz-right{margin -left:0}}@media (max-width:767px){.tdb_single_content .td-a-ad{float:none;text-align:center}.tdb_single_content .td-a-ad img{margin-right:auto;margin-left:auto}. tdb_single_content .tdc-a-ad{float:none}}<\/style>\n<div class=\"tdb-block-inner td-fix-index\">\n<h2 class=\"wp-block-heading\">Bia\u0142oruscy dzia\u0142acze spotykaj\u0105 si\u0119 z represjami podczas meczu Legii Warszawa, poniewa\u017c transparenty krytykuj\u0105ce \u0141ukaszenk\u0119 wywo\u0142uj\u0105 kontrowersje polityczne w Polsce.<\/h2>\n<blockquote class=\"twitter-tweet\">\n<p lang=\"pl\" dir=\"ltr\"><a rel=\"nofollow\" href=\"https:\/\/twitter.com\/RepublikaTV?ref_src=twsrc%5Etfw\">@RepublikaTV<\/a> przyci\u0105gni\u0119ty widz, <br \/>gdy inne telewizje, w tym TVN24, <br \/>wyra\u017anie straci\u0142. \u2013 Wyra\u017anie przejmujemy wdow\u0119 innych stacji \u2013 m\u00f3wi Tomasz Sakiewicz. \u015awietne wyniki r\u00f3wnie\u017c w mediach spo\u0142eczno\u015bciowych, kt\u00f3re s\u0105 dost\u0119pne <a rel=\"nofollow\" href=\"https:\/\/twitter.com\/MironaHolda?ref_src=twsrc%5Etfw\">@MironaHolda<\/a> <br \/>Wi\u0119cej w <a rel=\"nofollow\" href=\"https:\/\/twitter.com\/GPtygodnik?ref_src=twsrc%5Etfw\">@GPtygodnik<\/a> <a rel=\"nofollow\" href=\"https:\/\/t.co\/8AqNFUUWsD\">pic.twitter.com\/8AqNFUUWsD<\/a><\/p>\n<p>\u2014 Hubert Kowalski (@hube_kowalski) <a rel=\"nofollow\" href=\"https:\/\/twitter.com\/hube_kowalski\/status\/1860079604117147840?ref_src=twsrc%5Etfw\">22 listopada 2024 r<\/a><\/p><\/blockquote>\n<h3 class=\"wp-block-heading\"><\/h3>\n<p>Podczas meczu Legii Warszawa \u2013 Dynamo Mi\u0144sk bia\u0142oruscy dzia\u0142acze pr\u00f3bowali wywiesi\u0107 transparenty pot\u0119piaj\u0105ce re\u017cim \u0141ukaszenki. Chocia\u017c polskim kibicom pozwolono wyra\u017ca\u0107 swoje nastroje przeciwko \u0141ukaszence, ochrona stadionu skonfiskowa\u0142a bia\u0142oruskim uczestnikom transparenty, powo\u0142uj\u0105c si\u0119 na zakaz UEFA dotycz\u0105cy pokaz\u00f3w politycznych. Banery wywieszane przez kibic\u00f3w Legii pozosta\u0142y jednak nietkni\u0119te, co rodzi pytania o niesp\u00f3jne egzekwowanie przepis\u00f3w.<\/p>\n<p><strong>Zaanga\u017cowanie MSZ w dyskusje przedmeczowe<\/strong><\/p>\n<p>Wed\u0142ug doniesie\u0144, przed meczem w\u0142adze Legii Warszawa spotka\u0142y si\u0119 z urz\u0119dnikami polskiego Ministerstwa Spraw Zagranicznych (MSZ). Wzbudzi\u0142o to podejrzenia o wywieranie presji politycznej na dzia\u0142ania klubu. Chocia\u017c MSZ rzekomo pr\u00f3bowa\u0142o zaradzi\u0107 potencjalnym prowokacjom, krytycy twierdz\u0105, \u017ce \u015brodki te by\u0142y nieproporcjonalnie wymierzone w bia\u0142oruskich dysydent\u00f3w.<\/p>\n<p><strong>Bia\u0142oruski przeciwnik ukarany w Polsce<\/strong><\/p>\n<p>\u017bmicier Abramuk, by\u0142y wi\u0119zie\u0144 polityczny \u0141ukaszenki, stan\u0105\u0142 przed s\u0105dem w Polsce po odmowie z\u0142o\u017cenia sztandaru. Pomimo wyja\u015bnie\u0144 i wsparcia polskich kibic\u00f3w otrzyma\u0142 dwuletni zakaz stadionowy.<\/p>\n<p>Incydent uwydatnia szersze wyzwania stoj\u0105ce przed dzia\u0142aczami bia\u0142oruskiej opozycji szukaj\u0105cymi schronienia w Polsce w obliczu zaostrzaj\u0105cej si\u0119 dynamiki politycznej i kontrowersyjnych decyzji wp\u0142ywaj\u0105cych na wolno\u015b\u0107 s\u0142owa.<\/p>\n<\/div>\n<\/div>\n<p><script async src=\"https:\/\/platform.twitter.com\/widgets.js\" charset=\"utf-8\"><\/script><\/p>\n","protected":false},"excerpt":{"rendered":"<p>Bia\u0142oruscy dzia\u0142acze spotykaj\u0105 si\u0119 z represjami podczas meczu Legii Warszawa, poniewa\u017c transparenty krytykuj\u0105ce \u0141ukaszenk\u0119 wywo\u0142uj\u0105 kontrowersje polityczne w Polsce. @RepublikaTV<\/p>\n","protected":false},"author":1,"featured_media":1999,"comment_status":"closed","ping_status":"","sticky":false,"template":"","format":"standard","meta":{"footnotes":""},"categories":[118],"tags":[3244,168,3245,1034,3240,3241,3243,639,3242],"class_list":["post-1998","post","type-post","status-publish","format-standard","has-post-thumbnail","hentry","category-lekkoatletyka","tag-bialoruskiej","tag-kontrowersje","tag-opozycji","tag-polskim","tag-protesty","tag-stadionie","tag-tlumienia","tag-wokol","tag-wywolaly","generate-columns","tablet-grid-50","mobile-grid-100","grid-parent","grid-50","resize-featured-image"],"yoast_head":"<!-- This site is optimized with the Yoast SEO plugin v23.2 - https:\/\/yoast.com\/wordpress\/plugins\/seo\/ -->\n<title>Protesty na polskim stadionie wywo\u0142a\u0142y kontrowersje wok\u00f3\u0142 t\u0142umienia bia\u0142oruskiej opozycji - POGOTOWIE FLAGOWE\u00ae<\/title>\n<meta name=\"robots\" content=\"index, follow, max-snippet:-1, max-image-preview:large, max-video-preview:-1\" \/>\n<link rel=\"canonical\" href=\"https:\/\/www.pogotowieflagowe.pl\/aktualne\/protesty-na-polskim-stadionie-wywolaly-kontrowersje-wokol-tlumienia-bialoruskiej-opozycji\/\" \/>\n<meta property=\"og:locale\" content=\"pl_PL\" \/>\n<meta property=\"og:type\" content=\"article\" \/>\n<meta property=\"og:title\" content=\"Protesty na polskim stadionie wywo\u0142a\u0142y kontrowersje wok\u00f3\u0142 t\u0142umienia bia\u0142oruskiej opozycji - POGOTOWIE FLAGOWE\u00ae\" \/>\n<meta property=\"og:description\" content=\"Bia\u0142oruscy dzia\u0142acze spotykaj\u0105 si\u0119 z represjami podczas meczu Legii Warszawa, poniewa\u017c transparenty krytykuj\u0105ce \u0141ukaszenk\u0119 wywo\u0142uj\u0105 kontrowersje polityczne w Polsce. @RepublikaTV\" \/>\n<meta property=\"og:url\" content=\"https:\/\/www.pogotowieflagowe.pl\/aktualne\/protesty-na-polskim-stadionie-wywolaly-kontrowersje-wokol-tlumienia-bialoruskiej-opozycji\/\" \/>\n<meta property=\"og:site_name\" content=\"POGOTOWIE FLAGOWE\u00ae\" \/>\n<meta property=\"article:published_time\" content=\"2024-11-23T23:53:00+00:00\" \/>\n<meta property=\"article:modified_time\" content=\"2024-11-23T23:53:02+00:00\" \/>\n<meta property=\"og:image\" content=\"https:\/\/www.pogotowieflagowe.pl\/aktualne\/wp-content\/uploads\/2024\/11\/Protesty-na-polskim-stadionie-wywolaly-kontrowersje-wokol-tlumienia-bialoruskiej-opozycji.jpg\" \/>\n\t<meta property=\"og:image:width\" content=\"1280\" \/>\n\t<meta property=\"og:image:height\" content=\"720\" \/>\n\t<meta property=\"og:image:type\" content=\"image\/jpeg\" \/>\n<meta name=\"author\" content=\"Filip\" \/>\n<meta name=\"twitter:card\" content=\"summary_large_image\" \/>\n<meta name=\"twitter:label1\" content=\"Napisane przez\" \/>\n\t<meta name=\"twitter:data1\" content=\"Filip\" \/>\n\t<meta name=\"twitter:label2\" content=\"Szacowany czas czytania\" \/>\n\t<meta name=\"twitter:data2\" content=\"1 minuta\" \/>\n<script type=\"application\/ld+json\" class=\"yoast-schema-graph\">{\"@context\":\"https:\/\/schema.org\",\"@graph\":[{\"@type\":\"Article\",\"@id\":\"https:\/\/www.pogotowieflagowe.pl\/aktualne\/protesty-na-polskim-stadionie-wywolaly-kontrowersje-wokol-tlumienia-bialoruskiej-opozycji\/#article\",\"isPartOf\":{\"@id\":\"https:\/\/www.pogotowieflagowe.pl\/aktualne\/protesty-na-polskim-stadionie-wywolaly-kontrowersje-wokol-tlumienia-bialoruskiej-opozycji\/\"},\"author\":{\"name\":\"Filip\",\"@id\":\"https:\/\/www.pogotowieflagowe.pl\/aktualne\/#\/schema\/person\/9c2fb7d2362ebf6fa088960d7f0d27b0\"},\"headline\":\"Protesty na polskim stadionie wywo\u0142a\u0142y kontrowersje wok\u00f3\u0142 t\u0142umienia bia\u0142oruskiej opozycji\",\"datePublished\":\"2024-11-23T23:53:00+00:00\",\"dateModified\":\"2024-11-23T23:53:02+00:00\",\"mainEntityOfPage\":{\"@id\":\"https:\/\/www.pogotowieflagowe.pl\/aktualne\/protesty-na-polskim-stadionie-wywolaly-kontrowersje-wokol-tlumienia-bialoruskiej-opozycji\/\"},\"wordCount\":294,\"publisher\":{\"@id\":\"https:\/\/www.pogotowieflagowe.pl\/aktualne\/#organization\"},\"image\":{\"@id\":\"https:\/\/www.pogotowieflagowe.pl\/aktualne\/protesty-na-polskim-stadionie-wywolaly-kontrowersje-wokol-tlumienia-bialoruskiej-opozycji\/#primaryimage\"},\"thumbnailUrl\":\"https:\/\/www.pogotowieflagowe.pl\/aktualne\/wp-content\/uploads\/2024\/11\/Protesty-na-polskim-stadionie-wywolaly-kontrowersje-wokol-tlumienia-bialoruskiej-opozycji.jpg\",\"keywords\":[\"bia\u0142oruskiej\",\"kontrowersje\",\"opozycji\",\"polskim\",\"Protesty\",\"stadionie\",\"t\u0142umienia\",\"wok\u00f3\u0142\",\"wywo\u0142a\u0142y\"],\"articleSection\":[\"Lekkoatletyka\"],\"inLanguage\":\"pl-PL\"},{\"@type\":\"WebPage\",\"@id\":\"https:\/\/www.pogotowieflagowe.pl\/aktualne\/protesty-na-polskim-stadionie-wywolaly-kontrowersje-wokol-tlumienia-bialoruskiej-opozycji\/\",\"url\":\"https:\/\/www.pogotowieflagowe.pl\/aktualne\/protesty-na-polskim-stadionie-wywolaly-kontrowersje-wokol-tlumienia-bialoruskiej-opozycji\/\",\"name\":\"Protesty na polskim stadionie wywo\u0142a\u0142y kontrowersje wok\u00f3\u0142 t\u0142umienia bia\u0142oruskiej opozycji - POGOTOWIE FLAGOWE\u00ae\",\"isPartOf\":{\"@id\":\"https:\/\/www.pogotowieflagowe.pl\/aktualne\/#website\"},\"primaryImageOfPage\":{\"@id\":\"https:\/\/www.pogotowieflagowe.pl\/aktualne\/protesty-na-polskim-stadionie-wywolaly-kontrowersje-wokol-tlumienia-bialoruskiej-opozycji\/#primaryimage\"},\"image\":{\"@id\":\"https:\/\/www.pogotowieflagowe.pl\/aktualne\/protesty-na-polskim-stadionie-wywolaly-kontrowersje-wokol-tlumienia-bialoruskiej-opozycji\/#primaryimage\"},\"thumbnailUrl\":\"https:\/\/www.pogotowieflagowe.pl\/aktualne\/wp-content\/uploads\/2024\/11\/Protesty-na-polskim-stadionie-wywolaly-kontrowersje-wokol-tlumienia-bialoruskiej-opozycji.jpg\",\"datePublished\":\"2024-11-23T23:53:00+00:00\",\"dateModified\":\"2024-11-23T23:53:02+00:00\",\"breadcrumb\":{\"@id\":\"https:\/\/www.pogotowieflagowe.pl\/aktualne\/protesty-na-polskim-stadionie-wywolaly-kontrowersje-wokol-tlumienia-bialoruskiej-opozycji\/#breadcrumb\"},\"inLanguage\":\"pl-PL\",\"potentialAction\":[{\"@type\":\"ReadAction\",\"target\":[\"https:\/\/www.pogotowieflagowe.pl\/aktualne\/protesty-na-polskim-stadionie-wywolaly-kontrowersje-wokol-tlumienia-bialoruskiej-opozycji\/\"]}]},{\"@type\":\"ImageObject\",\"inLanguage\":\"pl-PL\",\"@id\":\"https:\/\/www.pogotowieflagowe.pl\/aktualne\/protesty-na-polskim-stadionie-wywolaly-kontrowersje-wokol-tlumienia-bialoruskiej-opozycji\/#primaryimage\",\"url\":\"https:\/\/www.pogotowieflagowe.pl\/aktualne\/wp-content\/uploads\/2024\/11\/Protesty-na-polskim-stadionie-wywolaly-kontrowersje-wokol-tlumienia-bialoruskiej-opozycji.jpg\",\"contentUrl\":\"https:\/\/www.pogotowieflagowe.pl\/aktualne\/wp-content\/uploads\/2024\/11\/Protesty-na-polskim-stadionie-wywolaly-kontrowersje-wokol-tlumienia-bialoruskiej-opozycji.jpg\",\"width\":1280,\"height\":720,\"caption\":\"Protesty na polskim stadionie wywo\u0142a\u0142y kontrowersje wok\u00f3\u0142 t\u0142umienia bia\u0142oruskiej opozycji\"},{\"@type\":\"BreadcrumbList\",\"@id\":\"https:\/\/www.pogotowieflagowe.pl\/aktualne\/protesty-na-polskim-stadionie-wywolaly-kontrowersje-wokol-tlumienia-bialoruskiej-opozycji\/#breadcrumb\",\"itemListElement\":[{\"@type\":\"ListItem\",\"position\":1,\"name\":\"Home\",\"item\":\"https:\/\/www.pogotowieflagowe.pl\/aktualne\/\"},{\"@type\":\"ListItem\",\"position\":2,\"name\":\"Protesty na polskim stadionie wywo\u0142a\u0142y kontrowersje wok\u00f3\u0142 t\u0142umienia bia\u0142oruskiej opozycji\"}]},{\"@type\":\"WebSite\",\"@id\":\"https:\/\/www.pogotowieflagowe.pl\/aktualne\/#website\",\"url\":\"https:\/\/www.pogotowieflagowe.pl\/aktualne\/\",\"name\":\"POGOTOWIE FLAGOWE\u00ae\",\"description\":\"\",\"publisher\":{\"@id\":\"https:\/\/www.pogotowieflagowe.pl\/aktualne\/#organization\"},\"potentialAction\":[{\"@type\":\"SearchAction\",\"target\":{\"@type\":\"EntryPoint\",\"urlTemplate\":\"https:\/\/www.pogotowieflagowe.pl\/aktualne\/?s={search_term_string}\"},\"query-input\":\"required name=search_term_string\"}],\"inLanguage\":\"pl-PL\"},{\"@type\":\"Organization\",\"@id\":\"https:\/\/www.pogotowieflagowe.pl\/aktualne\/#organization\",\"name\":\"POGOTOWIE FLAGOWE\u00ae\",\"url\":\"https:\/\/www.pogotowieflagowe.pl\/aktualne\/\",\"logo\":{\"@type\":\"ImageObject\",\"inLanguage\":\"pl-PL\",\"@id\":\"https:\/\/www.pogotowieflagowe.pl\/aktualne\/#\/schema\/logo\/image\/\",\"url\":\"https:\/\/www.pogotowieflagowe.pl\/aktualne\/wp-content\/uploads\/2024\/08\/cropped-pogotowieflagowe_flaga_projekt_sm.jpg\",\"contentUrl\":\"https:\/\/www.pogotowieflagowe.pl\/aktualne\/wp-content\/uploads\/2024\/08\/cropped-pogotowieflagowe_flaga_projekt_sm.jpg\",\"width\":250,\"height\":143,\"caption\":\"POGOTOWIE FLAGOWE\u00ae\"},\"image\":{\"@id\":\"https:\/\/www.pogotowieflagowe.pl\/aktualne\/#\/schema\/logo\/image\/\"}},{\"@type\":\"Person\",\"@id\":\"https:\/\/www.pogotowieflagowe.pl\/aktualne\/#\/schema\/person\/9c2fb7d2362ebf6fa088960d7f0d27b0\",\"name\":\"Filip\",\"image\":{\"@type\":\"ImageObject\",\"inLanguage\":\"pl-PL\",\"@id\":\"https:\/\/www.pogotowieflagowe.pl\/aktualne\/#\/schema\/person\/image\/\",\"url\":\"https:\/\/www.pogotowieflagowe.pl\/aktualne\/wp-content\/uploads\/2024\/08\/pogotowieflagowe.pl_.jpg\",\"contentUrl\":\"https:\/\/www.pogotowieflagowe.pl\/aktualne\/wp-content\/uploads\/2024\/08\/pogotowieflagowe.pl_.jpg\",\"caption\":\"Filip\"},\"description\":\"Jestem Filip, polski dziennikarz z dyplomem nauk politycznych Uniwersytetu Warszawskiego. Rozpoczynaj\u0105c swoj\u0105 karier\u0119 w r\u00f3\u017cnych lokalnych mediach, zdoby\u0142em solidne do\u015bwiadczenie w zakresie \u015bledztwa i redakcji. Obecnie jako redaktor w Pogotowie flagowe, staram si\u0119 dostarcza\u0107 dog\u0142\u0119bne i istotne analizy na temat najwa\u017cniejszych kwestii aktualno\u015bci, \u0142\u0105cz\u0105c rygor z pasj\u0105 dziennikarsk\u0105.\",\"sameAs\":[\"https:\/\/www.pogotowieflagowe.pl\/\"]}]}<\/script>\n<!-- \/ Yoast SEO plugin. -->","yoast_head_json":{"title":"Protesty na polskim stadionie wywo\u0142a\u0142y kontrowersje wok\u00f3\u0142 t\u0142umienia bia\u0142oruskiej opozycji - POGOTOWIE FLAGOWE\u00ae","robots":{"index":"index","follow":"follow","max-snippet":"max-snippet:-1","max-image-preview":"max-image-preview:large","max-video-preview":"max-video-preview:-1"},"canonical":"https:\/\/www.pogotowieflagowe.pl\/aktualne\/protesty-na-polskim-stadionie-wywolaly-kontrowersje-wokol-tlumienia-bialoruskiej-opozycji\/","og_locale":"pl_PL","og_type":"article","og_title":"Protesty na polskim stadionie wywo\u0142a\u0142y kontrowersje wok\u00f3\u0142 t\u0142umienia bia\u0142oruskiej opozycji - POGOTOWIE FLAGOWE\u00ae","og_description":"Bia\u0142oruscy dzia\u0142acze spotykaj\u0105 si\u0119 z represjami podczas meczu Legii Warszawa, poniewa\u017c transparenty krytykuj\u0105ce \u0141ukaszenk\u0119 wywo\u0142uj\u0105 kontrowersje polityczne w Polsce. @RepublikaTV","og_url":"https:\/\/www.pogotowieflagowe.pl\/aktualne\/protesty-na-polskim-stadionie-wywolaly-kontrowersje-wokol-tlumienia-bialoruskiej-opozycji\/","og_site_name":"POGOTOWIE FLAGOWE\u00ae","article_published_time":"2024-11-23T23:53:00+00:00","article_modified_time":"2024-11-23T23:53:02+00:00","og_image":[{"width":1280,"height":720,"url":"https:\/\/www.pogotowieflagowe.pl\/aktualne\/wp-content\/uploads\/2024\/11\/Protesty-na-polskim-stadionie-wywolaly-kontrowersje-wokol-tlumienia-bialoruskiej-opozycji.jpg","type":"image\/jpeg"}],"author":"Filip","twitter_card":"summary_large_image","twitter_misc":{"Napisane przez":"Filip","Szacowany czas czytania":"1 minuta"},"schema":{"@context":"https:\/\/schema.org","@graph":[{"@type":"Article","@id":"https:\/\/www.pogotowieflagowe.pl\/aktualne\/protesty-na-polskim-stadionie-wywolaly-kontrowersje-wokol-tlumienia-bialoruskiej-opozycji\/#article","isPartOf":{"@id":"https:\/\/www.pogotowieflagowe.pl\/aktualne\/protesty-na-polskim-stadionie-wywolaly-kontrowersje-wokol-tlumienia-bialoruskiej-opozycji\/"},"author":{"name":"Filip","@id":"https:\/\/www.pogotowieflagowe.pl\/aktualne\/#\/schema\/person\/9c2fb7d2362ebf6fa088960d7f0d27b0"},"headline":"Protesty na polskim stadionie wywo\u0142a\u0142y kontrowersje wok\u00f3\u0142 t\u0142umienia bia\u0142oruskiej opozycji","datePublished":"2024-11-23T23:53:00+00:00","dateModified":"2024-11-23T23:53:02+00:00","mainEntityOfPage":{"@id":"https:\/\/www.pogotowieflagowe.pl\/aktualne\/protesty-na-polskim-stadionie-wywolaly-kontrowersje-wokol-tlumienia-bialoruskiej-opozycji\/"},"wordCount":294,"publisher":{"@id":"https:\/\/www.pogotowieflagowe.pl\/aktualne\/#organization"},"image":{"@id":"https:\/\/www.pogotowieflagowe.pl\/aktualne\/protesty-na-polskim-stadionie-wywolaly-kontrowersje-wokol-tlumienia-bialoruskiej-opozycji\/#primaryimage"},"thumbnailUrl":"https:\/\/www.pogotowieflagowe.pl\/aktualne\/wp-content\/uploads\/2024\/11\/Protesty-na-polskim-stadionie-wywolaly-kontrowersje-wokol-tlumienia-bialoruskiej-opozycji.jpg","keywords":["bia\u0142oruskiej","kontrowersje","opozycji","polskim","Protesty","stadionie","t\u0142umienia","wok\u00f3\u0142","wywo\u0142a\u0142y"],"articleSection":["Lekkoatletyka"],"inLanguage":"pl-PL"},{"@type":"WebPage","@id":"https:\/\/www.pogotowieflagowe.pl\/aktualne\/protesty-na-polskim-stadionie-wywolaly-kontrowersje-wokol-tlumienia-bialoruskiej-opozycji\/","url":"https:\/\/www.pogotowieflagowe.pl\/aktualne\/protesty-na-polskim-stadionie-wywolaly-kontrowersje-wokol-tlumienia-bialoruskiej-opozycji\/","name":"Protesty na polskim stadionie wywo\u0142a\u0142y kontrowersje wok\u00f3\u0142 t\u0142umienia bia\u0142oruskiej opozycji - POGOTOWIE FLAGOWE\u00ae","isPartOf":{"@id":"https:\/\/www.pogotowieflagowe.pl\/aktualne\/#website"},"primaryImageOfPage":{"@id":"https:\/\/www.pogotowieflagowe.pl\/aktualne\/protesty-na-polskim-stadionie-wywolaly-kontrowersje-wokol-tlumienia-bialoruskiej-opozycji\/#primaryimage"},"image":{"@id":"https:\/\/www.pogotowieflagowe.pl\/aktualne\/protesty-na-polskim-stadionie-wywolaly-kontrowersje-wokol-tlumienia-bialoruskiej-opozycji\/#primaryimage"},"thumbnailUrl":"https:\/\/www.pogotowieflagowe.pl\/aktualne\/wp-content\/uploads\/2024\/11\/Protesty-na-polskim-stadionie-wywolaly-kontrowersje-wokol-tlumienia-bialoruskiej-opozycji.jpg","datePublished":"2024-11-23T23:53:00+00:00","dateModified":"2024-11-23T23:53:02+00:00","breadcrumb":{"@id":"https:\/\/www.pogotowieflagowe.pl\/aktualne\/protesty-na-polskim-stadionie-wywolaly-kontrowersje-wokol-tlumienia-bialoruskiej-opozycji\/#breadcrumb"},"inLanguage":"pl-PL","potentialAction":[{"@type":"ReadAction","target":["https:\/\/www.pogotowieflagowe.pl\/aktualne\/protesty-na-polskim-stadionie-wywolaly-kontrowersje-wokol-tlumienia-bialoruskiej-opozycji\/"]}]},{"@type":"ImageObject","inLanguage":"pl-PL","@id":"https:\/\/www.pogotowieflagowe.pl\/aktualne\/protesty-na-polskim-stadionie-wywolaly-kontrowersje-wokol-tlumienia-bialoruskiej-opozycji\/#primaryimage","url":"https:\/\/www.pogotowieflagowe.pl\/aktualne\/wp-content\/uploads\/2024\/11\/Protesty-na-polskim-stadionie-wywolaly-kontrowersje-wokol-tlumienia-bialoruskiej-opozycji.jpg","contentUrl":"https:\/\/www.pogotowieflagowe.pl\/aktualne\/wp-content\/uploads\/2024\/11\/Protesty-na-polskim-stadionie-wywolaly-kontrowersje-wokol-tlumienia-bialoruskiej-opozycji.jpg","width":1280,"height":720,"caption":"Protesty na polskim stadionie wywo\u0142a\u0142y kontrowersje wok\u00f3\u0142 t\u0142umienia bia\u0142oruskiej opozycji"},{"@type":"BreadcrumbList","@id":"https:\/\/www.pogotowieflagowe.pl\/aktualne\/protesty-na-polskim-stadionie-wywolaly-kontrowersje-wokol-tlumienia-bialoruskiej-opozycji\/#breadcrumb","itemListElement":[{"@type":"ListItem","position":1,"name":"Home","item":"https:\/\/www.pogotowieflagowe.pl\/aktualne\/"},{"@type":"ListItem","position":2,"name":"Protesty na polskim stadionie wywo\u0142a\u0142y kontrowersje wok\u00f3\u0142 t\u0142umienia bia\u0142oruskiej opozycji"}]},{"@type":"WebSite","@id":"https:\/\/www.pogotowieflagowe.pl\/aktualne\/#website","url":"https:\/\/www.pogotowieflagowe.pl\/aktualne\/","name":"POGOTOWIE FLAGOWE\u00ae","description":"","publisher":{"@id":"https:\/\/www.pogotowieflagowe.pl\/aktualne\/#organization"},"potentialAction":[{"@type":"SearchAction","target":{"@type":"EntryPoint","urlTemplate":"https:\/\/www.pogotowieflagowe.pl\/aktualne\/?s={search_term_string}"},"query-input":"required name=search_term_string"}],"inLanguage":"pl-PL"},{"@type":"Organization","@id":"https:\/\/www.pogotowieflagowe.pl\/aktualne\/#organization","name":"POGOTOWIE FLAGOWE\u00ae","url":"https:\/\/www.pogotowieflagowe.pl\/aktualne\/","logo":{"@type":"ImageObject","inLanguage":"pl-PL","@id":"https:\/\/www.pogotowieflagowe.pl\/aktualne\/#\/schema\/logo\/image\/","url":"https:\/\/www.pogotowieflagowe.pl\/aktualne\/wp-content\/uploads\/2024\/08\/cropped-pogotowieflagowe_flaga_projekt_sm.jpg","contentUrl":"https:\/\/www.pogotowieflagowe.pl\/aktualne\/wp-content\/uploads\/2024\/08\/cropped-pogotowieflagowe_flaga_projekt_sm.jpg","width":250,"height":143,"caption":"POGOTOWIE FLAGOWE\u00ae"},"image":{"@id":"https:\/\/www.pogotowieflagowe.pl\/aktualne\/#\/schema\/logo\/image\/"}},{"@type":"Person","@id":"https:\/\/www.pogotowieflagowe.pl\/aktualne\/#\/schema\/person\/9c2fb7d2362ebf6fa088960d7f0d27b0","name":"Filip","image":{"@type":"ImageObject","inLanguage":"pl-PL","@id":"https:\/\/www.pogotowieflagowe.pl\/aktualne\/#\/schema\/person\/image\/","url":"https:\/\/www.pogotowieflagowe.pl\/aktualne\/wp-content\/uploads\/2024\/08\/pogotowieflagowe.pl_.jpg","contentUrl":"https:\/\/www.pogotowieflagowe.pl\/aktualne\/wp-content\/uploads\/2024\/08\/pogotowieflagowe.pl_.jpg","caption":"Filip"},"description":"Jestem Filip, polski dziennikarz z dyplomem nauk politycznych Uniwersytetu Warszawskiego. Rozpoczynaj\u0105c swoj\u0105 karier\u0119 w r\u00f3\u017cnych lokalnych mediach, zdoby\u0142em solidne do\u015bwiadczenie w zakresie \u015bledztwa i redakcji. Obecnie jako redaktor w Pogotowie flagowe, staram si\u0119 dostarcza\u0107 dog\u0142\u0119bne i istotne analizy na temat najwa\u017cniejszych kwestii aktualno\u015bci, \u0142\u0105cz\u0105c rygor z pasj\u0105 dziennikarsk\u0105.","sameAs":["https:\/\/www.pogotowieflagowe.pl\/"]}]}},"_links":{"self":[{"href":"https:\/\/www.pogotowieflagowe.pl\/aktualne\/wp-json\/wp\/v2\/posts\/1998","targetHints":{"allow":["GET"]}}],"collection":[{"href":"https:\/\/www.pogotowieflagowe.pl\/aktualne\/wp-json\/wp\/v2\/posts"}],"about":[{"href":"https:\/\/www.pogotowieflagowe.pl\/aktualne\/wp-json\/wp\/v2\/types\/post"}],"author":[{"embeddable":true,"href":"https:\/\/www.pogotowieflagowe.pl\/aktualne\/wp-json\/wp\/v2\/users\/1"}],"replies":[{"embeddable":true,"href":"https:\/\/www.pogotowieflagowe.pl\/aktualne\/wp-json\/wp\/v2\/comments?post=1998"}],"version-history":[{"count":1,"href":"https:\/\/www.pogotowieflagowe.pl\/aktualne\/wp-json\/wp\/v2\/posts\/1998\/revisions"}],"predecessor-version":[{"id":2000,"href":"https:\/\/www.pogotowieflagowe.pl\/aktualne\/wp-json\/wp\/v2\/posts\/1998\/revisions\/2000"}],"wp:featuredmedia":[{"embeddable":true,"href":"https:\/\/www.pogotowieflagowe.pl\/aktualne\/wp-json\/wp\/v2\/media\/1999"}],"wp:attachment":[{"href":"https:\/\/www.pogotowieflagowe.pl\/aktualne\/wp-json\/wp\/v2\/media?parent=1998"}],"wp:term":[{"taxonomy":"category","embeddable":true,"href":"https:\/\/www.pogotowieflagowe.pl\/aktualne\/wp-json\/wp\/v2\/categories?post=1998"},{"taxonomy":"post_tag","embeddable":true,"href":"https:\/\/www.pogotowieflagowe.pl\/aktualne\/wp-json\/wp\/v2\/tags?post=1998"}],"curies":[{"name":"wp","href":"https:\/\/api.w.org\/{rel}","templated":true}]}}