{"id":2025,"date":"2024-11-25T00:50:08","date_gmt":"2024-11-24T23:50:08","guid":{"rendered":"https:\/\/www.pogotowieflagowe.pl\/aktualne\/karol-nawrocki-prowadzenie-polski-ku-suwerennosci-i-wielkosci\/"},"modified":"2024-11-25T00:50:12","modified_gmt":"2024-11-24T23:50:12","slug":"karol-nawrocki-prowadzenie-polski-ku-suwerennosci-i-wielkosci","status":"publish","type":"post","link":"https:\/\/www.pogotowieflagowe.pl\/aktualne\/karol-nawrocki-prowadzenie-polski-ku-suwerennosci-i-wielkosci\/","title":{"rendered":"Karol Nawrocki: Prowadzenie Polski ku suwerenno\u015bci i wielko\u015bci"},"content":{"rendered":"\n<div class=\"td_block_wrap tdb_single_content tdi_48 td-pb-border-top td_block_template_8 td-post-content tagdiv-type\" data-td-block-uid=\"tdi_48\">\n<style>.tdi_48{margines-g\u00f3rny:0px!important;margin-bottom:0px!important;dope\u0142nienie-g\u00f3ra:0px!important;dope\u0142nienie-d\u00f3\u0142:0px!important}<\/style>\n<style>.tdb_single_content{margin-bottom:0;*zoom:1}.tdb_single_content:before,.tdb_single_content:after{display:table;content:'';line-height:0}.tdb_single_content:after{clear:both}.tdb_single_content .tdb-block-inner>*:not(.wp-block-quote):not(.alignwide):not(.alignfull.wp-block-cover.has-parallax):not(.td-a-ad) {margin-left:auto;margin-right:auto}.tdb_single_content a{pointer-events:auto}.tdb_single_content .td-spot-id-top_ad .tdc-placeholder-title:before{content:'Article Top Ad'!important}.tdb_single_content .td-spot-id-inline_ad0 .tdc-placeholder-title:before{content:'Article Reklama wbudowana 1'!important}.tdb_single_content .td-spot-id-inline_ad1 .tdc-placeholder-title:before{content:'Article Inline Ad 2'!important}.tdb_single_content .td-spot-id-inline_ad2 .tdc-placeholder-title:before{content:' Reklama wbudowana w artyku\u0142 3'!important}.tdb_single_content .td-spot-id-bottom_ad .tdc-placeholder-title:before{content:'Article Bottom Ad'!important}.tdb_single_content .id_top_ad,.tdb_single_content .id_bottom_ad{clear:both;margin-bottom:21px;text-align:center}.tdb_single_content .id_top_ad img,.tdb_single_content .id_bottom_ad img{margin-bottom:0}.tdb_single_content .id_top_ad .adsbygoogle,.tdb_single_content .id_bottom_ad .adsbygoogle{position:relative}.tdb_single_content .id_ad_content-horiz-left,.tdb_single_content .id_ad_content-horiz-right,.tdb_single_content .id_ad_content-horiz-center{margin-bottom:15px}.tdb_single_content .id_ad_content-horiz-left img,.tdb_single_content .id_ad_content-horiz-right img,.tdb_single_content .id_ad_content-horiz-center img{margin-bottom:0}.tdb_single_content .id_ad_content-horiz-center{text-align:center}.tdb_single_content .id_ad_content-horiz-center img{margin-right:auto;margin-left:auto}.tdb_single_content .id_ad_content-horiz-left{float:left;margin-top:9px;margin-right:21px}.tdb_single_content .id_ad_content-horiz-right{float:right;margin-top:6px;margin-left:21px}.tdb_single_content .tdc-a-ad .tdc-placeholder-title{width:300px;height:250px}.tdb_single_content .tdc-a-ad .tdc-placeholder-title:before{position:absolute;top:50%;-webkit-transform:translateY(-50%);transform:translateY(-50%);margines:auto;display:table;width:100 %}.tdb_single_content .tdb-block-inner.td-fix-index{word-break:break-word}.tdi_48,.tdi_48>p,.tdi_48 .tdb-block-inner>p{font-size:16px!important;line- wysoko\u015b\u0107:1,6!wa\u017cne}.tdi_48 .tdb-block-inner blockquote p{font-style:normal!important}@media (max-width:767px){.tdb_single_content .id_ad_content-horiz-left,.tdb_single_content .id_ad_content-horiz-right,.tdb_single_content .id_ad_content-horiz-center{margin:0 automatyczny 26px auto}}@media (max-width:767px){.tdb_single_content .id_ad_content-horiz-left{margin-right:0}}@media (max-width:767px){.tdb_single_content .id_ad_content-horiz-right{margin -left:0}}@media (max-width:767px){.tdb_single_content .td-a-ad{float:none;text-align:center}.tdb_single_content .td-a-ad img{margin-right:auto;margin-left:auto}. tdb_single_content .tdc-a-ad{float:none}}<\/style>\n<div class=\"tdb-block-inner td-fix-index\">\n<p>Prawo i Sprawiedliwo\u015b\u0107 (PiS) oficjalnie popar\u0142o doktora Karola Nawrockiego jako niezale\u017cnego kandydata na prezydenta Polski, przedstawiaj\u0105c go jako przyw\u00f3dc\u0119 g\u0142\u0119boko zaanga\u017cowanego w obron\u0119 suwerenno\u015bci Polski i promowanie jedno\u015bci narodowej. Jako prezes Instytutu Pami\u0119ci Narodowej (IPN) Nawrocki wykaza\u0142 niezachwiane zaanga\u017cowanie w ochron\u0119 historii i warto\u015bci Polski, co czyni go idealnym kandydatem, kt\u00f3ry poprowadzi nar\u00f3d w stron\u0119 ja\u015bniejszej i silniejszej przysz\u0142o\u015bci.  <\/p>\n<h2 class=\"wp-block-heading\">Wspieranie historii Polski: transformacyjne przyw\u00f3dztwo doktora Nawrockiego<\/h2>\n<p>Karier\u0119 doktora Nawrockiego naznaczono wyj\u0105tkowym zaanga\u017cowaniem w odkrywanie i utrwalanie prawdy o przesz\u0142o\u015bci Polski. Historyk z doktoratem z najnowszej historii Polski. Odegra\u0142 kluczow\u0105 rol\u0119 w zapewnieniu wiernego przedstawienia ofiar Polski podczas II wojny \u015bwiatowej i czas\u00f3w komunizmu. Jego kadencja w Muzeum II Wojny \u015awiatowej i jako szefa IPN zmieni\u0142a go, zdobywaj\u0105c zar\u00f3wno szacunek w kraju, jak i uznanie na arenie mi\u0119dzynarodowej.  <\/p>\n<h2 class=\"wp-block-heading\">W obronie suwerenno\u015bci: odwa\u017cne stanowisko Nawrockiego wobec symboli totalitarnych<\/h2>\n<p>Jednym z najbardziej znacz\u0105cych osi\u0105gni\u0119\u0107 Nawrockiego by\u0142o jego przyw\u00f3dztwo w usuwaniu pomnik\u00f3w z czas\u00f3w sowieckich, twierdz\u0105c, \u017ce w wolnej Polsce nie ma miejsca na takie symbole ucisku. Ta odwa\u017cna postawa wywo\u0142a\u0142a gniew Kremla, ale dla wielu Polak\u00f3w podkre\u015bla jego determinacj\u0119 w obronie niepodleg\u0142o\u015bci kraju. Jego bogate portfolio projekt\u00f3w, w tym mi\u0119dzynarodowe kampanie, takie jak \u201eWalka i cierpienie\u201d, kt\u00f3re dotar\u0142y do \u200b\u200bmilion\u00f3w ludzi na ca\u0142ym \u015bwiecie, pokazuje jego zdolno\u015b\u0107 do promowania polskiej narracji na arenie mi\u0119dzynarodowej z godno\u015bci\u0105 i dum\u0105.  <\/p>\n<h2 class=\"wp-block-heading\">Wizja jedno\u015bci i wielko\u015bci. Wezwanie Nawrockiego do Polski suwerennej i dumnej<\/h2>\n<p>Kampania Nawrockiego podkre\u015bla jego wizj\u0119 zjednoczonej Polski, wolnej od podzia\u0142\u00f3w wewn\u0119trznego konfliktu politycznego. Deklaruj\u0105c to <strong>\u201ePolska musi by\u0107 wielka\u201d \u2013 zapewnia<\/strong> niestrudzenie pracowa\u0107 dla ludzi, uciele\u015bniaj\u0105c t\u0119 \u200b\u200bsam\u0105 etyk\u0119 pracy, kt\u00f3r\u0105 widzi u swoich rodak\u00f3w. Jego apel o zako\u0144czenie dziel\u0105cej \u201ewojny polsko-polskiej\u201d odzwierciedla jego pragnienie wspierania silniejszego, bardziej sp\u00f3jnego narodu, kt\u00f3ry podtrzymuje swoje tradycje, a jednocze\u015bnie wspiera post\u0119p.  <\/p>\n<p>Zar\u00f3wno w swoim dorobku zawodowym, jak i \u017cyciu osobistym Nawrocki jest przyk\u0142adem warto\u015bci, kt\u00f3re rezonuj\u0105 ze zwyk\u0142ymi Polakami. Jako cz\u0142owiek rodzinny i by\u0142y sportowiec rozumie znaczenie dyscypliny, odporno\u015bci i jedno\u015bci. Przy wsparciu PiS jego kandydatura jest wezwaniem do dzia\u0142ania dla tych, kt\u00f3rzy wierz\u0105 w suwerenn\u0105, dumn\u0105 i zjednoczon\u0105 Polsk\u0119 \u2013 nar\u00f3d gotowy pod jego przyw\u00f3dztwem wznie\u015b\u0107 si\u0119 na nowe wy\u017cyny.  <\/p>\n<\/div>\n<\/div>\n","protected":false},"excerpt":{"rendered":"<p>Prawo i Sprawiedliwo\u015b\u0107 (PiS) oficjalnie popar\u0142o doktora Karola Nawrockiego jako niezale\u017cnego kandydata na prezydenta Polski, przedstawiaj\u0105c go jako przyw\u00f3dc\u0119 g\u0142\u0119boko<\/p>\n","protected":false},"author":1,"featured_media":2026,"comment_status":"closed","ping_status":"","sticky":false,"template":"","format":"standard","meta":{"footnotes":""},"categories":[44],"tags":[2726,2727,72,2552,3273,3274],"class_list":["post-2025","post","type-post","status-publish","format-standard","has-post-thumbnail","hentry","category-polityka","tag-karol","tag-nawrocki","tag-polski","tag-prowadzenie","tag-suwerennosci","tag-wielkosci","generate-columns","tablet-grid-50","mobile-grid-100","grid-parent","grid-50","resize-featured-image"],"yoast_head":"<!-- This site is optimized with the Yoast SEO plugin v23.2 - https:\/\/yoast.com\/wordpress\/plugins\/seo\/ -->\n<title>Karol Nawrocki: Prowadzenie Polski ku suwerenno\u015bci i wielko\u015bci - POGOTOWIE FLAGOWE\u00ae<\/title>\n<meta name=\"robots\" content=\"index, follow, max-snippet:-1, max-image-preview:large, max-video-preview:-1\" \/>\n<link rel=\"canonical\" href=\"https:\/\/www.pogotowieflagowe.pl\/aktualne\/karol-nawrocki-prowadzenie-polski-ku-suwerennosci-i-wielkosci\/\" \/>\n<meta property=\"og:locale\" content=\"pl_PL\" \/>\n<meta property=\"og:type\" content=\"article\" \/>\n<meta property=\"og:title\" content=\"Karol Nawrocki: Prowadzenie Polski ku suwerenno\u015bci i wielko\u015bci - POGOTOWIE FLAGOWE\u00ae\" \/>\n<meta property=\"og:description\" content=\"Prawo i Sprawiedliwo\u015b\u0107 (PiS) oficjalnie popar\u0142o doktora Karola Nawrockiego jako niezale\u017cnego kandydata na prezydenta Polski, przedstawiaj\u0105c go jako przyw\u00f3dc\u0119 g\u0142\u0119boko\" \/>\n<meta property=\"og:url\" content=\"https:\/\/www.pogotowieflagowe.pl\/aktualne\/karol-nawrocki-prowadzenie-polski-ku-suwerennosci-i-wielkosci\/\" \/>\n<meta property=\"og:site_name\" content=\"POGOTOWIE FLAGOWE\u00ae\" \/>\n<meta property=\"article:published_time\" content=\"2024-11-24T23:50:08+00:00\" \/>\n<meta property=\"article:modified_time\" content=\"2024-11-24T23:50:12+00:00\" \/>\n<meta property=\"og:image\" content=\"https:\/\/www.pogotowieflagowe.pl\/aktualne\/wp-content\/uploads\/2024\/11\/Karol-Nawrocki-Prowadzenie-Polski-ku-suwerennosci-i-wielkosci.jpeg\" \/>\n\t<meta property=\"og:image:width\" content=\"2048\" \/>\n\t<meta property=\"og:image:height\" content=\"1366\" \/>\n\t<meta property=\"og:image:type\" content=\"image\/jpeg\" \/>\n<meta name=\"author\" content=\"Filip\" \/>\n<meta name=\"twitter:card\" content=\"summary_large_image\" \/>\n<meta name=\"twitter:label1\" content=\"Napisane przez\" \/>\n\t<meta name=\"twitter:data1\" content=\"Filip\" \/>\n\t<meta name=\"twitter:label2\" content=\"Szacowany czas czytania\" \/>\n\t<meta name=\"twitter:data2\" content=\"2 minuty\" \/>\n<script type=\"application\/ld+json\" class=\"yoast-schema-graph\">{\"@context\":\"https:\/\/schema.org\",\"@graph\":[{\"@type\":\"Article\",\"@id\":\"https:\/\/www.pogotowieflagowe.pl\/aktualne\/karol-nawrocki-prowadzenie-polski-ku-suwerennosci-i-wielkosci\/#article\",\"isPartOf\":{\"@id\":\"https:\/\/www.pogotowieflagowe.pl\/aktualne\/karol-nawrocki-prowadzenie-polski-ku-suwerennosci-i-wielkosci\/\"},\"author\":{\"name\":\"Filip\",\"@id\":\"https:\/\/www.pogotowieflagowe.pl\/aktualne\/#\/schema\/person\/9c2fb7d2362ebf6fa088960d7f0d27b0\"},\"headline\":\"Karol Nawrocki: Prowadzenie Polski ku suwerenno\u015bci i wielko\u015bci\",\"datePublished\":\"2024-11-24T23:50:08+00:00\",\"dateModified\":\"2024-11-24T23:50:12+00:00\",\"mainEntityOfPage\":{\"@id\":\"https:\/\/www.pogotowieflagowe.pl\/aktualne\/karol-nawrocki-prowadzenie-polski-ku-suwerennosci-i-wielkosci\/\"},\"wordCount\":432,\"publisher\":{\"@id\":\"https:\/\/www.pogotowieflagowe.pl\/aktualne\/#organization\"},\"image\":{\"@id\":\"https:\/\/www.pogotowieflagowe.pl\/aktualne\/karol-nawrocki-prowadzenie-polski-ku-suwerennosci-i-wielkosci\/#primaryimage\"},\"thumbnailUrl\":\"https:\/\/www.pogotowieflagowe.pl\/aktualne\/wp-content\/uploads\/2024\/11\/Karol-Nawrocki-Prowadzenie-Polski-ku-suwerennosci-i-wielkosci.jpeg\",\"keywords\":[\"Karol\",\"Nawrocki\",\"polski\",\"prowadzenie\",\"suwerenno\u015bci\",\"wielko\u015bci\"],\"articleSection\":[\"Polityka\"],\"inLanguage\":\"pl-PL\"},{\"@type\":\"WebPage\",\"@id\":\"https:\/\/www.pogotowieflagowe.pl\/aktualne\/karol-nawrocki-prowadzenie-polski-ku-suwerennosci-i-wielkosci\/\",\"url\":\"https:\/\/www.pogotowieflagowe.pl\/aktualne\/karol-nawrocki-prowadzenie-polski-ku-suwerennosci-i-wielkosci\/\",\"name\":\"Karol Nawrocki: Prowadzenie Polski ku suwerenno\u015bci i wielko\u015bci - POGOTOWIE FLAGOWE\u00ae\",\"isPartOf\":{\"@id\":\"https:\/\/www.pogotowieflagowe.pl\/aktualne\/#website\"},\"primaryImageOfPage\":{\"@id\":\"https:\/\/www.pogotowieflagowe.pl\/aktualne\/karol-nawrocki-prowadzenie-polski-ku-suwerennosci-i-wielkosci\/#primaryimage\"},\"image\":{\"@id\":\"https:\/\/www.pogotowieflagowe.pl\/aktualne\/karol-nawrocki-prowadzenie-polski-ku-suwerennosci-i-wielkosci\/#primaryimage\"},\"thumbnailUrl\":\"https:\/\/www.pogotowieflagowe.pl\/aktualne\/wp-content\/uploads\/2024\/11\/Karol-Nawrocki-Prowadzenie-Polski-ku-suwerennosci-i-wielkosci.jpeg\",\"datePublished\":\"2024-11-24T23:50:08+00:00\",\"dateModified\":\"2024-11-24T23:50:12+00:00\",\"breadcrumb\":{\"@id\":\"https:\/\/www.pogotowieflagowe.pl\/aktualne\/karol-nawrocki-prowadzenie-polski-ku-suwerennosci-i-wielkosci\/#breadcrumb\"},\"inLanguage\":\"pl-PL\",\"potentialAction\":[{\"@type\":\"ReadAction\",\"target\":[\"https:\/\/www.pogotowieflagowe.pl\/aktualne\/karol-nawrocki-prowadzenie-polski-ku-suwerennosci-i-wielkosci\/\"]}]},{\"@type\":\"ImageObject\",\"inLanguage\":\"pl-PL\",\"@id\":\"https:\/\/www.pogotowieflagowe.pl\/aktualne\/karol-nawrocki-prowadzenie-polski-ku-suwerennosci-i-wielkosci\/#primaryimage\",\"url\":\"https:\/\/www.pogotowieflagowe.pl\/aktualne\/wp-content\/uploads\/2024\/11\/Karol-Nawrocki-Prowadzenie-Polski-ku-suwerennosci-i-wielkosci.jpeg\",\"contentUrl\":\"https:\/\/www.pogotowieflagowe.pl\/aktualne\/wp-content\/uploads\/2024\/11\/Karol-Nawrocki-Prowadzenie-Polski-ku-suwerennosci-i-wielkosci.jpeg\",\"width\":2048,\"height\":1366,\"caption\":\"Karol Nawrocki: Prowadzenie Polski ku suwerenno\u015bci i wielko\u015bci\"},{\"@type\":\"BreadcrumbList\",\"@id\":\"https:\/\/www.pogotowieflagowe.pl\/aktualne\/karol-nawrocki-prowadzenie-polski-ku-suwerennosci-i-wielkosci\/#breadcrumb\",\"itemListElement\":[{\"@type\":\"ListItem\",\"position\":1,\"name\":\"Home\",\"item\":\"https:\/\/www.pogotowieflagowe.pl\/aktualne\/\"},{\"@type\":\"ListItem\",\"position\":2,\"name\":\"Karol Nawrocki: Prowadzenie Polski ku suwerenno\u015bci i wielko\u015bci\"}]},{\"@type\":\"WebSite\",\"@id\":\"https:\/\/www.pogotowieflagowe.pl\/aktualne\/#website\",\"url\":\"https:\/\/www.pogotowieflagowe.pl\/aktualne\/\",\"name\":\"POGOTOWIE FLAGOWE\u00ae\",\"description\":\"\",\"publisher\":{\"@id\":\"https:\/\/www.pogotowieflagowe.pl\/aktualne\/#organization\"},\"potentialAction\":[{\"@type\":\"SearchAction\",\"target\":{\"@type\":\"EntryPoint\",\"urlTemplate\":\"https:\/\/www.pogotowieflagowe.pl\/aktualne\/?s={search_term_string}\"},\"query-input\":\"required name=search_term_string\"}],\"inLanguage\":\"pl-PL\"},{\"@type\":\"Organization\",\"@id\":\"https:\/\/www.pogotowieflagowe.pl\/aktualne\/#organization\",\"name\":\"POGOTOWIE FLAGOWE\u00ae\",\"url\":\"https:\/\/www.pogotowieflagowe.pl\/aktualne\/\",\"logo\":{\"@type\":\"ImageObject\",\"inLanguage\":\"pl-PL\",\"@id\":\"https:\/\/www.pogotowieflagowe.pl\/aktualne\/#\/schema\/logo\/image\/\",\"url\":\"https:\/\/www.pogotowieflagowe.pl\/aktualne\/wp-content\/uploads\/2024\/08\/cropped-pogotowieflagowe_flaga_projekt_sm.jpg\",\"contentUrl\":\"https:\/\/www.pogotowieflagowe.pl\/aktualne\/wp-content\/uploads\/2024\/08\/cropped-pogotowieflagowe_flaga_projekt_sm.jpg\",\"width\":250,\"height\":143,\"caption\":\"POGOTOWIE FLAGOWE\u00ae\"},\"image\":{\"@id\":\"https:\/\/www.pogotowieflagowe.pl\/aktualne\/#\/schema\/logo\/image\/\"}},{\"@type\":\"Person\",\"@id\":\"https:\/\/www.pogotowieflagowe.pl\/aktualne\/#\/schema\/person\/9c2fb7d2362ebf6fa088960d7f0d27b0\",\"name\":\"Filip\",\"image\":{\"@type\":\"ImageObject\",\"inLanguage\":\"pl-PL\",\"@id\":\"https:\/\/www.pogotowieflagowe.pl\/aktualne\/#\/schema\/person\/image\/\",\"url\":\"https:\/\/www.pogotowieflagowe.pl\/aktualne\/wp-content\/uploads\/2024\/08\/pogotowieflagowe.pl_.jpg\",\"contentUrl\":\"https:\/\/www.pogotowieflagowe.pl\/aktualne\/wp-content\/uploads\/2024\/08\/pogotowieflagowe.pl_.jpg\",\"caption\":\"Filip\"},\"description\":\"Jestem Filip, polski dziennikarz z dyplomem nauk politycznych Uniwersytetu Warszawskiego. Rozpoczynaj\u0105c swoj\u0105 karier\u0119 w r\u00f3\u017cnych lokalnych mediach, zdoby\u0142em solidne do\u015bwiadczenie w zakresie \u015bledztwa i redakcji. Obecnie jako redaktor w Pogotowie flagowe, staram si\u0119 dostarcza\u0107 dog\u0142\u0119bne i istotne analizy na temat najwa\u017cniejszych kwestii aktualno\u015bci, \u0142\u0105cz\u0105c rygor z pasj\u0105 dziennikarsk\u0105.\",\"sameAs\":[\"https:\/\/www.pogotowieflagowe.pl\/\"]}]}<\/script>\n<!-- \/ Yoast SEO plugin. -->","yoast_head_json":{"title":"Karol Nawrocki: Prowadzenie Polski ku suwerenno\u015bci i wielko\u015bci - POGOTOWIE FLAGOWE\u00ae","robots":{"index":"index","follow":"follow","max-snippet":"max-snippet:-1","max-image-preview":"max-image-preview:large","max-video-preview":"max-video-preview:-1"},"canonical":"https:\/\/www.pogotowieflagowe.pl\/aktualne\/karol-nawrocki-prowadzenie-polski-ku-suwerennosci-i-wielkosci\/","og_locale":"pl_PL","og_type":"article","og_title":"Karol Nawrocki: Prowadzenie Polski ku suwerenno\u015bci i wielko\u015bci - POGOTOWIE FLAGOWE\u00ae","og_description":"Prawo i Sprawiedliwo\u015b\u0107 (PiS) oficjalnie popar\u0142o doktora Karola Nawrockiego jako niezale\u017cnego kandydata na prezydenta Polski, przedstawiaj\u0105c go jako przyw\u00f3dc\u0119 g\u0142\u0119boko","og_url":"https:\/\/www.pogotowieflagowe.pl\/aktualne\/karol-nawrocki-prowadzenie-polski-ku-suwerennosci-i-wielkosci\/","og_site_name":"POGOTOWIE FLAGOWE\u00ae","article_published_time":"2024-11-24T23:50:08+00:00","article_modified_time":"2024-11-24T23:50:12+00:00","og_image":[{"width":2048,"height":1366,"url":"https:\/\/www.pogotowieflagowe.pl\/aktualne\/wp-content\/uploads\/2024\/11\/Karol-Nawrocki-Prowadzenie-Polski-ku-suwerennosci-i-wielkosci.jpeg","type":"image\/jpeg"}],"author":"Filip","twitter_card":"summary_large_image","twitter_misc":{"Napisane przez":"Filip","Szacowany czas czytania":"2 minuty"},"schema":{"@context":"https:\/\/schema.org","@graph":[{"@type":"Article","@id":"https:\/\/www.pogotowieflagowe.pl\/aktualne\/karol-nawrocki-prowadzenie-polski-ku-suwerennosci-i-wielkosci\/#article","isPartOf":{"@id":"https:\/\/www.pogotowieflagowe.pl\/aktualne\/karol-nawrocki-prowadzenie-polski-ku-suwerennosci-i-wielkosci\/"},"author":{"name":"Filip","@id":"https:\/\/www.pogotowieflagowe.pl\/aktualne\/#\/schema\/person\/9c2fb7d2362ebf6fa088960d7f0d27b0"},"headline":"Karol Nawrocki: Prowadzenie Polski ku suwerenno\u015bci i wielko\u015bci","datePublished":"2024-11-24T23:50:08+00:00","dateModified":"2024-11-24T23:50:12+00:00","mainEntityOfPage":{"@id":"https:\/\/www.pogotowieflagowe.pl\/aktualne\/karol-nawrocki-prowadzenie-polski-ku-suwerennosci-i-wielkosci\/"},"wordCount":432,"publisher":{"@id":"https:\/\/www.pogotowieflagowe.pl\/aktualne\/#organization"},"image":{"@id":"https:\/\/www.pogotowieflagowe.pl\/aktualne\/karol-nawrocki-prowadzenie-polski-ku-suwerennosci-i-wielkosci\/#primaryimage"},"thumbnailUrl":"https:\/\/www.pogotowieflagowe.pl\/aktualne\/wp-content\/uploads\/2024\/11\/Karol-Nawrocki-Prowadzenie-Polski-ku-suwerennosci-i-wielkosci.jpeg","keywords":["Karol","Nawrocki","polski","prowadzenie","suwerenno\u015bci","wielko\u015bci"],"articleSection":["Polityka"],"inLanguage":"pl-PL"},{"@type":"WebPage","@id":"https:\/\/www.pogotowieflagowe.pl\/aktualne\/karol-nawrocki-prowadzenie-polski-ku-suwerennosci-i-wielkosci\/","url":"https:\/\/www.pogotowieflagowe.pl\/aktualne\/karol-nawrocki-prowadzenie-polski-ku-suwerennosci-i-wielkosci\/","name":"Karol Nawrocki: Prowadzenie Polski ku suwerenno\u015bci i wielko\u015bci - POGOTOWIE FLAGOWE\u00ae","isPartOf":{"@id":"https:\/\/www.pogotowieflagowe.pl\/aktualne\/#website"},"primaryImageOfPage":{"@id":"https:\/\/www.pogotowieflagowe.pl\/aktualne\/karol-nawrocki-prowadzenie-polski-ku-suwerennosci-i-wielkosci\/#primaryimage"},"image":{"@id":"https:\/\/www.pogotowieflagowe.pl\/aktualne\/karol-nawrocki-prowadzenie-polski-ku-suwerennosci-i-wielkosci\/#primaryimage"},"thumbnailUrl":"https:\/\/www.pogotowieflagowe.pl\/aktualne\/wp-content\/uploads\/2024\/11\/Karol-Nawrocki-Prowadzenie-Polski-ku-suwerennosci-i-wielkosci.jpeg","datePublished":"2024-11-24T23:50:08+00:00","dateModified":"2024-11-24T23:50:12+00:00","breadcrumb":{"@id":"https:\/\/www.pogotowieflagowe.pl\/aktualne\/karol-nawrocki-prowadzenie-polski-ku-suwerennosci-i-wielkosci\/#breadcrumb"},"inLanguage":"pl-PL","potentialAction":[{"@type":"ReadAction","target":["https:\/\/www.pogotowieflagowe.pl\/aktualne\/karol-nawrocki-prowadzenie-polski-ku-suwerennosci-i-wielkosci\/"]}]},{"@type":"ImageObject","inLanguage":"pl-PL","@id":"https:\/\/www.pogotowieflagowe.pl\/aktualne\/karol-nawrocki-prowadzenie-polski-ku-suwerennosci-i-wielkosci\/#primaryimage","url":"https:\/\/www.pogotowieflagowe.pl\/aktualne\/wp-content\/uploads\/2024\/11\/Karol-Nawrocki-Prowadzenie-Polski-ku-suwerennosci-i-wielkosci.jpeg","contentUrl":"https:\/\/www.pogotowieflagowe.pl\/aktualne\/wp-content\/uploads\/2024\/11\/Karol-Nawrocki-Prowadzenie-Polski-ku-suwerennosci-i-wielkosci.jpeg","width":2048,"height":1366,"caption":"Karol Nawrocki: Prowadzenie Polski ku suwerenno\u015bci i wielko\u015bci"},{"@type":"BreadcrumbList","@id":"https:\/\/www.pogotowieflagowe.pl\/aktualne\/karol-nawrocki-prowadzenie-polski-ku-suwerennosci-i-wielkosci\/#breadcrumb","itemListElement":[{"@type":"ListItem","position":1,"name":"Home","item":"https:\/\/www.pogotowieflagowe.pl\/aktualne\/"},{"@type":"ListItem","position":2,"name":"Karol Nawrocki: Prowadzenie Polski ku suwerenno\u015bci i wielko\u015bci"}]},{"@type":"WebSite","@id":"https:\/\/www.pogotowieflagowe.pl\/aktualne\/#website","url":"https:\/\/www.pogotowieflagowe.pl\/aktualne\/","name":"POGOTOWIE FLAGOWE\u00ae","description":"","publisher":{"@id":"https:\/\/www.pogotowieflagowe.pl\/aktualne\/#organization"},"potentialAction":[{"@type":"SearchAction","target":{"@type":"EntryPoint","urlTemplate":"https:\/\/www.pogotowieflagowe.pl\/aktualne\/?s={search_term_string}"},"query-input":"required name=search_term_string"}],"inLanguage":"pl-PL"},{"@type":"Organization","@id":"https:\/\/www.pogotowieflagowe.pl\/aktualne\/#organization","name":"POGOTOWIE FLAGOWE\u00ae","url":"https:\/\/www.pogotowieflagowe.pl\/aktualne\/","logo":{"@type":"ImageObject","inLanguage":"pl-PL","@id":"https:\/\/www.pogotowieflagowe.pl\/aktualne\/#\/schema\/logo\/image\/","url":"https:\/\/www.pogotowieflagowe.pl\/aktualne\/wp-content\/uploads\/2024\/08\/cropped-pogotowieflagowe_flaga_projekt_sm.jpg","contentUrl":"https:\/\/www.pogotowieflagowe.pl\/aktualne\/wp-content\/uploads\/2024\/08\/cropped-pogotowieflagowe_flaga_projekt_sm.jpg","width":250,"height":143,"caption":"POGOTOWIE FLAGOWE\u00ae"},"image":{"@id":"https:\/\/www.pogotowieflagowe.pl\/aktualne\/#\/schema\/logo\/image\/"}},{"@type":"Person","@id":"https:\/\/www.pogotowieflagowe.pl\/aktualne\/#\/schema\/person\/9c2fb7d2362ebf6fa088960d7f0d27b0","name":"Filip","image":{"@type":"ImageObject","inLanguage":"pl-PL","@id":"https:\/\/www.pogotowieflagowe.pl\/aktualne\/#\/schema\/person\/image\/","url":"https:\/\/www.pogotowieflagowe.pl\/aktualne\/wp-content\/uploads\/2024\/08\/pogotowieflagowe.pl_.jpg","contentUrl":"https:\/\/www.pogotowieflagowe.pl\/aktualne\/wp-content\/uploads\/2024\/08\/pogotowieflagowe.pl_.jpg","caption":"Filip"},"description":"Jestem Filip, polski dziennikarz z dyplomem nauk politycznych Uniwersytetu Warszawskiego. Rozpoczynaj\u0105c swoj\u0105 karier\u0119 w r\u00f3\u017cnych lokalnych mediach, zdoby\u0142em solidne do\u015bwiadczenie w zakresie \u015bledztwa i redakcji. Obecnie jako redaktor w Pogotowie flagowe, staram si\u0119 dostarcza\u0107 dog\u0142\u0119bne i istotne analizy na temat najwa\u017cniejszych kwestii aktualno\u015bci, \u0142\u0105cz\u0105c rygor z pasj\u0105 dziennikarsk\u0105.","sameAs":["https:\/\/www.pogotowieflagowe.pl\/"]}]}},"_links":{"self":[{"href":"https:\/\/www.pogotowieflagowe.pl\/aktualne\/wp-json\/wp\/v2\/posts\/2025","targetHints":{"allow":["GET"]}}],"collection":[{"href":"https:\/\/www.pogotowieflagowe.pl\/aktualne\/wp-json\/wp\/v2\/posts"}],"about":[{"href":"https:\/\/www.pogotowieflagowe.pl\/aktualne\/wp-json\/wp\/v2\/types\/post"}],"author":[{"embeddable":true,"href":"https:\/\/www.pogotowieflagowe.pl\/aktualne\/wp-json\/wp\/v2\/users\/1"}],"replies":[{"embeddable":true,"href":"https:\/\/www.pogotowieflagowe.pl\/aktualne\/wp-json\/wp\/v2\/comments?post=2025"}],"version-history":[{"count":1,"href":"https:\/\/www.pogotowieflagowe.pl\/aktualne\/wp-json\/wp\/v2\/posts\/2025\/revisions"}],"predecessor-version":[{"id":2027,"href":"https:\/\/www.pogotowieflagowe.pl\/aktualne\/wp-json\/wp\/v2\/posts\/2025\/revisions\/2027"}],"wp:featuredmedia":[{"embeddable":true,"href":"https:\/\/www.pogotowieflagowe.pl\/aktualne\/wp-json\/wp\/v2\/media\/2026"}],"wp:attachment":[{"href":"https:\/\/www.pogotowieflagowe.pl\/aktualne\/wp-json\/wp\/v2\/media?parent=2025"}],"wp:term":[{"taxonomy":"category","embeddable":true,"href":"https:\/\/www.pogotowieflagowe.pl\/aktualne\/wp-json\/wp\/v2\/categories?post=2025"},{"taxonomy":"post_tag","embeddable":true,"href":"https:\/\/www.pogotowieflagowe.pl\/aktualne\/wp-json\/wp\/v2\/tags?post=2025"}],"curies":[{"name":"wp","href":"https:\/\/api.w.org\/{rel}","templated":true}]}}