{"id":2034,"date":"2024-11-25T16:48:11","date_gmt":"2024-11-25T15:48:11","guid":{"rendered":"https:\/\/www.pogotowieflagowe.pl\/aktualne\/robert-lewandowski-zapewnil-sobie-pierwsze-miejsce-w-wyscigu-punktowym-la-liga\/"},"modified":"2024-11-25T16:48:12","modified_gmt":"2024-11-25T15:48:12","slug":"robert-lewandowski-zapewnil-sobie-pierwsze-miejsce-w-wyscigu-punktowym-la-liga","status":"publish","type":"post","link":"https:\/\/www.pogotowieflagowe.pl\/aktualne\/robert-lewandowski-zapewnil-sobie-pierwsze-miejsce-w-wyscigu-punktowym-la-liga\/","title":{"rendered":"Robert Lewandowski zapewni\u0142 sobie pierwsze miejsce w wy\u015bcigu punktowym La Liga"},"content":{"rendered":"\n<div class=\"td_block_wrap tdb_single_content tdi_48 td-pb-border-top td_block_template_8 td-post-content tagdiv-type\" data-td-block-uid=\"tdi_48\">\n<style>.tdi_48{margines-g\u00f3rny:0px!important;margin-bottom:0px!important;dope\u0142nienie-g\u00f3ra:0px!important;dope\u0142nienie-d\u00f3\u0142:0px!important}<\/style>\n<style>.tdb_single_content{margin-bottom:0;*zoom:1}.tdb_single_content:before,.tdb_single_content:after{display:table;content:'';line-height:0}.tdb_single_content:after{clear:both}.tdb_single_content .tdb-block-inner>*:not(.wp-block-quote):not(.alignwide):not(.alignfull.wp-block-cover.has-parallax):not(.td-a-ad) {margin-left:auto;margin-right:auto}.tdb_single_content a{pointer-events:auto}.tdb_single_content .td-spot-id-top_ad .tdc-placeholder-title:before{content:'Article Top Ad'!important}.tdb_single_content .td-spot-id-inline_ad0 .tdc-placeholder-title:before{content:'Article Reklama wbudowana 1'!important}.tdb_single_content .td-spot-id-inline_ad1 .tdc-placeholder-title:before{content:'Article Inline Ad 2'!important}.tdb_single_content .td-spot-id-inline_ad2 .tdc-placeholder-title:before{content:' Reklama wbudowana w artyku\u0142 3'!important}.tdb_single_content .td-spot-id-bottom_ad .tdc-placeholder-title:before{content:'Article Bottom Ad'!important}.tdb_single_content .id_top_ad,.tdb_single_content .id_bottom_ad{clear:both;margin-bottom:21px;text-align:center}.tdb_single_content .id_top_ad img,.tdb_single_content .id_bottom_ad img{margin-bottom:0}.tdb_single_content .id_top_ad .adsbygoogle,.tdb_single_content .id_bottom_ad .adsbygoogle{position:relative}.tdb_single_content .id_ad_content-horiz-left,.tdb_single_content .id_ad_content-horiz-right,.tdb_single_content .id_ad_content-horiz-center{margin-bottom:15px}.tdb_single_content .id_ad_content-horiz-left img,.tdb_single_content .id_ad_content-horiz-right img,.tdb_single_content .id_ad_content-horiz-center img{margin-bottom:0}.tdb_single_content .id_ad_content-horiz-center{text-align:center}.tdb_single_content .id_ad_content-horiz-center img{margin-right:auto;margin-left:auto}.tdb_single_content .id_ad_content-horiz-left{float:left;margin-top:9px;margin-right:21px}.tdb_single_content .id_ad_content-horiz-right{float:right;margin-top:6px;margin-left:21px}.tdb_single_content .tdc-a-ad .tdc-placeholder-title{width:300px;height:250px}.tdb_single_content .tdc-a-ad .tdc-placeholder-title:before{position:absolute;top:50%;-webkit-transform:translateY(-50%);transform:translateY(-50%);margines:auto;display:table;width:100 %}.tdb_single_content .tdb-block-inner.td-fix-index{word-break:break-word}.tdi_48,.tdi_48>p,.tdi_48 .tdb-block-inner>p{font-size:16px!important;line- wysoko\u015b\u0107:1,6!wa\u017cne}.tdi_48 .tdb-block-inner blockquote p{font-style:normal!important}@media (max-width:767px){.tdb_single_content .id_ad_content-horiz-left,.tdb_single_content .id_ad_content-horiz-right,.tdb_single_content .id_ad_content-horiz-center{margin:0 automatyczny 26px auto}}@media (max-width:767px){.tdb_single_content .id_ad_content-horiz-left{margin-right:0}}@media (max-width:767px){.tdb_single_content .id_ad_content-horiz-right{margin -left:0}}@media (max-width:767px){.tdb_single_content .td-a-ad{float:none;text-align:center}.tdb_single_content .td-a-ad img{margin-right:auto;margin-left:auto}. tdb_single_content .tdc-a-ad{float:none}}<\/style>\n<div class=\"tdb-block-inner td-fix-index\">\n<h2 class=\"wp-block-heading\">Lewandowski prowadzi pod wzgl\u0119dem strzelc\u00f3w La Liga, a Barcelona rozwa\u017ca przed\u0142u\u017cenie kontraktu pomimo swojego wieku.<\/h2>\n<blockquote class=\"twitter-tweet\">\n<p lang=\"pl\" dir=\"ltr\">\ud835\udc06\ud835\udc0e\ud835\udc0b \ud83c\uddf5\ud83c\uddf1 \ud835\udc11\ud835\udc0e\ud835\udc01\ud835\udc04\ud835\udc11\ud835\udc13\ud835\udc00 \ud835\udc0b\ud835\udc04\ud835\udc16\ud835\udc00\ud835\udc0d\ud835\udc03\ud835\udc0e\ud835\udc16\ud835\udc12\ud835\udc0a\ud835\udc08\ud835\udc04\ud835\udc06\ud835\udc0e! \u26bd\ufe0f\ud83d\ude0d<\/p>\n<p>Reprezentant Polski jest odpowiedzialny za pazerno\u015b\u0107 w polu karnym i podwy\u017cszy\u0142 FC Barcelony na 2:0! \ud83d\udd25\ud83d\udcaa <a rel=\"nofollow\" href=\"https:\/\/twitter.com\/hashtag\/lazabawa?src=hash&amp;ref_src=twsrc%5Etfw\">#\u0142azabawa<\/a> \ud83c\uddea\ud83c\uddf8 <a rel=\"nofollow\" href=\"https:\/\/t.co\/gOu8aN8P1E\">pic.twitter.com\/gOu8aN8P1E<\/a><\/p>\n<p>\u2014 ELEVEN SPORTS PL (@ELEVENSPORTSPL) <a rel=\"nofollow\" href=\"https:\/\/twitter.com\/ELEVENSPORTSPL\/status\/1860433986704515511?ref_src=twsrc%5Etfw\">23 listopada 2024 r<\/a><\/p><\/blockquote>\n<\/div>\n<\/div>\n<p><script async src=\"https:\/\/platform.twitter.com\/widgets.js\" charset=\"utf-8\"><\/script><\/p>\n","protected":false},"excerpt":{"rendered":"<p>Lewandowski prowadzi pod wzgl\u0119dem strzelc\u00f3w La Liga, a Barcelona rozwa\u017ca przed\u0142u\u017cenie kontraktu pomimo swojego wieku. \ud835\udc06\ud835\udc0e\ud835\udc0b \ud83c\uddf5\ud83c\uddf1 \ud835\udc11\ud835\udc0e\ud835\udc01\ud835\udc04\ud835\udc11\ud835\udc13\ud835\udc00 \ud835\udc0b\ud835\udc04\ud835\udc16\ud835\udc00\ud835\udc0d\ud835\udc03\ud835\udc0e\ud835\udc16\ud835\udc12\ud835\udc0a\ud835\udc08\ud835\udc04\ud835\udc06\ud835\udc0e! \u26bd\ufe0f\ud83d\ude0d<\/p>\n","protected":false},"author":1,"featured_media":2035,"comment_status":"closed","ping_status":"","sticky":false,"template":"","format":"standard","meta":{"footnotes":""},"categories":[118],"tags":[229,1025,1070,602,3278,228,492,2243,3277],"class_list":["post-2034","post","type-post","status-publish","format-standard","has-post-thumbnail","hentry","category-lekkoatletyka","tag-lewandowski","tag-liga","tag-miejsce","tag-pierwsze","tag-punktowym","tag-robert","tag-sobie","tag-wyscigu","tag-zapewnil","generate-columns","tablet-grid-50","mobile-grid-100","grid-parent","grid-50","resize-featured-image"],"yoast_head":"<!-- This site is optimized with the Yoast SEO plugin v23.2 - https:\/\/yoast.com\/wordpress\/plugins\/seo\/ -->\n<title>Robert Lewandowski zapewni\u0142 sobie pierwsze miejsce w wy\u015bcigu punktowym La Liga - POGOTOWIE FLAGOWE\u00ae<\/title>\n<meta name=\"robots\" content=\"index, follow, max-snippet:-1, max-image-preview:large, max-video-preview:-1\" \/>\n<link rel=\"canonical\" href=\"https:\/\/www.pogotowieflagowe.pl\/aktualne\/robert-lewandowski-zapewnil-sobie-pierwsze-miejsce-w-wyscigu-punktowym-la-liga\/\" \/>\n<meta property=\"og:locale\" content=\"pl_PL\" \/>\n<meta property=\"og:type\" content=\"article\" \/>\n<meta property=\"og:title\" content=\"Robert Lewandowski zapewni\u0142 sobie pierwsze miejsce w wy\u015bcigu punktowym La Liga - POGOTOWIE FLAGOWE\u00ae\" \/>\n<meta property=\"og:description\" content=\"Lewandowski prowadzi pod wzgl\u0119dem strzelc\u00f3w La Liga, a Barcelona rozwa\u017ca przed\u0142u\u017cenie kontraktu pomimo swojego wieku. \ud835\udc06\ud835\udc0e\ud835\udc0b \ud83c\uddf5\ud83c\uddf1 \ud835\udc11\ud835\udc0e\ud835\udc01\ud835\udc04\ud835\udc11\ud835\udc13\ud835\udc00 \ud835\udc0b\ud835\udc04\ud835\udc16\ud835\udc00\ud835\udc0d\ud835\udc03\ud835\udc0e\ud835\udc16\ud835\udc12\ud835\udc0a\ud835\udc08\ud835\udc04\ud835\udc06\ud835\udc0e! \u26bd\ufe0f\ud83d\ude0d\" \/>\n<meta property=\"og:url\" content=\"https:\/\/www.pogotowieflagowe.pl\/aktualne\/robert-lewandowski-zapewnil-sobie-pierwsze-miejsce-w-wyscigu-punktowym-la-liga\/\" \/>\n<meta property=\"og:site_name\" content=\"POGOTOWIE FLAGOWE\u00ae\" \/>\n<meta property=\"article:published_time\" content=\"2024-11-25T15:48:11+00:00\" \/>\n<meta property=\"article:modified_time\" content=\"2024-11-25T15:48:12+00:00\" \/>\n<meta property=\"og:image\" content=\"https:\/\/www.pogotowieflagowe.pl\/aktualne\/wp-content\/uploads\/2024\/11\/Robert-Lewandowski-zapewnil-sobie-pierwsze-miejsce-w-wyscigu-punktowym-La.jpg\" \/>\n\t<meta property=\"og:image:width\" content=\"1280\" \/>\n\t<meta property=\"og:image:height\" content=\"720\" \/>\n\t<meta property=\"og:image:type\" content=\"image\/jpeg\" \/>\n<meta name=\"author\" content=\"Filip\" \/>\n<meta name=\"twitter:card\" content=\"summary_large_image\" \/>\n<meta name=\"twitter:label1\" content=\"Napisane przez\" \/>\n\t<meta name=\"twitter:data1\" content=\"Filip\" \/>\n<script type=\"application\/ld+json\" class=\"yoast-schema-graph\">{\"@context\":\"https:\/\/schema.org\",\"@graph\":[{\"@type\":\"Article\",\"@id\":\"https:\/\/www.pogotowieflagowe.pl\/aktualne\/robert-lewandowski-zapewnil-sobie-pierwsze-miejsce-w-wyscigu-punktowym-la-liga\/#article\",\"isPartOf\":{\"@id\":\"https:\/\/www.pogotowieflagowe.pl\/aktualne\/robert-lewandowski-zapewnil-sobie-pierwsze-miejsce-w-wyscigu-punktowym-la-liga\/\"},\"author\":{\"name\":\"Filip\",\"@id\":\"https:\/\/www.pogotowieflagowe.pl\/aktualne\/#\/schema\/person\/9c2fb7d2362ebf6fa088960d7f0d27b0\"},\"headline\":\"Robert Lewandowski zapewni\u0142 sobie pierwsze miejsce w wy\u015bcigu punktowym La Liga\",\"datePublished\":\"2024-11-25T15:48:11+00:00\",\"dateModified\":\"2024-11-25T15:48:12+00:00\",\"mainEntityOfPage\":{\"@id\":\"https:\/\/www.pogotowieflagowe.pl\/aktualne\/robert-lewandowski-zapewnil-sobie-pierwsze-miejsce-w-wyscigu-punktowym-la-liga\/\"},\"wordCount\":61,\"publisher\":{\"@id\":\"https:\/\/www.pogotowieflagowe.pl\/aktualne\/#organization\"},\"image\":{\"@id\":\"https:\/\/www.pogotowieflagowe.pl\/aktualne\/robert-lewandowski-zapewnil-sobie-pierwsze-miejsce-w-wyscigu-punktowym-la-liga\/#primaryimage\"},\"thumbnailUrl\":\"https:\/\/www.pogotowieflagowe.pl\/aktualne\/wp-content\/uploads\/2024\/11\/Robert-Lewandowski-zapewnil-sobie-pierwsze-miejsce-w-wyscigu-punktowym-La.jpg\",\"keywords\":[\"Lewandowski\",\"Liga\",\"miejsce\",\"pierwsze\",\"punktowym\",\"Robert\",\"sobie\",\"wy\u015bcigu\",\"zapewni\u0142\"],\"articleSection\":[\"Lekkoatletyka\"],\"inLanguage\":\"pl-PL\"},{\"@type\":\"WebPage\",\"@id\":\"https:\/\/www.pogotowieflagowe.pl\/aktualne\/robert-lewandowski-zapewnil-sobie-pierwsze-miejsce-w-wyscigu-punktowym-la-liga\/\",\"url\":\"https:\/\/www.pogotowieflagowe.pl\/aktualne\/robert-lewandowski-zapewnil-sobie-pierwsze-miejsce-w-wyscigu-punktowym-la-liga\/\",\"name\":\"Robert Lewandowski zapewni\u0142 sobie pierwsze miejsce w wy\u015bcigu punktowym La Liga - POGOTOWIE FLAGOWE\u00ae\",\"isPartOf\":{\"@id\":\"https:\/\/www.pogotowieflagowe.pl\/aktualne\/#website\"},\"primaryImageOfPage\":{\"@id\":\"https:\/\/www.pogotowieflagowe.pl\/aktualne\/robert-lewandowski-zapewnil-sobie-pierwsze-miejsce-w-wyscigu-punktowym-la-liga\/#primaryimage\"},\"image\":{\"@id\":\"https:\/\/www.pogotowieflagowe.pl\/aktualne\/robert-lewandowski-zapewnil-sobie-pierwsze-miejsce-w-wyscigu-punktowym-la-liga\/#primaryimage\"},\"thumbnailUrl\":\"https:\/\/www.pogotowieflagowe.pl\/aktualne\/wp-content\/uploads\/2024\/11\/Robert-Lewandowski-zapewnil-sobie-pierwsze-miejsce-w-wyscigu-punktowym-La.jpg\",\"datePublished\":\"2024-11-25T15:48:11+00:00\",\"dateModified\":\"2024-11-25T15:48:12+00:00\",\"breadcrumb\":{\"@id\":\"https:\/\/www.pogotowieflagowe.pl\/aktualne\/robert-lewandowski-zapewnil-sobie-pierwsze-miejsce-w-wyscigu-punktowym-la-liga\/#breadcrumb\"},\"inLanguage\":\"pl-PL\",\"potentialAction\":[{\"@type\":\"ReadAction\",\"target\":[\"https:\/\/www.pogotowieflagowe.pl\/aktualne\/robert-lewandowski-zapewnil-sobie-pierwsze-miejsce-w-wyscigu-punktowym-la-liga\/\"]}]},{\"@type\":\"ImageObject\",\"inLanguage\":\"pl-PL\",\"@id\":\"https:\/\/www.pogotowieflagowe.pl\/aktualne\/robert-lewandowski-zapewnil-sobie-pierwsze-miejsce-w-wyscigu-punktowym-la-liga\/#primaryimage\",\"url\":\"https:\/\/www.pogotowieflagowe.pl\/aktualne\/wp-content\/uploads\/2024\/11\/Robert-Lewandowski-zapewnil-sobie-pierwsze-miejsce-w-wyscigu-punktowym-La.jpg\",\"contentUrl\":\"https:\/\/www.pogotowieflagowe.pl\/aktualne\/wp-content\/uploads\/2024\/11\/Robert-Lewandowski-zapewnil-sobie-pierwsze-miejsce-w-wyscigu-punktowym-La.jpg\",\"width\":1280,\"height\":720,\"caption\":\"Robert Lewandowski zapewni\u0142 sobie pierwsze miejsce w wy\u015bcigu punktowym La Liga\"},{\"@type\":\"BreadcrumbList\",\"@id\":\"https:\/\/www.pogotowieflagowe.pl\/aktualne\/robert-lewandowski-zapewnil-sobie-pierwsze-miejsce-w-wyscigu-punktowym-la-liga\/#breadcrumb\",\"itemListElement\":[{\"@type\":\"ListItem\",\"position\":1,\"name\":\"Home\",\"item\":\"https:\/\/www.pogotowieflagowe.pl\/aktualne\/\"},{\"@type\":\"ListItem\",\"position\":2,\"name\":\"Robert Lewandowski zapewni\u0142 sobie pierwsze miejsce w wy\u015bcigu punktowym La Liga\"}]},{\"@type\":\"WebSite\",\"@id\":\"https:\/\/www.pogotowieflagowe.pl\/aktualne\/#website\",\"url\":\"https:\/\/www.pogotowieflagowe.pl\/aktualne\/\",\"name\":\"POGOTOWIE FLAGOWE\u00ae\",\"description\":\"\",\"publisher\":{\"@id\":\"https:\/\/www.pogotowieflagowe.pl\/aktualne\/#organization\"},\"potentialAction\":[{\"@type\":\"SearchAction\",\"target\":{\"@type\":\"EntryPoint\",\"urlTemplate\":\"https:\/\/www.pogotowieflagowe.pl\/aktualne\/?s={search_term_string}\"},\"query-input\":\"required name=search_term_string\"}],\"inLanguage\":\"pl-PL\"},{\"@type\":\"Organization\",\"@id\":\"https:\/\/www.pogotowieflagowe.pl\/aktualne\/#organization\",\"name\":\"POGOTOWIE FLAGOWE\u00ae\",\"url\":\"https:\/\/www.pogotowieflagowe.pl\/aktualne\/\",\"logo\":{\"@type\":\"ImageObject\",\"inLanguage\":\"pl-PL\",\"@id\":\"https:\/\/www.pogotowieflagowe.pl\/aktualne\/#\/schema\/logo\/image\/\",\"url\":\"https:\/\/www.pogotowieflagowe.pl\/aktualne\/wp-content\/uploads\/2024\/08\/cropped-pogotowieflagowe_flaga_projekt_sm.jpg\",\"contentUrl\":\"https:\/\/www.pogotowieflagowe.pl\/aktualne\/wp-content\/uploads\/2024\/08\/cropped-pogotowieflagowe_flaga_projekt_sm.jpg\",\"width\":250,\"height\":143,\"caption\":\"POGOTOWIE FLAGOWE\u00ae\"},\"image\":{\"@id\":\"https:\/\/www.pogotowieflagowe.pl\/aktualne\/#\/schema\/logo\/image\/\"}},{\"@type\":\"Person\",\"@id\":\"https:\/\/www.pogotowieflagowe.pl\/aktualne\/#\/schema\/person\/9c2fb7d2362ebf6fa088960d7f0d27b0\",\"name\":\"Filip\",\"image\":{\"@type\":\"ImageObject\",\"inLanguage\":\"pl-PL\",\"@id\":\"https:\/\/www.pogotowieflagowe.pl\/aktualne\/#\/schema\/person\/image\/\",\"url\":\"https:\/\/www.pogotowieflagowe.pl\/aktualne\/wp-content\/uploads\/2024\/08\/pogotowieflagowe.pl_.jpg\",\"contentUrl\":\"https:\/\/www.pogotowieflagowe.pl\/aktualne\/wp-content\/uploads\/2024\/08\/pogotowieflagowe.pl_.jpg\",\"caption\":\"Filip\"},\"description\":\"Jestem Filip, polski dziennikarz z dyplomem nauk politycznych Uniwersytetu Warszawskiego. Rozpoczynaj\u0105c swoj\u0105 karier\u0119 w r\u00f3\u017cnych lokalnych mediach, zdoby\u0142em solidne do\u015bwiadczenie w zakresie \u015bledztwa i redakcji. Obecnie jako redaktor w Pogotowie flagowe, staram si\u0119 dostarcza\u0107 dog\u0142\u0119bne i istotne analizy na temat najwa\u017cniejszych kwestii aktualno\u015bci, \u0142\u0105cz\u0105c rygor z pasj\u0105 dziennikarsk\u0105.\",\"sameAs\":[\"https:\/\/www.pogotowieflagowe.pl\/\"]}]}<\/script>\n<!-- \/ Yoast SEO plugin. -->","yoast_head_json":{"title":"Robert Lewandowski zapewni\u0142 sobie pierwsze miejsce w wy\u015bcigu punktowym La Liga - POGOTOWIE FLAGOWE\u00ae","robots":{"index":"index","follow":"follow","max-snippet":"max-snippet:-1","max-image-preview":"max-image-preview:large","max-video-preview":"max-video-preview:-1"},"canonical":"https:\/\/www.pogotowieflagowe.pl\/aktualne\/robert-lewandowski-zapewnil-sobie-pierwsze-miejsce-w-wyscigu-punktowym-la-liga\/","og_locale":"pl_PL","og_type":"article","og_title":"Robert Lewandowski zapewni\u0142 sobie pierwsze miejsce w wy\u015bcigu punktowym La Liga - POGOTOWIE FLAGOWE\u00ae","og_description":"Lewandowski prowadzi pod wzgl\u0119dem strzelc\u00f3w La Liga, a Barcelona rozwa\u017ca przed\u0142u\u017cenie kontraktu pomimo swojego wieku. \ud835\udc06\ud835\udc0e\ud835\udc0b \ud83c\uddf5\ud83c\uddf1 \ud835\udc11\ud835\udc0e\ud835\udc01\ud835\udc04\ud835\udc11\ud835\udc13\ud835\udc00 \ud835\udc0b\ud835\udc04\ud835\udc16\ud835\udc00\ud835\udc0d\ud835\udc03\ud835\udc0e\ud835\udc16\ud835\udc12\ud835\udc0a\ud835\udc08\ud835\udc04\ud835\udc06\ud835\udc0e! \u26bd\ufe0f\ud83d\ude0d","og_url":"https:\/\/www.pogotowieflagowe.pl\/aktualne\/robert-lewandowski-zapewnil-sobie-pierwsze-miejsce-w-wyscigu-punktowym-la-liga\/","og_site_name":"POGOTOWIE FLAGOWE\u00ae","article_published_time":"2024-11-25T15:48:11+00:00","article_modified_time":"2024-11-25T15:48:12+00:00","og_image":[{"width":1280,"height":720,"url":"https:\/\/www.pogotowieflagowe.pl\/aktualne\/wp-content\/uploads\/2024\/11\/Robert-Lewandowski-zapewnil-sobie-pierwsze-miejsce-w-wyscigu-punktowym-La.jpg","type":"image\/jpeg"}],"author":"Filip","twitter_card":"summary_large_image","twitter_misc":{"Napisane przez":"Filip"},"schema":{"@context":"https:\/\/schema.org","@graph":[{"@type":"Article","@id":"https:\/\/www.pogotowieflagowe.pl\/aktualne\/robert-lewandowski-zapewnil-sobie-pierwsze-miejsce-w-wyscigu-punktowym-la-liga\/#article","isPartOf":{"@id":"https:\/\/www.pogotowieflagowe.pl\/aktualne\/robert-lewandowski-zapewnil-sobie-pierwsze-miejsce-w-wyscigu-punktowym-la-liga\/"},"author":{"name":"Filip","@id":"https:\/\/www.pogotowieflagowe.pl\/aktualne\/#\/schema\/person\/9c2fb7d2362ebf6fa088960d7f0d27b0"},"headline":"Robert Lewandowski zapewni\u0142 sobie pierwsze miejsce w wy\u015bcigu punktowym La Liga","datePublished":"2024-11-25T15:48:11+00:00","dateModified":"2024-11-25T15:48:12+00:00","mainEntityOfPage":{"@id":"https:\/\/www.pogotowieflagowe.pl\/aktualne\/robert-lewandowski-zapewnil-sobie-pierwsze-miejsce-w-wyscigu-punktowym-la-liga\/"},"wordCount":61,"publisher":{"@id":"https:\/\/www.pogotowieflagowe.pl\/aktualne\/#organization"},"image":{"@id":"https:\/\/www.pogotowieflagowe.pl\/aktualne\/robert-lewandowski-zapewnil-sobie-pierwsze-miejsce-w-wyscigu-punktowym-la-liga\/#primaryimage"},"thumbnailUrl":"https:\/\/www.pogotowieflagowe.pl\/aktualne\/wp-content\/uploads\/2024\/11\/Robert-Lewandowski-zapewnil-sobie-pierwsze-miejsce-w-wyscigu-punktowym-La.jpg","keywords":["Lewandowski","Liga","miejsce","pierwsze","punktowym","Robert","sobie","wy\u015bcigu","zapewni\u0142"],"articleSection":["Lekkoatletyka"],"inLanguage":"pl-PL"},{"@type":"WebPage","@id":"https:\/\/www.pogotowieflagowe.pl\/aktualne\/robert-lewandowski-zapewnil-sobie-pierwsze-miejsce-w-wyscigu-punktowym-la-liga\/","url":"https:\/\/www.pogotowieflagowe.pl\/aktualne\/robert-lewandowski-zapewnil-sobie-pierwsze-miejsce-w-wyscigu-punktowym-la-liga\/","name":"Robert Lewandowski zapewni\u0142 sobie pierwsze miejsce w wy\u015bcigu punktowym La Liga - POGOTOWIE FLAGOWE\u00ae","isPartOf":{"@id":"https:\/\/www.pogotowieflagowe.pl\/aktualne\/#website"},"primaryImageOfPage":{"@id":"https:\/\/www.pogotowieflagowe.pl\/aktualne\/robert-lewandowski-zapewnil-sobie-pierwsze-miejsce-w-wyscigu-punktowym-la-liga\/#primaryimage"},"image":{"@id":"https:\/\/www.pogotowieflagowe.pl\/aktualne\/robert-lewandowski-zapewnil-sobie-pierwsze-miejsce-w-wyscigu-punktowym-la-liga\/#primaryimage"},"thumbnailUrl":"https:\/\/www.pogotowieflagowe.pl\/aktualne\/wp-content\/uploads\/2024\/11\/Robert-Lewandowski-zapewnil-sobie-pierwsze-miejsce-w-wyscigu-punktowym-La.jpg","datePublished":"2024-11-25T15:48:11+00:00","dateModified":"2024-11-25T15:48:12+00:00","breadcrumb":{"@id":"https:\/\/www.pogotowieflagowe.pl\/aktualne\/robert-lewandowski-zapewnil-sobie-pierwsze-miejsce-w-wyscigu-punktowym-la-liga\/#breadcrumb"},"inLanguage":"pl-PL","potentialAction":[{"@type":"ReadAction","target":["https:\/\/www.pogotowieflagowe.pl\/aktualne\/robert-lewandowski-zapewnil-sobie-pierwsze-miejsce-w-wyscigu-punktowym-la-liga\/"]}]},{"@type":"ImageObject","inLanguage":"pl-PL","@id":"https:\/\/www.pogotowieflagowe.pl\/aktualne\/robert-lewandowski-zapewnil-sobie-pierwsze-miejsce-w-wyscigu-punktowym-la-liga\/#primaryimage","url":"https:\/\/www.pogotowieflagowe.pl\/aktualne\/wp-content\/uploads\/2024\/11\/Robert-Lewandowski-zapewnil-sobie-pierwsze-miejsce-w-wyscigu-punktowym-La.jpg","contentUrl":"https:\/\/www.pogotowieflagowe.pl\/aktualne\/wp-content\/uploads\/2024\/11\/Robert-Lewandowski-zapewnil-sobie-pierwsze-miejsce-w-wyscigu-punktowym-La.jpg","width":1280,"height":720,"caption":"Robert Lewandowski zapewni\u0142 sobie pierwsze miejsce w wy\u015bcigu punktowym La Liga"},{"@type":"BreadcrumbList","@id":"https:\/\/www.pogotowieflagowe.pl\/aktualne\/robert-lewandowski-zapewnil-sobie-pierwsze-miejsce-w-wyscigu-punktowym-la-liga\/#breadcrumb","itemListElement":[{"@type":"ListItem","position":1,"name":"Home","item":"https:\/\/www.pogotowieflagowe.pl\/aktualne\/"},{"@type":"ListItem","position":2,"name":"Robert Lewandowski zapewni\u0142 sobie pierwsze miejsce w wy\u015bcigu punktowym La Liga"}]},{"@type":"WebSite","@id":"https:\/\/www.pogotowieflagowe.pl\/aktualne\/#website","url":"https:\/\/www.pogotowieflagowe.pl\/aktualne\/","name":"POGOTOWIE FLAGOWE\u00ae","description":"","publisher":{"@id":"https:\/\/www.pogotowieflagowe.pl\/aktualne\/#organization"},"potentialAction":[{"@type":"SearchAction","target":{"@type":"EntryPoint","urlTemplate":"https:\/\/www.pogotowieflagowe.pl\/aktualne\/?s={search_term_string}"},"query-input":"required name=search_term_string"}],"inLanguage":"pl-PL"},{"@type":"Organization","@id":"https:\/\/www.pogotowieflagowe.pl\/aktualne\/#organization","name":"POGOTOWIE FLAGOWE\u00ae","url":"https:\/\/www.pogotowieflagowe.pl\/aktualne\/","logo":{"@type":"ImageObject","inLanguage":"pl-PL","@id":"https:\/\/www.pogotowieflagowe.pl\/aktualne\/#\/schema\/logo\/image\/","url":"https:\/\/www.pogotowieflagowe.pl\/aktualne\/wp-content\/uploads\/2024\/08\/cropped-pogotowieflagowe_flaga_projekt_sm.jpg","contentUrl":"https:\/\/www.pogotowieflagowe.pl\/aktualne\/wp-content\/uploads\/2024\/08\/cropped-pogotowieflagowe_flaga_projekt_sm.jpg","width":250,"height":143,"caption":"POGOTOWIE FLAGOWE\u00ae"},"image":{"@id":"https:\/\/www.pogotowieflagowe.pl\/aktualne\/#\/schema\/logo\/image\/"}},{"@type":"Person","@id":"https:\/\/www.pogotowieflagowe.pl\/aktualne\/#\/schema\/person\/9c2fb7d2362ebf6fa088960d7f0d27b0","name":"Filip","image":{"@type":"ImageObject","inLanguage":"pl-PL","@id":"https:\/\/www.pogotowieflagowe.pl\/aktualne\/#\/schema\/person\/image\/","url":"https:\/\/www.pogotowieflagowe.pl\/aktualne\/wp-content\/uploads\/2024\/08\/pogotowieflagowe.pl_.jpg","contentUrl":"https:\/\/www.pogotowieflagowe.pl\/aktualne\/wp-content\/uploads\/2024\/08\/pogotowieflagowe.pl_.jpg","caption":"Filip"},"description":"Jestem Filip, polski dziennikarz z dyplomem nauk politycznych Uniwersytetu Warszawskiego. Rozpoczynaj\u0105c swoj\u0105 karier\u0119 w r\u00f3\u017cnych lokalnych mediach, zdoby\u0142em solidne do\u015bwiadczenie w zakresie \u015bledztwa i redakcji. Obecnie jako redaktor w Pogotowie flagowe, staram si\u0119 dostarcza\u0107 dog\u0142\u0119bne i istotne analizy na temat najwa\u017cniejszych kwestii aktualno\u015bci, \u0142\u0105cz\u0105c rygor z pasj\u0105 dziennikarsk\u0105.","sameAs":["https:\/\/www.pogotowieflagowe.pl\/"]}]}},"_links":{"self":[{"href":"https:\/\/www.pogotowieflagowe.pl\/aktualne\/wp-json\/wp\/v2\/posts\/2034","targetHints":{"allow":["GET"]}}],"collection":[{"href":"https:\/\/www.pogotowieflagowe.pl\/aktualne\/wp-json\/wp\/v2\/posts"}],"about":[{"href":"https:\/\/www.pogotowieflagowe.pl\/aktualne\/wp-json\/wp\/v2\/types\/post"}],"author":[{"embeddable":true,"href":"https:\/\/www.pogotowieflagowe.pl\/aktualne\/wp-json\/wp\/v2\/users\/1"}],"replies":[{"embeddable":true,"href":"https:\/\/www.pogotowieflagowe.pl\/aktualne\/wp-json\/wp\/v2\/comments?post=2034"}],"version-history":[{"count":1,"href":"https:\/\/www.pogotowieflagowe.pl\/aktualne\/wp-json\/wp\/v2\/posts\/2034\/revisions"}],"predecessor-version":[{"id":2036,"href":"https:\/\/www.pogotowieflagowe.pl\/aktualne\/wp-json\/wp\/v2\/posts\/2034\/revisions\/2036"}],"wp:featuredmedia":[{"embeddable":true,"href":"https:\/\/www.pogotowieflagowe.pl\/aktualne\/wp-json\/wp\/v2\/media\/2035"}],"wp:attachment":[{"href":"https:\/\/www.pogotowieflagowe.pl\/aktualne\/wp-json\/wp\/v2\/media?parent=2034"}],"wp:term":[{"taxonomy":"category","embeddable":true,"href":"https:\/\/www.pogotowieflagowe.pl\/aktualne\/wp-json\/wp\/v2\/categories?post=2034"},{"taxonomy":"post_tag","embeddable":true,"href":"https:\/\/www.pogotowieflagowe.pl\/aktualne\/wp-json\/wp\/v2\/tags?post=2034"}],"curies":[{"name":"wp","href":"https:\/\/api.w.org\/{rel}","templated":true}]}}