{"id":2049,"date":"2024-11-26T18:49:28","date_gmt":"2024-11-26T17:49:28","guid":{"rendered":"https:\/\/www.pogotowieflagowe.pl\/aktualne\/narodowy-dzien-ciasta-swieto-slodkich-przysmakow-26-listopada\/"},"modified":"2024-11-26T18:49:31","modified_gmt":"2024-11-26T17:49:31","slug":"narodowy-dzien-ciasta-swieto-slodkich-przysmakow-26-listopada","status":"publish","type":"post","link":"https:\/\/www.pogotowieflagowe.pl\/aktualne\/narodowy-dzien-ciasta-swieto-slodkich-przysmakow-26-listopada\/","title":{"rendered":"Narodowy Dzie\u0144 Ciasta: \u015bwi\u0119to s\u0142odkich przysmak\u00f3w 26 listopada"},"content":{"rendered":"\n<div class=\"td_block_wrap tdb_single_content tdi_48 td-pb-border-top td_block_template_8 td-post-content tagdiv-type\" data-td-block-uid=\"tdi_48\">\n<style>.tdi_48{margines-g\u00f3rny:0px!important;margin-bottom:0px!important;dope\u0142nienie-g\u00f3ra:0px!important;dope\u0142nienie-d\u00f3\u0142:0px!important}<\/style>\n<style>.tdb_single_content{margin-bottom:0;*zoom:1}.tdb_single_content:before,.tdb_single_content:after{display:table;content:'';line-height:0}.tdb_single_content:after{clear:both}.tdb_single_content .tdb-block-inner>*:not(.wp-block-quote):not(.alignwide):not(.alignfull.wp-block-cover.has-parallax):not(.td-a-ad) {margin-left:auto;margin-right:auto}.tdb_single_content a{pointer-events:auto}.tdb_single_content .td-spot-id-top_ad .tdc-placeholder-title:before{content:'Article Top Ad'!important}.tdb_single_content .td-spot-id-inline_ad0 .tdc-placeholder-title:before{content:'Article Reklama wbudowana 1'!important}.tdb_single_content .td-spot-id-inline_ad1 .tdc-placeholder-title:before{content:'Article Inline Ad 2'!important}.tdb_single_content .td-spot-id-inline_ad2 .tdc-placeholder-title:before{content:' Reklama wbudowana w artyku\u0142 3'!important}.tdb_single_content .td-spot-id-bottom_ad .tdc-placeholder-title:before{content:'Article Bottom Ad'!important}.tdb_single_content .id_top_ad,.tdb_single_content .id_bottom_ad{clear:both;margin-bottom:21px;text-align:center}.tdb_single_content .id_top_ad img,.tdb_single_content .id_bottom_ad img{margin-bottom:0}.tdb_single_content .id_top_ad .adsbygoogle,.tdb_single_content .id_bottom_ad .adsbygoogle{position:relative}.tdb_single_content .id_ad_content-horiz-left,.tdb_single_content .id_ad_content-horiz-right,.tdb_single_content .id_ad_content-horiz-center{margin-bottom:15px}.tdb_single_content .id_ad_content-horiz-left img,.tdb_single_content .id_ad_content-horiz-right img,.tdb_single_content .id_ad_content-horiz-center img{margin-bottom:0}.tdb_single_content .id_ad_content-horiz-center{text-align:center}.tdb_single_content .id_ad_content-horiz-center img{margin-right:auto;margin-left:auto}.tdb_single_content .id_ad_content-horiz-left{float:left;margin-top:9px;margin-right:21px}.tdb_single_content .id_ad_content-horiz-right{float:right;margin-top:6px;margin-left:21px}.tdb_single_content .tdc-a-ad .tdc-placeholder-title{width:300px;height:250px}.tdb_single_content .tdc-a-ad .tdc-placeholder-title:before{position:absolute;top:50%;-webkit-transform:translateY(-50%);transform:translateY(-50%);margines:auto;display:table;width:100 %}.tdb_single_content .tdb-block-inner.td-fix-index{word-break:break-word}.tdi_48,.tdi_48>p,.tdi_48 .tdb-block-inner>p{font-size:16px!important;line- wysoko\u015b\u0107:1,6!wa\u017cne}.tdi_48 .tdb-block-inner blockquote p{font-style:normal!important}@media (max-width:767px){.tdb_single_content .id_ad_content-horiz-left,.tdb_single_content .id_ad_content-horiz-right,.tdb_single_content .id_ad_content-horiz-center{margin:0 automatyczny 26px auto}}@media (max-width:767px){.tdb_single_content .id_ad_content-horiz-left{margin-right:0}}@media (max-width:767px){.tdb_single_content .id_ad_content-horiz-right{margin -left:0}}@media (max-width:767px){.tdb_single_content .td-a-ad{float:none;text-align:center}.tdb_single_content .td-a-ad img{margin-right:auto;margin-left:auto}. tdb_single_content .tdc-a-ad{float:none}}<\/style>\n<div class=\"tdb-block-inner td-fix-index\">\n<p>26 listopada mi\u0142o\u015bnicy deser\u00f3w jednocz\u0105 si\u0119 podczas uroczysto\u015bci zar\u00f3wno s\u0142odkiej, jak i pob\u0142a\u017cliwej\u2014<em>Narodowy Dzie\u0144 Ciasta<\/em>. Od puszystych warstw po bogate, dekadenckie smaki, ten dzie\u0144 honoruje jedno z najbardziej ukochanych dzie\u0142 kulinarnych wszechczas\u00f3w: ciasto. <\/p>\n<h2 class=\"wp-block-heading\">Ciasta: wi\u0119cej ni\u017c tylko deser<\/h2>\n<p>Ciasta zajmuj\u0105 cenne miejsce w kulturze globalnej, symbolizuj\u0105c \u015bwi\u0119towanie, kreatywno\u015b\u0107 i wi\u0119\u017a. Ich historia si\u0119ga wiek\u00f3w, a jej korzenie si\u0119gaj\u0105 staro\u017cytnych tradycji pieczenia, kt\u00f3re przekszta\u0142ci\u0142y si\u0119 w r\u00f3\u017cnorodne przepisy i style, kt\u00f3rymi cieszymy si\u0119 dzisiaj. Niezale\u017cnie od tego, czy jest to imponuj\u0105cy majestat wielopoziomowego tortu weselnego, czy nostalgiczny urok domowego pocz\u0119stunku urodzinowego, ciasta reprezentuj\u0105 chwile rado\u015bci, kt\u00f3rymi dzieli si\u0119 ca\u0142y \u015bwiat.  <\/p>\n<p>Ta s\u0142odka okazja podkre\u015bla nie tylko smakowito\u015b\u0107 ciasta, ale tak\u017ce jego znaczenie kulturowe. Ciasta wyst\u0119puj\u0105 w niezliczonych odmianach, odzwierciedlaj\u0105cych regionalne sk\u0142adniki i tradycje. Od pe\u0142nych przypraw angielskich ciast owocowych po lekkie i przewiewne biszkopty w Japonii lub soczyste w\u0142oskie tiramisu \u2013 ka\u017cde ciasto opowiada histori\u0119 dziedzictwa i smaku.  <\/p>\n<h2 class=\"wp-block-heading\">Dzie\u0144, w kt\u00f3rym wszyscy mog\u0105 piec, dzieli\u0107 si\u0119 i delektowa\u0107<\/h2>\n<p>Narodowy Dzie\u0144 Ciasta nie jest przeznaczony tylko dla profesjonalnych cukiernik\u00f3w \u2013 jest przeznaczony dla ka\u017cdego, kto kocha pieczenie lub po prostu jedzenie ciast. Niezale\u017cnie od tego, czy jeste\u015b do\u015bwiadczonym piekarzem tworz\u0105cym skomplikowane projekty, czy nowicjuszem udoskonalaj\u0105cym pierwsz\u0105 parti\u0119, kuchnia staje si\u0119 przestrzeni\u0105 kreatywno\u015bci i eksploracji.  <\/p>\n<h2 class=\"wp-block-heading\">Do\u0142\u0105cz do S\u0142odkiego \u015awi\u0119ta<\/h2>\n<p>Narodowy Dzie\u0144 Ciasta to co\u015b wi\u0119cej ni\u017c tylko pretekst do rozkoszowania si\u0119 \u2014 to przypomnienie rado\u015bci i kunsztu, jakie ciasto wnosi do naszego \u017cycia. Niezale\u017cnie od tego, czy przygotowujesz rodzinny przepis, wypr\u00f3bowujesz now\u0105, modn\u0105 technik\u0119, czy po prostu delektujesz si\u0119 kawa\u0142kiem ulubionej piekarni, ten dzie\u0144 polega na delektowaniu si\u0119 s\u0142odkimi chwilami, kt\u00f3re czyni\u0105 \u017cycie wyj\u0105tkowym.  <\/p>\n<p>Zatem chwy\u0107 trzepaczk\u0119, rozgrzej piekarnik i rozpocznij \u015bwi\u0119towanie \u2013 poniewa\u017c z ciastem ka\u017cdy dzie\u0144 jest lepszy, ale 26 listopada staje si\u0119 to oficjalne.<\/p>\n<p>Przeczytaj wi\u0119cej<span class=\"screen-reader-text\">: Narodowy Dzie\u0144 Ciasta: \u015bwi\u0119to s\u0142odkich przysmak\u00f3w 26 listopada<\/span><\/p>\n<ul class=\"wp-block-list\">\n<li><strong>Ciasto truskawkowe bez pieczenia: orze\u017awiaj\u0105ca letnia rozkosz<\/strong><\/li>\n<li><strong>\u015awi\u0119tuj \u015awiatowy Dzie\u0144 Pieczenia z Polskimi Ciastkami: Kulinarna podr\u00f3\u017c<\/strong><\/li>\n<li><strong>Rodzynki: kontrowersyjny sk\u0142adnik, kt\u00f3ry dzieli polskich mi\u0142o\u015bnik\u00f3w sernik\u00f3w<\/strong><\/li>\n<li><strong>Przepis na ciasto polskiej Stefanki<\/strong><\/li>\n<\/ul>\n<\/div>\n<\/div>\n","protected":false},"excerpt":{"rendered":"<p>26 listopada mi\u0142o\u015bnicy deser\u00f3w jednocz\u0105 si\u0119 podczas uroczysto\u015bci zar\u00f3wno s\u0142odkiej, jak i pob\u0142a\u017cliwej\u2014Narodowy Dzie\u0144 Ciasta. Od puszystych warstw po bogate,<\/p>\n","protected":false},"author":1,"featured_media":2050,"comment_status":"closed","ping_status":"","sticky":false,"template":"","format":"standard","meta":{"footnotes":""},"categories":[47],"tags":[3295,1078,2808,1965,3297,3296,127],"class_list":["post-2049","post","type-post","status-publish","format-standard","has-post-thumbnail","hentry","category-styl-zycia","tag-ciasta","tag-dzien","tag-listopada","tag-narodowy","tag-przysmakow","tag-slodkich","tag-swieto","generate-columns","tablet-grid-50","mobile-grid-100","grid-parent","grid-50","resize-featured-image"],"yoast_head":"<!-- This site is optimized with the Yoast SEO plugin v23.2 - https:\/\/yoast.com\/wordpress\/plugins\/seo\/ -->\n<title>Narodowy Dzie\u0144 Ciasta: \u015bwi\u0119to s\u0142odkich przysmak\u00f3w 26 listopada - POGOTOWIE FLAGOWE\u00ae<\/title>\n<meta name=\"robots\" content=\"index, follow, max-snippet:-1, max-image-preview:large, max-video-preview:-1\" \/>\n<link rel=\"canonical\" href=\"https:\/\/www.pogotowieflagowe.pl\/aktualne\/narodowy-dzien-ciasta-swieto-slodkich-przysmakow-26-listopada\/\" \/>\n<meta property=\"og:locale\" content=\"pl_PL\" \/>\n<meta property=\"og:type\" content=\"article\" \/>\n<meta property=\"og:title\" content=\"Narodowy Dzie\u0144 Ciasta: \u015bwi\u0119to s\u0142odkich przysmak\u00f3w 26 listopada - POGOTOWIE FLAGOWE\u00ae\" \/>\n<meta property=\"og:description\" content=\"26 listopada mi\u0142o\u015bnicy deser\u00f3w jednocz\u0105 si\u0119 podczas uroczysto\u015bci zar\u00f3wno s\u0142odkiej, jak i pob\u0142a\u017cliwej\u2014Narodowy Dzie\u0144 Ciasta. Od puszystych warstw po bogate,\" \/>\n<meta property=\"og:url\" content=\"https:\/\/www.pogotowieflagowe.pl\/aktualne\/narodowy-dzien-ciasta-swieto-slodkich-przysmakow-26-listopada\/\" \/>\n<meta property=\"og:site_name\" content=\"POGOTOWIE FLAGOWE\u00ae\" \/>\n<meta property=\"article:published_time\" content=\"2024-11-26T17:49:28+00:00\" \/>\n<meta property=\"article:modified_time\" content=\"2024-11-26T17:49:31+00:00\" \/>\n<meta property=\"og:image\" content=\"https:\/\/www.pogotowieflagowe.pl\/aktualne\/wp-content\/uploads\/2024\/11\/Narodowy-Dzien-Ciasta-swieto-slodkich-przysmakow-26-listopada.jpg\" \/>\n\t<meta property=\"og:image:width\" content=\"1920\" \/>\n\t<meta property=\"og:image:height\" content=\"1280\" \/>\n\t<meta property=\"og:image:type\" content=\"image\/jpeg\" \/>\n<meta name=\"author\" content=\"Filip\" \/>\n<meta name=\"twitter:card\" content=\"summary_large_image\" \/>\n<meta name=\"twitter:label1\" content=\"Napisane przez\" \/>\n\t<meta name=\"twitter:data1\" content=\"Filip\" \/>\n\t<meta name=\"twitter:label2\" content=\"Szacowany czas czytania\" \/>\n\t<meta name=\"twitter:data2\" content=\"2 minuty\" \/>\n<script type=\"application\/ld+json\" class=\"yoast-schema-graph\">{\"@context\":\"https:\/\/schema.org\",\"@graph\":[{\"@type\":\"Article\",\"@id\":\"https:\/\/www.pogotowieflagowe.pl\/aktualne\/narodowy-dzien-ciasta-swieto-slodkich-przysmakow-26-listopada\/#article\",\"isPartOf\":{\"@id\":\"https:\/\/www.pogotowieflagowe.pl\/aktualne\/narodowy-dzien-ciasta-swieto-slodkich-przysmakow-26-listopada\/\"},\"author\":{\"name\":\"Filip\",\"@id\":\"https:\/\/www.pogotowieflagowe.pl\/aktualne\/#\/schema\/person\/9c2fb7d2362ebf6fa088960d7f0d27b0\"},\"headline\":\"Narodowy Dzie\u0144 Ciasta: \u015bwi\u0119to s\u0142odkich przysmak\u00f3w 26 listopada\",\"datePublished\":\"2024-11-26T17:49:28+00:00\",\"dateModified\":\"2024-11-26T17:49:31+00:00\",\"mainEntityOfPage\":{\"@id\":\"https:\/\/www.pogotowieflagowe.pl\/aktualne\/narodowy-dzien-ciasta-swieto-slodkich-przysmakow-26-listopada\/\"},\"wordCount\":397,\"publisher\":{\"@id\":\"https:\/\/www.pogotowieflagowe.pl\/aktualne\/#organization\"},\"image\":{\"@id\":\"https:\/\/www.pogotowieflagowe.pl\/aktualne\/narodowy-dzien-ciasta-swieto-slodkich-przysmakow-26-listopada\/#primaryimage\"},\"thumbnailUrl\":\"https:\/\/www.pogotowieflagowe.pl\/aktualne\/wp-content\/uploads\/2024\/11\/Narodowy-Dzien-Ciasta-swieto-slodkich-przysmakow-26-listopada.jpg\",\"keywords\":[\"Ciasta\",\"Dzie\u0144\",\"listopada\",\"Narodowy\",\"przysmak\u00f3w\",\"s\u0142odkich\",\"\u015awi\u0119to\"],\"articleSection\":[\"Styl \u017cycia\"],\"inLanguage\":\"pl-PL\"},{\"@type\":\"WebPage\",\"@id\":\"https:\/\/www.pogotowieflagowe.pl\/aktualne\/narodowy-dzien-ciasta-swieto-slodkich-przysmakow-26-listopada\/\",\"url\":\"https:\/\/www.pogotowieflagowe.pl\/aktualne\/narodowy-dzien-ciasta-swieto-slodkich-przysmakow-26-listopada\/\",\"name\":\"Narodowy Dzie\u0144 Ciasta: \u015bwi\u0119to s\u0142odkich przysmak\u00f3w 26 listopada - POGOTOWIE FLAGOWE\u00ae\",\"isPartOf\":{\"@id\":\"https:\/\/www.pogotowieflagowe.pl\/aktualne\/#website\"},\"primaryImageOfPage\":{\"@id\":\"https:\/\/www.pogotowieflagowe.pl\/aktualne\/narodowy-dzien-ciasta-swieto-slodkich-przysmakow-26-listopada\/#primaryimage\"},\"image\":{\"@id\":\"https:\/\/www.pogotowieflagowe.pl\/aktualne\/narodowy-dzien-ciasta-swieto-slodkich-przysmakow-26-listopada\/#primaryimage\"},\"thumbnailUrl\":\"https:\/\/www.pogotowieflagowe.pl\/aktualne\/wp-content\/uploads\/2024\/11\/Narodowy-Dzien-Ciasta-swieto-slodkich-przysmakow-26-listopada.jpg\",\"datePublished\":\"2024-11-26T17:49:28+00:00\",\"dateModified\":\"2024-11-26T17:49:31+00:00\",\"breadcrumb\":{\"@id\":\"https:\/\/www.pogotowieflagowe.pl\/aktualne\/narodowy-dzien-ciasta-swieto-slodkich-przysmakow-26-listopada\/#breadcrumb\"},\"inLanguage\":\"pl-PL\",\"potentialAction\":[{\"@type\":\"ReadAction\",\"target\":[\"https:\/\/www.pogotowieflagowe.pl\/aktualne\/narodowy-dzien-ciasta-swieto-slodkich-przysmakow-26-listopada\/\"]}]},{\"@type\":\"ImageObject\",\"inLanguage\":\"pl-PL\",\"@id\":\"https:\/\/www.pogotowieflagowe.pl\/aktualne\/narodowy-dzien-ciasta-swieto-slodkich-przysmakow-26-listopada\/#primaryimage\",\"url\":\"https:\/\/www.pogotowieflagowe.pl\/aktualne\/wp-content\/uploads\/2024\/11\/Narodowy-Dzien-Ciasta-swieto-slodkich-przysmakow-26-listopada.jpg\",\"contentUrl\":\"https:\/\/www.pogotowieflagowe.pl\/aktualne\/wp-content\/uploads\/2024\/11\/Narodowy-Dzien-Ciasta-swieto-slodkich-przysmakow-26-listopada.jpg\",\"width\":1920,\"height\":1280,\"caption\":\"Narodowy Dzie\u0144 Ciasta: \u015bwi\u0119to s\u0142odkich przysmak\u00f3w 26 listopada\"},{\"@type\":\"BreadcrumbList\",\"@id\":\"https:\/\/www.pogotowieflagowe.pl\/aktualne\/narodowy-dzien-ciasta-swieto-slodkich-przysmakow-26-listopada\/#breadcrumb\",\"itemListElement\":[{\"@type\":\"ListItem\",\"position\":1,\"name\":\"Home\",\"item\":\"https:\/\/www.pogotowieflagowe.pl\/aktualne\/\"},{\"@type\":\"ListItem\",\"position\":2,\"name\":\"Narodowy Dzie\u0144 Ciasta: \u015bwi\u0119to s\u0142odkich przysmak\u00f3w 26 listopada\"}]},{\"@type\":\"WebSite\",\"@id\":\"https:\/\/www.pogotowieflagowe.pl\/aktualne\/#website\",\"url\":\"https:\/\/www.pogotowieflagowe.pl\/aktualne\/\",\"name\":\"POGOTOWIE FLAGOWE\u00ae\",\"description\":\"\",\"publisher\":{\"@id\":\"https:\/\/www.pogotowieflagowe.pl\/aktualne\/#organization\"},\"potentialAction\":[{\"@type\":\"SearchAction\",\"target\":{\"@type\":\"EntryPoint\",\"urlTemplate\":\"https:\/\/www.pogotowieflagowe.pl\/aktualne\/?s={search_term_string}\"},\"query-input\":\"required name=search_term_string\"}],\"inLanguage\":\"pl-PL\"},{\"@type\":\"Organization\",\"@id\":\"https:\/\/www.pogotowieflagowe.pl\/aktualne\/#organization\",\"name\":\"POGOTOWIE FLAGOWE\u00ae\",\"url\":\"https:\/\/www.pogotowieflagowe.pl\/aktualne\/\",\"logo\":{\"@type\":\"ImageObject\",\"inLanguage\":\"pl-PL\",\"@id\":\"https:\/\/www.pogotowieflagowe.pl\/aktualne\/#\/schema\/logo\/image\/\",\"url\":\"https:\/\/www.pogotowieflagowe.pl\/aktualne\/wp-content\/uploads\/2024\/08\/cropped-pogotowieflagowe_flaga_projekt_sm.jpg\",\"contentUrl\":\"https:\/\/www.pogotowieflagowe.pl\/aktualne\/wp-content\/uploads\/2024\/08\/cropped-pogotowieflagowe_flaga_projekt_sm.jpg\",\"width\":250,\"height\":143,\"caption\":\"POGOTOWIE FLAGOWE\u00ae\"},\"image\":{\"@id\":\"https:\/\/www.pogotowieflagowe.pl\/aktualne\/#\/schema\/logo\/image\/\"}},{\"@type\":\"Person\",\"@id\":\"https:\/\/www.pogotowieflagowe.pl\/aktualne\/#\/schema\/person\/9c2fb7d2362ebf6fa088960d7f0d27b0\",\"name\":\"Filip\",\"image\":{\"@type\":\"ImageObject\",\"inLanguage\":\"pl-PL\",\"@id\":\"https:\/\/www.pogotowieflagowe.pl\/aktualne\/#\/schema\/person\/image\/\",\"url\":\"https:\/\/www.pogotowieflagowe.pl\/aktualne\/wp-content\/uploads\/2024\/08\/pogotowieflagowe.pl_.jpg\",\"contentUrl\":\"https:\/\/www.pogotowieflagowe.pl\/aktualne\/wp-content\/uploads\/2024\/08\/pogotowieflagowe.pl_.jpg\",\"caption\":\"Filip\"},\"description\":\"Jestem Filip, polski dziennikarz z dyplomem nauk politycznych Uniwersytetu Warszawskiego. Rozpoczynaj\u0105c swoj\u0105 karier\u0119 w r\u00f3\u017cnych lokalnych mediach, zdoby\u0142em solidne do\u015bwiadczenie w zakresie \u015bledztwa i redakcji. Obecnie jako redaktor w Pogotowie flagowe, staram si\u0119 dostarcza\u0107 dog\u0142\u0119bne i istotne analizy na temat najwa\u017cniejszych kwestii aktualno\u015bci, \u0142\u0105cz\u0105c rygor z pasj\u0105 dziennikarsk\u0105.\",\"sameAs\":[\"https:\/\/www.pogotowieflagowe.pl\/\"]}]}<\/script>\n<!-- \/ Yoast SEO plugin. -->","yoast_head_json":{"title":"Narodowy Dzie\u0144 Ciasta: \u015bwi\u0119to s\u0142odkich przysmak\u00f3w 26 listopada - POGOTOWIE FLAGOWE\u00ae","robots":{"index":"index","follow":"follow","max-snippet":"max-snippet:-1","max-image-preview":"max-image-preview:large","max-video-preview":"max-video-preview:-1"},"canonical":"https:\/\/www.pogotowieflagowe.pl\/aktualne\/narodowy-dzien-ciasta-swieto-slodkich-przysmakow-26-listopada\/","og_locale":"pl_PL","og_type":"article","og_title":"Narodowy Dzie\u0144 Ciasta: \u015bwi\u0119to s\u0142odkich przysmak\u00f3w 26 listopada - POGOTOWIE FLAGOWE\u00ae","og_description":"26 listopada mi\u0142o\u015bnicy deser\u00f3w jednocz\u0105 si\u0119 podczas uroczysto\u015bci zar\u00f3wno s\u0142odkiej, jak i pob\u0142a\u017cliwej\u2014Narodowy Dzie\u0144 Ciasta. Od puszystych warstw po bogate,","og_url":"https:\/\/www.pogotowieflagowe.pl\/aktualne\/narodowy-dzien-ciasta-swieto-slodkich-przysmakow-26-listopada\/","og_site_name":"POGOTOWIE FLAGOWE\u00ae","article_published_time":"2024-11-26T17:49:28+00:00","article_modified_time":"2024-11-26T17:49:31+00:00","og_image":[{"width":1920,"height":1280,"url":"https:\/\/www.pogotowieflagowe.pl\/aktualne\/wp-content\/uploads\/2024\/11\/Narodowy-Dzien-Ciasta-swieto-slodkich-przysmakow-26-listopada.jpg","type":"image\/jpeg"}],"author":"Filip","twitter_card":"summary_large_image","twitter_misc":{"Napisane przez":"Filip","Szacowany czas czytania":"2 minuty"},"schema":{"@context":"https:\/\/schema.org","@graph":[{"@type":"Article","@id":"https:\/\/www.pogotowieflagowe.pl\/aktualne\/narodowy-dzien-ciasta-swieto-slodkich-przysmakow-26-listopada\/#article","isPartOf":{"@id":"https:\/\/www.pogotowieflagowe.pl\/aktualne\/narodowy-dzien-ciasta-swieto-slodkich-przysmakow-26-listopada\/"},"author":{"name":"Filip","@id":"https:\/\/www.pogotowieflagowe.pl\/aktualne\/#\/schema\/person\/9c2fb7d2362ebf6fa088960d7f0d27b0"},"headline":"Narodowy Dzie\u0144 Ciasta: \u015bwi\u0119to s\u0142odkich przysmak\u00f3w 26 listopada","datePublished":"2024-11-26T17:49:28+00:00","dateModified":"2024-11-26T17:49:31+00:00","mainEntityOfPage":{"@id":"https:\/\/www.pogotowieflagowe.pl\/aktualne\/narodowy-dzien-ciasta-swieto-slodkich-przysmakow-26-listopada\/"},"wordCount":397,"publisher":{"@id":"https:\/\/www.pogotowieflagowe.pl\/aktualne\/#organization"},"image":{"@id":"https:\/\/www.pogotowieflagowe.pl\/aktualne\/narodowy-dzien-ciasta-swieto-slodkich-przysmakow-26-listopada\/#primaryimage"},"thumbnailUrl":"https:\/\/www.pogotowieflagowe.pl\/aktualne\/wp-content\/uploads\/2024\/11\/Narodowy-Dzien-Ciasta-swieto-slodkich-przysmakow-26-listopada.jpg","keywords":["Ciasta","Dzie\u0144","listopada","Narodowy","przysmak\u00f3w","s\u0142odkich","\u015awi\u0119to"],"articleSection":["Styl \u017cycia"],"inLanguage":"pl-PL"},{"@type":"WebPage","@id":"https:\/\/www.pogotowieflagowe.pl\/aktualne\/narodowy-dzien-ciasta-swieto-slodkich-przysmakow-26-listopada\/","url":"https:\/\/www.pogotowieflagowe.pl\/aktualne\/narodowy-dzien-ciasta-swieto-slodkich-przysmakow-26-listopada\/","name":"Narodowy Dzie\u0144 Ciasta: \u015bwi\u0119to s\u0142odkich przysmak\u00f3w 26 listopada - POGOTOWIE FLAGOWE\u00ae","isPartOf":{"@id":"https:\/\/www.pogotowieflagowe.pl\/aktualne\/#website"},"primaryImageOfPage":{"@id":"https:\/\/www.pogotowieflagowe.pl\/aktualne\/narodowy-dzien-ciasta-swieto-slodkich-przysmakow-26-listopada\/#primaryimage"},"image":{"@id":"https:\/\/www.pogotowieflagowe.pl\/aktualne\/narodowy-dzien-ciasta-swieto-slodkich-przysmakow-26-listopada\/#primaryimage"},"thumbnailUrl":"https:\/\/www.pogotowieflagowe.pl\/aktualne\/wp-content\/uploads\/2024\/11\/Narodowy-Dzien-Ciasta-swieto-slodkich-przysmakow-26-listopada.jpg","datePublished":"2024-11-26T17:49:28+00:00","dateModified":"2024-11-26T17:49:31+00:00","breadcrumb":{"@id":"https:\/\/www.pogotowieflagowe.pl\/aktualne\/narodowy-dzien-ciasta-swieto-slodkich-przysmakow-26-listopada\/#breadcrumb"},"inLanguage":"pl-PL","potentialAction":[{"@type":"ReadAction","target":["https:\/\/www.pogotowieflagowe.pl\/aktualne\/narodowy-dzien-ciasta-swieto-slodkich-przysmakow-26-listopada\/"]}]},{"@type":"ImageObject","inLanguage":"pl-PL","@id":"https:\/\/www.pogotowieflagowe.pl\/aktualne\/narodowy-dzien-ciasta-swieto-slodkich-przysmakow-26-listopada\/#primaryimage","url":"https:\/\/www.pogotowieflagowe.pl\/aktualne\/wp-content\/uploads\/2024\/11\/Narodowy-Dzien-Ciasta-swieto-slodkich-przysmakow-26-listopada.jpg","contentUrl":"https:\/\/www.pogotowieflagowe.pl\/aktualne\/wp-content\/uploads\/2024\/11\/Narodowy-Dzien-Ciasta-swieto-slodkich-przysmakow-26-listopada.jpg","width":1920,"height":1280,"caption":"Narodowy Dzie\u0144 Ciasta: \u015bwi\u0119to s\u0142odkich przysmak\u00f3w 26 listopada"},{"@type":"BreadcrumbList","@id":"https:\/\/www.pogotowieflagowe.pl\/aktualne\/narodowy-dzien-ciasta-swieto-slodkich-przysmakow-26-listopada\/#breadcrumb","itemListElement":[{"@type":"ListItem","position":1,"name":"Home","item":"https:\/\/www.pogotowieflagowe.pl\/aktualne\/"},{"@type":"ListItem","position":2,"name":"Narodowy Dzie\u0144 Ciasta: \u015bwi\u0119to s\u0142odkich przysmak\u00f3w 26 listopada"}]},{"@type":"WebSite","@id":"https:\/\/www.pogotowieflagowe.pl\/aktualne\/#website","url":"https:\/\/www.pogotowieflagowe.pl\/aktualne\/","name":"POGOTOWIE FLAGOWE\u00ae","description":"","publisher":{"@id":"https:\/\/www.pogotowieflagowe.pl\/aktualne\/#organization"},"potentialAction":[{"@type":"SearchAction","target":{"@type":"EntryPoint","urlTemplate":"https:\/\/www.pogotowieflagowe.pl\/aktualne\/?s={search_term_string}"},"query-input":"required name=search_term_string"}],"inLanguage":"pl-PL"},{"@type":"Organization","@id":"https:\/\/www.pogotowieflagowe.pl\/aktualne\/#organization","name":"POGOTOWIE FLAGOWE\u00ae","url":"https:\/\/www.pogotowieflagowe.pl\/aktualne\/","logo":{"@type":"ImageObject","inLanguage":"pl-PL","@id":"https:\/\/www.pogotowieflagowe.pl\/aktualne\/#\/schema\/logo\/image\/","url":"https:\/\/www.pogotowieflagowe.pl\/aktualne\/wp-content\/uploads\/2024\/08\/cropped-pogotowieflagowe_flaga_projekt_sm.jpg","contentUrl":"https:\/\/www.pogotowieflagowe.pl\/aktualne\/wp-content\/uploads\/2024\/08\/cropped-pogotowieflagowe_flaga_projekt_sm.jpg","width":250,"height":143,"caption":"POGOTOWIE FLAGOWE\u00ae"},"image":{"@id":"https:\/\/www.pogotowieflagowe.pl\/aktualne\/#\/schema\/logo\/image\/"}},{"@type":"Person","@id":"https:\/\/www.pogotowieflagowe.pl\/aktualne\/#\/schema\/person\/9c2fb7d2362ebf6fa088960d7f0d27b0","name":"Filip","image":{"@type":"ImageObject","inLanguage":"pl-PL","@id":"https:\/\/www.pogotowieflagowe.pl\/aktualne\/#\/schema\/person\/image\/","url":"https:\/\/www.pogotowieflagowe.pl\/aktualne\/wp-content\/uploads\/2024\/08\/pogotowieflagowe.pl_.jpg","contentUrl":"https:\/\/www.pogotowieflagowe.pl\/aktualne\/wp-content\/uploads\/2024\/08\/pogotowieflagowe.pl_.jpg","caption":"Filip"},"description":"Jestem Filip, polski dziennikarz z dyplomem nauk politycznych Uniwersytetu Warszawskiego. Rozpoczynaj\u0105c swoj\u0105 karier\u0119 w r\u00f3\u017cnych lokalnych mediach, zdoby\u0142em solidne do\u015bwiadczenie w zakresie \u015bledztwa i redakcji. Obecnie jako redaktor w Pogotowie flagowe, staram si\u0119 dostarcza\u0107 dog\u0142\u0119bne i istotne analizy na temat najwa\u017cniejszych kwestii aktualno\u015bci, \u0142\u0105cz\u0105c rygor z pasj\u0105 dziennikarsk\u0105.","sameAs":["https:\/\/www.pogotowieflagowe.pl\/"]}]}},"_links":{"self":[{"href":"https:\/\/www.pogotowieflagowe.pl\/aktualne\/wp-json\/wp\/v2\/posts\/2049","targetHints":{"allow":["GET"]}}],"collection":[{"href":"https:\/\/www.pogotowieflagowe.pl\/aktualne\/wp-json\/wp\/v2\/posts"}],"about":[{"href":"https:\/\/www.pogotowieflagowe.pl\/aktualne\/wp-json\/wp\/v2\/types\/post"}],"author":[{"embeddable":true,"href":"https:\/\/www.pogotowieflagowe.pl\/aktualne\/wp-json\/wp\/v2\/users\/1"}],"replies":[{"embeddable":true,"href":"https:\/\/www.pogotowieflagowe.pl\/aktualne\/wp-json\/wp\/v2\/comments?post=2049"}],"version-history":[{"count":1,"href":"https:\/\/www.pogotowieflagowe.pl\/aktualne\/wp-json\/wp\/v2\/posts\/2049\/revisions"}],"predecessor-version":[{"id":2051,"href":"https:\/\/www.pogotowieflagowe.pl\/aktualne\/wp-json\/wp\/v2\/posts\/2049\/revisions\/2051"}],"wp:featuredmedia":[{"embeddable":true,"href":"https:\/\/www.pogotowieflagowe.pl\/aktualne\/wp-json\/wp\/v2\/media\/2050"}],"wp:attachment":[{"href":"https:\/\/www.pogotowieflagowe.pl\/aktualne\/wp-json\/wp\/v2\/media?parent=2049"}],"wp:term":[{"taxonomy":"category","embeddable":true,"href":"https:\/\/www.pogotowieflagowe.pl\/aktualne\/wp-json\/wp\/v2\/categories?post=2049"},{"taxonomy":"post_tag","embeddable":true,"href":"https:\/\/www.pogotowieflagowe.pl\/aktualne\/wp-json\/wp\/v2\/tags?post=2049"}],"curies":[{"name":"wp","href":"https:\/\/api.w.org\/{rel}","templated":true}]}}