{"id":2058,"date":"2024-11-27T02:47:32","date_gmt":"2024-11-27T01:47:32","guid":{"rendered":"https:\/\/www.pogotowieflagowe.pl\/aktualne\/pis-kwestionuje-decyzje-pkw-w-sprawie-sprawozdania-finansowego-za-2023-rok\/"},"modified":"2024-11-27T02:47:32","modified_gmt":"2024-11-27T01:47:32","slug":"pis-kwestionuje-decyzje-pkw-w-sprawie-sprawozdania-finansowego-za-2023-rok","status":"publish","type":"post","link":"https:\/\/www.pogotowieflagowe.pl\/aktualne\/pis-kwestionuje-decyzje-pkw-w-sprawie-sprawozdania-finansowego-za-2023-rok\/","title":{"rendered":"PiS kwestionuje decyzj\u0119 PKW w sprawie sprawozdania finansowego za 2023 rok"},"content":{"rendered":"\n<div class=\"td_block_wrap tdb_single_content tdi_48 td-pb-border-top td_block_template_8 td-post-content tagdiv-type\" data-td-block-uid=\"tdi_48\">\n<style>.tdi_48{margines-g\u00f3rny:0px!important;margin-bottom:0px!important;dope\u0142nienie-g\u00f3ra:0px!important;dope\u0142nienie-d\u00f3\u0142:0px!important}<\/style>\n<style>.tdb_single_content{margin-bottom:0;*zoom:1}.tdb_single_content:before,.tdb_single_content:after{display:table;content:'';line-height:0}.tdb_single_content:after{clear:both}.tdb_single_content .tdb-block-inner>*:not(.wp-block-quote):not(.alignwide):not(.alignfull.wp-block-cover.has-parallax):not(.td-a-ad) {margin-left:auto;margin-right:auto}.tdb_single_content a{pointer-events:auto}.tdb_single_content .td-spot-id-top_ad .tdc-placeholder-title:before{content:'Article Top Ad'!important}.tdb_single_content .td-spot-id-inline_ad0 .tdc-placeholder-title:before{content:'Article Reklama wbudowana 1'!important}.tdb_single_content .td-spot-id-inline_ad1 .tdc-placeholder-title:before{content:'Article Inline Ad 2'!important}.tdb_single_content .td-spot-id-inline_ad2 .tdc-placeholder-title:before{content:' Reklama wbudowana w artyku\u0142 3'!important}.tdb_single_content .td-spot-id-bottom_ad .tdc-placeholder-title:before{content:'Article Bottom Ad'!important}.tdb_single_content .id_top_ad,.tdb_single_content .id_bottom_ad{clear:both;margin-bottom:21px;text-align:center}.tdb_single_content .id_top_ad img,.tdb_single_content .id_bottom_ad img{margin-bottom:0}.tdb_single_content .id_top_ad .adsbygoogle,.tdb_single_content .id_bottom_ad .adsbygoogle{position:relative}.tdb_single_content .id_ad_content-horiz-left,.tdb_single_content .id_ad_content-horiz-right,.tdb_single_content .id_ad_content-horiz-center{margin-bottom:15px}.tdb_single_content .id_ad_content-horiz-left img,.tdb_single_content .id_ad_content-horiz-right img,.tdb_single_content .id_ad_content-horiz-center img{margin-bottom:0}.tdb_single_content .id_ad_content-horiz-center{text-align:center}.tdb_single_content .id_ad_content-horiz-center img{margin-right:auto;margin-left:auto}.tdb_single_content .id_ad_content-horiz-left{float:left;margin-top:9px;margin-right:21px}.tdb_single_content .id_ad_content-horiz-right{float:right;margin-top:6px;margin-left:21px}.tdb_single_content .tdc-a-ad .tdc-placeholder-title{width:300px;height:250px}.tdb_single_content .tdc-a-ad .tdc-placeholder-title:before{position:absolute;top:50%;-webkit-transform:translateY(-50%);transform:translateY(-50%);margines:auto;display:table;width:100 %}.tdb_single_content .tdb-block-inner.td-fix-index{word-break:break-word}.tdi_48,.tdi_48>p,.tdi_48 .tdb-block-inner>p{font-size:16px!important;line- wysoko\u015b\u0107:1,6!wa\u017cne}.tdi_48 .tdb-block-inner blockquote p{font-style:normal!important}@media (max-width:767px){.tdb_single_content .id_ad_content-horiz-left,.tdb_single_content .id_ad_content-horiz-right,.tdb_single_content .id_ad_content-horiz-center{margin:0 automatyczny 26px auto}}@media (max-width:767px){.tdb_single_content .id_ad_content-horiz-left{margin-right:0}}@media (max-width:767px){.tdb_single_content .id_ad_content-horiz-right{margin -left:0}}@media (max-width:767px){.tdb_single_content .td-a-ad{float:none;text-align:center}.tdb_single_content .td-a-ad img{margin-right:auto;margin-left:auto}. tdb_single_content .tdc-a-ad{float:none}}<\/style>\n<div class=\"tdb-block-inner td-fix-index\">\n<p><strong>Prawo i Sprawiedliwo\u015b\u0107 (PiS) z\u0142o\u017cy\u0142o skarg\u0119 do S\u0105du Najwy\u017cszego (SN) na decyzj\u0119 Pa\u0144stwowej Komisji Wyborczej (PKW) o odrzuceniu jej sprawozdania finansowego za 2023 rok. Skarbnik PiS Henryk Kowalczyk okre\u015bli\u0142 dzia\u0142ania PKW jako \u201ebezprawne\u201d i pozbawione \u201emerytorycznych podstaw\u201d. Podkre\u015bli\u0142, \u017ce dzia\u0142alno\u015b\u0107 finansowa partii jest zgodna z przepisami prawa, a PKW nie wskazuje na nielegalne finansowanie.<\/strong><\/p>\n<h2 class=\"wp-block-heading\">Potencjalne konsekwencje finansowe<\/h2>\n<p>Odrzucenie przez PKW sprawozdania finansowego PiS mo\u017ce skutkowa\u0107 utrat\u0105 wielomilionowych dotacji pa\u0144stwowych na trzy lata. PKW kwestionowa\u0142a ju\u017c wcze\u015bniej finansowanie kampanii wyborczej PiS, ograniczaj\u0105c finansowanie partii ze \u015brodk\u00f3w publicznych i nakazuj\u0105c zwrot spornych kwot. PiS postrzega ostatnie dzia\u0142ania PKW jako przed\u0142u\u017cenie tych wyzwa\u0144 i zapewnia o zgodno\u015bci z przepisami finansowymi.<\/p>\n<p>Sp\u00f3r uwydatnia napi\u0119cia pomi\u0119dzy PKW a Nadzwyczajn\u0105 Izb\u0105 Kontroli SN, a cz\u0119\u015b\u0107 cz\u0142onk\u00f3w PKW kwestionuje legalno\u015b\u0107 jej orzecze\u0144. Kowalczyk zauwa\u017cy\u0142, \u017ce podobna sprawa dotycz\u0105ca Konfederacji w 2020 r. zosta\u0142a rozstrzygni\u0119ta na korzy\u015b\u0107 partii przez t\u0119 sam\u0105 izb\u0119, wyra\u017caj\u0105c ostro\u017cny optymizm wobec PiS.<\/p>\n<h2 class=\"wp-block-heading\">Oczekiwanie na wyrok S\u0105du Najwy\u017cszego<\/h2>\n<p>S\u0105d Najwy\u017cszy rozpatrzy wcze\u015bniejsz\u0105 skarg\u0119 PiS 11 grudnia i oczekuje na orzeczenie w ostatniej sprawie. Kowalczyk pozostaje pewny sytuacji prawnej partii, cho\u0107 przyznaje, \u017ce jej przebieg jest nieprzewidywalny w obecnej sytuacji politycznej w Polsce.<\/p>\n<\/div>\n<\/div>\n","protected":false},"excerpt":{"rendered":"<p>Prawo i Sprawiedliwo\u015b\u0107 (PiS) z\u0142o\u017cy\u0142o skarg\u0119 do S\u0105du Najwy\u017cszego (SN) na decyzj\u0119 Pa\u0144stwowej Komisji Wyborczej (PKW) o odrzuceniu jej sprawozdania<\/p>\n","protected":false},"author":1,"featured_media":2059,"comment_status":"closed","ping_status":"","sticky":false,"template":"","format":"standard","meta":{"footnotes":""},"categories":[44],"tags":[3303,3151,3302,166,164,2571,35,3304],"class_list":["post-2058","post","type-post","status-publish","format-standard","has-post-thumbnail","hentry","category-polityka","tag-decyzje","tag-finansowego","tag-kwestionuje","tag-pis","tag-pkw","tag-rok","tag-sprawie","tag-sprawozdania","generate-columns","tablet-grid-50","mobile-grid-100","grid-parent","grid-50","resize-featured-image"],"yoast_head":"<!-- This site is optimized with the Yoast SEO plugin v23.2 - https:\/\/yoast.com\/wordpress\/plugins\/seo\/ -->\n<title>PiS kwestionuje decyzj\u0119 PKW w sprawie sprawozdania finansowego za 2023 rok - POGOTOWIE FLAGOWE\u00ae<\/title>\n<meta name=\"robots\" content=\"index, follow, max-snippet:-1, max-image-preview:large, max-video-preview:-1\" \/>\n<link rel=\"canonical\" href=\"https:\/\/www.pogotowieflagowe.pl\/aktualne\/pis-kwestionuje-decyzje-pkw-w-sprawie-sprawozdania-finansowego-za-2023-rok\/\" \/>\n<meta property=\"og:locale\" content=\"pl_PL\" \/>\n<meta property=\"og:type\" content=\"article\" \/>\n<meta property=\"og:title\" content=\"PiS kwestionuje decyzj\u0119 PKW w sprawie sprawozdania finansowego za 2023 rok - POGOTOWIE FLAGOWE\u00ae\" \/>\n<meta property=\"og:description\" content=\"Prawo i Sprawiedliwo\u015b\u0107 (PiS) z\u0142o\u017cy\u0142o skarg\u0119 do S\u0105du Najwy\u017cszego (SN) na decyzj\u0119 Pa\u0144stwowej Komisji Wyborczej (PKW) o odrzuceniu jej sprawozdania\" \/>\n<meta property=\"og:url\" content=\"https:\/\/www.pogotowieflagowe.pl\/aktualne\/pis-kwestionuje-decyzje-pkw-w-sprawie-sprawozdania-finansowego-za-2023-rok\/\" \/>\n<meta property=\"og:site_name\" content=\"POGOTOWIE FLAGOWE\u00ae\" \/>\n<meta property=\"article:published_time\" content=\"2024-11-27T01:47:32+00:00\" \/>\n<meta property=\"og:image\" content=\"https:\/\/www.pogotowieflagowe.pl\/aktualne\/wp-content\/uploads\/2024\/11\/PiS-kwestionuje-decyzje-PKW-w-sprawie-sprawozdania-finansowego-za-2023.jpg\" \/>\n\t<meta property=\"og:image:width\" content=\"750\" \/>\n\t<meta property=\"og:image:height\" content=\"425\" \/>\n\t<meta property=\"og:image:type\" content=\"image\/jpeg\" \/>\n<meta name=\"author\" content=\"Filip\" \/>\n<meta name=\"twitter:card\" content=\"summary_large_image\" \/>\n<meta name=\"twitter:label1\" content=\"Napisane przez\" \/>\n\t<meta name=\"twitter:data1\" content=\"Filip\" \/>\n\t<meta name=\"twitter:label2\" content=\"Szacowany czas czytania\" \/>\n\t<meta name=\"twitter:data2\" content=\"1 minuta\" \/>\n<script type=\"application\/ld+json\" class=\"yoast-schema-graph\">{\"@context\":\"https:\/\/schema.org\",\"@graph\":[{\"@type\":\"Article\",\"@id\":\"https:\/\/www.pogotowieflagowe.pl\/aktualne\/pis-kwestionuje-decyzje-pkw-w-sprawie-sprawozdania-finansowego-za-2023-rok\/#article\",\"isPartOf\":{\"@id\":\"https:\/\/www.pogotowieflagowe.pl\/aktualne\/pis-kwestionuje-decyzje-pkw-w-sprawie-sprawozdania-finansowego-za-2023-rok\/\"},\"author\":{\"name\":\"Filip\",\"@id\":\"https:\/\/www.pogotowieflagowe.pl\/aktualne\/#\/schema\/person\/9c2fb7d2362ebf6fa088960d7f0d27b0\"},\"headline\":\"PiS kwestionuje decyzj\u0119 PKW w sprawie sprawozdania finansowego za 2023 rok\",\"datePublished\":\"2024-11-27T01:47:32+00:00\",\"dateModified\":\"2024-11-27T01:47:32+00:00\",\"mainEntityOfPage\":{\"@id\":\"https:\/\/www.pogotowieflagowe.pl\/aktualne\/pis-kwestionuje-decyzje-pkw-w-sprawie-sprawozdania-finansowego-za-2023-rok\/\"},\"wordCount\":233,\"publisher\":{\"@id\":\"https:\/\/www.pogotowieflagowe.pl\/aktualne\/#organization\"},\"image\":{\"@id\":\"https:\/\/www.pogotowieflagowe.pl\/aktualne\/pis-kwestionuje-decyzje-pkw-w-sprawie-sprawozdania-finansowego-za-2023-rok\/#primaryimage\"},\"thumbnailUrl\":\"https:\/\/www.pogotowieflagowe.pl\/aktualne\/wp-content\/uploads\/2024\/11\/PiS-kwestionuje-decyzje-PKW-w-sprawie-sprawozdania-finansowego-za-2023.jpg\",\"keywords\":[\"decyzj\u0119\",\"finansowego\",\"kwestionuje\",\"PiS\",\"PKW\",\"rok\",\"sprawie\",\"sprawozdania\"],\"articleSection\":[\"Polityka\"],\"inLanguage\":\"pl-PL\"},{\"@type\":\"WebPage\",\"@id\":\"https:\/\/www.pogotowieflagowe.pl\/aktualne\/pis-kwestionuje-decyzje-pkw-w-sprawie-sprawozdania-finansowego-za-2023-rok\/\",\"url\":\"https:\/\/www.pogotowieflagowe.pl\/aktualne\/pis-kwestionuje-decyzje-pkw-w-sprawie-sprawozdania-finansowego-za-2023-rok\/\",\"name\":\"PiS kwestionuje decyzj\u0119 PKW w sprawie sprawozdania finansowego za 2023 rok - POGOTOWIE FLAGOWE\u00ae\",\"isPartOf\":{\"@id\":\"https:\/\/www.pogotowieflagowe.pl\/aktualne\/#website\"},\"primaryImageOfPage\":{\"@id\":\"https:\/\/www.pogotowieflagowe.pl\/aktualne\/pis-kwestionuje-decyzje-pkw-w-sprawie-sprawozdania-finansowego-za-2023-rok\/#primaryimage\"},\"image\":{\"@id\":\"https:\/\/www.pogotowieflagowe.pl\/aktualne\/pis-kwestionuje-decyzje-pkw-w-sprawie-sprawozdania-finansowego-za-2023-rok\/#primaryimage\"},\"thumbnailUrl\":\"https:\/\/www.pogotowieflagowe.pl\/aktualne\/wp-content\/uploads\/2024\/11\/PiS-kwestionuje-decyzje-PKW-w-sprawie-sprawozdania-finansowego-za-2023.jpg\",\"datePublished\":\"2024-11-27T01:47:32+00:00\",\"dateModified\":\"2024-11-27T01:47:32+00:00\",\"breadcrumb\":{\"@id\":\"https:\/\/www.pogotowieflagowe.pl\/aktualne\/pis-kwestionuje-decyzje-pkw-w-sprawie-sprawozdania-finansowego-za-2023-rok\/#breadcrumb\"},\"inLanguage\":\"pl-PL\",\"potentialAction\":[{\"@type\":\"ReadAction\",\"target\":[\"https:\/\/www.pogotowieflagowe.pl\/aktualne\/pis-kwestionuje-decyzje-pkw-w-sprawie-sprawozdania-finansowego-za-2023-rok\/\"]}]},{\"@type\":\"ImageObject\",\"inLanguage\":\"pl-PL\",\"@id\":\"https:\/\/www.pogotowieflagowe.pl\/aktualne\/pis-kwestionuje-decyzje-pkw-w-sprawie-sprawozdania-finansowego-za-2023-rok\/#primaryimage\",\"url\":\"https:\/\/www.pogotowieflagowe.pl\/aktualne\/wp-content\/uploads\/2024\/11\/PiS-kwestionuje-decyzje-PKW-w-sprawie-sprawozdania-finansowego-za-2023.jpg\",\"contentUrl\":\"https:\/\/www.pogotowieflagowe.pl\/aktualne\/wp-content\/uploads\/2024\/11\/PiS-kwestionuje-decyzje-PKW-w-sprawie-sprawozdania-finansowego-za-2023.jpg\",\"width\":750,\"height\":425,\"caption\":\"PiS kwestionuje decyzj\u0119 PKW w sprawie sprawozdania finansowego za 2023 rok\"},{\"@type\":\"BreadcrumbList\",\"@id\":\"https:\/\/www.pogotowieflagowe.pl\/aktualne\/pis-kwestionuje-decyzje-pkw-w-sprawie-sprawozdania-finansowego-za-2023-rok\/#breadcrumb\",\"itemListElement\":[{\"@type\":\"ListItem\",\"position\":1,\"name\":\"Home\",\"item\":\"https:\/\/www.pogotowieflagowe.pl\/aktualne\/\"},{\"@type\":\"ListItem\",\"position\":2,\"name\":\"PiS kwestionuje decyzj\u0119 PKW w sprawie sprawozdania finansowego za 2023 rok\"}]},{\"@type\":\"WebSite\",\"@id\":\"https:\/\/www.pogotowieflagowe.pl\/aktualne\/#website\",\"url\":\"https:\/\/www.pogotowieflagowe.pl\/aktualne\/\",\"name\":\"POGOTOWIE FLAGOWE\u00ae\",\"description\":\"\",\"publisher\":{\"@id\":\"https:\/\/www.pogotowieflagowe.pl\/aktualne\/#organization\"},\"potentialAction\":[{\"@type\":\"SearchAction\",\"target\":{\"@type\":\"EntryPoint\",\"urlTemplate\":\"https:\/\/www.pogotowieflagowe.pl\/aktualne\/?s={search_term_string}\"},\"query-input\":\"required name=search_term_string\"}],\"inLanguage\":\"pl-PL\"},{\"@type\":\"Organization\",\"@id\":\"https:\/\/www.pogotowieflagowe.pl\/aktualne\/#organization\",\"name\":\"POGOTOWIE FLAGOWE\u00ae\",\"url\":\"https:\/\/www.pogotowieflagowe.pl\/aktualne\/\",\"logo\":{\"@type\":\"ImageObject\",\"inLanguage\":\"pl-PL\",\"@id\":\"https:\/\/www.pogotowieflagowe.pl\/aktualne\/#\/schema\/logo\/image\/\",\"url\":\"https:\/\/www.pogotowieflagowe.pl\/aktualne\/wp-content\/uploads\/2024\/08\/cropped-pogotowieflagowe_flaga_projekt_sm.jpg\",\"contentUrl\":\"https:\/\/www.pogotowieflagowe.pl\/aktualne\/wp-content\/uploads\/2024\/08\/cropped-pogotowieflagowe_flaga_projekt_sm.jpg\",\"width\":250,\"height\":143,\"caption\":\"POGOTOWIE FLAGOWE\u00ae\"},\"image\":{\"@id\":\"https:\/\/www.pogotowieflagowe.pl\/aktualne\/#\/schema\/logo\/image\/\"}},{\"@type\":\"Person\",\"@id\":\"https:\/\/www.pogotowieflagowe.pl\/aktualne\/#\/schema\/person\/9c2fb7d2362ebf6fa088960d7f0d27b0\",\"name\":\"Filip\",\"image\":{\"@type\":\"ImageObject\",\"inLanguage\":\"pl-PL\",\"@id\":\"https:\/\/www.pogotowieflagowe.pl\/aktualne\/#\/schema\/person\/image\/\",\"url\":\"https:\/\/www.pogotowieflagowe.pl\/aktualne\/wp-content\/uploads\/2024\/08\/pogotowieflagowe.pl_.jpg\",\"contentUrl\":\"https:\/\/www.pogotowieflagowe.pl\/aktualne\/wp-content\/uploads\/2024\/08\/pogotowieflagowe.pl_.jpg\",\"caption\":\"Filip\"},\"description\":\"Jestem Filip, polski dziennikarz z dyplomem nauk politycznych Uniwersytetu Warszawskiego. Rozpoczynaj\u0105c swoj\u0105 karier\u0119 w r\u00f3\u017cnych lokalnych mediach, zdoby\u0142em solidne do\u015bwiadczenie w zakresie \u015bledztwa i redakcji. Obecnie jako redaktor w Pogotowie flagowe, staram si\u0119 dostarcza\u0107 dog\u0142\u0119bne i istotne analizy na temat najwa\u017cniejszych kwestii aktualno\u015bci, \u0142\u0105cz\u0105c rygor z pasj\u0105 dziennikarsk\u0105.\",\"sameAs\":[\"https:\/\/www.pogotowieflagowe.pl\/\"]}]}<\/script>\n<!-- \/ Yoast SEO plugin. -->","yoast_head_json":{"title":"PiS kwestionuje decyzj\u0119 PKW w sprawie sprawozdania finansowego za 2023 rok - POGOTOWIE FLAGOWE\u00ae","robots":{"index":"index","follow":"follow","max-snippet":"max-snippet:-1","max-image-preview":"max-image-preview:large","max-video-preview":"max-video-preview:-1"},"canonical":"https:\/\/www.pogotowieflagowe.pl\/aktualne\/pis-kwestionuje-decyzje-pkw-w-sprawie-sprawozdania-finansowego-za-2023-rok\/","og_locale":"pl_PL","og_type":"article","og_title":"PiS kwestionuje decyzj\u0119 PKW w sprawie sprawozdania finansowego za 2023 rok - POGOTOWIE FLAGOWE\u00ae","og_description":"Prawo i Sprawiedliwo\u015b\u0107 (PiS) z\u0142o\u017cy\u0142o skarg\u0119 do S\u0105du Najwy\u017cszego (SN) na decyzj\u0119 Pa\u0144stwowej Komisji Wyborczej (PKW) o odrzuceniu jej sprawozdania","og_url":"https:\/\/www.pogotowieflagowe.pl\/aktualne\/pis-kwestionuje-decyzje-pkw-w-sprawie-sprawozdania-finansowego-za-2023-rok\/","og_site_name":"POGOTOWIE FLAGOWE\u00ae","article_published_time":"2024-11-27T01:47:32+00:00","og_image":[{"width":750,"height":425,"url":"https:\/\/www.pogotowieflagowe.pl\/aktualne\/wp-content\/uploads\/2024\/11\/PiS-kwestionuje-decyzje-PKW-w-sprawie-sprawozdania-finansowego-za-2023.jpg","type":"image\/jpeg"}],"author":"Filip","twitter_card":"summary_large_image","twitter_misc":{"Napisane przez":"Filip","Szacowany czas czytania":"1 minuta"},"schema":{"@context":"https:\/\/schema.org","@graph":[{"@type":"Article","@id":"https:\/\/www.pogotowieflagowe.pl\/aktualne\/pis-kwestionuje-decyzje-pkw-w-sprawie-sprawozdania-finansowego-za-2023-rok\/#article","isPartOf":{"@id":"https:\/\/www.pogotowieflagowe.pl\/aktualne\/pis-kwestionuje-decyzje-pkw-w-sprawie-sprawozdania-finansowego-za-2023-rok\/"},"author":{"name":"Filip","@id":"https:\/\/www.pogotowieflagowe.pl\/aktualne\/#\/schema\/person\/9c2fb7d2362ebf6fa088960d7f0d27b0"},"headline":"PiS kwestionuje decyzj\u0119 PKW w sprawie sprawozdania finansowego za 2023 rok","datePublished":"2024-11-27T01:47:32+00:00","dateModified":"2024-11-27T01:47:32+00:00","mainEntityOfPage":{"@id":"https:\/\/www.pogotowieflagowe.pl\/aktualne\/pis-kwestionuje-decyzje-pkw-w-sprawie-sprawozdania-finansowego-za-2023-rok\/"},"wordCount":233,"publisher":{"@id":"https:\/\/www.pogotowieflagowe.pl\/aktualne\/#organization"},"image":{"@id":"https:\/\/www.pogotowieflagowe.pl\/aktualne\/pis-kwestionuje-decyzje-pkw-w-sprawie-sprawozdania-finansowego-za-2023-rok\/#primaryimage"},"thumbnailUrl":"https:\/\/www.pogotowieflagowe.pl\/aktualne\/wp-content\/uploads\/2024\/11\/PiS-kwestionuje-decyzje-PKW-w-sprawie-sprawozdania-finansowego-za-2023.jpg","keywords":["decyzj\u0119","finansowego","kwestionuje","PiS","PKW","rok","sprawie","sprawozdania"],"articleSection":["Polityka"],"inLanguage":"pl-PL"},{"@type":"WebPage","@id":"https:\/\/www.pogotowieflagowe.pl\/aktualne\/pis-kwestionuje-decyzje-pkw-w-sprawie-sprawozdania-finansowego-za-2023-rok\/","url":"https:\/\/www.pogotowieflagowe.pl\/aktualne\/pis-kwestionuje-decyzje-pkw-w-sprawie-sprawozdania-finansowego-za-2023-rok\/","name":"PiS kwestionuje decyzj\u0119 PKW w sprawie sprawozdania finansowego za 2023 rok - POGOTOWIE FLAGOWE\u00ae","isPartOf":{"@id":"https:\/\/www.pogotowieflagowe.pl\/aktualne\/#website"},"primaryImageOfPage":{"@id":"https:\/\/www.pogotowieflagowe.pl\/aktualne\/pis-kwestionuje-decyzje-pkw-w-sprawie-sprawozdania-finansowego-za-2023-rok\/#primaryimage"},"image":{"@id":"https:\/\/www.pogotowieflagowe.pl\/aktualne\/pis-kwestionuje-decyzje-pkw-w-sprawie-sprawozdania-finansowego-za-2023-rok\/#primaryimage"},"thumbnailUrl":"https:\/\/www.pogotowieflagowe.pl\/aktualne\/wp-content\/uploads\/2024\/11\/PiS-kwestionuje-decyzje-PKW-w-sprawie-sprawozdania-finansowego-za-2023.jpg","datePublished":"2024-11-27T01:47:32+00:00","dateModified":"2024-11-27T01:47:32+00:00","breadcrumb":{"@id":"https:\/\/www.pogotowieflagowe.pl\/aktualne\/pis-kwestionuje-decyzje-pkw-w-sprawie-sprawozdania-finansowego-za-2023-rok\/#breadcrumb"},"inLanguage":"pl-PL","potentialAction":[{"@type":"ReadAction","target":["https:\/\/www.pogotowieflagowe.pl\/aktualne\/pis-kwestionuje-decyzje-pkw-w-sprawie-sprawozdania-finansowego-za-2023-rok\/"]}]},{"@type":"ImageObject","inLanguage":"pl-PL","@id":"https:\/\/www.pogotowieflagowe.pl\/aktualne\/pis-kwestionuje-decyzje-pkw-w-sprawie-sprawozdania-finansowego-za-2023-rok\/#primaryimage","url":"https:\/\/www.pogotowieflagowe.pl\/aktualne\/wp-content\/uploads\/2024\/11\/PiS-kwestionuje-decyzje-PKW-w-sprawie-sprawozdania-finansowego-za-2023.jpg","contentUrl":"https:\/\/www.pogotowieflagowe.pl\/aktualne\/wp-content\/uploads\/2024\/11\/PiS-kwestionuje-decyzje-PKW-w-sprawie-sprawozdania-finansowego-za-2023.jpg","width":750,"height":425,"caption":"PiS kwestionuje decyzj\u0119 PKW w sprawie sprawozdania finansowego za 2023 rok"},{"@type":"BreadcrumbList","@id":"https:\/\/www.pogotowieflagowe.pl\/aktualne\/pis-kwestionuje-decyzje-pkw-w-sprawie-sprawozdania-finansowego-za-2023-rok\/#breadcrumb","itemListElement":[{"@type":"ListItem","position":1,"name":"Home","item":"https:\/\/www.pogotowieflagowe.pl\/aktualne\/"},{"@type":"ListItem","position":2,"name":"PiS kwestionuje decyzj\u0119 PKW w sprawie sprawozdania finansowego za 2023 rok"}]},{"@type":"WebSite","@id":"https:\/\/www.pogotowieflagowe.pl\/aktualne\/#website","url":"https:\/\/www.pogotowieflagowe.pl\/aktualne\/","name":"POGOTOWIE FLAGOWE\u00ae","description":"","publisher":{"@id":"https:\/\/www.pogotowieflagowe.pl\/aktualne\/#organization"},"potentialAction":[{"@type":"SearchAction","target":{"@type":"EntryPoint","urlTemplate":"https:\/\/www.pogotowieflagowe.pl\/aktualne\/?s={search_term_string}"},"query-input":"required name=search_term_string"}],"inLanguage":"pl-PL"},{"@type":"Organization","@id":"https:\/\/www.pogotowieflagowe.pl\/aktualne\/#organization","name":"POGOTOWIE FLAGOWE\u00ae","url":"https:\/\/www.pogotowieflagowe.pl\/aktualne\/","logo":{"@type":"ImageObject","inLanguage":"pl-PL","@id":"https:\/\/www.pogotowieflagowe.pl\/aktualne\/#\/schema\/logo\/image\/","url":"https:\/\/www.pogotowieflagowe.pl\/aktualne\/wp-content\/uploads\/2024\/08\/cropped-pogotowieflagowe_flaga_projekt_sm.jpg","contentUrl":"https:\/\/www.pogotowieflagowe.pl\/aktualne\/wp-content\/uploads\/2024\/08\/cropped-pogotowieflagowe_flaga_projekt_sm.jpg","width":250,"height":143,"caption":"POGOTOWIE FLAGOWE\u00ae"},"image":{"@id":"https:\/\/www.pogotowieflagowe.pl\/aktualne\/#\/schema\/logo\/image\/"}},{"@type":"Person","@id":"https:\/\/www.pogotowieflagowe.pl\/aktualne\/#\/schema\/person\/9c2fb7d2362ebf6fa088960d7f0d27b0","name":"Filip","image":{"@type":"ImageObject","inLanguage":"pl-PL","@id":"https:\/\/www.pogotowieflagowe.pl\/aktualne\/#\/schema\/person\/image\/","url":"https:\/\/www.pogotowieflagowe.pl\/aktualne\/wp-content\/uploads\/2024\/08\/pogotowieflagowe.pl_.jpg","contentUrl":"https:\/\/www.pogotowieflagowe.pl\/aktualne\/wp-content\/uploads\/2024\/08\/pogotowieflagowe.pl_.jpg","caption":"Filip"},"description":"Jestem Filip, polski dziennikarz z dyplomem nauk politycznych Uniwersytetu Warszawskiego. Rozpoczynaj\u0105c swoj\u0105 karier\u0119 w r\u00f3\u017cnych lokalnych mediach, zdoby\u0142em solidne do\u015bwiadczenie w zakresie \u015bledztwa i redakcji. Obecnie jako redaktor w Pogotowie flagowe, staram si\u0119 dostarcza\u0107 dog\u0142\u0119bne i istotne analizy na temat najwa\u017cniejszych kwestii aktualno\u015bci, \u0142\u0105cz\u0105c rygor z pasj\u0105 dziennikarsk\u0105.","sameAs":["https:\/\/www.pogotowieflagowe.pl\/"]}]}},"_links":{"self":[{"href":"https:\/\/www.pogotowieflagowe.pl\/aktualne\/wp-json\/wp\/v2\/posts\/2058","targetHints":{"allow":["GET"]}}],"collection":[{"href":"https:\/\/www.pogotowieflagowe.pl\/aktualne\/wp-json\/wp\/v2\/posts"}],"about":[{"href":"https:\/\/www.pogotowieflagowe.pl\/aktualne\/wp-json\/wp\/v2\/types\/post"}],"author":[{"embeddable":true,"href":"https:\/\/www.pogotowieflagowe.pl\/aktualne\/wp-json\/wp\/v2\/users\/1"}],"replies":[{"embeddable":true,"href":"https:\/\/www.pogotowieflagowe.pl\/aktualne\/wp-json\/wp\/v2\/comments?post=2058"}],"version-history":[{"count":1,"href":"https:\/\/www.pogotowieflagowe.pl\/aktualne\/wp-json\/wp\/v2\/posts\/2058\/revisions"}],"predecessor-version":[{"id":2060,"href":"https:\/\/www.pogotowieflagowe.pl\/aktualne\/wp-json\/wp\/v2\/posts\/2058\/revisions\/2060"}],"wp:featuredmedia":[{"embeddable":true,"href":"https:\/\/www.pogotowieflagowe.pl\/aktualne\/wp-json\/wp\/v2\/media\/2059"}],"wp:attachment":[{"href":"https:\/\/www.pogotowieflagowe.pl\/aktualne\/wp-json\/wp\/v2\/media?parent=2058"}],"wp:term":[{"taxonomy":"category","embeddable":true,"href":"https:\/\/www.pogotowieflagowe.pl\/aktualne\/wp-json\/wp\/v2\/categories?post=2058"},{"taxonomy":"post_tag","embeddable":true,"href":"https:\/\/www.pogotowieflagowe.pl\/aktualne\/wp-json\/wp\/v2\/tags?post=2058"}],"curies":[{"name":"wp","href":"https:\/\/api.w.org\/{rel}","templated":true}]}}