{"id":2072,"date":"2024-11-27T22:50:27","date_gmt":"2024-11-27T21:50:27","guid":{"rendered":"https:\/\/www.pogotowieflagowe.pl\/aktualne\/wigilia-uznana-w-polsce-za-swieto-panstwowe-zmiany-obowiazuja-od-przyszlego-roku\/"},"modified":"2024-11-27T22:50:31","modified_gmt":"2024-11-27T21:50:31","slug":"wigilia-uznana-w-polsce-za-swieto-panstwowe-zmiany-obowiazuja-od-przyszlego-roku","status":"publish","type":"post","link":"https:\/\/www.pogotowieflagowe.pl\/aktualne\/wigilia-uznana-w-polsce-za-swieto-panstwowe-zmiany-obowiazuja-od-przyszlego-roku\/","title":{"rendered":"Wigilia uznana w Polsce za \u015bwi\u0119to pa\u0144stwowe: zmiany obowi\u0105zuj\u0105 od przysz\u0142ego roku"},"content":{"rendered":"\n<div class=\"td_block_wrap tdb_single_content tdi_48 td-pb-border-top td_block_template_8 td-post-content tagdiv-type\" data-td-block-uid=\"tdi_48\">\n<style>.tdi_48{margines-g\u00f3rny:0px!important;margin-bottom:0px!important;dope\u0142nienie-g\u00f3ra:0px!important;dope\u0142nienie-d\u00f3\u0142:0px!important}<\/style>\n<style>.tdb_single_content{margin-bottom:0;*zoom:1}.tdb_single_content:before,.tdb_single_content:after{display:table;content:'';line-height:0}.tdb_single_content:after{clear:both}.tdb_single_content .tdb-block-inner>*:not(.wp-block-quote):not(.alignwide):not(.alignfull.wp-block-cover.has-parallax):not(.td-a-ad) {margin-left:auto;margin-right:auto}.tdb_single_content a{pointer-events:auto}.tdb_single_content .td-spot-id-top_ad .tdc-placeholder-title:before{content:'Article Top Ad'!important}.tdb_single_content .td-spot-id-inline_ad0 .tdc-placeholder-title:before{content:'Article Reklama wbudowana 1'!important}.tdb_single_content .td-spot-id-inline_ad1 .tdc-placeholder-title:before{content:'Article Inline Ad 2'!important}.tdb_single_content .td-spot-id-inline_ad2 .tdc-placeholder-title:before{content:' Reklama wbudowana w artyku\u0142 3'!important}.tdb_single_content .td-spot-id-bottom_ad .tdc-placeholder-title:before{content:'Article Bottom Ad'!important}.tdb_single_content .id_top_ad,.tdb_single_content .id_bottom_ad{clear:both;margin-bottom:21px;text-align:center}.tdb_single_content .id_top_ad img,.tdb_single_content .id_bottom_ad img{margin-bottom:0}.tdb_single_content .id_top_ad .adsbygoogle,.tdb_single_content .id_bottom_ad .adsbygoogle{position:relative}.tdb_single_content .id_ad_content-horiz-left,.tdb_single_content .id_ad_content-horiz-right,.tdb_single_content .id_ad_content-horiz-center{margin-bottom:15px}.tdb_single_content .id_ad_content-horiz-left img,.tdb_single_content .id_ad_content-horiz-right img,.tdb_single_content .id_ad_content-horiz-center img{margin-bottom:0}.tdb_single_content .id_ad_content-horiz-center{text-align:center}.tdb_single_content .id_ad_content-horiz-center img{margin-right:auto;margin-left:auto}.tdb_single_content .id_ad_content-horiz-left{float:left;margin-top:9px;margin-right:21px}.tdb_single_content .id_ad_content-horiz-right{float:right;margin-top:6px;margin-left:21px}.tdb_single_content .tdc-a-ad .tdc-placeholder-title{width:300px;height:250px}.tdb_single_content .tdc-a-ad .tdc-placeholder-title:before{position:absolute;top:50%;-webkit-transform:translateY(-50%);transform:translateY(-50%);margines:auto;display:table;width:100 %}.tdb_single_content .tdb-block-inner.td-fix-index{word-break:break-word}.tdi_48,.tdi_48>p,.tdi_48 .tdb-block-inner>p{font-size:16px!important;line- wysoko\u015b\u0107:1,6!wa\u017cne}.tdi_48 .tdb-block-inner blockquote p{font-style:normal!important}@media (max-width:767px){.tdb_single_content .id_ad_content-horiz-left,.tdb_single_content .id_ad_content-horiz-right,.tdb_single_content .id_ad_content-horiz-center{margin:0 automatyczny 26px auto}}@media (max-width:767px){.tdb_single_content .id_ad_content-horiz-left{margin-right:0}}@media (max-width:767px){.tdb_single_content .id_ad_content-horiz-right{margin -left:0}}@media (max-width:767px){.tdb_single_content .td-a-ad{float:none;text-align:center}.tdb_single_content .td-a-ad img{margin-right:auto;margin-left:auto}. tdb_single_content .tdc-a-ad{float:none}}<\/style>\n<div class=\"tdb-block-inner td-fix-index\">\n<p>Polski Sejm przyj\u0105\u0142 nowelizacj\u0119 ustawy o \u015bwi\u0119tach, oficjalnie wyznaczaj\u0105c\u0105 Wigili\u0119 (24 grudnia) dniem wolnym od pracy. Nowe regulacje, zatwierdzone przyt\u0142aczaj\u0105cym poparciem \u2013 403 g\u0142osami za, przy 10 g\u0142osach przeciw i 12 wstrzymuj\u0105cych si\u0119 \u2013 zaczn\u0105 obowi\u0105zywa\u0107 od przysz\u0142ego roku.<\/p>\n<p>Dodatkowo nowelizacja wprowadza zapis, \u017ce od 2025 r. za dni handlowe b\u0119d\u0105 wyznaczane trzy niedziele poprzedzaj\u0105ce Wigili\u0119. Zmiana ta, zaproponowana w celu uwzgl\u0119dnienia sezonu zakup\u00f3w \u015bwi\u0105tecznych, wywo\u0142a\u0142a powa\u017cn\u0105 debat\u0119 w\u015br\u00f3d prawodawc\u00f3w.<\/p>\n<p>Nowelizacja, pierwotnie zaproponowana przez Lewic\u0119, na pocz\u0105tku tygodnia uzyska\u0142a pozytywne rekomendacje od po\u0142\u0105czonych komisji parlamentarnych. W trakcie obrad wprowadzono kolejne korekty, m.in. propozycj\u0119 Platformy Obywatelskiej (KO), aby przesun\u0105\u0107 wprowadzenie zmian do lutego 2025 r. Trzecie czytanie przyspieszy\u0142o jednak ten proces, umo\u017cliwiaj\u0105c Sejmowi sfinalizowanie decyzji bez konieczno\u015bci zwracania projektu ustawy do Sejmu. recenzja komisji.<\/p>\n<p>Kontrowersje wok\u00f3\u0142 przepisu dopuszczaj\u0105cego dodatkowe niedziele handlowe, sprzeciw wyrazi\u0142 pose\u0142 PiS Jan Mosi\u0144ski. Skrytykowa\u0142 nowelizacj\u0119, twierdz\u0105c, \u017ce podwa\u017ca ona warto\u015bci rodzinne i polskie tradycje. Pomimo zastrze\u017ce\u0144 PiS og\u0142osi\u0142 plany zaproponowania kolejnych poprawek.<\/p>\n<p>Nowe przepisy stanowi\u0105 znacz\u0105c\u0105 zmian\u0119 w podej\u015bciu Polski do przepis\u00f3w dotycz\u0105cych obchodzenia \u015bwi\u0105t i handlu detalicznego, r\u00f3wnowa\u017c\u0105c prawa pracownik\u00f3w z wzgl\u0119dami ekonomicznymi w okresie \u015bwi\u0105tecznym.<\/p>\n<\/div>\n<\/div>\n","protected":false},"excerpt":{"rendered":"<p>Polski Sejm przyj\u0105\u0142 nowelizacj\u0119 ustawy o \u015bwi\u0119tach, oficjalnie wyznaczaj\u0105c\u0105 Wigili\u0119 (24 grudnia) dniem wolnym od pracy. Nowe regulacje, zatwierdzone przyt\u0142aczaj\u0105cym<\/p>\n","protected":false},"author":1,"featured_media":2073,"comment_status":"closed","ping_status":"","sticky":false,"template":"","format":"standard","meta":{"footnotes":""},"categories":[44],"tags":[3322,3321,60,3323,1599,127,3320,3319,1726],"class_list":["post-2072","post","type-post","status-publish","format-standard","has-post-thumbnail","hentry","category-polityka","tag-obowiazuja","tag-panstwowe","tag-polsce","tag-przyszlego","tag-roku","tag-swieto","tag-uznana","tag-wigilia","tag-zmiany","generate-columns","tablet-grid-50","mobile-grid-100","grid-parent","grid-50","resize-featured-image"],"yoast_head":"<!-- This site is optimized with the Yoast SEO plugin v23.2 - https:\/\/yoast.com\/wordpress\/plugins\/seo\/ -->\n<title>Wigilia uznana w Polsce za \u015bwi\u0119to pa\u0144stwowe: zmiany obowi\u0105zuj\u0105 od przysz\u0142ego roku - POGOTOWIE FLAGOWE\u00ae<\/title>\n<meta name=\"robots\" content=\"index, follow, max-snippet:-1, max-image-preview:large, max-video-preview:-1\" \/>\n<link rel=\"canonical\" href=\"https:\/\/www.pogotowieflagowe.pl\/aktualne\/wigilia-uznana-w-polsce-za-swieto-panstwowe-zmiany-obowiazuja-od-przyszlego-roku\/\" \/>\n<meta property=\"og:locale\" content=\"pl_PL\" \/>\n<meta property=\"og:type\" content=\"article\" \/>\n<meta property=\"og:title\" content=\"Wigilia uznana w Polsce za \u015bwi\u0119to pa\u0144stwowe: zmiany obowi\u0105zuj\u0105 od przysz\u0142ego roku - POGOTOWIE FLAGOWE\u00ae\" \/>\n<meta property=\"og:description\" content=\"Polski Sejm przyj\u0105\u0142 nowelizacj\u0119 ustawy o \u015bwi\u0119tach, oficjalnie wyznaczaj\u0105c\u0105 Wigili\u0119 (24 grudnia) dniem wolnym od pracy. Nowe regulacje, zatwierdzone przyt\u0142aczaj\u0105cym\" \/>\n<meta property=\"og:url\" content=\"https:\/\/www.pogotowieflagowe.pl\/aktualne\/wigilia-uznana-w-polsce-za-swieto-panstwowe-zmiany-obowiazuja-od-przyszlego-roku\/\" \/>\n<meta property=\"og:site_name\" content=\"POGOTOWIE FLAGOWE\u00ae\" \/>\n<meta property=\"article:published_time\" content=\"2024-11-27T21:50:27+00:00\" \/>\n<meta property=\"article:modified_time\" content=\"2024-11-27T21:50:31+00:00\" \/>\n<meta property=\"og:image\" content=\"https:\/\/www.pogotowieflagowe.pl\/aktualne\/wp-content\/uploads\/2024\/11\/Wigilia-uznana-w-Polsce-za-swieto-panstwowe-zmiany-obowiazuja-od.jpg\" \/>\n\t<meta property=\"og:image:width\" content=\"1920\" \/>\n\t<meta property=\"og:image:height\" content=\"1280\" \/>\n\t<meta property=\"og:image:type\" content=\"image\/jpeg\" \/>\n<meta name=\"author\" content=\"Filip\" \/>\n<meta name=\"twitter:card\" content=\"summary_large_image\" \/>\n<meta name=\"twitter:label1\" content=\"Napisane przez\" \/>\n\t<meta name=\"twitter:data1\" content=\"Filip\" \/>\n\t<meta name=\"twitter:label2\" content=\"Szacowany czas czytania\" \/>\n\t<meta name=\"twitter:data2\" content=\"1 minuta\" \/>\n<script type=\"application\/ld+json\" class=\"yoast-schema-graph\">{\"@context\":\"https:\/\/schema.org\",\"@graph\":[{\"@type\":\"Article\",\"@id\":\"https:\/\/www.pogotowieflagowe.pl\/aktualne\/wigilia-uznana-w-polsce-za-swieto-panstwowe-zmiany-obowiazuja-od-przyszlego-roku\/#article\",\"isPartOf\":{\"@id\":\"https:\/\/www.pogotowieflagowe.pl\/aktualne\/wigilia-uznana-w-polsce-za-swieto-panstwowe-zmiany-obowiazuja-od-przyszlego-roku\/\"},\"author\":{\"name\":\"Filip\",\"@id\":\"https:\/\/www.pogotowieflagowe.pl\/aktualne\/#\/schema\/person\/9c2fb7d2362ebf6fa088960d7f0d27b0\"},\"headline\":\"Wigilia uznana w Polsce za \u015bwi\u0119to pa\u0144stwowe: zmiany obowi\u0105zuj\u0105 od przysz\u0142ego roku\",\"datePublished\":\"2024-11-27T21:50:27+00:00\",\"dateModified\":\"2024-11-27T21:50:31+00:00\",\"mainEntityOfPage\":{\"@id\":\"https:\/\/www.pogotowieflagowe.pl\/aktualne\/wigilia-uznana-w-polsce-za-swieto-panstwowe-zmiany-obowiazuja-od-przyszlego-roku\/\"},\"wordCount\":233,\"publisher\":{\"@id\":\"https:\/\/www.pogotowieflagowe.pl\/aktualne\/#organization\"},\"image\":{\"@id\":\"https:\/\/www.pogotowieflagowe.pl\/aktualne\/wigilia-uznana-w-polsce-za-swieto-panstwowe-zmiany-obowiazuja-od-przyszlego-roku\/#primaryimage\"},\"thumbnailUrl\":\"https:\/\/www.pogotowieflagowe.pl\/aktualne\/wp-content\/uploads\/2024\/11\/Wigilia-uznana-w-Polsce-za-swieto-panstwowe-zmiany-obowiazuja-od.jpg\",\"keywords\":[\"obowi\u0105zuj\u0105\",\"pa\u0144stwowe\",\"Polsce\",\"przysz\u0142ego\",\"roku\",\"\u015awi\u0119to\",\"uznana\",\"Wigilia\",\"zmiany\"],\"articleSection\":[\"Polityka\"],\"inLanguage\":\"pl-PL\"},{\"@type\":\"WebPage\",\"@id\":\"https:\/\/www.pogotowieflagowe.pl\/aktualne\/wigilia-uznana-w-polsce-za-swieto-panstwowe-zmiany-obowiazuja-od-przyszlego-roku\/\",\"url\":\"https:\/\/www.pogotowieflagowe.pl\/aktualne\/wigilia-uznana-w-polsce-za-swieto-panstwowe-zmiany-obowiazuja-od-przyszlego-roku\/\",\"name\":\"Wigilia uznana w Polsce za \u015bwi\u0119to pa\u0144stwowe: zmiany obowi\u0105zuj\u0105 od przysz\u0142ego roku - POGOTOWIE FLAGOWE\u00ae\",\"isPartOf\":{\"@id\":\"https:\/\/www.pogotowieflagowe.pl\/aktualne\/#website\"},\"primaryImageOfPage\":{\"@id\":\"https:\/\/www.pogotowieflagowe.pl\/aktualne\/wigilia-uznana-w-polsce-za-swieto-panstwowe-zmiany-obowiazuja-od-przyszlego-roku\/#primaryimage\"},\"image\":{\"@id\":\"https:\/\/www.pogotowieflagowe.pl\/aktualne\/wigilia-uznana-w-polsce-za-swieto-panstwowe-zmiany-obowiazuja-od-przyszlego-roku\/#primaryimage\"},\"thumbnailUrl\":\"https:\/\/www.pogotowieflagowe.pl\/aktualne\/wp-content\/uploads\/2024\/11\/Wigilia-uznana-w-Polsce-za-swieto-panstwowe-zmiany-obowiazuja-od.jpg\",\"datePublished\":\"2024-11-27T21:50:27+00:00\",\"dateModified\":\"2024-11-27T21:50:31+00:00\",\"breadcrumb\":{\"@id\":\"https:\/\/www.pogotowieflagowe.pl\/aktualne\/wigilia-uznana-w-polsce-za-swieto-panstwowe-zmiany-obowiazuja-od-przyszlego-roku\/#breadcrumb\"},\"inLanguage\":\"pl-PL\",\"potentialAction\":[{\"@type\":\"ReadAction\",\"target\":[\"https:\/\/www.pogotowieflagowe.pl\/aktualne\/wigilia-uznana-w-polsce-za-swieto-panstwowe-zmiany-obowiazuja-od-przyszlego-roku\/\"]}]},{\"@type\":\"ImageObject\",\"inLanguage\":\"pl-PL\",\"@id\":\"https:\/\/www.pogotowieflagowe.pl\/aktualne\/wigilia-uznana-w-polsce-za-swieto-panstwowe-zmiany-obowiazuja-od-przyszlego-roku\/#primaryimage\",\"url\":\"https:\/\/www.pogotowieflagowe.pl\/aktualne\/wp-content\/uploads\/2024\/11\/Wigilia-uznana-w-Polsce-za-swieto-panstwowe-zmiany-obowiazuja-od.jpg\",\"contentUrl\":\"https:\/\/www.pogotowieflagowe.pl\/aktualne\/wp-content\/uploads\/2024\/11\/Wigilia-uznana-w-Polsce-za-swieto-panstwowe-zmiany-obowiazuja-od.jpg\",\"width\":1920,\"height\":1280,\"caption\":\"Wigilia uznana w Polsce za \u015bwi\u0119to pa\u0144stwowe: zmiany obowi\u0105zuj\u0105 od przysz\u0142ego roku\"},{\"@type\":\"BreadcrumbList\",\"@id\":\"https:\/\/www.pogotowieflagowe.pl\/aktualne\/wigilia-uznana-w-polsce-za-swieto-panstwowe-zmiany-obowiazuja-od-przyszlego-roku\/#breadcrumb\",\"itemListElement\":[{\"@type\":\"ListItem\",\"position\":1,\"name\":\"Home\",\"item\":\"https:\/\/www.pogotowieflagowe.pl\/aktualne\/\"},{\"@type\":\"ListItem\",\"position\":2,\"name\":\"Wigilia uznana w Polsce za \u015bwi\u0119to pa\u0144stwowe: zmiany obowi\u0105zuj\u0105 od przysz\u0142ego roku\"}]},{\"@type\":\"WebSite\",\"@id\":\"https:\/\/www.pogotowieflagowe.pl\/aktualne\/#website\",\"url\":\"https:\/\/www.pogotowieflagowe.pl\/aktualne\/\",\"name\":\"POGOTOWIE FLAGOWE\u00ae\",\"description\":\"\",\"publisher\":{\"@id\":\"https:\/\/www.pogotowieflagowe.pl\/aktualne\/#organization\"},\"potentialAction\":[{\"@type\":\"SearchAction\",\"target\":{\"@type\":\"EntryPoint\",\"urlTemplate\":\"https:\/\/www.pogotowieflagowe.pl\/aktualne\/?s={search_term_string}\"},\"query-input\":\"required name=search_term_string\"}],\"inLanguage\":\"pl-PL\"},{\"@type\":\"Organization\",\"@id\":\"https:\/\/www.pogotowieflagowe.pl\/aktualne\/#organization\",\"name\":\"POGOTOWIE FLAGOWE\u00ae\",\"url\":\"https:\/\/www.pogotowieflagowe.pl\/aktualne\/\",\"logo\":{\"@type\":\"ImageObject\",\"inLanguage\":\"pl-PL\",\"@id\":\"https:\/\/www.pogotowieflagowe.pl\/aktualne\/#\/schema\/logo\/image\/\",\"url\":\"https:\/\/www.pogotowieflagowe.pl\/aktualne\/wp-content\/uploads\/2024\/08\/cropped-pogotowieflagowe_flaga_projekt_sm.jpg\",\"contentUrl\":\"https:\/\/www.pogotowieflagowe.pl\/aktualne\/wp-content\/uploads\/2024\/08\/cropped-pogotowieflagowe_flaga_projekt_sm.jpg\",\"width\":250,\"height\":143,\"caption\":\"POGOTOWIE FLAGOWE\u00ae\"},\"image\":{\"@id\":\"https:\/\/www.pogotowieflagowe.pl\/aktualne\/#\/schema\/logo\/image\/\"}},{\"@type\":\"Person\",\"@id\":\"https:\/\/www.pogotowieflagowe.pl\/aktualne\/#\/schema\/person\/9c2fb7d2362ebf6fa088960d7f0d27b0\",\"name\":\"Filip\",\"image\":{\"@type\":\"ImageObject\",\"inLanguage\":\"pl-PL\",\"@id\":\"https:\/\/www.pogotowieflagowe.pl\/aktualne\/#\/schema\/person\/image\/\",\"url\":\"https:\/\/www.pogotowieflagowe.pl\/aktualne\/wp-content\/uploads\/2024\/08\/pogotowieflagowe.pl_.jpg\",\"contentUrl\":\"https:\/\/www.pogotowieflagowe.pl\/aktualne\/wp-content\/uploads\/2024\/08\/pogotowieflagowe.pl_.jpg\",\"caption\":\"Filip\"},\"description\":\"Jestem Filip, polski dziennikarz z dyplomem nauk politycznych Uniwersytetu Warszawskiego. Rozpoczynaj\u0105c swoj\u0105 karier\u0119 w r\u00f3\u017cnych lokalnych mediach, zdoby\u0142em solidne do\u015bwiadczenie w zakresie \u015bledztwa i redakcji. Obecnie jako redaktor w Pogotowie flagowe, staram si\u0119 dostarcza\u0107 dog\u0142\u0119bne i istotne analizy na temat najwa\u017cniejszych kwestii aktualno\u015bci, \u0142\u0105cz\u0105c rygor z pasj\u0105 dziennikarsk\u0105.\",\"sameAs\":[\"https:\/\/www.pogotowieflagowe.pl\/\"]}]}<\/script>\n<!-- \/ Yoast SEO plugin. -->","yoast_head_json":{"title":"Wigilia uznana w Polsce za \u015bwi\u0119to pa\u0144stwowe: zmiany obowi\u0105zuj\u0105 od przysz\u0142ego roku - POGOTOWIE FLAGOWE\u00ae","robots":{"index":"index","follow":"follow","max-snippet":"max-snippet:-1","max-image-preview":"max-image-preview:large","max-video-preview":"max-video-preview:-1"},"canonical":"https:\/\/www.pogotowieflagowe.pl\/aktualne\/wigilia-uznana-w-polsce-za-swieto-panstwowe-zmiany-obowiazuja-od-przyszlego-roku\/","og_locale":"pl_PL","og_type":"article","og_title":"Wigilia uznana w Polsce za \u015bwi\u0119to pa\u0144stwowe: zmiany obowi\u0105zuj\u0105 od przysz\u0142ego roku - POGOTOWIE FLAGOWE\u00ae","og_description":"Polski Sejm przyj\u0105\u0142 nowelizacj\u0119 ustawy o \u015bwi\u0119tach, oficjalnie wyznaczaj\u0105c\u0105 Wigili\u0119 (24 grudnia) dniem wolnym od pracy. Nowe regulacje, zatwierdzone przyt\u0142aczaj\u0105cym","og_url":"https:\/\/www.pogotowieflagowe.pl\/aktualne\/wigilia-uznana-w-polsce-za-swieto-panstwowe-zmiany-obowiazuja-od-przyszlego-roku\/","og_site_name":"POGOTOWIE FLAGOWE\u00ae","article_published_time":"2024-11-27T21:50:27+00:00","article_modified_time":"2024-11-27T21:50:31+00:00","og_image":[{"width":1920,"height":1280,"url":"https:\/\/www.pogotowieflagowe.pl\/aktualne\/wp-content\/uploads\/2024\/11\/Wigilia-uznana-w-Polsce-za-swieto-panstwowe-zmiany-obowiazuja-od.jpg","type":"image\/jpeg"}],"author":"Filip","twitter_card":"summary_large_image","twitter_misc":{"Napisane przez":"Filip","Szacowany czas czytania":"1 minuta"},"schema":{"@context":"https:\/\/schema.org","@graph":[{"@type":"Article","@id":"https:\/\/www.pogotowieflagowe.pl\/aktualne\/wigilia-uznana-w-polsce-za-swieto-panstwowe-zmiany-obowiazuja-od-przyszlego-roku\/#article","isPartOf":{"@id":"https:\/\/www.pogotowieflagowe.pl\/aktualne\/wigilia-uznana-w-polsce-za-swieto-panstwowe-zmiany-obowiazuja-od-przyszlego-roku\/"},"author":{"name":"Filip","@id":"https:\/\/www.pogotowieflagowe.pl\/aktualne\/#\/schema\/person\/9c2fb7d2362ebf6fa088960d7f0d27b0"},"headline":"Wigilia uznana w Polsce za \u015bwi\u0119to pa\u0144stwowe: zmiany obowi\u0105zuj\u0105 od przysz\u0142ego roku","datePublished":"2024-11-27T21:50:27+00:00","dateModified":"2024-11-27T21:50:31+00:00","mainEntityOfPage":{"@id":"https:\/\/www.pogotowieflagowe.pl\/aktualne\/wigilia-uznana-w-polsce-za-swieto-panstwowe-zmiany-obowiazuja-od-przyszlego-roku\/"},"wordCount":233,"publisher":{"@id":"https:\/\/www.pogotowieflagowe.pl\/aktualne\/#organization"},"image":{"@id":"https:\/\/www.pogotowieflagowe.pl\/aktualne\/wigilia-uznana-w-polsce-za-swieto-panstwowe-zmiany-obowiazuja-od-przyszlego-roku\/#primaryimage"},"thumbnailUrl":"https:\/\/www.pogotowieflagowe.pl\/aktualne\/wp-content\/uploads\/2024\/11\/Wigilia-uznana-w-Polsce-za-swieto-panstwowe-zmiany-obowiazuja-od.jpg","keywords":["obowi\u0105zuj\u0105","pa\u0144stwowe","Polsce","przysz\u0142ego","roku","\u015awi\u0119to","uznana","Wigilia","zmiany"],"articleSection":["Polityka"],"inLanguage":"pl-PL"},{"@type":"WebPage","@id":"https:\/\/www.pogotowieflagowe.pl\/aktualne\/wigilia-uznana-w-polsce-za-swieto-panstwowe-zmiany-obowiazuja-od-przyszlego-roku\/","url":"https:\/\/www.pogotowieflagowe.pl\/aktualne\/wigilia-uznana-w-polsce-za-swieto-panstwowe-zmiany-obowiazuja-od-przyszlego-roku\/","name":"Wigilia uznana w Polsce za \u015bwi\u0119to pa\u0144stwowe: zmiany obowi\u0105zuj\u0105 od przysz\u0142ego roku - POGOTOWIE FLAGOWE\u00ae","isPartOf":{"@id":"https:\/\/www.pogotowieflagowe.pl\/aktualne\/#website"},"primaryImageOfPage":{"@id":"https:\/\/www.pogotowieflagowe.pl\/aktualne\/wigilia-uznana-w-polsce-za-swieto-panstwowe-zmiany-obowiazuja-od-przyszlego-roku\/#primaryimage"},"image":{"@id":"https:\/\/www.pogotowieflagowe.pl\/aktualne\/wigilia-uznana-w-polsce-za-swieto-panstwowe-zmiany-obowiazuja-od-przyszlego-roku\/#primaryimage"},"thumbnailUrl":"https:\/\/www.pogotowieflagowe.pl\/aktualne\/wp-content\/uploads\/2024\/11\/Wigilia-uznana-w-Polsce-za-swieto-panstwowe-zmiany-obowiazuja-od.jpg","datePublished":"2024-11-27T21:50:27+00:00","dateModified":"2024-11-27T21:50:31+00:00","breadcrumb":{"@id":"https:\/\/www.pogotowieflagowe.pl\/aktualne\/wigilia-uznana-w-polsce-za-swieto-panstwowe-zmiany-obowiazuja-od-przyszlego-roku\/#breadcrumb"},"inLanguage":"pl-PL","potentialAction":[{"@type":"ReadAction","target":["https:\/\/www.pogotowieflagowe.pl\/aktualne\/wigilia-uznana-w-polsce-za-swieto-panstwowe-zmiany-obowiazuja-od-przyszlego-roku\/"]}]},{"@type":"ImageObject","inLanguage":"pl-PL","@id":"https:\/\/www.pogotowieflagowe.pl\/aktualne\/wigilia-uznana-w-polsce-za-swieto-panstwowe-zmiany-obowiazuja-od-przyszlego-roku\/#primaryimage","url":"https:\/\/www.pogotowieflagowe.pl\/aktualne\/wp-content\/uploads\/2024\/11\/Wigilia-uznana-w-Polsce-za-swieto-panstwowe-zmiany-obowiazuja-od.jpg","contentUrl":"https:\/\/www.pogotowieflagowe.pl\/aktualne\/wp-content\/uploads\/2024\/11\/Wigilia-uznana-w-Polsce-za-swieto-panstwowe-zmiany-obowiazuja-od.jpg","width":1920,"height":1280,"caption":"Wigilia uznana w Polsce za \u015bwi\u0119to pa\u0144stwowe: zmiany obowi\u0105zuj\u0105 od przysz\u0142ego roku"},{"@type":"BreadcrumbList","@id":"https:\/\/www.pogotowieflagowe.pl\/aktualne\/wigilia-uznana-w-polsce-za-swieto-panstwowe-zmiany-obowiazuja-od-przyszlego-roku\/#breadcrumb","itemListElement":[{"@type":"ListItem","position":1,"name":"Home","item":"https:\/\/www.pogotowieflagowe.pl\/aktualne\/"},{"@type":"ListItem","position":2,"name":"Wigilia uznana w Polsce za \u015bwi\u0119to pa\u0144stwowe: zmiany obowi\u0105zuj\u0105 od przysz\u0142ego roku"}]},{"@type":"WebSite","@id":"https:\/\/www.pogotowieflagowe.pl\/aktualne\/#website","url":"https:\/\/www.pogotowieflagowe.pl\/aktualne\/","name":"POGOTOWIE FLAGOWE\u00ae","description":"","publisher":{"@id":"https:\/\/www.pogotowieflagowe.pl\/aktualne\/#organization"},"potentialAction":[{"@type":"SearchAction","target":{"@type":"EntryPoint","urlTemplate":"https:\/\/www.pogotowieflagowe.pl\/aktualne\/?s={search_term_string}"},"query-input":"required name=search_term_string"}],"inLanguage":"pl-PL"},{"@type":"Organization","@id":"https:\/\/www.pogotowieflagowe.pl\/aktualne\/#organization","name":"POGOTOWIE FLAGOWE\u00ae","url":"https:\/\/www.pogotowieflagowe.pl\/aktualne\/","logo":{"@type":"ImageObject","inLanguage":"pl-PL","@id":"https:\/\/www.pogotowieflagowe.pl\/aktualne\/#\/schema\/logo\/image\/","url":"https:\/\/www.pogotowieflagowe.pl\/aktualne\/wp-content\/uploads\/2024\/08\/cropped-pogotowieflagowe_flaga_projekt_sm.jpg","contentUrl":"https:\/\/www.pogotowieflagowe.pl\/aktualne\/wp-content\/uploads\/2024\/08\/cropped-pogotowieflagowe_flaga_projekt_sm.jpg","width":250,"height":143,"caption":"POGOTOWIE FLAGOWE\u00ae"},"image":{"@id":"https:\/\/www.pogotowieflagowe.pl\/aktualne\/#\/schema\/logo\/image\/"}},{"@type":"Person","@id":"https:\/\/www.pogotowieflagowe.pl\/aktualne\/#\/schema\/person\/9c2fb7d2362ebf6fa088960d7f0d27b0","name":"Filip","image":{"@type":"ImageObject","inLanguage":"pl-PL","@id":"https:\/\/www.pogotowieflagowe.pl\/aktualne\/#\/schema\/person\/image\/","url":"https:\/\/www.pogotowieflagowe.pl\/aktualne\/wp-content\/uploads\/2024\/08\/pogotowieflagowe.pl_.jpg","contentUrl":"https:\/\/www.pogotowieflagowe.pl\/aktualne\/wp-content\/uploads\/2024\/08\/pogotowieflagowe.pl_.jpg","caption":"Filip"},"description":"Jestem Filip, polski dziennikarz z dyplomem nauk politycznych Uniwersytetu Warszawskiego. Rozpoczynaj\u0105c swoj\u0105 karier\u0119 w r\u00f3\u017cnych lokalnych mediach, zdoby\u0142em solidne do\u015bwiadczenie w zakresie \u015bledztwa i redakcji. Obecnie jako redaktor w Pogotowie flagowe, staram si\u0119 dostarcza\u0107 dog\u0142\u0119bne i istotne analizy na temat najwa\u017cniejszych kwestii aktualno\u015bci, \u0142\u0105cz\u0105c rygor z pasj\u0105 dziennikarsk\u0105.","sameAs":["https:\/\/www.pogotowieflagowe.pl\/"]}]}},"_links":{"self":[{"href":"https:\/\/www.pogotowieflagowe.pl\/aktualne\/wp-json\/wp\/v2\/posts\/2072","targetHints":{"allow":["GET"]}}],"collection":[{"href":"https:\/\/www.pogotowieflagowe.pl\/aktualne\/wp-json\/wp\/v2\/posts"}],"about":[{"href":"https:\/\/www.pogotowieflagowe.pl\/aktualne\/wp-json\/wp\/v2\/types\/post"}],"author":[{"embeddable":true,"href":"https:\/\/www.pogotowieflagowe.pl\/aktualne\/wp-json\/wp\/v2\/users\/1"}],"replies":[{"embeddable":true,"href":"https:\/\/www.pogotowieflagowe.pl\/aktualne\/wp-json\/wp\/v2\/comments?post=2072"}],"version-history":[{"count":1,"href":"https:\/\/www.pogotowieflagowe.pl\/aktualne\/wp-json\/wp\/v2\/posts\/2072\/revisions"}],"predecessor-version":[{"id":2074,"href":"https:\/\/www.pogotowieflagowe.pl\/aktualne\/wp-json\/wp\/v2\/posts\/2072\/revisions\/2074"}],"wp:featuredmedia":[{"embeddable":true,"href":"https:\/\/www.pogotowieflagowe.pl\/aktualne\/wp-json\/wp\/v2\/media\/2073"}],"wp:attachment":[{"href":"https:\/\/www.pogotowieflagowe.pl\/aktualne\/wp-json\/wp\/v2\/media?parent=2072"}],"wp:term":[{"taxonomy":"category","embeddable":true,"href":"https:\/\/www.pogotowieflagowe.pl\/aktualne\/wp-json\/wp\/v2\/categories?post=2072"},{"taxonomy":"post_tag","embeddable":true,"href":"https:\/\/www.pogotowieflagowe.pl\/aktualne\/wp-json\/wp\/v2\/tags?post=2072"}],"curies":[{"name":"wp","href":"https:\/\/api.w.org\/{rel}","templated":true}]}}