{"id":2105,"date":"2024-11-29T09:49:52","date_gmt":"2024-11-29T08:49:52","guid":{"rendered":"https:\/\/www.pogotowieflagowe.pl\/aktualne\/kontrowersje-wokol-komisji-pegasusa-skarga-pis-na-akta\/"},"modified":"2024-11-29T09:49:52","modified_gmt":"2024-11-29T08:49:52","slug":"kontrowersje-wokol-komisji-pegasusa-skarga-pis-na-akta","status":"publish","type":"post","link":"https:\/\/www.pogotowieflagowe.pl\/aktualne\/kontrowersje-wokol-komisji-pegasusa-skarga-pis-na-akta\/","title":{"rendered":"Kontrowersje wok\u00f3\u0142 komisji Pegasusa: skarga PiS na akta"},"content":{"rendered":"\n<div class=\"td_block_wrap tdb_single_content tdi_48 td-pb-border-top td_block_template_8 td-post-content tagdiv-type\" data-td-block-uid=\"tdi_48\">\n<style>.tdi_48{margines-g\u00f3rny:0px!important;margin-bottom:0px!important;dope\u0142nienie-g\u00f3ra:0px!important;dope\u0142nienie-d\u00f3\u0142:0px!important}<\/style>\n<style>.tdb_single_content{margin-bottom:0;*zoom:1}.tdb_single_content:before,.tdb_single_content:after{display:table;content:'';line-height:0}.tdb_single_content:after{clear:both}.tdb_single_content .tdb-block-inner>*:not(.wp-block-quote):not(.alignwide):not(.alignfull.wp-block-cover.has-parallax):not(.td-a-ad) {margin-left:auto;margin-right:auto}.tdb_single_content a{pointer-events:auto}.tdb_single_content .td-spot-id-top_ad .tdc-placeholder-title:before{content:'Article Top Ad'!important}.tdb_single_content .td-spot-id-inline_ad0 .tdc-placeholder-title:before{content:'Article Reklama wbudowana 1'!important}.tdb_single_content .td-spot-id-inline_ad1 .tdc-placeholder-title:before{content:'Article Inline Ad 2'!important}.tdb_single_content .td-spot-id-inline_ad2 .tdc-placeholder-title:before{content:' Reklama wbudowana w artyku\u0142 3'!important}.tdb_single_content .td-spot-id-bottom_ad .tdc-placeholder-title:before{content:'Article Bottom Ad'!important}.tdb_single_content .id_top_ad,.tdb_single_content .id_bottom_ad{clear:both;margin-bottom:21px;text-align:center}.tdb_single_content .id_top_ad img,.tdb_single_content .id_bottom_ad img{margin-bottom:0}.tdb_single_content .id_top_ad .adsbygoogle,.tdb_single_content .id_bottom_ad .adsbygoogle{position:relative}.tdb_single_content .id_ad_content-horiz-left,.tdb_single_content .id_ad_content-horiz-right,.tdb_single_content .id_ad_content-horiz-center{margin-bottom:15px}.tdb_single_content .id_ad_content-horiz-left img,.tdb_single_content .id_ad_content-horiz-right img,.tdb_single_content .id_ad_content-horiz-center img{margin-bottom:0}.tdb_single_content .id_ad_content-horiz-center{text-align:center}.tdb_single_content .id_ad_content-horiz-center img{margin-right:auto;margin-left:auto}.tdb_single_content .id_ad_content-horiz-left{float:left;margin-top:9px;margin-right:21px}.tdb_single_content .id_ad_content-horiz-right{float:right;margin-top:6px;margin-left:21px}.tdb_single_content .tdc-a-ad .tdc-placeholder-title{width:300px;height:250px}.tdb_single_content .tdc-a-ad .tdc-placeholder-title:before{position:absolute;top:50%;-webkit-transform:translateY(-50%);transform:translateY(-50%);margines:auto;display:table;width:100 %}.tdb_single_content .tdb-block-inner.td-fix-index{word-break:break-word}.tdi_48,.tdi_48>p,.tdi_48 .tdb-block-inner>p{font-size:16px!important;line- wysoko\u015b\u0107:1,6!wa\u017cne}.tdi_48 .tdb-block-inner blockquote p{font-style:normal!important}@media (max-width:767px){.tdb_single_content .id_ad_content-horiz-left,.tdb_single_content .id_ad_content-horiz-right,.tdb_single_content .id_ad_content-horiz-center{margin:0 automatyczny 26px auto}}@media (max-width:767px){.tdb_single_content .id_ad_content-horiz-left{margin-right:0}}@media (max-width:767px){.tdb_single_content .id_ad_content-horiz-right{margin -left:0}}@media (max-width:767px){.tdb_single_content .td-a-ad{float:none;text-align:center}.tdb_single_content .td-a-ad img{margin-right:auto;margin-left:auto}. tdb_single_content .tdc-a-ad{float:none}}<\/style>\n<div class=\"tdb-block-inner td-fix-index\">\n<p><strong>Polscy politycy Prawa i Sprawiedliwo\u015bci (PiS), w tym Micha\u0142 W\u00f3jcik i Marcin Warcho\u0142, og\u0142osili w \u015brod\u0119 formaln\u0105 skarg\u0119 przeciwko decyzji warszawskiej prokuratury o niezaanga\u017cowaniu cz\u0142onk\u00f3w sejmowej komisji w sprawie oprogramowania szpieguj\u0105cego Pegasus. PiS twierdzi, \u017ce komisja dzia\u0142a niezgodnie z prawem, naruszaj\u0105c orzeczenie Trybuna\u0142u Konstytucyjnego z 10 wrze\u015bnia. TK uzna\u0142a powo\u0142anie komisji za niezgodne z konstytucj\u0105 ze wzgl\u0119du na nieprawid\u0142owo\u015bci proceduralne.<\/strong><\/p>\n<h2 class=\"wp-block-heading\">Stanowisko i uzasadnienie prokuratora<\/h2>\n<p>Warszawska prokuratura uzasadnia\u0142a odmow\u0119 wszcz\u0119cia \u015bledztwa stwierdzeniem, \u017ce tymczasowe zarz\u0105dzenie TK wstrzymuj\u0105ce prace komisji zosta\u0142o wydane bez podstawy prawnej. Prokurator Piotr Skiba zauwa\u017cy\u0142, \u017ce cz\u0142onkowie komisji dzia\u0142ali w oparciu o opini\u0119 prawn\u0105 radcy parlamentarnego, wierz\u0105c, \u017ce s\u0105 uprawnieni do kontynuowania swojej dzia\u0142alno\u015bci. W konsekwencji ich dzia\u0142ania nie mia\u0142y zamiaru wymaganego do odpowiedzialno\u015bci karnej.<\/p>\n<figure class=\"wp-block-embed is-type-rich is-provider-twitter wp-block-embed-twitter\">\n<div class=\"wp-block-embed__wrapper\">\n<blockquote class=\"twitter-tweet\" data-width=\"550\" data-dnt=\"true\">\n<p lang=\"pl\" dir=\"ltr\">\ud83d\udcac Wiceprezes PiS <a rel=\"nofollow\" href=\"https:\/\/twitter.com\/mwojcik_?ref_src=twsrc%5Etfw\">@mwojcik_<\/a>: Z\u0142o\u017cyli\u015bmy dzisiaj za\u017calenie do s\u0105du na postanowienie Prokuratury Okr\u0119gowej o odmowie wszcz\u0119cia zabezpieczaj\u0105cego przeciwko cz\u0142onkom Komisji \u015aledczej ds. Pegaz. Uwa\u017camy, \u017ce brutalnie \u0142amana jest polska konstytucja. Je\u017celi orzeczenie Trybuna\u0142u\u2026 <a rel=\"nofollow\" href=\"https:\/\/t.co\/MmabComMSr\">pic.twitter.com\/MmabComMSr<\/a><\/p>\n<p>\u2014 Prawo i Sprawiedliwo\u015b\u0107 (@pisorgpl) <a rel=\"nofollow\" href=\"https:\/\/twitter.com\/pisorgpl\/status\/1861701966180573566?ref_src=twsrc%5Etfw\">27 listopada 2024 r<\/a><\/p><\/blockquote>\n<\/div>\n<\/figure>\n<p>PiS argumentuje, \u017ce bie\u017c\u0105ce prace komisji stoj\u0105 w sprzeczno\u015bci zar\u00f3wno z orzeczeniem TK, jak i jego wcze\u015bniejszym nakazem, twierdz\u0105c, \u017ce wszelka wsp\u00f3\u0142praca z komisj\u0105 jest r\u00f3wnoznaczna ze wspieraniem nielegalnej dzia\u0142alno\u015bci. Strona ma nadziej\u0119, \u017ce s\u0105d uwzgl\u0119dni jej skargi. Jednak\u017ce wprowadzone niedawno \u015brodki maj\u0105ce na celu wstrzymanie publikowania orzecze\u0144 TK w oficjalnych rejestrach prawnych komplikuj\u0105 egzekwowanie prawa.<\/p>\n<p>Komisja parlamentarna ma za zadanie zbada\u0107 legalno\u015b\u0107 wykorzystania przez rz\u0105d i s\u0142u\u017cby specjalne oprogramowania szpieguj\u0105cego Pegasus od 2015 r., w tym okre\u015bli\u0107 odpowiedzialno\u015b\u0107 za jego zakup i wdro\u017cenie.<\/p>\n<\/div>\n<\/div>\n<p><script async src=\"https:\/\/platform.twitter.com\/widgets.js\" charset=\"utf-8\"><\/script><\/p>\n","protected":false},"excerpt":{"rendered":"<p>Polscy politycy Prawa i Sprawiedliwo\u015bci (PiS), w tym Micha\u0142 W\u00f3jcik i Marcin Warcho\u0142, og\u0142osili w \u015brod\u0119 formaln\u0105 skarg\u0119 przeciwko decyzji<\/p>\n","protected":false},"author":1,"featured_media":2106,"comment_status":"closed","ping_status":"","sticky":false,"template":"","format":"standard","meta":{"footnotes":""},"categories":[44],"tags":[3366,3363,168,3364,166,3365,639],"class_list":["post-2105","post","type-post","status-publish","format-standard","has-post-thumbnail","hentry","category-polityka","tag-akta","tag-komisji","tag-kontrowersje","tag-pegasusa","tag-pis","tag-skarga","tag-wokol","generate-columns","tablet-grid-50","mobile-grid-100","grid-parent","grid-50","resize-featured-image"],"yoast_head":"<!-- This site is optimized with the Yoast SEO plugin v23.2 - https:\/\/yoast.com\/wordpress\/plugins\/seo\/ -->\n<title>Kontrowersje wok\u00f3\u0142 komisji Pegasusa: skarga PiS na akta - POGOTOWIE FLAGOWE\u00ae<\/title>\n<meta name=\"robots\" content=\"index, follow, max-snippet:-1, max-image-preview:large, max-video-preview:-1\" \/>\n<link rel=\"canonical\" href=\"https:\/\/www.pogotowieflagowe.pl\/aktualne\/kontrowersje-wokol-komisji-pegasusa-skarga-pis-na-akta\/\" \/>\n<meta property=\"og:locale\" content=\"pl_PL\" \/>\n<meta property=\"og:type\" content=\"article\" \/>\n<meta property=\"og:title\" content=\"Kontrowersje wok\u00f3\u0142 komisji Pegasusa: skarga PiS na akta - POGOTOWIE FLAGOWE\u00ae\" \/>\n<meta property=\"og:description\" content=\"Polscy politycy Prawa i Sprawiedliwo\u015bci (PiS), w tym Micha\u0142 W\u00f3jcik i Marcin Warcho\u0142, og\u0142osili w \u015brod\u0119 formaln\u0105 skarg\u0119 przeciwko decyzji\" \/>\n<meta property=\"og:url\" content=\"https:\/\/www.pogotowieflagowe.pl\/aktualne\/kontrowersje-wokol-komisji-pegasusa-skarga-pis-na-akta\/\" \/>\n<meta property=\"og:site_name\" content=\"POGOTOWIE FLAGOWE\u00ae\" \/>\n<meta property=\"article:published_time\" content=\"2024-11-29T08:49:52+00:00\" \/>\n<meta property=\"og:image\" content=\"https:\/\/www.pogotowieflagowe.pl\/aktualne\/wp-content\/uploads\/2024\/11\/Kontrowersje-wokol-komisji-Pegasusa-skarga-PiS-na-akta.jpg\" \/>\n\t<meta property=\"og:image:width\" content=\"217\" \/>\n\t<meta property=\"og:image:height\" content=\"123\" \/>\n\t<meta property=\"og:image:type\" content=\"image\/jpeg\" \/>\n<meta name=\"author\" content=\"Filip\" \/>\n<meta name=\"twitter:card\" content=\"summary_large_image\" \/>\n<meta name=\"twitter:label1\" content=\"Napisane przez\" \/>\n\t<meta name=\"twitter:data1\" content=\"Filip\" \/>\n\t<meta name=\"twitter:label2\" content=\"Szacowany czas czytania\" \/>\n\t<meta name=\"twitter:data2\" content=\"2 minuty\" \/>\n<script type=\"application\/ld+json\" class=\"yoast-schema-graph\">{\"@context\":\"https:\/\/schema.org\",\"@graph\":[{\"@type\":\"Article\",\"@id\":\"https:\/\/www.pogotowieflagowe.pl\/aktualne\/kontrowersje-wokol-komisji-pegasusa-skarga-pis-na-akta\/#article\",\"isPartOf\":{\"@id\":\"https:\/\/www.pogotowieflagowe.pl\/aktualne\/kontrowersje-wokol-komisji-pegasusa-skarga-pis-na-akta\/\"},\"author\":{\"name\":\"Filip\",\"@id\":\"https:\/\/www.pogotowieflagowe.pl\/aktualne\/#\/schema\/person\/9c2fb7d2362ebf6fa088960d7f0d27b0\"},\"headline\":\"Kontrowersje wok\u00f3\u0142 komisji Pegasusa: skarga PiS na akta\",\"datePublished\":\"2024-11-29T08:49:52+00:00\",\"dateModified\":\"2024-11-29T08:49:52+00:00\",\"mainEntityOfPage\":{\"@id\":\"https:\/\/www.pogotowieflagowe.pl\/aktualne\/kontrowersje-wokol-komisji-pegasusa-skarga-pis-na-akta\/\"},\"wordCount\":310,\"publisher\":{\"@id\":\"https:\/\/www.pogotowieflagowe.pl\/aktualne\/#organization\"},\"image\":{\"@id\":\"https:\/\/www.pogotowieflagowe.pl\/aktualne\/kontrowersje-wokol-komisji-pegasusa-skarga-pis-na-akta\/#primaryimage\"},\"thumbnailUrl\":\"https:\/\/www.pogotowieflagowe.pl\/aktualne\/wp-content\/uploads\/2024\/11\/Kontrowersje-wokol-komisji-Pegasusa-skarga-PiS-na-akta.jpg\",\"keywords\":[\"akta\",\"komisji\",\"kontrowersje\",\"Pegasusa\",\"PiS\",\"skarga\",\"wok\u00f3\u0142\"],\"articleSection\":[\"Polityka\"],\"inLanguage\":\"pl-PL\"},{\"@type\":\"WebPage\",\"@id\":\"https:\/\/www.pogotowieflagowe.pl\/aktualne\/kontrowersje-wokol-komisji-pegasusa-skarga-pis-na-akta\/\",\"url\":\"https:\/\/www.pogotowieflagowe.pl\/aktualne\/kontrowersje-wokol-komisji-pegasusa-skarga-pis-na-akta\/\",\"name\":\"Kontrowersje wok\u00f3\u0142 komisji Pegasusa: skarga PiS na akta - POGOTOWIE FLAGOWE\u00ae\",\"isPartOf\":{\"@id\":\"https:\/\/www.pogotowieflagowe.pl\/aktualne\/#website\"},\"primaryImageOfPage\":{\"@id\":\"https:\/\/www.pogotowieflagowe.pl\/aktualne\/kontrowersje-wokol-komisji-pegasusa-skarga-pis-na-akta\/#primaryimage\"},\"image\":{\"@id\":\"https:\/\/www.pogotowieflagowe.pl\/aktualne\/kontrowersje-wokol-komisji-pegasusa-skarga-pis-na-akta\/#primaryimage\"},\"thumbnailUrl\":\"https:\/\/www.pogotowieflagowe.pl\/aktualne\/wp-content\/uploads\/2024\/11\/Kontrowersje-wokol-komisji-Pegasusa-skarga-PiS-na-akta.jpg\",\"datePublished\":\"2024-11-29T08:49:52+00:00\",\"dateModified\":\"2024-11-29T08:49:52+00:00\",\"breadcrumb\":{\"@id\":\"https:\/\/www.pogotowieflagowe.pl\/aktualne\/kontrowersje-wokol-komisji-pegasusa-skarga-pis-na-akta\/#breadcrumb\"},\"inLanguage\":\"pl-PL\",\"potentialAction\":[{\"@type\":\"ReadAction\",\"target\":[\"https:\/\/www.pogotowieflagowe.pl\/aktualne\/kontrowersje-wokol-komisji-pegasusa-skarga-pis-na-akta\/\"]}]},{\"@type\":\"ImageObject\",\"inLanguage\":\"pl-PL\",\"@id\":\"https:\/\/www.pogotowieflagowe.pl\/aktualne\/kontrowersje-wokol-komisji-pegasusa-skarga-pis-na-akta\/#primaryimage\",\"url\":\"https:\/\/www.pogotowieflagowe.pl\/aktualne\/wp-content\/uploads\/2024\/11\/Kontrowersje-wokol-komisji-Pegasusa-skarga-PiS-na-akta.jpg\",\"contentUrl\":\"https:\/\/www.pogotowieflagowe.pl\/aktualne\/wp-content\/uploads\/2024\/11\/Kontrowersje-wokol-komisji-Pegasusa-skarga-PiS-na-akta.jpg\",\"width\":217,\"height\":123,\"caption\":\"Kontrowersje wok\u00f3\u0142 komisji Pegasusa: skarga PiS na akta\"},{\"@type\":\"BreadcrumbList\",\"@id\":\"https:\/\/www.pogotowieflagowe.pl\/aktualne\/kontrowersje-wokol-komisji-pegasusa-skarga-pis-na-akta\/#breadcrumb\",\"itemListElement\":[{\"@type\":\"ListItem\",\"position\":1,\"name\":\"Home\",\"item\":\"https:\/\/www.pogotowieflagowe.pl\/aktualne\/\"},{\"@type\":\"ListItem\",\"position\":2,\"name\":\"Kontrowersje wok\u00f3\u0142 komisji Pegasusa: skarga PiS na akta\"}]},{\"@type\":\"WebSite\",\"@id\":\"https:\/\/www.pogotowieflagowe.pl\/aktualne\/#website\",\"url\":\"https:\/\/www.pogotowieflagowe.pl\/aktualne\/\",\"name\":\"POGOTOWIE FLAGOWE\u00ae\",\"description\":\"\",\"publisher\":{\"@id\":\"https:\/\/www.pogotowieflagowe.pl\/aktualne\/#organization\"},\"potentialAction\":[{\"@type\":\"SearchAction\",\"target\":{\"@type\":\"EntryPoint\",\"urlTemplate\":\"https:\/\/www.pogotowieflagowe.pl\/aktualne\/?s={search_term_string}\"},\"query-input\":\"required name=search_term_string\"}],\"inLanguage\":\"pl-PL\"},{\"@type\":\"Organization\",\"@id\":\"https:\/\/www.pogotowieflagowe.pl\/aktualne\/#organization\",\"name\":\"POGOTOWIE FLAGOWE\u00ae\",\"url\":\"https:\/\/www.pogotowieflagowe.pl\/aktualne\/\",\"logo\":{\"@type\":\"ImageObject\",\"inLanguage\":\"pl-PL\",\"@id\":\"https:\/\/www.pogotowieflagowe.pl\/aktualne\/#\/schema\/logo\/image\/\",\"url\":\"https:\/\/www.pogotowieflagowe.pl\/aktualne\/wp-content\/uploads\/2024\/08\/cropped-pogotowieflagowe_flaga_projekt_sm.jpg\",\"contentUrl\":\"https:\/\/www.pogotowieflagowe.pl\/aktualne\/wp-content\/uploads\/2024\/08\/cropped-pogotowieflagowe_flaga_projekt_sm.jpg\",\"width\":250,\"height\":143,\"caption\":\"POGOTOWIE FLAGOWE\u00ae\"},\"image\":{\"@id\":\"https:\/\/www.pogotowieflagowe.pl\/aktualne\/#\/schema\/logo\/image\/\"}},{\"@type\":\"Person\",\"@id\":\"https:\/\/www.pogotowieflagowe.pl\/aktualne\/#\/schema\/person\/9c2fb7d2362ebf6fa088960d7f0d27b0\",\"name\":\"Filip\",\"image\":{\"@type\":\"ImageObject\",\"inLanguage\":\"pl-PL\",\"@id\":\"https:\/\/www.pogotowieflagowe.pl\/aktualne\/#\/schema\/person\/image\/\",\"url\":\"https:\/\/www.pogotowieflagowe.pl\/aktualne\/wp-content\/uploads\/2024\/08\/pogotowieflagowe.pl_.jpg\",\"contentUrl\":\"https:\/\/www.pogotowieflagowe.pl\/aktualne\/wp-content\/uploads\/2024\/08\/pogotowieflagowe.pl_.jpg\",\"caption\":\"Filip\"},\"description\":\"Jestem Filip, polski dziennikarz z dyplomem nauk politycznych Uniwersytetu Warszawskiego. Rozpoczynaj\u0105c swoj\u0105 karier\u0119 w r\u00f3\u017cnych lokalnych mediach, zdoby\u0142em solidne do\u015bwiadczenie w zakresie \u015bledztwa i redakcji. Obecnie jako redaktor w Pogotowie flagowe, staram si\u0119 dostarcza\u0107 dog\u0142\u0119bne i istotne analizy na temat najwa\u017cniejszych kwestii aktualno\u015bci, \u0142\u0105cz\u0105c rygor z pasj\u0105 dziennikarsk\u0105.\",\"sameAs\":[\"https:\/\/www.pogotowieflagowe.pl\/\"]}]}<\/script>\n<!-- \/ Yoast SEO plugin. -->","yoast_head_json":{"title":"Kontrowersje wok\u00f3\u0142 komisji Pegasusa: skarga PiS na akta - POGOTOWIE FLAGOWE\u00ae","robots":{"index":"index","follow":"follow","max-snippet":"max-snippet:-1","max-image-preview":"max-image-preview:large","max-video-preview":"max-video-preview:-1"},"canonical":"https:\/\/www.pogotowieflagowe.pl\/aktualne\/kontrowersje-wokol-komisji-pegasusa-skarga-pis-na-akta\/","og_locale":"pl_PL","og_type":"article","og_title":"Kontrowersje wok\u00f3\u0142 komisji Pegasusa: skarga PiS na akta - POGOTOWIE FLAGOWE\u00ae","og_description":"Polscy politycy Prawa i Sprawiedliwo\u015bci (PiS), w tym Micha\u0142 W\u00f3jcik i Marcin Warcho\u0142, og\u0142osili w \u015brod\u0119 formaln\u0105 skarg\u0119 przeciwko decyzji","og_url":"https:\/\/www.pogotowieflagowe.pl\/aktualne\/kontrowersje-wokol-komisji-pegasusa-skarga-pis-na-akta\/","og_site_name":"POGOTOWIE FLAGOWE\u00ae","article_published_time":"2024-11-29T08:49:52+00:00","og_image":[{"width":217,"height":123,"url":"https:\/\/www.pogotowieflagowe.pl\/aktualne\/wp-content\/uploads\/2024\/11\/Kontrowersje-wokol-komisji-Pegasusa-skarga-PiS-na-akta.jpg","type":"image\/jpeg"}],"author":"Filip","twitter_card":"summary_large_image","twitter_misc":{"Napisane przez":"Filip","Szacowany czas czytania":"2 minuty"},"schema":{"@context":"https:\/\/schema.org","@graph":[{"@type":"Article","@id":"https:\/\/www.pogotowieflagowe.pl\/aktualne\/kontrowersje-wokol-komisji-pegasusa-skarga-pis-na-akta\/#article","isPartOf":{"@id":"https:\/\/www.pogotowieflagowe.pl\/aktualne\/kontrowersje-wokol-komisji-pegasusa-skarga-pis-na-akta\/"},"author":{"name":"Filip","@id":"https:\/\/www.pogotowieflagowe.pl\/aktualne\/#\/schema\/person\/9c2fb7d2362ebf6fa088960d7f0d27b0"},"headline":"Kontrowersje wok\u00f3\u0142 komisji Pegasusa: skarga PiS na akta","datePublished":"2024-11-29T08:49:52+00:00","dateModified":"2024-11-29T08:49:52+00:00","mainEntityOfPage":{"@id":"https:\/\/www.pogotowieflagowe.pl\/aktualne\/kontrowersje-wokol-komisji-pegasusa-skarga-pis-na-akta\/"},"wordCount":310,"publisher":{"@id":"https:\/\/www.pogotowieflagowe.pl\/aktualne\/#organization"},"image":{"@id":"https:\/\/www.pogotowieflagowe.pl\/aktualne\/kontrowersje-wokol-komisji-pegasusa-skarga-pis-na-akta\/#primaryimage"},"thumbnailUrl":"https:\/\/www.pogotowieflagowe.pl\/aktualne\/wp-content\/uploads\/2024\/11\/Kontrowersje-wokol-komisji-Pegasusa-skarga-PiS-na-akta.jpg","keywords":["akta","komisji","kontrowersje","Pegasusa","PiS","skarga","wok\u00f3\u0142"],"articleSection":["Polityka"],"inLanguage":"pl-PL"},{"@type":"WebPage","@id":"https:\/\/www.pogotowieflagowe.pl\/aktualne\/kontrowersje-wokol-komisji-pegasusa-skarga-pis-na-akta\/","url":"https:\/\/www.pogotowieflagowe.pl\/aktualne\/kontrowersje-wokol-komisji-pegasusa-skarga-pis-na-akta\/","name":"Kontrowersje wok\u00f3\u0142 komisji Pegasusa: skarga PiS na akta - POGOTOWIE FLAGOWE\u00ae","isPartOf":{"@id":"https:\/\/www.pogotowieflagowe.pl\/aktualne\/#website"},"primaryImageOfPage":{"@id":"https:\/\/www.pogotowieflagowe.pl\/aktualne\/kontrowersje-wokol-komisji-pegasusa-skarga-pis-na-akta\/#primaryimage"},"image":{"@id":"https:\/\/www.pogotowieflagowe.pl\/aktualne\/kontrowersje-wokol-komisji-pegasusa-skarga-pis-na-akta\/#primaryimage"},"thumbnailUrl":"https:\/\/www.pogotowieflagowe.pl\/aktualne\/wp-content\/uploads\/2024\/11\/Kontrowersje-wokol-komisji-Pegasusa-skarga-PiS-na-akta.jpg","datePublished":"2024-11-29T08:49:52+00:00","dateModified":"2024-11-29T08:49:52+00:00","breadcrumb":{"@id":"https:\/\/www.pogotowieflagowe.pl\/aktualne\/kontrowersje-wokol-komisji-pegasusa-skarga-pis-na-akta\/#breadcrumb"},"inLanguage":"pl-PL","potentialAction":[{"@type":"ReadAction","target":["https:\/\/www.pogotowieflagowe.pl\/aktualne\/kontrowersje-wokol-komisji-pegasusa-skarga-pis-na-akta\/"]}]},{"@type":"ImageObject","inLanguage":"pl-PL","@id":"https:\/\/www.pogotowieflagowe.pl\/aktualne\/kontrowersje-wokol-komisji-pegasusa-skarga-pis-na-akta\/#primaryimage","url":"https:\/\/www.pogotowieflagowe.pl\/aktualne\/wp-content\/uploads\/2024\/11\/Kontrowersje-wokol-komisji-Pegasusa-skarga-PiS-na-akta.jpg","contentUrl":"https:\/\/www.pogotowieflagowe.pl\/aktualne\/wp-content\/uploads\/2024\/11\/Kontrowersje-wokol-komisji-Pegasusa-skarga-PiS-na-akta.jpg","width":217,"height":123,"caption":"Kontrowersje wok\u00f3\u0142 komisji Pegasusa: skarga PiS na akta"},{"@type":"BreadcrumbList","@id":"https:\/\/www.pogotowieflagowe.pl\/aktualne\/kontrowersje-wokol-komisji-pegasusa-skarga-pis-na-akta\/#breadcrumb","itemListElement":[{"@type":"ListItem","position":1,"name":"Home","item":"https:\/\/www.pogotowieflagowe.pl\/aktualne\/"},{"@type":"ListItem","position":2,"name":"Kontrowersje wok\u00f3\u0142 komisji Pegasusa: skarga PiS na akta"}]},{"@type":"WebSite","@id":"https:\/\/www.pogotowieflagowe.pl\/aktualne\/#website","url":"https:\/\/www.pogotowieflagowe.pl\/aktualne\/","name":"POGOTOWIE FLAGOWE\u00ae","description":"","publisher":{"@id":"https:\/\/www.pogotowieflagowe.pl\/aktualne\/#organization"},"potentialAction":[{"@type":"SearchAction","target":{"@type":"EntryPoint","urlTemplate":"https:\/\/www.pogotowieflagowe.pl\/aktualne\/?s={search_term_string}"},"query-input":"required name=search_term_string"}],"inLanguage":"pl-PL"},{"@type":"Organization","@id":"https:\/\/www.pogotowieflagowe.pl\/aktualne\/#organization","name":"POGOTOWIE FLAGOWE\u00ae","url":"https:\/\/www.pogotowieflagowe.pl\/aktualne\/","logo":{"@type":"ImageObject","inLanguage":"pl-PL","@id":"https:\/\/www.pogotowieflagowe.pl\/aktualne\/#\/schema\/logo\/image\/","url":"https:\/\/www.pogotowieflagowe.pl\/aktualne\/wp-content\/uploads\/2024\/08\/cropped-pogotowieflagowe_flaga_projekt_sm.jpg","contentUrl":"https:\/\/www.pogotowieflagowe.pl\/aktualne\/wp-content\/uploads\/2024\/08\/cropped-pogotowieflagowe_flaga_projekt_sm.jpg","width":250,"height":143,"caption":"POGOTOWIE FLAGOWE\u00ae"},"image":{"@id":"https:\/\/www.pogotowieflagowe.pl\/aktualne\/#\/schema\/logo\/image\/"}},{"@type":"Person","@id":"https:\/\/www.pogotowieflagowe.pl\/aktualne\/#\/schema\/person\/9c2fb7d2362ebf6fa088960d7f0d27b0","name":"Filip","image":{"@type":"ImageObject","inLanguage":"pl-PL","@id":"https:\/\/www.pogotowieflagowe.pl\/aktualne\/#\/schema\/person\/image\/","url":"https:\/\/www.pogotowieflagowe.pl\/aktualne\/wp-content\/uploads\/2024\/08\/pogotowieflagowe.pl_.jpg","contentUrl":"https:\/\/www.pogotowieflagowe.pl\/aktualne\/wp-content\/uploads\/2024\/08\/pogotowieflagowe.pl_.jpg","caption":"Filip"},"description":"Jestem Filip, polski dziennikarz z dyplomem nauk politycznych Uniwersytetu Warszawskiego. Rozpoczynaj\u0105c swoj\u0105 karier\u0119 w r\u00f3\u017cnych lokalnych mediach, zdoby\u0142em solidne do\u015bwiadczenie w zakresie \u015bledztwa i redakcji. Obecnie jako redaktor w Pogotowie flagowe, staram si\u0119 dostarcza\u0107 dog\u0142\u0119bne i istotne analizy na temat najwa\u017cniejszych kwestii aktualno\u015bci, \u0142\u0105cz\u0105c rygor z pasj\u0105 dziennikarsk\u0105.","sameAs":["https:\/\/www.pogotowieflagowe.pl\/"]}]}},"_links":{"self":[{"href":"https:\/\/www.pogotowieflagowe.pl\/aktualne\/wp-json\/wp\/v2\/posts\/2105","targetHints":{"allow":["GET"]}}],"collection":[{"href":"https:\/\/www.pogotowieflagowe.pl\/aktualne\/wp-json\/wp\/v2\/posts"}],"about":[{"href":"https:\/\/www.pogotowieflagowe.pl\/aktualne\/wp-json\/wp\/v2\/types\/post"}],"author":[{"embeddable":true,"href":"https:\/\/www.pogotowieflagowe.pl\/aktualne\/wp-json\/wp\/v2\/users\/1"}],"replies":[{"embeddable":true,"href":"https:\/\/www.pogotowieflagowe.pl\/aktualne\/wp-json\/wp\/v2\/comments?post=2105"}],"version-history":[{"count":1,"href":"https:\/\/www.pogotowieflagowe.pl\/aktualne\/wp-json\/wp\/v2\/posts\/2105\/revisions"}],"predecessor-version":[{"id":2107,"href":"https:\/\/www.pogotowieflagowe.pl\/aktualne\/wp-json\/wp\/v2\/posts\/2105\/revisions\/2107"}],"wp:featuredmedia":[{"embeddable":true,"href":"https:\/\/www.pogotowieflagowe.pl\/aktualne\/wp-json\/wp\/v2\/media\/2106"}],"wp:attachment":[{"href":"https:\/\/www.pogotowieflagowe.pl\/aktualne\/wp-json\/wp\/v2\/media?parent=2105"}],"wp:term":[{"taxonomy":"category","embeddable":true,"href":"https:\/\/www.pogotowieflagowe.pl\/aktualne\/wp-json\/wp\/v2\/categories?post=2105"},{"taxonomy":"post_tag","embeddable":true,"href":"https:\/\/www.pogotowieflagowe.pl\/aktualne\/wp-json\/wp\/v2\/tags?post=2105"}],"curies":[{"name":"wp","href":"https:\/\/api.w.org\/{rel}","templated":true}]}}