{"id":2119,"date":"2024-11-30T15:48:45","date_gmt":"2024-11-30T14:48:45","guid":{"rendered":"https:\/\/www.pogotowieflagowe.pl\/aktualne\/redaktor-naczelny-gazety-polskiej-o-pozwie-donalda-tuska-to-osmiesza-panstwo-polskie\/"},"modified":"2024-11-30T15:48:47","modified_gmt":"2024-11-30T14:48:47","slug":"redaktor-naczelny-gazety-polskiej-o-pozwie-donalda-tuska-to-osmiesza-panstwo-polskie","status":"publish","type":"post","link":"https:\/\/www.pogotowieflagowe.pl\/aktualne\/redaktor-naczelny-gazety-polskiej-o-pozwie-donalda-tuska-to-osmiesza-panstwo-polskie\/","title":{"rendered":"Redaktor naczelny \u201eGazety Polskiej\u201d o pozwie Donalda Tuska: \u201eTo o\u015bmiesza pa\u0144stwo polskie\u201d"},"content":{"rendered":"\n<div class=\"td_block_wrap tdb_single_content tdi_48 td-pb-border-top td_block_template_8 td-post-content tagdiv-type\" data-td-block-uid=\"tdi_48\">\n<style>.tdi_48{margines-top:0px!important;margin-bottom:0px!important;dope\u0142nienie-g\u00f3ra:0px!important;dope\u0142nienie-d\u00f3\u0142:0px!important}<\/style>\n<style>.tdb_single_content{margin-bottom:0;*zoom:1}.tdb_single_content:before,.tdb_single_content:after{display:table;content:'';line-height:0}.tdb_single_content:after{clear:both}.tdb_single_content .tdb-block-inner>*:not(.wp-block-quote):not(.alignwide):not(.alignfull.wp-block-cover.has-parallax):not(.td-a-ad) {margin-left:auto;margin-right:auto}.tdb_single_content a{pointer-events:auto}.tdb_single_content .td-spot-id-top_ad .tdc-placeholder-title:before{content:'Article Top Ad'!important}.tdb_single_content .td-spot-id-inline_ad0 .tdc-placeholder-title:before{content:'Article Reklama wbudowana 1'!important}.tdb_single_content .td-spot-id-inline_ad1 .tdc-placeholder-title:before{content:'Article Inline Ad 2'!important}.tdb_single_content .td-spot-id-inline_ad2 .tdc-placeholder-title:before{content:' Reklama wbudowana w artyku\u0142 3'!important}.tdb_single_content .td-spot-id-bottom_ad .tdc-placeholder-title:before{content:'Article Bottom Ad'!important}.tdb_single_content .id_top_ad,.tdb_single_content .id_bottom_ad{clear:both;margin-bottom:21px;text-align:center}.tdb_single_content .id_top_ad img,.tdb_single_content .id_bottom_ad img{margin-bottom:0}.tdb_single_content .id_top_ad .adsbygoogle,.tdb_single_content .id_bottom_ad .adsbygoogle{position:relative}.tdb_single_content .id_ad_content-horiz-left,.tdb_single_content .id_ad_content-horiz-right,.tdb_single_content .id_ad_content-horiz-center{margin-bottom:15px}.tdb_single_content .id_ad_content-horiz-left img,.tdb_single_content .id_ad_content-horiz-right img,.tdb_single_content .id_ad_content-horiz-center img{margin-bottom:0}.tdb_single_content .id_ad_content-horiz-center{text-align:center}.tdb_single_content .id_ad_content-horiz-center img{margin-right:auto;margin-left:auto}.tdb_single_content .id_ad_content-horiz-left{float:left;margin-top:9px;margin-right:21px}.tdb_single_content .id_ad_content-horiz-right{float:right;margin-top:6px;margin-left:21px}.tdb_single_content .tdc-a-ad .tdc-placeholder-title{width:300px;height:250px}.tdb_single_content .tdc-a-ad .tdc-placeholder-title:before{position:absolute;top:50%;-webkit-transform:translateY(-50%);transform:translateY(-50%);margines:auto;display:table;width:100 %}.tdb_single_content .tdb-block-inner.td-fix-index{word-break:break-word}.tdi_48,.tdi_48>p,.tdi_48 .tdb-block-inner>p{font-size:16px!important;line- wysoko\u015b\u0107:1,6!wa\u017cne}.tdi_48 .tdb-block-inner blockquote p{font-style:normal!important}@media (max-width:767px){.tdb_single_content .id_ad_content-horiz-left,.tdb_single_content .id_ad_content-horiz-right,.tdb_single_content .id_ad_content-horiz-center{margin:0 automatyczny 26px auto}}@media (max-width:767px){.tdb_single_content .id_ad_content-horiz-left{margin-right:0}}@media (max-width:767px){.tdb_single_content .id_ad_content-horiz-right{margin -left:0}}@media (max-width:767px){.tdb_single_content .td-a-ad{float:none;text-align:center}.tdb_single_content .td-a-ad img{margin-right:auto;margin-left:auto}. tdb_single_content .tdc-a-ad{float:none}}<\/style>\n<div class=\"tdb-block-inner td-fix-index\">\n<p>\u201eNie zdziwi\u0142em si\u0119, \u017ce Donald Tusk mnie pozywa; By\u0142am zaskoczona, \u017ce \u200b\u200brobi to na tej ok\u0142adce. \u015awiadczy to o braku powagi na stanowisku, kt\u00f3re obecnie sprawuje. Nie rozumie, \u017ce premier nie mo\u017ce pozwa\u0107 za satyr\u0119 \u2013 nie dlatego, \u017ce polityk powinien mie\u0107 grub\u0105 sk\u00f3r\u0119, ani dlatego, \u017ce narusza to wolno\u015b\u0107 s\u0142owa, ale dlatego, \u017ce przynosi to ha\u0144b\u0119 pa\u0144stwu polskiemu. Wyst\u0119puj\u0105c w tym procesie, d\u0105\u017c\u0105c do w\u0142adzy, o\u015bmiesza Polsk\u0119\u201d \u2013 powiedzia\u0142 dzi\u015b podczas swobodnego wyst\u0105pienia przed s\u0105dem Tomasz Sakiewicz, redaktor naczelny \u201eGazety Polskiej\u201d.<\/p>\n<p>W S\u0105dzie Okr\u0119gowym w Warszawie odby\u0142a si\u0119 rozprawa w sprawie z pow\u00f3dztwa Donalda Tuska przeciwko Gazecie Polskiej i Tomaszowi Sakiewiczowi. Sprawa dotyczy kontrowersyjnej ok\u0142adki magazynu z 20 lipca 2022 roku.<\/p>\n<p>Po zeznaniach Tuska stanowisko zaj\u0105\u0142 Sakiewicz. W swoim o\u015bwiadczeniu redaktor okre\u015bli\u0142 sytuacj\u0119 jako \u201eca\u0142kowicie absurdaln\u0105\u201d.<\/p>\n<p>\u201eCo\u015b bardzo szkodliwego wydarzy\u0142o si\u0119 w \u017cyciu publicznym po wypowiedzi premiera na temat katolik\u00f3w \u2013 \u00abJe\u015bli jeste\u015b chrze\u015bcijaninem, nie g\u0142osuj na PiS\u00bb (na ok\u0142adce by\u0142o to stwierdzenie). Otrzymali\u015bmy tysi\u0105ce wiadomo\u015bci SMS, e-maili i telefon\u00f3w od os\u00f3b oburzonych i zasmuconych. To byli ludzie, kt\u00f3rzy uwa\u017cali za g\u0142\u0119boko niesprawiedliwe, \u017ce kto\u015b, kogo program polityczny zawiera znacz\u0105cy sprzeciw wobec ideologii i filozofii chrze\u015bcija\u0144skiej, odmawia innym prawa do wiary i to\u017csamo\u015bci jako katolik\u00f3w\u201d \u2013 stwierdzi\u0142 Sakiewicz.<\/p>\n<p>\u201eBy\u0142o wiele mo\u017cliwo\u015bci reakcji \u2013 poprzez zdecydowany protest, wskazywanie na niestosowno\u015b\u0107, absurdalno\u015b\u0107 i fa\u0142szywo\u015b\u0107 takich twierdze\u0144. Postanowili\u015bmy jednak odpowiedzie\u0107 humorem. Postanowili\u015bmy go o\u015bmieszy\u0107, jak to mia\u0142o miejsce w historii w przypadku groteskowych postaci, kt\u00f3re twierdzi\u0142y, \u017ce dyktuj\u0105 wol\u0119 Bo\u017c\u0105. Wola Bo\u017ca nale\u017cy wy\u0142\u0105cznie do Boga, niezale\u017cnie od pogl\u0105d\u00f3w uczestnik\u00f3w tego sporu. Wi\u0119c zamienili\u015bmy to w satyr\u0119. Ok\u0142adka by\u0142a kompilacj\u0105 cech obserwowanych w sprzecznych ideologiach \u2013 cho\u0107 najmniejsza z nich by\u0142a nazistowska. Tak w\u0142a\u015bnie dzia\u0142a satyra: przesadza do absurdu, ma wywo\u0142a\u0107 \u015bmiech i roz\u0142adowa\u0107 napi\u0119cie\u201d \u2013 doda\u0142.<\/p>\n<p>Sakiewicz zwr\u00f3ci\u0142 tak\u017ce uwag\u0119 na \u201enegatywne emocje, jakie Donald Tusk od lat zaszczepia w polskim \u017cyciu politycznym\u201d.<\/p>\n<p>\u201eZw\u0142aszcza, gdy skrzywdzi\u0142 wiele os\u00f3b, kt\u00f3re nie mog\u0105 uda\u0107 si\u0119 do medi\u00f3w i broni\u0107 swojego prawa do swoich przekona\u0144. Tusk powiedzia\u0142: \u201eJe\u015bli g\u0142osujesz na PiS, nie mo\u017cesz by\u0107 wierz\u0105cy\u201d. Czy kto\u015b mo\u017ce dozna\u0107 g\u0142\u0119bszej krzywdy, zw\u0142aszcza ten, kto ca\u0142e \u017cycie sp\u0119dzi\u0142 w wierze? By\u0107 mo\u017ce dla Tuska wiara jest tylko jednym z wielu \u201epude\u0142ek\u201d, kt\u00f3re ludzie sprawdzaj\u0105. Dla innych wiara jest spraw\u0105 powa\u017cn\u0105 \u2013 stanowi esencj\u0119 ich \u017cycia. Pozbawiaj\u0105c ich tego prawa, wyrz\u0105dza im powa\u017cn\u0105 krzywd\u0119.<\/p>\n<p>\u201eNasz\u0105 reakcj\u0105, cho\u0107 nieproporcjonaln\u0105, by\u0142o wy\u015bmianie go. Szczerze m\u00f3wi\u0105c, bior\u0105c pod uwag\u0119, \u017ce spotka\u0142em si\u0119 z kilkoma procesami ze strony Donalda Tuska, \u017caden inny mnie nie zdziwi\u0142. Zaskakuje mnie to, \u017ce wybra\u0142 t\u0119 spraw\u0119 \u2013 \u017ale \u015bwiadczy to o stanowisku, kt\u00f3re obecnie zajmuje. Premier pozywaj\u0105cy satyr\u0119 kompromituje pa\u0144stwo polskie. Wyst\u0119puj\u0105c z takim pozwem, walcz\u0105c o w\u0142adz\u0119, przynosi wstyd naszemu krajowi\u201d \u2013 \u200b\u200bpodkre\u015bli\u0142 Sakiewicz.<\/p>\n<p><em>Poni\u017cej publikujemy ca\u0142e post\u0119powanie s\u0105dowe w j\u0119zyku polskim:<\/em><\/p>\n<figure class=\"wp-block-embed is-type-video is-provider-youtube wp-block-embed-youtube wp-embed-aspect-16-9 wp-has-aspect-ratio\">\n<div class=\"wp-block-embed__wrapper\">\n<iframe title=\"Proces Sakiewicz kontra Tusk! Sakiewicz: Tusk manipuluje histori\u0105,tak jak manipuluje rzeczywisto\u015bci\u0105\" width=\"1200\" height=\"675\" src=\"https:\/\/www.youtube.com\/embed\/9rKqD6U60Q4?feature=oembed\" frameborder=\"0\" allow=\"accelerometer; autoplay; clipboard-write; encrypted-media; gyroscope; picture-in-picture; web-share\" referrerpolicy=\"strict-origin-when-cross-origin\" allowfullscreen><\/iframe>\n<\/div>\n<\/figure>\n<figure class=\"wp-block-embed is-type-video is-provider-youtube wp-block-embed-youtube wp-embed-aspect-16-9 wp-has-aspect-ratio\">\n<div class=\"wp-block-embed__wrapper\">\n<iframe title=\"Sakiewicz ostro o Tusku! ,,Uwa\u017cam go za cz\u0142owieka, kt\u00f3ry sprzeda\u0142 interesy Polski na rzecz Niemiec&#039;&#039;\" width=\"1200\" height=\"675\" src=\"https:\/\/www.youtube.com\/embed\/Xj4ymDgQFhM?feature=oembed\" frameborder=\"0\" allow=\"accelerometer; autoplay; clipboard-write; encrypted-media; gyroscope; picture-in-picture; web-share\" referrerpolicy=\"strict-origin-when-cross-origin\" allowfullscreen><\/iframe>\n<\/div>\n<\/figure>\n<\/div>\n<\/div>\n","protected":false},"excerpt":{"rendered":"<p>\u201eNie zdziwi\u0142em si\u0119, \u017ce Donald Tusk mnie pozywa; By\u0142am zaskoczona, \u017ce \u200b\u200brobi to na tej ok\u0142adce. \u015awiadczy to o braku<\/p>\n","protected":false},"author":1,"featured_media":2120,"comment_status":"closed","ping_status":"","sticky":false,"template":"","format":"standard","meta":{"footnotes":""},"categories":[44],"tags":[287,3383,3382,3385,3386,487,652,3384,3381,567],"class_list":["post-2119","post","type-post","status-publish","format-standard","has-post-thumbnail","hentry","category-polityka","tag-donalda","tag-gazety","tag-naczelny","tag-osmiesza","tag-panstwo","tag-polskie","tag-polskiej","tag-pozwie","tag-redaktor","tag-tuska","generate-columns","tablet-grid-50","mobile-grid-100","grid-parent","grid-50","resize-featured-image"],"yoast_head":"<!-- This site is optimized with the Yoast SEO plugin v23.2 - https:\/\/yoast.com\/wordpress\/plugins\/seo\/ -->\n<title>Redaktor naczelny \u201eGazety Polskiej\u201d o pozwie Donalda Tuska: \u201eTo o\u015bmiesza pa\u0144stwo polskie\u201d - POGOTOWIE FLAGOWE\u00ae<\/title>\n<meta name=\"robots\" content=\"index, follow, max-snippet:-1, max-image-preview:large, max-video-preview:-1\" \/>\n<link rel=\"canonical\" href=\"https:\/\/www.pogotowieflagowe.pl\/aktualne\/redaktor-naczelny-gazety-polskiej-o-pozwie-donalda-tuska-to-osmiesza-panstwo-polskie\/\" \/>\n<meta property=\"og:locale\" content=\"pl_PL\" \/>\n<meta property=\"og:type\" content=\"article\" \/>\n<meta property=\"og:title\" content=\"Redaktor naczelny \u201eGazety Polskiej\u201d o pozwie Donalda Tuska: \u201eTo o\u015bmiesza pa\u0144stwo polskie\u201d - POGOTOWIE FLAGOWE\u00ae\" \/>\n<meta property=\"og:description\" content=\"\u201eNie zdziwi\u0142em si\u0119, \u017ce Donald Tusk mnie pozywa; By\u0142am zaskoczona, \u017ce \u200b\u200brobi to na tej ok\u0142adce. \u015awiadczy to o braku\" \/>\n<meta property=\"og:url\" content=\"https:\/\/www.pogotowieflagowe.pl\/aktualne\/redaktor-naczelny-gazety-polskiej-o-pozwie-donalda-tuska-to-osmiesza-panstwo-polskie\/\" \/>\n<meta property=\"og:site_name\" content=\"POGOTOWIE FLAGOWE\u00ae\" \/>\n<meta property=\"article:published_time\" content=\"2024-11-30T14:48:45+00:00\" \/>\n<meta property=\"article:modified_time\" content=\"2024-11-30T14:48:47+00:00\" \/>\n<meta property=\"og:image\" content=\"https:\/\/www.pogotowieflagowe.pl\/aktualne\/wp-content\/uploads\/2024\/11\/Redaktor-naczelny-\u201eGazety-Polskiej-o-pozwie-Donalda-Tuska-\u201eTo-osmiesza.jpg\" \/>\n\t<meta property=\"og:image:width\" content=\"1883\" \/>\n\t<meta property=\"og:image:height\" content=\"799\" \/>\n\t<meta property=\"og:image:type\" content=\"image\/jpeg\" \/>\n<meta name=\"author\" content=\"Filip\" \/>\n<meta name=\"twitter:card\" content=\"summary_large_image\" \/>\n<meta name=\"twitter:label1\" content=\"Napisane przez\" \/>\n\t<meta name=\"twitter:data1\" content=\"Filip\" \/>\n\t<meta name=\"twitter:label2\" content=\"Szacowany czas czytania\" \/>\n\t<meta name=\"twitter:data2\" content=\"3 minuty\" \/>\n<script type=\"application\/ld+json\" class=\"yoast-schema-graph\">{\"@context\":\"https:\/\/schema.org\",\"@graph\":[{\"@type\":\"Article\",\"@id\":\"https:\/\/www.pogotowieflagowe.pl\/aktualne\/redaktor-naczelny-gazety-polskiej-o-pozwie-donalda-tuska-to-osmiesza-panstwo-polskie\/#article\",\"isPartOf\":{\"@id\":\"https:\/\/www.pogotowieflagowe.pl\/aktualne\/redaktor-naczelny-gazety-polskiej-o-pozwie-donalda-tuska-to-osmiesza-panstwo-polskie\/\"},\"author\":{\"name\":\"Filip\",\"@id\":\"https:\/\/www.pogotowieflagowe.pl\/aktualne\/#\/schema\/person\/9c2fb7d2362ebf6fa088960d7f0d27b0\"},\"headline\":\"Redaktor naczelny \u201eGazety Polskiej\u201d o pozwie Donalda Tuska: \u201eTo o\u015bmiesza pa\u0144stwo polskie\u201d\",\"datePublished\":\"2024-11-30T14:48:45+00:00\",\"dateModified\":\"2024-11-30T14:48:47+00:00\",\"mainEntityOfPage\":{\"@id\":\"https:\/\/www.pogotowieflagowe.pl\/aktualne\/redaktor-naczelny-gazety-polskiej-o-pozwie-donalda-tuska-to-osmiesza-panstwo-polskie\/\"},\"wordCount\":586,\"publisher\":{\"@id\":\"https:\/\/www.pogotowieflagowe.pl\/aktualne\/#organization\"},\"image\":{\"@id\":\"https:\/\/www.pogotowieflagowe.pl\/aktualne\/redaktor-naczelny-gazety-polskiej-o-pozwie-donalda-tuska-to-osmiesza-panstwo-polskie\/#primaryimage\"},\"thumbnailUrl\":\"https:\/\/www.pogotowieflagowe.pl\/aktualne\/wp-content\/uploads\/2024\/11\/Redaktor-naczelny-\u201eGazety-Polskiej-o-pozwie-Donalda-Tuska-\u201eTo-osmiesza.jpg\",\"keywords\":[\"Donalda\",\"Gazety\",\"naczelny\",\"o\u015bmiesza\",\"pa\u0144stwo\",\"Polskie\",\"polskiej\",\"pozwie\",\"Redaktor\",\"Tuska\"],\"articleSection\":[\"Polityka\"],\"inLanguage\":\"pl-PL\"},{\"@type\":\"WebPage\",\"@id\":\"https:\/\/www.pogotowieflagowe.pl\/aktualne\/redaktor-naczelny-gazety-polskiej-o-pozwie-donalda-tuska-to-osmiesza-panstwo-polskie\/\",\"url\":\"https:\/\/www.pogotowieflagowe.pl\/aktualne\/redaktor-naczelny-gazety-polskiej-o-pozwie-donalda-tuska-to-osmiesza-panstwo-polskie\/\",\"name\":\"Redaktor naczelny \u201eGazety Polskiej\u201d o pozwie Donalda Tuska: \u201eTo o\u015bmiesza pa\u0144stwo polskie\u201d - POGOTOWIE FLAGOWE\u00ae\",\"isPartOf\":{\"@id\":\"https:\/\/www.pogotowieflagowe.pl\/aktualne\/#website\"},\"primaryImageOfPage\":{\"@id\":\"https:\/\/www.pogotowieflagowe.pl\/aktualne\/redaktor-naczelny-gazety-polskiej-o-pozwie-donalda-tuska-to-osmiesza-panstwo-polskie\/#primaryimage\"},\"image\":{\"@id\":\"https:\/\/www.pogotowieflagowe.pl\/aktualne\/redaktor-naczelny-gazety-polskiej-o-pozwie-donalda-tuska-to-osmiesza-panstwo-polskie\/#primaryimage\"},\"thumbnailUrl\":\"https:\/\/www.pogotowieflagowe.pl\/aktualne\/wp-content\/uploads\/2024\/11\/Redaktor-naczelny-\u201eGazety-Polskiej-o-pozwie-Donalda-Tuska-\u201eTo-osmiesza.jpg\",\"datePublished\":\"2024-11-30T14:48:45+00:00\",\"dateModified\":\"2024-11-30T14:48:47+00:00\",\"breadcrumb\":{\"@id\":\"https:\/\/www.pogotowieflagowe.pl\/aktualne\/redaktor-naczelny-gazety-polskiej-o-pozwie-donalda-tuska-to-osmiesza-panstwo-polskie\/#breadcrumb\"},\"inLanguage\":\"pl-PL\",\"potentialAction\":[{\"@type\":\"ReadAction\",\"target\":[\"https:\/\/www.pogotowieflagowe.pl\/aktualne\/redaktor-naczelny-gazety-polskiej-o-pozwie-donalda-tuska-to-osmiesza-panstwo-polskie\/\"]}]},{\"@type\":\"ImageObject\",\"inLanguage\":\"pl-PL\",\"@id\":\"https:\/\/www.pogotowieflagowe.pl\/aktualne\/redaktor-naczelny-gazety-polskiej-o-pozwie-donalda-tuska-to-osmiesza-panstwo-polskie\/#primaryimage\",\"url\":\"https:\/\/www.pogotowieflagowe.pl\/aktualne\/wp-content\/uploads\/2024\/11\/Redaktor-naczelny-\u201eGazety-Polskiej-o-pozwie-Donalda-Tuska-\u201eTo-osmiesza.jpg\",\"contentUrl\":\"https:\/\/www.pogotowieflagowe.pl\/aktualne\/wp-content\/uploads\/2024\/11\/Redaktor-naczelny-\u201eGazety-Polskiej-o-pozwie-Donalda-Tuska-\u201eTo-osmiesza.jpg\",\"width\":1883,\"height\":799,\"caption\":\"Redaktor naczelny \u201eGazety Polskiej\u201d o pozwie Donalda Tuska: \u201eTo o\u015bmiesza pa\u0144stwo polskie\u201d\"},{\"@type\":\"BreadcrumbList\",\"@id\":\"https:\/\/www.pogotowieflagowe.pl\/aktualne\/redaktor-naczelny-gazety-polskiej-o-pozwie-donalda-tuska-to-osmiesza-panstwo-polskie\/#breadcrumb\",\"itemListElement\":[{\"@type\":\"ListItem\",\"position\":1,\"name\":\"Home\",\"item\":\"https:\/\/www.pogotowieflagowe.pl\/aktualne\/\"},{\"@type\":\"ListItem\",\"position\":2,\"name\":\"Redaktor naczelny \u201eGazety Polskiej\u201d o pozwie Donalda Tuska: \u201eTo o\u015bmiesza pa\u0144stwo polskie\u201d\"}]},{\"@type\":\"WebSite\",\"@id\":\"https:\/\/www.pogotowieflagowe.pl\/aktualne\/#website\",\"url\":\"https:\/\/www.pogotowieflagowe.pl\/aktualne\/\",\"name\":\"POGOTOWIE FLAGOWE\u00ae\",\"description\":\"\",\"publisher\":{\"@id\":\"https:\/\/www.pogotowieflagowe.pl\/aktualne\/#organization\"},\"potentialAction\":[{\"@type\":\"SearchAction\",\"target\":{\"@type\":\"EntryPoint\",\"urlTemplate\":\"https:\/\/www.pogotowieflagowe.pl\/aktualne\/?s={search_term_string}\"},\"query-input\":\"required name=search_term_string\"}],\"inLanguage\":\"pl-PL\"},{\"@type\":\"Organization\",\"@id\":\"https:\/\/www.pogotowieflagowe.pl\/aktualne\/#organization\",\"name\":\"POGOTOWIE FLAGOWE\u00ae\",\"url\":\"https:\/\/www.pogotowieflagowe.pl\/aktualne\/\",\"logo\":{\"@type\":\"ImageObject\",\"inLanguage\":\"pl-PL\",\"@id\":\"https:\/\/www.pogotowieflagowe.pl\/aktualne\/#\/schema\/logo\/image\/\",\"url\":\"https:\/\/www.pogotowieflagowe.pl\/aktualne\/wp-content\/uploads\/2024\/08\/cropped-pogotowieflagowe_flaga_projekt_sm.jpg\",\"contentUrl\":\"https:\/\/www.pogotowieflagowe.pl\/aktualne\/wp-content\/uploads\/2024\/08\/cropped-pogotowieflagowe_flaga_projekt_sm.jpg\",\"width\":250,\"height\":143,\"caption\":\"POGOTOWIE FLAGOWE\u00ae\"},\"image\":{\"@id\":\"https:\/\/www.pogotowieflagowe.pl\/aktualne\/#\/schema\/logo\/image\/\"}},{\"@type\":\"Person\",\"@id\":\"https:\/\/www.pogotowieflagowe.pl\/aktualne\/#\/schema\/person\/9c2fb7d2362ebf6fa088960d7f0d27b0\",\"name\":\"Filip\",\"image\":{\"@type\":\"ImageObject\",\"inLanguage\":\"pl-PL\",\"@id\":\"https:\/\/www.pogotowieflagowe.pl\/aktualne\/#\/schema\/person\/image\/\",\"url\":\"https:\/\/www.pogotowieflagowe.pl\/aktualne\/wp-content\/uploads\/2024\/08\/pogotowieflagowe.pl_.jpg\",\"contentUrl\":\"https:\/\/www.pogotowieflagowe.pl\/aktualne\/wp-content\/uploads\/2024\/08\/pogotowieflagowe.pl_.jpg\",\"caption\":\"Filip\"},\"description\":\"Jestem Filip, polski dziennikarz z dyplomem nauk politycznych Uniwersytetu Warszawskiego. Rozpoczynaj\u0105c swoj\u0105 karier\u0119 w r\u00f3\u017cnych lokalnych mediach, zdoby\u0142em solidne do\u015bwiadczenie w zakresie \u015bledztwa i redakcji. Obecnie jako redaktor w Pogotowie flagowe, staram si\u0119 dostarcza\u0107 dog\u0142\u0119bne i istotne analizy na temat najwa\u017cniejszych kwestii aktualno\u015bci, \u0142\u0105cz\u0105c rygor z pasj\u0105 dziennikarsk\u0105.\",\"sameAs\":[\"https:\/\/www.pogotowieflagowe.pl\/\"]}]}<\/script>\n<!-- \/ Yoast SEO plugin. -->","yoast_head_json":{"title":"Redaktor naczelny \u201eGazety Polskiej\u201d o pozwie Donalda Tuska: \u201eTo o\u015bmiesza pa\u0144stwo polskie\u201d - POGOTOWIE FLAGOWE\u00ae","robots":{"index":"index","follow":"follow","max-snippet":"max-snippet:-1","max-image-preview":"max-image-preview:large","max-video-preview":"max-video-preview:-1"},"canonical":"https:\/\/www.pogotowieflagowe.pl\/aktualne\/redaktor-naczelny-gazety-polskiej-o-pozwie-donalda-tuska-to-osmiesza-panstwo-polskie\/","og_locale":"pl_PL","og_type":"article","og_title":"Redaktor naczelny \u201eGazety Polskiej\u201d o pozwie Donalda Tuska: \u201eTo o\u015bmiesza pa\u0144stwo polskie\u201d - POGOTOWIE FLAGOWE\u00ae","og_description":"\u201eNie zdziwi\u0142em si\u0119, \u017ce Donald Tusk mnie pozywa; By\u0142am zaskoczona, \u017ce \u200b\u200brobi to na tej ok\u0142adce. \u015awiadczy to o braku","og_url":"https:\/\/www.pogotowieflagowe.pl\/aktualne\/redaktor-naczelny-gazety-polskiej-o-pozwie-donalda-tuska-to-osmiesza-panstwo-polskie\/","og_site_name":"POGOTOWIE FLAGOWE\u00ae","article_published_time":"2024-11-30T14:48:45+00:00","article_modified_time":"2024-11-30T14:48:47+00:00","og_image":[{"width":1883,"height":799,"url":"https:\/\/www.pogotowieflagowe.pl\/aktualne\/wp-content\/uploads\/2024\/11\/Redaktor-naczelny-\u201eGazety-Polskiej-o-pozwie-Donalda-Tuska-\u201eTo-osmiesza.jpg","type":"image\/jpeg"}],"author":"Filip","twitter_card":"summary_large_image","twitter_misc":{"Napisane przez":"Filip","Szacowany czas czytania":"3 minuty"},"schema":{"@context":"https:\/\/schema.org","@graph":[{"@type":"Article","@id":"https:\/\/www.pogotowieflagowe.pl\/aktualne\/redaktor-naczelny-gazety-polskiej-o-pozwie-donalda-tuska-to-osmiesza-panstwo-polskie\/#article","isPartOf":{"@id":"https:\/\/www.pogotowieflagowe.pl\/aktualne\/redaktor-naczelny-gazety-polskiej-o-pozwie-donalda-tuska-to-osmiesza-panstwo-polskie\/"},"author":{"name":"Filip","@id":"https:\/\/www.pogotowieflagowe.pl\/aktualne\/#\/schema\/person\/9c2fb7d2362ebf6fa088960d7f0d27b0"},"headline":"Redaktor naczelny \u201eGazety Polskiej\u201d o pozwie Donalda Tuska: \u201eTo o\u015bmiesza pa\u0144stwo polskie\u201d","datePublished":"2024-11-30T14:48:45+00:00","dateModified":"2024-11-30T14:48:47+00:00","mainEntityOfPage":{"@id":"https:\/\/www.pogotowieflagowe.pl\/aktualne\/redaktor-naczelny-gazety-polskiej-o-pozwie-donalda-tuska-to-osmiesza-panstwo-polskie\/"},"wordCount":586,"publisher":{"@id":"https:\/\/www.pogotowieflagowe.pl\/aktualne\/#organization"},"image":{"@id":"https:\/\/www.pogotowieflagowe.pl\/aktualne\/redaktor-naczelny-gazety-polskiej-o-pozwie-donalda-tuska-to-osmiesza-panstwo-polskie\/#primaryimage"},"thumbnailUrl":"https:\/\/www.pogotowieflagowe.pl\/aktualne\/wp-content\/uploads\/2024\/11\/Redaktor-naczelny-\u201eGazety-Polskiej-o-pozwie-Donalda-Tuska-\u201eTo-osmiesza.jpg","keywords":["Donalda","Gazety","naczelny","o\u015bmiesza","pa\u0144stwo","Polskie","polskiej","pozwie","Redaktor","Tuska"],"articleSection":["Polityka"],"inLanguage":"pl-PL"},{"@type":"WebPage","@id":"https:\/\/www.pogotowieflagowe.pl\/aktualne\/redaktor-naczelny-gazety-polskiej-o-pozwie-donalda-tuska-to-osmiesza-panstwo-polskie\/","url":"https:\/\/www.pogotowieflagowe.pl\/aktualne\/redaktor-naczelny-gazety-polskiej-o-pozwie-donalda-tuska-to-osmiesza-panstwo-polskie\/","name":"Redaktor naczelny \u201eGazety Polskiej\u201d o pozwie Donalda Tuska: \u201eTo o\u015bmiesza pa\u0144stwo polskie\u201d - POGOTOWIE FLAGOWE\u00ae","isPartOf":{"@id":"https:\/\/www.pogotowieflagowe.pl\/aktualne\/#website"},"primaryImageOfPage":{"@id":"https:\/\/www.pogotowieflagowe.pl\/aktualne\/redaktor-naczelny-gazety-polskiej-o-pozwie-donalda-tuska-to-osmiesza-panstwo-polskie\/#primaryimage"},"image":{"@id":"https:\/\/www.pogotowieflagowe.pl\/aktualne\/redaktor-naczelny-gazety-polskiej-o-pozwie-donalda-tuska-to-osmiesza-panstwo-polskie\/#primaryimage"},"thumbnailUrl":"https:\/\/www.pogotowieflagowe.pl\/aktualne\/wp-content\/uploads\/2024\/11\/Redaktor-naczelny-\u201eGazety-Polskiej-o-pozwie-Donalda-Tuska-\u201eTo-osmiesza.jpg","datePublished":"2024-11-30T14:48:45+00:00","dateModified":"2024-11-30T14:48:47+00:00","breadcrumb":{"@id":"https:\/\/www.pogotowieflagowe.pl\/aktualne\/redaktor-naczelny-gazety-polskiej-o-pozwie-donalda-tuska-to-osmiesza-panstwo-polskie\/#breadcrumb"},"inLanguage":"pl-PL","potentialAction":[{"@type":"ReadAction","target":["https:\/\/www.pogotowieflagowe.pl\/aktualne\/redaktor-naczelny-gazety-polskiej-o-pozwie-donalda-tuska-to-osmiesza-panstwo-polskie\/"]}]},{"@type":"ImageObject","inLanguage":"pl-PL","@id":"https:\/\/www.pogotowieflagowe.pl\/aktualne\/redaktor-naczelny-gazety-polskiej-o-pozwie-donalda-tuska-to-osmiesza-panstwo-polskie\/#primaryimage","url":"https:\/\/www.pogotowieflagowe.pl\/aktualne\/wp-content\/uploads\/2024\/11\/Redaktor-naczelny-\u201eGazety-Polskiej-o-pozwie-Donalda-Tuska-\u201eTo-osmiesza.jpg","contentUrl":"https:\/\/www.pogotowieflagowe.pl\/aktualne\/wp-content\/uploads\/2024\/11\/Redaktor-naczelny-\u201eGazety-Polskiej-o-pozwie-Donalda-Tuska-\u201eTo-osmiesza.jpg","width":1883,"height":799,"caption":"Redaktor naczelny \u201eGazety Polskiej\u201d o pozwie Donalda Tuska: \u201eTo o\u015bmiesza pa\u0144stwo polskie\u201d"},{"@type":"BreadcrumbList","@id":"https:\/\/www.pogotowieflagowe.pl\/aktualne\/redaktor-naczelny-gazety-polskiej-o-pozwie-donalda-tuska-to-osmiesza-panstwo-polskie\/#breadcrumb","itemListElement":[{"@type":"ListItem","position":1,"name":"Home","item":"https:\/\/www.pogotowieflagowe.pl\/aktualne\/"},{"@type":"ListItem","position":2,"name":"Redaktor naczelny \u201eGazety Polskiej\u201d o pozwie Donalda Tuska: \u201eTo o\u015bmiesza pa\u0144stwo polskie\u201d"}]},{"@type":"WebSite","@id":"https:\/\/www.pogotowieflagowe.pl\/aktualne\/#website","url":"https:\/\/www.pogotowieflagowe.pl\/aktualne\/","name":"POGOTOWIE FLAGOWE\u00ae","description":"","publisher":{"@id":"https:\/\/www.pogotowieflagowe.pl\/aktualne\/#organization"},"potentialAction":[{"@type":"SearchAction","target":{"@type":"EntryPoint","urlTemplate":"https:\/\/www.pogotowieflagowe.pl\/aktualne\/?s={search_term_string}"},"query-input":"required name=search_term_string"}],"inLanguage":"pl-PL"},{"@type":"Organization","@id":"https:\/\/www.pogotowieflagowe.pl\/aktualne\/#organization","name":"POGOTOWIE FLAGOWE\u00ae","url":"https:\/\/www.pogotowieflagowe.pl\/aktualne\/","logo":{"@type":"ImageObject","inLanguage":"pl-PL","@id":"https:\/\/www.pogotowieflagowe.pl\/aktualne\/#\/schema\/logo\/image\/","url":"https:\/\/www.pogotowieflagowe.pl\/aktualne\/wp-content\/uploads\/2024\/08\/cropped-pogotowieflagowe_flaga_projekt_sm.jpg","contentUrl":"https:\/\/www.pogotowieflagowe.pl\/aktualne\/wp-content\/uploads\/2024\/08\/cropped-pogotowieflagowe_flaga_projekt_sm.jpg","width":250,"height":143,"caption":"POGOTOWIE FLAGOWE\u00ae"},"image":{"@id":"https:\/\/www.pogotowieflagowe.pl\/aktualne\/#\/schema\/logo\/image\/"}},{"@type":"Person","@id":"https:\/\/www.pogotowieflagowe.pl\/aktualne\/#\/schema\/person\/9c2fb7d2362ebf6fa088960d7f0d27b0","name":"Filip","image":{"@type":"ImageObject","inLanguage":"pl-PL","@id":"https:\/\/www.pogotowieflagowe.pl\/aktualne\/#\/schema\/person\/image\/","url":"https:\/\/www.pogotowieflagowe.pl\/aktualne\/wp-content\/uploads\/2024\/08\/pogotowieflagowe.pl_.jpg","contentUrl":"https:\/\/www.pogotowieflagowe.pl\/aktualne\/wp-content\/uploads\/2024\/08\/pogotowieflagowe.pl_.jpg","caption":"Filip"},"description":"Jestem Filip, polski dziennikarz z dyplomem nauk politycznych Uniwersytetu Warszawskiego. Rozpoczynaj\u0105c swoj\u0105 karier\u0119 w r\u00f3\u017cnych lokalnych mediach, zdoby\u0142em solidne do\u015bwiadczenie w zakresie \u015bledztwa i redakcji. Obecnie jako redaktor w Pogotowie flagowe, staram si\u0119 dostarcza\u0107 dog\u0142\u0119bne i istotne analizy na temat najwa\u017cniejszych kwestii aktualno\u015bci, \u0142\u0105cz\u0105c rygor z pasj\u0105 dziennikarsk\u0105.","sameAs":["https:\/\/www.pogotowieflagowe.pl\/"]}]}},"_links":{"self":[{"href":"https:\/\/www.pogotowieflagowe.pl\/aktualne\/wp-json\/wp\/v2\/posts\/2119","targetHints":{"allow":["GET"]}}],"collection":[{"href":"https:\/\/www.pogotowieflagowe.pl\/aktualne\/wp-json\/wp\/v2\/posts"}],"about":[{"href":"https:\/\/www.pogotowieflagowe.pl\/aktualne\/wp-json\/wp\/v2\/types\/post"}],"author":[{"embeddable":true,"href":"https:\/\/www.pogotowieflagowe.pl\/aktualne\/wp-json\/wp\/v2\/users\/1"}],"replies":[{"embeddable":true,"href":"https:\/\/www.pogotowieflagowe.pl\/aktualne\/wp-json\/wp\/v2\/comments?post=2119"}],"version-history":[{"count":1,"href":"https:\/\/www.pogotowieflagowe.pl\/aktualne\/wp-json\/wp\/v2\/posts\/2119\/revisions"}],"predecessor-version":[{"id":2121,"href":"https:\/\/www.pogotowieflagowe.pl\/aktualne\/wp-json\/wp\/v2\/posts\/2119\/revisions\/2121"}],"wp:featuredmedia":[{"embeddable":true,"href":"https:\/\/www.pogotowieflagowe.pl\/aktualne\/wp-json\/wp\/v2\/media\/2120"}],"wp:attachment":[{"href":"https:\/\/www.pogotowieflagowe.pl\/aktualne\/wp-json\/wp\/v2\/media?parent=2119"}],"wp:term":[{"taxonomy":"category","embeddable":true,"href":"https:\/\/www.pogotowieflagowe.pl\/aktualne\/wp-json\/wp\/v2\/categories?post=2119"},{"taxonomy":"post_tag","embeddable":true,"href":"https:\/\/www.pogotowieflagowe.pl\/aktualne\/wp-json\/wp\/v2\/tags?post=2119"}],"curies":[{"name":"wp","href":"https:\/\/api.w.org\/{rel}","templated":true}]}}